{"id":17500,"date":"2023-07-10T15:59:45","date_gmt":"2023-07-10T15:59:45","guid":{"rendered":"https:\/\/www.dmsjuridica.com\/buscador_20179478954\/legislacion\/decretos\/2023\/07\/10\/decreto-2423-de-1985\/"},"modified":"2023-07-10T15:59:45","modified_gmt":"2023-07-10T15:59:45","slug":"decreto-2423-de-1985","status":"publish","type":"post","link":"https:\/\/www.dmsjuridica.com\/buscador_20179478954\/legislacion\/decretos\/2023\/07\/10\/decreto-2423-de-1985\/","title":{"rendered":"DECRETO 2423 DE 1985"},"content":{"rendered":"\n<p style=\"margin-top: 0; margin-bottom: 0\" align=\"justify\">DECRETO 2423 DE 1985 \u00a0 \u00a0<\/p>\n<p style=\"margin-top: 0; margin-bottom: 0\" align=\"justify\">(agosto 28) \u00a0 \u00a0<\/p>\n<p style=\"margin-top: 0; margin-bottom: 0\" align=\"justify\">\u00a0 \u00a0 \u00a0<\/p>\n<p style=\"margin-top: 0; margin-bottom: 0\" align=\"justify\">Por el cual se crea \u00a0un cargo y se hace un nombramiento. \u00a0 \u00a0<\/p>\n<p style=\"margin-top: 0; margin-bottom: 0\" align=\"justify\">\u00a0 \u00a0 \u00a0<\/p>\n<p style=\"margin-top: 0; margin-bottom: 0\" align=\"justify\">El Presidente de la Rep\u00fablica de \u00a0Colombia, en uso de sus facultades legales, \u00a0 \u00a0<\/p>\n<p style=\"margin-top: 0; margin-bottom: 0\" align=\"justify\">\u00a0 \u00a0 \u00a0<\/p>\n<p style=\"margin-top: 0; margin-bottom: 0\" align=\"justify\">\u00a0 \u00a0 \u00a0<\/p>\n<p style=\"margin-top: 0; margin-bottom: 0\" align=\"justify\">DECRETA: \u00a0 \u00a0<\/p>\n<p style=\"margin-top: 0; margin-bottom: 0\" align=\"justify\">\u00a0 \u00a0 \u00a0<\/p>\n<p style=\"margin-top: 0; margin-bottom: 0\" align=\"justify\">Art\u00edculo 1\u00ba Cr\u00e9ase el cargo de \u00a0Agregado Civil Ad Honorem en la Embajada de Colombia ante el Gobierno de la \u00a0Rep\u00fablica Argentina y n\u00f3mbrase para desempe\u00f1arlo a la se\u00f1orita Carmen Alicia \u00a0Bustamante Jaramillo, identificada con la c\u00e9dula de ciudadan\u00eda n\u00famero 28844014 \u00a0de Melgar (Tolima) . \u00a0 \u00a0<\/p>\n<p style=\"margin-top: 0; margin-bottom: 0\" align=\"justify\">\u00a0 \u00a0 \u00a0<\/p>\n<p style=\"margin-top: 0; margin-bottom: 0\" align=\"justify\">Art\u00edculo 2\u00b0 Este Decreto rige a \u00a0partir de la fecha de su publicaci\u00f3n \u00a0 \u00a0<\/p>\n<p style=\"margin-top: 0; margin-bottom: 0\" align=\"justify\">\u00a0 \u00a0 \u00a0<\/p>\n<p style=\"margin-top: 0; margin-bottom: 0\" align=\"justify\">Publ\u00edquese, \u00a0comun\u00edquese y c\u00famplase. \u00a0 \u00a0<\/p>\n<p style=\"margin-top: 0; margin-bottom: 0\" align=\"justify\">\u00a0 \u00a0 \u00a0<\/p>\n<p style=\"margin-top: 0; margin-bottom: 0\" align=\"justify\">Dado \u00a0en Bogot\u00e1, D. E., a 28 de agosto de 1985. \u00a0 \u00a0<\/p>\n<p style=\"margin-top: 0; margin-bottom: 0\" align=\"justify\">\u00a0 \u00a0 \u00a0<\/p>\n<p style=\"margin-top: 0; margin-bottom: 0\" align=\"justify\">BELISARIO BETANCUR \u00a0 \u00a0<\/p>\n<p style=\"margin-top: 0; margin-bottom: 0\" align=\"justify\">\u00a0 \u00a0 \u00a0<\/p>\n<p style=\"margin-top: 0; margin-bottom: 0\" align=\"justify\">El \u00a0Ministro de Relaciones Exteriores, \u00a0 \u00a0<\/p>\n<p style=\"margin-top: 0; margin-bottom: 0\" align=\"justify\">AUGUSTO RAMIREZ OCAMPO. \u00a0 \u00a0 \u00a0 \u00a0 \u00a0<\/p>\n<p style=\"margin-top: 0; margin-bottom: 0\" align=\"justify\"><\/p>\n","protected":false},"excerpt":{"rendered":"<p>DECRETO 2423 DE 1985 \u00a0 \u00a0 (agosto 28) \u00a0 \u00a0 \u00a0 \u00a0 \u00a0 Por el cual se crea \u00a0un cargo y se hace un nombramiento. \u00a0 \u00a0 \u00a0 \u00a0 \u00a0 El Presidente de la Rep\u00fablica de \u00a0Colombia, en uso de sus facultades legales, \u00a0 \u00a0 \u00a0 \u00a0 \u00a0 \u00a0 \u00a0 \u00a0 DECRETA: \u00a0 \u00a0 \u00a0 [&hellip;]<\/p>\n","protected":false},"author":1,"featured_media":0,"comment_status":"open","ping_status":"open","sticky":false,"template":"","format":"standard","meta":{"footnotes":""},"categories":[28],"tags":[],"class_list":["post-17500","post","type-post","status-publish","format-standard","hentry","category-decretos-1985"],"_links":{"self":[{"href":"https:\/\/www.dmsjuridica.com\/buscador_20179478954\/legislacion\/decretos\/wp-json\/wp\/v2\/posts\/17500","targetHints":{"allow":["GET"]}}],"collection":[{"href":"https:\/\/www.dmsjuridica.com\/buscador_20179478954\/legislacion\/decretos\/wp-json\/wp\/v2\/posts"}],"about":[{"href":"https:\/\/www.dmsjuridica.com\/buscador_20179478954\/legislacion\/decretos\/wp-json\/wp\/v2\/types\/post"}],"author":[{"embeddable":true,"href":"https:\/\/www.dmsjuridica.com\/buscador_20179478954\/legislacion\/decretos\/wp-json\/wp\/v2\/users\/1"}],"replies":[{"embeddable":true,"href":"https:\/\/www.dmsjuridica.com\/buscador_20179478954\/legislacion\/decretos\/wp-json\/wp\/v2\/comments?post=17500"}],"version-history":[{"count":0,"href":"https:\/\/www.dmsjuridica.com\/buscador_20179478954\/legislacion\/decretos\/wp-json\/wp\/v2\/posts\/17500\/revisions"}],"wp:attachment":[{"href":"https:\/\/www.dmsjuridica.com\/buscador_20179478954\/legislacion\/decretos\/wp-json\/wp\/v2\/media?parent=17500"}],"wp:term":[{"taxonomy":"category","embeddable":true,"href":"https:\/\/www.dmsjuridica.com\/buscador_20179478954\/legislacion\/decretos\/wp-json\/wp\/v2\/categories?post=17500"},{"taxonomy":"post_tag","embeddable":true,"href":"https:\/\/www.dmsjuridica.com\/buscador_20179478954\/legislacion\/decretos\/wp-json\/wp\/v2\/tags?post=17500"}],"curies":[{"name":"wp","href":"https:\/\/api.w.org\/{rel}","templated":true}]}}