{"id":19224,"date":"2023-07-10T19:53:45","date_gmt":"2023-07-10T19:53:45","guid":{"rendered":"https:\/\/www.dmsjuridica.com\/buscador_20179478954\/legislacion\/decretos\/2023\/07\/10\/decreto-2200-de-1988\/"},"modified":"2023-07-10T19:53:45","modified_gmt":"2023-07-10T19:53:45","slug":"decreto-2200-de-1988","status":"publish","type":"post","link":"https:\/\/www.dmsjuridica.com\/buscador_20179478954\/legislacion\/decretos\/2023\/07\/10\/decreto-2200-de-1988\/","title":{"rendered":"DECRETO 2200 DE 1988"},"content":{"rendered":"\n<p style=\"margin-top: 0; margin-bottom: 0\" align=\"justify\">DECRETO 2200 DE 1988 \u00a0 \u00a0<\/p>\n<p style=\"margin-top: 0; margin-bottom: 0\" align=\"justify\">(octubre 25) \u00a0 \u00a0<\/p>\n<p style=\"margin-top: 0; margin-bottom: 0\" align=\"justify\">\u00a0 \u00a0 \u00a0<\/p>\n<p style=\"margin-top: 0; margin-bottom: 0\" align=\"justify\">Por el cual se dictan unas medidas tendientes a la \u00a0preservaci\u00f3n del orden publico. \u00a0 \u00a0<\/p>\n<p style=\"margin-top: 0; margin-bottom: 0\" align=\"justify\">\u00a0 \u00a0 \u00a0<\/p>\n<p style=\"margin-top: 0; margin-bottom: 0\" align=\"justify\">Nota: Derogado por el Decreto 2620 de 1988, \u00a0art\u00edculo 1\u00ba. \u00a0 \u00a0<\/p>\n<p style=\"margin-top: 0; margin-bottom: 0\" align=\"justify\">\u00a0 \u00a0 \u00a0<\/p>\n<p style=\"margin-top: 0; margin-bottom: 0\" align=\"justify\">El Presidente de la \u00a0Rep\u00fablica de Colombia, en ejercicio de las facultades que le confiere el \u00a0art\u00edculo 121 de la Constituci\u00f3n Nacional y en desarrollo del Decreto 1038 de 1984, \u00a0y \u00a0 \u00a0<\/p>\n<p style=\"margin-top: 0; margin-bottom: 0\" align=\"justify\">\u00a0 \u00a0 \u00a0<\/p>\n<p style=\"margin-top: 0; margin-bottom: 0\" align=\"justify\">CONSIDERANDO: \u00a0 \u00a0<\/p>\n<p style=\"margin-top: 0; margin-bottom: 0\" align=\"justify\">\u00a0 \u00a0 \u00a0<\/p>\n<p style=\"margin-top: 0; margin-bottom: 0\" align=\"justify\">Que la declaratoria y realizaci\u00f3n \u00a0de cualquier tipo de cese de actividades al margen de la ley, son hechos \u00a0susceptibles de producir la desvertebraci\u00f3n del \u00a0r\u00e9gimen republicano vigente y son adem\u00e1s atentatorios contra el funcionamiento \u00a0y preservaci\u00f3n del orden democr\u00e1tico propio de todo Estado de Derecho; \u00a0 \u00a0<\/p>\n<p style=\"margin-top: 0; margin-bottom: 0\" align=\"justify\">Que es prohibido a las \u00a0personas ordenar, promover o apoyar cese de actividades al margen de la ley, o \u00a0patrocinar actos de violencia; \u00a0 \u00a0<\/p>\n<p style=\"margin-top: 0; margin-bottom: 0\" align=\"justify\">Que las anteriores \u00a0conductas s\u00f3lo buscan quebrantar la paz y tranquilidad ciudadanas y subvertir \u00a0el orden p\u00fablico; \u00a0 \u00a0<\/p>\n<p style=\"margin-top: 0; margin-bottom: 0\" align=\"justify\">Que es deber \u00a0primordial del Gobierno preservar la seguridad colectiva e individual y \u00a0restablecer el orden cuando estuviere quebrantado, mediante el empleo de los \u00a0medios previstos en la Constituci\u00f3n para mantener la vigencia de las instituciones \u00a0que ella misma consagra. \u00a0 \u00a0<\/p>\n<p style=\"margin-top: 0; margin-bottom: 0\" align=\"justify\">\u00a0 \u00a0 \u00a0<\/p>\n<p style=\"margin-top: 0; margin-bottom: 0\" align=\"justify\">DECRETA: \u00a0 \u00a0<\/p>\n<p style=\"margin-top: 0; margin-bottom: 0\" align=\"justify\">\u00a0 \u00a0 \u00a0<\/p>\n<p style=\"margin-top: 0; margin-bottom: 0\" align=\"justify\">Art\u00edculo 1\u00b0 Mientras \u00a0subsista el actual estado de sitio, quienes organicen, dirijan, promuevan, \u00a0fomenten o estimulen en cualquier forma al margen de la ley el cese total o \u00a0parcial continuo o escalonado, de las actividades normales de car\u00e1cter laboral o de cualquier otro orden, incurrir\u00e1n en \u00a0arresto de treinta (30) a ciento ochenta (180) d\u00edas, que impondr\u00e1n los \u00a0Gobernadores, Intendentes, Comisarios y Alcaldes, mediante resoluci\u00f3n motivada. \u00a0(Nota: El aparte resaltado fue declarado \u00a0inconstitucional por la Corte Suprema de Justicia en Sentencia No. 1 del 19 de \u00a0enero de 1989. Exp. 1873.). \u00a0 \u00a0<\/p>\n<p style=\"margin-top: 0; margin-bottom: 0\" align=\"justify\">\u00a0 \u00a0 \u00a0<\/p>\n<p style=\"margin-top: 0; margin-bottom: 0\" align=\"justify\">Art\u00edculo 2\u00b0 Constituir\u00e1 \u00a0justa causa de terminaci\u00f3n de los contratos de trabajo, el haber sido \u00a0sancionado conforme al presente Decreto. \u00a0 \u00a0<\/p>\n<p style=\"margin-top: 0; margin-bottom: 0\" align=\"justify\">\u00a0 \u00a0 \u00a0<\/p>\n<p style=\"margin-top: 0; margin-bottom: 0\" align=\"justify\">Art\u00edculo 3\u00b0 Los empleados \u00a0p\u00fablicos que organicen, dirijan, promuevan, fomenten, estimulen o participen en \u00a0cualquier forma al margen de la ley en el cese total o parcial, continuo o \u00a0escalonado de las actividades normales de car\u00e1cter laboral o de \u00a0cualquier otro orden, se les aplicar\u00e1 la sanci\u00f3n establecida en \u00a0el art\u00edculo 15 de la Ley 13 de 1984. (Nota: El aparte resaltado fue declarado \u00a0inconstitucional por la Corte Suprema de Justicia en Sentencia No. 1 del 19 de \u00a0enero de 1989. Exp. 1873.). \u00a0 \u00a0<\/p>\n<p style=\"margin-top: 0; margin-bottom: 0\" align=\"justify\">\u00a0 \u00a0 \u00a0<\/p>\n<p style=\"margin-top: 0; margin-bottom: 0\" align=\"justify\">Art\u00edculo 4\u00b0 Constituir\u00e1 \u00a0causal de terminaci\u00f3n de los contratos de trabajo y de prestaci\u00f3n de servicios, \u00a0celebrados por entidades p\u00fablicas del orden nacional, departamental, municipal, \u00a0intendencial y comisarial, \u00a0incluidas las descentralizadas, con particulares, la participaci\u00f3n del \u00a0trabajador o del contratista en cualquiera de los hechos determinados en el \u00a0art\u00edculo 1\u00b0 \u00a0de este Decreto. \u00a0 \u00a0<\/p>\n<p style=\"margin-top: 0; margin-bottom: 0\" align=\"justify\">\u00a0 \u00a0 \u00a0<\/p>\n<p style=\"margin-top: 0; margin-bottom: 0\" align=\"justify\">Art\u00edculo 5\u00b0 Para la aplicaci\u00f3n \u00a0de las sanciones a que se refiere el presente Decreto, se observar\u00e1 el \u00a0siguiente procedimiento: \u00a0 \u00a0<\/p>\n<p style=\"margin-top: 0; margin-bottom: 0\" align=\"justify\">a) Se pondr\u00e1 en \u00a0conocimiento del inculpado o infractor, el contenido del acta elaborada por el \u00a0Inspector del Trabajo; \u00a0 \u00a0<\/p>\n<p style=\"margin-top: 0; margin-bottom: 0\" align=\"justify\">b) Se oir\u00e1 en \u00a0descargos al inculpado o infractor, dentro de las veinticuatro (24) horas \u00a0siguientes al conocimiento de los hechos. \u00a0 \u00a0<\/p>\n<p style=\"margin-top: 0; margin-bottom: 0\" align=\"justify\">A partir del d\u00eda \u00a0siguiente al de esta diligencia, empezar\u00e1 a correr un t\u00e9rmino de cuatro (4) d\u00edas \u00a0para practicar las pruebas que hubieren sido solicitadas por el imputado u \u00a0ordenadas por el funcionario. \u00a0 \u00a0<\/p>\n<p style=\"margin-top: 0; margin-bottom: 0\" align=\"justify\">c) Si dentro de las \u00a0veinticuatro (24) horas siguientes al conocimiento de los hechos no hubiere \u00a0sido posible o\u00edr en descargos al contraventor por no haber comparecido, se le \u00a0emplazar\u00e1 por edicto que permanecer\u00e1 fijado durante dos (2) d\u00edas en la \u00a0ayudant\u00eda del comando de estaci\u00f3n de polic\u00eda, o secretar\u00eda de la alcald\u00eda o \u00a0Inspecci\u00f3n de Polic\u00eda, seg\u00fan el caso. \u00a0 \u00a0<\/p>\n<p style=\"margin-top: 0; margin-bottom: 0\" align=\"justify\">Si vencido el plazo no \u00a0compareciere, se le declarar\u00e1 contraventor ausente y se le nombrar\u00e1 defensor de \u00a0oficio para que act\u00fae hasta la terminaci\u00f3n del proceso; \u00a0 \u00a0<\/p>\n<p style=\"margin-top: 0; margin-bottom: 0\" align=\"justify\">d) Transcurridos los \u00a0anteriores t\u00e9rminos, se dictar\u00e1 la correspondiente resoluci\u00f3n motivada, en la \u00a0cual se har\u00e1 constar la identificaci\u00f3n del contraventor, el hecho que se le \u00a0imputa, la sanci\u00f3n que se le impone y el lugar donde deba cumplirla, si se le \u00a0declara responsable; o se le exonerar\u00e1 del cargo imputable, en cuyo caso, si \u00a0estuviese capturado, ser\u00e1 puesto inmediatamente en libertad. \u00a0 \u00a0<\/p>\n<p style=\"margin-top: 0; margin-bottom: 0\" align=\"justify\">Los t\u00e9rminos fijados \u00a0en este art\u00edculo se ampliar\u00e1n hasta el doble si los contraventores fueren cinco \u00a0(5) o m\u00e1s. \u00a0 \u00a0<\/p>\n<p style=\"margin-top: 0; margin-bottom: 0\" align=\"justify\">\u00a0 \u00a0 \u00a0<\/p>\n<p style=\"margin-top: 0; margin-bottom: 0\" align=\"justify\">Art\u00edculo 6\u00b0 La resoluci\u00f3n a \u00a0que se refiere el art\u00edculo anterior ser\u00e1 notificada personalmente al \u00a0contraventor o al defensor de oficio, seg\u00fan el caso, y contra ella solamente \u00a0proceder\u00e1 el recurso de reposici\u00f3n, el cual debe ser interpuesto dentro de las \u00a0veinticuatro (24) horas siguientes a la notificaci\u00f3n y resuelto dentro del \u00a0subsiguiente d\u00eda. \u00a0 \u00a0<\/p>\n<p style=\"margin-top: 0; margin-bottom: 0\" align=\"justify\">Cuando las \u00a0circunstancias de orden p\u00fablico lo permitan, el funcionario que impuso la \u00a0sanci\u00f3n podr\u00e1, en cualquier tiempo de oficio o a petici\u00f3n de parte, revocar la \u00a0medida adoptada. \u00a0 \u00a0<\/p>\n<p style=\"margin-top: 0; margin-bottom: 0\" align=\"justify\">\u00a0 \u00a0 \u00a0<\/p>\n<p style=\"margin-top: 0; margin-bottom: 0\" align=\"justify\">Art\u00edculo 7\u00b0 Este Decreto \u00a0rige desde su publicaci\u00f3n y suspende las disposiciones que le sean contrarias. \u00a0 \u00a0<\/p>\n<p style=\"margin-top: 0; margin-bottom: 0\" align=\"justify\">\u00a0 \u00a0 \u00a0<\/p>\n<p style=\"margin-top: 0; margin-bottom: 0\" align=\"justify\">Publ\u00edquese y c\u00famplase. \u00a0 \u00a0<\/p>\n<p style=\"margin-top: 0; margin-bottom: 0\" align=\"justify\">Dado en Bogot\u00e1, D. E., \u00a0a 25 de octubre de 1988. \u00a0 \u00a0<\/p>\n<p style=\"margin-top: 0; margin-bottom: 0\" align=\"justify\">\u00a0 \u00a0 \u00a0<\/p>\n<p style=\"margin-top: 0; margin-bottom: 0\" align=\"justify\">VIRGILIO BARCO \u00a0 \u00a0<\/p>\n<p style=\"margin-top: 0; margin-bottom: 0\" align=\"justify\">\u00a0 \u00a0 \u00a0<\/p>\n<p style=\"margin-top: 0; margin-bottom: 0\" align=\"justify\">El Ministro de \u00a0Gobierno, CESAR GAVIRIA TRUJILLO. El Ministro de Relaciones Exteriores, JULIO \u00a0LONDO\u00d1O PAREDES. El Ministro de Trabajo y Seguridad Social, encargado de las \u00a0funciones del Despacho del Ministro de Justicia, JUAN MARTIN \u00a0CAICEDO FERRER. El Ministro de Hacienda y Cr\u00e9dito P\u00fablico, LUIS FERNANDO ALARCON MANTILLA. El Ministro de Defensa Nacional, General \u00a0RAFAEL SAMUDIO MOLINA. El Ministro de Agricultura, \u00a0GABRIEL ROSAS VEGA. El Ministro de Salud, LUIS HERIBERTO ARRAUT \u00a0ESQUIVEL. El Ministro de Desarrollo Econ\u00f3mico, CARLOS \u00a0ARTURO MARULANDA RAMIREZ. \u00a0El Ministro de Educaci\u00f3n Nacional, MANUEL FRANCISCO BECERRA BARNEY. \u00a0El Ministro de Minas y Energ\u00eda, OSCAR MEJIA VALLEJO. \u00a0El Ministro de Comunicaciones, PEDRO MARTIN LEYES \u00a0HERNANDEZ. El Ministro de Obras P\u00fablicas y Transporte, LUIS FERNANDO JARAMILLO \u00a0CORREA. \u00a0 \u00a0 \u00a0 \u00a0 \u00a0<\/p>\n<p style=\"margin-top: 0; margin-bottom: 0\" align=\"justify\"><\/p>\n","protected":false},"excerpt":{"rendered":"<p>DECRETO 2200 DE 1988 \u00a0 \u00a0 (octubre 25) \u00a0 \u00a0 \u00a0 \u00a0 \u00a0 Por el cual se dictan unas medidas tendientes a la \u00a0preservaci\u00f3n del orden publico. \u00a0 \u00a0 \u00a0 \u00a0 \u00a0 Nota: Derogado por el Decreto 2620 de 1988, \u00a0art\u00edculo 1\u00ba. \u00a0 \u00a0 \u00a0 \u00a0 \u00a0 El Presidente de la \u00a0Rep\u00fablica de Colombia, en [&hellip;]<\/p>\n","protected":false},"author":1,"featured_media":0,"comment_status":"open","ping_status":"open","sticky":false,"template":"","format":"standard","meta":{"footnotes":""},"categories":[31],"tags":[],"class_list":["post-19224","post","type-post","status-publish","format-standard","hentry","category-decretos-1988"],"_links":{"self":[{"href":"https:\/\/www.dmsjuridica.com\/buscador_20179478954\/legislacion\/decretos\/wp-json\/wp\/v2\/posts\/19224","targetHints":{"allow":["GET"]}}],"collection":[{"href":"https:\/\/www.dmsjuridica.com\/buscador_20179478954\/legislacion\/decretos\/wp-json\/wp\/v2\/posts"}],"about":[{"href":"https:\/\/www.dmsjuridica.com\/buscador_20179478954\/legislacion\/decretos\/wp-json\/wp\/v2\/types\/post"}],"author":[{"embeddable":true,"href":"https:\/\/www.dmsjuridica.com\/buscador_20179478954\/legislacion\/decretos\/wp-json\/wp\/v2\/users\/1"}],"replies":[{"embeddable":true,"href":"https:\/\/www.dmsjuridica.com\/buscador_20179478954\/legislacion\/decretos\/wp-json\/wp\/v2\/comments?post=19224"}],"version-history":[{"count":0,"href":"https:\/\/www.dmsjuridica.com\/buscador_20179478954\/legislacion\/decretos\/wp-json\/wp\/v2\/posts\/19224\/revisions"}],"wp:attachment":[{"href":"https:\/\/www.dmsjuridica.com\/buscador_20179478954\/legislacion\/decretos\/wp-json\/wp\/v2\/media?parent=19224"}],"wp:term":[{"taxonomy":"category","embeddable":true,"href":"https:\/\/www.dmsjuridica.com\/buscador_20179478954\/legislacion\/decretos\/wp-json\/wp\/v2\/categories?post=19224"},{"taxonomy":"post_tag","embeddable":true,"href":"https:\/\/www.dmsjuridica.com\/buscador_20179478954\/legislacion\/decretos\/wp-json\/wp\/v2\/tags?post=19224"}],"curies":[{"name":"wp","href":"https:\/\/api.w.org\/{rel}","templated":true}]}}