{"id":1075,"date":"2020-11-24T19:24:04","date_gmt":"2020-11-24T19:24:04","guid":{"rendered":"https:\/\/www.dmsjuridica.com\/buscador_20179478954\/legislacion\/leyes\/2020\/11\/24\/ley-1008-de-2006\/"},"modified":"2020-11-24T19:24:04","modified_gmt":"2020-11-24T19:24:04","slug":"ley-1008-de-2006","status":"publish","type":"post","link":"https:\/\/www.dmsjuridica.com\/buscador_20179478954\/legislacion\/leyes\/2020\/11\/24\/ley-1008-de-2006\/","title":{"rendered":"LEY 1008 DE 2006"},"content":{"rendered":"<p><\/font>LEY 1008 DE 2006            <\/a><\/p>\n<p>&nbsp;<\/p>\n<p align=\"center\"><b><font size=\"2\"><img loading=\"lazy\" decoding=\"async\" border=\"0\" src=\"http:\/\/dmsjuridica.com\/CODIGOS\/LEGISLACION\/LEYES\/2019\/dms.png\" width=\"138\" height=\"103\"align=\"center\"><\/p>\n<p align=\"center\" style=\"margin-top: 0; margin-bottom: 0\"><b><font size=\"6\">LEY 1008 DE 2006<\/font><\/b><\/p>\n<p align=\"center\" style=\"margin-top: 0; margin-bottom: 0\">&nbsp;<\/p>\n<p align=\"center\" style=\"margin-top: 0; margin-bottom: 0\"><font size=\"2\">(enero 23 de 2006)<\/font><\/p>\n<p align=\"center\" style=\"margin-top: 0; margin-bottom: 0\">&nbsp;<\/p>\n<p align=\"center\" style=\"margin-top: 0; margin-bottom: 0\"><i><font size=\"2\">Por la cual se fijan algunas competencias y procedimientos para la aplicaci\u00f3n de convenios internacionales en materia de ni\u00f1ez y de familia.<\/font><\/i><\/p>\n<p><DIV>&nbsp;<\/DIV> <\/p>\n<p align=\"center\" style=\"margin-top: 0; margin-bottom: 0\"><b><font size=\"2\">EL CONGRESO DE COLOMBIA<\/font><\/b><\/p>\n<p align=\"center\" style=\"margin-top: 0; margin-bottom: 0\">&nbsp;<\/p>\n<p align=\"center\" style=\"margin-top: 0; margin-bottom: 0\"><b><font size=\"2\">DECRETA:<\/font><\/b><\/p>\n<p align=\"justify\" style=\"margin-top: 0; margin-bottom: 0\">&nbsp;<\/p>\n<p align=\"justify\" style=\"margin-top: 0; margin-bottom: 0\"><b><A name=1><font size=\"2\">Art\u00edculo 1\u00b0.<\/font><\/A><font size=\"2\"> <i>Competencia, prevalencia normativa y procedimiento. <\/i><\/font><\/b><font size=\"2\">El conocimiento y tr\u00e1mite de los asuntos que sean materia de Tratados y Convenios Internacionales vigentes en Colombia en los que se reconozcan principios, derechos, garant\u00edas y libertades de los ni\u00f1os y de las familias, ser\u00e1 de competencia de los Defensores de Familia en su fase administrativa y de los Jueces de Familia y Jueces Promiscuos de Familia en su fase judicial. En los municipios donde no haya Juez de Familia o Promiscuo de Familia, el tr\u00e1mite ser\u00e1 de competencia de los Jueces Civiles y Promiscuos Municipales.<\/font><\/p>\n<p align=\"justify\" style=\"margin-top: 0; margin-bottom: 0\">&nbsp;<\/p>\n<p align=\"justify\" style=\"margin-top: 0; margin-bottom: 0\"><font size=\"2\">El principio de celeridad ser\u00e1 de rigurosa aplicaci\u00f3n en la ejecuci\u00f3n de estos Tratados y Convenios Internacionales y las disposiciones contenidas en ellos tendr\u00e1n prevalencia sobre las contenidas en otras leyes.<\/font><\/p>\n<p align=\"justify\" style=\"margin-top: 0; margin-bottom: 0\">&nbsp;<\/p>\n<p align=\"justify\" style=\"margin-top: 0; margin-bottom: 0\"><font size=\"2\">En concordancia con las previsiones de los numerales 3, 5 y 10 del par\u00e1grafo 1\u00b0 del art\u00edculo <i><b><a hrefx=\"..\/..\/..\/CODIGOS\/COD_PROCEDIMIENTO_CIVIL\/COD_PROCEDIMIENTO_CIVIL.htm#435\">435<\/a><\/b><\/i> del <i><b><a hrefx=\"..\/..\/..\/CODIGOS\/COD_PROCEDIMIENTO_CIVIL\/COD_PROCEDIMIENTO_CIVIL.htm\">C\u00f3digo de Procedimiento Civil<\/a><\/b><\/i>, las autoridades judiciales se\u00f1aladas en el inciso primero del presente art\u00edculo, seg\u00fan el caso, tramitar\u00e1n los asuntos a que se refiere este art\u00edculo, mediante las reglas del proceso verbal sumario salvo en lo referente a la \u00fanica instancia. En las controversias judiciales a que se refiere esta ley, que se resuelven en el marco de Tratados y Convenios Internacionales, se garantizar\u00e1 el principio de la doble instancia, la cual se tramitar\u00e1 de acuerdo con las disposiciones que la regulan para el proceso verbal de mayor y menor cuant\u00eda.<\/font><\/p>\n<p align=\"justify\" style=\"margin-top: 0; margin-bottom: 0\">&nbsp;<\/p>\n<p align=\"justify\" style=\"margin-top: 0; margin-bottom: 0\"><font size=\"2\">Cuando la legislaci\u00f3n interna haya establecido competencias expresas o procedimientos espec\u00edficos que permitan resolver los asuntos a que se refiere esta ley y que se ajusten a los Tratados y Convenios Internacionales vigentes, el conocimiento y tr\u00e1mite de tales asuntos se ajustar\u00e1 a lo previsto en la legislaci\u00f3n espec\u00edfica de cada materia.<\/font><\/p>\n<p align=\"justify\" style=\"margin-top: 0; margin-bottom: 0\">&nbsp;<\/p>\n<p><DIV><\/p>\n<p align=\"justify\" style=\"margin-top: 0; margin-bottom: 0\"><b><i><font size=\"1\">*CONCORDANCIAS* <\/font><\/i><\/b><\/p>\n<p align=\"justify\" style=\"margin-top: 0; margin-bottom: 0\">&nbsp;<\/p>\n<table border=\"1\" cellpadding=\"6\" cellspacing=\"0\" width=\"100%\" style=\"text-align: justify\">\n<tr>\n<td align=\"justify\">\n<p style=\"margin-top: 0; margin-bottom: 0\"><i><b><a hrefx=\"..\/2011\/1438.htm\"><font size=\"1\">Ley 1438 de 2011<\/font><\/a><\/b><font size=\"1\">, Art\u00edculos 3\u00b0, 17, 18, 66.<\/font><\/i><\/td>\n<\/tr>\n<tr>\n<td align=\"justify\">\n<p style=\"margin-top: 0; margin-bottom: 0\"><i><font size=\"1\">Decreto 366 de 2009; Art\u00edculo 1\u00b0<\/font><\/i><\/td>\n<\/tr>\n<tr>\n<td align=\"justify\">\n<p style=\"margin-top: 0; margin-bottom: 0\"><i><b><a hrefx=\"..\/1991\/L12%20DE%201991.htm\"><font size=\"1\">Ley 12 de 1991<\/font><\/a><\/b><font size=\"1\"> <\/font><\/i><\/td>\n<\/tr>\n<tr>\n<td align=\"justify\">\n<p style=\"margin-top: 0; margin-bottom: 0\"><i><font size=\"1\"><b>Corte Constitucional<\/b><b><a hrefx=\"..\/..\/..\/..\/JURISPRUDENCIA\/CORTE_CONSTITUCIONAL\/docs\/2006\/T-300-06.rtf\">Sentencia T-300-06<\/a><\/b> de 7 de abril de 2006,Magistrado Ponente Dr. Jaime Araujo Renter\u00eda<\/font><\/i><\/td>\n<\/tr>\n<\/table>\n<p>&nbsp;<\/p>\n<p style=\"margin-top: 0; margin-bottom: 0\" align=\"justify\">&nbsp;<\/DIV> <\/p>\n<p style=\"margin-top: 0; margin-bottom: 0\"><font face=\"Arial\"><A name=2><b><font size=\"2\">Art\u00edculo 2\u00b0. <\/font><\/b> <\/A><font size=\"2\">La presente ley rige a partir de su promulgaci\u00f3n.<\/font><\/font><\/p>\n<p><DIV>&nbsp;<\/DIV> <\/p>\n<p align=\"center\" style=\"margin-top: 0; margin-bottom: 0\"><font size=\"2\" face=\"Arial\">La Presidenta del honorable Senado de la Rep\u00fablica,<\/font><\/p>\n<p align=\"center\" style=\"margin-top: 0; margin-bottom: 0\">Claudia Blum De Barberi.<\/p>\n<p><DIV>&nbsp;<\/DIV> <\/p>\n<p align=\"center\" style=\"margin-top: 0; margin-bottom: 0\"><font size=\"2\" face=\"Arial\">El Secretario General del honorable Senado de la Rep\u00fablica,<\/font><\/p>\n<p><DIV><\/p>\n<p align=\"center\" style=\"margin:0cm;margin-bottom:0;text-align:center\">Emilio Ram\u00f3n Otero Dajud.<\/p>\n<p>&nbsp;<\/DIV> <\/p>\n<p align=\"center\" style=\"margin-top: 0; margin-bottom: 0\"><font size=\"2\" face=\"Arial\">El Presidente de la honorable C\u00e1mara de Representantes,<\/font><\/p>\n<p align=\"center\" style=\"margin-top: 0; margin-bottom: 0\">Julio E. Gallardo Archbold.<\/p>\n<p><DIV>&nbsp;<\/DIV> <\/p>\n<p align=\"center\" style=\"margin-top: 0; margin-bottom: 0\"><font size=\"2\" face=\"Arial\">El Secretario General de la honorable C\u00e1mara de Representantes,<\/font><\/p>\n<p align=\"center\" style=\"margin-top: 0; margin-bottom: 0\">Angelino Lizcano Rivera.<\/p>\n<p><DIV>&nbsp;<\/DIV> <\/p>\n<p align=\"center\" style=\"margin-top: 0; margin-bottom: 0\"><b><font size=\"2\" face=\"Arial\">REPUBLICA DE COLOMBIA \u2013 GOBIERNO NACIONAL<\/font><\/b><\/p>\n<p> <DIV>&nbsp;<\/DIV> <\/p>\n<p align=\"center\" style=\"margin-top: 0; margin-bottom: 0\"><font size=\"2\" face=\"Arial\">Publ\u00edquese y c\u00famplase.<\/font><\/p>\n<p align=\"center\" style=\"margin-top: 0; margin-bottom: 0\"><font size=\"2\" face=\"Arial\">Dada en Bogot\u00e1, D. C., a 23 de enero de 2006.<\/font><\/p>\n<p> <DIV>&nbsp;<\/DIV> <\/p>\n<p align=\"center\" style=\"margin-top: 0; margin-bottom: 0\"><font size=\"2\" face=\"Arial\">\u00c1LVARO URIBE V\u00c9LEZ<\/font><\/p>\n<p> <DIV>&nbsp;<\/DIV> <\/p>\n<p align=\"center\" style=\"margin-top: 0; margin-bottom: 0\"><font size=\"2\" face=\"Arial\">El Viceministro del Interior, encargado de las funciones del Despacho del Ministro del Interior y de Justicia,<\/font><\/p>\n<p align=\"center\" style=\"margin-top: 0; margin-bottom: 0\">Luis Hernando Angarita Figueredo.<\/p>\n","protected":false},"excerpt":{"rendered":"<p>LEY 1008 DE 2006 &nbsp; LEY 1008 DE 2006 &nbsp; (enero 23 de 2006) &nbsp; Por la cual se fijan algunas competencias y procedimientos para la aplicaci\u00f3n de convenios internacionales en materia de ni\u00f1ez y de familia. &nbsp; EL CONGRESO DE COLOMBIA &nbsp; DECRETA: &nbsp; Art\u00edculo 1\u00b0. Competencia, prevalencia normativa y procedimiento. El conocimiento y [&hellip;]<\/p>\n","protected":false},"author":1,"featured_media":0,"comment_status":"open","ping_status":"open","sticky":false,"template":"","format":"standard","meta":{"footnotes":""},"categories":[21],"tags":[],"class_list":["post-1075","post","type-post","status-publish","format-standard","hentry","category-leyes-2006"],"_links":{"self":[{"href":"https:\/\/www.dmsjuridica.com\/buscador_20179478954\/legislacion\/leyes\/wp-json\/wp\/v2\/posts\/1075","targetHints":{"allow":["GET"]}}],"collection":[{"href":"https:\/\/www.dmsjuridica.com\/buscador_20179478954\/legislacion\/leyes\/wp-json\/wp\/v2\/posts"}],"about":[{"href":"https:\/\/www.dmsjuridica.com\/buscador_20179478954\/legislacion\/leyes\/wp-json\/wp\/v2\/types\/post"}],"author":[{"embeddable":true,"href":"https:\/\/www.dmsjuridica.com\/buscador_20179478954\/legislacion\/leyes\/wp-json\/wp\/v2\/users\/1"}],"replies":[{"embeddable":true,"href":"https:\/\/www.dmsjuridica.com\/buscador_20179478954\/legislacion\/leyes\/wp-json\/wp\/v2\/comments?post=1075"}],"version-history":[{"count":0,"href":"https:\/\/www.dmsjuridica.com\/buscador_20179478954\/legislacion\/leyes\/wp-json\/wp\/v2\/posts\/1075\/revisions"}],"wp:attachment":[{"href":"https:\/\/www.dmsjuridica.com\/buscador_20179478954\/legislacion\/leyes\/wp-json\/wp\/v2\/media?parent=1075"}],"wp:term":[{"taxonomy":"category","embeddable":true,"href":"https:\/\/www.dmsjuridica.com\/buscador_20179478954\/legislacion\/leyes\/wp-json\/wp\/v2\/categories?post=1075"},{"taxonomy":"post_tag","embeddable":true,"href":"https:\/\/www.dmsjuridica.com\/buscador_20179478954\/legislacion\/leyes\/wp-json\/wp\/v2\/tags?post=1075"}],"curies":[{"name":"wp","href":"https:\/\/api.w.org\/{rel}","templated":true}]}}