{"id":1081,"date":"2020-11-24T19:24:05","date_gmt":"2020-11-24T19:24:05","guid":{"rendered":"https:\/\/www.dmsjuridica.com\/buscador_20179478954\/legislacion\/leyes\/2020\/11\/24\/ley-1014-de-2006\/"},"modified":"2020-11-24T19:24:05","modified_gmt":"2020-11-24T19:24:05","slug":"ley-1014-de-2006","status":"publish","type":"post","link":"https:\/\/www.dmsjuridica.com\/buscador_20179478954\/legislacion\/leyes\/2020\/11\/24\/ley-1014-de-2006\/","title":{"rendered":"LEY 1014 DE 2006"},"content":{"rendered":"<p>LEY 1014 DE 2006            <\/a><\/p>\n<p>&nbsp;<\/p>\n<p align=\"center\"><b><font size=\"2\"><img loading=\"lazy\" decoding=\"async\" border=\"0\" src=\"http:\/\/dmsjuridica.com\/CODIGOS\/LEGISLACION\/LEYES\/2019\/dms.png\" width=\"138\" height=\"103\"align=\"center\"><\/p>\n<p><\/font><\/b><\/p>\n<p align=\"center\"><b><font size=\"6\">LEY 1014 DE 2006<\/font><\/b><\/p>\n<p align=\"center\"><font size=\"2\">(enero 26 de 2006)<\/font><\/p>\n<p align=\"center\"><i><b><font size=\"2\">Diario Oficial No. 46.164 de 27 de enero de 2006<\/font><\/b><\/i><\/p>\n<p align=\"center\"><b><font size=\"2\">CONGRESO DE COLOMBIA<\/font><\/b><\/p>\n<p align=\"center\"><i><font size=\"2\">De fomento a la cultura del emprendimiento.<\/font><\/i><\/p>\n<p><font size=\"2\"><b><i>*Notas de Vigencia*<\/i><\/b><\/font><\/p>\n<div align=\"justify\">\n<table border=\"1\" cellpadding=\"6\" cellspacing=\"0\" id=\"table2\" width=\"984\">\n<tr>\n<td><font size=\"2\"><i>Ley reglamentada por el <b><a hrefx=\"..\/..\/decretos\/2009\/DECRETO_1192_DE_2009.htm\">Decreto 1192 de 2009<\/a><\/b>, <\/i><\/font>sobre el fomento a la cultura del emprendimiento.<\/td>\n<\/tr>\n<\/table>\n<p>&nbsp;<\/p><\/div>\n<p align=\"center\"><b><font size=\"2\">EL CONGRESO DE COLOMBIA<\/font><\/b><\/p>\n<p align=\"center\"><b><font size=\"2\">DECRETA<\/font><\/b><font size=\"2\">:<\/font><\/p>\n<p> <DIV>&nbsp;<\/DIV> <\/p>\n<p align=\"center\" style=\"margin-top: 0; margin-bottom: 0\"><A name=\"bCAPITULO\/b I\"><b><font size=\"2\">CAPITULO I. <\/font><\/b> <\/A><\/p>\n<p align=\"center\" style=\"margin-top: 0; margin-bottom: 0\"><i><b><font size=\"2\">DISPOSICIONES GENERALES. <\/font> <\/b> <\/i> <\/p>\n<p><DIV>&nbsp;<\/DIV> <\/p>\n<p align=\"justify\"><A name=1><b><font size=\"2\">ART\u00cdCULO 1o.<i> <\/i> <\/font><\/b> <\/A><i><b><font size=\"2\">DEFINICIONES.<\/font><\/b><\/i><\/p>\n<p align=\"justify\"><font size=\"2\">a) <b>Cultura:<\/b> Conjunto de valores, creencias, ideolog\u00edas, h\u00e1bitos, costumbres y normas, que comparten los individuos en la organizaci\u00f3n y que surgen de la interrelaci\u00f3n social, los cuales generan patrones de comportamiento colectivos que establece una identidad entre sus miembros y los identifica de otra organizaci\u00f3n;<\/font><\/p>\n<p align=\"justify\"><font size=\"2\">b) <b>Emprendedor: <\/b>Es una persona con capacidad de innovar; entendida esta como la capacidad de generar bienes y servicios de una forma creativa, met\u00f3dica, \u00e9tica, responsable y efectiva;<\/font><\/p>\n<p align=\"justify\"><font size=\"2\">c) <b>Emprendimiento: <\/b>Una manera de pensar y actuar orientada hacia la creaci\u00f3n de riqueza. Es una forma de pensar, razonar y actuar centrada en las oportunidades, planteada con visi\u00f3n global y llevada a acabo mediante un liderazgo equilibrado y la gesti\u00f3n de un riesgo calculado, su resultado es la creaci\u00f3n de valor que beneficia a la empresa, la econom\u00eda y la sociedad;<\/font><\/p>\n<p align=\"justify\"><font size=\"2\">d) <b>Empresarialidad:<\/b> Despliegue de la capacidad creativa de la persona sobre la realidad que le rodea. Es la capacidad que posee todo ser humano para percibir e interrelacionarse con su entorno, mediando para ello las competencias empresariales;<\/font><\/p>\n<p align=\"justify\"><font size=\"2\">e) <b>Formaci\u00f3n para el emprendimiento.<\/b> La formaci\u00f3n para el emprendimiento busca el desarrollo de la cultura del emprendimiento con acciones que buscan entre otros la formaci\u00f3n en competencias b\u00e1sicas, competencias laborales, competencias ciudadanas y competencias empresariales dentro del sistema educativo formal y no formal y su articulaci\u00f3n con el sector productivo;<\/font><\/p>\n<p align=\"justify\"><font size=\"2\">f) <b>Planes de Negocios.<\/b> Es un documento escrito que define claramente los objetivos de un negocio y describe los m\u00e9todos que van a emplearse para alcanzar los objetivos.<\/font><\/p>\n<p align=\"justify\"><font size=\"2\">La educaci\u00f3n debe incorporar, en su formaci\u00f3n te\u00f3rica y pr\u00e1ctica, lo m\u00e1s avanzado de la ciencia y de la t\u00e9cnica, para que el estudiante est\u00e9 en capacidad de crear su propia empresa, adaptarse a las nuevas tecnolog\u00edas y al avance de la ciencia, de igual manera debe actuar como emprendedor desde su puesto de trabajo.<\/font><\/p>\n<p><DIV>&nbsp;<\/DIV> <font face=\"Arial\"><A name=2><b><font size=\"2\">ART\u00cdCULO 2o.<i> <\/i> <\/font><\/b> <\/A><font size=\"2\"><i><b>OBJETO DE LA LEY.<\/b><\/i> La presente ley tiene por objeto:<\/font><\/font> <\/p>\n<p align=\"justify\"><font size=\"2\" face=\"Arial\">a) Promover el esp\u00edritu emprendedor en todos los estamentos educativos del pa\u00eds, en el cual se propenda y trabaje conjuntamente sobre los principios y valores que establece la Constituci\u00f3n y los establecidos en la presente ley;<\/font><\/p>\n<p align=\"justify\"><font size=\"2\" face=\"Arial\">b) Disponer de un conjunto de principios normativos que sienten las bases para una pol\u00edtica de Estado y un marco jur\u00eddico e institucional, que promuevan el emprendimiento y la creaci\u00f3n de empresas;<\/font><\/p>\n<p align=\"justify\"><font size=\"2\" face=\"Arial\">c) Crear un marco interinstitucional que permita fomentar y desarrollar la cultura del emprendimiento y la creaci\u00f3n de empresas;<\/font><\/p>\n<p align=\"justify\"><font size=\"2\" face=\"Arial\">d) Establecer mecanismos para el desarrollo de la cultura empresarial y el emprendimiento a trav\u00e9s del fortalecimiento de un sistema p\u00fablico y la creaci\u00f3n de una red de instrumentos de fomento productivo;<\/font><\/p>\n<p align=\"justify\"><font size=\"2\" face=\"Arial\">e) Crear un v\u00ednculo del sistema educativo y sistema productivo nacional mediante la formaci\u00f3n en competencias b\u00e1sicas, competencias laborales, competencias ciudadanas y competencias empresariales a trav\u00e9s de una c\u00e1tedra transversal de emprendimiento; entendi\u00e9ndose como tal, la acci\u00f3n formativa desarrollada en la totalidad de los programas de una instituci\u00f3n educativa en los niveles de educaci\u00f3n preescolar, educaci\u00f3n b\u00e1sica, educaci\u00f3n b\u00e1sica primaria, educaci\u00f3n b\u00e1sica secundaria, y la educaci\u00f3n media, a fin de desarrollar la cultura de emprendimiento;<\/font><\/p>\n<p align=\"justify\"><font size=\"2\" face=\"Arial\">f) Inducir el establecimiento de mejores condiciones de entorno institucional para la creaci\u00f3n y operaci\u00f3n de nuevas empresas;<\/font><\/p>\n<p align=\"justify\"><font size=\"2\" face=\"Arial\">g) Propender por el desarrollo productivo de las micro y peque\u00f1as empresas innovadoras, generando para ellas condiciones de competencia en igualdad de oportunidades, expandiendo la base productiva y su capacidad emprendedora, para as\u00ed liberar las potencialidades creativas de generar trabajo de mejor calidad, de aportar al sostenimiento de las fuentes productivas y a un desarrollo territorial m\u00e1s equilibrado y aut\u00f3nomo;<\/font><\/p>\n<p align=\"justify\"><font size=\"2\" face=\"Arial\">h) Promover y direccionar el desarrollo econ\u00f3mico del pa\u00eds impulsando la actividad productiva a trav\u00e9s de procesos de creaci\u00f3n de empresas competentes, articuladas con las cadenas y clusters productivos reales relevantes para la regi\u00f3n y con un alto nivel de planeaci\u00f3n y visi\u00f3n a largo plazo;<\/font><\/p>\n<p align=\"justify\"><font size=\"2\" face=\"Arial\">i) Fortalecer los procesos empresariales que contribuyan al desarrollo local, regional y territorial;<\/font><\/p>\n<p align=\"justify\"><font size=\"2\" face=\"Arial\">j) Buscar a trav\u00e9s de las redes para el emprendimiento, el acompa\u00f1amiento y sostenibilidad de las nuevas empresas en un ambiente seguro, controlado e innovador.<\/font><\/p>\n<p align=\"justify\">&nbsp;<\/p>\n<p align=\"justify\"><font face=\"Arial\"><A name=3><b><font size=\"2\">T\u00cdCULO 3o. <\/font><\/b> <\/A><font size=\"2\"><i><b>PRINCIPIOS GENERALES. <\/b><\/i>Los principios por los cuales se regir\u00e1 toda actividad de emprendimiento son los siguientes:<\/font><\/font><\/p>\n<p align=\"justify\"><font size=\"2\" face=\"Arial\">a) Formaci\u00f3n integral en aspectos y valores como desarrollo del ser humano y su comunidad, autoestima, autonom\u00eda, sentido de pertenencia a la comunidad, trabajo en equipo, solidaridad, asociatividad y desarrollo del gusto por la innovaci\u00f3n y est\u00edmulo a la investigaci\u00f3n y aprendizaje permanente;<\/font><\/p>\n<p align=\"justify\"><font size=\"2\" face=\"Arial\">b) Fortalecimiento de procesos de trabajo asociativo y en equipo en torno a proyectos productivos con responsabilidad social;<\/font><\/p>\n<p align=\"justify\"><font size=\"2\" face=\"Arial\">c) Reconocimiento de la conciencia, el derecho y la responsabilidad del desarrollo de las personas como individuos y como integrantes de una comunidad;<\/font><\/p>\n<p align=\"justify\"><font size=\"2\" face=\"Arial\">d) Apoyo a procesos de emprendimiento sostenibles desde la perspectiva social, cultural, <\/font><\/p>\n<p><DIV>&nbsp;<\/DIV> <font face=\"Arial\"><A name=4><b><font size=\"2\">ART\u00cdCULO 4o.<i> <\/i> <\/font><\/b> <\/A><font size=\"2\"><i><b>OBLIGACIONES DEL ESTADO. <\/b><\/i>Son obligaciones del Estado para garantizar la eficacia y desarrollo de esta ley, las siguientes:<\/font><\/font> <\/p>\n<p align=\"justify\"><font size=\"2\" face=\"Arial\">1. Promover en todas las entidades educativas formales y no formales, el v\u00ednculo entre el sistema educativo y el sistema productivo para estimular la eficiencia y la calidad de los servicios de capacitaci\u00f3n.<\/font><\/p>\n<p align=\"justify\"><font size=\"2\" face=\"Arial\">2. Buscar la asignaci\u00f3n de recursos p\u00fablicos para el apoyo a redes de emprendimiento debidamente registradas en el Ministerio de Comercio, Industria y Turismo.<\/font><\/p>\n<p align=\"justify\"><font size=\"2\" face=\"Arial\">3. Buscar la asignaci\u00f3n de recursos p\u00fablicos peri\u00f3dicos para el apoyo y sostenibilidad de las redes de emprendimiento debidamente registradas en el Ministerio de Comercio, Industria y Turismo.<\/font><\/p>\n<p align=\"justify\"><font size=\"2\" face=\"Arial\">4. Buscar acuerdos con las entidades financieras para hacer que los planes de negocios de los nuevos empresarios sirvan como garant\u00eda para el otorgamiento de cr\u00e9ditos.<\/font><\/p>\n<p align=\"justify\"><font size=\"2\" face=\"Arial\">5. Establecer acuerdos con las entidades financieras para hacer que los planes de negocios de los nuevos empresarios sirvan como garant\u00eda para el otorgamiento de cr\u00e9dito, con el aval, respaldo y compromiso de seguimiento de cualquiera de los miembros que conforman la Red Nacional para el Emprendimiento.<\/font><\/p>\n<p align=\"justify\"><font size=\"2\" face=\"Arial\">6. Generar condiciones para que en las regiones surjan fondos de inversionistas \u00e1ngeles, fondos de capital semilla y fondos de capital de riesgo para el apoyo a las nuevas empresas.<\/font><\/p>\n<p><DIV>&nbsp;<\/DIV> <\/p>\n<p align=\"center\" style=\"margin-top: 0; margin-bottom: 0\"><A name=\"bCAPITULO\/b II\"><b><font size=\"2\" face=\"Arial\">CAPITULO II. <\/font><\/b> <\/A><\/p>\n<p align=\"center\" style=\"margin-top: 0; margin-bottom: 0\"><i><b><font size=\"2\" face=\"Arial\">MARCO INSTITUCIONAL. <\/font><\/b> <\/i> <\/p>\n<p align=\"justify\"><font face=\"Arial\"><A name=5><b><font size=\"2\">ART\u00cdCULO 5o. <\/font><\/b> <\/A><font size=\"2\"><i><b>RED NACIONAL PARA EL EMPRENDIMIENTO. <\/b><\/i>La Red Nacional para el Emprendimiento, adscrita al Ministerio de Comercio, Industria y Turismo, o quien haga sus veces, estar\u00e1 integrada por delegados de las siguientes entidades e instituciones:<\/font><\/font><\/p>\n<p align=\"justify\"><font size=\"2\" face=\"Arial\">1. Ministerio de Comercio, Industria y Turismo quien lo presidir\u00e1.<\/font><\/p>\n<p align=\"justify\"><font size=\"2\" face=\"Arial\">2. Ministerio de Educaci\u00f3n Nacional.<\/font><\/p>\n<p align=\"justify\"><font size=\"2\" face=\"Arial\">3. Ministerio de la Protecci\u00f3n Social.<\/font><\/p>\n<p align=\"justify\"><font size=\"2\" face=\"Arial\">4. La Direcci\u00f3n General del Servicio Nacional de Aprendizaje, Sena.<\/font><\/p>\n<p align=\"justify\"><font size=\"2\" face=\"Arial\">5. Departamento Nacional de Planeaci\u00f3n.<\/font><\/p>\n<p align=\"justify\"><font size=\"2\" face=\"Arial\">6. Instituto Colombiano para el Desarrollo de la Ciencia y la Tecnolog\u00eda \u201cFrancisco Jos\u00e9 de Caldas\u201d, Colciencias.<\/font><\/p>\n<p align=\"justify\"><font size=\"2\" face=\"Arial\">7. Programa Presidencial Colombia Joven.<\/font><\/p>\n<p align=\"justify\"><font size=\"2\" face=\"Arial\">8. Tres representantes de las Instituciones de Educaci\u00f3n Superior, designados por sus correspondientes asociaciones: Universidades (Ascun), Instituciones Tecnol\u00f3gicas (Aciet) e Instituciones T\u00e9cnicas Profesionales (Acicapi) o quien haga sus veces.<\/font><\/p>\n<p align=\"justify\"><font size=\"2\" face=\"Arial\">9. Asociaci\u00f3n Colombiana de Peque\u00f1as y Medianas Empresas, Acopi.<\/font><\/p>\n<p align=\"justify\"><font size=\"2\" face=\"Arial\">10. Federaci\u00f3n Nacional de Comerciantes, Fenalco.<\/font><\/p>\n<p align=\"justify\"><font size=\"2\" face=\"Arial\">11. Un representante de la Banca de Desarrollo y Microcr\u00e9dito.<\/font><\/p>\n<p align=\"justify\"><font size=\"2\" face=\"Arial\">12. Un representante de las Asociaciones de J\u00f3venes Empresarios, designado por el Ministerio de Comercio, Industria y Turismo.<\/font><\/p>\n<p align=\"justify\"><font size=\"2\" face=\"Arial\">13. Un representante de las Cajas de Compensaci\u00f3n Familiar.<\/font><\/p>\n<p align=\"justify\"><font size=\"2\" face=\"Arial\">14. Un representante de las Fundaciones dedicadas al emprendimiento.<\/font><\/p>\n<p align=\"justify\"><font size=\"2\" face=\"Arial\">15. Un representante de las incubadoras de empresas del pa\u00eds.<\/font><\/p>\n<p align=\"justify\"><font face=\"Arial\"><b><font size=\"2\">PAR\u00c1GRAFO<\/font><\/b><font size=\"2\"> 1o. Los delegados deber\u00e1n ser permanentes, mediante delegaci\u00f3n formal del representante legal de la Instituci\u00f3n o gremio sectorial que representa y deber\u00e1n ejercer funciones relacionadas con el objeto de esta ley.<\/font><\/font><\/p>\n<p align=\"justify\"><font face=\"Arial\"><b><font size=\"2\">PAR\u00c1GRAFO<\/font><\/b><font size=\"2\"> 2o. El Gobierno Nacional, podr\u00e1 una vez se encuentre en funcionamiento y debidamente reglamentada \u201cla Red para el Emprendimiento\u201d, crear una instituci\u00f3n de car\u00e1cter mixto del orden nacional, que en coordinaci\u00f3n con las entidades p\u00fablicas y privadas adscritas, desarrollen plenamente los objetivos y funciones establecidas en los art\u00edculos 7o<\/A> y <b> <A hrefx=\"L1014006.HTM#8\">8o<\/A><\/b> de esta ley respectivamente.<\/font><\/font><\/p>\n<p><DIV>&nbsp;<\/DIV> <\/p>\n<p align=\"justify\"><font face=\"Arial\"><A name=6><b><font size=\"2\">ART\u00cdCULO 6o. <\/font><\/b> <\/A><font size=\"2\"><i><b>RED REGIONAL PARA EL EMPRENDIMIENTO. <\/b><\/i>La Red Regional para el Emprendimiento, adscrita a la Gobernaci\u00f3n Departamental, o quien haga sus veces, estar\u00e1 integrada por delegados de las siguientes entidades e instituciones:<\/font><\/font><\/p>\n<p align=\"justify\"><font size=\"2\" face=\"Arial\">1. Gobernaci\u00f3n Departamental quien lo presidir\u00e1.<\/font><\/p>\n<p align=\"justify\"><font size=\"2\" face=\"Arial\">2. Direcci\u00f3n Regional del Servicio Nacional de Aprendizaje, Sena.<\/font><\/p>\n<p align=\"justify\"><font size=\"2\" face=\"Arial\">3. C\u00e1mara de Comercio de la ciudad capital.<\/font><\/p>\n<p align=\"justify\"><font size=\"2\" face=\"Arial\">4. Alcald\u00eda de la ciudad capital y un representante de los alcaldes de los dem\u00e1s municipios designados entre ellos mismos.<\/font><\/p>\n<p align=\"justify\"><font size=\"2\" face=\"Arial\">5. Un representante de las oficinas departamentales de juventud.<\/font><\/p>\n<p align=\"justify\"><font size=\"2\" face=\"Arial\">6. Un representante de las Instituciones de Educaci\u00f3n Superior de la regi\u00f3n designado por el Centro Regional de Educaci\u00f3n Superior, CRES.<\/font><\/p>\n<p align=\"justify\"><font size=\"2\" face=\"Arial\">7. Un representante de las Cajas de Compensaci\u00f3n familiar del departamento.<\/font><\/p>\n<p align=\"justify\"><font size=\"2\" face=\"Arial\">8. Un representante de las Asociaciones de J\u00f3venes Empresarios, con presencia en la regi\u00f3n.<\/font><\/p>\n<p align=\"justify\"><font size=\"2\" face=\"Arial\">9. Un representante de la Banca de Desarrollo y micro cr\u00e9dito con presencia en la regi\u00f3n.<\/font><\/p>\n<p align=\"justify\"><font size=\"2\" face=\"Arial\">10. Un representante de los gremios con presencia en la regi\u00f3n.<\/font><\/p>\n<p align=\"justify\"><font size=\"2\" face=\"Arial\">11. Un representante de las incubadoras de empresas con presencia en la regi\u00f3n.<\/font><\/p>\n<p align=\"justify\"><font face=\"Arial\"><b><font size=\"2\">PAR\u00c1GRAFO<\/font><\/b><font size=\"2\">. Los delegados deber\u00e1n ser permanentes mediante delegaci\u00f3n formal del representante legal de la Instituci\u00f3n, o gremio sectorial que representa y deber\u00e1n ejercer funciones relacionadas con el objeto de esta ley.<\/font><\/font><\/p>\n<p><DIV>&nbsp;<\/DIV> <\/p>\n<p align=\"justify\"><font face=\"Arial\"><A name=7><b><font size=\"2\">ART\u00cdCULO 7o. <\/font><\/b> <\/A><font size=\"2\"><i><b>OBJETO DE LAS REDES PARA EL EMPRENDIMIENTO.<\/b><\/i> Las redes de emprendimiento se crean con el objeto de:<\/font><\/font><\/p>\n<p align=\"justify\"><font size=\"2\" face=\"Arial\">a) Establecer pol\u00edticas y directrices orientadas al fomento de la cultura para el emprendimiento;<\/font><\/p>\n<p align=\"justify\"><font size=\"2\" face=\"Arial\">b) Formular un plan estrat\u00e9gico nacional para el desarrollo integral de la cultura para el emprendimiento;<\/font><\/p>\n<p align=\"justify\"><font size=\"2\" face=\"Arial\">c) Conformar las mesas de trabajo de acuerdo al art\u00edculo <A hrefx=\"L1014006.HTM#10\">10<\/A> de esta ley;<\/font><\/p>\n<p align=\"justify\"><font size=\"2\" face=\"Arial\">d) Ser articuladoras de organizaciones que apoyan acciones de emprendimientos innovadores y generadores de empleo en el pa\u00eds;<\/font><\/p>\n<p align=\"justify\"><font size=\"2\" face=\"Arial\">e) Desarrollar acciones conjuntas entre diversas organizaciones que permitan aprovechar sinergias y potenciar esfuerzos para impulsar emprendimientos empresariales;<\/font><\/p>\n<p align=\"justify\"><font size=\"2\" face=\"Arial\">f) Las dem\u00e1s que consideren necesarias para su buen funcionamiento.<\/font><\/p>\n<p><DIV>&nbsp;<\/DIV> <\/p>\n<p align=\"justify\"><font face=\"Arial\"><A name=8><b><font size=\"2\">ART\u00cdCULO 8o. <\/font><\/b> <\/A><font size=\"2\"><i><b>FUNCIONES DE LAS REDES PARA EL EMPRENDIMIENTO.<\/b><\/i> Las Redes para el Emprendimiento tendr\u00e1n las siguientes funciones:<\/font><\/font><\/p>\n<p align=\"justify\"><font size=\"2\" face=\"Arial\">a) Conformar el observatorio permanente de procesos de emprendimiento y creaci\u00f3n de empresas \u201cSISEA empresa\u201d, el cual servir\u00e1 como sistema de seguimiento y apoyo empresarial;<\/font><\/p>\n<p align=\"justify\"><font size=\"2\" face=\"Arial\">b) Proponer la inclusi\u00f3n de planes, programas y proyectos de desarrollo relacionados con el emprendimiento;<\/font><\/p>\n<p align=\"justify\"><font size=\"2\" face=\"Arial\">c) Ordenar e informar la oferta p\u00fablica y privada de servicios de emprendimiento aprovechando los recursos tecnol\u00f3gicos con los que ya cuentan las entidades integrantes de la red;<\/font><\/p>\n<p align=\"justify\"><font size=\"2\" face=\"Arial\">d) Proponer instrumentos para evaluar la calidad de los programas orientados al fomento del emprendimiento y la cultura empresarial, en la educaci\u00f3n formal y no formal;<\/font><\/p>\n<p align=\"justify\"><font size=\"2\" face=\"Arial\">e) Articular los esfuerzos nacionales y regionales hacia eventos que fomenten el emprendimiento y la actividad emprendedora y faciliten el crecimiento de proyectos productivos;<\/font><\/p>\n<p align=\"justify\"><font size=\"2\" face=\"Arial\">f) Establecer pautas para facilitar la reducci\u00f3n de costos y tr\u00e1mites relacionados con la formalizaci\u00f3n de emprendimientos (marcas, patentes, registros Invima, sanitarios, entre otros);<\/font><\/p>\n<p align=\"justify\"><font size=\"2\" face=\"Arial\">g) Propiciar la creaci\u00f3n de redes de contacto entre inversionistas, emprendedores e instituciones afines con el fin de desarrollar proyectos productivos;<\/font><\/p>\n<p align=\"justify\"><font size=\"2\" face=\"Arial\">h) Proponer instrumentos que permitan estandarizar la informaci\u00f3n y requisitos exigidos para acceder a recursos de cofinanciaci\u00f3n en entidades gubernamentales;<\/font><\/p>\n<p align=\"justify\"><font size=\"2\" face=\"Arial\">i) Estandarizar criterios de calidad para el desarrollo de procesos y procedimientos en todas las fases del emprendimiento empresarial;<\/font><\/p>\n<p align=\"justify\"><font size=\"2\" face=\"Arial\">j) Emitir avales a los planes de negocios que concursen para la obtenci\u00f3n de recursos del Estado, a trav\u00e9s de alguna de las entidades integrantes de la red.<\/font><\/p>\n<p><DIV>&nbsp;<\/DIV> <\/p>\n<p align=\"justify\"><font face=\"Arial\"><A name=9><b><font size=\"2\">ART\u00cdCULO 9o. <\/font><\/b> <\/A><font size=\"2\"><i><b>SECRETAR\u00cdA T\u00c9CNICA.<\/b> <\/i>La Secretar\u00eda T\u00e9cnica ser\u00e1 el instrumento operativo de las redes de emprendimiento encargada de coordinar todas las acciones de tipo administrativo, y deber\u00e1 cumplir entre otras con las siguientes funciones:<\/font><\/font><\/p>\n<p align=\"justify\"><font size=\"2\" face=\"Arial\">1. Planear y acompa\u00f1ar la implementaci\u00f3n de la estrategia prevista para el desarrollo del emprendimiento.<\/font><\/p>\n<p align=\"justify\"><font size=\"2\" face=\"Arial\">2. Presentar informes mensuales a los integrantes de la red sobre las acciones y programas realizados en torno al emprendimiento.<\/font><\/p>\n<p align=\"justify\"><font size=\"2\" face=\"Arial\">3. Impulsar el desarrollo de las funciones asignadas a la red.<\/font><\/p>\n<p align=\"justify\"><font size=\"2\" face=\"Arial\">4. Promover el desarrollo de diagn\u00f3sticos y estudios sobre el Emprendimiento.<\/font><\/p>\n<p align=\"justify\"><font size=\"2\" face=\"Arial\">5. Monitorear indicadores de gesti\u00f3n sobre el desarrollo de la actividad emprendedora en la regi\u00f3n.<\/font><\/p>\n<p align=\"justify\"><font size=\"2\" face=\"Arial\">6. Las dem\u00e1s asignadas por la red.<\/font><\/p>\n<p align=\"justify\"><font face=\"Arial\"><b><font size=\"2\">PAR\u00c1GRAFO<\/font><\/b><font size=\"2\">. La Secretar\u00eda T\u00e9cnica de cada red se encargar\u00e1 de su propia financiaci\u00f3n, organizaci\u00f3n e instrumentaci\u00f3n de sus respectivas sedes.<\/font><\/font><\/p>\n<p><DIV>&nbsp;<\/DIV> <\/p>\n<p align=\"justify\"><font face=\"Arial\"><A name=10><b><font size=\"2\">ART\u00cdCULO 10. <\/font><\/b> <\/A><font size=\"2\"><i><b>MESAS DE TRABAJO DE LA RED DE EMPRENDIMIENTO.<\/b><\/i> Las mesas de trabajo son un espacio de discusi\u00f3n y an\u00e1lisis para que todas las instituciones que conforman la Red, se sientan part\u00edcipes y logren desarrollar acciones con base en los lineamientos contemplados por las mismas. Podr\u00e1n convertirse en interlocutores v\u00e1lidos de las instituciones responsables de la operaci\u00f3n.<\/font><\/font><\/p>\n<p><DIV>&nbsp;<\/DIV> <\/p>\n<p align=\"justify\"><font face=\"Arial\"><A name=11><b><font size=\"2\">ART\u00cdCULO 11. <\/font><\/b> <\/A><font size=\"2\"><b><i>OBJETO DE LAS MESAS DE TRABAJO. <\/i><\/b>Las mesas de trabajo conformadas por las redes de emprendimiento tendr\u00e1n el siguiente objeto:<\/font><\/font><\/p>\n<p align=\"justify\"><font size=\"2\" face=\"Arial\">1. <b>Sensibilizaci\u00f3n:<\/b> Trabajar en el dise\u00f1o y ejecuci\u00f3n de un discurso unificado, orientado a motivar a la gente para que se involucre en el emprendimiento. Lograr masificaci\u00f3n del mensaje con una utilizaci\u00f3n m\u00e1s eficiente de los recursos.<\/font><\/p>\n<p align=\"justify\"><font size=\"2\" face=\"Arial\">2.<b> Formaci\u00f3n: <\/b>Unificar criterios de formaci\u00f3n. Formar Formadores. Extender la Formaci\u00f3n a colegios p\u00fablicos y privados.<\/font><\/p>\n<p align=\"justify\"><font size=\"2\" face=\"Arial\">3. <b>Preincubaci\u00f3n: <\/b>(Planes de Negocio): Identificar Oportunidades de Negocio y proponer una metodolog\u00eda de Plan de Negocios orientado a simplificar procesos en la regi\u00f3n y adecuarlos a la toma de decisiones de inversionistas y del sector financiero.<\/font><\/p>\n<p align=\"justify\"><font size=\"2\" face=\"Arial\">4. <b>Financiaci\u00f3n: <\/b>Impulsar y recoger en un sistema las fuentes de recursos financieros para los emprendimientos que se desarrollan en la regi\u00f3n, permitiendo pasar de los estudios de factibilidad a empresas del sector real. Adem\u00e1s deben proponer nuevos mecanismos viables de estructuraci\u00f3n financiera (capital semilla, capital de riesgo, pr\u00e9stamos, financiaci\u00f3n e inversionistas) a nivel nacional e internacional.<\/font><\/p>\n<p align=\"justify\"><font size=\"2\" face=\"Arial\">5. <b>Creaci\u00f3n de Empresas:<\/b> La iniciaci\u00f3n de operaciones de las empresas para que alcancen su maduraci\u00f3n en el corto plazo y se garantice su auto sostenibilidad. Buscar mecanismos para resolver problemas de comercializaci\u00f3n e incentivar la investigaci\u00f3n de nuevos mercados y nuevos productos.<\/font><\/p>\n<p align=\"justify\"><font size=\"2\" face=\"Arial\">6. <b>Capacitaci\u00f3n Empresarial y Sostenibilidad: <\/b>Dise\u00f1ar y dinamizar un modelo que diagnostique la gesti\u00f3n de las empresas (mercados, finanzas, t\u00e9cnicos, etc.) y faciliten planes de acci\u00f3n que permitan el mejoramiento continuo de las mismas y su sostenibilidad en el largo plazo.<\/font><\/p>\n<p align=\"justify\"><font size=\"2\" face=\"Arial\">7. <b>Sistemas de Informaci\u00f3n: <\/b>Articular y estructurar toda la informaci\u00f3n generada en las Mesas de Trabajo en un Sistema de Informaci\u00f3n, facilitando la labor de las instituciones participantes de la Red y en beneficio de los emprendedores, proporcionando informaci\u00f3n sobre costos y tiempos de los procesos de emprendimiento por entidad oferente. Esta informaci\u00f3n ser\u00e1 un insumo para los programas de formaci\u00f3n de emprendedores.<\/font><\/p>\n<p align=\"justify\"><font face=\"Arial\"><b><font size=\"2\">PAR\u00c1GRAFO<\/font><\/b><font size=\"2\">. Las redes, podr\u00e1n de acuerdo con su din\u00e1mica de trabajo establecer par\u00e1metros distintos en cada regi\u00f3n e implementar nuevas mesas de trabajo de acuerdo con sus necesidades.<\/font><\/font><\/p>\n<p><DIV>&nbsp;<\/DIV> <\/p>\n<p align=\"center\" style=\"margin-top: 0; margin-bottom: 0\"><A name=\"bCAPITULO\/b III\"><b><font size=\"2\" face=\"Arial\">CAPITULO III. <\/font><\/b> <\/A><\/p>\n<p align=\"center\" style=\"margin-top: 0; margin-bottom: 0\"><i><b><font size=\"2\" face=\"Arial\">FOMENTO DE LA CULTURA DEL EMPRENDIMIENTO. <\/font><\/b> <\/i> <\/p>\n<p align=\"justify\"><font face=\"Arial\"><A name=12><b><font size=\"2\">ART\u00cdCULO 12.<i> <\/i> <\/font><\/b> <\/A><font size=\"2\"><i><b>OBJETIVOS ESPEC\u00cdFICOS DE LA FORMACI\u00d3N PARA EL EMPRENDIMIENTO.<\/b><\/i> Son objetivos espec\u00edficos de la formaci\u00f3n para el emprendimiento:<\/font><\/font><\/p>\n<p align=\"justify\"><font size=\"2\" face=\"Arial\">a) Lograr el desarrollo de personas integrales en sus aspectos personales, c\u00edvicos, sociales y como seres productivos;<\/font><\/p>\n<p align=\"justify\"><font size=\"2\" face=\"Arial\">b) Contribuir al mejoramiento de las capacidades, habilidades y destrezas en las personas, que les permitan emprender iniciativas para la generaci\u00f3n de ingresos por cuenta propia;<\/font><\/p>\n<p align=\"justify\"><font size=\"2\" face=\"Arial\">c) Promover alternativas que permitan el acercamiento de las instituciones educativas al mundo productivo;<\/font><\/p>\n<p align=\"justify\"><font size=\"2\" face=\"Arial\">d) Fomentar la cultura de la cooperaci\u00f3n y el ahorro as\u00ed como orientar sobre las distintas formas de asociatividad.<\/font><\/p>\n<p><DIV>&nbsp;<\/DIV> <\/p>\n<p align=\"justify\"><font face=\"Arial\"><A name=13><b><font size=\"2\">ART\u00cdCULO 13<i>.<\/i><\/font><\/b><\/A><font size=\"2\"><i><b> ENSE\u00d1ANZA OBLIGATORIA.<\/b> <\/i>En todos los establecimientos oficiales o privados que ofrezcan educaci\u00f3n formal es obligatorio en los niveles de la educaci\u00f3n preescolar, educaci\u00f3n b\u00e1sica, educaci\u00f3n b\u00e1sica primaria, educaci\u00f3n b\u00e1sica secundaria, y la educaci\u00f3n media, cumplir con:<\/font><\/font><\/p>\n<p align=\"justify\"><font size=\"2\" face=\"Arial\">1. Definici\u00f3n de un \u00e1rea espec\u00edfica de formaci\u00f3n para el emprendimiento y la generaci\u00f3n de empresas, la cual debe incorporarse al curr\u00edculo y desarrollarse a trav\u00e9s de todo el plan de estudios.<\/font><\/p>\n<p align=\"justify\"><font size=\"2\" face=\"Arial\">2. Transmitir en todos los niveles escolares conocimiento, formar actitud favorable al emprendimiento, la innovaci\u00f3n y la creatividad y desarrollar competencias para generar empresas.<\/font><\/p>\n<p align=\"justify\"><font size=\"2\" face=\"Arial\">3. Dise\u00f1ar y divulgar m\u00f3dulos espec\u00edficos sobre temas empresariales denominados \u201cC\u00e1tedra Empresarial\u201d que constituyan un soporte fundamental de los programas educativos de la ense\u00f1anza preescolar, educaci\u00f3n b\u00e1sica, educaci\u00f3n b\u00e1sica primaria, educaci\u00f3n b\u00e1sica secundaria, y la educaci\u00f3n media, con el fin de capacitar al estudiante en el desarrollo de capacidades emprendedoras para generar empresas con una visi\u00f3n clara de su entorno que le permita asumir retos y responsabilidades.<\/font><\/p>\n<p align=\"justify\"><font size=\"2\" face=\"Arial\">4. Promover actividades como ferias empresariales, foros, seminarios, macrorruedas de negocios, concursos y dem\u00e1s actividades orientadas a la promoci\u00f3n de la cultura para el emprendimiento de acuerdo a los par\u00e1metros establecidos en esta ley y con el apoyo de las Asociaciones de Padres de Familia.<\/font><\/p>\n<p align=\"justify\"><font face=\"Arial\"><b><font size=\"2\">PAR\u00c1GRAFO<\/font><\/b><font size=\"2\">. Para cumplir con lo establecido en este art\u00edculo, las entidades educativas de educaci\u00f3n b\u00e1sica primaria, b\u00e1sica secundaria y media vocacional acreditadas ante el Ministerio de Educaci\u00f3n Nacional, deber\u00e1n armonizar los Proyectos Educativos Institucionales (PEI) pertinentes de acuerdo con lo establecido en la Ley <b> <A hrefx=\"L0115_94.HTM#1\">115<\/A><\/b> General de Educaci\u00f3n.<\/font><\/font><\/p>\n<p><DIV>&nbsp;<\/DIV> <\/p>\n<p align=\"justify\"><font face=\"Arial\"><A name=14><b><font size=\"2\">ART\u00cdCULO 14. <\/font><\/b> <\/A><font size=\"2\"><i><b>SISTEMA DE INFORMACI\u00d3N Y ORIENTACI\u00d3N PROFESIONAL. <\/b><\/i>El Ministerio de Educaci\u00f3n Nacional en coordinaci\u00f3n con el Instituto Colombiano para el Fomento de la Educaci\u00f3n Superior, Icfes, el Servicio Nacional de Aprendizaje, Sena, el Instituto Colombiano para el Desarrollo de la Ciencia y la Tecnolog\u00eda, Colciencias, y el sector productivo, establecer\u00e1 en un plazo m\u00e1ximo de (1) un a\u00f1o, un Sistema de Informaci\u00f3n y Orientaci\u00f3n Profesional, Ocupacional e investigativa, que contribuya a la racionalizaci\u00f3n en la formaci\u00f3n del recurso humano, seg\u00fan los requerimientos del desarrollo nacional y regional.<\/font><\/font><\/p>\n<p><DIV>&nbsp;<\/DIV> <\/p>\n<p align=\"justify\"><font face=\"Arial\"><A name=15><b><font size=\"2\">ART\u00cdCULO 15. <\/font><\/b> <\/A><font size=\"2\"><i><b>FORMACI\u00d3N DE FORMADORES. <\/b><\/i>El Servicio Nacional de Aprendizaje, Sena, coordinar\u00e1 a trav\u00e9s de las redes para el Emprendimiento y del Fondo Emprender y sus entidades adscritas, planes y programas para la formaci\u00f3n de formadores orientados al desarrollo de la cultura para el emprendimiento de acuerdo con los principios establecidos en esta ley.<\/font><\/font><\/p>\n<p><DIV>&nbsp;<\/DIV> <\/p>\n<p align=\"justify\"><font face=\"Arial\"><A name=16><b><font size=\"2\">ART\u00cdCULO 16. <\/font><\/b> <\/A><font size=\"2\"><i><b>OPCI\u00d3N PARA TRABAJO DE GRADO. <\/b><\/i>Las universidades p\u00fablicas y privadas y los centros de formaci\u00f3n t\u00e9cnica y tecnol\u00f3gica oficialmente reconocidos, podr\u00e1n establecer sin perjuicio de su r\u00e9gimen de autonom\u00eda, la alternativa del desarrollo de planes de negocios de conformidad con los principios establecidos en esta ley, en reemplazo de los trabajos de grado.<\/font><\/font><\/p>\n<p><DIV>&nbsp;<\/DIV> <\/p>\n<p align=\"justify\"><font face=\"Arial\"><A name=17><b><font size=\"2\">ART\u00cdCULO 17. <\/font><\/b> <\/A><font size=\"2\"><i><b>VOLUNTARIADO EMPRESARIAL.<\/b><\/i> Las C\u00e1maras de Comercio y los gremios empresariales podr\u00e1n generar espacios para constituir el voluntariado empresarial con sus asociados con el objeto de que sean mentores y realicen acompa\u00f1amiento en procesos de creaci\u00f3n de empresas.<\/font><\/font><\/p>\n<p><DIV>&nbsp;<\/DIV> <\/p>\n<p align=\"justify\"><font face=\"Arial\"><A name=18><b><font size=\"2\">ART\u00cdCULO 18. <\/font><\/b> <\/A><font size=\"2\"><i><b>ACTIVIDADES DE PROMOCI\u00d3N.<\/b><\/i> Con el fin de promover la cultura del emprendimiento y las nuevas iniciativas de negocios, el Gobierno Nacional a trav\u00e9s del Ministerio de Comercio, Industria y Turismo, el Programa Presidencial Colombia Joven y el Servicio Nacional de Aprendizaje, Sena, dar\u00e1n prioridad a las siguientes actividades:<\/font><\/font><\/p>\n<p align=\"justify\"><font size=\"2\" face=\"Arial\">1. Feria de trabajo juvenil: Componente comercial y acad\u00e9mico.<\/font><\/p>\n<p align=\"justify\"><font size=\"2\" face=\"Arial\">2. Macrorrueda de negocios para nuevos empresarios: Contactos entre oferentes y demandantes.<\/font><\/p>\n<p align=\"justify\"><font size=\"2\" face=\"Arial\">3. Macrorruedas de inversi\u00f3n para nuevos empresarios: Contactos entre proponentes e inversionistas y sistema financiero.<\/font><\/p>\n<p align=\"justify\"><font size=\"2\" face=\"Arial\">4. Concursos dirigidos a emprendedores sociales y de negocio (Ventures).<\/font><\/p>\n<p align=\"justify\"><font size=\"2\" face=\"Arial\">5. Concursos para facilitar el acceso al cr\u00e9dito o a fondos de capital semilla a aquellos proyectos sobresalientes.<\/font><\/p>\n<p align=\"justify\"><font size=\"2\" face=\"Arial\">6. Programas de cofinanciaci\u00f3n para apoyo a programas de las unidades de emprendimiento y entidades de apoyo a la creaci\u00f3n de empresas: Apoyo financiero para el desarrollo de programas de formaci\u00f3n, promoci\u00f3n, asistencia t\u00e9cnica y asesor\u00eda, que ejecuten las Fundaciones, C\u00e1maras de Comercio, Universidades, incubadoras de empresas y ONG.<\/font><\/p>\n<p align=\"justify\"><font face=\"Arial\"><b><font size=\"2\">PAR\u00c1GRAFO<\/font><\/b><font size=\"2\">. Recursos. El Gobierno Nacional a trav\u00e9s de las distintas entidades, las gobernaciones, las Alcald\u00edas Municipales y Distritales, y las Areas Metropolitanas, podr\u00e1n presupuestar y destinar anualmente, los recursos necesarios para la realizaci\u00f3n de las actividades de promoci\u00f3n y de apoyo al emprendimiento de nuevas empresas innovadoras.<\/font><\/font><\/p>\n<p align=\"justify\"><font size=\"2\" face=\"Arial\">Los recursos destinados por el municipio o distrito podr\u00e1n incluir la promoci\u00f3n, organizaci\u00f3n y evaluaci\u00f3n de las actividades, previa inclusi\u00f3n y aprobaci\u00f3n en los Planes de Desarrollo.<\/font><\/p>\n<p><DIV>&nbsp;<\/DIV> <\/p>\n<p align=\"justify\"><font face=\"Arial\"><A name=19><b><font size=\"2\">ART\u00cdCULO 19. <\/font><\/b> <\/A><font size=\"2\"><i><b>BENEFICIOS POR V\u00cdNCULO DE EMPRENDEDORES A LAS REDES DE EMPRENDIMIENTO.<\/b><\/i> Quienes se vinculen con proyectos de emprendimiento a trav\u00e9s de la red nacional o regional de emprendimiento, tendr\u00e1n como incentivo la prelaci\u00f3n para acceder a programas pres\u00e9nciales y virtuales de formaci\u00f3n ocupacional impartidos por el Servicio Nacional de Aprendizaje, Sena, a acceso preferencial a las herramientas que brinda el Ministerio de Comercio, Industria y Turismo, a trav\u00e9s de la direcci\u00f3n de promoci\u00f3n y cultura empresarial, como el programa emprendedores Colombia.<\/font><\/font><\/p>\n<p align=\"justify\"><font size=\"2\" face=\"Arial\">De igual manera podr\u00e1 acceder de manera preferencial a los servicios y recursos manejados a trav\u00e9s de las entidades integrantes de las redes.<\/font><\/p>\n<p><DIV>&nbsp;<\/DIV> <\/p>\n<p align=\"justify\"><font face=\"Arial\"><A name=20><b><font size=\"2\">ART\u00cdCULO 20. <\/font><\/b> <\/A><font size=\"2\"><i><b>PROGRAMAS DE PROMOCI\u00d3N Y APOYO A LA CREACI\u00d3N, FORMALIZACI\u00d3N Y SOSTENIBILIDAD DE NUEVAS EMPRESAS.<\/b><\/i> Con el fin de promover el emprendimiento y la creaci\u00f3n de empresas en las regiones, las C\u00e1maras de Comercio, las incubadoras de empresas desarrollar\u00e1n programas de promoci\u00f3n de la empresarialidad desde temprana edad, procesos de orientaci\u00f3n, formaci\u00f3n y consultor\u00eda para emprendedores y nuevos empresarios, as\u00ed como servicios de orientaci\u00f3n para la formalizaci\u00f3n. Tambi\u00e9n las C\u00e1maras facilitaran al emprendedor, medios para la comercializaci\u00f3n de sus productos y\/o servicios, as\u00ed como la orientaci\u00f3n y preparaci\u00f3n para el acceso a las l\u00edneas de cr\u00e9dito para emprendedores y de los programas de apoyo institucional p\u00fablico y privado existentes.<\/font><\/font><\/p>\n<p><DIV>&nbsp;<\/DIV> <\/p>\n<p align=\"justify\"><font face=\"Arial\"><A name=21><b><font size=\"2\">ART\u00cdCULO 21. <\/font><\/b> <\/A><font size=\"2\"><i><b>DIFUSI\u00d3N DE LA CULTURA PARA EL EMPRENDIMIENTO EN LA TELEVISI\u00d3N P\u00daBLICA.<\/b><\/i> La Comisi\u00f3n Nacional de Televisi\u00f3n o quien haga sus veces, deber\u00e1 conceder espacios en la televisi\u00f3n p\u00fablica para que se transmitan programas que fomenten la cultura para el emprendimiento de acuerdo con los principios establecidos en esta ley.<\/font><\/font><\/p>\n<p><DIV>&nbsp;<\/DIV> <\/p>\n<p align=\"justify\"><font face=\"Arial\"><A name=22><b><font size=\"2\">ART\u00cdCULO 22. <\/font><\/b> <\/A><font size=\"2\"><i><b>CONSTITUCI\u00d3N NUEVAS EMPRESAS.<\/b><\/i> Las nuevas sociedades que se constituyan a partir de la vigencia de esta ley, cualquiera que fuere su especie o tipo, que de conformidad a lo establecido en el art\u00edculo <b> <A hrefx=\"L0905004.HTM#2\">2o<\/A><\/b> de la Ley 905 de 2004, tengan una planta de personal no superior a diez (10) trabajadores o activos totales por valor inferior a quinientos (500) salarios m\u00ednimos mensuales legales vigentes, se constituir\u00e1n con observancia de las normas propias de la Empresa Unipersonal, de acuerdo con lo establecido en el Cap\u00edtulo VIII de la Ley <b> <A hrefx=\"L0222_95.HTM#1\">222<\/A><\/b> de 1995. Las reformas estatutarias que se realicen en estas sociedades se sujetar\u00e1n a las mismas formalidades previstas en la Ley <b> <A hrefx=\"L0222_95.HTM#1\">222<\/A><\/b> de 1995 para las empresas unipersonales.<\/font><\/font><\/p>\n<p align=\"justify\"><font face=\"Arial\"><b><font size=\"2\">PAR\u00c1GRAFO<\/font><\/b><font size=\"2\">. En todo caso, cuando se trate de Sociedades en Comandita se observar\u00e1 e requisito de pluralidad previsto en el art\u00edculo <A \"C_COMERC.HTM#323\">323<\/A> del C\u00f3digo de Comercio.<\/font><\/font><\/p>\n<p align=\"justify\"><b><font face=\"Arial\" size=\"2\">*Nota Vigencia*<\/font><\/b><\/p>\n<p><DIV><\/p>\n<table border=\"1\" width=\"100%\" id=\"table3\" cellspacing=\"0\" cellpadding=\"6\">\n<tr>\n<td><font face=\"Arial\" size=\"2\">&#8211; El art\u00edculo 46 de la Ley 1258 de 2008, publicada en el Diario Oficial No. 47.194 de 5 de diciembre de 2008, &#39;Por medio de la cual se crea la sociedad por acciones simplificada&#39;, establece: <\/font><\/td>\n<\/tr>\n<tr>\n<td><font face=\"Arial\" size=\"2\">(Por favor remitirse a la norma para comprobar la vigencia del texto original que a continuaci\u00f3n se transcribe:) <\/font><\/td>\n<\/tr>\n<tr>\n<td><font face=\"Arial\" size=\"2\">&#39;ART\u00cdCULO 46. VIGENCIA Y DEROGATORIAS . La presente ley rige a partir del momento de su promulgaci\u00f3n y deroga todas las disposiciones que le sean contrarias<\/font><\/td>\n<\/tr>\n<tr>\n<td><font face=\"Arial\" size=\"2\">Sin perjuicio de las ventajas y beneficios establecidos en el ordenamiento jur\u00eddico, una vez entre en vigencia la presente ley, no se podr\u00e1n constituir sociedades unipersonales con base en el art\u00edculo 22 de la Ley 1014 de 2006. Las sociedades unipersonales constituidas al amparo de dicha disposici\u00f3n tendr\u00e1n un t\u00e9rmino m\u00e1ximo improrrogable de seis (6) meses, para transformarse en sociedades por acciones simplificadas.&#39;. <\/font><\/td>\n<\/tr>\n<\/table>\n<p style=\"margin-top: 0; margin-bottom: 0\">&nbsp;<\/p>\n<p style=\"margin-top: 0; margin-bottom: 0\"><i><b><font size=\"2\" face=\"Arial\">*Nota Jurisprudencial*<\/font><\/b><\/i><\/p>\n<p style=\"margin-top: 0; margin-bottom: 0\">&nbsp;<\/p>\n<table cellSpacing=\"0\" cellPadding=\"6\" rules=\"none\" width=\"100%\" border=\"1\" frame=\"border\" id=\"table1\">\n<tr>\n<td>\n<p style=\"margin-top: 0; margin-bottom: 0\"><i><b><font size=\"2\" face=\"Arial\">Corte Constitucional<\/font><\/b><\/i><\/td>\n<\/tr>\n<tr>\n<td align=\"justify\"><font face=\"Arial\"><i><font size=\"2\">&#8211; Aparte subrayado declarado EXEQUIBLE por los cargos examinados y &quot;&#8230;en el entendido que esta remisi\u00f3n normativa hace referencia exclusivamente a las requisitos de constituci\u00f3n de la empresa unipersonal&quot;,&nbsp; por la Corte Constitucional mediante Sentencia <\/font><b><font size=\"2\" BGCOLOR=\"#00FF00\"><a hrefx=\"..\/..\/Sentencias\/C-392-07.rtf\">C-392-07<\/a><\/font><\/b><font size=\"2\"> de 23 de mayo de 2007, Magistrado Ponente Dr. Humberto Antonio Sierra Porto.<\/font><\/i><\/font><\/td>\n<\/tr>\n<tr>\n<td align=\"justify\"><i><font size=\"2\" face=\"Arial\">Establece la Corte en la parte considerativa de la sentencia: &quot;Se declarar\u00e1 exequible por lo tanto el enunciado normativo demandado en el entendido que la expresi\u00f3n \u201cse constituir\u00e1n con observancia de las normas propias de la Empresa Unipersonal\u201d no significa una restricci\u00f3n al posibilidad de constituir sociedades comerciales cualquiera que sea su especie o tipo cuando tengan una planta de personal no superior a diez (10) trabajadores o activos totales por valor inferior a quinientos (500) salarios m\u00ednimos mensuales legales vigentes.&quot;<\/font><\/i><\/td>\n<\/tr>\n<\/table>\n<p>&nbsp;<\/DIV> <\/p>\n<p align=\"justify\"><font face=\"Arial\"><A name=23><b><font size=\"2\">ART\u00cdCULO 23. <\/font><\/b> <\/A><font size=\"2\"><i><b>REGLAMENTACI\u00d3N. <\/b><\/i>Se exhorta al Gobierno Nacional para que a trav\u00e9s de los Ministerios respectivos, reglamente todo lo concerniente al funcionamiento de las redes para el Emprendimiento, durante los tres (3) meses siguientes a la sanci\u00f3n de esta ley.<\/font><\/font><\/p>\n<p> <font face=\"Arial\"><A name=24><b><font size=\"2\">ART\u00cdCULO 24.<i> <\/i> <\/font><\/b> <\/A><font size=\"2\"><i><b>VIGENCIA. <\/b><\/i>La presente ley entrar\u00e1 a regir a partir de su promulgaci\u00f3n.<\/font><\/font><DIV>&nbsp;<\/DIV> <\/p>\n<p align=\"center\" style=\"margin-top: 0; margin-bottom: 0\"><font size=\"2\" face=\"Arial\">La Presidenta del honorable Senado de la Rep\u00fablica,<\/font><\/p>\n<p align=\"center\" style=\"margin-top: 0; margin-bottom: 0\"><font size=\"2\" face=\"Arial\">CLAUDIA BLUM DE BARBERI.<\/font><\/p>\n<p><DIV>&nbsp;<\/DIV> <\/p>\n<p align=\"center\" style=\"margin-top: 0; margin-bottom: 0\"><font size=\"2\" face=\"Arial\">El Secretario General del honorable Senado de la Rep\u00fablica,<\/font><\/p>\n<p align=\"center\" style=\"margin-top: 0; margin-bottom: 0\"><font size=\"2\" face=\"Arial\">EMILIO RAM\u00d3N OTERO DAJUD.<\/font><\/p>\n<p><DIV>&nbsp;<\/DIV> <\/p>\n<p align=\"center\" style=\"margin-top: 0; margin-bottom: 0\"><font size=\"2\" face=\"Arial\">El Presidente de la honorable C\u00e1mara de Representantes,<\/font><\/p>\n<p align=\"center\" style=\"margin-top: 0; margin-bottom: 0\"><font size=\"2\" face=\"Arial\">JULIO E. GALLARDO ARCHBOLD.<\/font><\/p>\n<p><DIV>&nbsp;<\/DIV> <\/p>\n<p align=\"center\" style=\"margin-top: 0; margin-bottom: 0\"><font size=\"2\" face=\"Arial\">El Secretario General de la honorable C\u00e1mara de Representantes,<\/font><\/p>\n<p align=\"center\" style=\"margin-top: 0; margin-bottom: 0\"><font size=\"2\" face=\"Arial\">ANGELINO LIZCANO RIVERA.<\/font><\/p>\n<p><DIV>&nbsp;<\/DIV> <\/p>\n<p align=\"center\" style=\"margin-top: 0; margin-bottom: 0\"><font size=\"2\" face=\"Arial\">REPUBLICA DE COLOMBIA &#8211; GOBIERNO NACIONAL<\/font><\/p>\n<p> <DIV>&nbsp;<\/DIV> <\/p>\n<p align=\"center\" style=\"margin-top: 0; margin-bottom: 0\"><font size=\"2\" face=\"Arial\">Publ\u00edquese y c\u00famplase.<\/font><\/p>\n<p align=\"center\" style=\"margin-top: 0; margin-bottom: 0\"><font size=\"2\" face=\"Arial\">Dada en Bogot\u00e1, D. C., a 26 de enero de 2006.<\/font><\/p>\n<p> <DIV>&nbsp;<\/DIV> <\/p>\n<p align=\"center\" style=\"margin-top: 0; margin-bottom: 0\"><b><font size=\"2\" face=\"Arial\">\u00c1LVARO URIBE V\u00c9LEZ<\/font><\/b><\/p>\n<p> <DIV>&nbsp;<\/DIV> <\/p>\n<p align=\"center\" style=\"margin-top: 0; margin-bottom: 0\"><font size=\"2\" face=\"Arial\">El Viceministro de Comercio Exterior, encargado de las funciones del Despacho del Ministro de Comercio, Industria y Turismo,<\/font><\/p>\n<p align=\"center\" style=\"margin-top: 0; margin-bottom: 0\"><font size=\"2\" face=\"Arial\">EDUARDO MU\u00d1OZ G\u00d3MEZ.<\/font><\/p>\n","protected":false},"excerpt":{"rendered":"<p>LEY 1014 DE 2006 &nbsp; LEY 1014 DE 2006 (enero 26 de 2006) Diario Oficial No. 46.164 de 27 de enero de 2006 CONGRESO DE COLOMBIA De fomento a la cultura del emprendimiento. *Notas de Vigencia* Ley reglamentada por el Decreto 1192 de 2009, sobre el fomento a la cultura del emprendimiento. &nbsp; EL CONGRESO [&hellip;]<\/p>\n","protected":false},"author":1,"featured_media":0,"comment_status":"open","ping_status":"open","sticky":false,"template":"","format":"standard","meta":{"footnotes":""},"categories":[21],"tags":[],"class_list":["post-1081","post","type-post","status-publish","format-standard","hentry","category-leyes-2006"],"_links":{"self":[{"href":"https:\/\/www.dmsjuridica.com\/buscador_20179478954\/legislacion\/leyes\/wp-json\/wp\/v2\/posts\/1081","targetHints":{"allow":["GET"]}}],"collection":[{"href":"https:\/\/www.dmsjuridica.com\/buscador_20179478954\/legislacion\/leyes\/wp-json\/wp\/v2\/posts"}],"about":[{"href":"https:\/\/www.dmsjuridica.com\/buscador_20179478954\/legislacion\/leyes\/wp-json\/wp\/v2\/types\/post"}],"author":[{"embeddable":true,"href":"https:\/\/www.dmsjuridica.com\/buscador_20179478954\/legislacion\/leyes\/wp-json\/wp\/v2\/users\/1"}],"replies":[{"embeddable":true,"href":"https:\/\/www.dmsjuridica.com\/buscador_20179478954\/legislacion\/leyes\/wp-json\/wp\/v2\/comments?post=1081"}],"version-history":[{"count":0,"href":"https:\/\/www.dmsjuridica.com\/buscador_20179478954\/legislacion\/leyes\/wp-json\/wp\/v2\/posts\/1081\/revisions"}],"wp:attachment":[{"href":"https:\/\/www.dmsjuridica.com\/buscador_20179478954\/legislacion\/leyes\/wp-json\/wp\/v2\/media?parent=1081"}],"wp:term":[{"taxonomy":"category","embeddable":true,"href":"https:\/\/www.dmsjuridica.com\/buscador_20179478954\/legislacion\/leyes\/wp-json\/wp\/v2\/categories?post=1081"},{"taxonomy":"post_tag","embeddable":true,"href":"https:\/\/www.dmsjuridica.com\/buscador_20179478954\/legislacion\/leyes\/wp-json\/wp\/v2\/tags?post=1081"}],"curies":[{"name":"wp","href":"https:\/\/api.w.org\/{rel}","templated":true}]}}