{"id":1085,"date":"2020-11-24T19:24:05","date_gmt":"2020-11-24T19:24:05","guid":{"rendered":"https:\/\/www.dmsjuridica.com\/buscador_20179478954\/legislacion\/leyes\/2020\/11\/24\/ley-1018-de-2006\/"},"modified":"2020-11-24T19:24:05","modified_gmt":"2020-11-24T19:24:05","slug":"ley-1018-de-2006","status":"publish","type":"post","link":"https:\/\/www.dmsjuridica.com\/buscador_20179478954\/legislacion\/leyes\/2020\/11\/24\/ley-1018-de-2006\/","title":{"rendered":"LEY 1018 DE 2006"},"content":{"rendered":"<p>LEY 1018 DE 2006            <\/a><\/p>\n<p>&nbsp;<\/p>\n<p align=\"center\"><b><font size=\"2\"><img loading=\"lazy\" decoding=\"async\" border=\"0\" src=\"http:\/\/dmsjuridica.com\/CODIGOS\/LEGISLACION\/LEYES\/2019\/dms.png\" width=\"138\" height=\"103\"align=\"center\"><\/p>\n<p align=\"center\"><b><font size=\"6\">&nbsp;LEY 1018 DE 2006<\/font><\/b><\/p>\n<p align=\"center\"><b><font size=\"2\">(febrero 28)<\/font><\/b><\/p>\n<p align=\"center\"><b><font size=\"2\">Diario Oficial No. 46.196 de 28 de febrero de 2006<\/font><\/b><\/p>\n<p><DIV>&nbsp;<\/DIV> <\/p>\n<p align=\"center\"><b><font size=\"2\">CONGRESO DE LA REPUBLICA<\/font><\/b><\/p>\n<p align=\"center\">&nbsp;<\/p>\n<p><font face=\"Arial\" size=\"2\">*<b>Notas de Vigencia<\/b>*<\/font><\/p>\n<table border=\"1\" cellpadding=\"6\" cellspacing=\"0\" width=\"100%\" id=\"table1\">\n<tr>\n<td>\n<p align=\"justify\"><font size=\"2\">Ley expedida por error administrativo de doble numeraci\u00f3n. La corte estudia la Constitucionalidad de este convenio en el tr\u00e1mite LAT-269 (Ley <b><a hrefx=\"L0896004.htm\">896<\/a><\/b> de 2004, &quot;Por medio de la cual se aprueba el Convenio entre el Gobierno de la Rep\u00fablica de Colombia y el Gobierno de la Rep\u00fablica de Bolivia para la Recuperaci\u00f3n de Bienes Culturales y otros Espec\u00edficos Robados, Importados o Exportados Il\u00edcitamente, suscrito en la ciudad de La Paz, a los veinte (20) d\u00edas del mes de agosto del a\u00f1o dos mil uno (2001))&quot;&gt;<\/font><\/td>\n<\/tr>\n<\/table>\n<p align=\"center\"><font size=\"2\">Por medio de la cual se aprueba el \u201cconvenio entre el gobierno de la Rep\u00fablica de Colombia y el gobierno de la Rep\u00fablica de Bolivia para la recuperaci\u00f3n de bienes culturales y otros espec\u00edficos robados, importados o exportados il\u00edcitamente\u201d, suscrito en la ciudad de la Paz, a los veinte (20) d\u00edas del mes de agosto del a\u00f1o dos mil uno (2001). <\/font><\/p>\n<p><DIV><\/p>\n<div align=\"justify\">\n<p class=\"MsoNormal\" style=\"text-align: justify; text-autospace: none\">*Nota jurisprudencial*<\/p>\n<\/div>\n<table cellSpacing=\"0\" cellPadding=\"6\" rules=\"none\" width=\"100%\" border=\"1\" frame=\"border\" id=\"table2\">\n<tr>\n<td>\n<p align=\"justify\"><b><font size=\"2\">NOTAS DE VIGENCIA:<\/font><\/b><\/td>\n<\/tr>\n<tr>\n<td>\n<p align=\"justify\"><font size=\"2\">&#8211; Esta Ley se expidi\u00f3 por error de doble numeraci\u00f3n, debida a el env\u00edo, mediante el Auto A089_05, de la Ley <b><a hrefx=\"L0896004.htm\">896<\/a><\/b> de 2004 al congreso para subsanar el vicio de tr\u00e1mite. seg\u00fan lo expuesto por la Corte Constitucional mediante el Auto A179_06, por el cual deja sin efectos lo actuado en el proceso LAT-288, con excepci\u00f3n de las pruebas que se surtieron, las cu\u00e1les ser\u00e1n trasladadas al&nbsp; LAT-269.&quot; (corresponde a la Sentencia <\/font><b><font size=\"2\" BGCOLOR=\"#00FF00\"><a hrefx=\"..\/..\/Sentencias\/C-863-06.rtf\">C-863-06<\/a><\/font><\/b><font size=\"2\">).&nbsp;<\/font><\/td>\n<\/tr>\n<\/table>\n<p>&nbsp;<\/DIV> <\/p>\n<p align=\"justify\"><b><font size=\"2\">EL CONGRESO DE LA REPUBLICA<\/font><\/b><\/p>\n<p align=\"justify\"><font size=\"2\">Visto el texto del \u201cConvenio entre el Gobierno de la Rep\u00fablica de Colombia y el Gobierno de la Rep\u00fablica de Bolivia para la recuperaci\u00f3n de bienes culturales y otros espec\u00edficos robados, importados o exportados il\u00edcitamente\u201d, suscrito en la ciudad de La Paz, a los veinte (20) d\u00edas del mes de agosto del a\u00f1o dos mil uno (2001), que a la letra dice:<\/font><\/p>\n<p align=\"justify\"><font size=\"2\">(Para ser trascrito: Se adjunta fotocopia del texto \u00edntegro del instrumento internacional mencionado).<\/font><\/p>\n<p><DIV>&nbsp;<\/DIV> <b><font size=\"2\" face=\"Arial\">PROYECTO DE LEY NUMERO 212 DE 2003<\/font><\/b> <\/p>\n<p align=\"justify\"><font size=\"2\" face=\"Arial\">Por medio de la cual se aprueba el \u201cconvenio entre el gobierno de la Rep\u00fablica de Colombia y el gobierno de la Rep\u00fablica de Bolivia para la recuperaci\u00f3n de bienes culturales y otros espec\u00edficos robados, importados o exportados il\u00edcitamente\u201d, suscrito en la ciudad de la Paz, a los veinte (20) d\u00edas del mes de agosto del a\u00f1o dos mil uno (2001).<\/font><\/p>\n<p><DIV>&nbsp;<\/DIV> <b><font size=\"2\" face=\"Arial\">El Congreso de la Rep\u00fablica<\/font><\/b> <\/p>\n<p align=\"justify\"><font size=\"2\" face=\"Arial\">Visto el texto del Convenio entre el Gobierno de la Rep\u00fablica de Colombia y el Gobierno de la Rep\u00fablica de Bolivia para la recuperaci\u00f3n de bienes culturales y otros espec\u00edficos robados, importados o exportados il\u00edcitamente, suscrito en la ciudad de La Paz, a los veinte (20) d\u00edas del mes de agosto del a\u00f1o dos mil uno (2001), que a la letra dice:<\/font><\/p>\n<p> <font size=\"2\" face=\"Arial\">(Para ser trascrito: Se adjunta fotocopia del texto \u00edntegro del instrumento internacional mencionado).<\/font><DIV>&nbsp;<\/DIV> <\/p>\n<p align=\"justify\"><b><font size=\"2\" face=\"Arial\">CONVENIO ENTRE EL GOBIERNO DE LA REPUBLICA DE COLOMBIA Y EL GOBIERNO DE LA REPUBLICA DE BOLIVIA PARA LA RECUPERACI\u00d3N DE BIENES CULTURALES Y OTROS ESPEC\u00cdFICOS ROBADOS, IMPORTADOS O EXPORTADOS IL\u00cdCITAMENTE<\/font><\/b><\/p>\n<p> <font size=\"2\" face=\"Arial\">La Rep\u00fablica de Colombia y la Rep\u00fablica de Bolivia, en adelante denominadas las \u201cPartes\u201d,<\/font> <font size=\"2\" face=\"Arial\">Reconociendo la importancia de proteger el patrimonio cultural de ambos pa\u00edses;<\/font> <\/p>\n<p align=\"justify\"><font size=\"2\" face=\"Arial\">Teniendo en cuenta otros mecanismos internacionales de defensa del patrimonio cultural, como la Convenci\u00f3n de la Unesco de 1970 sobre las medidas a adoptarse de prohibir e impedir la importaci\u00f3n, exportaci\u00f3n y transferencia il\u00edcitas de bienes culturales; y la Decisi\u00f3n 460 sobre la protecci\u00f3n y recuperaci\u00f3n de bienes culturales del patrimonio arqueol\u00f3gico, hist\u00f3rico, etnol\u00f3gico, paleontol\u00f3gico y art\u00edstico de la Comunidad Andina;<\/font><\/p>\n<p align=\"justify\"><font size=\"2\" face=\"Arial\">Reconociendo que la importaci\u00f3n, exportaci\u00f3n o transferencia il\u00edcita de bienes culturales constituyen un grave perjuicio en la preservaci\u00f3n y conservaci\u00f3n del Patrimonio Cultural, afectando irreversiblemente al legado hist\u00f3rico de ambas naciones como base de sus identidades;<\/font><\/p>\n<p align=\"justify\"><font size=\"2\" face=\"Arial\">Admitiendo que la colaboraci\u00f3n entre ambos Estados Parte para la recuperaci\u00f3n de bienes culturales y otros espec\u00edficos robados, importados, exportados o transferidos il\u00edcitamente constituye uno de los medios m\u00e1s eficaces para proteger y reconocer el derecho propietario originario de cada naci\u00f3n sobre sus bienes culturales respectivos;<\/font><\/p>\n<p align=\"justify\"><font size=\"2\" face=\"Arial\">Deseando establecer normas comunes que permitan la recuperaci\u00f3n de bienes culturales, en los casos que estos hayan sido robados, importados, exportados o transferidos il\u00edcitamente;<\/font><\/p>\n<p> <font size=\"2\" face=\"Arial\">Han acordado lo siguiente:<\/font><DIV>&nbsp;<\/DIV> <b><font size=\"2\" face=\"Arial\">ARTICULO I<\/font><\/b> <\/p>\n<p align=\"justify\"><font size=\"2\" face=\"Arial\">1. Ambos Estados Partes se comprometen a prohibir e impedir el ingreso en sus respectivos territorios, de bienes culturales y otros espec\u00edficos provenientes de la otra Parte contratante.<\/font><\/p>\n<p align=\"justify\"><font size=\"2\" face=\"Arial\">2. S\u00f3lo podr\u00e1n ser aceptados temporalmente, por cualquiera de los Estados Partes, aquellos bienes culturales y patrimoniales que cuenten con la respectiva certificaci\u00f3n y permiso expreso de las Partes, de acuerdo con las disposiciones legales de cada pa\u00eds.<\/font><\/p>\n<p align=\"justify\"><font size=\"2\" face=\"Arial\">3. Cuando el Estado receptor evidencie la inexistencia de la autorizaci\u00f3n certificada y expresa en los bienes culturales importados y transferidos il\u00edcitamente, denunciar\u00e1 al Estado de procedencia el ingreso de los mismos, procediendo a su inmediato decomiso preventivo.<\/font><\/p>\n<p align=\"justify\"><font size=\"2\" face=\"Arial\">4. Para los efectos del presente Convenio, se denominan \u201cbienes culturales patrimoniales y otros espec\u00edficos\u201d a los que establece las legislaciones internas de cada pa\u00eds en forma enunciativa y no limitativa.<\/font><\/p>\n<p align=\"justify\"><font size=\"2\" face=\"Arial\">5. A los efectos del presente Convenio se entender\u00e1 por bienes culturales entre otros los siguientes: <\/font><\/p>\n<p align=\"justify\"><font size=\"2\" face=\"Arial\">a) Los objetos arqueol\u00f3gicos procedentes de las culturas precolombinas de ambos pa\u00edses, incluyendo elementos arquitect\u00f3nicos, esculturas, piezas de cer\u00e1mica, trabajos en metal, textiles y otras evidencias materiales de la actividad humana o fragmentos de estos;<\/font><\/p>\n<p align=\"justify\"><font size=\"2\" face=\"Arial\">b) Objetos y colecciones paleontol\u00f3gicos ya sea que est\u00e9n clasificados y con certificaci\u00f3n de origen de cualquiera de las Partes o no;<\/font><\/p>\n<p align=\"justify\"><font size=\"2\" face=\"Arial\">c) Los objetos o fragmentos de piezas de arte, de culto religioso y\/o profano de la \u00e9poca colonial y republicana protegidos por la legislaci\u00f3n de ambos pa\u00edses;<\/font><\/p>\n<p align=\"justify\"><font size=\"2\" face=\"Arial\">d) Los documentos provenientes de archivos oficiales de los Gobiernos centrales, estatales, regionales, departamentales, prefecturales, municipales y de otras entidades de car\u00e1cter p\u00fablico de acuerdo con las leyes de cada parte, que sean de propiedad de estos o de organizaciones religiosas a favor de las cuales ambos Gobiernos est\u00e1n facultados para actuar;<\/font><\/p>\n<p align=\"justify\"><font size=\"2\" face=\"Arial\">e) Antig\u00fcedades tales como monedas, inscripciones y sellos grabados de cualquier \u00e9poca y que los respectivos pa\u00edses consideren como integrantes de su patrimonio cultural;<\/font><\/p>\n<p align=\"justify\"><font size=\"2\" face=\"Arial\">f) Bienes de inter\u00e9s art\u00edstico tales como cuadros, pinturas, dibujos hechos enteramente a mano sobre cualquier soporte o en cualquier material, y la producci\u00f3n de originales de arte estatuario y de escultura en cualquier material, grabados, estampados y litograf\u00edas originales;<\/font><\/p>\n<p align=\"justify\"><font size=\"2\" face=\"Arial\">g) Manuscritos raros e incunables, libros, documentos y publicaciones de Inter\u00e9s hist\u00f3rico, art\u00edstico, cient\u00edfico, literario, etc, sean sueltos o en colecciones;<\/font><\/p>\n<p align=\"justify\"><font size=\"2\" face=\"Arial\">h) Sellos de correos, sellos fiscales y an\u00e1logos sueltos en colecciones;<\/font><\/p>\n<p align=\"justify\"><font size=\"2\" face=\"Arial\">i) Archivos y material fonogr\u00e1fico, fotogr\u00e1fico y cinematogr\u00e1fico, en poder de entidades oficiales o privadas, protegidos por la legislaci\u00f3n de cada pa\u00eds;<\/font><\/p>\n<p align=\"justify\"><font size=\"2\" face=\"Arial\">j) Muebles y\/o mobiliario incluidos instrumentos de m\u00fasica de inter\u00e9s hist\u00f3rico y cultural, con una antig\u00fcedad de 50 a\u00f1os;<\/font><\/p>\n<p align=\"justify\"><font size=\"2\" face=\"Arial\">k) Material etnol\u00f3gico de uso ceremonial y utilitario como tejidos, arte plumario y otros;<\/font><\/p>\n<p align=\"justify\"><font size=\"2\" face=\"Arial\">6. Quedan igualmente incluidos los bienes culturales y documentales de propiedad privada que cada Estado Parte considere y que est\u00e9n protegidos por la legislaci\u00f3n nacional de cada Parte, sobre los cuales deber\u00e1 realizarse la respectiva valoraci\u00f3n, inventario y registro ante las entidades competentes.<\/font><\/p>\n<p><DIV>&nbsp;<\/DIV> <b><font size=\"2\" face=\"Arial\">ARTICULO II<\/font><\/b> <\/p>\n<p align=\"justify\"><font size=\"2\" face=\"Arial\">1. A solicitud expresa, en forma escrita de las autoridades competentes de la Administraci\u00f3n cultural de una de las Partes, la otra emplear\u00e1 los medios legales preestablecidos en su ordenamiento p\u00fablico para recuperar y devolver desde su territorio los bienes culturales patrimoniales y espec\u00edficos que hubiesen sido robados, importados, exportados o transferidos il\u00edcitamente del territorio de la parte requiriente.<\/font><\/p>\n<p align=\"justify\"><font size=\"2\" face=\"Arial\">2. A partir de la fecha del presente Convenio, los pedidos de recuperaci\u00f3n y devoluci\u00f3n de bienes culturales patrimoniales previa acreditaci\u00f3n de origen, autenticidad y denuncia por las autoridades competentes deber\u00e1n formalizarse por los canales diplom\u00e1ticos.<\/font><\/p>\n<p align=\"justify\"><font size=\"2\" face=\"Arial\">3. Los gastos inherentes a los servicios destinados para la recuperaci\u00f3n y devoluci\u00f3n mencionados en el numeral anterior, ser\u00e1n sufragados por la parte requiriente.<\/font><\/p>\n<p><DIV>&nbsp;<\/DIV> <b><font size=\"2\" face=\"Arial\">ARTICULO III<\/font><\/b> <\/p>\n<p align=\"justify\"><font size=\"2\" face=\"Arial\">1. Las Partes deber\u00e1n informar a la otra de los robos de bienes culturales que lleguen a su conocimiento, cuando exista raz\u00f3n para creer que dichos objetos probablemente ser\u00e1n introducidos en el comercio internacional.<\/font><\/p>\n<p align=\"justify\"><font size=\"2\" face=\"Arial\">2. Las Partes se comprometen tambi\u00e9n a intercambiar informaci\u00f3n t\u00e9cnica y legal relativa a los bienes culturales que son materia de robo y\/o tr\u00e1fico il\u00edcito, as\u00ed como capacitar y difundir dicha informaci\u00f3n a sus respectivas autoridades y polic\u00edas de puertos, aeropuertos y fronteras, para facilitar su identificaci\u00f3n y la aplicaci\u00f3n de medidas cautelares coercitivas que correspondan en cada caso.<\/font><\/p>\n<p align=\"justify\"><font size=\"2\" face=\"Arial\">3. Las Partes se comprometen a intercambiar informaci\u00f3n destinada a identificar a los sujetos que, en el territorio de cada una de ellas, hayan participado en el robo, importaci\u00f3n, exportaci\u00f3n, transferencia il\u00edcita y\/o conductas delictivas conexas.<\/font><\/p>\n<p align=\"justify\"><font size=\"2\" face=\"Arial\">4. Con este prop\u00f3sito y sobre la base de la investigaci\u00f3n policial realizada, deber\u00e1 remitir a la otra parte suficiente informaci\u00f3n descriptiva que permita identificar los objetos e igualmente quienes hayan participado en el robo, venta, importaci\u00f3n, exportaci\u00f3n il\u00edcita y\/o conductas delictivas conexas, as\u00ed como el esclarecer el modo operativo empleado por los delincuentes.<\/font><\/p>\n<p align=\"justify\"><font size=\"2\" face=\"Arial\">5. Las Partes difundir\u00e1n entre sus respectivas autoridades aduaneras y policiales de puertos, aeropuertos, fronteras, informaci\u00f3n relativa a los bienes culturales que hayan sido materia de robo y\/o tr\u00e1fico il\u00edcito, con el fin de facilitar su identificaci\u00f3n y la aplicaci\u00f3n de las medidas cautelares correspondientes.<\/font><\/p>\n<p align=\"justify\"><font size=\"2\" face=\"Arial\">6. Las Partes se comprometen asimismo a realizar pasant\u00edas e intercambiar informaci\u00f3n para actualizar conocimientos y coordinar actividades bilaterales en la adopci\u00f3n de medidas para contrarrestar el comercio il\u00edcito de bienes culturales.<\/font><\/p>\n<p align=\"justify\"><font size=\"2\" face=\"Arial\">7. Las Partes se comprometen a intercambiar informaci\u00f3n relacionada con los bienes que pueden circular libremente y que no est\u00e9n cobijados por las normativas de protecci\u00f3n patrimonial de cada pa\u00eds, lo cual facilitar\u00e1 los controles aduaneros al ingresar o salir de cada Estado Parte.<\/font><\/p>\n<p align=\"justify\"><font size=\"2\" face=\"Arial\">8. Los documentos provenientes de una de las Partes que deban ser presentados en el territorio de la otra Parte, que se tramiten por medio de las autoridades competentes, no requerir\u00e1n de autenticaci\u00f3n o de cualquier otra formalidad an\u00e1loga.<\/font><\/p>\n<p><DIV>&nbsp;<\/DIV> <b><font size=\"2\" face=\"Arial\">ARTICULO IV<\/font><\/b> <\/p>\n<p align=\"justify\"><font size=\"2\" face=\"Arial\">Ambas Partes contratantes convienen en la exoneraci\u00f3n total de grav\u00e1menes aduaneros, de conformidad con su ordenamiento jur\u00eddico interno, durante el proceso de recuperaci\u00f3n y devoluci\u00f3n de los bienes culturales patrimoniales hacia el pa\u00eds de origen en aplicaci\u00f3n de lo dispuesto en el presente Convenio.<\/font><\/p>\n<p><DIV>&nbsp;<\/DIV> <b><font size=\"2\" face=\"Arial\">ARTICULO V<\/font><\/b> <\/p>\n<p align=\"justify\"><font size=\"2\" face=\"Arial\">Las Partes se notificar\u00e1n por v\u00eda diplom\u00e1tica el cumplimiento de los requisitos legales internos necesarios para la entrada en vigor del presente Convenio. El Convenio entrar\u00e1 en vigor una vez se haya producido la segunda de tales notificaciones.<\/font><\/p>\n<p><DIV>&nbsp;<\/DIV> <font face=\"Arial\"><b><font size=\"2\">ARTICULO<\/font><\/b><font size=\"2\"> VI<\/font><\/font> <\/p>\n<p align=\"justify\"><font size=\"2\" face=\"Arial\">El presente Convenio regir\u00e1 en forma indefinida. Cualquiera de las Partes podr\u00e1 denunciarlo mediante notificaci\u00f3n escrita dirigida a la otra parte, la cual entrar\u00e1 a regir a los 90 d\u00edas de recibida esta \u00faltima. Sin perjuicio de lo anterior, las solicitudes iniciadas o presentadas con fundamento en el presente Convenio y que est\u00e9n en curso en el momento de producirse la denuncia, continuar\u00e1n ejecut\u00e1ndose hasta su normal conclusi\u00f3n, salvo que las Partes de com\u00fan acuerdo dispongan otra cosa.<\/font><\/p>\n<p align=\"justify\"><font size=\"2\" face=\"Arial\">Suscrito en la ciudad de La Paz, a los veinte d\u00edas del mes de agosto del a\u00f1o dos mil uno, en dos ejemplares originales, siendo ambos textos igualmente aut\u00e9nticos.<\/font><\/p>\n<p><DIV>&nbsp;<\/DIV> <\/p>\n<p align=\"center\" style=\"margin-top: 0; margin-bottom: 0\"><font size=\"2\" face=\"Arial\">Por el Gobierno de la Rep\u00fablica de Colombia, <\/font> <\/p>\n<p align=\"center\" style=\"margin-top: 0; margin-bottom: 0\"><font size=\"2\" face=\"Arial\">GUILLERMO FERN\u00c1NDEZ DE SOTO,<\/font><\/p>\n<p align=\"center\" style=\"margin-top: 0; margin-bottom: 0\"><font size=\"2\" face=\"Arial\">Ministro de Relaciones Exteriores.<\/font><\/p>\n<p><DIV>&nbsp;<\/DIV> <\/p>\n<p align=\"center\" style=\"margin-top: 0; margin-bottom: 0\"><font size=\"2\" face=\"Arial\">Por el Gobierno de la Rep\u00fablica de Bolivia,<\/font><\/p>\n<p align=\"center\" style=\"margin-top: 0; margin-bottom: 0\"><font size=\"2\" face=\"Arial\">GUSTAVO FERN\u00c1NDEZ SAAVEDRA,<\/font><\/p>\n<p align=\"center\" style=\"margin-top: 0; margin-bottom: 0\"><font size=\"2\" face=\"Arial\">Ministro de Relaciones Exteriores y Culto. <\/font> <\/p>\n<p><DIV>&nbsp;<\/DIV> <DIV>&nbsp;<\/DIV> <\/p>\n<p align=\"center\" style=\"margin-top: 0; margin-bottom: 0\"><font size=\"2\" face=\"Arial\">RAMA EJECUTIVA DEL PODER PUBLICO<\/font><\/p>\n<p align=\"center\" style=\"margin-top: 0; margin-bottom: 0\"><font size=\"2\" face=\"Arial\">PRESIDENCIA DE LA REPUBLICA<\/font><\/p>\n<p><DIV>&nbsp;<\/DIV> <\/p>\n<p align=\"center\" style=\"margin-top: 0; margin-bottom: 0\"><font size=\"2\" face=\"Arial\">Bogot\u00e1, D. C., 5 de marzo de 2002<\/font><\/p>\n<p><DIV>&nbsp;<\/DIV> <\/p>\n<p align=\"center\" style=\"margin-top: 0; margin-bottom: 0\"><font size=\"2\" face=\"Arial\">Aprobado. Som\u00e9tase a la consideraci\u00f3n del honorable Congreso Nacional para los efectos constitucionales<\/font><\/p>\n<p><DIV>&nbsp;<\/DIV> <DIV>&nbsp;<\/DIV> <\/p>\n<p align=\"center\" style=\"margin-top: 0; margin-bottom: 0\"><b><font size=\"2\" face=\"Arial\">( Fdo.) ANDR\u00c9S PASTRANA ARANG<\/font><\/b><\/p>\n<p><DIV>&nbsp;<\/DIV> <DIV>&nbsp;<\/DIV> <\/p>\n<p align=\"center\" style=\"margin-top: 0; margin-bottom: 0\"><font size=\"2\" face=\"Arial\">El Ministro de Relaciones Exteriores, <\/font> <\/p>\n<p align=\"center\" style=\"margin-top: 0; margin-bottom: 0\"><font size=\"2\" face=\"Arial\">(FDO.) GUILLERMO FERN\u00c1NDEZ DE SOTO.<\/font><\/p>\n<p><DIV>&nbsp;<\/DIV> <DIV>&nbsp;<\/DIV> <\/p>\n<p align=\"center\"><font face=\"Arial\"><b><font size=\"2\">DECRETA<\/font><\/b><font size=\"2\">:<\/font><\/font><\/p>\n<p align=\"justify\"><font size=\"2\" face=\"Arial\"><b>Art\u00edculo 1o.<\/b> Apru\u00e9base el Convenio entre el Gobierno de la Rep\u00fablica de Colombia y el Gobierno de la Rep\u00fablica de Bolivia para la recuperaci\u00f3n de bienes culturales y otros espec\u00edficos robados, importados o exportados il\u00edcitamente, suscrito en la ciudad de La Paz, a los veinte (20) d\u00edas del mes de agosto del a\u00f1o dos mil uno (2001).<\/font><\/p>\n<p><DIV>&nbsp;<\/DIV> <\/p>\n<p align=\"justify\"><font size=\"2\" face=\"Arial\"><b>Art\u00edculo 2o.<\/b> De conformidad con lo dispuesto en el art\u00edculo 1o de la Ley 7\u00aa de 1944, el Convenio entre el Gobierno de la Rep\u00fablica de Colombia y el Gobierno de la Rep\u00fablica de Bolivia para la recuperaci\u00f3n de bienes culturales y otros espec\u00edficos robados, importados o exportados il\u00edcitamente, suscrito en la ciudad de La Paz, a los veinte (20) d\u00edas del mes de agosto del a\u00f1o dos mil uno (2001), que por el art\u00edculo primero de esta ley se aprueba, obligar\u00e1 al pa\u00eds a partir de la fecha en que se perfeccione el v\u00ednculo internacional respecto del mismo.<\/font><\/p>\n<p><DIV>&nbsp;<\/DIV> <font size=\"2\" face=\"Arial\"><b>Art\u00edculo 3o.<\/b> La presente ley rige a partir de la fecha de su publicaci\u00f3n.<\/font><DIV>&nbsp;<\/DIV> <\/p>\n<p align=\"center\" style=\"margin-top: 0; margin-bottom: 0\"><font size=\"2\" face=\"Arial\">Dada en Bogot\u00e1, D. C., a los<\/font><\/p>\n<p><DIV>&nbsp;<\/DIV> <\/p>\n<p align=\"center\" style=\"margin-top: 0; margin-bottom: 0\"><font size=\"2\" face=\"Arial\">Presentado al honorable Congreso de la Rep\u00fablica por las suscritas Ministras de Relaciones Exteriores y de Cultura.<\/font><\/p>\n<p><DIV>&nbsp;<\/DIV> <\/p>\n<p align=\"center\" style=\"margin-top: 0; margin-bottom: 0\"><font size=\"2\" face=\"Arial\">La Ministra de Relaciones Exteriores, <\/font> <\/p>\n<p align=\"center\" style=\"margin-top: 0; margin-bottom: 0\"><font size=\"2\" face=\"Arial\">CAROLINA BARCO ISAKSON.<\/font><\/p>\n<p><DIV>&nbsp;<\/DIV> <\/p>\n<p align=\"center\" style=\"margin-top: 0; margin-bottom: 0\"><font size=\"2\" face=\"Arial\">La Ministra de Cultura, <\/font> <\/p>\n<p align=\"center\" style=\"margin-top: 0; margin-bottom: 0\"><font size=\"2\" face=\"Arial\">MAR\u00cdA CONSUELO ARA\u00daJO CASTRO.<\/font><\/p>\n<p align=\"center\" style=\"margin-top: 0; margin-bottom: 0\">&nbsp;<\/p>\n<p><DIV>&nbsp;<\/DIV> <b><font size=\"2\" face=\"Arial\">EXPOSICI\u00d3N DE MOTIVOS<\/font><\/b><DIV>&nbsp;<\/DIV> <font size=\"2\" face=\"Arial\">Honorables Senadores y Representantes:<\/font> <\/p>\n<p align=\"justify\"><font size=\"2\" face=\"Arial\">En nombre del Gobierno Nacional y en cumplimiento de los art\u00edculos <a hrefx=\"CONS_P91.HTM#150\">150<\/A> numeral 16 y <a hrefx=\"CONS_P91.HTM#189\">189<\/A> numeral 2 de la Constituci\u00f3n Pol\u00edtica de Colombia, presentamos a consideraci\u00f3n del Honorable Congreso de la Rep\u00fablica el Proyecto de Ley por medio de la cual se aprueba el CONVENIO ENTRE EL GOBIERNO DE LA REP\u00daBLICA DE COLOMBIA Y EL GOBIERNO DE LA REP\u00daBLICA DE BOLIVIA PARA LA RECUPERACI\u00d3N DE BIENES CULTURALES Y OTROS ESPEC\u00cdFICOS ROBADOS, IMPORTADOS O EXPORTADOS IL\u00cdCITAMENTE, suscrito en la ciudad de La Paz, a los veinte (20) d\u00edas del mes de agosto del a\u00f1o dos mil uno (2001).<\/font><\/p>\n<p align=\"justify\"><font size=\"2\" face=\"Arial\">La gran variedad de objetos que conforman el patrimonio cultural de cada pa\u00eds son esenciales para la comprensi\u00f3n de la historia y para la permanencia de la memoria colectiva de las sociedades, soporte fundamental de la identidad nacional.<\/font><\/p>\n<p align=\"justify\"><font size=\"2\" face=\"Arial\">Estas producciones y sus contextos, son testigos fehacientes del devenir hist\u00f3rico del hombre, valiosa fuente de investigaci\u00f3n y v\u00ednculo entre el pasado, el presente y el futuro.<\/font><\/p>\n<p align=\"justify\"><font size=\"2\" face=\"Arial\">Sin embargo, es una realidad que estos testimonios se est\u00e1n perdiendo por muchas razones, entre ellas el tr\u00e1fico il\u00edcito, considerado en la reciente Cumbre de las Am\u00e9ricas celebrada en Quebec, como una amenaza multidimensional a la seguridad de las sociedades.<\/font><\/p>\n<p align=\"justify\"><font size=\"2\" face=\"Arial\">Los Gobiernos han reconocido la necesidad de fortalecer las estrategias para impedir el tr\u00e1fico il\u00edcito de bienes culturales y se han comprometido en cooperar activamente, tanto en el nivel nacional como internacional, para luchar contra este flagelo.<\/font><\/p>\n<p align=\"justify\"><font size=\"2\" face=\"Arial\">Basados en los principios de la cooperaci\u00f3n internacional, la Unesco y el ICOM han promovido la adhesi\u00f3n a convenios multilaterales y bilaterales que contribuyan a la protecci\u00f3n del patrimonio cultural de las naciones, constituido por los bienes culturales existentes en su territorio.<\/font><\/p>\n<p align=\"justify\"><font size=\"2\" face=\"Arial\">La Convenci\u00f3n sobre las medidas que deben adoptarse para prohibir e impedir la importaci\u00f3n, la exportaci\u00f3n y la transferencia de propiedad il\u00edcitas de bienes culturales es el instrumento, a nivel internacional, m\u00e1s eficaz para proteger los bienes culturales contra los peligros que contribuyen al empobrecimiento del patrimonio cultural de los pa\u00edses de origen.<\/font><\/p>\n<p align=\"justify\"><font size=\"2\" face=\"Arial\">Considerando que la cooperaci\u00f3n bilateral contribuye al desarrollo y fortalecimiento de la Campa\u00f1a Nacional contra el Tr\u00e1fico Il\u00edcito de Bienes Culturales, promovida por el Ministerio de cultura de Colombia, en donde la cooperaci\u00f3n bilateral y multilateral es fundamental para proteger, no solo el patrimonio de Colombia, sino el de los dem\u00e1s pa\u00edses.<\/font><\/p>\n<p align=\"justify\"><font size=\"2\" face=\"Arial\">Teniendo en cuenta lo anterior, el Gobierno Nacional, a trav\u00e9s de sus Ministros de Relaciones Exteriores y de Cultura, solicita al honorable Congreso de la Rep\u00fablica, aprobar el CONVENIO ENTRE EL GOBIERNO DE LA REPUBLICA DE COLOMBIA Y EL GOBIERNO DE LA REPUBLICA DE BOLIVIA PARA LA RECUPERACI\u00d3N DE BIENES CULTURALES Y OTROS ESPEC\u00cdFICOS ROBADOS, IMPORTADOS O EXPORTADOS IL\u00cdCITAMENTE, suscrito en la ciudad de La Paz, a los veinte (20) d\u00edas del mes de agosto del a\u00f1o dos mil uno (2001).<\/font><\/p>\n<p><DIV>&nbsp;<\/DIV> <\/p>\n<p align=\"center\" style=\"margin-top: 0; margin-bottom: 0\"><font size=\"2\" face=\"Arial\">De los honorables Congresistas,<\/font><\/p>\n<p><DIV>&nbsp;<\/DIV> <\/p>\n<p align=\"center\" style=\"margin-top: 0; margin-bottom: 0\"><font size=\"2\" face=\"Arial\">La Ministra de Relaciones Exteriores, <\/font> <\/p>\n<p align=\"center\" style=\"margin-top: 0; margin-bottom: 0\"><font size=\"2\" face=\"Arial\">CAROLINA BARCO ISAKSON.<\/font><\/p>\n<p><DIV>&nbsp;<\/DIV> <\/p>\n<p align=\"center\" style=\"margin-top: 0; margin-bottom: 0\"><font size=\"2\" face=\"Arial\">La Ministra de Cultura, <\/font> <\/p>\n<p align=\"center\" style=\"margin-top: 0; margin-bottom: 0\"><font size=\"2\" face=\"Arial\">MAR\u00cdA CONSUELO ARA\u00daJO CASTRO.<\/font><\/p>\n<p align=\"center\" style=\"margin-top: 0; margin-bottom: 0\">&nbsp;<\/p>\n<p align=\"center\" style=\"margin-top: 0; margin-bottom: 0\">&nbsp;<\/p>\n<p><DIV>&nbsp;<\/DIV> <DIV>&nbsp;<\/DIV> <\/p>\n<p align=\"center\" style=\"margin-top: 0; margin-bottom: 0\"><b><font size=\"2\" face=\"Arial\">LEY 424 DE 1998<\/font><\/b><\/p>\n<p align=\"center\" style=\"margin-top: 0; margin-bottom: 0\"><font size=\"2\" face=\"Arial\">(enero 13)<\/font><\/p>\n<p><DIV>&nbsp;<\/DIV> <\/p>\n<p align=\"center\" style=\"margin-top: 0; margin-bottom: 0\"><font size=\"2\" face=\"Arial\">por la cual se ordena el seguimiento a los convenios <BR>internacionales suscritos por Colombia.<\/font><\/p>\n<p align=\"center\" style=\"margin-top: 0; margin-bottom: 0\">&nbsp;<\/p>\n<p><DIV>&nbsp;<\/DIV> <\/p>\n<p align=\"center\" style=\"margin-top: 0; margin-bottom: 0\"><b><font size=\"2\" face=\"Arial\">El Congreso de Colombia<\/font><\/b><\/p>\n<p><DIV>&nbsp;<\/DIV> <\/p>\n<p align=\"center\" style=\"margin-top: 0; margin-bottom: 0\"><font face=\"Arial\"><b><font size=\"2\">DECRETA<\/font><\/b><font size=\"2\">:<\/font><\/font><\/p>\n<p><DIV>&nbsp;<\/DIV> <\/p>\n<p align=\"justify\"><font size=\"2\" face=\"Arial\"><b>Art\u00edculo 1o. <\/b>El Gobierno Nacional a trav\u00e9s de la Canciller\u00eda presentar\u00e1 anualmente a las Comisiones Segundas de Relaciones Exteriores de Senado y C\u00e1mara, y dentro de los primeros treinta d\u00edas calendario posteriores al per\u00edodo legislativo que se inicia cada 20 de julio, un informe pormenorizado acerca de c\u00f3mo se est\u00e1n cumpliendo y desarrollando los Convenios Internacionales vigentes suscritos por Colombia con otros Estados. <\/font> <\/p>\n<p><DIV>&nbsp;<\/DIV> <\/p>\n<p align=\"justify\"><font size=\"2\" face=\"Arial\"><b>Art\u00edculo 2o.<\/b> Cada dependencia del Gobierno nacional encargada de ejecutar los Tratados Internacionales de su competencia y requerir la reciprocidad en los mismos, trasladar\u00e1 la informaci\u00f3n pertinente al Ministerio de Relaciones Exteriores y este, a las Comisiones Segundas. <\/font> <\/p>\n<p><DIV>&nbsp;<\/DIV> <\/p>\n<p align=\"justify\"><font size=\"2\" face=\"Arial\"><b>Art\u00edculo 3o. <\/b>El texto completo de la presente ley se incorporar\u00e1 como anexo a todos y cada uno de los Convenios Internacionales que el Ministerio de Relaciones Exteriores presente a consideraci\u00f3n del Congreso. <\/font> <\/p>\n<p><DIV>&nbsp;<\/DIV> <font size=\"2\" face=\"Arial\"><b>Art\u00edculo 4o.<\/b> La presente ley rige a partir de su promulgaci\u00f3n. <\/font> <DIV>&nbsp;<\/DIV> <DIV>&nbsp;<\/DIV> <\/p>\n<p align=\"center\" style=\"margin-top: 0; margin-bottom: 0\"><font size=\"2\" face=\"Arial\">El Presidente del honorable Senado de la Rep\u00fablica, <\/font> <\/p>\n<p align=\"center\" style=\"margin-top: 0; margin-bottom: 0\"><font size=\"2\" face=\"Arial\">AMYLKAR ACOSTA MEDINA <\/font> <\/p>\n<p><DIV>&nbsp;<\/DIV> <\/p>\n<p align=\"center\" style=\"margin-top: 0; margin-bottom: 0\"><font size=\"2\" face=\"Arial\">El Secretario General del honorable Senado de la Rep\u00fablica, <\/font> <\/p>\n<p align=\"center\" style=\"margin-top: 0; margin-bottom: 0\"><font size=\"2\" face=\"Arial\">PEDRO PUMAREJO VEGA <\/font> <\/p>\n<p><DIV>&nbsp;<\/DIV> <\/p>\n<p align=\"center\" style=\"margin-top: 0; margin-bottom: 0\"><font size=\"2\" face=\"Arial\">El Presidente de la honorable C\u00e1mara de Representantes, <\/font> <\/p>\n<p align=\"center\" style=\"margin-top: 0; margin-bottom: 0\"><font size=\"2\" face=\"Arial\">CARLOS ARDILA BALLESTEROS <\/font> <\/p>\n<p><DIV>&nbsp;<\/DIV> <\/p>\n<p align=\"center\" style=\"margin-top: 0; margin-bottom: 0\"><font size=\"2\" face=\"Arial\">El Secretario General de la honorable C\u00e1mara de Representantes, <\/font> <\/p>\n<p align=\"center\" style=\"margin-top: 0; margin-bottom: 0\"><font size=\"2\" face=\"Arial\">DIEGO VIVAS TAFUR <\/font> <\/p>\n<p><DIV>&nbsp;<\/DIV> <DIV>&nbsp;<\/DIV> <\/p>\n<p align=\"center\" style=\"margin-top: 0; margin-bottom: 0\"><font size=\"2\" face=\"Arial\">REPUBLICA DE COLOMBIA <BR>GOBIERNO NACIONAL<\/font><\/p>\n<p><DIV>&nbsp;<\/DIV> <\/p>\n<p align=\"center\" style=\"margin-top: 0; margin-bottom: 0\"><font size=\"2\" face=\"Arial\">Publ\u00edquese y ejec\u00fatese. <\/font> <\/p>\n<p align=\"center\" style=\"margin-top: 0; margin-bottom: 0\"><font size=\"2\" face=\"Arial\">Dada en Santa Fe de Bogot\u00e1, D. C., a 13 de enero de 1998. <\/font> <\/p>\n<p> <DIV>&nbsp;<\/DIV> <\/p>\n<p align=\"center\" style=\"margin-top: 0; margin-bottom: 0\"><b><font size=\"2\" face=\"Arial\">ERNESTO SAMPER PIZANO<\/font><\/b><\/p>\n<p> <DIV>&nbsp;<\/DIV> <\/p>\n<p align=\"center\" style=\"margin-top: 0; margin-bottom: 0\"><font size=\"2\" face=\"Arial\">La Ministra de Relaciones Exteriores, <\/font> <\/p>\n<p align=\"center\" style=\"margin-top: 0; margin-bottom: 0\"><font size=\"2\" face=\"Arial\">MAR\u00cdA EMMA MEJ\u00cdA V\u00c9LEZ. <\/font> <\/p>\n<p> <DIV>&nbsp;<\/DIV> <\/p>\n<p align=\"center\" style=\"margin-top: 0; margin-bottom: 0\"><font size=\"2\" face=\"Arial\">Bogot\u00e1, D. C., junio 9 de 2003<\/font><\/p>\n<p><DIV>&nbsp;<\/DIV> <\/p>\n<p align=\"center\" style=\"margin-top: 0; margin-bottom: 0\"><font size=\"2\" face=\"Arial\">Honorable Senador<\/font><\/p>\n<p align=\"center\" style=\"margin-top: 0; margin-bottom: 0\"><font size=\"2\" face=\"Arial\">LUIS ALFREDO RAMOS BOTERO<\/font><\/p>\n<p align=\"center\" style=\"margin-top: 0; margin-bottom: 0\">&nbsp;<\/p>\n<p align=\"center\" style=\"margin-top: 0; margin-bottom: 0\">&nbsp;<\/p>\n<p align=\"center\" style=\"margin-top: 0; margin-bottom: 0\">&nbsp;<\/p>\n<p><font size=\"2\" face=\"Arial\">Ciudad<\/font><DIV>&nbsp;<\/DIV> <b><font size=\"2\" face=\"Arial\">Honorable Senador.<\/font><\/b> <\/p>\n<p align=\"justify\"><font size=\"2\" face=\"Arial\">Siguiendo instrucciones de la Mesa Directiva de la Comisi\u00f3n Segunda del Senado, respetuosamente me dirijo a usted para informarle que a la fecha la Secretar\u00eda de esta C\u00e9lula Legislativa no ha recibido las PONENCIAS PARA PRIMER DEBATE de los siguientes proyectos de ley, de los cuales ha sido designado ponente, as\u00ed:<\/font><\/p>\n<p align=\"justify\"><font size=\"2\" face=\"Arial\">n\u00famero 211\/03 Senado \u201cPor medio de la cual se aprueba el Acuerdo entre el Gobierno de la Rep\u00fablica del Ecuador y el Gobierno de la Rep\u00fablica de Colombia sobre ferias y eventos de frontera\u201d, suscrito en la ciudad de Quito, el veintinueve (29) de septiembre del a\u00f1o dos mil (2000).<\/font><\/p>\n<p align=\"justify\"><font size=\"2\" face=\"Arial\">n\u00famero 212\/03 Senado \u201cPor medio de la cual se aprueba el Convenio entre el Gobierno de la Rep\u00fablica de Colombia y el Gobierno de la Rep\u00fablica de Bolivia para la recuperaci\u00f3n de bienes culturales y otros espec\u00edficos robados, importados o, exportados il\u00edcitament\u00e9\u201d suscrito en la ciudad de La Paz, a los veinte (20) d\u00edas del mes de agosto del a\u00f1o dos mil uno (2001). <\/font><\/p>\n<p align=\"justify\"><font size=\"2\" face=\"Arial\">Igualmente y con el fin de dar cumplimiento a los prop\u00f3sitos de esta Comisi\u00f3n, me permito recordarle que los proyectos de ley que al 20 de junio del a\u00f1o en curso no hayan recibido tr\u00e1mite de discusi\u00f3n y aprobaci\u00f3n en primer debate ser\u00e1n archivados de acuerdo a la Ley <A hrefx=\"L0005_92.HTM#1\">5\u00aa<\/A> de 1992 y a la Constituci\u00f3n Pol\u00edtica de Colombia.<\/font><\/p>\n<p align=\"justify\"><font size=\"2\" face=\"Arial\">Con mi m\u00e1s alta consideraci\u00f3n y respeto.<\/font><\/p>\n<p align=\"justify\"><font size=\"2\" face=\"Arial\">Secretario General Comisi\u00f3n Segunda Senado de la Rep\u00fablica, <\/font> <\/p>\n<p><font size=\"2\" face=\"Arial\">FELIPE ORTIZ M.<\/font><\/p>\n<p><DIV>&nbsp;<\/DIV> <DIV>&nbsp;<\/DIV> <\/p>\n<p align=\"center\" style=\"margin-top: 0; margin-bottom: 0\"><font size=\"2\" face=\"Arial\">RAMA EJECUTIVA DEL PODER PUBLICO<\/font><\/p>\n<p align=\"center\" style=\"margin-top: 0; margin-bottom: 0\"><font size=\"2\" face=\"Arial\">PRESIDENCIA DE LA REPUBLICA<\/font><\/p>\n<p><DIV>&nbsp;<\/DIV> <\/p>\n<p align=\"center\" style=\"margin-top: 0; margin-bottom: 0\"><font size=\"2\" face=\"Arial\">Aprobado. Som\u00e9tase a la consideraci\u00f3n del honorable Congreso Nacional para los efectos constitucionales.<\/font><\/p>\n<p> <DIV>&nbsp;<\/DIV> <\/p>\n<p align=\"center\" style=\"margin-top: 0; margin-bottom: 0\"><b><font size=\"2\" face=\"Arial\">(Fdo.) ANDR\u00c9S PASTRANA ARANGO<\/font><\/b><\/p>\n<p> <DIV>&nbsp;<\/DIV> <\/p>\n<p align=\"center\" style=\"margin-top: 0; margin-bottom: 0\"><font size=\"2\" face=\"Arial\">El Ministro de Relaciones Exteriores,<\/font><\/p>\n<p align=\"center\" style=\"margin-top: 0; margin-bottom: 0\"><font size=\"2\" face=\"Arial\">(FDO.) GUILLERMO FERN\u00c1NDEZ DE SOTO. <\/font> <\/p>\n<p><DIV>&nbsp;<\/DIV> <DIV>&nbsp;<\/DIV> <\/p>\n<p align=\"center\"><font face=\"Arial\"><b><font size=\"2\">DECRETA<\/font><\/b><font size=\"2\">:<\/font><\/font><\/p>\n<p><DIV>&nbsp;<\/DIV> <\/p>\n<p align=\"justify\"><font face=\"Arial\"><A name=1><b><font size=\"2\">ART\u00cdCULO 1o.<\/font><\/b><\/A><font size=\"2\"> Apru\u00e9base el \u201cCONVENIO ENTRE EL GOBIERNO DE LA REP\u00daBLICA DE COLOMBIA Y EL GOBIERNO DE LA REP\u00daBLICA DE BOLIVIA PARA LA RECUPERACI\u00d3N DE BIENES CULTURALES Y OTROS ESPEC\u00cdFICOS ROBADOS, IMPORTADOS O EXPORTADOS IL\u00cdCITAMENTE\u201d, suscrito en la ciudad de La Paz, a los veinte (20) d\u00edas del mes de agosto del a\u00f1o dos mil uno (2001).<\/font><\/font><\/p>\n<p><DIV>&nbsp;<\/DIV> <\/p>\n<p align=\"justify\"><font face=\"Arial\"><A name=2><b><font size=\"2\">ART\u00cdCULO 2o.<\/font><\/b><\/A><font size=\"2\"> De conformidad con lo dispuesto en el art\u00edculo 1o de la Ley 7\u00aa de 1944, el \u201cCONVENIO ENTRE EL GOBIERNO DE LA REP\u00daBLICA DE COLOMBIA Y EL GOBIERNO DE LA REP\u00daBLICA DE BOLIVIA PARA LA RECUPERACI\u00d3N DE BIENES CULTURALES Y OTROS ESPEC\u00cdFICOS ROBADOS, IMPORTADOS O EXPORTADOS IL\u00cdCITAMENTE\u201d, suscrito en la ciudad de La Paz, a los veinte (20) d\u00edas del mes de agosto del a\u00f1o dos mil uno (2001), que por el art\u00edculo 1o de esta ley se aprueba, obligar\u00e1 al pa\u00eds a partir de la fecha en que se perfeccione el v\u00ednculo internacional respecto del mismo.<\/font><\/font><\/p>\n<p><DIV>&nbsp;<\/DIV> <font face=\"Arial\"><A name=3><b><font size=\"2\">ART\u00cdCULO 3o.<\/font><\/b><\/A><font size=\"2\"> La presente ley rige a partir de la fecha de su publicaci\u00f3n.<\/font><\/font><DIV>&nbsp;<\/DIV> <DIV>&nbsp;<\/DIV> <\/p>\n<p align=\"center\" style=\"margin-top: 0; margin-bottom: 0\"><font size=\"2\" face=\"Arial\">La Presidenta del honorable Senado de la Rep\u00fablica, <\/font> <\/p>\n<p align=\"center\" style=\"margin-top: 0; margin-bottom: 0\"><font size=\"2\" face=\"Arial\">CLAUDIA BLUM DE BARBERI.<\/font><\/p>\n<p><DIV>&nbsp;<\/DIV> <\/p>\n<p align=\"center\" style=\"margin-top: 0; margin-bottom: 0\"><font size=\"2\" face=\"Arial\">El Secretario General del honorable Senado de la Rep\u00fablica, <\/font> <\/p>\n<p align=\"center\" style=\"margin-top: 0; margin-bottom: 0\"><font size=\"2\" face=\"Arial\">EMILIO RAM\u00d3N OTERO DAJUD.<\/font><\/p>\n<p><DIV>&nbsp;<\/DIV> <\/p>\n<p align=\"center\" style=\"margin-top: 0; margin-bottom: 0\"><font size=\"2\" face=\"Arial\">El Presidente de la honorable C\u00e1mara de Representantes, <\/font> <\/p>\n<p align=\"center\" style=\"margin-top: 0; margin-bottom: 0\"><font size=\"2\" face=\"Arial\">JULIO E. GALLARDO ARCHBOLD.<\/font><\/p>\n<p><DIV>&nbsp;<\/DIV> <\/p>\n<p align=\"center\" style=\"margin-top: 0; margin-bottom: 0\"><font size=\"2\" face=\"Arial\">El Secretario General de la honorable C\u00e1mara de Representantes, <\/font> <\/p>\n<p align=\"center\" style=\"margin-top: 0; margin-bottom: 0\"><font size=\"2\" face=\"Arial\">ANGELINO LIZCANO RIVERA.<\/font><\/p>\n<p><DIV>&nbsp;<\/DIV> <DIV>&nbsp;<\/DIV> <\/p>\n<p align=\"center\" style=\"margin-top: 0; margin-bottom: 0\"><font size=\"2\" face=\"Arial\">REPUBLICA DE COLOMBIA &#8211; GOBIERNO NACIONAL<\/font><\/p>\n<p> <DIV>&nbsp;<\/DIV> <\/p>\n<p align=\"center\" style=\"margin-top: 0; margin-bottom: 0\"><font size=\"2\" face=\"Arial\">Comun\u00edquese y c\u00famplase.<\/font><\/p>\n<p align=\"center\" style=\"margin-top: 0; margin-bottom: 0\"><font size=\"2\" face=\"Arial\">Ejec\u00fatese, previa revisi\u00f3n de la Corte Constitucional, conforme al art\u00edculo <a hrefx=\"CONS_P91.HTM#241\">241<\/A>-10 de la Constituci\u00f3n Pol\u00edtica.<\/font><\/p>\n<p><DIV>&nbsp;<\/DIV> <\/p>\n<p align=\"center\" style=\"margin-top: 0; margin-bottom: 0\"><font size=\"2\" face=\"Arial\">Dada en Bogot\u00e1, D. C., a los 28 de febrero de 2006.<\/font><\/p>\n<p> <DIV>&nbsp;<\/DIV> <\/p>\n<p align=\"center\" style=\"margin-top: 0; margin-bottom: 0\"><b><font size=\"2\" face=\"Arial\">\u00c1LVARO URIBE V\u00c9LEZ<\/font><\/b><\/p>\n<p> <DIV>&nbsp;<\/DIV> <\/p>\n<p align=\"center\" style=\"margin-top: 0; margin-bottom: 0\"><font size=\"2\" face=\"Arial\">El Viceministro de Relaciones Exteriores encargado de las funciones del despacho de la Ministra de Relaciones Exteriores, <\/font> <\/p>\n<p align=\"center\" style=\"margin-top: 0; margin-bottom: 0\"><font size=\"2\" face=\"Arial\">CAMILO REYES RODR\u00cdGUEZ.<\/font><\/p>\n","protected":false},"excerpt":{"rendered":"<p>LEY 1018 DE 2006 &nbsp; &nbsp;LEY 1018 DE 2006 (febrero 28) Diario Oficial No. 46.196 de 28 de febrero de 2006 &nbsp; CONGRESO DE LA REPUBLICA &nbsp; *Notas de Vigencia* Ley expedida por error administrativo de doble numeraci\u00f3n. La corte estudia la Constitucionalidad de este convenio en el tr\u00e1mite LAT-269 (Ley 896 de 2004, &quot;Por [&hellip;]<\/p>\n","protected":false},"author":1,"featured_media":0,"comment_status":"open","ping_status":"open","sticky":false,"template":"","format":"standard","meta":{"footnotes":""},"categories":[21],"tags":[],"class_list":["post-1085","post","type-post","status-publish","format-standard","hentry","category-leyes-2006"],"_links":{"self":[{"href":"https:\/\/www.dmsjuridica.com\/buscador_20179478954\/legislacion\/leyes\/wp-json\/wp\/v2\/posts\/1085","targetHints":{"allow":["GET"]}}],"collection":[{"href":"https:\/\/www.dmsjuridica.com\/buscador_20179478954\/legislacion\/leyes\/wp-json\/wp\/v2\/posts"}],"about":[{"href":"https:\/\/www.dmsjuridica.com\/buscador_20179478954\/legislacion\/leyes\/wp-json\/wp\/v2\/types\/post"}],"author":[{"embeddable":true,"href":"https:\/\/www.dmsjuridica.com\/buscador_20179478954\/legislacion\/leyes\/wp-json\/wp\/v2\/users\/1"}],"replies":[{"embeddable":true,"href":"https:\/\/www.dmsjuridica.com\/buscador_20179478954\/legislacion\/leyes\/wp-json\/wp\/v2\/comments?post=1085"}],"version-history":[{"count":0,"href":"https:\/\/www.dmsjuridica.com\/buscador_20179478954\/legislacion\/leyes\/wp-json\/wp\/v2\/posts\/1085\/revisions"}],"wp:attachment":[{"href":"https:\/\/www.dmsjuridica.com\/buscador_20179478954\/legislacion\/leyes\/wp-json\/wp\/v2\/media?parent=1085"}],"wp:term":[{"taxonomy":"category","embeddable":true,"href":"https:\/\/www.dmsjuridica.com\/buscador_20179478954\/legislacion\/leyes\/wp-json\/wp\/v2\/categories?post=1085"},{"taxonomy":"post_tag","embeddable":true,"href":"https:\/\/www.dmsjuridica.com\/buscador_20179478954\/legislacion\/leyes\/wp-json\/wp\/v2\/tags?post=1085"}],"curies":[{"name":"wp","href":"https:\/\/api.w.org\/{rel}","templated":true}]}}