{"id":1098,"date":"2020-11-24T19:24:05","date_gmt":"2020-11-24T19:24:05","guid":{"rendered":"https:\/\/www.dmsjuridica.com\/buscador_20179478954\/legislacion\/leyes\/2020\/11\/24\/ley-1031-de-2006\/"},"modified":"2020-11-24T19:24:05","modified_gmt":"2020-11-24T19:24:05","slug":"ley-1031-de-2006","status":"publish","type":"post","link":"https:\/\/www.dmsjuridica.com\/buscador_20179478954\/legislacion\/leyes\/2020\/11\/24\/ley-1031-de-2006\/","title":{"rendered":"LEY 1031 DE 2006"},"content":{"rendered":"<p>LEY 1031 DE 2006            <\/a><\/p>\n<p>&nbsp;<\/p>\n<p align=\"center\"><b><font size=\"2\"><img loading=\"lazy\" decoding=\"async\" border=\"0\" src=\"http:\/\/dmsjuridica.com\/CODIGOS\/LEGISLACION\/LEYES\/2019\/dms.png\" width=\"138\" height=\"103\"align=\"center\"><\/p>\n<p align=\"center\"><b><font size=\"6\">&nbsp;LEY 1031 DE 2006<\/font><\/b><\/p>\n<p align=\"center\"><b><font size=\"2\">(junio 22)<\/font><\/b><\/p>\n<p align=\"center\"><b><font size=\"2\">Diario Oficial No. 46.307 de 22 de junio de 2006<\/font><\/b><\/p>\n<p><DIV>&nbsp;<\/DIV> <\/p>\n<p align=\"center\"><b><font size=\"2\">CONGRESO DE LA REP\u00daBLICA<\/font><\/b><\/p>\n<p align=\"center\"><font size=\"2\">Por la cual se modifica el per\u00edodo de los personeros municipales, distritales y el Distrito Capital.<\/font><\/p>\n<p><DIV>&nbsp;<\/DIV> <\/p>\n<p align=\"center\"><b><font size=\"2\">EL CONGRESO DE COLOMBIA<\/font><\/b><\/p>\n<p align=\"center\"><b><font size=\"2\">DECRETA<\/font><\/b><font size=\"2\">:<\/font><\/p>\n<p align=\"justify\"><A name=1><b><font size=\"2\">ART\u00cdCULO 1o.<\/font><\/b><\/A><font size=\"2\"> El art\u00edculo <b> <a hrefx=\"L0136_94.HTM#170\">170<\/A><\/b> de la Ley 136 de 1994 quedar\u00e1 as\u00ed:<\/font><\/p>\n<p align=\"justify\"><font size=\"2\">Art\u00edculo <b> <a hrefx=\"L0136_94.HTM#170\">170<\/A><\/b>. A partir de 2008 los concejos municipales o distritales seg\u00fan el caso, para per\u00edodos institucionales de cuatro (4) a\u00f1os, elegir\u00e1n personeros municipales o distritales, dentro de los primeros diez (10) d\u00edas del mes de enero del a\u00f1o siguiente a la elecci\u00f3n del correspondiente concejo. Los personeros as\u00ed elegidos, iniciar\u00e1n su per\u00edodo el primero (1o) de marzo siguiente a su elecci\u00f3n y lo concluir\u00e1n el \u00faltimo d\u00eda del mes de febrero. Podr\u00e1n ser reelegidos, por una sola vez, para el per\u00edodo siguiente.<\/font><\/p>\n<p align=\"justify\"><b><font size=\"2\">PAR\u00c1GRAFO<\/font><\/b><font size=\"2\"> transitorio. Los personeros municipales y distritales elegidos antes de la vigencia de la presente ley, concluir\u00e1n su periodo el \u00faltimo d\u00eda del mes de febrero de 2008.<\/font><\/p>\n<p><DIV><\/p>\n<p align=\"justify\"><font >*Nota jurisprudencial*<\/font><\/p>\n<table cellSpacing=\"0\" cellPadding=\"6\" rules=\"none\" width=\"100%\" border=\"1\" frame=\"border\" id=\"table1\">\n<tr>\n<td>\n<p align=\"justify\"><b><font size=\"2\">Corte Constitucional<\/font><\/b><\/td>\n<\/tr>\n<tr>\n<td align=\"justify\">\n<p align=\"justify\"><font size=\"2\">&#8211; La Corte Constitucional declar\u00f3 estarse a lo resuelto en la Sentencia <b><a hrefx=\"..\/..\/Sentencias\/C-113-07.rtf\">C-113-07<\/a><\/b>, mediante Sentencia <\/font><b><font size=\"2\" BGCOLOR=\"#00FF00\"><a hrefx=\"..\/..\/Sentencias\/C-157-07.rtf\">C-157-07<\/a><\/font><\/b><font size=\"2\"> de 7 de marzo de 2007, Magistrado Ponente Dr. \u00c1lvaro Tafur Galvis.<\/font><\/td>\n<\/tr>\n<tr>\n<td align=\"justify\">\n<p align=\"justify\"><font size=\"2\">&#8211; Par\u00e1grafo declarado EXEQUIBLE por la Corte Constitucional mediante Sentencia <b><a hrefx=\"..\/..\/Sentencias\/C-113-07.rtf\">C-113-07<\/a><\/b> de 21 de febrero de 2007, Magistrado Ponente Dr. Manuel Jos\u00e9 Cepeda Espinosa.<\/font><\/td>\n<\/tr>\n<\/table>\n<p>&nbsp;<\/DIV> <\/p>\n<p align=\"justify\"><A name=2><b><font size=\"2\">ART\u00cdCULO 2o.<\/font><\/b><\/A><font size=\"2\"> El art\u00edculo <A \"leyes\/D1421_93.HTM#97\">97<\/A> del Decreto-ley 1421 de 1993 quedar\u00e1 as\u00ed:<\/font><\/p>\n<p align=\"justify\"><font size=\"2\">Art\u00edculo <A \"leyes\/D1421_93.HTM#97\">97<\/A>. Elecci\u00f3n, inhabilidades. El Personero Distrital ser\u00e1 elegido por el Concejo durante el primer mes de sesiones ordinarias, para un per\u00edodo institucional de cuatro (4) a\u00f1os, que se iniciar\u00e1 el primero de marzo y concluir\u00e1 el \u00faltimo d\u00eda de febrero. Podr\u00e1 ser reelegido, por una sola vez, para el per\u00edodo siguiente.<\/font><\/p>\n<p align=\"justify\"><font size=\"2\">No podr\u00e1 ser elegido personero quien sea o haya sido en el \u00faltimo a\u00f1o miembro del Concejo, ni quien haya ocupado durante el mismo lapso cargo p\u00fablico en la administraci\u00f3n central o descentralizada del Distrito. Estar\u00e1n igualmente inhabilitados quienes hayan sido condenados en cualquier \u00e9poca por sentencia judicial a pena privativa de la libertad, excepto por delitos pol\u00edticos o culposos, excluidos del ejercicio de una profesi\u00f3n o sancionados por faltas a la \u00e9tica profesional.<\/font><\/p>\n<p align=\"justify\"><font size=\"2\">Quien haya ocupado en propiedad el cargo de personero no podr\u00e1 desempe\u00f1ar empleo alguno en el Distrito Capital, ni ser inscrito como candidato a cargos de elecci\u00f3n popular, sino un a\u00f1o despu\u00e9s de haber cesado en el ejercicio de sus funciones.<\/font><\/p>\n<p align=\"justify\"><b><font size=\"2\">PAR\u00c1GRAFO<\/font><\/b><font size=\"2\"> transitorio. El personero distrital elegido antes de la vigencia de la presente ley concluir\u00e1 su per\u00edodo el \u00faltimo d\u00eda del mes de febrero de 2008.<\/font><\/p>\n<p><DIV><\/p>\n<p align=\"justify\"><font >*Nota jurisprudencial*<\/font><\/p>\n<table cellSpacing=\"0\" cellPadding=\"6\" rules=\"none\" width=\"100%\" border=\"1\" frame=\"border\" id=\"table2\">\n<tr>\n<td>\n<p align=\"justify\"><b><font size=\"2\">Corte Constitucional<\/font><\/b><\/td>\n<\/tr>\n<tr>\n<td>\n<p align=\"justify\"><font size=\"2\">&#8211; Par\u00e1grafo declarado EXEQUIBLE por la Corte Constitucional mediante Sentencia <b><a hrefx=\"..\/..\/Sentencias\/C-113-07.rtf\">C-113-07<\/a><\/b> de 21 de febrero de 2007, Magistrado Ponente Dr. Manuel Jos\u00e9 Cepeda Espinosa.<\/font><\/td>\n<\/tr>\n<\/table>\n<p>&nbsp;<\/DIV> <\/p>\n<p align=\"justify\"><A name=3><b><font size=\"2\">ART\u00cdCULO 3o.<\/font><\/b><\/A><font size=\"2\"> La presente ley regir\u00e1 a partir de su promulgaci\u00f3n y modifica en lo pertinente a cualquier otra disposici\u00f3n legal que le sea contraria.<\/font><\/p>\n<p><DIV>&nbsp;<\/DIV> <DIV>&nbsp;<\/DIV> <\/p>\n<p align=\"center\" style=\"margin-top: 0; margin-bottom: 0\"><font size=\"2\">La Presidenta del honorable Senado de la Rep\u00fablica,<\/font><\/p>\n<p align=\"center\" style=\"margin-top: 0; margin-bottom: 0\"><font size=\"2\">CLAUDIA BLUM DE BARBERI.<\/font><\/p>\n<p><DIV>&nbsp;<\/DIV> <\/p>\n<p align=\"center\" style=\"margin-top: 0; margin-bottom: 0\"><font size=\"2\">El Secretario General del honorable Senado de la Rep\u00fablica,<\/font><\/p>\n<p align=\"center\" style=\"margin-top: 0; margin-bottom: 0\"><font size=\"2\">EMILIO RAM\u00d3N OTERO DAJUD.<\/font><\/p>\n<p><DIV>&nbsp;<\/DIV> <\/p>\n<p align=\"center\" style=\"margin-top: 0; margin-bottom: 0\"><font size=\"2\">El Presidente de la honorable C\u00e1mara de Representantes,<\/font><\/p>\n<p align=\"center\" style=\"margin-top: 0; margin-bottom: 0\"><font size=\"2\">JULIO E. GALLARDO ARCHBOLD.<\/font><\/p>\n<p><DIV>&nbsp;<\/DIV> <\/p>\n<p align=\"center\" style=\"margin-top: 0; margin-bottom: 0\"><font size=\"2\">El Secretario General de la honorable C\u00e1mara de Representantes,<\/font><\/p>\n<p align=\"center\" style=\"margin-top: 0; margin-bottom: 0\"><font size=\"2\">ANGELINO LIZCANO RIVERA.<\/font><\/p>\n<p> <DIV>&nbsp;<\/DIV> <\/p>\n<p align=\"center\" style=\"margin-top: 0; margin-bottom: 0\"><font size=\"2\">REPUBLICA DE COLOMBIA \u2013 GOBIERNO NACIONAL<\/font><\/p>\n<p><DIV>&nbsp;<\/DIV> <\/p>\n<p align=\"center\" style=\"margin-top: 0; margin-bottom: 0\"><font size=\"2\">Publ\u00edquese y ejec\u00fatese.<\/font><\/p>\n<p align=\"center\" style=\"margin-top: 0; margin-bottom: 0\"><font size=\"2\">Dada en Bogot\u00e1, D. C., a 22 de junio de 2006.<\/font><\/p>\n<p> <DIV>&nbsp;<\/DIV> <\/p>\n<p align=\"center\" style=\"margin-top: 0; margin-bottom: 0\"><b><font size=\"2\">\u00c1LVARO URIBE V\u00c9LEZ<\/font><\/b><\/p>\n<p> <DIV>&nbsp;<\/DIV> <\/p>\n<p align=\"center\" style=\"margin-top: 0; margin-bottom: 0\"><font size=\"2\">El Ministro del Interior y de Justicia,<\/font><\/p>\n<p align=\"center\" style=\"margin-top: 0; margin-bottom: 0\"><font size=\"2\">SABAS PRETELT DE LA VEGA.<\/font><\/p>\n","protected":false},"excerpt":{"rendered":"<p>LEY 1031 DE 2006 &nbsp; &nbsp;LEY 1031 DE 2006 (junio 22) Diario Oficial No. 46.307 de 22 de junio de 2006 &nbsp; CONGRESO DE LA REP\u00daBLICA Por la cual se modifica el per\u00edodo de los personeros municipales, distritales y el Distrito Capital. &nbsp; EL CONGRESO DE COLOMBIA DECRETA: ART\u00cdCULO 1o. El art\u00edculo 170 de la [&hellip;]<\/p>\n","protected":false},"author":1,"featured_media":0,"comment_status":"open","ping_status":"open","sticky":false,"template":"","format":"standard","meta":{"footnotes":""},"categories":[21],"tags":[],"class_list":["post-1098","post","type-post","status-publish","format-standard","hentry","category-leyes-2006"],"_links":{"self":[{"href":"https:\/\/www.dmsjuridica.com\/buscador_20179478954\/legislacion\/leyes\/wp-json\/wp\/v2\/posts\/1098","targetHints":{"allow":["GET"]}}],"collection":[{"href":"https:\/\/www.dmsjuridica.com\/buscador_20179478954\/legislacion\/leyes\/wp-json\/wp\/v2\/posts"}],"about":[{"href":"https:\/\/www.dmsjuridica.com\/buscador_20179478954\/legislacion\/leyes\/wp-json\/wp\/v2\/types\/post"}],"author":[{"embeddable":true,"href":"https:\/\/www.dmsjuridica.com\/buscador_20179478954\/legislacion\/leyes\/wp-json\/wp\/v2\/users\/1"}],"replies":[{"embeddable":true,"href":"https:\/\/www.dmsjuridica.com\/buscador_20179478954\/legislacion\/leyes\/wp-json\/wp\/v2\/comments?post=1098"}],"version-history":[{"count":0,"href":"https:\/\/www.dmsjuridica.com\/buscador_20179478954\/legislacion\/leyes\/wp-json\/wp\/v2\/posts\/1098\/revisions"}],"wp:attachment":[{"href":"https:\/\/www.dmsjuridica.com\/buscador_20179478954\/legislacion\/leyes\/wp-json\/wp\/v2\/media?parent=1098"}],"wp:term":[{"taxonomy":"category","embeddable":true,"href":"https:\/\/www.dmsjuridica.com\/buscador_20179478954\/legislacion\/leyes\/wp-json\/wp\/v2\/categories?post=1098"},{"taxonomy":"post_tag","embeddable":true,"href":"https:\/\/www.dmsjuridica.com\/buscador_20179478954\/legislacion\/leyes\/wp-json\/wp\/v2\/tags?post=1098"}],"curies":[{"name":"wp","href":"https:\/\/api.w.org\/{rel}","templated":true}]}}