{"id":1107,"date":"2020-11-24T19:24:06","date_gmt":"2020-11-24T19:24:06","guid":{"rendered":"https:\/\/www.dmsjuridica.com\/buscador_20179478954\/legislacion\/leyes\/2020\/11\/24\/ley-1040-de-2006\/"},"modified":"2020-11-24T19:24:06","modified_gmt":"2020-11-24T19:24:06","slug":"ley-1040-de-2006","status":"publish","type":"post","link":"https:\/\/www.dmsjuridica.com\/buscador_20179478954\/legislacion\/leyes\/2020\/11\/24\/ley-1040-de-2006\/","title":{"rendered":"LEY 1040 DE 2006"},"content":{"rendered":"<p>LEY 1040 DE 2006            <\/a><\/p>\n<p>&nbsp;<\/p>\n<p align=\"center\"><b><font size=\"2\"><img loading=\"lazy\" decoding=\"async\" border=\"0\" src=\"http:\/\/dmsjuridica.com\/CODIGOS\/LEGISLACION\/LEYES\/2019\/dms.png\" width=\"138\" height=\"103\"align=\"center\"><\/p>\n<p><\/font><\/b><\/p>\n<p align=\"center\"><b><font size=\"6\">LEY 1040 DE 2006<\/font><\/b><\/p>\n<p align=\"center\"><b><font size=\"2\">(julio 26)<\/font><\/b><\/p>\n<p align=\"center\"><b><font size=\"2\">Diario Oficial No. 46.341 de 26 de julio de 2006<\/font><\/b><\/p>\n<p><DIV>&nbsp;<\/DIV> <\/p>\n<p align=\"center\"><b><font size=\"2\">CONGRESO DE LA REP\u00daBLICA<\/font><\/b><\/p>\n<p align=\"center\"><font size=\"2\">Por la cual se declara patrimonio cultural vivo de la Naci\u00f3n el Festival Art\u00edstico Nacional e Internacional de Cultura Popular \u201cInvasi\u00f3n Cultural a Bosa\u201d y se dictan otras disposiciones.<\/font><\/p>\n<p align=\"center\">&nbsp;<\/p>\n<p align=\"center\"><b><font size=\"2\">EL CONGRESO DE LA REP\u00daBLICA DE COLOMBIA<\/font><\/b><\/p>\n<p align=\"center\"><b><font size=\"2\">DECRETA<\/font><\/b><font size=\"2\">:<\/font><\/p>\n<p align=\"justify\"><A name=1><b><font size=\"2\">ART\u00cdCULO 1o.<\/font><\/b><\/A><font size=\"2\"> Se declara patrimonio cultural vivo de la Naci\u00f3n el Festival Art\u00edstico Nacional e Internacional de Cultura Popular \u201cInvasi\u00f3n Cultural a Bosa\u201d, realizado anualmente en la ciudad de Bogot\u00e1, D. C., durante los meses de noviembre y diciembre.<\/font><\/p>\n<p><DIV>&nbsp;<\/DIV> <\/p>\n<p align=\"justify\"><A name=2><b><font size=\"2\">ART\u00cdCULO 2o.<\/font><\/b><\/A><font size=\"2\"> La Naci\u00f3n, a trav\u00e9s del Ministerio de Cultura, contribuir\u00e1 al fomento, promoci\u00f3n, protecci\u00f3n, conservaci\u00f3n, divulgaci\u00f3n, desarrollo y financiaci\u00f3n de los valores culturales que se originen alrededor de las diferentes manifestaciones de cultura popular que se desarrollan en el \u201cFestival Art\u00edstico Nacional e Internacional de Cultura Popular Invasi\u00f3n Cultural a Bosa\u201d.<\/font><\/p>\n<p><DIV>&nbsp;<\/DIV> <\/p>\n<p align=\"justify\"><A name=3><b><font size=\"2\">ART\u00cdCULO 3o.<\/font><\/b><\/A><font size=\"2\"> Oficial\u00edcese el nombre de \u201cParque de las Artes Chiminigagua\u201d, al que se encuentra ubicado en la carrera 80 K entre calles 72 y 73 Sur, de la ciudad de Bogot\u00e1, en el barrio Laureles de Bosa, por ser epicentro de las actividades art\u00edsticas y culturales del Sur de Bogota y el Norte de Soacha, que se realizan en el marco del \u201cFestival Art\u00edstico Nacional e Internacional de Cultura Popular &#39;Invasi\u00f3n Cultural a Bosa&#39;\u201d.<\/font><\/p>\n<p><DIV>&nbsp;<\/DIV> <\/p>\n<p align=\"justify\"><A name=4><b><font size=\"2\">ART\u00cdCULO<\/font><\/b><font size=\"2\"> 4o.<\/font><\/A><font size=\"2\"> A partir de la sanci\u00f3n de la presente ley y de conformidad con los art\u00edculos <b> <a hrefx=\"CONS_P91.HTM#334\">334<\/A><\/b>, <b> <a hrefx=\"CONS_P91.HTM#339\">339<\/A><\/b> y <b> <a hrefx=\"CONS_P91.HTM#341\">341<\/A><\/b> de la Constituci\u00f3n Pol\u00edtica, autor\u00edzase al Gobierno Nacional para efectuar las asignaciones presupuestales en la cuant\u00eda necesaria, para que sean incorporadas en las leyes de presupuesto, ley de apropiaciones y Plan Nacional de Desarrollo, a fin de lograr el dise\u00f1o, construcci\u00f3n y remodelaci\u00f3n de las siguientes obras:<\/font><\/p>\n<p align=\"justify\"><font size=\"2\">a) Remodelaci\u00f3n y mantenimiento de la concha ac\u00fastica del Parque de las Artes Chiminigagua, sede principal del Festival, ubicado en la carrera 80 K entre calles 72 y 73 Sur, en el barrio Laureles de Bosa, de la ciudad de Bogot\u00e1, y de las dos (2) salas teatrales en las cuales se desarrolla el Festival;<\/font><\/p>\n<p align=\"justify\"><font size=\"2\">b) Infraestructura f\u00edsica para el montaje de obras y comparsas art\u00edsticas de tipo popular, indispensables para el buen desarrollo del Festival;<\/font><\/p>\n<p align=\"justify\"><font size=\"2\">c) Fomento, promoci\u00f3n, programaci\u00f3n y difusi\u00f3n del Festival durante los meses anteriores a su realizaci\u00f3n;<\/font><\/p>\n<p align=\"justify\"><font size=\"2\">d) Impulsar y fomentar la programaci\u00f3n cultural y art\u00edstica que se desarrolle en el Festival.<\/font><\/p>\n<p><DIV>&nbsp;<\/DIV> <font face=\"Arial\"><A name=5><b><font size=\"2\">ART\u00cdCULO 5o.<\/font><\/b><\/A><font size=\"2\"> La presente ley rige a partir de su promulgaci\u00f3n.<\/font><\/font><DIV>&nbsp;<\/DIV> <DIV>&nbsp;<\/DIV> <\/p>\n<p align=\"center\" style=\"margin-top: 0; margin-bottom: 0\"><font size=\"2\" face=\"Arial\">La Presidenta del honorable Senado de la Rep\u00fablica,<\/font><\/p>\n<p align=\"center\" style=\"margin-top: 0; margin-bottom: 0\"><font size=\"2\" face=\"Arial\">CLAUDIA BLUM DE BARBERI<\/font><\/p>\n<p><DIV>&nbsp;<\/DIV> <\/p>\n<p align=\"center\" style=\"margin-top: 0; margin-bottom: 0\"><font size=\"2\" face=\"Arial\">El Secretario General del honorable Senado de la Rep\u00fablica,<\/font><\/p>\n<p align=\"center\" style=\"margin-top: 0; margin-bottom: 0\"><font size=\"2\" face=\"Arial\">EMILIO RAM\u00d3N OTERO DAJUD.<\/font><\/p>\n<p><DIV>&nbsp;<\/DIV> <\/p>\n<p align=\"center\" style=\"margin-top: 0; margin-bottom: 0\"><font size=\"2\" face=\"Arial\">El Presidente de la honorable C\u00e1mara de Representantes,<\/font><\/p>\n<p align=\"center\" style=\"margin-top: 0; margin-bottom: 0\"><font size=\"2\" face=\"Arial\">JULIO E. GALLARDO ARCHBOLD<\/font><\/p>\n<p><DIV>&nbsp;<\/DIV> <\/p>\n<p align=\"center\" style=\"margin-top: 0; margin-bottom: 0\"><font size=\"2\" face=\"Arial\">El Secretario General de la honorable C\u00e1mara de Representantes,<\/font><\/p>\n<p align=\"center\" style=\"margin-top: 0; margin-bottom: 0\"><font size=\"2\" face=\"Arial\">ANGELINO LIZCANO RIVERA.<\/font><\/p>\n<p><DIV>&nbsp;<\/DIV> <\/p>\n<p align=\"center\" style=\"margin-top: 0; margin-bottom: 0\"><font size=\"2\" face=\"Arial\">REPUBLICA DE COLOMBIA \u2013 GOBIERNO NACIONAL<\/font><\/p>\n<p><DIV>&nbsp;<\/DIV> <\/p>\n<p align=\"center\" style=\"margin-top: 0; margin-bottom: 0\"><font size=\"2\" face=\"Arial\">Publ\u00edquese y c\u00famplase.<\/font><\/p>\n<p align=\"center\" style=\"margin-top: 0; margin-bottom: 0\"><font size=\"2\" face=\"Arial\">Dada en Bogot\u00e1, D. C., a 26 de julio de 2006.<\/font><\/p>\n<p> <DIV>&nbsp;<\/DIV> <\/p>\n<p align=\"center\" style=\"margin-top: 0; margin-bottom: 0\"><b><font size=\"2\" face=\"Arial\">\u00c1LVARO URIBE V\u00c9LEZ<\/font><\/b><\/p>\n<p> <DIV>&nbsp;<\/DIV> <\/p>\n<p align=\"center\" style=\"margin-top: 0; margin-bottom: 0\"><font size=\"2\" face=\"Arial\">El Ministro de Hacienda y Cr\u00e9dito P\u00fablico,<\/font><\/p>\n<p align=\"center\" style=\"margin-top: 0; margin-bottom: 0\"><font size=\"2\" face=\"Arial\">ALBERTO CARRASQUILLA BARRERA.<\/font><\/p>\n<p><DIV>&nbsp;<\/DIV> <\/p>\n<p align=\"center\" style=\"margin-top: 0; margin-bottom: 0\"><font size=\"2\" face=\"Arial\">La Ministro de Cultura,<\/font><\/p>\n<p align=\"center\" style=\"margin-top: 0; margin-bottom: 0\"><font size=\"2\" face=\"Arial\">ELVIRA CUERVO DE JARAMILLO.<\/font><\/p>\n","protected":false},"excerpt":{"rendered":"<p>LEY 1040 DE 2006 &nbsp; LEY 1040 DE 2006 (julio 26) Diario Oficial No. 46.341 de 26 de julio de 2006 &nbsp; CONGRESO DE LA REP\u00daBLICA Por la cual se declara patrimonio cultural vivo de la Naci\u00f3n el Festival Art\u00edstico Nacional e Internacional de Cultura Popular \u201cInvasi\u00f3n Cultural a Bosa\u201d y se dictan otras disposiciones. [&hellip;]<\/p>\n","protected":false},"author":1,"featured_media":0,"comment_status":"open","ping_status":"open","sticky":false,"template":"","format":"standard","meta":{"footnotes":""},"categories":[21],"tags":[],"class_list":["post-1107","post","type-post","status-publish","format-standard","hentry","category-leyes-2006"],"_links":{"self":[{"href":"https:\/\/www.dmsjuridica.com\/buscador_20179478954\/legislacion\/leyes\/wp-json\/wp\/v2\/posts\/1107","targetHints":{"allow":["GET"]}}],"collection":[{"href":"https:\/\/www.dmsjuridica.com\/buscador_20179478954\/legislacion\/leyes\/wp-json\/wp\/v2\/posts"}],"about":[{"href":"https:\/\/www.dmsjuridica.com\/buscador_20179478954\/legislacion\/leyes\/wp-json\/wp\/v2\/types\/post"}],"author":[{"embeddable":true,"href":"https:\/\/www.dmsjuridica.com\/buscador_20179478954\/legislacion\/leyes\/wp-json\/wp\/v2\/users\/1"}],"replies":[{"embeddable":true,"href":"https:\/\/www.dmsjuridica.com\/buscador_20179478954\/legislacion\/leyes\/wp-json\/wp\/v2\/comments?post=1107"}],"version-history":[{"count":0,"href":"https:\/\/www.dmsjuridica.com\/buscador_20179478954\/legislacion\/leyes\/wp-json\/wp\/v2\/posts\/1107\/revisions"}],"wp:attachment":[{"href":"https:\/\/www.dmsjuridica.com\/buscador_20179478954\/legislacion\/leyes\/wp-json\/wp\/v2\/media?parent=1107"}],"wp:term":[{"taxonomy":"category","embeddable":true,"href":"https:\/\/www.dmsjuridica.com\/buscador_20179478954\/legislacion\/leyes\/wp-json\/wp\/v2\/categories?post=1107"},{"taxonomy":"post_tag","embeddable":true,"href":"https:\/\/www.dmsjuridica.com\/buscador_20179478954\/legislacion\/leyes\/wp-json\/wp\/v2\/tags?post=1107"}],"curies":[{"name":"wp","href":"https:\/\/api.w.org\/{rel}","templated":true}]}}