{"id":1110,"date":"2020-11-24T19:24:06","date_gmt":"2020-11-24T19:24:06","guid":{"rendered":"https:\/\/www.dmsjuridica.com\/buscador_20179478954\/legislacion\/leyes\/2020\/11\/24\/ley-1043-de-2006\/"},"modified":"2020-11-24T19:24:06","modified_gmt":"2020-11-24T19:24:06","slug":"ley-1043-de-2006","status":"publish","type":"post","link":"https:\/\/www.dmsjuridica.com\/buscador_20179478954\/legislacion\/leyes\/2020\/11\/24\/ley-1043-de-2006\/","title":{"rendered":"LEY 1043 DE 2006"},"content":{"rendered":"<p>LEY 1043 DE 2006            <\/a><\/p>\n<p>&nbsp;<\/p>\n<p align=\"center\"><b><font size=\"2\"><img loading=\"lazy\" decoding=\"async\" border=\"0\" src=\"http:\/\/dmsjuridica.com\/CODIGOS\/LEGISLACION\/LEYES\/2019\/dms.png\" width=\"138\" height=\"103\"align=\"center\"><\/p>\n<p><\/font><\/b><\/p>\n<p align=\"center\"><b><font size=\"6\">LEY 1043 DE 2006<\/font><\/b><\/p>\n<p align=\"center\"><b><font size=\"2\">(julio 26)<\/font><\/b><\/p>\n<p align=\"center\"><b><font size=\"2\">Diario Oficial No. 46.341 de 26 de julio de 2006<\/font><\/b><\/p>\n<p align=\"center\"><b><font size=\"2\">CONGRESO DE LA REP\u00daBLICA<\/font><\/b><\/p>\n<p align=\"center\"><font size=\"2\">Por medio de la cual la Naci\u00f3n se asocia a la celebraci\u00f3n de los 73 a\u00f1os de la victoria de Colombia en la Guerra con el Per\u00fa desplegada en el corregimiento de Tarapac\u00e1 en el departamento del Amazonas.<\/font><\/p>\n<p align=\"center\"><b><font size=\"2\">EL CONGRESO DE COLOMBIA<\/font><\/b><\/p>\n<p align=\"center\"><b><font size=\"2\">DECRETA<\/font><\/b><font size=\"2\">:<\/font><\/p>\n<p align=\"justify\"><A name=1><b><font size=\"2\">ART\u00cdCULO 1o.<\/font><\/b><\/A><font size=\"2\"> La Naci\u00f3n se asocia a la celebraci\u00f3n de los 73 a\u00f1os de la victoria de Colombia en la guerra con el Per\u00fa desplegada en el corregimiento de Tarapac\u00e1 en el departamento del Amazonas.<\/font><\/p>\n<p align=\"justify\"><A name=2><b><font size=\"2\">ART\u00cdCULO 2o.<\/font><\/b><\/A><font size=\"2\"> Se autoriza al Gobierno Nacional incorporar dentro del Presupuesto General de la Naci\u00f3n las apropiaciones necesarias para el dise\u00f1o y realizaci\u00f3n de las siguientes obras de inter\u00e9s social:<\/font><\/p>\n<p> <font size=\"2\" face=\"Arial\">a) Construcci\u00f3n de una sede para la ubicaci\u00f3n del restaurante escolar con capacidad para 300 ni\u00f1os;<\/font> <font size=\"2\" face=\"Arial\">b) Pavimentaci\u00f3n de 4.000 metros de v\u00edas peatonales;<\/font> <font size=\"2\" face=\"Arial\">c) Construcci\u00f3n de centro educativo;<\/font> <font size=\"2\" face=\"Arial\">d) Construcci\u00f3n de parques infantiles;<\/font> <font size=\"2\" face=\"Arial\">e) Construcci\u00f3n de muelle fluvial.<\/font><DIV>&nbsp;<\/DIV> <font face=\"Arial\"><A name=3><b><font size=\"2\">ART\u00cdCULO 3o.<\/font><\/b><\/A><font size=\"2\"> Esta ley rige a partir de la fecha de su promulgaci\u00f3n.<\/font><\/font><DIV>&nbsp;<\/DIV> <DIV>&nbsp;<\/DIV> <\/p>\n<p align=\"center\" style=\"margin-top: 0; margin-bottom: 0\"><font size=\"2\" face=\"Arial\">La Presidenta del honorable Senado de la Rep\u00fablica,<\/font><\/p>\n<p align=\"center\" style=\"margin-top: 0; margin-bottom: 0\"><font size=\"2\" face=\"Arial\">CLAUDIA BLUM DE BARBERI<\/font><\/p>\n<p><DIV>&nbsp;<\/DIV> <\/p>\n<p align=\"center\" style=\"margin-top: 0; margin-bottom: 0\"><font size=\"2\" face=\"Arial\">El Secretario General del honorable Senado de la Rep\u00fablica,<\/font><\/p>\n<p align=\"center\" style=\"margin-top: 0; margin-bottom: 0\"><font size=\"2\" face=\"Arial\">EMILIO RAM\u00d3N OTERO DAJUD.<\/font><\/p>\n<p><DIV>&nbsp;<\/DIV> <\/p>\n<p align=\"center\" style=\"margin-top: 0; margin-bottom: 0\"><font size=\"2\" face=\"Arial\">El Presidente de la honorable C\u00e1mara de Representantes,<\/font><\/p>\n<p align=\"center\" style=\"margin-top: 0; margin-bottom: 0\"><font size=\"2\" face=\"Arial\">JULIO E. GALLARDO ARCHBOLD<\/font><\/p>\n<p><DIV>&nbsp;<\/DIV> <\/p>\n<p align=\"center\" style=\"margin-top: 0; margin-bottom: 0\"><font size=\"2\" face=\"Arial\">El Secretario General de la honorable C\u00e1mara de Representantes,<\/font><\/p>\n<p align=\"center\" style=\"margin-top: 0; margin-bottom: 0\"><font size=\"2\" face=\"Arial\">ANGELINO LIZCANO RIVERA.<\/font><\/p>\n<p><DIV>&nbsp;<\/DIV> <\/p>\n<p align=\"center\" style=\"margin-top: 0; margin-bottom: 0\"><font size=\"2\" face=\"Arial\">REPUBLICA DE COLOMBIA \u2013 GOBIERNO NACIONAL<\/font><\/p>\n<p><DIV>&nbsp;<\/DIV> <\/p>\n<p align=\"center\" style=\"margin-top: 0; margin-bottom: 0\"><font size=\"2\" face=\"Arial\">Publ\u00edquese y c\u00famplase.<\/font><\/p>\n<p align=\"center\" style=\"margin-top: 0; margin-bottom: 0\"><font size=\"2\" face=\"Arial\">Dada en Bogot\u00e1, D. C., a 26 de julio de 2006.<\/font><\/p>\n<p> <DIV>&nbsp;<\/DIV> <\/p>\n<p align=\"center\" style=\"margin-top: 0; margin-bottom: 0\"><b><font size=\"2\" face=\"Arial\">\u00c1LVARO URIBE V\u00c9LEZ <\/font><\/b><\/p>\n<p> <DIV>&nbsp;<\/DIV> <\/p>\n<p align=\"center\" style=\"margin-top: 0; margin-bottom: 0\"><font size=\"2\" face=\"Arial\">El Ministro de Hacienda y Cr\u00e9dito P\u00fablico,<\/font><\/p>\n<p align=\"center\" style=\"margin-top: 0; margin-bottom: 0\"><font size=\"2\" face=\"Arial\">ALBERTO CARRASQUILLA BARRERA.<\/font><\/p>\n<p><DIV>&nbsp;<\/DIV> <\/p>\n<p align=\"center\" style=\"margin-top: 0; margin-bottom: 0\"><font size=\"2\" face=\"Arial\">La Ministro de Cultura,<\/font><\/p>\n<p align=\"center\" style=\"margin-top: 0; margin-bottom: 0\"><font size=\"2\" face=\"Arial\">ELVIRA CUERVO DE JARAMILLO.<\/font><\/p>\n","protected":false},"excerpt":{"rendered":"<p>LEY 1043 DE 2006 &nbsp; LEY 1043 DE 2006 (julio 26) Diario Oficial No. 46.341 de 26 de julio de 2006 CONGRESO DE LA REP\u00daBLICA Por medio de la cual la Naci\u00f3n se asocia a la celebraci\u00f3n de los 73 a\u00f1os de la victoria de Colombia en la Guerra con el Per\u00fa desplegada en el [&hellip;]<\/p>\n","protected":false},"author":1,"featured_media":0,"comment_status":"open","ping_status":"open","sticky":false,"template":"","format":"standard","meta":{"footnotes":""},"categories":[21],"tags":[],"class_list":["post-1110","post","type-post","status-publish","format-standard","hentry","category-leyes-2006"],"_links":{"self":[{"href":"https:\/\/www.dmsjuridica.com\/buscador_20179478954\/legislacion\/leyes\/wp-json\/wp\/v2\/posts\/1110","targetHints":{"allow":["GET"]}}],"collection":[{"href":"https:\/\/www.dmsjuridica.com\/buscador_20179478954\/legislacion\/leyes\/wp-json\/wp\/v2\/posts"}],"about":[{"href":"https:\/\/www.dmsjuridica.com\/buscador_20179478954\/legislacion\/leyes\/wp-json\/wp\/v2\/types\/post"}],"author":[{"embeddable":true,"href":"https:\/\/www.dmsjuridica.com\/buscador_20179478954\/legislacion\/leyes\/wp-json\/wp\/v2\/users\/1"}],"replies":[{"embeddable":true,"href":"https:\/\/www.dmsjuridica.com\/buscador_20179478954\/legislacion\/leyes\/wp-json\/wp\/v2\/comments?post=1110"}],"version-history":[{"count":0,"href":"https:\/\/www.dmsjuridica.com\/buscador_20179478954\/legislacion\/leyes\/wp-json\/wp\/v2\/posts\/1110\/revisions"}],"wp:attachment":[{"href":"https:\/\/www.dmsjuridica.com\/buscador_20179478954\/legislacion\/leyes\/wp-json\/wp\/v2\/media?parent=1110"}],"wp:term":[{"taxonomy":"category","embeddable":true,"href":"https:\/\/www.dmsjuridica.com\/buscador_20179478954\/legislacion\/leyes\/wp-json\/wp\/v2\/categories?post=1110"},{"taxonomy":"post_tag","embeddable":true,"href":"https:\/\/www.dmsjuridica.com\/buscador_20179478954\/legislacion\/leyes\/wp-json\/wp\/v2\/tags?post=1110"}],"curies":[{"name":"wp","href":"https:\/\/api.w.org\/{rel}","templated":true}]}}