{"id":1128,"date":"2020-11-24T19:24:06","date_gmt":"2020-11-24T19:24:06","guid":{"rendered":"https:\/\/www.dmsjuridica.com\/buscador_20179478954\/legislacion\/leyes\/2020\/11\/24\/ley-1061-de-2006\/"},"modified":"2020-11-24T19:24:06","modified_gmt":"2020-11-24T19:24:06","slug":"ley-1061-de-2006","status":"publish","type":"post","link":"https:\/\/www.dmsjuridica.com\/buscador_20179478954\/legislacion\/leyes\/2020\/11\/24\/ley-1061-de-2006\/","title":{"rendered":"LEY 1061 DE 2006"},"content":{"rendered":"<p>LEY 1061 DE 2006            <\/a><\/p>\n<p>&nbsp;<\/p>\n<p align=\"center\"><b><font size=\"2\"><img loading=\"lazy\" decoding=\"async\" border=\"0\" src=\"http:\/\/dmsjuridica.com\/CODIGOS\/LEGISLACION\/LEYES\/2019\/dms.png\" width=\"138\" height=\"103\"align=\"center\"><\/p>\n<p align=\"center\"><b><font size=\"6\">LEY 1061 DE 2006<\/font><\/b><\/p>\n<p align=\"center\"><b><font size=\"2\">(julio 26)<\/font><\/b><\/p>\n<p align=\"center\"><b><font size=\"2\">Diario Oficial No. 46.341 de 26 de julio de 2006<\/font><\/b><\/p>\n<p align=\"center\"><b><font size=\"2\">CONGRESO DE LA REP\u00daBLICA<\/font><\/b><\/p>\n<p align=\"center\"><font size=\"2\">Por la cual la Naci\u00f3n se asocia a la celebraci\u00f3n de los 70 a\u00f1os de la fundaci\u00f3n del municipio de Uribia, departamento de La Guajira y se dictan otras disposiciones.<\/font><\/p>\n<p align=\"center\"><b><font size=\"2\">EL CONGRESO DE COLOMBIA<\/font><\/b><\/p>\n<p align=\"center\"><b><font size=\"2\">DECRETA<\/font><\/b><font size=\"2\">:<\/font><\/p>\n<p><DIV>&nbsp;<\/DIV> <font face=\"Arial\"><A name=1><b><font size=\"2\">ART\u00cdCULO<\/font><\/b><font size=\"2\"> 1o. SETENTA A\u00d1OS DEL MUNICIPIO DE URIBIA.<\/font><\/A><font size=\"2\"> La Naci\u00f3n se asocia a la celebraci\u00f3n de los setenta (70) a\u00f1os de la fundaci\u00f3n del municipio de Uribia, en el departamento de La Guajira y rinde reconocimiento a su fundador, el Capit\u00e1n Eduardo Londo\u00f1o Villegas y al Presidente Alfonso L\u00f3pez Pumarejo, cogestor de su creaci\u00f3n, mediante la construcci\u00f3n de sendos monumentos como homenaje a sus fundadores.<\/font><\/font><DIV>&nbsp;<\/DIV> <font face=\"Arial\"><A name=2><b><font size=\"2\">ART\u00cdCULO<\/font><\/b><font size=\"2\"> 2o. FINANCIACI\u00d3N DE INVERSIONES.<\/font><\/A><font size=\"2\"> A partir de la sanci\u00f3n de la presente ley y de conformidad con los art\u00edculos <a hrefx=\"CONS_P91.HTM#334\">334<\/A>, <a hrefx=\"CONS_P91.HTM#341\">341<\/A>, <a hrefx=\"CONS_P91.HTM#288\">288<\/A> y <a hrefx=\"CONS_P91.HTM#345\">345<\/A> de la Constituci\u00f3n Pol\u00edtica y de las competencias establecidas en la Ley <a hrefx=\"L0715001.HTM#1\">715<\/A> de 2001, autor\u00edzase al Gobierno Nacional para incorporar dentro del Presupuesto General de la Naci\u00f3n y\/o impulsar a trav\u00e9s del sistema nacional de cofinanciaci\u00f3n, las apropiaciones necesarias que permitan la ejecuci\u00f3n de las siguientes obras de car\u00e1cter vital y de inter\u00e9s social en el municipio de Uribia:<\/font><\/font><DIV>&nbsp;<\/DIV> <font size=\"2\" face=\"Arial\">1. Adquisici\u00f3n de plantas potabilizadoras para los asentamientos poblacionales de Portete, Puerto Estrella, Bah\u00eda Honda, Shiapana y Castilletes.<\/font><DIV>&nbsp;<\/DIV> <font size=\"2\" face=\"Arial\">2. Desarrollo del proyecto de asistencia y seguridad alimentaria para la poblaci\u00f3n Way\u00fau.<\/font><DIV>&nbsp;<\/DIV> <font size=\"2\" face=\"Arial\">3. Fortalecimiento de Programas de Detecci\u00f3n y Atenci\u00f3n de los Eventos de Tuberculosis.<\/font><DIV>&nbsp;<\/DIV> <font size=\"2\" face=\"Arial\">4. Construcci\u00f3n de las carreteables Wimpeshi-Uribia, y Uribia-Poportin.<\/font><DIV>&nbsp;<\/DIV> <font size=\"2\" face=\"Arial\">5. Construcci\u00f3n de la planta f\u00edsica del Colegio Alfonso L\u00f3pez Pumarejo.<\/font><DIV>&nbsp;<\/DIV> <font face=\"Arial\"><b><font size=\"2\">PAR\u00c1GRAFO<\/font><\/b><font size=\"2\">. El costo total y la ejecuci\u00f3n de las obras sociales de inter\u00e9s general se\u00f1aladas anteriormente ascienden a 15.000.000.000 millones y se financiar\u00e1n con recursos del Presupuesto Nacional. Para tal fin, se deber\u00e1n tener en cuenta los recursos incluidos en el Plan Nacional de Desarrollo para los distintos fines aqu\u00ed previstos.<\/font><\/font><DIV>&nbsp;<\/DIV> <font face=\"Arial\"><A name=3><b><font size=\"2\">ART\u00cdCULO 3o. CAPITAL IND\u00cdGENA.<\/font><\/b><\/A><font size=\"2\"><b> <\/b>Recon\u00f3zcase el car\u00e1cter tradicional de Uribia como Capital Ind\u00edgena de Colombia.<\/font><\/font><DIV>&nbsp;<\/DIV> <font face=\"Arial\"><A name=4><b><font size=\"2\">ART\u00cdCULO<\/font><\/b><font size=\"2\"><b> 4o<\/b>.<\/font><\/A><font size=\"2\"> Las autorizaciones de gasto otorgadas al Gobierno Nacional en virtud de esta ley, se incorporar\u00e1n de conformidad con lo establecido en el art\u00edculo <a hrefx=\"L1061006.HTM#2\">2o<\/A>, en primer lugar, reasignando los recursos hoy existentes en cada \u00f3rgano ejecutor, sin que ello implique un aumento del Presupuesto. En segundo lugar, de acuerdo con las disponibilidades que se produzcan en cada vigencia fiscal.<\/font><\/font><DIV>&nbsp;<\/DIV> <font face=\"Arial\"><A name=5><b><font size=\"2\">ART\u00cdCULO<\/font><\/b><font size=\"2\"> 5o. VIGENCIA.<\/font><\/A><font size=\"2\"> Esta ley rige a partir de la fecha de su promulgaci\u00f3n.<\/font><\/font><DIV>&nbsp;<\/DIV>  <\/p>\n<p align=\"center\"><font size=\"2\" face=\"Arial\">La Presidenta del honorable Senado de la Rep\u00fablica,<\/font><\/p>\n<p align=\"center\"><font size=\"2\" face=\"Arial\">CLAUDIA BLUM DE BARBERI.<\/font><\/p>\n<p align=\"center\"><font size=\"2\" face=\"Arial\">El Secretario General del honorable Senado de la Rep\u00fablica,<\/font><\/p>\n<p align=\"center\"><font size=\"2\" face=\"Arial\">EMILIO RAM\u00d3N OTERO DAJUD.<\/font><\/p>\n<p align=\"center\"><font size=\"2\" face=\"Arial\">El Presidente de la honorable C\u00e1mara de Representantes,<\/font><\/p>\n<p align=\"center\"><font size=\"2\" face=\"Arial\">JULIO E. GALLARDO ARCHBOLD.<\/font><\/p>\n<p align=\"center\"><font size=\"2\" face=\"Arial\">El Secretario General de la honorable C\u00e1mara de Representantes,<\/font><\/p>\n<p align=\"center\"><font size=\"2\" face=\"Arial\">ANGELINO LIZCANO RIVERA.<\/font><\/p>\n<p align=\"center\"><font size=\"2\" face=\"Arial\">REPUBLICA DE COLOMBIA <BR>GOBIERNO NACIONAL<\/font><\/p>\n<p align=\"center\"><font size=\"2\" face=\"Arial\">Publ\u00edquese y c\u00famplase.<\/font><\/p>\n<p align=\"center\"><font size=\"2\" face=\"Arial\">Dada en Bogot\u00e1, D. C., a 26 de julio de 2006.<\/font><\/p>\n<p align=\"center\"><font size=\"2\" face=\"Arial\">\u00c1LVARO URIBE V\u00c9LEZ<\/font><\/p>\n<p align=\"center\"><font size=\"2\" face=\"Arial\">El Ministro de Hacienda y Cr\u00e9dito P\u00fablico,<\/font><\/p>\n<p align=\"center\"><font size=\"2\" face=\"Arial\">ALBERTO CARRASQUILLA BARRERA.<\/font><\/p>\n<p> <P>&nbsp;<\/P><\/p>\n","protected":false},"excerpt":{"rendered":"<p>LEY 1061 DE 2006 &nbsp; LEY 1061 DE 2006 (julio 26) Diario Oficial No. 46.341 de 26 de julio de 2006 CONGRESO DE LA REP\u00daBLICA Por la cual la Naci\u00f3n se asocia a la celebraci\u00f3n de los 70 a\u00f1os de la fundaci\u00f3n del municipio de Uribia, departamento de La Guajira y se dictan otras disposiciones. [&hellip;]<\/p>\n","protected":false},"author":1,"featured_media":0,"comment_status":"open","ping_status":"open","sticky":false,"template":"","format":"standard","meta":{"footnotes":""},"categories":[21],"tags":[],"class_list":["post-1128","post","type-post","status-publish","format-standard","hentry","category-leyes-2006"],"_links":{"self":[{"href":"https:\/\/www.dmsjuridica.com\/buscador_20179478954\/legislacion\/leyes\/wp-json\/wp\/v2\/posts\/1128","targetHints":{"allow":["GET"]}}],"collection":[{"href":"https:\/\/www.dmsjuridica.com\/buscador_20179478954\/legislacion\/leyes\/wp-json\/wp\/v2\/posts"}],"about":[{"href":"https:\/\/www.dmsjuridica.com\/buscador_20179478954\/legislacion\/leyes\/wp-json\/wp\/v2\/types\/post"}],"author":[{"embeddable":true,"href":"https:\/\/www.dmsjuridica.com\/buscador_20179478954\/legislacion\/leyes\/wp-json\/wp\/v2\/users\/1"}],"replies":[{"embeddable":true,"href":"https:\/\/www.dmsjuridica.com\/buscador_20179478954\/legislacion\/leyes\/wp-json\/wp\/v2\/comments?post=1128"}],"version-history":[{"count":0,"href":"https:\/\/www.dmsjuridica.com\/buscador_20179478954\/legislacion\/leyes\/wp-json\/wp\/v2\/posts\/1128\/revisions"}],"wp:attachment":[{"href":"https:\/\/www.dmsjuridica.com\/buscador_20179478954\/legislacion\/leyes\/wp-json\/wp\/v2\/media?parent=1128"}],"wp:term":[{"taxonomy":"category","embeddable":true,"href":"https:\/\/www.dmsjuridica.com\/buscador_20179478954\/legislacion\/leyes\/wp-json\/wp\/v2\/categories?post=1128"},{"taxonomy":"post_tag","embeddable":true,"href":"https:\/\/www.dmsjuridica.com\/buscador_20179478954\/legislacion\/leyes\/wp-json\/wp\/v2\/tags?post=1128"}],"curies":[{"name":"wp","href":"https:\/\/api.w.org\/{rel}","templated":true}]}}