{"id":1142,"date":"2020-11-24T19:24:07","date_gmt":"2020-11-24T19:24:07","guid":{"rendered":"https:\/\/www.dmsjuridica.com\/buscador_20179478954\/legislacion\/leyes\/2020\/11\/24\/ley-1075-de-2006\/"},"modified":"2020-11-24T19:24:07","modified_gmt":"2020-11-24T19:24:07","slug":"ley-1075-de-2006","status":"publish","type":"post","link":"https:\/\/www.dmsjuridica.com\/buscador_20179478954\/legislacion\/leyes\/2020\/11\/24\/ley-1075-de-2006\/","title":{"rendered":"LEY 1075 DE 2006"},"content":{"rendered":"<p>LEY 1075 DE 2006            <\/a><\/p>\n<p>&nbsp;<\/p>\n<p align=\"center\"><b><font size=\"2\"><img loading=\"lazy\" decoding=\"async\" border=\"0\" src=\"http:\/\/dmsjuridica.com\/CODIGOS\/LEGISLACION\/LEYES\/2019\/dms.png\" width=\"138\" height=\"103\"align=\"center\"><\/p>\n<p align=\"center\"><b><font size=\"6\">LEY 1075 DE 2006<\/font><\/b><\/p>\n<p align=\"center\"><b><font size=\"2\">(julio 31)<\/font><\/b><\/p>\n<p align=\"center\"><b><font size=\"2\">Diario Oficial No. 46.346 de 31 de julio de 2006<\/font><\/b><\/p>\n<p><DIV>&nbsp;<\/DIV> <\/p>\n<p align=\"center\"><b><font size=\"2\">CONGRESO DE LA REP\u00daBLICA<\/font><\/b><\/p>\n<p align=\"center\"><font size=\"2\">Por medio de la cual se aprueba el Tratado Cultural y Educativo entre el Gobierno de la Rep\u00fablica de Colombia y el Gobierno de la Rep\u00fablica de Honduras, hecho en la ciudad de Santa Fe de Bogot\u00e1 a los veintisiete (27) d\u00edas del mes de abril de mil novecientos noventa y nueve (1999).<\/font><\/p>\n<p><DIV><\/p>\n<div align=\"justify\"><b><font size=\"2\">*Resumen de Notas de Vigencia*<\/font><\/b><\/div>\n<div align=\"justify\">&nbsp;<\/div>\n<table cellSpacing=\"0\" cellPadding=\"6\" rules=\"none\" width=\"100%\" border=\"1\" frame=\"border\" id=\"table1\">\n<tr>\n<td>\n<p align=\"justify\"><b><font size=\"2\">NOTAS DE VIGENCIA:<\/font><\/b><\/td>\n<\/tr>\n<tr>\n<td>\n<p align=\"justify\"><font size=\"2\">&#8211; Tratado y ley aprobatoria declarados EXEQUIBLES por la Corte Constitucional mediante <b><a hrefx=\"..\/..\/Sentencias\/C-181-07.rtf\">Sentencia <\/a><\/b><\/font><b><font size=\"2\" BGCOLOR=\"#00FF00\" ><a hrefx=\"..\/..\/Sentencias\/C-181-07.rtf\">C-181-07<\/a><\/font><\/b><font size=\"2\"> de 14 de marzo de 2007, Magistrado Ponente Dr. Jaime Ara\u00fajo Renter\u00eda.<\/font><\/td>\n<\/tr>\n<\/table>\n<p>&nbsp;<\/DIV> <\/p>\n<p align=\"center\"><b><font size=\"2\">EL CONGRESO DE COLOMBIA<\/font><\/b><\/p>\n<p><DIV>&nbsp;<\/DIV> <\/p>\n<p align=\"justify\"><font size=\"2\">Visto el texto de \u201cEl Tratado Cultural y Educativo entre el Gobierno de la Rep\u00fablica de Colombia y el Gobierno de la Rep\u00fablica de Honduras\u201d, hecho en la ciudad de Santa Fe de Bogot\u00e1 a los veintisiete (27) d\u00edas del mes de abril de mil novecientos noventa y nueve (1999), que a la letra dice:<\/font><\/p>\n<p align=\"justify\"><font size=\"2\">(Para ser transcrito: Se adjunta fotocopia del texto \u00edntegro del instrumento internacional mencionado).<\/font><\/p>\n<p align=\"justify\"><b><font size=\"2\">TRATADO CULTURAL Y EDUCATIVO ENTRE EL GOBIERNO DE LA REPUBLICA DE COLOMBIA Y EL GOBIERNO DE LA REPUBLICA DE HONDURAS<\/font><\/b><\/p>\n<p><DIV>&nbsp;<\/DIV> <\/p>\n<p align=\"justify\"><font size=\"2\">El Gobierno de la Rep\u00fablica de Colombia y el Gobierno de la Rep\u00fablica de Honduras, en adelante denominados las Partes;<\/font><\/p>\n<p align=\"justify\"><font size=\"2\">Animados por la convicci\u00f3n de que la Cultura y la Educaci\u00f3n constituyen elementos esenciales para dar respuestas acertadas a los desaf\u00edos planteados por la globalizaci\u00f3n, con sus importantes transformaciones productivas, los avances cient\u00edfico-t\u00e9cnicos y la necesidad de mejorar los niveles de competitividad para poder ser part\u00edcipes de una nueva era de progreso;<\/font><\/p>\n<p align=\"justify\"><font size=\"2\">Conscientes de que para el fortalecimiento de la democracia, es indispensable la consolidaci\u00f3n de los valores propios de la cultura de la paz, la tolerancia y el respeto a los Derechos Humanos;<\/font><\/p>\n<p align=\"justify\"><font size=\"2\">Convencidos de que el conocimiento mutuo fortalece los lazos de amistad entre las dos naciones y que la educaci\u00f3n es un factor esencial pera el desarrollo y el mejoramiento de las condiciones de vida de nuestros pueblos;<\/font><\/p>\n<p align=\"justify\"><font size=\"2\">Unidos por el esp\u00edritu integracionista latinoamericano, inspirado en ra\u00edces hist\u00f3ricas que identifican a nuestras naciones, como pueblos amantes de la unidad de prop\u00f3sitos para el bienestar de nuestras gentes;<\/font><\/p>\n<p align=\"justify\"><font size=\"2\">Conocedores de la riqueza del patrimonio cultural de sus naciones, la necesidad de preservarlo y la importancia de hacerlo conocer por su importancia hist\u00f3rica y cultural;<\/font><\/p>\n<p align=\"justify\"><font size=\"2\">Decididos a promover una educaci\u00f3n que fomente los valores del respeto a la naturaleza y preservaci\u00f3n del medio ambiente, en el marco del concepto de \u201cdesarrollo sostenible\u201d;<\/font><\/p>\n<p align=\"justify\"><font size=\"2\">Habiendo tomado nota del \u201cPlan de Acci\u00f3n\u201d acordado por los Jefes de Estado y de Gobierno del continente, en la \u201cII Cumbre de las Am\u00e9ricas\u201d, en la que se adquiri\u00f3 el compromiso hemisf\u00e9rico con los procesos de reforma y fortalecimiento de la educaci\u00f3n, teniendo en cuenta los principios de equidad, calidad, pertinencia y eficiencia;<\/font><\/p>\n<p align=\"justify\"><font size=\"2\">Tomando nota de las experiencias logradas en la revisi\u00f3n, ampliaci\u00f3n de contenidos y mayor cobertura de la educaci\u00f3n b\u00e1sica, el fomento de la lectura, el respeto de los derechos de autor y el fortalecimiento de las bibliotecas;<\/font><\/p>\n<p align=\"justify\"><font size=\"2\">Considerando la necesidad de encontrar f\u00f3rmulas que faciliten a todos sus nacionales el acceso a la educaci\u00f3n b\u00e1sicas, prevenir los problemas que conducen a la deserci\u00f3n estudiantil y, procurar el acceso a la educaci\u00f3n superior teniendo en cuenta los m\u00e9ritos acad\u00e9micos;<\/font><\/p>\n<p align=\"justify\"><font size=\"2\">Comprometidos con la necesidad de cooperar en la utilizaci\u00f3n de medios tales, como la televisi\u00f3n educativa, la utilizaci\u00f3n de materiales did\u00e1cticos, as\u00ed como de elementos audiovisuales para facilitar el aprendizaje y lograr una mayor cobertura de la ense\u00f1anza;<\/font><\/p>\n<p align=\"justify\"><font size=\"2\">Conocedores de la importancia del intercambio de experiencias, la concesi\u00f3n de becas de especializaci\u00f3n, la facilitaci\u00f3n de pasant\u00edas y la participaci\u00f3n en seminarios, foros de estudio y encuentros acad\u00e9micos;<\/font><\/p>\n<p align=\"justify\"><font size=\"2\">Reconociendo la necesidad de que los artistas, compositores, m\u00fasicos y exponentes del arte y la cultura, tengan las facilidades en los dos pa\u00edses para exponer sus obras, hacer presentaciones y dar a conocer sus trabajos;<\/font><\/p>\n<p align=\"justify\"><font size=\"2\">Hemos acordado celebrar el presente Tratado marco cultural y educativo.<\/font><\/p>\n<p><DIV>&nbsp;<\/DIV> <\/p>\n<p align=\"justify\"><A name=1><b><font size=\"2\">ART\u00cdCULO 1o.<\/font><\/b><\/A><font size=\"2\"> El presente Tratado marco regula las relaciones generales de cooperaci\u00f3n e intercambio cultural y educativo entre las dos Partes, que para su aplicaci\u00f3n e implementaci\u00f3n podr\u00e1n suscribir como desarrollo del mismo, acuerdos complementarios para los cuales deber\u00e1n establecer las entidades ejecutoras; as\u00ed mismo y previa la evaluaci\u00f3n sobre su aplicaci\u00f3n se suscribir\u00e1n programas bianuales.<\/font><\/p>\n<p><DIV>&nbsp;<\/DIV> <\/p>\n<p align=\"justify\"><A name=2><b><font size=\"2\">ART\u00cdCULO 2o.<\/font><\/b><\/A><font size=\"2\"> Las Partes crear\u00e1n una base de datos com\u00fan que contenga, la informaci\u00f3n sobre calendarios de actividades educativas, concursos, premios, becas, e infraestructura disponibles en ambos Estados para la realizaci\u00f3n de exposiciones presentaciones art\u00edsticas, y entidades de car\u00e1cter cultural y educativa que puedan colaborar en los programas de cooperaci\u00f3n de esa naturaleza, as\u00ed como toda otra informaci\u00f3n que se estime necesaria o de inter\u00e9s para el cumplimiento de los objetivos del presente Tratado.<\/font><\/p>\n<p><DIV>&nbsp;<\/DIV> <\/p>\n<p align=\"justify\"><A name=3><b><font size=\"2\">ART\u00cdCULO 3o.<\/font><\/b><\/A><font size=\"2\"> Cada Parte recomendar\u00e1 a las instituciones oficiales y privadas, especialmente a las sociedades de escritores y a las c\u00e1maras del libro, que env\u00eden sus publicaciones de inter\u00e9s general, a las bibliotecas nacionales del otro Estado.<\/font><\/p>\n<p align=\"justify\"><font size=\"2\">Las Partes promover\u00e1n la edici\u00f3n o coedici\u00f3n de obras de autores nacionales cuyo contenido tenga inter\u00e9s para los dos pa\u00edses, promueva los valores de la cultura y la educaci\u00f3n y fortalezca las relaciones de amistad entre las dos naciones.<\/font><\/p>\n<p align=\"justify\"><font size=\"2\">Las Partes favorecer\u00e1n la creaci\u00f3n de secciones especiales, dedicadas a autores nacionales del otro Estado e informaci\u00f3n sobre el mismo, en las bibliotecas oficiales de servicio al p\u00fablico.<\/font><\/p>\n<p><DIV>&nbsp;<\/DIV> <\/p>\n<p align=\"justify\"><A name=4><b><font size=\"2\">ART\u00cdCULO 4o.<\/font><\/b><\/A><font size=\"2\"> Las Partes promover\u00e1n el intercambio y la cooperaci\u00f3n en experiencias educativas innovadoras y la ejecuci\u00f3n de proyectos que fortalezcan, las actividades de mejoramiento de los niveles de educaci\u00f3n, especialmente entre las entidades de fomento educativo y actualizaci\u00f3n de conocimientos del personal docente.<\/font><\/p>\n<p align=\"justify\"><font size=\"2\">Las Partes facilitar\u00e1n la vinculaci\u00f3n directa entre las instituciones educativas de los dos pa\u00edses para que establezcan o fortalezcan v\u00ednculos de intercambio y cooperaci\u00f3n mutua, mediante la ejecuci\u00f3n de programas espec\u00edficos que desarrollen el objeto y fin del presente Tratado;<\/font><\/p>\n<p align=\"justify\"><font size=\"2\">Las Partes promover\u00e1n la participaci\u00f3n de la sociedad civil en los proyectos de car\u00e1cter cultural y educativo, motivados por el mismo esp\u00edritu que anima a los dos Gobiernos a celebrar el presente Tratado.<\/font><\/p>\n<p><DIV>&nbsp;<\/DIV> <\/p>\n<p align=\"justify\"><A name=5><b><font size=\"2\">ART\u00cdCULO 5o.<\/font><\/b><\/A><font size=\"2\"> Las instituciones p\u00fablicas competentes para la selecci\u00f3n de los beneficiarios de los programas de becas, adem\u00e1s de tener en cuenta el cumplimiento de los requisitos generales para el otorgamiento de las mismas, aplicar\u00e1n criterios favorables al fortalecimiento de la cooperaci\u00f3n para alcanzar un mejoramiento de los niveles educativos y profesionales con la mayor cobertura social posible.<\/font><\/p>\n<p align=\"justify\"><font size=\"2\">De acuerdo con las disponibilidades presupuestales de los dos pa\u00edses, se crear\u00e1n becas especiales para colombianos y hondure\u00f1os destinadas a adelantar estudios a niv el de posgrado y de formaci\u00f3n t\u00e9cnica avanzada, en instituciones oficiales de los dos pa\u00edses, para lo cual los candidatos deber\u00e1n ser presentados oficialmente, con el debido respaldo de buen rendimiento acad\u00e9mico, justificaci\u00f3n sobre la necesidad de la cooperaci\u00f3n y compromiso de vincular al beneficiario en proyectos y trabajos de servicio p\u00fablico.<\/font><\/p>\n<p><DIV>&nbsp;<\/DIV> <\/p>\n<p align=\"justify\"><A name=6><b><font size=\"2\">ART\u00cdCULO 6o.<\/font><\/b><\/A><font size=\"2\"> Las Partes dise\u00f1ar\u00e1n programas de intercambio docente y de estudiantes avanzados de educaci\u00f3n superior y apoyar\u00e1n las pasant\u00edas o pr\u00e1cticas en instituciones p\u00fablicas y privadas que de acuerdo con sus criterios de organizaci\u00f3n requieran o permitan la participaci\u00f3n de estudiantes.<\/font><\/p>\n<p><DIV>&nbsp;<\/DIV> <\/p>\n<p align=\"justify\"><A name=7><b><font size=\"2\">ART\u00cdCULO 7o.<\/font><\/b><\/A><font size=\"2\"> Se promover\u00e1 la cooperaci\u00f3n entre expertos, t\u00e9cnicos y especialistas en educaci\u00f3n de ambos Estados, por medio del intercambio de experiencias que vinculen los sistemas educativos y la capacitaci\u00f3n profesional con el mundo del trabajo, y de la producci\u00f3n.<\/font><\/p>\n<p align=\"justify\"><font size=\"2\">En ese marco se promover\u00e1 la realizaci\u00f3n de cursos o seminarios, trabajos de investigaci\u00f3n en el \u00e1rea educativa y dem\u00e1s actividades que tiendan a compartir y mejorar los conocimientos de los docentes.<\/font><\/p>\n<p><DIV>&nbsp;<\/DIV> <\/p>\n<p align=\"justify\"><A name=8><b><font size=\"2\">ART\u00cdCULO 8o.<\/font><\/b><\/A><font size=\"2\"> Las Partes promover\u00e1n y facilitar\u00e1n la realizaci\u00f3n de exposiciones de arte, intercambio de artistas, promoci\u00f3n y comercializaci\u00f3n de sus obras, as\u00ed como la realizaci\u00f3n de encuentros, talleres y seminarios sobre diferentes manifestaciones art\u00edsticas.<\/font><\/p>\n<p><DIV>&nbsp;<\/DIV> <\/p>\n<p align=\"justify\"><A name=9><b><font size=\"2\">ART\u00cdCULO 9o.<\/font><\/b><\/A><font size=\"2\"> De conformidad con los Tratados vigentes sobre la materia, ratificados por ambos Estados y la legislaci\u00f3n interna de cada uno de los pa\u00edses, las Partes se comprometen a proteger plenamente, los derechos de los ciudadanos del otro Estado en lo que respecta a la propiedad intelectual y art\u00edstica. Tambi\u00e9n se tomar\u00e1n las medidas destinadas a facilitar, las transferencias de derechos de autor y remuneraci\u00f3n a escritores o artistas.<\/font><\/p>\n<p><DIV>&nbsp;<\/DIV> <\/p>\n<p align=\"justify\"><A name=10><b><font size=\"2\">ART\u00cdCULO 10.<\/font><\/b><\/A><font size=\"2\"> Cada Parte se compromete a adoptar las medidas procedimentales o legales, que faciliten la libre entrada y salida de su territorio, con car\u00e1cter de internaci\u00f3n temporal, de bienes culturales necesarios para la ejecuci\u00f3n de las actividades art\u00edsticas y culturales previstas en el presente Tratado, en los acuerdos complementarios y en los programas bianuales que se suscriban.<\/font><\/p>\n<p><DIV>&nbsp;<\/DIV> <\/p>\n<p align=\"justify\"><A name=11><b><font size=\"2\">ART\u00cdCULO 11.<\/font><\/b><\/A><font size=\"2\"> Ambas Partes facilitar\u00e1n por todos los medios posibles, el desarrollo del turismo, particularmente el de car\u00e1cter cultural.<\/font><\/p>\n<p><DIV>&nbsp;<\/DIV> <\/p>\n<p align=\"justify\"><A name=12><b><font size=\"2\">ART\u00cdCULO 12.<\/font><\/b><\/A><font size=\"2\"> Para el seguimiento del desarrollo del presente Tratado y la aplicaci\u00f3n del mismo, las dos Partes crean la Comisi\u00f3n Ejecutiva Cultural y Educativa, que ser\u00e1 coordinada por las oficinas encargadas de los asuntos culturales de ambas canciller\u00edas.<\/font><\/p>\n<p><DIV>&nbsp;<\/DIV> <\/p>\n<p align=\"justify\"><font size=\"2\">La comisi\u00f3n tendr\u00e1 como objetivos:<\/font><\/p>\n<p align=\"justify\"><font size=\"2\">a) Evaluar peri\u00f3dicamente el cumplimiento del Presente Tratado, as\u00ed como el desarrollo de los acuerdos complementari os del mismo y de los programas acordados por ambas Partes;<\/font><\/p>\n<p align=\"justify\"><font size=\"2\">b) Preparar, de acuerdo con la evaluaci\u00f3n sobre la ejecuci\u00f3n del Tratado, las propuestas de las Partes y las experiencias acumuladas, los programas bianuales de cooperaci\u00f3n cultural y educativa;<\/font><\/p>\n<p align=\"justify\"><font size=\"2\">c) Preparar los proyectos de acuerdos complementarios del presente Tratado;<\/font><\/p>\n<p align=\"justify\"><font size=\"2\">d) Preparar recomendaciones para el mejor desarrollo del presente Tratado y el fortalecimiento de los nexos de car\u00e1cter cultural y educativo.<\/font><\/p>\n<p align=\"justify\"><font size=\"2\">La Comisi\u00f3n Ejecutiva Cultural y Educativa se reunir\u00e1 cada dos a\u00f1os o por acuerdo entre las Partes, luego de un t\u00e9rmino menor de tiempo.<\/font><\/p>\n<p><DIV>&nbsp;<\/DIV> <\/p>\n<p align=\"justify\"><A name=13><b><font size=\"2\">ART\u00cdCULO 13.<\/font><\/b><\/A><font size=\"2\"> El presente Tratado sustituir\u00e1 a partir de la fecha de su entrada en vigor, al Convenio Cultural entre el Gobierno de la Rep\u00fablica de Colombia y el Gobierno de la Rep\u00fablica de Honduras, firmado en Tegucigalpa el 12 de agosto de 1961.<\/font><\/p>\n<p><DIV>&nbsp;<\/DIV> <\/p>\n<p align=\"justify\"><A name=14><b><font size=\"2\">ART\u00cdCULO 14.<\/font><\/b><\/A><font size=\"2\"> El presente Tratado entrar\u00e1 en vigor, en la fecha del canje de los instrumentos de ratificaci\u00f3n, una vez se hayan cumplido los requisitos legales y constitucionales en cada una de las Partes.<\/font><\/p>\n<p align=\"justify\"><font size=\"2\">El presente Tratado tendr\u00e1 una duraci\u00f3n de diez (10) a\u00f1os y se renovar\u00e1 autom\u00e1ticamente por per\u00edodos iguales, si ninguna de las Partes manifiesta por escrito su deseo de no prorrogarlo, con una antelaci\u00f3n de por lo menos seis meses a la fecha de terminaci\u00f3n del per\u00edodo respectivo.<\/font><\/p>\n<p align=\"justify\"><font size=\"2\">Cualquiera de las Partes, puede denunciar el presente Tratado, mediante notificaci\u00f3n escrita, que surtir\u00e1 efectos, seis (6) meses despu\u00e9s de la fecha de recibo de la entrega de la nota correspondiente.<\/font><\/p>\n<p align=\"justify\"><font size=\"2\">Hecho en la ciudad de Santa Fe de Bogot\u00e1 a los 27 d\u00edas del mes de abril de mil novecientos noventa y nueve en dos ejemplares igualmente aut\u00e9nticos.<\/font><\/p>\n<p><DIV>&nbsp;<\/DIV> <DIV>&nbsp;<\/DIV> <\/p>\n<p align=\"center\" style=\"margin-top: 0; margin-bottom: 0\"><font size=\"2\">Por el Gobierno de la Rep\u00fablica de Colombia,<\/font><\/p>\n<p align=\"center\" style=\"margin-top: 0; margin-bottom: 0\">&nbsp;<\/p>\n<p align=\"center\" style=\"margin-top: 0; margin-bottom: 0\"><font size=\"2\">GUILLERMO FERN\u00c1NDEZ DE SOTO<\/font><\/p>\n<p align=\"center\" style=\"margin-top: 0; margin-bottom: 0\"><font size=\"2\">Ministro de Relaciones Exteriores<\/font><\/p>\n<p><DIV>&nbsp;<\/DIV> <\/p>\n<p align=\"center\" style=\"margin-top: 0; margin-bottom: 0\"><font size=\"2\">Por el Gobierno de la Rep\u00fablica de Honduras,<\/font><\/p>\n<p align=\"center\" style=\"margin-top: 0; margin-bottom: 0\"><font size=\"2\">ROBERTO FLORES BERM\u00daDEZ<\/font><\/p>\n<p align=\"center\" style=\"margin-top: 0; margin-bottom: 0\"><font size=\"2\">Secretario de Estado en el Despacho de Relaciones Exteriores<\/font><\/p>\n<p><DIV>&nbsp;<\/DIV> <DIV>&nbsp;<\/DIV> <\/p>\n<p align=\"center\" style=\"margin-top: 0; margin-bottom: 0\"><font size=\"2\">RAMA EJECUTIVA DEL PODER PUBLICO PRESIDENCIA DE LA REPUBLICA<\/font><\/p>\n<p><DIV>&nbsp;<\/DIV> <\/p>\n<p align=\"center\" style=\"margin-top: 0; margin-bottom: 0\"><font size=\"2\">Bogot\u00e1, D. C., 5 de marzo de 2002<\/font><\/p>\n<p><DIV>&nbsp;<\/DIV> <\/p>\n<p align=\"center\" style=\"margin-top: 0; margin-bottom: 0\"><font size=\"2\">Aprobado. Som\u00e9tase a la consideraci\u00f3n del honorable Congreso Nacional para los efectos constitucionales.<\/font><\/p>\n<p><DIV>&nbsp;<\/DIV> <\/p>\n<p align=\"center\" style=\"margin-top: 0; margin-bottom: 0\"><font size=\"2\">(Firmado),<\/font><\/p>\n<p> <DIV>&nbsp;<\/DIV> <\/p>\n<p align=\"center\" style=\"margin-top: 0; margin-bottom: 0\"><b><font size=\"2\">ANDR\u00c9S PASTRANA ARANGO<\/font><\/b><\/p>\n<p> <DIV>&nbsp;<\/DIV> <\/p>\n<p align=\"center\" style=\"margin-top: 0; margin-bottom: 0\"><font size=\"2\">El Ministro de Relaciones Exteriores (firmado),<\/font><\/p>\n<p align=\"center\" style=\"margin-top: 0; margin-bottom: 0\"><font size=\"2\">GUILLERMO FERN\u00c1NDEZ DE SOTO.<\/font><\/p>\n<p><DIV>&nbsp;<\/DIV> <DIV>&nbsp;<\/DIV> <\/p>\n<p align=\"center\"><b><font size=\"2\">DECRETA<\/font><\/b><font size=\"2\">:<\/font><\/p>\n<p align=\"justify\"><font size=\"2\"><b>Art\u00edculo 1o.<\/b> Apru\u00e9base el \u201cTratado Cultural y Educativo entre el Gobierno de la Rep\u00fablica de Colombia y el Gobierno de la Rep\u00fablica de Honduras\u201d, hecho en la ciudad de Santa Fe de Bogot\u00e1 a los veintisiete (27) d\u00edas del mes de abril de mil novecientos noventa y nueve (1999).<\/font><\/p>\n<p><DIV>&nbsp;<\/DIV> <\/p>\n<p align=\"justify\"><font size=\"2\"><b>Art\u00edculo 2o. <\/b>De conformidad con lo dispuesto en el art\u00edculo 1o de la Ley 7\u00aa de 1944, el \u201cTratado Cultural y Educativo entre el Gobierno de la Rep\u00fablica de Colombia y el Gobierno de la Rep\u00fablica de Honduras\u201d, hecho en la ciudad de Santa Fe de Bogot\u00e1 a los veintisiete (27) d\u00edas del mes de abril de mil novecientos noventa y nueve (1999), que por el art\u00edculo 1o de esta ley se aprueba, obligar\u00e1 al pa\u00eds a partir de la fecha en que se perfeccione el v\u00ednculo internacional respecto del mismo.<\/font><\/p>\n<p><DIV>&nbsp;<\/DIV> <\/p>\n<p align=\"justify\"><font size=\"2\"><b>Art\u00edculo 3o.<\/b> La presente ley rige a partir de la fecha de su publicaci\u00f3n.<\/font><\/p>\n<p><DIV>&nbsp;<\/DIV> <DIV>&nbsp;<\/DIV> <font size=\"2\" face=\"Arial\">Dada en Bogot\u00e1, D. C., a\u2026<\/font><DIV>&nbsp;<\/DIV> <font size=\"2\" face=\"Arial\">Presentado al honorable Congreso de la Rep\u00fablica por la Ministra de Relaciones Exteriores, la Ministra de Educaci\u00f3n Nacional y la Ministra de Cultura.<\/font><DIV>&nbsp;<\/DIV> <\/p>\n<p align=\"center\" style=\"margin-top: 0; margin-bottom: 0\"><font size=\"2\" face=\"Arial\">La Ministra de Relaciones Exteriores,<\/font><\/p>\n<p align=\"center\" style=\"margin-top: 0; margin-bottom: 0\"><font size=\"2\" face=\"Arial\">CAROLINA BARCO ISAKSON.<\/font><\/p>\n<p><DIV>&nbsp;<\/DIV> <\/p>\n<p align=\"center\" style=\"margin-top: 0; margin-bottom: 0\"><font size=\"2\" face=\"Arial\">La Ministra de Educaci\u00f3n Nacional,<\/font><\/p>\n<p align=\"center\" style=\"margin-top: 0; margin-bottom: 0\"><font size=\"2\" face=\"Arial\">CECILIA MAR\u00cdA V\u00c9LEZ WHITE.<\/font><\/p>\n<p><DIV>&nbsp;<\/DIV> <\/p>\n<p align=\"center\" style=\"margin-top: 0; margin-bottom: 0\"><font size=\"2\" face=\"Arial\">La Ministra de Cultura,<\/font><\/p>\n<p align=\"center\" style=\"margin-top: 0; margin-bottom: 0\"><font size=\"2\" face=\"Arial\">MAR\u00cdA CONSUELO ARA\u00daJO CASTRO.<\/font><\/p>\n<p><DIV>&nbsp;<\/DIV> <DIV>&nbsp;<\/DIV> <\/p>\n<p align=\"center\" style=\"margin-top: 0; margin-bottom: 0\"><font size=\"2\" face=\"Arial\">RAMA EJECUTIVA DEL PODER PUBLICO PRESIDENCIA DE LA REPUBLICA<\/font><\/p>\n<p><DIV>&nbsp;<\/DIV> <\/p>\n<p align=\"center\" style=\"margin-top: 0; margin-bottom: 0\"><font size=\"2\" face=\"Arial\">Bogot\u00e1, D. C., 5 de marzo de 2002<\/font><\/p>\n<p><DIV>&nbsp;<\/DIV> <\/p>\n<p align=\"center\" style=\"margin-top: 0; margin-bottom: 0\"><font size=\"2\" face=\"Arial\">Aprobado. Som\u00e9tase a la consideraci\u00f3n del honorable Congreso Nacional para los efectos constitucionales.<\/font><\/p>\n<p align=\"center\" style=\"margin-top: 0; margin-bottom: 0\"><font size=\"2\" face=\"Arial\">(Firmado),<\/font><\/p>\n<p><DIV>&nbsp;<\/DIV> <DIV>&nbsp;<\/DIV> <\/p>\n<p align=\"center\" style=\"margin-top: 0; margin-bottom: 0\"><b><font size=\"2\" face=\"Arial\">\u00c1LVARO URIBE V\u00c9LEZ<\/font><\/b><\/p>\n<p><DIV>&nbsp;<\/DIV> <DIV>&nbsp;<\/DIV> <\/p>\n<p align=\"center\" style=\"margin-top: 0; margin-bottom: 0\"><font size=\"2\" face=\"Arial\">La Ministra de Relaciones Exteriores (firmado),<\/font><\/p>\n<p align=\"center\" style=\"margin-top: 0; margin-bottom: 0\"><font size=\"2\" face=\"Arial\">CAROLINA BARCO ISAKSON.<\/font><\/p>\n<p><DIV>&nbsp;<\/DIV> <DIV>&nbsp;<\/DIV> <\/p>\n<p align=\"center\"><font face=\"Arial\"><b><font size=\"2\">DECRETA<\/font><\/b><font size=\"2\">:<\/font><\/font><\/p>\n<p><DIV>&nbsp;<\/DIV> <\/p>\n<p align=\"justify\"><font size=\"2\" face=\"Arial\"><b>Art\u00edculo <a hrefx=\"L1075006.HTM#1\">1o<\/A>.<\/b> Apru\u00e9base el \u201cTratado Cultural y Educativo entre el Gobierno de la Rep\u00fablica de Colombia y el Gobierno de la Rep\u00fablica de Honduras\u201d, hecho en la ciudad de Santa Fe de Bogot\u00e1 a los veintisiete (27) d\u00edas del mes de abril de mil novecientos noventa y nueve (1999).<\/font><\/p>\n<p><DIV>&nbsp;<\/DIV> <\/p>\n<p align=\"justify\"><font size=\"2\" face=\"Arial\"><b>Art\u00edculo <a hrefx=\"L1075006.HTM#2\">2o<\/A>.<\/b> De conformidad con lo dispuesto en el art\u00edculo 1o de la Ley 7\u00aa de 1944, el \u201cTratado Cultural y Educativo entre el Gobierno de la Rep\u00fablica de Colombia y el Gobierno de la Rep\u00fablica de Honduras\u201d, hecho en la ciudad de Santa Fe de Bogot\u00e1 a los veintisiete (27) d\u00edas del mes de abril de mil novecientos noventa y nueve (1999), que por el art\u00edculo <a hrefx=\"L1075006.HTM#1\">1o<\/A> de esta ley se aprueba, obligar\u00e1 al pa\u00eds a partir de la fecha en que se perfeccione el v\u00ednculo internacional respecto del mismo.<\/font><\/p>\n<p><DIV>&nbsp;<\/DIV> <\/p>\n<p align=\"justify\"><font size=\"2\" face=\"Arial\"><b>Art\u00edculo <a hrefx=\"L1075006.HTM#3\">3o<\/A>.<\/b> La presente ley rige a partir de la fecha de su publicaci\u00f3n.<\/font><\/p>\n<p><DIV>&nbsp;<\/DIV> <DIV>&nbsp;<\/DIV> <\/p>\n<p align=\"center\" style=\"margin-top: 0; margin-bottom: 0\"><font size=\"2\" face=\"Arial\">La Presidenta del honorable Senado de la Rep\u00fablica,<\/font><\/p>\n<p align=\"center\" style=\"margin-top: 0; margin-bottom: 0\"><font size=\"2\" face=\"Arial\">CLAUDIA BLUM DE BARBERI<\/font><\/p>\n<p><DIV>&nbsp;<\/DIV> <\/p>\n<p align=\"center\" style=\"margin-top: 0; margin-bottom: 0\"><font size=\"2\" face=\"Arial\">El Secretario General del honorable Senado de la Rep\u00fablica,<\/font><\/p>\n<p align=\"center\" style=\"margin-top: 0; margin-bottom: 0\"><font size=\"2\" face=\"Arial\">EMILIO RAM\u00d3N OTERO DAJUD.<\/font><\/p>\n<p><DIV>&nbsp;<\/DIV> <\/p>\n<p align=\"center\" style=\"margin-top: 0; margin-bottom: 0\"><font size=\"2\" face=\"Arial\">El Presidente de la honorable C\u00e1mara de Representantes,<\/font><\/p>\n<p align=\"center\" style=\"margin-top: 0; margin-bottom: 0\"><font size=\"2\" face=\"Arial\">JULIO E. GALLARDO ARCHBOLD<\/font><\/p>\n<p><DIV>&nbsp;<\/DIV> <\/p>\n<p align=\"center\" style=\"margin-top: 0; margin-bottom: 0\"><font size=\"2\" face=\"Arial\">El Secretario General de la honorable C\u00e1mara de Representantes,<\/font><\/p>\n<p align=\"center\" style=\"margin-top: 0; margin-bottom: 0\"><font size=\"2\" face=\"Arial\">ANGELINO LIZCANO RIVERA.<\/font><\/p>\n<p><DIV>&nbsp;<\/DIV> <DIV>&nbsp;<\/DIV> <\/p>\n<p align=\"center\" style=\"margin-top: 0; margin-bottom: 0\"><font size=\"2\" face=\"Arial\">REPUBLICA DE COLOMBIA \u2013 GOBIERNO NACIONAL<\/font><\/p>\n<p><DIV>&nbsp;<\/DIV> <\/p>\n<p align=\"center\" style=\"margin-top: 0; margin-bottom: 0\"><font size=\"2\" face=\"Arial\">Comun\u00edquese y c\u00famplase.<\/font><\/p>\n<p><DIV>&nbsp;<\/DIV> <\/p>\n<p align=\"center\" style=\"margin-top: 0; margin-bottom: 0\"><font size=\"2\" face=\"Arial\">Ejec\u00fatese, previa revisi\u00f3n de la Corte Constitucional, conforme al art\u00edculo <b> <a hrefx=\"CONS_P91.HTM#241\">241<\/A><\/b>-10 de la Constituci\u00f3n Pol\u00edtica.<\/font><\/p>\n<p><DIV>&nbsp;<\/DIV> <\/p>\n<p align=\"center\" style=\"margin-top: 0; margin-bottom: 0\"><font size=\"2\" face=\"Arial\">Dada en Bogot\u00e1, D. C., a 31 de julio de 2006.<\/font><\/p>\n<p> <DIV>&nbsp;<\/DIV> <\/p>\n<p align=\"center\" style=\"margin-top: 0; margin-bottom: 0\"><b><font size=\"2\" face=\"Arial\">\u00c1LVARO URIBE V\u00c9LEZ<\/font><\/b><\/p>\n<p> <DIV>&nbsp;<\/DIV> <\/p>\n<p align=\"center\" style=\"margin-top: 0; margin-bottom: 0\"><font size=\"2\" face=\"Arial\">La Ministra de Relaciones Exteriores,<\/font><\/p>\n<p align=\"center\" style=\"margin-top: 0; margin-bottom: 0\"><font size=\"2\" face=\"Arial\">CAROLINA BARCO ISAKSON.<\/font><\/p>\n<p>  <\/TABLE><\/font><P>&nbsp;<\/P><\/p>\n","protected":false},"excerpt":{"rendered":"<p>LEY 1075 DE 2006 &nbsp; LEY 1075 DE 2006 (julio 31) Diario Oficial No. 46.346 de 31 de julio de 2006 &nbsp; CONGRESO DE LA REP\u00daBLICA Por medio de la cual se aprueba el Tratado Cultural y Educativo entre el Gobierno de la Rep\u00fablica de Colombia y el Gobierno de la Rep\u00fablica de Honduras, hecho [&hellip;]<\/p>\n","protected":false},"author":1,"featured_media":0,"comment_status":"open","ping_status":"open","sticky":false,"template":"","format":"standard","meta":{"footnotes":""},"categories":[21],"tags":[],"class_list":["post-1142","post","type-post","status-publish","format-standard","hentry","category-leyes-2006"],"_links":{"self":[{"href":"https:\/\/www.dmsjuridica.com\/buscador_20179478954\/legislacion\/leyes\/wp-json\/wp\/v2\/posts\/1142","targetHints":{"allow":["GET"]}}],"collection":[{"href":"https:\/\/www.dmsjuridica.com\/buscador_20179478954\/legislacion\/leyes\/wp-json\/wp\/v2\/posts"}],"about":[{"href":"https:\/\/www.dmsjuridica.com\/buscador_20179478954\/legislacion\/leyes\/wp-json\/wp\/v2\/types\/post"}],"author":[{"embeddable":true,"href":"https:\/\/www.dmsjuridica.com\/buscador_20179478954\/legislacion\/leyes\/wp-json\/wp\/v2\/users\/1"}],"replies":[{"embeddable":true,"href":"https:\/\/www.dmsjuridica.com\/buscador_20179478954\/legislacion\/leyes\/wp-json\/wp\/v2\/comments?post=1142"}],"version-history":[{"count":0,"href":"https:\/\/www.dmsjuridica.com\/buscador_20179478954\/legislacion\/leyes\/wp-json\/wp\/v2\/posts\/1142\/revisions"}],"wp:attachment":[{"href":"https:\/\/www.dmsjuridica.com\/buscador_20179478954\/legislacion\/leyes\/wp-json\/wp\/v2\/media?parent=1142"}],"wp:term":[{"taxonomy":"category","embeddable":true,"href":"https:\/\/www.dmsjuridica.com\/buscador_20179478954\/legislacion\/leyes\/wp-json\/wp\/v2\/categories?post=1142"},{"taxonomy":"post_tag","embeddable":true,"href":"https:\/\/www.dmsjuridica.com\/buscador_20179478954\/legislacion\/leyes\/wp-json\/wp\/v2\/tags?post=1142"}],"curies":[{"name":"wp","href":"https:\/\/api.w.org\/{rel}","templated":true}]}}