{"id":1143,"date":"2020-11-24T19:24:07","date_gmt":"2020-11-24T19:24:07","guid":{"rendered":"https:\/\/www.dmsjuridica.com\/buscador_20179478954\/legislacion\/leyes\/2020\/11\/24\/ley-1076-de-2006\/"},"modified":"2020-11-24T19:24:07","modified_gmt":"2020-11-24T19:24:07","slug":"ley-1076-de-2006","status":"publish","type":"post","link":"https:\/\/www.dmsjuridica.com\/buscador_20179478954\/legislacion\/leyes\/2020\/11\/24\/ley-1076-de-2006\/","title":{"rendered":"LEY 1076 DE 2006"},"content":{"rendered":"<p>LEY 1076 DE 2006            <\/a><\/p>\n<p>&nbsp;<\/p>\n<p align=\"center\"><b><font size=\"2\"><img loading=\"lazy\" decoding=\"async\" border=\"0\" src=\"http:\/\/dmsjuridica.com\/CODIGOS\/LEGISLACION\/LEYES\/2019\/dms.png\" width=\"138\" height=\"103\"align=\"center\"><\/p>\n<p align=\"center\"><b><font size=\"6\">LEY 1076 DE 2006<\/font><\/b><\/p>\n<p align=\"center\"><b><font size=\"2\">(julio 31)<\/font><\/b><\/p>\n<p align=\"center\"><b><font size=\"2\">Diario Oficial No. 46.346 de 31 de julio de 2006<\/font><\/b><\/p>\n<p><DIV>&nbsp;<\/DIV> <\/p>\n<p align=\"center\"><b><font size=\"2\">CONGRESO DE LA REP\u00daBLICA<\/font><\/b><\/p>\n<p align=\"center\"><font size=\"2\">Por medio de la cual se aprueba el \u201cAcuerdo sobre Transporte A\u00e9reo Transfronterizo entre el Gobierno de la Rep\u00fablica de Colombia y el Gobierno de la Rep\u00fablica del Per\u00fa\u201d, firmado en Lima, el 11 de junio de 2003.<\/font><\/p>\n<p><DIV><\/p>\n<div align=\"justify\"><font size=\"2\"><b>*<\/b><\/font><b><font size=\"2\">Resumen de Notas de Vigencia*<\/font><\/b><\/div>\n<div align=\"justify\">&nbsp;<\/div>\n<table cellSpacing=\"0\" cellPadding=\"6\" rules=\"none\" width=\"100%\" border=\"1\" frame=\"border\" id=\"table1\">\n<tr>\n<td>\n<p align=\"justify\"><b><font size=\"2\">NOTAS DE VIGENCIA:<\/font><\/b><\/td>\n<\/tr>\n<tr>\n<td>\n<p align=\"justify\"><font size=\"2\">&#8211; Mediante el Decreto <\/font><font size=\"2\" BGCOLOR=\"#00FF00\">2774<\/font><font size=\"2\"> de 2007, publicado en el Diario Oficial No. 46.702 de 27 de julio de 2007, &quot;se corrige un yerro en la numeraci\u00f3n de la Ley Aprobatoria del Acuerdo sobre transporte transfronterizo entre el Gobierno de la Rep\u00fablica de Colombia y el Gobierno de la Rep\u00fablica del Per\u00fa, suscrito en Lima el 11 de junio de 2003, y sancionada el d\u00eda 31 de julio de 2006.<\/font><\/td>\n<\/tr>\n<tr>\n<td>\n<p align=\"justify\"><font size=\"2\">Establece su art\u00edculo <\/font><font size=\"2\" BGCOLOR=\"#00FF00\">1<\/font><font size=\"2\">:<\/font><\/td>\n<\/tr>\n<tr>\n<td>\n<p align=\"justify\"><i><font size=\"2\">&quot;Corr\u00edjase la numeraci\u00f3n de la Ley Aprobatoria del Acuerdo sobre transporte a\u00e9reo transfronterizo entre el Gobierno de la Rep\u00fablica de Colombia y el Gobierno de la Rep\u00fablica del Per\u00fa, suscrito en Lima el 11 de junio de 2003, y sancionada el d\u00eda 31 de julio de 2006, en el sentido de establecer que s\u00f3lo el primer n\u00famero de la <b><a hrefx=\"L0944005.htm\">Ley \u2013<\/a><\/b><\/font><b><a hrefx=\"L0944005.htm\"><font size=\"2\" BGCOLOR=\"#00FF00\">944<\/font><font size=\"2\"> de 2005\u2013<\/font><\/a><\/b><font size=\"2\"> es el que identifica a la Ley Aprobatoria del Acuerdo.&quot; <\/font><\/i><\/td>\n<\/tr>\n<tr>\n<td>\n<p align=\"justify\"><font size=\"2\">&#8211; Mediante el Auto 18 de 2007, la Corte Constitucional declara la nulidad de todo lo actuado en el proceso LAT-296, y archivar el proceso LAT-296. <\/font><\/td>\n<\/tr>\n<tr>\n<td>\n<p align=\"justify\"><font size=\"2\">&quot;Por ello, s\u00f3lo el primer n\u00famero de <\/font><i><font size=\"2\"><b><a hrefx=\"L0944005.htm\">Ley \u2013<\/a><\/b><\/font><b><a hrefx=\"L0944005.htm\"><font size=\"2\" BGCOLOR=\"#00FF00\">944<\/font><font size=\"2\"> de 2005\u2013<\/font><\/a><\/b><\/i><font size=\"2\"> es el que identifica a la ley aprobatoria, la cual, adem\u00e1s, sigue siendo objeto de control en el proceso LAT-275, hasta tanto la Corte Constitucional verifique si en el Congreso se dio cumplimiento a lo ordenado en el Auto 207 de 2005 y, profiera sentencia definitiva. <\/font><\/td>\n<\/tr>\n<\/table>\n<p>&nbsp;<\/DIV> <\/p>\n<p align=\"center\"><font size=\"2\">EL <\/font> <b><font size=\"2\">CONGRESO DE LA REP\u00daBLICA<\/font><\/b><\/p>\n<p align=\"justify\"><font size=\"2\">Visto el texto del \u201cAcuerdo sobre Transporte A\u00e9reo Transfronterizo entre el Gobierno de la Rep\u00fablica de Colombia y el Gobierno de la Rep\u00fablica del Per\u00fa\u201d, firmado en Lima, el 11 de junio de 2003.<\/font><\/p>\n<p align=\"justify\"><font size=\"2\">(Para ser transcrito: Se adjunta fotocopia del texto \u00edntegro del instrumento internacional mencionado).<\/font><\/p>\n<p> <DIV>&nbsp;<\/DIV> <\/p>\n<p align=\"justify\"><font size=\"2\">ACUERDO SOBRE TRANSPORTE A\u00c9REO TRANSFRONTERIZO ENTRE EL GOBIERNO DE LA REPUBLICA DE COLOMBIA Y EL GOBIERNO DE LA REPUBLICA DEL PER\u00da<\/font><\/p>\n<p align=\"justify\"><font size=\"2\">Los Gobiernos de la Rep\u00fablica de Colombia y de la Rep\u00fablica del Per\u00fa, con la finalidad de implementar diversas medidas que coadyuven al proceso de integraci\u00f3n entre nuestros pueblos;<\/font><\/p>\n<p align=\"justify\"><font size=\"2\">Teniendo en cuenta el inter\u00e9s de los habitantes de Leticia, Iquitos y de las dem\u00e1s ciudades y pueblos comprendidos en la zona de la frontera colombo-peruana expresado por medio de la Comisi\u00f3n de Vecindad e Integraci\u00f3n;<\/font><\/p>\n<p align=\"justify\"><font size=\"2\">Comprometidos a fortalecer la integraci\u00f3n entre Colombia y el Per\u00fa como un objetivo compartido para el beneficio de ambas naciones;<\/font><\/p>\n<p align=\"justify\"><font size=\"2\">Convencidos que la adopci\u00f3n de medidas para el desarrollo y la promoci\u00f3n del turismo, intercambio comercial y cultural entre Leticia e Iquitos favorecer\u00e1 el desarrollo y bienestar de dichas ciudades;<\/font><\/p>\n<p align=\"justify\"><font size=\"2\">Considerando lo estipulado en el Convenio de Cooperaci\u00f3n Aduanera de 1938 y los avances logrados hasta la fecha en el proceso de integraci\u00f3n andina;<\/font><\/p>\n<p align=\"justify\"><font size=\"2\">Luego de haberse realizado las respectivas reuniones de consultas entre las autoridades aeron\u00e1uticas de ambos pa\u00edses los d\u00edas 22 y 23 de marzo de 2001 en Lima y los d\u00edas 25 y 26 de febrero de 2002 en Bogot\u00e1;<\/font><\/p>\n<p align=\"justify\"><font size=\"2\">Acuerdan suscribir el presente:<\/font><\/p>\n<p><DIV>&nbsp;<\/DIV> <\/p>\n<p align=\"justify\"><font size=\"2\">ACUERDO SOBRE TRANSPORTE A\u00c9REO TRANSFRONTERIZO ENTRE COLOMBIA Y EL PER\u00da<\/font><\/p>\n<p><DIV>&nbsp;<\/DIV> <DIV>&nbsp;<\/DIV> <\/p>\n<p align=\"center\"><b><A name=\"bCAPITULO\/b I\"><font size=\"2\">CAPITULO I. <\/font> <\/A><\/b><\/p>\n<p align=\"center\"><b><font size=\"2\">DEL \u00c1MBITO DE APLICACI\u00d3N Y SU NATURALEZA. <\/font> <\/b> <\/p>\n<p align=\"justify\"><A name=1><b><font size=\"2\">ART\u00cdCULO 1o.<\/font><\/b><\/A><font size=\"2\"> Para los fines del presente Acuerdo, se entiende como transporte a\u00e9reo transfronterizo el que se realiza entre los aeropuertos o aer\u00f3dromos de las ciudades de la Regi\u00f3n Fronteriza que las Partes habiliten para tal efecto.<\/font><\/p>\n<p><DIV>&nbsp;<\/DIV> <\/p>\n<p align=\"justify\"><A name=2><b><font size=\"2\">ART\u00cdCULO 2o.<\/font><\/b><\/A><font size=\"2\"> El presente acuerdo regula el transporte a\u00e9reo transfronterizo, desde y hacia los siguientes aeropuertos y aer\u00f3dromos: Leticia en Colombia; Iquitos, Pucallpa y El Estrecho, en el Per\u00fa; y otros que las Partes decidan incorporar posteriormente.<\/font><\/p>\n<p><DIV>&nbsp;<\/DIV> <\/p>\n<p align=\"justify\"><A name=3><b><font size=\"2\">ART\u00cdCULO 3o.<\/font><\/b><\/A><font size=\"2\"> El transporte a\u00e9reo de pasajeros, carga y correo que se efect\u00fae en aplicaci\u00f3n de este Acuerdo, podr\u00e1 realizarse en vuelos regulares y no regulares.<\/font><\/p>\n<p><DIV>&nbsp;<\/DIV> <\/p>\n<p align=\"justify\"><A name=4><b><font size=\"2\">ART\u00cdCULO 4.<\/font><\/b><\/A><font size=\"2\"> Para los efectos de este Acuerdo, las tarifas de transportes a\u00e9reo de pasajeros, carga y correo se regular\u00e1n por la legislaci\u00f3n nacional de cada Parte.<\/font><\/p>\n<p align=\"justify\"><font size=\"2\">Asimismo, las tasas aeroportuarias, los servicios de navegaci\u00f3n a\u00e9rea, los derechos de aterrizaje y despegue (o derechos de aer\u00f3dromo) y estacionamiento para el transporte a\u00e9reo transfronterizo ser\u00e1n iguales a las dom\u00e9sticas.<\/font><\/p>\n<p><DIV>&nbsp;<\/DIV> <\/p>\n<p align=\"justify\"><A name=5><b><font size=\"2\">ART\u00cdCULO 5o.<\/font><\/b><\/A><font size=\"2\"> En el transporte a\u00e9reo transfronterizo de aeronaves, las tripulaciones observar\u00e1n las normas sobre navegaci\u00f3n a\u00e9rea vigentes en cada pa\u00eds. Para tal efecto, ambas Partes efectuar\u00e1n las incorporaciones necesarias en sus respectivas publicaciones de informaci\u00f3n aeron\u00e1utica (AIP).<\/font><\/p>\n<p align=\"justify\"><font size=\"2\">Con el prop\u00f3sito de fomentar la cooperaci\u00f3n y colaboraci\u00f3n rec\u00edproca en la regi\u00f3n fronteriza, en aspectos t\u00e9cnicos y operaciones de la aviaci\u00f3n, las autoridades aeron\u00e1uticas de los dos pa\u00edses podr\u00e1n desarrollar acuerdos espec\u00edficos, en materia de b\u00fasqueda y rescate, investigaci\u00f3n de accidentes e incidentes de aviaci\u00f3n, entre otros, con miras a contar con procedimientos coordinados y unificados en estas materias.<\/font><\/p>\n<p><DIV>&nbsp;<\/DIV> <DIV>&nbsp;<\/DIV> <\/p>\n<p align=\"center\"><A name=\"bCAPITULO\/b II\"><font size=\"2\">CAPITULO II. <\/font> <\/A><\/p>\n<p align=\"center\"><b><font size=\"2\">DE LAS AERONAVES DE USO PRIVADO. <\/font><\/b> <\/p>\n<p align=\"justify\"><A name=6><b><font size=\"2\">ART\u00cdCULO 6o.<\/font><\/b><\/A><font size=\"2\"> Las aeronaves de uso privado no podr\u00e1n transportar pasajeros ni carga con fines comerciales. Las citadas aeronaves no son beneficiarias del r\u00e9gimen previsto en el presente Acuerdo. No obstante, en cuanto proceda, se les aplicar\u00e1 lo que las partes dispongan en materia de b\u00fasqueda, rescate e investigaci\u00f3n de accidentes o incidentes de aviaci\u00f3n.<\/font><\/p>\n<p><DIV>&nbsp;<\/DIV> <DIV>&nbsp;<\/DIV> <\/p>\n<p align=\"center\"><A name=\"bCAPITULO\/b III\"><font size=\"2\">CAPITULO III. <\/font> <\/A><\/p>\n<p align=\"center\"><b><font size=\"2\">DE LAS AERONAVES DE USO COMERCIAL. <\/font><\/b> <\/p>\n<p align=\"justify\"><A name=7><b><font size=\"2\">ART\u00cdCULO 7o.<\/font><\/b><\/A><font size=\"2\"> El servicio de transporte a\u00e9reo transfronterizo, que se realice entre los aeropuertos y aer\u00f3dromos habilitados en la Regi\u00f3n Fronteriza, se efectuar\u00e1 por una o m\u00e1s compa\u00f1\u00edas nacionales designadas por las Partes.<\/font><\/p>\n<p><DIV>&nbsp;<\/DIV> <\/p>\n<p align=\"justify\"><A name=8><b><font size=\"2\">ART\u00cdCULO 8o.<\/font><\/b><\/A><font size=\"2\"> La autorizaci\u00f3n para el tr\u00e1nsito transfronterizo de aeronaves ser\u00e1 otorgada por las autoridades nacionales competentes de las dos Partes.<\/font><\/p>\n<p><DIV>&nbsp;<\/DIV> <\/p>\n<p align=\"justify\"><A name=9><b><font size=\"2\">ART\u00cdCULO 9o.<\/font><\/b><\/A><font size=\"2\"> La prestaci\u00f3n de los servicios a\u00e9reos de las empresas en la Regi\u00f3n Fronteriza se regir\u00e1 para efectos de tarifas, horarios e itinerarios por los procedimientos vigentes en cada una de las Partes.<\/font><\/p>\n<p><DIV>&nbsp;<\/DIV> <\/p>\n<p align=\"justify\"><A name=10><b><font size=\"2\">ART\u00cdCULO 10.<\/font><\/b><\/A><font size=\"2\"> Las autoridades de ambas Partes facilitar\u00e1n, seg\u00fan proceda, la coordinaci\u00f3n de actividades, la difusi\u00f3n publicitaria y el intercambio de informaci\u00f3n para el cumplimiento de las operaciones a\u00e9reas entre los aeropuertos y aer\u00f3dromos habilitados en la Regi\u00f3n Fronteriza.<\/font><\/p>\n<p><DIV>&nbsp;<\/DIV> <\/p>\n<p align=\"justify\"><A name=11><b><font size=\"2\">ART\u00cdCULO 11.<\/font><\/b><\/A><font size=\"2\"> El transporte de equipaje, carga y env\u00edos postales y de mensajer\u00eda en la Regi\u00f3n Fronteriza, se regular\u00e1 complementariamente por la legislaci\u00f3n nacional.<\/font><\/p>\n<p><DIV>&nbsp;<\/DIV> <\/p>\n<p align=\"justify\"><A name=12><b><font size=\"2\">ART\u00cdCULO 12.<\/font><\/b><\/A><font size=\"2\"> Las compa\u00f1\u00edas a\u00e9reas comerciales podr\u00e1n mantener en los aeropuertos y aer\u00f3dromos habilitados de la Regi\u00f3n Fronteriza, un dep\u00f3sito para las partes y repuestos para sus aeronaves, las que ingresar\u00e1n libre de derechos de aduana y dem\u00e1s tributos, siempre que no se internen en el pa\u00eds y que permanezcan bajo control aduanero, de conformidad con lo establecido en el Convenio de Chicago sobre Aviaci\u00f3n Civil Internacional.<\/font><\/p>\n<p><DIV>&nbsp;<\/DIV> <\/p>\n<p align=\"justify\"><A name=13><b><font size=\"2\">ART\u00cdCULO 13.<\/font><\/b><\/A><font size=\"2\"> Las compa\u00f1\u00edas autorizadas para el tr\u00e1nsito transfronterizo de aeronaves podr\u00e1n abastecerse de combustible y proveerse de lubricantes necesarios, en los aeropuertos nacionales y aer\u00f3dromos habilitados de la otra Parte.<\/font><\/p>\n<p align=\"justify\"><font size=\"2\">Para el caso colombiano los precios de los lubricantes y combustibles ser\u00e1n objeto de negociaci\u00f3n directa entre el respectivo distribuidor y las referidas compa\u00f1\u00edas.<\/font><\/p>\n<p><DIV>&nbsp;<\/DIV> <DIV>&nbsp;<\/DIV> <\/p>\n<p align=\"center\"><A name=\"bCAPITULO\/b IV\"><font size=\"2\">CAPITULO IV. <\/font> <\/A><\/p>\n<p align=\"center\"><b><font size=\"2\">DE LAS DISPOSICIONES GENERALES. <\/font> <\/b> <\/p>\n<p><A name=\"bCAPITULO\/b I\"> <\/A> <\/p>\n<p align=\"justify\"><A name=14><b><font size=\"2\">ART\u00cdCULO 14.<\/font><\/b><\/A><font size=\"2\"> El control de ingreso y salida de personas, mercanc\u00edas y mensajer\u00eda embarcadas en aeronaves ser\u00e1 efectuado por las autoridades nacionales competentes en los aeropuertos o aer\u00f3dromos habilitados para realizar transporte a\u00e9reo transfronterizo.<\/font><\/p>\n<p align=\"justify\"><font size=\"2\">Facilitaci\u00f3n: Ambas Partes convienen en implementar los mecanismos necesarios que permitan optimizar los procedimientos de facilitaci\u00f3n en los aeropuertos y aer\u00f3dromos habilitados en el presente Acuerdo para el servicio a\u00e9reo transfronterizo, sin perjuicio de las normas sobre seguridad aplicables.<\/font><\/p>\n<p><DIV>&nbsp;<\/DIV> <\/p>\n<p align=\"justify\"><A name=15><b><font size=\"2\">ART\u00cdCULO 15.<\/font><\/b><\/A><font size=\"2\"> Sin excepci\u00f3n alguna, los pasajeros de los vuelos transfronte rizos estar\u00e1n exonerados de todo impuesto por la salida del pa\u00eds.<\/font><\/p>\n<p><DIV>&nbsp;<\/DIV> <\/p>\n<p align=\"justify\"><A name=16><b><font size=\"2\">ART\u00cdCULO 16.<\/font><\/b><\/A><font size=\"2\"> La documentaci\u00f3n requerida y los aspectos t\u00e9cnicos de la navegaci\u00f3n a\u00e9rea se regir\u00e1n por las normas internacionales vigentes para las Partes.<\/font><\/p>\n<p><DIV>&nbsp;<\/DIV> <\/p>\n<p align=\"justify\"><A name=17><b><font size=\"2\">ART\u00cdCULO 17.<\/font><\/b><\/A><font size=\"2\"> Con el prop\u00f3sito de efectuar servicios que se establecen en el presente Acuerdo cada Parte designar\u00e1 a las empresas a\u00e9reas para la operaci\u00f3n de los vuelos regulares de transporte a\u00e9reo transfronterizo y lo comunicar\u00e1 directamente, por escrito a la otra Parte. Previo cumplimiento de los requisitos exigidos en las normas nacionales, las autoridades tramitar\u00e1n las solicitudes respectivas, dentro del plazo m\u00e1s expedito posible, sin que supere treinta d\u00edas.<\/font><\/p>\n<p align=\"justify\"><font size=\"2\">En lo que respecta a los vuelos no regulares transfronterizos, las autoridades aeron\u00e1uticas de los pa\u00edses confirmar\u00e1n las autorizaciones para la realizaci\u00f3n de los mismos, y previo el cumplimiento de los requisitos exigidos en las normas, se autorizar\u00e1n en forma autom\u00e1tica.<\/font><\/p>\n<p><DIV>&nbsp;<\/DIV> <\/p>\n<p align=\"justify\"><A name=18><b><font size=\"2\">ART\u00cdCULO 18.<\/font><\/b><\/A><font size=\"2\"> Las consultas sobre interpretaci\u00f3n o ejecuci\u00f3n de este Acuerdo ser\u00e1n absueltas entre las Partes por conducto de los Ministerios de Relaciones Exteriores.<\/font><\/p>\n<p><DIV>&nbsp;<\/DIV> <DIV>&nbsp;<\/DIV> <\/p>\n<p align=\"center\"><A name=\"bCAPITULO\/b V\"><font size=\"2\">CAPITULO V. <\/font> <\/A><\/p>\n<p align=\"center\"><b><font size=\"2\">PERFECCIONAMIENTO, MODIFICACIONES Y VIGENCIA. <\/font><\/b> <\/p>\n<p align=\"justify\"><A name=19><b><font size=\"2\">ART\u00cdCULO 19.<\/font><\/b><\/A><font size=\"2\"> Las modificaciones que se planteen al presente acuerdo se presentar\u00e1n por los canales diplom\u00e1ticos oficiales y se efectuar\u00e1n de mutuo acuerdo entre las Partes, formalizado mediante canje de notas.<\/font><\/p>\n<p><DIV>&nbsp;<\/DIV> <\/p>\n<p align=\"justify\"><A name=20><b><font size=\"2\">ART\u00cdCULO 20.<\/font><\/b><\/A><font size=\"2\"> El presente acuerdo tendr\u00e1 una vigencia indefinida y su entrada en vigor se formalizar\u00e1 una vez que las partes se comuniquen por la v\u00eda diplom\u00e1tica el cumplimiento de los tr\u00e1mites internos correspondientes.<\/font><\/p>\n<p align=\"justify\"><font size=\"2\">Firmado en la ciudad de Lima, a los once d\u00edas del mes de junio del a\u00f1o 2003, en dos ejemplares en idioma espa\u00f1ol del mismo tenor y valor.<\/font><\/p>\n<p><DIV>&nbsp;<\/DIV> <font size=\"2\" face=\"Arial\">Por el Gobierno de la Rep\u00fablica de Colombia,<\/font><\/p>\n<p><font size=\"2\" face=\"Arial\">CAROLINA BARCO<\/font><\/p>\n<p><font size=\"2\" face=\"Arial\">Ministra de Relaciones Exteriores<\/font><DIV>&nbsp;<\/DIV> <font size=\"2\" face=\"Arial\">Por el Gobierno de la Rep\u00fablica del Per\u00fa,<\/font><\/p>\n<p><font size=\"2\" face=\"Arial\">ALLAN WAGNER TIZON<\/font><\/p>\n<p><font size=\"2\" face=\"Arial\">Ministro de Relaciones Exteriores del Per\u00fa.<\/font><DIV>&nbsp;<\/DIV> <\/p>\n<p align=\"center\" style=\"margin-top: 0; margin-bottom: 0\"><font size=\"2\" face=\"Arial\">RAMA EJECUTIVA DEL PODER PUBLICO PRESIDENCIA DE LA REPUBLICA<\/font><\/p>\n<p><DIV>&nbsp;<\/DIV> <\/p>\n<p align=\"center\" style=\"margin-top: 0; margin-bottom: 0\"><font size=\"2\" face=\"Arial\">Bogot\u00e1, D. C., 20 de agosto de 2003<\/font><\/p>\n<p><DIV>&nbsp;<\/DIV> <\/p>\n<p align=\"center\" style=\"margin-top: 0; margin-bottom: 0\"><font size=\"2\" face=\"Arial\">Aprobado. Som\u00e9tase a la consideraci\u00f3n del honorable Congreso Nacional para los efectos constitucionales.<\/font><\/p>\n<p align=\"center\" style=\"margin-top: 0; margin-bottom: 0\">&nbsp;<\/p>\n<p align=\"center\" style=\"margin-top: 0; margin-bottom: 0\"><font size=\"2\" face=\"Arial\">(Firmado)<\/font><\/p>\n<p> <DIV>&nbsp;<\/DIV> <\/p>\n<p align=\"center\" style=\"margin-top: 0; margin-bottom: 0\"><b><font size=\"2\" face=\"Arial\">\u00c1LVARO URIBE V\u00c9LEZ<\/font><\/b><\/p>\n<p> <DIV>&nbsp;<\/DIV> <\/p>\n<p align=\"center\" style=\"margin-top: 0; margin-bottom: 0\"><font size=\"2\" face=\"Arial\">La Ministra de Relaciones Exteriores (firmado),<\/font><\/p>\n<p align=\"center\" style=\"margin-top: 0; margin-bottom: 0\"><font size=\"2\" face=\"Arial\">CAROLINA BARCO ISAKSON.<\/font><\/p>\n<p><DIV>&nbsp;<\/DIV> <DIV>&nbsp;<\/DIV> <\/p>\n<p align=\"center\"><font face=\"Arial\"><b><font size=\"2\">DECRETA<\/font><\/b><font size=\"2\">:<\/font><\/font><\/p>\n<p><DIV>&nbsp;<\/DIV> <\/p>\n<p align=\"justify\"><font size=\"2\" face=\"Arial\"><b>Art\u00edculo 1o.<\/b> Apru\u00e9base el \u201cAcuerdo sobre Transporte A\u00e9reo Transfronterizo entre el Gobierno de la Rep\u00fablica de Colombia y el Gobierno de la Rep\u00fablica del Per\u00fa\u201d, firmado en Lima el 11 de junio de 2003.<\/font><\/p>\n<p><DIV>&nbsp;<\/DIV> <\/p>\n<p align=\"justify\"><font size=\"2\" face=\"Arial\"><b>Art\u00edculo 2o. <\/b>De conformidad con lo dispuesto en el art\u00edculo 1o de la Ley 7\u00aa de 1944, el \u201cAcuerdo sobre Transporte a\u00e9reo Transfronterizo entre el Gobierno de la Rep\u00fablica de Colombia y el Gobierno de la Rep\u00fablica del Per\u00fa\u201d, firmado en Lima el 11 de junio de 2003, que por el art\u00edculo 1o de esta ley se aprueba, obligar\u00e1 al pa\u00eds a partir de la fecha en que se perfeccione el v\u00ednculo internacional respecto del mismo.<\/font><\/p>\n<p><DIV>&nbsp;<\/DIV> <\/p>\n<p align=\"justify\"><font size=\"2\" face=\"Arial\"><b>Art\u00edculo 3o.<\/b> La presente ley rige a partir de la fecha de su publicaci\u00f3n.<\/font><\/p>\n<p><DIV>&nbsp;<\/DIV> <DIV>&nbsp;<\/DIV> <font size=\"2\" face=\"Arial\">Dada en Bogot\u00e1, D. C., a\u2026.<\/font><\/p>\n<p><font size=\"2\" face=\"Arial\">Presentado al honorable Congreso de la Rep\u00fablica por la Ministra de Relaciones Exteriores y el Ministro de Transporte.<\/font><\/p>\n<p><DIV>&nbsp;<\/DIV> <\/p>\n<p align=\"center\" style=\"margin-top: 0; margin-bottom: 0\"><font size=\"2\" face=\"Arial\">La Ministra de Relaciones Exteriores,<\/font><\/p>\n<p align=\"center\" style=\"margin-top: 0; margin-bottom: 0\"><font size=\"2\" face=\"Arial\">CAROLINA BARCO ISAKSON.<\/font><\/p>\n<p><DIV>&nbsp;<\/DIV> <\/p>\n<p align=\"center\" style=\"margin-top: 0; margin-bottom: 0\"><font size=\"2\" face=\"Arial\">El Ministro de Transporte,<\/font><\/p>\n<p align=\"center\" style=\"margin-top: 0; margin-bottom: 0\"><font size=\"2\" face=\"Arial\">ANDR\u00c9S URIEL GALLEGO HENAO.<\/font><\/p>\n<p><DIV>&nbsp;<\/DIV> <\/p>\n<p align=\"center\" style=\"margin-top: 0; margin-bottom: 0\"><font size=\"2\" face=\"Arial\">RAMA EJECUTIVA DEL PODER PUBLICO PRESIDENCIA DE LA REPUBLICA<\/font><\/p>\n<p><DIV>&nbsp;<\/DIV> <\/p>\n<p align=\"center\" style=\"margin-top: 0; margin-bottom: 0\"><font size=\"2\" face=\"Arial\">Bogot\u00e1, D. C., 20 de agosto de 2003<\/font><\/p>\n<p><DIV>&nbsp;<\/DIV> <\/p>\n<p align=\"center\" style=\"margin-top: 0; margin-bottom: 0\"><font size=\"2\" face=\"Arial\">Aprobado. Som\u00e9tase a la consideraci\u00f3n del honorable Congreso Nacional para los efectos constitucionales.<\/font><\/p>\n<p align=\"center\" style=\"margin-top: 0; margin-bottom: 0\">&nbsp;<\/p>\n<p align=\"center\" style=\"margin-top: 0; margin-bottom: 0\"><font size=\"2\" face=\"Arial\">(Firmado),<\/font><\/p>\n<p> <DIV>&nbsp;<\/DIV> <\/p>\n<p align=\"center\" style=\"margin-top: 0; margin-bottom: 0\"><b><font size=\"2\" face=\"Arial\">\u00c1LVARO URIBE V\u00c9LEZ<\/font><\/b><\/p>\n<p> <DIV>&nbsp;<\/DIV> <\/p>\n<p align=\"center\" style=\"margin-top: 0; margin-bottom: 0\"><font size=\"2\" face=\"Arial\">La Ministra de Relaciones Exteriores (firmado),<\/font><\/p>\n<p align=\"center\" style=\"margin-top: 0; margin-bottom: 0\"><font size=\"2\" face=\"Arial\">CAROLINA BARCO ISAKSON.<\/font><\/p>\n<p><DIV>&nbsp;<\/DIV> <DIV>&nbsp;<\/DIV> <\/p>\n<p align=\"center\"><font face=\"Arial\"><b><font size=\"2\">DECRETA<\/font><\/b><font size=\"2\">:<\/font><\/font><\/p>\n<p align=\"justify\"><font size=\"2\" face=\"Arial\"><b>Art\u00edculo <a hrefx=\"L1076006.HTM#1\">1o<\/A>. <\/b>Apru\u00e9base el \u201cAcuerdo sobre Transporte A\u00e9reo Transfronterizo entre el Gobierno de la Rep\u00fablica de Colombia y el Gobierno de la Rep\u00fablica del Per\u00fa\u201d, firmado en Lima, el 11 de junio de 2003.<\/font><\/p>\n<p><DIV>&nbsp;<\/DIV> <\/p>\n<p align=\"justify\"><font size=\"2\" face=\"Arial\"><b>Art\u00edculo <a hrefx=\"L1076006.HTM#2\">2o<\/A>.<\/b> De conformidad con lo dispuesto en el art\u00edculo 1o de la Ley 7\u00aa de 1944, el \u201cAcuerdo sobre Transporte A\u00e9reo Transfronterizo entre el Gobierno de la Rep\u00fablica de Colombia y el Gobierno de la Rep\u00fablica del Per\u00fa\u201d, firmado en Lima, el 11 de junio de 2003, que por el art\u00edculo 1o de esta ley se aprueba, obligar\u00e1 al pa\u00eds a partir de la fecha en que se perfeccione el v\u00ednculo internacional respecto del mismo.<\/font><\/p>\n<p><DIV>&nbsp;<\/DIV> <\/p>\n<p align=\"justify\"><font size=\"2\" face=\"Arial\"><b>Art\u00edculo 3o. <\/b>La presente ley rige a partir de la fecha de su publicaci\u00f3n.<\/font><\/p>\n<p><DIV>&nbsp;<\/DIV> <DIV>&nbsp;<\/DIV> <\/p>\n<p align=\"center\" style=\"margin-top: 0; margin-bottom: 0\"><font size=\"2\" face=\"Arial\">La Presidenta del honorable Senado de la Rep\u00fablica,<\/font><\/p>\n<p align=\"center\" style=\"margin-top: 0; margin-bottom: 0\"><font size=\"2\" face=\"Arial\">CLAUDIA BLUM DE BARBERI<\/font><\/p>\n<p><DIV>&nbsp;<\/DIV> <\/p>\n<p align=\"center\" style=\"margin-top: 0; margin-bottom: 0\"><font size=\"2\" face=\"Arial\">El Secretario General del honorable Senado de la Rep\u00fablica,<\/font><\/p>\n<p align=\"center\" style=\"margin-top: 0; margin-bottom: 0\"><font size=\"2\" face=\"Arial\">EMILIO RAM\u00d3N OTERO DAJUD.<\/font><\/p>\n<p><DIV>&nbsp;<\/DIV> <\/p>\n<p align=\"center\" style=\"margin-top: 0; margin-bottom: 0\"><font size=\"2\" face=\"Arial\">El Presidente de la honorable C\u00e1mara de Representantes,<\/font><\/p>\n<p align=\"center\" style=\"margin-top: 0; margin-bottom: 0\"><font size=\"2\" face=\"Arial\">JULIO E. GALLARDO ARCHBOLD<\/font><\/p>\n<p><DIV>&nbsp;<\/DIV> <\/p>\n<p align=\"center\" style=\"margin-top: 0; margin-bottom: 0\"><font size=\"2\" face=\"Arial\">El Secretario General de la honorable C\u00e1mara de Representantes,<\/font><\/p>\n<p align=\"center\" style=\"margin-top: 0; margin-bottom: 0\"><font size=\"2\" face=\"Arial\">ANGELINO LIZCANO RIVERA.<\/font><\/p>\n<p><DIV>&nbsp;<\/DIV> <\/p>\n<p align=\"center\" style=\"margin-top: 0; margin-bottom: 0\"><font size=\"2\" face=\"Arial\">REPUBLICA DE COLOMBIA \u2013 GOBIERNO NACIONAL<\/font><\/p>\n<p> <DIV>&nbsp;<\/DIV> <\/p>\n<p align=\"center\" style=\"margin-top: 0; margin-bottom: 0\"><font size=\"2\" face=\"Arial\">Comun\u00edquese y c\u00famplase.<\/font><\/p>\n<p><DIV>&nbsp;<\/DIV> <\/p>\n<p align=\"center\" style=\"margin-top: 0; margin-bottom: 0\"><font size=\"2\" face=\"Arial\">Ejec\u00fatese, previa revisi\u00f3n de la Corte Constitucional, conforme al art\u00edculo <b> <a hrefx=\"CONS_P91.HTM#241\">241<\/A><\/b>-10 de la Constituci\u00f3n Pol\u00edtica.<\/font><\/p>\n<p><DIV>&nbsp;<\/DIV> <\/p>\n<p align=\"center\" style=\"margin-top: 0; margin-bottom: 0\"><font size=\"2\" face=\"Arial\">Dada en Bogot\u00e1, D. C., a 31 de julio de 2006.<\/font><\/p>\n<p> <DIV>&nbsp;<\/DIV> <\/p>\n<p align=\"center\" style=\"margin-top: 0; margin-bottom: 0\"><b><font size=\"2\" face=\"Arial\">\u00c1LVARO URIBE V\u00c9LEZ<\/font><\/b><\/p>\n<p> <DIV>&nbsp;<\/DIV> <\/p>\n<p align=\"center\" style=\"margin-top: 0; margin-bottom: 0\"><font size=\"2\" face=\"Arial\">La Ministra de Relaciones Exteriores,<\/font><\/p>\n<p align=\"center\" style=\"margin-top: 0; margin-bottom: 0\"><font size=\"2\" face=\"Arial\">CAROLINA BARCO ISAKSON.<\/font><\/p>\n<p>  <\/TABLE><\/font><P align=\"center\" style=\"margin-top: 0; margin-bottom: 0\">&nbsp;<\/P><\/p>\n","protected":false},"excerpt":{"rendered":"<p>LEY 1076 DE 2006 &nbsp; LEY 1076 DE 2006 (julio 31) Diario Oficial No. 46.346 de 31 de julio de 2006 &nbsp; CONGRESO DE LA REP\u00daBLICA Por medio de la cual se aprueba el \u201cAcuerdo sobre Transporte A\u00e9reo Transfronterizo entre el Gobierno de la Rep\u00fablica de Colombia y el Gobierno de la Rep\u00fablica del Per\u00fa\u201d, [&hellip;]<\/p>\n","protected":false},"author":1,"featured_media":0,"comment_status":"open","ping_status":"open","sticky":false,"template":"","format":"standard","meta":{"footnotes":""},"categories":[21],"tags":[],"class_list":["post-1143","post","type-post","status-publish","format-standard","hentry","category-leyes-2006"],"_links":{"self":[{"href":"https:\/\/www.dmsjuridica.com\/buscador_20179478954\/legislacion\/leyes\/wp-json\/wp\/v2\/posts\/1143","targetHints":{"allow":["GET"]}}],"collection":[{"href":"https:\/\/www.dmsjuridica.com\/buscador_20179478954\/legislacion\/leyes\/wp-json\/wp\/v2\/posts"}],"about":[{"href":"https:\/\/www.dmsjuridica.com\/buscador_20179478954\/legislacion\/leyes\/wp-json\/wp\/v2\/types\/post"}],"author":[{"embeddable":true,"href":"https:\/\/www.dmsjuridica.com\/buscador_20179478954\/legislacion\/leyes\/wp-json\/wp\/v2\/users\/1"}],"replies":[{"embeddable":true,"href":"https:\/\/www.dmsjuridica.com\/buscador_20179478954\/legislacion\/leyes\/wp-json\/wp\/v2\/comments?post=1143"}],"version-history":[{"count":0,"href":"https:\/\/www.dmsjuridica.com\/buscador_20179478954\/legislacion\/leyes\/wp-json\/wp\/v2\/posts\/1143\/revisions"}],"wp:attachment":[{"href":"https:\/\/www.dmsjuridica.com\/buscador_20179478954\/legislacion\/leyes\/wp-json\/wp\/v2\/media?parent=1143"}],"wp:term":[{"taxonomy":"category","embeddable":true,"href":"https:\/\/www.dmsjuridica.com\/buscador_20179478954\/legislacion\/leyes\/wp-json\/wp\/v2\/categories?post=1143"},{"taxonomy":"post_tag","embeddable":true,"href":"https:\/\/www.dmsjuridica.com\/buscador_20179478954\/legislacion\/leyes\/wp-json\/wp\/v2\/tags?post=1143"}],"curies":[{"name":"wp","href":"https:\/\/api.w.org\/{rel}","templated":true}]}}