{"id":1147,"date":"2020-11-24T19:24:07","date_gmt":"2020-11-24T19:24:07","guid":{"rendered":"https:\/\/www.dmsjuridica.com\/buscador_20179478954\/legislacion\/leyes\/2020\/11\/24\/ley-1080-de-2006\/"},"modified":"2020-11-24T19:24:07","modified_gmt":"2020-11-24T19:24:07","slug":"ley-1080-de-2006","status":"publish","type":"post","link":"https:\/\/www.dmsjuridica.com\/buscador_20179478954\/legislacion\/leyes\/2020\/11\/24\/ley-1080-de-2006\/","title":{"rendered":"LEY 1080 DE 2006"},"content":{"rendered":"<p>LEY 1080 DE 2006            <\/a><\/p>\n<p>&nbsp;<\/p>\n<p align=\"center\"><b><font size=\"2\"><img loading=\"lazy\" decoding=\"async\" border=\"0\" src=\"http:\/\/dmsjuridica.com\/CODIGOS\/LEGISLACION\/LEYES\/2019\/dms.png\" width=\"138\" height=\"103\"align=\"center\"><\/p>\n<p align=\"center\"><b><font size=\"6\">LEY 1080 DE 2006<\/font><\/b><\/p>\n<p align=\"center\"><b><font size=\"2\">(julio 31)<\/font><\/b><\/p>\n<p align=\"center\"><b><font size=\"2\">Diario Oficial No. 46.346 de 31 de julio de 2006<\/font><\/b><\/p>\n<p><DIV>&nbsp;<\/DIV> <\/p>\n<p align=\"center\"><b><font size=\"2\">CONGRESO DE LA REP\u00daBLICA<\/font><\/b><\/p>\n<p align=\"center\"><font size=\"2\">Por la cual la Naci\u00f3n se asocia a la celebraci\u00f3n del centenario de la Academia Boyacense de Historia.<\/font><\/p>\n<p><DIV>&nbsp;<\/DIV> <\/p>\n<p align=\"center\"><b><font size=\"2\">EL CONGRESO DE COLOMBIA<\/font><\/b><\/p>\n<p align=\"center\"><b><font size=\"2\">DECRETA<\/font><\/b><font size=\"2\">:<\/font><\/p>\n<p align=\"justify\"><A name=1><b><font size=\"2\">ART\u00cdCULO 1o.<\/font><\/b><\/A><font size=\"2\"> El Gobierno y el Congreso de la Rep\u00fablica se asocian a la celebraci\u00f3n de los cien (100) a\u00f1os de la fundaci\u00f3n de la Academia Boyacense de Historia, departamento de Boyac\u00e1, mediante Ordenanza n\u00famero 28 de 1917.<\/font><\/p>\n<p><DIV>&nbsp;<\/DIV> <\/p>\n<p align=\"justify\"><A name=2><b><font size=\"2\">ART\u00cdCULO 2o.<\/font><\/b><\/A><font size=\"2\"> Autor\u00edcese al Gobierno Nacional para incluir dentro del Presupuesto General de la Naci\u00f3n senda partida presupuestal, que permita la ejecuci\u00f3n de la siguiente obra social en el municipio de Tunja, en el departamento de Boyac\u00e1.<\/font><\/p>\n<p align=\"justify\"><font size=\"2\">Construcci\u00f3n de la sede de la Academia Boyacense de Historia, en donde se encontrar\u00e1 el Archivo Hist\u00f3rico de Boyac\u00e1, lugar de investigaci\u00f3n, recuperaci\u00f3n, consulta de documentaci\u00f3n, promoci\u00f3n y divulgaci\u00f3n de la historia regional y el conocimiento en general.<\/font><\/p>\n<p><DIV>&nbsp;<\/DIV> <\/p>\n<p align=\"justify\"><A name=3><b><font size=\"2\">ART\u00cdCULO 3o.<\/font><\/b><\/A><font size=\"2\"> Para dar cumplimiento a lo dispuesto en la presente ley, se celebrar\u00e1n convenios interadministrativos entre la Naci\u00f3n, el departamento de Boyac\u00e1 y el municipio de Tunja.<\/font><\/p>\n<p><DIV>&nbsp;<\/DIV> <\/p>\n<p align=\"justify\"><A name=4><b><font size=\"2\">ART\u00cdCULO 4o.<\/font><\/b><\/A><font size=\"2\"> El Gobierno Nacional, y el Congreso de la Rep\u00fablica rendir\u00e1n honores a la Academia Boyacense de Historia mediante placa que ser\u00e1 impuesta en acto solemne con la participaci\u00f3n de todas las autoridades municipales.<\/font><\/p>\n<p><DIV>&nbsp;<\/DIV> <\/p>\n<p align=\"justify\"><A name=5><b><font size=\"2\">ART\u00cdCULO 5o.<\/font><\/b><\/A><font size=\"2\"> El Congreso de Colombia, concurre a la celebraci\u00f3n de los cien (100) a\u00f1os de la fundaci\u00f3n de la Academia Boyacense de Historia, emitiendo en nota estilo un pergamino que contenga el texto de la presente ley.<\/font><\/p>\n<p><DIV>&nbsp;<\/DIV> <font face=\"Arial\" size=\"2\"><A name=6><b>ART\u00cdCULO 6o.<\/b><\/A> La presente Ley rige a partir de la fecha de su promulgaci\u00f3n.<\/font><DIV>&nbsp;<\/DIV> <DIV>&nbsp;<\/DIV> <\/p>\n<p align=\"center\" style=\"margin-top: 0; margin-bottom: 0\"><font size=\"2\" face=\"Arial\">La Presidenta del honorable Senado de la Rep\u00fablica,<\/font><\/p>\n<p align=\"center\" style=\"margin-top: 0; margin-bottom: 0\"><font size=\"2\" face=\"Arial\">CLAUDIA BLUM DE BARBERI<\/font><\/p>\n<p><DIV>&nbsp;<\/DIV> <\/p>\n<p align=\"center\" style=\"margin-top: 0; margin-bottom: 0\"><font size=\"2\" face=\"Arial\">El Secretario General del honorable Senado de la Rep\u00fablica,<\/font><\/p>\n<p align=\"center\" style=\"margin-top: 0; margin-bottom: 0\"><font size=\"2\" face=\"Arial\">EMILIO RAM\u00d3N OTERO DAJUD.<\/font><\/p>\n<p><DIV>&nbsp;<\/DIV> <\/p>\n<p align=\"center\" style=\"margin-top: 0; margin-bottom: 0\"><font size=\"2\" face=\"Arial\">El Presidente de la honorable C\u00e1mara de Representantes,<\/font><\/p>\n<p align=\"center\" style=\"margin-top: 0; margin-bottom: 0\"><font size=\"2\" face=\"Arial\">JULIO E. GALLARDO ARCHBOLD<\/font><\/p>\n<p><DIV>&nbsp;<\/DIV> <\/p>\n<p align=\"center\" style=\"margin-top: 0; margin-bottom: 0\"><font size=\"2\" face=\"Arial\">El Secretario General de la honorable C\u00e1mara de Representantes,<\/font><\/p>\n<p align=\"center\" style=\"margin-top: 0; margin-bottom: 0\"><font size=\"2\" face=\"Arial\">ANGELINO LIZCANO RIVERA.<\/font><\/p>\n<p><DIV>&nbsp;<\/DIV> <\/p>\n<p align=\"center\" style=\"margin-top: 0; margin-bottom: 0\"><font size=\"2\" face=\"Arial\">REPUBLICA DE COLOMBIA \u2013 GOBIERNO NACIONAL<\/font><\/p>\n<p><DIV>&nbsp;<\/DIV> <\/p>\n<p align=\"center\" style=\"margin-top: 0; margin-bottom: 0\"><font size=\"2\" face=\"Arial\">Publ\u00edquese y c\u00famplase.<\/font><\/p>\n<p align=\"center\" style=\"margin-top: 0; margin-bottom: 0\"><font size=\"2\" face=\"Arial\">Dada en Bogot\u00e1, D. C., a 31 de julio de 2006.<\/font><\/p>\n<p> <DIV>&nbsp;<\/DIV> <\/p>\n<p align=\"center\" style=\"margin-top: 0; margin-bottom: 0\"><b><font size=\"2\" face=\"Arial\">\u00c1LVARO URIBE V\u00c9LEZ<\/font><\/b><\/p>\n<p> <DIV>&nbsp;<\/DIV> <\/p>\n<p align=\"center\" style=\"margin-top: 0; margin-bottom: 0\"><font size=\"2\" face=\"Arial\">La Viceministra General del Ministerio de Hacienda y Cr\u00e9dito P\u00fablico, encargada de las funciones del despacho del Ministro de Hacienda y Cr\u00e9dito P\u00fablico,<\/font><\/p>\n<p align=\"center\" style=\"margin-top: 0; margin-bottom: 0\"><font size=\"2\" face=\"Arial\">MAR\u00cdA CRISTINA GLORIA IN\u00c9S CORT\u00c9S ARANGO.<\/font><\/p>\n<p><DIV>&nbsp;<\/DIV> <\/p>\n<p align=\"center\" style=\"margin-top: 0; margin-bottom: 0\"><font size=\"2\" face=\"Arial\">La Ministra de Cultura,<\/font><\/p>\n<p align=\"center\" style=\"margin-top: 0; margin-bottom: 0\"><font size=\"2\" face=\"Arial\">ELVIRA CUERVO DE JARAMILLO.<\/font><\/p>\n<p> <P align=\"center\" style=\"margin-top: 0; margin-bottom: 0\">&nbsp;<\/P><\/p>\n","protected":false},"excerpt":{"rendered":"<p>LEY 1080 DE 2006 &nbsp; LEY 1080 DE 2006 (julio 31) Diario Oficial No. 46.346 de 31 de julio de 2006 &nbsp; CONGRESO DE LA REP\u00daBLICA Por la cual la Naci\u00f3n se asocia a la celebraci\u00f3n del centenario de la Academia Boyacense de Historia. &nbsp; EL CONGRESO DE COLOMBIA DECRETA: ART\u00cdCULO 1o. El Gobierno y [&hellip;]<\/p>\n","protected":false},"author":1,"featured_media":0,"comment_status":"open","ping_status":"open","sticky":false,"template":"","format":"standard","meta":{"footnotes":""},"categories":[21],"tags":[],"class_list":["post-1147","post","type-post","status-publish","format-standard","hentry","category-leyes-2006"],"_links":{"self":[{"href":"https:\/\/www.dmsjuridica.com\/buscador_20179478954\/legislacion\/leyes\/wp-json\/wp\/v2\/posts\/1147","targetHints":{"allow":["GET"]}}],"collection":[{"href":"https:\/\/www.dmsjuridica.com\/buscador_20179478954\/legislacion\/leyes\/wp-json\/wp\/v2\/posts"}],"about":[{"href":"https:\/\/www.dmsjuridica.com\/buscador_20179478954\/legislacion\/leyes\/wp-json\/wp\/v2\/types\/post"}],"author":[{"embeddable":true,"href":"https:\/\/www.dmsjuridica.com\/buscador_20179478954\/legislacion\/leyes\/wp-json\/wp\/v2\/users\/1"}],"replies":[{"embeddable":true,"href":"https:\/\/www.dmsjuridica.com\/buscador_20179478954\/legislacion\/leyes\/wp-json\/wp\/v2\/comments?post=1147"}],"version-history":[{"count":0,"href":"https:\/\/www.dmsjuridica.com\/buscador_20179478954\/legislacion\/leyes\/wp-json\/wp\/v2\/posts\/1147\/revisions"}],"wp:attachment":[{"href":"https:\/\/www.dmsjuridica.com\/buscador_20179478954\/legislacion\/leyes\/wp-json\/wp\/v2\/media?parent=1147"}],"wp:term":[{"taxonomy":"category","embeddable":true,"href":"https:\/\/www.dmsjuridica.com\/buscador_20179478954\/legislacion\/leyes\/wp-json\/wp\/v2\/categories?post=1147"},{"taxonomy":"post_tag","embeddable":true,"href":"https:\/\/www.dmsjuridica.com\/buscador_20179478954\/legislacion\/leyes\/wp-json\/wp\/v2\/tags?post=1147"}],"curies":[{"name":"wp","href":"https:\/\/api.w.org\/{rel}","templated":true}]}}