{"id":1159,"date":"2020-11-24T19:24:07","date_gmt":"2020-11-24T19:24:07","guid":{"rendered":"https:\/\/www.dmsjuridica.com\/buscador_20179478954\/legislacion\/leyes\/2020\/11\/24\/ley-1092-de-2006\/"},"modified":"2020-11-24T19:24:07","modified_gmt":"2020-11-24T19:24:07","slug":"ley-1092-de-2006","status":"publish","type":"post","link":"https:\/\/www.dmsjuridica.com\/buscador_20179478954\/legislacion\/leyes\/2020\/11\/24\/ley-1092-de-2006\/","title":{"rendered":"LEY 1092 DE 2006"},"content":{"rendered":"<p>LEY 1092 DE 2006<FONT FACE=\"Arial\" SIZE=6><P ALIGN=\"CENTER\"><B><FONT FACE=\"Arial\" SIZE=2 ><img loading=\"lazy\" decoding=\"async\" border=\"0\" src=\"http:\/\/dmsjuridica.com\/CODIGOS\/LEGISLACION\/LEYES\/2019\/dms.png\" width=\"138\" height=\"103\"align=\"center\"><\/p>\n<p><P ALIGN=\"CENTER\"><b><font >LEY 1092 DE 2006<\/font><\/b><\/P><\/FONT><FONT FACE=\"Arial\"><P ALIGN=\"CENTER\"><b><font  size=\"2\">(septiembre 13)<\/font><\/b><\/P><\/FONT><FONT FACE=\"Arial\" SIZE=2><P ALIGN=\"CENTER\"><i><font >por medio de la cual se modifica parcialmente el art\u00edculo 19 del <b><a hrefx=\"..\/..\/decretos\/2000\/D1791de2000.htm\">Decreto 1791 de 2000<\/a><\/b> que regula las normas de Carrera del Personal de Oficiales, Nivel Ejecutivo, Suboficiales y Agentes de la Polic\u00eda Nacional y se dictan otras disposiciones.<\/font><\/i><\/P><P ALIGN=\"center\"><font >El Congreso de Colombia<\/font><\/P><P ALIGN=\"center\">&nbsp;<\/P><P ALIGN=\"center\"><font ><b>DECRETA<\/b>:<\/font><\/P><P ALIGN=\"JUSTIFY\"><font ><b>Art\u00edculo 1\u00ba. <\/b>El par\u00e1grafo 2\u00ba, del art\u00edculo 19 del <b><a hrefx=\"..\/..\/decretos\/2000\/D1791de2000.htm\">Decreto 1791 de 2000<\/a><\/b>, quedar\u00e1 as\u00ed:<\/font><\/P><P ALIGN=\"JUSTIFY\"><font >Par\u00e1grafo 2\u00ba. El personal administrativo que se escalafone en el Cuerpo Profesional de que trata el art\u00edculo 7\u00b0 del <b><a hrefx=\"..\/..\/decretos\/2000\/D1791de2000.htm\">Decreto 1791 de 2000<\/a><\/b>, continuar\u00e1 devengando la prima para oficiales de los servicios hasta que obtengan el t\u00edtulo de oficial diplomado en Academia Superior.<\/font><\/P><P ALIGN=\"JUSTIFY\"><font >Par\u00e1grafo nuevo, siendo el par\u00e1grafo 3\u00b0 del art\u00edculo 19 del <b><a hrefx=\"..\/..\/decretos\/2000\/D1791de2000.htm\">Decreto 1791 de 2000<\/a><\/b>, as\u00ed:<\/font><\/P><P ALIGN=\"JUSTIFY\"><font >Par\u00e1grafo 3\u00b0. El personal de oficiales profesionales del cuerpo administrativo de la Polic\u00eda Nacional que se escalafone en el cuerpo profesional tendr\u00e1 derecho al 20% de su salario b\u00e1sico una vez obtenga el t\u00edtulo de diplomado de la Academia Superior de Polic\u00eda, y no percibir\u00e1n la prima de 40% correspondiente a la prima para oficiales de los servicios. Estas normas se aplican por una sola vez.<\/font><\/P><P ALIGN=\"JUSTIFY\"><font ><b>Art\u00edculo 2\u00ba. <i>Vigencia y derogatoria.<\/i><\/b> La presente ley rige a partir de la fecha de su promulgaci\u00f3n y deroga las normas que le sean contrarias.<\/font><\/P><P ALIGN=\"JUSTIFY\">&nbsp;<\/P><P ALIGN=\"JUSTIFY\">&nbsp;<\/P><P ALIGN=\"center\" style=\"margin-top: 0; margin-bottom: 0\"><font >La Presidenta del honorable Senado de la Rep\u00fablica,<\/font><\/P><P ALIGN=\"center\" style=\"margin-top: 0; margin-bottom: 0\"><font >Dilian Francisca Toro Torres.<\/font><\/P><P ALIGN=\"center\" style=\"margin-top: 0; margin-bottom: 0\">&nbsp;<\/P><P ALIGN=\"center\" style=\"margin-top: 0; margin-bottom: 0\"><font >El Secretario General del honorable Senado de la Rep\u00fablica,<\/font><\/P><P ALIGN=\"center\" style=\"margin-top: 0; margin-bottom: 0\"><font >Emilio Ram\u00f3n Otero Dajud.<\/font><\/P><P ALIGN=\"center\" style=\"margin-top: 0; margin-bottom: 0\">&nbsp;<\/P><P ALIGN=\"center\" style=\"margin-top: 0; margin-bottom: 0\"><font >El Presidente de la honorable C\u00e1mara de Representantes,<\/font><\/P><P ALIGN=\"center\" style=\"margin-top: 0; margin-bottom: 0\"><font >Alfredo Ape Cuello Baute.<\/font><\/P><P ALIGN=\"center\" style=\"margin-top: 0; margin-bottom: 0\">&nbsp;<\/P><P ALIGN=\"center\" style=\"margin-top: 0; margin-bottom: 0\"><font >El Secretario General de la honorable C\u00e1mara de Representantes,<\/font><\/P><P ALIGN=\"center\" style=\"margin-top: 0; margin-bottom: 0\"><font >Angelino Lizcano Rivera.<\/font><\/P><P ALIGN=\"center\" style=\"margin-top: 0; margin-bottom: 0\">&nbsp;<\/P><P ALIGN=\"center\" style=\"margin-top: 0; margin-bottom: 0\"><b><font >REPUBLICA DE COLOMBIA \u2013 GOBIERNO NACIONAL<\/font><\/b><\/P><P ALIGN=\"center\" style=\"margin-top: 0; margin-bottom: 0\">&nbsp;<\/P><\/FONT><FONT FACE=\"Arial\" SIZE=2 ><P ALIGN=\"center\" style=\"margin-top: 0; margin-bottom: 0\">Publ\u00edquese y c\u00famplase.<\/P><\/FONT><FONT FACE=\"Arial\" SIZE=2><P ALIGN=\"center\" style=\"margin-top: 0; margin-bottom: 0\"><font >Dada en Bogot\u00e1, D. C., a 13 de septiembre de 2006.<\/font><\/P><P ALIGN=\"center\" style=\"margin-top: 0; margin-bottom: 0\">&nbsp;<\/P><P ALIGN=\"center\" style=\"margin-top: 0; margin-bottom: 0\"><b><font >\u00c1LVARO URIBE V\u00c9LEZ<\/font><\/b><\/P><P ALIGN=\"center\" style=\"margin-top: 0; margin-bottom: 0\">&nbsp;<\/P><P ALIGN=\"center\" style=\"margin-top: 0; margin-bottom: 0\"><font >El Ministro de Hacienda y Cr\u00e9dito P\u00fablico,<\/font><\/P><P ALIGN=\"center\" style=\"margin-top: 0; margin-bottom: 0\"><font >Alberto Carrasquilla Barrera.<\/font><\/P><P ALIGN=\"center\" style=\"margin-top: 0; margin-bottom: 0\">&nbsp;<\/P><P ALIGN=\"center\" style=\"margin-top: 0; margin-bottom: 0\"><font >El Ministro de Defensa Nacional,<\/font><\/P><P ALIGN=\"center\" style=\"margin-top: 0; margin-bottom: 0\"><font >Juan Manuel Santos C.<\/font><\/P><P ALIGN=\"center\" style=\"margin-top: 0; margin-bottom: 0\">&nbsp;<\/P><P ALIGN=\"center\" style=\"margin-top: 0; margin-bottom: 0\"><font >El Director del Departamento Administrativo de la Funci\u00f3n P\u00fablica,<\/font><\/P><P ALIGN=\"center\" style=\"margin-top: 0; margin-bottom: 0\"><font >Fernando Grillo Rubiano.<\/font><\/P> <\/FONT><\/p>\n","protected":false},"excerpt":{"rendered":"<p>LEY 1092 DE 2006 LEY 1092 DE 2006(septiembre 13)por medio de la cual se modifica parcialmente el art\u00edculo 19 del Decreto 1791 de 2000 que regula las normas de Carrera del Personal de Oficiales, Nivel Ejecutivo, Suboficiales y Agentes de la Polic\u00eda Nacional y se dictan otras disposiciones.El Congreso de Colombia&nbsp;DECRETA:Art\u00edculo 1\u00ba. El par\u00e1grafo 2\u00ba, [&hellip;]<\/p>\n","protected":false},"author":1,"featured_media":0,"comment_status":"open","ping_status":"open","sticky":false,"template":"","format":"standard","meta":{"footnotes":""},"categories":[21],"tags":[],"class_list":["post-1159","post","type-post","status-publish","format-standard","hentry","category-leyes-2006"],"_links":{"self":[{"href":"https:\/\/www.dmsjuridica.com\/buscador_20179478954\/legislacion\/leyes\/wp-json\/wp\/v2\/posts\/1159","targetHints":{"allow":["GET"]}}],"collection":[{"href":"https:\/\/www.dmsjuridica.com\/buscador_20179478954\/legislacion\/leyes\/wp-json\/wp\/v2\/posts"}],"about":[{"href":"https:\/\/www.dmsjuridica.com\/buscador_20179478954\/legislacion\/leyes\/wp-json\/wp\/v2\/types\/post"}],"author":[{"embeddable":true,"href":"https:\/\/www.dmsjuridica.com\/buscador_20179478954\/legislacion\/leyes\/wp-json\/wp\/v2\/users\/1"}],"replies":[{"embeddable":true,"href":"https:\/\/www.dmsjuridica.com\/buscador_20179478954\/legislacion\/leyes\/wp-json\/wp\/v2\/comments?post=1159"}],"version-history":[{"count":0,"href":"https:\/\/www.dmsjuridica.com\/buscador_20179478954\/legislacion\/leyes\/wp-json\/wp\/v2\/posts\/1159\/revisions"}],"wp:attachment":[{"href":"https:\/\/www.dmsjuridica.com\/buscador_20179478954\/legislacion\/leyes\/wp-json\/wp\/v2\/media?parent=1159"}],"wp:term":[{"taxonomy":"category","embeddable":true,"href":"https:\/\/www.dmsjuridica.com\/buscador_20179478954\/legislacion\/leyes\/wp-json\/wp\/v2\/categories?post=1159"},{"taxonomy":"post_tag","embeddable":true,"href":"https:\/\/www.dmsjuridica.com\/buscador_20179478954\/legislacion\/leyes\/wp-json\/wp\/v2\/tags?post=1159"}],"curies":[{"name":"wp","href":"https:\/\/api.w.org\/{rel}","templated":true}]}}