{"id":1163,"date":"2020-11-24T19:24:07","date_gmt":"2020-11-24T19:24:07","guid":{"rendered":"https:\/\/www.dmsjuridica.com\/buscador_20179478954\/legislacion\/leyes\/2020\/11\/24\/ley-1096-de-2006\/"},"modified":"2020-11-24T19:24:07","modified_gmt":"2020-11-24T19:24:07","slug":"ley-1096-de-2006","status":"publish","type":"post","link":"https:\/\/www.dmsjuridica.com\/buscador_20179478954\/legislacion\/leyes\/2020\/11\/24\/ley-1096-de-2006\/","title":{"rendered":"LEY 1096 DE 2006"},"content":{"rendered":"<p>LEY 1096 DE 2006            <\/a><\/p>\n<p>&nbsp;<\/p>\n<p align=\"center\"><b><font size=\"2\"><img loading=\"lazy\" decoding=\"async\" border=\"0\" src=\"http:\/\/dmsjuridica.com\/CODIGOS\/LEGISLACION\/LEYES\/2019\/dms.png\" width=\"138\" height=\"103\"align=\"center\"><\/p>\n<p align=\"center\"><b><font size=\"6\">LEY 1096 DE 2006<\/font><\/b><\/p>\n<p align=\"center\"><b><font size=\"2\">(noviembre 2)<\/font><\/b><\/p>\n<p align=\"center\"><b><font size=\"2\">Diario Oficial No. 46.440 de 2 de noviembre de 2006<\/font><\/b><\/p>\n<p><DIV>&nbsp;<\/DIV> <\/p>\n<p align=\"center\"><b><font size=\"2\">CONGRESO DE LA REP\u00daBLICA<\/font><\/b><\/p>\n<p align=\"center\"><font size=\"2\">Por medio de la cual se autoriza la afiliaci\u00f3n del Congreso de la Rep\u00fablica al Foro Interparlamentario de las Am\u00e9ricas y se dictan otras disposiciones.<\/font><\/p>\n<p><DIV>&nbsp;<\/DIV> <\/p>\n<p align=\"center\"><b><font size=\"2\">EL CONGRESO DE COLOMBIA<\/font><\/b><\/p>\n<p align=\"center\"><b><font size=\"2\">DECRETA<\/font><\/b><font size=\"2\">:<\/font><\/p>\n<p align=\"justify\"><A name=1><b><font size=\"2\">ART\u00cdCULO 1o.<\/font><\/b><\/A><font size=\"2\"> Autor\u00edzase al Congreso de la Rep\u00fablica para afiliarse al Foro Interparlamentario de las Am\u00e9ricas, FIPA, como instancia para promover el di\u00e1logo interparlamentario y la participaci\u00f3n del Poder Legislativo en el sistema interamericano.<\/font><\/p>\n<p align=\"justify\"><font size=\"2\">Las C\u00e1maras Legislativas designar\u00e1n anualmente a los respectivos delegados ante la Asamblea Plenaria garantizando la participaci\u00f3n de distintos Partidos y proceder\u00e1n, seg\u00fan lo dispuesto por la ley, a reconocer y pagar los gastos de vi\u00e1ticos.<\/font><\/p>\n<p align=\"justify\"><b><font size=\"2\">PAR\u00c1GRAFO<\/font><\/b><font size=\"2\">. En caso de desaparecer dicha asociaci\u00f3n, el Congreso podr\u00e1 afiliarse a entidades internacionales que cumplan con los mismos fines y prop\u00f3sitos.<\/font><\/p>\n<p><DIV>&nbsp;<\/DIV> <\/p>\n<p align=\"justify\"><A name=2><b><font size=\"2\">ART\u00cdCULO<\/font><\/b><font size=\"2\"><b> 2o<\/b>.<\/font><\/A><font size=\"2\"> Autor\u00edzase al Gobierno Nacional para reconocer y pagar las contribuciones establecidas por los reglamentos del Foro Interparlamentario de las Am\u00e9ricas<\/font><\/p>\n<p align=\"justify\"><b><font size=\"2\">PAR\u00c1GRAFO <\/font> <\/b><font size=\"2\">1o. Los gastos a los que se refiere el presente art\u00edculo se imputar\u00e1n al presupuesto del Congreso de la Rep\u00fablica.<\/font><\/p>\n<p><DIV>&nbsp;<\/DIV> <\/p>\n<p align=\"justify\"><A name=3><b><font size=\"2\">ART\u00cdCULO 3o.<\/font><\/b><\/A><font size=\"2\"> Autor\u00edzase al Gobierno Nacional para reconocer y pagar los gastos generados por la realizaci\u00f3n de Asambleas Plenarias del Foro Interparlamentario de la Am\u00e9ricas, FIPA, en el territorio nacional.<\/font><\/p>\n<p align=\"justify\"><b><font size=\"2\">PAR\u00c1GRAFO<\/font><\/b><font size=\"2\">. Los gastos a los que se refiere el presente art\u00edculo se imputar\u00e1n al presupuesto del Congreso de la Rep\u00fablica.<\/font><\/p>\n<p><DIV>&nbsp;<\/DIV> <A name=4><b><font size=\"2\">A<font face=\"Arial\">RT\u00cdCULO<\/font><\/font><\/b><font size=\"2\" face=\"Arial\"><b> 4o<\/b>.<\/font><\/A><font size=\"2\" face=\"Arial\"> El n\u00famero de integrantes que designen las respectivas C\u00e1maras ser\u00e1 el de seis (6) por cada C\u00e9lula Legislativa de los distintos Partidos y Movimientos Pol\u00edticos.<\/font><DIV>&nbsp;<\/DIV> <font face=\"Arial\"><A name=5><b><font size=\"2\">ART\u00cdCULO 5o.<\/font><\/b><\/A><font size=\"2\"><b> <\/b>La presente ley rige a partir de la fecha de su publicaci\u00f3n. <\/font> <\/font> <DIV>&nbsp;<\/DIV> <DIV>&nbsp;<\/DIV> <\/p>\n<p align=\"center\" style=\"margin-top: 0; margin-bottom: 0\"><font size=\"2\" face=\"Arial\">La Presidenta del Honorable Senado de la Rep\u00fablica,<\/font><\/p>\n<p align=\"center\" style=\"margin-top: 0; margin-bottom: 0\"><font size=\"2\" face=\"Arial\">DILIAN FRANCISCA TORO TORRES.<\/font><\/p>\n<p><DIV>&nbsp;<\/DIV> <\/p>\n<p align=\"center\" style=\"margin-top: 0; margin-bottom: 0\"><font size=\"2\" face=\"Arial\">El Secretario General del honorable Senado de la Rep\u00fablica,<\/font><\/p>\n<p align=\"center\" style=\"margin-top: 0; margin-bottom: 0\"><font size=\"2\" face=\"Arial\">EMILIO RAM\u00d3N OTERO DAJUD.<\/font><\/p>\n<p><DIV>&nbsp;<\/DIV> <\/p>\n<p align=\"center\" style=\"margin-top: 0; margin-bottom: 0\"><font size=\"2\" face=\"Arial\">El Presidente de la honorable C\u00e1mara de Representantes,<\/font><\/p>\n<p align=\"center\" style=\"margin-top: 0; margin-bottom: 0\"><font size=\"2\" face=\"Arial\">ALFREDO APE CUELLO BAUTE.<\/font><\/p>\n<p><DIV>&nbsp;<\/DIV> <\/p>\n<p align=\"center\" style=\"margin-top: 0; margin-bottom: 0\"><font size=\"2\" face=\"Arial\">El Secretario General de la honorable C\u00e1mara de Representantes,<\/font><\/p>\n<p align=\"center\" style=\"margin-top: 0; margin-bottom: 0\"><font size=\"2\" face=\"Arial\">ANGELINO LIZCANO RIVERA.<\/font><\/p>\n<p><DIV>&nbsp;<\/DIV> <\/p>\n<p align=\"center\" style=\"margin-top: 0; margin-bottom: 0\"><font size=\"2\" face=\"Arial\">REPUBLICA DE COLOMBIA \u2013 GOBIERNO NACIONAL<\/font><\/p>\n<p align=\"center\" style=\"margin-top: 0; margin-bottom: 0\"><font size=\"2\" face=\"Arial\">Publ\u00edquese y c\u00famplase.<\/font><\/p>\n<p align=\"center\" style=\"margin-top: 0; margin-bottom: 0\"><font size=\"2\" face=\"Arial\">Dada en Bogot\u00e1, D. C., a 2 de noviembre de 2006.<\/font><\/p>\n<p> <DIV>&nbsp;<\/DIV> <\/p>\n<p align=\"center\" style=\"margin-top: 0; margin-bottom: 0\"><b><font size=\"2\" face=\"Arial\">\u00c1LVARO URIBE V\u00c9LEZ<\/font><\/b><\/p>\n<p> <DIV>&nbsp;<\/DIV> <\/p>\n<p align=\"center\" style=\"margin-top: 0; margin-bottom: 0\"><font size=\"2\" face=\"Arial\">El Viceministro de Relaciones Exteriores, encargado de las funciones del Despacho de la Ministra de Relaciones Exteriores,<\/font><\/p>\n<p align=\"center\" style=\"margin-top: 0; margin-bottom: 0\"><font size=\"2\" face=\"Arial\">CAMILO REYES RODR\u00cdGUEZ.<\/font><\/p>\n<p><DIV>&nbsp;<\/DIV> <\/p>\n<p align=\"center\" style=\"margin-top: 0; margin-bottom: 0\"><font size=\"2\" face=\"Arial\">El Ministro de Hacienda y Cr\u00e9dito P\u00fablico,<\/font><\/p>\n<p align=\"center\" style=\"margin-top: 0; margin-bottom: 0\"><font size=\"2\" face=\"Arial\">ALBERTO CARRASQUILLA BARRERA.<\/font><\/p>\n<p>  <\/TABLE><\/font><P align=\"center\" style=\"margin-top: 0; margin-bottom: 0\">&nbsp;<\/P><\/p>\n","protected":false},"excerpt":{"rendered":"<p>LEY 1096 DE 2006 &nbsp; LEY 1096 DE 2006 (noviembre 2) Diario Oficial No. 46.440 de 2 de noviembre de 2006 &nbsp; CONGRESO DE LA REP\u00daBLICA Por medio de la cual se autoriza la afiliaci\u00f3n del Congreso de la Rep\u00fablica al Foro Interparlamentario de las Am\u00e9ricas y se dictan otras disposiciones. &nbsp; EL CONGRESO DE [&hellip;]<\/p>\n","protected":false},"author":1,"featured_media":0,"comment_status":"open","ping_status":"open","sticky":false,"template":"","format":"standard","meta":{"footnotes":""},"categories":[21],"tags":[],"class_list":["post-1163","post","type-post","status-publish","format-standard","hentry","category-leyes-2006"],"_links":{"self":[{"href":"https:\/\/www.dmsjuridica.com\/buscador_20179478954\/legislacion\/leyes\/wp-json\/wp\/v2\/posts\/1163","targetHints":{"allow":["GET"]}}],"collection":[{"href":"https:\/\/www.dmsjuridica.com\/buscador_20179478954\/legislacion\/leyes\/wp-json\/wp\/v2\/posts"}],"about":[{"href":"https:\/\/www.dmsjuridica.com\/buscador_20179478954\/legislacion\/leyes\/wp-json\/wp\/v2\/types\/post"}],"author":[{"embeddable":true,"href":"https:\/\/www.dmsjuridica.com\/buscador_20179478954\/legislacion\/leyes\/wp-json\/wp\/v2\/users\/1"}],"replies":[{"embeddable":true,"href":"https:\/\/www.dmsjuridica.com\/buscador_20179478954\/legislacion\/leyes\/wp-json\/wp\/v2\/comments?post=1163"}],"version-history":[{"count":0,"href":"https:\/\/www.dmsjuridica.com\/buscador_20179478954\/legislacion\/leyes\/wp-json\/wp\/v2\/posts\/1163\/revisions"}],"wp:attachment":[{"href":"https:\/\/www.dmsjuridica.com\/buscador_20179478954\/legislacion\/leyes\/wp-json\/wp\/v2\/media?parent=1163"}],"wp:term":[{"taxonomy":"category","embeddable":true,"href":"https:\/\/www.dmsjuridica.com\/buscador_20179478954\/legislacion\/leyes\/wp-json\/wp\/v2\/categories?post=1163"},{"taxonomy":"post_tag","embeddable":true,"href":"https:\/\/www.dmsjuridica.com\/buscador_20179478954\/legislacion\/leyes\/wp-json\/wp\/v2\/tags?post=1163"}],"curies":[{"name":"wp","href":"https:\/\/api.w.org\/{rel}","templated":true}]}}