{"id":1167,"date":"2020-11-24T19:24:08","date_gmt":"2020-11-24T19:24:08","guid":{"rendered":"https:\/\/www.dmsjuridica.com\/buscador_20179478954\/legislacion\/leyes\/2020\/11\/24\/ley-1101-de-2006\/"},"modified":"2020-11-24T19:24:08","modified_gmt":"2020-11-24T19:24:08","slug":"ley-1101-de-2006","status":"publish","type":"post","link":"https:\/\/www.dmsjuridica.com\/buscador_20179478954\/legislacion\/leyes\/2020\/11\/24\/ley-1101-de-2006\/","title":{"rendered":"LEY 1101 DE 2006"},"content":{"rendered":"<p>LEY 1101 DE 2006            <\/a><\/p>\n<p>&nbsp;<\/p>\n<p align=\"center\"><b><font size=\"2\"><img loading=\"lazy\" decoding=\"async\" border=\"0\" src=\"http:\/\/dmsjuridica.com\/CODIGOS\/LEGISLACION\/LEYES\/2019\/dms.png\" width=\"138\" height=\"103\"align=\"center\"><\/p>\n<p align=\"center\"><b><font size=\"6\">LEY 1101 DE 2006<\/font><\/b><\/p>\n<p align=\"center\"><font size=\"2\">(noviembre 22 de 2006)<\/font><\/p>\n<p align=\"center\"><i><font size=\"2\">Por la cual se modifica la <\/font><\/i><font face=\"Arial\" size=\"2\"> <i><b><a hrefx=\"..\/..\/..\/ESTATUTOS\/EST%20GENERAL%20DEL%20TURISMO\/ESTATUTO%20GENERAL%20DEL%20TURISMO.htm\">Ley 300 de 1996<\/a><\/b><\/i><\/font><i><font size=\"2\"> &#8211; Ley General de Turismo y se dictan otras disposiciones.<\/font><\/i><\/p>\n<p align=\"justify\"><b><font size=\"2\"><i>*Notas de Vigencia*<\/i><\/font><\/b><\/p>\n<p><DIV><\/p>\n<table border=\"1\" cellpadding=\"6\" cellspacing=\"0\" width=\"100%\" id=\"table3\">\n<tr>\n<td align=\"justify\"><i><font size=\"2\" face=\"Arial\">Modificada por la <b><a hrefx=\"..\/2012\/1558.htm\">Ley 1558 de 2012<\/a><\/b>, publicado en el Diario Oficial No. 48487 del martes, 10 de julio de 2012: &quot;Por la cual se modifica la <\/font><\/i><font face=\"Arial\" size=\"2\"> <i><b><a hrefx=\"..\/..\/..\/ESTATUTOS\/EST%20GENERAL%20DEL%20TURISMO\/ESTATUTO%20GENERAL%20DEL%20TURISMO.htm\">Ley 300 de 1996<\/a><\/b><\/i><\/font><i><font size=\"2\" face=\"Arial\">-Ley General de Turismo, la <b><a hrefx=\"L1101006.htm\">Ley 1101 de 2006<\/a><\/b> y se dictan otras disposiciones.&quot; <\/font><\/i><\/td>\n<\/tr>\n<tr>\n<td align=\"justify\"><font SIZE=\"2\">Adicionada <font face=\"Arial\" size=\"2\">por la <\/font><font face=\"Arial\" size=\"2\"><a hrefx=\"..\/2011\/1450.htm\">Ley 1450 de 2011<\/a><\/font><font face=\"Arial\" size=\"2\">, publicada en el Diario Oficial No, 48102 de 16 de Junio de 2011: &quot;<\/font><i><font FACE=\"Arial\" SIZE=\"2\">por la cual se expide el Plan Nacional de Desarrollo, 2010-2014.&quot;<\/font><\/i><\/font><\/td>\n<\/tr>\n<tr>\n<td align=\"justify\"><i><font size=\"2\">Ver <b><a hrefx=\"..\/..\/decretos\/2009\/DECRETO_4933_DE_2009.htm\">Decreto 4933 de 2009<\/a><\/b><\/font><\/i><\/td>\n<\/tr>\n<tr>\n<td align=\"justify\"><i><font size=\"2\">Reglamentado por el <b><a hrefx=\"..\/..\/decretos\/2009\/DECRETO_2590_DE_2009.htm\">Decreto 2590 de 2009<\/a><\/b>, publicado en el Diario Oficial No. 47.405 de 9 de julio de 2009.<\/font><\/i><\/td>\n<\/tr>\n<tr>\n<td align=\"justify\"><i>El <b><a hrefx=\"..\/..\/decretos\/2007\/DECRETO%201036%20DE%202007.htm\">Decreto 1036 de 2007<\/a><\/b> reglamenta el recaudo y el cobro de la Contribuci\u00f3n Parafiscal para la Promoci\u00f3n del Turismo de la presente ley<\/i><\/td>\n<\/tr>\n<\/table>\n<p><\/DIV>  <\/p>\n<p style=\"margin-top: 0; margin-bottom: 0\"><i><b><font face=\"Arial\" size=\"2\">*Notas Reglamentarias* <\/font><\/b><\/i><\/p>\n<p style=\"margin-top: 0; margin-bottom: 0\">&nbsp;<\/p>\n<p><font FACE=\"Arial\" SIZE=\"5\"><i><\/p>\n<div align=\"center\">\n<table border=\"1\" cellpadding=\"6\" cellspacing=\"0\" width=\"100%\">\n<tr>\n<td align=\"justify\"><font FACE=\"Arial\" SIZE=\"5\"><font size=\"2\" face=\"Arial\"><i>Reglamentada parcialmente por el <\/i><\/font><i><font size=\"2\" face=\"Arial\"><b><a hrefx=\"..\/..\/decretos\/2012\/2251.htm\">Decreto 2251 de 2012<\/a><\/b>, publicado en el Diario Oficial No. 48601 Jueves, 1\u00ba de noviembre de 2012: &quot;<\/font><\/i><\/font><font face=\"Arial\" size=\"2\"><i>p<\/i><i>or el cual se reglamentan los art\u00edculos <b><a hrefx=\"#9\">9\u00b0<\/a><\/b> de la Ley 1101 de 2006 y <b><a hrefx=\"..\/2012\/1558.htm#21\">21<\/a><\/b> de la <b><a hrefx=\"..\/2012\/1558.htm\">Ley 1558 de 2012<\/a><\/b>.&quot; <\/i><\/font><\/td>\n<\/tr>\n<\/table>\n<\/div>\n<p><\/i><\/font><\/p>\n<p align=\"center\"><b><font size=\"2\">EL CONGRESO DE COLOMBIA<\/font><\/b><\/p>\n<p align=\"center\"><b><font size=\"2\">DECRETA<\/font><\/b><font size=\"2\">:<\/font><\/p>\n<p align=\"justify\" style=\"margin-top: 0; margin-bottom: 0\"><A name=1><b><font size=\"2\">Art\u00edculo 1\u00b0.<\/font><\/b><\/A><font size=\"2\"> El art\u00edculo <i> <b> <a hrefx=\"..\/..\/..\/ESTATUTOS\/EST%20GENERAL%20DEL%20TURISMO\/ESTATUTO%20GENERAL%20DEL%20TURISMO.htm#40\">40<\/a><\/b><\/i> de la <\/font><font face=\"Arial\" size=\"2\"> <i><b><a hrefx=\"..\/..\/..\/ESTATUTOS\/EST%20GENERAL%20DEL%20TURISMO\/ESTATUTO%20GENERAL%20DEL%20TURISMO.htm\">Ley 300 de 1996<\/a><\/b><\/i><\/font><font size=\"2\">, quedar\u00e1 as\u00ed: De la contribuci\u00f3n parafiscal para la promoci\u00f3n del turismo. Cr\u00e9ase una contribuci\u00f3n parafiscal con destino a la promoci\u00f3n y competitividad del turismo. La contribuci\u00f3n estar\u00e1 a cargo de los aportantes previstos en el art\u00edculo <i> <b><a hrefx=hrefx=\"L0300-96.htm#3\">3<\/A><\/b><\/i> de la presente ley. Contribuci\u00f3n que en ning\u00fan caso ser\u00e1 trasladada al usuario.<\/font><\/p>\n<p align=\"justify\" style=\"margin-top: 0; margin-bottom: 0\">&nbsp;<\/p>\n<p align=\"justify\" style=\"margin-top: 0; margin-bottom: 0\">&nbsp;<\/p>\n<p align=\"justify\" style=\"margin-top: 0; margin-bottom: 0\"><A name=2><b><font size=\"2\">Art\u00edculo 2\u00b0.<\/font><\/b><\/A><font size=\"2\"> El art\u00edculo <i> <b> <a hrefx=\"..\/..\/..\/ESTATUTOS\/EST%20GENERAL%20DEL%20TURISMO\/ESTATUTO%20GENERAL%20DEL%20TURISMO.htm#41\">41<\/a><\/b><\/i> de la <\/font><font face=\"Arial\" size=\"2\"> <i><b><a hrefx=\"..\/..\/..\/ESTATUTOS\/EST%20GENERAL%20DEL%20TURISMO\/ESTATUTO%20GENERAL%20DEL%20TURISMO.htm\">Ley 300 de 1996<\/a><\/b><\/i><\/font><font size=\"2\">, quedar\u00e1 as\u00ed: Base de liquidaci\u00f3n de la contribuci\u00f3n. La contribuci\u00f3n parafiscal se liquidar\u00e1 trimestralmente por un valor correspondiente al 2.5 por mil de los ingresos operacionales, vinculados a la actividad sometida al gravamen, de los aportantes se\u00f1alados en el art\u00edculo 3\u00b0 de esta ley.<\/font><\/p>\n<p align=\"justify\" style=\"margin-top: 0; margin-bottom: 0\">&nbsp;<\/p>\n<p align=\"justify\" style=\"margin-top: 0; margin-bottom: 0\"><font size=\"2\">La entidad recaudadora podr\u00e1 obtener el pago de la contribuci\u00f3n mediante cobro coactivo cuando fuere necesario. Para tal efecto, tendr\u00e1 facultad de jurisdicci\u00f3n coactiva.<\/font><\/p>\n<p align=\"justify\" style=\"margin-top: 0; margin-bottom: 0\">&nbsp;<\/p>\n<p align=\"justify\" style=\"margin-top: 0; margin-bottom: 0\"><font size=\"2\">Par\u00e1grafo<b> <\/b> <\/font> <font size=\"2\">1. Para los prestadores de servicios tur\u00edsticos cuya remuneraci\u00f3n principal consiste en una comisi\u00f3n o porcentaje de las ventas, se entender\u00e1 por ingresos operacionales el valor de las comisiones percibidas; en el caso de las agencias operadoras de turismo receptivo y mayoristas, se entender\u00e1 por ingresos operacionales el que quede una vez deducidos los pagos a los proveedores tur\u00edsticos.<\/font><\/p>\n<p align=\"justify\" style=\"margin-top: 0; margin-bottom: 0\">&nbsp;<\/p>\n<p align=\"justify\" style=\"margin-top: 0; margin-bottom: 0\"><font size=\"2\">Par\u00e1grafo<b> <\/b> <\/font> <font size=\"2\">2. Trat\u00e1ndose del transporte a\u00e9reo regular de pasajeros, como un r\u00e9gimen de excepci\u00f3n, la liquidaci\u00f3n de la contribuci\u00f3n de que trata este art\u00edculo se har\u00e1 con base en los pasajeros transportados en vuelos internacionales cuyo origen o destino final sea Colombia. Para tal efecto, el aporte por pasajero ser\u00e1 la suma de US $1 d\u00f3lar de los Estados Unidos o su equivalente en pesos colombianos que no har\u00e1 parte de la tarifa autorizada.<\/font><\/p>\n<p align=\"justify\" style=\"margin-top: 0; margin-bottom: 0\">&nbsp;<\/p>\n<p align=\"justify\" style=\"margin-top: 0; margin-bottom: 0\"><font size=\"2\">La Aeron\u00e1utica Civil presentar\u00e1 la relaci\u00f3n de los pasajeros transportados en vuelos internacionales por cada aerol\u00ednea y reglamentar\u00e1 este cobro.<\/font><\/p>\n<p align=\"justify\" style=\"margin-top: 0; margin-bottom: 0\">&nbsp;<\/p>\n<p align=\"justify\" style=\"margin-top: 0; margin-bottom: 0\"><font size=\"2\">Par\u00e1grafo<b> <\/b> <\/font> <font size=\"2\">3. En el caso de los bares y restaurantes tur\u00edsticos a que se refiere el presente art\u00edculo, la contribuci\u00f3n ser\u00e1 del 1.5 por mil de los ingresos operacionales.<\/font><\/p>\n<p align=\"justify\" style=\"margin-top: 0; margin-bottom: 0\">&nbsp;<\/p>\n<p align=\"justify\" style=\"margin-top: 0; margin-bottom: 0\"><font size=\"2\">Par\u00e1grafo<b> <\/b>4. La contribuci\u00f3n parafiscal no ser\u00e1 sujeta a grav\u00e1menes adicionales.<\/font><\/p>\n<p align=\"justify\" style=\"margin-top: 0; margin-bottom: 0\">&nbsp;<\/p>\n<p><DIV>&nbsp;<\/DIV> <\/p>\n<p align=\"justify\" style=\"margin-top: 0; margin-bottom: 0\"><A name=3><b><font size=\"2\">Art\u00edculo 3.<\/font><\/b><\/A><font size=\"2\"> <\/font><font face=\"Arial\" size=\"2\"><b> <i>Aportantes de la contribuci\u00f3n parafiscal para la promoci\u00f3n del turismo. <\/i><\/b><\/font><i><font size=\"2\" face=\"Arial\"><b>*Modificado por la<a hrefx=\"..\/2012\/1558.htm\">Ley 1558 de 2012<\/a>, nuevo texto* <\/b><\/font><\/i><font face=\"Arial\" size=\"2\">Para los fines de la presente ley, se consideran aportantes los siguientes:<\/font><\/p>\n<p style=\"margin-top: 0; margin-bottom: 0\" align=\"justify\"><font face=\"Arial\" size=\"2\"><br \/>1. Los hoteles, centros vacacionales y servicios de alojamiento prestados por clubes sociales.<\/font><\/p>\n<p style=\"margin-top: 0; margin-bottom: 0\" align=\"justify\"><font face=\"Arial\" size=\"2\"><br \/>2. Las viviendas dedicadas ocasionalmente al uso tur\u00edstico o viviendas tur\u00edsticas, y otros tipos de hospedaje no permanente, excluidos los establecimientos que prestan el servicio de alojamiento por horas.<\/font><\/p>\n<p style=\"margin-top: 0; margin-bottom: 0\" align=\"justify\"><font face=\"Arial\" size=\"2\"><br \/>3. Las agencias de viajes y turismo, agencias mayoristas y las agencias operadoras.<\/font><\/p>\n<p style=\"margin-top: 0; margin-bottom: 0\" align=\"justify\"><font face=\"Arial\" size=\"2\"><br \/>4. Las oficinas de representaciones tur\u00edsticas.<\/font><\/p>\n<p style=\"margin-top: 0; margin-bottom: 0\" align=\"justify\"><font face=\"Arial\" size=\"2\"><br \/>5. Las empresas dedicadas a la operaci\u00f3n de actividades de turismo de naturaleza o aventura, tales como canotaje, balsaje, espeleolog\u00eda, escalada, parapente, canopy, buceo y deportes n\u00e1uticos en general.<\/font><\/p>\n<p style=\"margin-top: 0; margin-bottom: 0\" align=\"justify\"><font face=\"Arial\" size=\"2\"><br \/>6. Los operadores profesionales de congresos, ferias y convenciones, excepto las universidades e instituciones de educaci\u00f3n superior y los medios de comunicaci\u00f3n que realicen actividades de esta naturaleza cuando su objeto o tema sea af\u00edn a su misi\u00f3n.<\/font><\/p>\n<p style=\"margin-top: 0; margin-bottom: 0\" align=\"justify\"><font face=\"Arial\" size=\"2\"><br \/>7. Los arrendadores de veh\u00edculos para turismo nacional e internacional.<\/font><\/p>\n<p style=\"margin-top: 0; margin-bottom: 0\" align=\"justify\"><font face=\"Arial\" size=\"2\"><br \/>8. Los usuarios operadores, desarrolladores e industriales en zonas francas tur\u00edsticas.<\/font><\/p>\n<p style=\"margin-top: 0; margin-bottom: 0\" align=\"justify\"><font face=\"Arial\" size=\"2\"><br \/>9. Las empresas comercializadoras de proyectos de tiempo compartido y multipropiedad.<\/font><\/p>\n<p style=\"margin-top: 0; margin-bottom: 0\" align=\"justify\"><font face=\"Arial\" size=\"2\"><br \/>10. Los bares y restaurantes tur\u00edsticos clasificados como tal, de acuerdo a resoluci\u00f3n emanada del Ministerio de comercio, industria y turismo.<\/font><\/p>\n<p style=\"margin-top: 0; margin-bottom: 0\" align=\"justify\"><font face=\"Arial\" size=\"2\"><br \/>11. Los centros terap\u00e9uticos o balnearios que utilizan con fines terap\u00e9uticos aguas, minero-medicinales, tratamientos termales u otros medios f\u00edsicos naturales.<\/font><\/p>\n<p style=\"margin-top: 0; margin-bottom: 0\" align=\"justify\"><font face=\"Arial\" size=\"2\"><br \/>12. Las empresas captadoras de ahorro para viajes y de servicios tur\u00edsticos prepagados.<\/font><\/p>\n<p style=\"margin-top: 0; margin-bottom: 0\" align=\"justify\"><font face=\"Arial\" size=\"2\"><br \/>13. Los parques tem\u00e1ticos.<\/font><\/p>\n<p style=\"margin-top: 0; margin-bottom: 0\" align=\"justify\">&nbsp;<\/p>\n<p style=\"margin-top: 0; margin-bottom: 0\" align=\"justify\"><font face=\"Arial\" size=\"2\">14. Los concesionarios de aeropuertos y carreteras.<\/font><\/p>\n<p style=\"margin-top: 0; margin-bottom: 0\" align=\"justify\">&nbsp;<\/p>\n<p style=\"margin-top: 0; margin-bottom: 0\" align=\"justify\"><font face=\"Arial\" size=\"2\">15. Las empresas de transporte de pasajeros: a\u00e9reas y terrestres, excepto el transporte urbano y el que opera dentro de \u00e1reas metropolitanas o ciudades dormitorio.<\/font><\/p>\n<p style=\"margin-top: 0; margin-bottom: 0\" align=\"justify\">&nbsp;<\/p>\n<p style=\"margin-top: 0; margin-bottom: 0\" align=\"justify\"><font face=\"Arial\" size=\"2\">16. Las empresas de transporte terrestre automotor especializado, las empresas operadoras de chivas y otros veh\u00edculos automotores que presten servicio de transporte tur\u00edstico.<\/font><\/p>\n<p style=\"margin-top: 0; margin-bottom: 0\" align=\"justify\"><font face=\"Arial\" size=\"2\"><br \/>17. Los concesionarios de servicios tur\u00edsticos en parques nacionales que presten servicios diferentes a los se\u00f1alados en este art\u00edculo.<\/font><\/p>\n<p style=\"margin-top: 0; margin-bottom: 0\" align=\"justify\"><font face=\"Arial\" size=\"2\"><br \/>18. Los centros de convenciones.<\/font><\/p>\n<p style=\"margin-top: 0; margin-bottom: 0\" align=\"justify\"><font face=\"Arial\" size=\"2\"><br \/>19. Las empresas de seguros de viaje y de asistencia m\u00e9dica en viaje.<\/font><\/p>\n<p style=\"margin-top: 0; margin-bottom: 0\" align=\"justify\"><font face=\"Arial\" size=\"2\"><br \/>20. Las sociedades portuarias, marinas o puertos tur\u00edsticos, por concepto de la operaci\u00f3n de muelles tur\u00edsticos.<\/font><\/p>\n<p style=\"margin-top: 0; margin-bottom: 0\" align=\"justify\"><font face=\"Arial\" size=\"2\"><br \/>21. Los establecimientos del comercio ubicados en las terminales de transporte de pasajeros terrestre, a\u00e9reo y mar\u00edtimo.<\/font><\/p>\n<p style=\"margin-top: 0; margin-bottom: 0\" align=\"justify\"><font face=\"Arial\" size=\"2\"><br \/>22. Las empresas operadoras de proyectos de tiempo compartido y multipropiedad.<\/font><\/p>\n<p style=\"margin-top: 0; margin-bottom: 0\" align=\"justify\"><font face=\"Arial\" size=\"2\"><br \/>23. Las empresas asociativas de redes de vendedores multinivel de servicios tur\u00edsticos.<\/font><\/p>\n<p style=\"margin-top: 0; margin-bottom: 0\" align=\"justify\"><font face=\"Arial\" size=\"2\"><br \/>24. Los gu\u00edas de turismo.<\/font><\/p>\n<p style=\"margin-top: 0; margin-bottom: 0\" align=\"justify\"><font face=\"Arial\" size=\"2\"><br \/>Par\u00e1grafo 1\u00b0. Para los efectos tributarios o fiscales de la presente ley, se considera que prestan los servicios de vivienda tur\u00edstica las personas naturales o jur\u00eddicas cuya actividad sea la de arrendar o subarrendar por periodos inferiores a 30 d\u00edas con o sin servicios complementarios, bienes ra\u00edces de su propiedad o de terceros o realizar labores de intermediaci\u00f3n entre arrendadores y arrendatarios para arrendar inmuebles en las condiciones antes se\u00f1aladas. Se presume que quien aparezca arrendando en un mismo municipio o distrito m\u00e1s de cinco inmuebles de su propiedad o de terceros por periodos inferiores a 30 d\u00edas es prestador tur\u00edstico.<\/font><\/p>\n<p style=\"margin-top: 0; margin-bottom: 0\" align=\"justify\"><font face=\"Arial\" size=\"2\"><br \/>Par\u00e1grafo 2\u00b0. Trat\u00e1ndose de los concesionarios de carreteras a que se refiere el numeral 14 del presente art\u00edculo, la liquidaci\u00f3n de la contribuci\u00f3n se har\u00e1 con base en los recaudos de derechos y tasas por el paso de veh\u00edculos para el transporte p\u00fablico y privado de pasajeros y en el caso de los concesionarios de aeropuertos con base en los recaudos de derechos y tasas por la utilizaci\u00f3n de sus servicios e instalaciones por parte de aeronaves para el transporte de pasajeros y por los mismos pasajeros.<\/font><\/p>\n<p style=\"margin-top: 0; margin-bottom: 0\" align=\"justify\"><font face=\"Arial\" size=\"2\"><br \/>Par\u00e1grafo 3\u00b0. Los Gu\u00edas de Turismo pagar\u00e1n anualmente por concepto de contribuci\u00f3n parafiscal el veinte por ciento del salario m\u00ednimo legal mensual vigente en el a\u00f1o de su causaci\u00f3n\u201d.<\/font><\/p>\n<p align=\"justify\" style=\"margin-top: 0; margin-bottom: 0\">&nbsp;<\/p>\n<p style=\"margin-top: 0; margin-bottom: 0\"><i><font size=\"2\" face=\"Arial\"><b>*Nota de Vigencia*<\/b><\/font><\/i><\/p>\n<p style=\"margin-top: 0; margin-bottom: 0\">&nbsp;<\/p>\n<p><TABLE cellSpacing=0 cellPadding=6 rules=none width=\"100%\"  border=1 frame=border id=\"table74\">      <TR>    <TD align=\"justify\"><\/p>\n<p style=\"margin-top: 0; margin-bottom: 0\"><i><font size=\"2\" face=\"Arial\">Art\u00edculo modificado por el art\u00edculo 16 de la <b><a hrefx=\"..\/2012\/1558.htm\">Ley 1558 de 2012<\/a><\/b>, publicado en el Diario Oficial No. 48487 del martes, 10 de julio de 2012. <\/font><\/i><\/TD><\/TR>  <\/TABLE><\/p>\n<p style=\"margin-top: 0; margin-bottom: 0\">&nbsp;<\/p>\n<p align=\"justify\" style=\"margin-top: 0; margin-bottom: 0\"><i><b><font size=\"2\">*Notas Jurisprudenciales* <\/font><\/b><\/i><\/p>\n<p align=\"justify\" style=\"margin-top: 0; margin-bottom: 0\">&nbsp;<\/p>\n<table cellSpacing=\"0\" cellPadding=\"6\" rules=\"none\" width=\"100%\" border=\"1\" frame=\"border\" id=\"table4\">\n<tr>\n<td align=\"justify\">\n<p style=\"margin-top: 0; margin-bottom: 0\"><i><b><font size=\"2\">Corte Constitucional<\/font><\/b><\/i><\/td>\n<\/tr>\n<tr>\n<td align=\"justify\">\n<p align=\"justify\" style=\"margin-top: 0; margin-bottom: 0\"><i><font size=\"2\">Articulo declarado EXEQUIBLE por la Corte Constitucional mediante <b><a hrefx=\"..\/..\/Sentencias\/2009\/C-228-09.rtf\">Sentencia <\/a><\/b><\/font><b><font size=\"2\"><a hrefx=\"..\/..\/Sentencias\/2009\/C-228-09.rtf\">C-228\/09<\/a><\/font><\/b><font size=\"2\"> del <\/font><font size=\"2\">treinta (30) de marzo de dos mil nueve (2009)<\/font><font size=\"2\">, Magistrada Ponente Dr. <\/font><font size=\"2\">Humberto Antonio Sierra Porto, <\/font><\/i><font size=\"2\"><i>\u00fanicamente por el cargo relativo al seguimiento del principio de singularidad (exigencia de homogeneidad del grupo gravado) de las contribuciones parafiscales&quot;<\/i><\/font><\/td>\n<\/tr>\n<tr>\n<td align=\"justify\">\n<p align=\"justify\"><i><font size=\"2\">Numeral 14 declarado EXEQUIBLE, por los cargos examinados, por la Corte Constitucional mediante Sentencia <b><a hrefx=\"..\/..\/Sentencias\/C-959-07.rtf\">C-959-07<\/a><\/b> seg\u00fan Comunicado de Prensa de la Sala Plena de 14 de noviembre de 2007, Magistrada Ponente Dra. Clara In\u00e9s Vargas Hern\u00e1ndez.<\/font><\/i><\/td>\n<\/tr>\n<tr>\n<td align=\"justify\"><i><font size=\"2\">Art\u00edculo declarado EXEQUIBLE, \u00fanicamente por el cargo relativo al seguimiento del principio de singularidad (exigencia de homogeneidad del grupo gravado) de las contribuciones parafiscales, por la Corte Constitucional mediante Sentencia C-228-09 de 30 de marzo de 2009, Magistrado Ponente Dr. Humberto Antonio Sierra Porto.<\/font><\/i><\/td>\n<\/tr>\n<tr>\n<td align=\"justify\"><i><font size=\"2\">Par\u00e1grafo declarado EXEQUIBLE, por los cargos examinados, por la Corte Constitucional mediante Sentencia <b><a hrefx=\"..\/..\/Sentencias\/C-959-07.rtf\">C-959-07<\/a><\/b> seg\u00fan Comunicado de Prensa de la Sala Plena de 14 de noviembre de 2007, Magistrada Ponente Dra. Clara In\u00e9s Vargas Hern\u00e1ndez.<\/font><\/i><\/td>\n<\/tr>\n<\/table>\n<p align=\"justify\" style=\"margin-top: 0; margin-bottom: 0\">&nbsp;<\/p>\n<p style=\"margin-top: 0; margin-bottom: 0\"><i><font size=\"2\" face=\"Arial\"><b>*Texto original de la Ley 1101 de 2006*<\/b><\/font><\/i><\/p>\n<p style=\"margin-top: 0; margin-bottom: 0\">&nbsp;<\/p>\n<p><TABLE cellSpacing=0 cellPadding=6 rules=none width=\"100%\"  border=1 frame=border id=\"table75\">      <TR>    <TD align=\"justify\"><\/p>\n<p style=\"margin-top: 0; margin-bottom: 0\"><b><i>Art\u00edculo 3. <\/i><\/b><font size=\"2\"><i><b>Aportantes de la contribuci\u00f3n parafiscal para la promoci\u00f3n del turismo. <\/b>Para los fines se\u00f1alados en el art\u00edculo 1\u00b0 de la presente ley, se consideran aportantes los siguientes:<\/i><\/font><\/TD><\/TR>    <TR>    <TD align=\"justify\"><i><font size=\"2\">1. Los hoteles y centros vacacionales.<\/font><\/i><\/TD><\/TR>    <TR>    <TD align=\"justify\"><i><font size=\"2\">2. Las viviendas tur\u00edsticas y otros tipos de hospedaje no permanente, cuyas ventas anuales sean superiores a los 50 smlmv, excluidos los establecimientos que prestan el servicio de alojamiento por horas. En el caso de las viviendas tur\u00edsticas ubicadas en los territorios ind\u00edgenas se aplicar\u00e1 la contribuci\u00f3n a aquellas cuyas ventas anuales sean superiores a los 100 smlmv.<\/font><\/i><\/TD><\/TR>    <TR>    <TD align=\"justify\"><i><font size=\"2\">3. Las agencias de viajes y turismo, agencias mayoristas y las agencias operadoras.<\/font><\/i><\/TD><\/TR>    <TR>    <TD align=\"justify\"><i><font size=\"2\">4. Las oficinas de representaciones tur\u00edsticas.<\/font><\/i><\/TD><\/TR>    <TR>    <TD align=\"justify\"><i><font size=\"2\">5. Las empresas dedicadas a la operaci\u00f3n de actividades tales como canotaje, balsaje, espeleolog\u00eda, escalada, parapente, canop\u00e9e, buceo, deportes n\u00e1uticos en general.<\/font><\/i><\/TD><\/TR>    <TR>    <TD align=\"justify\"><i><font size=\"2\">6. Los operadores profesionales de congresos, ferias y convenciones.<\/font><\/i><\/TD><\/TR>    <TR>    <TD align=\"justify\"><i><font size=\"2\">7. Los arrendadores de veh\u00edculos para turismo nacional e internacional.<\/font><\/i><\/TD><\/TR>    <TR>    <TD align=\"justify\"><i><font size=\"2\">8. Los usuarios operadores, desarrolladores e industriales en zonas francas tur\u00edsticas.<\/font><\/i><\/TD><\/TR>    <TR>    <TD align=\"justify\"><i><font size=\"2\">9. Las empresas comercializadoras de proyectos de tiempo compartido y multipropiedad.<\/font><\/i><\/TD><\/TR>    <TR>    <TD align=\"justify\"><i><font size=\"2\">10. Los bares y restaurantes tur\u00edsticos, cuyas ventas anuales sean superiores a los 500 salarios m\u00ednimos legales mensuales vigentes.<\/font><\/i><\/TD><\/TR>    <TR>    <TD align=\"justify\"><i><font size=\"2\">11. Los centros terap\u00e9uticos o balnearios que utilizan con fines terap\u00e9uticos aguas, minero-medicinales, tratamientos termales u otros medios f\u00edsicos naturales cuyas ventas anuales sean superiores a los 500 smlmv.<\/font><\/i><\/TD><\/TR>    <TR>    <TD align=\"justify\"><i><font size=\"2\">12. Las empresas captadoras de ahorro para viajes y de servicios tur\u00edsticos prepagados.<\/font><\/i><\/TD><\/TR>    <TR>    <TD align=\"justify\"><i><font size=\"2\">13. Los parques tem\u00e1ticos.<\/font><\/i><\/TD><\/TR>    <TR>    <TD align=\"justify\"><i><font size=\"2\">14. Los concesionarios de aeropuertos y carreteras.<\/font><\/i><\/TD><\/TR>    <TR>    <TD align=\"justify\"><\/p>\n<p align=\"justify\" style=\"margin-top: 0; margin-bottom: 0\"><i><font size=\"2\">15. Las empresas de transporte de pasajeros: a\u00e9reas cuyas ventas anuales sean superiores a los 500 smmlv y terrestres, excepto el transporte urbano y el que opera dentro de \u00e1reas metropolitanas o ciudades dormitorio.<\/font><\/i><\/p>\n<p><\/TD><\/TR>    <TR>    <TD align=\"justify\"><i><font size=\"2\">16. Las empresas de transporte terrestre automotor especializado, las empresas operadoras de chivas y otros veh\u00edculos automotores que presten servicio de transporte tur\u00edstico.<\/font><\/i><\/TD><\/TR>    <TR>    <TD align=\"justify\"><i><font size=\"2\">17. Los concesionarios de servicios tur\u00edsticos en parques nacionales que presten servicios diferentes a los se\u00f1alados en este art\u00edculo.<\/font><\/i><\/TD><\/TR>    <TR>    <TD align=\"justify\"><i><font size=\"2\">18. Los centros de convenciones.<\/font><\/i><\/TD><\/TR>    <TR>    <TD align=\"justify\"><i><font size=\"2\">19. Las empresas de seguros de viaje y de asistencia m\u00e9dica en viaje.<\/font><\/i><\/TD><\/TR>    <TR>    <TD align=\"justify\"><i><font size=\"2\">20. Las sociedades portuarias orientadas al turismo o puertos tur\u00edsticos por concepto de la operaci\u00f3n de muelles tur\u00edsticos.<\/font><\/i><\/TD><\/TR>    <TR>    <TD align=\"justify\"><i><font size=\"2\">21. Los establecimientos del comercio ubicados en las terminales de transporte de pasajeros terrestre, a\u00e9reo y mar\u00edtimo cuyas ventas anuales sean superiores a 100 smlmv.<\/font><\/i><\/TD><\/TR>    <TR>    <TD align=\"justify\"><i><font size=\"2\">Par\u00e1grafo<b> <\/b>1. Para efectos de la liquidaci\u00f3n del valor de la contribuci\u00f3n parafiscal de que trata el art\u00edculo 2\u00b0, se excluir\u00e1n de las ventas de los hoteles el valor de las ventas realizadas por las empresas de tiempo compartido.<\/font><\/i><\/TD><\/TR>    <TR>    <TD align=\"justify\"><i><font size=\"2\">Par\u00e1grafo<b> <\/b>2. Para los efectos tributarios o fiscales de la presente ley, se considera que prestan los servicios de vivienda tur\u00edstica las personas naturales o jur\u00eddicas cuya actividad sea la de arrendar o subarrendar por periodos inferiores a 30 d\u00edas con o sin servicios complementarios, bienes ra\u00edces de su propiedad o de terceros o realizar labores de intermediaci\u00f3n entre arrendadores y arrendatarios para arrendar inmuebles en las condiciones antes se\u00f1aladas. Se presume que quien aparezca arrendando en un mismo municipio o distrito m\u00e1s de cinco inmuebles de su propiedad o de terceros por periodos inferiores a 30 d\u00edas es prestador tur\u00edstico.<\/font><\/i><\/TD><\/TR>    <TR>    <TD align=\"justify\"><i><font size=\"2\">Par\u00e1grafo<b> <\/b>3. El Ministerio de Comercio, Industria y Turismo definir\u00e1 los criterios para otorgar la calidad de \u201ctur\u00edstico\u201d a los bares y restaurantes a que se refiere el numeral 10 del presente art\u00edculo.<\/font><\/i><\/TD><\/TR>    <TR>    <TD align=\"justify\"><i><font size=\"2\">Par\u00e1grafo<b> <\/b>4. Trat\u00e1ndose de los concesionarios de carreteras y de aeropuertos de que trata el numeral 14 del art\u00edculo 3o del presente art\u00edculo, la liquidaci\u00f3n de la contribuci\u00f3n se har\u00e1 con base en el transporte de pasajeros.<\/font><\/i><\/TD><\/TR>  <\/TABLE><\/p>\n<p align=\"justify\" style=\"margin-top: 0; margin-bottom: 0\">&nbsp;<\/p>\n<p align=\"justify\" style=\"margin-top: 0; margin-bottom: 0\">&nbsp;<\/p>\n<p align=\"justify\" style=\"margin-top: 0; margin-bottom: 0\"><A name=4><b><font size=\"2\">Art\u00edculo 4\u00b0.<\/font><\/b><\/A><font size=\"2\">&nbsp; Modificado por la Ley 2010 de 2019, art\u00edculo 128. Impuesto con destino al turismo como inversi\u00f3n social. Cr\u00e9ase el impuesto nacional con destino al turismo como inversi\u00f3n social mediante la promoci\u00f3n y el fortalecimiento de la competitividad que comprende la capacitaci\u00f3n y la calidad tur\u00edsticas.<\/p>\n<p>El hecho generador del impuesto con destino al turismo es la compra de tiquetes a\u00e9reos de pasajeros, en transporte a\u00e9reo de tr\u00e1fico internacional, cuyo viaje incluya el territorio colombiano y su origen sea el exterior.<\/p>\n<p>El sujeto activo del impuesto con destino al turismo ser\u00e1 la Naci\u00f3n \u2013 Ministerio de Hacienda y Cr\u00e9dito P\u00fablico. Son sujetos pasivos del impuesto con destino al turismo, todos los pasajeros cuyo tiquete de viaje incluya a Colombia, en medios de transporte a\u00e9reo de tr\u00e1fico internacional. No ser\u00e1n sujetos pasivos del impuesto los pasajeros que vengan al territorio colombiano en tr\u00e1nsito o en conexi\u00f3n internacional.<\/p>\n<p>El impuesto con destino al turismo tendr\u00e1 un valor de USD15 y deber\u00e1 ser incluido por las empresas que presten de manera regular el servicio de transporte a\u00e9reo internacional de pasajeros, en el valor de los tiquetes o pasajes a\u00e9reos.<\/p>\n<p>El valor del recaudo del impuesto para el turismo de que trata el art\u00edculo 4\u00b0 de la Ley 1101 de 2006, lo tendr\u00e1n a su cargo las empresas que presten de manera regular el servicio de transporte a\u00e9reo internacional de pasajeros y deber\u00e1 ser declarado y pagado trimestralmente por estas en la cuenta que para estos efectos establezca el Ministerio de Comercio, Industria y Turismo y ser\u00e1 apropiado en el Presupuesto General de la Naci\u00f3n en las vigencias fiscales correspondientes a su recaudo y en las subsiguientes. La generaci\u00f3n del impuesto ser\u00e1 la compra del tiquete.<\/font><\/p>\n<p><DIV><\/p>\n<p style=\"margin-top: 0; margin-bottom: 0\">&nbsp;<\/DIV> <\/p>\n<p align=\"justify\" style=\"margin-top: 0; margin-bottom: 0\"><A name=5><b><font size=\"2\">Art\u00edculo 5\u00b0.<\/font><\/b><\/A><font size=\"2\"> <i><b>Recaudo del impuesto para el turismo por parte de las aerol\u00edneas. <\/b><\/i>El valor del recaudo del impuesto para el turismo de que trata el art\u00edculo <b> <i>4\u00b0 <\/i> <\/b>de la presente ley, lo tendr\u00e1n a su cargo las empresas que presten de manera regular el servicio de trasporte a\u00e9reo internacional de pasajeros con destino a Colombia y deber\u00e1 ser consignado por estas a una cuenta especial de la Direcci\u00f3n de Cr\u00e9dito P\u00fablico y del Tesoro Nacional del Ministerio de Hacienda y Cr\u00e9dito P\u00fablico y ser\u00e1 apropiado en el Presupuesto General de la Naci\u00f3n en las vigencias fiscales correspondientes a su recaudo y en las subsiguientes.<\/font><\/p>\n<p><DIV><\/p>\n<p style=\"margin-top: 0; margin-bottom: 0\">&nbsp;<\/DIV> <\/p>\n<p align=\"justify\" style=\"margin-top: 0; margin-bottom: 0\"><A name=6><b><font size=\"2\">Art\u00edculo 6\u00b0.<\/font><\/b><\/A><font size=\"2\"> <i><b>Destinaci\u00f3n de los recursos provenientes del impuesto al turismo. <\/b><\/i>Los recursos provenientes del impuesto con destino al turismo se destinar\u00e1n a su promoci\u00f3n y competitividad de manera que se fomente la recreaci\u00f3n y el adecuado aprovechamiento del tiempo libre, de acuerdo con lo previsto en el art\u00edculo 52 de la Constituci\u00f3n Pol\u00edtica.<\/font><\/p>\n<p align=\"justify\" style=\"margin-top: 0; margin-bottom: 0\">&nbsp;<\/p>\n<p align=\"justify\" style=\"margin-top: 0; margin-bottom: 0\"><font size=\"2\">Par\u00e1grafo. El Comit\u00e9 Directivo del Fondo de Promoci\u00f3n Tur\u00edstica al que se refiere el art\u00edculo 11&nbsp; de la presente ley aprobar\u00e1 los planes y programas en que se invertir\u00e1n estos recursos de conformidad con la Pol\u00edtica de Turismo que establezca el Ministerio de Comercio, Industria y Turismo y su ejecuci\u00f3n se har\u00e1 a trav\u00e9s de Proexport para la promoci\u00f3n internacional, y con la entidad Administradora del Fondo de Promoci\u00f3n Tur\u00edstica de que trata el art\u00edculo 9\u00b0 de la presente ley, para la promoci\u00f3n interna y la competitividad.<\/font><\/p>\n<p><DIV><\/p>\n<p style=\"margin-top: 0; margin-bottom: 0\">&nbsp;<\/DIV> <\/p>\n<p align=\"justify\" style=\"margin-top: 0; margin-bottom: 0\"><A name=7><b><font size=\"2\">Art\u00edculo 7\u00b0.<\/font><\/b><\/A><font size=\"2\"> <i><b>Recursos de explotaci\u00f3n de marcas relacionadas con el turismo.<\/b><\/i> Los recursos provenientes de la explotaci\u00f3n de marcas relacionadas con el turismo, de propiedad del Ministerio de Comercio, Industria y Turismo, har\u00e1n parte de la apropiaci\u00f3n de recursos fiscales del Ministerio de Comercio, Industria y Turismo y estar\u00e1n dirigidos a la ejecuci\u00f3n de los programas de competitividad y promoci\u00f3n interna e internacional del turismo de acuerdo con los lineamientos establecidos por el Ministerio de Comercio, Industria y Turismo de conformidad con lo previsto en la Pol\u00edtica de Turismo.<\/font><\/p>\n<p><DIV>&nbsp;<\/p>\n<p style=\"margin-top: 0; margin-bottom: 0\">&nbsp;<\/DIV> <\/p>\n<p align=\"justify\" style=\"margin-top: 0; margin-bottom: 0\"><A name=8><b><font size=\"2\">Art\u00edculo 8\u00b0.<\/font><\/b><\/A><i><b><font size=\"2\"> Recursos del fondo de promoci\u00f3n tur\u00edstica<\/font><\/b><\/i><font size=\"2\"><i><b>.<\/b><\/i>Adem\u00e1s de la contribuci\u00f3n parafiscal prevista en el art\u00edculo <b> <a hrefx=hrefx=\"L1101006.HTM#1\">1o<\/A><\/b> de esta ley, el Fondo de Promoci\u00f3n Tur\u00edstica, contar\u00e1 con los siguientes recursos:<\/font><\/p>\n<p align=\"justify\" style=\"margin-top: 0; margin-bottom: 0\">&nbsp;<\/p>\n<p align=\"justify\" style=\"margin-top: 0; margin-bottom: 0\"><font size=\"2\">a) Los activos adquiridos con los recursos de la contribuci\u00f3n parafiscal;<\/font><\/p>\n<p align=\"justify\" style=\"margin-top: 0; margin-bottom: 0\">&nbsp;<\/p>\n<p align=\"justify\" style=\"margin-top: 0; margin-bottom: 0\"><font size=\"2\">b) Las donaciones;<\/font><\/p>\n<p align=\"justify\" style=\"margin-top: 0; margin-bottom: 0\">&nbsp;<\/p>\n<p align=\"justify\" style=\"margin-top: 0; margin-bottom: 0\"><font size=\"2\">c) Los recursos provenientes de patrocinios y actividades comerciales;<\/font><\/p>\n<p align=\"justify\" style=\"margin-top: 0; margin-bottom: 0\">&nbsp;<\/p>\n<p align=\"justify\" style=\"margin-top: 0; margin-bottom: 0\"><font size=\"2\">d) Los recursos derivados de la explotaci\u00f3n econ\u00f3mica de los activos que fueron de propiedad de la Corporaci\u00f3n Nacional de Turismo, en los t\u00e9rminos de la reglamentaci\u00f3n que para el efecto expida el Ministerio de Comercio Industria y Turismo;<\/font><\/p>\n<p align=\"justify\" style=\"margin-top: 0; margin-bottom: 0\">&nbsp;<\/p>\n<p align=\"justify\" style=\"margin-top: 0; margin-bottom: 0\"><i><b><font size=\"2\">*Nota Jurisprudencial*<\/font><\/b><\/i><\/p>\n<p align=\"justify\" style=\"margin-top: 0; margin-bottom: 0\">&nbsp;<\/p>\n<p><DIV><\/p>\n<table border=\"1\" width=\"100%\" id=\"table10\" cellspacing=\"0\" cellpadding=\"6\">\n<tr>\n<td>\n<p style=\"margin-top: 0; margin-bottom: 0\"><i><b><font size=\"2\">Corte Constitucional <\/font><\/b><\/i><\/td>\n<\/tr>\n<tr>\n<td>\n<p style=\"margin-top: 0; margin-bottom: 0\" align=\"justify\"><i><font size=\"2\">Literal declarado EXEQUIBLE, por el cargo analizado, por la Corte Constitucional mediante Sentencia C-1005-08 de 15 de octubre de 2008, Magistrado Ponente Dr. Humberto Antonio Sierra Porto<\/font><\/i><\/td>\n<\/tr>\n<\/table>\n<p><\/DIV> <\/p>\n<p align=\"justify\" style=\"margin-top: 0; margin-bottom: 0\">&nbsp;<\/p>\n<p align=\"justify\" style=\"margin-top: 0; margin-bottom: 0\"><font size=\"2\">e) Los recursos que provengan de la cooperaci\u00f3n internacional en materia de turismo y cualquier otro recurso que se canalice a trav\u00e9s de tesorer\u00eda;<\/font><\/p>\n<p align=\"justify\" style=\"margin-top: 0; margin-bottom: 0\">&nbsp;<\/p>\n<p align=\"justify\" style=\"margin-top: 0; margin-bottom: 0\"><font size=\"2\">f) Los rendimientos financieros que se deriven del manejo de las anteriores partidas;<\/font><\/p>\n<p align=\"justify\" style=\"margin-top: 0; margin-bottom: 0\">&nbsp;<\/p>\n<p align=\"justify\" style=\"margin-top: 0; margin-bottom: 0\"><font size=\"2\">g) Los dem\u00e1s activos recibidos para el desarrollo de sus funciones.<\/font><\/p>\n<p align=\"justify\" style=\"margin-top: 0; margin-bottom: 0\">&nbsp;<\/p>\n<p align=\"justify\" style=\"margin-top: 0; margin-bottom: 0\">&nbsp;<\/p>\n<p align=\"justify\" style=\"margin-top: 0; margin-bottom: 0\"><A name=9><b><font size=\"2\">Art\u00edculo<\/font><\/b><font size=\"2\"><b> 9\u00b0.<\/b><\/font><\/A><font size=\"2\"><i>El art\u00edculo 45&nbsp; de la <\/i> <\/font><b><font face=\"Arial\" size=\"2\"> <i><a hrefx=\"..\/..\/..\/ESTATUTOS\/EST%20GENERAL%20DEL%20TURISMO\/ESTATUTO%20GENERAL%20DEL%20TURISMO.htm\">Ley 300 de 1996<\/a><\/i><\/font><\/b><font size=\"2\"><i>, quedar\u00e1 as\u00ed: <\/i><\/font><\/p>\n<p align=\"justify\" style=\"margin-top: 0; margin-bottom: 0\">&nbsp;<\/p>\n<p align=\"justify\" style=\"margin-top: 0; margin-bottom: 0\"><font size=\"2\"><i><b>Art\u00edculo 45. Administraci\u00f3n del fondo de promoci\u00f3n tur\u00edstica. <\/b>El Ministerio de Comercio, Industria y Turismo podr\u00e1 celebrar contratos con el sector privado del turismo que re\u00fana condiciones de representatividad nacional de los sectores aportantes para la administraci\u00f3n del Fondo de Promoci\u00f3n Tur\u00edstica. El Ministerio de Comercio, Industria y Turismo reglamentar\u00e1 la materia.<\/i><\/font><\/p>\n<p align=\"justify\" style=\"margin-top: 0; margin-bottom: 0\">&nbsp;<\/p>\n<p style=\"margin-top: 0; margin-bottom: 0\"><i><b><font face=\"Arial\" size=\"2\">*Nota Reglamentaria* <\/font><\/b><\/i><\/p>\n<p style=\"margin-top: 0; margin-bottom: 0\">&nbsp;<\/p>\n<p><font FACE=\"Arial\" SIZE=\"5\"><i><\/p>\n<div align=\"center\">\n<table border=\"1\" cellpadding=\"6\" cellspacing=\"0\" width=\"100%\">\n<tr>\n<td align=\"justify\"><font FACE=\"Arial\" SIZE=\"5\"><font size=\"2\" face=\"Arial\"><i>Articulo reglamentado por el <\/i><\/font><i><font size=\"2\" face=\"Arial\"><b><a hrefx=\"..\/..\/decretos\/2012\/2251.htm\">Decreto 2251 de 2012<\/a><\/b>, publicado en el Diario Oficial No. 48601 Jueves, 1\u00ba de noviembre de 2012. <\/font><\/i><\/font><\/td>\n<\/tr>\n<\/table>\n<\/div>\n<p><\/i><\/font><\/p>\n<p align=\"justify\" style=\"margin-top: 0; margin-bottom: 0\">&nbsp;<\/p>\n<p align=\"justify\" style=\"margin-top: 0; margin-bottom: 0\">&nbsp;<\/p>\n<p align=\"justify\" style=\"margin-top: 0; margin-bottom: 0\"><A name=10><font size=\"2\"><b>Art\u00edculo 10.<\/b><\/font><\/A><font size=\"2\"><b> <\/b> El art\u00edculo 43 de la <\/font><b><font face=\"Arial\" size=\"2\"> <i><a hrefx=\"..\/..\/..\/ESTATUTOS\/EST%20GENERAL%20DEL%20TURISMO\/ESTATUTO%20GENERAL%20DEL%20TURISMO.htm\">Ley 300 de 1996<\/a><\/i><\/font><\/b><font size=\"2\">, quedar\u00e1 as\u00ed: <\/font><\/p>\n<blockquote>\n<p align=\"justify\" style=\"margin-top: 0; margin-bottom: 0\"><font size=\"2\"><b><i>Art\u00edculo 43. Destinaci\u00f3n de los recursos del fondo de promoci\u00f3n tur\u00edstica.<\/i><\/b><i> Los recursos del Fondo de Promoci\u00f3n Tur\u00edstica se destinar\u00e1n a la ejecuci\u00f3n de proyectos de competitividad, promoci\u00f3n y mercadeo con el fin de incrementar el turismo interno y receptivo, de acuerdo con la Pol\u00edtica de Turismo que presente el Ministerio de Comercio, Industria y Turismo al Comit\u00e9 Directivo del Fondo de Promoci\u00f3n Tur\u00edstica, la cual tendr\u00e1 en cuenta los proyectos previamente incluidos en el Banco de Proyectos creado en la presente ley.<\/i><\/font><\/p>\n<p align=\"justify\" style=\"margin-top: 0; margin-bottom: 0\">&nbsp;<\/p>\n<p align=\"justify\" style=\"margin-top: 0; margin-bottom: 0\"><i><font size=\"2\">El Fondo tambi\u00e9n tendr\u00e1 por objeto financiar la ejecuci\u00f3n de pol\u00edticas de prevenci\u00f3n y campa\u00f1as para la erradicaci\u00f3n del turismo asociado a pr\u00e1cticas sexuales con menores de edad, las cuales ser\u00e1n trazadas por el Ministerio de Comercio, Industria y Turismo en coordinaci\u00f3n con el Instituto Colombiano de Bienestar Familiar. Un porcentaje de los recursos del Fondo de Promoci\u00f3n Tur\u00edstica que ser\u00e1 definido anualmente por el Consejo Directivo y el monto total de las multas que se imponga a los prestadores de servicios tur\u00edsticos en ejecuci\u00f3n de la Ley 679 de 2001, se destinar\u00e1n a este prop\u00f3sito. El gobierno reglamentar\u00e1 la materia en lo que sea necesario.<\/font><\/i><\/p>\n<\/blockquote>\n<p><DIV><\/p>\n<p style=\"margin-top: 0; margin-bottom: 0\">&nbsp;<\/p>\n<p style=\"margin-top: 0; margin-bottom: 0\"><font face=\"Arial\" size=\"2\"><b><a name=\"11\">Art\u00edculo 11.<\/a> <\/b>El art\u00edculo <i><b><a hrefx=\"..\/..\/..\/ESTATUTOS\/EST%20GENERAL%20DEL%20TURISMO\/ESTATUTO%20GENERAL%20DEL%20TURISMO.htm#11\">46<\/a><\/b><\/i> de <i><b><a hrefx=\"..\/..\/..\/ESTATUTOS\/EST%20GENERAL%20DEL%20TURISMO\/ESTATUTO%20GENERAL%20DEL%20TURISMO.htm\">Ley 300 de 1996<\/a><\/b><\/i>, quedar\u00e1 as\u00ed: Del Comit\u00e9 Directivo del Fondo Nacional de Turismo.<\/font><\/p>\n<blockquote>\n<p style=\"margin-top: 0; margin-bottom: 0\" align=\"justify\"><font face=\"Arial\" size=\"2\"><i>El Fondo Nacional de Turismo tendr\u00e1 un Comit\u00e9 Directivo compuesto de la siguiente manera:<\/i><\/font><\/p>\n<p style=\"margin-top: 0; margin-bottom: 0\" align=\"justify\"><i><font face=\"Arial\" size=\"2\"><br \/>a) El Ministro de Comercio, Industria y Turismo quien s\u00f3lo podr\u00e1 delegar en el viceministro del ramo. El representante del Ministerio de Comercio, Industria y Turismo presidir\u00e1 el Comit\u00e9.<\/font><\/i><\/p>\n<p style=\"margin-top: 0; margin-bottom: 0\" align=\"justify\"><i><font face=\"Arial\" size=\"2\"><br \/>b) El Presidente de Proexport o su delegado.<\/font><\/i><\/p>\n<p style=\"margin-top: 0; margin-bottom: 0\" align=\"justify\"><i><font face=\"Arial\" size=\"2\"><br \/>c) Cinco (5) representantes de organizaciones gremiales de aportantes.<\/font><\/i><\/p>\n<p style=\"margin-top: 0; margin-bottom: 0\" align=\"justify\"><i><font face=\"Arial\" size=\"2\"><br \/>d) Un gobernador designado por la Conferencia nacional de Gobernadores, elegido por solo un per\u00edodo de un a\u00f1o.<\/font><\/i><\/p>\n<p style=\"margin-top: 0; margin-bottom: 0\" align=\"justify\">&nbsp;<\/p>\n<p style=\"margin-top: 0; margin-bottom: 0\" align=\"justify\"><i><font face=\"Arial\" size=\"2\">e) Dos alcaldes elegidos por solo un per\u00edodo de un a\u00f1o, que se elegir\u00e1n de acuerdo a reglamentaci\u00f3n que expida el Gobierno Nacional.<\/font><\/i><\/p>\n<p style=\"margin-top: 0; margin-bottom: 0\" align=\"justify\"><i><font face=\"Arial\" size=\"2\"><br \/>f) Un representante del sector de ecoturismo.<\/font><\/i><\/p>\n<p style=\"margin-top: 0; margin-bottom: 0\" align=\"justify\"><i><font face=\"Arial\" size=\"2\"><br \/>A las reuniones del Comit\u00e9 Directivo del Fondo ser\u00e1 invitado el Director (a) del Instituto Colombiano de Bienestar Familiar, cuando quiera que se discuta la destinaci\u00f3n de recursos para la ejecuci\u00f3n de pol\u00edticas de prevenci\u00f3n y campa\u00f1as para la erradicaci\u00f3n de turismo asociado a pr\u00e1cticas sexuales con menores de edad. El director de la aeron\u00e1utica <br \/>civil o su delegado, podr\u00e1n ser invitados cuando quiera que se discutan temas de infraestructura aeroportuaria. Los invitados tendr\u00e1n derecho a voz pero no al voto en las reuniones del comit\u00e9.<\/font><\/i><\/p>\n<p style=\"margin-top: 0; margin-bottom: 0\" align=\"justify\"><i><font face=\"Arial\" size=\"2\"><br \/>Par\u00e1grafo 1\u00b0. La adopci\u00f3n de las decisiones del Comit\u00e9 Directivo requerir\u00e1 el voto favorable del Ministerio de Comercio, Industria y Turismo.<\/font><\/i><\/p>\n<p style=\"margin-top: 0; margin-bottom: 0\" align=\"justify\"><i><font face=\"Arial\" size=\"2\"><br \/>Par\u00e1grafo 2\u00b0. El Ministerio de Comercio, Industria y Turismo reglamentar\u00e1 el procedimiento de selecci\u00f3n de los representantes gremiales al Comit\u00e9 Directivo del Fondo Nacional de Turismo, garantizando la participaci\u00f3n de los peque\u00f1os prestadores de servicios tur\u00edsticos.<\/font><\/i><\/p>\n<p style=\"margin-top: 0; margin-bottom: 0\" align=\"justify\"><i><font face=\"Arial\" size=\"2\"><br \/>Par\u00e1grafo 3\u00b0. Los directivos y representantes de las asociaciones o agremiaciones que hagan parte del Comit\u00e9 Directivo del Fondo de Promoci\u00f3n Tur\u00edstica, deber\u00e1n ser elegidos observando las condiciones y t\u00e9rminos establecidos en el art\u00edculo 43 de la <\/font><\/i><font face=\"Arial\" size=\"2\"><i><b><a hrefx=\"..\/1995\/L0188_95.htm\">Ley 188 de 1995<\/a><\/b><\/i><\/font><i><font face=\"Arial\" size=\"2\">.<\/font><\/i><\/p>\n<p style=\"margin-top: 0; margin-bottom: 0\" align=\"justify\"><font face=\"Arial\" size=\"2\"><i><br \/>Par\u00e1grafo transitorio. El Comit\u00e9 Directivo del Fondo Nacional de Turismo a que se refiere el art\u00edculo <b><a hrefx=\"..\/..\/..\/ESTATUTOS\/EST%20GENERAL%20DEL%20TURISMO\/ESTATUTO%20GENERAL%20DEL%20TURISMO.htm#46\">46<\/a><\/b> de la<b><a hrefx=\"..\/..\/..\/ESTATUTOS\/EST%20GENERAL%20DEL%20TURISMO\/ESTATUTO%20GENERAL%20DEL%20TURISMO.htm\">Ley 300 de 1996<\/a><\/b>, continuar\u00e1 ejerciendo sus funciones hasta que se integre el nuevo Comit\u00e9 que trata este art\u00edculo, que no podr\u00e1 exceder el t\u00e9rmino de un (1) a\u00f1o\u201d.<\/i><\/font><\/p>\n<\/blockquote>\n<p style=\"margin-top: 0; margin-bottom: 0\"><i><font size=\"2\" face=\"Arial\"><b>*Nota de Vigencia*<\/b><\/font><\/i><\/p>\n<p style=\"margin-top: 0; margin-bottom: 0\">&nbsp;<\/p>\n<p><TABLE cellSpacing=0 cellPadding=6 rules=none width=\"100%\"  border=1 frame=border id=\"table76\">      <TR>    <TD align=\"justify\"><\/p>\n<p style=\"margin-top: 0; margin-bottom: 0\"><i><font size=\"2\" face=\"Arial\">Art\u00edculo modificado por el art\u00edculo 20 de la <b><a hrefx=\"..\/2012\/1558.htm\">Ley 1558 de 2012<\/a><\/b>, publicado en el Diario Oficial No. 48487 del martes, 10 de julio de 2012. <\/font><\/i><\/TD><\/TR>  <\/TABLE><\/p>\n<p style=\"margin-top: 0; margin-bottom: 0\">&nbsp;<\/p>\n<p class=\"MsoNormal\" style=\"text-autospace: none; margin-top:0; margin-bottom:0\" align=\"justify\"><font >*Nota jurisprudencial*<\/font><\/p>\n<p class=\"MsoNormal\" style=\"text-autospace: none; margin-top:0; margin-bottom:0\" align=\"justify\">&nbsp;<\/p>\n<table border=\"1\" width=\"100%\" id=\"table6\" cellspacing=\"0\" cellpadding=\"6\">\n<tr>\n<td>\n<p style=\"margin-top: 0; margin-bottom: 0\" align=\"justify\"><i><font face=\"Arial\" size=\"2\" ><b>Corte Constitucional <\/b><\/font><\/i><\/td>\n<\/tr>\n<tr>\n<td>\n<p style=\"margin-top: 0; margin-bottom: 0\" align=\"justify\"><i><font face=\"Arial\" size=\"2\" >Literal declarado EXEQUIBLE, por el cargo analizado, por la Corte Constitucional mediante Sentencia C-1007-08 de 15 de octubre de 2008, Magistrado Ponente Dr. Nilson Pinilla Pinilla.<\/font><\/i><\/td>\n<\/tr>\n<tr>\n<td>\n<p align=\"justify\"><i><font face=\"Arial\" size=\"2\" >Par\u00e1grafo 2\u00b0 declarado EXEQUIBLE, por el cargo analizado, por la Corte Constitucional mediante Sentencia C-1005-08 de 15 de octubre de 2008, Magistrado Ponente Dr. Humberto Antonio Sierra Porto. <\/font><\/i><\/td>\n<\/tr>\n<\/table>\n<p style=\"margin-top: 0; margin-bottom: 0\">&nbsp;<\/p>\n<p style=\"margin-top: 0; margin-bottom: 0\"><i><font size=\"2\" face=\"Arial\"><b>*Texto original del Estatuto General del Turismo*<\/b><\/font><\/i><\/p>\n<p style=\"margin-top: 0; margin-bottom: 0\">&nbsp;<\/p>\n<p><TABLE cellSpacing=0 cellPadding=6 rules=none width=\"100%\"  border=1 frame=border id=\"table77\">      <TR>    <TD align=\"justify\"><\/p>\n<p style=\"margin-top: 0; margin-bottom: 0\"><b><i>Art\u00edculo 11. <\/i><\/b><font face=\"Arial\" size=\"2\"><i>El art\u00edculo <b><a hrefx=\"..\/..\/..\/ESTATUTOS\/EST%20GENERAL%20DEL%20TURISMO\/ESTATUTO%20GENERAL%20DEL%20TURISMO.htm#11\">46<\/a><\/b> de <b><a hrefx=\"..\/..\/..\/ESTATUTOS\/EST%20GENERAL%20DEL%20TURISMO\/ESTATUTO%20GENERAL%20DEL%20TURISMO.htm\">Ley 300 de 1996<\/a><\/b>, quedar\u00e1 as\u00ed:<\/i><\/font><\/TD><\/TR>    <TR>    <TD align=\"justify\"><i><font face=\"Arial\" size=\"2\"><b>Del Comit\u00e9 Directivo del Fondo Nacional de Turismo.<\/b> <\/font><font size=\"2\">El Fondo de Promoci\u00f3n Tur\u00edstica tendr\u00e1 un Comit\u00e9 Directivo compuesto por diez miembros, de la siguiente manera:<\/font><\/i><\/TD><\/TR>    <TR>    <TD align=\"justify\"><i><font size=\"2\">a) El Ministro de Comercio, Industria y Turismo quien s\u00f3lo podr\u00e1 delegar en el viceministro del ramo. El representante del Ministerio de Comercio, Industria y Turismo presidir\u00e1 el Comit\u00e9;<\/font><\/i><\/TD><\/TR>    <TR>    <TD align=\"justify\"><i><font size=\"2\">b) El Presidente de Proexport o su delegado;<\/font><\/i><\/TD><\/TR>    <TR>    <TD align=\"justify\"><i><font size=\"2\">c) Cinco (5) representantes de organizaciones gremiales de aportantes;<\/font><\/i><\/TD><\/TR>    <TR>    <TD align=\"justify\"><i><font size=\"2\">d) Un gobernador designado por la Conferencia de Gobernadores;<\/font><\/i><\/TD><\/TR>    <TR>    <TD align=\"justify\"><i><font size=\"2\">e) Un alcalde designado por la Federaci\u00f3n Colombiana de Municipios;<\/font><\/i><\/TD><\/TR>    <TR>    <TD align=\"justify\"><i><font size=\"2\">f) Un representante del sector de ecoturismo.<\/font><\/i><\/TD><\/TR>    <TR>    <TD align=\"justify\"><i><font size=\"2\">A las reuniones del Comit\u00e9 Directivo del Fondo ser\u00e1 invitado el Director (a) del Instituto Colombiano de Bienestar Familiar, cuando quiera que se discuta la destinaci\u00f3n de recursos para la ejecuci\u00f3n de pol\u00edticas de prevenci\u00f3n y campa\u00f1as para la erradicaci\u00f3n de turismo asociado a pr\u00e1cticas sexuales con menores de edad.<\/font><\/i><\/TD><\/TR>    <TR>    <TD align=\"justify\"><\/p>\n<p align=\"justify\" style=\"margin-top: 0; margin-bottom: 0\"><i><font size=\"2\">Par\u00e1grafo<b> <\/b>1. La adopci\u00f3n de las decisiones del Comit\u00e9 Directivo requerir\u00e1 el voto favorable del Ministerio de Comercio, Industria y Turismo.<\/font><\/i><\/p>\n<p><\/TD><\/TR>    <TR>    <TD align=\"justify\"><i><font size=\"2\">Par\u00e1grafo<b> <\/b>2. El Ministerio de Comercio, Industria y Turismo reglamentar\u00e1 el procedimiento de selecci\u00f3n de los representantes gremiales al Comit\u00e9 Directivo del Fondo de Promoci\u00f3n Tur\u00edstica, garantizando la participaci\u00f3n de los peque\u00f1os prestadores de servicios tur\u00edsticos<\/font><\/i><\/TD><\/TR>    <TR>    <TD align=\"justify\"><i><font size=\"2\">Par\u00e1grafo<b> <\/b>3. Los directivos y representantes de las asociaciones o agremiaciones que hagan parte del Comit\u00e9 Directivo del Fondo de Promoci\u00f3n Tur\u00edstica, deber\u00e1n ser elegidos observando las condiciones y t\u00e9rminos establecidos en el art\u00edculo 43 de la Ley 188 de 1995.<\/font><\/i><\/TD><\/TR>    <TR>    <TD align=\"justify\"><i><font size=\"2\">Par\u00e1grafo<b> <\/b>transitorio. El Comit\u00e9 Directivo del Fondo de Promoci\u00f3n Tur\u00edstica a que se refiere el art\u00edculo 46 de la <\/font> <\/i><font face=\"Arial\" size=\"2\"> <i><b><a hrefx=\"..\/..\/..\/ESTATUTOS\/EST%20GENERAL%20DEL%20TURISMO\/ESTATUTO%20GENERAL%20DEL%20TURISMO.htm\">Ley 300 de 1996<\/a><\/b><\/i><\/font><i><font size=\"2\">, continuar\u00e1 ejerciendo sus funciones hasta que se integre el nuevo Comit\u00e9 de que trata este art\u00edculo.<\/font><\/i><\/TD><\/TR>  <\/TABLE><\/p>\n<p style=\"margin-top: 0; margin-bottom: 0\">&nbsp;<\/DIV> <\/p>\n<p align=\"justify\" style=\"margin-top: 0; margin-bottom: 0\">&nbsp;<\/p>\n<p><DIV>&nbsp;<\/DIV> <\/p>\n<p align=\"justify\" style=\"margin-top: 0; margin-bottom: 0\"><A name=12><b><font size=\"2\">Art\u00edculo<\/font><\/b><font size=\"2\"><b> 12.<\/b><\/font><\/A><font size=\"2\"> <\/font><font face=\"Arial\" size=\"2\">El art\u00edculo 62 de la <\/font><font size=\"2\">&nbsp;<\/font><font face=\"Arial\" size=\"2\"><i><b><a hrefx=\"..\/..\/..\/ESTATUTOS\/EST%20GENERAL%20DEL%20TURISMO\/ESTATUTO%20GENERAL%20DEL%20TURISMO.htm\">Ley 300 de 1996<\/a><\/b><\/i><\/font><font size=\"2\">, quedar\u00e1 as\u00ed:<\/font><\/p>\n<blockquote>\n<p align=\"justify\" style=\"margin-top: 0; margin-bottom: 0\"><font size=\"2\"><b><i>Art\u00edculo 62. Prestadores de servicios tur\u00edsticos que se deben registrar. <\/i><\/b><i>Son prestadores de servicios tur\u00edsticos los siguientes:<\/i><\/font><\/p>\n<p align=\"justify\" style=\"margin-top: 0; margin-bottom: 0\">&nbsp;<\/p>\n<p align=\"justify\" style=\"margin-top: 0; margin-bottom: 0\"><i><font size=\"2\">1. Los hoteles, centros vacacionales, campamentos, viviendas tur\u00edsticas y otros tipos de hospedaje no permanente, excluidos los establecimientos que prestan el servicio de alojamiento por horas.<\/font><\/i><\/p>\n<p align=\"justify\" style=\"margin-top: 0; margin-bottom: 0\">&nbsp;<\/p>\n<p align=\"justify\" style=\"margin-top: 0; margin-bottom: 0\"><i><font size=\"2\">2. Las agencias de viajes y turismo, agencias mayoristas y las agencias operadoras.<\/font><\/i><\/p>\n<p align=\"justify\" style=\"margin-top: 0; margin-bottom: 0\">&nbsp;<\/p>\n<p align=\"justify\" style=\"margin-top: 0; margin-bottom: 0\"><i><font size=\"2\">3. Las oficinas de representaciones tur\u00edsticas.<\/font><\/i><\/p>\n<p align=\"justify\" style=\"margin-top: 0; margin-bottom: 0\">&nbsp;<\/p>\n<p align=\"justify\" style=\"margin-top: 0; margin-bottom: 0\"><i><font size=\"2\">4. Los gu\u00edas de turismo.<\/font><\/i><\/p>\n<p align=\"justify\" style=\"margin-top: 0; margin-bottom: 0\">&nbsp;<\/p>\n<p align=\"justify\" style=\"margin-top: 0; margin-bottom: 0\"><i><font size=\"2\">5. Los operadores profesionales de congresos, ferias y convenciones.<\/font><\/i><\/p>\n<p align=\"justify\" style=\"margin-top: 0; margin-bottom: 0\">&nbsp;<\/p>\n<p align=\"justify\" style=\"margin-top: 0; margin-bottom: 0\"><i><font size=\"2\">6. Los arrendadores de veh\u00edculos para turismo nacional e internacional.<\/font><\/i><\/p>\n<p align=\"justify\" style=\"margin-top: 0; margin-bottom: 0\">&nbsp;<\/p>\n<p align=\"justify\" style=\"margin-top: 0; margin-bottom: 0\"><i><font size=\"2\">7. Los usuarios operadores, desarrolladores e industriales en zonas francas tur\u00edsticas.<\/font><\/i><\/p>\n<p align=\"justify\" style=\"margin-top: 0; margin-bottom: 0\">&nbsp;<\/p>\n<p align=\"justify\" style=\"margin-top: 0; margin-bottom: 0\"><i><font size=\"2\">8. Las empresas promotoras y comercializadoras de proyectos de tiempo compartido y multipropiedad.<\/font><\/i><\/p>\n<p align=\"justify\" style=\"margin-top: 0; margin-bottom: 0\">&nbsp;<\/p>\n<p align=\"justify\" style=\"margin-top: 0; margin-bottom: 0\"><i><font size=\"2\">9. Los establecimientos de gastronom\u00eda y bares, cuyos ingresos operacionales netos sean superiores a los 500 salarios m\u00ednimos legales mensuales vigentes.<\/font><\/i><\/p>\n<p align=\"justify\" style=\"margin-top: 0; margin-bottom: 0\">&nbsp;<\/p>\n<p align=\"justify\" style=\"margin-top: 0; margin-bottom: 0\"><i><font size=\"2\">10. Las empresas captadoras de ahorro para viajes y de servicios tur\u00edsticos prepagados.<\/font><\/i><\/p>\n<p align=\"justify\" style=\"margin-top: 0; margin-bottom: 0\">&nbsp;<\/p>\n<p align=\"justify\" style=\"margin-top: 0; margin-bottom: 0\"><i><font size=\"2\">11. Los concesionarios de servicios tur\u00edsticos en parque.<\/font><\/i><\/p>\n<p align=\"justify\" style=\"margin-top: 0; margin-bottom: 0\">&nbsp;<\/p>\n<p align=\"justify\" style=\"margin-top: 0; margin-bottom: 0\"><i><font size=\"2\">12. Los dem\u00e1s que el Ministerio de Comercio, Industria y Turismo determine.<\/font><\/i><\/p>\n<p align=\"justify\" style=\"margin-top: 0; margin-bottom: 0\">&nbsp;<\/p>\n<p align=\"justify\" style=\"margin-top: 0; margin-bottom: 0\"><i><font size=\"2\">13. Las empresas de transporte terrestre automotor especializado, las empresas operadoras de chivas y de otros veh\u00edculos automotores que presten servicio de transporte tur\u00edstico.<\/font><\/i><\/p>\n<p align=\"justify\" style=\"margin-top: 0; margin-bottom: 0\">&nbsp;<\/p>\n<p align=\"justify\" style=\"margin-top: 0; margin-bottom: 0\">&nbsp;<\/p>\n<\/blockquote>\n<p align=\"justify\" style=\"margin-top: 0; margin-bottom: 0\"><A name=13><b><font size=\"2\">Art\u00edculo<\/font><\/b><font size=\"2\"><b> 13.<\/b><\/font><\/A><font size=\"2\"> El art\u00edculo 61 de la <\/font> <font face=\"Arial\" size=\"2\"> <i><b><a hrefx=\"..\/..\/..\/ESTATUTOS\/EST%20GENERAL%20DEL%20TURISMO\/ESTATUTO%20GENERAL%20DEL%20TURISMO.htm\">Ley 300 de 1996<\/a><\/b><\/i><\/font><font size=\"2\">, quedar\u00e1 as\u00ed: <\/font><\/p>\n<blockquote>\n<p align=\"justify\" style=\"margin-top: 0; margin-bottom: 0\"><font size=\"2\"><b><i>Art\u00edculo 61. <\/i><\/b><i><b>Registro nacional de turismo y recaudo de la contribuci\u00f3n parafiscal para la promoci\u00f3n del turismo.<\/b> El Ministerio de Comercio, Industria y Turismo, podr\u00e1 delegar en las C\u00e1maras de Comercio el Registro Nacional de Turismo, en el cual deber\u00e1n inscribirse todos los prestadores de servicios tur\u00edsticos contemplados en el art\u00edculo 12 de esta ley, que efect\u00faen sus operaciones en Colombia y el recaudo de la contribuci\u00f3n parafiscal de que trata el art\u00edculo<b> <\/b>1<b> <\/b>de la presente ley. El Ministerio de Comercio, Industria y Turismo determinar\u00e1 la remuneraci\u00f3n que las C\u00e1maras de Comercio percibir\u00e1n por concepto de dicho recaudo.<\/i><\/font><\/p>\n<p align=\"justify\" style=\"margin-top: 0; margin-bottom: 0\">&nbsp;<\/p>\n<p align=\"justify\" style=\"margin-top: 0; margin-bottom: 0\"><i><font size=\"2\">Par\u00e1grafo<b> <\/b>1. Las C\u00e1maras de Comercio, para los fines se\u00f1alados en el inciso anterior, deber\u00e1n garantizar un esquema uniforme de recaudo y un Registro \u00danico Nacional, verificar los requisitos previos a la inscripci\u00f3n o renovaci\u00f3n del registro y disponer de un sistema de informaci\u00f3n en l\u00ednea para el Ministerio de Comercio, Industria y Turismo. Para el cumplimiento de las obligaciones de esta delegaci\u00f3n las C\u00e1maras de Comercio aplicar\u00e1n el mismo r\u00e9gimen contractual que rige para la funci\u00f3n del Registro Mercantil.<\/font><\/i><\/p>\n<p align=\"justify\" style=\"margin-top: 0; margin-bottom: 0\">&nbsp;<\/p>\n<p align=\"justify\" style=\"margin-top: 0; margin-bottom: 0\"><i><font size=\"2\">Par\u00e1grafo<b> <\/b>2. La obtenci\u00f3n del Registro ser\u00e1 requisito previo y obligatorio para el funcionamiento de los establecimientos tur\u00edsticos.<\/font><\/i><\/p>\n<\/blockquote>\n<p class=\"MsoNormal\" style=\"text-align: justify; text-autospace: none; margin-top:0; margin-bottom:0\"><font >*Nota jurisprudencial*<\/font><\/p>\n<p class=\"MsoNormal\" style=\"text-align: justify; text-autospace: none; margin-top:0; margin-bottom:0\">&nbsp;<\/p>\n<table border=\"1\" width=\"100%\" id=\"table8\" cellspacing=\"0\" cellpadding=\"6\">\n<tr>\n<td>\n<p style=\"margin-top: 0; margin-bottom: 0\"><i><font face=\"Arial\" size=\"2\" ><b>Corte Constitucional <\/b><\/font><\/i><\/td>\n<\/tr>\n<tr>\n<td>\n<p style=\"margin-top: 0; margin-bottom: 0\" align=\"justify\"><i><font face=\"Arial\" size=\"2\" >Par\u00e1grafo declarado EXEQUIBLE, por los cargos examinados, por la Corte Constitucional mediante Sentencia C623-11 seg\u00fan Comunicado de Prensa de la Sala Plena <\/font><font face=\"Arial\" size=\"2\">No. 17 Abril 6 de 2011<\/font><font face=\"Arial\" size=\"2\" >, Magistrado Ponente Dr. Jorge Ignacio Pretelt Chaljub. <\/font><\/i><\/td>\n<\/tr>\n<\/table>\n<blockquote>\n<p align=\"justify\" style=\"margin-top: 0; margin-bottom: 0\"><i><font size=\"2\">Par\u00e1grafo<b> <\/b>3\u00b0. El Ministerio de Comercio, Industria y Turismo, establecer\u00e1 las condiciones y requisitos necesarios para la inscripci\u00f3n y actualizaci\u00f3n del Registro Nacional de Turismo y las dem\u00e1s condiciones para el ejercicio de la funci\u00f3n por parte de las c\u00e1maras de comercio.<\/font><\/i><\/p>\n<p align=\"justify\" style=\"margin-top: 0; margin-bottom: 0\">&nbsp;<\/p>\n<p align=\"justify\" style=\"margin-top: 0; margin-bottom: 0\"><i><font size=\"2\">Par\u00e1grafo<b> <\/b>4\u00b0. El Ministerio de Comercio, Industria y Turismo establecer\u00e1 las tarifas del Registro Nacional de Turismo en los t\u00e9rminos del art\u00edculo 338 de la Constituci\u00f3n Pol\u00edtica. Para estos fines los costos recuperables son los necesarios para gestionar el recaudo, actualizaci\u00f3n y conservaci\u00f3n de la informaci\u00f3n que soporta el Registro.<\/font><\/i><\/p>\n<p align=\"justify\" style=\"margin-top: 0; margin-bottom: 0\">&nbsp;<\/p>\n<p align=\"justify\" style=\"margin-top: 0; margin-bottom: 0\"><i><font size=\"2\">Par\u00e1grafo<b> <\/b>Transitorio. La actual entidad administradora del Fondo de Promoci\u00f3n Tur\u00edstica continuar\u00e1 recaudando la contribuci\u00f3n parafiscal para la promoci\u00f3n del turismo hasta cuando el Ministerio de Comercio, Industria y Turismo, expida la reglamentaci\u00f3n correspondiente.<\/font><\/i><\/p>\n<\/blockquote>\n<p><DIV>&nbsp;<\/DIV> <\/p>\n<p align=\"justify\" style=\"margin-top: 0; margin-bottom: 0\"><A name=14><b><font size=\"2\">Art\u00edculo<\/font><\/b><font size=\"2\"><b> 14.<\/b><\/font><\/A><font size=\"2\"> El inciso 1\u00b0 del art\u00edculo 39 de la <\/font> <font face=\"Arial\" size=\"2\"> <i><b><a hrefx=\"..\/..\/..\/ESTATUTOS\/EST%20GENERAL%20DEL%20TURISMO\/ESTATUTO%20GENERAL%20DEL%20TURISMO.htm\">Ley 300 de 1996<\/a><\/b><\/i><\/font><font size=\"2\">, quedar\u00e1 as\u00ed: <\/font><\/p>\n<blockquote>\n<p align=\"justify\" style=\"margin-top: 0; margin-bottom: 0\"><font size=\"2\"><i><b>Art\u00edculo 39. fomento a la actividad tur\u00edstica<\/b><\/i><\/font><i><font size=\"2\"><b>.<\/b> La Direcci\u00f3n de Impuestos y Aduanas Nacionales, DIAN, devolver\u00e1 a los turistas extranjeros en el pa\u00eds el ciento por ciento (100%) del impuesto sobre las ventas que cancelen por las compras de bienes gravados en el territorio nacional. El Gobierno reglamentar\u00e1 la materia.<\/font><\/i><\/p>\n<p align=\"justify\" style=\"margin-top: 0; margin-bottom: 0\">&nbsp;<\/p>\n<p align=\"justify\" style=\"margin-top: 0; margin-bottom: 0\"><i><font size=\"2\">El Gobierno implementar\u00e1 reglamentariamente mecanismos operativos que aseguren la devoluci\u00f3n efectiva e inmediata del IVA de que trata este art\u00edculo.<\/font><\/i><\/p>\n<\/blockquote>\n<p><DIV>&nbsp;<\/DIV> <\/p>\n<p align=\"justify\" style=\"margin-top: 0; margin-bottom: 0\"><A name=15><b><font size=\"2\">Art\u00edculo 15.<\/font><\/b><\/A><font size=\"2\"> <i><b>Tasa compensada.<\/b><\/i> Findeter podr\u00e1 realizar operaciones para la financiaci\u00f3n de proyectos, inversiones, o actividades relacionadas con el sector turismo, aplicando tasas compensadas siempre y cuando los recursos equivalentes al monto del subsidio provengan de la Naci\u00f3n, entidades p\u00fablicas del orden nacional, entidades territoriales, o sus descentralizadas, organismos internacionales, organismos no gubernamentales, corporaciones regionales, fondos nacionales o regionales, asociaciones o agremiaciones sectoriales p\u00fablicas o privadas entre otros, o destinando parte de sus utilidades para tal fin.<\/font><\/p>\n<p align=\"justify\" style=\"margin-top: 0; margin-bottom: 0\">&nbsp;<\/p>\n<p><DIV><\/p>\n<p align=\"justify\" style=\"margin-top: 0; margin-bottom: 0\">&nbsp;<\/p>\n<p align=\"justify\" style=\"margin-top: 0; margin-bottom: 0\"><font face=\"Arial\" size=\"2\"><b><a name=\"16\">Art\u00edculo 16.<\/a> <i>Incentivos tributarios.<\/i><\/b><\/font><i><font size=\"2\" face=\"Arial\"><b>*Modificado por la<a hrefx=\"..\/2012\/1558.htm\">Ley 1558 de 2012<\/a>, nuevo texto*<\/b><\/font><\/i><font face=\"Arial\" size=\"2\"> \u00danicamente los prestadores de servicios tur\u00edsticos debidamente inscritos en el Registro Nacional de Turismo podr\u00e1n ser beneficiarios de los incentivos tributarios y fiscales consagrados a su favor en disposiciones de orden nacional, departamental, distrital o municipal y que tenga por fin estimular, apoyar o promover la actividad tur\u00edstica. La omisi\u00f3n de la actualizaci\u00f3n del Registro Nacional de Turismo, as\u00ed como el incumplimiento en el pago de la contribuci\u00f3n parafiscal, suspender\u00e1 el incentivo tributario correspondiente al a\u00f1o fiscal en el cual se presente la omisi\u00f3n o incumplimiento\u201d.<\/font><\/p>\n<p align=\"justify\" style=\"margin-top: 0; margin-bottom: 0\">&nbsp;<\/p>\n<p style=\"margin-top: 0; margin-bottom: 0\"><i><font size=\"2\" face=\"Arial\"><b>*Nota de Vigencia*<\/b><\/font><\/i><\/p>\n<p style=\"margin-top: 0; margin-bottom: 0\">&nbsp;<\/p>\n<p><TABLE cellSpacing=0 cellPadding=6 rules=none width=\"100%\"  border=1 frame=border id=\"table78\">      <TR>    <TD align=\"justify\"><\/p>\n<p style=\"margin-top: 0; margin-bottom: 0\"><i><font size=\"2\" face=\"Arial\">Art\u00edculo modificado por el art\u00edculo 18 de la <b><a hrefx=\"..\/2012\/1558.htm\">Ley 1558 de 2012<\/a><\/b>, publicado en el Diario Oficial No. 48487 del martes, 10 de julio de 2012. <\/font><\/i><\/TD><\/TR>  <\/TABLE><\/p>\n<p style=\"margin-top: 0; margin-bottom: 0\">&nbsp;<\/p>\n<p style=\"margin-top: 0; margin-bottom: 0\"><i><font size=\"2\" face=\"Arial\"><b>*Texto original del Estatuto General del Turismo*<\/b><\/font><\/i><\/p>\n<p style=\"margin-top: 0; margin-bottom: 0\">&nbsp;<\/p>\n<p><TABLE cellSpacing=0 cellPadding=6 rules=none width=\"100%\"  border=1 frame=border id=\"table79\">      <TR>    <TD align=\"justify\"><\/p>\n<p style=\"margin-top: 0; margin-bottom: 0\"><b><i>Art\u00edculo 16. <\/i><\/b><font size=\"2\"><i><b>Incentivos tributarios. <\/b>\u00danicamente los prestadores de servicios tur\u00edsticos debidamente inscritos en el Registro Nacional de Turismo podr\u00e1n ser beneficiarios de los incentivos tributarios consagrados a su favor. La omisi\u00f3n de la actualizaci\u00f3n del Registro Nacional de Turismo, as\u00ed como el incumplimiento en el pago de la contribuci\u00f3n parafiscal, producir\u00e1 la p\u00e9rdida del incentivo tributario correspondiente al a\u00f1o fiscal en el cual se presente la omisi\u00f3n o incumplimiento.<\/i><\/font><\/TD><\/TR>  <\/TABLE><\/p>\n<p align=\"justify\" style=\"margin-top: 0; margin-bottom: 0\">&nbsp;<\/p>\n<p style=\"margin-top: 0; margin-bottom: 0\">&nbsp;<\/DIV>  <\/p>\n<p align=\"justify\" style=\"margin-top: 0; margin-bottom: 0\"><A name=17><b><font size=\"2\">Art\u00edculo 17.<\/font><\/b><\/A><font size=\"2\"> <i><b>Promoci\u00f3n del patrimonio hist\u00f3rico y cultural.<\/b><\/i> La Pol\u00edtica de Turismo que dise\u00f1e el Ministerio de Comercio, Industria y Turismo deber\u00e1 contener un plan espec\u00edfico y prioritario de proyectos de promoci\u00f3n y mercadeo relacionados con los sitios en Colombia, declarados por la Unesco como \u201cPatrimonio Mundial de la Humanidad cultural o natural\u201d.<\/font><\/p>\n<p align=\"justify\" style=\"margin-top: 0; margin-bottom: 0\">&nbsp;<\/p>\n<p><DIV>&nbsp;<\/DIV> <\/p>\n<p align=\"justify\" style=\"margin-top: 0; margin-bottom: 0\"><A name=18><b><font size=\"2\">Art\u00edculo 18.<\/font><\/b><\/A><font size=\"2\"> <i><b>Banco de proyectos tur\u00edsticos.<\/b><\/i> Como parte de la Pol\u00edtica de Turismo cr\u00e9ase el Banco de Proyectos Tur\u00edsticos en el cual, para cada vigencia anual, deben inscribirse los proyectos de las Entidades Territoriales respecto de los cuales se demanden recursos para promoci\u00f3n provenientes de las fuentes fiscales previstas en esta ley, o del Presupuesto General de la Naci\u00f3n. Para la inscripci\u00f3n de los proyectos respectivos y la asignaci\u00f3n de los recursos se tendr\u00e1n en cuenta las siguientes reglas:<\/font><\/p>\n<p align=\"justify\" style=\"margin-top: 0; margin-bottom: 0\">&nbsp;<\/p>\n<p align=\"justify\" style=\"margin-top: 0; margin-bottom: 0\"><font size=\"2\">1. Los proyectos ser\u00e1n incluidos en el Banco mediante decisi\u00f3n expresa del Comit\u00e9 Directivo del Fondo de Promoci\u00f3n Tur\u00edstica, previa solicitud de las Entidades Territoriales y entes particulares aportantes.<\/font><\/p>\n<p align=\"justify\" style=\"margin-top: 0; margin-bottom: 0\">&nbsp;<\/p>\n<p align=\"justify\" style=\"margin-top: 0; margin-bottom: 0\"><font size=\"2\">2. Los aportes se efectuar\u00e1n sobre la base de cofinanciaci\u00f3n con las entidades territoriales.<\/font><\/p>\n<p align=\"justify\" style=\"margin-top: 0; margin-bottom: 0\">&nbsp;<\/p>\n<p align=\"justify\" style=\"margin-top: 0; margin-bottom: 0\"><font face=\"Arial\" size=\"2\">3. <\/font><i><font size=\"2\" face=\"Arial\"><b>*Modificado por la<a hrefx=\"..\/2012\/1558.htm\">Ley 1558 de 2012<\/a>, nuevo texto* <\/b><\/font><\/i><font face=\"Arial\" size=\"2\">Para municipio de categor\u00edas 4\u00aa, 5\u00aa y 6\u00aa la cofinanciaci\u00f3n podr\u00e1 ser hasta del 80%.<\/font><\/p>\n<p align=\"justify\" style=\"margin-top: 0; margin-bottom: 0\">&nbsp;<\/p>\n<p style=\"margin-top: 0; margin-bottom: 0\"><i><font size=\"2\" face=\"Arial\"><b>*Nota de Vigencia*<\/b><\/font><\/i><\/p>\n<p style=\"margin-top: 0; margin-bottom: 0\">&nbsp;<\/p>\n<p><TABLE cellSpacing=0 cellPadding=6 rules=none width=\"100%\"  border=1 frame=border id=\"table80\">      <TR>    <TD align=\"justify\"><\/p>\n<p style=\"margin-top: 0; margin-bottom: 0\"><font size=\"2\"><i>Numeral 3\u00b0<\/i><\/font><i><font size=\"2\" face=\"Arial\">modificado por el art\u00edculo 23 de la <b><a hrefx=\"..\/2012\/1558.htm\">Ley 1558 de 2012<\/a><\/b>, publicado en el Diario Oficial No. 48487 del martes, 10 de julio de 2012. <\/font><\/i><\/TD><\/TR>  <\/TABLE><\/p>\n<p style=\"margin-top: 0; margin-bottom: 0\">&nbsp;<\/p>\n<p style=\"margin-top: 0; margin-bottom: 0\"><i><font size=\"2\" face=\"Arial\"><b>*Texto original del Estatuto General del Turismo*<\/b><\/font><\/i><\/p>\n<p style=\"margin-top: 0; margin-bottom: 0\">&nbsp;<\/p>\n<p><TABLE cellSpacing=0 cellPadding=6 rules=none width=\"100%\"  border=1 frame=border id=\"table81\">      <TR>    <TD align=\"justify\"><\/p>\n<p style=\"margin-top: 0; margin-bottom: 0\"><i><font size=\"2\">3. En ning\u00fan caso se autorizar\u00e1 una cofinanciaci\u00f3n superior al 50% del respectivo proyecto.<\/font><\/i><\/TD><\/TR>  <\/TABLE><\/p>\n<p align=\"justify\" style=\"margin-top: 0; margin-bottom: 0\">&nbsp;<\/p>\n<p align=\"justify\" style=\"margin-top: 0; margin-bottom: 0\"><font size=\"2\">4. Ning\u00fan proyecto recibir\u00e1 recursos en cuant\u00eda superior al 10% de los recursos destinados para el Banco de Proyectos Tur\u00edsticos en la respectiva anualidad.<\/font><\/p>\n<p align=\"justify\" style=\"margin-top: 0; margin-bottom: 0\">&nbsp;<\/p>\n<p align=\"justify\" style=\"margin-top: 0; margin-bottom: 0\"><font size=\"2\">5. En la asignaci\u00f3n de los recursos se tendr\u00e1 en cuenta la optimizaci\u00f3n de las ventajas competitivas de los distintos destinos tur\u00edsticos y la promoci\u00f3n equilibrada entre las entidades territoriales.<\/font><\/p>\n<p align=\"justify\" style=\"margin-top: 0; margin-bottom: 0\">&nbsp;<\/p>\n<p align=\"justify\" style=\"margin-top: 0; margin-bottom: 0\"><font size=\"2\">6. Para el Banco de Proyectos Tur\u00edsticos se destinar\u00e1 no menos del 20% ni m\u00e1s del 50% de los recursos a que hace referencia este art\u00edculo.<\/font><\/p>\n<p align=\"justify\" style=\"margin-top: 0; margin-bottom: 0\">&nbsp;<\/p>\n<p align=\"justify\" style=\"margin-top: 0; margin-bottom: 0\"><font face=\"Arial\" size=\"2\">7. <\/font><i><font size=\"2\" face=\"Arial\"><b>*Adicionado por la<a hrefx=\"..\/2012\/1558.htm\">Ley 1558 de 2012<\/a><font >:<\/font>* <\/b><\/font><\/i><font face=\"Arial\" size=\"2\">El 30% de los recursos destinados para el banco de Proyectos Tur\u00edsticos en la respectiva anualidad, ser\u00e1n destinados en proyectos de turismo en las entidades territoriales.<\/font><\/p>\n<p align=\"justify\" style=\"margin-top: 0; margin-bottom: 0\">&nbsp;<\/p>\n<p style=\"margin-top: 0; margin-bottom: 0\"><i><font size=\"2\" face=\"Arial\"><b>*Nota de Vigencia*<\/b><\/font><\/i><\/p>\n<p style=\"margin-top: 0; margin-bottom: 0\">&nbsp;<\/p>\n<p><TABLE cellSpacing=0 cellPadding=6 rules=none width=\"100%\"  border=1 frame=border id=\"table82\">      <TR>    <TD align=\"justify\"><\/p>\n<p style=\"margin-top: 0; margin-bottom: 0\"><font size=\"2\"><i>Numeral 7\u00b0<\/i><\/font><i><font size=\"2\" face=\"Arial\">adicionado por el art\u00edculo 23 de la <b><a hrefx=\"..\/2012\/1558.htm\">Ley 1558 de 2012<\/a><\/b>, publicado en el Diario Oficial No. 48487 del martes, 10 de julio de 2012. <\/font><\/i><\/TD><\/TR>  <\/TABLE><\/p>\n<p align=\"justify\" style=\"margin-top: 0; margin-bottom: 0\">&nbsp;<\/p>\n<p align=\"justify\" style=\"margin-top: 0; margin-bottom: 0\"><font size=\"2\">Par\u00e1grafo<b> <\/b> <\/font> <font size=\"2\">1. <\/font><i><font size=\"2\" face=\"Arial\"><b>*Modificado por la<a hrefx=\"..\/2012\/1558.htm\">Ley 1558 de 2012<\/a>, nuevo texto* <\/b><\/font><\/i><font face=\"Arial\" size=\"2\">Los proyectos provenientes de los departamentos del Guaviare, Vaup\u00e9s, Putumayo, Amazonas, Vichada, Caquet\u00e1, Guain\u00eda, el Choc\u00f3 biogeogr\u00e1fico por poseer y comprometerse a preservar su rica biodiversidad y los municipios de sexta categor\u00eda de San Agust\u00edn e Isnos en el departamento del Huila, Inz\u00e1 (Tierradentro) en el Departamento del Cauca, y Mompox en el Departamento de Bol\u00edvar declarados patrimonio hist\u00f3rico de la humanidad por la Unesco, quedan excluidos de los aportes de cofinanciaci\u00f3n de que tratan los numerales 2 y 3 del presente art\u00edculo.<\/font><\/p>\n<p align=\"justify\" style=\"margin-top: 0; margin-bottom: 0\">&nbsp;<\/p>\n<p style=\"margin-top: 0; margin-bottom: 0\"><i><font size=\"2\" face=\"Arial\"><b>*Nota de Vigencia*<\/b><\/font><\/i><\/p>\n<p style=\"margin-top: 0; margin-bottom: 0\">&nbsp;<\/p>\n<p><TABLE cellSpacing=0 cellPadding=6 rules=none width=\"100%\"  border=1 frame=border id=\"table83\">      <TR>    <TD align=\"justify\"><\/p>\n<p style=\"margin-top: 0; margin-bottom: 0\"><font size=\"2\"><i>Par\u00e1grafo 1\u00b0<\/i><\/font><i><font size=\"2\" face=\"Arial\">modificado por el art\u00edculo 23 de la <b><a hrefx=\"..\/2012\/1558.htm\">Ley 1558 de 2012<\/a><\/b>, publicado en el Diario Oficial No. 48487 del martes, 10 de julio de 2012. <\/font><\/i><\/TD><\/TR>  <\/TABLE><\/p>\n<p style=\"margin-top: 0; margin-bottom: 0\">&nbsp;<\/p>\n<p style=\"margin-top: 0; margin-bottom: 0\"><i><font size=\"2\" face=\"Arial\"><b>*Texto original del Estatuto General del Turismo*<\/b><\/font><\/i><\/p>\n<p style=\"margin-top: 0; margin-bottom: 0\">&nbsp;<\/p>\n<p><TABLE cellSpacing=0 cellPadding=6 rules=none width=\"100%\"  border=1 frame=border id=\"table84\">      <TR>    <TD align=\"justify\"><i><font size=\"2\">Par\u00e1grafo 1\u00b0. Los proyectos provenientes de los Departamentos del Guaviare, Vaup\u00e9s, Putumayo, Amazonas, Vichada, Caquet\u00e1, Guain\u00eda y el Choc\u00f3 biogeogr\u00e1fico por poseer y comprometerse a preservar su rica biodiversidad, quedan excluidos de los aportes de cofinanciaci\u00f3n de que tratan los numerales 2 y 3 del presente art\u00edculo.<\/font><\/i><\/TD><\/TR>  <\/TABLE><\/p>\n<p align=\"justify\" style=\"margin-top: 0; margin-bottom: 0\">&nbsp;<\/p>\n<p align=\"justify\" style=\"margin-top: 0; margin-bottom: 0\"><font size=\"2\">Par\u00e1grafo<b> <\/b>2\u00b0. Dentro de la destinaci\u00f3n general de los recursos a los que se refiere este art\u00edculo, se tendr\u00e1 en cuenta una asignaci\u00f3n especial para el evento descrito en el art\u00edculo 110 de la <\/font> <font face=\"Arial\" size=\"2\"> <i><b><a hrefx=\"..\/..\/..\/ESTATUTOS\/EST%20GENERAL%20DEL%20TURISMO\/ESTATUTO%20GENERAL%20DEL%20TURISMO.htm\">Ley 300 de 1996<\/a><\/b><\/i><\/font><font size=\"2\">.<\/font><\/p>\n<p align=\"justify\" style=\"margin-top: 0; margin-bottom: 0\">&nbsp;<\/p>\n<p align=\"justify\" style=\"margin-top: 0; margin-bottom: 0\">&nbsp;<\/p>\n<p align=\"justify\" style=\"margin-top: 0; margin-bottom: 0\"><A name=19><b><font size=\"2\">Art\u00edculo 19.<\/font><\/b><\/A><font size=\"2\"><i><b> Reglamentaci\u00f3n. <\/b><\/i> <\/font><i><b><font size=\"2\">*<\/font><\/b><\/i><font size=\"2\"><i><b>Aparte tachado INEXEQUIBLE*<\/b><\/i> El Gobierno Nacional, a trav\u00e9s del Ministerio de Comercio, Industria y Turismo, reglamentar\u00e1 esta ley en un plazo no superior a seis (6) meses contados a partir de su entrada en vigencia.<\/font><\/p>\n<p align=\"justify\" style=\"margin-top: 0; margin-bottom: 0\">&nbsp;<\/p>\n<p align=\"justify\" style=\"margin-top: 0; margin-bottom: 0\"><i><b><font size=\"2\">*Nota Jurisprudencial*<\/font><\/b><\/i><\/p>\n<p align=\"justify\" style=\"margin-top: 0; margin-bottom: 0\"><i><font face=\"serif\">&nbsp;&nbsp;&nbsp;<\/font><\/i><\/p>\n<table border=\"1\" width=\"100%\" id=\"table11\" cellspacing=\"0\" cellpadding=\"6\">\n<tr>\n<td>\n<p style=\"margin-top: 0; margin-bottom: 0\"><i><b><font size=\"2\">Corte Constitucional <\/font><\/b><\/i><\/td>\n<\/tr>\n<tr>\n<td>\n<p style=\"margin-top: 0; margin-bottom: 0\" align=\"justify\"><i><font size=\"2\">Art\u00edculo declarado EXEQUIBLE, por el cargo analizado, salvo el aparte tachado que se declara INEXEQUIBLE, por la Corte Constitucional mediante Sentencia C-1005-08 de 15 de octubre de 2008, Magistrado Ponente Dr. Humberto Antonio Sierra Porto. <\/font><\/i><\/td>\n<\/tr>\n<\/table>\n<p align=\"justify\" style=\"margin-top: 0; margin-bottom: 0\">&nbsp;<\/p>\n<p align=\"justify\" style=\"margin-top: 0; margin-bottom: 0\"><A name=20><b><font size=\"2\">Art\u00edculo 20<i>.<\/i><\/font><\/b><\/A><font size=\"2\"><i><b> Vigencia y derogatorias.<\/b><\/i> La presente ley empezar\u00e1 a regir a partir de la fecha de su publicaci\u00f3n y deroga las disposiciones que le sean contrarias en especial el Decreto 1336 de 2002. Deroga, asimismo, el art\u00edculo 21 de la Ley 679 de 2001.<\/font><\/p>\n<p align=\"justify\" style=\"margin-top: 0; margin-bottom: 0\">&nbsp;<\/p>\n<p align=\"center\" style=\"margin-top: 0; margin-bottom: 0\"><font size=\"2\">La Presidenta del honorable Senado de la Rep\u00fablica<\/font><\/p>\n<p align=\"center\" style=\"margin-top: 0; margin-bottom: 0\"><font size=\"2\">Dilian Francisca Toro Torres<\/font><\/p>\n<p><DIV>&nbsp;<\/DIV> <\/p>\n<p align=\"center\" style=\"margin-top: 0; margin-bottom: 0\"><font size=\"2\">El Secretario General del honorable Senado de la Rep\u00fablica<\/font><\/p>\n<p align=\"center\" style=\"margin-top: 0; margin-bottom: 0\"><font size=\"2\">Emilio Ram\u00f3n Otero Dajud <\/font><\/p>\n<p><DIV>&nbsp;<\/DIV> <\/p>\n<p align=\"center\" style=\"margin-top: 0; margin-bottom: 0\"><font size=\"2\">El Presidente de la honorable C\u00e1mara de Representantes<\/font><\/p>\n<p align=\"center\" style=\"margin-top: 0; margin-bottom: 0\"><font size=\"2\">Alfredo Ape Cuello Baute <\/font><\/p>\n<p><DIV>&nbsp;<\/DIV> <\/p>\n<p align=\"center\" style=\"margin-top: 0; margin-bottom: 0\"><font size=\"2\">El Secretario General de la honorable C\u00e1mara de Representantes<\/font><\/p>\n<p align=\"center\" style=\"margin-top: 0; margin-bottom: 0\"><font size=\"2\">Angelino Lizcano Rivera <\/font><\/p>\n<p><DIV>&nbsp;<\/DIV> <\/p>\n<p align=\"center\" style=\"margin-top: 0; margin-bottom: 0\"><b><font size=\"2\">REPUBLICA DE COLOMBIA \u2013 GOBIERNO NACIONAL<\/font><\/b><\/p>\n<p><DIV>&nbsp;<\/DIV> <\/p>\n<p align=\"center\" style=\"margin-top: 0; margin-bottom: 0\"><font size=\"2\">Publ\u00edquese y c\u00famplase<\/font><\/p>\n<p align=\"center\" style=\"margin-top: 0; margin-bottom: 0\"><font size=\"2\">Dada en Bogot\u00e1, D. C., a 22 de noviembre de 2006<\/font><\/p>\n<p> <DIV>&nbsp;<\/DIV> <\/p>\n<p align=\"center\" style=\"margin-top: 0; margin-bottom: 0\"><font size=\"2\">\u00c1LVARO URIBE V\u00c9LEZ<\/font><\/p>\n<p> <DIV>&nbsp;<\/DIV> <\/p>\n<p align=\"center\" style=\"margin-top: 0; margin-bottom: 0\"><font size=\"2\">El Viceministro de Desarrollo Empresarial del Ministerio de Comercio, Industria y Turismo, encargado de las funciones del Despacho del Ministro de Comercio, Industria y Turismo<\/font><\/p>\n<p align=\"center\" style=\"margin-top: 0; margin-bottom: 0\"><font size=\"2\">Sergio Diazgranados Guida <\/font><\/p>\n","protected":false},"excerpt":{"rendered":"<p>LEY 1101 DE 2006 &nbsp; LEY 1101 DE 2006 (noviembre 22 de 2006) Por la cual se modifica la Ley 300 de 1996 &#8211; Ley General de Turismo y se dictan otras disposiciones. *Notas de Vigencia* Modificada por la Ley 1558 de 2012, publicado en el Diario Oficial No. 48487 del martes, 10 de julio [&hellip;]<\/p>\n","protected":false},"author":1,"featured_media":0,"comment_status":"open","ping_status":"open","sticky":false,"template":"","format":"standard","meta":{"footnotes":""},"categories":[21],"tags":[],"class_list":["post-1167","post","type-post","status-publish","format-standard","hentry","category-leyes-2006"],"_links":{"self":[{"href":"https:\/\/www.dmsjuridica.com\/buscador_20179478954\/legislacion\/leyes\/wp-json\/wp\/v2\/posts\/1167","targetHints":{"allow":["GET"]}}],"collection":[{"href":"https:\/\/www.dmsjuridica.com\/buscador_20179478954\/legislacion\/leyes\/wp-json\/wp\/v2\/posts"}],"about":[{"href":"https:\/\/www.dmsjuridica.com\/buscador_20179478954\/legislacion\/leyes\/wp-json\/wp\/v2\/types\/post"}],"author":[{"embeddable":true,"href":"https:\/\/www.dmsjuridica.com\/buscador_20179478954\/legislacion\/leyes\/wp-json\/wp\/v2\/users\/1"}],"replies":[{"embeddable":true,"href":"https:\/\/www.dmsjuridica.com\/buscador_20179478954\/legislacion\/leyes\/wp-json\/wp\/v2\/comments?post=1167"}],"version-history":[{"count":0,"href":"https:\/\/www.dmsjuridica.com\/buscador_20179478954\/legislacion\/leyes\/wp-json\/wp\/v2\/posts\/1167\/revisions"}],"wp:attachment":[{"href":"https:\/\/www.dmsjuridica.com\/buscador_20179478954\/legislacion\/leyes\/wp-json\/wp\/v2\/media?parent=1167"}],"wp:term":[{"taxonomy":"category","embeddable":true,"href":"https:\/\/www.dmsjuridica.com\/buscador_20179478954\/legislacion\/leyes\/wp-json\/wp\/v2\/categories?post=1167"},{"taxonomy":"post_tag","embeddable":true,"href":"https:\/\/www.dmsjuridica.com\/buscador_20179478954\/legislacion\/leyes\/wp-json\/wp\/v2\/tags?post=1167"}],"curies":[{"name":"wp","href":"https:\/\/api.w.org\/{rel}","templated":true}]}}