{"id":1197,"date":"2020-11-24T19:32:34","date_gmt":"2020-11-24T19:32:34","guid":{"rendered":"https:\/\/www.dmsjuridica.com\/buscador_20179478954\/legislacion\/leyes\/2020\/11\/24\/ley-1131-de-2007\/"},"modified":"2020-11-24T19:32:34","modified_gmt":"2020-11-24T19:32:34","slug":"ley-1131-de-2007","status":"publish","type":"post","link":"https:\/\/www.dmsjuridica.com\/buscador_20179478954\/legislacion\/leyes\/2020\/11\/24\/ley-1131-de-2007\/","title":{"rendered":"LEY 1131 DE 2007"},"content":{"rendered":"<p>LEY 1131 DE 2007<FONT FACE=\"Arial\" SIZE=2><P ALIGN=\"CENTER\"><B><font face=\"Verdana\" SIZE=\"6\"><img loading=\"lazy\" decoding=\"async\" border=\"0\" src=\"http:\/\/dmsjuridica.com\/CODIGOS\/LEGISLACION\/LEYES\/2019\/dms.png\" width=\"138\" height=\"103\"align=\"center\"><\/font><FONT SIZE=6  face=\"Arial\"> <\/p>\n<p><\/B><\/FONT><\/P><\/FONT><FONT FACE=\"Arial\" SIZE=6><P ALIGN=\"CENTER\"><b><font >LEY 1131 DE 2007<\/font><\/b><\/P><\/FONT><FONT FACE=\"Arial\"><P ALIGN=\"CENTER\"><b><font  size=\"2\">(febrero 15)<\/font><\/b><\/P><\/FONT><FONT FACE=\"Arial\" SIZE=2><P ALIGN=\"CENTER\"><font >por medio de la cual se aprueba el &quot;Acuerdo entre Ecuador y Colombia sobre Pesca Artesanal&quot;, firmado en la ciudad de Popay\u00e1n, a los trece (13) d\u00edas del mes de mayo de mil novecientos noventa y cuatro (1994).<\/font><\/P><\/p>\n<div align=\"justify\"><b>*<font  size=\"2\">Resumen de Notas de Vigencia*<\/font><\/b><\/div>\n<div align=\"justify\">&nbsp;<\/div>\n<table cellSpacing=\"0\" cellPadding=\"6\" rules=\"none\" width=\"100%\" border=\"1\" frame=\"border\" id=\"table1\">\n<tr>\n<td>\n<p align=\"justify\"><b><font size=\"2\" >NOTAS DE VIGENCIA:<\/font><\/b><\/td>\n<\/tr>\n<tr>\n<td>\n<p align=\"justify\"><font size=\"2\" >&#8211; Acuerdo y Ley aprobatoria declarados EXEQUIBLES por la Corte Constitucional mediante <b><a hrefx=\"..\/..\/Sentencias\/C-927-07.rtf\">SentenciaC-927-07<\/a><\/b> de 7 de noviembre de 2007, Magistrado Ponente Dr. Humberto Antonio Sierra Porto.<\/font><\/td>\n<\/tr>\n<\/table>\n<p><P ALIGN=\"center\">&nbsp;<\/P><P ALIGN=\"center\"><b><font >El Congreso de Colombia<\/font><\/b><\/P><P ALIGN=\"JUSTIFY\"><font >Visto el texto del &quot;Acuerdo entre Ecuador y Colombia sobre Pesca Artesanal&quot;, firmado en la ciudad de Popay\u00e1n, a los trece (13) d\u00edas del mes de mayo de mil novecientos noventa y cuatro (1994), que a la letra dice:<\/font><\/P><P ALIGN=\"JUSTIFY\"><font >(Para ser trascrito: Se adjunta fotocopia del texto \u00edntegro del Instrumento Internacional mencionado).<\/font><\/P><P ALIGN=\"JUSTIFY\"><font >ACUERDO ENTRE ECUADOR Y COLOMBIA SOBRE PESCA ARTESANAL<\/font><\/P><P ALIGN=\"JUSTIFY\"><font >El Gobierno de la Rep\u00fablica del Ecuador y el Gobierno de la Rep\u00fablica de Colombia,<\/font><\/P><P ALIGN=\"center\">&nbsp;<\/P><P ALIGN=\"center\"><b><font >CONSIDERANDO:<\/font><\/b><\/P><P ALIGN=\"JUSTIFY\"><font >1. Que es necesario desarrollar conjuntamente la actividad de la pesca mar\u00edtima, fluvial y la acuicultura artesanales, especialmente en la Zona de Integraci\u00f3n Fronteriza.<\/font><\/P><P ALIGN=\"JUSTIFY\"><font >2. Que el aprovechamiento ordenado y sustentable de los recursos requiere un manejo integral entre las Partes.<\/font><\/P><P ALIGN=\"JUSTIFY\"><font >3. Que es indispensable armonizar las normas de administraci\u00f3n sobre la materia.<\/font><\/P><P ALIGN=\"JUSTIFY\"><font >4. Que se deben establecer mecanismos de comunicaci\u00f3n, coordinaci\u00f3n, consulta y control entre las autoridades nacionales competentes.<\/font><\/P><P ALIGN=\"JUSTIFY\"><font >5. Que se deben compartir la informaci\u00f3n disponible y las tecnolog\u00edas desarrolladas en la pesca artesanal, as\u00ed como aunar esfuerzos para adelantar investigaciones conjuntas.<\/font><\/P><P ALIGN=\"JUSTIFY\"><font >6. Que se deben elevar las condiciones socioecon\u00f3micas y nutricionales de las comunidades pesqueras artesanales de la regi\u00f3n, mediante la planificaci\u00f3n y ejecuci\u00f3n de proyectos binacionales, y<\/font><\/P><P ALIGN=\"JUSTIFY\"><font >7. Que se deben manejar en forma t\u00e9cnica y racional los recursos pesqueros y los ecosistemas de influencias.<\/font><\/P><P ALIGN=\"center\">&nbsp;<\/P><P ALIGN=\"center\"><b><font >ACUERDAN:<\/font><\/b><\/P><P ALIGN=\"JUSTIFY\"><font ><b>Art\u00edculo 1\u00b0.<\/b> Realizar una evaluaci\u00f3n y elaborar un inventario de los recursos pesqueros en las aguas mar\u00edtimas y fluviales de la Zona de Integraci\u00f3n Fronteriza.<\/font><\/P><P ALIGN=\"JUSTIFY\">&nbsp;<\/P><P ALIGN=\"JUSTIFY\"><font ><b>Art\u00edculo 2\u00b0. <\/b>Adoptar regulaciones binacionales, sobre la base de las investigaciones cient\u00edficas y la evaluaci\u00f3n de los recursos pesqueros, para racionalizar la pesca artesanal y para garantizar la sustentabilidad de estos recursos y de los ecosistemas de influencia.<\/font><\/P><P ALIGN=\"JUSTIFY\">&nbsp;<\/P><P ALIGN=\"JUSTIFY\"><font ><b>Art\u00edculo 3\u00b0.<\/b> Elaborar programas binacionales de manejo integral, que ser\u00e1n ejecutados por las autoridades nacionales competentes.<\/font><\/P><P ALIGN=\"JUSTIFY\">&nbsp;<\/P><P ALIGN=\"JUSTIFY\"><font ><b>Art\u00edculo 4\u00b0. <\/b>Dise\u00f1ar programas binacionales de acuicultura, con la participaci\u00f3n de las correspondientes autoridades nacionales y del sector pesquero artesanal.<\/font><\/P><P ALIGN=\"JUSTIFY\">&nbsp;<\/P><P ALIGN=\"JUSTIFY\"><font ><b>Art\u00edculo 5\u00b0.<\/b> Fomentar, sobre la base de organizaciones de pescadores artesanales, la creaci\u00f3n de Empresas Binacionales destinadas a la captura, acopio, procesamiento y comercializaci\u00f3n de los recursos de la pesca.<\/font><\/P><P ALIGN=\"JUSTIFY\">&nbsp;<\/P><P ALIGN=\"JUSTIFY\"><font ><b>Art\u00edculo 6\u00b0. <\/b>Realizar censos binacionales de pescadores artesanales que incorporen la informaci\u00f3n social, econ\u00f3mica y t\u00e9cnica necesaria que permita el diagn\u00f3stico y la planificaci\u00f3n de programas de asistencia y cooperaci\u00f3n.<\/font><\/P><P ALIGN=\"JUSTIFY\">&nbsp;<\/P><P ALIGN=\"JUSTIFY\"><font ><b>Art\u00edculo 7\u00b0. <\/b>Establecer centros, programas o cursos binacionales de capacitaci\u00f3n y de investigaci\u00f3n b\u00e1sica y aplicada en recursos bioacu\u00e1ticos y ecosistemas de influencia.<\/font><\/P><P ALIGN=\"JUSTIFY\">&nbsp;<\/P><P ALIGN=\"JUSTIFY\"><font ><b>Art\u00edculo 8\u00b0. <\/b>Gestionar conjuntamente asistencia t\u00e9cnica y econ\u00f3mica internacional para los planes, programas y proyectos binacionales que lo requieran.<\/font><\/P><P ALIGN=\"JUSTIFY\">&nbsp;<\/P><P ALIGN=\"JUSTIFY\"><font ><b>Art\u00edculo 9\u00b0.<\/b> Establecer mecanismos de informaci\u00f3n, destinados a los pescadores artesanales, sobre per\u00edodos de veda fijados de com\u00fan acuerdo.<\/font><\/P><P ALIGN=\"JUSTIFY\">&nbsp;<\/P><P ALIGN=\"JUSTIFY\"><font ><b>Art\u00edculo 10.<\/b> Convenir acciones binacionales de vigilancia y control para el debido respeto y observancia de los per\u00edodo de veda.<\/font><\/P><P ALIGN=\"JUSTIFY\">&nbsp;<\/P><P ALIGN=\"JUSTIFY\"><font ><b>Art\u00edculo 11.<\/b> Elaborar programas de diversificaci\u00f3n de actividades productivas de los pescadores artesanales, durante los per\u00edodos de veda.<\/font><\/P><P ALIGN=\"JUSTIFY\">&nbsp;<\/P><P ALIGN=\"JUSTIFY\"><font ><b>Art\u00edculo 12.<\/b> Para el debido cumplimiento de las funciones de asesoramiento y de coordinaci\u00f3n, las Partes constituir\u00e1n un Comit\u00e9 T\u00e9cnico Binacional, conformado por funcionarios de los Ministerios de Relaciones Exteriores, autoridades competentes en la materia, organizaciones comunales, gremiales y Organizaciones No Gubernamentales (ONG).<\/font><\/P><P ALIGN=\"JUSTIFY\"><font >Este Comit\u00e9 T\u00e9cnico Binacional funcionar\u00e1 de acuerdo a su propio Reglamento.<\/font><\/P><P ALIGN=\"JUSTIFY\">&nbsp;<\/P><P ALIGN=\"JUSTIFY\"><font ><b>Art\u00edculo 13. <\/b>La Presidencia del Comit\u00e9 T\u00e9cnico la ejercer\u00e1n los representantes de las autoridades nacionales competentes, en forma alternada y por per\u00edodos de un a\u00f1o.<\/font><\/P><P ALIGN=\"JUSTIFY\">&nbsp;<\/P><P ALIGN=\"JUSTIFY\"><font ><b>Art\u00edculo 14. <\/b>Cada Parte notificar\u00e1 a la otra la n\u00f3mina de los miembros del Comit\u00e9 T\u00e9cnico y los cambios que se produzcan.<\/font><\/P><P ALIGN=\"JUSTIFY\">&nbsp;<\/P><P ALIGN=\"JUSTIFY\"><font ><b>Art\u00edculo 15. <\/b>El Comit\u00e9 T\u00e9cnico Binacional tendr\u00e1 las siguientes funciones:<\/font><\/P><P ALIGN=\"JUSTIFY\"><font >15.1 Proponer a los Gobiernos proyectos y programas binacionales para el fomento de la pesca artesanal.<\/font><\/P><P ALIGN=\"JUSTIFY\"><font >15.2 Proponer regulaciones binacionales sobre artes y m\u00e9todos de captura, tendientes al mejor manejo de los recursos pesqueros.<\/font><\/P><P ALIGN=\"JUSTIFY\"><font >15.3 Ejercer el seguimiento de los programas binacionales en ejecuci\u00f3n y de los mecanismos de protecci\u00f3n, vigilancia y control de las actividades pesqueras y acu\u00edcolas.<\/font><\/P><P ALIGN=\"JUSTIFY\"><font >15.4 Recomendar per\u00edodos simult\u00e1neos de veda para cada uno de los recursos bioacu\u00e1ticos comunes en las zonas de influencia y en la extensi\u00f3n que los estudios t\u00e9cnicos lo determinen.<\/font><\/P><P ALIGN=\"JUSTIFY\"><font >15.5 Proponer a los Gobiernos programas binacionales de investigaci\u00f3n cient\u00edfica.<\/font><\/P><P ALIGN=\"JUSTIFY\"><font >15.6 Presentar informes anuales a los Ministerios de de Relaciones Exteriores y a la Comisi\u00f3n de Vecindad, y<\/font><\/P><P ALIGN=\"JUSTIFY\"><font >15.7 Las dem\u00e1s que le asignen las Partes.<\/font><\/P><P ALIGN=\"JUSTIFY\">&nbsp;<\/P><P ALIGN=\"JUSTIFY\"><font ><b>Art\u00edculo 16. <\/b>El presente Acuerdo entrar\u00e1 en vigor en la \u00faltima fecha en que las Partes se comuniquen el cumplimiento de los requisitos de su orden interno.<\/font><\/P><P ALIGN=\"JUSTIFY\">&nbsp;<\/P><P ALIGN=\"JUSTIFY\"><font ><b>Art\u00edculo 17. <\/b>Cualquiera de las Partes podr\u00e1 denunciar el presente Acuerdo, mediante notificaci\u00f3n escrita, que surtir\u00e1 efectos sesenta d\u00edas despu\u00e9s.<\/font><\/P><P ALIGN=\"JUSTIFY\">&nbsp;<\/P><P ALIGN=\"JUSTIFY\"><font ><b>Art\u00edculo 18.<\/b> El presente Acuerdo podr\u00e1 ser modificado, por mutuo acuerdo, mediante canje de notas.<\/font><\/P><P ALIGN=\"JUSTIFY\"><font >En fe de lo cual firman, en dos ejemplares igualmente aut\u00e9nticos, en la ciudad de Popay\u00e1n, a los 13 d\u00edas del mes de mayo de 1994.<\/font><\/P><P ALIGN=\"center\" style=\"margin-top: 0; margin-bottom: 0\"><font >El Ministro de Relaciones Exteriores del Ecuador,<\/font><\/P><I><P ALIGN=\"center\" style=\"margin-top: 0; margin-bottom: 0\"><font >Diego Paredes Pe\u00f1a.<\/font><\/P><P ALIGN=\"center\" style=\"margin-top: 0; margin-bottom: 0\">&nbsp;<\/P><\/I><P ALIGN=\"center\" style=\"margin-top: 0; margin-bottom: 0\"><font >La Ministra de Relaciones Exteriores de Colombia,<\/font><\/P><I><P ALIGN=\"center\" style=\"margin-top: 0; margin-bottom: 0\"><font >Noem\u00ed San\u00edn de Rubio.<\/font><\/P><P ALIGN=\"center\" style=\"margin-top: 0; margin-bottom: 0\">&nbsp;<\/P><\/I><P ALIGN=\"center\" style=\"margin-top: 0; margin-bottom: 0\"><font >RAMA EJECUTIVA DEL PODER PUBLICO PRESIDENCIA DE LA REPUBLICA<\/font><\/P><P ALIGN=\"center\" style=\"margin-top: 0; margin-bottom: 0\">&nbsp;<\/P><P ALIGN=\"center\" style=\"margin-top: 0; margin-bottom: 0\"><font >Bogot\u00e1, D. C., 5 de marzo de 2002<\/font><\/P><P ALIGN=\"center\" style=\"margin-top: 0; margin-bottom: 0\"><font >Aprobado. Som\u00e9tase a la consideraci\u00f3n del honorable Congreso Nacional para los efectos constitucionales.<\/font><\/P><P ALIGN=\"center\" style=\"margin-top: 0; margin-bottom: 0\">&nbsp;<\/P><P ALIGN=\"center\" style=\"margin-top: 0; margin-bottom: 0\"><font >(Fdo.) ANDRES PASTRANA ARANGO<\/font><\/P><P ALIGN=\"center\" style=\"margin-top: 0; margin-bottom: 0\">&nbsp;<\/P><P ALIGN=\"center\" style=\"margin-top: 0; margin-bottom: 0\"><font >El Ministro de Relaciones Exteriores,<\/font><\/P><I><P ALIGN=\"center\" style=\"margin-top: 0; margin-bottom: 0\"><font >(Fdo.) Guillermo Fern\u00e1ndez de Soto.<\/font><\/P><P ALIGN=\"center\" style=\"margin-top: 0; margin-bottom: 0\">&nbsp;<\/P><P ALIGN=\"center\" style=\"margin-top: 0; margin-bottom: 0\">&nbsp;<\/P><\/I><P ALIGN=\"center\"><b><font >DECRETA:<\/font><\/b><\/P><P ALIGN=\"JUSTIFY\"><font ><b>Art\u00edculo 1\u00b0.<\/b> Apru\u00e9base el &quot;Acuerdo entre Ecuador y Colombia sobre Pesca Artesanal&quot;, firmado en la ciudad de Popay\u00e1n, a los trece (13) d\u00edas del mes de mayo de mil novecientos noventa y cuatro (1994).<\/font><\/P><P ALIGN=\"JUSTIFY\"><font ><b>Art\u00edculo 2\u00b0. <\/b>De conformidad con lo dispuesto en el art\u00edculo 1\u00b0 de la Ley 7\u00aa de 1944, el &quot;Acuerdo entre Ecuador y Colombia sobre Pesca Artesanal&quot;, firmado en la c iudad de Popay\u00e1n, a los trece (13) d\u00edas del mes de mayo de mil novecientos noventa y cuatro (1994), que por el art\u00edculo 1\u00b0 de esta ley se aprueba, obligar\u00e1 al pa\u00eds a partir de la fecha en que se perfeccione el v\u00ednculo internacional respecto del mismo.<\/font><\/P><P ALIGN=\"JUSTIFY\"><font ><b>Art\u00edculo 3\u00b0.<\/b> La presente ley rige a partir de la fecha de su publicaci\u00f3n.<\/font><\/P><P ALIGN=\"center\" style=\"margin-top: 0; margin-bottom: 0\"><font >Dada en Bogot\u00e1, D. C., a los\u2026<\/font><\/P><P ALIGN=\"center\" style=\"margin-top: 0; margin-bottom: 0\">&nbsp;<\/P><P ALIGN=\"center\" style=\"margin-top: 0; margin-bottom: 0\"><font >Presentado al honorable Congreso de la Rep\u00fablica por la Ministra de Relaciones Exteriores y el Ministro de Agricultura y Desarrollo Rural.<\/font><\/P><P ALIGN=\"center\" style=\"margin-top: 0; margin-bottom: 0\"><font >La Ministra de Relaciones Exteriores,<\/font><\/P><I><P ALIGN=\"center\" style=\"margin-top: 0; margin-bottom: 0\"><font >Carolina Barco Isakson.<\/font><\/P><P ALIGN=\"center\" style=\"margin-top: 0; margin-bottom: 0\">&nbsp;<\/P><\/I><P ALIGN=\"center\" style=\"margin-top: 0; margin-bottom: 0\"><font >El Ministro de Agricultura y Desarrollo Rural,<\/font><\/P><I><P ALIGN=\"center\" style=\"margin-top: 0; margin-bottom: 0\"><font >Andr\u00e9s Felipe Arias Leiva.<\/font><\/P><P ALIGN=\"center\" style=\"margin-top: 0; margin-bottom: 0\">&nbsp;<\/P><P ALIGN=\"center\" style=\"margin-top: 0; margin-bottom: 0\">&nbsp;<\/P><\/I><P ALIGN=\"JUSTIFY\"><b><font >EXPOSICI\u00d3N DE MOTIVOS<\/font><\/b><\/P><P ALIGN=\"JUSTIFY\"><b><font >Honorables Senadores y Representantes:<\/font><\/b><\/P><P ALIGN=\"JUSTIFY\"><font >En nombre del Gobierno Nacional y en cumplimiento a lo dispuesto en los art\u00edculos <b> <a hrefx=\"CONS_P91.htm#150\">150<\/a><\/b> numeral 16, <b> <a hrefx=\"CONS_P91.htm#189\">189<\/a><\/b> numeral 2 y <b> <a hrefx=\"CONS_P91.htm#224\">224<\/a><\/b> de la Constituci\u00f3n Pol\u00edtica de la Rep\u00fablica de Colombia, presentamos a consideraci\u00f3n del honorable Congreso de la Rep\u00fablica el proyecto de ley, por medio de la cual se aprueba el &quot;Acuerdo entre Ecuador y Colombia sobre Pesca Artesanal&quot;, firmado en la ciudad de Popay\u00e1n, a los trece (13) d\u00edas del mes de mayo de mil novecientos noventa y cuatro (1994).<\/font><\/P><P ALIGN=\"JUSTIFY\"><font >El Litoral Pac\u00edfico colombiano cuenta con 1.392 km de longitud y est\u00e1 conformado por un territorio que equivale al 6.2% de la superficie del pa\u00eds. Los principales centros poblacionales son los puertos de Buenaventura, Tumaco, Guap\u00ed y Bah\u00eda Solano; los otros son peque\u00f1os asentamientos diseminados a lo largo de la costa y caracterizados por ausencia de una adecuada infraestructura, en especial v\u00edas carreteables y energ\u00eda el\u00e9ctrica, lo cual ha apartado sensiblemente esta zona de cualquier desarrollo tradicional.<\/font><\/P><P ALIGN=\"JUSTIFY\"><font >Lo anterior ha marcado el bajo desarrollo de esta zona, a pesar de las potencialidades productivas de la regi\u00f3n, principalmente en t\u00e9rminos de los recursos pesqueros, los cuales est\u00e1n estrechamente relacionados con el quehacer de casi todas las comunidades.<\/font><\/P><P ALIGN=\"JUSTIFY\"><font >Hacia 1994 se estim\u00f3 que, entre el Sur del departamento del Choc\u00f3 y el Norte del Cauca, exist\u00edan un total de 5.067 pescadores pertenecientes a 81 comunidades, de los cuales 2.150 se asientan en 32 comunidades del Valle del Cauca. A pesar de las diferencias socioculturales de las distintas comunidades, existen artes y m\u00e9todos de pesca en com\u00fan que permiten orientar sus actividades, especialmente hacia la captura del camar\u00f3n de aguas someras y la pesca blanca, sin desconocer el ejercicio de extracci\u00f3n de jaiba, piangua e incluso camar\u00f3n de r\u00edo.<\/font><\/P><P ALIGN=\"JUSTIFY\"><font >Se reconoce para 1998 una captura de 2.645.82 toneladas de camar\u00f3n de aguas someras (blanco, tit\u00ed y tigre) en el Litoral Pac\u00edfico colombiano, de las cuales el 73.21% es aportado por la pesca artesanal, recurso en su mayor\u00eda exportado a pa\u00edses como Estados Unidos y Espa\u00f1a. Con referencia a la pesca blanca son objeto principal de captura: Sierras, dorados, pargos, peladas, toyos, merluzas y chernas entre otros, para un volumen total en el Pac\u00edfico colombiano, de 3.220.53 toneladas en 1998. De este valor, un 65.98% corresponde a la actividad de la pesca artesanal. Es importante en este \u00edtem la exportaci\u00f3n de aletas de tibur\u00f3n, buches de corvina, chernas y dorados, de manera que, ante la importancia en la generaci\u00f3n de divisas, extracci\u00f3n de prote\u00edna animal y fuente de empleo, la pesca artesanal se convierte en una de las principales actividades del Litoral Pac\u00edfico colombiano.<\/font><\/P><P ALIGN=\"JUSTIFY\"><font >Como uno de los aspectos estrat\u00e9gicos, para el desarrollo del subsector, se ha identificado el desarrollo tecnol\u00f3gico y, en este sentido, es necesario profundizar m\u00e1s en el conocimiento, implementaci\u00f3n y priorizaci\u00f3n de programas en materia de generaci\u00f3n, validaci\u00f3n, ajuste y\/o capacitaci\u00f3n tecnol\u00f3gica, para propiciar el avance en cada uno de los componentes identificados dentro de las fases de la pesca. Se espera que las necesidades tecnol\u00f3gicas sean identificadas no solamente desde la tecnolog\u00eda misma, sino desde los requerimientos de los mercados en t\u00e9rminos de cantidad, calidad y tipo de presentaci\u00f3n de los productos.<\/font><\/P><P ALIGN=\"JUSTIFY\"><font >Adicionalmente, se espera que en el desarrollo tecnol\u00f3gico productivo exista, de forma transversal, la participaci\u00f3n de otras disciplinas que permitan generar tecnolog\u00edas articuladas a procesos regionales, que tengan en cuenta las particularidades culturales y econ\u00f3micas de los pescadores artesanales, adem\u00e1s que sean sostenibles y que sean competitivas.<\/font><\/P><P ALIGN=\"JUSTIFY\"><font >Por otra parte se espera compartir actividades de sistematizaci\u00f3n y socializaci\u00f3n de experiencias exitosas, muchas de las cuales estar\u00e1n referidas a procesos de investigaci\u00f3n y\/o capacitaci\u00f3n que podr\u00e1n ser compartidas con el prop\u00f3sito de superar las limitaciones identificadas en torno a la producci\u00f3n y competitividad de la pesca a peque\u00f1a y mediana escala y contribuir al logro de un mejor y m\u00e1s elevado nivel de desarrollo, y en particular a las pol\u00edticas sociales dise\u00f1adas para responder a esos desaf\u00edos que suponen una cierta capacidad de participaci\u00f3n y organizaci\u00f3n de las comunidades; participaci\u00f3n que se lograr\u00e1 en la medida en que haya una efectiva capacidad de asociaci\u00f3n y movilizaci\u00f3n desde la base social.<\/font><\/P><P ALIGN=\"JUSTIFY\"><font >Por otra parte, encontrarnos una pesca artesanal tradicional, con embarcaciones de madera o fibra, con motores fuera de borda, uso de redes especiales y en algunos casos con ciertas mejoras en las instalaciones de desembarque y manipulaci\u00f3n de los productos pesqueros, y una pesca artesanal de subsistencia, que se lleva a cabo por lo general cerca de la costa, con instrumentos manuales, rudimentarios y con baja inversi\u00f3n.<\/font><\/P><P ALIGN=\"JUSTIFY\"><font >Las dificultades, obst\u00e1culos y deficiencias inherentes a una din\u00e1mica de trabajo con este subsector productivo tiene ra\u00edces estructurales que van desde los elementos metodol\u00f3gicos del trabajo desarrollado, a problemas referidos a niveles de desarrollo de cada grupo y de la relaci\u00f3n de estos con el resto de la organizaci\u00f3n no participante de los proyectos.<\/font><\/P><P ALIGN=\"JUSTIFY\"><font >Lo anterior conlleva a coordinar y buscar espacios de articulaci\u00f3n y apoyo con la comunidad cient\u00edfica y t\u00e9cnica de Ecuador para compartir, intercambiar y conocer experiencias de funcionamiento del subsector, aspectos tecnol\u00f3gicos y de formaci\u00f3n de pescadores artesanales, estudios en la biolog\u00eda de las especies, \u00e9pocas de reproducci\u00f3n, reclutamiento, biomasa, estado de explotaci\u00f3n, esfuerzo total (pesca industrial m\u00e1s artesanal), que ser\u00edan la base para mejorar e innovar nuevas pr\u00e1cticas tecnol\u00f3gicas e implementar medidas de ordenamiento unificadas para el aprovechamiento sostenido de los recursos pesqueros que son compartidos, y para el establecimiento de mecanismos de control y cruce de informaci\u00f3n para salvaguardar los intereses de cada pa\u00eds y de la regi\u00f3n con relaci\u00f3n a los recursos pesqueros.<\/font><\/P><P ALIGN=\"JUSTIFY\"><font >El mecanismo que permitir\u00e1 el desarrollo de este proceso es el Convenio de Pesca Artesanal de 1994, en el cual se pueden enmarcar propuestas orientadas al desarrollo de la actividad para las comunidades de pescadores artesanales, los agentes involucrados en ella y el marco de pol\u00edticas gubernamentales en que se desenvuelve y lograr un flujo adecuado de informaci\u00f3n, que permita potenciar los recursos disponibles, construir conocimiento para el desarrollo del subsector y aprovechar la tecnolog\u00eda generada para la regi\u00f3n. Este conocimiento construido colectivamente, con el aporte de todos los componentes, deber\u00e1 convertirse en el principal insumo para la toma de decisiones para el desarrollo de las comunidades de pescadores, el aprovechamiento y la sostenibilidad de los recursos pesqueros en los dos pa\u00edses.<\/font><\/P><P ALIGN=\"JUSTIFY\"><font >Por las razones expuestas, y como consecuencia de la decisi\u00f3n tomada por la honorable Corte Constitucional mediante Sentencia C-781 del 18 de agosto de 2004, en el proceso de revisi\u00f3n constitucional de la Ley 871 del 30 de diciembre de 2003, aprobatoria del citado Acuerdo, el Gobierno Nacional, a trav\u00e9s de la Ministra de Relaciones Exteriores y el Ministro de Agricultura y Desarrollo Rural, nuevamente, somete a consideraci\u00f3n del honorable Congreso de la Rep\u00fablica, el &quot;Acuerdo entre Ecuador y Colombia sobre Pesca Artesanal&quot;, firmado en la ciudad de Popay\u00e1n, a los trece (13) d\u00edas del mes de mayo de mil novecientos noventa y cuatro (1994), y solicita su aprobaci\u00f3n.<\/font><\/P><P ALIGN=\"center\" style=\"margin-top: 0; margin-bottom: 0\"><font >De los honorables Senadores y Representantes,<\/font><\/P><P ALIGN=\"center\" style=\"margin-top: 0; margin-bottom: 0\"><font >La Ministra de Relaciones Exteriores,<\/font><\/P><I><P ALIGN=\"center\" style=\"margin-top: 0; margin-bottom: 0\"><font >Carolina Barco Isakson.<\/font><\/P><P ALIGN=\"center\" style=\"margin-top: 0; margin-bottom: 0\">&nbsp;<\/P><\/I><P ALIGN=\"center\" style=\"margin-top: 0; margin-bottom: 0\"><font >El Ministro de Agricultura y Desarrollo Rural,<\/font><\/P><I><P ALIGN=\"center\" style=\"margin-top: 0; margin-bottom: 0\"><font >Andr\u00e9s Felipe Arias Leiva.<\/font><\/P><P ALIGN=\"center\" style=\"margin-top: 0; margin-bottom: 0\">&nbsp;<\/P><P ALIGN=\"center\" style=\"margin-top: 0; margin-bottom: 0\">&nbsp;<\/P><P ALIGN=\"center\" style=\"margin-top: 0; margin-bottom: 0\">&nbsp;<\/P><\/I><P ALIGN=\"center\" style=\"margin-top: 0; margin-bottom: 0\"><b><font >LEY 424 DE 1998<\/font><\/b><\/P><P ALIGN=\"center\" style=\"margin-top: 0; margin-bottom: 0\">&nbsp;<\/P><P ALIGN=\"center\" style=\"margin-top: 0; margin-bottom: 0\"><font >(enero 13)<\/font><\/P><P ALIGN=\"center\" style=\"margin-top: 0; margin-bottom: 0\">&nbsp;<\/P><I><P ALIGN=\"center\" style=\"margin-top: 0; margin-bottom: 0\"><font >por la cual se ordena el seguimiento a los convenios internacionales<\/font><\/P><P ALIGN=\"center\" style=\"margin-top: 0; margin-bottom: 0\"><font >suscritos por Colombia.<\/font><\/P><P ALIGN=\"center\" style=\"margin-top: 0; margin-bottom: 0\">&nbsp;<\/P><\/I><P ALIGN=\"center\" style=\"margin-top: 0; margin-bottom: 0\"><font >El Congreso de Colombia<\/font><\/P><P ALIGN=\"center\" style=\"margin-top: 0; margin-bottom: 0\">&nbsp;<\/P><P ALIGN=\"center\"><b><font >DECRETA:<\/font><\/b><\/P><P ALIGN=\"JUSTIFY\"><font ><b>Art\u00edculo 1\u00ba. <\/b>El Gobierno Nacional a trav\u00e9s de la Canciller\u00eda presentar\u00e1 anualmente, a las Comisiones Segundas de Relaciones Exteriores de Senado y C\u00e1mara, y dentro de los primeros treinta d\u00edas calendario posteriores al per\u00edodo legislativo que se inicia cada 20 de julio, un informe pormenorizado acerca de c\u00f3mo se est\u00e1n cumpliendo y desarrollando los Convenios Internacionales vigentes suscritos por Colombia con otros Estados.<\/font><\/P><P ALIGN=\"JUSTIFY\">&nbsp;<\/P><P ALIGN=\"JUSTIFY\"><font ><b>Art\u00edculo 2\u00ba. <\/b>Cada dependencia del Gobierno Nacional encargada de ejecutar los Tratados Internacionales de su competencia y requerir la reciprocidad en los mismos, trasladar\u00e1 la informaci\u00f3n pertinente al Ministerio de Relaciones Exteriores y este, a las Comisiones Segundas.<\/font><\/P><P ALIGN=\"JUSTIFY\"><font ><b>Art\u00edculo 3\u00ba.<\/b> El texto completo de la presente ley se incorporar\u00e1 como anexo a todos y cada uno de los Convenios Internacionales que el Ministerio de Relaciones Exteriores presente a consideraci\u00f3n del Congreso.<\/font><\/P><P ALIGN=\"JUSTIFY\"><font ><b>Art\u00edculo 4\u00ba.<\/b> La presente ley rige a partir de su promulgaci\u00f3n.<\/font><\/P><P ALIGN=\"center\" style=\"margin-top: 0; margin-bottom: 0\">&nbsp;<\/P><P ALIGN=\"center\" style=\"margin-top: 0; margin-bottom: 0\"><font >El Presidente del honorable Senado de la Rep\u00fablica.<\/font><\/P><I><P ALIGN=\"center\" style=\"margin-top: 0; margin-bottom: 0\"><font >Amylkar Acosta Medina.<\/font><\/P><P ALIGN=\"center\" style=\"margin-top: 0; margin-bottom: 0\">&nbsp;<\/P><\/I><P ALIGN=\"center\" style=\"margin-top: 0; margin-bottom: 0\"><font >El Secretario General del honorable Senado de la Rep\u00fablica,<\/font><\/P><I><P ALIGN=\"center\" style=\"margin-top: 0; margin-bottom: 0\"><font >Pedro Pumarejo Vega.<\/font><\/P><P ALIGN=\"center\" style=\"margin-top: 0; margin-bottom: 0\">&nbsp;<\/P><\/I><P ALIGN=\"center\" style=\"margin-top: 0; margin-bottom: 0\"><font >El Presidente de la honorable C\u00e1mara de Representantes,<\/font><\/P><I><P ALIGN=\"center\" style=\"margin-top: 0; margin-bottom: 0\"><font >Carlos Ardila Ballesteros.<\/font><\/P><P ALIGN=\"center\" style=\"margin-top: 0; margin-bottom: 0\">&nbsp;<\/P><\/I><P ALIGN=\"center\" style=\"margin-top: 0; margin-bottom: 0\"><font >El Secretario General de la honorable C\u00e1mara de Representantes,<\/font><\/P><I><P ALIGN=\"center\" style=\"margin-top: 0; margin-bottom: 0\"><font >Diego Vivas Tafur.<\/font><\/P><P ALIGN=\"center\" style=\"margin-top: 0; margin-bottom: 0\">&nbsp;<\/P><\/I><P ALIGN=\"center\" style=\"margin-top: 0; margin-bottom: 0\"><font >REPUBLICA DE COLOMBIA &#8211; GOBIERNO NACIONAL<\/font><\/P><P ALIGN=\"center\" style=\"margin-top: 0; margin-bottom: 0\"><font >Publ\u00edquese y ejec\u00fatese.<\/font><\/P><P ALIGN=\"center\" style=\"margin-top: 0; margin-bottom: 0\"><font >Dada en Santa Fe de Bogot\u00e1, D. C., a 13 de enero de 1998.<\/font><\/P><P ALIGN=\"center\" style=\"margin-top: 0; margin-bottom: 0\">&nbsp;<\/P><P ALIGN=\"center\" style=\"margin-top: 0; margin-bottom: 0\"><font >ERNESTO SAMPER PIZANO<\/font><\/P><P ALIGN=\"center\" style=\"margin-top: 0; margin-bottom: 0\">&nbsp;<\/P><P ALIGN=\"center\" style=\"margin-top: 0; margin-bottom: 0\"><font >La Ministra de Relaciones Exteriores,<\/font><\/P><I><P ALIGN=\"center\" style=\"margin-top: 0; margin-bottom: 0\"><font >Mar\u00eda Emma Mej\u00eda V\u00e9lez.<\/font><\/P><P ALIGN=\"center\" style=\"margin-top: 0; margin-bottom: 0\">&nbsp;<\/P><\/I><P ALIGN=\"center\" style=\"margin-top: 0; margin-bottom: 0\"><font >RAMA EJECUTIVA DEL PODER PUBLICO PRESIDENCIA DE LA REPUBLICA<\/font><\/P><P ALIGN=\"center\" style=\"margin-top: 0; margin-bottom: 0\"><font >Bogot\u00e1, D. C.,<\/font><\/P><P ALIGN=\"center\" style=\"margin-top: 0; margin-bottom: 0\"><font >Aprobado. Som\u00e9tase a la consideraci\u00f3n del honorable Congreso Nacional para los efectos constitucionales.<\/font><\/P><P ALIGN=\"center\" style=\"margin-top: 0; margin-bottom: 0\">&nbsp;<\/P><P ALIGN=\"center\" style=\"margin-top: 0; margin-bottom: 0\"><font >(Fdo.) ANDR\u00c9S PASTRANA ARANGO<\/font><\/P><P ALIGN=\"center\" style=\"margin-top: 0; margin-bottom: 0\">&nbsp;<\/P><P ALIGN=\"center\" style=\"margin-top: 0; margin-bottom: 0\"><font >El Ministro de Relaciones Exteriores,<\/font><\/P><I><P ALIGN=\"center\" style=\"margin-top: 0; margin-bottom: 0\"><font >(Fdo.) Guillermo Fern\u00e1ndez de Soto.<\/font><\/P><\/I><P ALIGN=\"center\">&nbsp;<\/P><P ALIGN=\"center\">&nbsp;<\/P><P ALIGN=\"center\"><b><font >DECRETA:<\/font><\/b><\/P><P ALIGN=\"JUSTIFY\"><font ><b>Art\u00edculo 1\u00b0.<\/b> Apru\u00e9base el &quot;Acuerdo entre Ecuador y Colombia sobre Pesca Artesanal&quot;, firmado en la ciudad de Popay\u00e1n, a los trece (13) d\u00edas del mes de mayo de mil novecientos noventa y cuatro (1994).<\/font><\/P><P ALIGN=\"JUSTIFY\"><font ><b>Art\u00edculo 2\u00b0.<\/b> De conformidad con lo dispuesto en el art\u00edculo 1\u00b0 de la Ley 7\u00aa de 1944, el &quot;Acuerdo entre Ecuador y Colombia sobre Pesca Artesanal&quot;, firmado en la ciudad de Popay\u00e1n, a los trece (13) d\u00edas del mes de mayo de mil novecientos noventa y cuatro (1994), que por el art\u00edculo 1\u00b0 de esta ley se aprueba, obligar\u00e1 al pa\u00eds a partir de la fecha en que se perfeccione el v\u00ednculo internacional respecto del mismo.<\/font><\/P><P ALIGN=\"JUSTIFY\"><font ><b>Art\u00edculo 3\u00b0.<\/b> La presente ley rige a partir de la fecha de su publicaci\u00f3n.<\/font><\/P><P ALIGN=\"JUSTIFY\">&nbsp;<\/P><P ALIGN=\"center\" style=\"margin-top: 0; margin-bottom: 0\"><font >La Presidenta del honorable Senado de la Rep\u00fablica,<\/font><\/P><I><P ALIGN=\"center\" style=\"margin-top: 0; margin-bottom: 0\"><font >Dilian Francisca Toro Torres. <\/font> <\/P><\/I><P ALIGN=\"center\" style=\"margin-top: 0; margin-bottom: 0\">&nbsp;<\/P><P ALIGN=\"center\" style=\"margin-top: 0; margin-bottom: 0\"><font >El Secretario General del honorable Senado de la Rep\u00fablica,<\/font><\/P><I><P ALIGN=\"center\" style=\"margin-top: 0; margin-bottom: 0\"><font >Emilio Ram\u00f3n Otero Dajud.<\/font><\/P><P ALIGN=\"center\" style=\"margin-top: 0; margin-bottom: 0\">&nbsp;<\/P><\/I><P ALIGN=\"center\" style=\"margin-top: 0; margin-bottom: 0\"><font >El Presidente de la honorable C\u00e1mara de Representantes,<\/font><\/P><I><P ALIGN=\"center\" style=\"margin-top: 0; margin-bottom: 0\"><font >Alfredo Ape Cuello Baute.<\/font><\/P><P ALIGN=\"center\" style=\"margin-top: 0; margin-bottom: 0\">&nbsp;<\/P><\/I><P ALIGN=\"center\" style=\"margin-top: 0; margin-bottom: 0\"><font >El Secretario General de la honorable C\u00e1mara de Representantes,<\/font><\/P><I><P ALIGN=\"center\" style=\"margin-top: 0; margin-bottom: 0\"><font >Angelino Lizcano Rivera.<\/font><\/P><P ALIGN=\"center\" style=\"margin-top: 0; margin-bottom: 0\">&nbsp;<\/P><\/I><P ALIGN=\"center\" style=\"margin-top: 0; margin-bottom: 0\"><font >REPUBLICA DE COLOMBIA \u2013 GOBIERNO NACIONAL<\/font><\/P><P ALIGN=\"center\" style=\"margin-top: 0; margin-bottom: 0\"><font >Comun\u00edquese y c\u00famplase.<\/font><\/P><P ALIGN=\"center\" style=\"margin-top: 0; margin-bottom: 0\"><font >Ejec\u00fatese, previa revisi\u00f3n de la Corte Constitucional, conforme al art\u00edculo 241-10 de la Constituci\u00f3n Pol\u00edtica.<\/font><\/P><P ALIGN=\"center\" style=\"margin-top: 0; margin-bottom: 0\"><font >Dada en Bogot\u00e1, D. C., a 15 de febrero de 2007. <\/font> <\/P><P ALIGN=\"center\" style=\"margin-top: 0; margin-bottom: 0\">&nbsp;<\/P><P ALIGN=\"center\" style=\"margin-top: 0; margin-bottom: 0\"> <b> <font >\u00c1LVARO URIBE V\u00c9LEZ<\/font><\/b><\/P><P ALIGN=\"center\" style=\"margin-top: 0; margin-bottom: 0\"> &nbsp;<\/P><P ALIGN=\"center\" style=\"margin-top: 0; margin-bottom: 0\"><font >La Ministra de Relaciones Exteriores,<\/font><\/P><I><P ALIGN=\"center\" style=\"margin-top: 0; margin-bottom: 0\"><font >Mar\u00eda Consuelo Ara\u00fajo Castro.<\/font><\/P><P ALIGN=\"center\" style=\"margin-top: 0; margin-bottom: 0\">&nbsp;<\/P><\/I><P ALIGN=\"center\" style=\"margin-top: 0; margin-bottom: 0\"><font >El Ministro de Agricultura y Desarrollo Rural,<\/font><\/P><I><P ALIGN=\"center\" style=\"margin-top: 0; margin-bottom: 0\"><font >Andr\u00e9s Felipe Arias Leyva.<\/font><\/P><\/I><\/FONT><FONT FACE=\"Book Antiqua\" SIZE=2><P ALIGN=\"JUSTIFY\">&nbsp;<\/P><\/FONT><FONT FACE=\"Arial\" SIZE=2><P ALIGN=\"JUSTIFY\">&nbsp;<\/P><\/FONT><\/p>\n","protected":false},"excerpt":{"rendered":"<p>LEY 1131 DE 2007 LEY 1131 DE 2007(febrero 15)por medio de la cual se aprueba el &quot;Acuerdo entre Ecuador y Colombia sobre Pesca Artesanal&quot;, firmado en la ciudad de Popay\u00e1n, a los trece (13) d\u00edas del mes de mayo de mil novecientos noventa y cuatro (1994). *Resumen de Notas de Vigencia* &nbsp; NOTAS DE VIGENCIA: [&hellip;]<\/p>\n","protected":false},"author":1,"featured_media":0,"comment_status":"open","ping_status":"open","sticky":false,"template":"","format":"standard","meta":{"footnotes":""},"categories":[22],"tags":[],"class_list":["post-1197","post","type-post","status-publish","format-standard","hentry","category-leyes-2007"],"_links":{"self":[{"href":"https:\/\/www.dmsjuridica.com\/buscador_20179478954\/legislacion\/leyes\/wp-json\/wp\/v2\/posts\/1197","targetHints":{"allow":["GET"]}}],"collection":[{"href":"https:\/\/www.dmsjuridica.com\/buscador_20179478954\/legislacion\/leyes\/wp-json\/wp\/v2\/posts"}],"about":[{"href":"https:\/\/www.dmsjuridica.com\/buscador_20179478954\/legislacion\/leyes\/wp-json\/wp\/v2\/types\/post"}],"author":[{"embeddable":true,"href":"https:\/\/www.dmsjuridica.com\/buscador_20179478954\/legislacion\/leyes\/wp-json\/wp\/v2\/users\/1"}],"replies":[{"embeddable":true,"href":"https:\/\/www.dmsjuridica.com\/buscador_20179478954\/legislacion\/leyes\/wp-json\/wp\/v2\/comments?post=1197"}],"version-history":[{"count":0,"href":"https:\/\/www.dmsjuridica.com\/buscador_20179478954\/legislacion\/leyes\/wp-json\/wp\/v2\/posts\/1197\/revisions"}],"wp:attachment":[{"href":"https:\/\/www.dmsjuridica.com\/buscador_20179478954\/legislacion\/leyes\/wp-json\/wp\/v2\/media?parent=1197"}],"wp:term":[{"taxonomy":"category","embeddable":true,"href":"https:\/\/www.dmsjuridica.com\/buscador_20179478954\/legislacion\/leyes\/wp-json\/wp\/v2\/categories?post=1197"},{"taxonomy":"post_tag","embeddable":true,"href":"https:\/\/www.dmsjuridica.com\/buscador_20179478954\/legislacion\/leyes\/wp-json\/wp\/v2\/tags?post=1197"}],"curies":[{"name":"wp","href":"https:\/\/api.w.org\/{rel}","templated":true}]}}