{"id":1234,"date":"2020-11-24T19:32:36","date_gmt":"2020-11-24T19:32:36","guid":{"rendered":"https:\/\/www.dmsjuridica.com\/buscador_20179478954\/legislacion\/leyes\/2020\/11\/24\/ley-1168-de-2007\/"},"modified":"2020-11-24T19:32:36","modified_gmt":"2020-11-24T19:32:36","slug":"ley-1168-de-2007","status":"publish","type":"post","link":"https:\/\/www.dmsjuridica.com\/buscador_20179478954\/legislacion\/leyes\/2020\/11\/24\/ley-1168-de-2007\/","title":{"rendered":"LEY 1168 DE 2007"},"content":{"rendered":"<p>LEY 1168 DE 2007            <\/a><\/p>\n<p>&nbsp;<\/p>\n<p align=\"center\"><img loading=\"lazy\" decoding=\"async\" border=\"0\" src=\"http:\/\/dmsjuridica.com\/CODIGOS\/LEGISLACION\/LEYES\/2019\/dms.png\" width=\"138\" height=\"103\"align=\"center\"><\/p>\n<\/p>\n<p class=\"MsoNormal\" style=\"line-height: normal; text-autospace: none; margin-bottom: 0; margin-top:0\" align=\"center\"><b>LEY 1168 DE 2007<\/b><\/p>\n<p class=\"MsoNormal\" style=\"line-height: normal; text-autospace: none; margin-bottom: 0; margin-top:0\" align=\"center\">(noviembre 21)<\/p>\n<p class=\"MsoNormal\" style=\"line-height: normal; text-autospace: none; margin-bottom: 0; margin-top:0\" align=\"center\">&nbsp;<\/p>\n<p class=\"MsoNormal\" style=\"line-height: normal; text-autospace: none; margin-bottom: 0; margin-top:0\" align=\"center\">por medio de la cual se modifica el par\u00e1grafo 3\u00b0 del art\u00edculo 21 del <b><a hrefx=\"..\/..\/decretos\/2000\/D1791de2000.htm\">Decreto 1791 de 2000<\/a><\/b>.<\/p>\n<p class=\"MsoNormal\" style=\"line-height: normal; text-autospace: none; margin-bottom: 0; margin-top:0\" align=\"center\">&nbsp;<\/p>\n<p class=\"MsoNormal\" style=\"line-height: normal; text-autospace: none; margin-bottom: 0; margin-top:0\" align=\"center\">El Congreso de la Rep\u00fablica<\/p>\n<p class=\"MsoNormal\" style=\"line-height: normal; text-autospace: none; margin-bottom: 0; margin-top:0\" align=\"center\">&nbsp;<\/p>\n<p class=\"MsoNormal\" style=\"line-height: normal; text-autospace: none; margin-bottom: 0; margin-top:0\" align=\"center\">DECRETA:<\/p>\n<p class=\"MsoNormal\" style=\"line-height: normal; text-autospace: none; margin-bottom: 0; margin-top:0\" align=\"center\">&nbsp;<\/p>\n<p class=\"MsoNormal\" style=\"line-height: normal; text-autospace: none; margin-bottom: 0; margin-top:0\" align=\"justify\"><b>Art\u00edculo 1\u00b0.<\/b> Modificase el par\u00e1grafo 3\u00b0 del art\u00edculo 21 del <b><a hrefx=\"..\/..\/decretos\/2000\/D1791de2000.htm\">Decreto 1791 de 2000<\/a><\/b>, el cual quedar\u00e1 as\u00ed:<\/p>\n<p class=\"MsoNormal\" style=\"line-height: normal; text-autospace: none; margin-bottom: 0; margin-top:0\" align=\"justify\">&nbsp;<\/p>\n<p class=\"MsoNormal\" style=\"line-height: normal; text-autospace: none; margin-bottom: 0; margin-top:0\" align=\"justify\"><b>Par\u00e1grafo 3\u00b0. <\/b>Se except\u00faa de lo dispuesto en el numeral 4 de este art\u00edculo, el personal que hubiere sido declarado no apto para el servicio operativo como consecuencia de heridas en actos del servicio, en combate, como consecuencia de la acci\u00f3n del enemigo, en conflicto internacional, en tareas de mantenimiento o restablecimiento del orden p\u00fablico o que hubiere sido declarado no apto con reubicaci\u00f3n laboral por la Junta M\u00e9dico Laboral o Tribunal M\u00e9dico de Revisi\u00f3n Militar y Polic\u00eda, sin importar la circunstancia en que haya adquirido su disminuci\u00f3n de la capacidad laboral, podr\u00e1 ser ascendido siempre y cuando cumpla con los dem\u00e1s requisitos exigidos y excelente trayectoria profesional, salvo que las lesiones o heridas hayan sido ocasionadas con violaci\u00f3n de la Ley o los Reglamentos. <\/p>\n<p class=\"MsoNormal\" style=\"line-height: normal; text-autospace: none; margin-bottom: 0; margin-top:0\" align=\"justify\">&nbsp;<\/p>\n<p class=\"MsoNormal\" style=\"line-height: normal; text-autospace: none; margin-bottom: 0; margin-top:0\" align=\"justify\">&nbsp;<\/p>\n<p class=\"MsoNormal\" style=\"line-height: normal; text-autospace: none; margin-bottom: 0; margin-top:0\" align=\"justify\"><b>Art\u00edculo 2\u00b0.<\/b> <i>Vigencia<\/i>. La presente ley rige a partir de la fecha de su promulgaci\u00f3n y deroga las dem\u00e1s disposiciones que le sean contrarias. La Presidenta del honorable Senado de la Rep\u00fablica,<\/p>\n<p class=\"MsoNormal\" style=\"line-height: normal; text-autospace: none; margin-bottom: 0; margin-top:0\" align=\"justify\">&nbsp;<\/p>\n<p class=\"MsoNormal\" style=\"line-height: normal; text-autospace: none; margin-bottom: 0; margin-top:0\" align=\"center\"><i>Nancy Patricia Guti\u00e9rrez Casta\u00f1eda.<\/i><\/p>\n<p class=\"MsoNormal\" style=\"line-height: normal; text-autospace: none; margin-bottom: 0; margin-top:0\" align=\"center\">El Secretario General del honorable Senado de la Rep\u00fablica,<\/p>\n<p class=\"MsoNormal\" style=\"line-height: normal; text-autospace: none; margin-bottom: 0; margin-top:0\" align=\"center\">&nbsp;<\/p>\n<p class=\"MsoNormal\" style=\"line-height: normal; text-autospace: none; margin-bottom: 0; margin-top:0\" align=\"center\"><i>Emilio Ram\u00f3n Otero Dajud.<\/i><\/p>\n<p class=\"MsoNormal\" style=\"line-height: normal; text-autospace: none; margin-bottom: 0; margin-top:0\" align=\"center\">El Presidente de la honorable C\u00e1mara de Representantes,<\/p>\n<p class=\"MsoNormal\" style=\"line-height: normal; text-autospace: none; margin-bottom: 0; margin-top:0\" align=\"center\">&nbsp;<\/p>\n<p class=\"MsoNormal\" style=\"line-height: normal; text-autospace: none; margin-bottom: 0; margin-top:0\" align=\"center\"><i>Oscar Arboleda Palacio.<\/i><\/p>\n<p class=\"MsoNormal\" style=\"line-height: normal; text-autospace: none; margin-bottom: 0; margin-top:0\" align=\"center\">El Secretario General de la honorable C\u00e1mara de Representantes,<\/p>\n<p class=\"MsoNormal\" style=\"line-height: normal; text-autospace: none; margin-top: 0; margin-bottom: 0\" align=\"center\">&nbsp;<\/p>\n<p class=\"MsoNormal\" style=\"line-height: normal; text-autospace: none; margin-bottom: 0; margin-top:0\" align=\"center\">REPUBLICA DE COLOMBIA \u2013 GOBIERNO NACIONAL<\/p>\n<p class=\"MsoNormal\" style=\"line-height: normal; text-autospace: none; margin-bottom: 0; margin-top:0\" align=\"center\">Publ\u00edquese y ejec\u00fatese.<\/p>\n<p class=\"MsoNormal\" style=\"line-height: normal; text-autospace: none; margin-bottom: 0; margin-top:0\" align=\"center\">Dada en Bogot\u00e1, D. C., a 21 de noviembre de 2007.<\/p>\n<p class=\"MsoNormal\" style=\"line-height: normal; text-autospace: none; margin-bottom: 0; margin-top:0\" align=\"center\">&nbsp;<\/p>\n<p class=\"MsoNormal\" style=\"line-height: normal; text-autospace: none; margin-bottom: 0; margin-top:0\" align=\"center\">\u00c1LVARO URIBE V\u00c9LEZ<\/p>\n<p class=\"MsoNormal\" style=\"line-height: normal; text-autospace: none; margin-bottom: 0; margin-top:0\" align=\"center\">&nbsp;<\/p>\n<p class=\"MsoNormal\" style=\"line-height: normal; text-autospace: none; margin-bottom: 0; margin-top:0\" align=\"center\">El Comandante General de las FF.MM. encargado de las funciones del despacho del Ministro de Defensa Nacional,<\/p>\n<p class=\"MsoNormal\" style=\"margin-top: 0; margin-bottom: 0\" align=\"center\">General <i>Fredy Padilla de Le\u00f3n.<\/i><\/p>\n","protected":false},"excerpt":{"rendered":"<p>LEY 1168 DE 2007 &nbsp; LEY 1168 DE 2007 (noviembre 21) &nbsp; por medio de la cual se modifica el par\u00e1grafo 3\u00b0 del art\u00edculo 21 del Decreto 1791 de 2000. &nbsp; El Congreso de la Rep\u00fablica &nbsp; DECRETA: &nbsp; Art\u00edculo 1\u00b0. Modificase el par\u00e1grafo 3\u00b0 del art\u00edculo 21 del Decreto 1791 de 2000, el cual [&hellip;]<\/p>\n","protected":false},"author":1,"featured_media":0,"comment_status":"open","ping_status":"open","sticky":false,"template":"","format":"standard","meta":{"footnotes":""},"categories":[22],"tags":[],"class_list":["post-1234","post","type-post","status-publish","format-standard","hentry","category-leyes-2007"],"_links":{"self":[{"href":"https:\/\/www.dmsjuridica.com\/buscador_20179478954\/legislacion\/leyes\/wp-json\/wp\/v2\/posts\/1234","targetHints":{"allow":["GET"]}}],"collection":[{"href":"https:\/\/www.dmsjuridica.com\/buscador_20179478954\/legislacion\/leyes\/wp-json\/wp\/v2\/posts"}],"about":[{"href":"https:\/\/www.dmsjuridica.com\/buscador_20179478954\/legislacion\/leyes\/wp-json\/wp\/v2\/types\/post"}],"author":[{"embeddable":true,"href":"https:\/\/www.dmsjuridica.com\/buscador_20179478954\/legislacion\/leyes\/wp-json\/wp\/v2\/users\/1"}],"replies":[{"embeddable":true,"href":"https:\/\/www.dmsjuridica.com\/buscador_20179478954\/legislacion\/leyes\/wp-json\/wp\/v2\/comments?post=1234"}],"version-history":[{"count":0,"href":"https:\/\/www.dmsjuridica.com\/buscador_20179478954\/legislacion\/leyes\/wp-json\/wp\/v2\/posts\/1234\/revisions"}],"wp:attachment":[{"href":"https:\/\/www.dmsjuridica.com\/buscador_20179478954\/legislacion\/leyes\/wp-json\/wp\/v2\/media?parent=1234"}],"wp:term":[{"taxonomy":"category","embeddable":true,"href":"https:\/\/www.dmsjuridica.com\/buscador_20179478954\/legislacion\/leyes\/wp-json\/wp\/v2\/categories?post=1234"},{"taxonomy":"post_tag","embeddable":true,"href":"https:\/\/www.dmsjuridica.com\/buscador_20179478954\/legislacion\/leyes\/wp-json\/wp\/v2\/tags?post=1234"}],"curies":[{"name":"wp","href":"https:\/\/api.w.org\/{rel}","templated":true}]}}