{"id":1346,"date":"2020-11-24T20:09:22","date_gmt":"2020-11-24T20:09:22","guid":{"rendered":"https:\/\/www.dmsjuridica.com\/buscador_20179478954\/legislacion\/leyes\/2020\/11\/24\/ley-1280-de-2009\/"},"modified":"2020-11-24T20:09:22","modified_gmt":"2020-11-24T20:09:22","slug":"ley-1280-de-2009","status":"publish","type":"post","link":"https:\/\/www.dmsjuridica.com\/buscador_20179478954\/legislacion\/leyes\/2020\/11\/24\/ley-1280-de-2009\/","title":{"rendered":"LEY 1280 DE 2009"},"content":{"rendered":"<p>LEY 1280 DE 2009            <\/a><\/p>\n<p>&nbsp;<\/p>\n<p align=\"center\"><img loading=\"lazy\" decoding=\"async\" border=\"0\" src=\"http:\/\/dmsjuridica.com\/CODIGOS\/LEGISLACION\/LEYES\/2019\/dms.png\" width=\"138\" height=\"103\"align=\"center\"><\/p>\n<p>&nbsp;<\/font><\/p>\n<\/p>\n<div class=\"Section1\">\n<p class=\"MsoNormal\" style=\"text-align: center\" align=\"center\"><b><font size=\"6\">LEY 1280 DE 2009&nbsp;<\/font><\/b><\/p>\n<p class=\"MsoNormal\" style=\"text-align: center\" align=\"center\">(enero 5 de 2009)<b>&nbsp;<\/b>&nbsp;&nbsp;<\/p>\n<p class=\"MsoNormal\" style=\"text-align: center\" align=\"center\">&quot;por la cual se adiciona el numeral 10 del articulo <b><a hrefx=\"..\/..\/..\/CODIGOS\/COD_SUSTANTIVO_TRABAJO\/COD_SUSTANTIVO_TRABAJO.htm#ART57\">57<\/a><\/b> del<b><a hrefx=\"..\/..\/..\/CODIGOS\/COD_SUSTANTIVO_TRABAJO\/COD_SUSTANTIVO_TRABAJO.htm\">C\u00f3digo Sustantivo del Trabajo<\/a><\/b> y se establece la Licencia por Luto&quot;<\/p>\n<p class=\"MsoNormal\" style=\"text-align: center\" align=\"center\">EL CONGRESO DE COLOMBIA&nbsp;<\/p>\n<p class=\"MsoNormal\" style=\"text-align: center\" align=\"center\">DECRETA:&nbsp;<\/p>\n<p class=\"MsoNormal\" style=\"text-align: justify\"><b>Articulo 1.<\/b> Adicionar un numeral al art\u00edculo <b><a hrefx=\"..\/..\/..\/CODIGOS\/COD_SUSTANTIVO_TRABAJO\/COD_SUSTANTIVO_TRABAJO.htm#ART57\">57<\/a><\/b> del <b><a hrefx=\"..\/..\/..\/CODIGOS\/COD_SUSTANTIVO_TRABAJO\/COD_SUSTANTIVO_TRABAJO.htm\">C\u00f3digo Sustantivo del Trabajo<\/a><\/b>, en los siguientes t\u00e9rminos:&nbsp;<\/p>\n<p class=\"MsoNormal\" style=\"text-align: justify\">10. Conceder al trabajador en Caso de fallecimiento de su c\u00f3nyuge, compa\u00f1ero o compa\u00f1era permanente o de un familiar hasta el grado segundo de consanguinidad, primero de afinidad y primero civil, una licencia remunerada por luto de cinco (05) d\u00edas h\u00e1biles, cualquiera sea su modalidad de contrataci\u00f3n o de vinculaci\u00f3n laboral. La grave calamidad dom\u00e9stica no incluye la Licencia por Luto que trata este numeral.&nbsp;<\/p>\n<p class=\"MsoNormal\" style=\"text-align: justify\">Este hecho deber\u00e1 demostrarse mediante documento expedido por la autoridad competente, dentro de los treinta (30) d\u00edas siguientes a su ocurrencia.&nbsp;<\/p>\n<p class=\"MsoNormal\" style=\"text-align: justify\"><b>Par\u00e1grafo.<\/b> Las EPS tendr\u00e1n la obligaci\u00f3n de prestar la asesor\u00eda psicol\u00f3gica a la familia. <\/p>\n<p class=\"MsoNormal\" style=\"text-align: justify\">&nbsp;*Nota Jurisprudencial*<\/p>\n<table border=\"1\" width=\"100%\" id=\"table1\" cellspacing=\"0\" cellpadding=\"6\">\n<tr>\n<td align=\"justify\"><i><b><font face=\"Verdana\" size=\"2\">Corte Constitucional <\/font><\/b><\/i><\/td>\n<\/tr>\n<tr>\n<td align=\"justify\"><i><font face=\"Verdana\" size=\"2\">&nbsp;La Corte Constitucional se declar\u00f3 INHIBIDA de fallar sobre este art\u00edculo por ineptitud de la demanda, mediante Sentencia C-013-10 seg\u00fan Comunicado de Prensa de la Sala Plena de 20 de enero de 2010, Magistrado Ponente Dr. Mauricio Gonz\u00e1lez Cuervo. <\/font><\/i><\/td>\n<\/tr>\n<tr>\n<td align=\"justify\"><i><font face=\"Verdana\" size=\"2\">&#8211; La Corte Constitucional se declar\u00f3 INHIBIDA de fallar sobre este art\u00edculo por ineptitud de la demanda, mediante Sentencia C-805-09 de 11 de noviembre de 2009, Magistrada Ponente Dra. Mar\u00eda Victoria Calle Correa. <\/font><\/i><\/td>\n<\/tr>\n<\/table>\n<p class=\"MsoNormal\" style=\"TEXT-ALIGN: justify\"><b>Articulo 2.<\/b> La presente Ley rige a partir del momento de su publicaci\u00f3n.&nbsp;<\/p>\n<p class=\"MsoNormal\" style=\"text-align: center; margin-top: 0; margin-bottom: 0\">El Presidente del Honorable Senado de la Rep\u00fablica<\/p>\n<p class=\"MsoNormal\" style=\"text-align: center; margin-top: 0; margin-bottom: 0\">Hern\u00e1n Andrade Serrano<\/p>\n<p class=\"MsoNormal\" style=\"text-align: center; margin-top: 0; margin-bottom: 0\">&nbsp;<\/p>\n<p class=\"MsoNormal\" style=\"text-align: center; margin-top: 0; margin-bottom: 0\">El secretario general del honorable senado de la rep\u00fablica<\/p>\n<p class=\"MsoNormal\" style=\"text-align: center; margin-top: 0; margin-bottom: 0\">Emilio Ram\u00f3n OteroDajud<\/p>\n<p class=\"MsoNormal\" style=\"text-align: center; margin-top: 0; margin-bottom: 0\">&nbsp;<\/p>\n<p class=\"MsoNormal\" style=\"text-align: center; margin-top: 0; margin-bottom: 0\">El Presidente de la Honorable C\u00e1mara de Representantes<\/p>\n<p class=\"MsoNormal\" style=\"text-align: center; margin-top: 0; margin-bottom: 0\">German Var\u00f3nCotrino<\/p>\n<p class=\"MsoNormal\" style=\"text-align: center; margin-top: 0; margin-bottom: 0\">&nbsp;<\/p>\n<p class=\"MsoNormal\" style=\"text-align: center; margin-top: 0; margin-bottom: 0\">El Secretario General de la Honorable C\u00e1mara de representantes<\/p>\n<p class=\"MsoNormal\" style=\"text-align: center; margin-top: 0; margin-bottom: 0\">&nbsp;Jes\u00fas Alfonso Rodr\u00edguez Camargo<\/p>\n<p class=\"MsoNormal\" style=\"text-align: center; margin-top: 0; margin-bottom: 0\">&nbsp;<\/p>\n<p class=\"MsoNormal\" style=\"text-align: center; margin-top: 0; margin-bottom: 0\"><font face=\"Verdana\" size=\"2\"><b>REPUBLICA DE COLOMBIA \u2013 GOBIERNO NACIONAL<\/b><\/font><\/p>\n<p class=\"MsoNormal\" style=\"text-align: center; margin-top: 0; margin-bottom: 0\"><font face=\"Verdana\" size=\"2\"><b> Publ\u00edquese y c\u00famplase<br \/>Dada en Bogot\u00e1, D. C., a 5 de enero de 2009<\/font><\/p>\n<p class=\"MsoNormal\" style=\"text-align: center; margin-top: 0; margin-bottom: 0\"><font face=\"Verdana\" size=\"2\"><br \/>\u00c1LVARO URIBE V\u00c9LEZ<\/font><\/p>\n<p class=\"MsoNormal\" style=\"text-align: center; margin-top: 0; margin-bottom: 0\"><font face=\"Verdana\" size=\"2\"><br \/>El Ministro de la Protecci\u00f3n Social<br \/>Diego Palacio Betancourt <\/font><\/p>\n<p class=\"MsoNormal\" style=\"TEXT-ALIGN: justify\">&nbsp;<\/div>\n","protected":false},"excerpt":{"rendered":"<p>LEY 1280 DE 2009 &nbsp; &nbsp; LEY 1280 DE 2009&nbsp; (enero 5 de 2009)&nbsp;&nbsp;&nbsp; &quot;por la cual se adiciona el numeral 10 del articulo 57 delC\u00f3digo Sustantivo del Trabajo y se establece la Licencia por Luto&quot; EL CONGRESO DE COLOMBIA&nbsp; DECRETA:&nbsp; Articulo 1. Adicionar un numeral al art\u00edculo 57 del C\u00f3digo Sustantivo del Trabajo, en [&hellip;]<\/p>\n","protected":false},"author":1,"featured_media":0,"comment_status":"open","ping_status":"open","sticky":false,"template":"","format":"standard","meta":{"footnotes":""},"categories":[24],"tags":[],"class_list":["post-1346","post","type-post","status-publish","format-standard","hentry","category-leyes-2009"],"_links":{"self":[{"href":"https:\/\/www.dmsjuridica.com\/buscador_20179478954\/legislacion\/leyes\/wp-json\/wp\/v2\/posts\/1346","targetHints":{"allow":["GET"]}}],"collection":[{"href":"https:\/\/www.dmsjuridica.com\/buscador_20179478954\/legislacion\/leyes\/wp-json\/wp\/v2\/posts"}],"about":[{"href":"https:\/\/www.dmsjuridica.com\/buscador_20179478954\/legislacion\/leyes\/wp-json\/wp\/v2\/types\/post"}],"author":[{"embeddable":true,"href":"https:\/\/www.dmsjuridica.com\/buscador_20179478954\/legislacion\/leyes\/wp-json\/wp\/v2\/users\/1"}],"replies":[{"embeddable":true,"href":"https:\/\/www.dmsjuridica.com\/buscador_20179478954\/legislacion\/leyes\/wp-json\/wp\/v2\/comments?post=1346"}],"version-history":[{"count":0,"href":"https:\/\/www.dmsjuridica.com\/buscador_20179478954\/legislacion\/leyes\/wp-json\/wp\/v2\/posts\/1346\/revisions"}],"wp:attachment":[{"href":"https:\/\/www.dmsjuridica.com\/buscador_20179478954\/legislacion\/leyes\/wp-json\/wp\/v2\/media?parent=1346"}],"wp:term":[{"taxonomy":"category","embeddable":true,"href":"https:\/\/www.dmsjuridica.com\/buscador_20179478954\/legislacion\/leyes\/wp-json\/wp\/v2\/categories?post=1346"},{"taxonomy":"post_tag","embeddable":true,"href":"https:\/\/www.dmsjuridica.com\/buscador_20179478954\/legislacion\/leyes\/wp-json\/wp\/v2\/tags?post=1346"}],"curies":[{"name":"wp","href":"https:\/\/api.w.org\/{rel}","templated":true}]}}