{"id":1368,"date":"2020-11-24T20:09:23","date_gmt":"2020-11-24T20:09:23","guid":{"rendered":"https:\/\/www.dmsjuridica.com\/buscador_20179478954\/legislacion\/leyes\/2020\/11\/24\/ley-1302-de-2009\/"},"modified":"2020-11-24T20:09:23","modified_gmt":"2020-11-24T20:09:23","slug":"ley-1302-de-2009","status":"publish","type":"post","link":"https:\/\/www.dmsjuridica.com\/buscador_20179478954\/legislacion\/leyes\/2020\/11\/24\/ley-1302-de-2009\/","title":{"rendered":"LEY 1302 DE 2009"},"content":{"rendered":"<p>LEY 1302 DE 2009            <\/a><\/p>\n<p>&nbsp;<\/p>\n<p align=\"center\"><img loading=\"lazy\" decoding=\"async\" border=\"0\" src=\"http:\/\/dmsjuridica.com\/CODIGOS\/LEGISLACION\/LEYES\/2019\/dms.png\" width=\"138\" height=\"103\"align=\"center\"><\/p>\n<p>&nbsp;<\/font><\/p>\n<\/p>\n<p align=\"center\" style=\"margin-top: 0; margin-bottom: 0\"><b><font face=\"Arial\" size=\"6\">LEY 1302 DE 2009<\/font><\/b><\/p>\n<p align=\"justify\" style=\"margin-top: 0; margin-bottom: 0\">&nbsp;<\/p>\n<p align=\"center\" style=\"margin-top: 0; margin-bottom: 0\"><font face=\"Arial\" size=\"2\">(MAYO 18 DE 2009)<\/font><\/p>\n<p align=\"center\" style=\"margin-top: 0; margin-bottom: 0\">&nbsp;<\/p>\n<p align=\"center\" style=\"margin-top: 0; margin-bottom: 0\"><i><font face=\"Arial\" size=\"2\">Por medio de la cual la Naci\u00f3n se asocia a la celebraci\u00f3n de los ciento cuarenta y dos a\u00f1os de fundaci\u00f3n del Municipio de Alvarado, Departamento del tolima y se dictan otras disposiciones.<\/font><\/i><\/p>\n<p align=\"center\" style=\"margin-top: 0; margin-bottom: 0\">&nbsp;<\/p>\n<p align=\"center\" style=\"margin-top: 0; margin-bottom: 0\">&nbsp;<\/p>\n<p align=\"center\" style=\"margin-top: 0; margin-bottom: 0\">&nbsp;<\/p>\n<p align=\"center\" style=\"margin-top: 0; margin-bottom: 0\">&nbsp;<\/p>\n<p align=\"center\" style=\"margin-top: 0; margin-bottom: 0\"><b><font face=\"Arial\" size=\"2\">EL CONGRESO DE COLOMBIA<\/font><\/b><\/p>\n<p align=\"justify\" style=\"margin-top: 0; margin-bottom: 0\">&nbsp;<\/p>\n<p align=\"center\" style=\"margin-top: 0; margin-bottom: 0\"><b><font face=\"Arial\" size=\"2\">DECRETA<\/font><\/b><\/p>\n<p align=\"justify\" style=\"margin-top: 0; margin-bottom: 0\"><font face=\"Arial\" size=\"2\"><br \/><b>ART\u00cdCULO 1\u00b0<i>.<\/i><\/b> La Naci\u00f3n se asocia a la celebraci\u00f3n de los ciento cuarenta y dos a\u00f1os de la fundaci\u00f3n del Municipio de Alvarado, los cuales se cumplir\u00e1n el 25 de Julio de 2008.<\/font><\/p>\n<p align=\"justify\" style=\"margin-top: 0; margin-bottom: 0\"><font face=\"Arial\" size=\"2\"> <\/p>\n<p align=\"justify\" style=\"margin-top: 0; margin-bottom: 0\">&nbsp;<\/p>\n<p align=\"justify\" style=\"margin-top: 0; margin-bottom: 0\"><font face=\"Arial\" size=\"2\"><b>ART\u00cdCULO 2\u00b0. <\/b>Autorizase al Gobierno Nacional de conformidad con lo dispuesto en los art\u00edculos <i><b><a hrefx=\"..\/..\/..\/contitucion_politica\/contitucion_politica.htm#288\">288<\/a><\/b><\/i> y <b><a hrefx=\"..\/..\/..\/contitucion_politica\/contitucion_politica.htm#336\">366<\/a><\/b> de la <i><b><a hrefx=\"..\/..\/..\/contitucion_politica\/contitucion_politica.htm\">Constituci\u00f3n Nacional<\/a><\/b><\/i> en armon\u00eda con los art\u00edculos <i><b><a hrefx=\"..\/..\/..\/contitucion_politica\/contitucion_politica.htm#200\">200<\/a><\/b><\/i> numeral 3 y <i><b><a hrefx=\"..\/..\/..\/contitucion_politica\/contitucion_politica.htm#150\">150<\/a><\/b><\/i> numerales 3 y 9 de la misma, para asignar dentro del Presupuesto Nacional. las apropiaciones necesarias, as\u00ed como los cr\u00e9ditos y traslados presupuestales, para la realizaci\u00f3n en coordinaci\u00f3n con el Departamento del Tolima y el Municipio de Alvarado, de las siguientes obras de inter\u00e9s social y cultural:<\/font><\/p>\n<p align=\"justify\" style=\"margin-top: 0; margin-bottom: 0\"><font face=\"Arial\" size=\"2\"><br \/>Construcci\u00f3n y dotaci\u00f3n del Coliseo de Ferias y Exposiciones del Municipio de Alvarado.<\/font><\/p>\n<p align=\"justify\" style=\"margin-top: 0; margin-bottom: 0\">&nbsp;<\/p>\n<p align=\"justify\" style=\"margin-top: 0; margin-bottom: 0\">&nbsp;<\/p>\n<p align=\"justify\" style=\"margin-top: 0; margin-bottom: 0\">&nbsp;<\/p>\n<p align=\"justify\" style=\"margin-top: 0; margin-bottom: 0\"><font face=\"Arial\" size=\"2\"><b>ART\u00cdCULO 3\u00b0.<i> <\/i><\/b>La presente Ley rige a partir de su sanci\u00f3n.<\/font><\/p>\n<p align=\"justify\" style=\"margin-top: 0; margin-bottom: 0\">&nbsp;<\/p>\n<p align=\"justify\" style=\"margin-top: 0; margin-bottom: 0\">&nbsp;<\/p>\n<div class=\"Section1\">\n<p class=\"MsoNormal\" style=\"text-align: center; margin-top: 0px; margin-bottom: 0px\"><font size=\"2\">El Presidente del honorable Senado de la Rep\u00fablica,&nbsp;<\/font><\/p>\n<p class=\"MsoNormal\" style=\"text-align: center; margin-top: 0px; margin-bottom: 0px\" align=\"right\"><font size=\"2\">Hern\u00e1n Francisco Andrade Serrano.<\/font><\/p>\n<p class=\"MsoNormal\" style=\"text-align: center; margin-top: 0px; margin-bottom: 0px\" align=\"right\"><font size=\"2\">&nbsp;<\/font><\/p>\n<p class=\"MsoNormal\" style=\"text-align: center; margin-top: 0px; margin-bottom: 0px\"><font size=\"2\">El Secretario General del honorable Senado de la Rep\u00fablica,&nbsp;<\/font><\/p>\n<p class=\"MsoNormal\" style=\"text-align: center; margin-top: 0px; margin-bottom: 0px\"><font size=\"2\">Emilio Ram\u00f3n Otero Dajud<\/font><\/p>\n<p class=\"MsoNormal\" style=\"text-align: center; margin-top: 0px; margin-bottom: 0px\"><font size=\"2\">&nbsp;<\/font><\/p>\n<p class=\"MsoNormal\" style=\"text-align: center; margin-top: 0px; margin-bottom: 0px\"><font size=\"2\">El Presidente de la honorable C\u00e1mara de Representantes,&nbsp;<\/font><\/p>\n<p class=\"MsoNormal\" style=\"text-align: center; margin-top: 0px; margin-bottom: 0px\" align=\"right\"><font size=\"2\">Germ\u00e1n Var\u00f3n Cotrino.<\/font><\/p>\n<p class=\"MsoNormal\" style=\"text-align: center; margin-top: 0px; margin-bottom: 0px\" align=\"right\"><font size=\"2\">&nbsp;<\/font><\/p>\n<p class=\"MsoNormal\" style=\"text-align: center; margin-top: 0px; margin-bottom: 0px\"><font size=\"2\">El Secretario General de la honorable C\u00e1mara de Representantes,&nbsp;<\/font><\/p>\n<p class=\"MsoNormal\" style=\"text-align: center; margin-top: 0px; margin-bottom: 0px\" align=\"right\"><font size=\"2\">Jes\u00fas Alfonso Rodr\u00edguez Camargo.<\/font><\/p>\n<p class=\"MsoNormal\" style=\"text-align: center; margin-top: 0px; margin-bottom: 0px\" align=\"right\"><font size=\"2\">&nbsp;<\/font><\/p>\n<p class=\"MsoNormal\" style=\"text-align: center; margin-top: 0px; margin-bottom: 0px\" align=\"center\"><font size=\"2\">REPUBLICA DE COLOMBIA \u2013 GOBIERNO NACIONAL<\/font><\/div>\n<p align=\"justify\" style=\"margin-top: 0; margin-bottom: 0\">&nbsp;<\/p>\n<p align=\"center\" style=\"margin-top: 0; margin-bottom: 0\"><font face=\"Arial\" size=\"2\">PUBL\u00cdQUESE Y C\u00daMPLASE<\/font><\/p>\n<p align=\"center\" style=\"margin-top: 0; margin-bottom: 0\"><font face=\"Arial\" size=\"2\">Dado en Bogot\u00e1 D.C., a los 18 Mayo 2009<\/font><\/p>\n<p align=\"center\" style=\"margin-top: 0; margin-bottom: 0\">&nbsp;<\/p>\n<p align=\"center\" style=\"margin-top: 0; margin-bottom: 0\"><font face=\"Arial\" size=\"2\">OSCAR IV\u00c1N ZULUAGA ESCOBAR<\/font><\/p>\n<p align=\"center\" style=\"margin-top: 0; margin-bottom: 0\"><font face=\"Arial\" size=\"2\">Ministro de Hacienda y Cr\u00e9dito P\u00fablico <\/font><\/p>\n","protected":false},"excerpt":{"rendered":"<p>LEY 1302 DE 2009 &nbsp; &nbsp; LEY 1302 DE 2009 &nbsp; (MAYO 18 DE 2009) &nbsp; Por medio de la cual la Naci\u00f3n se asocia a la celebraci\u00f3n de los ciento cuarenta y dos a\u00f1os de fundaci\u00f3n del Municipio de Alvarado, Departamento del tolima y se dictan otras disposiciones. &nbsp; &nbsp; &nbsp; &nbsp; EL CONGRESO [&hellip;]<\/p>\n","protected":false},"author":1,"featured_media":0,"comment_status":"open","ping_status":"open","sticky":false,"template":"","format":"standard","meta":{"footnotes":""},"categories":[24],"tags":[],"class_list":["post-1368","post","type-post","status-publish","format-standard","hentry","category-leyes-2009"],"_links":{"self":[{"href":"https:\/\/www.dmsjuridica.com\/buscador_20179478954\/legislacion\/leyes\/wp-json\/wp\/v2\/posts\/1368","targetHints":{"allow":["GET"]}}],"collection":[{"href":"https:\/\/www.dmsjuridica.com\/buscador_20179478954\/legislacion\/leyes\/wp-json\/wp\/v2\/posts"}],"about":[{"href":"https:\/\/www.dmsjuridica.com\/buscador_20179478954\/legislacion\/leyes\/wp-json\/wp\/v2\/types\/post"}],"author":[{"embeddable":true,"href":"https:\/\/www.dmsjuridica.com\/buscador_20179478954\/legislacion\/leyes\/wp-json\/wp\/v2\/users\/1"}],"replies":[{"embeddable":true,"href":"https:\/\/www.dmsjuridica.com\/buscador_20179478954\/legislacion\/leyes\/wp-json\/wp\/v2\/comments?post=1368"}],"version-history":[{"count":0,"href":"https:\/\/www.dmsjuridica.com\/buscador_20179478954\/legislacion\/leyes\/wp-json\/wp\/v2\/posts\/1368\/revisions"}],"wp:attachment":[{"href":"https:\/\/www.dmsjuridica.com\/buscador_20179478954\/legislacion\/leyes\/wp-json\/wp\/v2\/media?parent=1368"}],"wp:term":[{"taxonomy":"category","embeddable":true,"href":"https:\/\/www.dmsjuridica.com\/buscador_20179478954\/legislacion\/leyes\/wp-json\/wp\/v2\/categories?post=1368"},{"taxonomy":"post_tag","embeddable":true,"href":"https:\/\/www.dmsjuridica.com\/buscador_20179478954\/legislacion\/leyes\/wp-json\/wp\/v2\/tags?post=1368"}],"curies":[{"name":"wp","href":"https:\/\/api.w.org\/{rel}","templated":true}]}}