{"id":1468,"date":"2020-11-24T20:34:08","date_gmt":"2020-11-24T20:34:08","guid":{"rendered":"https:\/\/www.dmsjuridica.com\/buscador_20179478954\/legislacion\/leyes\/2020\/11\/24\/ley-1403-de-2010\/"},"modified":"2020-11-24T20:34:08","modified_gmt":"2020-11-24T20:34:08","slug":"ley-1403-de-2010","status":"publish","type":"post","link":"https:\/\/www.dmsjuridica.com\/buscador_20179478954\/legislacion\/leyes\/2020\/11\/24\/ley-1403-de-2010\/","title":{"rendered":"LEY 1403 DE 2010"},"content":{"rendered":"<p>LEY 1403 DE 2010            <\/a><\/p>\n<p>&nbsp;<\/p>\n<p align=\"center\" style=\"margin-top: 0; margin-bottom: 0\"><font face=\"Arial\" size=\"2\"><img loading=\"lazy\" decoding=\"async\" border=\"0\" src=\"http:\/\/dmsjuridica.com\/CODIGOS\/LEGISLACION\/LEYES\/2019\/dms.png\" width=\"138\" height=\"103\"align=\"center\"><\/p>\n<\/p>\n<p align=\"center\" style=\"margin-top: 0; margin-bottom: 0\">&nbsp;<\/p>\n<p><b><font face=\"Arial\" size=\"6\"><\/p>\n<p ALIGN=\"CENTER\" style=\"margin-top: 0; margin-bottom: 0\">LEY 1403 DE 2010&nbsp;<\/p>\n<p><\/font><font SIZE=\"2\" face=\"Arial\"><\/p>\n<p ALIGN=\"CENTER\" style=\"margin-top: 0; margin-bottom: 0\">&nbsp;<\/p>\n<p><\/font><\/b><font SIZE=\"2\" face=\"Arial\"><\/p>\n<p ALIGN=\"CENTER\" style=\"margin-top: 0; margin-bottom: 0\">(julio 19 de 2010)&nbsp;&nbsp; <\/p>\n<p ALIGN=\"CENTER\" style=\"margin-top: 0; margin-bottom: 0\">&nbsp;<\/p>\n<p><i><\/p>\n<p ALIGN=\"CENTER\" style=\"margin-top: 0; margin-bottom: 0\">Por la cual se adiciona la <b><a hrefx=\"..\/LEY%2023%20DE%201982.htm\">Ley 23 de 1982<\/a><\/b>, sobre Derechos de Autor, se establece una remuneraci\u00f3n por comunicaci\u00f3n p\u00fablica a los artistas, int\u00e9rpretes o ejecutantes de obras y grabaciones audiovisuales o &quot;Ley Fanny Mikey&quot;. <\/p>\n<p ALIGN=\"CENTER\" style=\"margin-top: 0; margin-bottom: 0\">&nbsp;<\/p>\n<p ALIGN=\"left\" style=\"margin-top: 0; margin-bottom: 0\"><b>* Nota Jurisprudencial* <\/b> <\/p>\n<div class=\"Section1\">\n<table border=\"1\" width=\"100%\">\n<tr>\n<td><i><font size=\"2\">Ley declarada Exequible por los cargos analizados<\/font><font face=\"Arial\" size=\"2\"> por la corte constitucional mediante sentencia<\/font><\/i><font SIZE=\"2\" face=\"Arial\"><i><a hrefx=\"..\/..\/..\/..\/JURISPRUDENCIA\/CORTE_CONSTITUCIONAL\/docs\/2012\/C-168-12.rtf\">C-168\/12<\/a><\/i><\/font><i><font face=\"Arial\" size=\"2\"> seg\u00fan comunicado de prensa de la Sala Plena Comunicado No. 10 Marzo 7 y 8 de 2012 Magistrado Ponente Gabriel Eduardo Mendoza Martelo.<\/font><\/i><\/td>\n<\/tr>\n<\/table>\n<\/div>\n<p ALIGN=\"CENTER\" style=\"margin-top: 0; margin-bottom: 0\">&nbsp;<\/p>\n<p><\/i><\/p>\n<p ALIGN=\"CENTER\" style=\"margin-top: 0; margin-bottom: 0\"><b>El Congreso de Colombia <\/b><\/p>\n<p ALIGN=\"CENTER\" style=\"margin-top: 0; margin-bottom: 0\">&nbsp;<\/p>\n<p ALIGN=\"CENTER\" style=\"margin-top: 0; margin-bottom: 0\"><b>DECRETA:&nbsp; <\/b><\/p>\n<p ALIGN=\"CENTER\" style=\"margin-top: 0; margin-bottom: 0\">&nbsp;<\/p>\n<p ALIGN=\"JUSTIFY\" style=\"margin-top: 0; margin-bottom: 0\"><b><a name=\"1\">Art\u00edculo 1\u00b0.<\/a><\/b> Adici\u00f3nese el art\u00edculo 168 de la <i><b><a hrefx=\"..\/LEY%2023%20DE%201982.htm\">Ley 23 de 1982<\/a><\/b><\/i>, el cual quedar\u00e1 as\u00ed:&nbsp; <\/p>\n<p><b><\/p>\n<blockquote>\n<p ALIGN=\"JUSTIFY\" style=\"margin-top: 0; margin-bottom: 0\"><i>Art\u00edculo 168. <\/i> <\/b><i>Desde el momento en que los artistas, int\u00e9rpretes o ejecutantes autoricen la incorporaci\u00f3n de su interpretaci\u00f3n o ejecuci\u00f3n en una fijaci\u00f3n de imagen o de im\u00e1genes y sonidos, no tendr\u00e1n aplicaci\u00f3n las disposiciones contenidas en los apartes b) y c) del art\u00edculo 166 y c) del art\u00edculo 167 anteriores. <\/i><\/p>\n<p ALIGN=\"JUSTIFY\" style=\"margin-top: 0; margin-bottom: 0\">&nbsp;<\/p>\n<p ALIGN=\"JUSTIFY\" style=\"margin-top: 0; margin-bottom: 0\"><i>Par\u00e1grafo 1<b>\u00b0<\/b>.<b> <\/b>Sin perjuicio de lo contemplado en el p\u00e1rrafo anterior, los artistas int\u00e9rpretes de obras y grabaciones audiovisuales conservar\u00e1n, en todo caso, el derecho a percibir una remuneraci\u00f3n equitativa por la comunicaci\u00f3n p\u00fablica, incluida la puesta a disposici\u00f3n y el alquiler comercial al p\u00fablico, de las obras y grabaciones audiovisuales donde se encuentren fijadas sus interpretaciones o ejecuciones. En ejercicio de este derecho no podr\u00e1n prohibir, alterar o suspender la producci\u00f3n o la normal explotaci\u00f3n comercial de la obra audiovisual por parte de su productor, utilizador o causahabiente. <\/i><\/p>\n<p ALIGN=\"JUSTIFY\" style=\"margin-top: 0; margin-bottom: 0\">&nbsp;<\/p>\n<p ALIGN=\"JUSTIFY\" style=\"margin-top: 0; margin-bottom: 0\"><i>Este derecho de remuneraci\u00f3n se har\u00e1 efectivo a trav\u00e9s de las sociedades de gesti\u00f3n colectiva, constituidas y desarrolladas por los artistas int\u00e9rpretes de obras y grabaciones audiovisuales, conforme a las normas vigentes sobre derechos de autor y derechos conexos. <\/i><\/p>\n<p ALIGN=\"JUSTIFY\" style=\"margin-top: 0; margin-bottom: 0\">&nbsp;<\/p>\n<p><b><i>*Nota Jurisprudencial*<\/i><\/b><\/p>\n<table border=\"1\" width=\"100%\">\n<tr>\n<td><font size=\"2\"><i>Aparte subrayado<\/i><\/font><i><font face=\"Arial\" size=\"2\"> declarado exequible por los cargos analizados, por la corte constitucional mediante sentencia <a hrefx=\"..\/..\/..\/..\/JURISPRUDENCIA\/CORTE_CONSTITUCIONAL\/docs\/2011\/C-912-11.rtf\">C-912\/11<\/a> seg\u00fan comunicado de prensa de la Sala Plena Comunicado No. 48 Diciembre 6 y 7 de 2011 Magistrado Ponente&nbsp; Mauricio Gonz\u00e1lez Cuervo.<\/font><\/i><\/td>\n<\/tr>\n<\/table>\n<p ALIGN=\"JUSTIFY\" style=\"margin-top: 0; margin-bottom: 0\">&nbsp;<\/p>\n<p ALIGN=\"JUSTIFY\" style=\"margin-top: 0; margin-bottom: 0\"><i>Par\u00e1grafo 2\u00b0. No se considerar\u00e1 comunicaci\u00f3n p\u00fablica, para los efectos de esta ley, la que se realice con fines estrictamente educativos, dentro del recinto o instalaciones de los institutos de educaci\u00f3n, siempre que no se cobre suma alguna por el derecho de entrada. As\u00ed mismo, el pago o reconocimiento de este derecho de remuneraci\u00f3n no le es aplicable a aquellos establecimientos abiertos al p\u00fablico que utilicen la obra audiovisual para el entretenimiento de sus trabajadores, o cuya finalidad de comunicaci\u00f3n de la obra audiovisual no sea la de entretener con ella al p\u00fablico consumidor con \u00e1nimo de lucro o de ventas, sean ellos tiendas, bares, cantinas, supermercados, droguer\u00edas, salas de belleza, gimnasios y otros de distribuci\u00f3n de productos y servicios. <\/i><\/p>\n<p ALIGN=\"JUSTIFY\" style=\"margin-top: 0; margin-bottom: 0\">&nbsp;<\/p>\n<p ALIGN=\"JUSTIFY\" style=\"margin-top: 0; margin-bottom: 0\"><i>Par\u00e1grafo 3\u00b0. Para los fines de esta ley ha de entenderse por artista int\u00e9rprete a quien interprete un papel principal, secundario o de reparto, previsto en el correspondiente libreto de la obra audiovisual. <\/i><\/p>\n<\/blockquote>\n<p><\/font><font SIZE=\"2\" face=\"Arial\"><\/p>\n<p ALIGN=\"JUSTIFY\" style=\"margin-top: 0; margin-bottom: 0\">&nbsp;<\/p>\n<p ALIGN=\"JUSTIFY\" style=\"margin-top: 0; margin-bottom: 0\"><b><a name=\"2\">Art\u00edculo 2\u00b0.<\/a> <i>Vigencia<\/i>. <\/b>La presente ley rige a partir de su promulgaci\u00f3n. <\/p>\n<p ALIGN=\"JUSTIFY\" style=\"margin-top: 0; margin-bottom: 0\">&nbsp;<\/p>\n<p ALIGN=\"JUSTIFY\" style=\"margin-top: 0; margin-bottom: 0\">&nbsp;<\/p>\n<p ALIGN=\"center\" style=\"margin-top: 0; margin-bottom: 0\">El Presidente del honorable Senado de la Rep\u00fablica, <\/p>\n<p ALIGN=\"center\" style=\"margin-top: 0; margin-bottom: 0\">Javier Enrique C\u00e1ceres Leal. <\/p>\n<p ALIGN=\"center\" style=\"margin-top: 0; margin-bottom: 0\">&nbsp;<\/p>\n<p ALIGN=\"center\" style=\"margin-top: 0; margin-bottom: 0\">El Secretario General del honorable Senado de la Rep\u00fablica, <\/p>\n<p ALIGN=\"center\" style=\"margin-top: 0; margin-bottom: 0\">Emilio Ram\u00f3n Otero Dajud. <\/p>\n<p ALIGN=\"center\" style=\"margin-top: 0; margin-bottom: 0\">&nbsp;<\/p>\n<p ALIGN=\"center\" style=\"margin-top: 0; margin-bottom: 0\">El Presidente de la honorable C\u00e1mara de Representantes, <\/p>\n<p ALIGN=\"center\" style=\"margin-top: 0; margin-bottom: 0\">\u00c9dgar Alfonso G\u00f3mez Rom\u00e1n. <\/p>\n<p ALIGN=\"center\" style=\"margin-top: 0; margin-bottom: 0\">&nbsp;<\/p>\n<p ALIGN=\"center\" style=\"margin-top: 0; margin-bottom: 0\">El Secretario General de la honorable C\u00e1mara de Representantes, <\/p>\n<p ALIGN=\"center\" style=\"margin-top: 0; margin-bottom: 0\">Jes\u00fas Alfonso Rodr\u00edguez Camargo. <\/p>\n<p ALIGN=\"CENTER\" style=\"margin-top: 0; margin-bottom: 0\">&nbsp;<\/p>\n<p ALIGN=\"CENTER\" style=\"margin-top: 0; margin-bottom: 0\">REP\u00daBLICA DE COLOMBIA \u2013 GOBIERNO NACIONAL <\/p>\n<p ALIGN=\"center\" style=\"margin-top: 0; margin-bottom: 0\">&nbsp;<\/p>\n<p ALIGN=\"center\" style=\"margin-top: 0; margin-bottom: 0\">Publ\u00edquese y c\u00famplase.<\/p>\n<p ALIGN=\"center\" style=\"margin-top: 0; margin-bottom: 0\">Dada en Bogot\u00e1, D. C., a 19 de julio de 2010. <\/p>\n<p ALIGN=\"center\" style=\"margin-top: 0; margin-bottom: 0\">&nbsp;<\/p>\n<p ALIGN=\"center\" style=\"margin-top: 0; margin-bottom: 0\"><b>\u00c1LVARO URIBE V\u00c9LEZ<\/b><\/p>\n<p ALIGN=\"center\" style=\"margin-top: 0; margin-bottom: 0\">&nbsp;<\/p>\n<p ALIGN=\"center\" style=\"margin-top: 0; margin-bottom: 0\">Fabio Valencia Cossio <\/p>\n<p ALIGN=\"center\" style=\"margin-top: 0; margin-bottom: 0\">Ministro del Interior y de Justicia&nbsp; <\/p>\n<p ALIGN=\"center\" style=\"margin-top: 0; margin-bottom: 0\">&nbsp;<\/p>\n<p style=\"margin-top: 0; margin-bottom: 0\" align=\"center\">Daniel Enrique Medina Velandia <\/p>\n<p ALIGN=\"center\" style=\"margin-top: 0; margin-bottom: 0\">Ministro de Tecnolog\u00edas de la Informaci\u00f3n y las Comunicaciones (e) <\/p>\n<p><\/font><\/p>\n","protected":false},"excerpt":{"rendered":"<p>LEY 1403 DE 2010 &nbsp; &nbsp; LEY 1403 DE 2010&nbsp; &nbsp; (julio 19 de 2010)&nbsp;&nbsp; &nbsp; Por la cual se adiciona la Ley 23 de 1982, sobre Derechos de Autor, se establece una remuneraci\u00f3n por comunicaci\u00f3n p\u00fablica a los artistas, int\u00e9rpretes o ejecutantes de obras y grabaciones audiovisuales o &quot;Ley Fanny Mikey&quot;. &nbsp; * Nota [&hellip;]<\/p>\n","protected":false},"author":1,"featured_media":0,"comment_status":"open","ping_status":"open","sticky":false,"template":"","format":"standard","meta":{"footnotes":""},"categories":[25],"tags":[],"class_list":["post-1468","post","type-post","status-publish","format-standard","hentry","category-leyes-2010"],"_links":{"self":[{"href":"https:\/\/www.dmsjuridica.com\/buscador_20179478954\/legislacion\/leyes\/wp-json\/wp\/v2\/posts\/1468","targetHints":{"allow":["GET"]}}],"collection":[{"href":"https:\/\/www.dmsjuridica.com\/buscador_20179478954\/legislacion\/leyes\/wp-json\/wp\/v2\/posts"}],"about":[{"href":"https:\/\/www.dmsjuridica.com\/buscador_20179478954\/legislacion\/leyes\/wp-json\/wp\/v2\/types\/post"}],"author":[{"embeddable":true,"href":"https:\/\/www.dmsjuridica.com\/buscador_20179478954\/legislacion\/leyes\/wp-json\/wp\/v2\/users\/1"}],"replies":[{"embeddable":true,"href":"https:\/\/www.dmsjuridica.com\/buscador_20179478954\/legislacion\/leyes\/wp-json\/wp\/v2\/comments?post=1468"}],"version-history":[{"count":0,"href":"https:\/\/www.dmsjuridica.com\/buscador_20179478954\/legislacion\/leyes\/wp-json\/wp\/v2\/posts\/1468\/revisions"}],"wp:attachment":[{"href":"https:\/\/www.dmsjuridica.com\/buscador_20179478954\/legislacion\/leyes\/wp-json\/wp\/v2\/media?parent=1468"}],"wp:term":[{"taxonomy":"category","embeddable":true,"href":"https:\/\/www.dmsjuridica.com\/buscador_20179478954\/legislacion\/leyes\/wp-json\/wp\/v2\/categories?post=1468"},{"taxonomy":"post_tag","embeddable":true,"href":"https:\/\/www.dmsjuridica.com\/buscador_20179478954\/legislacion\/leyes\/wp-json\/wp\/v2\/tags?post=1468"}],"curies":[{"name":"wp","href":"https:\/\/api.w.org\/{rel}","templated":true}]}}