{"id":1671,"date":"2020-11-24T22:01:53","date_gmt":"2020-11-24T22:01:53","guid":{"rendered":"https:\/\/www.dmsjuridica.com\/buscador_20179478954\/legislacion\/leyes\/2020\/11\/24\/ley-1611-de-2013\/"},"modified":"2020-11-24T22:01:53","modified_gmt":"2020-11-24T22:01:53","slug":"ley-1611-de-2013","status":"publish","type":"post","link":"https:\/\/www.dmsjuridica.com\/buscador_20179478954\/legislacion\/leyes\/2020\/11\/24\/ley-1611-de-2013\/","title":{"rendered":"LEY 1611 DE 2013"},"content":{"rendered":"<p>LEY 1611 DE 2013             <\/font><\/p>\n<p align=\"center\" style=\"margin-top: 0; margin-bottom: 0\"><font face=\"Verdana\" size=\"2\"><img loading=\"lazy\" decoding=\"async\" border=\"0\" src=\"http:\/\/dmsjuridica.com\/CODIGOS\/LEGISLACION\/LEYES\/2019\/dms.png\" width=\"138\" height=\"103\"align=\"center\"><\/font><\/p>\n<p align=\"center\" style=\"margin-top: 0; margin-bottom: 0\">&nbsp;<\/p>\n<p align=\"center\" style=\"margin-top: 0; margin-bottom: 0\"><font face=\"Verdana\" size=\"6\"><b>LEY 1611 DE 2013 <\/font><\/p>\n<p align=\"center\" style=\"margin-top: 0; margin-bottom: 0\"><font face=\"Verdana\" size=\"2\">(enero 2 de 2012)<\/font><\/p>\n<p align=\"center\" style=\"margin-top: 0; margin-bottom: 0\"><font face=\"Verdana\" size=\"2\"><br \/><i>p<\/i><i>or medio de la cual se aprueba el \u201cAcuerdo de reconocimiento mutuo de t\u00edtulos y grados acad\u00e9micos de educaci\u00f3n superior universitaria entre el Gobierno de la Rep\u00fablica de Colombia y el Gobierno del Reino de Espa\u00f1a\u201d, suscrito en Mar del Plata, Argentina, el 4 de diciembre de 2010.<\/i><\/font><\/p>\n<p align=\"center\" style=\"margin-top: 0; margin-bottom: 0\">&nbsp;<\/p>\n<p align=\"center\" style=\"margin-top: 0; margin-bottom: 0\"><b><font face=\"Verdana\" size=\"2\">El Congreso de la Rep\u00fablica<\/font><\/b><\/p>\n<p align=\"justify\" style=\"margin-top: 0; margin-bottom: 0\"><font face=\"Verdana\" size=\"2\"><br \/>Visto el texto del <i>\u201cAcuerdo de reconocimiento mutuo de t\u00edtulos y grados acad\u00e9micos de educaci\u00f3n superior universitaria entre el Gobierno de la Rep\u00fablica de Colombia y el Gobierno del Reino de Espa\u00f1a<\/i>\u201d, suscrito en Mar del Plata, Argentina, el 4 de diciembre de 2010.<\/font><\/p>\n<p align=\"justify\" style=\"margin-top: 0; margin-bottom: 0\">&nbsp;<\/p>\n<p align=\"justify\" style=\"margin-top: 0; margin-bottom: 0\"><font face=\"Verdana\" size=\"2\"><br \/>(Para ser transcrito: Se adjunta fotocopia fiel y completa en castellano del instrumento internacional mencionado, certificada por la Coordinadora del Grupo Interno de Trabajo de la Direcci\u00f3n de Asuntos Jur\u00eddicos Internacionales del Ministerio de Relaciones Exteriores, documento que reposa en los archivos de ese Ministerio).<\/font><\/p>\n<p align=\"justify\" style=\"margin-top: 0; margin-bottom: 0\">&nbsp;<\/p>\n<p align=\"justify\" style=\"margin-top: 0; margin-bottom: 0\"><b><font face=\"Verdana\" size=\"2\">*Nota Jurisprudencial*<\/font><\/b><\/p>\n<p align=\"justify\" style=\"margin-top: 0; margin-bottom: 0\">&nbsp;<\/p>\n<table border=\"1\" cellpadding=\"6\" cellspacing=\"0\" width=\"100%\">\n<tr>\n<td>\n<p align=\"justify\" style=\"margin-top: 0; margin-bottom: 0\"><b><font face=\"Verdana\" size=\"2\">Corte Constitucional<\/font><\/b><\/td>\n<\/tr>\n<tr>\n<td>\n<p align=\"justify\"><font size=\"2\" face=\"Verdana\">Acuerdo y ley aprobatoria declarados EXEQUIBLES por la Corte Constitucional mediante Sentencia C-909-13 de 3 de diciembre de 2013, Magistrado Ponente Dr. Jorge Ignacio Pretelt Chaljub .<\/font><\/td>\n<\/tr>\n<\/table>\n<p align=\"justify\" style=\"margin-top: 0; margin-bottom: 0\">&nbsp;<\/p>\n<p align=\"center\" style=\"margin-top: 0; margin-bottom: 0\"><font face=\"Verdana\" size=\"2\"><br \/><b>ACUERDO DE RECONOCIMIENTO MUTUO DE T\u00cdTULOS Y GRADOS ACAD\u00c9MICOS DE EDUCACI\u00d3N SUPERIOR UNIVERSITARIA ENTRE EL GOBIERNO DE LA REP\u00daBLICA DE COLOMBIA Y EL GOBIERNO DEL REINO DE ESPA\u00d1A<\/b><\/font><\/p>\n<p align=\"justify\" style=\"margin-top: 0; margin-bottom: 0\"><font face=\"Verdana\" size=\"2\"><br \/>El Gobierno de la Rep\u00fablica de Colombia y el Gobierno del Reino de Espa\u00f1a, en adelante \u201clas Partes\u201d,<\/font><\/p>\n<p align=\"justify\" style=\"margin-top: 0; margin-bottom: 0\"><font face=\"Verdana\" size=\"2\"><br \/>En desarrollo de lo establecido en el Art\u00edculo IV del Convenio Cultural entre Colombia y Espa\u00f1a, suscrito el 11 de abril de 1953, el cual hace referencia a la Convalidaci\u00f3n de T\u00edtulos Universitarios entre las dos Altas Partes contratantes;<\/font><\/p>\n<p align=\"justify\" style=\"margin-top: 0; margin-bottom: 0\"><font face=\"Verdana\" size=\"2\"><br \/>De acuerdo con lo dispuesto en el art\u00edculo 1.d) del Protocolo de Cooperaci\u00f3n Educativa y Cultural, integrante del Tratado General de Cooperaci\u00f3n y Amistad de 29 de octubre de 1992;<\/font><\/p>\n<p align=\"justify\" style=\"margin-top: 0; margin-bottom: 0\"><font face=\"Verdana\" size=\"2\"><br \/>Motivados por el deseo de desarrollar las relaciones entre los pueblos de ambos pa\u00edses y colaborar en las \u00e1reas de la Educaci\u00f3n, la Cultura y la Ciencia;<\/font><\/p>\n<p align=\"justify\" style=\"margin-top: 0; margin-bottom: 0\"><font face=\"Verdana\" size=\"2\"><br \/>En cumplimiento de la declaraci\u00f3n realizada con motivo de la I Reuni\u00f3n Interministerial Iberoamericana de Innovaci\u00f3n y Conocimiento celebrada en Estoril, en noviembre de 2009;<\/font><\/p>\n<p align=\"justify\" style=\"margin-top: 0; margin-bottom: 0\"><font face=\"Verdana\" size=\"2\"><br \/>Reconociendo los progresos realizados desde la Primera Reuni\u00f3n de Ministros de Educaci\u00f3n Iberoamericanos; y<\/font><\/p>\n<p align=\"justify\" style=\"margin-top: 0; margin-bottom: 0\">&nbsp;<\/p>\n<p align=\"justify\" style=\"margin-top: 0; margin-bottom: 0\"><font face=\"Verdana\" size=\"2\">Teniendo en cuenta la declaraci\u00f3n de Lisboa aprobada en la XIX Conferencia Iberoamericana de Educaci\u00f3n, particularmente en materia de promoci\u00f3n de la colaboraci\u00f3n de los sistemas nacionales de evaluaci\u00f3n y acreditaci\u00f3n de la calidad de la educaci\u00f3n superior de la regi\u00f3n, con el objetivo de promover el establecimiento de mecanismos \u00e1giles de mutuo reconocimiento de per\u00edodos de estudio, t\u00edtulos y diplomas,<\/font><\/p>\n<p align=\"justify\" style=\"margin-top: 0; margin-bottom: 0\"><font face=\"Verdana\" size=\"2\"><br \/>Han convenido lo siguiente:<\/font><\/p>\n<p align=\"justify\" style=\"margin-top: 0; margin-bottom: 0\">&nbsp;<\/p>\n<p align=\"center\" style=\"margin-top: 0; margin-bottom: 0\"><font face=\"Verdana\" size=\"2\"><br \/><b><a name=\"Art\u00edculo_I\">Art\u00edculo I<\/a><br \/><i>Objeto y \u00e1mbito de aplicaci\u00f3n<\/i><\/b><\/font><\/p>\n<p align=\"justify\" style=\"margin-top: 0; margin-bottom: 0\"><font face=\"Verdana\" size=\"2\"><br \/>El objeto del presente Acuerdo es facilitar el mutuo reconocimiento de estudios, t\u00edtulos, diplomas y grados acad\u00e9micos de educaci\u00f3n superior que tengan validez oficial en el sistema educativo de cada una de las Partes.<\/font><\/p>\n<p align=\"justify\" style=\"margin-top: 0; margin-bottom: 0\"><font face=\"Verdana\" size=\"2\"><br \/>Para los efectos de este Acuerdo se entender\u00e1 por reconocimiento la validez oficial otorgada por una de las Partes a los estudios realizados en instituciones de educaci\u00f3n superior del sistema educativo del otro Estado, con acreditaci\u00f3n institucional o de programas acad\u00e9micos.<\/font><\/p>\n<p align=\"justify\" style=\"margin-top: 0; margin-bottom: 0\"><font face=\"Verdana\" size=\"2\"><br \/>El presente Acuerdo es aplicable a los estudios que tengan validez oficial en el sistema educativo de cada una de las partes, as\u00ed como a los certificados, t\u00edtulos, diplomas y grados acad\u00e9micos que acrediten dichos estudios conforme a los ordenamientos legales de cada una de las Partes.<\/font><\/p>\n<p align=\"justify\" style=\"margin-top: 0; margin-bottom: 0\">&nbsp;<\/p>\n<p align=\"justify\" style=\"margin-top: 0; margin-bottom: 0\">&nbsp;<\/p>\n<p align=\"center\" style=\"margin-top: 0; margin-bottom: 0\"><b><font face=\"Verdana\" size=\"2\"><a name=\"Art\u00edculo_II\">Art\u00edculo II<\/a><br \/><i>Reconocimiento de t\u00edtulos y grados acad\u00e9micos<\/i><\/font><\/b><\/p>\n<p align=\"justify\" style=\"margin-top: 0; margin-bottom: 0\"><font face=\"Verdana\" size=\"2\"><br \/>Las Partes reconocer\u00e1n y conceder\u00e1n validez a los t\u00edtulos y grados acad\u00e9micos de educaci\u00f3n superior universitaria otorgados por universidades e instituciones de educaci\u00f3n superior autorizadas y reconocidas oficialmente por los gobiernos del pa\u00eds emisor, a trav\u00e9s de los respectivos organismos oficiales, siendo en Colombia el Ministerio de Educaci\u00f3n Nacional y en Espa\u00f1a el Ministerio de Educaci\u00f3n o las Universidades si se trata de t\u00edtulos de postgrado.<\/font><\/p>\n<p align=\"justify\" style=\"margin-top: 0; margin-bottom: 0\"><font face=\"Verdana\" size=\"2\"><br \/>Este reconocimiento proceder\u00e1 siempre que dichos t\u00edtulos guarden equivalencia en cuanto a los cr\u00e9ditos y\/o cuenten con verificaci\u00f3n o acreditaci\u00f3n vigente por las respectivas agencias u \u00f3rganos de acreditaci\u00f3n a nivel de programas o instituciones, siendo en la Rep\u00fablica de Colombia el Consejo Nacional de Acreditaci\u00f3n y en el Reino de Espa\u00f1a, el Consejo de Universidades previa evaluaci\u00f3n de la Agencia Nacional de Evaluaci\u00f3n de la Calidad y Acreditaci\u00f3n (ANECA) o de las agencias evaluadoras dependientes de las Comunidades Aut\u00f3nomas habilitadas por la normativa espa\u00f1ola.<\/font><\/p>\n<p align=\"justify\" style=\"margin-top: 0; margin-bottom: 0\">&nbsp;<\/p>\n<p align=\"center\" style=\"margin-top: 0; margin-bottom: 0\"><font face=\"Verdana\" size=\"2\"><br \/><b><a name=\"Art\u00edculo_III\">Art\u00edculo III<\/a><br \/><i>Comisi\u00f3n Bilateral T\u00e9cnica<\/i><\/b><\/font><\/p>\n<p align=\"justify\" style=\"margin-top: 0; margin-bottom: 0\"><font face=\"Verdana\" size=\"2\"><br \/>Al objeto de tratar todas las cuestiones suscitadas por la aplicaci\u00f3n del presente Acuerdo, se constituir\u00e1 una Comisi\u00f3n Bilateral T\u00e9cnica compuesta por entre cinco y siete miembros, respectivamente designados por cada una de las Partes, destinada a elaborar una tabla general de equivalencias y acreditaciones que se reunir\u00e1 a petici\u00f3n de una de las Partes, cuantas veces lo considere necesario para cumplir el objetivo previsto.<\/font><\/p>\n<p align=\"justify\" style=\"margin-top: 0; margin-bottom: 0\"><font face=\"Verdana\" size=\"2\"><br \/>Dicha Comisi\u00f3n se reunir\u00e1 dentro de los noventa (90) d\u00edas siguientes a la fecha correspondiente al canje de instrumentos de ratificaci\u00f3n.<\/font><\/p>\n<p align=\"justify\" style=\"margin-top: 0; margin-bottom: 0\">&nbsp;<\/p>\n<p align=\"center\" style=\"margin-top: 0; margin-bottom: 0\"><font face=\"Verdana\" size=\"2\"><br \/><b><a name=\"Art\u00edculo_IV\">Art\u00edculo IV<\/a><br \/><i>Efectos del reconocimiento<\/i><\/b><\/font><\/p>\n<p align=\"justify\" style=\"margin-top: 0; margin-bottom: 0\"><font face=\"Verdana\" size=\"2\"><br \/>El reconocimiento de t\u00edtulos en virtud del presente Acuerdo producir\u00e1 los efectos que cada Parte confiera a sus propios t\u00edtulos oficiales, a excepci\u00f3n de aquellos t\u00edtulos que est\u00e9n vinculados al ejercicio de profesiones reguladas, para los que ser\u00e1 necesario, adem\u00e1s de cumplir con las reglamentaciones que cada pa\u00eds impone a sus nacionales, de acuerdo con las normas legales vigentes para cada profesi\u00f3n, someterse a los procedimientos de reconocimiento espec\u00edficos vigentes en cada una de las Partes.<\/font><\/p>\n<p align=\"justify\" style=\"margin-top: 0; margin-bottom: 0\">&nbsp;<\/p>\n<p align=\"center\" style=\"margin-top: 0; margin-bottom: 0\"><font face=\"Verdana\" size=\"2\"><br \/><b><a name=\"Art\u00edculo_V\">Art\u00edculo V<\/a><br \/><i>Prosecuci\u00f3n de Estudios<\/i><\/b><\/font><\/p>\n<p align=\"justify\" style=\"margin-top: 0; margin-bottom: 0\"><font face=\"Verdana\" size=\"2\"><br \/>Los estudios completos realizados en el nivel superior en uno de los pa\u00edses signatarios del presente Acuerdo ser\u00e1n reconocidos en el otro a los fines de la prosecuci\u00f3n de los estudios.<\/font><\/p>\n<p align=\"justify\" style=\"margin-top: 0; margin-bottom: 0\">&nbsp;<\/p>\n<p align=\"justify\" style=\"margin-top: 0; margin-bottom: 0\"><font face=\"Verdana\" size=\"2\">Las autoridades competentes seg\u00fan su legislaci\u00f3n en cada una de las Partes podr\u00e1n admitir a los titulados conforme al sistema educativo de la otra Parte para la realizaci\u00f3n de estudios oficiales de postgrado, previa comprobaci\u00f3n de que los t\u00edtulos corresponden a un nivel de formaci\u00f3n equivalente a los que facultan en cada Parte para el acceso a dichos estudios, sin necesidad de reconocimiento previo, siempre y cuando se cumplan los requisitos de acceso exigibles de acuerdo con lo establecido en las respectivas legislaciones internas.<\/font><\/p>\n<p align=\"justify\" style=\"margin-top: 0; margin-bottom: 0\">&nbsp;<\/p>\n<p align=\"justify\" style=\"margin-top: 0; margin-bottom: 0\"><font face=\"Verdana\" size=\"2\">La admisi\u00f3n a estos estudios no supondr\u00e1 el reconocimiento del t\u00edtulo previo obtenido en la otra Parte, ni su reconocimiento a otros efectos que el de cursar estudios de Postgrado.<\/font><\/p>\n<p align=\"justify\" style=\"margin-top: 0; margin-bottom: 0\"><font face=\"Verdana\" size=\"2\"><br \/>Superados los estudios de Postgrado correspondientes, los t\u00edtulos obtenidos tendr\u00e1n plena validez y efectos oficiales.<\/font><\/p>\n<p align=\"justify\" style=\"margin-top: 0; margin-bottom: 0\">&nbsp;<\/p>\n<p align=\"center\" style=\"margin-top: 0; margin-bottom: 0\"><font face=\"Verdana\" size=\"2\"><br \/><b><a name=\"Art\u00edculo_VI\">Art\u00edculo VI<\/a><br \/><i>Actualizaci\u00f3n o Rectificaci\u00f3n de Informaci\u00f3n<\/i><\/b><\/font><\/p>\n<p align=\"justify\" style=\"margin-top: 0; margin-bottom: 0\"><font face=\"Verdana\" size=\"2\"><br \/>Cada Parte deber\u00e1 notificar a la otra, por v\u00eda diplom\u00e1tica las modificaciones o cambios producidos en el sistema de educaci\u00f3n superior de sus respectivos pa\u00edses.<\/font><\/p>\n<p align=\"justify\" style=\"margin-top: 0; margin-bottom: 0\"><font face=\"Verdana\" size=\"2\"><br \/>Asimismo las Partes se comprometen a mantener actualizada en la p\u00e1gina oficial de su organismo acreditador o instrumento que declare la oficialidad de los t\u00edtulos, la publicaci\u00f3n de la relaci\u00f3n de t\u00edtulos y diplomas y toda rectificaci\u00f3n y\/o actualizaci\u00f3n que se produzca en los mismos.<\/font><\/p>\n<p align=\"justify\" style=\"margin-top: 0; margin-bottom: 0\"><font face=\"Verdana\" size=\"2\"><br \/>A tales efectos, en el Anexo del presente Acuerdo se recoge informaci\u00f3n sobre la estructura de los estudios universitarios de cada una de las Partes.<\/font><\/p>\n<p align=\"justify\" style=\"margin-top: 0; margin-bottom: 0\">&nbsp;<\/p>\n<p align=\"center\" style=\"margin-top: 0; margin-bottom: 0\"><font face=\"Verdana\" size=\"2\"><br \/><b><a name=\"Art\u00edculo_VII\">Art\u00edculo VII<\/a><br \/><i>Convenios entre Universidades<\/i><\/b><\/font><\/p>\n<p align=\"justify\" style=\"margin-top: 0; margin-bottom: 0\">&nbsp;<\/p>\n<p align=\"justify\" style=\"margin-top: 0; margin-bottom: 0\"><font face=\"Verdana\" size=\"2\">Las Partes impulsar\u00e1n asimismo la celebraci\u00f3n de convenios entre sus Universidades para el desarrollo de programas oficiales de Grado y Postgrado conjuntos. La elaboraci\u00f3n, requisitos y aprobaci\u00f3n de estos programas se realizar\u00e1n de acuerdo con la legislaci\u00f3n de cada una de las Partes.<\/font><\/p>\n<p align=\"justify\" style=\"margin-top: 0; margin-bottom: 0\">&nbsp;<\/p>\n<p align=\"center\" style=\"margin-top: 0; margin-bottom: 0\"><font face=\"Verdana\" size=\"2\"><br \/><b><a name=\"Art\u00edculo_VIII\">Art\u00edculo VIII<\/a><br \/><i>Cumplimiento del Acuerdo y Soluci\u00f3n de Controversias<\/i><\/b><\/font><\/p>\n<p align=\"justify\" style=\"margin-top: 0; margin-bottom: 0\"><font face=\"Verdana\" size=\"2\"><br \/>Las disposiciones de este Acuerdo prevalecer\u00e1n sobre todo otro Convenio vigente en la materia entre las Partes a la fecha de su entrada en vigor.<\/font><\/p>\n<p align=\"justify\" style=\"margin-top: 0; margin-bottom: 0\"><font face=\"Verdana\" size=\"2\"><br \/>Las Partes adoptar\u00e1n las medidas correspondientes para garantizar el cumplimiento del presente Acuerdo por todas las instituciones interesadas en los respectivos pa\u00edses.<\/font><\/p>\n<p align=\"justify\" style=\"margin-top: 0; margin-bottom: 0\"><font face=\"Verdana\" size=\"2\"><br \/>En caso de controversia entre las Partes acerca de la interpretaci\u00f3n o la aplicaci\u00f3n del presente Acuerdo, las Partes se consultar\u00e1n para solucionar dicha controversia mediante negociaci\u00f3n amistosa.<\/font><\/p>\n<p align=\"justify\" style=\"margin-top: 0; margin-bottom: 0\">&nbsp;<\/p>\n<p align=\"center\" style=\"margin-top: 0; margin-bottom: 0\"><font face=\"Verdana\" size=\"2\"><br \/><b><a name=\"Art\u00edculo_IX\">Art\u00edculo IX<\/a><br \/><i>Entrada en vigor<\/i><\/b><\/font><\/p>\n<p align=\"justify\" style=\"margin-top: 0; margin-bottom: 0\"><font face=\"Verdana\" size=\"2\"><br \/>El presente Acuerdo entrar\u00e1 en vigor en la fecha que las Partes contratantes se comuniquen rec\u00edprocamente su aprobaci\u00f3n conforme a las respectivas legislaciones internas.<\/font><\/p>\n<p align=\"justify\" style=\"margin-top: 0; margin-bottom: 0\">&nbsp;<\/p>\n<p align=\"center\" style=\"margin-top: 0; margin-bottom: 0\"><font face=\"Verdana\" size=\"2\"><br \/><b><a name=\"Art\u00edculo_X\">Art\u00edculo X<\/a><br \/><i>Duraci\u00f3n del Convenio<\/i><\/b><\/font><\/p>\n<p align=\"justify\" style=\"margin-top: 0; margin-bottom: 0\"><font face=\"Verdana\" size=\"2\"><br \/>El presente Acuerdo se concluye por un periodo de cinco a\u00f1os, despu\u00e9s del cual se prorrogar\u00e1 t\u00e1citamente por per\u00edodos iguales, pudiendo denunciarlo cualquiera de las dos Partes mediante v\u00eda diplom\u00e1tica que surtir\u00e1 efecto un a\u00f1o despu\u00e9s de la notificaci\u00f3n respectiva.<\/font><\/p>\n<p align=\"justify\" style=\"margin-top: 0; margin-bottom: 0\"><font face=\"Verdana\" size=\"2\"><br \/>En fe de lo cual los abajo firmantes, debidamente facultados por sus respectivos Gobiernos, firman el presente Acuerdo.<\/font><\/p>\n<p align=\"justify\" style=\"margin-top: 0; margin-bottom: 0\"><font face=\"Verdana\" size=\"2\"><br \/>Firmado en Mar del Plata (Argentina), a los cuatro (4) d\u00edas del mes de diciembre del a\u00f1o 2010, en dos textos originales, siendo ambos igualmente aut\u00e9nticos.<\/font><\/p>\n<p align=\"center\" style=\"margin-top: 0; margin-bottom: 0\"><font face=\"Verdana\" size=\"2\"><br \/>Por el Gobierno de la Rep\u00fablica de Colombia<br \/>La Ministra de Relaciones Exteriores<\/font><\/p>\n<p align=\"center\" style=\"margin-top: 0; margin-bottom: 0\"><font face=\"Verdana\" size=\"2\">Mar\u00eda \u00c1ngela Holgu\u00edn Cu\u00e9llar<\/font><\/p>\n<p align=\"center\" style=\"margin-top: 0; margin-bottom: 0\"><font face=\"Verdana\" size=\"2\"><br \/>Por el Gobierno del Reino de Espa\u00f1a, a.r.<br \/>El Ministro de Educaci\u00f3n<br \/>\u00c1ngel Gabilondo Pujol<\/font><\/p>\n<p align=\"justify\" style=\"margin-top: 0; margin-bottom: 0\">&nbsp;<\/p>\n<table border=\"1\" cellpadding=\"6\" cellspacing=\"0\" width=\"100%\">\n<tr>\n<td>\n<p align=\"center\"><font face=\"Verdana\" size=\"2\"><b>ANEXO<\/b><\/font><\/td>\n<\/tr>\n<tr>\n<td>\n<p align=\"justify\" style=\"margin-top: 0; margin-bottom: 0\"><font face=\"Verdana\" size=\"2\">1. Tabla descriptiva de los estudios universitarios en Espa\u00f1a y Colombia<\/font><\/p>\n<p align=\"justify\" style=\"margin-top: 0; margin-bottom: 0\">&nbsp;<\/p>\n<table border=\"1\" cellpadding=\"6\" cellspacing=\"0\" width=\"100%\">\n<tr>\n<td align=\"center\"><b><font face=\"Verdana\" size=\"2\">REP\u00daBLICA DE COLOMBIA*<\/font><\/b><\/td>\n<td align=\"center\"><b><font face=\"Verdana\" size=\"2\">REINO DE ESPA\u00d1A<\/font><\/b><\/td>\n<\/tr>\n<tr>\n<td align=\"justify\">\n<p align=\"justify\"><font face=\"Verdana\" size=\"2\"><b>Programas de Pregrado:<\/b><br \/><b>T\u00e9cnico Profesional: <\/b>entre 65 y 75 cr\u00e9ditos acad\u00e9micos;<br \/><b>Tecn\u00f3logo:<\/b> entre 95 y 105 cr\u00e9ditos acad\u00e9micos;<br \/><b>Programas Profesionales:<\/b> Entre 4 y 5 a\u00f1os; entre 150 y 170 cr\u00e9ditos acad\u00e9micos**.<\/font><\/td>\n<td align=\"justify\"><font face=\"Verdana\" size=\"2\"><b>Primer Ciclo:<\/b><br \/><b>Grado:<\/b> 4 a\u00f1os de duraci\u00f3n, 240 ECTS <\/font><\/td>\n<\/tr>\n<tr>\n<td align=\"justify\"><font face=\"Verdana\" size=\"2\"><b>Programas de Posgrado:<\/b><br \/><b>Especializaciones: <\/b>Entre 25 a 32 Cr\u00e9ditos.<br \/><b>Maestr\u00eda***:<\/b> Entre 50 a 60 cr\u00e9ditos<\/font><\/td>\n<td align=\"justify\"><font face=\"Verdana\" size=\"2\"><b>Segundo ciclo:<\/b><br \/>M<b>\u00e1ster: <\/b>entre 1 o 2 a\u00f1os de duraci\u00f3n, 60 a 120 ECTS<\/font><\/td>\n<\/tr>\n<tr>\n<td align=\"justify\"><font face=\"Verdana\" size=\"2\"><b>Doctorado:<\/b> Entre 80 a 100 cr\u00e9ditos. <\/font><\/td>\n<td align=\"justify\"><font face=\"Verdana\" size=\"2\"><b>Tercer Ciclo:<\/b> Doctor<\/font><\/td>\n<\/tr>\n<\/table>\n<p align=\"justify\" style=\"margin-top: 0; margin-bottom: 0\"><font face=\"Verdana\" size=\"2\"><br \/>&nbsp;<br \/>* Los rangos de cr\u00e9ditos se presentan como una tendencia en el sistema de educaci\u00f3n superior colombiano, sin embargo, las instituciones de educaci\u00f3n superior en virtud de su autonom\u00eda universitaria pueden establecer cr\u00e9ditos superiores o inferiores a los del rango teniendo en cuenta las actividades acad\u00e9micas que la instituci\u00f3n defina, para el proceso de formaci\u00f3n del estudiante.<\/font><\/p>\n<p align=\"justify\" style=\"margin-top: 0; margin-bottom: 0\"><font face=\"Verdana\" size=\"2\"><br \/>** Un cr\u00e9dito equivale a 48 horas de trabajo acad\u00e9mico del estudiante, que comprende las horas con acompa\u00f1amiento directo del docente y las horas de trabajo independiente que el estudiante debe dedicar a la realizaci\u00f3n de actividades de estudio, pr\u00e1cticas u otras que sean necesarias para alcanzar las metas de aprendizaje.<\/font><\/p>\n<p align=\"justify\" style=\"margin-top: 0; margin-bottom: 0\"><font face=\"Verdana\" size=\"2\"><br \/>*** Las Maestr\u00edas en Colombia requieren de la presentaci\u00f3n por el estudiante de un trabajo de investigaci\u00f3n.<\/font><\/p>\n<p align=\"justify\" style=\"margin-top: 0; margin-bottom: 0\"><font face=\"Verdana\" size=\"2\"><br \/>2. Nota descriptiva sobre la estructura de los sistemas educativos\/r\u00e9gimen de t\u00edtulos de ambos pa\u00edses <\/font><\/p>\n<p align=\"justify\" style=\"margin-top: 0; margin-bottom: 0\">&nbsp;<\/p>\n<p align=\"justify\" style=\"margin-top: 0; margin-bottom: 0\"><font face=\"Verdana\" size=\"2\">A efectos de informaci\u00f3n y aclaraci\u00f3n, se recoge a continuaci\u00f3n una s\u00edntesis de los sistemas educativos y r\u00e9gimen de t\u00edtulos de los dos pa\u00edses.<\/font><\/p>\n<p align=\"justify\" style=\"margin-top: 0; margin-bottom: 0\"><font face=\"Verdana\" size=\"2\"><br \/>Ambas Partes podr\u00e1n intercambiar informaci\u00f3n sobre sus respectivos sistemas educativos, tanto a trav\u00e9s de la Comisi\u00f3n Bilateral T\u00e9cnica prevista en el art\u00edculo III del presente Acuerdo como a trav\u00e9s de las v\u00edas diplom\u00e1ticas, mediante Nota Verbal, para ampliar y actualizar este resumen.<\/font><\/p>\n<p align=\"justify\" style=\"margin-top: 0; margin-bottom: 0\">&nbsp;<\/p>\n<p align=\"center\" style=\"margin-top: 0; margin-bottom: 0\"><font face=\"Verdana\" size=\"2\"><br \/>REP\u00daBLICA DE COLOMBIA<br \/><b>Estudios de Pregrado<\/b><\/font><\/p>\n<p align=\"justify\" style=\"margin-top: 0; margin-bottom: 0\"><font face=\"Verdana\" size=\"2\"><br \/><b>Educaci\u00f3n t\u00e9cnica profesional<\/b><\/font><\/p>\n<p align=\"justify\" style=\"margin-top: 0; margin-bottom: 0\"><font face=\"Verdana\" size=\"2\"><br \/>La Educaci\u00f3n t\u00e9cnica profesional re\u00fane las formaciones t\u00e9cnicas con objetivo profesional asegurando la pr\u00e1ctica y el dominio de procedimientos t\u00e9cnicos. Estos estudios permiten obtener el t\u00edtulo de \u201cT\u00e9cnico Profesional en\u2026\u201d.<\/font><\/p>\n<p align=\"justify\" style=\"margin-top: 0; margin-bottom: 0\">&nbsp;<\/p>\n<p align=\"justify\" style=\"margin-top: 0; margin-bottom: 0\"><font face=\"Verdana\" size=\"2\"><br \/><b>Educaci\u00f3n tecnol\u00f3gica<\/b><\/font><\/p>\n<p align=\"justify\" style=\"margin-top: 0; margin-bottom: 0\"><font face=\"Verdana\" size=\"2\"><br \/>La Educaci\u00f3n tecnol\u00f3gica comprende las formaciones tecnol\u00f3gicas tendientes a la aplicaci\u00f3n y la pr\u00e1ctica de conocimientos en un conjunto de actividades profesionales. Estos estudios permiten obtener el t\u00edtulo de \u201cTecn\u00f3logo en\u2026\u201d.<\/font><\/p>\n<p align=\"justify\" style=\"margin-top: 0; margin-bottom: 0\">&nbsp;<\/p>\n<p align=\"justify\" style=\"margin-top: 0; margin-bottom: 0\"><font face=\"Verdana\" size=\"2\"><br \/><b>Profesional Universitario<\/b><\/font><\/p>\n<p align=\"justify\" style=\"margin-top: 0; margin-bottom: 0\"><font face=\"Verdana\" size=\"2\"><br \/>Los programas de formaci\u00f3n de Profesional Universitario (entre 150 y 170 cr\u00e9ditos acad\u00e9micos), preparan para el ejercicio profesional en m\u00faltiples campos que requieren competencias m\u00e1s complejas y una intensidad horaria m\u00e1s importante, propios de una profesi\u00f3n o disciplina de naturaleza tecnol\u00f3gica o cient\u00edfica y dentro del campo de las Ciencias humanas, Bellas artes y Filosof\u00eda. Estos estudios permiten obtener el t\u00edtulo de \u201cProfesional Universitario en\u2026\u201d.<\/font><\/p>\n<p align=\"justify\" style=\"margin-top: 0; margin-bottom: 0\"><font face=\"Verdana\" size=\"2\"><br \/>Los t\u00edtulos de formaci\u00f3n T\u00e9cnico Profesional y Tecn\u00f3logo capacitan a las personas para el ejercicio de profesiones en Colombia, previo cumplimiento de las condiciones requeridas cuando este ejercicio est\u00e1 reglamentado por la ley, como es el caso de los t\u00edtulos relacionados con la salud, el derecho, la contabilidad, la ingenier\u00eda, etc.<\/font><\/p>\n<p align=\"justify\" style=\"margin-top: 0; margin-bottom: 0\">&nbsp;<\/p>\n<p align=\"justify\" style=\"margin-top: 0; margin-bottom: 0\">&nbsp;<\/p>\n<p align=\"justify\" style=\"margin-top: 0; margin-bottom: 0\"><font face=\"Verdana\" size=\"2\">El Decreto 1295 de 2010 establece:<\/font><\/p>\n<p align=\"justify\" style=\"margin-top: 0; margin-bottom: 0\"><font face=\"Verdana\" size=\"2\"><br \/><b>Programas de especializaci\u00f3n<\/b><\/font><\/p>\n<p align=\"justify\" style=\"margin-top: 0; margin-bottom: 0\"><font face=\"Verdana\" size=\"2\"><br \/>Las instituciones de educaci\u00f3n superior pueden ofrecer programas de especializaci\u00f3n t\u00e9cnica profesional, tecnol\u00f3gica o profesional, de acuerdo con su car\u00e1cter acad\u00e9mico. Estos programas tienen como prop\u00f3sito la profundizaci\u00f3n en los saberes propios de un \u00e1rea de la ocupaci\u00f3n, disciplina o profesi\u00f3n de que se trate, el desarrollo de competencias espec\u00edficas para su perfeccionamiento y una mayor cualificaci\u00f3n para el desempe\u00f1o laboral.<\/font><\/p>\n<p align=\"justify\" style=\"margin-top: 0; margin-bottom: 0\">&nbsp;<\/p>\n<p align=\"justify\" style=\"margin-top: 0; margin-bottom: 0\"><font face=\"Verdana\" size=\"2\"><br \/><b>Especializaciones m\u00e9dicas y quir\u00fargicas<\/b><\/font><\/p>\n<p align=\"justify\" style=\"margin-top: 0; margin-bottom: 0\"><font face=\"Verdana\" size=\"2\"><br \/>Son los programas que permiten al m\u00e9dico la profundizaci\u00f3n en un \u00e1rea del conocimiento espec\u00edfico de la medicina y adquirir los conocimientos, competencias y destrezas avanzados para la atenci\u00f3n de pacientes en las diferentes etapas de su ciclo vital, con patolog\u00edas de los diversos sistemas org\u00e1nicos que requieren atenci\u00f3n especializada, lo cual se logra a trav\u00e9s de un proceso de ense\u00f1anza-aprendizaje te\u00f3rico que hace parte de los contenidos curriculares, y pr\u00e1ctico con el cumplimiento del tiempo de servicio en los sitios de pr\u00e1cticas asistenciales y la intervenci\u00f3n en un n\u00famero de casos adecuado para asegurar el logro de las competencias buscadas por el programa.<\/font><\/p>\n<p align=\"justify\" style=\"margin-top: 0; margin-bottom: 0\"><font face=\"Verdana\" size=\"2\"><br \/>De conformidad con el art\u00edculo 247 de la Ley 100 de 1993, estos programas tendr\u00e1n un tratamiento equivalente a los programas de maestr\u00eda.<\/font><\/p>\n<p align=\"justify\" style=\"margin-top: 0; margin-bottom: 0\">&nbsp;<\/p>\n<p align=\"justify\" style=\"margin-top: 0; margin-bottom: 0\"><font face=\"Verdana\" size=\"2\"><br \/><b>Programas de maestr\u00eda<\/b><\/font><\/p>\n<p align=\"justify\" style=\"margin-top: 0; margin-bottom: 0\"><font face=\"Verdana\" size=\"2\"><br \/>Los programas de maestr\u00eda tienen como prop\u00f3sito ampliar y desarrollar los conocimientos para la soluci\u00f3n de problemas disciplinares, interdisciplinarios o profesionales y dotar a la persona de los instrumentos b\u00e1sicos que la habilitan como investigador en un \u00e1rea espec\u00edfica de las ciencias o de las tecnolog\u00edas o que le permitan profundizar te\u00f3rica y conceptualmente en un campo de la filosof\u00eda, de las humanidades y de las artes. Los programas de maestr\u00eda podr\u00e1n ser de profundizaci\u00f3n o de investigaci\u00f3n o abarcar las dos modalidades bajo un \u00fanico registro.<\/font><\/p>\n<p align=\"justify\" style=\"margin-top: 0; margin-bottom: 0\"><font face=\"Verdana\" size=\"2\"><br \/>Las modalidades se deber\u00e1n diferenciar por el tipo de investigaci\u00f3n a realizar, en la distribuci\u00f3n de horas de trabajo con acompa\u00f1amiento directo e independiente y en las actividades acad\u00e9micas a desarrollar por el estudiante.<\/font><\/p>\n<p align=\"justify\" style=\"margin-top: 0; margin-bottom: 0\"><font face=\"Verdana\" size=\"2\"><br \/>La maestr\u00eda de profundizaci\u00f3n busca el desarrollo avanzado de competencias que permitan la soluci\u00f3n de problemas o el an\u00e1lisis de situaciones particulares de car\u00e1cter disciplinar, interdisciplinario o profesional, por medio de la asimilaci\u00f3n o apropiaci\u00f3n de saberes, metodolog\u00edas y, seg\u00fan el caso, desarrollos cient\u00edficos, tecnol\u00f3gicos o art\u00edsticos. La maestr\u00eda de investigaci\u00f3n debe procurar el desarrollo de competencias cient\u00edficas y una formaci\u00f3n avanzada en investigaci\u00f3n o creaci\u00f3n que genere nuevos conocimientos, procesos tecnol\u00f3gicos u obras o interpretaciones art\u00edsticas de inter\u00e9s cultural, seg\u00fan el caso.<\/font><\/p>\n<p align=\"justify\" style=\"margin-top: 0; margin-bottom: 0\"><font face=\"Verdana\" size=\"2\"><br \/>El trabajo de investigaci\u00f3n de la primera, podr\u00e1 estar dirigido a la investigaci\u00f3n aplicada, al estudio del caso, o la creaci\u00f3n o interpretaci\u00f3n documentada de una obra art\u00edstica, seg\u00fan la naturaleza del programa.<\/font><\/p>\n<p align=\"justify\" style=\"margin-top: 0; margin-bottom: 0\">&nbsp;<\/p>\n<p align=\"justify\" style=\"margin-top: 0; margin-bottom: 0\"><font face=\"Verdana\" size=\"2\">El de la segunda debe evidenciar las competencias cient\u00edficas, disciplinares o creativas propias del investigador, del creador o del int\u00e9rprete art\u00edstico.<\/font><\/p>\n<p align=\"justify\" style=\"margin-top: 0; margin-bottom: 0\">&nbsp;<\/p>\n<p align=\"justify\" style=\"margin-top: 0; margin-bottom: 0\"><font face=\"Verdana\" size=\"2\"><br \/><b>Programas de doctorado<\/b><\/font><\/p>\n<p align=\"justify\" style=\"margin-top: 0; margin-bottom: 0\"><font face=\"Verdana\" size=\"2\"><br \/>Un programa de doctorado tiene como prop\u00f3sito la formaci\u00f3n de investigadores con capacidad de realizar y orientar en forma aut\u00f3noma procesos acad\u00e9micos e investigativos en un \u00e1rea espec\u00edfica del conocimiento y desarrollar, afianzar o profundizar competencias propias de este nivel de formaci\u00f3n.<\/font><\/p>\n<p align=\"justify\" style=\"margin-top: 0; margin-bottom: 0\"><font face=\"Verdana\" size=\"2\"><br \/>Los resultados de las investigaciones de los estudiantes en este nivel de formaci\u00f3n deben contribuir al avance en la ciencia, la tecnolog\u00eda, las humanidades o las artes.<\/font><\/p>\n<p align=\"justify\" style=\"margin-top: 0; margin-bottom: 0\">&nbsp;<\/p>\n<p align=\"center\" style=\"margin-top: 0; margin-bottom: 0\"><font face=\"Verdana\" size=\"2\"><br \/>REINO DE ESPA\u00d1A<br \/>ENSE\u00d1ANZA UNIVERSITARIA<\/font><\/p>\n<p align=\"justify\" style=\"margin-top: 0; margin-bottom: 0\"><font face=\"Verdana\" size=\"2\"><br \/><b>Ense\u00f1anzas de Grado:<\/b><\/font><\/p>\n<p align=\"justify\" style=\"margin-top: 0; margin-bottom: 0\"><font face=\"Verdana\" size=\"2\"><br \/><b>Primer Ciclo: T\u00edtulos Universitarios oficiales de Grado<\/b><\/font><\/p>\n<p align=\"justify\" style=\"margin-top: 0; margin-bottom: 0\">&nbsp;<\/p>\n<p align=\"justify\" style=\"margin-top: 0; margin-bottom: 0\"><font face=\"Verdana\" size=\"2\">El primer ciclo de los estudios universitarios comprender\u00e1 ense\u00f1anzas b\u00e1sicas y de formaci\u00f3n general, junto a otras orientadas a la preparaci\u00f3n para el ejercicio de actividades de car\u00e1cter profesional.<\/font><\/p>\n<p align=\"justify\" style=\"margin-top: 0; margin-bottom: 0\"><font face=\"Verdana\" size=\"2\"><br \/>El n\u00famero total de cr\u00e9ditos (Sistema Europeo de Transferencia y Acumulaci\u00f3n de Cr\u00e9ditos ECTS) de las ense\u00f1anzas y actividades acad\u00e9micas conducentes a la obtenci\u00f3n de los t\u00edtulos oficiales de Grado es, con car\u00e1cter general, de 240 cr\u00e9ditos (4 a\u00f1os).<\/font><\/p>\n<p align=\"justify\" style=\"margin-top: 0; margin-bottom: 0\">&nbsp;<\/p>\n<p align=\"justify\" style=\"margin-top: 0; margin-bottom: 0\"><font face=\"Verdana\" size=\"2\"><br \/><b>Ense\u00f1anzas de Posgrado<\/b><\/font><\/p>\n<p align=\"justify\" style=\"margin-top: 0; margin-bottom: 0\"><font face=\"Verdana\" size=\"2\"><br \/><b>Segundo ciclo: T\u00edtulo oficial de M\u00e1ster<\/b><\/font><\/p>\n<p align=\"justify\" style=\"margin-top: 0; margin-bottom: 0\"><font face=\"Verdana\" size=\"2\"><br \/>El segundo ciclo de los estudios universitarios tendr\u00e1 como finalidad la formaci\u00f3n avanzada, de car\u00e1cter especializado o multidisciplinar, dirigido a una especializaci\u00f3n acad\u00e9mica o profesional, o bien a promover la iniciaci\u00f3n de tareas investigadoras.<\/font><\/p>\n<p align=\"justify\" style=\"margin-top: 0; margin-bottom: 0\"><font face=\"Verdana\" size=\"2\"><br \/>Los estudios universitarios de segundo ciclo conducentes a la obtenci\u00f3n del t\u00edtulo oficial de M\u00e1ster tendr\u00e1n una extensi\u00f3n m\u00ednima de 60 cr\u00e9ditos y m\u00e1xima de 120 (entre 1 y 2 a\u00f1os).<\/font><\/p>\n<p align=\"justify\" style=\"margin-top: 0; margin-bottom: 0\">&nbsp;<\/p>\n<p align=\"justify\" style=\"margin-top: 0; margin-bottom: 0\"><font face=\"Verdana\" size=\"2\"><br \/><b>Tercer ciclo: T\u00edtulo de Doctor<\/b><\/font><\/p>\n<p align=\"justify\" style=\"margin-top: 0; margin-bottom: 0\"><font face=\"Verdana\" size=\"2\"><br \/>El tercer ciclo de los estudios universitarios tendr\u00e1 como finalidad la formaci\u00f3n avanzada del estudiante en las t\u00e9cnicas de investigaci\u00f3n, podr\u00e1 incluir cursos, seminarios u otras actividades dirigidas a la formaci\u00f3n investigadora, e incluir\u00e1 la elaboraci\u00f3n y presentaci\u00f3n de la correspondiente tesis doctoral, consistente en un trabajo original de investigaci\u00f3n.<\/font><\/p>\n<p align=\"justify\" style=\"margin-top: 0; margin-bottom: 0\"><font face=\"Verdana\" size=\"2\"><br \/>Para acceder a los estudios de Doctorado se exige el t\u00edtulo de M\u00e1ster o un m\u00ednimo de 60 cr\u00e9ditos de Posgrado, y tener un m\u00ednimo de 300 cr\u00e9ditos (5 a\u00f1os) entre Grado y Posgrado.<\/font><\/p>\n<p align=\"justify\" style=\"margin-top: 0; margin-bottom: 0\"><font face=\"Verdana\" size=\"2\"> <\/p>\n<p align=\"justify\" style=\"margin-top: 0; margin-bottom: 0\"><font face=\"Verdana\" size=\"2\">3. Acreditaci\u00f3n de T\u00edtulos y Diplomas en Colombia y en Espa\u00f1a<\/font><\/p>\n<p align=\"justify\" style=\"margin-top: 0; margin-bottom: 0\">&nbsp;<\/p>\n<p align=\"center\" style=\"margin-top: 0; margin-bottom: 0\"><font face=\"Verdana\" size=\"2\"><b>REP\u00daBLICA DE COLOMBIA<\/b><\/font><\/p>\n<p align=\"justify\" style=\"margin-top: 0; margin-bottom: 0\"><font face=\"Verdana\" size=\"2\"><br \/>El Decreto 2150 de 1995, suprimi\u00f3 el registro estatal de los t\u00edtulos, y dispuso que esta funci\u00f3n corresponde a las instituciones de educaci\u00f3n superior legalmente reconocidas por el Estado. Para tal efecto las instituciones deben dejar constancia del n\u00famero del registro en el diploma y en el acta de grado.<\/font><\/p>\n<p align=\"justify\" style=\"margin-top: 0; margin-bottom: 0\">&nbsp;<\/p>\n<p align=\"justify\" style=\"margin-top: 0; margin-bottom: 0\"><font face=\"Verdana\" size=\"2\">En el Sistema Nacional de Informaci\u00f3n de la Educaci\u00f3n Superior, se lleva el registro de las instituciones de educaci\u00f3n superior legalmente autorizadas para ofrecer y desarrollar programas acad\u00e9micos de educaci\u00f3n superior, as\u00ed como el de los programas que constituyen su oferta educativa.<\/font><\/p>\n<p align=\"justify\" style=\"margin-top: 0; margin-bottom: 0\"><font face=\"Verdana\" size=\"2\"><br \/>El acceso al sistema es p\u00fablico a trav\u00e9s del enlace:<\/font><\/p>\n<p align=\"justify\" style=\"margin-top: 0; margin-bottom: 0\"><font face=\"Verdana\" size=\"2\"><br \/><i><b><a hrefx=\"http:\/\/www.mineducacion.gov.co\/sistemasdeinformacion\/1735\/channel.html\">http:\/\/www.mineducacion.gov.co\/sistemasdeinformacion\/1735\/channel.html<\/a><\/b><\/i><\/font><\/p>\n<p align=\"center\" style=\"margin-top: 0; margin-bottom: 0\"><font face=\"Verdana\" size=\"2\"> <\/p>\n<p align=\"center\" style=\"margin-top: 0; margin-bottom: 0\"><font face=\"Verdana\" size=\"2\"><b>REINO DE ESPA\u00d1A<\/b><\/font><\/p>\n<p align=\"justify\" style=\"margin-top: 0; margin-bottom: 0\"><font face=\"Verdana\" size=\"2\"><br \/>La vigente normativa en materia de ense\u00f1anza universitaria ha creado el Registro de Universidades, Centros y T\u00edtulos (RUCT), establecido en el Real Decreto 1509\/2008, de 12 de septiembre, cuyo art\u00edculo 1\u00ba determina su car\u00e1cter p\u00fablico y el tipo de informaci\u00f3n que inscribir\u00e1:<\/font><\/p>\n<p align=\"justify\" style=\"margin-top: 0; margin-bottom: 0\"><font face=\"Verdana\" size=\"2\"><br \/>1. Tiene car\u00e1cter p\u00fablico y de registro administrativo.<\/font><\/p>\n<p align=\"justify\" style=\"margin-top: 0; margin-bottom: 0\"><font face=\"Verdana\" size=\"2\"><br \/>2. Se inscribir\u00e1n en el RUCT, las Universidades y los Centros universitarios, los t\u00edtulos universitarios de car\u00e1cter oficial y con validez en todo el territorio nacional, establecidos de acuerdo con lo previsto en el Real Decreto 1393\/2007 de 29 de octubre, por el que se establece la ordenaci\u00f3n de las ense\u00f1anzas universitarias oficiales.<\/font><\/p>\n<p align=\"justify\" style=\"margin-top: 0; margin-bottom: 0\"><font face=\"Verdana\" size=\"2\"><br \/>3. Se incluir\u00e1 la informaci\u00f3n actualizada relativa al sistema universitario espa\u00f1ol, para lo que se inscribir\u00e1n en el mismo los datos relevantes relativos a Universidades, Centros y T\u00edtulos.<\/font><\/p>\n<p align=\"justify\" style=\"margin-top: 0; margin-bottom: 0\"><font face=\"Verdana\" size=\"2\"><br \/>Toda la informaci\u00f3n del RUCT se puede consultar en la p\u00e1gina Web del Ministerio de Educaci\u00f3n en el enlace: <i><b><a hrefx=\"https:\/\/www.educacion.es\/ruct\/home.do\">https:\/\/www.educacion.es\/ruct\/home.do<\/a> <\/b><\/i> <\/p>\n<p align=\"justify\" style=\"margin-top: 0; margin-bottom: 0\"><b><font face=\"Verdana\" size=\"2\">La suscrita Coordinadora del Grupo Interno de Trabajo de Tratados de la Direcci\u00f3n de Asuntos jur\u00eddicos internacionales del Ministerio de Relaciones Exteriores de la Rep\u00fablica de Colombia<\/font><\/b><\/p>\n<p align=\"justify\" style=\"margin-top: 0; margin-bottom: 0\">&nbsp;<\/p>\n<p align=\"center\" style=\"margin-top: 0; margin-bottom: 0\"><b><font face=\"Verdana\" size=\"2\">CERTIFICA:<\/font><\/b><\/p>\n<p align=\"justify\" style=\"margin-top: 0; margin-bottom: 0\"><font face=\"Verdana\" size=\"2\"><br \/>Que la reproducci\u00f3n del texto que antecede es copia fiel y completa de la versi\u00f3n en idioma espa\u00f1ol del<i> \u201cAcuerdo de reconocimiento mutuo de t\u00edtulos y grados acad\u00e9micos de educaci\u00f3n superior universitaria entre el Gobierno de la Rep\u00fablica de Colombia y el Gobierno del Reino de Espa\u00f1a\u201d<\/i>, suscrito en Mar del Plata, Argentina, el 4 de diciembre de 2010, documento que reposa en los archivos del Grupo Interno de Trabajo Tratados de la Direcci\u00f3n de Asuntos Jur\u00eddicos Internacionales de este Ministerio.<\/font><\/p>\n<p align=\"center\" style=\"margin-top: 0; margin-bottom: 0\"><font face=\"Verdana\" size=\"2\"><br \/>Dada en Bogot\u00e1, D. C., a los ocho (8) d\u00edas del mes de julio de dos mil once (2011).<br \/>La Coordinadora del Grupo Interno de Trabajo de Tratados, Direcci\u00f3n de Asuntos Jur\u00eddicos Internacionales,<br \/>Alejandra Valencia Gartner.<\/font><\/p>\n<p align=\"center\" style=\"margin-top: 0; margin-bottom: 0\"><font face=\"Verdana\" size=\"2\"><br \/><b>RAMA EJECUTIVA DEL PODER P\u00daBLICO &#8211; PRESIDENCIA DE LA REP\u00daBLICA<\/b><\/font><\/p>\n<p align=\"center\" style=\"margin-top: 0; margin-bottom: 0\"><font face=\"Verdana\" size=\"2\"><br \/>Bogot\u00e1, D. C., 19 de julio de 2011<br \/>Autorizado. Som\u00e9tase a la consideraci\u00f3n del honorable Congreso de la Rep\u00fablica para los efectos constitucionales.<\/font><\/p>\n<p align=\"center\" style=\"margin-top: 0; margin-bottom: 0\"><font face=\"Verdana\" size=\"2\"><br \/>(Fdo.) JUAN MANUEL SANTOS CALDER\u00d3N<\/font><\/p>\n<p align=\"center\" style=\"margin-top: 0; margin-bottom: 0\"><font face=\"Verdana\" size=\"2\"><br \/>La Viceministra de Relaciones Exteriores encargada de las funciones del Despacho de la Ministra de Relaciones Exteriores,<br \/>(Fdo.) M\u00f3nica Lanzetta Mutis<\/font><\/p>\n<p align=\"justify\" style=\"margin-top: 0; margin-bottom: 0\">&nbsp;<\/p>\n<p align=\"center\" style=\"margin-top: 0; margin-bottom: 0\"><font face=\"Verdana\" size=\"2\"><br \/><b>DECRETA:<\/b><\/font><\/p>\n<p align=\"justify\" style=\"margin-top: 0; margin-bottom: 0\"><font face=\"Verdana\" size=\"2\"><br \/><b><a name=\"1\">Art\u00edculo 1\u00b0.<\/a><\/b> Apru\u00e9base el \u201cAcuerdo de reconocimiento mutuo de t\u00edtulos y grados acad\u00e9micos de educaci\u00f3n superior universitaria entre el Gobierno de la Rep\u00fablica de Colombia y el Gobierno del Reino de Espa\u00f1a\u201d, suscrito en Mar del Plata, Argentina, el 4 de diciembre de 2010.<\/font><\/p>\n<p align=\"justify\" style=\"margin-top: 0; margin-bottom: 0\"><font face=\"Verdana\" size=\"2\"> <\/p>\n<p align=\"justify\" style=\"margin-top: 0; margin-bottom: 0\"><font face=\"Verdana\" size=\"2\"><b><a name=\"2+\">Art\u00edculo 2\u00b0.<\/a><\/b> De conformidad con lo dispuesto en el art\u00edculo 1\u00b0 de la Ley 7\u00aa de 1944, el \u201cAcuerdo de reconocimiento mutuo de t\u00edtulos y grados acad\u00e9micos de educaci\u00f3n superior universitaria entre el Gobierno de la Rep\u00fablica de Colombia y el Gobierno del Reino de Espa\u00f1a\u201d, suscrito en Mar del Plata, Argentina, el 4 de diciembre de 2010, que por el art\u00edculo 1\u00b0 de esta ley se aprueban, obligar\u00e1n al Estado a partir de la fecha en que se perfeccione el v\u00ednculo internacional respecto de las mismas.<\/font><\/p>\n<p align=\"justify\" style=\"margin-top: 0; margin-bottom: 0\">&nbsp;<\/p>\n<p align=\"justify\" style=\"margin-top: 0; margin-bottom: 0\"><font face=\"Verdana\" size=\"2\"><br \/><b><a name=\"3\">Art\u00edculo 3\u00b0.<\/a><\/b> La presente ley rige a partir de la fecha de su publicaci\u00f3n.<\/font><\/p>\n<p align=\"center\" style=\"margin-top: 0; margin-bottom: 0\"><font face=\"Verdana\" size=\"2\"><br \/>Dada en Bogot\u00e1, D. C., \u2026<br \/>Presentado al honorable Congreso de la Rep\u00fablica por la Ministra de Relaciones Exteriores y la Ministra de Educaci\u00f3n Nacional.<\/font><\/p>\n<p align=\"center\" style=\"margin-top: 0; margin-bottom: 0\"><font face=\"Verdana\" size=\"2\"><br \/>La Ministra de Relaciones Exteriores<br \/>Mar\u00eda \u00c1ngela Holgu\u00edn Cu\u00e9llar<\/font><\/p>\n<p align=\"center\" style=\"margin-top: 0; margin-bottom: 0\"><font face=\"Verdana\" size=\"2\"><br \/>La Ministra de Educaci\u00f3n Nacional<br \/>Mar\u00eda Fernanda Campo Saavedra<\/font><\/p>\n<p align=\"center\" style=\"margin-top: 0; margin-bottom: 0\"><font face=\"Verdana\" size=\"2\"><br \/><b>RAMA EJECUTIVA DEL PODER P\u00daBLICO &#8211; PRESIDENCIA DE LA REP\u00daBLICA<\/b><\/font><\/p>\n<p align=\"center\" style=\"margin-top: 0; margin-bottom: 0\"><font face=\"Verdana\" size=\"2\"><br \/>Bogot\u00e1, D. C., 19 de julio de 2011<br \/>Autorizado. Som\u00e9tanse a la consideraci\u00f3n del honorable Congreso de la Rep\u00fablica para los efectos constitucionales.<\/font><\/p>\n<p align=\"center\" style=\"margin-top: 0; margin-bottom: 0\"><font face=\"Verdana\" size=\"2\"><br \/>(Fdo.) JUAN MANUEL SANTOS CALDER\u00d3N<\/font><\/p>\n<p align=\"center\" style=\"margin-top: 0; margin-bottom: 0\"><font face=\"Verdana\" size=\"2\"><br \/>La Viceministra de Asuntos Multilaterales encargada de las funciones del Despacho de la Ministra de Relaciones Exteriores<br \/>(Fdo.) M\u00f3nica Lanzetta Mutis<\/font><\/td>\n<\/tr>\n<\/table>\n<p align=\"center\" style=\"margin-top: 0; margin-bottom: 0\"><font face=\"Verdana\" size=\"2\"><br \/><b><br \/>DECRETA:<\/b><\/font><\/p>\n<p align=\"justify\" style=\"margin-top: 0; margin-bottom: 0\"><font face=\"Verdana\" size=\"2\"><br \/><b><a name=\"Art\u00edculo_1\u00b0.\">Art\u00edculo 1\u00b0.<\/a><\/b> Apru\u00e9base el \u201cAcuerdo de reconocimiento mutuo de t\u00edtulos y grados acad\u00e9micos de educaci\u00f3n superior universitaria entre el Gobierno de la Rep\u00fablica de Colombia y el Gobierno del Reino de Espa\u00f1a\u201d, suscrito en Mar del Plata, Argentina, el 4 de diciembre de 2010.<\/font><\/p>\n<p align=\"justify\" style=\"margin-top: 0; margin-bottom: 0\">&nbsp;<\/p>\n<p align=\"justify\" style=\"margin-top: 0; margin-bottom: 0\"><font face=\"Verdana\" size=\"2\"><br \/><b><a name=\"Art\u00edculo_2\u00b0._\">Art\u00edculo 2\u00b0.<\/a><\/b> De conformidad con lo dispuesto en el art\u00edculo 1\u00b0 de la Ley 7\u00aa de 1944, el \u201cAcuerdo de reconocimiento mutuo de t\u00edtulos y grados acad\u00e9micos de educaci\u00f3n superior universitaria entre el Gobierno de la Rep\u00fablica de Colombia y el Gobierno del Reino de Espa\u00f1a\u201d, suscrito en Mar del Plata, Argentina, el 4 de diciembre de 2010, que por el art\u00edculo 1\u00b0 de esta ley se aprueban, obligar\u00e1n al Estado a partir de la fecha en que se perfeccione el v\u00ednculo internacional respecto de las mismas.<\/font><\/p>\n<p align=\"justify\" style=\"margin-top: 0; margin-bottom: 0\">&nbsp;<\/p>\n<p align=\"justify\" style=\"margin-top: 0; margin-bottom: 0\"><font face=\"Verdana\" size=\"2\"><br \/><b><a name=\"Art\u00edculo_3\u00b0.\">Art\u00edculo 3\u00b0.<\/a><\/b> La presente ley rige a partir de la fecha de su publicaci\u00f3n.<\/font><\/p>\n<p align=\"center\" style=\"margin-top: 0; margin-bottom: 0\"><font face=\"Verdana\" size=\"2\"><br \/>El Presidente del honorable Senado de la Rep\u00fablica<br \/>Roy Barreras Montealegre<\/font><\/p>\n<p align=\"center\" style=\"margin-top: 0; margin-bottom: 0\"><font face=\"Verdana\" size=\"2\"><br \/>El Secretario General del honorable Senado de la Rep\u00fablica<br \/>Gregorio Eljach Pacheco<\/font><\/p>\n<p align=\"center\" style=\"margin-top: 0; margin-bottom: 0\"><font face=\"Verdana\" size=\"2\"><br \/>El Presidente de la honorable C\u00e1mara de Representantes<br \/>Augusto Posada S\u00e1nchez<\/font><\/p>\n<p align=\"center\" style=\"margin-top: 0; margin-bottom: 0\"><font face=\"Verdana\" size=\"2\"><br \/>El Secretario General de la honorable C\u00e1mara de Representantes<br \/>Jorge Humberto Mantilla Serrano<\/font><\/p>\n<p align=\"center\" style=\"margin-top: 0; margin-bottom: 0\"><font face=\"Verdana\" size=\"2\"><br \/><b>REP\u00daBLICA DE COLOMBIA \u2013 GOBIERNO NACIONAL<\/b><\/font><\/p>\n<p align=\"center\" style=\"margin-top: 0; margin-bottom: 0\"><font face=\"Verdana\" size=\"2\"><br \/>Comun\u00edquese y c\u00famplase<br \/>Ejec\u00fatese, previa revisi\u00f3n de la Corte Constitucional, conforme al art\u00edculo 241-10 de la Constituci\u00f3n Pol\u00edtica.<\/font><\/p>\n<p align=\"center\" style=\"margin-top: 0; margin-bottom: 0\"><font face=\"Verdana\" size=\"2\">Dada en Bogot\u00e1, D. C., a 2 de enero de 2013<\/font><\/p>\n<p align=\"center\" style=\"margin-top: 0; margin-bottom: 0\"><font face=\"Verdana\" size=\"2\"><br \/>JUAN MANUEL SANTOS CALDER\u00d3N<\/font><\/p>\n<p align=\"center\" style=\"margin-top: 0; margin-bottom: 0\"><font face=\"Verdana\" size=\"2\"><br \/>La Viceministra de Relaciones Exteriores del Ministerio de Relaciones Exteriores, encargada de las funciones del Despacho de la Ministra de Relaciones Exteriores,<br \/>M\u00f3nica Lanzetta Mutis.<\/font><\/p>\n<p align=\"center\" style=\"margin-top: 0; margin-bottom: 0\"><font face=\"Verdana\" size=\"2\"><br \/>La Viceministra de Educaci\u00f3n Preescolar, B\u00e1sica y Media del Ministerio de Educaci\u00f3n Nacional, encargada de las funciones del Despacho de la Ministra de Educaci\u00f3n Nacional<br \/>Roxana de los \u00c1ngeles Segovia de Cabrales<\/font><\/p>\n","protected":false},"excerpt":{"rendered":"<p>LEY 1611 DE 2013 &nbsp; LEY 1611 DE 2013 (enero 2 de 2012) por medio de la cual se aprueba el \u201cAcuerdo de reconocimiento mutuo de t\u00edtulos y grados acad\u00e9micos de educaci\u00f3n superior universitaria entre el Gobierno de la Rep\u00fablica de Colombia y el Gobierno del Reino de Espa\u00f1a\u201d, suscrito en Mar del Plata, Argentina, [&hellip;]<\/p>\n","protected":false},"author":1,"featured_media":0,"comment_status":"open","ping_status":"open","sticky":false,"template":"","format":"standard","meta":{"footnotes":""},"categories":[28],"tags":[],"class_list":["post-1671","post","type-post","status-publish","format-standard","hentry","category-leyes-2013"],"_links":{"self":[{"href":"https:\/\/www.dmsjuridica.com\/buscador_20179478954\/legislacion\/leyes\/wp-json\/wp\/v2\/posts\/1671","targetHints":{"allow":["GET"]}}],"collection":[{"href":"https:\/\/www.dmsjuridica.com\/buscador_20179478954\/legislacion\/leyes\/wp-json\/wp\/v2\/posts"}],"about":[{"href":"https:\/\/www.dmsjuridica.com\/buscador_20179478954\/legislacion\/leyes\/wp-json\/wp\/v2\/types\/post"}],"author":[{"embeddable":true,"href":"https:\/\/www.dmsjuridica.com\/buscador_20179478954\/legislacion\/leyes\/wp-json\/wp\/v2\/users\/1"}],"replies":[{"embeddable":true,"href":"https:\/\/www.dmsjuridica.com\/buscador_20179478954\/legislacion\/leyes\/wp-json\/wp\/v2\/comments?post=1671"}],"version-history":[{"count":0,"href":"https:\/\/www.dmsjuridica.com\/buscador_20179478954\/legislacion\/leyes\/wp-json\/wp\/v2\/posts\/1671\/revisions"}],"wp:attachment":[{"href":"https:\/\/www.dmsjuridica.com\/buscador_20179478954\/legislacion\/leyes\/wp-json\/wp\/v2\/media?parent=1671"}],"wp:term":[{"taxonomy":"category","embeddable":true,"href":"https:\/\/www.dmsjuridica.com\/buscador_20179478954\/legislacion\/leyes\/wp-json\/wp\/v2\/categories?post=1671"},{"taxonomy":"post_tag","embeddable":true,"href":"https:\/\/www.dmsjuridica.com\/buscador_20179478954\/legislacion\/leyes\/wp-json\/wp\/v2\/tags?post=1671"}],"curies":[{"name":"wp","href":"https:\/\/api.w.org\/{rel}","templated":true}]}}