{"id":1694,"date":"2020-11-24T22:02:15","date_gmt":"2020-11-24T22:02:15","guid":{"rendered":"https:\/\/www.dmsjuridica.com\/buscador_20179478954\/legislacion\/leyes\/2020\/11\/24\/ley-1636-de-2013\/"},"modified":"2020-11-24T22:02:15","modified_gmt":"2020-11-24T22:02:15","slug":"ley-1636-de-2013","status":"publish","type":"post","link":"https:\/\/www.dmsjuridica.com\/buscador_20179478954\/legislacion\/leyes\/2020\/11\/24\/ley-1636-de-2013\/","title":{"rendered":"LEY 1636 DE 2013"},"content":{"rendered":"<p>LEY 1636 DE 2013             <\/font><\/p>\n<p align=\"center\" style=\"margin-top: 0; margin-bottom: 0\"><font face=\"Verdana\" size=\"2\"><img loading=\"lazy\" decoding=\"async\" border=\"0\" src=\"http:\/\/dmsjuridica.com\/CODIGOS\/LEGISLACION\/LEYES\/2019\/dms.png\" width=\"138\" height=\"103\"align=\"center\"><\/font><\/p>\n<p align=\"center\" style=\"margin-top: 0; margin-bottom: 0\">&nbsp;<\/p>\n<p align=\"center\" style=\"margin-top: 0; margin-bottom: 0\"><font face=\"Verdana\"><b><font size=\"6\">LEY 1636 DE 2013<\/font><\/b><font size=\"2\"> <\/font><\/p>\n<p align=\"center\" style=\"margin-top: 0; margin-bottom: 0\"><font face=\"Verdana\"><font size=\"2\">(junio 18 de 2013)<\/font><\/font><\/p>\n<p align=\"center\" style=\"margin-top: 0; margin-bottom: 0\"><font face=\"Verdana\"><font size=\"2\"><br \/><i>p<\/i><\/font><i><font size=\"2\">or medio de la cual se crea el mecanismo de protecci\u00f3n al cesante en Colombia.<\/font><\/i><\/font><\/p>\n<p align=\"center\" style=\"margin-top: 0; margin-bottom: 0\">&nbsp;<\/p>\n<p align=\"center\" style=\"margin-top: 0; margin-bottom: 0\"><b><font size=\"2\" face=\"Verdana\">El Congreso de Colombia <\/b><\/p>\n<p><P class=MsoNormal style=\"TEXT-ALIGN: justify; margin-top:0; margin-bottom:0\" align=center><i><b><font size=\"2\">*<font face=\"Verdana\">Notas de Vigencia*<\/font><\/font><\/b><\/i><\/P><P class=MsoNormal style=\"TEXT-ALIGN: justify; margin-top:0; margin-bottom:0\" align=center>&nbsp;<\/P><\/p>\n<div align=\"center\">\n<table border=\"1\" cellpadding=\"6\" cellspacing=\"0\" width=\"100%\">\n<tr>\n<td>\n<p align=\"justify\"><font size=\"2\" face=\"Verdana\"><i>Modificado por el<b><a hrefx=\"..\/2016\/1780.htm\">Decreto 1780 de 2016<\/a><\/b>, publicado en el Diario Oficial No.49.861 Lunes, 2 de mayo de 2016. &quot;<\/i><i>p<\/i><i>or medio de la cual se promueve el empleo y el emprendimiento juvenil, se generan medidas para superar barreras de acceso al mercado de trabajo y se dictan otras disposiciones.<\/i><\/font><\/td>\n<\/tr>\n<\/table>\n<\/div>\n<p align=\"center\" style=\"margin-top: 0; margin-bottom: 0\">&nbsp;<\/p>\n<p align=\"center\" style=\"margin-top: 0; margin-bottom: 0\">&nbsp;<\/p>\n<p align=\"center\" style=\"margin-top: 0; margin-bottom: 0\">&nbsp;<\/p>\n<p align=\"center\" style=\"margin-top: 0; margin-bottom: 0\"><b><font size=\"2\" face=\"Verdana\">DECRETA:<br \/>CAPITULO I<\/font><\/b><\/p>\n<p align=\"center\" style=\"margin-top: 0; margin-bottom: 0\"><b><font size=\"2\" face=\"Verdana\"><br \/>Objeto y creaci\u00f3n del Mecanismo de Protecci\u00f3n al Cesante<\/font><\/b><\/p>\n<p align=\"justify\" style=\"margin-top: 0; margin-bottom: 0\"><font size=\"2\" face=\"Verdana\"><br \/><b>Art\u00edculo 1\u00b0.<\/b> <i><b>Objeto.<\/b><\/i> La presente ley tiene por objeto crear un Mecanismo de Protecci\u00f3n al Cesante, cuya finalidad ser\u00e1 la articulaci\u00f3n y ejecuci\u00f3n de un sistema integral de pol\u00edticas activas y pasivas de mitigaci\u00f3n de los efectos del desempleo que enfrentan los trabajadores; al tiempo que facilitar la reinserci\u00f3n de la poblaci\u00f3n cesante en el mercado laboral en condiciones de dignidad, mejoramiento de la calidad de vida, permanencia y formalizaci\u00f3n. <\/font><\/p>\n<p align=\"justify\" style=\"margin-top: 0; margin-bottom: 0\"><font size=\"2\" face=\"Verdana\"><br \/><b>Art\u00edculo 2\u00b0. Creaci\u00f3n del Mecanismo de Protecci\u00f3n al Cesante. <\/b> Cr\u00e9ase el Mecanismo de Protecci\u00f3n al Cesante, el cual estar\u00e1 compuesto por: <\/font><\/p>\n<p align=\"justify\" style=\"margin-top: 0; margin-bottom: 0\"><font size=\"2\" face=\"Verdana\"><br \/><b>1.<\/b> El Servicio P\u00fablico de Empleo, como herramienta eficiente y eficaz de b\u00fasqueda de empleo. <\/font><\/p>\n<p align=\"justify\" style=\"margin-top: 0; margin-bottom: 0\"><font size=\"2\" face=\"Verdana\"> <br \/><b>2.<\/b> Capacitaci\u00f3n general, en competencias b\u00e1sicas y en competencias laborales espec\u00edficas, brindada por el Servicio Nacional de Aprendizaje (Sena), las Cajas de Compensaci\u00f3n Familiar o las instituciones de formaci\u00f3n para el trabajo certificadas en calidad; para efectos de garantizar, en caso de ser necesario, un reentrenamiento a la poblaci\u00f3n cesante. <\/font><\/p>\n<p align=\"justify\" style=\"margin-top: 0; margin-bottom: 0\"><font size=\"2\" face=\"Verdana\"> <br \/><b>3. <\/b>El Fondo de Solidaridad de Fomento al Empleo y Protecci\u00f3n al Cesante (FOSFEC), como fuente para otorgar beneficios a la poblaci\u00f3n cesante que cumpla con los requisitos de acceso. <\/font><\/p>\n<p align=\"justify\" style=\"margin-top: 0; margin-bottom: 0\"><font size=\"2\" face=\"Verdana\"> <br \/><b>4. <\/b>Las Cuentas de Cesant\u00edas de los trabajadores, como fuente limitada y voluntaria para generar un ingreso en los periodos en que la persona quede cesante. El Gobierno Nacional dirigir\u00e1, orientar\u00e1, regular\u00e1, controlar\u00e1 y vigilar\u00e1 los cuatro esquemas antes mencionados. <\/font><\/p>\n<p align=\"justify\" style=\"margin-top: 0; margin-bottom: 0\">&nbsp;<\/p>\n<p align=\"justify\" style=\"margin-top: 0; margin-bottom: 0\"><font face=\"Verdana\" size=\"2\"><b>5. *Adicionado por el<a hrefx=\"..\/2016\/1780.htm\">Decreto 1780 de 2016<\/a>*<\/b> Promoci\u00f3n del emprendimiento y desarrollo empresarial, como herramienta para impulsar y financiar nuevos emprendimientos, e iniciativas de autoempleo e innovaci\u00f3n social para el emprendimiento, los cuales incluyen, entre otros, cr\u00e9ditos y microcr\u00e9ditos, fondos de capital semilla para el desarrollo de negocios, desarrollo y\/o apoyo a micro y peque\u00f1as empresas, a trav\u00e9s de la asistencia t\u00e9cnica empresarial, referente a la administraci\u00f3n, gerencia, posicionamiento, mercadeo, innovaci\u00f3n, gesti\u00f3n de cambio y articulaci\u00f3n con el tejido empresarial.<\/font><\/p>\n<p align=\"justify\" style=\"margin-top: 0; margin-bottom: 0\"><font face=\"Verdana\" size=\"2\"><br \/>Para el efecto se deber\u00e1n aplicar metodolog\u00edas probadas, directamente por la Caja de Compensaci\u00f3n Familiar, o a trav\u00e9s de alianzas con entidades expertas, que midan los resultados de su aplicaci\u00f3n en t\u00e9rminos de generaci\u00f3n de empresas y\/o desarrollo de las empresas apoyadas.<\/font><\/p>\n<p align=\"justify\" style=\"margin-top: 0; margin-bottom: 0\"><font face=\"Verdana\" size=\"2\"><br \/>Par\u00e1grafo 1. <b>*Adicionado por el <a hrefx=\"..\/2016\/1780.htm\">Decreto 1780 de 2016<\/a>* <\/b>Los recursos invertidos en la ejecuci\u00f3n de programas de microcr\u00e9dito bajo la vigencia de la <b><a hrefx=\"..\/2002\/L0789002.htm\">Ley 789 de 2002<\/a><\/b>, incorporados al Fondo de Solidaridad de Fomento al Empleo y Protecci\u00f3n al Cesante (Fosfec), de acuerdo con el numeral 2 del art\u00edculo 6\u00b0 de la <b><a hrefx=\"1636.htm\">Ley 1636 de 2013<\/a><\/b>, ser\u00e1n destinados como saldo inicial para el componente de promoci\u00f3n y fomento del emprendimiento del Mecanismo de Protecci\u00f3n al Cesante y podr\u00e1n ser utilizados para los fines previstos en este art\u00edculo, conforme a la reglamentaci\u00f3n que para el efecto expida el Ministerio de Trabajo, dentro de los seis (6) meses siguientes a la expedici\u00f3n de la presente ley.<\/font><\/p>\n<p align=\"justify\" style=\"margin-top: 0; margin-bottom: 0\"><font face=\"Verdana\" size=\"2\"><br \/>Par\u00e1grafo 2. <b>*Adicionado por el <a hrefx=\"..\/2016\/1780.htm\">Decreto 1780 de 2016<\/a>*<\/b> Las Cajas de Compensaci\u00f3n Familiar, deber\u00e1n seguir principios de asociaci\u00f3n, eficiencia, idoneidad y econom\u00eda de escala, en la selecci\u00f3n de aliados para operar los temas de los que trata este art\u00edculo, bien sean entidades financieras vigiladas por la Superintendencia Financiera, otras Cajas de Compensaci\u00f3n Familiar u otras entidades, de acuerdo con los lineamientos que para el efecto expida el Ministerio del Trabajo.<\/font><\/p>\n<p align=\"justify\" style=\"margin-top: 0; margin-bottom: 0\"><font face=\"Verdana\" size=\"2\"><br \/>Par\u00e1grafo 3. <b>*Adicionado por el <a hrefx=\"..\/2016\/1780.htm\">Decreto 1780 de 2016<\/a>* <\/b>Los recursos destinados para financiar nuevos emprendimientos, e iniciativas de autoempleo e innovaci\u00f3n social para el emprendimiento se regir\u00e1n por el derecho privado y la decisi\u00f3n de financiaci\u00f3n estar\u00e1 a cargo del Consejo Directivo de la Caja de Compensaci\u00f3n Familiar respectiva.<\/font><\/p>\n<p align=\"justify\" style=\"margin-top: 0; margin-bottom: 0\">&nbsp;<\/p>\n<p><P class=MsoNormal style=\"TEXT-ALIGN: justify; margin-top:0; margin-bottom:0\" align=center><i><b><font size=\"2\">*<font face=\"Verdana\">Notas de Vigencia*<\/font><\/font><\/b><\/i><\/P><P class=MsoNormal style=\"TEXT-ALIGN: justify; margin-top:0; margin-bottom:0\" align=center>&nbsp;<\/P><\/p>\n<div align=\"center\">\n<table border=\"1\" cellpadding=\"6\" cellspacing=\"0\" width=\"100%\">\n<tr>\n<td>\n<p align=\"justify\"><font size=\"2\" face=\"Verdana\"><i>Art\u00edculo adicionado por el art\u00edculo 10 del <b><a hrefx=\"..\/2016\/1780.htm\">Decreto 1780 de 2016<\/a><\/b>, publicado en el Diario Oficial No.49.861 Lunes, 2 de mayo de 2016. &quot;<\/i><i>p<\/i><i>or medio de la cual se promueve el empleo y el emprendimiento juvenil, se generan medidas para superar barreras de acceso al mercado de trabajo y se dictan otras disposiciones.<\/i><\/font><\/td>\n<\/tr>\n<\/table>\n<\/div>\n<p align=\"justify\" style=\"margin-top: 0; margin-bottom: 0\">&nbsp;<\/p>\n<p align=\"justify\" style=\"margin-top: 0; margin-bottom: 0\"><font size=\"2\" face=\"Verdana\"><br \/><b>Art\u00edculo 3\u00b0<\/b>. <i><b>Campo de aplicaci\u00f3n. <\/b><\/i>Todos los trabajadores del sector p\u00fablico y privado, dependientes o independientes, que realicen aportes a las Cajas de Compensaci\u00f3n Familiar, por lo menos por un a\u00f1o continuo o discontinuo en los \u00faltimos tres (3) a\u00f1os si se es dependiente, y por lo menos dos a\u00f1os continuos o discontinuos en los \u00faltimos tres (3) a\u00f1os si se es independiente, acceder\u00e1n al Mecanismo de Protecci\u00f3n al Cesante, sin importar la forma de su vinculaci\u00f3n laboral, y de conformidad con lo establecido por la reglamentaci\u00f3n que determine el Gobierno Nacional. <\/font><\/p>\n<p align=\"justify\" style=\"margin-top: 0; margin-bottom: 0\">&nbsp;<\/p>\n<p align=\"justify\" style=\"margin-top: 0; margin-bottom: 0\"><font face=\"Verdana\"><b><font size=\"2\">Art\u00edculo 4\u00b0.<\/font><\/b><font size=\"2\"> <i><b>Principios del mecanismo de protecci\u00f3n al cesante. <\/b><\/i>Sin perjuicio de los principios consagrados en la Constituci\u00f3n Pol\u00edtica, en el C\u00f3digo Sustantivo del Trabajo y de los que fundamentan el Sistema General de Seguridad Social, son principios del Mecanismo de Protecci\u00f3n al Cesante los siguientes: <\/font><\/font><\/p>\n<p align=\"justify\" style=\"margin-top: 0; margin-bottom: 0\"><font face=\"Verdana\"><b><font size=\"2\">a) Solidaridad.<\/font><\/b><font size=\"2\"> Es la pr\u00e1ctica del mutuo apoyo para garantizar el acceso y sostenibilidad del Fondo de Solidaridad de Fomento al Empleo y Protecci\u00f3n al Cesante (Fosfec), entre las personas, los empleadores y los agentes del sistema. Es deber del Estado garantizar la solidaridad del mecanismo mediante su participaci\u00f3n, control y direcci\u00f3n del mismo; <br \/><b>b) Eficiencia. <\/b>Es la mejor utilizaci\u00f3n de los recursos disponibles en el mecanismo para que tanto los beneficios monetarios como los servicios de inserci\u00f3n y capacitaci\u00f3n laboral frente al desempleo sean otorgados o prestados de forma adecuada y oportuna; <br \/><b>c) Sostenibilidad. <\/b>Los beneficios que otorga el mecanismo no podr\u00e1n exceder los recursos destinados por la ley para tal fin. En el caso del beneficio monetario, los recursos no podr\u00e1n usarse m\u00e1s all\u00e1 de la capacidad del Fondo de Solidaridad de Fomento al Empleo y Protecci\u00f3n al Cesante (Fosfec) y de su posibilidad de generar excedentes y desacumularlos a lo largo del tiempo; <br \/><b>d) Participaci\u00f3n.<\/b> Se fomentar\u00e1 la intervenci\u00f3n de las Cajas de Compensaci\u00f3n Familiar, las Administradoras de Fondos de Cesant\u00edas, los afiliados al mecanismo, las organizaciones de empleadores y trabajadores y el Gobierno en la organizaci\u00f3n, control, gesti\u00f3n y fiscalizaci\u00f3n de las instituciones, de los recursos y del mecanismo en su conjunto; <\/font><\/font><\/p>\n<p align=\"justify\" style=\"margin-top: 0; margin-bottom: 0\"><font face=\"Verdana\"><b><font size=\"2\">e) Obligatoriedad. <\/font><\/b><font size=\"2\">La afiliaci\u00f3n al mecanismo de protecci\u00f3n al cesante es obligatoria para todos los empleados afiliados a las Cajas de Compensaci\u00f3n Familiar excepto para los trabajadores de salario integral y trabajadores independientes, para quienes la afiliaci\u00f3n a este mecanismo <br \/>ser\u00e1 voluntaria. <\/font><\/font><\/p>\n<p align=\"justify\" style=\"margin-top: 0; margin-bottom: 0\"><font size=\"2\" face=\"Verdana\"><br \/><b>Art\u00edculo 5\u00b0<\/b>. <i><b>Integrantes del mecanismo de protecci\u00f3n al cesante.<\/b><\/i> El mecanismo de Protecci\u00f3n al Cesante estar\u00e1 integrado por: <\/font><\/p>\n<p align=\"justify\" style=\"margin-top: 0; margin-bottom: 0\"><font size=\"2\" face=\"Verdana\"><br \/><b>1.<\/b> Organismos de Regulaci\u00f3n, Vigilancia y Control: <\/font><\/p>\n<p align=\"justify\" style=\"margin-top: 0; margin-bottom: 0\"><font size=\"2\" face=\"Verdana\"><br \/><b>a) <\/b>El Ministerio del Trabajo; <br \/><b>b) <\/b>El Ministerio de Hacienda y Cr\u00e9dito P\u00fablico; <br \/><b>c)<\/b> El Departamento Nacional de Planeaci\u00f3n; <br \/><b>d)<\/b> La Superintendencia de Subsidio Familiar;<\/font><\/p>\n<p align=\"justify\" style=\"margin-top: 0; margin-bottom: 0\"><font face=\"Verdana\"><b><font size=\"2\">e)<\/font><\/b><font size=\"2\"> La Superintendencia Financiera de Colombia. <\/font><\/font><\/p>\n<p align=\"justify\" style=\"margin-top: 0; margin-bottom: 0\"><font size=\"2\" face=\"Verdana\"><br \/><b>2.<\/b> Los Organismos de Administraci\u00f3n y Financiaci\u00f3n: <\/font><\/p>\n<p align=\"justify\" style=\"margin-top: 0; margin-bottom: 0\"><font face=\"Verdana\"><b><font size=\"2\">a) <\/font><\/b><font size=\"2\">El Fondo de Solidaridad de Fomento al Empleo y Protecci\u00f3n al Cesante (Fosfec); <br \/><b>b) <\/b>Los Administradores de Fondos de Cesant\u00edas; <br \/><b>c)<\/b> Las Cajas de Compensaci\u00f3n Familiar. <\/font><\/font><\/p>\n<p align=\"justify\" style=\"margin-top: 0; margin-bottom: 0\"><font size=\"2\" face=\"Verdana\"><br \/><b>3. <\/b>Los empleadores dependientes e independientes y\/o sus organizaciones, que se encuentren afiliados a Cajas de Compensaci\u00f3n Familiar. <br \/><b>4. <\/b>El Servicio P\u00fablico de Empleo y las entidades y servicios que lo conforman. <br \/><b>5.<\/b> El Servicio Nacional de Aprendizaje (Sena) y las Instituciones de Formaci\u00f3n para el trabajo certificadas en calidad. <\/font><\/p>\n<p align=\"center\" style=\"margin-top: 0; margin-bottom: 0\"><font face=\"Verdana\"><font size=\"2\"> <b><font size=\"2\">CAP\u00cdTULO II<br \/>Financiaci\u00f3n del Mecanismo de Protecci\u00f3n al Cesante<\/font><\/b><\/font><\/p>\n<p align=\"justify\" style=\"margin-top: 0; margin-bottom: 0\"><font size=\"2\" face=\"Verdana\"><br \/><b>Art\u00edculo 6\u00b0. <\/b>Financiaci\u00f3n del mecanismo de protecci\u00f3n al cesante y del Fondo de Solidaridad de Fomento al Empleo y Protecci\u00f3n al Cesante (Fosfec). Las fuentes de financiaci\u00f3n del mecanismo de protecci\u00f3n al cesante ser\u00e1n: <\/font><\/p>\n<p align=\"justify\" style=\"margin-top: 0; margin-bottom: 0\"><font size=\"2\" face=\"Verdana\"><br \/><b>1. <\/b>Los recursos provenientes del uso voluntario de los aportes a las cesant\u00edas. <\/font><\/p>\n<p align=\"justify\" style=\"margin-top: 0; margin-bottom: 0\"><font size=\"2\" face=\"Verdana\"><br \/><b>2.<\/b> Los recursos del Fondo de Solidaridad de Fomento al Empleo y Protecci\u00f3n al Cesante (Fosfec), el cual a su vez se financiar\u00e1 con los recursos del Fondo de Subsidio al Empleo y Desempleo (Fonede) de que trata el art\u00edculo 6\u00b0 de la Ley 789 de 2002 y los recursos de que trata el art\u00edculo 46 de la Ley 1438 de 2011. Estos \u00faltimos recursos, se incorporan al Fosfec a partir de la vigencia 2014 en la cuant\u00eda equivalente a los aportes a la salud correspondientes a aquellas personas que sean elegidas para ese beneficio, el resto seguir\u00e1n siendo destinados para los fines establecidos en el ar\u00edculo 46 de la Ley 1438. A partir del a\u00f1o 2015, esos recursos ser\u00e1n incorporados en su totalidad para financiar el Fosfec y reconocer los beneficios en sus distintas modalidades. <\/font><\/p>\n<p align=\"justify\" style=\"margin-top: 0; margin-bottom: 0\"><font size=\"2\" face=\"Verdana\"><br \/>Par\u00e1grafo 1\u00b0 Los programas y subsidios que maneja el Fonede, ser\u00e1n reemplazados por los definidos en el marco del Mecanismo de Protecci\u00f3n al Cesante, seg\u00fan lo establezca la reglamentaci\u00f3n expedida por el Gobierno Nacional. <\/font><\/p>\n<p align=\"justify\" style=\"margin-top: 0; margin-bottom: 0\"><font size=\"2\" face=\"Verdana\"><br \/>Par\u00e1grafo 2\u00b0. Las Cajas de Compensaci\u00f3n Familiar, podr\u00e1n utilizar recursos del Fosfec para financiar la prestaci\u00f3n de servicios de gesti\u00f3n y colocaci\u00f3n de empleo y los procesos de capacitaci\u00f3n para la poblaci\u00f3n desempleada. <\/font><\/p>\n<p align=\"justify\" style=\"margin-top: 0; margin-bottom: 0\"><font size=\"2\" face=\"Verdana\"><br \/><b>Art\u00edculo 7\u00b0. <i>Uso voluntario de los aportes a las cesant\u00edas. <\/i><\/b>Del aporte a las cesant\u00edas que los empleadores est\u00e1n obligados a consignar anualmente a cada uno de los trabajadores, estos \u00faltimos podr\u00e1n decidir voluntariamente el porcentaje de ahorro para el Mecanismo de Protecci\u00f3n al Cesante. <br \/>Los trabajadores dependientes o independientes que ahorren voluntariamente para el mecanismo de protecci\u00f3n al cesante, recibir\u00e1n un beneficio proporcional a su ahorro que se har\u00e1 efectivo en el momento en que quede cesante con cargo al Fosfec, de conformidad con la reglamentaci\u00f3n que expida el Gobierno Nacional. Sin perjuicio de lo establecido en el primer inciso del presente art\u00edculo, el trabajador que quiera usar las cesant\u00edas para educaci\u00f3n, compra, construcci\u00f3n o mejoras de vivienda, podr\u00e1 usar para este efecto el 100% de sus cesant\u00edas.<\/font><\/p>\n<p align=\"justify\" style=\"margin-top: 0; margin-bottom: 0\"><font size=\"2\" face=\"Verdana\"><br \/>Par\u00e1grafo. El Fondo de Cesant\u00edas trasladar\u00e1 a la administradora del Fondo de Solidaridad de Fomento al Empleo y Protecci\u00f3n al Cesante, el valor que el trabajador haya alcanzado a ahorrar voluntariamente para el Mecanismo de Protecci\u00f3n al Cesante dentro de los cinco (5) d\u00edas siguientes a la presentaci\u00f3n de la solicitud por parte del trabajador a la administradora de fondos de cesant\u00edas con la certificaci\u00f3n del Fosfec de que el trabajador acredita los requisitos de que trata el art\u00edculo 13 de la presente ley. El Gobierno Nacional reglamentar\u00e1 lo dispuesto en este art\u00edculo. <\/font><\/p>\n<p align=\"justify\" style=\"margin-top: 0; margin-bottom: 0\"><font size=\"2\" face=\"Verdana\"><br \/><b>Art\u00edculo 8\u00b0. <\/b><i><b>Aporte de trabajadores con salario integral. <\/b><\/i>Para los trabajadores que pacten salario integral, la afiliaci\u00f3n al Mecanismo de Protecci\u00f3n al Cesante del trabajador con salario integral es voluntaria y el ahorro de las cesant\u00edas ser\u00e1 igualmente voluntario y se consignar\u00e1 anualmente en su cuenta de cesant\u00edas. <\/font><\/p>\n<p align=\"justify\" style=\"margin-top: 0; margin-bottom: 0\"><font size=\"2\" face=\"Verdana\"><br \/>Par\u00e1grafo. Para acceder al Fondo de Solidaridad de Fomento al Empleo y Protecci\u00f3n al Cesante los trabajadores con salario integral deber\u00e1n realizar aportes a las Cajas de Compensaci\u00f3n Familiar, en las mismas condiciones de los trabajadores dependientes. <\/font><\/p>\n<p align=\"justify\" style=\"margin-top: 0; margin-bottom: 0\"><font size=\"2\" face=\"Verdana\"><br \/><b>Art\u00edculo 9\u00b0 <i>Aporte de trabajadores independientes. <\/i><\/b>Para los trabajadores independientes, la afiliaci\u00f3n al Mecanismo de Protecci\u00f3n al Cesante es voluntaria, el ahorro de las cesant\u00edas ser\u00e1 igualmente voluntario y se consignar\u00e1 anualmente en su cuenta de cesant\u00edas. <\/font><\/p>\n<p align=\"justify\" style=\"margin-top: 0; margin-bottom: 0\"><font size=\"2\" face=\"Verdana\"><br \/>Par\u00e1grafo 1\u00b0. Para acceder al Fondo de Solidaridad de Fomento al Empleo y Protecci\u00f3n al Cesante los trabajadores independientes deber\u00e1n realizar aportes a las Cajas de Compensaci\u00f3n Familiar, en las mismas condiciones de los trabajadores dependientes por lo menos dos a\u00f1os continuos o discontinuos en los \u00faltimos tres (3) a\u00f1os. <\/font><\/p>\n<p align=\"justify\" style=\"margin-top: 0; margin-bottom: 0\"><font size=\"2\" face=\"Verdana\"><br \/>Par\u00e1grafo 2\u00b0. La afiliaci\u00f3n de los trabajadores independientes al Mecanismo de Protecci\u00f3n al Cesante requerir\u00e1 en todo caso, la afiliaci\u00f3n previa a los Sistemas de Seguridad Social en Salud, Pensiones y Cajas de Compensaci\u00f3n Familiar. <\/font><\/p>\n<p align=\"center\" style=\"margin-top: 0; margin-bottom: 0\"><font face=\"Verdana\"><font size=\"2\"> <b><font size=\"2\">CAP\u00cdTULO III<br \/>Reconocimiento de los beneficios<\/font><\/b><\/font><\/p>\n<p align=\"justify\" style=\"margin-top: 0; margin-bottom: 0\"><font size=\"2\" face=\"Verdana\"><br \/><b>Art\u00edculo 10.<\/b> <i><b>Certificado de cesaci\u00f3n de la relaci\u00f3n laboral.<\/b><\/i> Dentro de los tres (3) d\u00edas siguientes a la terminaci\u00f3n de la relaci\u00f3n laboral, el empleador otorgar\u00e1 al empleado una carta o certificaci\u00f3n de terminaci\u00f3n de la misma, en la que indique la fecha de terminaci\u00f3n. Par\u00e1grafo. El Gobierno Nacional reglamentar\u00e1 lo dispuesto en este art\u00edculo para los trabajadores independientes. <\/font><\/p>\n<p align=\"justify\" style=\"margin-top: 0; margin-bottom: 0\"><font size=\"2\" face=\"Verdana\"><br \/><b>Art\u00edculo 11. <i>Reconocimiento de los Beneficios.<\/i><\/b> El Fondo de Solidaridad de Fomento al Empleo y Protecci\u00f3n al Cesante deber\u00e1 verificar, dentro de los 10 d\u00edas h\u00e1biles siguientes a la petici\u00f3n del cesante presentada en un formulario, si cumple con la afiliaci\u00f3n al Mecanismo de Protecci\u00f3n al Cesante y a Cajas de Compensaci\u00f3n Familiar y con las condiciones de acceso a los beneficios del Fondo de Solidaridad de Fomento al Empleo y Protecci\u00f3n al Cesante, establecidas en la presente ley. En el caso en el que el cesante se\u00f1ale haber hecho ahorro voluntario, las Administradoras de Fondos de Cesant\u00edas deber\u00e1n trasladar a las administradoras del Fosfec, el monto ahorrado voluntariamente al Mecanismo de Protecci\u00f3n. La informaci\u00f3n correspondiente al promedio del salario mensual devengado durante el \u00faltimo a\u00f1o de trabajo de la persona cesante provendr\u00e1 de lo reportado a las cajas de compensaci\u00f3n familiar.<\/font><\/p>\n<p align=\"justify\" style=\"margin-top: 0; margin-bottom: 0\"><font size=\"2\" face=\"Verdana\"><br \/>El cesante que cumpla con los requisitos, ser\u00e1 incluido por el Fondo de Solidaridad de Fomento al Empleo y Protecci\u00f3n al Cesante en el registro para pago de la cotizaci\u00f3n al Sistema de Seguridad Social en Salud y Pensiones y cuota monetaria de Subsidio Familiar, seg\u00fan corresponda, y ser\u00e1 remitido a cualquiera de los operadores autorizados de la Red de Servicios de Empleo, para Iniciar el Proceso de Asesor\u00eda de B\u00fasqueda, orientaci\u00f3n ocupacional y capacitaci\u00f3n. En el caso de haber realizado ahorros voluntarios de sus cesant\u00edas para el Mecanismo de Protecci\u00f3n al Cesante, igualmente recibir\u00e1 el incentivo monetario correspondiente, de acuerdo con la reglamentaci\u00f3n que el Gobierno Nacional expida para tal fin. <\/font><\/p>\n<p align=\"justify\" style=\"margin-top: 0; margin-bottom: 0\"><font size=\"2\" face=\"Verdana\"><br \/>Si el trabajador no es elegible para recibir los beneficios del Fondo de Solidaridad de Fomento al Empleo y Protecci\u00f3n al Cesante, esta decisi\u00f3n contar\u00e1 con el recurso de reposici\u00f3n ante la caja de compensaci\u00f3n familiar como administradora respectiva del Fosfec. <\/font><\/p>\n<p align=\"justify\" style=\"margin-top: 0; margin-bottom: 0\"><font size=\"2\" face=\"Verdana\"><br \/>Par\u00e1grafo. Para que proceda el traslado del ahorro voluntario de cesant\u00edas de conformidad con lo se\u00f1alado en el par\u00e1grafo del art\u00edculo 7\u00b0 de la presente ley, el Fosfec deber\u00e1 entregar al cesante la certificaci\u00f3n que acredite el cumplimiento de los requisitos para ser beneficiario del mecanismo de protecci\u00f3n al cesante. <\/font><\/p>\n<p align=\"center\" style=\"margin-top: 0; margin-bottom: 0\"><font face=\"Verdana\"><font size=\"2\"> <b><font size=\"2\">CAP\u00cdTULO IV<br \/>Pago de los beneficios<\/font><\/b><\/font><\/p>\n<p align=\"justify\" style=\"margin-top: 0; margin-bottom: 0\"><font size=\"2\" face=\"Verdana\"><br \/><b>Art\u00edculo 12.<\/b> <i><b>Tipo, periodo y pago de los beneficios.<\/b><\/i> Los trabajadores dependientes o independientes que cumplan con el requisito de aportes a Cajas de Compensaci\u00f3n Familiar recibir\u00e1n un beneficio, con cargo al Fosfec, que consistir\u00e1 en aportes al Sistema de Salud y Pensiones, calculado sobre un (1) smmlv. <\/font><\/p>\n<p align=\"justify\" style=\"margin-top: 0; margin-bottom: 0\"><font size=\"2\" face=\"Verdana\"><br \/>El cesante que as\u00ed lo considere podr\u00e1 con cargo a sus propios recursos cotizar al sistema de pensiones por encima de un (1) smmlv. Tambi\u00e9n tendr\u00e1 acceso a la cuota monetaria del subsidio familiar en las condiciones establecidas en la legislaci\u00f3n vigente de acuerdo con lo que reglamente el Gobierno Nacional.<\/font><\/p>\n<p align=\"justify\" style=\"margin-top: 0; margin-bottom: 0\"><font size=\"2\" face=\"Verdana\"><br \/>Si un trabajador dependiente o independiente, adem\u00e1s de realizar aportes a las Cajas de Compensaci\u00f3n Familiar, voluntariamente hubiera ahorrado en el mecanismo de protecci\u00f3n al cesante, recibir\u00e1 como beneficio monetario un valor proporcional al monto del ahorro alcanzado <br \/>con cargo al Fosfec. Los beneficios antes se\u00f1alados se pagar\u00e1n por un m\u00e1ximo de seis (6) meses. <\/font><\/p>\n<p align=\"justify\" style=\"margin-top: 0; margin-bottom: 0\"><font face=\"Verdana\"><b><font size=\"2\"><br \/>Art\u00edculo 13.<\/font><\/b><font size=\"2\"> <i><b>Requisitos para acceder a los beneficios. <\/b><\/i>Podr\u00e1n acceder a los Beneficios del Mecanismo de Protecci\u00f3n al Cesante, los desempleados que cumplan las siguientes condiciones: <\/font><\/font><\/p>\n<p align=\"justify\" style=\"margin-top: 0; margin-bottom: 0\"><font size=\"2\" face=\"Verdana\"><br \/><b>1<\/b>. Que su situaci\u00f3n laboral haya terminado por cualquier causa o, en el caso de ser independiente su contrato haya cumplido con el plazo de duraci\u00f3n pactado y no cuente con ning\u00fan otro, o no cuente con ninguna fuente de ingresos.<br \/><b>2.<\/b> Que hayan realizado aportes un a\u00f1o continuo o discontinuo a una Caja de Compensaci\u00f3n Familiar durante los \u00faltimos tres (3) a\u00f1os para dependientes y dos a\u00f1os continuos o discontinuos en los \u00faltimos tres (3) a\u00f1os para independientes. <br \/><b>3. <\/b>Inscribirse en cualquiera de los servicios de empleo autorizados, <br \/>pertenecientes a la Red de Servicios de Empleo y desarrollar la ruta hacia la b\u00fasqueda de empleo. <br \/><b>4. <\/b>Estar inscrito en programas de capacitaci\u00f3n en los t\u00e9rminos dispuestos por la reglamentaci\u00f3n que expida el Gobierno Nacional. <br \/><b>5. <\/b>Adicionalmente, si ha realizado un ahorro al mecanismo de protecci\u00f3n al cesante por un m\u00ednimo del 10% del promedio del salario mensual durante el \u00faltimo a\u00f1o para todos los trabajadores que devengan hasta dos (2) smmlv, y m\u00ednimo del 25% del promedio del salario mensual durante el \u00faltimo a\u00f1o, si el trabajador devenga m\u00e1s de 2 smmlv podr\u00e1 acceder al beneficio monetario de que trata el art\u00edculo 12 de la presente ley. <\/font><\/p>\n<p align=\"justify\" style=\"margin-top: 0; margin-bottom: 0\"><font size=\"2\" face=\"Verdana\"><br \/>Par\u00e1grafo 1\u00b0. No podr\u00e1n recibir beneficios con cargo al Fondo de Solidaridad de Fomento al Empleo y Protecci\u00f3n al Cesante los trabajadores cesantes que, habiendo terminado una relaci\u00f3n laboral, mantengan otra(s) vigente(s) o haya(n) percibido beneficios del Fondo de Solidaridad de Fomento al Empleo y Protecci\u00f3n al Cesante, durante seis (6) meses continuos o discontinuos en los \u00faltimos tres a\u00f1os. <\/font><\/p>\n<p align=\"justify\" style=\"margin-top: 0; margin-bottom: 0\"><font size=\"2\" face=\"Verdana\"><br \/>Par\u00e1grafo 2\u00b0. Quienes no cumplan con la totalidad de los requisitos, pero se encuentren afiliados al Mecanismo de Protecci\u00f3n al Cesante siempre podr\u00e1n acceder a la informaci\u00f3n de vacantes laborales suministrada por el servicio p\u00fablico de empleo. <\/font><\/p>\n<p align=\"justify\" style=\"margin-top: 0; margin-bottom: 0\"><font size=\"2\" face=\"Verdana\"><br \/>Par\u00e1grafo 3\u00b0. El Ministerio del Trabajo reglamentar\u00e1 la forma como los independientes deben demostrar las condiciones del inciso 1\u00b0. Art\u00edculo 14. P\u00e9rdida del derecho a los beneficios. El cesante perder\u00e1 el derecho a los beneficios si: <\/font><\/p>\n<p align=\"justify\" style=\"margin-top: 0; margin-bottom: 0\"><font size=\"2\" face=\"Verdana\"><br \/><b>a) <\/b>No acude a los servicios de colocaci\u00f3n ofrecidos por el Servicio P\u00fablico de Empleo; <br \/><b>b)<\/b> Incumple, sin causa justificada, con los tr\u00e1mites exigidos por el Servicio P\u00fablico de Empleo y los requisitos para participar en el proceso de selecci\u00f3n de los empleadores a los que sea remitido por este; <br \/><b>c)<\/b> Rechaza, sin causa justificada, la ocupaci\u00f3n que le ofrezca el Servicio P\u00fablico de Empleo, siempre y cuando ella le permita ganar una remuneraci\u00f3n igual o superior al 80% de la \u00faltima devengada en el empleo anterior, y no se deterioren las condiciones del empleo anterior. Para efectos de este inciso se entender\u00e1 que las ofertas laborales ofrecidas por el Servicio P\u00fablico de Empleo no podr\u00e1n bajo ninguna circunstancia tener remuneraciones menores al salario m\u00ednimo mensual legal vigente, o proporciones de este seg\u00fan tiempo laborado; <br \/><b>d) <\/b>Descarta o no culmina el proceso de formaci\u00f3n para adecuar sus competencias b\u00e1sicas y laborales espec\u00edficas, al cual se haya inscrito, excepto en casos de fuerza mayor que reglamentar\u00e1 el Gobierno Nacional. <\/font><\/p>\n<p align=\"justify\" style=\"margin-top: 0; margin-bottom: 0\"><font size=\"2\" face=\"Verdana\"><br \/>El Gobierno Nacional reglamentar\u00e1 las condiciones de traslado de recursos entre los Fondos de Cesant\u00edas y el Fosfec en funci\u00f3n del reconocimiento de los beneficios de que trata la presente ley y en cuanto a la posibilidad de saldos positivos en el ahorro voluntario procedente de las cesant\u00edas a favor del trabajador, que queden en el evento p\u00e9rdida o, cese del derecho al beneficio contemplado en los art\u00edculos 14 y 15 de la presente ley. <\/font><\/p>\n<p align=\"justify\" style=\"margin-top: 0; margin-bottom: 0\"><font size=\"2\" face=\"Verdana\"><br \/>Par\u00e1grafo. Las personas que obtuvieren mediante simulaci\u00f3n o enga\u00f1o alg\u00fan tipo de beneficio del Fondo de Solidaridad de Fomento al Empleo y Protecci\u00f3n al Cesante, ser\u00e1n sancionadas de acuerdo a la legislaci\u00f3n penal vigente. Igual sanci\u00f3n ser\u00e1 aplicable a quienes faciliten los medios para la comisi\u00f3n de tal delito. Lo anterior, sin perjuicio de la obligaci\u00f3n de restituir al Fondo de Solidaridad de Fomento al Empleo y Protecci\u00f3n al Cesante las sumas indebidamente percibidas. <\/font><\/p>\n<p align=\"justify\" style=\"margin-top: 0; margin-bottom: 0\"><font size=\"2\" face=\"Verdana\"><br \/><b>Art\u00edculo 15.<\/b> <i><b>Cese del pago de los beneficios.<\/b><\/i> El pago de los beneficios al cesante terminar\u00e1 cuando los beneficios se hayan reconocido por seis (6) meses, cuando el beneficiario establezca nuevamente una relaci\u00f3n laboral antes de transcurrir los seis (6) meses o incumpla con las obligaciones contra\u00eddas para acceder a los beneficios del Fondo de Solidaridad de Fomento al Empleo y Protecci\u00f3n al Cesante y, en todo caso, ser\u00e1n incompatibles con toda actividad remunerada y con el pago de cualquier tipo de pensi\u00f3n. <\/font><\/p>\n<p align=\"justify\" style=\"margin-top: 0; margin-bottom: 0\"><font size=\"2\" face=\"Verdana\"><br \/><b>Art\u00edculo 16.<\/b> <i><b>Muerte del trabajador.<\/b><\/i> En el caso de muerte del trabajador, el saldo existente del ahorro voluntario proveniente de sus cesant\u00edas entrar\u00e1 a la masa sucesoral. <\/font><\/p>\n<p align=\"justify\" style=\"margin-top: 0; margin-bottom: 0\"><font size=\"2\" face=\"Verdana\"><br \/><b>Art\u00edculo 17.<\/b> <i><b>Reconocimiento de pensi\u00f3n.<\/b><\/i> Si un trabajador se pensiona en el R\u00e9gimen de Prima Media, podr\u00e1 disponer en un solo pago de los fondos acumulados por ahorro de cesant\u00eda para el Mecanismo de Protecci\u00f3n al Cesante en su cuenta del Fondo de Cesant\u00edas. Si un trabajador se pensiona en el R\u00e9gimen de Ahorro Individual con Solidaridad podr\u00e1 trasladar parte o la totalidad del saldo por ahorro de cesant\u00eda para el Mecanismo de Protecci\u00f3n al Cesante a su cuenta individual de pensiones con el fin de aumentar el capital para financiar su pensi\u00f3n. <br \/>El Gobierno Nacional reglamentar\u00e1 los mecanismos y t\u00e9rminos bajo los cuales podr\u00e1 llevarse a cabo lo descrito en el presente art\u00edculo. <\/font><\/p>\n<p align=\"center\" style=\"margin-top: 0; margin-bottom: 0\"><font face=\"Verdana\"><font size=\"2\"> <b><font size=\"2\">CAP\u00cdTULO V<\/font><\/b><\/font><\/p>\n<p align=\"center\" style=\"margin-top: 0; margin-bottom: 0\"><b><font size=\"2\" face=\"Verdana\">Administraci\u00f3n del Mecanismo de Protecci\u00f3n al Cesante<\/font><\/b><\/p>\n<p align=\"justify\" style=\"margin-top: 0; margin-bottom: 0\"><font size=\"2\" face=\"Verdana\"><br \/><b>Art\u00edculo 18. <i>&nbsp;Afiliaci\u00f3n. <\/i><\/b>La afiliaci\u00f3n al Mecanismo de Protecci\u00f3n al Cesante se dar\u00e1 en el momento en que el empleador afilie al trabajador a las Cajas de Compensaci\u00f3n Familiar. Los trabajadores que actualmente se encuentren afiliados a las Cajas de Compensaci\u00f3n Familiar autom\u00e1ticamente quedan afiliados al Mecanismo de Protecci\u00f3n al Cesante. Para el caso de trabajadores independientes y quienes devenguen salario integral la afiliaci\u00f3n ser\u00e1 voluntaria. <\/font><\/p>\n<p align=\"justify\" style=\"margin-top: 0; margin-bottom: 0\"><font size=\"2\" face=\"Verdana\"><br \/><b>Art\u00edculo 19.<\/b> <i><b>Creaci\u00f3n del Fondo Solidario de Fomento al Empleo y Protecci\u00f3n al Cesante (Fosfec). <\/b><\/i>Cr\u00e9ase el Fondo de Solidaridad de Fomento al Empleo y Protecci\u00f3n al Cesante (Fosfec), el cual ser\u00e1 administrado por las Cajas de Compensaci\u00f3n Familiar y cuyo objeto ser\u00e1 financiar el Mecanismo de Protecci\u00f3n al Cesante y las acciones que de este se desprendan con el fin de proteger de los riesgos producidos por las fluctuaciones en los ingresos, que en periodos de desempleo, enfrentan los trabajadores y que facilite la adecuada reinserci\u00f3n de los desempleados <br \/>en el mercado laboral. <\/font><\/p>\n<p align=\"justify\" style=\"margin-top: 0; margin-bottom: 0\"><font size=\"2\" face=\"Verdana\"><br \/><b>Art\u00edculo 20.<\/b> <i><b>Mecanismo para contabilizar los recursos en los fondos de cesant\u00edas.<\/b><\/i> Los Fondos de Cesant\u00edas deber\u00e1n desarrollar una herramienta para contabilizar de manera separada los recursos para ser usados en el Mecanismo de Protecci\u00f3n al Cesante de cada afiliado y los de los dem\u00e1s usos de las Cesant\u00edas permitidos por la legislaci\u00f3n vigente. <\/font><\/p>\n<p align=\"justify\" style=\"margin-top: 0; margin-bottom: 0\"><font size=\"2\" face=\"Verdana\"><br \/><b>Art\u00edculo 21.<\/b> <i><b>Sistema integrado de informaci\u00f3n del desempleo.<\/b><\/i> Cr\u00e9ase el Sistema Integrado de Informaci\u00f3n del Desempleo a cargo del Ministerio de Trabajo, que tiene como finalidad la identificaci\u00f3n, registro y caracterizaci\u00f3n de la poblaci\u00f3n desempleada en Colombia. Este re\u00fane en una \u00fanica bodega de datos toda la informaci\u00f3n suministrada por los empleadores, los cesantes y dem\u00e1s desempleados, los administradores del Fondo de Cesant\u00edas, los Administradores del Fondo de Solidaridad de Fomento al Empleo y Protecci\u00f3n al Cesante, el Administrador de la Planilla Integrada de Liquidaci\u00f3n de Aportes (PILA) y el Servicio P\u00fablico de Empleo. <\/font><\/p>\n<p align=\"justify\" style=\"margin-top: 0; margin-bottom: 0\"><font size=\"2\" face=\"Verdana\"><br \/>El Sistema Integrado de Informaci\u00f3n del Desempleo se encargar\u00e1 de mantener actualizada toda la informaci\u00f3n relevante para el funcionamiento del Mecanismo de Protecci\u00f3n al Cesante. <\/font><\/p>\n<p align=\"justify\" style=\"margin-top: 0; margin-bottom: 0\"><font size=\"2\" face=\"Verdana\"><br \/>Par\u00e1grafo 1\u00b0. El registro \u00fanico de desempleo es un m\u00f3dulo del sistema integrado de informaci\u00f3n del mecanismo de protecci\u00f3n al cesante. <\/font><\/p>\n<p align=\"justify\" style=\"margin-top: 0; margin-bottom: 0\"><font size=\"2\" face=\"Verdana\"><br \/>Par\u00e1grafo 2\u00b0. Es obligaci\u00f3n de los empleadores, administradores de los Fondos de Cesant\u00edas, los administradores del Fondo Solidario de Fomento al Empleo y Protecci\u00f3n al Cesante (PILA), y el sistema p\u00fablico de empleo remitir al Sistema integrado de informaci\u00f3n del desempleo la informaci\u00f3n necesaria para la actualizaci\u00f3n permanente del mismo, seg\u00fan los par\u00e1metros t\u00e9cnicos y metodol\u00f3gicos que defina el Ministerio de Trabajo. <\/font><\/p>\n<p align=\"justify\" style=\"margin-top: 0; margin-bottom: 0\"><font size=\"2\" face=\"Verdana\"><br \/>Par\u00e1grafo 3\u00b0. Se incluir\u00e1 en el Presupuesto Nacional, los recursos necesarios para la puesta en marcha y funcionamiento eficiente del Sistema Integrado de Informaci\u00f3n del Desempleado. <\/font><\/p>\n<p align=\"justify\" style=\"margin-top: 0; margin-bottom: 0\"><font size=\"2\" face=\"Verdana\"><br \/><b>Art\u00edculo 22.<\/b> <i><b>Consejo Nacional de Mitigaci\u00f3n del Desempleo.<\/b><\/i> Cr\u00e9ase el Consejo Nacional de Mitigaci\u00f3n del Desempleo, el cual estar\u00e1 integrado por el Ministro del Trabajo o su delegado, el Ministro de Hacienda o su delegado, el Director del Departamento Nacional de Planeaci\u00f3n o su delegado, un representante de los empresarios y un representante de los trabajadores. El Consejo Nacional de Mitigaci\u00f3n del Desempleo tendr\u00e1 como funciones: <\/font><\/p>\n<p align=\"justify\" style=\"margin-top: 0; margin-bottom: 0\"><font size=\"2\" face=\"Verdana\"><br \/><b>a) <\/b>La fijaci\u00f3n de la estructura de comisiones por la labor administrativa de las Cajas de Compensaci\u00f3n Familiar con el Fondo de Solidaridad de Fomento al Empleo y Protecci\u00f3n al Cesante; <br \/><b>b)<\/b> Establecer los criterios de gesti\u00f3n y conocer y hacer seguimiento a los resultados obtenidos por el Fondo Solidario de Fomento al Empleo y Protecci\u00f3n al Cesante; <br \/><b>c) <\/b>Establecer los criterios de gesti\u00f3n y conocer y hacer seguimiento a los resultados del Servicio P\u00fablico de empleo; <br \/><b>d)<\/b> Hacer recomendaciones de pol\u00edtica en materia de protecci\u00f3n al cesante;<br \/><b>e)<\/b> Hacer recomendaciones al Gobierno Nacional sobre pol\u00edticas laborales en general; <br \/><b>f) <\/b>Realizar estudios peri\u00f3dicos que permitan evaluar la sostenibilidad<br \/>del Mecanismo de Protecci\u00f3n al Cesante, en especial del Fondo de Solidaridad de Fomento al Empleo y Protecci\u00f3n al Cesante; <br \/><b>g)<\/b> Establecer los lineamientos sobre los Sistemas de Informaci\u00f3n y Reporte del Desempleo; <br \/><b>h) <\/b>Establecer lineamientos de seguimiento y evaluaci\u00f3n peri\u00f3dica al mecanismo de protecci\u00f3n al cesante y proponer, en caso de ser necesarios ajustes al mismo.<br \/>El Consejo Nacional de Mitigaci\u00f3n del Desempleo, definir\u00e1 qui\u00e9n har\u00e1 las veces de Secretar\u00eda T\u00e9cnica y se dictar\u00e1 su propio reglamento. <\/font><\/p>\n<p align=\"justify\" style=\"margin-top: 0; margin-bottom: 0\"><font size=\"2\" face=\"Verdana\"><br \/><b>Art\u00edculo 23. <i>Administraci\u00f3n del Fondo de Solidaridad de Fomento al Empleo y Protecci\u00f3n al Cesante. <\/i><\/b>Las Cajas de Compensaci\u00f3n Familiar administrar\u00e1n el Fondo de Solidaridad de Fomento al Empleo y Protecci\u00f3n al Cesante del cual realizar\u00e1n los pagos del Mecanismo de Protecci\u00f3n al Cesante. Para el efecto, el Gobierno Nacional definir\u00e1 la forma como se organizar\u00e1n las Cajas de Compensaci\u00f3n Familiar para dar cumplimiento a lo dispuesto en este art\u00edculo. <\/font><\/p>\n<p align=\"justify\" style=\"margin-top: 0; margin-bottom: 0\"><font size=\"2\" face=\"Verdana\"><br \/>Par\u00e1grafo 1\u00b0. El Gobierno Nacional reglamentar\u00e1 las condiciones de administraci\u00f3n de los recursos contenidos en el Fondo de Solidaridad de Fomento al Empleo y Protecci\u00f3n al Cesante, que podr\u00e1n tener como destino la financiaci\u00f3n de los diversos mecanismos de aseguramiento del Sistema General de Seguridad Social, a trav\u00e9s de terceros. <\/font><\/p>\n<p align=\"justify\" style=\"margin-top: 0; margin-bottom: 0\"><font size=\"2\" face=\"Verdana\"><br \/>Par\u00e1grafo 2\u00b0. La Superintendencia del Subsidio Familiar ejercer\u00e1 las funciones de inspecci\u00f3n, vigilancia y control de la operaci\u00f3n de los recursos contenidos en el Fondo de Solidaridad de Fomento al Empleo y Protecci\u00f3n al Cesante. <\/font><\/p>\n<p align=\"justify\" style=\"margin-top: 0; margin-bottom: 0\"><font size=\"2\" face=\"Verdana\"><br \/>Par\u00e1grafo 3\u00b0. Con cargo al Fosfec se incluir\u00e1 una partida de los recursos del Fondo para solventar los costos de dise\u00f1o, desarrollo, implementaci\u00f3n y operaci\u00f3n del sistema del Fosfec, independiente de la partida asignada a los gastos de administraci\u00f3n del mismo. Para tal efecto el Gobierno reglamentar\u00e1 la materia. <\/font><\/p>\n<p align=\"center\" style=\"margin-top: 0; margin-bottom: 0\"><b><font size=\"2\" face=\"Verdana\"><br \/>CAP\u00cdTULO VI<br \/>Servicio P\u00fablico de Empleo<\/font><\/b><\/p>\n<p align=\"justify\" style=\"margin-top: 0; margin-bottom: 0\"><font size=\"2\" face=\"Verdana\"><br \/><b>Art\u00edculo 24. <i>Objeto del Sistema de Gesti\u00f3n de Empleo.<\/i><\/b> El Sistema de Gesti\u00f3n de Empleo para la Productividad tiene por objeto integrar, articular, coordinar y focalizar los instrumentos de pol\u00edticas activas y pasivas de empleo que contribuyan al encuentro entre oferta y demanda de trabajo, a superar los obst\u00e1culos que impiden la inserci\u00f3n laboral y consolidar formas aut\u00f3nomas de trabajo, vinculando la acciones de gesti\u00f3n de empleo de car\u00e1cter nacional y local. <\/font><\/p>\n<p align=\"justify\" style=\"margin-top: 0; margin-bottom: 0\"><font size=\"2\" face=\"Verdana\"><br \/>El sistema comprende las obligaciones, las instituciones p\u00fablicas privadas y mixtas, las normas, procedimientos y regulaciones y los recursos p\u00fablicos y privados orientados al mejor funcionamiento del mercado de trabajo. <\/font><\/p>\n<p align=\"justify\" style=\"margin-top: 0; margin-bottom: 0\"><font size=\"2\" face=\"Verdana\"><br \/>El Ministerio de Trabajo reglamentar\u00e1 la integraci\u00f3n y funcionamiento del Sistema de Gesti\u00f3n de Empleo para la Productividad que comprende las funciones de: <\/font><\/p>\n<p align=\"justify\" style=\"margin-top: 0; margin-bottom: 0\"><font size=\"2\" face=\"Verdana\"><br \/><b>a)<\/b> La direcci\u00f3n y regulaci\u00f3n de la gesti\u00f3n de empleo; <br \/><b>b) <\/b>La operaci\u00f3n y prestaci\u00f3n de los servicios de colocaci\u00f3n; <br \/><b>c) <\/b>La inspecci\u00f3n, vigilancia y control de los servicios. <\/font><\/p>\n<p align=\"justify\" style=\"margin-top: 0; margin-bottom: 0\"><font size=\"2\" face=\"Verdana\"><br \/><b>Art\u00edculo 25. <i>Servicio P\u00fablico de Empleo y la Red de Prestadores del Servicio.<\/i><\/b> Es un servicio obligatorio, cuya direcci\u00f3n, coordinaci\u00f3n y control est\u00e1 a cargo del Estado. El Estado asegurar\u00e1 la calidad en la prestaci\u00f3n del servicio p\u00fablico, la ampliaci\u00f3n de su cobertura, la prestaci\u00f3n continua, ininterrumpida y eficiente de este. <\/font><\/p>\n<p align=\"justify\" style=\"margin-top: 0; margin-bottom: 0\"><font size=\"2\" face=\"Verdana\"><br \/>El Servicio P\u00fablico de Empleo tiene por funci\u00f3n esencial lograr la mejor organizaci\u00f3n posible del mercado de trabajo, para lo cual ayudar\u00e1 a los trabajadores a encontrar un empleo conveniente, y a los empleadores a contratar trabajadores apropiados a las necesidades de las empresas. Ser\u00e1 prestado por personas jur\u00eddicas de derecho p\u00fablico o privado, a quienes se les garantizar\u00e1 la libre competencia e igualdad de tratamiento para la prestaci\u00f3n del servicio. La prestaci\u00f3n del servicio podr\u00e1 hacerse de manera personal y\/o virtual. <\/font><\/p>\n<p align=\"justify\" style=\"margin-top: 0; margin-bottom: 0\"><font size=\"2\" face=\"Verdana\"><br \/>Cr\u00e9ase la Red de Prestadores del Servicio P\u00fablico de Empleo, que integrar\u00e1 y conectar\u00e1 las acciones que en materia de Gesti\u00f3n y Colocaci\u00f3n de empleo que realicen las entidades p\u00fablicas, privadas, alianzas p\u00fablico, privadas conforme a lo se\u00f1alado en el art\u00edculo 30 de la presente ley. La red estar\u00e1 integrada por la Agencia P\u00fablica de Empleo a cargo del Servicio Nacional de Aprendizaje, Sena, las Agencias Privadas de Gesti\u00f3n y Colocaci\u00f3n de Empleo constituidas por Cajas Compensaci\u00f3n Familiar, las Agencias P\u00fablicas y Privadas de Gesti\u00f3n y Colocaci\u00f3n de Empleo y las Bolsas de Empleo. <\/font><\/p>\n<p align=\"justify\" style=\"margin-top: 0; margin-bottom: 0\"><font size=\"2\" face=\"Verdana\"><br \/>Par\u00e1grafo. El Gobierno Nacional reglamentar\u00e1 la forma y condiciones para que el Servicio P\u00fablico de Empleo se articule con los mecanismos de selecci\u00f3n, convocatoria y provisi\u00f3n de empleos p\u00fablicos, de tal forma que se realicen los principios de la funci\u00f3n p\u00fablica y, en especial, se asegure la provisi\u00f3n oportuna de dichos empleos a partir de una amplia y sistem\u00e1tica identificaci\u00f3n de aspirantes. <\/font><\/p>\n<p align=\"justify\" style=\"margin-top: 0; margin-bottom: 0\"><font size=\"2\" face=\"Verdana\"><br \/><b>Art\u00edculo 26. <i>Unidad&nbsp; Administrativa Especial del Servicio P\u00fablico de Empleo. <\/i><\/b>Cr\u00e9ase la Unidad Administrativa Especial del Servicio P\u00fablico de Empleo del orden nacional con personer\u00eda jur\u00eddica, patrimonio propio, autonom\u00eda administrativa y financiera adscrita al Ministerio de Trabajo para la administraci\u00f3n del Servicio P\u00fablico de Empleo y la Red de Prestadores del Servicio P\u00fablico de Empleo, la promoci\u00f3n de la prestaci\u00f3n del servicio p\u00fablico de empleo, el dise\u00f1o y operaci\u00f3n del Sistema de Informaci\u00f3n del Servicio P\u00fablico de Empleo, el desarrollo de instrumentos para la promoci\u00f3n de la gesti\u00f3n y colocaci\u00f3n de empleo y la administraci\u00f3n de los recursos p\u00fablicos para la gesti\u00f3n y colocaci\u00f3n de empleo entre otras funciones que ser\u00e1n reglamentadas por el Gobierno Nacional. <\/font><\/p>\n<p align=\"justify\" style=\"margin-top: 0; margin-bottom: 0\"><font size=\"2\" face=\"Verdana\"><br \/>Par\u00e1grafo. El Gobierno Nacional reglamentar\u00e1 la forma y condiciones para que el Servicio P\u00fablico de Empleo se articule con los mecanismos de selecci\u00f3n, convocatoria y provisi\u00f3n de empleos p\u00fablicos, de tal forma que se realicen los principios de la funci\u00f3n p\u00fablica y, en especial, se asegure la provisi\u00f3n oportuna de dichos empleos a partir de una amplia y sistem\u00e1tica identificaci\u00f3n de aspirantes. <\/font><\/p>\n<p align=\"justify\" style=\"margin-top: 0; margin-bottom: 0\"><font size=\"2\" face=\"Verdana\"><br \/><b>Art\u00edculo 27.<i> Direcci\u00f3n. <\/i><\/b>El Servicio P\u00fablico de Empleo est\u00e1 bajo la orientaci\u00f3n, regulaci\u00f3n y supervisi\u00f3n del Ministerio de Trabajo y atender\u00e1 las pol\u00edticas, planes, programas y prioridades del Gobierno Nacional frente a los programas y actividades tendientes a la gesti\u00f3n, fomento y promoci\u00f3n del empleo. El Gobierno Nacional reglamentar\u00e1 la prestaci\u00f3n de los servicios de gesti\u00f3n y colocaci\u00f3n de empleo. <\/font><\/p>\n<p align=\"justify\" style=\"margin-top: 0; margin-bottom: 0\"><font size=\"2\" face=\"Verdana\"><br \/><b>Art\u00edculo 28. <i>De la prestaci\u00f3n de los servicios de gesti\u00f3n y colocaci\u00f3n de empleo.<\/i><\/b> Prestar\u00e1n los servicios de gesti\u00f3n y colocaci\u00f3n de empleo la Agencia P\u00fablica de Empleo a cargo del Servicio Nacional de Aprendizaje Sena; las agencias p\u00fablicas y privadas de gesti\u00f3n y colocaci\u00f3n de empleo y las bolsas de empleo, que cumplan los requisitos de operaci\u00f3n y desempe\u00f1o que defina el Ministerio del Trabajo para su autorizaci\u00f3n. <\/font><\/p>\n<p align=\"justify\" style=\"margin-top: 0; margin-bottom: 0\"><font size=\"2\" face=\"Verdana\"><br \/><b>Art\u00edculo 29. <i>Servicios de gesti\u00f3n y colocaci\u00f3n de empleo.<\/i><\/b> Se entienden como servicios de gesti\u00f3n y colocaci\u00f3n de empleo a cargo de los prestadores del Servicio P\u00fablico de Empleo: <\/font><\/p>\n<p align=\"justify\" style=\"margin-top: 0; margin-bottom: 0\"><font size=\"2\" face=\"Verdana\"><br \/><b>a)<\/b> Los servicios destinados a vincular ofertas y demandas de empleo; <br \/><b>b) <\/b>Otros servicios relacionados con la b\u00fasqueda de empleo, determinados por el Ministerio del Trabajo, como brindar informaci\u00f3n, sin estar por ello destinados a vincular una oferta y una demanda espec\u00edficas; <br \/><b>c) <\/b>Servicios que, asociados a los de vinculaci\u00f3n de la oferta y demanda de empleo, tengan por finalidad mejorar las condiciones de empleabilidad de los oferentes. <\/font><\/p>\n<p align=\"justify\" style=\"margin-top: 0; margin-bottom: 0\"><font size=\"2\" face=\"Verdana\"><br \/>Par\u00e1grafo. Las Cajas de Compensaci\u00f3n Familiar deber\u00e1n prestar servicios de gesti\u00f3n y colocaci\u00f3n, previa autorizaci\u00f3n del Ministerio del Trabajo. <\/font><\/p>\n<p align=\"justify\" style=\"margin-top: 0; margin-bottom: 0\"><font size=\"2\" face=\"Verdana\"><br \/><b>Art\u00edculo 30. <\/b><i><b>Agencia de gesti\u00f3n y colocaci\u00f3n de empleo.<\/b><\/i> Se entiende por agencias de gesti\u00f3n y colocaci\u00f3n de empleo, las personas jur\u00eddicas, p\u00fablicas o privadas, nacionales o extranjeras, que ejercen las actividades descritas en el art\u00edculo anterior, en el territorio nacional. <\/font><\/p>\n<p align=\"justify\" style=\"margin-top: 0; margin-bottom: 0\"><font size=\"2\" face=\"Verdana\"><br \/><b>Art\u00edculo 31.<\/b> <i><b>Del car\u00e1cter obligatorio del registro de vacantes en el Servicio P\u00fablico de Empleo.<\/b><\/i> Todos los empleadores est\u00e1n obligados a reportar sus vacantes al Servicio P\u00fablico de Empleo de acuerdo a la reglamentaci\u00f3n que para la materia expida el Gobierno. Par\u00e1grafo. El Gobierno Nacional reglamentar\u00e1 las sanciones para los empleadores que no reporten sus vacantes al Servicio P\u00fablico de Empleo. <\/font><\/p>\n<p align=\"justify\" style=\"margin-top: 0; margin-bottom: 0\"><font size=\"2\" face=\"Verdana\"><br \/><b>Art\u00edculo 32.<i> Autorizaci\u00f3n para desarrollar la actividad de gesti\u00f3n y colocaci\u00f3n de empleo.<\/i><\/b> Para ejercer la actividad de gesti\u00f3n y colocaci\u00f3n de empleo, se requerir\u00e1 la autorizaci\u00f3n expedida mediante resoluci\u00f3n motivada, expedida por la Subdirecci\u00f3n de Promoci\u00f3n y Generaci\u00f3n de Empleo del Ministerio del Trabajo. <\/font><\/p>\n<p align=\"justify\" style=\"margin-top: 0; margin-bottom: 0\"><font size=\"2\" face=\"Verdana\"><br \/><b>Art\u00edculo 33. <i>Del proceso de autorizaci\u00f3n.<\/i><\/b> La Subdirecci\u00f3n de Promoci\u00f3n y Generaci\u00f3n de Empleo del Ministerio del Trabajo proceder\u00e1 a expedir la resoluci\u00f3n de autorizaci\u00f3n para ejercer la actividad de gesti\u00f3n y colocaci\u00f3n a las personas jur\u00eddicas que cumplan con los requisitos que reglamentar\u00e1 el Gobierno Nacional. <\/font><\/p>\n<p align=\"justify\" style=\"margin-top: 0; margin-bottom: 0\"><font size=\"2\" face=\"Verdana\"><br \/><b>Art\u00edculo 34. <i>Negativa de la autorizaci\u00f3n. <\/i><\/b>Si se negare la autorizaci\u00f3n, se informar\u00e1 al peticionario el motivo de la decisi\u00f3n para que proceda a adicionarla, completarla o efectuar las correcciones a que haya lugar, se sujetar\u00e1 a lo dispuesto en el art\u00edculo 17 del C\u00f3digo de Procedimiento Administrativo y de lo Contencioso Administrativo. <\/font><\/p>\n<p align=\"justify\" style=\"margin-top: 0; margin-bottom: 0\"><font size=\"2\" face=\"Verdana\"><br \/><b>Art\u00edculo 35.<\/b> <i><b>Obligaciones para la generaci\u00f3n de informaci\u00f3n. <\/b><\/i>Las agencias de gesti\u00f3n y colocaci\u00f3n de empleo est\u00e1n obligadas a presentar mensualmente al Ministerio del Trabajo los informes estad\u00edsticos que este determine sobre el movimiento de demandas y ofertas de trabajo, colocaciones, etc., dentro de los primeros quince (15) d\u00edas del siguiente mes, de conformidad con el reglamento que para tal efecto expida el Ministerio del Trabajo. <\/font><\/p>\n<p align=\"justify\" style=\"margin-top: 0; margin-bottom: 0\"><font size=\"2\" face=\"Verdana\"><br \/><b>Art\u00edculo 36. <i>Agencias con \u00e1nimo de lucro. <\/i><\/b>Las agencias que realicen labores de gesti\u00f3n y colocaci\u00f3n de empleo con car\u00e1cter lucrativo, podr\u00e1n cobrar al empleador que utilice sus servicios las tarifas de acuerdo con lo establecido en reglamentaci\u00f3n expedida por el Gobierno Nacional. <\/font><\/p>\n<p align=\"justify\" style=\"margin-top: 0; margin-bottom: 0\"><font size=\"2\" face=\"Verdana\"><br \/><b>Art\u00edculo 37.<\/b> <i><b>Agendas transnacionales.<\/b><\/i> La agencia que preste los servicios de gesti\u00f3n y colocaci\u00f3n de empleo para reclutar o colocar oferentes de mano de obra en el extranjero, deber\u00e1 contar con autorizaci\u00f3n especial, otorgada por el Ministerio de Trabajo, previo el cumplimiento de los requisitos que fije dicho Ministerio mediante resoluci\u00f3n. Los servicios de gesti\u00f3n y colocaci\u00f3n empleo que presten dichas agencias, ser\u00e1n reglamentados por el Ministerio del Trabajo con el prop\u00f3sito de proteger y promover los derechos de los trabajadores migrantes. <\/font><\/p>\n<p align=\"justify\" style=\"margin-top: 0; margin-bottom: 0\"><font size=\"2\" face=\"Verdana\"><br \/><b>Art\u00edculo 38.<\/b> <i><b>Multas y Sanciones.<\/b><\/i> Las personas naturales o jur\u00eddicas, ya sean de car\u00e1cter p\u00fablico o privado, que ejerzan la actividad de gesti\u00f3n y colocaci\u00f3n de empleo sin la previa autorizaci\u00f3n otorgada por el Ministerio del Trabajo, ser\u00e1n sancionadas, por esta entidad, con una multa equivalente al monto de uno (1) a cinco mil (5.000) salarios m\u00ednimos legales vigentes, que le ser\u00e1 impuesta por el respectivo funcionario administrativo, sin perjuicio de las dem\u00e1s acciones legales a que haya lugar. Si persisten en el ejercicio indebido de la actividad de colocaci\u00f3n, el Ministerio del Trabajo podr\u00e1 imponer multas sucesivas. <\/font><\/p>\n<p align=\"justify\" style=\"margin-top: 0; margin-bottom: 0\"><font size=\"2\" face=\"Verdana\"><br \/>A igual sanci\u00f3n estar\u00e1n sujetas las personas jur\u00eddicas autorizadas como agencias de gesti\u00f3n y colocaci\u00f3n de empleo o bolsas de empleo, que incumplan los principios y obligaciones establecidos para la prestaci\u00f3n del servicio p\u00fablico de Empleo o incurran en las conductas prohibidas, que establecen las disposiciones legales y reglamentarias para la prestaci\u00f3n de los servicios de gesti\u00f3n y colocaci\u00f3n de empleo. <\/font><\/p>\n<p align=\"justify\" style=\"margin-top: 0; margin-bottom: 0\"><font size=\"2\" face=\"Verdana\"><br \/><b>Art\u00edculo 39.<\/b> <i><b>Sanciones. <\/b><\/i>El Ministerio del Trabajo sancionar\u00e1 con suspensi\u00f3n o cancelaci\u00f3n de la autorizaci\u00f3n de funcionamiento a las agencias de gesti\u00f3n y colocaci\u00f3n de empleo de car\u00e1cter p\u00fablico o privado, cuando haya reincidencia en el incumplimiento de las obligaciones y en la violaci\u00f3n de las prohibiciones establecidas en la respectiva reglamentaci\u00f3n.<\/font><\/p>\n<p align=\"justify\" style=\"margin-top: 0; margin-bottom: 0\"><font size=\"2\" face=\"Verdana\"><br \/><b>Art\u00edculo 40. <i>A partir de la vigencia de la presente ley el art\u00edculo 12 de la Ley 789 de 2002 quedar\u00e1 as\u00ed: Art\u00edculo 12. Capacitaci\u00f3n para inserci\u00f3n laboral. <\/i><\/b>De las contribuciones parafiscales destinadas al Servicio Nacional de Aprendizaje, se deber\u00e1 destinar el veinticinco por ciento (25%) de los recursos que recibe por concepto de los aportes de que trata el numeral 2 del art\u00edculo 11 y el numeral 2 del art\u00edculo 12 de la Ley 21 de 1982, para la capacitaci\u00f3n de poblaci\u00f3n desempleada, en los t\u00e9rminos y condiciones que determine el Ministerio del Trabajo para la administraci\u00f3n de estos recursos, as\u00ed como para los contenidos que tendr\u00e1n estos programas. Para efecto de construir y operar el Sistema Integrado de Informaci\u00f3n del Desempleo, en los t\u00e9rminos y condiciones que se fijen en el reglamento, el Sena apropiar\u00e1 un cero punto uno por ciento (0.1%) del recaudo parafiscal mientras sea necesario.<\/font><\/p>\n<p align=\"justify\" style=\"margin-top: 0; margin-bottom: 0\"><font size=\"2\" face=\"Verdana\"><br \/><b>Art\u00edculo 41. <i>Capacitaci\u00f3n para la inserci\u00f3n laboral. <\/i><\/b>La capacitaci\u00f3n para la inserci\u00f3n laboral es el proceso de aprendizaje que se organiza y ejecuta con el fin de preparar, desarrollar y complementar las capacidades de las personas para el desempe\u00f1o de funciones espec\u00edficas. El aprendizaje se basa en la pr\u00e1ctica y habilita al aprendiz para el desempe\u00f1o de una ocupaci\u00f3n, su dise\u00f1o es modular y basado en competencias laborales. <\/font><\/p>\n<p align=\"justify\" style=\"margin-top: 0; margin-bottom: 0\"><font size=\"2\" face=\"Verdana\">Par\u00e1grafo. Los programas de capacitaci\u00f3n para la inserci\u00f3n laboral obedecer\u00e1n a lineamientos de pertinencia, oportunidad, cobertura y calidad establecidos por el Ministerio del Trabajo. <\/font><\/p>\n<p align=\"justify\" style=\"margin-top: 0; margin-bottom: 0\"><font size=\"2\" face=\"Verdana\"><br \/><b>Art\u00edculo 42. <i>Oferentes. <\/i><\/b>Podr\u00e1n ser oferentes del servicio de capacitaci\u00f3n para la inserci\u00f3n laboral, el Servicio Nacional de Aprendizaje, las instituciones de formaci\u00f3n para el trabajo y el desarrollo humano, las unidades vocacionales de aprendizaje en empresas y las cajas de compensaci\u00f3n familiar. Los oferentes deber\u00e1n contar con certificaci\u00f3n de calidad para sus procesos de formaci\u00f3n, en el marco del Sistema de Calidad de la Formaci\u00f3n para el Trabajo.<\/font><\/p>\n<p align=\"justify\" style=\"margin-top: 0; margin-bottom: 0\"><font size=\"2\" face=\"Verdana\"><br \/>Par\u00e1grafo. Las unidades vocacionales de aprendizaje en Empresas son el mecanismo dentro de las empresas que busca desarrollar capacidades para el desempe\u00f1o laboral en la organizaci\u00f3n mediante procesos internos de formaci\u00f3n. <\/font><\/p>\n<p align=\"justify\" style=\"margin-top: 0; margin-bottom: 0\"><font size=\"2\" face=\"Verdana\"><br \/><b>Art\u00edculo 43. <i>Reconocimiento de competencias. <\/i><\/b>Para facilitar y fortalecer la inserci\u00f3n laboral, las personas podr\u00e1n obtener certificaci\u00f3n de competencia laboral en procesos ofrecidos por organismos certificadores acreditados, en el marco del Esquema Nacional de Certificaci\u00f3n de competencias laborales que defina el Ministerio del Trabajo. <\/font><\/p>\n<p align=\"center\" style=\"margin-top: 0; margin-bottom: 0\"><font face=\"Verdana\"><font size=\"2\"> <b><font size=\"2\">CAP\u00cdTULO VII<br \/>Disposiciones finales<\/font><\/b><\/font><\/p>\n<p align=\"justify\" style=\"margin-top: 0; margin-bottom: 0\"><font size=\"2\" face=\"Verdana\"><br \/><b>Art\u00edculo 44.<\/b> <i><b>Promoci\u00f3n del mecanismo. <\/b><\/i>Los Fondos de Cesant\u00edas, las Cajas de Compensaci\u00f3n Familiar y las empresas tendr\u00e1n la obligaci\u00f3n de implementar mecanismos que garanticen la divulgaci\u00f3n y promoci\u00f3n del Mecanismo de Protecci\u00f3n al Cesante. <\/font><\/p>\n<p align=\"justify\" style=\"margin-top: 0; margin-bottom: 0\"><font size=\"2\" face=\"Verdana\"><br \/><b>Art\u00edculo 45. <i>Aseguramiento voluntario.<\/i><\/b> Las entidades aseguradoras podr\u00e1n ofrecer un seguro de desempleo independiente del Mecanismo de Protecci\u00f3n al Cesante, fijando privadamente los t\u00e9rminos del mismo. <\/font><\/p>\n<p align=\"justify\" style=\"margin-top: 0; margin-bottom: 0\"><font size=\"2\" face=\"Verdana\"><br \/>Par\u00e1grafo. Las personas que voluntariamente quisieran tomar este seguro lo podr\u00edan hacer directamente con las Entidades Aseguradoras. Art\u00edculo 46. Inspecci\u00f3n, vigilancia y control. Adem\u00e1s de las disposiciones previstas en la presente ley, las Cajas de Compensaci\u00f3n Familiar estar\u00e1n sujetas a las mismas normas que rigen para las Administradoras de Fondos de Cesant\u00edas, que sean pertinentes para el funcionamiento del Mecanismo de Protecci\u00f3n al Cesante.<\/font><\/p>\n<p align=\"justify\" style=\"margin-top: 0; margin-bottom: 0\"><font size=\"2\" face=\"Verdana\"><br \/>La inspecci\u00f3n, vigilancia y control de las Cajas de Compensaci\u00f3n dentro del Mecanismo de Protecci\u00f3n al Cesante, corresponder\u00e1 a la Superintendencia de Subsidio Familiar, que velar\u00e1 por el cumplimiento de los procesos de afiliaci\u00f3n, recaudo, inversi\u00f3n, y dem\u00e1s aspectos en el marco de sus respectivas competencias. Par\u00e1grafo. Para el dise\u00f1o en implementaci\u00f3n del Sistema de Control del anterior Mecanismo, la Superintendencia del Subsidio Familiar contar\u00e1 con el acompa\u00f1amiento y apoyo t\u00e9cnico de la Superintendencia Financiera. <\/font><\/p>\n<p align=\"justify\" style=\"margin-top: 0; margin-bottom: 0\"><font size=\"2\" face=\"Verdana\"><br \/><b>Art\u00edculo 47.<\/b> <i><b>Reglamentaci\u00f3n.<\/b><\/i> El Gobierno Nacional reglamentar\u00e1 en un plazo de seis (6) meses lo dispuesto en la presente ley.<\/font><\/p>\n<p align=\"justify\" style=\"margin-top: 0; margin-bottom: 0\"><font size=\"2\" face=\"Verdana\"><br \/><b>Art\u00edculo 48. <i>Derogatorias. <\/i><\/b>Elim\u00ednense a partir de la fecha de vigencia de la presente ley los art\u00edculos 7\u00b0, 8\u00b0, 10 y 11 de la Ley 789 de 2002, y todas las disposiciones que le sean contrarias. <\/font><\/p>\n<p align=\"justify\" style=\"margin-top: 0; margin-bottom: 0\"><font size=\"2\" face=\"Verdana\"><br \/><b>Art\u00edculo 49. <i>Vigencia.<\/i><\/b> La presente ley rige a partir de la fecha de su publicaci\u00f3n. <\/font><\/p>\n<p align=\"justify\" style=\"margin-top: 0; margin-bottom: 0\"><font size=\"2\" face=\"Verdana\"><br \/>El Presidente del honorable Senado de la Rep\u00fablica,<br \/>Roy Barreras Montealegre.<br \/>El Secretario General del honorable Senado de la Rep\u00fablica,<br \/>Gregorio Eljach Pacheco.<br \/>El Presidente de la honorable C\u00e1mara de Representantes,<br \/>Augusto Posada S\u00e1nchez.<br \/>El Secretario General de la honorable C\u00e1mara de Representantes,<br \/>Jorge Humberto Mantilla Serrano.<br \/>REP\u00daBLICA DE COLOMBIA \u2013 GOBIERNO NACIONAL<\/font><\/p>\n<p style=\"margin-top: 0; margin-bottom: 0\">&nbsp;<\/p>\n<p style=\"margin-top: 0; margin-bottom: 0\" align=\"center\"><font size=\"2\" face=\"Verdana\"><br \/>Publ\u00edquese y c\u00famplase.<br \/>Dada en Bogot\u00e1, D. C., a 18 de junio de 2013.<br \/>JUAN MANUEL SANTOS CALDER\u00d3N<br \/>El Ministro de Hacienda y Cr\u00e9dito P\u00fablico,<br \/>Mauricio C\u00e1rdenas Santamar\u00eda.<br \/>El Ministro de Salud y Protecci\u00f3n Social,<br \/>Alejandro Gaviria Uribe.<br \/>El Ministro del Trabajo,<br \/>Rafael Pardo Rueda.<\/font><\/p>\n","protected":false},"excerpt":{"rendered":"<p>LEY 1636 DE 2013 &nbsp; LEY 1636 DE 2013 (junio 18 de 2013) por medio de la cual se crea el mecanismo de protecci\u00f3n al cesante en Colombia. &nbsp; El Congreso de Colombia *Notas de Vigencia*&nbsp; Modificado por elDecreto 1780 de 2016, publicado en el Diario Oficial No.49.861 Lunes, 2 de mayo de 2016. &quot;por [&hellip;]<\/p>\n","protected":false},"author":1,"featured_media":0,"comment_status":"open","ping_status":"open","sticky":false,"template":"","format":"standard","meta":{"footnotes":""},"categories":[28],"tags":[],"class_list":["post-1694","post","type-post","status-publish","format-standard","hentry","category-leyes-2013"],"_links":{"self":[{"href":"https:\/\/www.dmsjuridica.com\/buscador_20179478954\/legislacion\/leyes\/wp-json\/wp\/v2\/posts\/1694","targetHints":{"allow":["GET"]}}],"collection":[{"href":"https:\/\/www.dmsjuridica.com\/buscador_20179478954\/legislacion\/leyes\/wp-json\/wp\/v2\/posts"}],"about":[{"href":"https:\/\/www.dmsjuridica.com\/buscador_20179478954\/legislacion\/leyes\/wp-json\/wp\/v2\/types\/post"}],"author":[{"embeddable":true,"href":"https:\/\/www.dmsjuridica.com\/buscador_20179478954\/legislacion\/leyes\/wp-json\/wp\/v2\/users\/1"}],"replies":[{"embeddable":true,"href":"https:\/\/www.dmsjuridica.com\/buscador_20179478954\/legislacion\/leyes\/wp-json\/wp\/v2\/comments?post=1694"}],"version-history":[{"count":0,"href":"https:\/\/www.dmsjuridica.com\/buscador_20179478954\/legislacion\/leyes\/wp-json\/wp\/v2\/posts\/1694\/revisions"}],"wp:attachment":[{"href":"https:\/\/www.dmsjuridica.com\/buscador_20179478954\/legislacion\/leyes\/wp-json\/wp\/v2\/media?parent=1694"}],"wp:term":[{"taxonomy":"category","embeddable":true,"href":"https:\/\/www.dmsjuridica.com\/buscador_20179478954\/legislacion\/leyes\/wp-json\/wp\/v2\/categories?post=1694"},{"taxonomy":"post_tag","embeddable":true,"href":"https:\/\/www.dmsjuridica.com\/buscador_20179478954\/legislacion\/leyes\/wp-json\/wp\/v2\/tags?post=1694"}],"curies":[{"name":"wp","href":"https:\/\/api.w.org\/{rel}","templated":true}]}}