{"id":1743,"date":"2020-11-24T22:02:17","date_gmt":"2020-11-24T22:02:17","guid":{"rendered":"https:\/\/www.dmsjuridica.com\/buscador_20179478954\/legislacion\/leyes\/2020\/11\/24\/ley-1685-de-2013\/"},"modified":"2020-11-24T22:02:17","modified_gmt":"2020-11-24T22:02:17","slug":"ley-1685-de-2013","status":"publish","type":"post","link":"https:\/\/www.dmsjuridica.com\/buscador_20179478954\/legislacion\/leyes\/2020\/11\/24\/ley-1685-de-2013\/","title":{"rendered":"LEY 1685 DE 2013"},"content":{"rendered":"<p>LEY 1685 DE 2013            <\/a><\/p>\n<p align=\"center\" style=\"margin-top: 0; margin-bottom: 0\"><font size=\"2\" face=\"Verdana\"><img loading=\"lazy\" decoding=\"async\" border=\"0\" src=\"http:\/\/dmsjuridica.com\/CODIGOS\/LEGISLACION\/LEYES\/2019\/dms.png\" width=\"138\" height=\"103\"><\/p>\n<p align=\"center\" style=\"margin-top: 0; margin-bottom: 0\">&nbsp;<\/p>\n<p align=\"center\" style=\"margin-top: 0; margin-bottom: 0\"><font face=\"Verdana\"><b><font size=\"6\">LEY 1685 DE 2013<\/font><\/b><font size=\"2\"> <\/font><\/p>\n<p align=\"center\" style=\"margin-top: 0; margin-bottom: 0\"><font face=\"Verdana\"><font size=\"2\">(noviembre 29 DE 2013)<\/font><\/font><\/p>\n<p align=\"center\" style=\"margin-top: 0; margin-bottom: 0\"><font face=\"Verdana\"><font size=\"2\"><br \/><i>p<\/i><\/font><i><font size=\"2\">or la cual se autoriza la emisi\u00f3n de la estampilla PRE Universidad del Pac\u00edfico \u00d3mar Barona Murillo y se dictan otras disposiciones.<\/font><\/i><\/font><\/p>\n<p align=\"center\" style=\"margin-top: 0; margin-bottom: 0\">&nbsp;<\/p>\n<p align=\"center\" style=\"margin-top: 0; margin-bottom: 0\">&nbsp;<\/p>\n<p align=\"center\" style=\"margin-top: 0; margin-bottom: 0\"><font size=\"2\" face=\"Verdana\">El Congreso de la Rep\u00fablica<\/font><\/p>\n<p align=\"center\" style=\"margin-top: 0; margin-bottom: 0\">&nbsp;<\/p>\n<p align=\"center\" style=\"margin-top: 0; margin-bottom: 0\"><font face=\"Verdana\"><font size=\"2\"> <b><font size=\"2\">DECRETA:<\/font><\/b><\/font><\/p>\n<p align=\"justify\" style=\"margin-top: 0; margin-bottom: 0\"><font size=\"2\" face=\"Verdana\"><br \/><b><a name=\"1\">Art\u00edculo 1\u00b0.<\/a><\/b> Autor\u00edzase a las Asambleas de los departamentos del Cauca, Choc\u00f3, Nari\u00f1o y Valle del Cauca para que expidan el acuerdo que ordene la emisi\u00f3n, distribuci\u00f3n y recaudo de la contribuci\u00f3n parafiscal estampilla \u201cPro Universidad del Pac\u00edfico en memoria de \u00d3mar Barona murillo\u201d, hasta por la suma de trescientos mil millones de pesos ($300.000.000.000), su recaudo se establece a precios constantes de 2011, con un t\u00e9rmino para su recaudo de diez (10) a\u00f1os.<\/font><\/p>\n<p align=\"justify\" style=\"margin-top: 0; margin-bottom: 0\">&nbsp;<\/p>\n<p align=\"justify\" style=\"margin-top: 0; margin-bottom: 0\"><font size=\"2\" face=\"Verdana\"><br \/><b><a name=\"2\">Art\u00edculo 2\u00b0.<\/a> <\/b>Los recursos recaudados por la estampilla \u201cPro Universidad del Pac\u00edfico \u00d3mar Barona Murillo\u201d, se orientar\u00e1n a asegurar el mejoramiento de la calidad educativa, la ampliaci\u00f3n de nuevas carreras profesionales, tecnolog\u00edas y diplomados; la estabilidad de un cuerpo docente altamente competente, la modernizaci\u00f3n tecnol\u00f3gica, la ampliaci\u00f3n de cobertura y mejoramiento de la planta f\u00edsica, en el marco de un plan estrat\u00e9gico decenal.<\/font><\/p>\n<p align=\"justify\" style=\"margin-top: 0; margin-bottom: 0\">&nbsp;<\/p>\n<p align=\"justify\" style=\"margin-top: 0; margin-bottom: 0\"><font size=\"2\" face=\"Verdana\">Un lugar especial lo deber\u00e1 ocupar lo concerniente al proceso de regionalizaci\u00f3n de la Universidad, mediante el fortalecimiento de las sedes de Guapi y Tumaco.<\/font><\/p>\n<p align=\"justify\" style=\"margin-top: 0; margin-bottom: 0\"><font size=\"2\" face=\"Verdana\"><br \/>Las actividades de:<\/font><\/p>\n<p align=\"justify\" style=\"margin-top: 0; margin-bottom: 0\"><font size=\"2\" face=\"Verdana\"><br \/>a) Investigaci\u00f3n en ciencia y tecnolog\u00eda;<\/font><\/p>\n<p align=\"justify\" style=\"margin-top: 0; margin-bottom: 0\"><font size=\"2\" face=\"Verdana\"><br \/>b) Publicaciones cient\u00edficas;<\/font><\/p>\n<p align=\"justify\" style=\"margin-top: 0; margin-bottom: 0\"><font size=\"2\" face=\"Verdana\"><br \/>c) Comunicaciones y educaci\u00f3n a distancia;<\/font><\/p>\n<p align=\"justify\" style=\"margin-top: 0; margin-bottom: 0\"><font size=\"2\" face=\"Verdana\"><br \/>d) Formaci\u00f3n continua de personal docente y administrativo;<\/font><\/p>\n<p align=\"justify\" style=\"margin-top: 0; margin-bottom: 0\"><font size=\"2\" face=\"Verdana\"><br \/>e) Becas a talentos de estudiantes egresados de las diferentes carreras;<\/font><\/p>\n<p align=\"justify\" style=\"margin-top: 0; margin-bottom: 0\"><font size=\"2\" face=\"Verdana\"><br \/>f) Diplomados, estar\u00e1n a cargo del Centro de Estudios del Pac\u00edfico y para ello se garantizar\u00e1 del total de los recursos recaudados, el apoyo suficiente para su correcto desempe\u00f1o por parte de la universidad.<\/font><\/p>\n<p align=\"justify\" style=\"margin-top: 0; margin-bottom: 0\"><font size=\"2\" face=\"Verdana\"><br \/>Par\u00e1grafo 1\u00b0. La administraci\u00f3n y distribuci\u00f3n de los recursos recaudados por la emisi\u00f3n de la Estampilla Pro Universidad del Pac\u00edfico en memoria de \u00d3mar Barona Murillo, estar\u00e1 en cabeza del Consejo Superior Universitario, de conformidad con lo establecido por la presente ley.<\/font><\/p>\n<p align=\"justify\" style=\"margin-top: 0; margin-bottom: 0\">&nbsp;<\/p>\n<p align=\"justify\" style=\"margin-top: 0; margin-bottom: 0\"><font size=\"2\" face=\"Verdana\"><br \/><b><a name=\"3\">Art\u00edculo 3\u00b0.<\/a><\/b> Dentro de los hechos y actividades econ\u00f3micas sobre los cuales se obliga el uso de la estampilla, las Asambleas de los departamentos del Cauca, Choc\u00f3, Nari\u00f1o y del Valle podr\u00e1n incluir actividades deportivas o recreativas; contratos de obras p\u00fablicas y de suministro de bienes y servicios; actividades comerciales o industriales que se realicen en los municipios donde haya sede de la Universidad del Pac\u00edfico con utilizaci\u00f3n o aprovechamiento de sus recursos naturales o su posici\u00f3n estrat\u00e9gica; y dem\u00e1s hechos y actividades permitidos por la ley. En todo caso la estampilla no podr\u00e1 superar el valor m\u00e1ximo contemplado en esta ley.<\/font><\/p>\n<p align=\"justify\" style=\"margin-top: 0; margin-bottom: 0\">&nbsp;<\/p>\n<p align=\"justify\" style=\"margin-top: 0; margin-bottom: 0\"><font size=\"2\" face=\"Verdana\"><br \/><b><a name=\"4\">Art\u00edculo 4\u00b0.<\/a><\/b> De conformidad con el inciso 2\u00b0 del art\u00edculo <b><a hrefx=\"..\/..\/..\/contitucion_politica\/contitucion_politica.htm#338\">338<\/a><\/b> de la<b><a hrefx=\"..\/..\/..\/contitucion_politica\/contitucion_politica.htm\">Constituci\u00f3n Pol\u00edtica<\/a><\/b>, autor\u00edzase a las Asambleas de los de partamentos del Cauca, Choc\u00f3, Nari\u00f1o y Valle del Cauca para que determinen las caracter\u00edsticas, tarifas y todos los dem\u00e1s asuntos referentes al uso obligatorio de la estampilla en las actividades y operaciones que se deban realizar en la jurisdicci\u00f3n del departamento.<\/font><\/p>\n<p align=\"justify\" style=\"margin-top: 0; margin-bottom: 0\"><font size=\"2\" face=\"Verdana\"><br \/>Par\u00e1grafo. Las ordenanzas que expidan las Asambleas de los departamentos del Cauca, Choc\u00f3, Nari\u00f1o y del Valle del Cauca, en desarrollo de lo dispuesto en la presente ley, ser\u00e1n llevadas a conocimiento del Gobierno Nacional, a trav\u00e9s del ministro de Hacienda y Cr\u00e9dito P\u00fablico.<\/font><\/p>\n<p align=\"justify\" style=\"margin-top: 0; margin-bottom: 0\">&nbsp;<\/p>\n<p align=\"justify\" style=\"margin-top: 0; margin-bottom: 0\"><font size=\"2\" face=\"Verdana\"><br \/><b><a name=\"5\">Art\u00edculo 5\u00b0.<\/a><\/b> La obligaci\u00f3n de adherir y anular la estampilla a que se refiere esta ley queda a cargo de los funcionarios departamentales y municipales que intervengan en los actos y hechos econ\u00f3micos que sean sujetos al gravamen que se autoriza por la presente ley.<\/font><\/p>\n<p align=\"justify\" style=\"margin-top: 0; margin-bottom: 0\">&nbsp;<\/p>\n<p align=\"justify\" style=\"margin-top: 0; margin-bottom: 0\"><font size=\"2\" face=\"Verdana\"><br \/><b><a name=\"6\">Art\u00edculo 6\u00b0. <\/a><\/b>La tarifa contemplada en esta ley, no podr\u00e1 exceder el dos por ciento (2%) del valor del hecho sujeto al gravamen.<\/font><\/p>\n<p align=\"justify\" style=\"margin-top: 0; margin-bottom: 0\">&nbsp;<\/p>\n<p align=\"justify\" style=\"margin-top: 0; margin-bottom: 0\"><font size=\"2\" face=\"Verdana\"><br \/><b><a name=\"7\">Art\u00edculo 7\u00b0.<\/a><\/b> El control fiscal del recaudo, el traslado de los recursos a la Universidad del Pac\u00edfico y la inversi\u00f3n de los fondos provenientes del cumplimiento de la presente ley estar\u00e1 a cargo de las Contralor\u00edas Territoriales y General de la Naci\u00f3n, seg\u00fan sus competencias.<\/font><\/p>\n<p align=\"justify\" style=\"margin-top: 0; margin-bottom: 0\">&nbsp;<\/p>\n<p align=\"justify\" style=\"margin-top: 0; margin-bottom: 0\"><font size=\"2\" face=\"Verdana\"><br \/><b><a name=\"8\">Art\u00edculo 8\u00b0.<\/a><\/b> La Universidad del Pac\u00edfico se llamar\u00e1 a partir de la vigencia de la presente ley, Universidad del Pac\u00edfico \u00d3mar Barona murillo en reconocimiento a su primer rector y fundador.<\/font><\/p>\n<p align=\"justify\" style=\"margin-top: 0; margin-bottom: 0\">&nbsp;<\/p>\n<p align=\"justify\" style=\"margin-top: 0; margin-bottom: 0\"><font size=\"2\" face=\"Verdana\"><br \/><b><a name=\"9\">Art\u00edculo 9\u00b0.<\/a><\/b> La presente ley rige a partir de la fecha de su promulgaci\u00f3n.<\/font><\/p>\n<p align=\"center\" style=\"margin-top: 0; margin-bottom: 0\"><font size=\"2\" face=\"Verdana\"><br \/>El Presidente del honorable Senado de la Rep\u00fablica,<br \/>Juan Fernando Cristo Bustos.<\/font><\/p>\n<p align=\"center\" style=\"margin-top: 0; margin-bottom: 0\"><font size=\"2\" face=\"Verdana\"><br \/>El Secretario General del honorable Senado de la Rep\u00fablica,<br \/>Gregorio Eljach Pacheco.<\/font><\/p>\n<p align=\"center\" style=\"margin-top: 0; margin-bottom: 0\"><font size=\"2\" face=\"Verdana\"><br \/>El Presidente de la honorable C\u00e1mara de Representantes,<br \/>Hern\u00e1n Penagos Giraldo.<\/font><\/p>\n<p align=\"center\" style=\"margin-top: 0; margin-bottom: 0\"><font size=\"2\" face=\"Verdana\"><br \/>El Secretario General de la honorable C\u00e1mara de Representantes,<br \/>Jorge Humberto Mantilla Serrano.<\/font><\/p>\n<p align=\"center\" style=\"margin-top: 0; margin-bottom: 0\"><font size=\"2\" face=\"Verdana\"><br \/>REP\u00daBLICA DE COLOMBIA-GOBIERNO NACIONAL<\/font><\/p>\n<p align=\"center\" style=\"margin-top: 0; margin-bottom: 0\"><font size=\"2\" face=\"Verdana\"><br \/>Publ\u00edquese y c\u00famplase.<br \/>Dada en Bogot\u00e1, D. C., a 29 de noviembre de 2013.<\/font><\/p>\n<p align=\"center\" style=\"margin-top: 0; margin-bottom: 0\"><font size=\"2\" face=\"Verdana\"><br \/>JUAN MANUEL SANTOS CALDER\u00d3N <\/font><\/p>\n<p align=\"center\" style=\"margin-top: 0; margin-bottom: 0\"><font size=\"2\" face=\"Verdana\"><br \/>El ministerio del Interior,<br \/>Aurelio Iragorri Valencia.<\/font><\/p>\n<p align=\"center\" style=\"margin-top: 0; margin-bottom: 0\"><font size=\"2\" face=\"Verdana\"><br \/>El ministerio de Hacienda y Cr\u00e9dito P\u00fablico,<br \/>Mauricio C\u00e1rdenas Santamar\u00eda.<\/font><\/p>\n<p align=\"center\" style=\"margin-top: 0; margin-bottom: 0\"><font size=\"2\" face=\"Verdana\"><br \/>La ministra de Educaci\u00f3n Nacional,<br \/>Mar\u00eda Fernanda Campo Saavedra.<\/font><\/p>\n","protected":false},"excerpt":{"rendered":"<p>LEY 1685 DE 2013 &nbsp; LEY 1685 DE 2013 (noviembre 29 DE 2013) por la cual se autoriza la emisi\u00f3n de la estampilla PRE Universidad del Pac\u00edfico \u00d3mar Barona Murillo y se dictan otras disposiciones. &nbsp; &nbsp; El Congreso de la Rep\u00fablica &nbsp; DECRETA: Art\u00edculo 1\u00b0. Autor\u00edzase a las Asambleas de los departamentos del Cauca, [&hellip;]<\/p>\n","protected":false},"author":1,"featured_media":0,"comment_status":"open","ping_status":"open","sticky":false,"template":"","format":"standard","meta":{"footnotes":""},"categories":[28],"tags":[],"class_list":["post-1743","post","type-post","status-publish","format-standard","hentry","category-leyes-2013"],"_links":{"self":[{"href":"https:\/\/www.dmsjuridica.com\/buscador_20179478954\/legislacion\/leyes\/wp-json\/wp\/v2\/posts\/1743","targetHints":{"allow":["GET"]}}],"collection":[{"href":"https:\/\/www.dmsjuridica.com\/buscador_20179478954\/legislacion\/leyes\/wp-json\/wp\/v2\/posts"}],"about":[{"href":"https:\/\/www.dmsjuridica.com\/buscador_20179478954\/legislacion\/leyes\/wp-json\/wp\/v2\/types\/post"}],"author":[{"embeddable":true,"href":"https:\/\/www.dmsjuridica.com\/buscador_20179478954\/legislacion\/leyes\/wp-json\/wp\/v2\/users\/1"}],"replies":[{"embeddable":true,"href":"https:\/\/www.dmsjuridica.com\/buscador_20179478954\/legislacion\/leyes\/wp-json\/wp\/v2\/comments?post=1743"}],"version-history":[{"count":0,"href":"https:\/\/www.dmsjuridica.com\/buscador_20179478954\/legislacion\/leyes\/wp-json\/wp\/v2\/posts\/1743\/revisions"}],"wp:attachment":[{"href":"https:\/\/www.dmsjuridica.com\/buscador_20179478954\/legislacion\/leyes\/wp-json\/wp\/v2\/media?parent=1743"}],"wp:term":[{"taxonomy":"category","embeddable":true,"href":"https:\/\/www.dmsjuridica.com\/buscador_20179478954\/legislacion\/leyes\/wp-json\/wp\/v2\/categories?post=1743"},{"taxonomy":"post_tag","embeddable":true,"href":"https:\/\/www.dmsjuridica.com\/buscador_20179478954\/legislacion\/leyes\/wp-json\/wp\/v2\/tags?post=1743"}],"curies":[{"name":"wp","href":"https:\/\/api.w.org\/{rel}","templated":true}]}}