{"id":1778,"date":"2020-11-25T14:39:37","date_gmt":"2020-11-25T14:39:37","guid":{"rendered":"https:\/\/www.dmsjuridica.com\/buscador_20179478954\/legislacion\/leyes\/2020\/11\/25\/ley-1721-de-2014\/"},"modified":"2020-11-25T14:39:37","modified_gmt":"2020-11-25T14:39:37","slug":"ley-1721-de-2014","status":"publish","type":"post","link":"https:\/\/www.dmsjuridica.com\/buscador_20179478954\/legislacion\/leyes\/2020\/11\/25\/ley-1721-de-2014\/","title":{"rendered":"LEY 1721 DE 2014"},"content":{"rendered":"<p>LEY 1721 DE 2014            <\/a><\/p>\n<p align=\"center\" style=\"margin-top: 0; margin-bottom: 0\">\n<p align=\"center\" style=\"margin-top: 0; margin-bottom: 0\"><font face=\"Verdana\" size=\"2\"><img loading=\"lazy\" decoding=\"async\" border=\"0\" src=\"http:\/\/dmsjuridica.com\/CODIGOS\/LEGISLACION\/LEYES\/2019\/dms.png\" width=\"138\" height=\"103\"><\/p>\n<p align=\"center\" style=\"margin-top: 0; margin-bottom: 0\">&nbsp;<\/p>\n<p align=\"center\" style=\"margin-top: 0; margin-bottom: 0\">&nbsp;<\/p>\n<p align=\"center\" style=\"margin: 0px; color: rgb(102, 102, 102); font-family: arial, sans-serif; font-size: 14px; font-style: normal; font-variant: normal; font-weight: normal; letter-spacing: normal; line-height: 20px; orphans: auto; text-indent: 0px; text-transform: none; white-space: normal; widows: 1; word-spacing: 0px; -webkit-text-stroke-width: 0px; background-color: rgb(255, 255, 255);\"><font size=\"6\"><b>LEY 1721 DE 2014<\/b><\/font><\/p>\n<p align=\"center\" style=\"margin: 0px; color: rgb(102, 102, 102); font-family: arial, sans-serif; font-size: 14px; font-style: normal; font-variant: normal; font-weight: normal; letter-spacing: normal; line-height: 20px; orphans: auto; text-indent: 0px; text-transform: none; white-space: normal; widows: 1; word-spacing: 0px; -webkit-text-stroke-width: 0px; background-color: rgb(255, 255, 255);\">&nbsp;<\/p>\n<p align=\"center\" style=\"margin: 0px; color: rgb(102, 102, 102); font-family: arial, sans-serif; font-size: 14px; font-style: normal; font-variant: normal; font-weight: normal; letter-spacing: normal; line-height: 20px; orphans: auto; text-indent: 0px; text-transform: none; white-space: normal; widows: 1; word-spacing: 0px; -webkit-text-stroke-width: 0px; background-color: rgb(255, 255, 255);\">(JUNIO 27 DE 2014)<\/p>\n<p align=\"center\" style=\"margin: 0px; color: rgb(102, 102, 102); font-family: arial, sans-serif; font-size: 14px; font-style: normal; font-variant: normal; font-weight: normal; letter-spacing: normal; line-height: 20px; orphans: auto; text-indent: 0px; text-transform: none; white-space: normal; widows: 1; word-spacing: 0px; -webkit-text-stroke-width: 0px; background-color: rgb(255, 255, 255);\"><i>Por medio de la cual se aprueba el \u201cAcuerdo Marco de la Alianza del Pac\u00edfico\u201d, suscrito en Paranal, Antofagasta, Rep\u00fablica de Chile, el 6 de junio de 2012.<\/i><\/p>\n<p align=\"center\" style=\"margin: 0px; color: rgb(102, 102, 102); font-family: arial, sans-serif; font-size: 14px; font-style: normal; font-variant: normal; font-weight: normal; letter-spacing: normal; line-height: 20px; orphans: auto; text-indent: 0px; text-transform: none; white-space: normal; widows: 1; word-spacing: 0px; -webkit-text-stroke-width: 0px; background-color: rgb(255, 255, 255);\">&nbsp;<\/p>\n<p style=\"margin: 0px; color: rgb(102, 102, 102); font-family: arial, sans-serif; font-size: 14px; font-style: normal; font-variant: normal; font-weight: normal; letter-spacing: normal; line-height: 20px; orphans: auto; text-align: start; text-indent: 0px; text-transform: none; white-space: normal; widows: 1; word-spacing: 0px; -webkit-text-stroke-width: 0px; background-color: rgb(255, 255, 255);\">&nbsp;<\/p>\n<p align=\"center\" style=\"margin: 0px; color: rgb(102, 102, 102); font-family: arial, sans-serif; font-size: 14px; font-style: normal; font-variant: normal; font-weight: normal; letter-spacing: normal; line-height: 20px; orphans: auto; text-indent: 0px; text-transform: none; white-space: normal; widows: 1; word-spacing: 0px; -webkit-text-stroke-width: 0px; background-color: rgb(255, 255, 255);\">El Congreso de la Rep\u00fablica<\/p>\n<p align=\"justify\" style=\"margin: 0px; color: rgb(102, 102, 102); font-family: arial, sans-serif; font-size: 14px; font-style: normal; font-variant: normal; font-weight: normal; letter-spacing: normal; line-height: 20px; orphans: auto; text-indent: 0px; text-transform: none; white-space: normal; widows: 1; word-spacing: 0px; -webkit-text-stroke-width: 0px; background-color: rgb(255, 255, 255);\">Visto el texto del \u201cAcuerdo Marco de la Alianza del Pac\u00edfico\u201d, entre la Rep\u00fablica de Colombia, la Rep\u00fablica de Chile, los Estados Unidos Mexicanos y la Rep\u00fablica del Per\u00fa, firmado en la ciudad de Paranal, Antofagasta, Chile, el 6 de junio de 2012.<\/p>\n<p align=\"justify\" style=\"margin: 0px; color: rgb(102, 102, 102); font-family: arial, sans-serif; font-size: 14px; font-style: normal; font-variant: normal; font-weight: normal; letter-spacing: normal; line-height: 20px; orphans: auto; text-indent: 0px; text-transform: none; white-space: normal; widows: 1; word-spacing: 0px; -webkit-text-stroke-width: 0px; background-color: rgb(255, 255, 255);\">(Para ser transcrito: Se adjunta fotocopia fiel y completa del texto en espa\u00f1ol del Acuerdo, certificado por la Coordinadora del Grupo Interno de Trabajo de Tratados de la Direcci\u00f3n de Asuntos Jur\u00eddicos Internacionales del Ministerio de Relaciones Exteriores, documento que reposa en<br \/>los archivos de ese Ministerio y consta de cinco (5) folios).<\/p>\n<p align=\"justify\" style=\"margin: 0px; color: rgb(102, 102, 102); font-family: arial, sans-serif; font-size: 14px; font-style: normal; font-variant: normal; font-weight: normal; letter-spacing: normal; line-height: 20px; orphans: auto; text-indent: 0px; text-transform: none; white-space: normal; widows: 1; word-spacing: 0px; -webkit-text-stroke-width: 0px; background-color: rgb(255, 255, 255);\">&nbsp;<\/p>\n<p align=\"justify\" class=\"warningtip-jck\" style=\"color: rgb(68, 68, 68) !important; display: block; transition: background-color 800ms ease-in-out; text-shadow: rgb(255, 255, 255) '1px 1px 1px'; font-size: 14px; height: 21px; font-family: arial, sans-serif; font-style: normal; font-variant: normal; font-weight: normal; letter-spacing: normal; line-height: 20px; orphans: auto; text-indent: 0px; text-transform: none; white-space: normal; widows: 1; word-spacing: 0px; -webkit-text-stroke-width: 0px; background-size: 28px !important; border-top: 1px dotted rgb(200, 200, 200); border-bottom: 1px dotted rgb(200, 200, 200); margin: 0px; padding-left: 35px !important; padding-right: 10px !important; padding-top: 7px !important; padding-bottom: 7px !important; background-color: rgb(250, 250, 250) !important; background-image: url('http:\/\/www.dmsempresarial.com\/2\/warning.png') !important; background-repeat: no-repeat !important; background-position: left center !important\"><strong style=\"font-weight: bold;\">Nota de Vigencia<\/strong><\/p>\n<p align=\"justify\" style=\"margin: 0px; color: rgb(102, 102, 102); font-family: arial, sans-serif; font-size: 14px; font-style: normal; font-variant: normal; font-weight: normal; letter-spacing: normal; line-height: 20px; orphans: auto; text-indent: 0px; text-transform: none; white-space: normal; widows: 1; word-spacing: 0px; -webkit-text-stroke-width: 0px; background-color: rgb(255, 255, 255);\">Mediante el Decreto 326 de 2016, publicado en el Diario Oficial No. 49796 de 24 de febrero de 2016:&nbsp;<em style=\"font-style: italic; font-family: verdana, geneva, sans-serif; font-size: 14px;\">&#39;Se promulga el \u201cAcuerdo Marco de la Alianza del Pac\u00edfico\u201d, suscrito en Paranal, Antofagasta, Rep\u00fablica de Chile, el 6 de junio de 2012&#39;.<\/em><\/p>\n<hr style=\"margin: 20px 0px; border-width: 1px 0px; border-top-style: solid; border-top-color: rgb(238, 238, 238); border-bottom-style: solid; border-bottom-color: rgb(255, 255, 255); color: rgb(102, 102, 102); font-family: arial, sans-serif; font-size: 14px; font-style: normal; font-variant: normal; font-weight: normal; letter-spacing: normal; line-height: 20px; orphans: auto; text-align: start; text-indent: 0px; text-transform: none; white-space: normal; widows: 1; word-spacing: 0px; -webkit-text-stroke-width: 0px; background-color: rgb(255, 255, 255);\">\n<p align=\"justify\" class=\"infotip-jck\" style=\"color: rgb(68, 68, 68) !important; display: block; transition: background-color 800ms ease-in-out; text-shadow: rgb(255, 255, 255) '1px 1px 1px'; font-size: 14px; height: 21px; font-family: arial, sans-serif; font-style: normal; font-variant: normal; font-weight: normal; letter-spacing: normal; line-height: 20px; orphans: auto; text-indent: 0px; text-transform: none; white-space: normal; widows: 1; word-spacing: 0px; -webkit-text-stroke-width: 0px; background-size: 28px !important; border-top: 1px dotted rgb(200, 200, 200); border-bottom: 1px dotted rgb(200, 200, 200); margin: 0px; padding-left: 35px !important; padding-right: 10px !important; padding-top: 7px !important; padding-bottom: 7px !important; background-color: rgb(250, 250, 250) !important; background-image: url('http:\/\/www.dmsempresarial.com\/2\/info.png') !important; background-repeat: no-repeat !important; background-position: left center !important\"><b>Nota Jurisprudencial<\/b><\/p>\n<p align=\"justify\" style=\"margin: 0px; color: rgb(102, 102, 102); font-family: arial, sans-serif; font-size: 14px; font-style: normal; font-variant: normal; font-weight: normal; letter-spacing: normal; line-height: 20px; orphans: auto; text-indent: 0px; text-transform: none; white-space: normal; widows: 1; word-spacing: 0px; -webkit-text-stroke-width: 0px; background-color: rgb(255, 255, 255);\"><b style=\"font-family: verdana, geneva, sans-serif; text-align: start;\">Corte Constitucional<\/b><\/p>\n<hr style=\"margin: 20px 0px; border-width: 1px 0px; border-top-style: solid; border-top-color: rgb(238, 238, 238); border-bottom-style: solid; border-bottom-color: rgb(255, 255, 255); color: rgb(102, 102, 102); font-family: arial, sans-serif; font-size: 14px; font-style: normal; font-variant: normal; font-weight: normal; letter-spacing: normal; line-height: 20px; orphans: auto; text-align: start; text-indent: 0px; text-transform: none; white-space: normal; widows: 1; word-spacing: 0px; -webkit-text-stroke-width: 0px; background-color: rgb(255, 255, 255);\">\n<p align=\"justify\" style=\"margin: 0px; color: rgb(102, 102, 102); font-family: arial, sans-serif; font-size: 14px; font-style: normal; font-variant: normal; font-weight: normal; letter-spacing: normal; line-height: 20px; orphans: auto; text-indent: 0px; text-transform: none; white-space: normal; widows: 1; word-spacing: 0px; -webkit-text-stroke-width: 0px; background-color: rgb(255, 255, 255);\">Ley declarada EXEQUIBLE, por la Corte Constitucional mediante&nbsp;<a title style=\"color: rgb(9, 135, 232); text-decoration: none; transition: color 0.15s ease-in-out 0s;\" hrefx=\"http:\/\/www.dmsjuridica.com\/JURISPRUDENCIA\/CORTE_CONSTITUCIONAL\/docs\/2015\/C-163-15.html\"><b style=\"font-family: verdana, geneva, sans-serif; font-size: small;\">Sentencia C-163-15<\/b><\/a>, Magistrada Ponente Dra. Martha Victoria S\u00e1chica M\u00e9ndez.<\/p>\n<hr style=\"margin: 20px 0px; border-width: 1px 0px; border-top-style: solid; border-top-color: rgb(238, 238, 238); border-bottom-style: solid; border-bottom-color: rgb(255, 255, 255); color: rgb(102, 102, 102); font-family: arial, sans-serif; font-size: 14px; font-style: normal; font-variant: normal; font-weight: normal; letter-spacing: normal; line-height: 20px; orphans: auto; text-align: start; text-indent: 0px; text-transform: none; white-space: normal; widows: 1; word-spacing: 0px; -webkit-text-stroke-width: 0px; background-color: rgb(255, 255, 255);\">\n<p align=\"center\" style=\"margin: 0px; color: rgb(102, 102, 102); font-family: arial, sans-serif; font-size: 14px; font-style: normal; font-variant: normal; font-weight: normal; letter-spacing: normal; line-height: 20px; orphans: auto; text-indent: 0px; text-transform: none; white-space: normal; widows: 1; word-spacing: 0px; -webkit-text-stroke-width: 0px; background-color: rgb(255, 255, 255);\">\n<p align=\"center\" style=\"margin: 0px; color: rgb(102, 102, 102); font-family: arial, sans-serif; font-size: 14px; font-style: normal; font-variant: normal; font-weight: normal; letter-spacing: normal; line-height: 20px; orphans: auto; text-indent: 0px; text-transform: none; white-space: normal; widows: 1; word-spacing: 0px; -webkit-text-stroke-width: 0px; background-color: rgb(255, 255, 255);\">PROYECTO DE LEY N\u00daMERO<\/p>\n<p align=\"center\" style=\"margin: 0px; color: rgb(102, 102, 102); font-family: arial, sans-serif; font-size: 14px; font-style: normal; font-variant: normal; font-weight: normal; letter-spacing: normal; line-height: 20px; orphans: auto; text-indent: 0px; text-transform: none; white-space: normal; widows: 1; word-spacing: 0px; -webkit-text-stroke-width: 0px; background-color: rgb(255, 255, 255);\">&nbsp;<\/p>\n<p align=\"justify\" style=\"margin: 0px; color: rgb(102, 102, 102); font-family: arial, sans-serif; font-size: 14px; font-style: normal; font-variant: normal; font-weight: normal; letter-spacing: normal; line-height: 20px; orphans: auto; text-indent: 0px; text-transform: none; white-space: normal; widows: 1; word-spacing: 0px; -webkit-text-stroke-width: 0px; background-color: rgb(255, 255, 255);\">Por medio de la cual se aprueba el \u201cAcuerdo Marco de la Alianza del Pac\u00edfico\u201d, suscrito en Paranal, Antofagasta, Rep\u00fablica de Chile, el 6 de junio de 2012.<\/p>\n<p align=\"center\" style=\"margin: 0px; color: rgb(102, 102, 102); font-family: arial, sans-serif; font-size: 14px; font-style: normal; font-variant: normal; font-weight: normal; letter-spacing: normal; line-height: 20px; orphans: auto; text-indent: 0px; text-transform: none; white-space: normal; widows: 1; word-spacing: 0px; -webkit-text-stroke-width: 0px; background-color: rgb(255, 255, 255);\">El Congreso de la Rep\u00fablica<\/p>\n<p align=\"justify\" style=\"margin: 0px; color: rgb(102, 102, 102); font-family: arial, sans-serif; font-size: 14px; font-style: normal; font-variant: normal; font-weight: normal; letter-spacing: normal; line-height: 20px; orphans: auto; text-indent: 0px; text-transform: none; white-space: normal; widows: 1; word-spacing: 0px; -webkit-text-stroke-width: 0px; background-color: rgb(255, 255, 255);\">Visto el texto del \u201cAcuerdo Marco de la Alianza del Pac\u00edfico\u201d, suscrito en Paranal, Antofagasta, Rep\u00fablica de Chile, el 6 de junio de 2012.<\/p>\n<p align=\"justify\" style=\"margin: 0px; color: rgb(102, 102, 102); font-family: arial, sans-serif; font-size: 14px; font-style: normal; font-variant: normal; font-weight: normal; letter-spacing: normal; line-height: 20px; orphans: auto; text-indent: 0px; text-transform: none; white-space: normal; widows: 1; word-spacing: 0px; -webkit-text-stroke-width: 0px; background-color: rgb(255, 255, 255);\">(Para ser transcrito: Se adjunta fotocopia fiel y completa del texto en espa\u00f1ol del Acuerdo, certificado por la Coordinadora del Grupo Interno de Trabajo de Tratados de la Direcci\u00f3n de Asuntos Jur\u00eddicos Internacionales del Ministerio de Relaciones Exteriores, documento que reposa en los archivos de ese Ministerio y consta de cinco (5) folios).<\/p>\n<p align=\"justify\" style=\"margin: 0px; color: rgb(102, 102, 102); font-family: arial, sans-serif; font-size: 14px; font-style: normal; font-variant: normal; font-weight: normal; letter-spacing: normal; line-height: 20px; orphans: auto; text-indent: 0px; text-transform: none; white-space: normal; widows: 1; word-spacing: 0px; -webkit-text-stroke-width: 0px; background-color: rgb(255, 255, 255);\">El presente proyecto de ley consta de veinti\u00fan (21) folios.<\/p>\n<p align=\"justify\" style=\"margin: 0px; color: rgb(102, 102, 102); font-family: arial, sans-serif; font-size: 14px; font-style: normal; font-variant: normal; font-weight: normal; letter-spacing: normal; line-height: 20px; orphans: auto; text-indent: 0px; text-transform: none; white-space: normal; widows: 1; word-spacing: 0px; -webkit-text-stroke-width: 0px; background-color: rgb(255, 255, 255);\">ACUERDO MARCO DE LA ALIANZA DEL PAC\u00cdFICO PRE\u00c1MBULO<\/p>\n<p align=\"justify\" style=\"margin: 0px; color: rgb(102, 102, 102); font-family: arial, sans-serif; font-size: 14px; font-style: normal; font-variant: normal; font-weight: normal; letter-spacing: normal; line-height: 20px; orphans: auto; text-indent: 0px; text-transform: none; white-space: normal; widows: 1; word-spacing: 0px; -webkit-text-stroke-width: 0px; background-color: rgb(255, 255, 255);\">La Rep\u00fablica de Colombia, la Rep\u00fablica de Chile, los Estados Unidos Mexicanos y la Rep\u00fablica del Per\u00fa, en adelante denominadas \u201clas Partes\u201d;<\/p>\n<p align=\"justify\" style=\"margin: 0px; color: rgb(102, 102, 102); font-family: arial, sans-serif; font-size: 14px; font-style: normal; font-variant: normal; font-weight: normal; letter-spacing: normal; line-height: 20px; orphans: auto; text-indent: 0px; text-transform: none; white-space: normal; widows: 1; word-spacing: 0px; -webkit-text-stroke-width: 0px; background-color: rgb(255, 255, 255);\">INSPIRADAS en la Declaraci\u00f3n Presidencial de Lima del 28 de abril de 2011, por la cual se estableci\u00f3 la Alianza del Pac\u00edfico para la conformaci\u00f3n de un \u00e1rea de integraci\u00f3n profunda, que busca avanzar progresivamente hacia la libre circulaci\u00f3n de bienes, servicios, capitales y personas;<\/p>\n<p align=\"justify\" style=\"margin: 0px; color: rgb(102, 102, 102); font-family: arial, sans-serif; font-size: 14px; font-style: normal; font-variant: normal; font-weight: normal; letter-spacing: normal; line-height: 20px; orphans: auto; text-indent: 0px; text-transform: none; white-space: normal; widows: 1; word-spacing: 0px; -webkit-text-stroke-width: 0px; background-color: rgb(255, 255, 255);\">TOMANDO EN CUENTA la Declaraci\u00f3n Presidencial de M\u00e9rida del 4 de diciembre de 2011, en particular, el compromiso de suscribir un tratado constitutivo de la Alianza del Pac\u00edfico;<\/p>\n<p align=\"justify\" style=\"margin: 0px; color: rgb(102, 102, 102); font-family: arial, sans-serif; font-size: 14px; font-style: normal; font-variant: normal; font-weight: normal; letter-spacing: normal; line-height: 20px; orphans: auto; text-indent: 0px; text-transform: none; white-space: normal; widows: 1; word-spacing: 0px; -webkit-text-stroke-width: 0px; background-color: rgb(255, 255, 255);\">&nbsp;<\/p>\n<p align=\"justify\" style=\"margin: 0px; color: rgb(102, 102, 102); font-family: arial, sans-serif; font-size: 14px; font-style: normal; font-variant: normal; font-weight: normal; letter-spacing: normal; line-height: 20px; orphans: auto; text-indent: 0px; text-transform: none; white-space: normal; widows: 1; word-spacing: 0px; -webkit-text-stroke-width: 0px; background-color: rgb(255, 255, 255);\">CONVENCIDAS que la integraci\u00f3n econ\u00f3mica regional constituye uno de los instrumentos esenciales para que los Estados de Am\u00e9rica Latina avancen en su desarrollo econ\u00f3mico y social sostenible, promoviendo una mejor calidad de vida para sus pueblos y contribuyendo a resolver los problemas que a\u00fan afectan a la regi\u00f3n, como son la pobreza, la exclusi\u00f3n y la desigualdad social persistentes;<\/p>\n<p align=\"justify\" style=\"margin: 0px; color: rgb(102, 102, 102); font-family: arial, sans-serif; font-size: 14px; font-style: normal; font-variant: normal; font-weight: normal; letter-spacing: normal; line-height: 20px; orphans: auto; text-indent: 0px; text-transform: none; white-space: normal; widows: 1; word-spacing: 0px; -webkit-text-stroke-width: 0px; background-color: rgb(255, 255, 255);\">DECIDIDAS a fortalecer los diferentes esquemas de integraci\u00f3n en Am\u00e9rica Latina, como espacios de concertaci\u00f3n y convergencia, orientados a fomentar el regionalismo abierto, que inserte a las Partes eficientemente en el mundo globalizado y las vincule a otras iniciativas de regionalizaci\u00f3n;<\/p>\n<p align=\"justify\" style=\"margin: 0px; color: rgb(102, 102, 102); font-family: arial, sans-serif; font-size: 14px; font-style: normal; font-variant: normal; font-weight: normal; letter-spacing: normal; line-height: 20px; orphans: auto; text-indent: 0px; text-transform: none; white-space: normal; widows: 1; word-spacing: 0px; -webkit-text-stroke-width: 0px; background-color: rgb(255, 255, 255);\">CONSCIENTES de que este proceso de integraci\u00f3n tendr\u00e1 como base los acuerdos econ\u00f3micos, comerciales y de integraci\u00f3n vigentes entre las Partes a nivel bilateral, regional y multilateral, y que deber\u00e1 contribuir a profundizar sus relaciones econ\u00f3micas y comerciales;<\/p>\n<p align=\"justify\" style=\"margin: 0px; color: rgb(102, 102, 102); font-family: arial, sans-serif; font-size: 14px; font-style: normal; font-variant: normal; font-weight: normal; letter-spacing: normal; line-height: 20px; orphans: auto; text-indent: 0px; text-transform: none; white-space: normal; widows: 1; word-spacing: 0px; -webkit-text-stroke-width: 0px; background-color: rgb(255, 255, 255);\">REAFIRMANDO los derechos y obligaciones derivados del Acuerdo de Marrakech por el que se establece la Organizaci\u00f3n Mundial del Comercio (OMC), del Tratado de Montevideo 1980, as\u00ed como de los acuerdos de libre comercio y de integraci\u00f3n entre las Partes, los mismos que ofrecen una excelente plataforma que facilita y propicia la integraci\u00f3n de nuestras econom\u00edas;<\/p>\n<p align=\"justify\" style=\"margin: 0px; color: rgb(102, 102, 102); font-family: arial, sans-serif; font-size: 14px; font-style: normal; font-variant: normal; font-weight: normal; letter-spacing: normal; line-height: 20px; orphans: auto; text-indent: 0px; text-transform: none; white-space: normal; widows: 1; word-spacing: 0px; -webkit-text-stroke-width: 0px; background-color: rgb(255, 255, 255);\">CONSIDERANDO la condici\u00f3n de Pa\u00edses Miembros de la Comunidad Andina de la Rep\u00fablica de Colombia y de la Rep\u00fablica del Per\u00fa, y los compromisos que de \u00e9l se derivan para estos Estados;<\/p>\n<p align=\"justify\" style=\"margin: 0px; color: rgb(102, 102, 102); font-family: arial, sans-serif; font-size: 14px; font-style: normal; font-variant: normal; font-weight: normal; letter-spacing: normal; line-height: 20px; orphans: auto; text-indent: 0px; text-transform: none; white-space: normal; widows: 1; word-spacing: 0px; -webkit-text-stroke-width: 0px; background-color: rgb(255, 255, 255);\">&nbsp;<\/p>\n<p align=\"justify\" style=\"margin: 0px; color: rgb(102, 102, 102); font-family: arial, sans-serif; font-size: 14px; font-style: normal; font-variant: normal; font-weight: normal; letter-spacing: normal; line-height: 20px; orphans: auto; text-indent: 0px; text-transform: none; white-space: normal; widows: 1; word-spacing: 0px; -webkit-text-stroke-width: 0px; background-color: rgb(255, 255, 255);\">COMPROMETIDAS a ofrecer a los agentes econ\u00f3micos un marco jur\u00eddico previsible para el desarrollo del comercio de bienes y servicios, y de la inversi\u00f3n, a fin de propiciar su participaci\u00f3n activa en las relaciones econ\u00f3micas y comerciales entre las Partes;<\/p>\n<p align=\"justify\" style=\"margin: 0px; color: rgb(102, 102, 102); font-family: arial, sans-serif; font-size: 14px; font-style: normal; font-variant: normal; font-weight: normal; letter-spacing: normal; line-height: 20px; orphans: auto; text-indent: 0px; text-transform: none; white-space: normal; widows: 1; word-spacing: 0px; -webkit-text-stroke-width: 0px; background-color: rgb(255, 255, 255);\">DECIDIDAS a establecer reglas claras y de beneficio mutuo entre las Partes, que propicien las condiciones necesarias para un mayor crecimiento y la diversificaci\u00f3n de las corrientes del comercio, el desarrollo<br \/>y la competitividad en sus econom\u00edas;<\/p>\n<p align=\"justify\" style=\"margin: 0px; color: rgb(102, 102, 102); font-family: arial, sans-serif; font-size: 14px; font-style: normal; font-variant: normal; font-weight: normal; letter-spacing: normal; line-height: 20px; orphans: auto; text-indent: 0px; text-transform: none; white-space: normal; widows: 1; word-spacing: 0px; -webkit-text-stroke-width: 0px; background-color: rgb(255, 255, 255);\">CONVENCIDAS de la importancia de facilitar el libre movimiento de personas entre las Partes, como un mecanismo que coadyuve a crear mejores condiciones de competitividad y desarrollo econ\u00f3mico;<\/p>\n<p align=\"justify\" style=\"margin: 0px; color: rgb(102, 102, 102); font-family: arial, sans-serif; font-size: 14px; font-style: normal; font-variant: normal; font-weight: normal; letter-spacing: normal; line-height: 20px; orphans: auto; text-indent: 0px; text-transform: none; white-space: normal; widows: 1; word-spacing: 0px; -webkit-text-stroke-width: 0px; background-color: rgb(255, 255, 255);\">CONSCIENTES de la necesidad de impulsar la cooperaci\u00f3n internacional para el desarrollo econ\u00f3mico de las Partes y para la mejora de<br \/>su capacidad competitiva;<\/p>\n<p align=\"justify\" style=\"margin: 0px; color: rgb(102, 102, 102); font-family: arial, sans-serif; font-size: 14px; font-style: normal; font-variant: normal; font-weight: normal; letter-spacing: normal; line-height: 20px; orphans: auto; text-indent: 0px; text-transform: none; white-space: normal; widows: 1; word-spacing: 0px; -webkit-text-stroke-width: 0px; background-color: rgb(255, 255, 255);\">CONSIDERANDO los avances de las Partes en materia de desarrollo y crecimiento econ\u00f3mico inclusivo y el fortalecimiento de los valores y principios democr\u00e1ticos comunes;<\/p>\n<p align=\"justify\" style=\"margin: 0px; color: rgb(102, 102, 102); font-family: arial, sans-serif; font-size: 14px; font-style: normal; font-variant: normal; font-weight: normal; letter-spacing: normal; line-height: 20px; orphans: auto; text-indent: 0px; text-transform: none; white-space: normal; widows: 1; word-spacing: 0px; -webkit-text-stroke-width: 0px; background-color: rgb(255, 255, 255);\">REAFIRMANDO como requisitos esenciales para la participaci\u00f3n en la Alianza del Pac\u00edfico la vigencia del Estado de Derecho y de los respectivos \u00f3rdenes constitucionales, la separaci\u00f3n de los Poderes del Estado, y la promoci\u00f3n, protecci\u00f3n, respeto y garant\u00eda de los Derechos Humanos y las libertades fundamentales;<\/p>\n<p align=\"justify\" style=\"margin: 0px; color: rgb(102, 102, 102); font-family: arial, sans-serif; font-size: 14px; font-style: normal; font-variant: normal; font-weight: normal; letter-spacing: normal; line-height: 20px; orphans: auto; text-indent: 0px; text-transform: none; white-space: normal; widows: 1; word-spacing: 0px; -webkit-text-stroke-width: 0px; background-color: rgb(255, 255, 255);\">CONFIRMANDO la voluntad de constituir la Alianza del Pac\u00edfico como un espacio de concertaci\u00f3n y convergencia, as\u00ed como un mecanismo de di\u00e1logo pol\u00edtico y de proyecci\u00f3n hacia la regi\u00f3n de Asia Pac\u00edfico; y<\/p>\n<p align=\"justify\" style=\"margin: 0px; color: rgb(102, 102, 102); font-family: arial, sans-serif; font-size: 14px; font-style: normal; font-variant: normal; font-weight: normal; letter-spacing: normal; line-height: 20px; orphans: auto; text-indent: 0px; text-transform: none; white-space: normal; widows: 1; word-spacing: 0px; -webkit-text-stroke-width: 0px; background-color: rgb(255, 255, 255);\">RESUELTAS a reafirmar los lazos especiales de amistad, solidaridad y cooperaci\u00f3n entre sus pueblos.<\/p>\n<p align=\"justify\" style=\"margin: 0px; color: rgb(102, 102, 102); font-family: arial, sans-serif; font-size: 14px; font-style: normal; font-variant: normal; font-weight: normal; letter-spacing: normal; line-height: 20px; orphans: auto; text-indent: 0px; text-transform: none; white-space: normal; widows: 1; word-spacing: 0px; -webkit-text-stroke-width: 0px; background-color: rgb(255, 255, 255);\">ACUERDAN lo siguiente:<\/p>\n<p align=\"justify\" style=\"margin: 0px; color: rgb(102, 102, 102); font-family: arial, sans-serif; font-size: 14px; font-style: normal; font-variant: normal; font-weight: normal; letter-spacing: normal; line-height: 20px; orphans: auto; text-indent: 0px; text-transform: none; white-space: normal; widows: 1; word-spacing: 0px; -webkit-text-stroke-width: 0px; background-color: rgb(255, 255, 255);\">&nbsp;<\/p>\n<p align=\"justify\" style=\"margin: 0px; color: rgb(102, 102, 102); font-family: arial, sans-serif; font-size: 14px; font-style: normal; font-variant: normal; font-weight: normal; letter-spacing: normal; line-height: 20px; orphans: auto; text-indent: 0px; text-transform: none; white-space: normal; widows: 1; word-spacing: 0px; -webkit-text-stroke-width: 0px; background-color: rgb(255, 255, 255);\"><b>Art\u00edculo 1.&nbsp;<\/b><strong style=\"font-weight: bold;\">Constituci\u00f3n de la Alianza del Pac\u00edfico<\/strong><\/p>\n<p align=\"justify\" style=\"margin: 0px; color: rgb(102, 102, 102); font-family: arial, sans-serif; font-size: 14px; font-style: normal; font-variant: normal; font-weight: normal; letter-spacing: normal; line-height: 20px; orphans: auto; text-indent: 0px; text-transform: none; white-space: normal; widows: 1; word-spacing: 0px; -webkit-text-stroke-width: 0px; background-color: rgb(255, 255, 255);\">Las Partes constituyen la Alianza del Pac\u00edfico como un \u00e1rea de integraci\u00f3n regional.<\/p>\n<p align=\"justify\" style=\"margin: 0px; color: rgb(102, 102, 102); font-family: arial, sans-serif; font-size: 14px; font-style: normal; font-variant: normal; font-weight: normal; letter-spacing: normal; line-height: 20px; orphans: auto; text-indent: 0px; text-transform: none; white-space: normal; widows: 1; word-spacing: 0px; -webkit-text-stroke-width: 0px; background-color: rgb(255, 255, 255);\">&nbsp;<\/p>\n<p align=\"justify\" style=\"margin: 0px; color: rgb(102, 102, 102); font-family: arial, sans-serif; font-size: 14px; font-style: normal; font-variant: normal; font-weight: normal; letter-spacing: normal; line-height: 20px; orphans: auto; text-indent: 0px; text-transform: none; white-space: normal; widows: 1; word-spacing: 0px; -webkit-text-stroke-width: 0px; background-color: rgb(255, 255, 255);\">&nbsp;<\/p>\n<p align=\"justify\" style=\"margin: 0px; color: rgb(102, 102, 102); font-family: arial, sans-serif; font-size: 14px; font-style: normal; font-variant: normal; font-weight: normal; letter-spacing: normal; line-height: 20px; orphans: auto; text-indent: 0px; text-transform: none; white-space: normal; widows: 1; word-spacing: 0px; -webkit-text-stroke-width: 0px; background-color: rgb(255, 255, 255);\"><b>Art\u00edculo 2.&nbsp;<\/b><strong style=\"font-weight: bold;\">Democracia y Estado de Derecho<\/strong><\/p>\n<p align=\"justify\" style=\"margin: 0px; color: rgb(102, 102, 102); font-family: arial, sans-serif; font-size: 14px; font-style: normal; font-variant: normal; font-weight: normal; letter-spacing: normal; line-height: 20px; orphans: auto; text-indent: 0px; text-transform: none; white-space: normal; widows: 1; word-spacing: 0px; -webkit-text-stroke-width: 0px; background-color: rgb(255, 255, 255);\">Las Partes establecen como requisitos esenciales para la participaci\u00f3n en la Alianza del Pac\u00edfico los siguientes:<\/p>\n<p align=\"justify\" style=\"margin: 0px 0px 0px 40px; color: rgb(102, 102, 102); font-family: arial, sans-serif; font-size: 14px; font-style: normal; font-variant: normal; font-weight: normal; letter-spacing: normal; line-height: 20px; orphans: auto; text-indent: 0px; text-transform: none; white-space: normal; widows: 1; word-spacing: 0px; -webkit-text-stroke-width: 0px; background-color: rgb(255, 255, 255);\">a) La vigencia del Estado de Derecho, de la Democracia y de los respectivos \u00f3rdenes constitucionales;<\/p>\n<p align=\"justify\" style=\"margin: 0px 0px 0px 40px; color: rgb(102, 102, 102); font-family: arial, sans-serif; font-size: 14px; font-style: normal; font-variant: normal; font-weight: normal; letter-spacing: normal; line-height: 20px; orphans: auto; text-indent: 0px; text-transform: none; white-space: normal; widows: 1; word-spacing: 0px; -webkit-text-stroke-width: 0px; background-color: rgb(255, 255, 255);\">b) La separaci\u00f3n de los Poderes del Estado; y<\/p>\n<p align=\"justify\" style=\"margin: 0px 0px 0px 40px; color: rgb(102, 102, 102); font-family: arial, sans-serif; font-size: 14px; font-style: normal; font-variant: normal; font-weight: normal; letter-spacing: normal; line-height: 20px; orphans: auto; text-indent: 0px; text-transform: none; white-space: normal; widows: 1; word-spacing: 0px; -webkit-text-stroke-width: 0px; background-color: rgb(255, 255, 255);\">c) La protecci\u00f3n, la promoci\u00f3n, respeto y garant\u00eda de los Derechos Humanos y las libertades fundamentales.<\/p>\n<p align=\"justify\" style=\"margin: 0px; color: rgb(102, 102, 102); font-family: arial, sans-serif; font-size: 14px; font-style: normal; font-variant: normal; font-weight: normal; letter-spacing: normal; line-height: 20px; orphans: auto; text-indent: 0px; text-transform: none; white-space: normal; widows: 1; word-spacing: 0px; -webkit-text-stroke-width: 0px; background-color: rgb(255, 255, 255);\">&nbsp;<\/p>\n<p align=\"justify\" style=\"margin: 0px; color: rgb(102, 102, 102); font-family: arial, sans-serif; font-size: 14px; font-style: normal; font-variant: normal; font-weight: normal; letter-spacing: normal; line-height: 20px; orphans: auto; text-indent: 0px; text-transform: none; white-space: normal; widows: 1; word-spacing: 0px; -webkit-text-stroke-width: 0px; background-color: rgb(255, 255, 255);\"><b>Art\u00edculo 3.&nbsp;<\/b><strong style=\"font-weight: bold;\">Objetivos<\/strong><\/p>\n<p align=\"justify\" style=\"margin: 0px; color: rgb(102, 102, 102); font-family: arial, sans-serif; font-size: 14px; font-style: normal; font-variant: normal; font-weight: normal; letter-spacing: normal; line-height: 20px; orphans: auto; text-indent: 0px; text-transform: none; white-space: normal; widows: 1; word-spacing: 0px; -webkit-text-stroke-width: 0px; background-color: rgb(255, 255, 255);\">1. La Alianza del Pac\u00edfico tiene como objetivos los siguientes:<\/p>\n<p align=\"justify\" style=\"margin: 0px 0px 0px 40px; color: rgb(102, 102, 102); font-family: arial, sans-serif; font-size: 14px; font-style: normal; font-variant: normal; font-weight: normal; letter-spacing: normal; line-height: 20px; orphans: auto; text-indent: 0px; text-transform: none; white-space: normal; widows: 1; word-spacing: 0px; -webkit-text-stroke-width: 0px; background-color: rgb(255, 255, 255);\">a) Construir, de manera participativa y consensuada, un \u00e1rea de integraci\u00f3n profunda para avanzar progresivamente hacia la libre circulaci\u00f3n de bienes, servicios, capitales y personas;<\/p>\n<p align=\"justify\" style=\"margin: 0px 0px 0px 40px; color: rgb(102, 102, 102); font-family: arial, sans-serif; font-size: 14px; font-style: normal; font-variant: normal; font-weight: normal; letter-spacing: normal; line-height: 20px; orphans: auto; text-indent: 0px; text-transform: none; white-space: normal; widows: 1; word-spacing: 0px; -webkit-text-stroke-width: 0px; background-color: rgb(255, 255, 255);\">b) Impulsar un mayor crecimiento, desarrollo y competitividad de las econom\u00edas de las Partes, con miras a lograr un mayor bienestar, la superaci\u00f3n de la desigualdad socioecon\u00f3mica y la inclusi\u00f3n social de sus habitantes; y<\/p>\n<p align=\"justify\" style=\"margin: 0px 0px 0px 40px; color: rgb(102, 102, 102); font-family: arial, sans-serif; font-size: 14px; font-style: normal; font-variant: normal; font-weight: normal; letter-spacing: normal; line-height: 20px; orphans: auto; text-indent: 0px; text-transform: none; white-space: normal; widows: 1; word-spacing: 0px; -webkit-text-stroke-width: 0px; background-color: rgb(255, 255, 255);\">c) Convertirse en una plataforma de articulaci\u00f3n pol\u00edtica, de integraci\u00f3n econ\u00f3mica y comercial, y de proyecci\u00f3n al mundo, con especial \u00e9nfasis al Asia Pac\u00edfico.<\/p>\n<p align=\"justify\" style=\"margin: 0px; color: rgb(102, 102, 102); font-family: arial, sans-serif; font-size: 14px; font-style: normal; font-variant: normal; font-weight: normal; letter-spacing: normal; line-height: 20px; orphans: auto; text-indent: 0px; text-transform: none; white-space: normal; widows: 1; word-spacing: 0px; -webkit-text-stroke-width: 0px; background-color: rgb(255, 255, 255);\">2. Para alcanzar los objetivos se\u00f1alados en este art\u00edculo desarrollar\u00e1n, entre otras, las siguientes acciones:<\/p>\n<p align=\"justify\" style=\"margin: 0px 0px 0px 40px; color: rgb(102, 102, 102); font-family: arial, sans-serif; font-size: 14px; font-style: normal; font-variant: normal; font-weight: normal; letter-spacing: normal; line-height: 20px; orphans: auto; text-indent: 0px; text-transform: none; white-space: normal; widows: 1; word-spacing: 0px; -webkit-text-stroke-width: 0px; background-color: rgb(255, 255, 255);\">a) Liberalizar el intercambio comercial de bienes y servicios, con miras a consolidar una zona de libre comercio entre las Partes;<\/p>\n<p align=\"justify\" style=\"margin: 0px 0px 0px 40px; color: rgb(102, 102, 102); font-family: arial, sans-serif; font-size: 14px; font-style: normal; font-variant: normal; font-weight: normal; letter-spacing: normal; line-height: 20px; orphans: auto; text-indent: 0px; text-transform: none; white-space: normal; widows: 1; word-spacing: 0px; -webkit-text-stroke-width: 0px; background-color: rgb(255, 255, 255);\">b) Avanzar hacia la libre circulaci\u00f3n de capitales y la promoci\u00f3n de las inversiones entre las Partes;<\/p>\n<p align=\"justify\" style=\"margin: 0px 0px 0px 40px; color: rgb(102, 102, 102); font-family: arial, sans-serif; font-size: 14px; font-style: normal; font-variant: normal; font-weight: normal; letter-spacing: normal; line-height: 20px; orphans: auto; text-indent: 0px; text-transform: none; white-space: normal; widows: 1; word-spacing: 0px; -webkit-text-stroke-width: 0px; background-color: rgb(255, 255, 255);\">c) Desarrollar acciones de facilitaci\u00f3n del comercio y asuntos aduaneros;<\/p>\n<p align=\"justify\" style=\"margin: 0px 0px 0px 40px; color: rgb(102, 102, 102); font-family: arial, sans-serif; font-size: 14px; font-style: normal; font-variant: normal; font-weight: normal; letter-spacing: normal; line-height: 20px; orphans: auto; text-indent: 0px; text-transform: none; white-space: normal; widows: 1; word-spacing: 0px; -webkit-text-stroke-width: 0px; background-color: rgb(255, 255, 255);\">d) Promover la cooperaci\u00f3n entre las autoridades migratorias y consulares y facilitar el movimiento de personas y el tr\u00e1nsito migratorio en<br \/>el territorio de las Partes;<\/p>\n<p align=\"justify\" style=\"margin: 0px 0px 0px 40px; color: rgb(102, 102, 102); font-family: arial, sans-serif; font-size: 14px; font-style: normal; font-variant: normal; font-weight: normal; letter-spacing: normal; line-height: 20px; orphans: auto; text-indent: 0px; text-transform: none; white-space: normal; widows: 1; word-spacing: 0px; -webkit-text-stroke-width: 0px; background-color: rgb(255, 255, 255);\">e) Coordinar la prevenci\u00f3n y contenci\u00f3n de la delincuencia organizada transnacional para fortalecer las instancias de seguridad p\u00fablica y<br \/>de procuraci\u00f3n de justicia de las Partes; y<\/p>\n<p align=\"justify\" style=\"margin: 0px 0px 0px 40px; color: rgb(102, 102, 102); font-family: arial, sans-serif; font-size: 14px; font-style: normal; font-variant: normal; font-weight: normal; letter-spacing: normal; line-height: 20px; orphans: auto; text-indent: 0px; text-transform: none; white-space: normal; widows: 1; word-spacing: 0px; -webkit-text-stroke-width: 0px; background-color: rgb(255, 255, 255);\">f) Contribuir a la integraci\u00f3n de las Partes mediante el desarrollo de mecanismos de cooperaci\u00f3n e impulsar la Plataforma de Cooperaci\u00f3n del Pac\u00edfico suscrita en diciembre de 2011, en las \u00e1reas ah\u00ed definidas.<\/p>\n<p align=\"justify\" style=\"margin: 0px; color: rgb(102, 102, 102); font-family: arial, sans-serif; font-size: 14px; font-style: normal; font-variant: normal; font-weight: normal; letter-spacing: normal; line-height: 20px; orphans: auto; text-indent: 0px; text-transform: none; white-space: normal; widows: 1; word-spacing: 0px; -webkit-text-stroke-width: 0px; background-color: rgb(255, 255, 255);\">&nbsp;<\/p>\n<p align=\"justify\" style=\"margin: 0px; color: rgb(102, 102, 102); font-family: arial, sans-serif; font-size: 14px; font-style: normal; font-variant: normal; font-weight: normal; letter-spacing: normal; line-height: 20px; orphans: auto; text-indent: 0px; text-transform: none; white-space: normal; widows: 1; word-spacing: 0px; -webkit-text-stroke-width: 0px; background-color: rgb(255, 255, 255);\"><b>Art\u00edculo 4.&nbsp;<\/b><strong style=\"font-weight: bold;\">El Consejo de Ministros<\/strong><\/p>\n<p align=\"justify\" style=\"margin: 0px; color: rgb(102, 102, 102); font-family: arial, sans-serif; font-size: 14px; font-style: normal; font-variant: normal; font-weight: normal; letter-spacing: normal; line-height: 20px; orphans: auto; text-indent: 0px; text-transform: none; white-space: normal; widows: 1; word-spacing: 0px; -webkit-text-stroke-width: 0px; background-color: rgb(255, 255, 255);\">1. Las Partes establecen el Consejo de Ministros, integrado por los Ministros de Relaciones Exteriores y los Ministros responsables de Comercio Exterior, o por quienes estos designen.<\/p>\n<p align=\"justify\" style=\"margin: 0px; color: rgb(102, 102, 102); font-family: arial, sans-serif; font-size: 14px; font-style: normal; font-variant: normal; font-weight: normal; letter-spacing: normal; line-height: 20px; orphans: auto; text-indent: 0px; text-transform: none; white-space: normal; widows: 1; word-spacing: 0px; -webkit-text-stroke-width: 0px; background-color: rgb(255, 255, 255);\">2. El Consejo de Ministros tendr\u00e1 las siguientes atribuciones:<\/p>\n<p align=\"justify\" style=\"margin: 0px 0px 0px 40px; color: rgb(102, 102, 102); font-family: arial, sans-serif; font-size: 14px; font-style: normal; font-variant: normal; font-weight: normal; letter-spacing: normal; line-height: 20px; orphans: auto; text-indent: 0px; text-transform: none; white-space: normal; widows: 1; word-spacing: 0px; -webkit-text-stroke-width: 0px; background-color: rgb(255, 255, 255);\">a) Adoptar decisiones que desarrollen los objetivos y acciones espec\u00edficas previstas en el presente Acuerdo Marco, as\u00ed como en las declaraciones<br \/>presidenciales de la Alianza del Pac\u00edfico;<\/p>\n<p align=\"justify\" style=\"margin: 0px 0px 0px 40px; color: rgb(102, 102, 102); font-family: arial, sans-serif; font-size: 14px; font-style: normal; font-variant: normal; font-weight: normal; letter-spacing: normal; line-height: 20px; orphans: auto; text-indent: 0px; text-transform: none; white-space: normal; widows: 1; word-spacing: 0px; -webkit-text-stroke-width: 0px; background-color: rgb(255, 255, 255);\">b) Velar por el cumplimiento y la correcta aplicaci\u00f3n de sus decisiones adoptadas de conformidad con el literal a) de este numeral;<\/p>\n<p align=\"justify\" style=\"margin: 0px 0px 0px 40px; color: rgb(102, 102, 102); font-family: arial, sans-serif; font-size: 14px; font-style: normal; font-variant: normal; font-weight: normal; letter-spacing: normal; line-height: 20px; orphans: auto; text-indent: 0px; text-transform: none; white-space: normal; widows: 1; word-spacing: 0px; -webkit-text-stroke-width: 0px; background-color: rgb(255, 255, 255);\">c) Evaluar peri\u00f3dicamente los resultados logrados en la aplicaci\u00f3n de sus decisiones adoptadas de conformidad con el literal a) de este numeral;<\/p>\n<p align=\"justify\" style=\"margin: 0px 0px 0px 40px; color: rgb(102, 102, 102); font-family: arial, sans-serif; font-size: 14px; font-style: normal; font-variant: normal; font-weight: normal; letter-spacing: normal; line-height: 20px; orphans: auto; text-indent: 0px; text-transform: none; white-space: normal; widows: 1; word-spacing: 0px; -webkit-text-stroke-width: 0px; background-color: rgb(255, 255, 255);\">d) Modificar sus decisiones adoptadas de conformidad con el literal<\/p>\n<p align=\"justify\" style=\"margin: 0px 0px 0px 40px; color: rgb(102, 102, 102); font-family: arial, sans-serif; font-size: 14px; font-style: normal; font-variant: normal; font-weight: normal; letter-spacing: normal; line-height: 20px; orphans: auto; text-indent: 0px; text-transform: none; white-space: normal; widows: 1; word-spacing: 0px; -webkit-text-stroke-width: 0px; background-color: rgb(255, 255, 255);\">a) de este numeral, teniendo en cuenta los objetivos de la Alianza del Pac\u00edfico;<\/p>\n<p align=\"justify\" style=\"margin: 0px 0px 0px 40px; color: rgb(102, 102, 102); font-family: arial, sans-serif; font-size: 14px; font-style: normal; font-variant: normal; font-weight: normal; letter-spacing: normal; line-height: 20px; orphans: auto; text-indent: 0px; text-transform: none; white-space: normal; widows: 1; word-spacing: 0px; -webkit-text-stroke-width: 0px; background-color: rgb(255, 255, 255);\">e) Aprobar los programas de actividades de la Alianza del Pac\u00edfico, con fechas, sedes y agenda de las reuniones;<\/p>\n<p align=\"justify\" style=\"margin: 0px 0px 0px 40px; color: rgb(102, 102, 102); font-family: arial, sans-serif; font-size: 14px; font-style: normal; font-variant: normal; font-weight: normal; letter-spacing: normal; line-height: 20px; orphans: auto; text-indent: 0px; text-transform: none; white-space: normal; widows: 1; word-spacing: 0px; -webkit-text-stroke-width: 0px; background-color: rgb(255, 255, 255);\">f) Definir los lineamientos pol\u00edticos de la Alianza del Pac\u00edfico en su relaci\u00f3n con terceros Estados o esquemas de integraci\u00f3n;<\/p>\n<p align=\"justify\" style=\"margin: 0px 0px 0px 40px; color: rgb(102, 102, 102); font-family: arial, sans-serif; font-size: 14px; font-style: normal; font-variant: normal; font-weight: normal; letter-spacing: normal; line-height: 20px; orphans: auto; text-indent: 0px; text-transform: none; white-space: normal; widows: 1; word-spacing: 0px; -webkit-text-stroke-width: 0px; background-color: rgb(255, 255, 255);\">g) Convocar al Grupo de Alto Nivel (GAN), establecido en la Declaraci\u00f3n Presidencial de Lima, cuando lo considere adecuado;<\/p>\n<p align=\"justify\" style=\"margin: 0px 0px 0px 40px; color: rgb(102, 102, 102); font-family: arial, sans-serif; font-size: 14px; font-style: normal; font-variant: normal; font-weight: normal; letter-spacing: normal; line-height: 20px; orphans: auto; text-indent: 0px; text-transform: none; white-space: normal; widows: 1; word-spacing: 0px; -webkit-text-stroke-width: 0px; background-color: rgb(255, 255, 255);\">h) Establecer los grupos de trabajo que considere adecuados para la consecuci\u00f3n de los objetivos y la realizaci\u00f3n de las acciones de la Alianza del Pac\u00edfico; y<\/p>\n<p align=\"justify\" style=\"margin: 0px 0px 0px 40px; color: rgb(102, 102, 102); font-family: arial, sans-serif; font-size: 14px; font-style: normal; font-variant: normal; font-weight: normal; letter-spacing: normal; line-height: 20px; orphans: auto; text-indent: 0px; text-transform: none; white-space: normal; widows: 1; word-spacing: 0px; -webkit-text-stroke-width: 0px; background-color: rgb(255, 255, 255);\">i) Adoptar otras acciones y medidas que aseguren la consecuci\u00f3n de los objetivos de la Alianza del Pac\u00edfico.<\/p>\n<p align=\"justify\" style=\"margin: 0px; color: rgb(102, 102, 102); font-family: arial, sans-serif; font-size: 14px; font-style: normal; font-variant: normal; font-weight: normal; letter-spacing: normal; line-height: 20px; orphans: auto; text-indent: 0px; text-transform: none; white-space: normal; widows: 1; word-spacing: 0px; -webkit-text-stroke-width: 0px; background-color: rgb(255, 255, 255);\">3. El Consejo de Ministros establecer\u00e1 sus reglas y procedimientos y adoptar\u00e1 sus decisiones de conformidad con el Art\u00edculo 5 (Aprobaci\u00f3n de decisiones y otros acuerdos de la Alianza del Pac\u00edfico), del presente Acuerdo Marco.<\/p>\n<p align=\"justify\" style=\"margin: 0px; color: rgb(102, 102, 102); font-family: arial, sans-serif; font-size: 14px; font-style: normal; font-variant: normal; font-weight: normal; letter-spacing: normal; line-height: 20px; orphans: auto; text-indent: 0px; text-transform: none; white-space: normal; widows: 1; word-spacing: 0px; -webkit-text-stroke-width: 0px; background-color: rgb(255, 255, 255);\">4. Las reuniones ordinarias del Consejo de Ministros tendr\u00e1n lugar una vez al a\u00f1o, pudiendo convocarse a reuniones extraordinarias a petici\u00f3n de alguna de las Partes.<\/p>\n<p align=\"justify\" style=\"margin: 0px; color: rgb(102, 102, 102); font-family: arial, sans-serif; font-size: 14px; font-style: normal; font-variant: normal; font-weight: normal; letter-spacing: normal; line-height: 20px; orphans: auto; text-indent: 0px; text-transform: none; white-space: normal; widows: 1; word-spacing: 0px; -webkit-text-stroke-width: 0px; background-color: rgb(255, 255, 255);\">5. El Consejo de Ministros sesionar\u00e1 con la presencia de todas las Partes.<\/p>\n<p align=\"justify\" style=\"margin: 0px; color: rgb(102, 102, 102); font-family: arial, sans-serif; font-size: 14px; font-style: normal; font-variant: normal; font-weight: normal; letter-spacing: normal; line-height: 20px; orphans: auto; text-indent: 0px; text-transform: none; white-space: normal; widows: 1; word-spacing: 0px; -webkit-text-stroke-width: 0px; background-color: rgb(255, 255, 255);\">&nbsp;<\/p>\n<p align=\"justify\" style=\"margin: 0px; color: rgb(102, 102, 102); font-family: arial, sans-serif; font-size: 14px; font-style: normal; font-variant: normal; font-weight: normal; letter-spacing: normal; line-height: 20px; orphans: auto; text-indent: 0px; text-transform: none; white-space: normal; widows: 1; word-spacing: 0px; -webkit-text-stroke-width: 0px; background-color: rgb(255, 255, 255);\"><b>Art\u00edculo 5.&nbsp;<\/b><strong style=\"font-weight: bold;\">Aprobaci\u00f3n de decisiones y otros acuerdos de la Alianza del Pac\u00edfico.<\/strong><\/p>\n<p align=\"justify\" style=\"margin: 0px; color: rgb(102, 102, 102); font-family: arial, sans-serif; font-size: 14px; font-style: normal; font-variant: normal; font-weight: normal; letter-spacing: normal; line-height: 20px; orphans: auto; text-indent: 0px; text-transform: none; white-space: normal; widows: 1; word-spacing: 0px; -webkit-text-stroke-width: 0px; background-color: rgb(255, 255, 255);\">Las decisiones del Consejo de Ministros y otros acuerdos en el \u00e1mbito de la Alianza del Pac\u00edfico se adoptar\u00e1n por consenso y podr\u00e1n contemplar diferentes tratamientos y\/o modalidades para la consecuci\u00f3n de los objetivos de la Alianza del Pac\u00edfico.<\/p>\n<p align=\"justify\" style=\"margin: 0px; color: rgb(102, 102, 102); font-family: arial, sans-serif; font-size: 14px; font-style: normal; font-variant: normal; font-weight: normal; letter-spacing: normal; line-height: 20px; orphans: auto; text-indent: 0px; text-transform: none; white-space: normal; widows: 1; word-spacing: 0px; -webkit-text-stroke-width: 0px; background-color: rgb(255, 255, 255);\">&nbsp;<\/p>\n<p align=\"justify\" style=\"margin: 0px; color: rgb(102, 102, 102); font-family: arial, sans-serif; font-size: 14px; font-style: normal; font-variant: normal; font-weight: normal; letter-spacing: normal; line-height: 20px; orphans: auto; text-indent: 0px; text-transform: none; white-space: normal; widows: 1; word-spacing: 0px; -webkit-text-stroke-width: 0px; background-color: rgb(255, 255, 255);\">&nbsp;<\/p>\n<p align=\"justify\" style=\"margin: 0px; color: rgb(102, 102, 102); font-family: arial, sans-serif; font-size: 14px; font-style: normal; font-variant: normal; font-weight: normal; letter-spacing: normal; line-height: 20px; orphans: auto; text-indent: 0px; text-transform: none; white-space: normal; widows: 1; word-spacing: 0px; -webkit-text-stroke-width: 0px; background-color: rgb(255, 255, 255);\"><b>Art\u00edculo 6.&nbsp;<\/b><strong style=\"font-weight: bold;\">Naturaleza de las decisiones y otros acuerdos de la Alianza del Pac\u00edfico.&nbsp;<\/strong><\/p>\n<p align=\"justify\" style=\"margin: 0px; color: rgb(102, 102, 102); font-family: arial, sans-serif; font-size: 14px; font-style: normal; font-variant: normal; font-weight: normal; letter-spacing: normal; line-height: 20px; orphans: auto; text-indent: 0px; text-transform: none; white-space: normal; widows: 1; word-spacing: 0px; -webkit-text-stroke-width: 0px; background-color: rgb(255, 255, 255);\">&nbsp;<\/p>\n<p align=\"justify\" style=\"margin: 0px; color: rgb(102, 102, 102); font-family: arial, sans-serif; font-size: 14px; font-style: normal; font-variant: normal; font-weight: normal; letter-spacing: normal; line-height: 20px; orphans: auto; text-indent: 0px; text-transform: none; white-space: normal; widows: 1; word-spacing: 0px; -webkit-text-stroke-width: 0px; background-color: rgb(255, 255, 255);\">Las decisiones del Consejo de Ministros y otros acuerdos adoptados en el \u00e1mbito de la Alianza del Pac\u00edfico, en desarrollo del presente Acuerdo Marco, ser\u00e1n parte integrante del ordenamiento jur\u00eddico de la Alianza del Pac\u00edfico.<\/p>\n<p align=\"justify\" style=\"margin: 0px; color: rgb(102, 102, 102); font-family: arial, sans-serif; font-size: 14px; font-style: normal; font-variant: normal; font-weight: normal; letter-spacing: normal; line-height: 20px; orphans: auto; text-indent: 0px; text-transform: none; white-space: normal; widows: 1; word-spacing: 0px; -webkit-text-stroke-width: 0px; background-color: rgb(255, 255, 255);\">&nbsp;<\/p>\n<p align=\"justify\" style=\"margin: 0px; color: rgb(102, 102, 102); font-family: arial, sans-serif; font-size: 14px; font-style: normal; font-variant: normal; font-weight: normal; letter-spacing: normal; line-height: 20px; orphans: auto; text-indent: 0px; text-transform: none; white-space: normal; widows: 1; word-spacing: 0px; -webkit-text-stroke-width: 0px; background-color: rgb(255, 255, 255);\"><b>Art\u00edculo 7.&nbsp;<\/b><strong style=\"font-weight: bold;\">La Presidencia Pro T\u00e9mpore.<\/strong><\/p>\n<p align=\"justify\" style=\"margin: 0px; color: rgb(102, 102, 102); font-family: arial, sans-serif; font-size: 14px; font-style: normal; font-variant: normal; font-weight: normal; letter-spacing: normal; line-height: 20px; orphans: auto; text-indent: 0px; text-transform: none; white-space: normal; widows: 1; word-spacing: 0px; -webkit-text-stroke-width: 0px; background-color: rgb(255, 255, 255);\">1. La Presidencia Pro T\u00e9mpore de la Alianza del Pac\u00edfico ser\u00e1 ejercida sucesivamente por cada una de las Partes, en orden alfab\u00e9tico, por per\u00edodos anuales iniciados en enero.<\/p>\n<p align=\"justify\" style=\"margin: 0px; color: rgb(102, 102, 102); font-family: arial, sans-serif; font-size: 14px; font-style: normal; font-variant: normal; font-weight: normal; letter-spacing: normal; line-height: 20px; orphans: auto; text-indent: 0px; text-transform: none; white-space: normal; widows: 1; word-spacing: 0px; -webkit-text-stroke-width: 0px; background-color: rgb(255, 255, 255);\">2. Son atribuciones de la Presidencia Pro T\u00e9mpore:<\/p>\n<p align=\"justify\" style=\"margin: 0px 0px 0px 40px; color: rgb(102, 102, 102); font-family: arial, sans-serif; font-size: 14px; font-style: normal; font-variant: normal; font-weight: normal; letter-spacing: normal; line-height: 20px; orphans: auto; text-indent: 0px; text-transform: none; white-space: normal; widows: 1; word-spacing: 0px; -webkit-text-stroke-width: 0px; background-color: rgb(255, 255, 255);\">a) Organizar y ser sede de la reuni\u00f3n de Presidentes;<\/p>\n<p align=\"justify\" style=\"margin: 0px 0px 0px 40px; color: rgb(102, 102, 102); font-family: arial, sans-serif; font-size: 14px; font-style: normal; font-variant: normal; font-weight: normal; letter-spacing: normal; line-height: 20px; orphans: auto; text-indent: 0px; text-transform: none; white-space: normal; widows: 1; word-spacing: 0px; -webkit-text-stroke-width: 0px; background-color: rgb(255, 255, 255);\">b) Coordinar las reuniones del Consejo de Ministros y del GAN de la Alianza del Pac\u00edfico;<\/p>\n<p align=\"justify\" style=\"margin: 0px 0px 0px 40px; color: rgb(102, 102, 102); font-family: arial, sans-serif; font-size: 14px; font-style: normal; font-variant: normal; font-weight: normal; letter-spacing: normal; line-height: 20px; orphans: auto; text-indent: 0px; text-transform: none; white-space: normal; widows: 1; word-spacing: 0px; -webkit-text-stroke-width: 0px; background-color: rgb(255, 255, 255);\">c) Mantener el registro de las actas de las reuniones y de los dem\u00e1s documentos;<\/p>\n<p align=\"justify\" style=\"margin: 0px 0px 0px 40px; color: rgb(102, 102, 102); font-family: arial, sans-serif; font-size: 14px; font-style: normal; font-variant: normal; font-weight: normal; letter-spacing: normal; line-height: 20px; orphans: auto; text-indent: 0px; text-transform: none; white-space: normal; widows: 1; word-spacing: 0px; -webkit-text-stroke-width: 0px; background-color: rgb(255, 255, 255);\">d) Presentar a consideraci\u00f3n del Consejo de Ministros los programas de actividades de la Alianza del Pac\u00edfico, con fechas, sedes y agenda de las reuniones;<\/p>\n<p align=\"justify\" style=\"margin: 0px 0px 0px 40px; color: rgb(102, 102, 102); font-family: arial, sans-serif; font-size: 14px; font-style: normal; font-variant: normal; font-weight: normal; letter-spacing: normal; line-height: 20px; orphans: auto; text-indent: 0px; text-transform: none; white-space: normal; widows: 1; word-spacing: 0px; -webkit-text-stroke-width: 0px; background-color: rgb(255, 255, 255);\">e) Representar a la Alianza del Pac\u00edfico en los asuntos y actos de inter\u00e9s com\u00fan, por encargo de las Partes; y<\/p>\n<p align=\"justify\" style=\"margin: 0px 0px 0px 40px; color: rgb(102, 102, 102); font-family: arial, sans-serif; font-size: 14px; font-style: normal; font-variant: normal; font-weight: normal; letter-spacing: normal; line-height: 20px; orphans: auto; text-indent: 0px; text-transform: none; white-space: normal; widows: 1; word-spacing: 0px; -webkit-text-stroke-width: 0px; background-color: rgb(255, 255, 255);\">f) Ejercer las dem\u00e1s atribuciones que expresamente le confiera el Consejo de Ministros.<\/p>\n<p align=\"justify\" style=\"margin: 0px; color: rgb(102, 102, 102); font-family: arial, sans-serif; font-size: 14px; font-style: normal; font-variant: normal; font-weight: normal; letter-spacing: normal; line-height: 20px; orphans: auto; text-indent: 0px; text-transform: none; white-space: normal; widows: 1; word-spacing: 0px; -webkit-text-stroke-width: 0px; background-color: rgb(255, 255, 255);\">&nbsp;<\/p>\n<p align=\"justify\" style=\"margin: 0px; color: rgb(102, 102, 102); font-family: arial, sans-serif; font-size: 14px; font-style: normal; font-variant: normal; font-weight: normal; letter-spacing: normal; line-height: 20px; orphans: auto; text-indent: 0px; text-transform: none; white-space: normal; widows: 1; word-spacing: 0px; -webkit-text-stroke-width: 0px; background-color: rgb(255, 255, 255);\"><strong style=\"font-weight: bold;\">Art\u00edculo 8.&nbsp;Relaci\u00f3n con otros acuerdos.<\/strong><\/p>\n<p align=\"justify\" style=\"margin: 0px; color: rgb(102, 102, 102); font-family: arial, sans-serif; font-size: 14px; font-style: normal; font-variant: normal; font-weight: normal; letter-spacing: normal; line-height: 20px; orphans: auto; text-indent: 0px; text-transform: none; white-space: normal; widows: 1; word-spacing: 0px; -webkit-text-stroke-width: 0px; background-color: rgb(255, 255, 255);\">Las decisiones del Consejo de Ministros y otros acuerdos adoptados en el \u00e1mbito de la Alianza del Pac\u00edfico no reemplazar\u00e1n, ni modificar\u00e1n los acuerdos econ\u00f3micos, comerciales y de integraci\u00f3n bilaterales, regionales o multilaterales vigentes entre las Partes.<\/p>\n<p align=\"justify\" style=\"margin: 0px; color: rgb(102, 102, 102); font-family: arial, sans-serif; font-size: 14px; font-style: normal; font-variant: normal; font-weight: normal; letter-spacing: normal; line-height: 20px; orphans: auto; text-indent: 0px; text-transform: none; white-space: normal; widows: 1; word-spacing: 0px; -webkit-text-stroke-width: 0px; background-color: rgb(255, 255, 255);\">&nbsp;<\/p>\n<p align=\"justify\" style=\"margin: 0px; color: rgb(102, 102, 102); font-family: arial, sans-serif; font-size: 14px; font-style: normal; font-variant: normal; font-weight: normal; letter-spacing: normal; line-height: 20px; orphans: auto; text-indent: 0px; text-transform: none; white-space: normal; widows: 1; word-spacing: 0px; -webkit-text-stroke-width: 0px; background-color: rgb(255, 255, 255);\"><b>Art\u00edculo 9.&nbsp;<\/b><strong style=\"font-weight: bold;\">Relaciones con Terceros.<\/strong><\/p>\n<p align=\"justify\" style=\"margin: 0px; color: rgb(102, 102, 102); font-family: arial, sans-serif; font-size: 14px; font-style: normal; font-variant: normal; font-weight: normal; letter-spacing: normal; line-height: 20px; orphans: auto; text-indent: 0px; text-transform: none; white-space: normal; widows: 1; word-spacing: 0px; -webkit-text-stroke-width: 0px; background-color: rgb(255, 255, 255);\">1. La Alianza del Pac\u00edfico promover\u00e1 iniciativas y lineamientos de acci\u00f3n sobre temas de inter\u00e9s regional o internacional y buscar\u00e1 consolidar mecanismos de vinculaci\u00f3n con Estados y organizaciones internacionales.<\/p>\n<p align=\"justify\" style=\"margin: 0px; color: rgb(102, 102, 102); font-family: arial, sans-serif; font-size: 14px; font-style: normal; font-variant: normal; font-weight: normal; letter-spacing: normal; line-height: 20px; orphans: auto; text-indent: 0px; text-transform: none; white-space: normal; widows: 1; word-spacing: 0px; -webkit-text-stroke-width: 0px; background-color: rgb(255, 255, 255);\">2. Previa decisi\u00f3n del Consejo de Ministros, las organizaciones internacionales podr\u00e1n apoyar y contribuir en la consecuci\u00f3n de los objetivos de la Alianza del Pac\u00edfico.<\/p>\n<p align=\"justify\" style=\"margin: 0px; color: rgb(102, 102, 102); font-family: arial, sans-serif; font-size: 14px; font-style: normal; font-variant: normal; font-weight: normal; letter-spacing: normal; line-height: 20px; orphans: auto; text-indent: 0px; text-transform: none; white-space: normal; widows: 1; word-spacing: 0px; -webkit-text-stroke-width: 0px; background-color: rgb(255, 255, 255);\">\n<p align=\"justify\" style=\"margin: 0px; color: rgb(102, 102, 102); font-family: arial, sans-serif; font-size: 14px; font-style: normal; font-variant: normal; font-weight: normal; letter-spacing: normal; line-height: 20px; orphans: auto; text-indent: 0px; text-transform: none; white-space: normal; widows: 1; word-spacing: 0px; -webkit-text-stroke-width: 0px; background-color: rgb(255, 255, 255);\"><b>Art\u00edculo 10.&nbsp;<\/b><strong style=\"font-weight: bold;\">Estados Observadores.<\/strong><\/p>\n<p align=\"justify\" style=\"margin: 0px; color: rgb(102, 102, 102); font-family: arial, sans-serif; font-size: 14px; font-style: normal; font-variant: normal; font-weight: normal; letter-spacing: normal; line-height: 20px; orphans: auto; text-indent: 0px; text-transform: none; white-space: normal; widows: 1; word-spacing: 0px; -webkit-text-stroke-width: 0px; background-color: rgb(255, 255, 255);\">1. Los Estados que soliciten su participaci\u00f3n como Estados Observadores de la Alianza del Pac\u00edfico, podr\u00e1n ser admitidos con la aprobaci\u00f3n por unanimidad del Consejo de Ministros.<\/p>\n<p align=\"justify\" style=\"margin: 0px; color: rgb(102, 102, 102); font-family: arial, sans-serif; font-size: 14px; font-style: normal; font-variant: normal; font-weight: normal; letter-spacing: normal; line-height: 20px; orphans: auto; text-indent: 0px; text-transform: none; white-space: normal; widows: 1; word-spacing: 0px; -webkit-text-stroke-width: 0px; background-color: rgb(255, 255, 255);\">2. Al momento de otorgar la condici\u00f3n de Observador a favor de un Estado solicitante, el Consejo de Ministros definir\u00e1 las condiciones de su participaci\u00f3n.<\/p>\n<p align=\"justify\" style=\"margin: 0px; color: rgb(102, 102, 102); font-family: arial, sans-serif; font-size: 14px; font-style: normal; font-variant: normal; font-weight: normal; letter-spacing: normal; line-height: 20px; orphans: auto; text-indent: 0px; text-transform: none; white-space: normal; widows: 1; word-spacing: 0px; -webkit-text-stroke-width: 0px; background-color: rgb(255, 255, 255);\">&nbsp;<\/p>\n<p align=\"justify\" style=\"margin: 0px; color: rgb(102, 102, 102); font-family: arial, sans-serif; font-size: 14px; font-style: normal; font-variant: normal; font-weight: normal; letter-spacing: normal; line-height: 20px; orphans: auto; text-indent: 0px; text-transform: none; white-space: normal; widows: 1; word-spacing: 0px; -webkit-text-stroke-width: 0px; background-color: rgb(255, 255, 255);\"><b>Art<\/b><strong style=\"font-weight: bold;\">\u00edculo 11.&nbsp;Adhesi\u00f3n de Nuevos Estados Parte.<\/strong><\/p>\n<p align=\"justify\" style=\"margin: 0px; color: rgb(102, 102, 102); font-family: arial, sans-serif; font-size: 14px; font-style: normal; font-variant: normal; font-weight: normal; letter-spacing: normal; line-height: 20px; orphans: auto; text-indent: 0px; text-transform: none; white-space: normal; widows: 1; word-spacing: 0px; -webkit-text-stroke-width: 0px; background-color: rgb(255, 255, 255);\">1. El presente Acuerdo Marco quedar\u00e1 abierto a la adhesi\u00f3n de los Estados que as\u00ed lo soliciten y tengan vigente un acuerdo de libre comercio con cada una de las Partes. La aceptaci\u00f3n de la adhesi\u00f3n estar\u00e1 sujeta a la aprobaci\u00f3n por unanimidad del Consejo de Ministros.<\/p>\n<p align=\"justify\" style=\"margin: 0px; color: rgb(102, 102, 102); font-family: arial, sans-serif; font-size: 14px; font-style: normal; font-variant: normal; font-weight: normal; letter-spacing: normal; line-height: 20px; orphans: auto; text-indent: 0px; text-transform: none; white-space: normal; widows: 1; word-spacing: 0px; -webkit-text-stroke-width: 0px; background-color: rgb(255, 255, 255);\">2. El Acuerdo Marco entrar\u00e1 en vigor para el Estado adherente sesenta (60) d\u00edas, contados a partir de la fecha del dep\u00f3sito del instrumento de adhesi\u00f3n.<\/p>\n<p align=\"justify\" style=\"margin: 0px; color: rgb(102, 102, 102); font-family: arial, sans-serif; font-size: 14px; font-style: normal; font-variant: normal; font-weight: normal; letter-spacing: normal; line-height: 20px; orphans: auto; text-indent: 0px; text-transform: none; white-space: normal; widows: 1; word-spacing: 0px; -webkit-text-stroke-width: 0px; background-color: rgb(255, 255, 255);\">&nbsp;<\/p>\n<p align=\"justify\" style=\"margin: 0px; color: rgb(102, 102, 102); font-family: arial, sans-serif; font-size: 14px; font-style: normal; font-variant: normal; font-weight: normal; letter-spacing: normal; line-height: 20px; orphans: auto; text-indent: 0px; text-transform: none; white-space: normal; widows: 1; word-spacing: 0px; -webkit-text-stroke-width: 0px; background-color: rgb(255, 255, 255);\"><b>Art\u00edculo 12.&nbsp;<\/b><strong style=\"font-weight: bold;\">Soluci\u00f3n de Diferencias.<\/strong><\/p>\n<p align=\"justify\" style=\"margin: 0px; color: rgb(102, 102, 102); font-family: arial, sans-serif; font-size: 14px; font-style: normal; font-variant: normal; font-weight: normal; letter-spacing: normal; line-height: 20px; orphans: auto; text-indent: 0px; text-transform: none; white-space: normal; widows: 1; word-spacing: 0px; -webkit-text-stroke-width: 0px; background-color: rgb(255, 255, 255);\">1. Las Partes realizar\u00e1n todos los esfuerzos, mediante consultas u otros medios, para alcanzar una soluci\u00f3n satisfactoria, ante cualquier diferencia sobre la interpretaci\u00f3n o aplicaci\u00f3n de las disposiciones de este Acuerdo Marco.<\/p>\n<p align=\"justify\" style=\"margin: 0px; color: rgb(102, 102, 102); font-family: arial, sans-serif; font-size: 14px; font-style: normal; font-variant: normal; font-weight: normal; letter-spacing: normal; line-height: 20px; orphans: auto; text-indent: 0px; text-transform: none; white-space: normal; widows: 1; word-spacing: 0px; -webkit-text-stroke-width: 0px; background-color: rgb(255, 255, 255);\">2. A m\u00e1s tardar seis (6) meses, contados a partir de la fecha de suscripci\u00f3n de este Acuerdo Marco, las Partes iniciar\u00e1n negociaciones de un r\u00e9gimen de soluci\u00f3n de diferencias aplicable a las decisiones del Consejo de Ministros y otros acuerdos adoptados en el \u00e1mbito de la Alianza del Pac\u00edfico.<\/p>\n<p align=\"justify\" style=\"margin: 0px; color: rgb(102, 102, 102); font-family: arial, sans-serif; font-size: 14px; font-style: normal; font-variant: normal; font-weight: normal; letter-spacing: normal; line-height: 20px; orphans: auto; text-indent: 0px; text-transform: none; white-space: normal; widows: 1; word-spacing: 0px; -webkit-text-stroke-width: 0px; background-color: rgb(255, 255, 255);\">&nbsp;<\/p>\n<p align=\"justify\" style=\"margin: 0px; color: rgb(102, 102, 102); font-family: arial, sans-serif; font-size: 14px; font-style: normal; font-variant: normal; font-weight: normal; letter-spacing: normal; line-height: 20px; orphans: auto; text-indent: 0px; text-transform: none; white-space: normal; widows: 1; word-spacing: 0px; -webkit-text-stroke-width: 0px; background-color: rgb(255, 255, 255);\"><b>Art\u00edculo 13.&nbsp;<\/b><strong style=\"font-weight: bold;\">Entrada en Vigor.<\/strong><\/p>\n<p align=\"justify\" style=\"margin: 0px; color: rgb(102, 102, 102); font-family: arial, sans-serif; font-size: 14px; font-style: normal; font-variant: normal; font-weight: normal; letter-spacing: normal; line-height: 20px; orphans: auto; text-indent: 0px; text-transform: none; white-space: normal; widows: 1; word-spacing: 0px; -webkit-text-stroke-width: 0px; background-color: rgb(255, 255, 255);\">El presente Acuerdo Marco entrar\u00e1 en vigor sesenta (60) d\u00edas despu\u00e9s de la fecha de dep\u00f3sito del \u00faltimo instrumento de ratificaci\u00f3n de las Partes.<\/p>\n<p align=\"justify\" style=\"margin: 0px; color: rgb(102, 102, 102); font-family: arial, sans-serif; font-size: 14px; font-style: normal; font-variant: normal; font-weight: normal; letter-spacing: normal; line-height: 20px; orphans: auto; text-indent: 0px; text-transform: none; white-space: normal; widows: 1; word-spacing: 0px; -webkit-text-stroke-width: 0px; background-color: rgb(255, 255, 255);\">&nbsp;<\/p>\n<p align=\"justify\" style=\"margin: 0px; color: rgb(102, 102, 102); font-family: arial, sans-serif; font-size: 14px; font-style: normal; font-variant: normal; font-weight: normal; letter-spacing: normal; line-height: 20px; orphans: auto; text-indent: 0px; text-transform: none; white-space: normal; widows: 1; word-spacing: 0px; -webkit-text-stroke-width: 0px; background-color: rgb(255, 255, 255);\"><b>Art\u00edculo 14.&nbsp;<\/b><strong style=\"font-weight: bold;\">Depositario.<\/strong><\/p>\n<p align=\"justify\" style=\"margin: 0px; color: rgb(102, 102, 102); font-family: arial, sans-serif; font-size: 14px; font-style: normal; font-variant: normal; font-weight: normal; letter-spacing: normal; line-height: 20px; orphans: auto; text-indent: 0px; text-transform: none; white-space: normal; widows: 1; word-spacing: 0px; -webkit-text-stroke-width: 0px; background-color: rgb(255, 255, 255);\">El Gobierno de Colombia actuar\u00e1 como Depositario del presente Acuerdo Marco.<\/p>\n<p align=\"justify\" style=\"margin: 0px; color: rgb(102, 102, 102); font-family: arial, sans-serif; font-size: 14px; font-style: normal; font-variant: normal; font-weight: normal; letter-spacing: normal; line-height: 20px; orphans: auto; text-indent: 0px; text-transform: none; white-space: normal; widows: 1; word-spacing: 0px; -webkit-text-stroke-width: 0px; background-color: rgb(255, 255, 255);\">&nbsp;<\/p>\n<p align=\"justify\" style=\"margin: 0px; color: rgb(102, 102, 102); font-family: arial, sans-serif; font-size: 14px; font-style: normal; font-variant: normal; font-weight: normal; letter-spacing: normal; line-height: 20px; orphans: auto; text-indent: 0px; text-transform: none; white-space: normal; widows: 1; word-spacing: 0px; -webkit-text-stroke-width: 0px; background-color: rgb(255, 255, 255);\"><b>Art\u00edculo 15.&nbsp;<\/b><strong style=\"font-weight: bold;\">Enmiendas.<\/strong><\/p>\n<p align=\"justify\" style=\"margin: 0px; color: rgb(102, 102, 102); font-family: arial, sans-serif; font-size: 14px; font-style: normal; font-variant: normal; font-weight: normal; letter-spacing: normal; line-height: 20px; orphans: auto; text-indent: 0px; text-transform: none; white-space: normal; widows: 1; word-spacing: 0px; -webkit-text-stroke-width: 0px; background-color: rgb(255, 255, 255);\">1. Cualquier Parte podr\u00e1 proponer enmiendas al presente Acuerdo Marco. Las propuestas de enmienda ser\u00e1n comunicadas a la Presidencia Pro T\u00e9mpore que las notificar\u00e1 a las dem\u00e1s Partes para su consideraci\u00f3n en el Consejo de Ministros.<\/p>\n<p align=\"justify\" style=\"margin: 0px; color: rgb(102, 102, 102); font-family: arial, sans-serif; font-size: 14px; font-style: normal; font-variant: normal; font-weight: normal; letter-spacing: normal; line-height: 20px; orphans: auto; text-indent: 0px; text-transform: none; white-space: normal; widows: 1; word-spacing: 0px; -webkit-text-stroke-width: 0px; background-color: rgb(255, 255, 255);\">2. Las enmiendas aprobadas por el Consejo de Ministros entrar\u00e1n en vigor siguiendo el procedimiento establecido en el Art\u00edculo 13 (Entrada en Vigor) y constituir\u00e1n parte integrante del presente Acuerdo Marco.<\/p>\n<p align=\"justify\" style=\"margin: 0px; color: rgb(102, 102, 102); font-family: arial, sans-serif; font-size: 14px; font-style: normal; font-variant: normal; font-weight: normal; letter-spacing: normal; line-height: 20px; orphans: auto; text-indent: 0px; text-transform: none; white-space: normal; widows: 1; word-spacing: 0px; -webkit-text-stroke-width: 0px; background-color: rgb(255, 255, 255);\">&nbsp;<\/p>\n<p align=\"justify\" style=\"margin: 0px; color: rgb(102, 102, 102); font-family: arial, sans-serif; font-size: 14px; font-style: normal; font-variant: normal; font-weight: normal; letter-spacing: normal; line-height: 20px; orphans: auto; text-indent: 0px; text-transform: none; white-space: normal; widows: 1; word-spacing: 0px; -webkit-text-stroke-width: 0px; background-color: rgb(255, 255, 255);\"><b>Art\u00edculo 16.&nbsp;<\/b><strong style=\"font-weight: bold;\">Vigencia y Denuncia.<\/strong><\/p>\n<p align=\"justify\" style=\"margin: 0px; color: rgb(102, 102, 102); font-family: arial, sans-serif; font-size: 14px; font-style: normal; font-variant: normal; font-weight: normal; letter-spacing: normal; line-height: 20px; orphans: auto; text-indent: 0px; text-transform: none; white-space: normal; widows: 1; word-spacing: 0px; -webkit-text-stroke-width: 0px; background-color: rgb(255, 255, 255);\">1. El presente Acuerdo Marco tendr\u00e1 una vigencia indefinida.<\/p>\n<p align=\"justify\" style=\"margin: 0px; color: rgb(102, 102, 102); font-family: arial, sans-serif; font-size: 14px; font-style: normal; font-variant: normal; font-weight: normal; letter-spacing: normal; line-height: 20px; orphans: auto; text-indent: 0px; text-transform: none; white-space: normal; widows: 1; word-spacing: 0px; -webkit-text-stroke-width: 0px; background-color: rgb(255, 255, 255);\">2. El presente Acuerdo podr\u00e1 ser denunciado por cualquiera de las Partes mediante notificaci\u00f3n escrita al Depositario, que comunicar\u00e1 dicha denuncia a las dem\u00e1s Partes.<\/p>\n<p align=\"justify\" style=\"margin: 0px; color: rgb(102, 102, 102); font-family: arial, sans-serif; font-size: 14px; font-style: normal; font-variant: normal; font-weight: normal; letter-spacing: normal; line-height: 20px; orphans: auto; text-indent: 0px; text-transform: none; white-space: normal; widows: 1; word-spacing: 0px; -webkit-text-stroke-width: 0px; background-color: rgb(255, 255, 255);\">3. La denuncia surtir\u00e1 efectos una vez transcurrido el plazo de seis (6) meses desde la fecha en que la notificaci\u00f3n haya sido recibida por el Depositario.<\/p>\n<p align=\"justify\" style=\"margin: 0px; color: rgb(102, 102, 102); font-family: arial, sans-serif; font-size: 14px; font-style: normal; font-variant: normal; font-weight: normal; letter-spacing: normal; line-height: 20px; orphans: auto; text-indent: 0px; text-transform: none; white-space: normal; widows: 1; word-spacing: 0px; -webkit-text-stroke-width: 0px; background-color: rgb(255, 255, 255);\">&nbsp;<\/p>\n<p align=\"justify\" style=\"margin: 0px; color: rgb(102, 102, 102); font-family: arial, sans-serif; font-size: 14px; font-style: normal; font-variant: normal; font-weight: normal; letter-spacing: normal; line-height: 20px; orphans: auto; text-indent: 0px; text-transform: none; white-space: normal; widows: 1; word-spacing: 0px; -webkit-text-stroke-width: 0px; background-color: rgb(255, 255, 255);\"><b>Art\u00edculo 17.<\/b><strong style=\"font-weight: bold;\">&nbsp;Art\u00edculo Final.<\/strong><\/p>\n<p align=\"justify\" style=\"margin: 0px; color: rgb(102, 102, 102); font-family: arial, sans-serif; font-size: 14px; font-style: normal; font-variant: normal; font-weight: normal; letter-spacing: normal; line-height: 20px; orphans: auto; text-indent: 0px; text-transform: none; white-space: normal; widows: 1; word-spacing: 0px; -webkit-text-stroke-width: 0px; background-color: rgb(255, 255, 255);\">Al momento de la entrada en vigor del presente Acuerdo Marco, la Rep\u00fablica de Panam\u00e1 y la Rep\u00fablica de Costa Rica forman parte de la Alianza del Pac\u00edfico en calidad de Estados Observadores.<\/p>\n<p align=\"justify\" style=\"margin: 0px; color: rgb(102, 102, 102); font-family: arial, sans-serif; font-size: 14px; font-style: normal; font-variant: normal; font-weight: normal; letter-spacing: normal; line-height: 20px; orphans: auto; text-indent: 0px; text-transform: none; white-space: normal; widows: 1; word-spacing: 0px; -webkit-text-stroke-width: 0px; background-color: rgb(255, 255, 255);\">Suscrito en Paranal, Antofagasta, Rep\u00fablica de Chile, el 6 de junio de 2012, en un ejemplar original en el idioma castellano que queda bajo custodia del Depositario, el cual proporcionar\u00e1 copias debidamente autenticadas del presente Acuerdo Marco a todas la Partes.<\/p>\n<p align=\"justify\" style=\"margin: 0px; color: rgb(102, 102, 102); font-family: arial, sans-serif; font-size: 14px; font-style: normal; font-variant: normal; font-weight: normal; letter-spacing: normal; line-height: 20px; orphans: auto; text-indent: 0px; text-transform: none; white-space: normal; widows: 1; word-spacing: 0px; -webkit-text-stroke-width: 0px; background-color: rgb(255, 255, 255);\">&nbsp;<\/p>\n<p align=\"center\" style=\"margin: 0px; color: rgb(102, 102, 102); font-family: arial, sans-serif; font-size: 14px; font-style: normal; font-variant: normal; font-weight: normal; letter-spacing: normal; line-height: 20px; orphans: auto; text-indent: 0px; text-transform: none; white-space: normal; widows: 1; word-spacing: 0px; -webkit-text-stroke-width: 0px; background-color: rgb(255, 255, 255);\">REP\u00daBLICA DE COLOMBIA \u2013 GOBIERNO NACIONAL<\/p>\n<p align=\"center\" style=\"margin: 0px; color: rgb(102, 102, 102); font-family: arial, sans-serif; font-size: 14px; font-style: normal; font-variant: normal; font-weight: normal; letter-spacing: normal; line-height: 20px; orphans: auto; text-indent: 0px; text-transform: none; white-space: normal; widows: 1; word-spacing: 0px; -webkit-text-stroke-width: 0px; background-color: rgb(255, 255, 255);\">JUAN MANUEL SANTOS CALDER\u00d3N<\/p>\n<p align=\"center\" style=\"margin: 0px; color: rgb(102, 102, 102); font-family: arial, sans-serif; font-size: 14px; font-style: normal; font-variant: normal; font-weight: normal; letter-spacing: normal; line-height: 20px; orphans: auto; text-indent: 0px; text-transform: none; white-space: normal; widows: 1; word-spacing: 0px; -webkit-text-stroke-width: 0px; background-color: rgb(255, 255, 255);\">&nbsp;<\/p>\n<p align=\"center\" style=\"margin: 0px; color: rgb(102, 102, 102); font-family: arial, sans-serif; font-size: 14px; font-style: normal; font-variant: normal; font-weight: normal; letter-spacing: normal; line-height: 20px; orphans: auto; text-indent: 0px; text-transform: none; white-space: normal; widows: 1; word-spacing: 0px; -webkit-text-stroke-width: 0px; background-color: rgb(255, 255, 255);\">REP\u00daBLICA DE CHILE<\/p>\n<p align=\"center\" style=\"margin: 0px; color: rgb(102, 102, 102); font-family: arial, sans-serif; font-size: 14px; font-style: normal; font-variant: normal; font-weight: normal; letter-spacing: normal; line-height: 20px; orphans: auto; text-indent: 0px; text-transform: none; white-space: normal; widows: 1; word-spacing: 0px; -webkit-text-stroke-width: 0px; background-color: rgb(255, 255, 255);\">Sebasti\u00e1n Pineda Echenique<\/p>\n<p align=\"center\" style=\"margin: 0px; color: rgb(102, 102, 102); font-family: arial, sans-serif; font-size: 14px; font-style: normal; font-variant: normal; font-weight: normal; letter-spacing: normal; line-height: 20px; orphans: auto; text-indent: 0px; text-transform: none; white-space: normal; widows: 1; word-spacing: 0px; -webkit-text-stroke-width: 0px; background-color: rgb(255, 255, 255);\">&nbsp;<\/p>\n<p align=\"center\" style=\"margin: 0px; color: rgb(102, 102, 102); font-family: arial, sans-serif; font-size: 14px; font-style: normal; font-variant: normal; font-weight: normal; letter-spacing: normal; line-height: 20px; orphans: auto; text-indent: 0px; text-transform: none; white-space: normal; widows: 1; word-spacing: 0px; -webkit-text-stroke-width: 0px; background-color: rgb(255, 255, 255);\">ESTADOS UNIDOS MEXICANOS<\/p>\n<p align=\"center\" style=\"margin: 0px; color: rgb(102, 102, 102); font-family: arial, sans-serif; font-size: 14px; font-style: normal; font-variant: normal; font-weight: normal; letter-spacing: normal; line-height: 20px; orphans: auto; text-indent: 0px; text-transform: none; white-space: normal; widows: 1; word-spacing: 0px; -webkit-text-stroke-width: 0px; background-color: rgb(255, 255, 255);\">Felipe Calder\u00f3n Hinojosa<\/p>\n<p align=\"center\" style=\"margin: 0px; color: rgb(102, 102, 102); font-family: arial, sans-serif; font-size: 14px; font-style: normal; font-variant: normal; font-weight: normal; letter-spacing: normal; line-height: 20px; orphans: auto; text-indent: 0px; text-transform: none; white-space: normal; widows: 1; word-spacing: 0px; -webkit-text-stroke-width: 0px; background-color: rgb(255, 255, 255);\">&nbsp;<\/p>\n<p align=\"center\" style=\"margin: 0px; color: rgb(102, 102, 102); font-family: arial, sans-serif; font-size: 14px; font-style: normal; font-variant: normal; font-weight: normal; letter-spacing: normal; line-height: 20px; orphans: auto; text-indent: 0px; text-transform: none; white-space: normal; widows: 1; word-spacing: 0px; -webkit-text-stroke-width: 0px; background-color: rgb(255, 255, 255);\">REP\u00daBLICA DE PER\u00da<\/p>\n<p align=\"center\" style=\"margin: 0px; color: rgb(102, 102, 102); font-family: arial, sans-serif; font-size: 14px; font-style: normal; font-variant: normal; font-weight: normal; letter-spacing: normal; line-height: 20px; orphans: auto; text-indent: 0px; text-transform: none; white-space: normal; widows: 1; word-spacing: 0px; -webkit-text-stroke-width: 0px; background-color: rgb(255, 255, 255);\">Ollanta Humala Tasso<\/p>\n<p align=\"center\" style=\"margin: 0px; color: rgb(102, 102, 102); font-family: arial, sans-serif; font-size: 14px; font-style: normal; font-variant: normal; font-weight: normal; letter-spacing: normal; line-height: 20px; orphans: auto; text-indent: 0px; text-transform: none; white-space: normal; widows: 1; word-spacing: 0px; -webkit-text-stroke-width: 0px; background-color: rgb(255, 255, 255);\">&nbsp;<\/p>\n<p align=\"justify\" style=\"margin: 0px; color: rgb(102, 102, 102); font-family: arial, sans-serif; font-size: 14px; font-style: normal; font-variant: normal; font-weight: normal; letter-spacing: normal; line-height: 20px; orphans: auto; text-indent: 0px; text-transform: none; white-space: normal; widows: 1; word-spacing: 0px; -webkit-text-stroke-width: 0px; background-color: rgb(255, 255, 255);\">La suscrita Coordinadora del Grupo Interno de Trabajo de Tratados de la Direcci\u00f3n de Asuntos Jur\u00eddicos Internacionales del Ministerio de Relaciones Exteriores de la Rep\u00fablica de Colombia,<\/p>\n<p align=\"justify\" style=\"margin: 0px; color: rgb(102, 102, 102); font-family: arial, sans-serif; font-size: 14px; font-style: normal; font-variant: normal; font-weight: normal; letter-spacing: normal; line-height: 20px; orphans: auto; text-indent: 0px; text-transform: none; white-space: normal; widows: 1; word-spacing: 0px; -webkit-text-stroke-width: 0px; background-color: rgb(255, 255, 255);\">&nbsp;<\/p>\n<p style=\"margin: 0px; color: rgb(102, 102, 102); font-family: arial, sans-serif; font-size: 14px; font-style: normal; font-variant: normal; font-weight: normal; letter-spacing: normal; line-height: 20px; orphans: auto; text-indent: 0px; text-transform: none; white-space: normal; widows: 1; word-spacing: 0px; -webkit-text-stroke-width: 0px; text-align: center; background-color: rgb(255, 255, 255);\"><strong style=\"font-weight: bold;\">CERTIFICA:<\/strong><\/p>\n<p align=\"justify\" style=\"margin: 0px; color: rgb(102, 102, 102); font-family: arial, sans-serif; font-size: 14px; font-style: normal; font-variant: normal; font-weight: normal; letter-spacing: normal; line-height: 20px; orphans: auto; text-indent: 0px; text-transform: none; white-space: normal; widows: 1; word-spacing: 0px; -webkit-text-stroke-width: 0px; background-color: rgb(255, 255, 255);\">Que la reproducci\u00f3n del texto que antecede es copia fiel y completa del original del texto del \u201cAcuerdo Marco de la Alianza del Pac\u00edfico\u201d, suscrito en Paranal, Antofagasta, Rep\u00fablica de Chile, el 6 de junio de 2012, documento que reposa en los archivos del Grupo Interno de Trabajo de Tratados de la Direcci\u00f3n de Asuntos Jur\u00eddicos Internacionales de este Ministerio y consta en cinco (5) folios.<\/p>\n<p align=\"justify\" style=\"margin: 0px; color: rgb(102, 102, 102); font-family: arial, sans-serif; font-size: 14px; font-style: normal; font-variant: normal; font-weight: normal; letter-spacing: normal; line-height: 20px; orphans: auto; text-indent: 0px; text-transform: none; white-space: normal; widows: 1; word-spacing: 0px; -webkit-text-stroke-width: 0px; background-color: rgb(255, 255, 255);\">Dada en Bogot\u00e1, D. C., a los veintinueve (29) d\u00edas del mes de abril de dos mil catorce (2014).<\/p>\n<p align=\"justify\" style=\"margin: 0px; color: rgb(102, 102, 102); font-family: arial, sans-serif; font-size: 14px; font-style: normal; font-variant: normal; font-weight: normal; letter-spacing: normal; line-height: 20px; orphans: auto; text-indent: 0px; text-transform: none; white-space: normal; widows: 1; word-spacing: 0px; -webkit-text-stroke-width: 0px; background-color: rgb(255, 255, 255);\">La Coordinadora del Grupo Interno de Trabajo de Tratados, Mar\u00eda Alejandra Encinales Jaramillo.<\/p>\n<p align=\"justify\" style=\"margin: 0px; color: rgb(102, 102, 102); font-family: arial, sans-serif; font-size: 14px; font-style: normal; font-variant: normal; font-weight: normal; letter-spacing: normal; line-height: 20px; orphans: auto; text-indent: 0px; text-transform: none; white-space: normal; widows: 1; word-spacing: 0px; -webkit-text-stroke-width: 0px; background-color: rgb(255, 255, 255);\">\n<p align=\"justify\" style=\"margin: 0px; color: rgb(102, 102, 102); font-family: arial, sans-serif; font-size: 14px; font-style: normal; font-variant: normal; font-weight: normal; letter-spacing: normal; line-height: 20px; orphans: auto; text-indent: 0px; text-transform: none; white-space: normal; widows: 1; word-spacing: 0px; -webkit-text-stroke-width: 0px; background-color: rgb(255, 255, 255);\"><strong style=\"font-weight: bold;\">EXPOSICI\u00d3N DE MOTIVOS<\/strong><\/p>\n<p align=\"justify\" style=\"margin: 0px; color: rgb(102, 102, 102); font-family: arial, sans-serif; font-size: 14px; font-style: normal; font-variant: normal; font-weight: normal; letter-spacing: normal; line-height: 20px; orphans: auto; text-indent: 0px; text-transform: none; white-space: normal; widows: 1; word-spacing: 0px; -webkit-text-stroke-width: 0px; background-color: rgb(255, 255, 255);\">Honorables Senadores y Representantes:<\/p>\n<p align=\"justify\" style=\"margin: 0px; color: rgb(102, 102, 102); font-family: arial, sans-serif; font-size: 14px; font-style: normal; font-variant: normal; font-weight: normal; letter-spacing: normal; line-height: 20px; orphans: auto; text-indent: 0px; text-transform: none; white-space: normal; widows: 1; word-spacing: 0px; -webkit-text-stroke-width: 0px; background-color: rgb(255, 255, 255);\">En nombre del Gobierno Nacional, y en cumplimiento de lo dispuesto en los art\u00edculos 150 numeral 16, 189 numeral 2 y 224 de la Constituci\u00f3n Pol\u00edtica de Colombia, tenemos el honor de presentar a consideraci\u00f3n del honorable Congreso de la Rep\u00fablica el proyecto de ley, por medio de la cual se aprueba el \u201cAcuerdo Marco de la Alianza del Pac\u00edfico\u201d, suscrito en Paranal, Antofagasta, Rep\u00fablica de Chile, el 6 de junio de 2012.<\/p>\n<p align=\"justify\" style=\"margin: 0px; color: rgb(102, 102, 102); font-family: arial, sans-serif; font-size: 14px; font-style: normal; font-variant: normal; font-weight: normal; letter-spacing: normal; line-height: 20px; orphans: auto; text-indent: 0px; text-transform: none; white-space: normal; widows: 1; word-spacing: 0px; -webkit-text-stroke-width: 0px; background-color: rgb(255, 255, 255);\">Este Acuerdo fue aprobado previamente por el Congreso de la Rep\u00fablica mediante la Ley 1628 de mayo 22 de 2013 y puesto a consideraci\u00f3n de la Corte Constitucional, que mediante Sentencia n\u00famero C-258 de 2014 del 23 de abril de 2014, declar\u00f3 inexequible la ley aprobatoria del tratado. La decisi\u00f3n de la Corte fue motivada por el hallazgo de un vicio de tr\u00e1mite que consider\u00f3 insubsanable, relacionado con el principio de publicidad. De acuerdo con la entidad, en la Gaceta del Congreso se omiti\u00f3 la publicaci\u00f3n de los incisos 2\u00ba y 3\u00ba del art\u00edculo 16, el art\u00edculo 17 y las firmas de los Jefes de Estado correspondientes.<\/p>\n<p align=\"justify\" style=\"margin: 0px; color: rgb(102, 102, 102); font-family: arial, sans-serif; font-size: 14px; font-style: normal; font-variant: normal; font-weight: normal; letter-spacing: normal; line-height: 20px; orphans: auto; text-indent: 0px; text-transform: none; white-space: normal; widows: 1; word-spacing: 0px; -webkit-text-stroke-width: 0px; background-color: rgb(255, 255, 255);\">La exposici\u00f3n de motivos que se hace a continuaci\u00f3n explica el objeto del Acuerdo Marco de la Alianza del Pac\u00edfico, que se somete nuevamente a estudio del Congreso de la Rep\u00fablica, y analiza la importancia de este mecanismo para promover el inter\u00e9s nacional, coadyuvar en el desarrollo econ\u00f3mico en el pa\u00eds y contribuir a la prosperidad de los colombianos.<\/p>\n<p align=\"justify\" style=\"margin: 0px; color: rgb(102, 102, 102); font-family: arial, sans-serif; font-size: 14px; font-style: normal; font-variant: normal; font-weight: normal; letter-spacing: normal; line-height: 20px; orphans: auto; text-indent: 0px; text-transform: none; white-space: normal; widows: 1; word-spacing: 0px; -webkit-text-stroke-width: 0px; background-color: rgb(255, 255, 255);\">Esta exposici\u00f3n de motivos consta de seis partes: la primera parte describe el objeto de la ley aprobatoria; la segunda contiene una introducci\u00f3n general al tema, con los antecedentes y el contexto a nivel regional; la tercera parte rese\u00f1a la importancia para Colombia de pertenecer a la Alianza a nivel pol\u00edtico, comercial y econ\u00f3mico, y las expectativas y logros de la Alianza del Pac\u00edfico; la cuarta describe las caracter\u00edsticas y los principales elementos del Acuerdo Marco de la Alianza del Pac\u00edfico, con su objetivo y los temas que en ella se tratan; la quinta parte trata del cumplimiento de los requisitos constitucionales sustantivos durante la negociaci\u00f3n y suscripci\u00f3n del Acuerdo Marco de la Alianza del Pac\u00edfico.<br \/>Finalmente se presentan las conclusiones.<\/p>\n<p align=\"justify\" style=\"margin: 0px; color: rgb(102, 102, 102); font-family: arial, sans-serif; font-size: 14px; font-style: normal; font-variant: normal; font-weight: normal; letter-spacing: normal; line-height: 20px; orphans: auto; text-indent: 0px; text-transform: none; white-space: normal; widows: 1; word-spacing: 0px; -webkit-text-stroke-width: 0px; background-color: rgb(255, 255, 255);\">&nbsp;<\/p>\n<p align=\"justify\" style=\"margin: 0px; color: rgb(102, 102, 102); font-family: arial, sans-serif; font-size: 14px; font-style: normal; font-variant: normal; font-weight: normal; letter-spacing: normal; line-height: 20px; orphans: auto; text-indent: 0px; text-transform: none; white-space: normal; widows: 1; word-spacing: 0px; -webkit-text-stroke-width: 0px; background-color: rgb(255, 255, 255);\"><strong style=\"font-weight: bold;\">1. Objeto de la ley<\/strong><\/p>\n<p align=\"justify\" style=\"margin: 0px; color: rgb(102, 102, 102); font-family: arial, sans-serif; font-size: 14px; font-style: normal; font-variant: normal; font-weight: normal; letter-spacing: normal; line-height: 20px; orphans: auto; text-indent: 0px; text-transform: none; white-space: normal; widows: 1; word-spacing: 0px; -webkit-text-stroke-width: 0px; background-color: rgb(255, 255, 255);\">El proyecto de ley aprobatoria sometido a la consideraci\u00f3n del honorable Congreso de la Rep\u00fablica tiene como finalidad la aprobaci\u00f3n del \u201cAcuerdo Marco de la Alianza del Pac\u00edfico\u201d, suscrito en Paranal, Antofagasta, Rep\u00fablica de Chile, el 6 de junio de 2012.<\/p>\n<p align=\"justify\" style=\"margin: 0px; color: rgb(102, 102, 102); font-family: arial, sans-serif; font-size: 14px; font-style: normal; font-variant: normal; font-weight: normal; letter-spacing: normal; line-height: 20px; orphans: auto; text-indent: 0px; text-transform: none; white-space: normal; widows: 1; word-spacing: 0px; -webkit-text-stroke-width: 0px; background-color: rgb(255, 255, 255);\">El Acuerdo Marco de la Alianza del Pac\u00edfico, objeto de este proyecto de ley aprobatoria, resulta necesario para darle aplicaci\u00f3n integral a los par\u00e1metros, arquitectura institucional y reglas que rigen el proceso de articulaci\u00f3n pol\u00edtica, econ\u00f3mica y de cooperaci\u00f3n entre Chile, Colombia, M\u00e9xico y Per\u00fa en el marco de la Alianza del Pac\u00edfico.<\/p>\n<p align=\"justify\" style=\"margin: 0px; color: rgb(102, 102, 102); font-family: arial, sans-serif; font-size: 14px; font-style: normal; font-variant: normal; font-weight: normal; letter-spacing: normal; line-height: 20px; orphans: auto; text-indent: 0px; text-transform: none; white-space: normal; widows: 1; word-spacing: 0px; -webkit-text-stroke-width: 0px; background-color: rgb(255, 255, 255);\">&nbsp;<\/p>\n<p align=\"justify\" style=\"margin: 0px; color: rgb(102, 102, 102); font-family: arial, sans-serif; font-size: 14px; font-style: normal; font-variant: normal; font-weight: normal; letter-spacing: normal; line-height: 20px; orphans: auto; text-indent: 0px; text-transform: none; white-space: normal; widows: 1; word-spacing: 0px; -webkit-text-stroke-width: 0px; background-color: rgb(255, 255, 255);\"><strong style=\"font-weight: bold;\">2. Introducci\u00f3n<\/strong><\/p>\n<p align=\"justify\" style=\"margin: 0px; color: rgb(102, 102, 102); font-family: arial, sans-serif; font-size: 14px; font-style: normal; font-variant: normal; font-weight: normal; letter-spacing: normal; line-height: 20px; orphans: auto; text-indent: 0px; text-transform: none; white-space: normal; widows: 1; word-spacing: 0px; -webkit-text-stroke-width: 0px; background-color: rgb(255, 255, 255);\">La Alianza del Pac\u00edfico es un mecanismo de articulaci\u00f3n pol\u00edtica, econ\u00f3mica y de cooperaci\u00f3n e integraci\u00f3n entre Chile, Colombia, M\u00e9xico y Per\u00fa, establecido en abril de 2011, y constituido formal y jur\u00eddicamente el 6 de junio de 2012, con la suscripci\u00f3n del Acuerdo Marco de la Alianza del Pac\u00edfico.<\/p>\n<p align=\"justify\" style=\"margin: 0px; color: rgb(102, 102, 102); font-family: arial, sans-serif; font-size: 14px; font-style: normal; font-variant: normal; font-weight: normal; letter-spacing: normal; line-height: 20px; orphans: auto; text-indent: 0px; text-transform: none; white-space: normal; widows: 1; word-spacing: 0px; -webkit-text-stroke-width: 0px; background-color: rgb(255, 255, 255);\">El objetivo de la Alianza del Pac\u00edfico es conformar un \u00e1rea de integraci\u00f3n profunda que impulse un mayor crecimiento, desarrollo y competitividad de las econom\u00edas participantes, mediante la b\u00fasqueda progresiva de la libre circulaci\u00f3n de bienes, servicios, capitales y personas.<\/p>\n<p align=\"justify\" style=\"margin: 0px; color: rgb(102, 102, 102); font-family: arial, sans-serif; font-size: 14px; font-style: normal; font-variant: normal; font-weight: normal; letter-spacing: normal; line-height: 20px; orphans: auto; text-indent: 0px; text-transform: none; white-space: normal; widows: 1; word-spacing: 0px; -webkit-text-stroke-width: 0px; background-color: rgb(255, 255, 255);\">La Alianza del Pac\u00edfico constituye una de las estrategias de integraci\u00f3n m\u00e1s innovadoras en las que participa Colombia, al tratarse de un proceso abierto y flexible, con metas claras, pragm\u00e1ticas y coherentes con el modelo de desarrollo y la pol\u00edtica exterior nacional. Para Colombia, la Alianza del Pac\u00edfico es un eje fundamental de su estrategia de internacionalizaci\u00f3n, particularmente en la regi\u00f3n Asia Pac\u00edfico.<\/p>\n<p align=\"justify\" style=\"margin: 0px; color: rgb(102, 102, 102); font-family: arial, sans-serif; font-size: 14px; font-style: normal; font-variant: normal; font-weight: normal; letter-spacing: normal; line-height: 20px; orphans: auto; text-indent: 0px; text-transform: none; white-space: normal; widows: 1; word-spacing: 0px; -webkit-text-stroke-width: 0px; background-color: rgb(255, 255, 255);\">Con la entrada en vigor del Acuerdo Marco de la Alianza del Pac\u00edfico, se consolidar\u00e1n resultados que permitir\u00e1n implementar estrategias de proyecci\u00f3n en Asia Pac\u00edfico, componente prioritario en la estrategia de inserci\u00f3n internacional del pa\u00eds.<\/p>\n<p align=\"justify\" style=\"margin: 0px; color: rgb(102, 102, 102); font-family: arial, sans-serif; font-size: 14px; font-style: normal; font-variant: normal; font-weight: normal; letter-spacing: normal; line-height: 20px; orphans: auto; text-indent: 0px; text-transform: none; white-space: normal; widows: 1; word-spacing: 0px; -webkit-text-stroke-width: 0px; background-color: rgb(255, 255, 255);\">&nbsp;<\/p>\n<p align=\"justify\" style=\"margin: 0px; color: rgb(102, 102, 102); font-family: arial, sans-serif; font-size: 14px; font-style: normal; font-variant: normal; font-weight: normal; letter-spacing: normal; line-height: 20px; orphans: auto; text-indent: 0px; text-transform: none; white-space: normal; widows: 1; word-spacing: 0px; -webkit-text-stroke-width: 0px; background-color: rgb(255, 255, 255);\"><strong style=\"font-weight: bold;\">2.1. Antecedentes<\/strong><\/p>\n<p align=\"justify\" style=\"margin: 0px; color: rgb(102, 102, 102); font-family: arial, sans-serif; font-size: 14px; font-style: normal; font-variant: normal; font-weight: normal; letter-spacing: normal; line-height: 20px; orphans: auto; text-indent: 0px; text-transform: none; white-space: normal; widows: 1; word-spacing: 0px; -webkit-text-stroke-width: 0px; background-color: rgb(255, 255, 255);\">En comunicaci\u00f3n del 14 de octubre de 2010, enviada por el entonces Presidente Alan Garc\u00eda al Presidente Juan Manuel Santos, Per\u00fa plante\u00f3 una iniciativa con miras a que Panam\u00e1, Colombia, Ecuador, Per\u00fa y Chile formaran un \u201c\u00e1rea de integraci\u00f3n profunda\u201d, en la que se asegurara plena libertad para la circulaci\u00f3n de bienes, servicios, capitales y personas.<\/p>\n<p align=\"justify\" style=\"margin: 0px; color: rgb(102, 102, 102); font-family: arial, sans-serif; font-size: 14px; font-style: normal; font-variant: normal; font-weight: normal; letter-spacing: normal; line-height: 20px; orphans: auto; text-indent: 0px; text-transform: none; white-space: normal; widows: 1; word-spacing: 0px; -webkit-text-stroke-width: 0px; background-color: rgb(255, 255, 255);\">Posteriormente, en la Cumbre Iberoamericana de Mar del Plata, el 3 y 4 de diciembre de 2010, el entonces Presidente de Chile, Sebasti\u00e1n Pi\u00f1era, convoc\u00f3 a los Presidentes de Per\u00fa, Colombia y M\u00e9xico a una reuni\u00f3n para discutir c\u00f3mo fortalecer su relaci\u00f3n a trav\u00e9s de una integraci\u00f3n profunda. En ese momento, los cuatro Estados acordaron una reuni\u00f3n Ministerial para definir una hoja de ruta de los trabajos a realizar para dar a conocer la iniciativa.<\/p>\n<p align=\"justify\" style=\"margin: 0px; color: rgb(102, 102, 102); font-family: arial, sans-serif; font-size: 14px; font-style: normal; font-variant: normal; font-weight: normal; letter-spacing: normal; line-height: 20px; orphans: auto; text-indent: 0px; text-transform: none; white-space: normal; widows: 1; word-spacing: 0px; -webkit-text-stroke-width: 0px; background-color: rgb(255, 255, 255);\">Uno de los primeros asuntos por definir fue el marco institucional fundacional de la Alianza del Pac\u00edfico. Para tal efecto, en la primera Cumbre de la Alianza del Pac\u00edfico, celebrada en Lima el 28 de abril de 2011, los Presidentes de Per\u00fa, Colombia, Chile y M\u00e9xico instruyeron a sus Ministros de Comercio y Relaciones Exteriores elaborar un proyecto de Acuerdo Marco sobre la base de la homologaci\u00f3n de los acuerdos de libre comercio existentes.<\/p>\n<p align=\"justify\" style=\"margin: 0px; color: rgb(102, 102, 102); font-family: arial, sans-serif; font-size: 14px; font-style: normal; font-variant: normal; font-weight: normal; letter-spacing: normal; line-height: 20px; orphans: auto; text-indent: 0px; text-transform: none; white-space: normal; widows: 1; word-spacing: 0px; -webkit-text-stroke-width: 0px; background-color: rgb(255, 255, 255);\">El proceso de la elaboraci\u00f3n de un Acuerdo Marco culmin\u00f3 en Paranal, Antofagasta, Rep\u00fablica de Chile, el 6 de junio de 2012, con la suscripci\u00f3n del Acuerdo Marco de la Alianza del Pac\u00edfico, el que se somete a la consideraci\u00f3n del honorable Congreso de la Rep\u00fablica por medio de este proyecto de ley aprobatoria.<\/p>\n<p align=\"justify\" style=\"margin: 0px; color: rgb(102, 102, 102); font-family: arial, sans-serif; font-size: 14px; font-style: normal; font-variant: normal; font-weight: normal; letter-spacing: normal; line-height: 20px; orphans: auto; text-indent: 0px; text-transform: none; white-space: normal; widows: 1; word-spacing: 0px; -webkit-text-stroke-width: 0px; background-color: rgb(255, 255, 255);\">\n<p align=\"justify\" style=\"margin: 0px; color: rgb(102, 102, 102); font-family: arial, sans-serif; font-size: 14px; font-style: normal; font-variant: normal; font-weight: normal; letter-spacing: normal; line-height: 20px; orphans: auto; text-indent: 0px; text-transform: none; white-space: normal; widows: 1; word-spacing: 0px; -webkit-text-stroke-width: 0px; background-color: rgb(255, 255, 255);\"><strong style=\"font-weight: bold;\">2.2. La Alianza del Pac\u00edfico como iniciativa de integraci\u00f3n<\/strong><\/p>\n<p align=\"justify\" style=\"margin: 0px; color: rgb(102, 102, 102); font-family: arial, sans-serif; font-size: 14px; font-style: normal; font-variant: normal; font-weight: normal; letter-spacing: normal; line-height: 20px; orphans: auto; text-indent: 0px; text-transform: none; white-space: normal; widows: 1; word-spacing: 0px; -webkit-text-stroke-width: 0px; background-color: rgb(255, 255, 255);\">En el proceso de constituci\u00f3n de la Alianza del Pac\u00edfico, un asunto por definir fue el alcance y nivel de ambici\u00f3n de la iniciativa, que tiene al menos dos dimensiones: una relacionada con la profundizaci\u00f3n del grado actual de integraci\u00f3n entre los Estados miembros y otra, con la necesidad de buscar convergencia en los avances logrados entre los acuerdos comerciales vigentes entre los Estados miembros, permitiendo a la Alianza, ser un escenario permanente de di\u00e1logo de asuntos de inter\u00e9s de los miembros.<\/p>\n<p align=\"justify\" style=\"margin: 0px; color: rgb(102, 102, 102); font-family: arial, sans-serif; font-size: 14px; font-style: normal; font-variant: normal; font-weight: normal; letter-spacing: normal; line-height: 20px; orphans: auto; text-indent: 0px; text-transform: none; white-space: normal; widows: 1; word-spacing: 0px; -webkit-text-stroke-width: 0px; background-color: rgb(255, 255, 255);\">En la dimensi\u00f3n de profundizaci\u00f3n de la integraci\u00f3n deb\u00eda definirse qu\u00e9 \u00e1reas abarcar\u00eda la zona de integraci\u00f3n profunda. Este proceso se surti\u00f3 luego de tres Cumbres Presidenciales realizadas en Lima, Per\u00fa, el 28 de abril de 2011, en M\u00e9rida, M\u00e9xico, el 4 de diciembre de 2011, en Paranal, Antofagasta, Rep\u00fablica de Chile, el 6 de junio de 2012, as\u00ed como una Cumbre Virtual el 5 de marzo de 2012. Las cumbres estuvieron precedidas por reuniones del Grupo de Alto Nivel, instancia conformada por los Viceministros de Relaciones Exteriores y de Comercio Exterior de los Estados miembros, as\u00ed como de reuniones de equipos t\u00e9cnicos de los gobiernos. Como resultado, las \u00e1reas de integraci\u00f3n priorizadas fueron:<\/p>\n<p align=\"justify\" style=\"margin: 0px 0px 0px 40px; color: rgb(102, 102, 102); font-family: arial, sans-serif; font-size: 14px; font-style: normal; font-variant: normal; font-weight: normal; letter-spacing: normal; line-height: 20px; orphans: auto; text-indent: 0px; text-transform: none; white-space: normal; widows: 1; word-spacing: 0px; -webkit-text-stroke-width: 0px; background-color: rgb(255, 255, 255);\">A. Movimiento de personas de negocios y facilitaci\u00f3n para el tr\u00e1nsito migratorio.<\/p>\n<p align=\"justify\" style=\"margin: 0px 0px 0px 40px; color: rgb(102, 102, 102); font-family: arial, sans-serif; font-size: 14px; font-style: normal; font-variant: normal; font-weight: normal; letter-spacing: normal; line-height: 20px; orphans: auto; text-indent: 0px; text-transform: none; white-space: normal; widows: 1; word-spacing: 0px; -webkit-text-stroke-width: 0px; background-color: rgb(255, 255, 255);\">B. Comercio e integraci\u00f3n, incluyendo facilitaci\u00f3n de comercio y cooperaci\u00f3n aduanera.<\/p>\n<p align=\"justify\" style=\"margin: 0px 0px 0px 40px; color: rgb(102, 102, 102); font-family: arial, sans-serif; font-size: 14px; font-style: normal; font-variant: normal; font-weight: normal; letter-spacing: normal; line-height: 20px; orphans: auto; text-indent: 0px; text-transform: none; white-space: normal; widows: 1; word-spacing: 0px; -webkit-text-stroke-width: 0px; background-color: rgb(255, 255, 255);\">C. Servicios y capitales, incluyendo la posibilidad de integrar las bolsas de valores, y<\/p>\n<p align=\"justify\" style=\"margin: 0px 0px 0px 40px; color: rgb(102, 102, 102); font-family: arial, sans-serif; font-size: 14px; font-style: normal; font-variant: normal; font-weight: normal; letter-spacing: normal; line-height: 20px; orphans: auto; text-indent: 0px; text-transform: none; white-space: normal; widows: 1; word-spacing: 0px; -webkit-text-stroke-width: 0px; background-color: rgb(255, 255, 255);\">&nbsp;<\/p>\n<p align=\"justify\" style=\"margin: 0px 0px 0px 40px; color: rgb(102, 102, 102); font-family: arial, sans-serif; font-size: 14px; font-style: normal; font-variant: normal; font-weight: normal; letter-spacing: normal; line-height: 20px; orphans: auto; text-indent: 0px; text-transform: none; white-space: normal; widows: 1; word-spacing: 0px; -webkit-text-stroke-width: 0px; background-color: rgb(255, 255, 255);\">D. Cooperaci\u00f3n y mecanismos de soluci\u00f3n de diferencias.<\/p>\n<p align=\"justify\" style=\"margin: 0px; color: rgb(102, 102, 102); font-family: arial, sans-serif; font-size: 14px; font-style: normal; font-variant: normal; font-weight: normal; letter-spacing: normal; line-height: 20px; orphans: auto; text-indent: 0px; text-transform: none; white-space: normal; widows: 1; word-spacing: 0px; -webkit-text-stroke-width: 0px; background-color: rgb(255, 255, 255);\">\n<p align=\"justify\" style=\"margin: 0px; color: rgb(102, 102, 102); font-family: arial, sans-serif; font-size: 14px; font-style: normal; font-variant: normal; font-weight: normal; letter-spacing: normal; line-height: 20px; orphans: auto; text-indent: 0px; text-transform: none; white-space: normal; widows: 1; word-spacing: 0px; -webkit-text-stroke-width: 0px; background-color: rgb(255, 255, 255);\"><em style=\"font-style: italic;\">A. Movimiento de personas de negocios y facilitaci\u00f3n para el tr\u00e1nsito migratorio, incluyendo la cooperaci\u00f3n entre autoridades migratorias y consulares<\/em><\/p>\n<p align=\"justify\" style=\"margin: 0px; color: rgb(102, 102, 102); font-family: arial, sans-serif; font-size: 14px; font-style: normal; font-variant: normal; font-weight: normal; letter-spacing: normal; line-height: 20px; orphans: auto; text-indent: 0px; text-transform: none; white-space: normal; widows: 1; word-spacing: 0px; -webkit-text-stroke-width: 0px; background-color: rgb(255, 255, 255);\">El objetivo principal es facilitar el tr\u00e1nsito migratorio y la libre circulaci\u00f3n de visitantes tur\u00edsticos y de personas de negocios. En esta \u00e1rea se han venido examinando los escenarios posibles para avanzar en la supresi\u00f3n de visas para turistas, empresarios, personas de negocios y dem\u00e1s sujetos beneficiarios de cada Estado de la Alianza Pac\u00edfico. Entre otros asuntos, se ha avanzado en la implementaci\u00f3n de un esquema de cooperaci\u00f3n e intercambio de informaci\u00f3n sobre flujos migratorios para detectar a tiempo problemas asociados con la seguridad en las fronteras.<\/p>\n<p align=\"justify\" style=\"margin: 0px; color: rgb(102, 102, 102); font-family: arial, sans-serif; font-size: 14px; font-style: normal; font-variant: normal; font-weight: normal; letter-spacing: normal; line-height: 20px; orphans: auto; text-indent: 0px; text-transform: none; white-space: normal; widows: 1; word-spacing: 0px; -webkit-text-stroke-width: 0px; background-color: rgb(255, 255, 255);\"><em style=\"font-style: italic;\">B. Comercio e integraci\u00f3n incluyendo facilitaci\u00f3n de comercio y cooperaci\u00f3n aduanera<\/em><\/p>\n<p align=\"justify\" style=\"margin: 0px; color: rgb(102, 102, 102); font-family: arial, sans-serif; font-size: 14px; font-style: normal; font-variant: normal; font-weight: normal; letter-spacing: normal; line-height: 20px; orphans: auto; text-indent: 0px; text-transform: none; white-space: normal; widows: 1; word-spacing: 0px; -webkit-text-stroke-width: 0px; background-color: rgb(255, 255, 255);\">Este grupo se compone de cuatro subgrupos:<\/p>\n<p align=\"justify\" style=\"margin: 0px; color: rgb(102, 102, 102); font-family: arial, sans-serif; font-size: 14px; font-style: normal; font-variant: normal; font-weight: normal; letter-spacing: normal; line-height: 20px; orphans: auto; text-indent: 0px; text-transform: none; white-space: normal; widows: 1; word-spacing: 0px; -webkit-text-stroke-width: 0px; background-color: rgb(255, 255, 255);\">\u2022 Medidas sanitarias: El objetivo es avanzar en los procesos de admisibilidad sanitaria, mecanismos de cooperaci\u00f3n, transparencia y de buenas pr\u00e1cticas, con el fin de evitar obst\u00e1culos innecesarios al comercio.<\/p>\n<p align=\"justify\" style=\"margin: 0px; color: rgb(102, 102, 102); font-family: arial, sans-serif; font-size: 14px; font-style: normal; font-variant: normal; font-weight: normal; letter-spacing: normal; line-height: 20px; orphans: auto; text-indent: 0px; text-transform: none; white-space: normal; widows: 1; word-spacing: 0px; -webkit-text-stroke-width: 0px; background-color: rgb(255, 255, 255);\">\u2022 Facilitaci\u00f3n del comercio y cooperaci\u00f3n aduanera: Los Estados acordaron trabajar en los temas de comercio sin papeles, ventanillas \u00fanicas de comercio, operador econ\u00f3mico autorizado y resoluciones anticipadas.<\/p>\n<p align=\"justify\" style=\"margin: 0px; color: rgb(102, 102, 102); font-family: arial, sans-serif; font-size: 14px; font-style: normal; font-variant: normal; font-weight: normal; letter-spacing: normal; line-height: 20px; orphans: auto; text-indent: 0px; text-transform: none; white-space: normal; widows: 1; word-spacing: 0px; -webkit-text-stroke-width: 0px; background-color: rgb(255, 255, 255);\">En cooperaci\u00f3n aduanera se acord\u00f3 trabajar con el Banco Interamericano de Desarrollo (BID), para realizar un an\u00e1lisis de los acuerdos de cooperaci\u00f3n y asistencia mutua existentes, con miras a identificar \u00e1reas de trabajo y proyectos de inter\u00e9s com\u00fan, los cuales pueden incluir a Estados observadores. Este proyecto est\u00e1 en ejecuci\u00f3n en la actualidad.<\/p>\n<p align=\"justify\" style=\"margin: 0px; color: rgb(102, 102, 102); font-family: arial, sans-serif; font-size: 14px; font-style: normal; font-variant: normal; font-weight: normal; letter-spacing: normal; line-height: 20px; orphans: auto; text-indent: 0px; text-transform: none; white-space: normal; widows: 1; word-spacing: 0px; -webkit-text-stroke-width: 0px; background-color: rgb(255, 255, 255);\">\u2022 Normas t\u00e9cnicas: El objetivo es evitar que se impongan barreras injustificadas al comercio argumentando razones de reglamentaci\u00f3n t\u00e9cnica.<\/p>\n<p align=\"justify\" style=\"margin: 0px; color: rgb(102, 102, 102); font-family: arial, sans-serif; font-size: 14px; font-style: normal; font-variant: normal; font-weight: normal; letter-spacing: normal; line-height: 20px; orphans: auto; text-indent: 0px; text-transform: none; white-space: normal; widows: 1; word-spacing: 0px; -webkit-text-stroke-width: 0px; background-color: rgb(255, 255, 255);\">\u2022 Desgravaci\u00f3n arancelaria: Actualmente, el nivel de profundidad en el \u00e1rea de bienes es alto, en la medida en que buena parte del comercio de bienes ya est\u00e1 liberalizado, salvo algunas excepciones, el objetivo en esta \u00e1rea es avanzar en la acumulaci\u00f3n de origen entre las partes y la inserci\u00f3n de los miembros en cadenas de valor.<\/p>\n<p align=\"justify\" style=\"margin: 0px; color: rgb(102, 102, 102); font-family: arial, sans-serif; font-size: 14px; font-style: normal; font-variant: normal; font-weight: normal; letter-spacing: normal; line-height: 20px; orphans: auto; text-indent: 0px; text-transform: none; white-space: normal; widows: 1; word-spacing: 0px; -webkit-text-stroke-width: 0px; background-color: rgb(255, 255, 255);\"><em style=\"font-style: italic;\">C. Servicios y capitales, incluyendo la posibilidad de integrar las bolsas de valores<\/em><\/p>\n<p align=\"justify\" style=\"margin: 0px; color: rgb(102, 102, 102); font-family: arial, sans-serif; font-size: 14px; font-style: normal; font-variant: normal; font-weight: normal; letter-spacing: normal; line-height: 20px; orphans: auto; text-indent: 0px; text-transform: none; white-space: normal; widows: 1; word-spacing: 0px; -webkit-text-stroke-width: 0px; background-color: rgb(255, 255, 255);\">El objetivo es posicionar a nivel internacional a la Alianza del Pac\u00edfico como un destino atractivo para la inversi\u00f3n extranjera directa y el comercio de servicios y aumentar los flujos de inversi\u00f3n y del comercio de servicios entre los Estados de la Alianza y entre estos con el resto del mundo.<\/p>\n<p align=\"justify\" style=\"margin: 0px; color: rgb(102, 102, 102); font-family: arial, sans-serif; font-size: 14px; font-style: normal; font-variant: normal; font-weight: normal; letter-spacing: normal; line-height: 20px; orphans: auto; text-indent: 0px; text-transform: none; white-space: normal; widows: 1; word-spacing: 0px; -webkit-text-stroke-width: 0px; background-color: rgb(255, 255, 255);\"><em style=\"font-style: italic;\">D. Cooperaci\u00f3n<\/em><\/p>\n<p align=\"justify\" style=\"margin: 0px; color: rgb(102, 102, 102); font-family: arial, sans-serif; font-size: 14px; font-style: normal; font-variant: normal; font-weight: normal; letter-spacing: normal; line-height: 20px; orphans: auto; text-indent: 0px; text-transform: none; white-space: normal; widows: 1; word-spacing: 0px; -webkit-text-stroke-width: 0px; background-color: rgb(255, 255, 255);\">Se identificaron cinco grandes \u00e1reas tem\u00e1ticas que enmarcan las discusiones:<\/p>\n<p align=\"justify\" style=\"margin: 0px 0px 0px 40px; color: rgb(102, 102, 102); font-family: arial, sans-serif; font-size: 14px; font-style: normal; font-variant: normal; font-weight: normal; letter-spacing: normal; line-height: 20px; orphans: auto; text-indent: 0px; text-transform: none; white-space: normal; widows: 1; word-spacing: 0px; -webkit-text-stroke-width: 0px; background-color: rgb(255, 255, 255);\">\u2022 Pymes<\/p>\n<p align=\"justify\" style=\"margin: 0px 0px 0px 40px; color: rgb(102, 102, 102); font-family: arial, sans-serif; font-size: 14px; font-style: normal; font-variant: normal; font-weight: normal; letter-spacing: normal; line-height: 20px; orphans: auto; text-indent: 0px; text-transform: none; white-space: normal; widows: 1; word-spacing: 0px; -webkit-text-stroke-width: 0px; background-color: rgb(255, 255, 255);\">\u2022 Cambio clim\u00e1tico<\/p>\n<p align=\"justify\" style=\"margin: 0px 0px 0px 40px; color: rgb(102, 102, 102); font-family: arial, sans-serif; font-size: 14px; font-style: normal; font-variant: normal; font-weight: normal; letter-spacing: normal; line-height: 20px; orphans: auto; text-indent: 0px; text-transform: none; white-space: normal; widows: 1; word-spacing: 0px; -webkit-text-stroke-width: 0px; background-color: rgb(255, 255, 255);\">\u2022 Movilidad acad\u00e9mica<\/p>\n<p align=\"justify\" style=\"margin: 0px 0px 0px 40px; color: rgb(102, 102, 102); font-family: arial, sans-serif; font-size: 14px; font-style: normal; font-variant: normal; font-weight: normal; letter-spacing: normal; line-height: 20px; orphans: auto; text-indent: 0px; text-transform: none; white-space: normal; widows: 1; word-spacing: 0px; -webkit-text-stroke-width: 0px; background-color: rgb(255, 255, 255);\">\u2022 Competitividad<\/p>\n<p align=\"justify\" style=\"margin: 0px 0px 0px 40px; color: rgb(102, 102, 102); font-family: arial, sans-serif; font-size: 14px; font-style: normal; font-variant: normal; font-weight: normal; letter-spacing: normal; line-height: 20px; orphans: auto; text-indent: 0px; text-transform: none; white-space: normal; widows: 1; word-spacing: 0px; -webkit-text-stroke-width: 0px; background-color: rgb(255, 255, 255);\">\u2022 Turismo<\/p>\n<p align=\"justify\" style=\"margin: 0px; color: rgb(102, 102, 102); font-family: arial, sans-serif; font-size: 14px; font-style: normal; font-variant: normal; font-weight: normal; letter-spacing: normal; line-height: 20px; orphans: auto; text-indent: 0px; text-transform: none; white-space: normal; widows: 1; word-spacing: 0px; -webkit-text-stroke-width: 0px; background-color: rgb(255, 255, 255);\">&nbsp;<\/p>\n<p align=\"justify\" style=\"margin: 0px; color: rgb(102, 102, 102); font-family: arial, sans-serif; font-size: 14px; font-style: normal; font-variant: normal; font-weight: normal; letter-spacing: normal; line-height: 20px; orphans: auto; text-indent: 0px; text-transform: none; white-space: normal; widows: 1; word-spacing: 0px; -webkit-text-stroke-width: 0px; background-color: rgb(255, 255, 255);\"><strong style=\"font-weight: bold;\">2.3. La Alianza del Pac\u00edfico en el contexto de la regi\u00f3n<\/strong><\/p>\n<p align=\"justify\" style=\"margin: 0px; color: rgb(102, 102, 102); font-family: arial, sans-serif; font-size: 14px; font-style: normal; font-variant: normal; font-weight: normal; letter-spacing: normal; line-height: 20px; orphans: auto; text-indent: 0px; text-transform: none; white-space: normal; widows: 1; word-spacing: 0px; -webkit-text-stroke-width: 0px; background-color: rgb(255, 255, 255);\">Se han adelantado otras iniciativas similares en la regi\u00f3n tanto en el marco de la ALADI, como dentro del Foro del Arco del Pac\u00edfico Latinoamericano (ARCO) que apuntan a la creaci\u00f3n de espacios de convergencia para la red de Acuerdos Comerciales que existen en la regi\u00f3n y a una mayor integraci\u00f3n. Si bien estas iniciativas no tienen el grado de profundidad al que apunta la Alianza del Pac\u00edfico, tampoco resultan incompatibles con ella.<\/p>\n<p align=\"justify\" style=\"margin: 0px; color: rgb(102, 102, 102); font-family: arial, sans-serif; font-size: 14px; font-style: normal; font-variant: normal; font-weight: normal; letter-spacing: normal; line-height: 20px; orphans: auto; text-indent: 0px; text-transform: none; white-space: normal; widows: 1; word-spacing: 0px; -webkit-text-stroke-width: 0px; background-color: rgb(255, 255, 255);\">La iniciativa de la Alianza del Pac\u00edfico tiene objetivos similares a los que ha perseguido el Foro ARCO: integrar a los pa\u00edses latinoamericanos de la Cuenca del Pac\u00edfico y estrechar sus v\u00ednculos con los del Asia Pac\u00edfico. Para lograrlo, el Foro ARCO ha trabajado en temas de convergencia comercial e integraci\u00f3n; facilitaci\u00f3n de comercio y log\u00edstica; promoci\u00f3n y protecci\u00f3n de las inversiones y cooperaci\u00f3n para la competitividad.<\/p>\n<p align=\"justify\" style=\"margin: 0px; color: rgb(102, 102, 102); font-family: arial, sans-serif; font-size: 14px; font-style: normal; font-variant: normal; font-weight: normal; letter-spacing: normal; line-height: 20px; orphans: auto; text-indent: 0px; text-transform: none; white-space: normal; widows: 1; word-spacing: 0px; -webkit-text-stroke-width: 0px; background-color: rgb(255, 255, 255);\">&nbsp;<\/p>\n<p align=\"justify\" style=\"margin: 0px; color: rgb(102, 102, 102); font-family: arial, sans-serif; font-size: 14px; font-style: normal; font-variant: normal; font-weight: normal; letter-spacing: normal; line-height: 20px; orphans: auto; text-indent: 0px; text-transform: none; white-space: normal; widows: 1; word-spacing: 0px; -webkit-text-stroke-width: 0px; background-color: rgb(255, 255, 255);\">Sin embargo, los avances de ARCO han sido limitados, particularmente en materia de convergencia e integraci\u00f3n comercial, por diferencias respecto a los objetivos y mecanismos para lograrlo. Por su parte, Chile, Per\u00fa, Colombia y M\u00e9xico conforman en la Alianza del Pac\u00edfico un grupo m\u00e1s homog\u00e9neo, que est\u00e1 en mejores condiciones para avanzar en la integraci\u00f3n, dados sus intereses comunes en materia econ\u00f3mica.<\/p>\n<p align=\"justify\" style=\"margin: 0px; color: rgb(102, 102, 102); font-family: arial, sans-serif; font-size: 14px; font-style: normal; font-variant: normal; font-weight: normal; letter-spacing: normal; line-height: 20px; orphans: auto; text-indent: 0px; text-transform: none; white-space: normal; widows: 1; word-spacing: 0px; -webkit-text-stroke-width: 0px; background-color: rgb(255, 255, 255);\">En el marco de la ALADI los Estados miembros han avanzado en la conformaci\u00f3n de \u00e1reas de libre comercio y en la celebraci\u00f3n de una serie de acuerdos bilaterales o regionales que han profundizado la integraci\u00f3n en bienes, servicios e inversi\u00f3n. Actualmente se avanza en trabajos tendientes a la conformaci\u00f3n del denominado \u201cEspacio de Libre Comercio\u201d.<\/p>\n<p align=\"justify\" style=\"margin: 0px; color: rgb(102, 102, 102); font-family: arial, sans-serif; font-size: 14px; font-style: normal; font-variant: normal; font-weight: normal; letter-spacing: normal; line-height: 20px; orphans: auto; text-indent: 0px; text-transform: none; white-space: normal; widows: 1; word-spacing: 0px; -webkit-text-stroke-width: 0px; background-color: rgb(255, 255, 255);\">No obstante esta iniciativa no alcanza el grado de profundidad fijado por los Estados miembros de la Alianza del Pac\u00edfico.<\/p>\n<p align=\"justify\" style=\"margin: 0px; color: rgb(102, 102, 102); font-family: arial, sans-serif; font-size: 14px; font-style: normal; font-variant: normal; font-weight: normal; letter-spacing: normal; line-height: 20px; orphans: auto; text-indent: 0px; text-transform: none; white-space: normal; widows: 1; word-spacing: 0px; -webkit-text-stroke-width: 0px; background-color: rgb(255, 255, 255);\">Los logros alcanzados mediante estos procesos de integraci\u00f3n constituyen un capital obtenido, cuya defensa y perfeccionamiento se convierten<br \/>en un elemento central a partir del cual construir eventuales procesos m\u00e1s amplios, a nivel hemisf\u00e9rico y mundial.<\/p>\n<p align=\"justify\" style=\"margin: 0px; color: rgb(102, 102, 102); font-family: arial, sans-serif; font-size: 14px; font-style: normal; font-variant: normal; font-weight: normal; letter-spacing: normal; line-height: 20px; orphans: auto; text-indent: 0px; text-transform: none; white-space: normal; widows: 1; word-spacing: 0px; -webkit-text-stroke-width: 0px; background-color: rgb(255, 255, 255);\">&nbsp;<\/p>\n<p align=\"justify\" style=\"margin: 0px; color: rgb(102, 102, 102); font-family: arial, sans-serif; font-size: 14px; font-style: normal; font-variant: normal; font-weight: normal; letter-spacing: normal; line-height: 20px; orphans: auto; text-indent: 0px; text-transform: none; white-space: normal; widows: 1; word-spacing: 0px; -webkit-text-stroke-width: 0px; background-color: rgb(255, 255, 255);\"><strong style=\"font-weight: bold;\">3. Importancia para Colombia de Pertenecer a la Alianza del Pac\u00edfico<\/strong><\/p>\n<p align=\"justify\" style=\"margin: 0px; color: rgb(102, 102, 102); font-family: arial, sans-serif; font-size: 14px; font-style: normal; font-variant: normal; font-weight: normal; letter-spacing: normal; line-height: 20px; orphans: auto; text-indent: 0px; text-transform: none; white-space: normal; widows: 1; word-spacing: 0px; -webkit-text-stroke-width: 0px; background-color: rgb(255, 255, 255);\">En la \u00faltima d\u00e9cada, Colombia ha implementado satisfactoriamente una estrategia de inserci\u00f3n en la econom\u00eda global, con el objetivo de maximizar los beneficios de un acceso preferencial estable y de largo plazo de la oferta de bienes y servicios, atraer m\u00e1s inversiones, lograr un correcto aprovechamiento de los factores productivos e incorporar nuevas tecnolog\u00edas al aparato productivo nacional. Uno de los pilares fundamentales de esta estrategia es avanzar en la integraci\u00f3n latinoamericana de cara a la inserci\u00f3n en el mercado global, particularmente con los Estados que conforman el Asia Pac\u00edfico.<\/p>\n<p align=\"justify\" style=\"margin: 0px; color: rgb(102, 102, 102); font-family: arial, sans-serif; font-size: 14px; font-style: normal; font-variant: normal; font-weight: normal; letter-spacing: normal; line-height: 20px; orphans: auto; text-indent: 0px; text-transform: none; white-space: normal; widows: 1; word-spacing: 0px; -webkit-text-stroke-width: 0px; background-color: rgb(255, 255, 255);\">Conscientes de la importancia que este reto representa, Colombia le ha apostado de manera consistente a un proceso de integraci\u00f3n regional profunda sobre la base de reglas claras, estables y predecibles que gobiernen las relaciones entre los Estados que conforman la Alianza del Pac\u00edfico.<\/p>\n<p align=\"justify\" style=\"margin: 0px; color: rgb(102, 102, 102); font-family: arial, sans-serif; font-size: 14px; font-style: normal; font-variant: normal; font-weight: normal; letter-spacing: normal; line-height: 20px; orphans: auto; text-indent: 0px; text-transform: none; white-space: normal; widows: 1; word-spacing: 0px; -webkit-text-stroke-width: 0px; background-color: rgb(255, 255, 255);\">El Acuerdo Marco que se somete a su consideraci\u00f3n es un instrumento enmarcado en el proceso de internacionalizaci\u00f3n de las relaciones pol\u00edticas y econ\u00f3micas de Colombia, ajustado a los mandatos constitucionales aplicables. En este sentido, el Acuerdo Marco formaliza el compromiso de Colombia con la integraci\u00f3n regional y la promoci\u00f3n de las relaciones comerciales en la regi\u00f3n Asia Pac\u00edfico.<\/p>\n<p align=\"justify\" style=\"margin: 0px; color: rgb(102, 102, 102); font-family: arial, sans-serif; font-size: 14px; font-style: normal; font-variant: normal; font-weight: normal; letter-spacing: normal; line-height: 20px; orphans: auto; text-indent: 0px; text-transform: none; white-space: normal; widows: 1; word-spacing: 0px; -webkit-text-stroke-width: 0px; background-color: rgb(255, 255, 255);\">&nbsp;<\/p>\n<p align=\"justify\" style=\"margin: 0px; color: rgb(102, 102, 102); font-family: arial, sans-serif; font-size: 14px; font-style: normal; font-variant: normal; font-weight: normal; letter-spacing: normal; line-height: 20px; orphans: auto; text-indent: 0px; text-transform: none; white-space: normal; widows: 1; word-spacing: 0px; -webkit-text-stroke-width: 0px; background-color: rgb(255, 255, 255);\"><strong style=\"font-weight: bold;\">3.1. Importancia pol\u00edtica y estrat\u00e9gica<\/strong><\/p>\n<p align=\"justify\" style=\"margin: 0px; color: rgb(102, 102, 102); font-family: arial, sans-serif; font-size: 14px; font-style: normal; font-variant: normal; font-weight: normal; letter-spacing: normal; line-height: 20px; orphans: auto; text-indent: 0px; text-transform: none; white-space: normal; widows: 1; word-spacing: 0px; -webkit-text-stroke-width: 0px; background-color: rgb(255, 255, 255);\">Desde el punto de vista pol\u00edtico y estrat\u00e9gico, este acuerdo constituye un marco institucional que fortalece las relaciones entre los Estados que integran la Alianza del Pac\u00edfico. Su entrada en vigor posibilitar\u00e1 el aprovechamiento de las oportunidades derivadas del trabajo conjunto en las diversas \u00e1reas de este proyecto de integraci\u00f3n profunda. Adicionalmente, el Acuerdo Marco formalizar\u00e1 la existencia de un proceso de integraci\u00f3n que ya presenta resultados concretos, y que se proyecta hacia el Asia Pac\u00edfico, zona estrat\u00e9gica y prioritaria del relacionamiento externo de Colombia.<\/p>\n<p align=\"justify\" style=\"margin: 0px; color: rgb(102, 102, 102); font-family: arial, sans-serif; font-size: 14px; font-style: normal; font-variant: normal; font-weight: normal; letter-spacing: normal; line-height: 20px; orphans: auto; text-indent: 0px; text-transform: none; white-space: normal; widows: 1; word-spacing: 0px; -webkit-text-stroke-width: 0px; background-color: rgb(255, 255, 255);\">Adem\u00e1s, Alianza del Pac\u00edfico es un proceso abierto y flexible, con metas claras, pragm\u00e1ticas y coherentes con el modelo de desarrollo y la pol\u00edtica exterior nacional, a trav\u00e9s del cual se fortalecer\u00e1 el papel de Colombia como impulsor de procesos de integraci\u00f3n en la regi\u00f3n. De igual manera, la Alianza entre las econom\u00edas m\u00e1s din\u00e1micas y relevantes de Am\u00e9rica Latina potencian las posibilidades de relacionamiento exitoso de Colombia con el mundo.<\/p>\n<p align=\"justify\" style=\"margin: 0px; color: rgb(102, 102, 102); font-family: arial, sans-serif; font-size: 14px; font-style: normal; font-variant: normal; font-weight: normal; letter-spacing: normal; line-height: 20px; orphans: auto; text-indent: 0px; text-transform: none; white-space: normal; widows: 1; word-spacing: 0px; -webkit-text-stroke-width: 0px; background-color: rgb(255, 255, 255);\">&nbsp;<\/p>\n<p align=\"justify\" style=\"margin: 0px; color: rgb(102, 102, 102); font-family: arial, sans-serif; font-size: 14px; font-style: normal; font-variant: normal; font-weight: normal; letter-spacing: normal; line-height: 20px; orphans: auto; text-indent: 0px; text-transform: none; white-space: normal; widows: 1; word-spacing: 0px; -webkit-text-stroke-width: 0px; background-color: rgb(255, 255, 255);\"><strong style=\"font-weight: bold;\">3.2. Alcances de esta iniciativa de integraci\u00f3n profunda<\/strong><\/p>\n<p align=\"justify\" style=\"margin: 0px; color: rgb(102, 102, 102); font-family: arial, sans-serif; font-size: 14px; font-style: normal; font-variant: normal; font-weight: normal; letter-spacing: normal; line-height: 20px; orphans: auto; text-indent: 0px; text-transform: none; white-space: normal; widows: 1; word-spacing: 0px; -webkit-text-stroke-width: 0px; background-color: rgb(255, 255, 255);\">Esta es una Alianza Integral, que incluye entre las tem\u00e1ticas en las cuales se quiere profundizar la integraci\u00f3n, acciones conjuntas y coordinadas para la promoci\u00f3n de las exportaciones del grupo de Estados que la conforman, atracci\u00f3n de inversi\u00f3n extranjera directa, incremento del comercio en el interior de la regi\u00f3n, cooperaci\u00f3n en \u00e1reas como investigaci\u00f3n en cambio clim\u00e1tico, movilidad estudiantil, promoci\u00f3n del turismo y transparencia fiscal.<\/p>\n<p align=\"justify\" style=\"margin: 0px; color: rgb(102, 102, 102); font-family: arial, sans-serif; font-size: 14px; font-style: normal; font-variant: normal; font-weight: normal; letter-spacing: normal; line-height: 20px; orphans: auto; text-indent: 0px; text-transform: none; white-space: normal; widows: 1; word-spacing: 0px; -webkit-text-stroke-width: 0px; background-color: rgb(255, 255, 255);\">&nbsp;<\/p>\n<p align=\"justify\" style=\"margin: 0px; color: rgb(102, 102, 102); font-family: arial, sans-serif; font-size: 14px; font-style: normal; font-variant: normal; font-weight: normal; letter-spacing: normal; line-height: 20px; orphans: auto; text-indent: 0px; text-transform: none; white-space: normal; widows: 1; word-spacing: 0px; -webkit-text-stroke-width: 0px; background-color: rgb(255, 255, 255);\">De igual forma la Alianza ha buscado que los empresarios, emprendedores y ciudadanos se beneficien de la integraci\u00f3n profunda. Para esto se ha buscado que las autoridades correspondientes trabajen en el intercambio de experiencias e informaci\u00f3n para fortalecer las peque\u00f1as y medianas empresas (Pymes), trabajar en el desarrollo de iniciativas sobre emprendimiento e innovaci\u00f3n, as\u00ed como establecer canales de di\u00e1logo con los empresarios para conocer sus propuestas y preocupaciones frente al desarrollo econ\u00f3mico y el ambiente de negocios.<\/p>\n<p align=\"justify\" style=\"margin: 0px; color: rgb(102, 102, 102); font-family: arial, sans-serif; font-size: 14px; font-style: normal; font-variant: normal; font-weight: normal; letter-spacing: normal; line-height: 20px; orphans: auto; text-indent: 0px; text-transform: none; white-space: normal; widows: 1; word-spacing: 0px; -webkit-text-stroke-width: 0px; background-color: rgb(255, 255, 255);\">Igualmente, la ambici\u00f3n de la Alianza se complementa con los mandatos impartidos por los Presidentes durante sucesivas cumbres, entre ellas la VIII Cumbre realizada en febrero de 2014 en Cartagena, donde se abrieron nuevas \u00e1reas de trabajo en temas como intercambio de informaci\u00f3n sobre el mercado de insumos agr\u00edcolas con miras a la reducci\u00f3n de sus precios, mecanismos para compartir experiencias en materia de control del mercado de medicamentos, la creaci\u00f3n de un fondo para el desarrollo de infraestructura, programas para promover la cultura de los Estados de la Alianza, promoci\u00f3n de pol\u00edticas p\u00fablicas para la promoci\u00f3n deportiva, entre otros.<\/p>\n<p align=\"justify\" style=\"margin: 0px; color: rgb(102, 102, 102); font-family: arial, sans-serif; font-size: 14px; font-style: normal; font-variant: normal; font-weight: normal; letter-spacing: normal; line-height: 20px; orphans: auto; text-indent: 0px; text-transform: none; white-space: normal; widows: 1; word-spacing: 0px; -webkit-text-stroke-width: 0px; background-color: rgb(255, 255, 255);\">Todas estas \u00e1reas de trabajo de la Alianza del Pac\u00edfico est\u00e1n dise\u00f1adas pensando en beneficiar directamente y en el corto plazo a los ciudadanos, bien sea de manera directa como con la eliminaci\u00f3n de visas y otorgamiento de becas, o promoviendo mayor crecimiento, desarrollo y mejores pol\u00edticas p\u00fablicas como es el caso de los trabajos en innovaci\u00f3n, emprendimiento y el desarrollo de infraestructura.<\/p>\n<p align=\"justify\" style=\"margin: 0px; color: rgb(102, 102, 102); font-family: arial, sans-serif; font-size: 14px; font-style: normal; font-variant: normal; font-weight: normal; letter-spacing: normal; line-height: 20px; orphans: auto; text-indent: 0px; text-transform: none; white-space: normal; widows: 1; word-spacing: 0px; -webkit-text-stroke-width: 0px; background-color: rgb(255, 255, 255);\">&nbsp;<\/p>\n<p align=\"justify\" style=\"margin: 0px; color: rgb(102, 102, 102); font-family: arial, sans-serif; font-size: 14px; font-style: normal; font-variant: normal; font-weight: normal; letter-spacing: normal; line-height: 20px; orphans: auto; text-indent: 0px; text-transform: none; white-space: normal; widows: 1; word-spacing: 0px; -webkit-text-stroke-width: 0px; background-color: rgb(255, 255, 255);\"><strong style=\"font-weight: bold;\">3.3. Importancia econ\u00f3mica y comercial<\/strong><\/p>\n<p align=\"justify\" style=\"margin: 0px; color: rgb(102, 102, 102); font-family: arial, sans-serif; font-size: 14px; font-style: normal; font-variant: normal; font-weight: normal; letter-spacing: normal; line-height: 20px; orphans: auto; text-indent: 0px; text-transform: none; white-space: normal; widows: 1; word-spacing: 0px; -webkit-text-stroke-width: 0px; background-color: rgb(255, 255, 255);\">El peso de los cuatro Estados que conforman la Alianza del Pac\u00edfico (Colombia, Chile, M\u00e9xico y Per\u00fa) es significativo y su perfeccionamiento env\u00eda una se\u00f1al importante para Am\u00e9rica Latina en t\u00e9rminos del convencimiento de que la integraci\u00f3n regional es el camino correcto para asegurar mayores vol\u00famenes de inversi\u00f3n, mayor intercambio comercial y crecimiento econ\u00f3mico sostenido y vigoroso.<\/p>\n<p align=\"justify\" style=\"margin: 0px; color: rgb(102, 102, 102); font-family: arial, sans-serif; font-size: 14px; font-style: normal; font-variant: normal; font-weight: normal; letter-spacing: normal; line-height: 20px; orphans: auto; text-indent: 0px; text-transform: none; white-space: normal; widows: 1; word-spacing: 0px; -webkit-text-stroke-width: 0px; background-color: rgb(255, 255, 255);\">Los cuatro Estados que conforman el bloque para el a\u00f1o 2013 representan cerca de 216 millones de habitantes (equivalente a la poblaci\u00f3n de&nbsp;Brasil) y generan un Producto Interno Bruto (PIB) de USD2,2 billones, equivalentes al 38% del total de Am\u00e9rica Latina y el Caribe, con un PIB por habitante de USD13.542.<\/p>\n<p align=\"justify\" style=\"margin: 0px; color: rgb(102, 102, 102); font-family: arial, sans-serif; font-size: 14px; font-style: normal; font-variant: normal; font-weight: normal; letter-spacing: normal; line-height: 20px; orphans: auto; text-indent: 0px; text-transform: none; white-space: normal; widows: 1; word-spacing: 0px; -webkit-text-stroke-width: 0px; background-color: rgb(255, 255, 255);\">En cuanto al desempleo e inflaci\u00f3n, el promedio para el 2013 de los cuatro Estados fue de 6,8% y de 2,7%, respectivamente. La tasa de crecimiento del PIB en los cuatro Estados fue 3,6% en el a\u00f1o 2013. Lo anterior refleja no solo su estabilidad macroecon\u00f3mica sino la capacidad y ampliaci\u00f3n anual del mercado.<\/p>\n<p align=\"justify\" style=\"margin: 0px; color: rgb(102, 102, 102); font-family: arial, sans-serif; font-size: 14px; font-style: normal; font-variant: normal; font-weight: normal; letter-spacing: normal; line-height: 20px; orphans: auto; text-indent: 0px; text-transform: none; white-space: normal; widows: 1; word-spacing: 0px; -webkit-text-stroke-width: 0px; background-color: rgb(255, 255, 255);\">&nbsp;<\/p>\n<div align=\"center\" style=\"color: rgb(102, 102, 102); font-family: arial, sans-serif; font-size: 14px; font-style: normal; font-variant: normal; font-weight: normal; letter-spacing: normal; line-height: 20px; orphans: auto; text-indent: 0px; text-transform: none; white-space: normal; widows: 1; word-spacing: 0px; -webkit-text-stroke-width: 0px; background-color: rgb(255, 255, 255);\">\n<table border=\"1\" cellpadding=\"6\" cellspacing=\"0\" width=\"100%\" style=\"max-width: 100%; border-collapse: collapse; border-spacing: 0px; background-color: transparent;\">\n<tr>\n<td colspan=\"10\">\n<p align=\"center\" style=\"margin: 0px;\"><b>CUADRO COMPARATIVO INDICADORES ECON\u00d3MICOS &#8211; A\u00d1O 2013<\/b><\/td>\n<\/tr>\n<tr>\n<td align=\"center\">\n<p style=\"margin: 0px;\"><b>Pa\u00eds<\/b><\/td>\n<td align=\"center\">\n<p style=\"margin: 0px;\"><b>Poblaci\u00f3n &#8211; Millones de Hab<\/b><\/td>\n<td align=\"center\">\n<p style=\"margin: 0px;\"><b>Superficie &#8211; km2<\/b><\/td>\n<td align=\"center\">\n<p style=\"margin: 0px;\"><b>PIB Corrientes &#8211; USD Miles de Millones<\/b><\/td>\n<td align=\"center\">\n<p style=\"margin: 0px;\"><b>PIB Per c\u00e1pita &#8211; USD<\/b><\/td>\n<td align=\"center\">\n<p style=\"margin: 0px;\"><b>Crecimiento del PIB<\/b><\/td>\n<td align=\"center\">\n<p style=\"margin: 0px;\"><b>Desempleo<\/b><\/td>\n<td align=\"center\">\n<p style=\"margin: 0px;\"><b>Inflaci\u00f3n<\/b><\/td>\n<td align=\"center\">\n<p style=\"margin: 0px;\"><b>Exportaciones Mundo &#8211; USD Millones<\/b><\/td>\n<td align=\"center\">\n<p style=\"margin: 0px;\"><b>Importaciones Mundo -USD Millones<\/b><\/td>\n<\/tr>\n<tr>\n<td>\n<p style=\"margin: 0px;\">Chile<\/td>\n<td align=\"center\">\n<p style=\"margin: 0px;\">18<\/td>\n<td>\n<p style=\"margin: 0px;\">756.093<\/td>\n<td align=\"center\">\n<p style=\"margin: 0px;\">277<\/td>\n<td>\n<p style=\"margin: 0px;\">19.105<\/td>\n<td>\n<p style=\"margin: 0px;\">4.1%<\/td>\n<td>\n<p style=\"margin: 0px;\">6,0%<\/td>\n<td>\n<p style=\"margin: 0px;\">1,8%<\/td>\n<td>\n<p style=\"margin: 0px;\">76.684<\/td>\n<td>\n<p style=\"margin: 0px;\">74.568<\/td>\n<\/tr>\n<tr>\n<td>\n<p style=\"margin: 0px;\">Colombia<\/td>\n<td align=\"center\">\n<p style=\"margin: 0px;\">47<\/td>\n<td>\n<p style=\"margin: 0px;\">1.141.748<\/td>\n<td align=\"center\">\n<p style=\"margin: 0px;\">491<\/td>\n<td>\n<p style=\"margin: 0px;\">8.025<\/td>\n<td>\n<p style=\"margin: 0px;\">4.3%<\/td>\n<td>\n<p style=\"margin: 0px;\">9,8%<\/td>\n<td>\n<p style=\"margin: 0px;\">2,0%<\/td>\n<td>\n<p style=\"margin: 0px;\">58.822<\/td>\n<td>\n<p style=\"margin: 0px;\">56.620<\/td>\n<\/tr>\n<tr>\n<td>\n<p style=\"margin: 0px;\">M\u00e9xico<\/td>\n<td align=\"center\">\n<p style=\"margin: 0px;\">121<\/td>\n<td>\n<p style=\"margin: 0px;\">1.972.550<\/td>\n<td align=\"center\">\n<p style=\"margin: 0px;\">1.241<\/td>\n<td>\n<p style=\"margin: 0px;\">15.932<\/td>\n<td>\n<p style=\"margin: 0px;\">1.1%<\/td>\n<td>\n<p style=\"margin: 0px;\">4,9%<\/td>\n<td>\n<p style=\"margin: 0px;\">3,9%<\/td>\n<td>\n<p style=\"margin: 0px;\">380.189<\/td>\n<td>\n<p style=\"margin: 0px;\">381.210<\/td>\n<\/tr>\n<tr>\n<td>\n<p style=\"margin: 0px;\">Per\u00fa<\/td>\n<td align=\"center\">\n<p style=\"margin: 0px;\">30<\/td>\n<td>\n<p style=\"margin: 0px;\">1.285.215<\/td>\n<td align=\"center\">\n<p style=\"margin: 0px;\">177<\/td>\n<td>\n<p style=\"margin: 0px;\">11.106<\/td>\n<td>\n<p style=\"margin: 0px;\">5.0%<\/td>\n<td>\n<p style=\"margin: 0px;\">6,5%<\/td>\n<td>\n<p style=\"margin: 0px;\">2,9%<\/td>\n<td>\n<p style=\"margin: 0px;\">41.826<\/td>\n<td>\n<p style=\"margin: 0px;\">42.191<\/td>\n<\/tr>\n<tr>\n<td>\n<p style=\"margin: 0px;\">Total AP<\/td>\n<td align=\"center\">\n<p style=\"margin: 0px;\">216<\/td>\n<td>\n<p style=\"margin: 0px;\">5.155.606<\/td>\n<td align=\"center\">\n<p style=\"margin: 0px;\">2.186<\/td>\n<td>\n<p style=\"margin: 0px;\">&nbsp;<\/td>\n<td>\n<p style=\"margin: 0px;\">&nbsp;<\/td>\n<td>\n<p style=\"margin: 0px;\">&nbsp;<\/td>\n<td>\n<p style=\"margin: 0px;\">&nbsp;<\/td>\n<td>\n<p style=\"margin: 0px;\">557.521<\/td>\n<td>\n<p style=\"margin: 0px;\">554.589<\/td>\n<\/tr>\n<tr>\n<td>\n<p style=\"margin: 0px;\">Promedio<\/td>\n<td align=\"center\">\n<p style=\"margin: 0px;\">&nbsp;<\/td>\n<td>\n<p style=\"margin: 0px;\">&nbsp;<\/td>\n<td>\n<p style=\"margin: 0px;\">&nbsp;<\/td>\n<td>\n<p style=\"margin: 0px;\">13.542<\/td>\n<td>\n<p style=\"margin: 0px;\">3.6%<\/td>\n<td>\n<p style=\"margin: 0px;\">6,8%<\/td>\n<td>\n<p style=\"margin: 0px;\">2,7%<\/td>\n<td>\n<p style=\"margin: 0px;\">139.380<\/td>\n<td>\n<p style=\"margin: 0px;\">138.647<\/td>\n<\/tr>\n<tr>\n<td colspan=\"10\">\n<p style=\"margin: 0px;\">Fuente: Bancos Centrales de los Pa\u00edses AP.<\/td>\n<\/tr>\n<\/table>\n<\/div>\n<p align=\"justify\" style=\"margin: 0px; color: rgb(102, 102, 102); font-family: arial, sans-serif; font-size: 14px; font-style: normal; font-variant: normal; font-weight: normal; letter-spacing: normal; line-height: 20px; orphans: auto; text-indent: 0px; text-transform: none; white-space: normal; widows: 1; word-spacing: 0px; -webkit-text-stroke-width: 0px; background-color: rgb(255, 255, 255);\">&nbsp;<\/p>\n<p align=\"justify\" style=\"margin: 0px; color: rgb(102, 102, 102); font-family: arial, sans-serif; font-size: 14px; font-style: normal; font-variant: normal; font-weight: normal; letter-spacing: normal; line-height: 20px; orphans: auto; text-indent: 0px; text-transform: none; white-space: normal; widows: 1; word-spacing: 0px; -webkit-text-stroke-width: 0px; background-color: rgb(255, 255, 255);\">Colombia, Chile, M\u00e9xico y Per\u00fa generaron en 2012 la mitad del comercio exterior de la regi\u00f3n: USD 533.000 millones en exportaciones Extra AP y USD 527.000 millones en importaciones Extra AP3 y son receptores de cerca de USD 71.000 millones en IED.<\/p>\n<p align=\"justify\" style=\"margin: 0px; color: rgb(102, 102, 102); font-family: arial, sans-serif; font-size: 14px; font-style: normal; font-variant: normal; font-weight: normal; letter-spacing: normal; line-height: 20px; orphans: auto; text-indent: 0px; text-transform: none; white-space: normal; widows: 1; word-spacing: 0px; -webkit-text-stroke-width: 0px; background-color: rgb(255, 255, 255);\">Tambi\u00e9n son estos cuatro Estados las mayores econom\u00edas del Arco del Pac\u00edfico Latinoamericano, representando alrededor del 88% del PIB conjunto de las 11 econom\u00edas. Alianza del Pac\u00edfico recibi\u00f3 en los \u00faltimos 5 a\u00f1os el 88% de la inversi\u00f3n que lleg\u00f3 a los 11 pa\u00edses del Foro Arco.<\/p>\n<p align=\"justify\" style=\"margin: 0px; color: rgb(102, 102, 102); font-family: arial, sans-serif; font-size: 14px; font-style: normal; font-variant: normal; font-weight: normal; letter-spacing: normal; line-height: 20px; orphans: auto; text-indent: 0px; text-transform: none; white-space: normal; widows: 1; word-spacing: 0px; -webkit-text-stroke-width: 0px; background-color: rgb(255, 255, 255);\">No obstante, la participaci\u00f3n de los Estados que integran el bloque de la Alianza del Pac\u00edfico en los flujos de inversi\u00f3n mundiales sigue siendo baja, en el 2012, la Alianza del Pac\u00edfico recibi\u00f3 el 5% de la inversi\u00f3n mundial.<\/p>\n<p style=\"margin: 0px; color: rgb(102, 102, 102); font-family: arial, sans-serif; font-size: 14px; font-style: normal; font-variant: normal; font-weight: normal; letter-spacing: normal; line-height: 20px; orphans: auto; text-align: start; text-indent: 0px; text-transform: none; white-space: normal; widows: 1; word-spacing: 0px; -webkit-text-stroke-width: 0px; background-color: rgb(255, 255, 255);\">&nbsp;<\/p>\n<p align=\"center\" style=\"margin: 0px; color: rgb(102, 102, 102); font-family: arial, sans-serif; font-size: 14px; font-style: normal; font-variant: normal; font-weight: normal; letter-spacing: normal; line-height: 20px; orphans: auto; text-indent: 0px; text-transform: none; white-space: normal; widows: 1; word-spacing: 0px; -webkit-text-stroke-width: 0px; background-color: rgb(255, 255, 255);\"><strong style=\"font-weight: bold;\">Total de flujos de IED hacia pa\u00edses ARCO y ALIANZA del PAC\u00cdFICO&nbsp;<\/strong><\/p>\n<p style=\"margin: 0px 0px 10px; color: rgb(102, 102, 102); font-family: arial, sans-serif; font-size: 14px; font-style: normal; font-variant: normal; font-weight: normal; letter-spacing: normal; line-height: 20px; orphans: auto; text-align: start; text-indent: 0px; text-transform: none; white-space: normal; widows: 1; word-spacing: 0px; -webkit-text-stroke-width: 0px; background-color: rgb(255, 255, 255);\">&nbsp;<\/p>\n<p style=\"margin: 0px 0px 10px; color: rgb(102, 102, 102); font-family: arial, sans-serif; font-size: 14px; font-style: normal; font-variant: normal; font-weight: normal; letter-spacing: normal; line-height: 20px; orphans: auto; text-indent: 0px; text-transform: none; white-space: normal; widows: 1; word-spacing: 0px; -webkit-text-stroke-width: 0px; text-align: center; background-color: rgb(255, 255, 255);\"><img decoding=\"async\" alt=\"\" src=\"http:\/\/www.dmsempresarial.com\/2\/images\/ComercioExterior\/tablachile.jpg\" style=\"max-width: 100%; height: auto; vertical-align: middle; border: 0px;\"><\/p>\n<p style=\"margin: 0px 0px 10px; color: rgb(102, 102, 102); font-family: arial, sans-serif; font-size: 14px; font-style: normal; font-variant: normal; font-weight: normal; letter-spacing: normal; line-height: 20px; orphans: auto; text-indent: 0px; text-transform: none; white-space: normal; widows: 1; word-spacing: 0px; -webkit-text-stroke-width: 0px; text-align: center; background-color: rgb(255, 255, 255);\"><em style=\"font-style: italic; font-family: verdana, geneva, sans-serif; font-size: 9px;\">Fuente: Base de Datos del Banco Mundial<\/em><\/p>\n<p style=\"margin: 0px 0px 10px; color: rgb(102, 102, 102); font-family: arial, sans-serif; font-size: 14px; font-style: normal; font-variant: normal; font-weight: normal; letter-spacing: normal; line-height: 20px; orphans: auto; text-align: start; text-indent: 0px; text-transform: none; white-space: normal; widows: 1; word-spacing: 0px; -webkit-text-stroke-width: 0px; background-color: rgb(255, 255, 255);\">&nbsp;<\/p>\n<p align=\"justify\" style=\"margin: 0px; color: rgb(102, 102, 102); font-family: arial, sans-serif; font-size: 14px; font-style: normal; font-variant: normal; font-weight: normal; letter-spacing: normal; line-height: 20px; orphans: auto; text-indent: 0px; text-transform: none; white-space: normal; widows: 1; word-spacing: 0px; -webkit-text-stroke-width: 0px; background-color: rgb(255, 255, 255);\"><font face=\"Verdana\">Las proyecciones indican que los Estados miembros de la Alianza del Pac\u00edfico continuar\u00e1n presentando un crecimiento econ\u00f3mico sostenido entre el 3,5% y 5%. As\u00ed mismo, la gran cantidad de materia prima disponible en los Estados latinoamericanos ha beneficiado la producci\u00f3n y exportaci\u00f3n de productos manufacturados en M\u00e9xico y Chile. Particularmente las exportaciones chilenas hacia los Estados de Asia, las cuales alcanzaron el 31% del total de sus exportaciones en 2013.<\/font><\/p>\n<p align=\"justify\" style=\"margin: 0px; color: rgb(102, 102, 102); font-family: arial, sans-serif; font-size: 14px; font-style: normal; font-variant: normal; font-weight: normal; letter-spacing: normal; line-height: 20px; orphans: auto; text-indent: 0px; text-transform: none; white-space: normal; widows: 1; word-spacing: 0px; -webkit-text-stroke-width: 0px; background-color: rgb(255, 255, 255);\">&nbsp;<\/p>\n<p align=\"justify\" style=\"margin: 0px; color: rgb(102, 102, 102); font-family: arial, sans-serif; font-size: 14px; font-style: normal; font-variant: normal; font-weight: normal; letter-spacing: normal; line-height: 20px; orphans: auto; text-indent: 0px; text-transform: none; white-space: normal; widows: 1; word-spacing: 0px; -webkit-text-stroke-width: 0px; background-color: rgb(255, 255, 255);\">&nbsp;<\/p>\n<p align=\"justify\" style=\"margin: 0px; color: rgb(102, 102, 102); font-family: arial, sans-serif; font-size: 14px; font-style: normal; font-variant: normal; font-weight: normal; letter-spacing: normal; line-height: 20px; orphans: auto; text-indent: 0px; text-transform: none; white-space: normal; widows: 1; word-spacing: 0px; -webkit-text-stroke-width: 0px; background-color: rgb(255, 255, 255);\"><strong style=\"font-weight: bold;\"><font face=\"Verdana\">3.4. Logros y perspectivas de la Alianza del Pac\u00edfico<\/font><\/strong><\/p>\n<p align=\"justify\" style=\"margin: 0px; color: rgb(102, 102, 102); font-family: arial, sans-serif; font-size: 14px; font-style: normal; font-variant: normal; font-weight: normal; letter-spacing: normal; line-height: 20px; orphans: auto; text-indent: 0px; text-transform: none; white-space: normal; widows: 1; word-spacing: 0px; -webkit-text-stroke-width: 0px; background-color: rgb(255, 255, 255);\"><font face=\"Verdana\">En los \u00faltimos tres a\u00f1os se han realizado en el marco de la Alianza del Pac\u00edfico VIII Cumbres Presidenciales, 10 reuniones de Ministros de Comercio y Cancilleres, 23 reuniones de Viceministros y 15 reuniones de los m\u00e1s de 14 grupos t\u00e9cnicos. Esta intensidad en los intercambios demuestra el nivel de prioridad que la iniciativa tiene para Colombia y tambi\u00e9n el inter\u00e9s de los Estados de la Alianza del Pac\u00edfico en avanzar y generar resultados concretos en el proceso de integraci\u00f3n. A continuaci\u00f3n se describen los logros m\u00e1s importantes alcanzados hasta el momento en las diferentes \u00e1reas que contempla el mecanismo. Todo este trabajo y la existencia misma de la Alianza del Pac\u00edfico se formalizar\u00e1n mediante la entrada en vigencia de este Acuerdo Marco puesto hoy nuevamente a consideraci\u00f3n del Congreso de la Rep\u00fablica.<\/font><\/p>\n<p align=\"justify\" style=\"margin: 0px; color: rgb(102, 102, 102); font-family: arial, sans-serif; font-size: 14px; font-style: normal; font-variant: normal; font-weight: normal; letter-spacing: normal; line-height: 20px; orphans: auto; text-indent: 0px; text-transform: none; white-space: normal; widows: 1; word-spacing: 0px; -webkit-text-stroke-width: 0px; background-color: rgb(255, 255, 255);\"><em style=\"font-style: italic;\"><font face=\"Verdana\">Movimiento de personas:<\/font><\/em><\/p>\n<p align=\"justify\" style=\"margin: 0px 0px 0px 40px; color: rgb(102, 102, 102); font-family: arial, sans-serif; font-size: 14px; font-style: normal; font-variant: normal; font-weight: normal; letter-spacing: normal; line-height: 20px; orphans: auto; text-indent: 0px; text-transform: none; white-space: normal; widows: 1; word-spacing: 0px; -webkit-text-stroke-width: 0px; background-color: rgb(255, 255, 255);\"><font face=\"Verdana\">\u2022 M\u00e9xico, a partir de noviembre de 2012, elimin\u00f3 el requisito de visa a nacionales de Colombia y Per\u00fa que viajen a M\u00e9xico como \u201cVisitantes Sin Permiso para Realizar Actividades Remuneradas hasta 180 d\u00edas\u201d.<\/font><\/p>\n<p align=\"justify\" style=\"margin: 0px 0px 0px 40px; color: rgb(102, 102, 102); font-family: arial, sans-serif; font-size: 14px; font-style: normal; font-variant: normal; font-weight: normal; letter-spacing: normal; line-height: 20px; orphans: auto; text-indent: 0px; text-transform: none; white-space: normal; widows: 1; word-spacing: 0px; -webkit-text-stroke-width: 0px; background-color: rgb(255, 255, 255);\"><font face=\"Verdana\">\u2022 De igual manera, Per\u00fa suprimi\u00f3 las visas de negocios para nacionales de los tres Estados de la Alianza del Pac\u00edfico.<\/font><\/p>\n<p align=\"justify\" style=\"margin: 0px 0px 0px 40px; color: rgb(102, 102, 102); font-family: arial, sans-serif; font-size: 14px; font-style: normal; font-variant: normal; font-weight: normal; letter-spacing: normal; line-height: 20px; orphans: auto; text-indent: 0px; text-transform: none; white-space: normal; widows: 1; word-spacing: 0px; -webkit-text-stroke-width: 0px; background-color: rgb(255, 255, 255);\"><font face=\"Verdana\">\u2022 Se han suscrito memorandos de entendimiento entre los Estados para permitir el uso de Embajadas y Consulados en terceros Estados, en desarrollo de los objetivos de integraci\u00f3n profunda planteados en la Alianza del Pac\u00edfico.<\/font><\/p>\n<p align=\"justify\" style=\"margin: 0px 0px 0px 40px; color: rgb(102, 102, 102); font-family: arial, sans-serif; font-size: 14px; font-style: normal; font-variant: normal; font-weight: normal; letter-spacing: normal; line-height: 20px; orphans: auto; text-indent: 0px; text-transform: none; white-space: normal; widows: 1; word-spacing: 0px; -webkit-text-stroke-width: 0px; background-color: rgb(255, 255, 255);\"><font face=\"Verdana\">Cooperaci\u00f3n<\/font><\/p>\n<p align=\"justify\" style=\"margin: 0px 0px 0px 40px; color: rgb(102, 102, 102); font-family: arial, sans-serif; font-size: 14px; font-style: normal; font-variant: normal; font-weight: normal; letter-spacing: normal; line-height: 20px; orphans: auto; text-indent: 0px; text-transform: none; white-space: normal; widows: 1; word-spacing: 0px; -webkit-text-stroke-width: 0px; background-color: rgb(255, 255, 255);\"><font face=\"Verdana\">\u2022 El objetivo del Grupo de Trabajo es promover la cooperaci\u00f3n y el intercambio de experiencias en herramientas que fomenten los flujos de comercio e inversi\u00f3n, as\u00ed como la productividad, la competitividad y el desarrollo econ\u00f3mico entre nuestros Estados. As\u00ed mismo, se busca promover el cumplimiento de las mejores pr\u00e1cticas y est\u00e1ndares internacionales en estos temas.<\/font><\/p>\n<p align=\"justify\" style=\"margin: 0px; color: rgb(102, 102, 102); font-family: arial, sans-serif; font-size: 14px; font-style: normal; font-variant: normal; font-weight: normal; letter-spacing: normal; line-height: 20px; orphans: auto; text-indent: 0px; text-transform: none; white-space: normal; widows: 1; word-spacing: 0px; -webkit-text-stroke-width: 0px; background-color: rgb(255, 255, 255);\">&nbsp;<\/p>\n<div align=\"center\" style=\"color: rgb(102, 102, 102); font-family: arial, sans-serif; font-size: 14px; font-style: normal; font-variant: normal; font-weight: normal; letter-spacing: normal; line-height: 20px; orphans: auto; text-indent: 0px; text-transform: none; white-space: normal; widows: 1; word-spacing: 0px; -webkit-text-stroke-width: 0px; background-color: rgb(255, 255, 255);\">\n<table border=\"1\" cellpadding=\"6\" cellspacing=\"0\" width=\"92%\" style=\"max-width: 100%; border-collapse: collapse; border-spacing: 0px; background-color: transparent;\">\n<tr>\n<td align=\"center\" colspan=\"2\">\n<p style=\"margin: 0px;\"><b><font face=\"Verdana\">Logros y gesti\u00f3n del grupo<\/font><\/b><\/td>\n<\/tr>\n<tr>\n<td align=\"justify\">\n<p style=\"margin: 0px;\"><font face=\"Verdana\">Plataforma de Movilidad Estudiantil y Acad\u00e9mica<\/font><\/td>\n<td>\n<p align=\"justify\" style=\"margin: 0px;\"><font face=\"Verdana\">Desde 2013 se han realizado 3 convocatorias de la plataforma de movilidad acad\u00e9mica mediante las cuales se han otorgado un total de 444, as\u00ed: Chile &#8211; 156 becas (109 de pregrado y 18 de posgrado); Colombia &#8211; 80 becas (71 pregrado y 9 posgrado); M\u00e9xico 127 becas (109 de pregrado y 18 de posgrado); y Per\u00fa &#8211; 81 becas (76 de pregrado y 5 de posgrado).<\/font><\/td>\n<\/tr>\n<tr>\n<td align=\"justify\">\n<p style=\"margin: 0px;\"><font face=\"Verdana\">Fondo de Cooperaci\u00f3n<\/font><\/td>\n<td>\n<p align=\"justify\" style=\"margin: 0px;\"><font face=\"Verdana\">El 22 de mayo de 2013 se subscribi\u00f3 el \u201cAcuerdo para el Establecimiento del Fondo de Cooperaci\u00f3n de la Alianza del Pac\u00edfico\u201d, en donde se concert\u00f3 la creaci\u00f3n de un fondo de cooperaci\u00f3n que estar\u00e1 constituido por los aportes anuales de los 4 pa\u00edses, as\u00ed como posibles aportes provenientes de terceros. El aporte inicial para el primer a\u00f1o ser\u00e1 de $250,000 USD por pa\u00eds, el cual podr\u00e1 aumentarse anualmente.<br \/>Este acuerdo que ya cumpli\u00f3 los tr\u00e1mites internos para ratificaci\u00f3n en los otros pa\u00edses est\u00e1 pendiente de aprobaci\u00f3n en el Congreso colombiano.<\/font><\/td>\n<\/tr>\n<tr>\n<td align=\"justify\" rowspan=\"5\">\n<p style=\"margin: 0px;\"><font face=\"Verdana\">Otros Proyectos<\/font><\/td>\n<td>\n<p align=\"justify\" style=\"margin: 0px;\"><font face=\"Verdana\">Propuesta para desarrollar un proyecto sobre diplomacia deportiva: Objetivo, promoci\u00f3n deportiva y el intercambio de mejores pol\u00edticas p\u00fablicas en la materia, enfatizando la participaci\u00f3n de ni\u00f1os y j\u00f3venes.<\/font><\/td>\n<\/tr>\n<tr>\n<td>\n<p align=\"justify\" style=\"margin: 0px;\"><font face=\"Verdana\">Proyecto en materia de consumo sustentable: Objetivo, cooperaci\u00f3n en materia de pol\u00edticas p\u00fablicas para dirigir las econom\u00edas hacia la sostenibilidad ambiental y contribuir a la competitividad de nuestros pa\u00edses.<\/font><\/td>\n<\/tr>\n<tr>\n<td>\n<p align=\"justify\" style=\"margin: 0px;\"><font face=\"Verdana\">Proyecto sobre cultura: Objetivo, programa conjunto en materia de cultura que contribuya a la proyecci\u00f3n global de la Alianza del Pac\u00edfico.<\/font><\/td>\n<\/tr>\n<tr>\n<td>\n<p style=\"margin: 0px;\"><font face=\"Verdana\">Voluntariado juvenil: Objetivo, compartir experiencias sobre este tema de impacto en la cohesi\u00f3n social de los j\u00f3venes de la Alianza<\/font><\/td>\n<\/tr>\n<tr>\n<td>\n<p style=\"margin: 0px;\"><font face=\"Verdana\">Red de Investigaci\u00f3n Cient\u00edfica en materia de Cambio Clim\u00e1tico: Objetivo, formular y desarrollar un proyecto de seguimiento, mitigaci\u00f3n y prevenci\u00f3n del cambio clim\u00e1tico y su impacto en la regi\u00f3n.<\/font><\/td>\n<\/tr>\n<\/table>\n<p style=\"margin: 0px;\">&nbsp;<\/div>\n<p align=\"justify\" style=\"margin: 0px 0px 0px 40px; color: rgb(102, 102, 102); font-family: arial, sans-serif; font-size: 14px; font-style: normal; font-variant: normal; font-weight: normal; letter-spacing: normal; line-height: 20px; orphans: auto; text-indent: 0px; text-transform: none; white-space: normal; widows: 1; word-spacing: 0px; -webkit-text-stroke-width: 0px; background-color: rgb(255, 255, 255);\"><font face=\"Verdana\">\u2022 Se desarroll\u00f3 el proyecto: \u201cSinergia entre los pa\u00edses de la Alianza Pac\u00edfico para el mejoramiento de la competitividad de las Mipymes\u201d, en el que los Gobiernos de cada Estado miembro intercambi\u00f3 programas de apoyo aplicados a estas empresas. Como resultado de esta iniciativa, los programas \u201cRed Mover a M\u00e9xico\u201d y \u201cChile Atiende\u201d han sido punto de partida para Colombia en la creaci\u00f3n de la Red Nacional de Emprendimiento conocida como \u201cEmprende Colombia\u201d.<\/font><\/p>\n<p align=\"justify\" style=\"margin: 0px; color: rgb(102, 102, 102); font-family: arial, sans-serif; font-size: 14px; font-style: normal; font-variant: normal; font-weight: normal; letter-spacing: normal; line-height: 20px; orphans: auto; text-indent: 0px; text-transform: none; white-space: normal; widows: 1; word-spacing: 0px; -webkit-text-stroke-width: 0px; background-color: rgb(255, 255, 255);\"><em style=\"font-style: italic;\"><font face=\"Verdana\">Turismo:<\/font><\/em><\/p>\n<p align=\"justify\" style=\"margin: 0px 0px 0px 40px; color: rgb(102, 102, 102); font-family: arial, sans-serif; font-size: 14px; font-style: normal; font-variant: normal; font-weight: normal; letter-spacing: normal; line-height: 20px; orphans: auto; text-indent: 0px; text-transform: none; white-space: normal; widows: 1; word-spacing: 0px; -webkit-text-stroke-width: 0px; background-color: rgb(255, 255, 255);\"><font face=\"Verdana\">\u2022 Se firm\u00f3 a finales de agosto de 2012 un acuerdo de cooperaci\u00f3n en materia de turismo cuyo objetivo es fortalecer y desarrollar las relaciones de cooperaci\u00f3n con base en el dise\u00f1o de iniciativas que busquen incrementar los flujos entre los participantes, con \u00e9nfasis en turismo de aventura y naturaleza; turismo deportivo, turismo de sol y playa, turismo de cultura y turismo organizado para grupos; turismo de eventos y convenciones.<\/font><\/p>\n<p align=\"justify\" style=\"margin: 0px 0px 0px 40px; color: rgb(102, 102, 102); font-family: arial, sans-serif; font-size: 14px; font-style: normal; font-variant: normal; font-weight: normal; letter-spacing: normal; line-height: 20px; orphans: auto; text-indent: 0px; text-transform: none; white-space: normal; widows: 1; word-spacing: 0px; -webkit-text-stroke-width: 0px; background-color: rgb(255, 255, 255);\"><font face=\"Verdana\">\u2022 Los Estados han trabajado en la promoci\u00f3n conjunta de sus destinos tur\u00edsticos, lo cual beneficiar\u00e1 a Colombia al atraer un n\u00famero destacado de turistas que ya visitan M\u00e9xico, Chile o Per\u00fa. En 2013 el n\u00famero de turistas que visitaron los pa\u00edses de la Alianza del Pac\u00edfico ascendi\u00f3 a 33 millones de personas que tuvieron a M\u00e9xico como destino principal.<\/font><\/p>\n<p align=\"justify\" style=\"margin: 0px; color: rgb(102, 102, 102); font-family: arial, sans-serif; font-size: 14px; font-style: normal; font-variant: normal; font-weight: normal; letter-spacing: normal; line-height: 20px; orphans: auto; text-indent: 0px; text-transform: none; white-space: normal; widows: 1; word-spacing: 0px; -webkit-text-stroke-width: 0px; background-color: rgb(255, 255, 255);\"><em style=\"font-style: italic;\"><font face=\"Verdana\">Comercio e integraci\u00f3n:<\/font><\/em><\/p>\n<p align=\"justify\" style=\"margin: 0px 0px 0px 40px; color: rgb(102, 102, 102); font-family: arial, sans-serif; font-size: 14px; font-style: normal; font-variant: normal; font-weight: normal; letter-spacing: normal; line-height: 20px; orphans: auto; text-indent: 0px; text-transform: none; white-space: normal; widows: 1; word-spacing: 0px; -webkit-text-stroke-width: 0px; background-color: rgb(255, 255, 255);\"><font face=\"Verdana\">\u2022 Los Estados de la Alianza del Pac\u00edfico firmaron el Protocolo Adicional al Acuerdo Marco, el pasado 10 de febrero en Cartagena. Dicho Protocolo contiene el resultado de las negociaciones en materia comercial de la Alianza del Pac\u00edfico y ser\u00e1 puesto a consideraci\u00f3n del Congreso de la Rep\u00fablica en una fecha pr\u00f3xima. Algunos de los compromisos derivados del protocolo comercial son los siguientes:<\/font><\/p>\n<p align=\"justify\" style=\"margin: 0px; color: rgb(102, 102, 102); font-family: arial, sans-serif; font-size: 14px; font-style: normal; font-variant: normal; font-weight: normal; letter-spacing: normal; line-height: 20px; orphans: auto; text-indent: 0px; text-transform: none; white-space: normal; widows: 1; word-spacing: 0px; -webkit-text-stroke-width: 0px; background-color: rgb(255, 255, 255);\"><font face=\"Verdana\">\u2013 Desgravaci\u00f3n arancelaria: Actualmente el nivel de profundidad en materia de libre comercio de bienes es alto entre los Estados de la Alianza del Pac\u00edfico. Para el caso de Colombia ya exist\u00edan Tratados de Libre Comercio con M\u00e9xico (desde 1995), con Chile (desde 1993) y con Per\u00fa en el marco de la CAN (desde 1969-1997) y el 95.2% del universo arancelario. El protocolo comercial de la Alianza, que no es objeto de este proyecto de ley, plantea la eliminaci\u00f3n de los aranceles de un restante 4.4% del universo arancelario colombiano, con el objetivo de acercarse a la libre circulaci\u00f3n de bienes en el marco del mecanismo.<\/font><\/p>\n<p align=\"justify\" style=\"margin: 0px; color: rgb(102, 102, 102); font-family: arial, sans-serif; font-size: 14px; font-style: normal; font-variant: normal; font-weight: normal; letter-spacing: normal; line-height: 20px; orphans: auto; text-indent: 0px; text-transform: none; white-space: normal; widows: 1; word-spacing: 0px; -webkit-text-stroke-width: 0px; background-color: rgb(255, 255, 255);\"><font face=\"Verdana\">\u2013 Reglas de origen: El objetivo es lograr mayor acceso de bienes a trav\u00e9s de un cap\u00edtulo de origen que contenga normas m\u00e1s flexibles y claras, que faciliten a los sectores productivos acceder a las preferencias acordadas en el marco de la Alianza del Pac\u00edfico. Igualmente, aprovechar el abastecimiento de materias primas de la regi\u00f3n y as\u00ed fomentar la acumulaci\u00f3n entre las Partes, con el fin de generar encadenamientos productivos y fomentar la integraci\u00f3n de Colombia en las cadenas regionales y globales de valor.<\/font><\/p>\n<p align=\"justify\" style=\"margin: 0px; color: rgb(102, 102, 102); font-family: arial, sans-serif; font-size: 14px; font-style: normal; font-variant: normal; font-weight: normal; letter-spacing: normal; line-height: 20px; orphans: auto; text-indent: 0px; text-transform: none; white-space: normal; widows: 1; word-spacing: 0px; -webkit-text-stroke-width: 0px; background-color: rgb(255, 255, 255);\"><font face=\"Verdana\">\u2013 Medidas sanitarias: El objetivo es avanzar en los procesos de admisibilidad sanitaria y profundizar las disciplinas (regionalizaci\u00f3n, armonizaci\u00f3n, equivalencia, evaluaci\u00f3n del riesgo, transparencia, Comit\u00e9 MSF) para mejorar los niveles y est\u00e1ndares para el acceso sanitario entre los Estados de Alianza y frente a terceros Estados. Tambi\u00e9n se tiene contemplado desarrollar mecanismos de cooperaci\u00f3n t\u00e9cnica que le permita a Colombia incorporar mejores pr\u00e1cticas de los sistemas sanitarios de los dem\u00e1s Estados Miembros de la Alianza, con el fin de elevar nuestro est\u00e1ndar y poder cumplir con los requisitos de mercados m\u00e1s exigentes.<\/font><\/p>\n<p align=\"justify\" style=\"margin: 0px; color: rgb(102, 102, 102); font-family: arial, sans-serif; font-size: 14px; font-style: normal; font-variant: normal; font-weight: normal; letter-spacing: normal; line-height: 20px; orphans: auto; text-indent: 0px; text-transform: none; white-space: normal; widows: 1; word-spacing: 0px; -webkit-text-stroke-width: 0px; background-color: rgb(255, 255, 255);\"><font face=\"Verdana\">\u2013 Facilitaci\u00f3n del comercio y cooperaci\u00f3n aduanera: El objetivo es establecer medidas a nivel aduanero que permitan la facilitaci\u00f3n del movimiento de bienes. As\u00ed mismo, establecer medidas a nivel de cooperaci\u00f3n aduanera que permitan el intercambio de informaci\u00f3n entre aduanas, para prevenir actividades il\u00edcitas. Las actividades realizadas al interior de la Alianza han favorecido una mayor interacci\u00f3n entre autoridades aduaneras y mayores intercambios de informaci\u00f3n para facilitar<br \/>los tr\u00e1mites de comercio.<\/font><\/p>\n<p align=\"justify\" style=\"margin: 0px; color: rgb(102, 102, 102); font-family: arial, sans-serif; font-size: 14px; font-style: normal; font-variant: normal; font-weight: normal; letter-spacing: normal; line-height: 20px; orphans: auto; text-indent: 0px; text-transform: none; white-space: normal; widows: 1; word-spacing: 0px; -webkit-text-stroke-width: 0px; background-color: rgb(255, 255, 255);\"><font face=\"Verdana\">\u2013 Obst\u00e1culos t\u00e9cnicos al comercio: El objetivo es el de obtener acceso efectivo a los dem\u00e1s mercados de la Alianza, mediante la eliminaci\u00f3n de barreras innecesarias al comercio. Igualmente, la eliminaci\u00f3n de estas barreras dentro de la Alianza podr\u00eda significar mayor acceso y proyecci\u00f3n de Colombia a terceros mercados.<\/font><\/p>\n<p align=\"justify\" style=\"margin: 0px 0px 0px 40px; color: rgb(102, 102, 102); font-family: arial, sans-serif; font-size: 14px; font-style: normal; font-variant: normal; font-weight: normal; letter-spacing: normal; line-height: 20px; orphans: auto; text-indent: 0px; text-transform: none; white-space: normal; widows: 1; word-spacing: 0px; -webkit-text-stroke-width: 0px; background-color: rgb(255, 255, 255);\"><font face=\"Verdana\">\u2022 De otro lado, comprendiendo la importancia que tienen actualmente las normas y reglamentaciones t\u00e9cnicas en el comercio internacional, los Estados decidieron iniciar trabajos para mejorar la compatibilidad entre los sistemas regulatorios, compartir experiencias y buenas pr\u00e1cticas. Esto ha propiciado el acercamiento entre autoridades: se firm\u00f3 el 20 de junio de 2013 un Acuerdo Interinstitucional de Cooperaci\u00f3n entre las cuatro autoridades sanitarias de los Estados de la Alianza el cual promover\u00e1 la eliminaci\u00f3n de obst\u00e1culos y la facilitaci\u00f3n del comercio, con \u00e9nfasis en la protecci\u00f3n de la salud de los habitantes de la Alianza.<\/font><\/p>\n<p align=\"justify\" style=\"margin: 0px; color: rgb(102, 102, 102); font-family: arial, sans-serif; font-size: 14px; font-style: normal; font-variant: normal; font-weight: normal; letter-spacing: normal; line-height: 20px; orphans: auto; text-indent: 0px; text-transform: none; white-space: normal; widows: 1; word-spacing: 0px; -webkit-text-stroke-width: 0px; background-color: rgb(255, 255, 255);\"><em style=\"font-style: italic;\"><font face=\"Verdana\">Servicios e inversi\u00f3n:<\/font><\/em><\/p>\n<p align=\"justify\" style=\"margin: 0px; color: rgb(102, 102, 102); font-family: arial, sans-serif; font-size: 14px; font-style: normal; font-variant: normal; font-weight: normal; letter-spacing: normal; line-height: 20px; orphans: auto; text-indent: 0px; text-transform: none; white-space: normal; widows: 1; word-spacing: 0px; -webkit-text-stroke-width: 0px; background-color: rgb(255, 255, 255);\"><font face=\"Verdana\">\u2022 En octubre de 2012 inici\u00f3 actividades el Comit\u00e9 Mixto de Servicios e Inversi\u00f3n, que permite la interacci\u00f3n con el sector privado con el fin de identificar acciones y adoptar medidas que contribuyan al mejoramiento del clima de inversi\u00f3n y del comercio de servicios en la Alianza del Pac\u00edfico. Las actividades iniciaron mediante la puesta en marcha de una estrategia de divulgaci\u00f3n de las ventajas y funciones del Comit\u00e9 con el sector privado a trav\u00e9s del Consejo Empresarial de la Alianza del Pac\u00edfico y el establecimiento de puntos de contacto en cada Estado.<\/font><\/p>\n<p align=\"justify\" style=\"margin: 0px; color: rgb(102, 102, 102); font-family: arial, sans-serif; font-size: 14px; font-style: normal; font-variant: normal; font-weight: normal; letter-spacing: normal; line-height: 20px; orphans: auto; text-indent: 0px; text-transform: none; white-space: normal; widows: 1; word-spacing: 0px; -webkit-text-stroke-width: 0px; background-color: rgb(255, 255, 255);\"><em style=\"font-style: italic;\"><font face=\"Verdana\">Vinculaci\u00f3n Externa:<\/font><\/em><\/p>\n<p align=\"justify\" style=\"margin: 0px 0px 0px 40px; color: rgb(102, 102, 102); font-family: arial, sans-serif; font-size: 14px; font-style: normal; font-variant: normal; font-weight: normal; letter-spacing: normal; line-height: 20px; orphans: auto; text-indent: 0px; text-transform: none; white-space: normal; widows: 1; word-spacing: 0px; -webkit-text-stroke-width: 0px; background-color: rgb(255, 255, 255);\"><font face=\"Verdana\">\u2022 El Grupo T\u00e9cnico de Relacionamiento Externo se cre\u00f3 con el fin de dise\u00f1ar una estrategia estructurada para desarrollar la relaci\u00f3n de la Alianza del Pac\u00edfico con los 30 Estados Observadores (actualmente) que permita establecer un di\u00e1logo permanente y fruct\u00edfero para promover los objetivos de este mecanismo de integraci\u00f3n. La vinculaci\u00f3n con los Estados Observadores se desarrollar\u00e1 en los pilares del mecanismo: libre movimiento de bienes, servicios, personas y capitales y el pilar de cooperaci\u00f3n que incluye las \u00e1reas de ciencia y tecnolog\u00eda, educaci\u00f3n, infraestructura, medio ambiente y Pymes.<\/font><\/p>\n<p align=\"justify\" style=\"margin: 0px 0px 0px 40px; color: rgb(102, 102, 102); font-family: arial, sans-serif; font-size: 14px; font-style: normal; font-variant: normal; font-weight: normal; letter-spacing: normal; line-height: 20px; orphans: auto; text-indent: 0px; text-transform: none; white-space: normal; widows: 1; word-spacing: 0px; -webkit-text-stroke-width: 0px; background-color: rgb(255, 255, 255);\"><font face=\"Verdana\">\u2022 Siguiendo el mandato de los Cancilleres, se decidi\u00f3 como estrategia de vinculaci\u00f3n realizar reuniones con cada uno de los observadores en diferentes etapas. La primera reuni\u00f3n se llev\u00f3 a cabo entre el 7 y 8 de abril de 2014 en Lima, Per\u00fa; con Australia, Canad\u00e1, Corea, China, Espa\u00f1a, Estados Unidos, Francia, Jap\u00f3n y Nueva Zelanda, y se definieron \u00e1reas prioritarias de trabajo y cooperaci\u00f3n con estos Estados.<\/font><\/p>\n<p align=\"justify\" style=\"margin: 0px; color: rgb(102, 102, 102); font-family: arial, sans-serif; font-size: 14px; font-style: normal; font-variant: normal; font-weight: normal; letter-spacing: normal; line-height: 20px; orphans: auto; text-indent: 0px; text-transform: none; white-space: normal; widows: 1; word-spacing: 0px; -webkit-text-stroke-width: 0px; background-color: rgb(255, 255, 255);\"><em style=\"font-style: italic;\"><font face=\"Verdana\">Pymes:<\/font><\/em><\/p>\n<p align=\"justify\" style=\"margin: 0px 0px 0px 40px; color: rgb(102, 102, 102); font-family: arial, sans-serif; font-size: 14px; font-style: normal; font-variant: normal; font-weight: normal; letter-spacing: normal; line-height: 20px; orphans: auto; text-indent: 0px; text-transform: none; white-space: normal; widows: 1; word-spacing: 0px; -webkit-text-stroke-width: 0px; background-color: rgb(255, 255, 255);\"><font face=\"Verdana\">\u2022 Destacando la importancia de las peque\u00f1as y medianas empresas como motores de crecimiento econ\u00f3mico y generadoras de empleo, la Alianza ha propiciado intercambios de experiencias y buenas pr\u00e1cticas en materia de pol\u00edticas p\u00fablicas para las Pymes. Igualmente, se ha trabajado en la identificaci\u00f3n de mecanismos de apoyo para asegurar que estas empresas se beneficien de las oportunidades que ofrecen la Alianza del Pac\u00edfico y los mercados internacionales.<\/font><\/p>\n<p align=\"justify\" style=\"margin: 0px; color: rgb(102, 102, 102); font-family: arial, sans-serif; font-size: 14px; font-style: normal; font-variant: normal; font-weight: normal; letter-spacing: normal; line-height: 20px; orphans: auto; text-indent: 0px; text-transform: none; white-space: normal; widows: 1; word-spacing: 0px; -webkit-text-stroke-width: 0px; background-color: rgb(255, 255, 255);\"><em style=\"font-style: italic;\"><font face=\"Verdana\">Promoci\u00f3n de la Alianza del Pac\u00edfico:<\/font><\/em><\/p>\n<p align=\"justify\" style=\"margin: 0px; color: rgb(102, 102, 102); font-family: arial, sans-serif; font-size: 14px; font-style: normal; font-variant: normal; font-weight: normal; letter-spacing: normal; line-height: 20px; orphans: auto; text-indent: 0px; text-transform: none; white-space: normal; widows: 1; word-spacing: 0px; -webkit-text-stroke-width: 0px; background-color: rgb(255, 255, 255);\"><font face=\"Verdana\">A trav\u00e9s de un trabajo conjunto, las agencias de promoci\u00f3n de los cuatro Estados de la Alianza del Pac\u00edfico buscan promocionar la iniciativa a trav\u00e9s de actividades de promoci\u00f3n intra-alianza y con terceros mercados en materia comercial, de inversi\u00f3n extranjera directa y turismo, as\u00ed como con el establecimiento de oficinas comerciales conjuntas en el exterior y apoyando las iniciativas del Consejo Empresarial de la Alianza del Pac\u00edfico.<\/font><\/p>\n<p align=\"justify\" style=\"margin: 0px 0px 0px 40px; color: rgb(102, 102, 102); font-family: arial, sans-serif; font-size: 14px; font-style: normal; font-variant: normal; font-weight: normal; letter-spacing: normal; line-height: 20px; orphans: auto; text-indent: 0px; text-transform: none; white-space: normal; widows: 1; word-spacing: 0px; -webkit-text-stroke-width: 0px; background-color: rgb(255, 255, 255);\"><font face=\"Verdana\">\u2022 En 2012, las agencias realizaron siete seminarios conjuntos en \u00e1reas de inter\u00e9s com\u00fan, a los cuales asistieron 710 empresarios, actividades de promoci\u00f3n conjunta en ferias internacionales (como Fine Foods en India, Sial en Francia y Sabores de la Alianza en M\u00e9xico).<\/font><\/p>\n<p align=\"justify\" style=\"margin: 0px 0px 0px 40px; color: rgb(102, 102, 102); font-family: arial, sans-serif; font-size: 14px; font-style: normal; font-variant: normal; font-weight: normal; letter-spacing: normal; line-height: 20px; orphans: auto; text-indent: 0px; text-transform: none; white-space: normal; widows: 1; word-spacing: 0px; -webkit-text-stroke-width: 0px; background-color: rgb(255, 255, 255);\"><font face=\"Verdana\">\u2022 Bajo la Presidencia Pro T\u00e9mpore de Colombia, durante el 2013 se desarrollaron 33 eventos de promoci\u00f3n conjunta en comercio e inversi\u00f3n que impactaron a aproximadamente 5.178 empresarios en 22 mercados.<\/font><\/p>\n<p align=\"justify\" style=\"margin: 0px; color: rgb(102, 102, 102); font-family: arial, sans-serif; font-size: 14px; font-style: normal; font-variant: normal; font-weight: normal; letter-spacing: normal; line-height: 20px; orphans: auto; text-indent: 0px; text-transform: none; white-space: normal; widows: 1; word-spacing: 0px; -webkit-text-stroke-width: 0px; background-color: rgb(255, 255, 255);\"><font face=\"Verdana\">Veinticuatro de ellos fueron seminarios de oportunidades de comercio o inversi\u00f3n (asistieron 2.583 empresarios en 18 pa\u00edses). Adicionalmente, se realizaron las siguientes actividades:<\/font><\/p>\n<p align=\"justify\" style=\"margin: 0px; color: rgb(102, 102, 102); font-family: arial, sans-serif; font-size: 14px; font-style: normal; font-variant: normal; font-weight: normal; letter-spacing: normal; line-height: 20px; orphans: auto; text-indent: 0px; text-transform: none; white-space: normal; widows: 1; word-spacing: 0px; -webkit-text-stroke-width: 0px; background-color: rgb(255, 255, 255);\">&nbsp;<\/p>\n<div align=\"center\" style=\"color: rgb(102, 102, 102); font-family: arial, sans-serif; font-size: 14px; font-style: normal; font-variant: normal; font-weight: normal; letter-spacing: normal; line-height: 20px; orphans: auto; text-indent: 0px; text-transform: none; white-space: normal; widows: 1; word-spacing: 0px; -webkit-text-stroke-width: 0px; background-color: rgb(255, 255, 255);\">\n<table border=\"1\" cellpadding=\"6\" cellspacing=\"0\" width=\"96%\" style=\"max-width: 100%; border-collapse: collapse; border-spacing: 0px; background-color: transparent;\">\n<tr>\n<td colspan=\"2\">\n<p align=\"center\" style=\"margin: 0px;\"><b><font face=\"Verdana\">Actividades de promoci\u00f3n 2013<\/font><\/b><\/td>\n<\/tr>\n<tr>\n<td rowspan=\"3\">\n<p align=\"justify\" style=\"margin: 0px;\"><font face=\"Verdana\">Foros empresariales asistieron alrededor de 573 empresarios<\/font><\/td>\n<td align=\"justify\">\n<p style=\"margin: 0px;\"><font face=\"Verdana\">I Encuentro Empresarial de la Alianza del Pac\u00edfico en el marco de la VII Cumbre de Jefes de Estado en Cali. Cont\u00f3 con la participaci\u00f3n de 334 CEO de 14 pa\u00edses.<\/font><\/td>\n<\/tr>\n<tr>\n<td align=\"justify\">\n<p style=\"margin: 0px;\"><font face=\"Verdana\">Foro Empresarial de la Alianza del Pac\u00edfico: En el marco de la Asamblea General de la ONU en N. Y. Asistieron 239 CEO estadounidenses.<\/font><\/td>\n<\/tr>\n<tr>\n<td>\n<p align=\"justify\" style=\"margin: 0px;\"><font face=\"Verdana\">I Foro de Emprendimiento e Innovaci\u00f3n LAB 4+, con la participaci\u00f3n de 40 expositores de renombre internacional, 12 instituciones de capital de riesgo y un grupo de 60 emprendedores de los cuatro pa\u00edses.<\/font><\/td>\n<\/tr>\n<tr>\n<td rowspan=\"3\">\n<p style=\"margin: 0px;\"><font face=\"Verdana\">Una macrorrueda de negocios<\/font><\/td>\n<td>\n<p align=\"justify\" style=\"margin: 0px;\"><font face=\"Verdana\">Con la participaci\u00f3n de 722 empresarios de los pa\u00edses de la Alianza, de los cuales 486 eran exportadores y 236 compradores.<\/font><\/td>\n<\/tr>\n<tr>\n<td>\n<p align=\"justify\" style=\"margin: 0px;\"><font face=\"Verdana\">Se desarrollaron cerca de 3.800 citas de negocios<\/font><\/td>\n<\/tr>\n<tr>\n<td>\n<p align=\"justify\" style=\"margin: 0px;\"><font face=\"Verdana\">El cierre dej\u00f3 un reporte positivo de expectativas de negocios intraalianza de aproximadamente USD$116 millones sup<\/font><\/td>\n<\/tr>\n<tr>\n<td rowspan=\"3\">\n<p style=\"margin: 0px;\"><font face=\"Verdana\">Otras actividades<\/font><\/td>\n<td>\n<p align=\"justify\" style=\"margin: 0px;\"><font face=\"Verdana\">Activaci\u00f3n en supermercados peruanos &#8211; promoci\u00f3n de los productos alimenticios y tur\u00edsticos de los 3 pa\u00edses en 8 supermercados Vivanda.<\/font><\/td>\n<\/tr>\n<tr>\n<td>\n<p align=\"justify\" style=\"margin: 0px;\"><font face=\"Verdana\">Producci\u00f3n de los comerciales de promoci\u00f3n de inversi\u00f3n y de turismo que fueron lanzados en la cadena estadounidense CNN, en el marco del Foro Empresarial de Nueva York.<\/font><\/td>\n<\/tr>\n<tr>\n<td>\n<p align=\"justify\" style=\"margin: 0px;\"><font face=\"Verdana\">Producci\u00f3n de la cartilla de oportunidades en comercio e inversi\u00f3n: \u201cPacific Alliance: Integration, Growth and Opportunities\u201d en ingl\u00e9s, alem\u00e1n, mandar\u00edn y espa\u00f1ol.<\/font><\/td>\n<\/tr>\n<\/table>\n<p align=\"justify\" style=\"margin: 0px;\">&nbsp;<\/div>\n<p align=\"justify\" style=\"margin: 0px 0px 0px 40px; color: rgb(102, 102, 102); font-family: arial, sans-serif; font-size: 14px; font-style: normal; font-variant: normal; font-weight: normal; letter-spacing: normal; line-height: 20px; orphans: auto; text-indent: 0px; text-transform: none; white-space: normal; widows: 1; word-spacing: 0px; -webkit-text-stroke-width: 0px; background-color: rgb(255, 255, 255);\"><font face=\"Verdana\">\u2022 Colombia particip\u00f3 junto con los dem\u00e1s Estados Miembros de la Alianza del Pac\u00edfico, en el foro empresarial organizado por las agencias de promoci\u00f3n en la ciudad de Nueva York en el marco de la Asamblea General de las Naciones Unidas en septiembre de 2013.<\/font><\/p>\n<p align=\"justify\" style=\"margin: 0px 0px 0px 40px; color: rgb(102, 102, 102); font-family: arial, sans-serif; font-size: 14px; font-style: normal; font-variant: normal; font-weight: normal; letter-spacing: normal; line-height: 20px; orphans: auto; text-indent: 0px; text-transform: none; white-space: normal; widows: 1; word-spacing: 0px; -webkit-text-stroke-width: 0px; background-color: rgb(255, 255, 255);\"><font face=\"Verdana\">\u2022 Durante el 2014, se ha continuado con el desarrollo de actividades que incentivan las exportaciones, la IED y el turismo hacia los Estados de la Alianza con el desarrollo de seminarios y participando en m\u00e1s ferias agroindustriales. En la siguiente tabla se muestra un resumen de las actividades para el 2014.<\/font><\/p>\n<p align=\"justify\" style=\"margin: 0px; color: rgb(102, 102, 102); font-family: arial, sans-serif; font-size: 14px; font-style: normal; font-variant: normal; font-weight: normal; letter-spacing: normal; line-height: 20px; orphans: auto; text-indent: 0px; text-transform: none; white-space: normal; widows: 1; word-spacing: 0px; -webkit-text-stroke-width: 0px; background-color: rgb(255, 255, 255);\">&nbsp;<\/p>\n<div align=\"center\" style=\"color: rgb(102, 102, 102); font-family: arial, sans-serif; font-size: 14px; font-style: normal; font-variant: normal; font-weight: normal; letter-spacing: normal; line-height: 20px; orphans: auto; text-indent: 0px; text-transform: none; white-space: normal; widows: 1; word-spacing: 0px; -webkit-text-stroke-width: 0px; background-color: rgb(255, 255, 255);\">\n<table border=\"1\" cellpadding=\"6\" cellspacing=\"0\" width=\"98%\" style=\"max-width: 100%; border-collapse: collapse; border-spacing: 0px; background-color: transparent;\">\n<tr>\n<td align=\"center\" colspan=\"2\">\n<p style=\"margin: 0px;\"><b><font face=\"Verdana\">Actividades de promoci\u00f3n 2014<\/font><\/b><\/td>\n<\/tr>\n<tr>\n<td align=\"justify\" rowspan=\"3\">\n<p style=\"margin: 0px;\"><font face=\"Verdana\">Actividades de promoci\u00f3n realizadas hasta abril 2014.<\/font><\/td>\n<td align=\"justify\">\n<p style=\"margin: 0px;\"><font face=\"Verdana\">11th Business Link, 19 de febrero \u2013 Osaka, Jap\u00f3n<\/font><\/td>\n<\/tr>\n<tr>\n<td align=\"justify\">\n<p style=\"margin: 0px;\"><font face=\"Verdana\">Lanzamiento de la Oficina Comercial Conjunta de la Alianza del Pac\u00edfico en Turqu\u00eda<\/font><\/td>\n<\/tr>\n<tr>\n<td align=\"center\">\n<p align=\"justify\" style=\"margin: 0px;\"><font face=\"Verdana\">ProM\u00e9xico Global, 25 y 26 de marzo \u2013 M\u00e9xico<\/font><\/td>\n<\/tr>\n<tr>\n<td align=\"center\" rowspan=\"6\">\n<p align=\"justify\" style=\"margin: 0px;\"><font face=\"Verdana\">Pr\u00f3ximas actividades a realizar<\/font><\/td>\n<td align=\"center\">\n<p align=\"justify\" style=\"margin: 0px;\"><font face=\"Verdana\">27 seminarios de oportunidades de negocios e inversi\u00f3n en 18 mercados.<\/font><\/td>\n<\/tr>\n<tr>\n<td align=\"center\">\n<p align=\"justify\" style=\"margin: 0px;\"><font face=\"Verdana\">5 ferias internacionales de agroindustria y una de autopartes.<\/font><\/td>\n<\/tr>\n<tr>\n<td align=\"center\">\n<p align=\"justify\" style=\"margin: 0px;\"><font face=\"Verdana\">II Macrorrueda de Negocios en Puerto Vallarta (10 y 11 junio)<\/font><\/td>\n<\/tr>\n<tr>\n<td align=\"center\">\n<p align=\"justify\" style=\"margin: 0px;\"><font face=\"Verdana\">II Foro LAB 4+, cuya sede ser\u00e1 Colombia.<\/font><\/td>\n<\/tr>\n<tr>\n<td align=\"center\">\n<p align=\"justify\" style=\"margin: 0px;\"><font face=\"Verdana\">Encuentro de Tour Operadores de la Alianza del Pac\u00edfico (Vitrina Tur\u00edstica \u2013 ANATO)<\/font><\/td>\n<\/tr>\n<tr>\n<td align=\"center\">\n<p align=\"justify\" style=\"margin: 0px;\"><font face=\"Verdana\">I Macrorrueda de Turismo de la Alianza del Pac\u00edfico, cuya sede ser\u00e1 Cali.<\/font><\/td>\n<\/tr>\n<\/table>\n<p align=\"justify\" style=\"margin: 0px;\">&nbsp;<\/div>\n<p align=\"justify\" style=\"margin: 0px 0px 0px 40px; color: rgb(102, 102, 102); font-family: arial, sans-serif; font-size: 14px; font-style: normal; font-variant: normal; font-weight: normal; letter-spacing: normal; line-height: 20px; orphans: auto; text-indent: 0px; text-transform: none; white-space: normal; widows: 1; word-spacing: 0px; -webkit-text-stroke-width: 0px; background-color: rgb(255, 255, 255);\"><font face=\"Verdana\">\u2022 Las agencias abrieron una oficina de promoci\u00f3n conjunta en Estambul, Turqu\u00eda, la cual funciona desde mediados de 2013 y est\u00e1n adelantando trabajos para la apertura de una segunda oficina conjunta en Marruecos, Casablanca, lo que para Colombia significa un posicionamiento en mercados estrat\u00e9gicos donde no se ten\u00eda presencia por medio de representaciones comerciales.<\/font><\/p>\n<p align=\"justify\" style=\"margin: 0px 0px 0px 40px; color: rgb(102, 102, 102); font-family: arial, sans-serif; font-size: 14px; font-style: normal; font-variant: normal; font-weight: normal; letter-spacing: normal; line-height: 20px; orphans: auto; text-indent: 0px; text-transform: none; white-space: normal; widows: 1; word-spacing: 0px; -webkit-text-stroke-width: 0px; background-color: rgb(255, 255, 255);\">&nbsp;<\/p>\n<p align=\"justify\" style=\"margin: 0px; color: rgb(102, 102, 102); font-family: arial, sans-serif; font-size: 14px; font-style: normal; font-variant: normal; font-weight: normal; letter-spacing: normal; line-height: 20px; orphans: auto; text-indent: 0px; text-transform: none; white-space: normal; widows: 1; word-spacing: 0px; -webkit-text-stroke-width: 0px; background-color: rgb(255, 255, 255);\"><strong style=\"font-weight: bold;\"><font face=\"Verdana\">4. Caracter\u00edsticas del Acuerdo Marco:<\/font><\/strong><\/p>\n<p align=\"justify\" style=\"margin: 0px; color: rgb(102, 102, 102); font-family: arial, sans-serif; font-size: 14px; font-style: normal; font-variant: normal; font-weight: normal; letter-spacing: normal; line-height: 20px; orphans: auto; text-indent: 0px; text-transform: none; white-space: normal; widows: 1; word-spacing: 0px; -webkit-text-stroke-width: 0px; background-color: rgb(255, 255, 255);\"><font face=\"Verdana\">El Acuerdo constitutivo de la Alianza del Pac\u00edfico es un tratado internacional que da un marco jur\u00eddico e institucionaliza la \u201cAlianza del Pac\u00edfico\u201d; define sus objetivos y las acciones a desarrollar para alcanzar tales objetivos, establece sus \u00f3rganos de direcci\u00f3n y la naturaleza de los instrumentos que se aprueben al interior de la misma, permite la posibilidad de que haya Estados observadores, reglamenta la adhesi\u00f3n de nuevos Estados, dispone c\u00f3mo se resolver\u00e1n las controversias entre sus Estados Miembros, reglamenta la manera como podr\u00e1 enmendarse y establece reglas acerca de su entrada en vigencia y duraci\u00f3n.<\/font><\/p>\n<p align=\"justify\" style=\"margin: 0px; color: rgb(102, 102, 102); font-family: arial, sans-serif; font-size: 14px; font-style: normal; font-variant: normal; font-weight: normal; letter-spacing: normal; line-height: 20px; orphans: auto; text-indent: 0px; text-transform: none; white-space: normal; widows: 1; word-spacing: 0px; -webkit-text-stroke-width: 0px; background-color: rgb(255, 255, 255);\"><font face=\"Verdana\">As\u00ed mismo, le establece a sus miembros como requisitos esenciales para la participaci\u00f3n en ella, la vigencia del Estado de derecho, la democracia y el orden constitucional, la separaci\u00f3n de los poderes del Estado y la protecci\u00f3n, promoci\u00f3n, respeto y garant\u00eda de los derechos humanos y las libertades fundamentales.<\/font><\/p>\n<p align=\"justify\" style=\"margin: 0px; color: rgb(102, 102, 102); font-family: arial, sans-serif; font-size: 14px; font-style: normal; font-variant: normal; font-weight: normal; letter-spacing: normal; line-height: 20px; orphans: auto; text-indent: 0px; text-transform: none; white-space: normal; widows: 1; word-spacing: 0px; -webkit-text-stroke-width: 0px; background-color: rgb(255, 255, 255);\"><font face=\"Verdana\">El Acuerdo Marco define la Alianza del Pac\u00edfico como un \u00e1rea de integraci\u00f3n regional, con los siguientes objetivos:<\/font><\/p>\n<p align=\"justify\" style=\"margin: 0px 0px 0px 40px; color: rgb(102, 102, 102); font-family: arial, sans-serif; font-size: 14px; font-style: normal; font-variant: normal; font-weight: normal; letter-spacing: normal; line-height: 20px; orphans: auto; text-indent: 0px; text-transform: none; white-space: normal; widows: 1; word-spacing: 0px; -webkit-text-stroke-width: 0px; background-color: rgb(255, 255, 255);\"><font face=\"Verdana\">\u2022 Construir, de manera participativa y consensuada, un \u00e1rea de integraci\u00f3n profunda para avanzar progresivamente hacia la libre circulaci\u00f3n de bienes, servicios, capitales y personas.<\/font><\/p>\n<p align=\"justify\" style=\"margin: 0px 0px 0px 40px; color: rgb(102, 102, 102); font-family: arial, sans-serif; font-size: 14px; font-style: normal; font-variant: normal; font-weight: normal; letter-spacing: normal; line-height: 20px; orphans: auto; text-indent: 0px; text-transform: none; white-space: normal; widows: 1; word-spacing: 0px; -webkit-text-stroke-width: 0px; background-color: rgb(255, 255, 255);\"><font face=\"Verdana\">\u2022 Impulsar un mayor crecimiento, desarrollo y competitividad de las econom\u00edas de las Partes, con miras a lograr un mayor bienestar, la superaci\u00f3n de la desigualdad socioecon\u00f3mica y la inclusi\u00f3n social de sus habitantes, y<\/font><\/p>\n<p align=\"justify\" style=\"margin: 0px 0px 0px 40px; color: rgb(102, 102, 102); font-family: arial, sans-serif; font-size: 14px; font-style: normal; font-variant: normal; font-weight: normal; letter-spacing: normal; line-height: 20px; orphans: auto; text-indent: 0px; text-transform: none; white-space: normal; widows: 1; word-spacing: 0px; -webkit-text-stroke-width: 0px; background-color: rgb(255, 255, 255);\"><font face=\"Verdana\">\u2022 Convertirse en una plataforma de articulaci\u00f3n pol\u00edtica, de integraci\u00f3n econ\u00f3mica y comercial, y de proyecci\u00f3n al mundo, con especial \u00e9nfasis al Asia Pac\u00edfico.<\/font><\/p>\n<p align=\"justify\" style=\"margin: 0px; color: rgb(102, 102, 102); font-family: arial, sans-serif; font-size: 14px; font-style: normal; font-variant: normal; font-weight: normal; letter-spacing: normal; line-height: 20px; orphans: auto; text-indent: 0px; text-transform: none; white-space: normal; widows: 1; word-spacing: 0px; -webkit-text-stroke-width: 0px; background-color: rgb(255, 255, 255);\"><font face=\"Verdana\">La Alianza cuenta con una agenda integral, determinada por los resultados ya alcanzados en materia comercial, de acci\u00f3n conjunta y coordinada entre las agencias de promoci\u00f3n de exportaciones y la atracci\u00f3n de inversiones, la cooperaci\u00f3n y el movimiento de personas.<\/font><\/p>\n<p align=\"justify\" style=\"margin: 0px; color: rgb(102, 102, 102); font-family: arial, sans-serif; font-size: 14px; font-style: normal; font-variant: normal; font-weight: normal; letter-spacing: normal; line-height: 20px; orphans: auto; text-indent: 0px; text-transform: none; white-space: normal; widows: 1; word-spacing: 0px; -webkit-text-stroke-width: 0px; background-color: rgb(255, 255, 255);\"><font face=\"Verdana\">El Acuerdo Marco establece las siguientes acciones mediante las cuales, entre otras, la Alianza trabaja en la b\u00fasqueda de sus objetivos:<\/font><\/p>\n<p align=\"justify\" style=\"margin: 0px 0px 0px 40px; color: rgb(102, 102, 102); font-family: arial, sans-serif; font-size: 14px; font-style: normal; font-variant: normal; font-weight: normal; letter-spacing: normal; line-height: 20px; orphans: auto; text-indent: 0px; text-transform: none; white-space: normal; widows: 1; word-spacing: 0px; -webkit-text-stroke-width: 0px; background-color: rgb(255, 255, 255);\"><font face=\"Verdana\">\u2022 Liberalizar el intercambio comercial de bienes y servicios, con miras a consolidar una zona de libre comercio entre las Partes.<\/font><\/p>\n<p align=\"justify\" style=\"margin: 0px 0px 0px 40px; color: rgb(102, 102, 102); font-family: arial, sans-serif; font-size: 14px; font-style: normal; font-variant: normal; font-weight: normal; letter-spacing: normal; line-height: 20px; orphans: auto; text-indent: 0px; text-transform: none; white-space: normal; widows: 1; word-spacing: 0px; -webkit-text-stroke-width: 0px; background-color: rgb(255, 255, 255);\"><font face=\"Verdana\">\u2022 Avanzar hacia la libre circulaci\u00f3n de capitales y la promoci\u00f3n de las inversiones entre las Partes.<\/font><\/p>\n<p align=\"justify\" style=\"margin: 0px 0px 0px 40px; color: rgb(102, 102, 102); font-family: arial, sans-serif; font-size: 14px; font-style: normal; font-variant: normal; font-weight: normal; letter-spacing: normal; line-height: 20px; orphans: auto; text-indent: 0px; text-transform: none; white-space: normal; widows: 1; word-spacing: 0px; -webkit-text-stroke-width: 0px; background-color: rgb(255, 255, 255);\"><font face=\"Verdana\">\u2022 Desarrollar acciones de facilitaci\u00f3n del comercio y asuntos aduaneros.<\/font><\/p>\n<p align=\"justify\" style=\"margin: 0px 0px 0px 40px; color: rgb(102, 102, 102); font-family: arial, sans-serif; font-size: 14px; font-style: normal; font-variant: normal; font-weight: normal; letter-spacing: normal; line-height: 20px; orphans: auto; text-indent: 0px; text-transform: none; white-space: normal; widows: 1; word-spacing: 0px; -webkit-text-stroke-width: 0px; background-color: rgb(255, 255, 255);\"><font face=\"Verdana\">\u2022 Promover la cooperaci\u00f3n entre las autoridades migratorias y consulares y facilitar el movimiento de personas y el tr\u00e1nsito migratorio en el territorio de las Partes.<\/font><\/p>\n<p align=\"justify\" style=\"margin: 0px 0px 0px 40px; color: rgb(102, 102, 102); font-family: arial, sans-serif; font-size: 14px; font-style: normal; font-variant: normal; font-weight: normal; letter-spacing: normal; line-height: 20px; orphans: auto; text-indent: 0px; text-transform: none; white-space: normal; widows: 1; word-spacing: 0px; -webkit-text-stroke-width: 0px; background-color: rgb(255, 255, 255);\"><font face=\"Verdana\">\u2022 Coordinar la prevenci\u00f3n y contenci\u00f3n de la delincuencia organizada transnacional para fortalecer las instancias de seguridad p\u00fablica y de procuraci\u00f3n de justicia de las Partes, y<\/font><\/p>\n<p align=\"justify\" style=\"margin: 0px 0px 0px 40px; color: rgb(102, 102, 102); font-family: arial, sans-serif; font-size: 14px; font-style: normal; font-variant: normal; font-weight: normal; letter-spacing: normal; line-height: 20px; orphans: auto; text-indent: 0px; text-transform: none; white-space: normal; widows: 1; word-spacing: 0px; -webkit-text-stroke-width: 0px; background-color: rgb(255, 255, 255);\"><font face=\"Verdana\">\u2022 Contribuir a la integraci\u00f3n de las Partes mediante el desarrollo de mecanismos de cooperaci\u00f3n e impulsar la plataforma de cooperaci\u00f3n del Pac\u00edfico.<\/font><\/p>\n<p align=\"justify\" style=\"margin: 0px; color: rgb(102, 102, 102); font-family: arial, sans-serif; font-size: 14px; font-style: normal; font-variant: normal; font-weight: normal; letter-spacing: normal; line-height: 20px; orphans: auto; text-indent: 0px; text-transform: none; white-space: normal; widows: 1; word-spacing: 0px; -webkit-text-stroke-width: 0px; background-color: rgb(255, 255, 255);\">&nbsp;<\/p>\n<p align=\"justify\" style=\"margin: 0px; color: rgb(102, 102, 102); font-family: arial, sans-serif; font-size: 14px; font-style: normal; font-variant: normal; font-weight: normal; letter-spacing: normal; line-height: 20px; orphans: auto; text-indent: 0px; text-transform: none; white-space: normal; widows: 1; word-spacing: 0px; -webkit-text-stroke-width: 0px; background-color: rgb(255, 255, 255);\"><font face=\"Verdana\">Igualmente, cabe destacar la institucionalidad de la Alianza del Pac\u00edfico, prevista en el Acuerdo a trav\u00e9s de:<\/font><\/p>\n<p align=\"justify\" style=\"margin: 0px; color: rgb(102, 102, 102); font-family: arial, sans-serif; font-size: 14px; font-style: normal; font-variant: normal; font-weight: normal; letter-spacing: normal; line-height: 20px; orphans: auto; text-indent: 0px; text-transform: none; white-space: normal; widows: 1; word-spacing: 0px; -webkit-text-stroke-width: 0px; background-color: rgb(255, 255, 255);\">&nbsp;<\/p>\n<p align=\"justify\" style=\"margin: 0px 0px 0px 40px; color: rgb(102, 102, 102); font-family: arial, sans-serif; font-size: 14px; font-style: normal; font-variant: normal; font-weight: normal; letter-spacing: normal; line-height: 20px; orphans: auto; text-indent: 0px; text-transform: none; white-space: normal; widows: 1; word-spacing: 0px; -webkit-text-stroke-width: 0px; background-color: rgb(255, 255, 255);\"><font face=\"Verdana\">\u2022 El establecimiento del Consejo de Ministros como \u00f3rgano principal, integrado por los Ministros de Relaciones Exteriores y los Ministros responsables de Comercio Exterior, con la funci\u00f3n de adoptar las decisiones que desarrollen los objetivos y acciones espec\u00edficas previstas en el Acuerdo Marco, as\u00ed como, en las declaraciones presidenciales de la Alianza del Pac\u00edfico.<\/font><\/p>\n<p align=\"justify\" style=\"margin: 0px 0px 0px 40px; color: rgb(102, 102, 102); font-family: arial, sans-serif; font-size: 14px; font-style: normal; font-variant: normal; font-weight: normal; letter-spacing: normal; line-height: 20px; orphans: auto; text-indent: 0px; text-transform: none; white-space: normal; widows: 1; word-spacing: 0px; -webkit-text-stroke-width: 0px; background-color: rgb(255, 255, 255);\"><font face=\"Verdana\">\u2022 La figura de la Presidencia Pro T\u00e9mpore de la Alianza del Pac\u00edfico, la cual ser\u00e1 ejercida sucesivamente por cada una de las Partes, en orden alfab\u00e9tico, por per\u00edodos anuales iniciados en enero.<\/font><\/p>\n<p align=\"justify\" style=\"margin: 0px 0px 0px 40px; color: rgb(102, 102, 102); font-family: arial, sans-serif; font-size: 14px; font-style: normal; font-variant: normal; font-weight: normal; letter-spacing: normal; line-height: 20px; orphans: auto; text-indent: 0px; text-transform: none; white-space: normal; widows: 1; word-spacing: 0px; -webkit-text-stroke-width: 0px; background-color: rgb(255, 255, 255);\"><font face=\"Verdana\">\u2022 La definici\u00f3n de los criterios de adhesi\u00f3n, por parte de los Estados que as\u00ed lo soliciten y que tengan vigente un Acuerdo de Libre Comercio con cada una de las Partes.<\/font><\/p>\n<p align=\"justify\" style=\"margin: 0px 0px 0px 40px; color: rgb(102, 102, 102); font-family: arial, sans-serif; font-size: 14px; font-style: normal; font-variant: normal; font-weight: normal; letter-spacing: normal; line-height: 20px; orphans: auto; text-indent: 0px; text-transform: none; white-space: normal; widows: 1; word-spacing: 0px; -webkit-text-stroke-width: 0px; background-color: rgb(255, 255, 255);\"><font face=\"Verdana\">\u2022 La incorporaci\u00f3n de la posibilidad de participaci\u00f3n como Estado observador de la Alianza del Pac\u00edfico y los requisitos para la misma.<\/font><\/p>\n<p align=\"justify\" style=\"margin: 0px; color: rgb(102, 102, 102); font-family: arial, sans-serif; font-size: 14px; font-style: normal; font-variant: normal; font-weight: normal; letter-spacing: normal; line-height: 20px; orphans: auto; text-indent: 0px; text-transform: none; white-space: normal; widows: 1; word-spacing: 0px; -webkit-text-stroke-width: 0px; background-color: rgb(255, 255, 255);\"><font face=\"Verdana\">El Acuerdo Marco es claro en establecer que este proceso de integraci\u00f3n tendr\u00e1 como base los acuerdos econ\u00f3micos, comerciales y de integraci\u00f3n vigentes entre las Partes a nivel bilateral, regional y multilateral. En este sentido, el Acuerdo Marco garantiza la permanencia y continuidad de los procesos de integraci\u00f3n existentes, el avance y profundizaci\u00f3n de los nuevos acuerdos alcanzados en desarrollo de los distintos acuerdos comerciales internacionales vigentes.<\/font><\/p>\n<p align=\"justify\" style=\"margin: 0px; color: rgb(102, 102, 102); font-family: arial, sans-serif; font-size: 14px; font-style: normal; font-variant: normal; font-weight: normal; letter-spacing: normal; line-height: 20px; orphans: auto; text-indent: 0px; text-transform: none; white-space: normal; widows: 1; word-spacing: 0px; -webkit-text-stroke-width: 0px; background-color: rgb(255, 255, 255);\"><font face=\"Verdana\">La figura de los Estados Observadores evidencia que la Alianza del Pac\u00edfico es un proceso de integraci\u00f3n abierto y flexible, que busca entre otros, alentar la integraci\u00f3n de todo el Pac\u00edfico latinoamericano. Panam\u00e1 y Costa Rica acompa\u00f1aron el proceso de constituci\u00f3n de la Alianza del Pac\u00edfico y aspiran convertirse en miembros. El Acuerdo Marco contempla la posibilidad y define par\u00e1metros para el desarrollo de relaciones con terceros y la incorporaci\u00f3n de otros Estados en calidad de observadores.<\/font><\/p>\n<p align=\"justify\" style=\"margin: 0px; color: rgb(102, 102, 102); font-family: arial, sans-serif; font-size: 14px; font-style: normal; font-variant: normal; font-weight: normal; letter-spacing: normal; line-height: 20px; orphans: auto; text-indent: 0px; text-transform: none; white-space: normal; widows: 1; word-spacing: 0px; -webkit-text-stroke-width: 0px; background-color: rgb(255, 255, 255);\"><font face=\"Verdana\">El proceso de integraci\u00f3n profunda de la Alianza ha llamado la atenci\u00f3n de la comunidad internacional. Hasta la fecha, 30 Estados de todos los continentes, han sido aceptados en calidad de observadores en la Alianza, incluyendo Estados del hemisferio y otros extrarregionales, quienes han demostrado inter\u00e9s en conocer las actividades que se realizan al interior de la Alianza como en relacionarse de manera m\u00e1s din\u00e1mica por medio de mecanismos de cooperaci\u00f3n.<\/font><\/p>\n<p align=\"justify\" style=\"margin: 0px; color: rgb(102, 102, 102); font-family: arial, sans-serif; font-size: 14px; font-style: normal; font-variant: normal; font-weight: normal; letter-spacing: normal; line-height: 20px; orphans: auto; text-indent: 0px; text-transform: none; white-space: normal; widows: 1; word-spacing: 0px; -webkit-text-stroke-width: 0px; background-color: rgb(255, 255, 255);\"><font face=\"Verdana\">La adhesi\u00f3n de nuevos miembros de la Alianza est\u00e1 sujeta a la vigencia de acuerdos comerciales entre ellos y sus actuales miembros. Costa Rica tiene acuerdos comerciales con Chile, M\u00e9xico y Per\u00fa. El acuerdo comercial con Colombia est\u00e1 suscrito y en tr\u00e1mite legislativo para aprobaci\u00f3n interna. Panam\u00e1 tiene Acuerdos de Libre Comercio con Chile y Per\u00fa y acuerdos de alcance parcial con Colombia y M\u00e9xico. Actualmente el Acuerdo de Libre Comercio con Colombia est\u00e1 suscrito y en tr\u00e1mite legislativo para aprobaci\u00f3n interna.<\/font><\/p>\n<p align=\"justify\" style=\"margin: 0px; color: rgb(102, 102, 102); font-family: arial, sans-serif; font-size: 14px; font-style: normal; font-variant: normal; font-weight: normal; letter-spacing: normal; line-height: 20px; orphans: auto; text-indent: 0px; text-transform: none; white-space: normal; widows: 1; word-spacing: 0px; -webkit-text-stroke-width: 0px; background-color: rgb(255, 255, 255);\">&nbsp;<\/p>\n<p align=\"justify\" style=\"margin: 0px; color: rgb(102, 102, 102); font-family: arial, sans-serif; font-size: 14px; font-style: normal; font-variant: normal; font-weight: normal; letter-spacing: normal; line-height: 20px; orphans: auto; text-indent: 0px; text-transform: none; white-space: normal; widows: 1; word-spacing: 0px; -webkit-text-stroke-width: 0px; background-color: rgb(255, 255, 255);\"><strong style=\"font-weight: bold;\"><font face=\"Verdana\">5. Cumplimiento de los requisitos constitucionales sustantivos durante la negociaci\u00f3n y suscripci\u00f3n del Acuerdo Marco de la Alianza del Pac\u00edfico<\/font><\/strong><\/p>\n<p align=\"justify\" style=\"margin: 0px; color: rgb(102, 102, 102); font-family: arial, sans-serif; font-size: 14px; font-style: normal; font-variant: normal; font-weight: normal; letter-spacing: normal; line-height: 20px; orphans: auto; text-indent: 0px; text-transform: none; white-space: normal; widows: 1; word-spacing: 0px; -webkit-text-stroke-width: 0px; background-color: rgb(255, 255, 255);\"><font face=\"Verdana\">La negociaci\u00f3n del Acuerdo Marco de la Alianza del Pac\u00edfico y su posterior suscripci\u00f3n se desarrollaron de conformidad con los principios consagrados en la Constituci\u00f3n Pol\u00edtica. Es desde esta perspectiva que se procede a analizar los principales principios constitucionales sobre los cuales se fund\u00f3 la negociaci\u00f3n y posterior suscripci\u00f3n del Acuerdo.<\/font><\/p>\n<p align=\"justify\" style=\"margin: 0px; color: rgb(102, 102, 102); font-family: arial, sans-serif; font-size: 14px; font-style: normal; font-variant: normal; font-weight: normal; letter-spacing: normal; line-height: 20px; orphans: auto; text-indent: 0px; text-transform: none; white-space: normal; widows: 1; word-spacing: 0px; -webkit-text-stroke-width: 0px; background-color: rgb(255, 255, 255);\">&nbsp;<\/p>\n<p align=\"justify\" style=\"margin: 0px; color: rgb(102, 102, 102); font-family: arial, sans-serif; font-size: 14px; font-style: normal; font-variant: normal; font-weight: normal; letter-spacing: normal; line-height: 20px; orphans: auto; text-indent: 0px; text-transform: none; white-space: normal; widows: 1; word-spacing: 0px; -webkit-text-stroke-width: 0px; background-color: rgb(255, 255, 255);\"><strong style=\"font-weight: bold;\"><font face=\"Verdana\">5.1 Competencias constitucionales del Ejecutivo y el Legislativo en materia de negociaciones comerciales internacionales.<\/font><\/strong><\/p>\n<p align=\"justify\" style=\"margin: 0px; color: rgb(102, 102, 102); font-family: arial, sans-serif; font-size: 14px; font-style: normal; font-variant: normal; font-weight: normal; letter-spacing: normal; line-height: 20px; orphans: auto; text-indent: 0px; text-transform: none; white-space: normal; widows: 1; word-spacing: 0px; -webkit-text-stroke-width: 0px; background-color: rgb(255, 255, 255);\"><font face=\"Verdana\">La celebraci\u00f3n de Acuerdos Comerciales Internacionales es un acto complejo que requiere de la participaci\u00f3n activa de las tres ramas del poder p\u00fablico. En una primera instancia, el numeral 2 del art\u00edculo 189 le asigna al Ejecutivo en cabeza del Presidente de la Rep\u00fablica la direcci\u00f3n de las relaciones internacionales y la facultad para celebrar tratados o convenios con otros Estados y entidades de derecho internacional, los cuales se someter\u00e1n a la aprobaci\u00f3n del Congreso. Adicionalmente, el numeral 25 del art\u00edculo 189 faculta al Presidente de la Rep\u00fablica para modificar los aranceles, tarifas y dem\u00e1s disposiciones concernientes al r\u00e9gimen de aduanas y regular el comercio exterior.<\/font><\/p>\n<p align=\"justify\" style=\"margin: 0px; color: rgb(102, 102, 102); font-family: arial, sans-serif; font-size: 14px; font-style: normal; font-variant: normal; font-weight: normal; letter-spacing: normal; line-height: 20px; orphans: auto; text-indent: 0px; text-transform: none; white-space: normal; widows: 1; word-spacing: 0px; -webkit-text-stroke-width: 0px; background-color: rgb(255, 255, 255);\"><font face=\"Verdana\">En una segunda instancia, el art\u00edculo 150 asigna al Congreso de la Rep\u00fablica la funci\u00f3n de aprobar o improbar los acuerdos que celebre el Ejecutivo, as\u00ed como la expedici\u00f3n de las normas generales con base en las cuales el Gobierno Nacional debe regular el comercio exterior.<\/font><\/p>\n<p align=\"justify\" style=\"margin: 0px; color: rgb(102, 102, 102); font-family: arial, sans-serif; font-size: 14px; font-style: normal; font-variant: normal; font-weight: normal; letter-spacing: normal; line-height: 20px; orphans: auto; text-indent: 0px; text-transform: none; white-space: normal; widows: 1; word-spacing: 0px; -webkit-text-stroke-width: 0px; background-color: rgb(255, 255, 255);\"><font face=\"Verdana\">Finalmente, la Constituci\u00f3n Pol\u00edtica tambi\u00e9n dispone de la participaci\u00f3n activa de la Rama Judicial del Poder P\u00fablico. El numeral 10 del art\u00edculo 241 de la Constituci\u00f3n Pol\u00edtica dispone, que a la Corte Constitucional le corresponde decidir definitivamente sobre la exequibilidad de los tratados internacionales y de las leyes que los aprueban.<\/font><\/p>\n<p align=\"justify\" style=\"margin: 0px; color: rgb(102, 102, 102); font-family: arial, sans-serif; font-size: 14px; font-style: normal; font-variant: normal; font-weight: normal; letter-spacing: normal; line-height: 20px; orphans: auto; text-indent: 0px; text-transform: none; white-space: normal; widows: 1; word-spacing: 0px; -webkit-text-stroke-width: 0px; background-color: rgb(255, 255, 255);\"><font face=\"Verdana\">Del an\u00e1lisis del texto constitucional se desprende que en materia de negociaci\u00f3n y celebraci\u00f3n de tratados internacionales, las funciones del Ejecutivo, Legislativo y la Rama Judicial est\u00e1n claramente delimitadas en la Constituci\u00f3n Pol\u00edtica. Es as\u00ed como el Presidente dirige las relaciones internacionales y celebra tratados internacionales; el Congreso los aprueba o imprueba mediante la expedici\u00f3n de leyes aprobatorias; y la Corte Constitucional ejerce el control previo de constitucionalidad tanto de la ley aprobatoria del Acuerdo como del instrumento internacional.<\/font><\/p>\n<p align=\"justify\" style=\"margin: 0px; color: rgb(102, 102, 102); font-family: arial, sans-serif; font-size: 14px; font-style: normal; font-variant: normal; font-weight: normal; letter-spacing: normal; line-height: 20px; orphans: auto; text-indent: 0px; text-transform: none; white-space: normal; widows: 1; word-spacing: 0px; -webkit-text-stroke-width: 0px; background-color: rgb(255, 255, 255);\"><font face=\"Verdana\">En el caso del Acuerdo Marco de la Alianza del Pac\u00edfico, en desarrollo de las facultades constitucionales del Ejecutivo, las negociaciones fueron dirigidas y conducidas por el Gobierno Nacional. As\u00ed mismo, en cumplimento de la Constituci\u00f3n Pol\u00edtica, el Acuerdo Marco fue suscrito por el Presidente de la Rep\u00fablica. Finalmente, en atenci\u00f3n a la funci\u00f3n constitucional del Congreso, el Ejecutivo somete a la consideraci\u00f3n del Congreso de la Rep\u00fablica el presente proyecto de ley aprobatoria para la aprobaci\u00f3n del Acuerdo Marco de la Alianza del Pac\u00edfico.<\/font><\/p>\n<p align=\"justify\" style=\"margin: 0px; color: rgb(102, 102, 102); font-family: arial, sans-serif; font-size: 14px; font-style: normal; font-variant: normal; font-weight: normal; letter-spacing: normal; line-height: 20px; orphans: auto; text-indent: 0px; text-transform: none; white-space: normal; widows: 1; word-spacing: 0px; -webkit-text-stroke-width: 0px; background-color: rgb(255, 255, 255);\"><font face=\"Verdana\">Por las consideraciones anteriores, la negociaci\u00f3n y posterior suscripci\u00f3n del Acuerdo Marco de la Alianza del Pac\u00edfico se ajusta a lo previsto en la Constituci\u00f3n Pol\u00edtica para el tr\u00e1mite de los tratados o convenios internacionales.<\/font><\/p>\n<p align=\"justify\" style=\"margin: 0px; color: rgb(102, 102, 102); font-family: arial, sans-serif; font-size: 14px; font-style: normal; font-variant: normal; font-weight: normal; letter-spacing: normal; line-height: 20px; orphans: auto; text-indent: 0px; text-transform: none; white-space: normal; widows: 1; word-spacing: 0px; -webkit-text-stroke-width: 0px; background-color: rgb(255, 255, 255);\">&nbsp;<\/p>\n<p align=\"justify\" style=\"margin: 0px; color: rgb(102, 102, 102); font-family: arial, sans-serif; font-size: 14px; font-style: normal; font-variant: normal; font-weight: normal; letter-spacing: normal; line-height: 20px; orphans: auto; text-indent: 0px; text-transform: none; white-space: normal; widows: 1; word-spacing: 0px; -webkit-text-stroke-width: 0px; background-color: rgb(255, 255, 255);\"><strong style=\"font-weight: bold;\"><font face=\"Verdana\">5.2 El Acuerdo Marco de la Alianza del Pac\u00edfico cumple con el mandato constitucional de internacionalizaci\u00f3n de las relaciones econ\u00f3micas y comerciales.<\/font><\/strong><\/p>\n<p align=\"justify\" style=\"margin: 0px; color: rgb(102, 102, 102); font-family: arial, sans-serif; font-size: 14px; font-style: normal; font-variant: normal; font-weight: normal; letter-spacing: normal; line-height: 20px; orphans: auto; text-indent: 0px; text-transform: none; white-space: normal; widows: 1; word-spacing: 0px; -webkit-text-stroke-width: 0px; background-color: rgb(255, 255, 255);\"><font face=\"Verdana\">El Acuerdo Marco de la Alianza del Pac\u00edfico es un desarrollo de los mandatos constitucionales de internacionalizaci\u00f3n de las relaciones sociales, econ\u00f3micas y ecol\u00f3gicas y la integraci\u00f3n econ\u00f3mica, social y pol\u00edtica de Colombia con otras naciones.<\/font><\/p>\n<p align=\"justify\" style=\"margin: 0px; color: rgb(102, 102, 102); font-family: arial, sans-serif; font-size: 14px; font-style: normal; font-variant: normal; font-weight: normal; letter-spacing: normal; line-height: 20px; orphans: auto; text-indent: 0px; text-transform: none; white-space: normal; widows: 1; word-spacing: 0px; -webkit-text-stroke-width: 0px; background-color: rgb(255, 255, 255);\"><font face=\"Verdana\">El art\u00edculo 226 de la Constituci\u00f3n Pol\u00edtica establece en cabeza del Estado el deber de promover las relaciones econ\u00f3micas, sociales y ecol\u00f3gicas. As\u00ed mismo, el art\u00edculo 227 de la Constituci\u00f3n Pol\u00edtica establece en cabeza del Estado el deber de promover la integraci\u00f3n econ\u00f3mica, social y pol\u00edtica y, en particular la integraci\u00f3n con los Estados de Am\u00e9rica Latina y el Caribe. La Corte Constitucional ha interpretado el alcance de estas dos disposiciones en los siguientes t\u00e9rminos:<\/font><\/p>\n<p align=\"justify\" style=\"margin: 0px; color: rgb(102, 102, 102); font-family: arial, sans-serif; font-size: 14px; font-style: normal; font-variant: normal; font-weight: normal; letter-spacing: normal; line-height: 20px; orphans: auto; text-indent: 0px; text-transform: none; white-space: normal; widows: 1; word-spacing: 0px; -webkit-text-stroke-width: 0px; background-color: rgb(255, 255, 255);\"><font face=\"Verdana\">\u201cEl art\u00edculo 226 de la Constituci\u00f3n expresamente compromete al Estado en la promoci\u00f3n de \u201cla internacionalizaci\u00f3n de las relaciones pol\u00edticas, econ\u00f3micas, sociales y ecol\u00f3gicas sobre bases de equidad, reciprocidad y conveniencia nacional\u201d, al tiempo que el 227 autoriza la \u201cintegraci\u00f3n econ\u00f3mica, social y pol\u00edtica con las dem\u00e1s naciones\u201d.<\/font><\/p>\n<p align=\"justify\" style=\"margin: 0px; color: rgb(102, 102, 102); font-family: arial, sans-serif; font-size: 14px; font-style: normal; font-variant: normal; font-weight: normal; letter-spacing: normal; line-height: 20px; orphans: auto; text-indent: 0px; text-transform: none; white-space: normal; widows: 1; word-spacing: 0px; -webkit-text-stroke-width: 0px; background-color: rgb(255, 255, 255);\">&nbsp;<\/p>\n<p align=\"justify\" style=\"margin: 0px; color: rgb(102, 102, 102); font-family: arial, sans-serif; font-size: 14px; font-style: normal; font-variant: normal; font-weight: normal; letter-spacing: normal; line-height: 20px; orphans: auto; text-indent: 0px; text-transform: none; white-space: normal; widows: 1; word-spacing: 0px; -webkit-text-stroke-width: 0px; background-color: rgb(255, 255, 255);\"><font face=\"Verdana\">Posteriormente en la Sentencia C-155 de 2007 la Corte dispuso lo siguiente:<\/font><\/p>\n<p align=\"justify\" style=\"margin: 0px; color: rgb(102, 102, 102); font-family: arial, sans-serif; font-size: 14px; font-style: normal; font-variant: normal; font-weight: normal; letter-spacing: normal; line-height: 20px; orphans: auto; text-indent: 0px; text-transform: none; white-space: normal; widows: 1; word-spacing: 0px; -webkit-text-stroke-width: 0px; background-color: rgb(255, 255, 255);\"><font face=\"Verdana\">\u201cLa Constituci\u00f3n Pol\u00edtica de 1991 no fue ajena a la integraci\u00f3n del Estado colombiano al orden internacional. As\u00ed, el pre\u00e1mbulo y los art\u00edculos 9\u00b0 y 227 se\u00f1alan que se promover\u00e1 la integraci\u00f3n econ\u00f3mica, social y pol\u00edtica con los dem\u00e1s Estados, (\u2026).<\/font><\/p>\n<p align=\"justify\" style=\"margin: 0px; color: rgb(102, 102, 102); font-family: arial, sans-serif; font-size: 14px; font-style: normal; font-variant: normal; font-weight: normal; letter-spacing: normal; line-height: 20px; orphans: auto; text-indent: 0px; text-transform: none; white-space: normal; widows: 1; word-spacing: 0px; -webkit-text-stroke-width: 0px; background-color: rgb(255, 255, 255);\"><font face=\"Verdana\">En el mismo sentido el art\u00edculo 226 ib\u00eddem establece que el Estado promover\u00e1 \u2018la internacionalizaci\u00f3n de las relaciones pol\u00edticas, econ\u00f3micas, sociales y ecol\u00f3gicas\u2019 (\u2026)\u201d.<\/font><\/p>\n<p align=\"justify\" style=\"margin: 0px; color: rgb(102, 102, 102); font-family: arial, sans-serif; font-size: 14px; font-style: normal; font-variant: normal; font-weight: normal; letter-spacing: normal; line-height: 20px; orphans: auto; text-indent: 0px; text-transform: none; white-space: normal; widows: 1; word-spacing: 0px; -webkit-text-stroke-width: 0px; background-color: rgb(255, 255, 255);\">&nbsp;<\/p>\n<p align=\"justify\" style=\"margin: 0px; color: rgb(102, 102, 102); font-family: arial, sans-serif; font-size: 14px; font-style: normal; font-variant: normal; font-weight: normal; letter-spacing: normal; line-height: 20px; orphans: auto; text-indent: 0px; text-transform: none; white-space: normal; widows: 1; word-spacing: 0px; -webkit-text-stroke-width: 0px; background-color: rgb(255, 255, 255);\"><font face=\"Verdana\">Los anteriores referentes jurisprudenciales permiten concluir que la Constituci\u00f3n Pol\u00edtica compromete al Estado en la promoci\u00f3n de la internacionalizaci\u00f3n de las relaciones pol\u00edticas y econ\u00f3micas, as\u00ed como en la promoci\u00f3n de procesos de integraci\u00f3n en los \u00e1mbitos pol\u00edtico, econ\u00f3mico y social. Adicionalmente, la Constituci\u00f3n Pol\u00edtica reconoce que en el proceso de internacionalizaci\u00f3n e integraci\u00f3n de la econom\u00eda con las dem\u00e1s naciones es de vital importancia que el Estado pueda dirigir sus relaciones internacionales. En este contexto, los tratados y convenios internacionales son un instrumento id\u00f3neo para el cabal cumplimiento de estos compromisos.<\/font><\/p>\n<p align=\"justify\" style=\"margin: 0px; color: rgb(102, 102, 102); font-family: arial, sans-serif; font-size: 14px; font-style: normal; font-variant: normal; font-weight: normal; letter-spacing: normal; line-height: 20px; orphans: auto; text-indent: 0px; text-transform: none; white-space: normal; widows: 1; word-spacing: 0px; -webkit-text-stroke-width: 0px; background-color: rgb(255, 255, 255);\"><font face=\"Verdana\">El Acuerdo Marco de la Alianza del Pac\u00edfico tiene como objetivos la consolidaci\u00f3n de un \u00e1rea de integraci\u00f3n regional pol\u00edtica y econ\u00f3mica, tal como se desprende del tenor literal de los art\u00edculos 1\u00b0 y 2\u00b0 del Acuerdo.<\/font><\/p>\n<p align=\"justify\" style=\"margin: 0px; color: rgb(102, 102, 102); font-family: arial, sans-serif; font-size: 14px; font-style: normal; font-variant: normal; font-weight: normal; letter-spacing: normal; line-height: 20px; orphans: auto; text-indent: 0px; text-transform: none; white-space: normal; widows: 1; word-spacing: 0px; -webkit-text-stroke-width: 0px; background-color: rgb(255, 255, 255);\"><font face=\"Verdana\">As\u00ed las cosas, al promover la integraci\u00f3n pol\u00edtica y econ\u00f3mica entre los miembros de la Alianza del Pac\u00edfico, el Acuerdo Marco es un instrumento id\u00f3neo para la consecuci\u00f3n de los mandatos constitucionales de internacionalizaci\u00f3n e integraci\u00f3n de la econom\u00eda colombiana.<\/font><\/p>\n<p align=\"justify\" style=\"margin: 0px; color: rgb(102, 102, 102); font-family: arial, sans-serif; font-size: 14px; font-style: normal; font-variant: normal; font-weight: normal; letter-spacing: normal; line-height: 20px; orphans: auto; text-indent: 0px; text-transform: none; white-space: normal; widows: 1; word-spacing: 0px; -webkit-text-stroke-width: 0px; background-color: rgb(255, 255, 255);\"><font face=\"Verdana\">Adicionalmente, es importante destacar que los Estados Miembros de la Alianza del Pac\u00edfico son Estados latinoamericanos, por lo que el Acuerdo Marco es una manifestaci\u00f3n del compromiso constitucional del Estado de promover la integraci\u00f3n econ\u00f3mica y pol\u00edtica con los Estados latinoamericanos.<\/font><\/p>\n<p align=\"justify\" style=\"margin: 0px; color: rgb(102, 102, 102); font-family: arial, sans-serif; font-size: 14px; font-style: normal; font-variant: normal; font-weight: normal; letter-spacing: normal; line-height: 20px; orphans: auto; text-indent: 0px; text-transform: none; white-space: normal; widows: 1; word-spacing: 0px; -webkit-text-stroke-width: 0px; background-color: rgb(255, 255, 255);\"><font face=\"Verdana\">En este orden de ideas, el Acuerdo Marco es una manifestaci\u00f3n expresa de los mandatos constitucionales que rigen las relaciones pol\u00edticas, econ\u00f3micas y sociales con las dem\u00e1s naciones, en particular con las naciones latinoamericanas.<\/font><\/p>\n<p align=\"justify\" style=\"margin: 0px; color: rgb(102, 102, 102); font-family: arial, sans-serif; font-size: 14px; font-style: normal; font-variant: normal; font-weight: normal; letter-spacing: normal; line-height: 20px; orphans: auto; text-indent: 0px; text-transform: none; white-space: normal; widows: 1; word-spacing: 0px; -webkit-text-stroke-width: 0px; background-color: rgb(255, 255, 255);\">&nbsp;<\/p>\n<p align=\"justify\" style=\"margin: 0px; color: rgb(102, 102, 102); font-family: arial, sans-serif; font-size: 14px; font-style: normal; font-variant: normal; font-weight: normal; letter-spacing: normal; line-height: 20px; orphans: auto; text-indent: 0px; text-transform: none; white-space: normal; widows: 1; word-spacing: 0px; -webkit-text-stroke-width: 0px; background-color: rgb(255, 255, 255);\"><strong style=\"font-weight: bold;\"><font face=\"Verdana\">5.3 El Acuerdo de la Alianza del Pac\u00edfico es una manifestaci\u00f3n expresa de la soberan\u00eda nacional.<\/font><\/strong><\/p>\n<p align=\"justify\" style=\"margin: 0px; color: rgb(102, 102, 102); font-family: arial, sans-serif; font-size: 14px; font-style: normal; font-variant: normal; font-weight: normal; letter-spacing: normal; line-height: 20px; orphans: auto; text-indent: 0px; text-transform: none; white-space: normal; widows: 1; word-spacing: 0px; -webkit-text-stroke-width: 0px; background-color: rgb(255, 255, 255);\"><font face=\"Verdana\">El art\u00edculo 9\u00b0 de la Constituci\u00f3n Pol\u00edtica establece que las relaciones exteriores del Estado deben fundamentarse en la soberan\u00eda nacional.<\/font><\/p>\n<p align=\"justify\" style=\"margin: 0px; color: rgb(102, 102, 102); font-family: arial, sans-serif; font-size: 14px; font-style: normal; font-variant: normal; font-weight: normal; letter-spacing: normal; line-height: 20px; orphans: auto; text-indent: 0px; text-transform: none; white-space: normal; widows: 1; word-spacing: 0px; -webkit-text-stroke-width: 0px; background-color: rgb(255, 255, 255);\"><font face=\"Verdana\">La Corte Constitucional en la Sentencia C-1189 de 2000 (M. P. Carlos Gaviria D\u00edaz) define la \u201csoberan\u00eda\u201d como independencia, esta \u00faltima entendida como la facultad para ejercer, dentro de un territorio y sobre sus habitantes, las funciones del Estado.<\/font><\/p>\n<p align=\"justify\" style=\"margin: 0px; color: rgb(102, 102, 102); font-family: arial, sans-serif; font-size: 14px; font-style: normal; font-variant: normal; font-weight: normal; letter-spacing: normal; line-height: 20px; orphans: auto; text-indent: 0px; text-transform: none; white-space: normal; widows: 1; word-spacing: 0px; -webkit-text-stroke-width: 0px; background-color: rgb(255, 255, 255);\"><font face=\"Verdana\">En Sentencia C-621 de 2001, la Corte Constitucional precis\u00f3 que en ejercicio de su poder soberano los Estados pueden aceptar libremente obligaciones rec\u00edprocas en el plano internacional. En palabras de la Corte Constitucional:<\/font><\/p>\n<p align=\"justify\" style=\"margin: 0px; color: rgb(102, 102, 102); font-family: arial, sans-serif; font-size: 14px; font-style: normal; font-variant: normal; font-weight: normal; letter-spacing: normal; line-height: 20px; orphans: auto; text-indent: 0px; text-transform: none; white-space: normal; widows: 1; word-spacing: 0px; -webkit-text-stroke-width: 0px; background-color: rgb(255, 255, 255);\"><font face=\"Verdana\">\u201cAs\u00ed entendida, la soberan\u00eda en sentido jur\u00eddico confiere derechos y obligaciones para los Estados, quienes gozan de autonom\u00eda e independencia para la regulaci\u00f3n de sus asuntos internos, y pueden aceptar libremente, sin imposiciones for\u00e1neas, en su condici\u00f3n de sujetos iguales de la comunidad internacional, obligaciones rec\u00edprocas orientadas a la convivencia pac\u00edfica y al fortalecimiento de relaciones de cooperaci\u00f3n y ayuda mutua\u201d.<\/font><\/p>\n<p align=\"justify\" style=\"margin: 0px; color: rgb(102, 102, 102); font-family: arial, sans-serif; font-size: 14px; font-style: normal; font-variant: normal; font-weight: normal; letter-spacing: normal; line-height: 20px; orphans: auto; text-indent: 0px; text-transform: none; white-space: normal; widows: 1; word-spacing: 0px; -webkit-text-stroke-width: 0px; background-color: rgb(255, 255, 255);\"><font face=\"Verdana\">En la misma oportunidad, la Corte Constitucional fue a\u00fan m\u00e1s expl\u00edcita al afirmar que los acuerdos internacionales que celebra el Estado son una manifestaci\u00f3n de su soberan\u00eda. En este entendido, los compromisos internacionales adquiridos en virtud de estos Acuerdos constituyen un \u201cacto de soberan\u00eda\u201d:<\/font><\/p>\n<p align=\"justify\" style=\"margin: 0px; color: rgb(102, 102, 102); font-family: arial, sans-serif; font-size: 14px; font-style: normal; font-variant: normal; font-weight: normal; letter-spacing: normal; line-height: 20px; orphans: auto; text-indent: 0px; text-transform: none; white-space: normal; widows: 1; word-spacing: 0px; -webkit-text-stroke-width: 0px; background-color: rgb(255, 255, 255);\"><font face=\"Verdana\">\u201cEn el mundo moderno y contempor\u00e1neo, el equilibrio jur\u00eddico internacional parte del supuesto de que los \u00f3rdenes internos de los Estados no son absolutos, ya que as\u00ed como existe un inter\u00e9s general en el seno de cada uno de ellos, igualmente hay un inter\u00e9s general internacional, fundado en el bien com\u00fan universal. Es este inter\u00e9s el que busca realizarse mediante los pactos o tratados que se celebran en virtud del ejercicio de la soberan\u00eda, como atributo propio de cada uno de los Estados: el compromiso internacional es, as\u00ed, un acto de soberan\u00eda del Estado que se vincula, es decir, se trata de la expresi\u00f3n de la voluntad independiente de cada Estado que pretende comprometerse como ente jur\u00eddico en el plano internacional.<\/font><\/p>\n<p align=\"justify\" style=\"margin: 0px; color: rgb(102, 102, 102); font-family: arial, sans-serif; font-size: 14px; font-style: normal; font-variant: normal; font-weight: normal; letter-spacing: normal; line-height: 20px; orphans: auto; text-indent: 0px; text-transform: none; white-space: normal; widows: 1; word-spacing: 0px; -webkit-text-stroke-width: 0px; background-color: rgb(255, 255, 255);\"><font face=\"Verdana\">La capacidad de ejercer la soberan\u00eda se manifiesta precisamente en la aptitud de comprometerse, y, como es obvio, de responder por ello.<\/font><\/p>\n<p align=\"justify\" style=\"margin: 0px; color: rgb(102, 102, 102); font-family: arial, sans-serif; font-size: 14px; font-style: normal; font-variant: normal; font-weight: normal; letter-spacing: normal; line-height: 20px; orphans: auto; text-indent: 0px; text-transform: none; white-space: normal; widows: 1; word-spacing: 0px; -webkit-text-stroke-width: 0px; background-color: rgb(255, 255, 255);\"><font face=\"Verdana\">En otras palabras, el pacto internacional es, como se ha dicho, una manifestaci\u00f3n de la soberan\u00eda del Estado, un ejercicio de soberan\u00eda que trae como consecuencia la responsabilidad internacional. Si en el plano del hombre hay responsabilidad con fundamento en la libertad, en el plano internacional hay responsabilidad con fundamento en el ejercicio de la soberan\u00eda, pues el Estado que se compromete ha ejercido para ello su autodeterminaci\u00f3n. (\u2026)\u201d<\/font><\/p>\n<p align=\"justify\" style=\"margin: 0px; color: rgb(102, 102, 102); font-family: arial, sans-serif; font-size: 14px; font-style: normal; font-variant: normal; font-weight: normal; letter-spacing: normal; line-height: 20px; orphans: auto; text-indent: 0px; text-transform: none; white-space: normal; widows: 1; word-spacing: 0px; -webkit-text-stroke-width: 0px; background-color: rgb(255, 255, 255);\">&nbsp;<\/p>\n<p align=\"justify\" style=\"margin: 0px; color: rgb(102, 102, 102); font-family: arial, sans-serif; font-size: 14px; font-style: normal; font-variant: normal; font-weight: normal; letter-spacing: normal; line-height: 20px; orphans: auto; text-indent: 0px; text-transform: none; white-space: normal; widows: 1; word-spacing: 0px; -webkit-text-stroke-width: 0px; background-color: rgb(255, 255, 255);\"><font face=\"Verdana\">En raz\u00f3n a lo anterior, el Acuerdo Marco de la Alianza del Pac\u00edfico es una manifestaci\u00f3n expresa de la soberan\u00eda nacional, en virtud del cual Per\u00fa, Chile, Colombia y M\u00e9xico se comprometen de manera voluntaria y libre a cumplir con las obligaciones rec\u00edprocas contenidas en el Acuerdo. Adicionalmente, en el caso que nos ocupa es preciso destacar que el Acuerdo Marco no contiene ning\u00fan tipo de obligaci\u00f3n que implique la cesi\u00f3n de soberan\u00eda a un \u00f3rgano supraestatal sobre materias de pol\u00edtica macroecon\u00f3mica, sectorial ni muchos menos social. En este entendido, el Acuerdo Marco de la Alianza del Pac\u00edfico preserva las amplias facultades del Estado colombiano para dirigir e intervenir en los asuntos econ\u00f3micos, pol\u00edticos y sociales, en ejercicio de su poder soberano.<\/font><\/p>\n<p align=\"justify\" style=\"margin: 0px; color: rgb(102, 102, 102); font-family: arial, sans-serif; font-size: 14px; font-style: normal; font-variant: normal; font-weight: normal; letter-spacing: normal; line-height: 20px; orphans: auto; text-indent: 0px; text-transform: none; white-space: normal; widows: 1; word-spacing: 0px; -webkit-text-stroke-width: 0px; background-color: rgb(255, 255, 255);\"><font face=\"Verdana\">Por las consideraciones anteriores, el Acuerdo Marco se fundamenta en la soberan\u00eda nacional en cumplimiento del art\u00edculo 9\u00ba de la Constituci\u00f3n Pol\u00edtica.<\/font><\/p>\n<p align=\"justify\" style=\"margin: 0px; color: rgb(102, 102, 102); font-family: arial, sans-serif; font-size: 14px; font-style: normal; font-variant: normal; font-weight: normal; letter-spacing: normal; line-height: 20px; orphans: auto; text-indent: 0px; text-transform: none; white-space: normal; widows: 1; word-spacing: 0px; -webkit-text-stroke-width: 0px; background-color: rgb(255, 255, 255);\">&nbsp;<\/p>\n<p align=\"justify\" style=\"margin: 0px; color: rgb(102, 102, 102); font-family: arial, sans-serif; font-size: 14px; font-style: normal; font-variant: normal; font-weight: normal; letter-spacing: normal; line-height: 20px; orphans: auto; text-indent: 0px; text-transform: none; white-space: normal; widows: 1; word-spacing: 0px; -webkit-text-stroke-width: 0px; background-color: rgb(255, 255, 255);\">&nbsp;<\/p>\n<p align=\"justify\" style=\"margin: 0px; color: rgb(102, 102, 102); font-family: arial, sans-serif; font-size: 14px; font-style: normal; font-variant: normal; font-weight: normal; letter-spacing: normal; line-height: 20px; orphans: auto; text-indent: 0px; text-transform: none; white-space: normal; widows: 1; word-spacing: 0px; -webkit-text-stroke-width: 0px; background-color: rgb(255, 255, 255);\"><strong style=\"font-weight: bold;\"><font face=\"Verdana\">6. Conclusiones<\/font><\/strong><\/p>\n<p align=\"justify\" style=\"margin: 0px; color: rgb(102, 102, 102); font-family: arial, sans-serif; font-size: 14px; font-style: normal; font-variant: normal; font-weight: normal; letter-spacing: normal; line-height: 20px; orphans: auto; text-indent: 0px; text-transform: none; white-space: normal; widows: 1; word-spacing: 0px; -webkit-text-stroke-width: 0px; background-color: rgb(255, 255, 255);\"><font face=\"Verdana\">La Alianza del Pac\u00edfico es un proyecto de integraci\u00f3n profunda entre cuatro Estados latinoamericanos, Colombia, M\u00e9xico, Chile y Per\u00fa, con miras a construir un \u00e1rea de integraci\u00f3n profunda para la circulaci\u00f3n de bienes, servicios, capitales y personas y convertirse en una plataforma pol\u00edtica, econ\u00f3mica y comercial y de proyecci\u00f3n al mundo, con especial \u00e9nfasis al Asia Pac\u00edfico.<\/font><\/p>\n<p align=\"justify\" style=\"margin: 0px; color: rgb(102, 102, 102); font-family: arial, sans-serif; font-size: 14px; font-style: normal; font-variant: normal; font-weight: normal; letter-spacing: normal; line-height: 20px; orphans: auto; text-indent: 0px; text-transform: none; white-space: normal; widows: 1; word-spacing: 0px; -webkit-text-stroke-width: 0px; background-color: rgb(255, 255, 255);\"><font face=\"Verdana\">El Acuerdo Marco presentado nuevamente a consideraci\u00f3n del Congreso concreta y posibilita el nacimiento de un instrumento de integraci\u00f3n comercial que vincula Estados de Am\u00e9rica Latina, lo cual debe ser visto esencialmente como una oportunidad hist\u00f3rica para propiciar el desarrollo descentralizado de nuestros Estados a trav\u00e9s de la generaci\u00f3n de econom\u00edas regionales en las \u00e1reas de influencia de los ejes de integraci\u00f3n y desarrollo.<\/font><\/p>\n<p align=\"justify\" style=\"margin: 0px; color: rgb(102, 102, 102); font-family: arial, sans-serif; font-size: 14px; font-style: normal; font-variant: normal; font-weight: normal; letter-spacing: normal; line-height: 20px; orphans: auto; text-indent: 0px; text-transform: none; white-space: normal; widows: 1; word-spacing: 0px; -webkit-text-stroke-width: 0px; background-color: rgb(255, 255, 255);\"><font face=\"Verdana\">El Acuerdo Marco objeto de este Proyecto de Ley Aprobatoria de Tratado resulta necesario para darle aplicaci\u00f3n integral a los par\u00e1metros, arquitectura institucional y reglas que regir\u00e1n el proceso de articulaci\u00f3n pol\u00edtica, econ\u00f3mica y de cooperaci\u00f3n entre Chile, Colombia, M\u00e9xico y Per\u00fa en el marco de la Alianza del Pac\u00edfico.<\/font><\/p>\n<p align=\"justify\" style=\"margin: 0px; color: rgb(102, 102, 102); font-family: arial, sans-serif; font-size: 14px; font-style: normal; font-variant: normal; font-weight: normal; letter-spacing: normal; line-height: 20px; orphans: auto; text-indent: 0px; text-transform: none; white-space: normal; widows: 1; word-spacing: 0px; -webkit-text-stroke-width: 0px; background-color: rgb(255, 255, 255);\"><font face=\"Verdana\">La Alianza de ninguna forma remplaza sino que complementa e impulsa estas otras iniciativas que apuntan a la creaci\u00f3n de espacios de integraci\u00f3n. Este es un proceso abierto a la participaci\u00f3n de aquellos Estados de la regi\u00f3n que compartan los principios de la Alianza y la voluntad de alcanzar las metas.<\/font><\/p>\n<p align=\"justify\" style=\"margin: 0px; color: rgb(102, 102, 102); font-family: arial, sans-serif; font-size: 14px; font-style: normal; font-variant: normal; font-weight: normal; letter-spacing: normal; line-height: 20px; orphans: auto; text-indent: 0px; text-transform: none; white-space: normal; widows: 1; word-spacing: 0px; -webkit-text-stroke-width: 0px; background-color: rgb(255, 255, 255);\"><font face=\"Verdana\">Con todas las negociaciones comerciales, de inversi\u00f3n y de integraci\u00f3n con otras econom\u00edas en las que Colombia avanza, se busca incrementar su presencia comercial en el mundo, de manera que a mayor desarrollo econ\u00f3mico por la v\u00eda de los negocios y la inversi\u00f3n se puede impulsar el empleo.<\/font><\/p>\n<p align=\"justify\" style=\"margin: 0px; color: rgb(102, 102, 102); font-family: arial, sans-serif; font-size: 14px; font-style: normal; font-variant: normal; font-weight: normal; letter-spacing: normal; line-height: 20px; orphans: auto; text-indent: 0px; text-transform: none; white-space: normal; widows: 1; word-spacing: 0px; -webkit-text-stroke-width: 0px; background-color: rgb(255, 255, 255);\"><font face=\"Verdana\">El peso de los cuatro Estados que conforman la Alianza del Pac\u00edfico (Colombia, Chile, M\u00e9xico y Per\u00fa) es significativo y su perfeccionamiento env\u00eda una se\u00f1al importante para Am\u00e9rica Latina. Sin duda, este bloque significa un enorme avance en la integraci\u00f3n econ\u00f3mica de Am\u00e9rica Latina, y es la oportunidad para concretar el potencial comercial de estas econom\u00edas.<\/font><\/p>\n<p align=\"justify\" style=\"margin: 0px; color: rgb(102, 102, 102); font-family: arial, sans-serif; font-size: 14px; font-style: normal; font-variant: normal; font-weight: normal; letter-spacing: normal; line-height: 20px; orphans: auto; text-indent: 0px; text-transform: none; white-space: normal; widows: 1; word-spacing: 0px; -webkit-text-stroke-width: 0px; background-color: rgb(255, 255, 255);\"><font face=\"Verdana\">En la medida en que se logre una integraci\u00f3n verdadera ser\u00e1 posible posicionar a los Estados de la Alianza del Pac\u00edfico como un destino atractivo de la inversi\u00f3n y el turismo mundial y aunar esfuerzos en el acercamiento al Asia Pac\u00edfico.<\/font><\/p>\n<p align=\"justify\" style=\"margin: 0px; color: rgb(102, 102, 102); font-family: arial, sans-serif; font-size: 14px; font-style: normal; font-variant: normal; font-weight: normal; letter-spacing: normal; line-height: 20px; orphans: auto; text-indent: 0px; text-transform: none; white-space: normal; widows: 1; word-spacing: 0px; -webkit-text-stroke-width: 0px; background-color: rgb(255, 255, 255);\"><font face=\"Verdana\">Si bien es cierto que en el campo del comercio de bienes, la integraci\u00f3n est\u00e1 bastante avanzada, hay que continuar profundizando los Acuerdos y relaciones existentes en servicios e inversi\u00f3n entre los Estados. Asimismo, los cuatro Estados deben trabajar en la maximizaci\u00f3n de los beneficios de la inversi\u00f3n extranjera y del comercio internacional de servicios en la regi\u00f3n para un mejor crecimiento y desarrollo econ\u00f3mico.<\/font><\/p>\n<p align=\"justify\" style=\"margin: 0px; color: rgb(102, 102, 102); font-family: arial, sans-serif; font-size: 14px; font-style: normal; font-variant: normal; font-weight: normal; letter-spacing: normal; line-height: 20px; orphans: auto; text-indent: 0px; text-transform: none; white-space: normal; widows: 1; word-spacing: 0px; -webkit-text-stroke-width: 0px; background-color: rgb(255, 255, 255);\"><font face=\"Verdana\">En este contexto, el Gobierno Nacional a trav\u00e9s de la Ministra de Relaciones Exteriores y el Ministro de Comercio, Industria y Turismo, solicita al Honorable Congreso de la Rep\u00fablica, aprobar el \u201cAcuerdo Marco de la Alianza del Pac\u00edfico\u201d, suscrito en Paranal, Antofagasta, Rep\u00fablica de Chile, el 6 de junio de 2012.<\/font><\/p>\n<p align=\"justify\" style=\"margin: 0px; color: rgb(102, 102, 102); font-family: arial, sans-serif; font-size: 14px; font-style: normal; font-variant: normal; font-weight: normal; letter-spacing: normal; line-height: 20px; orphans: auto; text-indent: 0px; text-transform: none; white-space: normal; widows: 1; word-spacing: 0px; -webkit-text-stroke-width: 0px; background-color: rgb(255, 255, 255);\"><font face=\"Verdana\">De los honorables Congresistas,<\/font><\/p>\n<p align=\"justify\" style=\"margin: 0px; color: rgb(102, 102, 102); font-family: arial, sans-serif; font-size: 14px; font-style: normal; font-variant: normal; font-weight: normal; letter-spacing: normal; line-height: 20px; orphans: auto; text-indent: 0px; text-transform: none; white-space: normal; widows: 1; word-spacing: 0px; -webkit-text-stroke-width: 0px; background-color: rgb(255, 255, 255);\">&nbsp;<\/p>\n<p align=\"center\" style=\"margin: 0px; color: rgb(102, 102, 102); font-family: arial, sans-serif; font-size: 14px; font-style: normal; font-variant: normal; font-weight: normal; letter-spacing: normal; line-height: 20px; orphans: auto; text-indent: 0px; text-transform: none; white-space: normal; widows: 1; word-spacing: 0px; -webkit-text-stroke-width: 0px; background-color: rgb(255, 255, 255);\"><font face=\"Verdana\">Maria Angela Holgu\u00edn Cuellar<\/font><\/p>\n<p align=\"center\" style=\"margin: 0px; color: rgb(102, 102, 102); font-family: arial, sans-serif; font-size: 14px; font-style: normal; font-variant: normal; font-weight: normal; letter-spacing: normal; line-height: 20px; orphans: auto; text-indent: 0px; text-transform: none; white-space: normal; widows: 1; word-spacing: 0px; -webkit-text-stroke-width: 0px; background-color: rgb(255, 255, 255);\"><font face=\"Verdana\">Ministra de Relaciones Exteriores<\/font><\/p>\n<p align=\"center\" style=\"margin: 0px; color: rgb(102, 102, 102); font-family: arial, sans-serif; font-size: 14px; font-style: normal; font-variant: normal; font-weight: normal; letter-spacing: normal; line-height: 20px; orphans: auto; text-indent: 0px; text-transform: none; white-space: normal; widows: 1; word-spacing: 0px; -webkit-text-stroke-width: 0px; background-color: rgb(255, 255, 255);\">&nbsp;<\/p>\n<p align=\"center\" style=\"margin: 0px; color: rgb(102, 102, 102); font-family: arial, sans-serif; font-size: 14px; font-style: normal; font-variant: normal; font-weight: normal; letter-spacing: normal; line-height: 20px; orphans: auto; text-indent: 0px; text-transform: none; white-space: normal; widows: 1; word-spacing: 0px; -webkit-text-stroke-width: 0px; background-color: rgb(255, 255, 255);\"><font face=\"Verdana\">Santiago Rojas Arroyo<\/font><\/p>\n<p align=\"center\" style=\"margin: 0px; color: rgb(102, 102, 102); font-family: arial, sans-serif; font-size: 14px; font-style: normal; font-variant: normal; font-weight: normal; letter-spacing: normal; line-height: 20px; orphans: auto; text-indent: 0px; text-transform: none; white-space: normal; widows: 1; word-spacing: 0px; -webkit-text-stroke-width: 0px; background-color: rgb(255, 255, 255);\"><font face=\"Verdana\">Ministerio de Comercio, Industria y Turismo<\/font><\/p>\n<p align=\"center\" style=\"margin: 0px; color: rgb(102, 102, 102); font-family: arial, sans-serif; font-size: 14px; font-style: normal; font-variant: normal; font-weight: normal; letter-spacing: normal; line-height: 20px; orphans: auto; text-indent: 0px; text-transform: none; white-space: normal; widows: 1; word-spacing: 0px; -webkit-text-stroke-width: 0px; background-color: rgb(255, 255, 255);\">&nbsp;<\/p>\n<p align=\"center\" style=\"margin: 0px; color: rgb(102, 102, 102); font-family: arial, sans-serif; font-size: 14px; font-style: normal; font-variant: normal; font-weight: normal; letter-spacing: normal; line-height: 20px; orphans: auto; text-indent: 0px; text-transform: none; white-space: normal; widows: 1; word-spacing: 0px; -webkit-text-stroke-width: 0px; background-color: rgb(255, 255, 255);\"><font face=\"Verdana\">RAMA EJECUTIVA DEL PODER P\u00daBLICO<br \/>PRESIDENCIA DE LA REP\u00daBLICA<\/font><\/p>\n<p align=\"center\" style=\"margin: 0px; color: rgb(102, 102, 102); font-family: arial, sans-serif; font-size: 14px; font-style: normal; font-variant: normal; font-weight: normal; letter-spacing: normal; line-height: 20px; orphans: auto; text-indent: 0px; text-transform: none; white-space: normal; widows: 1; word-spacing: 0px; -webkit-text-stroke-width: 0px; background-color: rgb(255, 255, 255);\"><font face=\"Verdana\">Bogot\u00e1, D. C., 19 de julio de 2012<br \/>Autorizado. Som\u00e9tase a la consideraci\u00f3n del honorable Congreso de<br \/>la Rep\u00fablica para los efectos constitucionales.<\/font><\/p>\n<p align=\"center\" style=\"margin: 0px; color: rgb(102, 102, 102); font-family: arial, sans-serif; font-size: 14px; font-style: normal; font-variant: normal; font-weight: normal; letter-spacing: normal; line-height: 20px; orphans: auto; text-indent: 0px; text-transform: none; white-space: normal; widows: 1; word-spacing: 0px; -webkit-text-stroke-width: 0px; background-color: rgb(255, 255, 255);\"><font face=\"Verdana\">(Fdo.) JUAN MANUEL SANTOS CALDER\u00d3N.<\/font><\/p>\n<p align=\"center\" style=\"margin: 0px; color: rgb(102, 102, 102); font-family: arial, sans-serif; font-size: 14px; font-style: normal; font-variant: normal; font-weight: normal; letter-spacing: normal; line-height: 20px; orphans: auto; text-indent: 0px; text-transform: none; white-space: normal; widows: 1; word-spacing: 0px; -webkit-text-stroke-width: 0px; background-color: rgb(255, 255, 255);\"><font face=\"Verdana\">La Ministra de Relaciones Exteriores,<br \/>(Fdo.) Mar\u00eda \u00c1ngela Holgu\u00edn Cu\u00e9llar.<\/font><\/p>\n<p align=\"center\" style=\"margin: 0px; color: rgb(102, 102, 102); font-family: arial, sans-serif; font-size: 14px; font-style: normal; font-variant: normal; font-weight: normal; letter-spacing: normal; line-height: 20px; orphans: auto; text-indent: 0px; text-transform: none; white-space: normal; widows: 1; word-spacing: 0px; -webkit-text-stroke-width: 0px; background-color: rgb(255, 255, 255);\">&nbsp;<\/p>\n<p align=\"center\" style=\"margin: 0px; color: rgb(102, 102, 102); font-family: arial, sans-serif; font-size: 14px; font-style: normal; font-variant: normal; font-weight: normal; letter-spacing: normal; line-height: 20px; orphans: auto; text-indent: 0px; text-transform: none; white-space: normal; widows: 1; word-spacing: 0px; -webkit-text-stroke-width: 0px; background-color: rgb(255, 255, 255);\"><font face=\"Verdana\"><b>DECRETA:<\/b><\/font><\/p>\n<p align=\"justify\" style=\"margin: 0px; color: rgb(102, 102, 102); font-family: arial, sans-serif; font-size: 14px; font-style: normal; font-variant: normal; font-weight: normal; letter-spacing: normal; line-height: 20px; orphans: auto; text-indent: 0px; text-transform: none; white-space: normal; widows: 1; word-spacing: 0px; -webkit-text-stroke-width: 0px; background-color: rgb(255, 255, 255);\"><font face=\"Verdana\"><b>Art\u00edculo 1\u00b0.<\/b>&nbsp;Apru\u00e9bese el \u201cAcuerdo Marco de la Alianza del Pac\u00edfico\u201d, suscrito en Paranal, Antofagasta, Rep\u00fablica de Chile, el 6 de junio de 2012.<\/font><\/p>\n<p align=\"justify\" style=\"margin: 0px; color: rgb(102, 102, 102); font-family: arial, sans-serif; font-size: 14px; font-style: normal; font-variant: normal; font-weight: normal; letter-spacing: normal; line-height: 20px; orphans: auto; text-indent: 0px; text-transform: none; white-space: normal; widows: 1; word-spacing: 0px; -webkit-text-stroke-width: 0px; background-color: rgb(255, 255, 255);\"><font face=\"Verdana\"><b>Art\u00edculo 2\u00b0.<\/b>&nbsp;De conformidad con lo dispuesto en el art\u00edculo 1\u00b0 de la Ley 7\u00aa de 1944, el \u201cAcuerdo Marco de la Alianza del Pac\u00edfico\u201d, suscrito en Paranal, Antofagasta, Rep\u00fablica de Chile, el 6 de junio de 2012, que por el art\u00edculo 1\u00b0 de esta ley se aprueba, obligar\u00e1 a la Rep\u00fablica de Colombia<br \/>a partir de la fecha en que se perfeccione el v\u00ednculo internacional respecto de la misma.<\/font><\/p>\n<p align=\"justify\" style=\"margin: 0px; color: rgb(102, 102, 102); font-family: arial, sans-serif; font-size: 14px; font-style: normal; font-variant: normal; font-weight: normal; letter-spacing: normal; line-height: 20px; orphans: auto; text-indent: 0px; text-transform: none; white-space: normal; widows: 1; word-spacing: 0px; -webkit-text-stroke-width: 0px; background-color: rgb(255, 255, 255);\"><font face=\"Verdana\"><b>Art\u00edculo 3\u00b0.<\/b>&nbsp;La presente ley rige a partir de la fecha de su publicaci\u00f3n.<\/font><\/p>\n<p align=\"justify\" style=\"margin: 0px; color: rgb(102, 102, 102); font-family: arial, sans-serif; font-size: 14px; font-style: normal; font-variant: normal; font-weight: normal; letter-spacing: normal; line-height: 20px; orphans: auto; text-indent: 0px; text-transform: none; white-space: normal; widows: 1; word-spacing: 0px; -webkit-text-stroke-width: 0px; background-color: rgb(255, 255, 255);\"><font face=\"Verdana\">Dada en Bogot\u00e1, D. C., a los\u2026<br \/>Presentado al honorable Congreso de la Rep\u00fablica por la Ministra de Relaciones Exteriores y el Ministro de Comercio, Industria y Turismo.<\/font><\/p>\n<p align=\"justify\" style=\"margin: 0px; color: rgb(102, 102, 102); font-family: arial, sans-serif; font-size: 14px; font-style: normal; font-variant: normal; font-weight: normal; letter-spacing: normal; line-height: 20px; orphans: auto; text-indent: 0px; text-transform: none; white-space: normal; widows: 1; word-spacing: 0px; -webkit-text-stroke-width: 0px; background-color: rgb(255, 255, 255);\">&nbsp;<\/p>\n<p align=\"center\" style=\"margin: 0px; color: rgb(102, 102, 102); font-family: arial, sans-serif; font-size: 14px; font-style: normal; font-variant: normal; font-weight: normal; letter-spacing: normal; line-height: 20px; orphans: auto; text-indent: 0px; text-transform: none; white-space: normal; widows: 1; word-spacing: 0px; -webkit-text-stroke-width: 0px; background-color: rgb(255, 255, 255);\"><font face=\"Verdana\">Maria Angela Holgu\u00edn Cuellar<\/font><\/p>\n<p align=\"center\" style=\"margin: 0px; color: rgb(102, 102, 102); font-family: arial, sans-serif; font-size: 14px; font-style: normal; font-variant: normal; font-weight: normal; letter-spacing: normal; line-height: 20px; orphans: auto; text-indent: 0px; text-transform: none; white-space: normal; widows: 1; word-spacing: 0px; -webkit-text-stroke-width: 0px; background-color: rgb(255, 255, 255);\"><font face=\"Verdana\">Ministra de Relaciones Exteriores<\/font><\/p>\n<p align=\"center\" style=\"margin: 0px; color: rgb(102, 102, 102); font-family: arial, sans-serif; font-size: 14px; font-style: normal; font-variant: normal; font-weight: normal; letter-spacing: normal; line-height: 20px; orphans: auto; text-indent: 0px; text-transform: none; white-space: normal; widows: 1; word-spacing: 0px; -webkit-text-stroke-width: 0px; background-color: rgb(255, 255, 255);\">&nbsp;<\/p>\n<p align=\"center\" style=\"margin: 0px; color: rgb(102, 102, 102); font-family: arial, sans-serif; font-size: 14px; font-style: normal; font-variant: normal; font-weight: normal; letter-spacing: normal; line-height: 20px; orphans: auto; text-indent: 0px; text-transform: none; white-space: normal; widows: 1; word-spacing: 0px; -webkit-text-stroke-width: 0px; background-color: rgb(255, 255, 255);\"><font face=\"Verdana\">Santiago Rojas Arroyo<\/font><\/p>\n<p align=\"center\" style=\"margin: 0px; color: rgb(102, 102, 102); font-family: arial, sans-serif; font-size: 14px; font-style: normal; font-variant: normal; font-weight: normal; letter-spacing: normal; line-height: 20px; orphans: auto; text-indent: 0px; text-transform: none; white-space: normal; widows: 1; word-spacing: 0px; -webkit-text-stroke-width: 0px; background-color: rgb(255, 255, 255);\"><font face=\"Verdana\">Ministerio de Comercio, Industria y Turismo<\/font><\/p>\n<p align=\"center\" style=\"margin: 0px; color: rgb(102, 102, 102); font-family: arial, sans-serif; font-size: 14px; font-style: normal; font-variant: normal; font-weight: normal; letter-spacing: normal; line-height: 20px; orphans: auto; text-indent: 0px; text-transform: none; white-space: normal; widows: 1; word-spacing: 0px; -webkit-text-stroke-width: 0px; background-color: rgb(255, 255, 255);\">&nbsp;<\/p>\n<p align=\"center\" style=\"margin: 0px; color: rgb(102, 102, 102); font-family: arial, sans-serif; font-size: 14px; font-style: normal; font-variant: normal; font-weight: normal; letter-spacing: normal; line-height: 20px; orphans: auto; text-indent: 0px; text-transform: none; white-space: normal; widows: 1; word-spacing: 0px; -webkit-text-stroke-width: 0px; background-color: rgb(255, 255, 255);\">&nbsp;<\/p>\n<p align=\"center\" style=\"margin: 0px; color: rgb(102, 102, 102); font-family: arial, sans-serif; font-size: 14px; font-style: normal; font-variant: normal; font-weight: normal; letter-spacing: normal; line-height: 20px; orphans: auto; text-indent: 0px; text-transform: none; white-space: normal; widows: 1; word-spacing: 0px; -webkit-text-stroke-width: 0px; background-color: rgb(255, 255, 255);\"><font face=\"Verdana\"><b>LEY 424 DE 1998<\/b><br \/>(ENERO 13 DE 2014)<br \/>Por la cual se ordena el seguimiento a los convenios internacionales suscritos por Colombia.<\/font><\/p>\n<p align=\"center\" style=\"margin: 0px; color: rgb(102, 102, 102); font-family: arial, sans-serif; font-size: 14px; font-style: normal; font-variant: normal; font-weight: normal; letter-spacing: normal; line-height: 20px; orphans: auto; text-indent: 0px; text-transform: none; white-space: normal; widows: 1; word-spacing: 0px; -webkit-text-stroke-width: 0px; background-color: rgb(255, 255, 255);\"><font face=\"Verdana\">El Congreso de Colombia<\/font><\/p>\n<p align=\"center\" style=\"margin: 0px; color: rgb(102, 102, 102); font-family: arial, sans-serif; font-size: 14px; font-style: normal; font-variant: normal; font-weight: normal; letter-spacing: normal; line-height: 20px; orphans: auto; text-indent: 0px; text-transform: none; white-space: normal; widows: 1; word-spacing: 0px; -webkit-text-stroke-width: 0px; background-color: rgb(255, 255, 255);\"><font face=\"Verdana\"><b>DECRETA:<\/b><\/font><\/p>\n<p align=\"justify\" style=\"margin: 0px; color: rgb(102, 102, 102); font-family: arial, sans-serif; font-size: 14px; font-style: normal; font-variant: normal; font-weight: normal; letter-spacing: normal; line-height: 20px; orphans: auto; text-indent: 0px; text-transform: none; white-space: normal; widows: 1; word-spacing: 0px; -webkit-text-stroke-width: 0px; background-color: rgb(255, 255, 255);\"><font face=\"Verdana\"><b>Art\u00edculo 1\u00ba.&nbsp;<\/b>El Gobierno Nacional a trav\u00e9s de la Canciller\u00eda presentar\u00e1 anualmente a las Comisiones Segundas de Relaciones Exteriores de Senado y C\u00e1mara, y dentro de los primeros treinta d\u00edas calendario posteriores al per\u00edodo legislativo que se inicia cada 20 de julio, un informe pormenorizado acerca de c\u00f3mo se est\u00e1n cumpliendo y desarrollando los convenios internacionales vigentes suscritos por Colombia con otros Estados.<\/font><\/p>\n<p align=\"justify\" style=\"margin: 0px; color: rgb(102, 102, 102); font-family: arial, sans-serif; font-size: 14px; font-style: normal; font-variant: normal; font-weight: normal; letter-spacing: normal; line-height: 20px; orphans: auto; text-indent: 0px; text-transform: none; white-space: normal; widows: 1; word-spacing: 0px; -webkit-text-stroke-width: 0px; background-color: rgb(255, 255, 255);\"><font face=\"Verdana\"><b>Art\u00edculo 2\u00ba.&nbsp;<\/b>Cada dependencia del Gobierno Nacional encargada de ejecutar los tratados internacionales de su competencia y requerir la reciprocidad en los mismos, trasladar\u00e1 la informaci\u00f3n pertinente al Ministerio de Relaciones Exteriores y este, a las Comisiones Segundas.<\/font><\/p>\n<p align=\"justify\" style=\"margin: 0px; color: rgb(102, 102, 102); font-family: arial, sans-serif; font-size: 14px; font-style: normal; font-variant: normal; font-weight: normal; letter-spacing: normal; line-height: 20px; orphans: auto; text-indent: 0px; text-transform: none; white-space: normal; widows: 1; word-spacing: 0px; -webkit-text-stroke-width: 0px; background-color: rgb(255, 255, 255);\"><font face=\"Verdana\"><b>Art\u00edculo 3\u00ba.&nbsp;<\/b>El texto completo de la presente ley se incorporar\u00e1 como anexo a todos y cada uno de los Convenios Internacionales que el Ministerio de Relaciones Exteriores presente a consideraci\u00f3n del Congreso.<\/font><\/p>\n<p align=\"justify\" style=\"margin: 0px; color: rgb(102, 102, 102); font-family: arial, sans-serif; font-size: 14px; font-style: normal; font-variant: normal; font-weight: normal; letter-spacing: normal; line-height: 20px; orphans: auto; text-indent: 0px; text-transform: none; white-space: normal; widows: 1; word-spacing: 0px; -webkit-text-stroke-width: 0px; background-color: rgb(255, 255, 255);\"><font face=\"Verdana\"><b>Art\u00edculo 4\u00ba.&nbsp;<\/b>La presente ley rige a partir de su promulgaci\u00f3n.<\/font><\/p>\n<p align=\"center\" style=\"margin: 0px; color: rgb(102, 102, 102); font-family: arial, sans-serif; font-size: 14px; font-style: normal; font-variant: normal; font-weight: normal; letter-spacing: normal; line-height: 20px; orphans: auto; text-indent: 0px; text-transform: none; white-space: normal; widows: 1; word-spacing: 0px; -webkit-text-stroke-width: 0px; background-color: rgb(255, 255, 255);\"><font face=\"Verdana\">El Presidente del honorable Senado de la Rep\u00fablica.<br \/>Amylkar Acosta Medina.<\/font><\/p>\n<p align=\"center\" style=\"margin: 0px; color: rgb(102, 102, 102); font-family: arial, sans-serif; font-size: 14px; font-style: normal; font-variant: normal; font-weight: normal; letter-spacing: normal; line-height: 20px; orphans: auto; text-indent: 0px; text-transform: none; white-space: normal; widows: 1; word-spacing: 0px; -webkit-text-stroke-width: 0px; background-color: rgb(255, 255, 255);\"><font face=\"Verdana\">El Secretario General del honorable Senado de la Rep\u00fablica,<br \/>Pedro Pumarejo Vega.<\/font><\/p>\n<p align=\"center\" style=\"margin: 0px; color: rgb(102, 102, 102); font-family: arial, sans-serif; font-size: 14px; font-style: normal; font-variant: normal; font-weight: normal; letter-spacing: normal; line-height: 20px; orphans: auto; text-indent: 0px; text-transform: none; white-space: normal; widows: 1; word-spacing: 0px; -webkit-text-stroke-width: 0px; background-color: rgb(255, 255, 255);\"><font face=\"Verdana\">El Presidente de la honorable C\u00e1mara de Representantes,<br \/>Carlos Ardila Ballesteros.<\/font><\/p>\n<p align=\"center\" style=\"margin: 0px; color: rgb(102, 102, 102); font-family: arial, sans-serif; font-size: 14px; font-style: normal; font-variant: normal; font-weight: normal; letter-spacing: normal; line-height: 20px; orphans: auto; text-indent: 0px; text-transform: none; white-space: normal; widows: 1; word-spacing: 0px; -webkit-text-stroke-width: 0px; background-color: rgb(255, 255, 255);\"><font face=\"Verdana\">El Secretario General de la honorable C\u00e1mara de Representantes,<br \/>Diego Vivas Tafur.<\/font><\/p>\n<p align=\"center\" style=\"margin: 0px; color: rgb(102, 102, 102); font-family: arial, sans-serif; font-size: 14px; font-style: normal; font-variant: normal; font-weight: normal; letter-spacing: normal; line-height: 20px; orphans: auto; text-indent: 0px; text-transform: none; white-space: normal; widows: 1; word-spacing: 0px; -webkit-text-stroke-width: 0px; background-color: rgb(255, 255, 255);\"><font face=\"Verdana\">REP\u00daBLICA DE COLOMBIA &#8211; GOBIERNO NACIONAL<\/font><\/p>\n<p align=\"center\" style=\"margin: 0px; color: rgb(102, 102, 102); font-family: arial, sans-serif; font-size: 14px; font-style: normal; font-variant: normal; font-weight: normal; letter-spacing: normal; line-height: 20px; orphans: auto; text-indent: 0px; text-transform: none; white-space: normal; widows: 1; word-spacing: 0px; -webkit-text-stroke-width: 0px; background-color: rgb(255, 255, 255);\"><font face=\"Verdana\">Publ\u00edquese y ejec\u00fatese.<br \/>Dada en Santa Fe de Bogot\u00e1, D. C., a 13 de enero de 1998.<\/font><\/p>\n<p align=\"center\" style=\"margin: 0px; color: rgb(102, 102, 102); font-family: arial, sans-serif; font-size: 14px; font-style: normal; font-variant: normal; font-weight: normal; letter-spacing: normal; line-height: 20px; orphans: auto; text-indent: 0px; text-transform: none; white-space: normal; widows: 1; word-spacing: 0px; -webkit-text-stroke-width: 0px; background-color: rgb(255, 255, 255);\"><font face=\"Verdana\">ERNESTO SAMPER PIZANO.<br \/>La Ministra de Relaciones Exteriores,<\/font><\/p>\n<p align=\"center\" style=\"margin: 0px; color: rgb(102, 102, 102); font-family: arial, sans-serif; font-size: 14px; font-style: normal; font-variant: normal; font-weight: normal; letter-spacing: normal; line-height: 20px; orphans: auto; text-indent: 0px; text-transform: none; white-space: normal; widows: 1; word-spacing: 0px; -webkit-text-stroke-width: 0px; background-color: rgb(255, 255, 255);\"><font face=\"Verdana\">Mar\u00eda Emma Mej\u00eda V\u00e9lez.<\/font><\/p>\n<p align=\"center\" style=\"margin: 0px; color: rgb(102, 102, 102); font-family: arial, sans-serif; font-size: 14px; font-style: normal; font-variant: normal; font-weight: normal; letter-spacing: normal; line-height: 20px; orphans: auto; text-indent: 0px; text-transform: none; white-space: normal; widows: 1; word-spacing: 0px; -webkit-text-stroke-width: 0px; background-color: rgb(255, 255, 255);\"><font face=\"Verdana\">RAMA EJECUTIVA DEL PODER P\u00daBLICO<br \/>PRESIDENCIA DE LA REP\u00daBLICA<\/font><\/p>\n<p align=\"center\" style=\"margin: 0px; color: rgb(102, 102, 102); font-family: arial, sans-serif; font-size: 14px; font-style: normal; font-variant: normal; font-weight: normal; letter-spacing: normal; line-height: 20px; orphans: auto; text-indent: 0px; text-transform: none; white-space: normal; widows: 1; word-spacing: 0px; -webkit-text-stroke-width: 0px; background-color: rgb(255, 255, 255);\"><font face=\"Verdana\">Bogot\u00e1, D. C., 19 de julio de 2012<br \/>Autorizado. Som\u00e9tase a la consideraci\u00f3n del honorable Congreso de<br \/>la Rep\u00fablica para los efectos constitucionales.<\/font><\/p>\n<p align=\"center\" style=\"margin: 0px; color: rgb(102, 102, 102); font-family: arial, sans-serif; font-size: 14px; font-style: normal; font-variant: normal; font-weight: normal; letter-spacing: normal; line-height: 20px; orphans: auto; text-indent: 0px; text-transform: none; white-space: normal; widows: 1; word-spacing: 0px; -webkit-text-stroke-width: 0px; background-color: rgb(255, 255, 255);\"><font face=\"Verdana\">(Fdo.) JUAN MANUEL SANTOS CALDER\u00d3N.<\/font><\/p>\n<p align=\"center\" style=\"margin: 0px; color: rgb(102, 102, 102); font-family: arial, sans-serif; font-size: 14px; font-style: normal; font-variant: normal; font-weight: normal; letter-spacing: normal; line-height: 20px; orphans: auto; text-indent: 0px; text-transform: none; white-space: normal; widows: 1; word-spacing: 0px; -webkit-text-stroke-width: 0px; background-color: rgb(255, 255, 255);\"><font face=\"Verdana\">La Ministra de Relaciones Exteriores,<br \/>(Fdo.) Mar\u00eda \u00c1ngela Holgu\u00edn Cu\u00e9llar.<\/font><\/p>\n<p align=\"center\" style=\"margin: 0px; color: rgb(102, 102, 102); font-family: arial, sans-serif; font-size: 14px; font-style: normal; font-variant: normal; font-weight: normal; letter-spacing: normal; line-height: 20px; orphans: auto; text-indent: 0px; text-transform: none; white-space: normal; widows: 1; word-spacing: 0px; -webkit-text-stroke-width: 0px; background-color: rgb(255, 255, 255);\">&nbsp;<\/p>\n<p align=\"center\" style=\"margin: 0px; color: rgb(102, 102, 102); font-family: arial, sans-serif; font-size: 14px; font-style: normal; font-variant: normal; font-weight: normal; letter-spacing: normal; line-height: 20px; orphans: auto; text-indent: 0px; text-transform: none; white-space: normal; widows: 1; word-spacing: 0px; -webkit-text-stroke-width: 0px; background-color: rgb(255, 255, 255);\"><b><font face=\"Verdana\">DECRETA:<\/font><\/b><\/p>\n<p align=\"justify\" style=\"margin: 0px; color: rgb(102, 102, 102); font-family: arial, sans-serif; font-size: 14px; font-style: normal; font-variant: normal; font-weight: normal; letter-spacing: normal; line-height: 20px; orphans: auto; text-indent: 0px; text-transform: none; white-space: normal; widows: 1; word-spacing: 0px; -webkit-text-stroke-width: 0px; background-color: rgb(255, 255, 255);\"><font face=\"Verdana\"><b>Art\u00edculo 1\u00b0.&nbsp;<\/b>Apru\u00e9bese el \u201cAcuerdo Marco de la Alianza del Pac\u00edfico\u201d, suscrito en Paranal, Antofagasta, Rep\u00fablica de Chile, el 6 de junio de 2012.<\/font><\/p>\n<p align=\"justify\" style=\"margin: 0px; color: rgb(102, 102, 102); font-family: arial, sans-serif; font-size: 14px; font-style: normal; font-variant: normal; font-weight: normal; letter-spacing: normal; line-height: 20px; orphans: auto; text-indent: 0px; text-transform: none; white-space: normal; widows: 1; word-spacing: 0px; -webkit-text-stroke-width: 0px; background-color: rgb(255, 255, 255);\"><font face=\"Verdana\"><b>Art\u00edculo 2\u00b0.&nbsp;<\/b>De conformidad con lo dispuesto en el art\u00edculo 1\u00b0 de la Ley 7\u00aa de 1944, el \u201cAcuerdo Marco de la Alianza del Pac\u00edfico\u201d, suscrito en Paranal, Antofagasta, Rep\u00fablica de Chile, el 6 de junio de 2012, que por el art\u00edculo 1\u00b0 de esta ley se aprueba, obligar\u00e1 a la Rep\u00fablica de Colombia a partir de la fecha en que se perfeccione el v\u00ednculo internacional respecto de la misma.<\/font><\/p>\n<p align=\"justify\" style=\"margin: 0px; color: rgb(102, 102, 102); font-family: arial, sans-serif; font-size: 14px; font-style: normal; font-variant: normal; font-weight: normal; letter-spacing: normal; line-height: 20px; orphans: auto; text-indent: 0px; text-transform: none; white-space: normal; widows: 1; word-spacing: 0px; -webkit-text-stroke-width: 0px; background-color: rgb(255, 255, 255);\"><font face=\"Verdana\"><b>Art\u00edculo 3\u00b0.<\/b>&nbsp;La presente ley rige a partir de la fecha de su publicaci\u00f3n.<\/font><\/p>\n<p align=\"center\" style=\"margin: 0px; color: rgb(102, 102, 102); font-family: arial, sans-serif; font-size: 14px; font-style: normal; font-variant: normal; font-weight: normal; letter-spacing: normal; line-height: 20px; orphans: auto; text-indent: 0px; text-transform: none; white-space: normal; widows: 1; word-spacing: 0px; -webkit-text-stroke-width: 0px; background-color: rgb(255, 255, 255);\"><font face=\"Verdana\">El Presidente del honorable Senado de la Rep\u00fablica,<br \/>Juan Fernando Cristo Bustos.<\/font><\/p>\n<p align=\"center\" style=\"margin: 0px; color: rgb(102, 102, 102); font-family: arial, sans-serif; font-size: 14px; font-style: normal; font-variant: normal; font-weight: normal; letter-spacing: normal; line-height: 20px; orphans: auto; text-indent: 0px; text-transform: none; white-space: normal; widows: 1; word-spacing: 0px; -webkit-text-stroke-width: 0px; background-color: rgb(255, 255, 255);\"><font face=\"Verdana\">El Secretario General del honorable Senado de la Rep\u00fablica,<br \/>Gregorio Eljach Pacheco.<\/font><\/p>\n<p align=\"center\" style=\"margin: 0px; color: rgb(102, 102, 102); font-family: arial, sans-serif; font-size: 14px; font-style: normal; font-variant: normal; font-weight: normal; letter-spacing: normal; line-height: 20px; orphans: auto; text-indent: 0px; text-transform: none; white-space: normal; widows: 1; word-spacing: 0px; -webkit-text-stroke-width: 0px; background-color: rgb(255, 255, 255);\"><font face=\"Verdana\">El Presidente de la honorable C\u00e1mara de Representantes,<br \/>Hern\u00e1n Penagos Giraldo.<\/font><\/p>\n<p align=\"center\" style=\"margin: 0px; color: rgb(102, 102, 102); font-family: arial, sans-serif; font-size: 14px; font-style: normal; font-variant: normal; font-weight: normal; letter-spacing: normal; line-height: 20px; orphans: auto; text-indent: 0px; text-transform: none; white-space: normal; widows: 1; word-spacing: 0px; -webkit-text-stroke-width: 0px; background-color: rgb(255, 255, 255);\"><font face=\"Verdana\">El Secretario General de la honorable C\u00e1mara de Representantes,<br \/>Jorge Humberto Mantilla Serrano.<\/font><\/p>\n<p align=\"center\" style=\"margin: 0px; color: rgb(102, 102, 102); font-family: arial, sans-serif; font-size: 14px; font-style: normal; font-variant: normal; font-weight: normal; letter-spacing: normal; line-height: 20px; orphans: auto; text-indent: 0px; text-transform: none; white-space: normal; widows: 1; word-spacing: 0px; -webkit-text-stroke-width: 0px; background-color: rgb(255, 255, 255);\"><font face=\"Verdana\">REP\u00daBLICA DE COLOMBIA &#8211; GOBIERNO NACIONAL<\/font><\/p>\n<p align=\"center\" style=\"margin: 0px; color: rgb(102, 102, 102); font-family: arial, sans-serif; font-size: 14px; font-style: normal; font-variant: normal; font-weight: normal; letter-spacing: normal; line-height: 20px; orphans: auto; text-indent: 0px; text-transform: none; white-space: normal; widows: 1; word-spacing: 0px; -webkit-text-stroke-width: 0px; background-color: rgb(255, 255, 255);\"><font face=\"Verdana\">Comun\u00edquese y c\u00famplase.<br \/>Ejec\u00fatese, previa revisi\u00f3n de la Corte Constitucional, conforme al art\u00edculo 241-10 de la Constituci\u00f3n Pol\u00edtica.<\/font><\/p>\n<p align=\"center\" style=\"margin: 0px; color: rgb(102, 102, 102); font-family: arial, sans-serif; font-size: 14px; font-style: normal; font-variant: normal; font-weight: normal; letter-spacing: normal; line-height: 20px; orphans: auto; text-indent: 0px; text-transform: none; white-space: normal; widows: 1; word-spacing: 0px; -webkit-text-stroke-width: 0px; background-color: rgb(255, 255, 255);\"><font face=\"Verdana\">Dada en Bogot\u00e1, D. C., a 27 de junio de 2014.<\/font><\/p>\n<p align=\"center\" style=\"margin: 0px; color: rgb(102, 102, 102); font-family: arial, sans-serif; font-size: 14px; font-style: normal; font-variant: normal; font-weight: normal; letter-spacing: normal; line-height: 20px; orphans: auto; text-indent: 0px; text-transform: none; white-space: normal; widows: 1; word-spacing: 0px; -webkit-text-stroke-width: 0px; background-color: rgb(255, 255, 255);\"><font face=\"Verdana\">JUAN MANUEL SANTOS CALDER\u00d3N<br \/>La Viceministra de Relaciones Exteriores del Ministerio de Relaciones<br \/>Exteriores, encargada de las funciones del Despacho de la Ministra de<br \/>Relaciones Exteriores,<br \/>Patti Londo\u00f1o Jaramillo.<\/font><\/p>\n<p align=\"center\" style=\"margin: 0px; color: rgb(102, 102, 102); font-family: arial, sans-serif; font-size: 14px; font-style: normal; font-variant: normal; font-weight: normal; letter-spacing: normal; line-height: 20px; orphans: auto; text-indent: 0px; text-transform: none; white-space: normal; widows: 1; word-spacing: 0px; -webkit-text-stroke-width: 0px; background-color: rgb(255, 255, 255);\"><font face=\"Verdana\">El Ministro De Comercio, Industria y Turismo,<br \/>Santiago Rojas Arroyo.<\/font><\/p>\n","protected":false},"excerpt":{"rendered":"<p>LEY 1721 DE 2014 &nbsp; &nbsp; LEY 1721 DE 2014 &nbsp; (JUNIO 27 DE 2014) Por medio de la cual se aprueba el \u201cAcuerdo Marco de la Alianza del Pac\u00edfico\u201d, suscrito en Paranal, Antofagasta, Rep\u00fablica de Chile, el 6 de junio de 2012. &nbsp; &nbsp; El Congreso de la Rep\u00fablica Visto el texto del \u201cAcuerdo [&hellip;]<\/p>\n","protected":false},"author":1,"featured_media":0,"comment_status":"open","ping_status":"open","sticky":false,"template":"","format":"standard","meta":{"footnotes":""},"categories":[29],"tags":[],"class_list":["post-1778","post","type-post","status-publish","format-standard","hentry","category-leyes-2014"],"_links":{"self":[{"href":"https:\/\/www.dmsjuridica.com\/buscador_20179478954\/legislacion\/leyes\/wp-json\/wp\/v2\/posts\/1778","targetHints":{"allow":["GET"]}}],"collection":[{"href":"https:\/\/www.dmsjuridica.com\/buscador_20179478954\/legislacion\/leyes\/wp-json\/wp\/v2\/posts"}],"about":[{"href":"https:\/\/www.dmsjuridica.com\/buscador_20179478954\/legislacion\/leyes\/wp-json\/wp\/v2\/types\/post"}],"author":[{"embeddable":true,"href":"https:\/\/www.dmsjuridica.com\/buscador_20179478954\/legislacion\/leyes\/wp-json\/wp\/v2\/users\/1"}],"replies":[{"embeddable":true,"href":"https:\/\/www.dmsjuridica.com\/buscador_20179478954\/legislacion\/leyes\/wp-json\/wp\/v2\/comments?post=1778"}],"version-history":[{"count":0,"href":"https:\/\/www.dmsjuridica.com\/buscador_20179478954\/legislacion\/leyes\/wp-json\/wp\/v2\/posts\/1778\/revisions"}],"wp:attachment":[{"href":"https:\/\/www.dmsjuridica.com\/buscador_20179478954\/legislacion\/leyes\/wp-json\/wp\/v2\/media?parent=1778"}],"wp:term":[{"taxonomy":"category","embeddable":true,"href":"https:\/\/www.dmsjuridica.com\/buscador_20179478954\/legislacion\/leyes\/wp-json\/wp\/v2\/categories?post=1778"},{"taxonomy":"post_tag","embeddable":true,"href":"https:\/\/www.dmsjuridica.com\/buscador_20179478954\/legislacion\/leyes\/wp-json\/wp\/v2\/tags?post=1778"}],"curies":[{"name":"wp","href":"https:\/\/api.w.org\/{rel}","templated":true}]}}