{"id":1783,"date":"2020-11-25T14:39:37","date_gmt":"2020-11-25T14:39:37","guid":{"rendered":"https:\/\/www.dmsjuridica.com\/buscador_20179478954\/legislacion\/leyes\/2020\/11\/25\/ley-1726-de-2014\/"},"modified":"2020-11-25T14:39:37","modified_gmt":"2020-11-25T14:39:37","slug":"ley-1726-de-2014","status":"publish","type":"post","link":"https:\/\/www.dmsjuridica.com\/buscador_20179478954\/legislacion\/leyes\/2020\/11\/25\/ley-1726-de-2014\/","title":{"rendered":"LEY 1726 DE 2014"},"content":{"rendered":"<p>            <\/a>LEY 1726 DE 2014<\/p>\n<p align=\"center\" style=\"margin-top: 0; margin-bottom: 0\"><font face=\"Verdana\" size=\"2\"><img loading=\"lazy\" decoding=\"async\" border=\"0\" src=\"http:\/\/dmsjuridica.com\/CODIGOS\/LEGISLACION\/LEYES\/2019\/dms.png\" width=\"138\" height=\"103\"><\/p>\n<p align=\"center\" style=\"margin-top: 0; margin-bottom: 0\">&nbsp;<\/p>\n<p align=\"center\" style=\"margin-top: 0; margin-bottom: 0\"><font face=\"Verdana\" size=\"6\"><b>LEY 1726 DE 2014<\/b><\/font><\/p>\n<p align=\"center\" style=\"margin-top: 0; margin-bottom: 0\"><font face=\"Verdana\" size=\"2\"><br \/>(julio 10 de 2014)<\/font><\/p>\n<p align=\"center\" style=\"margin-top: 0; margin-bottom: 0\"><font face=\"Verdana\" size=\"2\"><br \/><i>p<\/i><i>or medio de la cual la Naci\u00f3n se vincula y asocia a la celebraci\u00f3n de los 50 a\u00f1os de la Instituci\u00f3n Educativa \u201cFernando V\u00e9lez\u201d en el municipio de Bello, departamento de Antioquia, se autorizan apropiaciones presupuestales y se dictan otras disposiciones.<\/i><\/font><\/p>\n<p align=\"center\" style=\"margin-top: 0; margin-bottom: 0\">&nbsp;<\/p>\n<p align=\"center\" style=\"margin-top: 0; margin-bottom: 0\">&nbsp;<\/p>\n<p align=\"center\" style=\"margin-top: 0; margin-bottom: 0\"><font face=\"Verdana\" size=\"2\">El Congreso de Colombia<\/font><\/p>\n<p align=\"center\" style=\"margin-top: 0; margin-bottom: 0\">&nbsp;<\/p>\n<p align=\"center\" style=\"margin-top: 0; margin-bottom: 0\"><font face=\"Verdana\" size=\"2\"><br \/><b>DECRETA:<\/b><\/font><\/p>\n<p align=\"center\" style=\"margin-top: 0; margin-bottom: 0\">&nbsp;<\/p>\n<p align=\"justify\" style=\"margin-top: 0; margin-bottom: 0\"><font face=\"Verdana\" size=\"2\"><br \/><b><a name=\"1\">Art\u00edculo 1\u00b0. <\/a><\/b>La Naci\u00f3n se vincula a la celebraci\u00f3n de los 50 a\u00f1os de la Instituci\u00f3n Educativa \u201cFernando V\u00e9lez\u201d, en el municipio de Bello, departamento de Antioquia, y rinde un sentido homenaje a su primer rector Don Guillermo Sierra Ni\u00f1o y a toda su comunidad educativa. <\/font><\/p>\n<p align=\"justify\" style=\"margin-top: 0; margin-bottom: 0\">&nbsp;<\/p>\n<p align=\"justify\" style=\"margin-top: 0; margin-bottom: 0\"><font face=\"Verdana\" size=\"2\"><br \/><b><a name=\"2\">Art\u00edculo 2\u00b0. <\/a><\/b>Autor\u00edcese al Gobierno Nacional para que en cumplimiento y de conformidad con los art\u00edculos 228, 334, 341, 345 de la <a hrefx=\"file:\/\/Mauricio-pc\/matriz_dms\/CODIGOS\/contitucion_politica\/contitucion_politica.htm\"><b>Constituci\u00f3n Pol\u00edtica<\/b><\/a> y de las competencias establecidas en la Ley 715 de 2001 y sus decretos reglamentarios teniendo en cuenta las disponibilidades presupuestales a mediano plazo, incorp\u00f3rese dentro del Presupuesto General de la Naci\u00f3n, las apropiaciones necesarias que permitan ejecutar y entregar al servicio de la comunidad educativa de la Instituci\u00f3n Educativa \u201cFernando V\u00e9lez\u201d, en el municipio de Bello, departamento de Antioquia, las siguientes obras de infraestructura: <\/font><\/p>\n<p align=\"justify\" style=\"margin-top: 0; margin-bottom: 0\"><font face=\"Verdana\" size=\"2\"><br \/>a) Construcci\u00f3n y dotaci\u00f3n del Aula M\u00e1xima \u201cGuillermo Sierra Ni\u00f1o\u201d;<\/font><\/p>\n<p align=\"justify\" style=\"margin-top: 0; margin-bottom: 0\"><font face=\"Verdana\" size=\"2\"><br \/>b) Construcci\u00f3n y dotaci\u00f3n del aula de tecnolog\u00edas con 100 computadores;<\/font><\/p>\n<p align=\"justify\" style=\"margin-top: 0; margin-bottom: 0\"><font face=\"Verdana\" size=\"2\"><br \/>c) Dotaci\u00f3n de tableros electr\u00f3nicos para las 45 aulas de clase;<\/font><\/p>\n<p align=\"justify\" style=\"margin-top: 0; margin-bottom: 0\"><font face=\"Verdana\" size=\"2\"><br \/>d) Modernizaci\u00f3n y dotaci\u00f3n de los laboratorios de Qu\u00edmica, Biolog\u00eda y F\u00edsica;<\/font><\/p>\n<p align=\"justify\" style=\"margin-top: 0; margin-bottom: 0\"><font face=\"Verdana\" size=\"2\"><br \/>e) Adecuaci\u00f3n de las bater\u00edas sanitarias de la instituci\u00f3n. <\/font><\/p>\n<p align=\"justify\" style=\"margin-top: 0; margin-bottom: 0\">&nbsp;<\/p>\n<p align=\"justify\" style=\"margin-top: 0; margin-bottom: 0\"><font face=\"Verdana\" size=\"2\"><br \/><b><a name=\"3\">Art\u00edculo 3\u00b0.<\/a><\/b> Para dar cumplimiento a lo dispuesto en la presente ley, podr\u00e1n celebrarse convenios interadministrativos, entre la Naci\u00f3n, el municipio de Bello y el departamento de Antioquia. <\/font><\/p>\n<p align=\"justify\" style=\"margin-top: 0; margin-bottom: 0\">&nbsp;<\/p>\n<p align=\"justify\" style=\"margin-top: 0; margin-bottom: 0\"><font face=\"Verdana\" size=\"2\"><br \/><b><a name=\"4\">Art\u00edculo 4\u00b0.<\/a><\/b> Las autorizaciones de gastos otorgadas al Gobierno Nacional en virtud de esta ley, se incorporar\u00e1n en los presupuestos generales de la Naci\u00f3n, de acuerdo con las normas org\u00e1nicas en materia presupuestal, reasignando los recursos hoy existentes en cada \u00f3rgano ejecutor, sin que ello implique un aumento del presupuesto, de acuerdo con las disposiciones que se produzcan en cada vigencia fiscal. <\/font><\/p>\n<p align=\"justify\" style=\"margin-top: 0; margin-bottom: 0\">&nbsp;<\/p>\n<p align=\"justify\" style=\"margin-top: 0; margin-bottom: 0\"><font face=\"Verdana\" size=\"2\"><br \/><b><a name=\"5\">Art\u00edculo 5\u00b0. <\/a><\/b>Para efectuar las apropiaciones presupuestales necesarias en cumplimiento de la presente ley, se deber\u00e1 realizar la inscripci\u00f3n previa de los proyectos en el Banco de Proyectos de Inversi\u00f3n P\u00fablica del Departamento Nacional de Planeaci\u00f3n.<\/font><\/p>\n<p align=\"justify\" style=\"margin-top: 0; margin-bottom: 0\">&nbsp;<\/p>\n<p align=\"justify\" style=\"margin-top: 0; margin-bottom: 0\">&nbsp;<\/p>\n<p align=\"justify\" style=\"margin-top: 0; margin-bottom: 0\"><font face=\"Verdana\" size=\"2\"><b><a name=\"6\">Art\u00edculo 6\u00b0.<\/a><\/b> La presente ley rige a partir de la fecha de su sanci\u00f3n, promulgaci\u00f3n y publicaci\u00f3n en el Diario Oficial.<\/font><\/p>\n<p align=\"justify\" style=\"margin-top: 0; margin-bottom: 0\">&nbsp;<\/p>\n<p align=\"center\" style=\"margin-top: 0; margin-bottom: 0\"><font face=\"Verdana\" size=\"2\"><br \/>El Presidente del honorable Senado de la Rep\u00fablica,<br \/>Juan Fernando Cristo Bustos.<\/font><\/p>\n<p align=\"center\" style=\"margin-top: 0; margin-bottom: 0\"><font face=\"Verdana\" size=\"2\"><br \/>El Secretario General del honorable Senado de la Rep\u00fablica,<br \/>Gregorio Eljach Pacheco.<\/font><\/p>\n<p align=\"center\" style=\"margin-top: 0; margin-bottom: 0\"><font face=\"Verdana\" size=\"2\"><br \/>El Presidente de la honorable C\u00e1mara de Representantes,<br \/>Hern\u00e1n Penagos Giraldo.<\/font><\/p>\n<p align=\"center\" style=\"margin-top: 0; margin-bottom: 0\"><font face=\"Verdana\" size=\"2\"><br \/>El Secretario General de la honorable C\u00e1mara de Representantes,<br \/>Jorge Humberto Mantilla Serrano.<\/font><\/p>\n<p align=\"center\" style=\"margin-top: 0; margin-bottom: 0\"><font face=\"Verdana\" size=\"2\"><br \/>REP\u00daBLICA DE COLOMBIA &#8211; GOBIERNO NACIONAL<\/font><\/p>\n<p align=\"center\" style=\"margin-top: 0; margin-bottom: 0\"><font face=\"Verdana\" size=\"2\"><br \/>Publ\u00edquese y c\u00famplase. <br \/>Dada en Bogot\u00e1, D. C., a 10 de julio de 2014.<\/font><\/p>\n<p align=\"center\" style=\"margin-top: 0; margin-bottom: 0\"><font face=\"Verdana\" size=\"2\"><br \/>JUAN MANUEL SANTOS CALDER\u00d3N<\/font><\/p>\n<p align=\"center\" style=\"margin-top: 0; margin-bottom: 0\"><font face=\"Verdana\" size=\"2\"><br \/>La Viceministra para la Participaci\u00f3n e Igualdad de Derechos del <br \/>Ministerio del Interior, encargada de las funciones del Despacho del <br \/>Ministro del Interior,<br \/>Natalia Guti\u00e9rrez Jaramillo. <\/font><\/p>\n<p align=\"center\" style=\"margin-top: 0; margin-bottom: 0\"><font face=\"Verdana\" size=\"2\"><br \/>El Ministro de Hacienda y Cr\u00e9dito P\u00fablico,<br \/>Mauricio C\u00e1rdenas Santamar\u00eda.<\/font><\/p>\n<p align=\"center\" style=\"margin-top: 0; margin-bottom: 0\"><font face=\"Verdana\" size=\"2\"><br \/>La Ministra de Educaci\u00f3n Nacional,<br \/>Mar\u00eda Fernanda Campo Saavedra.<\/font><\/p>\n<p align=\"center\" style=\"margin-top: 0; margin-bottom: 0\"><font face=\"Verdana\" size=\"2\"><br \/>El Ministro de Tecnolog\u00edas, de la Informaci\u00f3n y las Comunicaciones, <br \/>Diego Molano Vega. <\/font><\/p>\n","protected":false},"excerpt":{"rendered":"<p>LEY 1726 DE 2014 &nbsp; LEY 1726 DE 2014 (julio 10 de 2014) por medio de la cual la Naci\u00f3n se vincula y asocia a la celebraci\u00f3n de los 50 a\u00f1os de la Instituci\u00f3n Educativa \u201cFernando V\u00e9lez\u201d en el municipio de Bello, departamento de Antioquia, se autorizan apropiaciones presupuestales y se dictan otras disposiciones. &nbsp; [&hellip;]<\/p>\n","protected":false},"author":1,"featured_media":0,"comment_status":"open","ping_status":"open","sticky":false,"template":"","format":"standard","meta":{"footnotes":""},"categories":[29],"tags":[],"class_list":["post-1783","post","type-post","status-publish","format-standard","hentry","category-leyes-2014"],"_links":{"self":[{"href":"https:\/\/www.dmsjuridica.com\/buscador_20179478954\/legislacion\/leyes\/wp-json\/wp\/v2\/posts\/1783","targetHints":{"allow":["GET"]}}],"collection":[{"href":"https:\/\/www.dmsjuridica.com\/buscador_20179478954\/legislacion\/leyes\/wp-json\/wp\/v2\/posts"}],"about":[{"href":"https:\/\/www.dmsjuridica.com\/buscador_20179478954\/legislacion\/leyes\/wp-json\/wp\/v2\/types\/post"}],"author":[{"embeddable":true,"href":"https:\/\/www.dmsjuridica.com\/buscador_20179478954\/legislacion\/leyes\/wp-json\/wp\/v2\/users\/1"}],"replies":[{"embeddable":true,"href":"https:\/\/www.dmsjuridica.com\/buscador_20179478954\/legislacion\/leyes\/wp-json\/wp\/v2\/comments?post=1783"}],"version-history":[{"count":0,"href":"https:\/\/www.dmsjuridica.com\/buscador_20179478954\/legislacion\/leyes\/wp-json\/wp\/v2\/posts\/1783\/revisions"}],"wp:attachment":[{"href":"https:\/\/www.dmsjuridica.com\/buscador_20179478954\/legislacion\/leyes\/wp-json\/wp\/v2\/media?parent=1783"}],"wp:term":[{"taxonomy":"category","embeddable":true,"href":"https:\/\/www.dmsjuridica.com\/buscador_20179478954\/legislacion\/leyes\/wp-json\/wp\/v2\/categories?post=1783"},{"taxonomy":"post_tag","embeddable":true,"href":"https:\/\/www.dmsjuridica.com\/buscador_20179478954\/legislacion\/leyes\/wp-json\/wp\/v2\/tags?post=1783"}],"curies":[{"name":"wp","href":"https:\/\/api.w.org\/{rel}","templated":true}]}}