{"id":1798,"date":"2020-11-25T14:39:37","date_gmt":"2020-11-25T14:39:37","guid":{"rendered":"https:\/\/www.dmsjuridica.com\/buscador_20179478954\/legislacion\/leyes\/2020\/11\/25\/ley-1741-de-2014\/"},"modified":"2020-11-25T14:39:37","modified_gmt":"2020-11-25T14:39:37","slug":"ley-1741-de-2014","status":"publish","type":"post","link":"https:\/\/www.dmsjuridica.com\/buscador_20179478954\/legislacion\/leyes\/2020\/11\/25\/ley-1741-de-2014\/","title":{"rendered":"LEY 1741 DE 2014"},"content":{"rendered":"<p>            <\/a>Ley 1741 de 2014<\/p>\n<p align=\"center\" style=\"margin-top: 0; margin-bottom: 0\"><font size=\"2\" face=\"Verdana\"><img loading=\"lazy\" decoding=\"async\" border=\"0\" src=\"http:\/\/dmsjuridica.com\/CODIGOS\/LEGISLACION\/LEYES\/2019\/dms.png\" width=\"138\" height=\"103\"><\/p>\n<p align=\"center\" style=\"margin-top: 0; margin-bottom: 0\">&nbsp;<\/p>\n<p align=\"center\" style=\"margin-top: 0; margin-bottom: 0\"><font face=\"Verdana\"><b><font size=\"6\">Ley 1741 de 2014<\/font><\/b><\/font><\/p>\n<p align=\"center\" style=\"margin-top: 0; margin-bottom: 0\"><font size=\"2\" face=\"Verdana\"><br \/>(Diciembre 24 de 2014)<\/p>\n<p><i>Por medio de la cual la Naci\u00f3n rinde honores a la memoria del Nobel colombiano Gabriel Garc\u00eda M\u00e1rquez &#8211; un homenaje nacional al alcance de los ni\u00f1os.<\/i> <\/p>\n<p align=\"center\" style=\"margin-top: 0; margin-bottom: 0\"><font size=\"2\" face=\"Verdana\"><br \/>El Congreso de la Rep\u00fablica de Colombia <\/p>\n<p align=\"center\" style=\"margin-top: 0; margin-bottom: 0\"><font face=\"Verdana\"><font size=\"2\"> <b><font size=\"2\">DECRETA:<\/font><\/b><\/font><\/p>\n<p align=\"justify\" style=\"margin-top: 0; margin-bottom: 0\"><font size=\"2\" face=\"Verdana\"><\/p>\n<p><b><a name=\"1\">Art\u00edculo 1\u00b0.<\/a><\/b> La Naci\u00f3n honra la memoria del m\u00e1ximo exponente de las artes y la cultura colombiana, el escritor Gabriel Garc\u00eda M\u00e1rquez, premio nobel de literatura 1982 y gloria de las letras universales. <\/p>\n<p align=\"justify\" style=\"margin-top: 0; margin-bottom: 0\"><font size=\"2\" face=\"Verdana\"><br \/><b><a name=\"2\">Art\u00edculo 2\u00b0. <\/a><\/b>Decl\u00e1rense de inter\u00e9s p\u00fablico las actividades y proyectos previstos en esta ley para la celebraci\u00f3n de la vida y obra del hombre p\u00fablico, escritor, periodista y humanista Gabriel Garc\u00eda M\u00e1rquez, fallecido el 17 de abril de 2014.<\/font><\/p>\n<p align=\"justify\" style=\"margin-top: 0; margin-bottom: 0\"><font size=\"2\" face=\"Verdana\"><\/p>\n<p><b><a name=\"3\">Art\u00edculo 3\u00b0<\/a><\/b>. Autor\u00edcese al Gobierno nacional para que adelante una estrategia nacional de reconocimiento y gratitud que garantice la preservaci\u00f3n de la memoria de Gabriel Garc\u00eda M\u00e1rquez, la conservaci\u00f3n y disfrute p\u00fablico de los lugares simb\u00f3licos de su vida, la contribuci\u00f3n a que se realicen sus ideales y el mantenimiento y preservaci\u00f3n de su legado.<\/font><\/p>\n<p align=\"justify\" style=\"margin-top: 0; margin-bottom: 0\"><font size=\"2\" face=\"Verdana\"><\/p>\n<p><b><a name=\"4\">Art\u00edculo 4\u00b0.<\/a><\/b> Los Ministerios de Educaci\u00f3n, Cultura y Tecnolog\u00edas de la Informaci\u00f3n y las Comunicaciones y Coldeportes coordinar\u00e1n la creaci\u00f3n de una pol\u00edtica de Estado la cual se materializar\u00e1 a trav\u00e9s de la estructura\u00adci\u00f3n de un Conpes a m\u00e1s tardar dentro de los doce (12) meses siguientes a la promulgaci\u00f3n de la presente ley, con el fin de promover, desarrollar, dise\u00f1ar e intercambiar experiencias de aprendizaje en proyectos p\u00fabli\u00adcos y privados orientados a identificar y cultivar vocaciones tempranas y talentos de ni\u00f1os y j\u00f3venes en artes, deporte, ciencia y tecnolog\u00eda, as\u00ed como a innovar en la promoci\u00f3n de la lectura, como parte esencial del curr\u00edculo acad\u00e9mico y de los proyectos educativos institucionales de los colegios, en el marco del concepto de formaci\u00f3n integral.<\/p>\n<p>Estas entidades conformar\u00e1n, dentro de los seis (6) meses siguientes a la promulgaci\u00f3n de la presente ley, una Comisi\u00f3n intersectorial encargada de orientar, implementar y coordinar las acciones necesarias para la creaci\u00f3n y ejecuci\u00f3n de la pol\u00edtica de Estado antes mencionada. <\/p>\n<p align=\"justify\" style=\"margin-top: 0; margin-bottom: 0\"><font size=\"2\" face=\"Verdana\"><br \/><b><a name=\"5\">Art\u00edculo 5\u00b0. <\/a><\/b>La emisi\u00f3n pr\u00f3xima que se haga de uno de los billetes o monedas del Banco de la Rep\u00fablica tendr\u00e1 en una de sus caras la figura del premio nobel de literatura, Gabriel Garc\u00eda M\u00e1rquez. <\/p>\n<p align=\"justify\" style=\"margin-top: 0; margin-bottom: 0\"><font size=\"2\" face=\"Verdana\"><br \/><b><a name=\"6\">Art\u00edculo 6\u00b0. <\/a><\/b>Autor\u00edcese al Gobierno nacional para que a trav\u00e9s del Ministerio de Cultura se establezca un programa de conservaci\u00f3n, mejora y mantenimiento de bienes y espacios de inter\u00e9s cultural con valor simb\u00f3lico para la geograf\u00eda vital de Gabriel Garc\u00eda M\u00e1rquez: En Aracataca (Magdalena), la Casa-Museo Gabriel Garc\u00eda M\u00e1rquez, donde naci\u00f3, la iglesia de san Jos\u00e9, el camell\u00f3n de los Almendros, la Estaci\u00f3n del Ferrocarril y la Oficina del Telegrafista.<\/p>\n<p>En Barranquilla (Atl\u00e1ntico), el Parque Cultural del Caribe, del cual Gabriel Garc\u00eda M\u00e1rquez fue uno de los promotores, que comprende el Museo del Caribe, el Museo de Arte Moderno, la Cinemateca del Caribe y el Centro Cultural La Cueva.<\/font><\/p>\n<p align=\"justify\" style=\"margin-top: 0; margin-bottom: 0\"><font size=\"2\" face=\"Verdana\"><\/p>\n<p><b><a name=\"7\">Art\u00edculo 7\u00b0.<\/a><\/b> Autor\u00edcese al Gobierno nacional, a trav\u00e9s de los Ministerios de Tecnolog\u00edas de la Informaci\u00f3n y las Comunicaciones y de Cultura, para desarrollar, poner en marcha y contribuir al sostenimiento, con aportes de la Naci\u00f3n, el departamento de Bol\u00edvar y el Distrito de Cartagena del Centro Internacional para el legado de Gabriel Garc\u00eda M\u00e1rquez, en Carta\u00adgena (Bol\u00edvar), concebido como un proyecto de innovaci\u00f3n y apropiaci\u00f3n tecnol\u00f3gica y social, con impacto local, nacional e internacional en los \u00e1mbitos period\u00edstico, cultural, acad\u00e9mico y tur\u00edstico. La ejecuci\u00f3n de esta iniciativa se realizar\u00e1 con el acompa\u00f1amiento de la Fundaci\u00f3n Gabriel Garc\u00eda M\u00e1rquez para el Nuevo Periodismo Iberoamericano (FNPI), como aliado y deber\u00e1 iniciarse dentro de los seis (6) meses siguientes a la fecha de promulgaci\u00f3n de la presente ley. El sector privado podr\u00e1 realizar aportes a la ejecuci\u00f3n e implementaci\u00f3n de esta iniciativa.<\/p>\n<p>Este Centro Internacional contar\u00e1 con los siguientes espacios y servicios:<\/p>\n<p>Una exposici\u00f3n interactiva permanente de car\u00e1cter did\u00e1ctico, con el uso de nuevas tecnolog\u00edas, sobre los aspectos claves de la vida y obra de Gabriel Garc\u00eda M\u00e1rquez, haciendo \u00e9nfasis en su relaci\u00f3n con Cartagena, el Caribe y Colombia, as\u00ed como su periodo formativo (familia, educaci\u00f3n, amigos), su vocaci\u00f3n y universo literario, su trayectoria de escritor y periodista desde sus inicios en Cartagena, sus realizaciones cinematogr\u00e1ficas y su compromiso con la educaci\u00f3n, la paz y las causas humanitarias, complementado con un centro de informaci\u00f3n al p\u00fablico in situ y en l\u00ednea, librer\u00eda y cafeter\u00eda.<\/p>\n<p>Una escuela internacional de formaci\u00f3n e innovaci\u00f3n en periodismo y comunicaci\u00f3n, con aulas y recursos tecnol\u00f3gicos para servir de sede a los talleres, seminarios de la Fundaci\u00f3n Gabriel Garc\u00eda M\u00e1rquez para el Nuevo Periodismo Iberoamericano (FNPI), con la finalidad de preservar el legado period\u00edstico de Gabriel Garc\u00eda M\u00e1rquez y de promover la excelencia, la coherencia \u00e9tica y la innovaci\u00f3n en periodistas y medios de comunicaci\u00f3n en Colombia y los pa\u00edses iberoamericanos.<\/p>\n<p>Un espacio de encuentro cultural, para albergar seminarios, debates, conferencias, talleres, proyecciones, exposiciones y en general activi\u00addades culturales y acad\u00e9micas con prioridad en los temas que han sido esenciales en la trayectoria de Gabriel Garc\u00eda M\u00e1rquez como creador y hombre p\u00fablico.<\/p>\n<p>Un programa permanente de investigaci\u00f3n sobre la vida y obra, con recopilaci\u00f3n del acervo documental e iconogr\u00e1fico y publicaciones im\u00adpresas y en l\u00ednea, con el objetivo de preservar y difundir fuentes para el conocimiento y memoria de Gabriel Garc\u00eda M\u00e1rquez. <\/p>\n<p align=\"justify\" style=\"margin-top: 0; margin-bottom: 0\"><font size=\"2\" face=\"Verdana\"><br \/><b><a name=\"8\">Art\u00edculo 8\u00b0. <\/a><\/b>Autor\u00edcese al Gobierno nacional para crear el programa de becas que se denominar\u00e1 Gabo Periodista y Cineasta, para que j\u00f3venes interesados en los oficios del periodismo y la realizaci\u00f3n cinematogr\u00e1fica, seleccionados por su vocaci\u00f3n y talento mediante convocatorias p\u00fablicas, puedan participar en la serie anual de talleres y seminarios presenciales y en l\u00ednea ofrecidos por la Fundaci\u00f3n Gabriel Garc\u00eda M\u00e1rquez para el Nuevo Periodismo Iberoamericano (FNPI), y por otras entidades espe\u00adcializadas. Este programa ser\u00e1 administrado y canalizado por el Instituto Colombiano de Cr\u00e9dito Educativo y Estudios T\u00e9cnicos en el Exterior (Icetex), seg\u00fan los t\u00e9rminos establecidos por el art\u00edculo 114 de la <b><a hrefx=\"file:\/\/Mauricio-pc\/matriz_dms\/CODIGOS\/LEGISLACION\/LEYES\/1992\/L0030_92.htm\">Ley 30 de 1992<\/a><\/b>. <\/p>\n<p align=\"justify\" style=\"margin-top: 0; margin-bottom: 0\"><font size=\"2\" face=\"Verdana\"><br \/><b><a name=\"9\">Art\u00edculo 9\u00b0. <\/a><\/b>Autor\u00edcese al Gobierno nacional y al Congreso de Colombia para rendir honores p\u00fablicos al escritor Gabriel Garc\u00eda M\u00e1rquez, en una ceremonia especial, cuya fecha, lugar y hora ser\u00e1n programados por las Mesas Directivas del honorable Congreso de la Rep\u00fablica, con la presencia del se\u00f1or Presidente de la Rep\u00fablica y los Ministros de Educaci\u00f3n, TIC, Cultura y Comercio. <\/p>\n<p align=\"justify\" style=\"margin-top: 0; margin-bottom: 0\"><font size=\"2\" face=\"Verdana\"><br \/><b><a name=\"10\">Art\u00edculo 10.<\/a><\/b> Autor\u00edcese al Gobierno nacional a trav\u00e9s del Ministerio de Comercio, Industria y Turismo, para desarrollar una estrategia de fomento y promoci\u00f3n del turismo nacional e internacional sobre el circuito cultural garciamarquiano en el Caribe colombiano, mediante la articulaci\u00f3n de rutas urbanas y paisaj\u00edsticas con diversidad de formato. En este marco se buscar\u00e1 asegurar en Aracataca (Magdalena) el desarrollo de una infraestructura receptiva adecuada y de formaci\u00f3n para el trabajo con miras a generar empleo y satisfacer la demanda tur\u00edstica.<\/font><\/p>\n<p align=\"justify\" style=\"margin-top: 0; margin-bottom: 0\"><font size=\"2\" face=\"Verdana\"><\/p>\n<p><b><a name=\"11\">Art\u00edculo 11.<\/a><\/b> Autor\u00edcese al Gobierno para que en cumplimiento y de conformidad con los art\u00edculos 288, 334, 341 y 345 de la Constituci\u00f3n Pol\u00edtica y las establecidas en la <b><a hrefx=\"..\/2001\/L0715001.htm\">ley 715 de 2001<\/a><\/b>, incorpore dentro del Presupuesto General de la Naci\u00f3n, las partidas presupuestales necesarias a fin de dar cumplimiento a la presente ley. <\/p>\n<p align=\"justify\" style=\"margin-top: 0; margin-bottom: 0\"><font size=\"2\" face=\"Verdana\"><br \/><b><a name=\"12\">Art\u00edculo 12.<\/a><\/b> Copia de la presente ley ser\u00e1 entregada a los familiares del escritor Gabriel Garc\u00eda M\u00e1rquez en nota de estilo. <\/p>\n<p align=\"justify\" style=\"margin-top: 0; margin-bottom: 0\"><font size=\"2\" face=\"Verdana\"><br \/><b><a name=\"13\">Art\u00edculo 13. <\/a><\/b>La presente ley rige a partir de la fecha de su publicaci\u00f3n. <\/p>\n<p align=\"center\" style=\"margin-top: 0; margin-bottom: 0\"><font size=\"2\" face=\"Verdana\"><br \/>El Presidente del honorable Senado de la Rep\u00fablica,<br \/>Jos\u00e9 David Name Cardozo.<\/font><\/p>\n<p align=\"center\" style=\"margin-top: 0; margin-bottom: 0\"><font size=\"2\" face=\"Verdana\"><br \/>El Secretario General del honorable Senado de la Rep\u00fablica,<br \/>Gregorio Eljach Pacheco.<\/font><\/p>\n<p align=\"center\" style=\"margin-top: 0; margin-bottom: 0\"><font size=\"2\" face=\"Verdana\"><br \/>El Presidente de la honorable C\u00e1mara de Representantes,<br \/>Fabio Ra\u00fal Am\u00edn Saleme.<\/font><\/p>\n<p align=\"center\" style=\"margin-top: 0; margin-bottom: 0\"><font size=\"2\" face=\"Verdana\"><br \/>El Secretario General de la honorable C\u00e1mara de Representantes,<br \/>Jorge Humberto Mantilla Serrano.<\/font><\/p>\n<p align=\"center\" style=\"margin-top: 0; margin-bottom: 0\"><font size=\"2\" face=\"Verdana\"><br \/>REP\u00daBLICA DE COLOMBIA &#8211; GOBIERNO NACIONAL<\/font><\/p>\n<p align=\"center\" style=\"margin-top: 0; margin-bottom: 0\"><font size=\"2\" face=\"Verdana\"><br \/>Publ\u00edquese y c\u00famplase.<br \/>Dada en Bogot\u00e1, D. C., a 24 de diciembre de 2014<\/font><\/p>\n<p align=\"center\" style=\"margin-top: 0; margin-bottom: 0\"><font size=\"2\" face=\"Verdana\">.<br \/>JUAN MANUEL SANTOS CALDER\u00d3N<\/font><\/p>\n<p align=\"center\" style=\"margin-top: 0; margin-bottom: 0\"><font size=\"2\" face=\"Verdana\"><br \/>El Ministro de Hacienda y Cr\u00e9dito P\u00fablico,<br \/>Mauricio C\u00e1rdenas Santamar\u00eda.<\/font><\/p>\n<p align=\"center\" style=\"margin-top: 0; margin-bottom: 0\"><font size=\"2\" face=\"Verdana\"><br \/>La Ministra de Educaci\u00f3n Nacional,<br \/>Gina Parody D\u2019Echeona.<\/font><\/p>\n<p align=\"center\" style=\"margin-top: 0; margin-bottom: 0\"><font size=\"2\" face=\"Verdana\"><br \/>El Ministro de Tecnolog\u00edas de la Informaci\u00f3n y las Comunicaciones,<br \/>Diego Molano Vega.<\/font><\/p>\n<p align=\"center\" style=\"margin-top: 0; margin-bottom: 0\"><font size=\"2\" face=\"Verdana\"><br \/>La Ministra de Cultura,<br \/>Mariana Garc\u00e9s C\u00f3rdoba.<\/font><\/p>\n<p align=\"center\" style=\"margin-top: 0; margin-bottom: 0\"><font size=\"2\" face=\"Verdana\"><br \/>El Director del Departamento Administrativo del Deporte, la Recreaci\u00f3n, la Actividad F\u00edsica y el Aprovechamiento del Tiempo Libre,<br \/>Andr\u00e9s Botero Phillipsbourne.<\/font><\/p>\n","protected":false},"excerpt":{"rendered":"<p>Ley 1741 de 2014 &nbsp; Ley 1741 de 2014 (Diciembre 24 de 2014) Por medio de la cual la Naci\u00f3n rinde honores a la memoria del Nobel colombiano Gabriel Garc\u00eda M\u00e1rquez &#8211; un homenaje nacional al alcance de los ni\u00f1os. El Congreso de la Rep\u00fablica de Colombia DECRETA: Art\u00edculo 1\u00b0. La Naci\u00f3n honra la memoria [&hellip;]<\/p>\n","protected":false},"author":1,"featured_media":0,"comment_status":"open","ping_status":"open","sticky":false,"template":"","format":"standard","meta":{"footnotes":""},"categories":[29],"tags":[],"class_list":["post-1798","post","type-post","status-publish","format-standard","hentry","category-leyes-2014"],"_links":{"self":[{"href":"https:\/\/www.dmsjuridica.com\/buscador_20179478954\/legislacion\/leyes\/wp-json\/wp\/v2\/posts\/1798","targetHints":{"allow":["GET"]}}],"collection":[{"href":"https:\/\/www.dmsjuridica.com\/buscador_20179478954\/legislacion\/leyes\/wp-json\/wp\/v2\/posts"}],"about":[{"href":"https:\/\/www.dmsjuridica.com\/buscador_20179478954\/legislacion\/leyes\/wp-json\/wp\/v2\/types\/post"}],"author":[{"embeddable":true,"href":"https:\/\/www.dmsjuridica.com\/buscador_20179478954\/legislacion\/leyes\/wp-json\/wp\/v2\/users\/1"}],"replies":[{"embeddable":true,"href":"https:\/\/www.dmsjuridica.com\/buscador_20179478954\/legislacion\/leyes\/wp-json\/wp\/v2\/comments?post=1798"}],"version-history":[{"count":0,"href":"https:\/\/www.dmsjuridica.com\/buscador_20179478954\/legislacion\/leyes\/wp-json\/wp\/v2\/posts\/1798\/revisions"}],"wp:attachment":[{"href":"https:\/\/www.dmsjuridica.com\/buscador_20179478954\/legislacion\/leyes\/wp-json\/wp\/v2\/media?parent=1798"}],"wp:term":[{"taxonomy":"category","embeddable":true,"href":"https:\/\/www.dmsjuridica.com\/buscador_20179478954\/legislacion\/leyes\/wp-json\/wp\/v2\/categories?post=1798"},{"taxonomy":"post_tag","embeddable":true,"href":"https:\/\/www.dmsjuridica.com\/buscador_20179478954\/legislacion\/leyes\/wp-json\/wp\/v2\/tags?post=1798"}],"curies":[{"name":"wp","href":"https:\/\/api.w.org\/{rel}","templated":true}]}}