{"id":1843,"date":"2020-11-25T15:36:51","date_gmt":"2020-11-25T15:36:51","guid":{"rendered":"https:\/\/www.dmsjuridica.com\/buscador_20179478954\/legislacion\/leyes\/2020\/11\/25\/ley-1786-de-2016\/"},"modified":"2020-11-25T15:36:51","modified_gmt":"2020-11-25T15:36:51","slug":"ley-1786-de-2016","status":"publish","type":"post","link":"https:\/\/www.dmsjuridica.com\/buscador_20179478954\/legislacion\/leyes\/2020\/11\/25\/ley-1786-de-2016\/","title":{"rendered":"LEY 1786 DE 2016"},"content":{"rendered":"<p>LEY 1786 DE 2016<\/p>\n<p align=\"center\" style=\"margin-top: 0; margin-bottom: 0\"><font face=\"Verdana\" size=\"2\"><img loading=\"lazy\" decoding=\"async\" border=\"0\" src=\"http:\/\/dmsjuridica.com\/CODIGOS\/LEGISLACION\/LEYES\/2019\/dms.png\" width=\"138\" height=\"103\"><\/font><\/p>\n<p align=\"center\" style=\"margin-top: 0; margin-bottom: 0\">&nbsp;<\/p>\n<p align=\"center\" style=\"margin-top: 0; margin-bottom: 0\"><font face=\"Verdana\" size=\"6\"><b>LEY 1786 DE 2016<\/b><\/font><\/p>\n<p align=\"center\" style=\"margin-top: 0; margin-bottom: 0\"><font face=\"Verdana\" size=\"2\"><br \/>(julio 1 de 2016)<\/font><\/p>\n<p align=\"center\" style=\"margin-top: 0; margin-bottom: 0\"><font face=\"Verdana\" size=\"2\"><br \/><i>p<\/i><i>or medio de la cual se modifican algunas disposiciones de la<b><a hrefx=\"..\/2015\/1760.htm\">Ley 1760 de 2015<\/a><\/b><\/i><\/font><\/p>\n<p align=\"center\" style=\"margin-top: 0; margin-bottom: 0\">&nbsp;<\/p>\n<p align=\"center\" style=\"margin-top: 0; margin-bottom: 0\"><font face=\"Verdana\" size=\"2\">El Congreso de Colombia<\/font><\/p>\n<p align=\"center\" style=\"margin-top: 0; margin-bottom: 0\">&nbsp;<\/p>\n<p align=\"center\" style=\"margin-top: 0; margin-bottom: 0\"><font face=\"Verdana\" size=\"2\"><br \/><b>DECRETA<\/b><\/font><\/p>\n<p align=\"justify\" style=\"margin-top: 0; margin-bottom: 0\">&nbsp;<\/p>\n<p align=\"justify\" style=\"margin-top: 0; margin-bottom: 0\"><font face=\"Verdana\" size=\"2\"><br \/><b><a name=\"1\">Art\u00edculo 1. <\/a><\/b>Modificase el art\u00edculo 1\u00b0 de la <b><a hrefx=\"..\/2015\/1760.htm\">Ley 1760 de 2015<\/a><\/b>, el cual quedar\u00e1 as\u00ed:<\/font><\/p>\n<blockquote>\n<p align=\"justify\" style=\"margin-top: 0; margin-bottom: 0\"><font face=\"Verdana\" size=\"2\"><b>Art\u00edculo 1.<\/b> Adici\u00f3nense dos par\u00e1grafos al art\u00edculo 307 de la <b><a hrefx=\"..\/..\/..\/CODIGOS\/NUEVO_COD_PROCEDIMIENTO_PENAL\/L0906004.htm\">Ley 906 de 2004<\/a><\/b>, del siguiente tenor:<\/font><\/p>\n<p align=\"justify\" style=\"margin-top: 0; margin-bottom: 0\"><font face=\"Verdana\" size=\"2\"><br \/>Par\u00e1grafo 1. Salvo lo previsto en los par\u00e1grafos 2\u00b0 y 3\u00b0 del art\u00edculo 317 del C\u00f3digo de Procedimiento Penal (<b><a hrefx=\"..\/..\/..\/CODIGOS\/NUEVO_COD_PROCEDIMIENTO_PENAL\/L0906004.htm\">Ley 906 de 2004<\/a><\/b>), el t\u00e9rmino de las medidas de aseguramiento privativas de la libertad no podr\u00e1 exceder de un (1) a\u00f1o. Cuando el proceso se surta ante la justicia penal especializada, o sean tres (3) o m\u00e1s los acusados contra quienes estuviere vigente la detenci\u00f3n preventiva, o se trate de investigaci\u00f3n o juicio de actos de corrupci\u00f3n de los que trata la <b><a hrefx=\"..\/..\/..\/ESTATUTOS\/ESTATUTO_ANTICORRUPCION\/1474.htm\">Ley 1474 de 2011<\/a><\/b> o de cualquiera de las conductas previstas en el T\u00edtulo IV del Libro Segundo de la  <b><a hrefx=\"..\/..\/..\/CODIGOS\/COD_PENAL\/L0599000.htm\">Ley 599 de 2000<\/a><\/b> (C\u00f3digo Penal), dicho t\u00e9rmino podr\u00e1 prorrogarse, a solicitud del fiscal o del apoderado de la v\u00edctima, hasta por el mismo t\u00e9rmino inicial.<\/font><\/p>\n<p align=\"justify\" style=\"margin-top: 0; margin-bottom: 0\"><font face=\"Verdana\" size=\"2\"><br \/>Vencido el t\u00e9rmino, el Juez de Control de Garant\u00edas, a petici\u00f3n de la Fiscal\u00eda, de la defensa o del apoderado de la v\u00edctima podr\u00e1 sustituir la medida de aseguramiento privativa de la libertad de que se trate, por otra u otras medidas de aseguramiento no privativas de la libertad de que trata el presente art\u00edculo.<\/font><\/p>\n<p align=\"justify\" style=\"margin-top: 0; margin-bottom: 0\"><font face=\"Verdana\" size=\"2\"><br \/>En los casos susceptibles de pr\u00f3rroga, los jueces de control de garant\u00edas, para resolver sobre la solicitud de levantamiento o pr\u00f3rroga de las medidas de aseguramiento privativas de la libertad, deber\u00e1n considerar, adem\u00e1s de los requisitos contemplados en el art\u00edculo 308 del C\u00f3digo de Procedimiento Penal, el tiempo que haya transcurrido por causa de maniobras dilatorias atribuibles a la actividad procesal del interesado o su defensor, caso en el cual dicho tiempo no se contabilizar\u00e1 dentro del t\u00e9rmino m\u00e1ximo de la medida de aseguramiento privativa de la libertad contemplado en este art\u00edculo.<\/font><\/p>\n<p align=\"justify\" style=\"margin-top: 0; margin-bottom: 0\"><font face=\"Verdana\" size=\"2\"><br \/>Par\u00e1grafo 2. Las medidas de aseguramiento privativas de la libertad solo podr\u00e1n imponerse cuando quien las solicita pruebe, ante el Juez de Control de Garant\u00edas, que las no privativas de la libertad resultan insuficientes para garantizar el cumplimiento de los fines de la medida de aseguramiento.<\/font><\/p>\n<\/blockquote>\n<p align=\"justify\" style=\"margin-top: 0; margin-bottom: 0\">&nbsp;<\/p>\n<p align=\"justify\" style=\"margin-top: 0; margin-bottom: 0\"><font face=\"Verdana\" size=\"2\"><br \/><b><a name=\"2\">Art\u00edculo 2. <\/a><\/b>Modificase el art\u00edculo 4 de la <b><a hrefx=\"..\/2015\/1760.htm\">Ley 1760 de 2015<\/a><\/b>, el cual quedar\u00e1 as\u00ed:<\/font><\/p>\n<blockquote>\n<p align=\"justify\" style=\"margin-top: 0; margin-bottom: 0\"><font face=\"Verdana\" size=\"2\"><b>Art\u00edculo 4. <\/b>Modif\u00edcase el art\u00edculo 317 de la <b><a hrefx=\"..\/..\/..\/CODIGOS\/NUEVO_COD_PROCEDIMIENTO_PENAL\/L0906004.htm\">Ley 906 de 2004<\/a><\/b>, el cual quedar\u00e1 as\u00ed:<\/font><\/p>\n<p align=\"justify\" style=\"margin-top: 0; margin-bottom: 0\">&nbsp;<\/p>\n<p align=\"justify\" style=\"margin-top: 0; margin-bottom: 0\"><font face=\"Verdana\" size=\"2\"><b>Art\u00edculo 317. Causales de libertad<\/b>. Las medidas de aseguramiento indicadas en los anteriores art\u00edculos tendr\u00e1n vigencia durante toda la actuaci\u00f3n, sin perjuicio de lo establecido en el par\u00e1grafo 1\u00b0 del art\u00edculo 307 del presente c\u00f3digo sobre las medidas de aseguramiento privativas de la libertad. La libertad del imputado o acusado se cumplir\u00e1 de inmediato y solo proceder\u00e1 en los siguientes eventos:<\/font><\/p>\n<p align=\"justify\" style=\"margin-top: 0; margin-bottom: 0\"><font face=\"Verdana\" size=\"2\"><br \/>1. Cuando se haya cumplido la pena seg\u00fan la determinaci\u00f3n anticipada que para este efecto se haga, o se haya decretado la preclusi\u00f3n, o se haya absuelto al acusado.<\/font><\/p>\n<p align=\"justify\" style=\"margin-top: 0; margin-bottom: 0\"><font face=\"Verdana\" size=\"2\"><br \/>2. Como consecuencia de la aplicaci\u00f3n del Principio de Oportunidad.<\/font><\/p>\n<p align=\"justify\" style=\"margin-top: 0; margin-bottom: 0\">&nbsp;<\/p>\n<p align=\"justify\" style=\"margin-top: 0; margin-bottom: 0\"><font face=\"Verdana\" size=\"2\">3. Como consecuencia de las cl\u00e1usulas del acuerdo cuando haya sido aceptado por el Juez de Conocimiento.<\/font><\/p>\n<p align=\"justify\" style=\"margin-top: 0; margin-bottom: 0\"><font face=\"Verdana\" size=\"2\"><br \/>4. Cuando transcurridos sesenta (60) d\u00edas contados a partir de la fecha de imputaci\u00f3n no se hubiere presentado el escrito de acusaci\u00f3n o solicitado la preclusi\u00f3n, conforme a lo dispuesto en el art\u00edculo 294.<\/font><\/p>\n<p align=\"justify\" style=\"margin-top: 0; margin-bottom: 0\"><font face=\"Verdana\" size=\"2\"><br \/>5. Cuando transcurridos ciento veinte (120) d\u00edas contados a partir de la fecha de presentaci\u00f3n del escrito de acusaci\u00f3n, no se haya dado inicio a la audiencia.<\/font><\/p>\n<p align=\"justify\" style=\"margin-top: 0; margin-bottom: 0\"><font face=\"Verdana\" size=\"2\"><br \/>6. Cuando transcurridos ciento cincuenta (150) d\u00edas contados a partir de la fecha de inicio de la audiencia de juicio, no se haya celebrado la audiencia de lectura de fallo o su equivalente.<\/font><\/p>\n<p align=\"justify\" style=\"margin-top: 0; margin-bottom: 0\"><font face=\"Verdana\" size=\"2\"><br \/>Par\u00e1grafo 1. Los t\u00e9rminos dispuestos en los numerales 4, 5 y 6 del presente art\u00edculo se incrementar\u00e1n por el mismo t\u00e9rmino inicial, cuando el proceso se surta ante la justicia penal especializada, o sean tres (3) o m\u00e1s los imputados o acusados, o se trate de investigaci\u00f3n o juicio de actos de corrupci\u00f3n de que trata la Ley 1474 de 2011 o de cualquiera de las conductas previstas en el T\u00edtulo IV del Libro Segundo de la Ley 599 de 2000 (C\u00f3digo Penal).<\/font><\/p>\n<p align=\"justify\" style=\"margin-top: 0; margin-bottom: 0\">&nbsp;<\/p>\n<p align=\"justify\" style=\"margin-top: 0; margin-bottom: 0\"><font face=\"Verdana\" size=\"2\">Par\u00e1grafo 2. En los numerales 4 y 5 se restablecer\u00e1n los t\u00e9rminos cuando hubiere improbaci\u00f3n de la aceptaci\u00f3n de cargos, de los preacuerdos o de la aplicaci\u00f3n del principio de oportunidad.<\/font><\/p>\n<p align=\"justify\" style=\"margin-top: 0; margin-bottom: 0\"><font face=\"Verdana\" size=\"2\"><br \/>Par\u00e1grafo 3. Cuando la audiencia de juicio oral no se haya podido iniciar o terminar por maniobras dilatorias del acusado o su defensor, no se contabilizar\u00e1n dentro de los t\u00e9rminos contenidos en los numerales 5 y 6 de este art\u00edculo, los d\u00edas empleados en ellas.<\/font><\/p>\n<p align=\"justify\" style=\"margin-top: 0; margin-bottom: 0\"><font face=\"Verdana\" size=\"2\"><br \/>Cuando la audiencia no se hubiere podido iniciar o terminar por causa razonable fundada en hechos externos y objetivos de fuerza mayor, ajenos al juez o a la administraci\u00f3n de justicia, la audiencia se iniciar\u00e1 o reanudar\u00e1 cuando haya desaparecido dicha causa y a m\u00e1s tardar en un plazo no superior a la mitad del t\u00e9rmino establecido por el legislador en los numerales 5 y 6 del art\u00edculo 317.<\/font><\/p>\n<p align=\"justify\" style=\"margin-top: 0; margin-bottom: 0\">&nbsp;<\/p>\n<p><font size=\"2\" style=\"font-size: 9pt\" face=\"Arial\"><\/p>\n<p align=\"justify\" style=\"margin-top: 0; margin-bottom: 0\"><font face=\"Verdana\" size=\"2\"><b>*Nota&nbsp; Jurisprudencial*<\/b><\/font><\/p>\n<p><i hasbox=\"2\"><\/p>\n<p align=\"justify\" style=\"margin-top: 0; margin-bottom: 0\">&nbsp;<\/p>\n<p><\/i><\/font><i hasbox=\"2\"><font SIZE=\"2\" face=\"Verdana\"><\/p>\n<table border=\"1\" cellpadding=\"6\" cellspacing=\"0\" width=\"88%\">\n<tr>\n<td align=\"justify\"><b><font face=\"Verdana\" size=\"2\">Corte Constitucional<\/font><\/b><\/td>\n<\/tr>\n<tr>\n<td align=\"justify\"><font size=\"2\">Declarado EXEQUIBLE el&nbsp; numeral 6, mediante la Sentencia C-221\/17 del 19 de Abri; Magistrado Ponente Dr. Alejandro Linares Cantillo<\/font><\/td>\n<\/tr>\n<\/table>\n<p><\/font><\/i><\/p><\/blockquote>\n<p align=\"justify\" style=\"margin-top: 0; margin-bottom: 0\"><font face=\"Verdana\" size=\"2\"><br \/><b><a name=\"3\">Art\u00edculo 3. <\/a><\/b>La pr\u00f3rroga del t\u00e9rmino m\u00e1ximo de las medidas de aseguramiento privativas de la libertad a la que hace referencia el art\u00edculo 1\u00b0 de la <b><a hrefx=\"..\/2015\/1760.htm\">Ley 1760 de 2015<\/a><\/b> podr\u00e1 solicitarse ante el Juez de Control de Garant\u00edas dentro de los dos (2) meses anteriores a su vencimiento, incluso desde antes de que dicho art\u00edculo entre en vigencia.<\/font><\/p>\n<p align=\"justify\" style=\"margin-top: 0; margin-bottom: 0\">&nbsp;<\/p>\n<p align=\"justify\" style=\"margin-top: 0; margin-bottom: 0\">&nbsp;<\/p>\n<p align=\"justify\" style=\"margin-top: 0; margin-bottom: 0\"><font face=\"Verdana\" size=\"2\"><b><a name=\"4\">Art\u00edculo 4<\/a>.<\/b> El Ministerio de Justicia y del Derecho, la Fiscal\u00eda General de la Naci\u00f3n y el Consejo Superior de la Judicatura o quien haga sus veces, dentro del mes siguiente a la entrada en vigencia de la presente ley, deber\u00e1n elaborar el plan de acci\u00f3n que implementar\u00e1n, en el plazo de un (1) a\u00f1o, con el objetivo de definir la continuidad de las medidas de aseguramiento que, de acuerdo con lo dispuesto en el art\u00edculo 1\u00b0 de la presente ley, sean susceptibles de pr\u00f3rroga.<\/font><\/p>\n<p align=\"justify\" style=\"margin-top: 0; margin-bottom: 0\"><font face=\"Verdana\" size=\"2\"><br \/>El Ministerio de Justicia y del Derecho deber\u00e1 presentar cada tres (3)meses un informe al Congreso de la Rep\u00fablica indicando el estado, el avance y la gesti\u00f3n adelantada en dichos procesos. Dicho informe deber\u00e1 contener, al menos:<\/font><\/p>\n<p align=\"justify\" style=\"margin-top: 0; margin-bottom: 0\"><font face=\"Verdana\" size=\"2\"><br \/>1. El estudio del n\u00famero de personas que podr\u00edan adquirir el derecho a reclamar la libertad por vencimiento de t\u00e9rminos en raz\u00f3n y con ocasi\u00f3n de las reformas introducidas por esta ley y por la <b><a hrefx=\"..\/2015\/1760.htm\">Ley 1760 de 2015<\/a><\/b>. <\/p>\n<p align=\"justify\" style=\"margin-top: 0; margin-bottom: 0\"><font face=\"Verdana\" size=\"2\">2. La discriminaci\u00f3n de esa poblaci\u00f3n carcelaria por delitos, regiones, sexo, edad y centro carcelario.<\/font><\/p>\n<p align=\"justify\" style=\"margin-top: 0; margin-bottom: 0\"><font face=\"Verdana\" size=\"2\"><br \/>3. El estudio del n\u00famero de audiencias que deber\u00edan realizarse en el plazo de un a\u00f1o para dar cumplimiento a los t\u00e9rminos dispuestos en la presente ley.<\/font><\/p>\n<p align=\"justify\" style=\"margin-top: 0; margin-bottom: 0\"><font face=\"Verdana\" size=\"2\"><br \/>4. La discriminaci\u00f3n de esas audiencias por tipo de audiencia, tipo de juez que debe realizarla, circuito judicial, tipo de fiscal que debe solicitarla o asistir a ella, seccional de la Fiscal\u00eda que tramita el proceso y tipo de defensor (p\u00fablico o de confianza).<\/font><\/p>\n<p align=\"justify\" style=\"margin-top: 0; margin-bottom: 0\">&nbsp;<\/p>\n<p align=\"justify\" style=\"margin-top: 0; margin-bottom: 0\"><font face=\"Verdana\" size=\"2\"><br \/><b><a name=\"5\">Art\u00edculo 5.<\/a> Vigencia.<\/b> La presente ley rige a partir de la fecha de su promulgaci\u00f3n y deroga todas las disposiciones que le sean contrarias.<\/font><\/p>\n<p align=\"justify\" style=\"margin-top: 0; margin-bottom: 0\"><font face=\"Verdana\" size=\"2\"><br \/>Los t\u00e9rminos a los que hacen referencia el art\u00edculo 1\u00b0 y el numeral 6 del art\u00edculo 2\u00b0 de la presente ley, respecto de procesos ante justicia penal especializada, en los que sean tres (3) o m\u00e1s los acusados contra quienes estuviere vigente la detenci\u00f3n preventiva, o cuando se trate de investigaci\u00f3n o juicio de actos de corrupci\u00f3n de los que trata la <b><a hrefx=\"..\/..\/..\/ESTATUTOS\/ESTATUTO_ANTICORRUPCION\/1474.htm\">Ley 1474 de 2011<\/a><\/b> o de cualquiera de las conductas previstas en el T\u00edtulo IV del Libro Segundo de la <b><a hrefx=\"..\/..\/..\/CODIGOS\/COD_PENAL\/L0599000.htm\">Ley 599 de 2000<\/a><\/b> (C\u00f3digo Penal), entrar\u00e1n a regir en un (1) a\u00f1o contado a partir de la fecha de su promulgaci\u00f3n.<\/font><\/p>\n<p align=\"center\" style=\"margin-top: 0; margin-bottom: 0\">&nbsp;<\/p>\n<p align=\"center\" style=\"margin-top: 0; margin-bottom: 0\">&nbsp;<\/p>\n<p align=\"center\" style=\"margin-top: 0; margin-bottom: 0\"><font face=\"Verdana\" size=\"2\">El Presidente del honorable Senado de la Rep\u00fablica,<br \/>Luis Fernando Velasco Chaves.<\/font><\/p>\n<p align=\"center\" style=\"margin-top: 0; margin-bottom: 0\"><font face=\"Verdana\" size=\"2\"><br \/>EL Secretario General del honorable Senado de la Rep\u00fablica,<br \/>Gregorio Eljach Pacheco.<\/font><\/p>\n<p align=\"center\" style=\"margin-top: 0; margin-bottom: 0\"><font face=\"Verdana\" size=\"2\"><br \/>El Presidente de la honorable C\u00e1mara de Representantes,<br \/>Alfredo Rafael Deluque Zuleta.<\/font><\/p>\n<p align=\"center\" style=\"margin-top: 0; margin-bottom: 0\"><font face=\"Verdana\" size=\"2\"><br \/>El Secretario General de la honorable C\u00e1mara de Representantes,<br \/>Jorge Humberto Mantilla Serrano.<\/font><\/p>\n<p align=\"center\" style=\"margin-top: 0; margin-bottom: 0\"><font face=\"Verdana\" size=\"2\"><br \/>REP\u00daBLICA DE COLOMBIA &#8211; GOBIERNO NACIONAL<\/font><\/p>\n<p align=\"center\" style=\"margin-top: 0; margin-bottom: 0\"><font face=\"Verdana\" size=\"2\"><br \/>Publ\u00edquese y C\u00famplase.<br \/>Dada en Bogot\u00e1, D. C., a 1\u00b0 de julio de 2016.<\/font><\/p>\n<p align=\"center\" style=\"margin-top: 0; margin-bottom: 0\"><font face=\"Verdana\" size=\"2\"><br \/>La Ministra de Educaci\u00f3n Nacional de la Rep\u00fablica de Colombia, delegataria de funciones Presidenciales, mediante Decreto n\u00famero 1068<br \/>del 29 de junio de 2016,<br \/>GINA PARODY<\/font><\/p>\n<p align=\"center\" style=\"margin-top: 0; margin-bottom: 0\"><font face=\"Verdana\" size=\"2\"><br \/>El Ministro de Justicia y del Derecho,<br \/>Jorge Eduardo Londo\u00f1o Ulloa.<\/font><\/p>\n","protected":false},"excerpt":{"rendered":"<p>LEY 1786 DE 2016 &nbsp; LEY 1786 DE 2016 (julio 1 de 2016) por medio de la cual se modifican algunas disposiciones de laLey 1760 de 2015 &nbsp; El Congreso de Colombia &nbsp; DECRETA &nbsp; Art\u00edculo 1. Modificase el art\u00edculo 1\u00b0 de la Ley 1760 de 2015, el cual quedar\u00e1 as\u00ed: Art\u00edculo 1. Adici\u00f3nense dos [&hellip;]<\/p>\n","protected":false},"author":1,"featured_media":0,"comment_status":"open","ping_status":"open","sticky":false,"template":"","format":"standard","meta":{"footnotes":""},"categories":[31],"tags":[],"class_list":["post-1843","post","type-post","status-publish","format-standard","hentry","category-leyes-2016"],"_links":{"self":[{"href":"https:\/\/www.dmsjuridica.com\/buscador_20179478954\/legislacion\/leyes\/wp-json\/wp\/v2\/posts\/1843","targetHints":{"allow":["GET"]}}],"collection":[{"href":"https:\/\/www.dmsjuridica.com\/buscador_20179478954\/legislacion\/leyes\/wp-json\/wp\/v2\/posts"}],"about":[{"href":"https:\/\/www.dmsjuridica.com\/buscador_20179478954\/legislacion\/leyes\/wp-json\/wp\/v2\/types\/post"}],"author":[{"embeddable":true,"href":"https:\/\/www.dmsjuridica.com\/buscador_20179478954\/legislacion\/leyes\/wp-json\/wp\/v2\/users\/1"}],"replies":[{"embeddable":true,"href":"https:\/\/www.dmsjuridica.com\/buscador_20179478954\/legislacion\/leyes\/wp-json\/wp\/v2\/comments?post=1843"}],"version-history":[{"count":0,"href":"https:\/\/www.dmsjuridica.com\/buscador_20179478954\/legislacion\/leyes\/wp-json\/wp\/v2\/posts\/1843\/revisions"}],"wp:attachment":[{"href":"https:\/\/www.dmsjuridica.com\/buscador_20179478954\/legislacion\/leyes\/wp-json\/wp\/v2\/media?parent=1843"}],"wp:term":[{"taxonomy":"category","embeddable":true,"href":"https:\/\/www.dmsjuridica.com\/buscador_20179478954\/legislacion\/leyes\/wp-json\/wp\/v2\/categories?post=1843"},{"taxonomy":"post_tag","embeddable":true,"href":"https:\/\/www.dmsjuridica.com\/buscador_20179478954\/legislacion\/leyes\/wp-json\/wp\/v2\/tags?post=1843"}],"curies":[{"name":"wp","href":"https:\/\/api.w.org\/{rel}","templated":true}]}}