{"id":1871,"date":"2020-11-25T15:36:52","date_gmt":"2020-11-25T15:36:52","guid":{"rendered":"https:\/\/www.dmsjuridica.com\/buscador_20179478954\/legislacion\/leyes\/2020\/11\/25\/ley-1815-de-2016\/"},"modified":"2020-11-25T15:36:52","modified_gmt":"2020-11-25T15:36:52","slug":"ley-1815-de-2016","status":"publish","type":"post","link":"https:\/\/www.dmsjuridica.com\/buscador_20179478954\/legislacion\/leyes\/2020\/11\/25\/ley-1815-de-2016\/","title":{"rendered":"LEY 1815 DE 2016"},"content":{"rendered":"<p>LEY 1815 DE 2016<\/p>\n<p style=\"margin-top: 0; margin-bottom: 0\" align=\"center\"><font face=\"Verdana\" size=\"2\"><img loading=\"lazy\" decoding=\"async\" border=\"0\" src=\"http:\/\/dmsjuridica.com\/CODIGOS\/LEGISLACION\/LEYES\/2019\/dms.png\" width=\"138\" height=\"103\"><\/p>\n<p style=\"margin-top: 0; margin-bottom: 0\" align=\"center\">&nbsp;<\/p>\n<p style=\"margin-top: 0; margin-bottom: 0\" align=\"center\"><font face=\"Verdana\" size=\"6\"><b>LEY 1815 DE 2016<\/b><\/font><\/p>\n<p style=\"margin-top: 0; margin-bottom: 0\" align=\"center\"><font face=\"Verdana\" size=\"2\"><br \/>(diciembre 7 de 2016)<\/font><\/p>\n<p style=\"margin-top: 0; margin-bottom: 0\" align=\"center\"><font face=\"Verdana\" size=\"2\"><br \/><i>p<\/i><i>or la cual se decreta el presupuesto de rentas y recursos de capital y ley de apropiaciones para la vigencia fiscal del 1\u00b0 de enero al 31 de diciembre de 2017.<\/i><\/font><\/p>\n<p style=\"margin-top: 0; margin-bottom: 0\" align=\"center\">&nbsp;<\/p>\n<p style=\"margin-top: 0; margin-bottom: 0\" align=\"center\"><font face=\"Verdana\" size=\"2\">El Congreso de Colombia<\/font><\/p>\n<p style=\"margin-top: 0; margin-bottom: 0\" align=\"center\">&nbsp;<\/p>\n<p style=\"margin-top: 0; margin-bottom: 0\" align=\"center\"><font face=\"Verdana\" size=\"2\"><br \/><b>DECRETA<\/b><\/font><\/p>\n<p style=\"margin-top: 0; margin-bottom: 0\" align=\"center\">&nbsp;<\/p>\n<p style=\"margin-top: 0; margin-bottom: 0\" align=\"center\"><b><font face=\"Verdana\" size=\"2\"><br \/>PRIMERA PARTE<\/font><\/b><\/p>\n<p style=\"margin-top: 0; margin-bottom: 0\" align=\"center\"><b><font face=\"Verdana\" size=\"2\"><br \/>CAP\u00cdTULO I<\/font><\/b><\/p>\n<p style=\"margin-top: 0; margin-bottom: 0\" align=\"center\"><font face=\"Verdana\" size=\"2\">Presupuesto de rentas y recursos de capital<\/font><\/p>\n<p style=\"margin-top: 0; margin-bottom: 0\" align=\"center\">&nbsp;<\/p>\n<p style=\"margin-top: 0; margin-bottom: 0\" align=\"justify\"><font face=\"Verdana\" size=\"2\"><br \/><b>Art\u00edculo 1. <\/b>F\u00edjense los c\u00f3mputos del presupuesto de rentas y recursos de capital del Tesoro de la Naci\u00f3n para la vigencia fiscal del 1\u00b0 de enero al 31 de diciembre de 2017, en la suma de doscientos veinticuatro billones cuatrocientos veinti\u00fan mil seiscientos setenta y dos millones trescientos doce mil seiscientos noventa y siete pesos ($224,421,672,312,697) moneda legal, seg\u00fan el detalle del Presupuesto de Rentas y Recursos de Capital para el 2017, as\u00ed: <\/font><\/p>\n<p style=\"margin-top: 0; margin-bottom: 0\" align=\"justify\">&nbsp;<\/p>\n<div align=\"justify\">\n<table border=\"1\" cellpadding=\"6\" cellspacing=\"0\" width=\"100%\">\n<tr>\n<td colspan=\"3\" align=\"center\"><b><font face=\"Verdana\" size=\"2\">RENTAS DEL PRESUPUESTO GENERAL DE LA NACI\u00d3N<\/font><\/b><\/td>\n<\/tr>\n<tr>\n<td colspan=\"2\" align=\"justify\"><b><font face=\"Verdana\" size=\"2\">I &#8211; INGRESOS DEL PRESUPUESTO NACIONAL <\/font><\/b><\/td>\n<td align=\"justify\"><b><font face=\"Verdana\" size=\"2\">209,999,049,443,921<\/font><\/b><\/td>\n<\/tr>\n<tr>\n<td align=\"justify\"><font face=\"Verdana\" size=\"2\">1. <\/font><\/td>\n<td align=\"justify\"><font face=\"Verdana\" size=\"2\">INGRESOS CORRIENTES DE LA NACI\u00d3N <\/font><\/td>\n<td align=\"justify\"><font face=\"Verdana\" size=\"2\">119,296,473,000,000<\/font><\/td>\n<\/tr>\n<tr>\n<td align=\"justify\"><font face=\"Verdana\" size=\"2\">2. <\/font><\/td>\n<td align=\"justify\"><font face=\"Verdana\" size=\"2\">RECURSOS DE CAPITAL DE LA NACI\u00d3N <\/font><\/td>\n<td align=\"justify\"><font face=\"Verdana\" size=\"2\">70,061,307,721,965<\/font><\/td>\n<\/tr>\n<tr>\n<td align=\"justify\"><font face=\"Verdana\" size=\"2\">5. <\/font><\/td>\n<td align=\"justify\"><font face=\"Verdana\" size=\"2\">RENTAS PARAFISCALES <\/font><\/td>\n<td align=\"justify\"><font face=\"Verdana\" size=\"2\">1,660,311,220,533<\/font><\/td>\n<\/tr>\n<tr>\n<td align=\"justify\"><font face=\"Verdana\" size=\"2\">6. <\/font><\/td>\n<td align=\"justify\"><font face=\"Verdana\" size=\"2\">FONDOS ESPECIALES<\/font><\/td>\n<td align=\"justify\"><font face=\"Verdana\" size=\"2\">18,980,957,501,423<\/font><\/td>\n<\/tr>\n<tr>\n<td colspan=\"2\" align=\"justify\"><b><font face=\"Verdana\" size=\"2\">II &#8211; INGRESOS DE LOS ESTABLECIMIENTOS P\u00daBLICOS<\/font><\/b><\/td>\n<td align=\"justify\"><b><font face=\"Verdana\" size=\"2\">14,422,622,868,776<\/font><\/b><\/td>\n<\/tr>\n<tr>\n<td align=\"justify\"><b><font face=\"Verdana\" size=\"2\">0209 <\/font><\/b><\/td>\n<td colspan=\"2\" align=\"justify\"><b><font face=\"Verdana\" size=\"2\">AGENCIA PRESIDENCIAL DE COOPERACI\u00d3N INTERNACIONAL DE COLOMBIA (APC) \u2013 COLOMBIA<\/font><\/b><\/td>\n<\/tr>\n<tr>\n<td colspan=\"2\" align=\"justify\"><font face=\"Verdana\" size=\"2\">B-RECURSOS DE CAPITAL <\/font><\/td>\n<td align=\"justify\"><font face=\"Verdana\" size=\"2\">35,454,000,000<\/font><\/td>\n<\/tr>\n<tr>\n<td align=\"justify\"><b><font face=\"Verdana\" size=\"2\">0213 <\/font><\/b><\/td>\n<td colspan=\"2\" align=\"justify\"><b><font face=\"Verdana\" size=\"2\">AGENCIA NACIONAL INMOBILIARIA VIRGILIO BARCO VARGAS<\/font><\/b><\/td>\n<\/tr>\n<tr>\n<td colspan=\"2\" align=\"justify\"><font face=\"Verdana\" size=\"2\">B-RECURSOS DE CAPITAL <\/font><\/td>\n<td align=\"justify\"><font face=\"Verdana\" size=\"2\">4,713,000,000<\/font><\/td>\n<\/tr>\n<tr>\n<td align=\"justify\"><b><font face=\"Verdana\" size=\"2\">0324 <\/font><\/b><\/td>\n<td colspan=\"2\" align=\"justify\"><b><font face=\"Verdana\" size=\"2\">SUPERINTENDENCIA DE SERVICIOS P\u00daBLICOS DOMICILIARIOS<\/font><\/b><\/td>\n<\/tr>\n<tr>\n<td colspan=\"2\" align=\"justify\"><font face=\"Verdana\" size=\"2\">A-INGRESOS CORRIENTES <\/font><\/td>\n<td align=\"justify\"><font face=\"Verdana\" size=\"2\">110,424,552,845<\/font><\/td>\n<\/tr>\n<tr>\n<td colspan=\"2\" align=\"justify\"><font face=\"Verdana\" size=\"2\">B-RECURSOS DE CAPITAL <\/font><\/td>\n<td align=\"justify\"><font face=\"Verdana\" size=\"2\">15,473,800,000<\/font><\/td>\n<\/tr>\n<tr>\n<td colspan=\"3\" align=\"justify\"><b><font face=\"Verdana\" size=\"2\">0402 FONDO ROTATORIO DEL DANE<\/font><\/b><\/td>\n<\/tr>\n<tr>\n<td colspan=\"2\" align=\"justify\"><font face=\"Verdana\" size=\"2\">A-INGRESOS CORRIENTES <\/font><\/td>\n<td align=\"justify\"><font face=\"Verdana\" size=\"2\">7,450,000,000<\/font><\/td>\n<\/tr>\n<tr>\n<td colspan=\"2\" align=\"justify\"><font face=\"Verdana\" size=\"2\">B-RECURSOS DE CAPITAL <\/font><\/td>\n<td align=\"justify\"><font face=\"Verdana\" size=\"2\">307,013,183<\/font><\/td>\n<\/tr>\n<tr>\n<td align=\"justify\"><b><font face=\"Verdana\" size=\"2\">0403 <\/font><\/b><\/td>\n<td colspan=\"2\" align=\"justify\"><b><font face=\"Verdana\" size=\"2\">INSTITUTO GEOGR\u00c1FICO AGUST\u00cdN CODAZZI (IGAC)<\/font><\/b><\/td>\n<\/tr>\n<tr>\n<td colspan=\"2\" align=\"justify\"><font face=\"Verdana\" size=\"2\">A-INGRESOS CORRIENTES <\/font><\/td>\n<td align=\"justify\"><font face=\"Verdana\" size=\"2\">45,346,179,428<\/font><\/td>\n<\/tr>\n<tr>\n<td colspan=\"2\" align=\"justify\"><font face=\"Verdana\" size=\"2\">B-RECURSOS DE CAPITAL <\/font><\/td>\n<td align=\"justify\"><font face=\"Verdana\" size=\"2\">618,000,000<\/font><\/td>\n<\/tr>\n<tr>\n<td align=\"justify\"><font face=\"Verdana\" size=\"2\">0503 <\/font><\/td>\n<td colspan=\"2\" align=\"justify\"><font face=\"Verdana\" size=\"2\">ESCUELA SUPERIOR DE ADMINISTRACI\u00d3N P\u00daBLICA (ESAP)<\/font><\/td>\n<\/tr>\n<tr>\n<td colspan=\"2\" align=\"justify\"><font face=\"Verdana\" size=\"2\">A-INGRESOS CORRIENTES <\/font><\/td>\n<td align=\"justify\"><font face=\"Verdana\" size=\"2\">31,521,277,506<\/font><\/td>\n<\/tr>\n<tr>\n<td colspan=\"2\" align=\"justify\"><font face=\"Verdana\" size=\"2\">B-RECURSOS DE CAPITAL <\/font><\/td>\n<td align=\"justify\"><font face=\"Verdana\" size=\"2\">102,117,604,740<\/font><\/td>\n<\/tr>\n<tr>\n<td colspan=\"2\" align=\"justify\"><font face=\"Verdana\" size=\"2\">C-CONTRIBUCIONES PARAFISCALES <\/font><\/td>\n<td align=\"justify\"><font face=\"Verdana\" size=\"2\">132,664,136,347<\/font><\/td>\n<\/tr>\n<tr>\n<td align=\"justify\"><b><font face=\"Verdana\" size=\"2\">1102 <\/font><\/b><\/td>\n<td colspan=\"2\" align=\"justify\"><b><font face=\"Verdana\" size=\"2\">FONDO ROTATORIO DEL MINISTERIO DE RELACIONES EXTERIORES<\/font><\/b><\/td>\n<\/tr>\n<tr>\n<td colspan=\"2\" align=\"justify\"><font face=\"Verdana\" size=\"2\">A-INGRESOS CORRIENTES <\/font><\/td>\n<td align=\"justify\"><font face=\"Verdana\" size=\"2\">218,949,000,000<\/font><\/td>\n<\/tr>\n<tr>\n<td colspan=\"2\" align=\"justify\"><font face=\"Verdana\" size=\"2\">B-RECURSOS DE CAPITAL <\/font><\/td>\n<td align=\"justify\"><font face=\"Verdana\" size=\"2\">58,173,000,000<\/font><\/td>\n<\/tr>\n<tr>\n<td align=\"justify\"><b><font face=\"Verdana\" size=\"2\">1104 <\/font><\/b><\/td>\n<td colspan=\"2\" align=\"justify\"><b><font face=\"Verdana\" size=\"2\">UNIDAD ADMINISTRATIVA ESPECIAL MIGRACI\u00d3N COLOMBIA<\/font><\/b><\/td>\n<\/tr>\n<tr>\n<td colspan=\"2\" align=\"justify\"><font face=\"Verdana\" size=\"2\">A-INGRESOS CORRIENTES <\/font><\/td>\n<td align=\"justify\"><font face=\"Verdana\" size=\"2\">23,700,000,000<\/font><\/td>\n<\/tr>\n<tr>\n<td colspan=\"2\" align=\"justify\"><font face=\"Verdana\" size=\"2\">B-RECURSOS DE CAPITAL <\/font><\/td>\n<td align=\"justify\"><font face=\"Verdana\" size=\"2\">9,237,000,000<\/font><\/td>\n<\/tr>\n<tr>\n<td align=\"justify\"><b><font face=\"Verdana\" size=\"2\">204 <\/font><\/b><\/td>\n<td colspan=\"2\" align=\"justify\"><b><font face=\"Verdana\" size=\"2\">SUPERINTENDENCIA DE NOTARIADO Y REGISTRO<\/font><\/b><\/td>\n<\/tr>\n<tr>\n<td colspan=\"2\" align=\"justify\"><font face=\"Verdana\" size=\"2\">A-INGRESOS CORRIENTES <\/font><\/td>\n<td align=\"justify\"><font face=\"Verdana\" size=\"2\">793,655,816,997<\/font><\/td>\n<\/tr>\n<tr>\n<td colspan=\"2\" align=\"justify\"><font face=\"Verdana\" size=\"2\">B-RECURSOS DE CAPITAL <\/font><\/td>\n<td align=\"justify\"><font face=\"Verdana\" size=\"2\">19,627,924,572<\/font><\/td>\n<\/tr>\n<tr>\n<td align=\"justify\"><b><font face=\"Verdana\" size=\"2\">1208 <\/font><\/b><\/td>\n<td colspan=\"2\" align=\"justify\"><b><font face=\"Verdana\" size=\"2\">INSTITUTO NACIONAL PENITENCIARIO Y CARCELARIO (INPEC)<\/font><\/b><\/td>\n<\/tr>\n<tr>\n<td colspan=\"2\" align=\"justify\"><font face=\"Verdana\" size=\"2\">A-INGRESOS CORRIENTES <\/font><\/td>\n<td align=\"justify\"><font face=\"Verdana\" size=\"2\">108,590,800,000<\/font><\/td>\n<\/tr>\n<tr>\n<td colspan=\"2\" align=\"justify\"><font face=\"Verdana\" size=\"2\">B-RECURSOS DE CAPITAL <\/font><\/td>\n<td align=\"justify\"><font face=\"Verdana\" size=\"2\">191,550,000<\/font><\/td>\n<\/tr>\n<tr>\n<td align=\"justify\"><b><font face=\"Verdana\" size=\"2\">1309 <\/font><\/b><\/td>\n<td colspan=\"2\" align=\"justify\"><b><font face=\"Verdana\" size=\"2\">SUPERINTENDENCIA DE LA ECONOM\u00cdA SOLIDARIA<\/font><\/b><\/td>\n<\/tr>\n<tr>\n<td colspan=\"2\" align=\"justify\"><font face=\"Verdana\" size=\"2\">A-INGRESOS CORRIENTES <\/font><\/td>\n<td align=\"justify\"><font face=\"Verdana\" size=\"2\">16,225,021,867<\/font><\/td>\n<\/tr>\n<tr>\n<td colspan=\"2\" align=\"justify\"><font face=\"Verdana\" size=\"2\">B-RECURSOS DE CAPITAL <\/font><\/td>\n<td align=\"justify\"><font face=\"Verdana\" size=\"2\">10,531,445,765<\/font><\/td>\n<\/tr>\n<tr>\n<td align=\"justify\"><b><font face=\"Verdana\" size=\"2\">1310 <\/font><\/b><\/td>\n<td colspan=\"2\" align=\"justify\"><b><font face=\"Verdana\" size=\"2\">UNIDAD ADMINISTRATIVA ESPECIAL DIRECCI\u00d3N DE IMPUESTOS Y ADUANAS NACIONALES<\/font><\/b><\/td>\n<\/tr>\n<tr>\n<td colspan=\"2\" align=\"justify\"><font face=\"Verdana\" size=\"2\">A-INGRESOS CORRIENTES <\/font><\/td>\n<td align=\"justify\"><font face=\"Verdana\" size=\"2\">5,207,697,500<\/font><\/td>\n<\/tr>\n<tr>\n<td colspan=\"2\" align=\"justify\"><font face=\"Verdana\" size=\"2\">B-RECURSOS DE CAPITAL <\/font><\/td>\n<td align=\"justify\"><font face=\"Verdana\" size=\"2\">3,574,000,000<\/font><\/td>\n<\/tr>\n<tr>\n<td align=\"justify\"><b><font face=\"Verdana\" size=\"2\">1313 <\/font><\/b><\/td>\n<td colspan=\"2\" align=\"justify\"><b><font face=\"Verdana\" size=\"2\">SUPERINTENDENCIA FINANCIERA DE COLOMBIA<\/font><\/b><\/td>\n<\/tr>\n<tr>\n<td colspan=\"2\" align=\"justify\"><font face=\"Verdana\" size=\"2\">A-INGRESOS CORRIENTES <\/font><\/td>\n<td align=\"justify\"><font face=\"Verdana\" size=\"2\">185,935,778,243<\/font><\/td>\n<\/tr>\n<tr>\n<td colspan=\"2\" align=\"justify\"><font face=\"Verdana\" size=\"2\">B-RECURSOS DE CAPITAL <\/font><\/td>\n<td align=\"justify\"><font face=\"Verdana\" size=\"2\">14,085,000,000<\/font><\/td>\n<\/tr>\n<tr>\n<td align=\"justify\"><b><font face=\"Verdana\" size=\"2\">1503 <\/font><\/b><\/td>\n<td colspan=\"2\" align=\"justify\"><b><font face=\"Verdana\" size=\"2\">CAJA DE RETIRO DE LAS FUERZAS MILITARES<\/font><\/b><\/td>\n<\/tr>\n<tr>\n<td colspan=\"2\" align=\"justify\"><font face=\"Verdana\" size=\"2\">A-INGRESOS CORRIENTES <\/font><\/td>\n<td align=\"justify\"><font face=\"Verdana\" size=\"2\">197,280,080,000<\/font><\/td>\n<\/tr>\n<tr>\n<td colspan=\"2\" align=\"justify\"><font face=\"Verdana\" size=\"2\">B-RECURSOS DE CAPITAL <\/font><\/td>\n<td align=\"justify\"><font face=\"Verdana\" size=\"2\">94,364,649,000<\/font><\/td>\n<\/tr>\n<tr>\n<td align=\"justify\"><b><font face=\"Verdana\" size=\"2\">1507 <\/font><\/b><\/td>\n<td colspan=\"2\" align=\"justify\"><b><font face=\"Verdana\" size=\"2\">INSTITUTO CASAS FISCALES DEL EJ\u00c9RCITO<\/font><\/b><\/td>\n<\/tr>\n<tr>\n<td colspan=\"2\" align=\"justify\"><font face=\"Verdana\" size=\"2\">A-INGRESOS CORRIENTES <\/font><\/td>\n<td align=\"justify\"><font face=\"Verdana\" size=\"2\">33,916,000,000<\/font><\/td>\n<\/tr>\n<tr>\n<td colspan=\"2\" align=\"justify\"><font face=\"Verdana\" size=\"2\">B-RECURSOS DE CAPITAL <\/font><\/td>\n<td align=\"justify\"><font face=\"Verdana\" size=\"2\">5,875,000,000<\/font><\/td>\n<\/tr>\n<tr>\n<td align=\"justify\"><b><font face=\"Verdana\" size=\"2\">1508 <\/font><\/b><\/td>\n<td colspan=\"2\" align=\"justify\"><b><font face=\"Verdana\" size=\"2\">DEFENSA CIVIL COLOMBIANA, GUILLERMO LE\u00d3N VALENCIA<\/font><\/b><\/td>\n<\/tr>\n<tr>\n<td colspan=\"2\" align=\"justify\"><font face=\"Verdana\" size=\"2\">A-INGRESOS CORRIENTES <\/font><\/td>\n<td align=\"justify\"><font face=\"Verdana\" size=\"2\">2,332,000,000<\/font><\/td>\n<\/tr>\n<tr>\n<td colspan=\"2\" align=\"justify\"><font face=\"Verdana\" size=\"2\">B-RECURSOS DE CAPITAL <\/font><\/td>\n<td align=\"justify\"><font face=\"Verdana\" size=\"2\">700,000,000<\/font><\/td>\n<\/tr>\n<tr>\n<td align=\"justify\"><b><font face=\"Verdana\" size=\"2\">1510 <\/font><\/b><\/td>\n<td colspan=\"2\" align=\"justify\"><b><font face=\"Verdana\" size=\"2\">CLUB MILITAR DE OFICIALES<\/font><\/b><\/td>\n<\/tr>\n<tr>\n<td colspan=\"2\" align=\"justify\"><font face=\"Verdana\" size=\"2\">A-INGRESOS CORRIENTES <\/font><\/td>\n<td align=\"justify\"><font face=\"Verdana\" size=\"2\">43,059,811,055<\/font><\/td>\n<\/tr>\n<tr>\n<td colspan=\"2\" align=\"justify\"><font face=\"Verdana\" size=\"2\">B-RECURSOS DE CAPITAL <\/font><\/td>\n<td align=\"justify\"><font face=\"Verdana\" size=\"2\">500,000,000<\/font><\/td>\n<\/tr>\n<tr>\n<td align=\"justify\"><b><font face=\"Verdana\" size=\"2\">1511 <\/font><\/b><\/td>\n<td colspan=\"2\" align=\"justify\"><b><font face=\"Verdana\" size=\"2\">CAJA DE SUELDOS DE RETIRO DE LA POLIC\u00cdA NACIONAL<\/font><\/b><\/td>\n<\/tr>\n<tr>\n<td colspan=\"2\" align=\"justify\"><font face=\"Verdana\" size=\"2\">A-INGRESOS CORRIENTES <\/font><\/td>\n<td align=\"justify\"><font face=\"Verdana\" size=\"2\">227,635,945,000<\/font><\/td>\n<\/tr>\n<tr>\n<td colspan=\"2\" align=\"justify\"><font face=\"Verdana\" size=\"2\">B-RECURSOS DE CAPITAL <\/font><\/td>\n<td align=\"justify\"><font face=\"Verdana\" size=\"2\">31,087,000,000<\/font><\/td>\n<\/tr>\n<tr>\n<td align=\"justify\"><b><font face=\"Verdana\" size=\"2\">1512 <\/font><\/b><\/td>\n<td colspan=\"2\" align=\"justify\"><b><font face=\"Verdana\" size=\"2\">FONDO ROTATORIO DE LA POLIC\u00cdA<\/font><\/b><\/td>\n<\/tr>\n<tr>\n<td colspan=\"2\" align=\"justify\"><font face=\"Verdana\" size=\"2\">A-INGRESOS CORRIENTES <\/font><\/td>\n<td align=\"justify\"><font face=\"Verdana\" size=\"2\">233,087,000,000<\/font><\/td>\n<\/tr>\n<tr>\n<td colspan=\"2\" align=\"justify\"><font face=\"Verdana\" size=\"2\">B-RECURSOS DE CAPITAL <\/font><\/td>\n<td align=\"justify\"><font face=\"Verdana\" size=\"2\">106,332,000,000<\/font><\/td>\n<\/tr>\n<tr>\n<td align=\"justify\"><b><font face=\"Verdana\" size=\"2\">1516 <\/font><\/b><\/td>\n<td colspan=\"2\" align=\"justify\"><b><font face=\"Verdana\" size=\"2\">SUPERINTENDENCIA DE VIGILANCIA Y SEGURIDAD PRIVADA<\/font><\/b><\/td>\n<\/tr>\n<tr>\n<td colspan=\"2\" align=\"justify\"><font face=\"Verdana\" size=\"2\">A-INGRESOS CORRIENTES <\/font><\/td>\n<td align=\"justify\"><font face=\"Verdana\" size=\"2\">19,179,000,000<\/font><\/td>\n<\/tr>\n<tr>\n<td colspan=\"2\" align=\"justify\"><font face=\"Verdana\" size=\"2\">B-RECURSOS DE CAPITAL <\/font><\/td>\n<td align=\"justify\"><font face=\"Verdana\" size=\"2\">5,400,000,000<\/font><\/td>\n<\/tr>\n<tr>\n<td align=\"justify\"><b><font face=\"Verdana\" size=\"2\">1519 <\/font><\/b><\/td>\n<td colspan=\"2\" align=\"justify\"><b><font face=\"Verdana\" size=\"2\">HOSPITAL MILITAR<\/font><\/b><\/td>\n<\/tr>\n<tr>\n<td colspan=\"2\" align=\"justify\"><font face=\"Verdana\" size=\"2\">A-INGRESOS CORRIENTES <\/font><\/td>\n<td align=\"justify\"><font face=\"Verdana\" size=\"2\">281,562,527,000<\/font><\/td>\n<\/tr>\n<tr>\n<td colspan=\"2\" align=\"justify\"><font face=\"Verdana\" size=\"2\">B-RECURSOS DE CAPITAL <\/font><\/td>\n<td align=\"justify\"><font face=\"Verdana\" size=\"2\">47,535,000,000<\/font><\/td>\n<\/tr>\n<tr>\n<td align=\"justify\"><b><font face=\"Verdana\" size=\"2\">1520 <\/font><\/b><\/td>\n<td colspan=\"2\" align=\"justify\"><b><font face=\"Verdana\" size=\"2\">AGENCIA LOG\u00cdSTICA DE LAS FUERZAS MILITARES<\/font><\/b><\/td>\n<\/tr>\n<tr>\n<td height=\"34\" colspan=\"2\" align=\"justify\"><font face=\"Verdana\" size=\"2\">A-INGRESOS CORRIENTES <\/font><\/td>\n<td height=\"34\" align=\"justify\"><font face=\"Verdana\" size=\"2\">711,019,000,000<\/font><\/td>\n<\/tr>\n<tr>\n<td colspan=\"2\" align=\"justify\"><font face=\"Verdana\" size=\"2\">B-RECURSOS DE CAPITAL <\/font><\/td>\n<td align=\"justify\"><font face=\"Verdana\" size=\"2\">3,063,000,000<\/font><\/td>\n<\/tr>\n<tr>\n<td align=\"justify\"><b><font face=\"Verdana\" size=\"2\">1702 <\/font><\/b><\/td>\n<td colspan=\"2\" align=\"justify\"><b><font face=\"Verdana\" size=\"2\">INSTITUTO COLOMBIANO AGROPECUARIO (ICA)<\/font><\/b><\/td>\n<\/tr>\n<tr>\n<td colspan=\"2\" align=\"justify\"><font face=\"Verdana\" size=\"2\">A-INGRESOS CORRIENTES <\/font><\/td>\n<td align=\"justify\"><font face=\"Verdana\" size=\"2\">46,214,740,000<\/font><\/td>\n<\/tr>\n<tr>\n<td align=\"justify\"><b><font face=\"Verdana\" size=\"2\">1715 <\/font><\/b><\/td>\n<td colspan=\"2\" align=\"justify\"><b><font face=\"Verdana\" size=\"2\">AUTORIDAD NACIONAL DE ACUICULTURA Y PESCA (AUNAP)<\/font><\/b><\/td>\n<\/tr>\n<tr>\n<td colspan=\"2\" align=\"justify\"><font face=\"Verdana\" size=\"2\">A-INGRESOS CORRIENTES <\/font><\/td>\n<td align=\"justify\"><font face=\"Verdana\" size=\"2\">2,713,305,000<\/font><\/td>\n<\/tr>\n<tr>\n<td colspan=\"2\" align=\"justify\"><font face=\"Verdana\" size=\"2\">B-RECURSOS DE CAPITAL <\/font><\/td>\n<td align=\"justify\"><font face=\"Verdana\" size=\"2\">739,000,000<\/font><\/td>\n<\/tr>\n<tr>\n<td align=\"justify\"><b><font face=\"Verdana\" size=\"2\">1717 <\/font><\/b><\/td>\n<td colspan=\"2\" align=\"justify\"><b><font face=\"Verdana\" size=\"2\">AGENCIA NACIONAL DE TIERRAS (ANT)<\/font><\/b><\/td>\n<\/tr>\n<tr>\n<td colspan=\"2\" align=\"justify\"><font face=\"Verdana\" size=\"2\">A-INGRESOS CORRIENTES <\/font><\/td>\n<td align=\"justify\"><font face=\"Verdana\" size=\"2\">1,100,000,000<\/font><\/td>\n<\/tr>\n<tr>\n<td align=\"justify\"><b><font face=\"Verdana\" size=\"2\">1718 <\/font><\/b><\/td>\n<td colspan=\"2\" align=\"justify\"><b><font face=\"Verdana\" size=\"2\">AGENCIA DE DESARROLLO RURAL (ADR)<\/font><\/b><\/td>\n<\/tr>\n<tr>\n<td colspan=\"2\" align=\"justify\"><font face=\"Verdana\" size=\"2\">A-INGRESOS CORRIENTES <\/font><\/td>\n<td align=\"justify\"><font face=\"Verdana\" size=\"2\">2,460,000,000<\/font><\/td>\n<\/tr>\n<tr>\n<td align=\"justify\"><b><font face=\"Verdana\" size=\"2\">1903 <\/font><\/b><\/td>\n<td colspan=\"2\" align=\"justify\"><b><font face=\"Verdana\" size=\"2\">INSTITUTO NACIONAL DE SALUD (INS)<\/font><\/b><\/td>\n<\/tr>\n<tr>\n<td colspan=\"2\" align=\"justify\"><font face=\"Verdana\" size=\"2\">A-INGRESOS CORRIENTES <\/font><\/td>\n<td align=\"justify\"><font face=\"Verdana\" size=\"2\">3,531,294,000<\/font><\/td>\n<\/tr>\n<tr>\n<td colspan=\"2\" align=\"justify\"><font face=\"Verdana\" size=\"2\">B-RECURSOS DE CAPITAL <\/font><\/td>\n<td align=\"justify\"><font face=\"Verdana\" size=\"2\">1,194,333,850<\/font><\/td>\n<\/tr>\n<tr>\n<td align=\"justify\"><b><font face=\"Verdana\" size=\"2\">1910 <\/font><\/b><\/td>\n<td colspan=\"2\" align=\"justify\"><b><font face=\"Verdana\" size=\"2\">SUPERINTENDENCIA NACIONAL DE SALUD<\/font><\/b><\/td>\n<\/tr>\n<tr>\n<td colspan=\"2\" align=\"justify\"><font face=\"Verdana\" size=\"2\">A-INGRESOS CORRIENTES <\/font><\/td>\n<td align=\"justify\"><font face=\"Verdana\" size=\"2\">79,066,545,746<\/font><\/td>\n<\/tr>\n<tr>\n<td colspan=\"2\" align=\"justify\"><font face=\"Verdana\" size=\"2\">B-RECURSOS DE CAPITAL <\/font><\/td>\n<td align=\"justify\"><font face=\"Verdana\" size=\"2\">33,847,407,854<\/font><\/td>\n<\/tr>\n<tr>\n<td align=\"justify\"><b><font face=\"Verdana\" size=\"2\">1912 <\/font><\/b><\/td>\n<td colspan=\"2\" align=\"justify\"><b><font face=\"Verdana\" size=\"2\">INSTITUTO NACIONAL DE VIGILANCIA DE MEDICAMENTOS Y ALIMENTOS (INVIMA)<\/font><\/b><\/td>\n<\/tr>\n<tr>\n<td colspan=\"2\" align=\"justify\"><font face=\"Verdana\" size=\"2\">A-INGRESOS CORRIENTES <\/font><\/td>\n<td align=\"justify\"><font face=\"Verdana\" size=\"2\">120,305,408,000<\/font><\/td>\n<\/tr>\n<tr>\n<td colspan=\"2\" align=\"justify\"><font face=\"Verdana\" size=\"2\">B-RECURSOS DE CAPITAL <\/font><\/td>\n<td align=\"justify\"><font face=\"Verdana\" size=\"2\">37,071,811,000<\/font><\/td>\n<\/tr>\n<tr>\n<td align=\"justify\"><b><font face=\"Verdana\" size=\"2\">1913 <\/font><\/b><\/td>\n<td colspan=\"2\" align=\"justify\"><b><font face=\"Verdana\" size=\"2\">FONDO DE PREVISI\u00d3N SOCIAL DEL CONGRESO<\/font><\/b><\/td>\n<\/tr>\n<tr>\n<td colspan=\"2\" align=\"justify\"><font face=\"Verdana\" size=\"2\">A-INGRESOS CORRIENTES <\/font><\/td>\n<td align=\"justify\"><font face=\"Verdana\" size=\"2\">15,907,233,000<\/font><\/td>\n<\/tr>\n<tr>\n<td colspan=\"2\" align=\"justify\"><font face=\"Verdana\" size=\"2\">B-RECURSOS DE CAPITAL <\/font><\/td>\n<td align=\"justify\"><font face=\"Verdana\" size=\"2\">162,870,000,000<\/font><\/td>\n<\/tr>\n<tr>\n<td align=\"justify\"><b><font face=\"Verdana\" size=\"2\">1914 <\/font><\/b><\/td>\n<td colspan=\"2\" align=\"justify\"><b><font face=\"Verdana\" size=\"2\">FONDO PASIVO SOCIAL DE FERROCARRILES NACIONALES DE COLOMBIA<\/font><\/b><\/td>\n<\/tr>\n<tr>\n<td colspan=\"2\" align=\"justify\"><font face=\"Verdana\" size=\"2\">A-INGRESOS CORRIENTES <\/font><\/td>\n<td align=\"justify\"><font face=\"Verdana\" size=\"2\">95,218,617,000<\/font><\/td>\n<\/tr>\n<tr>\n<td colspan=\"2\" align=\"justify\"><font face=\"Verdana\" size=\"2\">B-RECURSOS DE CAPITAL <\/font><\/td>\n<td align=\"justify\"><font face=\"Verdana\" size=\"2\">9,667,000,000<\/font><\/td>\n<\/tr>\n<tr>\n<td align=\"justify\"><b><font face=\"Verdana\" size=\"2\">2103 <\/font><\/b><\/td>\n<td colspan=\"2\" align=\"justify\"><b><font face=\"Verdana\" size=\"2\">SERVICIO GEOL\u00d3GICO COLOMBIANO<\/font><\/b><\/td>\n<\/tr>\n<tr>\n<td colspan=\"2\" align=\"justify\"><font face=\"Verdana\" size=\"2\">A-INGRESOS CORRIENTES <\/font><\/td>\n<td align=\"justify\"><font face=\"Verdana\" size=\"2\">16,049,108,000<\/font><\/td>\n<\/tr>\n<tr>\n<td colspan=\"2\" align=\"justify\"><font face=\"Verdana\" size=\"2\">B-RECURSOS DE CAPITAL <\/font><\/td>\n<td align=\"justify\"><font face=\"Verdana\" size=\"2\">7,400,694,000<\/font><\/td>\n<\/tr>\n<tr>\n<td align=\"justify\"><b><font face=\"Verdana\" size=\"2\">2109 <\/font><\/b><\/td>\n<td colspan=\"2\" align=\"justify\"><b><font face=\"Verdana\" size=\"2\">UNIDAD DE PLANEACI\u00d3N MINERO-ENERG\u00c9TICA (UPME)<\/font><\/b><\/td>\n<\/tr>\n<tr>\n<td colspan=\"2\" align=\"justify\"><font face=\"Verdana\" size=\"2\">A-INGRESOS CORRIENTES <\/font><\/td>\n<td align=\"justify\"><font face=\"Verdana\" size=\"2\">30,088,937,000<\/font><\/td>\n<\/tr>\n<tr>\n<td colspan=\"2\" align=\"justify\"><font face=\"Verdana\" size=\"2\">B-RECURSOS DE CAPITAL <\/font><\/td>\n<td align=\"justify\"><font face=\"Verdana\" size=\"2\">1,279,000,000<\/font><\/td>\n<\/tr>\n<tr>\n<td align=\"justify\"><b><font face=\"Verdana\" size=\"2\">2110 <\/font><\/b><\/td>\n<td colspan=\"2\" align=\"justify\"><b><font face=\"Verdana\" size=\"2\">INSTITUTO DE PLANIFICACI\u00d3N Y PROMOCI\u00d3N DE SOLUCIONES ENERG\u00c9TICAS PARA LAS ZONAS NO INTERCONECTADAS (IPSE)<\/font><\/b><\/td>\n<\/tr>\n<tr>\n<td colspan=\"2\" align=\"justify\"><font face=\"Verdana\" size=\"2\">A-INGRESOS CORRIENTES <\/font><\/td>\n<td align=\"justify\"><font face=\"Verdana\" size=\"2\">12,781,019,000<\/font><\/td>\n<\/tr>\n<tr>\n<td colspan=\"2\" align=\"justify\"><font face=\"Verdana\" size=\"2\">B-RECURSOS DE CAPITAL <\/font><\/td>\n<td align=\"justify\"><font face=\"Verdana\" size=\"2\">29,140,971,000<\/font><\/td>\n<\/tr>\n<tr>\n<td align=\"justify\"><b><font face=\"Verdana\" size=\"2\">2111 <\/font><\/b><\/td>\n<td colspan=\"2\" align=\"justify\"><b><font face=\"Verdana\" size=\"2\">AGENCIA NACIONAL DE HIDROCARBUROS (ANH)<\/font><\/b><\/td>\n<\/tr>\n<tr>\n<td colspan=\"2\" align=\"justify\"><font face=\"Verdana\" size=\"2\">A-INGRESOS CORRIENTES <\/font><\/td>\n<td align=\"justify\"><font face=\"Verdana\" size=\"2\">87,246,092,000<\/font><\/td>\n<\/tr>\n<tr>\n<td colspan=\"2\" align=\"justify\"><font face=\"Verdana\" size=\"2\">B-RECURSOS DE CAPITAL <\/font><\/td>\n<td align=\"justify\"><font face=\"Verdana\" size=\"2\">337,033,000,000<\/font><\/td>\n<\/tr>\n<tr>\n<td align=\"justify\"><b><font face=\"Verdana\" size=\"2\">2112 <\/font><\/b><\/td>\n<td colspan=\"2\" align=\"justify\"><b><font face=\"Verdana\" size=\"2\">AGENCIA NACIONAL DE MINER\u00cdA (ANM)<\/font><\/b><\/td>\n<\/tr>\n<tr>\n<td colspan=\"2\" align=\"justify\"><font face=\"Verdana\" size=\"2\">A-INGRESOS CORRIENTES <\/font><\/td>\n<td align=\"justify\"><font face=\"Verdana\" size=\"2\">37,329,932,000<\/font><\/td>\n<\/tr>\n<tr>\n<td colspan=\"2\" align=\"justify\"><font face=\"Verdana\" size=\"2\">B-RECURSOS DE CAPITAL <\/font><\/td>\n<td align=\"justify\"><font face=\"Verdana\" size=\"2\">4,599,520,000<\/font><\/td>\n<\/tr>\n<tr>\n<td align=\"justify\"><b><font face=\"Verdana\" size=\"2\">2209 <\/font><\/b><\/td>\n<td colspan=\"2\" align=\"justify\"><b><font face=\"Verdana\" size=\"2\">INSTITUTO NACIONAL PARA SORDOS (INSOR)<\/font><\/b><\/td>\n<\/tr>\n<tr>\n<td colspan=\"2\" align=\"justify\"><font face=\"Verdana\" size=\"2\">A-INGRESOS CORRIENTES <\/font><\/td>\n<td align=\"justify\"><font face=\"Verdana\" size=\"2\">1,282,103,437<\/font><\/td>\n<\/tr>\n<tr>\n<td colspan=\"2\" align=\"justify\"><font face=\"Verdana\" size=\"2\">B-RECURSOS DE CAPITAL <\/font><\/td>\n<td align=\"justify\"><font face=\"Verdana\" size=\"2\">3,411,520,196<\/font><\/td>\n<\/tr>\n<tr>\n<td align=\"justify\"><b><font face=\"Verdana\" size=\"2\">2210 <\/font><\/b><\/td>\n<td colspan=\"2\" align=\"justify\"><b><font face=\"Verdana\" size=\"2\">INSTITUTO NACIONAL PARA CIEGOS (INCI)<\/font><\/b><\/td>\n<\/tr>\n<tr>\n<td colspan=\"2\" align=\"justify\"><font face=\"Verdana\" size=\"2\">A-INGRESOS CORRIENTES <\/font><\/td>\n<td align=\"justify\"><font face=\"Verdana\" size=\"2\">423,500,568<\/font><\/td>\n<\/tr>\n<tr>\n<td colspan=\"2\" align=\"justify\"><font face=\"Verdana\" size=\"2\">B-RECURSOS DE CAPITAL <\/font><\/td>\n<td align=\"justify\"><font face=\"Verdana\" size=\"2\">125,970,000<\/font><\/td>\n<\/tr>\n<tr>\n<td align=\"justify\"><b><font face=\"Verdana\" size=\"2\">2234 <\/font><\/b><\/td>\n<td colspan=\"2\" align=\"justify\"><b><font face=\"Verdana\" size=\"2\">ESCUELA TECNOL\u00d3GICA INSTITUTO T\u00c9CNICO CENTRAL<\/font><\/b><\/td>\n<\/tr>\n<tr>\n<td height=\"34\" colspan=\"2\" align=\"justify\"><font face=\"Verdana\" size=\"2\">A-INGRESOS CORRIENTES <\/font><\/td>\n<td height=\"34\" align=\"justify\"><font face=\"Verdana\" size=\"2\">12,875,362,416<\/font><\/td>\n<\/tr>\n<tr>\n<td colspan=\"2\" align=\"justify\"><font face=\"Verdana\" size=\"2\">B-RECURSOS DE CAPITAL <\/font><\/td>\n<td align=\"justify\"><font face=\"Verdana\" size=\"2\">218,730,000<\/font><\/td>\n<\/tr>\n<tr>\n<td align=\"justify\"><b><font face=\"Verdana\" size=\"2\">2238 <\/font><\/b><\/td>\n<td align=\"justify\" colspan=\"2\"><b><font face=\"Verdana\" size=\"2\">INSTITUTO NACIONAL DE FORMACI\u00d3N T\u00c9CNICA PROFESIONAL DE SAN ANDR\u00c9S Y PROVIDENCIA<\/font><\/b><\/td>\n<\/tr>\n<tr>\n<td align=\"justify\" colspan=\"2\"><font face=\"Verdana\" size=\"2\">A-INGRESOS CORRIENTES <\/font><\/td>\n<td align=\"justify\"><font face=\"Verdana\" size=\"2\">725,374,765<\/font><\/td>\n<\/tr>\n<tr>\n<td align=\"justify\" colspan=\"2\"><font face=\"Verdana\" size=\"2\">B-RECURSOS DE CAPITAL <\/font><\/td>\n<td align=\"justify\"><font face=\"Verdana\" size=\"2\">242,810,000<\/font><\/td>\n<\/tr>\n<tr>\n<td align=\"justify\"><b><font face=\"Verdana\" size=\"2\">2239 <\/font><\/b><\/td>\n<td align=\"justify\" colspan=\"2\"><b><font face=\"Verdana\" size=\"2\">INSTITUTO NACIONAL DE FORMACI\u00d3N T\u00c9CNICA PROFESIONAL DE SAN JUAN DEL CESAR<\/font><\/b><\/td>\n<\/tr>\n<tr>\n<td align=\"justify\" colspan=\"2\"><font face=\"Verdana\" size=\"2\">A-INGRESOS CORRIENTES <\/font><\/td>\n<td align=\"justify\"><font face=\"Verdana\" size=\"2\">1,483,909,268<\/font><\/td>\n<\/tr>\n<tr>\n<td align=\"justify\" colspan=\"2\"><font face=\"Verdana\" size=\"2\">B-RECURSOS DE CAPITAL <\/font><\/td>\n<td align=\"justify\"><font face=\"Verdana\" size=\"2\">1,802,250,000<\/font><\/td>\n<\/tr>\n<tr>\n<td align=\"justify\"><b><font face=\"Verdana\" size=\"2\">2241 <\/font><\/b><\/td>\n<td align=\"justify\" colspan=\"2\"><b><font face=\"Verdana\" size=\"2\">INSTITUTO TOLIMENSE DE FORMACI\u00d3N T\u00c9CNICA PROFESIONAL<\/font><\/b><\/td>\n<\/tr>\n<tr>\n<td align=\"justify\" colspan=\"2\"><font face=\"Verdana\" size=\"2\">A-INGRESOS CORRIENTES <\/font><\/td>\n<td align=\"justify\"><font face=\"Verdana\" size=\"2\">7,041,432,285<\/font><\/td>\n<\/tr>\n<tr>\n<td align=\"justify\" colspan=\"2\"><font face=\"Verdana\" size=\"2\">B-RECURSOS DE CAPITAL <\/font><\/td>\n<td align=\"justify\"><font face=\"Verdana\" size=\"2\">1,919,000,000<\/font><\/td>\n<\/tr>\n<tr>\n<td align=\"justify\"><b><font face=\"Verdana\" size=\"2\">2242 <\/font><\/b><\/td>\n<td align=\"justify\" colspan=\"2\"><b><font face=\"Verdana\" size=\"2\">INSTITUTO T\u00c9CNICO NACIONAL DE COMERCIO \u201cSIM\u00d3N RODR\u00cdGUEZ\u201d DE CALI<\/font><\/b><\/td>\n<\/tr>\n<tr>\n<td align=\"justify\" colspan=\"2\"><font face=\"Verdana\" size=\"2\">A-INGRESOS CORRIENTES <\/font><\/td>\n<td align=\"justify\"><font face=\"Verdana\" size=\"2\">1,728,774,968<\/font><\/td>\n<\/tr>\n<tr>\n<td align=\"justify\" colspan=\"2\"><font face=\"Verdana\" size=\"2\">B-RECURSOS DE CAPITAL <\/font><\/td>\n<td align=\"justify\"><font face=\"Verdana\" size=\"2\">57,000,000<\/font><\/td>\n<\/tr>\n<tr>\n<td align=\"justify\"><b><font face=\"Verdana\" size=\"2\">2306 <\/font><\/b><\/td>\n<td align=\"justify\" colspan=\"2\"><b><font face=\"Verdana\" size=\"2\">FONDO DE TECNOLOG\u00cdAS DE LA INFORMACI\u00d3N Y LAS COMUNICACIONES<\/font><\/b><\/td>\n<\/tr>\n<tr>\n<td align=\"justify\" colspan=\"2\"><font face=\"Verdana\" size=\"2\">A-INGRESOS CORRIENTES <\/font><\/td>\n<td align=\"justify\"><font face=\"Verdana\" size=\"2\">970,611,451,043<\/font><\/td>\n<\/tr>\n<tr>\n<td align=\"justify\" colspan=\"2\"><font face=\"Verdana\" size=\"2\">B-RECURSOS DE CAPITAL <\/font><\/td>\n<td align=\"justify\"><font face=\"Verdana\" size=\"2\">254,237,400,000<\/font><\/td>\n<\/tr>\n<tr>\n<td align=\"justify\"><b><font face=\"Verdana\" size=\"2\">2309 <\/font><\/b><\/td>\n<td align=\"justify\" colspan=\"2\"><b><font face=\"Verdana\" size=\"2\">AGENCIA NACIONAL DEL ESPECTRO (ANE)<\/font><\/b><\/td>\n<\/tr>\n<tr>\n<td align=\"justify\" colspan=\"2\"><font face=\"Verdana\" size=\"2\">A-INGRESOS CORRIENTES <\/font><\/td>\n<td align=\"justify\"><font face=\"Verdana\" size=\"2\">24,805,019,892<\/font><\/td>\n<\/tr>\n<tr>\n<td align=\"justify\"><b><font face=\"Verdana\" size=\"2\">2310 <\/font><\/b><\/td>\n<td align=\"justify\" colspan=\"2\"><b><font face=\"Verdana\" size=\"2\">AUTORIDAD NACIONAL DE TELEVISI\u00d3N (ANTV)<\/font><\/b><\/td>\n<\/tr>\n<tr>\n<td align=\"justify\" colspan=\"2\"><font face=\"Verdana\" size=\"2\">A-INGRESOS CORRIENTES <\/font><\/td>\n<td align=\"justify\"><font face=\"Verdana\" size=\"2\">233,607,857,317<\/font><\/td>\n<\/tr>\n<tr>\n<td align=\"justify\" colspan=\"2\"><font face=\"Verdana\" size=\"2\">B-RECURSOS DE CAPITAL <\/font><\/td>\n<td align=\"justify\"><font face=\"Verdana\" size=\"2\">53,427,400,000<\/font><\/td>\n<\/tr>\n<tr>\n<td align=\"justify\"><b><font face=\"Verdana\" size=\"2\">2402 <\/font><\/b><\/td>\n<td align=\"justify\" colspan=\"2\"><b><font face=\"Verdana\" size=\"2\">INSTITUTO NACIONAL DE V\u00cdAS<\/font><\/b><\/td>\n<\/tr>\n<tr>\n<td align=\"justify\" colspan=\"2\"><font face=\"Verdana\" size=\"2\">A-INGRESOS CORRIENTES <\/font><\/td>\n<td align=\"justify\"><font face=\"Verdana\" size=\"2\">423,364,416,539<\/font><\/td>\n<\/tr>\n<tr>\n<td align=\"justify\" colspan=\"2\"><font face=\"Verdana\" size=\"2\">B-RECURSOS DE CAPITAL <\/font><\/td>\n<td align=\"justify\"><font face=\"Verdana\" size=\"2\">279,804,498,002<\/font><\/td>\n<\/tr>\n<tr>\n<td align=\"justify\"><b><font face=\"Verdana\" size=\"2\">2412 <\/font><\/b><\/td>\n<td align=\"justify\" colspan=\"2\"><b><font face=\"Verdana\" size=\"2\">UNIDAD ADMINISTRATIVA ESPECIAL DE LA AERON\u00c1UTICA CIVIL<\/font><\/b><\/td>\n<\/tr>\n<tr>\n<td align=\"justify\" colspan=\"2\"><font face=\"Verdana\" size=\"2\">A-INGRESOS CORRIENTES <\/font><\/td>\n<td align=\"justify\"><font face=\"Verdana\" size=\"2\">996,349,029,533<\/font><\/td>\n<\/tr>\n<tr>\n<td align=\"justify\" colspan=\"2\"><font face=\"Verdana\" size=\"2\">B-RECURSOS DE CAPITAL <\/font><\/td>\n<td align=\"justify\"><font face=\"Verdana\" size=\"2\">252,547,300,000<\/font><\/td>\n<\/tr>\n<tr>\n<td align=\"justify\"><b><font face=\"Verdana\" size=\"2\">2413 <\/font><\/b><\/td>\n<td align=\"justify\" colspan=\"2\"><b><font face=\"Verdana\" size=\"2\">AGENCIA NACIONAL DE INFRAESTRUCTURA<\/font><\/b><\/td>\n<\/tr>\n<tr>\n<td align=\"justify\" colspan=\"2\"><font face=\"Verdana\" size=\"2\">A-INGRESOS CORRIENTES <\/font><\/td>\n<td align=\"justify\"><font face=\"Verdana\" size=\"2\">263,122,200,000<\/font><\/td>\n<\/tr>\n<tr>\n<td align=\"justify\" colspan=\"2\"><font face=\"Verdana\" size=\"2\">B-RECURSOS DE CAPITAL <\/font><\/td>\n<td align=\"justify\"><font face=\"Verdana\" size=\"2\">192,000,000<\/font><\/td>\n<\/tr>\n<tr>\n<td align=\"justify\"><b><font face=\"Verdana\" size=\"2\">2416 <\/font><\/b><\/td>\n<td align=\"justify\" colspan=\"2\"><b><font face=\"Verdana\" size=\"2\">AGENCIA NACIONAL DE SEGURIDAD VIAL<\/font><\/b><\/td>\n<\/tr>\n<tr>\n<td align=\"justify\" colspan=\"2\"><font face=\"Verdana\" size=\"2\">A-INGRESOS CORRIENTES <\/font><\/td>\n<td align=\"justify\"><font face=\"Verdana\" size=\"2\">116,647,608,319<\/font><\/td>\n<\/tr>\n<tr>\n<td align=\"justify\"><b><font face=\"Verdana\" size=\"2\">2417 <\/font><\/b><\/td>\n<td align=\"justify\" colspan=\"2\"><b><font face=\"Verdana\" size=\"2\">SUPERINTENDENCIA DE PUERTOS Y TRANSPORTE<\/font><\/b><\/td>\n<\/tr>\n<tr>\n<td align=\"justify\" colspan=\"2\"><font face=\"Verdana\" size=\"2\">A-INGRESOS CORRIENTES <\/font><\/td>\n<td align=\"justify\"><font face=\"Verdana\" size=\"2\">44,924,112,150<\/font><\/td>\n<\/tr>\n<tr>\n<td align=\"justify\"><b><font face=\"Verdana\" size=\"2\">2602 <\/font><\/b><\/td>\n<td align=\"justify\" colspan=\"2\"><b><font face=\"Verdana\" size=\"2\">FONDO DE BIENESTAR SOCIAL DE LA CONTRALOR\u00cdA GENERAL DE LA REP\u00daBLICA<\/font><\/b><\/td>\n<\/tr>\n<tr>\n<td align=\"justify\" colspan=\"2\"><font face=\"Verdana\" size=\"2\">A-INGRESOS CORRIENTES <\/font><\/td>\n<td align=\"justify\"><font face=\"Verdana\" size=\"2\">24,905,471,725<\/font><\/td>\n<\/tr>\n<tr>\n<td align=\"justify\"><b><font face=\"Verdana\" size=\"2\">2802 <\/font><\/b><\/td>\n<td align=\"justify\" colspan=\"2\"><b><font face=\"Verdana\" size=\"2\">FONDO ROTATORIO DE LA REGISTRADUR\u00cdA<\/font><\/b><\/td>\n<\/tr>\n<tr>\n<td align=\"justify\" colspan=\"2\"><font face=\"Verdana\" size=\"2\">A-INGRESOS CORRIENTES <\/font><\/td>\n<td align=\"justify\"><font face=\"Verdana\" size=\"2\">54,070,057,948<\/font><\/td>\n<\/tr>\n<tr>\n<td align=\"justify\" colspan=\"2\"><font face=\"Verdana\" size=\"2\">B-RECURSOS DE CAPITAL <\/font><\/td>\n<td align=\"justify\"><font face=\"Verdana\" size=\"2\">22,210,496,023<\/font><\/td>\n<\/tr>\n<tr>\n<td align=\"justify\"><b><font face=\"Verdana\" size=\"2\">2803 <\/font><\/b><\/td>\n<td align=\"justify\" colspan=\"2\"><b><font face=\"Verdana\" size=\"2\">FONDO SOCIAL DE VIVIENDA DE LA REGISTRADUR\u00cdA NACIONAL DEL ESTADO CIVIL<\/font><\/b><\/td>\n<\/tr>\n<tr>\n<td align=\"justify\" colspan=\"2\"><font face=\"Verdana\" size=\"2\">B-RECURSOS DE CAPITAL <\/font><\/td>\n<td align=\"justify\"><font face=\"Verdana\" size=\"2\">15,741,704,000<\/font><\/td>\n<\/tr>\n<tr>\n<td align=\"justify\"><b><font face=\"Verdana\" size=\"2\">2902 <\/font><\/b><\/td>\n<td align=\"justify\" colspan=\"2\"><b><font face=\"Verdana\" size=\"2\">INSTITUTO NACIONAL DE MEDICINA LEGAL Y CIENCIAS FORENSES<\/font><\/b><\/td>\n<\/tr>\n<tr>\n<td align=\"justify\" colspan=\"2\"><font face=\"Verdana\" size=\"2\">A-INGRESOS CORRIENTES <\/font><\/td>\n<td align=\"justify\"><font face=\"Verdana\" size=\"2\">10,056,324,773<\/font><\/td>\n<\/tr>\n<tr>\n<td align=\"justify\" colspan=\"2\"><font face=\"Verdana\" size=\"2\">B-RECURSOS DE CAPITAL <\/font><\/td>\n<td align=\"justify\"><font face=\"Verdana\" size=\"2\">725,105,000<\/font><\/td>\n<\/tr>\n<tr>\n<td align=\"justify\"><b><font face=\"Verdana\" size=\"2\">3202 <\/font><\/b><\/td>\n<td align=\"justify\" colspan=\"2\"><b><font face=\"Verdana\" size=\"2\">INSTITUTO DE HIDROLOG\u00cdA, METEOROLOG\u00cdA Y ESTUDIOS AMBIENTALES (IDEAM)<\/font><\/b><\/td>\n<\/tr>\n<tr>\n<td align=\"justify\" colspan=\"2\"><font face=\"Verdana\" size=\"2\">A-INGRESOS CORRIENTES <\/font><\/td>\n<td align=\"justify\"><font face=\"Verdana\" size=\"2\">6,960,363,000<\/font><\/td>\n<\/tr>\n<tr>\n<td align=\"justify\" colspan=\"2\"><font face=\"Verdana\" size=\"2\">B-RECURSOS DE CAPITAL <\/font><\/td>\n<td align=\"justify\"><font face=\"Verdana\" size=\"2\">2,735,617,000<\/font><\/td>\n<\/tr>\n<tr>\n<td align=\"justify\"><b><font face=\"Verdana\" size=\"2\">3204 <\/font><\/b><\/td>\n<td align=\"justify\" colspan=\"2\"><b><font face=\"Verdana\" size=\"2\">FONDO NACIONAL AMBIENTAL<\/font><\/b><\/td>\n<\/tr>\n<tr>\n<td align=\"justify\" colspan=\"2\"><font face=\"Verdana\" size=\"2\">A-INGRESOS CORRIENTES <\/font><\/td>\n<td align=\"justify\"><font face=\"Verdana\" size=\"2\">44,412,841,000<\/font><\/td>\n<\/tr>\n<tr>\n<td align=\"justify\" colspan=\"2\"><font face=\"Verdana\" size=\"2\">B-RECURSOS DE CAPITAL <\/font><\/td>\n<td align=\"justify\"><font face=\"Verdana\" size=\"2\">56,548,976,000<\/font><\/td>\n<\/tr>\n<tr>\n<td align=\"justify\"><b><font face=\"Verdana\" size=\"2\">3304 <\/font><\/b><\/td>\n<td align=\"justify\" colspan=\"2\"><b><font face=\"Verdana\" size=\"2\">ARCHIVO GENERAL DE LA NACI\u00d3N<\/font><\/b><\/td>\n<\/tr>\n<tr>\n<td align=\"justify\" colspan=\"2\"><font face=\"Verdana\" size=\"2\">A-INGRESOS CORRIENTES <\/font><\/td>\n<td align=\"justify\"><font face=\"Verdana\" size=\"2\">5,979,062,015<\/font><\/td>\n<\/tr>\n<tr>\n<td align=\"justify\" colspan=\"2\"><font face=\"Verdana\" size=\"2\">B-RECURSOS DE CAPITAL <\/font><\/td>\n<td align=\"justify\"><font face=\"Verdana\" size=\"2\">3,614,400,000<\/font><\/td>\n<\/tr>\n<tr>\n<td align=\"justify\"><b><font face=\"Verdana\" size=\"2\">3305 <\/font><\/b><\/td>\n<td align=\"justify\" colspan=\"2\"><b><font face=\"Verdana\" size=\"2\">INSTITUTO COLOMBIANO DE ANTROPOLOG\u00cdA E HISTORIA<\/font><\/b><\/td>\n<\/tr>\n<tr>\n<td align=\"justify\" colspan=\"2\"><font face=\"Verdana\" size=\"2\">A-INGRESOS CORRIENTES <\/font><\/td>\n<td align=\"justify\"><font face=\"Verdana\" size=\"2\">4,379,079,226<\/font><\/td>\n<\/tr>\n<tr>\n<td align=\"justify\"><b><font face=\"Verdana\" size=\"2\">3307 <\/font><\/b><\/td>\n<td align=\"justify\" colspan=\"2\"><b><font face=\"Verdana\" size=\"2\">INSTITUTO CARO Y CUERVO<\/font><\/b><\/td>\n<\/tr>\n<tr>\n<td align=\"justify\" colspan=\"2\"><font face=\"Verdana\" size=\"2\">A-INGRESOS CORRIENTES <\/font><\/td>\n<td align=\"justify\"><font face=\"Verdana\" size=\"2\">853,058,151<\/font><\/td>\n<\/tr>\n<tr>\n<td align=\"justify\" colspan=\"2\"><font face=\"Verdana\" size=\"2\">B-RECURSOS DE CAPITAL <\/font><\/td>\n<td align=\"justify\"><font face=\"Verdana\" size=\"2\">93,852,630<\/font><\/td>\n<\/tr>\n<tr>\n<td align=\"justify\"><b><font face=\"Verdana\" size=\"2\">3502 <\/font><\/b><\/td>\n<td align=\"justify\" colspan=\"2\"><b><font face=\"Verdana\" size=\"2\">SUPERINTENDENCIA DE SOCIEDADES<\/font><\/b><\/td>\n<\/tr>\n<tr>\n<td align=\"justify\" colspan=\"2\"><font face=\"Verdana\" size=\"2\">A-INGRESOS CORRIENTES <\/font><\/td>\n<td align=\"justify\"><font face=\"Verdana\" size=\"2\">123,586,675,343<\/font><\/td>\n<\/tr>\n<tr>\n<td align=\"justify\" colspan=\"2\"><font face=\"Verdana\" size=\"2\">B-RECURSOS DE CAPITAL<\/font><\/td>\n<td align=\"justify\"><font face=\"Verdana\" size=\"2\">6,884,499,990<\/font><\/td>\n<\/tr>\n<tr>\n<td align=\"justify\"><b><font face=\"Verdana\" size=\"2\">3503 <\/font><\/b><\/td>\n<td align=\"justify\" colspan=\"2\"><b><font face=\"Verdana\" size=\"2\">SUPERINTENDENCIA DE INDUSTRIA Y COMERCIO<\/font><\/b><\/td>\n<\/tr>\n<tr>\n<td align=\"justify\" colspan=\"2\"><font face=\"Verdana\" size=\"2\">A-INGRESOS CORRIENTES <\/font><\/td>\n<td align=\"justify\"><font face=\"Verdana\" size=\"2\">106,005,696,653<\/font><\/td>\n<\/tr>\n<tr>\n<td align=\"justify\" colspan=\"2\"><font face=\"Verdana\" size=\"2\">B-RECURSOS DE CAPITAL <\/font><\/td>\n<td align=\"justify\"><font face=\"Verdana\" size=\"2\">50,850,000,000<\/font><\/td>\n<\/tr>\n<tr>\n<td align=\"justify\"><b><font face=\"Verdana\" size=\"2\">3504 <\/font><\/b><\/td>\n<td align=\"justify\" colspan=\"2\"><b><font face=\"Verdana\" size=\"2\">UNIDAD ADMINISTRATIVA ESPECIAL JUNTA CENTRAL CONTADORES<\/font><\/b><\/td>\n<\/tr>\n<tr>\n<td align=\"justify\" colspan=\"2\"><font face=\"Verdana\" size=\"2\">A-INGRESOS CORRIENTES <\/font><\/td>\n<td align=\"justify\"><font face=\"Verdana\" size=\"2\">6,053,050,000<\/font><\/td>\n<\/tr>\n<tr>\n<td align=\"justify\" colspan=\"2\"><font face=\"Verdana\" size=\"2\">B-RECURSOS DE CAPITAL <\/font><\/td>\n<td align=\"justify\"><font face=\"Verdana\" size=\"2\">14,771,000,000<\/font><\/td>\n<\/tr>\n<tr>\n<td align=\"justify\"><b><font face=\"Verdana\" size=\"2\">3505 <\/font><\/b><\/td>\n<td align=\"justify\" colspan=\"2\"><b><font face=\"Verdana\" size=\"2\">INSTITUTO NACIONAL DE METROLOG\u00cdA (INM)<\/font><\/b><\/td>\n<\/tr>\n<tr>\n<td align=\"justify\" colspan=\"2\"><font face=\"Verdana\" size=\"2\">A-INGRESOS CORRIENTES <\/font><\/td>\n<td align=\"justify\"><font face=\"Verdana\" size=\"2\">1,603,000,000<\/font><\/td>\n<\/tr>\n<tr>\n<td align=\"justify\"><b><font face=\"Verdana\" size=\"2\">3602 <\/font><\/b><\/td>\n<td align=\"justify\" colspan=\"2\"><b><font face=\"Verdana\" size=\"2\">SERVICIO NACIONAL DE APRENDIZAJE (SENA)<\/font><\/b><\/td>\n<\/tr>\n<tr>\n<td align=\"justify\" colspan=\"2\"><font face=\"Verdana\" size=\"2\">A-INGRESOS CORRIENTES <\/font><\/td>\n<td align=\"justify\"><font face=\"Verdana\" size=\"2\">426,374,674,889<\/font><\/td>\n<\/tr>\n<tr>\n<td align=\"justify\" colspan=\"2\"><font face=\"Verdana\" size=\"2\">B-RECURSOS DE CAPITAL <\/font><\/td>\n<td align=\"justify\"><font face=\"Verdana\" size=\"2\">413,020,000,000<\/font><\/td>\n<\/tr>\n<tr>\n<td align=\"justify\" colspan=\"2\"><font face=\"Verdana\" size=\"2\">C-CONTRIBUCIONES PARAFISCALES <\/font><\/td>\n<td align=\"justify\"><font face=\"Verdana\" size=\"2\">957,385,000,000<\/font><\/td>\n<\/tr>\n<tr>\n<td align=\"justify\"><b><font face=\"Verdana\" size=\"2\">3708 <\/font><\/b><\/td>\n<td align=\"justify\" colspan=\"2\"><b><font face=\"Verdana\" size=\"2\">UNIDAD NACIONAL DE PROTECCI\u00d3N (UNP)<\/font><\/b><\/td>\n<\/tr>\n<tr>\n<td align=\"justify\" colspan=\"2\"><font face=\"Verdana\" size=\"2\">A-INGRESOS CORRIENTES <\/font><\/td>\n<td align=\"justify\"><font face=\"Verdana\" size=\"2\">65,050,000,000<\/font><\/td>\n<\/tr>\n<tr>\n<td align=\"justify\"><b><font face=\"Verdana\" size=\"2\">3801 <\/font><\/b><\/td>\n<td align=\"justify\" colspan=\"2\"><b><font face=\"Verdana\" size=\"2\">COMISI\u00d3N NACIONAL DEL SERVICIO CIVIL<\/font><\/b><\/td>\n<\/tr>\n<tr>\n<td align=\"justify\" colspan=\"2\"><font face=\"Verdana\" size=\"2\">A-INGRESOS CORRIENTES <\/font><\/td>\n<td align=\"justify\"><font face=\"Verdana\" size=\"2\">49,699,114,027<\/font><\/td>\n<\/tr>\n<tr>\n<td align=\"justify\" colspan=\"2\"><font face=\"Verdana\" size=\"2\">B-RECURSOS DE CAPITAL <\/font><\/td>\n<td align=\"justify\"><font face=\"Verdana\" size=\"2\">900,000,000<\/font><\/td>\n<\/tr>\n<tr>\n<td align=\"justify\"><b><font face=\"Verdana\" size=\"2\">4104 <\/font><\/b><\/td>\n<td align=\"justify\" colspan=\"2\"><b><font face=\"Verdana\" size=\"2\">UNIDAD DE ATENCI\u00d3N Y REPARACI\u00d3N INTEGRAL A LAS V\u00cdCTIMAS<\/font><\/b><\/td>\n<\/tr>\n<tr>\n<td align=\"justify\" colspan=\"2\"><font face=\"Verdana\" size=\"2\">A-INGRESOS CORRIENTES <\/font><\/td>\n<td align=\"justify\"><font face=\"Verdana\" size=\"2\">45,000,000,000<\/font><\/td>\n<\/tr>\n<tr>\n<td align=\"justify\"><b><font face=\"Verdana\" size=\"2\">4106 <\/font><\/b><\/td>\n<td align=\"justify\" colspan=\"2\"><b><font face=\"Verdana\" size=\"2\">INSTITUTO COLOMBIANO DE BIENESTAR FAMILIAR (ICBF)<\/font><\/b><\/td>\n<\/tr>\n<tr>\n<td align=\"justify\" colspan=\"2\"><font face=\"Verdana\" size=\"2\">A-INGRESOS CORRIENTES <\/font><\/td>\n<td align=\"justify\"><font face=\"Verdana\" size=\"2\">3,447,960,082<\/font><\/td>\n<\/tr>\n<tr>\n<td align=\"justify\" colspan=\"2\"><font face=\"Verdana\" size=\"2\">B-RECURSOS DE CAPITAL <\/font><\/td>\n<td align=\"justify\"><font face=\"Verdana\" size=\"2\">715,340,695,134<\/font><\/td>\n<\/tr>\n<tr>\n<td align=\"justify\" colspan=\"2\"><font face=\"Verdana\" size=\"2\">C-CONTRIBUCIONES PARAFISCALES <\/font><\/td>\n<td align=\"justify\"><font face=\"Verdana\" size=\"2\">2,063,830,483,971<\/font><\/td>\n<\/tr>\n<tr>\n<td align=\"center\" colspan=\"2\"><b><font face=\"Verdana\" size=\"2\">III &#8211; TOTAL INGRESOS <\/font><\/b><\/td>\n<td align=\"justify\"><b><font face=\"Verdana\" size=\"2\">224,421,672,312,697<\/font><\/b><\/td>\n<\/tr>\n<\/table>\n<\/div>\n<p style=\"margin-top: 0; margin-bottom: 0\" align=\"justify\">&nbsp;<\/p>\n<p style=\"margin-top: 0; margin-bottom: 0\" align=\"justify\">&nbsp;<\/p>\n<p style=\"margin-top: 0; margin-bottom: 0\" align=\"center\"><font face=\"Verdana\" size=\"2\"><b>CAP\u00cdTULO II<\/b><br \/>Recursos subcuenta de solidaridad del Fosyga<\/font><\/p>\n<p style=\"margin-top: 0; margin-bottom: 0\" align=\"justify\">&nbsp;<\/p>\n<p style=\"margin-top: 0; margin-bottom: 0\" align=\"justify\"><font face=\"Verdana\" size=\"2\"><br \/><b>Art\u00edculo 2.<\/b> Se estima la cuant\u00eda de los recursos de la Subcuenta de Solidaridad del Fondo de Solidaridad y Garant\u00eda (Fosyga) para la vigencia fiscal de 2017 en la suma de cinco billones ciento treinta mil doscientos treinta y cuatro millones de pesos ($5.130.234.000.000) moneda legal.<\/font><\/p>\n<p style=\"margin-top: 0; margin-bottom: 0\" align=\"justify\">&nbsp;<\/p>\n<p style=\"margin-top: 0; margin-bottom: 0\" align=\"center\">&nbsp;<\/p>\n<p style=\"margin-top: 0; margin-bottom: 0\" align=\"center\"><font face=\"Verdana\" size=\"2\"><br \/><b>SEGUNDA PARTE<\/b><\/font><\/p>\n<p style=\"margin-top: 0; margin-bottom: 0\" align=\"justify\"><font face=\"Verdana\" size=\"2\"><br \/><b>Art\u00edculo 3. Presupuesto de gastos o ley de apropiaciones.<\/b> Apr\u00f3piese para atender los gastos de funcionamiento, inversi\u00f3n y servicio de la deuda p\u00fablica del Presupuesto General de la Naci\u00f3n durante la vigencia fiscal del 1 de enero al 31 de diciembre de 2017 una suma por valor de doscientos veinticuatro billones cuatrocientos veinti\u00fan mil seiscientos setenta y dos millones trescientos doce mil seiscientos noventa y siete pesos ($224,421,672,312,697) moneda legal, seg\u00fan el detalle que se encuentra a continuaci\u00f3n:<\/font><\/p>\n<p style=\"margin-top: 0; margin-bottom: 0\" align=\"justify\">&nbsp;<\/p>\n<p style=\"margin-top: 0; margin-bottom: 0\" align=\"justify\"><b><font face=\"Verdana\" size=\"2\"><a hrefx=\"1815.pdf\">Anexo<\/a><\/font><\/b><\/p>\n<p style=\"margin-top: 0; margin-bottom: 0\" align=\"justify\">&nbsp;<\/p>\n<p style=\"margin-top: 0; margin-bottom: 0\" align=\"justify\">&nbsp;<\/p>\n<p style=\"margin-top: 0; margin-bottom: 0\" align=\"center\"><font face=\"Verdana\" size=\"2\"><b>TERCERA PARTE DISPOSICIONES GENERALES<\/font><\/p>\n<p style=\"margin-top: 0; margin-bottom: 0\" align=\"center\">&nbsp;<\/p>\n<p style=\"margin-top: 0; margin-bottom: 0\" align=\"justify\"><font face=\"Verdana\" size=\"2\"><b><br \/>Art\u00edculo 4.<\/b> Las disposiciones generales de la presente ley son complementarias de las Leyes 38 de 1989, 179 de 1994, 225 de 1995, 819 de 2003, 1473 de 2011 y 1508 de 2012 y dem\u00e1s normas de car\u00e1cter org\u00e1nico y deben aplicarse en armon\u00eda con estas.<\/font><\/p>\n<p style=\"margin-top: 0; margin-bottom: 0\" align=\"justify\"><font face=\"Verdana\" size=\"2\"><br \/>Estas normas rigen para los \u00f3rganos que conforman el Presupuesto General de la Naci\u00f3n, y para los recursos de la Naci\u00f3n asignados a las Empresas Industriales y Comerciales del Estado y a las Sociedades de Econom\u00eda Mixta con el r\u00e9gimen de aquellas.<\/font><\/p>\n<p style=\"margin-top: 0; margin-bottom: 0\" align=\"justify\"><font face=\"Verdana\" size=\"2\"><br \/>Los fondos sin personer\u00eda jur\u00eddica deben ser creados por ley o por su autorizaci\u00f3n expresa y estar\u00e1n sujetos a las normas y procedimientos establecidos en la Constituci\u00f3n Pol\u00edtica, el Estatuto Org\u00e1nico del Presupuesto, la presente ley y las dem\u00e1s normas que reglamenten los \u00f3rganos a los cuales pertenecen.<\/font><\/p>\n<p style=\"margin-top: 0; margin-bottom: 0\" align=\"justify\">&nbsp;<\/p>\n<p style=\"margin-top: 0; margin-bottom: 0\" align=\"center\"><font face=\"Verdana\" size=\"2\"><b><br \/>CAP\u00cdTULO I De las rentas y recursos<\/font><\/p>\n<p style=\"margin-top: 0; margin-bottom: 0\" align=\"justify\">&nbsp;<\/p>\n<p style=\"margin-top: 0; margin-bottom: 0\" align=\"justify\"><font face=\"Verdana\" size=\"2\"><b><br \/>Art\u00edculo 5. <\/b>La Direcci\u00f3n General de Cr\u00e9dito P\u00fablico y Tesoro Nacional del Ministerio de Hacienda y Cr\u00e9dito P\u00fablico informar\u00e1 a los diferentes \u00f3rganos las fechas de perfeccionamiento y desembolso de los recursos del cr\u00e9dito interno y externo de la Naci\u00f3n. Los establecimientos p\u00fablicos del orden nacional reportar\u00e1n a la referida Direcci\u00f3n el monto y las fechas de los recursos de cr\u00e9dito externo e interno contratados directamente.<\/font><\/p>\n<p style=\"margin-top: 0; margin-bottom: 0\" align=\"justify\"><font face=\"Verdana\" size=\"2\"><br \/>La Direcci\u00f3n General de Cr\u00e9dito P\u00fablico y Tesoro Nacional del Ministerio de Hacienda y Cr\u00e9dito P\u00fablico conceptuar\u00e1 previamente sobre las solicitudes de modificaci\u00f3n a fuentes de financiaci\u00f3n cuando se trate de recursos de cr\u00e9dito de las diferentes apropiaciones que se detallen en el anexo del decreto de liquidaci\u00f3n, siempre y cuando no modifiquen los montos aprobados por el Congreso de la Rep\u00fablica en la ley anual.<\/font><\/p>\n<p style=\"margin-top: 0; margin-bottom: 0\" align=\"justify\">&nbsp;<\/p>\n<p style=\"margin-top: 0; margin-bottom: 0\" align=\"justify\"><font face=\"Verdana\" size=\"2\"><b><br \/>Art\u00edculo 6. <\/b>El Gobierno nacional a trav\u00e9s de la Direcci\u00f3n General de Cr\u00e9dito P\u00fablico y Tesoro Nacional del Ministerio de Hacienda y Cr\u00e9dito P\u00fablico podr\u00e1 realizar sustituciones en el portafolio de inversiones con entidades descentralizadas, sin efectuar operaci\u00f3n presupuestal alguna, de conformidad con las normas legales vigentes.<\/font><\/p>\n<p style=\"margin-top: 0; margin-bottom: 0\" align=\"justify\">&nbsp;<\/p>\n<p style=\"margin-top: 0; margin-bottom: 0\" align=\"justify\"><font face=\"Verdana\" size=\"2\"><b><br \/>Art\u00edculo 7. <\/b>Los ingresos corrientes de la Naci\u00f3n y aquellas contribuciones y recursos que en las normas legales no se haya autorizado su recaudo y manejo a otro \u00f3rgano, deben consignarse en la Direcci\u00f3n General de Cr\u00e9dito P\u00fablico y Tesoro Nacional del Ministerio de Hacienda y Cr\u00e9dito P\u00fablico.<\/font><\/p>\n<p style=\"margin-top: 0; margin-bottom: 0\" align=\"justify\"><font face=\"Verdana\" size=\"2\"><br \/>Las entidades estatales del orden nacional que no hagan parte del Sistema de Cuenta \u00danica Nacional podr\u00e1n delegar en la Direcci\u00f3n General de Cr\u00e9dito P\u00fablico y Tesoro Nacional la administraci\u00f3n de sus excedentes de liquidez, para lo cual suscribir\u00e1n directamente con la Direcci\u00f3n General de Cr\u00e9dito P\u00fablico y Tesoro Nacional los acuerdos a que haya lugar.<\/font><\/p>\n<p style=\"margin-top: 0; margin-bottom: 0\" align=\"justify\"><font face=\"Verdana\" size=\"2\"><br \/>Las superintendencias que no sean una secci\u00f3n presupuestal deben consignar mensualmente, en la Direcci\u00f3n General de Cr\u00e9dito P\u00fablico y Tesoro Nacional del Ministerio de Hacienda y Cr\u00e9dito P\u00fablico el valor de las contribuciones establecidas en la ley.<\/font><\/p>\n<p style=\"margin-top: 0; margin-bottom: 0\" align=\"justify\">&nbsp;<\/p>\n<p style=\"margin-top: 0; margin-bottom: 0\" align=\"justify\"><font face=\"Verdana\" size=\"2\"><b><br \/>Art\u00edculo 8. <\/b>El Ministerio de Hacienda y Cr\u00e9dito P\u00fablico a trav\u00e9s de la Direcci\u00f3n General de Cr\u00e9dito P\u00fablico y Tesoro Nacional fijar\u00e1 los criterios t\u00e9cnicos y las condiciones para el manejo de los excedentes de liquidez del Tesoro Nacional acorde con los objetivos monetarios, cambiarios y de tasa de inter\u00e9s a corto y largo plazo.<\/font><\/p>\n<p style=\"margin-top: 0; margin-bottom: 0\" align=\"justify\">&nbsp;<\/p>\n<p style=\"margin-top: 0; margin-bottom: 0\" align=\"justify\"><font face=\"Verdana\" size=\"2\"><b><br \/>Art\u00edculo 9. <\/b>El Gobierno nacional podr\u00e1 emitir t\u00edtulos de Tesorer\u00eda, TES, Clase \u201cB\u201d, con base en la facultad de la Ley 51 de 1990 de acuerdo con las siguientes reglas: no contar\u00e1n con la garant\u00eda solidaria del Banco de la Rep\u00fablica; el estimativo de los ingresos producto de su colocaci\u00f3n se incluir\u00e1 en el Presupuesto General de la Naci\u00f3n como recursos de capital, con excepci\u00f3n de los provenientes de la colocaci\u00f3n de t\u00edtulos para operaciones temporales de tesorer\u00eda y los que se emitan para regular la liquidez de la econom\u00eda; sus rendimientos se atender\u00e1n con cargo al Presupuesto General de la Naci\u00f3n con excepci\u00f3n de los que se emitan para regular la liquidez de la econom\u00eda; su redenci\u00f3n se atender\u00e1 con cargo a los recursos del Presupuesto General de la Naci\u00f3n, con excepci\u00f3n de las operaciones temporales de tesorer\u00eda, y los que se emitan para regular la liquidez de la econom\u00eda; podr\u00e1n ser administrados directamente por la Naci\u00f3n; podr\u00e1n ser denominados en moneda extranjera; su emisi\u00f3n solo requerir\u00e1 del decreto que la autorice, fije el monto y sus condiciones financieras; la emisi\u00f3n destinada a financiar las apropiaciones presupuestales estar\u00e1 limitada por el monto de estas; su emisi\u00f3n no afectar\u00e1 el cupo de endeudamiento.<\/font><\/p>\n<p style=\"margin-top: 0; margin-bottom: 0\" align=\"justify\">&nbsp;<\/p>\n<p style=\"margin-top: 0; margin-bottom: 0\" align=\"justify\"><font face=\"Verdana\" size=\"2\"><b><br \/>Art\u00edculo 10. <\/b>Los rendimientos financieros originados con recursos de la Naci\u00f3n, deben consignarse en la Direcci\u00f3n General de Cr\u00e9dito P\u00fablico y Tesoro Nacional del Ministerio de Hacienda y Cr\u00e9dito P\u00fablico, con excepci\u00f3n de aquellos rendimientos originados por patrimonios aut\u00f3nomos que la ley haya autorizado.<\/font><\/p>\n<p style=\"margin-top: 0; margin-bottom: 0\" align=\"justify\"><font face=\"Verdana\" size=\"2\"><br \/>La reglamentaci\u00f3n expedida por el Gobierno nacional para efectos de la periodicidad, metodolog\u00eda de c\u00e1lculo, forma de liquidaci\u00f3n y traslado de dichos rendimientos, continuar\u00e1 vigente durante el t\u00e9rmino de esta ley.<\/font><\/p>\n<p style=\"margin-top: 0; margin-bottom: 0\" align=\"justify\"><font face=\"Verdana\" size=\"2\"><br \/>Par\u00e1grafo. Los rendimientos financieros originados en recursos Naci\u00f3n de los Fondos Especiales Sin Situaci\u00f3n de Fondos que a 31 de diciembre de 2016 no hayan sido incorporados presupuestamente, har\u00e1n parte de los Rendimientos Financieros de la Naci\u00f3n. Para el efecto, la Direcci\u00f3n General de Cr\u00e9dito P\u00fablico y Tesoro Nacional establecer\u00e1 el procedimiento para su incorporaci\u00f3n.<\/font><\/p>\n<p style=\"margin-top: 0; margin-bottom: 0\" align=\"justify\">&nbsp;<\/p>\n<p style=\"margin-top: 0; margin-bottom: 0\" align=\"justify\"><font face=\"Verdana\" size=\"2\"><b><br \/>Art\u00edculo 11. <\/b>Fac\u00faltese a la Direcci\u00f3n General de Cr\u00e9dito P\u00fablico y Tesoro Nacional del Ministerio de Hacienda y Cr\u00e9dito P\u00fablico paraque realice en moneda nacional o extranjera las siguientes operaciones: compra y venta de t\u00edtulos valores emitidos por la Naci\u00f3n, el Banco de la Rep\u00fablica, Fondo de Garant\u00edas de Instituciones Financieras (Fogaf\u00edn), entidades sujetas al control y vigilancia de la Superintendencia Financiera de Colombia y otros gobiernos y tesorer\u00edas; compra de deuda de la Naci\u00f3n; compras con pacto de retroventa con entidades p\u00fablicas y con entidades financieras sujetas al control y vigilancia de la Superintendencia Financiera de Colombia, dentro de los cupos que autorice el Ministro de Hacienda y Cr\u00e9dito P\u00fablico; dep\u00f3sitos remunerados e inversiones financieras en entidades sujetas al control y vigilancia de la Superintendencia Financiera de Colombia; dep\u00f3sitos a t\u00e9rmino y compras de t\u00edtulos emitidos por entidades bancarias y financieras del exterior; inversiones en instrumentos del mercado monetario administrados por entidades&nbsp; financieras del exterior, operaciones de cubrimiento de riesgos; y las dem\u00e1s que autorice el Gobierno nacional; as\u00ed mismo, pr\u00e9stamos transitorios a la Direcci\u00f3n General de Cr\u00e9dito P\u00fablico y Tesoro Nacional del Ministerio de Hacienda y Cr\u00e9dito P\u00fablico, reconociendo tasa de mercado durante el per\u00edodo de utilizaci\u00f3n, evento que no implica unidad de caja; y pr\u00e9stamos de t\u00edtulos valores a la citada Direcci\u00f3n a tasas de mercado.<\/font><\/p>\n<p style=\"margin-top: 0; margin-bottom: 0\" align=\"justify\"><font face=\"Verdana\" size=\"2\"><b><br \/>Art\u00edculo 12. <\/b>La liquidaci\u00f3n de los excedentes financieros de que trata el Estatuto Org\u00e1nico del Presupuesto, que se efect\u00faen en la vigencia de la presente ley, se har\u00e1 con base en una proyecci\u00f3n de los ingresos y de los gastos para la vigencia siguiente a la de corte de los Estados Financieros, en donde se incluyen adem\u00e1s las cuentas por cobrar y por pagar exigibles no presupuestadas, las reservas presupuestales, as\u00ed como la disponibilidad inicial (caja, bancos e inversiones).<\/font><\/p>\n<p style=\"margin-top: 0; margin-bottom: 0\" align=\"justify\">&nbsp;<\/p>\n<p style=\"margin-top: 0; margin-bottom: 0\" align=\"justify\"><font face=\"Verdana\" size=\"2\"><b><br \/>Art\u00edculo 13. <\/b>Los t\u00edtulos que se emitan para efectuar Transferencia Temporal de Valores en los t\u00e9rminos del art\u00edculo 146 de la Ley 1753 de 2015, solo requerir\u00e1n del decreto que lo autorice, fije el monto y sus condiciones financieras. Su redenci\u00f3n y dem\u00e1s valores asociados, se atender\u00e1n con el producto de la operaci\u00f3n de transferencia y no requerir\u00e1n de operaci\u00f3n presupuestal alguna Art\u00edculo 14. A m\u00e1s tardar el 20 de enero de 2017, los \u00f3rganos que conforman el Presupuesto General de la Naci\u00f3n deben realizar la imputaci\u00f3n por concepto de ingresos a que corresponden los registros detallados de recaudos de su gesti\u00f3n financiera p\u00fablica a 31 de diciembre del a\u00f1o anterior en el Sistema Integrado de Informaci\u00f3n Financiera &#8211; SIIF Naci\u00f3n.<\/font><\/p>\n<p style=\"margin-top: 0; margin-bottom: 0\" align=\"justify\">&nbsp;<\/p>\n<p style=\"margin-top: 0; margin-bottom: 0\" align=\"center\"><font face=\"Verdana\" size=\"2\"><br \/><b>CAP\u00cdTULO II<\/b><br \/>De los gastos<\/font><\/p>\n<p style=\"margin-top: 0; margin-bottom: 0\" align=\"justify\">&nbsp;<\/p>\n<p style=\"margin-top: 0; margin-bottom: 0\" align=\"justify\"><font face=\"Verdana\" size=\"2\"><br \/><b>Art\u00edculo 15. <\/b>Las afectaciones al presupuesto se har\u00e1n teniendo en cuenta la prestaci\u00f3n principal originada en los compromisos que se adquieran y con cargo a este rubro se cubrir\u00e1n los dem\u00e1s costos inherentes o accesorios.<\/font><\/p>\n<p style=\"margin-top: 0; margin-bottom: 0\" align=\"justify\"><font face=\"Verdana\" size=\"2\"><br \/>Con cargo a las apropiaciones de cada rubro presupuestal, que sean afectadas con los compromisos iniciales, se atender\u00e1n las obligaciones derivadas de estos compromisos, tales como los costos imprevistos, ajustes y revisi\u00f3n de valores e intereses moratorios, grav\u00e1menes a los movimientos financieros y gastos de nacionalizaci\u00f3n.<\/font><\/p>\n<p style=\"margin-top: 0; margin-bottom: 0\" align=\"justify\">&nbsp;<\/p>\n<p style=\"margin-top: 0; margin-bottom: 0\" align=\"justify\"><font face=\"Verdana\" size=\"2\"><br \/><b>Art\u00edculo 16.<\/b> Proh\u00edbase tramitar actos administrativos u obligaciones que afecten el presupuesto de gastos cuando no re\u00fanan los requisitos legales o se configuren como hechos cumplidos. El representante legal y ordenador del gasto o en quienes estos hayan delegado, responder\u00e1n disciplinaria, fiscal y penalmente por incumplir lo establecido en esta norma.<\/font><\/p>\n<p style=\"margin-top: 0; margin-bottom: 0\" align=\"justify\">&nbsp;<\/p>\n<p style=\"margin-top: 0; margin-bottom: 0\" align=\"justify\"><font face=\"Verdana\" size=\"2\"><br \/><b>Art\u00edculo 17. Para proveer empleos vacantes se requerir\u00e1 el certificado de disponibilidad presupuestal por la vigencia fiscal de 2017.<\/b> Por medio de este, el jefe de presupuesto o quien haga sus veces garantizar\u00e1 la existencia de los recursos del 1\u00b0 de enero al 31 de diciembre de 2017, por todo concepto de gastos de personal, salvo que el nombramiento sea en reemplazo de un cargo provisto o creado durante la vigencia, para lo cual se deber\u00e1 expedir el certificado de disponibilidad presupuestal por lo que resta del a\u00f1o fiscal.<\/font><\/p>\n<p style=\"margin-top: 0; margin-bottom: 0\" align=\"justify\"><font face=\"Verdana\" size=\"2\"><br \/>Toda provisi\u00f3n de empleos de los servidores p\u00fablicos deber\u00e1 corresponder a los previstos en la planta de personal, incluyendo las vinculaciones de los trabajadores oficiales y tener previstos sus emolumentos de conformidad con el art\u00edculo 122 de la Constituci\u00f3n Pol\u00edtica.<\/font><\/p>\n<p style=\"margin-top: 0; margin-bottom: 0\" align=\"justify\"><font face=\"Verdana\" size=\"2\"><br \/>La vinculaci\u00f3n de supernumerarios, por per\u00edodos superiores a tres meses, deber\u00e1 ser autorizada mediante resoluci\u00f3n suscrita por el jefe del respectivo \u00f3rgano.<\/font><\/p>\n<p style=\"margin-top: 0; margin-bottom: 0\" align=\"justify\"><font face=\"Verdana\" size=\"2\"><br \/><b>Art\u00edculo 18. <\/b>La solicitud de modificaci\u00f3n a las plantas de personal requerir\u00e1 para su consideraci\u00f3n y tr\u00e1mite, por parte del Ministerio de Hacienda y Cr\u00e9dito P\u00fablico &#8211; Direcci\u00f3n General del Presupuesto P\u00fablico Nacional, los siguientes requisitos:<\/font><\/p>\n<p style=\"margin-top: 0; margin-bottom: 0\" align=\"justify\"><font face=\"Verdana\" size=\"2\"><br \/>1. Exposici\u00f3n de motivos.<br \/>2. Costos comparativos de las plantas vigente y propuesta.<br \/>3. Efectos sobre los gastos generales.<br \/>4. Concepto del Departamento Nacional de Planeaci\u00f3n si se afectan los gastos de inversi\u00f3n y,<br \/>5. Los dem\u00e1s que la Direcci\u00f3n General del Presupuesto P\u00fablico Nacional considere pertinentes.<\/font><\/p>\n<p style=\"margin-top: 0; margin-bottom: 0\" align=\"justify\"><font face=\"Verdana\" size=\"2\"><br \/>El Departamento Administrativo de la Funci\u00f3n P\u00fablica aprobar\u00e1 las propuestas de modificaciones a las plantas de personal, cuando hayan obtenido concepto o viabilidad presupuestal del Ministerio de Hacienda y Cr\u00e9dito P\u00fablico &#8211; Direcci\u00f3n General del Presupuesto P\u00fablico Nacional.<\/font><\/p>\n<p style=\"margin-top: 0; margin-bottom: 0\" align=\"justify\">&nbsp;<\/p>\n<p style=\"margin-top: 0; margin-bottom: 0\" align=\"justify\"><font face=\"Verdana\" size=\"2\"><br \/><b>Art\u00edculo 19.<\/b> Los recursos destinados a programas de capacitaci\u00f3n y bienestar social no pueden tener por objeto crear o incrementar salarios, bonificaciones, sobresueldos, primas, prestaciones sociales, remuneraciones extralegales o est\u00edmulos pecuniarios ocasionales que la ley no haya establecido para los servidores p\u00fablicos, ni servir para otorgar beneficios directos en dinero o en especie.<\/font><\/p>\n<p style=\"margin-top: 0; margin-bottom: 0\" align=\"justify\"><font face=\"Verdana\" size=\"2\"><br \/>Los programas de capacitaci\u00f3n podr\u00e1n comprender matr\u00edculas de los funcionarios, que se girar\u00e1n directamente a los establecimientos educativos, salvo lo previsto por el art\u00edculo 114 de la Ley 30 de 1992, modificado por el art\u00edculo 27 de la Ley 1450 de 2011. Su otorgamiento se har\u00e1 en virtud de la reglamentaci\u00f3n interna del \u00f3rgano respectivo.<\/font><\/p>\n<p style=\"margin-top: 0; margin-bottom: 0\" align=\"justify\">&nbsp;<\/p>\n<p style=\"margin-top: 0; margin-bottom: 0\" align=\"justify\"><font face=\"Verdana\" size=\"2\"><br \/><b>Art\u00edculo 20. <\/b>La constituci\u00f3n y funcionamiento de las cajas menores en los \u00f3rganos que conforman el Presupuesto General de la Naci\u00f3n, y en las entidades nacionales con r\u00e9gimen presupuestal de Empresas Industriales y Comerciales del Estado con car\u00e1cter no financiero, respecto de los recursos que le asigna la Naci\u00f3n, se rigen por el Decreto 1068 de 2015 y dem\u00e1s normas que lo modifiquen o adicionen.<\/font><\/p>\n<p style=\"margin-top: 0; margin-bottom: 0\" align=\"justify\">&nbsp;<\/p>\n<p style=\"margin-top: 0; margin-bottom: 0\" align=\"justify\"><font face=\"Verdana\" size=\"2\"><br \/><b>Art\u00edculo 21. <\/b>Se podr\u00e1n hacer distribuciones en el presupuesto de ingresos y gastos, sin cambiar su destinaci\u00f3n, mediante resoluci\u00f3n suscrita por el jefe del respectivo \u00f3rgano. En el caso de los establecimientos p\u00fablicos del orden nacional, estas distribuciones se har\u00e1n por resoluci\u00f3n o acuerdo de las juntas o consejos directivos. Si no existen juntas o consejos directivos, lo har\u00e1 el representante legal de estos.<\/font><\/p>\n<p style=\"margin-top: 0; margin-bottom: 0\" align=\"justify\"><font face=\"Verdana\" size=\"2\"><br \/>Las operaciones presupuestales contenidas en los mencionados actos administrativos, se someter\u00e1n a la aprobaci\u00f3n del Ministerio de Hacienda y Cr\u00e9dito P\u00fablico &#8211; Direcci\u00f3n General del Presupuesto P\u00fablico Nacional, y trat\u00e1ndose de gastos de inversi\u00f3n, requerir\u00e1n el concepto previo favorable del Departamento Nacional de Planeaci\u00f3n &#8211; Direcci\u00f3n de Inversiones y Finanzas P\u00fablicas.<\/font><\/p>\n<p style=\"margin-top: 0; margin-bottom: 0\" align=\"justify\"><font face=\"Verdana\" size=\"2\"><br \/>Los jefes de los \u00f3rganos responder\u00e1n por la legalidad de los actos en menci\u00f3n.<\/font><\/p>\n<p style=\"margin-top: 0; margin-bottom: 0\" align=\"justify\"><font face=\"Verdana\" size=\"2\"><br \/>A fin de evitar duplicaciones en los casos en los cuales la distribuci\u00f3n afecte el presupuesto de otro \u00f3rgano que haga parte del Presupuesto General de la Naci\u00f3n, el mismo acto administrativo servir\u00e1 de base para realizar los ajustes correspondientes en el \u00f3rgano que distribuye e incorporar las del \u00f3rgano receptor.<\/font><\/p>\n<p style=\"margin-top: 0; margin-bottom: 0\" align=\"justify\"><font face=\"Verdana\" size=\"2\"><br \/>La ejecuci\u00f3n presupuestal de estas deber\u00e1 efectuarse por parte de los \u00f3rganos receptores en la misma vigencia de la distribuci\u00f3n.<\/font><\/p>\n<p style=\"margin-top: 0; margin-bottom: 0\" align=\"justify\"><font face=\"Verdana\" size=\"2\"><br \/>Trat\u00e1ndose de gastos de inversi\u00f3n, la operaci\u00f3n presupuestal descrita, en el \u00f3rgano receptor se clasificar\u00e1 en el programa y subprograma a ejecutar que corresponda, sin que en ning\u00fan caso se cambie la destinaci\u00f3n ni la cuant\u00eda.<\/font><\/p>\n<p style=\"margin-top: 0; margin-bottom: 0\" align=\"justify\"><font face=\"Verdana\" size=\"2\"><br \/>El jefe del \u00f3rgano&nbsp; o en quien este haya delegado la ordenaci\u00f3n del gasto podr\u00e1 efectuar a nivel del decreto de liquidaci\u00f3n asignaciones internas de apropiaciones en sus dependencias, seccionales o regionales a fin de facilitar su manejo operativo y de gesti\u00f3n, sin que las mismas impliquen cambiar su destinaci\u00f3n. Estas asignaciones para su validez no requerir\u00e1n aprobaci\u00f3n del Ministerio de Hacienda y Cr\u00e9dito P\u00fablico &#8211; Direcci\u00f3n General del Presupuesto P\u00fablico Nacional ni del previo concepto favorable por parte del Departamento Nacional de Planeaci\u00f3n &#8211; Direcci\u00f3n de Inversiones y Finanzas P\u00fablicas trat\u00e1ndose de gastos de inversi\u00f3n.<\/font><\/p>\n<p style=\"margin-top: 0; margin-bottom: 0\" align=\"justify\">&nbsp;<\/p>\n<p style=\"margin-top: 0; margin-bottom: 0\" align=\"justify\"><font face=\"Verdana\" size=\"2\"><br \/><b>Art\u00edculo 22. <\/b>Los \u00f3rganos de que trata el art\u00edculo 4 de la presente ley podr\u00e1n pactar anticipos \u00fanicamente cuando cuenten con Programa Anual Mensualizado de Caja (PAC), aprobado.<\/font><\/p>\n<p style=\"margin-top: 0; margin-bottom: 0\" align=\"justify\">&nbsp;<\/p>\n<p style=\"margin-top: 0; margin-bottom: 0\" align=\"justify\"><font face=\"Verdana\" size=\"2\"><br \/><b>Art\u00edculo 23. El Gobierno nacional en el decreto de liquidaci\u00f3n clasificar\u00e1 los ingresos y gastos y definir\u00e1 estos \u00faltimos.<\/b> As\u00ed mismo, cuando las partidas se incorporen en numerales rent\u00edsticos, secciones, programas y subprogramas que no correspondan a su objeto o naturaleza, las ubicar\u00e1 en el sitio que corresponda.<\/font><\/p>\n<p style=\"margin-top: 0; margin-bottom: 0\" align=\"justify\"><font face=\"Verdana\" size=\"2\"><br \/>La Direcci\u00f3n General del Presupuesto P\u00fablico Nacional del Ministerio de Hacienda y Cr\u00e9dito P\u00fablico har\u00e1 mediante resoluci\u00f3n, las operaciones que en igual sentido se requieran durante el transcurso de la vigencia.<\/font><\/p>\n<p style=\"margin-top: 0; margin-bottom: 0\" align=\"justify\"><font face=\"Verdana\" size=\"2\"><br \/>Cuando se trate del presupuesto de gastos de inversi\u00f3n requerir\u00e1 el concepto previo favorable del Departamento Nacional de Planeaci\u00f3n -Direcci\u00f3n de Inversiones y Finanzas P\u00fablicas.<\/font><\/p>\n<p style=\"margin-top: 0; margin-bottom: 0\" align=\"justify\">&nbsp;<\/p>\n<p style=\"margin-top: 0; margin-bottom: 0\" align=\"justify\"><font face=\"Verdana\" size=\"2\"><br \/><b>Art\u00edculo 24.<\/b> El Ministerio de Hacienda y Cr\u00e9dito P\u00fablico &#8211; Direcci\u00f3n General del Presupuesto P\u00fablico Nacional, de oficio o a petici\u00f3n del jefe del \u00f3rgano respectivo, har\u00e1 por resoluci\u00f3n las aclaraciones y correcciones de leyenda necesarias para enmendar los errores de transcripci\u00f3n y aritm\u00e9ticos que figuren en el Presupuesto General de la Naci\u00f3n para la vigencia fiscal de 2017.<\/font><\/p>\n<p style=\"margin-top: 0; margin-bottom: 0\" align=\"justify\"><font face=\"Verdana\" size=\"2\"><br \/>Cuando se trate de aclaraciones y correcciones de leyenda del presupuesto de gastos de inversi\u00f3n, se requerir\u00e1 el concepto previo favorable del Departamento Nacional de Planeaci\u00f3n &#8211; Direcci\u00f3n de Inversiones y Finanzas P\u00fablicas.<\/font><\/p>\n<p style=\"margin-top: 0; margin-bottom: 0\" align=\"justify\">&nbsp;<\/p>\n<p style=\"margin-top: 0; margin-bottom: 0\" align=\"justify\"><font face=\"Verdana\" size=\"2\"><br \/><b>Art\u00edculo 25.<\/b> Los \u00f3rganos de que trata el art\u00edculo 4\u00b0 de la presente ley son los \u00fanicos responsables por el registro de su gesti\u00f3n financiera p\u00fablica en el Sistema Integrado de Informaci\u00f3n Financiera SIIF &#8211; Naci\u00f3n. No se requerir\u00e1 el env\u00edo de ninguna informaci\u00f3n a la Direcci\u00f3n General del Presupuesto P\u00fablico Nacional del Ministerio de Hacienda y Cr\u00e9dito P\u00fablico, que quede registrada en el Sistema Integrado de Informaci\u00f3n Financiera SIIF &#8211; Naci\u00f3n, salvo en aquellos casos en que esta de forma expresa lo solicite.<\/font><\/p>\n<p style=\"margin-top: 0; margin-bottom: 0\" align=\"justify\">&nbsp;<\/p>\n<p style=\"margin-top: 0; margin-bottom: 0\" align=\"justify\"><font face=\"Verdana\" size=\"2\"><br \/><b>Art\u00edculo 26.<\/b> Cuando los \u00f3rganos que hacen parte del Presupuesto General de la Naci\u00f3n celebren contratos entre s\u00ed, que afecten sus presupuestos, con excepci\u00f3n de los de cr\u00e9dito, har\u00e1n los ajustes mediante resoluciones del jefe del \u00f3rgano respectivo. En el caso de los establecimientos p\u00fablicos del orden nacional, las Superintendencias y Unidades Administrativas Especiales con personer\u00eda jur\u00eddica, as\u00ed como las se\u00f1aladas en el art\u00edculo 5\u00b0 del Estatuto Org\u00e1nico del Presupuesto, dichos ajustes deben realizarse por acuerdo o resoluci\u00f3n de las juntas o consejos directivos o el representante legal del \u00f3rgano, si no existen juntas o consejos directivos.<\/font><\/p>\n<p style=\"margin-top: 0; margin-bottom: 0\" align=\"justify\"><font face=\"Verdana\" size=\"2\"><br \/>Los actos administrativos a que se refiere el inciso anterior deber\u00e1n ser remitidos al Ministerio de Hacienda y Cr\u00e9dito P\u00fablico &#8211; Direcci\u00f3n General del Presupuesto P\u00fablico Nacional, acompa\u00f1ados del respectivo certificado en que se haga constar que se recaudar\u00e1n los recursos, expedido por el \u00f3rgano contratista y su justificaci\u00f3n econ\u00f3mica, para la aprobaci\u00f3n de las operaciones presupuestales en ellos contenidas, requisito sin el cual no podr\u00e1n ser ejecutados. De conformidad con el art\u00edculo 8\u00b0 de la Ley 819 de 2003, los recursos deber\u00e1n ser incorporados y ejecutados en la misma vigencia fiscal en la que se lleve a cabo la aprobaci\u00f3n.<\/font><\/p>\n<p style=\"margin-top: 0; margin-bottom: 0\" align=\"justify\"><font face=\"Verdana\" size=\"2\"><br \/>Cuando en los convenios se pacte pago anticipado y para el cumplimiento de su objeto el \u00f3rgano contratista requiera contratar con un tercero, solo podr\u00e1 solicitarse el giro efectivo de los recursos a la Direcci\u00f3n General de Cr\u00e9dito P\u00fablico y Tesoro Nacional una vez dicho \u00f3rgano adquiera el compromiso presupuestal y se encuentren cumplidos los requisitos que hagan exigible su pago a favor del beneficiario final.<\/font><\/p>\n<p style=\"margin-top: 0; margin-bottom: 0\" align=\"justify\"><font face=\"Verdana\" size=\"2\"><br \/>Trat\u00e1ndose de gastos de inversi\u00f3n, requerir\u00e1n el concepto previo favorable del Departamento Nacional de Planeaci\u00f3n &#8211; Direcci\u00f3n de Inversiones y Finanzas P\u00fablicas.<\/font><\/p>\n<p style=\"margin-top: 0; margin-bottom: 0\" align=\"justify\"><font face=\"Verdana\" size=\"2\"><br \/>Los jefes de los \u00f3rganos responder\u00e1n por la legalidad de los actos en menci\u00f3n.<\/font><\/p>\n<p style=\"margin-top: 0; margin-bottom: 0\" align=\"justify\">&nbsp;<\/p>\n<p style=\"margin-top: 0; margin-bottom: 0\" align=\"justify\">&nbsp;<\/p>\n<p style=\"margin-top: 0; margin-bottom: 0\" align=\"justify\">&nbsp;<\/p>\n<p style=\"margin-top: 0; margin-bottom: 0\" align=\"justify\"><font face=\"Verdana\" size=\"2\"><br \/><b>Art\u00edculo 27.<\/b> Salvo lo dispuesto por el art\u00edculo 47 de la Ley 1450 de 2011, ning\u00fan \u00f3rgano podr\u00e1 contraer compromisos que impliquen el pago de cuotas a organismos internacionales con cargo al Presupuesto General de la Naci\u00f3n, sin que exista la ley aprobatoria de tratados p\u00fablicos o que el Presidente de la Rep\u00fablica haya autorizado su aplicaci\u00f3n provisional en los t\u00e9rminos del art\u00edculo 224 de la Constituci\u00f3n Pol\u00edtica.<\/font><\/p>\n<p style=\"margin-top: 0; margin-bottom: 0\" align=\"justify\"><font face=\"Verdana\" size=\"2\"><br \/>Una vez cumplidos los requisitos del inciso anterior, previa autorizaci\u00f3n del Ministerio de Relaciones Exteriores, los establecimientos p\u00fablicos del orden nacional solo podr\u00e1n pagar con cargo a sus recursos propios las cuotas a dichos organismos.<\/font><\/p>\n<p style=\"margin-top: 0; margin-bottom: 0\" align=\"justify\"><font face=\"Verdana\" size=\"2\"><br \/>Los aportes y contribuciones de la Rep\u00fablica de Colombia a los organismos financieros internacionales se pagar\u00e1n con cargo al Presupuesto General de la Naci\u00f3n, salvo en aquellos casos en que los aportes se contabilicen como reservas internacionales, que ser\u00e1n pagados de conformidad con lo previsto en la Ley 31 de 1992 o aquellas que la modifiquen o adicionen.<\/font><\/p>\n<p style=\"margin-top: 0; margin-bottom: 0\" align=\"justify\"><font face=\"Verdana\" size=\"2\"><br \/>Los compromisos que se adquieran en el marco de tratados o convenios internacionales, de los cuales Colombia haga parte y cuya vinculaci\u00f3n haya sido aprobada por ley de la Rep\u00fablica, no requerir\u00e1n de autorizaci\u00f3n de vigencias futuras, no obstante se deber\u00e1 contar con aval fiscal previo por parte del Consejo Superior de Pol\u00edtica Fiscal (Confis).<\/font><\/p>\n<p style=\"margin-top: 0; margin-bottom: 0\" align=\"justify\">&nbsp;<\/p>\n<p style=\"margin-top: 0; margin-bottom: 0\" align=\"justify\"><font face=\"Verdana\" size=\"2\"><br \/><b>Art\u00edculo 28. <\/b>Los \u00f3rganos que conforman el Presupuesto General de la Naci\u00f3n deben reintegrar, dentro del primer trimestre de 2017, a la Direcci\u00f3n General de Cr\u00e9dito P\u00fablico y Tesoro Nacional del Ministerio de Hacienda y Cr\u00e9dito P\u00fablico los recursos de la Naci\u00f3n, y a sus tesorer\u00edas cuando correspondan a recursos propios, que no est\u00e9n amparando compromisos u obligaciones, y que correspondan a apropiaciones presupuestales de vigencias fiscales anteriores, incluidos sus rendimientos financieros, diferencial cambiario, y dem\u00e1s r\u00e9ditos originados en aquellos, con el soporte correspondiente.<\/font><\/p>\n<p style=\"margin-top: 0; margin-bottom: 0\" align=\"justify\"><font face=\"Verdana\" size=\"2\"><br \/>La presente disposici\u00f3n tambi\u00e9n se aplica a los recursos de convenios celebrados con organismos internacionales, incluyendo los de contrapartida.<\/font><\/p>\n<p style=\"margin-top: 0; margin-bottom: 0\" align=\"justify\">&nbsp;<\/p>\n<p style=\"margin-top: 0; margin-bottom: 0\" align=\"justify\"><font face=\"Verdana\" size=\"2\"><br \/><b>Art\u00edculo 29. <\/b>Cuando exista apropiaci\u00f3n presupuestal en el servicio de la deuda p\u00fablica podr\u00e1n efectuarse anticipos en el pago de operaciones de cr\u00e9dito p\u00fablico. Igualmente podr\u00e1n atenderse con cargo a la vigencia en curso las obligaciones del servicio de la deuda p\u00fablica correspondiente al mes de enero de 2018.<\/font><\/p>\n<p style=\"margin-top: 0; margin-bottom: 0\" align=\"justify\">&nbsp;<\/p>\n<p style=\"margin-top: 0; margin-bottom: 0\" align=\"justify\"><font face=\"Verdana\" size=\"2\"><br \/><b>Art\u00edculo 30. <\/b>La representaci\u00f3n legal y la ordenaci\u00f3n del gasto del servicio de la deuda est\u00e1n a cargo del Ministro de Hacienda y Cr\u00e9dito P\u00fablico o de quien este delegue, seg\u00fan las disposiciones de la Ley Org\u00e1nica del Presupuesto.<\/font><\/p>\n<p style=\"margin-top: 0; margin-bottom: 0\" align=\"justify\">&nbsp;<\/p>\n<p style=\"margin-top: 0; margin-bottom: 0\" align=\"justify\"><font face=\"Verdana\" size=\"2\"><br \/><b>Art\u00edculo 31.<\/b> Los gastos que sean necesarios para la administraci\u00f3n, consecuci\u00f3n y servicio de las operaciones de cr\u00e9dito p\u00fablico, las asimiladas a ellas, las propias del manejo de la deuda incluyendo las operaciones de tesorer\u00eda del Tesoro Nacional, las operaciones conexas y las dem\u00e1s relacionadas con los recursos del cr\u00e9dito ser\u00e1n atendidos con cargo a las apropiaciones del servicio de la deuda p\u00fablica.<\/font><\/p>\n<p style=\"margin-top: 0; margin-bottom: 0\" align=\"justify\"><font face=\"Verdana\" size=\"2\"><br \/>Las operaciones conexas a las operaciones relacionadas con cr\u00e9dito p\u00fablico, as\u00ed como las operaciones de tesorer\u00eda, y los actos y contratos necesarios para la ejecuci\u00f3n de estas, podr\u00e1n ser atendidas con cargo a las apropiaciones del servicio de la deuda p\u00fablica.<\/font><\/p>\n<p style=\"margin-top: 0; margin-bottom: 0\" align=\"justify\"><font face=\"Verdana\" size=\"2\"><br \/>De conformidad con el art\u00edculo 46 del Estatuto Org\u00e1nico del Presupuesto, las p\u00e9rdidas del Banco de la Rep\u00fablica se atender\u00e1n mediante la emisi\u00f3n de bonos u otros t\u00edtulos de deuda p\u00fablica. Adicionalmente y conforme lo establece el par\u00e1grafo 3\u00b0 del art\u00edculo 167 de la Ley 1607 de 2012, para cubrir las obligaciones a cargo del Fondo de Estabilizaci\u00f3n de Precios a los Combustibles (FEPC), se podr\u00e1n atender mediante la emisi\u00f3n de bonos u otros t\u00edtulos de deuda p\u00fablica.<\/font><\/p>\n<p style=\"margin-top: 0; margin-bottom: 0\" align=\"justify\"><font face=\"Verdana\" size=\"2\"><br \/>En contrapartida de las obligaciones a cargo del Fondo de Estabilizaci\u00f3n de Precios a los Combustibles (FEPC), atendidas mediante la emisi\u00f3n de bonos u otros t\u00edtulos de deuda p\u00fablica, la Naci\u00f3n constituir\u00e1 las respectivas cuentas por cobrar.<\/font><\/p>\n<p style=\"margin-top: 0; margin-bottom: 0\" align=\"justify\"><font face=\"Verdana\" size=\"2\"><br \/>La emisi\u00f3n de los bonos o t\u00edtulos de que trata el presente art\u00edculo se realizar\u00e1 en condiciones de mercado, no implicar\u00e1 operaci\u00f3n presupuestal alguna y solo debe presupuestarse para efectos de su redenci\u00f3n.<\/font><\/p>\n<p style=\"margin-top: 0; margin-bottom: 0\" align=\"justify\"><font face=\"Verdana\" size=\"2\"><br \/>Par\u00e1grafo. El Fondo de Estabilizaci\u00f3n de que trata el presente art\u00edculo podr\u00e1 efectuar cruce de cuentas con otras entidades del Estado, respecto de derechos y obligaciones que rec\u00edprocamente tengan causadas. Al cierre de la vigencia fiscal se establecer\u00e1n los saldos definitivos que han de incorporarse en el Presupuesto General de la Naci\u00f3n de las siguientes vigencias fiscales si a ello hubiere lugar.<\/font><\/p>\n<p style=\"margin-top: 0; margin-bottom: 0\" align=\"justify\">&nbsp;<\/p>\n<p style=\"margin-top: 0; margin-bottom: 0\" align=\"center\"><font face=\"Verdana\" size=\"2\"><br \/><b>CAP\u00cdTULO III<\/b><br \/>De las reservas presupuestales y cuentas por pagar<\/font><\/p>\n<p style=\"margin-top: 0; margin-bottom: 0\" align=\"justify\">&nbsp;<\/p>\n<p style=\"margin-top: 0; margin-bottom: 0\" align=\"justify\"><font face=\"Verdana\" size=\"2\"><br \/><b>Art\u00edculo 32.<\/b> A trav\u00e9s del Sistema Integrado de Informaci\u00f3n Financiera SIIF &#8211; Naci\u00f3n se definir\u00e1 con corte a 31 de diciembre de 2016, las reservas presupuestales y cuentas por pagar de cada una de las secciones del Presupuesto General de la Naci\u00f3n.<\/font><\/p>\n<p style=\"margin-top: 0; margin-bottom: 0\" align=\"justify\"><font face=\"Verdana\" size=\"2\"><br \/>Como m\u00e1ximo, la constituci\u00f3n de las reservas presupuestales corresponder\u00e1 a la diferencia entre los compromisos y las obligaciones, y las cuentas por pagar por la diferencia entre las obligaciones y los pagos.<\/font><\/p>\n<p style=\"margin-top: 0; margin-bottom: 0\" align=\"justify\"><font face=\"Verdana\" size=\"2\"><br \/>Como quiera que el Sistema Integrado de Informaci\u00f3n Financiera SIIF &#8211; Naci\u00f3n refleja el detalle, la secuencia y el resultado de la informaci\u00f3n financiera p\u00fablica, registrada por las entidades y \u00f3rganos que conforman el Presupuesto General de la Naci\u00f3n, no se requiere el env\u00edo de ning\u00fan soporte f\u00edsico a la Direcci\u00f3n General del Presupuesto P\u00fablico Nacional, ni a la Direcci\u00f3n General de Cr\u00e9dito P\u00fablico y Tesoro Nacional, salvo que las mismas lo requieran.<\/font><\/p>\n<p style=\"margin-top: 0; margin-bottom: 0\" align=\"justify\">&nbsp;<\/p>\n<p style=\"margin-top: 0; margin-bottom: 0\" align=\"justify\">&nbsp;<\/p>\n<p style=\"margin-top: 0; margin-bottom: 0\" align=\"justify\"><font face=\"Verdana\" size=\"2\"><b>Art\u00edculo 33. <\/b>A m\u00e1s tardar el 20 de enero de 2017, los \u00f3rganos que conforman el Presupuesto General de la Naci\u00f3n constituir\u00e1n las reservas presupuestales y cuentas por pagar de la respectiva secci\u00f3n presupuestal correspondientes a la vigencia fiscal de 2016 de conformidad con los saldos registrados a 31 de diciembre de 2016 a trav\u00e9s del Sistema Integrado de Informaci\u00f3n Financiera SIIF \u2013 Naci\u00f3n.<\/font><\/p>\n<p style=\"margin-top: 0; margin-bottom: 0\" align=\"justify\"><font face=\"Verdana\" size=\"2\"><br \/>Cumplido el plazo para adelantar los ajustes a que hace menci\u00f3n el inciso anterior y constituidas en forma definitiva las reservas presupuestales y cuentas por pagar a trav\u00e9s del Sistema Integrado de Informaci\u00f3n Financiera SIIF \u2013 Naci\u00f3n, los dineros sobrantes de la Naci\u00f3n ser\u00e1n reintegrados por el ordenador del gasto y el funcionario de manejo del respectivo \u00f3rgano a la Direcci\u00f3n General de Cr\u00e9dito P\u00fablico y Tesoro Nacional del Ministerio de Hacienda y Cr\u00e9dito P\u00fablico, dentro de los primeros quince d\u00edas del mes de febrero de 2017.<\/font><\/p>\n<p style=\"margin-top: 0; margin-bottom: 0\" align=\"justify\"><font face=\"Verdana\" size=\"2\"><br \/>Las cuentas por pagar y las reservas presupuestales que no se hayan ejecutado a 31 de diciembre de 2017 expiran sin excepci\u00f3n. En consecuencia, los respectivos recursos de la Naci\u00f3n deben reintegrarse por el ordenador del gasto y el funcionario de manejo del respectivo \u00f3rgano a la Direcci\u00f3n General de Cr\u00e9dito P\u00fablico y Tesoro Nacional del Ministerio de Hacienda y Cr\u00e9dito P\u00fablico, dentro de los primeros diez d\u00edas del mes de enero de 2018.<\/font><\/p>\n<p style=\"margin-top: 0; margin-bottom: 0\" align=\"justify\"><font face=\"Verdana\" size=\"2\"><br \/>Par\u00e1grafo. Los \u00f3rganos que hacen parte del Presupuesto General de la Naci\u00f3n podr\u00e1n efectuar los ajustes a que haya lugar para la constituci\u00f3n de las reservas presupuestales y de las cuentas por pagar, sin que en ning\u00fan caso se puedan registrar nuevos compromisos.<\/font><\/p>\n<p style=\"margin-top: 0; margin-bottom: 0\" align=\"justify\">&nbsp;<\/p>\n<p style=\"margin-top: 0; margin-bottom: 0\" align=\"justify\"><font face=\"Verdana\" size=\"2\"><br \/><b>Art\u00edculo 34. <\/b>Las entidades que hacen parte del Presupuesto General de la Naci\u00f3n y que administran recursos para el pago de pensiones podr\u00e1n constituir reservas presupuestales o cuentas por pagar con los saldos de apropiaci\u00f3n que a 31 de diciembre se registren en el Sistema Integrado de Informaci\u00f3n Financiera SIIF &#8211; Naci\u00f3n para estos prop\u00f3sitos. Lo anterior se entender\u00e1 como una provisi\u00f3n para atender el pago oportuno del pasivo pensional a cargo de dichas entidades en la siguiente vigencia.<\/font><\/p>\n<p style=\"margin-top: 0; margin-bottom: 0\" align=\"justify\">&nbsp;<\/p>\n<p style=\"margin-top: 0; margin-bottom: 0\" align=\"justify\"><font face=\"Verdana\" size=\"2\"><br \/><b>Art\u00edculo 35.<\/b> En lo relacionado con las cuentas por pagar y las reservas presupuestales, el presupuesto inicial correspondiente a la vigencia fiscal de 2017 cumple con lo establecido en el art\u00edculo 31 de la Ley 344 de 1996 y el art\u00edculo 9\u00b0 de la Ley 225 de 1995.<\/font><\/p>\n<p style=\"margin-top: 0; margin-bottom: 0\" align=\"justify\">&nbsp;<\/p>\n<p style=\"margin-top: 0; margin-bottom: 0\" align=\"center\"><font face=\"Verdana\" size=\"2\"><b><br \/>CAP\u00cdTULO IV<\/b><br \/>De las vigencias futuras<\/font><\/p>\n<p style=\"margin-top: 0; margin-bottom: 0\" align=\"justify\">&nbsp;<\/p>\n<p style=\"margin-top: 0; margin-bottom: 0\" align=\"justify\"><font face=\"Verdana\" size=\"2\"><br \/><b>Art\u00edculo 36.<\/b> Las autorizaciones otorgadas por el Consejo Superior de Pol\u00edtica Fiscal -CONFIS, o quien este delegue para la asunci\u00f3n de obligaciones que afecten presupuestos de vigencias futuras deber\u00e1n respetar, en todo momento, las condiciones sobre las cuales se otorg\u00f3. Las entidades u \u00f3rganos que requieran modificar el plazo y\/o los cupos anuales de vigencias futuras autorizados por el Consejo Superior de Pol\u00edtica Fiscal (Confis), o quien este delegue requerir\u00e1n, de manera previa a la asunci\u00f3n de la respectiva obligaci\u00f3n o a la modificaci\u00f3n de las condiciones de la obligaci\u00f3n existente, de la reprogramaci\u00f3n de las vigencias futuras en donde se especifique el nuevo plazo y\/o cupos anuales autorizados.<\/font><\/p>\n<p style=\"margin-top: 0; margin-bottom: 0\" align=\"justify\"><font face=\"Verdana\" size=\"2\"><br \/>Cuando con posterioridad al otorgamiento de una autorizaci\u00f3n de vigencias futuras, la entidad u \u00f3rgano requiera la modificaci\u00f3n del objeto u objetos o el monto de la contraprestaci\u00f3n a su cargo, ser\u00e1 necesario adelantar ante el Consejo Superior de Pol\u00edtica Fiscal (Confis), o su delegado la solicitud de una nueva autorizaci\u00f3n de vigencias futuras que ampare las modificaciones o adiciones requeridas de manera previa a la asunci\u00f3n de la respectiva obligaci\u00f3n o a la modificaci\u00f3n de las condiciones de la obligaci\u00f3n existente.<\/font><\/p>\n<p style=\"margin-top: 0; margin-bottom: 0\" align=\"justify\"><font face=\"Verdana\" size=\"2\"><br \/>Par\u00e1grafo 1. Las modificaciones al monto de la contraprestaci\u00f3n a cargo de la entidad solicitante, que tengan origen exclusivamente en los ajustes financieros del monto y que no se encuentren asociados a la provisi\u00f3n de bienes o servicios adicionales a los previstos inicialmente, se tramitar\u00e1n como una reprogramaci\u00f3n de vigencias futuras.<\/font><\/p>\n<p style=\"margin-top: 0; margin-bottom: 0\" align=\"justify\"><font face=\"Verdana\" size=\"2\"><br \/>Par\u00e1grafo 2. Lo anterior sin perjuicio de que en caso de tratarse de nuevas vigencias futuras, se deber\u00e1 contar con el aval fiscal del Consejo Superior de Pol\u00edtica Fiscal (Confis), y declaratoria de importancia estrat\u00e9gica por parte del Consejo Nacional de Pol\u00edtica Econ\u00f3mica y Social (Conpes), en los casos en que las normas lo exijan.<\/font><\/p>\n<p style=\"margin-top: 0; margin-bottom: 0\" align=\"justify\">&nbsp;<\/p>\n<p style=\"margin-top: 0; margin-bottom: 0\" align=\"justify\"><font face=\"Verdana\" size=\"2\"><br \/><b>Art\u00edculo 37.<\/b> En las Empresas Industriales y Comerciales del Estado y en las Sociedades de Econom\u00eda Mixta sujetas al r\u00e9gimen de aquellas, los gastos relacionados con la adquisici\u00f3n de bienes y servicios necesarios para los procesos de producci\u00f3n, transformaci\u00f3n y comercializaci\u00f3n se clasificar\u00e1n como proyectos de inversi\u00f3n. Igual procedimiento se aplicar\u00e1 a las Empresas de servicios p\u00fablicos domiciliarios en cuyo capital la Naci\u00f3n o sus entidades descentralizadas posean el 90% o m\u00e1s.<\/font><\/p>\n<p style=\"margin-top: 0; margin-bottom: 0\" align=\"justify\">&nbsp;<\/p>\n<p style=\"margin-top: 0; margin-bottom: 0\" align=\"justify\"><font face=\"Verdana\" size=\"2\"><br \/><b>Art\u00edculo 38. <\/b>De conformidad con el art\u00edculo 26 del Estatuto Org\u00e1nico del Presupuesto, el Consejo Superior de Pol\u00edtica Fiscal (Confis), podr\u00e1 delegar mediante resoluci\u00f3n en las Juntas o Consejos directivos la autorizaci\u00f3n para aprobar vigencias futuras de las Empresas Industriales y Comerciales del Estado y de las Sociedades de Econom\u00eda Mixta sujetas al r\u00e9gimen de aquellas, incluidas las Empresas de servicios p\u00fablicos domiciliarios en cuyo capital la Naci\u00f3n o sus entidades descentralizadas posean el 90% o m\u00e1s.<\/font><\/p>\n<p style=\"margin-top: 0; margin-bottom: 0\" align=\"justify\">&nbsp;<\/p>\n<p style=\"margin-top: 0; margin-bottom: 0\" align=\"justify\"><font face=\"Verdana\" size=\"2\"><br \/><b>Art\u00edculo 39.<\/b> Los cupos anuales autorizados para asumir compromisos de vigencias futuras no utilizados a 31 de diciembre del a\u00f1o en que se concede la autorizaci\u00f3n caducan, salvo en los casos previstos en el inciso 2\u00b0 del art\u00edculo 8\u00b0 de la Ley 819 de 2003.<\/font><\/p>\n<p style=\"margin-top: 0; margin-bottom: 0\" align=\"justify\"><font face=\"Verdana\" size=\"2\"><br \/>Cuando no fuere posible adelantar en la vigencia fiscal correspondiente los ajustes presupuestales, a que se refiere el inciso 2\u00b0 del art\u00edculo 8\u00b0 de la Ley 819 de 2003, se requerir\u00e1 de la reprogramaci\u00f3n de los cupos anuales autorizados por parte de la autoridad que expidi\u00f3 la autorizaci\u00f3n inicial, con el fin de dar continuidad al proceso de selecci\u00f3n del contratista.<\/font><\/p>\n<p style=\"margin-top: 0; margin-bottom: 0\" align=\"justify\"><font face=\"Verdana\" size=\"2\"><br \/>Los registros en el Sistema Integrado de Informaci\u00f3n Financiera SIIF &#8211; Naci\u00f3n deber\u00e1n corresponder a los cupos efectivamente utilizados. <\/p>\n<p style=\"margin-top: 0; margin-bottom: 0\" align=\"justify\">&nbsp;<\/p>\n<p style=\"margin-top: 0; margin-bottom: 0\" align=\"justify\">&nbsp;<\/p>\n<p style=\"margin-top: 0; margin-bottom: 0\" align=\"center\"><font face=\"Verdana\" size=\"2\"><b>CAP\u00cdTULO V Disposiciones varias<\/font><\/p>\n<p style=\"margin-top: 0; margin-bottom: 0\" align=\"justify\">&nbsp;<\/p>\n<p style=\"margin-top: 0; margin-bottom: 0\" align=\"justify\">&nbsp;<\/p>\n<p style=\"margin-top: 0; margin-bottom: 0\" align=\"justify\"><font face=\"Verdana\" size=\"2\"><br \/><b>Art\u00edculo 40. <\/b>El servidor p\u00fablico que reciba una orden de embargo sobre los recursos incorporados en el Presupuesto General de la Naci\u00f3n, incluidas las transferencias que hace la Naci\u00f3n a las entidades territoriales, est\u00e1 obligado a efectuar los tr\u00e1mites correspondientes para solicitar su desembargo. Para este efecto, solicitar\u00e1 al jefe de la secci\u00f3n presupuestal donde se encuentren incorporados los recursos objeto de la medida cautelar la certificaci\u00f3n de inembargabilidad. Esta funci\u00f3n podr\u00e1 ser delegada en los t\u00e9rminos del art\u00edculo 110 del Estatuto Org\u00e1nico del Presupuesto.<\/font><\/p>\n<p style=\"margin-top: 0; margin-bottom: 0\" align=\"justify\"><font face=\"Verdana\" size=\"2\"><br \/>La solicitud debe indicar el tipo de proceso, las partes involucradas, el despacho judicial que profiri\u00f3 las medidas cautelares y el origen de los recursos que fueron embargados.<\/font><\/p>\n<p style=\"margin-top: 0; margin-bottom: 0\" align=\"justify\"><font face=\"Verdana\" size=\"2\"><br \/>Par\u00e1grafo. En los mismos t\u00e9rminos el representante legal de las entidades descentralizadas que administran recursos de la seguridad social certificar\u00e1 la inembargabilidad de estos recursos en los t\u00e9rminos previstos en el art\u00edculo 63 de la Constituci\u00f3n Pol\u00edtica en concordancia con el art\u00edculo 134 de la Ley 100 de 1993 y el art\u00edculo 25 de la Ley 1751 de 2015.<\/font><\/p>\n<p style=\"margin-top: 0; margin-bottom: 0\" align=\"justify\">&nbsp;<\/p>\n<p style=\"margin-top: 0; margin-bottom: 0\" align=\"justify\"><font face=\"Verdana\" size=\"2\"><br \/><b>Art\u00edculo 41. <\/b>Los \u00f3rganos a que se refiere el art\u00edculo 4\u00b0 de la presente ley pagar\u00e1n los fallos de tutela con cargo al rubro que corresponda a la naturaleza del negocio fallado, igualmente, los contratos de transacci\u00f3n se imputar\u00e1n con cargo al rubro afectado inicialmente con el respectivo compromiso.<\/font><\/p>\n<p style=\"margin-top: 0; margin-bottom: 0\" align=\"justify\"><font face=\"Verdana\" size=\"2\"><br \/>Para pagarlos, en primer lugar, se deben efectuar los traslados presupuestales requeridos, con cargo a los saldos de apropiaci\u00f3n disponibles durante la vigencia fiscal en curso.<\/font><\/p>\n<p style=\"margin-top: 0; margin-bottom: 0\" align=\"justify\"><font face=\"Verdana\" size=\"2\"><br \/>Los establecimientos p\u00fablicos deben atender las providencias que se profieran en su contra, en primer lugar con recursos propios realizando previamente las operaciones presupuestales a que haya lugar.<\/font><\/p>\n<p style=\"margin-top: 0; margin-bottom: 0\" align=\"justify\"><font face=\"Verdana\" size=\"2\"><br \/>Con cargo a las apropiaciones del rubro sentencias y conciliaciones, se podr\u00e1n pagar todos los gastos originados en los tribunales de arbitramento, as\u00ed como las cauciones o garant\u00edas bancarias o de compa\u00f1\u00eda de seguros que se requieran en procesos judiciales.<\/font><\/p>\n<p style=\"margin-top: 0; margin-bottom: 0\" align=\"justify\">&nbsp;<\/p>\n<p style=\"margin-top: 0; margin-bottom: 0\" align=\"justify\"><font face=\"Verdana\" size=\"2\"><br \/><b>Art\u00edculo 42.<\/b> La Fiscal\u00eda General de la Naci\u00f3n, la Polic\u00eda Nacional, el Ej\u00e9rcito Nacional, la Armada Nacional, la Fuerza A\u00e9rea y la Unidad Nacional de Protecci\u00f3n, deben cubrir con cargo a sus respectivos presupuestos, los gastos del personal vinculado a dichos \u00f3rganos y que conforman los Grupos de Acci\u00f3n Unificada por la Libertad Personal (Gaula), a que se refiere la Ley 282 de 1996.<\/font><\/p>\n<p style=\"margin-top: 0; margin-bottom: 0\" align=\"justify\"><font face=\"Verdana\" size=\"2\"><br \/>Par\u00e1grafo. La Unidad Nacional de Protecci\u00f3n o la Polic\u00eda Nacional deber\u00e1n cubrir, con cargo al rubro de vi\u00e1ticos y gastos de viaje de sus respectivos presupuestos, los gastos causados por los funcionarios que hayan sido asignados al Congreso de la Rep\u00fablica para prestar los servicios de protecci\u00f3n y seguridad personal a sus miembros o a esta Instituci\u00f3n.<\/font><\/p>\n<p style=\"margin-top: 0; margin-bottom: 0\" align=\"justify\">&nbsp;<\/p>\n<p style=\"margin-top: 0; margin-bottom: 0\" align=\"justify\"><font face=\"Verdana\" size=\"2\"><br \/><b>Art\u00edculo 43.<\/b> Las obligaciones por concepto de servicios m\u00e9dico asistenciales, servicios p\u00fablicos domiciliarios, gastos de operaci\u00f3n aduanera, comunicaciones, transporte y contribuciones inherentes a la n\u00f3mina, causados en el \u00faltimo bimestre de 2016, se pueden pagar con cargo a las apropiaciones de la vigencia fiscal de 2017.<\/font><\/p>\n<p style=\"margin-top: 0; margin-bottom: 0\" align=\"justify\"><font face=\"Verdana\" size=\"2\"><br \/>Las vacaciones, la prima de vacaciones, la indemnizaci\u00f3n a las mismas, la bonificaci\u00f3n por recreaci\u00f3n, las cesant\u00edas, las pensiones, gastos de inhumaci\u00f3n, los impuestos, la tarifa de control fiscal, y contribuciones a organismos internacionales, se pueden pagar con cargo al presupuesto vigente cualquiera que sea el a\u00f1o de su causaci\u00f3n. Los \u00f3rganos que hacen parte del Presupuesto General de la Naci\u00f3n podr\u00e1n pagar, con cargo al presupuesto vigente, las obligaciones recibidas de las entidades liquidadas que fueron causadas por las mismas, correspondientes a servicios p\u00fablicos domiciliarios y contribuciones inherentes a la n\u00f3mina, cualquiera que sea el a\u00f1o de su causaci\u00f3n, afectando el rubro que les dio origen.<\/font><\/p>\n<p style=\"margin-top: 0; margin-bottom: 0\" align=\"justify\">&nbsp;<\/p>\n<p style=\"margin-top: 0; margin-bottom: 0\" align=\"justify\"><font face=\"Verdana\" size=\"2\"><br \/><b>Art\u00edculo 44.<\/b> Autor\u00edzase a la Naci\u00f3n y sus entidades descentralizadas, para efectuar cruces de cuentas entre s\u00ed, con entidades territoriales y sus descentralizadas y con las empresas de servicios p\u00fablicos con participaci\u00f3n estatal, sobre las obligaciones que rec\u00edprocamente tengan causadas. Para estos efectos se requerir\u00e1 acuerdo previo entre las partes. Estas operaciones deben reflejarse en el presupuesto, conservando \u00fanicamente la destinaci\u00f3n para la cual fueron programadas las apropiaciones respectivas.<\/font><\/p>\n<p style=\"margin-top: 0; margin-bottom: 0\" align=\"justify\"><font face=\"Verdana\" size=\"2\"><br \/>En el caso de las obligaciones de origen legal que tenga la Naci\u00f3n y sus entidades descentralizadas para con otros \u00f3rganos p\u00fablicos, se deben tener en cuenta, para efectos de estas compensaciones, las transferencias y aportes, a cualquier t\u00edtulo, que las primeras hayan efectuado a las \u00faltimas en cualquier vigencia fiscal. Si quedare alg\u00fan saldo en contra de la Naci\u00f3n, esta podr\u00e1 sufragarlo a trav\u00e9s de t\u00edtulos de deuda p\u00fablica, sin que implique operaci\u00f3n presupuestal alguna. Cuando concurran las calidades de acreedor y deudor en una misma persona, como consecuencia de un proceso de liquidaci\u00f3n o privatizaci\u00f3n de \u00f3rganos nacionales de derecho p\u00fablico, se compensar\u00e1n las cuentas, sin operaci\u00f3n presupuestal alguna.<\/font><\/p>\n<p style=\"margin-top: 0; margin-bottom: 0\" align=\"justify\">&nbsp;<\/p>\n<p style=\"margin-top: 0; margin-bottom: 0\" align=\"justify\"><font face=\"Verdana\" size=\"2\"><br \/><b>Art\u00edculo 45. <\/b>La Naci\u00f3n podr\u00e1 emitir bonos en condiciones de mercado u otros t\u00edtulos de deuda p\u00fablica para pagar las obligaciones financieras a su cargo causadas o acumuladas, para sanear los pasivos correspondientes a las cesant\u00edas de las universidades estatales, a que se refiere el art\u00edculo 88 de la Ley 30 de 1992, del personal administrativo y docente no acogidos al nuevo r\u00e9gimen salarial. Igualmente, podr\u00e1 emitir bonos pensionales de que trata la Ley 100 de 1993, en particular para las universidades estatales.<\/font><\/p>\n<p style=\"margin-top: 0; margin-bottom: 0\" align=\"justify\"><font face=\"Verdana\" size=\"2\"><br \/>La Naci\u00f3n podr\u00e1 reconocer como deuda p\u00fablica las obligaciones a cargo de la Agencia Nacional de Infraestructura y del Instituto Nacional de V\u00edas, surgidas de los contratos de concesi\u00f3n por concepto de garant\u00edas de ingresos m\u00ednimos garantizados, sentencias, conciliaciones, hasta por doscientos cincuenta mil millones de pesos ($250.000.000.000); en estos casos ser\u00e1n reconocidas mediante la emisi\u00f3n de bonos u otros t\u00edtulos de deuda p\u00fablica en condiciones de mercado, para lo cual deber\u00e1 surtirse el procedimiento previsto en el art\u00edculo 29 de la Ley 344 de 1996 y sus normas reglamentarias, en lo pertinente.<\/font><\/p>\n<p style=\"margin-top: 0; margin-bottom: 0\" align=\"justify\"><font face=\"Verdana\" size=\"2\"><br \/>La responsabilidad por el pago de las obligaciones a que hace referencia el inciso anterior es de la Agencia Nacional de Infraestructura y del Instituto Nacional de V\u00edas, seg\u00fan corresponda.<\/font><\/p>\n<p style=\"margin-top: 0; margin-bottom: 0\" align=\"justify\"><font face=\"Verdana\" size=\"2\"><br \/>Par\u00e1grafo. La emisi\u00f3n de los bonos o t\u00edtulos de que trata el presente art\u00edculo no implica operaci\u00f3n presupuestal y solo debe presupuestarse para efectos de su redenci\u00f3n. El mismo procedimiento se aplicar\u00e1 a los bonos que se expidan en cumplimiento del art\u00edculo 29 de la Ley 344 de 1996. Las entidades del Presupuesto General de la Naci\u00f3n que utilicen este mecanismo solo proceder\u00e1n con los registros contables que sean del caso para extinguir dichas obligaciones en virtud de los acuerdos de pago que suscriban con el Ministerio de Hacienda y Cr\u00e9dito P\u00fablico.<\/font><\/p>\n<p style=\"margin-top: 0; margin-bottom: 0\" align=\"justify\">&nbsp;<\/p>\n<p style=\"margin-top: 0; margin-bottom: 0\" align=\"justify\"><font face=\"Verdana\" size=\"2\"><br \/><b>Art\u00edculo 46. <\/b>El porcentaje de la cesi\u00f3n del impuesto a las ventas asignado a las cajas departamentales de previsi\u00f3n y al Fondo de Prestaciones Sociales del Magisterio, con destino al pago de las cesant\u00edas definitivas y pensiones del personal docente nacionalizado, continuar\u00e1 pag\u00e1ndose tomando como base los convenios suscritos en virtud de lo dispuesto en la Ley 91 de 1989.<\/font><\/p>\n<p style=\"margin-top: 0; margin-bottom: 0\" align=\"justify\">&nbsp;<\/p>\n<p style=\"margin-top: 0; margin-bottom: 0\" align=\"justify\"><font face=\"Verdana\" size=\"2\"><br \/><b>Art\u00edculo 47. <\/b>La ejecuci\u00f3n de los recursos que se giran al Fondo Nacional de Pensiones de las Entidades Territoriales (Fonpet), con cargo al Presupuesto General de la Naci\u00f3n, se realizar\u00e1 por medio de resoluci\u00f3n expedida por el Ministerio de Hacienda y Cr\u00e9dito P\u00fablico, ordenando el giro de los recursos. Si no fuere posible realizar el giro de los recursos a las administradoras del Fondo, bastar\u00e1 para el mismo efecto, que por dicha resoluci\u00f3n se disponga la administraci\u00f3n de los mismos por parte de la Direcci\u00f3n General de Cr\u00e9dito P\u00fablico y Tesoro Nacional del Ministerio de Hacienda y Cr\u00e9dito P\u00fablico a trav\u00e9s de una cuenta especial, mientras los recursos puedan ser efectivamente entregados.<\/font><\/p>\n<p style=\"margin-top: 0; margin-bottom: 0\" align=\"justify\"><font face=\"Verdana\" size=\"2\"><br \/>Los recursos ser\u00e1n girados con la periodicidad que disponga el Gobierno nacional. En el evento en que los recursos no se hayan distribuido en su totalidad entre las entidades territoriales, los no distribuidos se podr\u00e1n girar a una cuenta del Fondo, administrada de la misma manera que los dem\u00e1s recursos del Fondo, como recursos por abonar a las cuentas correspondientes de las entidades territoriales.<\/font><\/p>\n<p style=\"margin-top: 0; margin-bottom: 0\" align=\"justify\"><font face=\"Verdana\" size=\"2\"><br \/>Para efectos de realizar la verificaci\u00f3n de las condiciones a las que hace referencia el par\u00e1grafo 3\u00b0 del art\u00edculo 2\u00b0 de la Ley 549 de 1999, el Gobierno nacional determinar\u00e1 las condiciones sustanciales que deben acreditarse, los documentos que deben remitirse para el efecto, y el procedimiento con que la misma se realizar\u00e1. Mientras se producen las verificaciones, se girar\u00e1n los recursos en la forma prevista en el inciso anterior.<\/font><\/p>\n<p style=\"margin-top: 0; margin-bottom: 0\" align=\"justify\"><font face=\"Verdana\" size=\"2\"><br \/>Cuando se establezca que la realidad no corresponde con lo que se acredit\u00f3, se descontar\u00e1n los recursos correspondientes, para efectos de ser redistribuidos, sin que dicha nueva distribuci\u00f3n constituya un nuevo acto de ejecuci\u00f3n presupuestal.<\/font><\/p>\n<p style=\"margin-top: 0; margin-bottom: 0\" align=\"justify\">&nbsp;<\/p>\n<p style=\"margin-top: 0; margin-bottom: 0\" align=\"justify\"><font face=\"Verdana\" size=\"2\"><br \/><b>Art\u00edculo 48.<\/b> Sin perjuicio de lo establecido en las normas vigentes para el pago de la deuda correspondiente al pasivo pensional de las entidades territoriales con el Fomag, durante la vigencia fiscal 2017 y en cumplimiento del par\u00e1grafo 2\u00b0 del art\u00edculo 18 de la Ley 715 de 2001, el Fonpet deber\u00e1 girar al Fomag el valor apropiado en el presupuesto del Ministerio de Educaci\u00f3n Nacional como amortizaci\u00f3n de la deuda de los entes territoriales. Para ello se tendr\u00e1n en cuenta los recursos acumulados en el sector Educaci\u00f3n del Fonpet con corte a diciembre de 2016 y el valor del pasivo pensional registrado en el Sistema de Informaci\u00f3n del Fondo a dicha fecha.<\/font><\/p>\n<p style=\"margin-top: 0; margin-bottom: 0\" align=\"justify\"><font face=\"Verdana\" size=\"2\"><br \/>En caso de que producto de modificaciones en el c\u00e1lculo actuarial, se giren recursos por encima del pasivo pensional, estos ser\u00e1n abonados en la vigencia fiscal siguiente a favor de la Entidad Territorial. El Fomag informar\u00e1 de estas operaciones a las entidades territoriales para su contabilizaci\u00f3n.<\/font><\/p>\n<p style=\"margin-top: 0; margin-bottom: 0\" align=\"justify\">&nbsp;<\/p>\n<p style=\"margin-top: 0; margin-bottom: 0\" align=\"justify\"><font face=\"Verdana\" size=\"2\"><br \/><b>Art\u00edculo 49.<\/b> En cumplimiento del art\u00edculo 147 de la Ley 1753 de 2015, el Fonpet deber\u00e1 efectuar el giro de recursos acumulados en el sector salud a 31 de diciembre de 2016, diferentes a los de Loto en l\u00ednea, al mecanismo \u00fanico de recaudo y giro de que trata el art\u00edculo 31 de la Ley 1438 de 2011 o a quien haga sus veces, correspondiente a las entidades territoriales para las cuales, a esa misma fecha de corte, se haya determinado la no existencia de pasivos pensionales del sector salud o que los mismos se encuentren totalmente financiados, de acuerdo con el registro en el Sistema de Informaci\u00f3n del Fonpet, seg\u00fan los requerimientos de cofinanciaci\u00f3n del gasto corriente del r\u00e9gimen subsidiado y la programaci\u00f3n de caja, que establezca el Ministerio de Hacienda y Cr\u00e9dito P\u00fablico.<\/font><\/p>\n<p style=\"margin-top: 0; margin-bottom: 0\" align=\"justify\"><font face=\"Verdana\" size=\"2\"><br \/>Las entidades territoriales registrar\u00e1n presupuestamente sin situaci\u00f3n de fondos estas operaciones y realizar\u00e1n el respectivo registro contable con base en la informaci\u00f3n que suministre el Ministerio de Hacienda y Cr\u00e9dito P\u00fablico.<\/font><\/p>\n<p style=\"margin-top: 0; margin-bottom: 0\" align=\"justify\">&nbsp;<\/p>\n<p style=\"margin-top: 0; margin-bottom: 0\" align=\"justify\">&nbsp;<\/p>\n<p style=\"margin-top: 0; margin-bottom: 0\" align=\"justify\"><font face=\"Verdana\" size=\"2\"><b>Art\u00edculo 50. <\/b>Los retiros de recursos de las cuentas de las entidades territoriales en el Fonpet para el pago de bonos pensionales o cuotas partes de bonos pensionales, se efectuar\u00e1n de conformidad con la normativa vigente, sin que la entidad territorial requiera acreditar previamente la incorporaci\u00f3n en su presupuesto.<\/font><\/p>\n<p style=\"margin-top: 0; margin-bottom: 0\" align=\"justify\"><font face=\"Verdana\" size=\"2\"><br \/>Durante la vigencia las entidades territoriales comprometidas deber\u00e1n realizar la incorporaci\u00f3n presupuestal y el registro contable de los pagos que por estos conceptos sean realizados por el Fonpet, de acuerdo con la instrucci\u00f3n y dem\u00e1s informaci\u00f3n que suministre el Ministerio de Hacienda y Cr\u00e9dito P\u00fablico.<\/font><\/p>\n<p style=\"margin-top: 0; margin-bottom: 0\" align=\"justify\">&nbsp;<\/p>\n<p style=\"margin-top: 0; margin-bottom: 0\" align=\"justify\"><font face=\"Verdana\" size=\"2\"><br \/><b>Art\u00edculo 51. <\/b>Las apropiaciones programadas en la presente ley para la ejecuci\u00f3n de proyectos viales de la red secundaria y terciaria a cargo de los departamentos y municipios, los aeropuertos y zonas mar\u00edtimas que no est\u00e9n a cargo de la Naci\u00f3n, podr\u00e1n ser ejecutadas directamente por las entidades especializadas o por las entidades territoriales y\/o sus descentralizadas mediante convenio interadministrativo, teniendo en cuenta la situaci\u00f3n jur\u00eddica de la entidad territorial y el impacto socioecon\u00f3mico de la misma. Dicha infraestructura seguir\u00e1 a cargo de las entidades territoriales y\/o sus descentralizadas.<\/font><\/p>\n<p style=\"margin-top: 0; margin-bottom: 0\" align=\"justify\"><font face=\"Verdana\" size=\"2\"><br \/>Par\u00e1grafo. La Naci\u00f3n a trav\u00e9s del Ministerio de Hacienda y Cr\u00e9dito P\u00fablico, podr\u00e1 otorgar cr\u00e9ditos presupuestales a las entidades territoriales y\/o sus descentralizadas para el desarrollo de proyectos a que se refiere el presente art\u00edculo, en los t\u00e9rminos y condiciones especiales que dicho Ministerio establezca.<\/font><\/p>\n<p style=\"margin-top: 0; margin-bottom: 0\" align=\"justify\">&nbsp;<\/p>\n<p style=\"margin-top: 0; margin-bottom: 0\" align=\"justify\"><font face=\"Verdana\" size=\"2\"><br \/><b>Art\u00edculo 52.<\/b> Las entidades estatales podr\u00e1n constituir mediante patrimonio aut\u00f3nomo los fondos a que se refiere el art\u00edculo 107 de la Ley 42 de 1993. Los recursos que se coloquen en dichos fondos amparar\u00e1n los bienes del Estado cuando los estudios t\u00e9cnicos indiquen que es m\u00e1s conveniente la cobertura de los riesgos con reservas p\u00fablicas que con seguros comerciales.<\/font><\/p>\n<p style=\"margin-top: 0; margin-bottom: 0\" align=\"justify\"><font face=\"Verdana\" size=\"2\"><br \/>Cuando los estudios t\u00e9cnicos permitan establecer que determinados bienes no son asegurables o que su aseguramiento implica costos de tal naturaleza que la relaci\u00f3n costo-beneficio del aseguramiento es negativa, o que los recursos para autoprotecci\u00f3n mediante fondos de aseguramiento son de tal magnitud que no es posible o conveniente su uso para tal fin, se podr\u00e1 asumir el riesgo frente a estos bienes y no asegurarlos ni ampararlos con fondos de aseguramiento.<\/font><\/p>\n<p style=\"margin-top: 0; margin-bottom: 0\" align=\"justify\">&nbsp;<\/p>\n<p style=\"margin-top: 0; margin-bottom: 0\" align=\"justify\"><font face=\"Verdana\" size=\"2\">Tambi\u00e9n podr\u00e1n contratar un seguro de responsabilidad civil para servidores p\u00fablicos, mediante el cual se ampare la responsabilidad de los mismos por actos o hechos no dolosos ocurridos en ejercicio de sus funciones, y los gastos de defensa en materia disciplinaria, penal y fiscal que deban realizar; estos \u00faltimos gastos los podr\u00e1n pagar las entidades, siempre y cuando exista decisi\u00f3n definitiva que exonere de toda responsabilidad y no sea condenada la contraparte a las costas del proceso.<\/font><\/p>\n<p style=\"margin-top: 0; margin-bottom: 0\" align=\"justify\"><font face=\"Verdana\" size=\"2\"><br \/>Esta disposici\u00f3n ser\u00e1 aplicada en las mismas condiciones a los Superintendentes, as\u00ed como a las Empresas Industriales y Comerciales del Estado y a las Sociedades de Econom\u00eda Mixta asimiladas a estas. <\/font><\/p>\n<p style=\"margin-top: 0; margin-bottom: 0\" align=\"justify\">&nbsp;<\/p>\n<p style=\"margin-top: 0; margin-bottom: 0\" align=\"justify\">&nbsp;<\/p>\n<p style=\"margin-top: 0; margin-bottom: 0\" align=\"justify\"><font face=\"Verdana\" size=\"2\"><b>Art\u00edculo 53. <\/b>En virtud de la autonom\u00eda consagrada en el art\u00edculo 69 de la Constituci\u00f3n Pol\u00edtica, las universidades estatales pagar\u00e1n las sentencias o fallos proferidos en contra de la Naci\u00f3n con los recursos asignados por parte de esta, en cumplimiento del art\u00edculo 86 de la Ley 30 de 1992.<\/font><\/p>\n<p style=\"margin-top: 0; margin-bottom: 0\" align=\"justify\">&nbsp;<\/p>\n<p style=\"margin-top: 0; margin-bottom: 0\" align=\"justify\"><font face=\"Verdana\" size=\"2\"><br \/><b>Art\u00edculo 54. <\/b>Con los excedentes de la Subcuenta de Solidaridad del Fondo de Solidaridad Pensional se podr\u00e1n financiar programas de la Subcuenta de Subsistencia de dicho Fondo, para la protecci\u00f3n de las personas en estado de indigencia o de pobreza extrema, en los t\u00e9rminos del Decreto 3771 de 2007 y las normas que lo modifiquen o adicionen.<\/font><\/p>\n<p style=\"margin-top: 0; margin-bottom: 0\" align=\"justify\">&nbsp;<\/p>\n<p style=\"margin-top: 0; margin-bottom: 0\" align=\"justify\"><font face=\"Verdana\" size=\"2\"><br \/><b>Art\u00edculo 55.<\/b> El Consejo Superior de la Judicatura y la Fiscal\u00eda General de la Naci\u00f3n podr\u00e1n sustituir inmuebles de su propiedad, por obras necesarias para la adquisici\u00f3n, terminaci\u00f3n, adecuaci\u00f3n y dotaci\u00f3n de su infraestructura, sin operaci\u00f3n presupuestal alguna.<\/font><\/p>\n<p style=\"margin-top: 0; margin-bottom: 0\" align=\"justify\">&nbsp;<\/p>\n<p style=\"margin-top: 0; margin-bottom: 0\" align=\"justify\"><font face=\"Verdana\" size=\"2\"><br \/><b>Art\u00edculo 56.<\/b> Los \u00f3rganos que conforman el Presupuesto General de la Naci\u00f3n y las entidades territoriales y las entidades descentralizadas de aquella y de estas, as\u00ed como los ejecutores, a los que se les hubiere girado recursos del Fondo Nacional de Regal\u00edas en liquidaci\u00f3n y que actualmente no est\u00e9n amparando compromisos u obligaciones, y correspondan a apropiaciones presupuestales de vigencias fiscales anteriores a 2016, y a la fecha de expedici\u00f3n de esta ley no tengan ning\u00fan porcentaje de ejecuci\u00f3n f\u00edsica, deben reintegrar, dentro del primer trimestre de 2017 a la Direcci\u00f3n General de Cr\u00e9dito P\u00fablico y Tesoro Nacional del Ministerio de Hacienda y Cr\u00e9dito P\u00fablico, el total de recursos que por concepto de saldos no ejecutados y rendimientos financieros que posean en las cuentas abiertas para cada proyecto.<\/font><\/p>\n<p style=\"margin-top: 0; margin-bottom: 0\" align=\"justify\"><font face=\"Verdana\" size=\"2\"><br \/>As\u00ed mismo, dichas entidades remitir\u00e1n a la Direcci\u00f3n de Vigilancia de las Regal\u00edas del Departamento Nacional de Planeaci\u00f3n dentro de los quince (15) d\u00edas siguientes al vencimiento del t\u00e9rmino establecido para realizar el reintegro, copia de los documentos que soporten el reintegro de los recursos, identificando el nombre del proyecto, el monto por concepto de saldos no ejecutados y los rendimientos financieros obtenidos.<\/font><\/p>\n<p style=\"margin-top: 0; margin-bottom: 0\" align=\"justify\">&nbsp;<\/p>\n<p style=\"margin-top: 0; margin-bottom: 0\" align=\"justify\"><font face=\"Verdana\" size=\"2\"><br \/><b>Art\u00edculo 57.<\/b> Con el fin de financiar el Sistema General de Seguridad Social en Salud, en cumplimiento de lo dispuesto en el art\u00edculo 48 de la Constituci\u00f3n Pol\u00edtica y el art\u00edculo 9\u00b0 de la Ley 1122 de 2007, para la vigencia 2017 se presupuestar\u00e1n en el Presupuesto General de la Naci\u00f3n los ingresos corrientes y excedentes de la Subcuenta de Eventos Catastr\u00f3ficos y Accidentes de Tr\u00e1nsito (ECAT) del Fondo de Solidaridad y Garant\u00eda (Fosyga).<\/font><\/p>\n<p style=\"margin-top: 0; margin-bottom: 0\" align=\"justify\"><font face=\"Verdana\" size=\"2\"><br \/>Previa cobertura de los riesgos amparados con cargo a la Subcuenta de Eventos Catastr\u00f3ficos y Accidentes de Tr\u00e1nsito del Fondo de Solidaridad y Garant\u00eda (Fosyga), se financiar\u00e1, con cargo a dicha subcuenta la sostenibilidad y afiliaci\u00f3n de la poblaci\u00f3n pobre y vulnerable asegurada a trav\u00e9s del R\u00e9gimen Subsidiado; una vez se tenga garantizado el aseguramiento, se podr\u00e1n destinar recursos a financiar otros programas de salud p\u00fablica.<\/font><\/p>\n<p style=\"margin-top: 0; margin-bottom: 0\" align=\"justify\"><font face=\"Verdana\" size=\"2\"><br \/>Tambi\u00e9n podr\u00e1n ser financiados con dichos recursos, en el marco de lo dispuesto por el art\u00edculo 337 de la Constituci\u00f3n Pol\u00edtica y los tratados e instrumentos internacionales vigentes, los valores que se determinen en cabeza del Estado colombiano por las atenciones iniciales de urgencia que sean prestadas a los nacionales colombianos en el territorio extranjero de zonas de frontera con Colombia, al igual que las atenciones iniciales de urgencia prestadas en el territorio colombiano a los nacionales de los pa\u00edses fronterizos, de conformidad con la reglamentaci\u00f3n que para el efecto expida el Gobierno nacional.<\/font><\/p>\n<p style=\"margin-top: 0; margin-bottom: 0\" align=\"justify\"><font face=\"Verdana\" size=\"2\"><br \/>Los excedentes de la Subcuenta ECAT con corte a 31 de diciembre de 2016 ser\u00e1n incorporados en el presupuesto del Fosyga o la entidad que haga sus veces, y se destinar\u00e1n a la financiaci\u00f3n del aseguramiento en salud.<\/font><\/p>\n<p style=\"margin-top: 0; margin-bottom: 0\" align=\"justify\"><font face=\"Verdana\" size=\"2\"><br \/>A partir del 1 de enero del 2017, el Fosyga podr\u00e1 implementar la unidad de caja a que hace referencia el art\u00edculo 66 de la Ley 1753 de 2015, con los recursos corrientes de las subcuentas del Fosyga y sus excedentes, dando prioridad al aseguramiento obligatorio en salud.<\/font><\/p>\n<p style=\"margin-top: 0; margin-bottom: 0\" align=\"justify\">&nbsp;<\/p>\n<p style=\"margin-top: 0; margin-bottom: 0\" align=\"justify\"><font face=\"Verdana\" size=\"2\"><br \/><b>Art\u00edculo 58. <\/b>Las entidades responsables de la Atenci\u00f3n Integral a la Poblaci\u00f3n V\u00edctima por la Violencia, del orden Nacional, dar\u00e1n prioridad en la ejecuci\u00f3n de sus respectivos presupuestos, a la atenci\u00f3n de la poblaci\u00f3n v\u00edctima del conflicto armado interno y en especial a la poblaci\u00f3n desplazada por la violencia, en cumplimiento de la Sentencia T-025 de 2004 y de sus Autos de Seguimiento proferidos por la Honorable Corte Constitucional.<\/font><\/p>\n<p style=\"margin-top: 0; margin-bottom: 0\" align=\"justify\"><font face=\"Verdana\" size=\"2\"><br \/>Las entidades deber\u00e1n atender prioritariamente todas las solicitudes de Ayuda Humanitaria de Emergencia y Transici\u00f3n constituyendo esta un t\u00edtulo de gasto prevalente sobre las dem\u00e1s obligaciones de la entidad.<\/font><\/p>\n<p style=\"margin-top: 0; margin-bottom: 0\" align=\"justify\">&nbsp;<\/p>\n<p style=\"margin-top: 0; margin-bottom: 0\" align=\"justify\"><font face=\"Verdana\" size=\"2\"><br \/><b>Art\u00edculo 59. <\/b>Las entidades encargadas de ejecutar la pol\u00edtica de v\u00edctimas de que trata la Ley 1448 de 2011 especificar\u00e1n en el Sistema Integrado de Informaci\u00f3n Financiera (SIIF) Naci\u00f3n, en el Sistema Unificado de Inversiones y Finanzas P\u00fablicas (SUIFP), y en los dem\u00e1s aplicativosque para este prop\u00f3sito el Ministerio de Hacienda y Cr\u00e9dito P\u00fablico y el Departamento Nacional de Planeaci\u00f3n desarrolle, los rubros que dentro de su presupuesto tienen como destino beneficiar a la poblaci\u00f3n v\u00edctima, as\u00ed como los derechos a los que contribuye para su goce efectivo.<\/font><\/p>\n<p style=\"margin-top: 0; margin-bottom: 0\" align=\"justify\">&nbsp;<\/p>\n<p style=\"margin-top: 0; margin-bottom: 0\" align=\"justify\"><font face=\"Verdana\" size=\"2\"><br \/><b>Art\u00edculo 60.<\/b> En el marco de los principios de concurrencia, complementariedad y subsidiariedad, la Unidad de Atenci\u00f3n y Reparaci\u00f3n Integral a las V\u00edctimas podr\u00e1 con cargo al proyecto denominado \u201cApoyo a entidades territoriales a trav\u00e9s de la cofinanciaci\u00f3n para la asistencia, atenci\u00f3n y reparaci\u00f3n integral a las v\u00edctimas del desplazamiento forzado a nivel nacional\u201d, cofinanciar iniciativas integrales de atenci\u00f3n a la poblaci\u00f3n desplazada que se adelanten por parte de las entidades territoriales.<\/font><\/p>\n<p style=\"margin-top: 0; margin-bottom: 0\" align=\"justify\">&nbsp;<\/p>\n<p style=\"margin-top: 0; margin-bottom: 0\" align=\"justify\"><font face=\"Verdana\" size=\"2\"><br \/><b>Art\u00edculo 61. <\/b>Bajo la coordinaci\u00f3n de la Unidad de Atenci\u00f3n y Reparaci\u00f3n Integral a las V\u00edctimas y el Departamento Nacional de Planeaci\u00f3n, los \u00f3rganos que integran el Presupuesto General de la Naci\u00f3n encargados de iniciativas en el marco de la estrategia de atenci\u00f3n a la poblaci\u00f3n v\u00edctima, en concordancia con la Ley 1448 de 2011, adelantar\u00e1n la focalizaci\u00f3n indicativa del gasto de inversi\u00f3n destinado a dicha poblaci\u00f3n.<\/font><\/p>\n<p style=\"margin-top: 0; margin-bottom: 0\" align=\"justify\"><font face=\"Verdana\" size=\"2\"><br \/>La focalizaci\u00f3n indicativa se realizar\u00e1 teniendo en cuenta las caracter\u00edsticas heterog\u00e9neas de las entidades territoriales, las intervenciones en los procesos colectivos tales como retornos, reubicaciones, reparaciones colectivas, fallos de restituci\u00f3n, las necesidades de la poblaci\u00f3n v\u00edctima del conflicto armado interno, entre otros, con el objeto de procurar la garant\u00eda del goce efectivo de sus derechos.<\/font><\/p>\n<p style=\"margin-top: 0; margin-bottom: 0\" align=\"justify\">&nbsp;<\/p>\n<p style=\"margin-top: 0; margin-bottom: 0\" align=\"justify\"><font face=\"Verdana\" size=\"2\"><br \/><b>Art\u00edculo 62. <\/b>Los recursos del Fondo para la Rehabilitaci\u00f3n, Inversi\u00f3n y Lucha contra el Crimen Organizado (Frisco), en la presente vigencia fiscal ser\u00e1n transferidos a la Naci\u00f3n, y girados por la Sociedad de Activos Especiales S.A.E. S.A.S., a la Direcci\u00f3n General de Cr\u00e9dito P\u00fablico y Tesoro Nacional del Ministerio de Hacienda y Cr\u00e9dito P\u00fablico, para reintegrar los recursos que la Naci\u00f3n ha girado, de acuerdo con lo establecido en los Documentos Conpes 3412 de 2006, 3476 de 2007 y 3575 de 2009.<\/font><\/p>\n<p style=\"margin-top: 0; margin-bottom: 0\" align=\"justify\">&nbsp;<\/p>\n<p style=\"margin-top: 0; margin-bottom: 0\" align=\"justify\"><font face=\"Verdana\" size=\"2\"><br \/><b>Art\u00edculo 63.<\/b> Los hogares beneficiarios del subsidio familiar de vivienda podr\u00e1n aplicar este subsidio en cualquier parte del pa\u00eds o modalidad de soluci\u00f3n de vivienda, tanto en zona urbana como rural, independiente de la modalidad a la cual se postul\u00f3 o asign\u00f3, siempre y cuando sean poblaci\u00f3n desplazada y no se encuentren vinculados a planes de vivienda elegibles destinados a esta poblaci\u00f3n. La poblaci\u00f3n desplazada perteneciente a comunidades ind\u00edgenas, comunidades negras y afrocolombianas podr\u00e1n aplicar los subsidios para adquirir, construir o mejorar soluciones de vivienda en propiedades colectivas, conforme a los mandatos constitucionales y legales, tradiciones y sistemas de derecho propio de cada comunidad.<\/font><\/p>\n<p style=\"margin-top: 0; margin-bottom: 0\" align=\"justify\">&nbsp;<\/p>\n<p style=\"margin-top: 0; margin-bottom: 0\" align=\"justify\"><font face=\"Verdana\" size=\"2\"><br \/><b>Art\u00edculo 64. <\/b>Sin perjuicio de la responsabilidad fiscal y disciplinariaa que haya lugar, cuando en vigencias anteriores no se haya realizado el pago de obligaciones adquiridas con las formalidades previstas en el Estatuto Org\u00e1nico del Presupuesto y dem\u00e1s normas que regulan la materia, y sobre los mismos no se haya constituido la reserva presupuestal o la cuenta por pagar correspondiente, se podr\u00e1 hacer el pago bajo el concepto de \u201cPago de Pasivos Exigibles &#8211; Vigencias Expiradas\u201d.<\/font><\/p>\n<p style=\"margin-top: 0; margin-bottom: 0\" align=\"justify\"><font face=\"Verdana\" size=\"2\"><br \/>Tambi\u00e9n proceder\u00e1 la operaci\u00f3n presupuestal prevista en el inciso anterior, cuando el pago no se hubiere realizado pese a haberse constituido oportunamente la reserva presupuestal o la cuenta por pagar en los t\u00e9rminos del art\u00edculo 89 del Estatuto Org\u00e1nico del Presupuesto.<\/font><\/p>\n<p style=\"margin-top: 0; margin-bottom: 0\" align=\"justify\"><font face=\"Verdana\" size=\"2\"><br \/>El mecanismo previsto en el primer inciso de este art\u00edculo tambi\u00e9n proceder\u00e1 cuando se trate del cumplimiento de una obligaci\u00f3n originada en la ley, exigible en vigencias anteriores, aun sin que medie certificado de disponibilidad presupuestal ni el registro presupuestal.<\/font><\/p>\n<p style=\"margin-top: 0; margin-bottom: 0\" align=\"justify\"><font face=\"Verdana\" size=\"2\"><br \/>Cuando se cumpla alguna de las anteriores condiciones, se podr\u00e1 atender el gasto de \u201cPago Pasivos Exigibles &#8211; Vigencias Expiradas\u201d a trav\u00e9s del rubro presupuestal correspondiente de acuerdo con el detalle del anexo del decreto de liquidaci\u00f3n. Al momento de hacerse el registro presupuestal deber\u00e1 dejarse consignada la expresi\u00f3n \u201cPago Pasivos Exigibles <\/p>\n<p style=\"margin-top: 0; margin-bottom: 0\" align=\"justify\"><font face=\"Verdana\" size=\"2\">&#8211; Vigencias Expiradas\u201d. Copia del acto administrativo que ordena su pago deber\u00e1 ser remitido a la Contralor\u00eda General de la Rep\u00fablica.<\/font><\/p>\n<p style=\"margin-top: 0; margin-bottom: 0\" align=\"justify\">&nbsp;<\/p>\n<p style=\"margin-top: 0; margin-bottom: 0\" align=\"justify\"><font face=\"Verdana\" size=\"2\">En todo caso, el jefe del \u00f3rgano respectivo certificar\u00e1 previamente el cumplimiento de los requisitos se\u00f1alados en este art\u00edculo.<\/font><\/p>\n<p style=\"margin-top: 0; margin-bottom: 0\" align=\"justify\"><font face=\"Verdana\" size=\"2\"><br \/>Lo preceptuado en el presente art\u00edculo no aplica cuando se configuren como hechos cumplidos.<\/font><\/p>\n<p style=\"margin-top: 0; margin-bottom: 0\" align=\"justify\">&nbsp;<\/p>\n<p style=\"margin-top: 0; margin-bottom: 0\" align=\"justify\"><font face=\"Verdana\" size=\"2\"><br \/><b>Art\u00edculo 65. <\/b>En los presupuestos del Ministerio de Hacienda y Cr\u00e9dito P\u00fablico y el Departamento Nacional de Planeaci\u00f3n se incluir\u00e1 una apropiaci\u00f3n con el objeto de atender los gastos, en otras secciones presupuestales, para la prevenci\u00f3n y atenci\u00f3n de desastres, Atenci\u00f3n, Asistencia y Reparaci\u00f3n Integral a las V\u00edctimas del Conflicto Armado Interno, as\u00ed como para financiar programas y proyectos de inversi\u00f3n que se encuentren debidamente registrados en el Banco Nacional de Programas y Proyectos de conformidad con el art\u00edculo 68 del Estatuto Org\u00e1nico del Presupuesto, sin cambiar su destinaci\u00f3n y cuant\u00eda, en los t\u00e9rminos de la Sentencia de la Corte Constitucional C-006\/12.<\/font><\/p>\n<p style=\"margin-top: 0; margin-bottom: 0\" align=\"justify\">&nbsp;<\/p>\n<p style=\"margin-top: 0; margin-bottom: 0\" align=\"justify\"><font face=\"Verdana\" size=\"2\"><br \/><b>Art\u00edculo 66.<\/b> Las asignaciones presupuestales del Fondo de Tecnolog\u00eda de la Informaci\u00f3n y las Comunicaciones (Fontic) incluyen los recursos necesarios para cubrir el importe de los costos en que incurra el operador oficial de los servicios de franquicia postal y telegr\u00e1fica para la prestaci\u00f3n de estos servicios a los \u00f3rganos que hacen parte del Presupuesto General de la Naci\u00f3n.<\/font><\/p>\n<p style=\"margin-top: 0; margin-bottom: 0\" align=\"justify\"><font face=\"Verdana\" size=\"2\"><br \/>El Fondo de Tecnolog\u00eda de la Informaci\u00f3n y las Comunicaciones har\u00e1 la transferencia de recursos al operador postal y telegr\u00e1fico oficial, quien expedir\u00e1 a la entidad destinataria del servicio, el respectivo paz y salvo, tan pronto como reciba los recursos.<\/font><\/p>\n<p style=\"margin-top: 0; margin-bottom: 0\" align=\"justify\"><font face=\"Verdana\" size=\"2\"><br \/>El Fontic podr\u00e1 destinar los dineros recibidos por la contraprestaci\u00f3n de que trata el art\u00edculo 14 de la Ley 1369 de 2009, para financiar el servicio postal universal y cubrir los gastos de vigilancia y control de los operadores postales.<\/font><\/p>\n<p style=\"margin-top: 0; margin-bottom: 0\" align=\"justify\">&nbsp;<\/p>\n<p style=\"margin-top: 0; margin-bottom: 0\" align=\"justify\"><font face=\"Verdana\" size=\"2\"><br \/><b>Art\u00edculo 67.<\/b> Los \u00f3rganos que hacen parte del Presupuesto General de la Naci\u00f3n solo podr\u00e1n solicitar la situaci\u00f3n de los recursos aprobados en el Programa Anual de Caja a la Direcci\u00f3n General de Cr\u00e9dito P\u00fablico y Tesoro Nacional, cuando hayan recibido los bienes y\/o servicios o se tengan cumplidos los requisitos que hagan exigible su pago. En ning\u00fan caso las entidades podr\u00e1n solicitar giro de recursos para transferir a Fiducias o Encargos Fiduciarios o a las entidades con las que celebre convenios o contratos interadministrativos, sin que se haya cumplido el objeto del gasto.<\/font><\/p>\n<p style=\"margin-top: 0; margin-bottom: 0\" align=\"justify\">&nbsp;<\/p>\n<p style=\"margin-top: 0; margin-bottom: 0\" align=\"justify\"><font face=\"Verdana\" size=\"2\"><br \/><b>Art\u00edculo 68. <\/b>Con el fin de garantizar el flujo efectivo de recursos en el Sistema General de Seguridad Social en Salud, el Ministerio de Salud y Protecci\u00f3n Social o la Entidad Administradora de los Recursos del Sistema General de Seguridad Social en Salud girar\u00e1 directamente, a nombre de las Entidades Territoriales, la Unidad de Pago por Capitaci\u00f3n a las Entidades Promotoras de Salud o a las Instituciones Prestadoras de Salud de los distritos y los municipios de m\u00e1s de cien mil habitantes (100.000), utilizando el instrumento jur\u00eddico definido en art\u00edculo 29 de la Ley 1438 de 2011.<\/font><\/p>\n<p style=\"margin-top: 0; margin-bottom: 0\" align=\"justify\">&nbsp;<\/p>\n<p style=\"margin-top: 0; margin-bottom: 0\" align=\"justify\"><font face=\"Verdana\" size=\"2\"><br \/><b>Art\u00edculo 69.<\/b> Los compromisos asumidos a 31 de diciembre de 2016, con las formalidades previstas en el Estatuto Org\u00e1nico del Presupuesto y dem\u00e1s normas que regulan la materia, en el presupuesto de gastos de inversi\u00f3n del Fondo Nacional de Regal\u00edas en Liquidaci\u00f3n y que no hayan sido constituidos como reserva presupuestal o cuenta por pagar en la vigencia fiscal de 2017, ser\u00e1n girados con cargo a las apropiaciones del proyecto de inversi\u00f3n \u201cDestinaci\u00f3n de recursos Acto Legislativo 005 de 2011 a nivel Nacional\u201d, previo cumplimiento de los requisitos que hagan exigible su giro.<\/font><\/p>\n<p style=\"margin-top: 0; margin-bottom: 0\" align=\"justify\"><font face=\"Verdana\" size=\"2\"><br \/>Para estos efectos, el Departamento Nacional de Planeaci\u00f3n, llevar\u00e1 el registro contable de los compromisos asumidos a la entrada en vigencia del Acto Legislativo 005 de 2011.<\/font><\/p>\n<p style=\"margin-top: 0; margin-bottom: 0\" align=\"justify\"><font face=\"Verdana\" size=\"2\"><br \/>Las obligaciones a cargo del Fondo Nacional de Regal\u00edas en Liquidaci\u00f3n se atender\u00e1n con cargo a los recursos de la Naci\u00f3n de la vigencia fiscal de 2017.<\/font><\/p>\n<p style=\"margin-top: 0; margin-bottom: 0\" align=\"justify\">&nbsp;<\/p>\n<p style=\"margin-top: 0; margin-bottom: 0\" align=\"justify\"><font face=\"Verdana\" size=\"2\"><br \/><b>Art\u00edculo 70. <\/b>Cuando se extiendan los efectos de una sentencia deunificaci\u00f3n jurisprudencial dictada por el Consejo de Estado de conformidad con lo dispuesto con el art\u00edculo 102 del C\u00f3digo de Procedimiento Administrativo y de lo Contencioso Administrativo, en virtud de la autonom\u00eda presupuestal consagrada en el art\u00edculo 110 del Estatuto Org\u00e1nico del Presupuesto, la operaci\u00f3n presupuestal a que haya lugar ser\u00e1 responsabilidad del jefe de cada \u00f3rgano.<\/font><\/p>\n<p style=\"margin-top: 0; margin-bottom: 0\" align=\"justify\">&nbsp;<\/p>\n<p style=\"margin-top: 0; margin-bottom: 0\" align=\"justify\"><font face=\"Verdana\" size=\"2\"><b><br \/>Art\u00edculo 71.<\/b> En los proyectos financiados con recursos del Fondo Nacional de Regal\u00edas en liquidaci\u00f3n, cuyos valores por unidad funcional se mantengan dentro del monto y condiciones aprobadas, certificado por el representante legal de la entidad ejecutora, su ejecuci\u00f3n se reconocer\u00e1 hasta el valor de las unidades funcionales terminadas, sin que para ello se requiera ajuste del proyecto.<\/font><\/p>\n<p style=\"margin-top: 0; margin-bottom: 0\" align=\"justify\">&nbsp;<\/p>\n<p style=\"margin-top: 0; margin-bottom: 0\" align=\"justify\"><font face=\"Verdana\" size=\"2\">Para los proyectos que no acrediten su terminaci\u00f3n o se terminen encondiciones diferentes a su aprobaci\u00f3n sin contar con concepto favorable de la entidad viabilizadora a los ajustes efectuados, las asignaciones delFondo Nacional de Regal\u00edas o las administradas por este, ser\u00e1n objeto de p\u00e9rdida de fuerza ejecutoria y, en consecuencia, la respectiva entidad ejecutora debe reintegrar los recursos que se le hayan girado junto con los endimientos financieros, al Fondo Nacional de Regal\u00edas en liquidaci\u00f3no a las cuentas de recursos en dep\u00f3sito en el mismo.<\/font><\/p>\n<p style=\"margin-top: 0; margin-bottom: 0\" align=\"justify\"><font face=\"Verdana\" size=\"2\"><br \/>Par\u00e1grafo. El an\u00e1lisis administrativo y financiero de la Direcci\u00f3n de Vigilancia de las Regal\u00edas, frente a los ajustes efectuados, ser\u00e1 emitido dentro del mes siguiente al cumplimiento de los requisitos por el ejecutor, y el concepto sobre el ajuste ser\u00e1 emitido por la entidad viabilizadora dentro del mes siguiente a la radicaci\u00f3n de dicho an\u00e1lisis.<\/font><\/p>\n<p style=\"margin-top: 0; margin-bottom: 0\" align=\"justify\">&nbsp;<\/p>\n<p style=\"margin-top: 0; margin-bottom: 0\" align=\"justify\"><font face=\"Verdana\" size=\"2\"><br \/><b>Art\u00edculo 72. <\/b>El respaldo presupuestal a cargo de la Naci\u00f3n frente a los t\u00edtulos que emita Colpensiones para amparar el 20% correspondiente a la Naci\u00f3n del subsidio o incentivo peri\u00f3dico de los BEPS en el caso de indemnizaci\u00f3n sustitutiva o devoluci\u00f3n de aportes, de que trata la Ley 1328 de 2009, considerar\u00e1n las disponibilidades fiscales de la Naci\u00f3n que sean definidas por el Confis.<\/font><\/p>\n<p style=\"margin-top: 0; margin-bottom: 0\" align=\"justify\"><font face=\"Verdana\" size=\"2\"><br \/>Dichos t\u00edtulos se podr\u00e1n programar en el Presupuesto General de la Naci\u00f3n hasta por el monto definido en el Marco de Gasto de Mediano Plazo del sector en la vigencia fiscal en la cual se deba realizar su pago, es decir, a los tres a\u00f1os de la emisi\u00f3n del t\u00edtulo.<\/font><\/p>\n<p style=\"margin-top: 0; margin-bottom: 0\" align=\"justify\">&nbsp;<\/p>\n<p style=\"margin-top: 0; margin-bottom: 0\" align=\"justify\"><font face=\"Verdana\" size=\"2\"><br \/><b>Art\u00edculo 73. <\/b>La Direcci\u00f3n General de Cr\u00e9dito P\u00fablico y Tesoro Nacional del Ministerio de Hacienda y Cr\u00e9dito P\u00fablico podr\u00e1 disponer transitoriamente del portafolio conformado con los recursos de que trata el art\u00edculo 5\u00b0 de la Ley 448 de 1998. Los t\u00e9rminos de dicha operaci\u00f3n ser\u00e1n definidos en coordinaci\u00f3n con la entidad que se establece en el par\u00e1grafo 2\u00b0 del art\u00edculo 35 de la Ley 1753 de 2015.<\/font><\/p>\n<p style=\"margin-top: 0; margin-bottom: 0\" align=\"justify\">&nbsp;<\/p>\n<p style=\"margin-top: 0; margin-bottom: 0\" align=\"justify\"><font face=\"Verdana\" size=\"2\"><br \/><b>Art\u00edculo 74.<\/b> Las entidades que forman parte del Presupuesto General de la Naci\u00f3n destinar\u00e1n recursos de sus presupuestos para financiar los estudios y dise\u00f1os de obras que se pretendan realizar en las regiones.<\/font><\/p>\n<p style=\"margin-top: 0; margin-bottom: 0\" align=\"justify\">&nbsp;<\/p>\n<p style=\"margin-top: 0; margin-bottom: 0\" align=\"justify\"><font face=\"Verdana\" size=\"2\"><br \/><b>Art\u00edculo 75.<\/b> Las entidades estatales que tienen a cargo la asignaci\u00f3n de recursos f\u00edsicos para los esquemas de seguridad de personas en virtud del cargo, podr\u00e1n celebrar convenios o contratos interadministrativos con la Unidad Nacional de Protecci\u00f3n o con la Polic\u00eda Nacional, con sujeci\u00f3n a las normas vigentes, para la asunci\u00f3n de los diferentes esquemas de seguridad.<\/font><\/p>\n<p style=\"margin-top: 0; margin-bottom: 0\" align=\"justify\">&nbsp;<\/p>\n<p style=\"margin-top: 0; margin-bottom: 0\" align=\"justify\"><font face=\"Verdana\" size=\"2\"><br \/><b>Art\u00edculo 76. <\/b>Las entidades territoriales que no hayan ejecutado a 31 de diciembre de 2016 los recursos provenientes de la contribuci\u00f3n parafiscal de los espect\u00e1culos p\u00fablicos de las artes esc\u00e9nicas de que trata el art\u00edculo 7\u00b0 de la Ley 1493 de 2011, girados por el Ministerio de Cultura a los municipios y distritos en la vigencia fiscal 2012 y 2013, deber\u00e1n reintegrarlos a la Direcci\u00f3n General de Cr\u00e9dito P\u00fablico y Tesoro Nacional del Ministerio de Hacienda y Cr\u00e9dito P\u00fablico junto con los rendimientos financieros no ejecutados generados por dichos recursos, a m\u00e1s tardar el d\u00eda 30 de junio de 2017.<\/font><\/p>\n<p style=\"margin-top: 0; margin-bottom: 0\" align=\"justify\"><font face=\"Verdana\" size=\"2\"><br \/>Par\u00e1grafo. Los recursos provenientes del reintegro se\u00f1alado ser\u00e1n incorporados en el presupuesto del Ministerio de Cultura y guardar\u00e1n la misma destinaci\u00f3n se\u00f1alada en los art\u00edculos 12 y 13 de la Ley 1493 de 2011, siendo este Ministerio el encargado de definir en qu\u00e9 proyectos y en cu\u00e1les municipios y distritos se ejecutar\u00e1n.<\/font><\/p>\n<p style=\"margin-top: 0; margin-bottom: 0\" align=\"justify\">&nbsp;<\/p>\n<p style=\"margin-top: 0; margin-bottom: 0\" align=\"justify\"><font face=\"Verdana\" size=\"2\"><br \/><b>Art\u00edculo 77.<\/b> Las entidades que hacen parte del Presupuesto General de la Naci\u00f3n que celebren contratos y convenios interadministrativos con entidades del orden territorial, y en donde se ejecuten recursos de partidas que correspondan a inversi\u00f3n regional, exigir\u00e1n que para la ejecuci\u00f3n de dichos proyectos, la Entidad territorial publique previamente el proceso de selecci\u00f3n que adelante en el Sistema Electr\u00f3nico para la Contrataci\u00f3n P\u00fablica (Secop) y que se d\u00e9 cumplimiento a la Circular n\u00famero 1 de 2013 de la Agencia Colombia Compra Eficiente dejando las evidencias y constancias del caso.<\/font><\/p>\n<p style=\"margin-top: 0; margin-bottom: 0\" align=\"justify\">&nbsp;<\/p>\n<p style=\"margin-top: 0; margin-bottom: 0\" align=\"justify\"><font face=\"Verdana\" size=\"2\"><br \/><b>Art\u00edculo 78. <\/b>De conformidad con lo dispuesto en el art\u00edculo 66 de la Ley 1753 de 2015, las obligaciones derivadas de los pr\u00e9stamos interfondos realizados entre la Subcuenta de Eventos Catastr\u00f3ficos y Accidentes de Tr\u00e1nsito (ECAT) y la Subcuenta de Compensaci\u00f3n del Fondo de Solidaridad y Garant\u00eda (Fosyga) se entienden extinguidas.<\/font><\/p>\n<p style=\"margin-top: 0; margin-bottom: 0\" align=\"justify\">&nbsp;<\/p>\n<p style=\"margin-top: 0; margin-bottom: 0\" align=\"justify\"><font face=\"Verdana\" size=\"2\"><br \/><b>Art\u00edculo 79.<\/b> Los recursos disponibles en patrimonios aut\u00f3nomos de remanentes a cargo del Ministerio de Salud y Protecci\u00f3n Social, que no financien la operaci\u00f3n de estos o el pago de obligaciones exigibles, ser\u00e1n girados, sin operaci\u00f3n presupuestal, al Fondo de Solidaridad y Garant\u00eda (Fosyga) o quien haga sus veces, y se destinar\u00e1n a la financiaci\u00f3n del aseguramiento en salud.<\/font><\/p>\n<p style=\"margin-top: 0; margin-bottom: 0\" align=\"justify\">&nbsp;<\/p>\n<p style=\"margin-top: 0; margin-bottom: 0\" align=\"justify\"><font face=\"Verdana\" size=\"2\"><br \/><b>Art\u00edculo 80. <\/b>Con el fin de facilitar la ejecuci\u00f3n de los recursos destinados a superar los efectos de calamidades p\u00fablicas, las apropiaciones presupuestales para desarrollar el objeto del Fondo Adaptaci\u00f3n se contratar\u00e1n seg\u00fan lo previsto en el art\u00edculo 7\u00b0 del Decreto 4819 de 2010.<\/font><\/p>\n<p style=\"margin-top: 0; margin-bottom: 0\" align=\"justify\">&nbsp;<\/p>\n<p style=\"margin-top: 0; margin-bottom: 0\" align=\"justify\"><font face=\"Verdana\" size=\"2\"><br \/><b>Art\u00edculo 81. <\/b>Los pagos por menores tarifas del sector el\u00e9ctrico y de gas que se causen durante la vigencia de la presente ley, podr\u00e1n ser girados por el Ministerio de Minas y Energ\u00eda, con base en la proyecci\u00f3n de costos realizada con la informaci\u00f3n aportada por los prestadores del servicio, o a falta de ella, con base en la informaci\u00f3n disponible. Los saldos que a 31 de diciembre se generen por este concepto ser\u00e1n atendidos en la vigencia fiscal siguiente.<\/font><\/p>\n<p style=\"margin-top: 0; margin-bottom: 0\" align=\"justify\"><font face=\"Verdana\" size=\"2\"><br \/>El Ministerio de Minas y Energ\u00eda podr\u00e1, con cargo a los recursos disponibles apropiados para el efecto, pagar los saldos que por este concepto se hubieren causado en vigencias anteriores.<\/font><\/p>\n<p style=\"margin-top: 0; margin-bottom: 0\" align=\"justify\">&nbsp;<\/p>\n<p style=\"margin-top: 0; margin-bottom: 0\" align=\"justify\"><font face=\"Verdana\" size=\"2\"><br \/><b>Art\u00edculo 82. <\/b>Los subsidios liquidados en vigencias anteriores por los prestadores del servicio p\u00fablico de energ\u00eda el\u00e9ctrica de las Zonas No Interconectadas que hayan migrado al Sistema Interconectado Nacional, con costos de prestaci\u00f3n distintos a los establecidos por la regulaci\u00f3n correspondiente, podr\u00e1n ser reliquidados y reconocidos con cargo a los recursos de Subsidios por Menores Tarifas del sector El\u00e9ctrico, administrados por el Ministerio de Minas y Energ\u00eda. Los subsidios reliquidados podr\u00e1n ser transferidos directamente a los proveedores de energ\u00eda de los prestadores ZNI migrados al SIN, para cubrir el costo de la energ\u00eda el\u00e9ctrica suministrada.<\/font><\/p>\n<p style=\"margin-top: 0; margin-bottom: 0\" align=\"justify\">&nbsp;<\/p>\n<p style=\"margin-top: 0; margin-bottom: 0\" align=\"justify\"><font face=\"Verdana\" size=\"2\"><br \/><b>Art\u00edculo 83. <\/b>Los proyectos financiados con asignaciones del Fondo Nacional de Regal\u00edas o en dep\u00f3sito en el mismo, que se vienen adelantando acorde con las normas que regulan la liquidaci\u00f3n de dicho Fondo, deben culminar a m\u00e1s tardar al 31 de marzo de 2017. Corresponde a las entidades ejecutoras suministrar la informaci\u00f3n necesaria para proceder con el cierre de los proyectos de inversi\u00f3n en caso de no ser remitida se proceder\u00e1 al cierre, cuando aplique, con la informaci\u00f3n disponible, sin perjuicio de la responsabilidad disciplinaria y fiscal a que haya lugar.<\/font><\/p>\n<p style=\"margin-top: 0; margin-bottom: 0\" align=\"justify\"><font face=\"Verdana\" size=\"2\"><br \/>Par\u00e1grafo. No aplicar\u00e1 lo previsto en el inciso anterior en aquellos proyectos de inversi\u00f3n que cuenten con cofinanciaci\u00f3n de recursos del Sistema General de Regal\u00edas aprobada por el \u00d3rgano Colegiado de Administraci\u00f3n de Decisi\u00f3n (OCAD) respectivo, caso en el cual el FNR-EL girar\u00e1 al ejecutor los saldos pendientes a m\u00e1s tardar al 30 de septiembre de 2017, seg\u00fan lo dispuesto por el inciso 2\u00b0 del art\u00edculo 142 de la Ley 1530 de 2012 y quedar\u00e1n sometidos al Sistema de Monitoreo Seguimiento Control y Evaluaci\u00f3n (SMSCE) del Sistema General de Regal\u00edas, previa entrega del informe administrativo y financiero del estado de los mismos por el FNR-EL. Los citados proyectos no ser\u00e1n objeto de p\u00e9rdida de fuerza ejecutoria o cierre de proyectos de inversi\u00f3n.<\/font><\/p>\n<p style=\"margin-top: 0; margin-bottom: 0\" align=\"justify\"><font face=\"Verdana\" size=\"2\"><br \/>Para los dem\u00e1s proyectos de inversi\u00f3n la labor de control y vigilancia que adelanta el Departamento Nacional de Planeaci\u00f3n, termina el 30 de diciembre de 2017.<\/font><\/p>\n<p style=\"margin-top: 0; margin-bottom: 0\" align=\"justify\">&nbsp;<\/p>\n<p style=\"margin-top: 0; margin-bottom: 0\" align=\"justify\"><font face=\"Verdana\" size=\"2\"><br \/><b>Art\u00edculo 84. <\/b>En los procesos de otorgamiento y renovaci\u00f3n de permisos para uso del espectro radioel\u00e9ctrico en las bandas destinadas a la prestaci\u00f3n de servicios m\u00f3viles terrestres IMT, el Ministerio de Tecnolog\u00edas de la Informaci\u00f3n y las Comunicaciones, adem\u00e1s de las condiciones de otorgamiento y sostenibilidad de los permisos, podr\u00e1 establecer para los asignatarios de los permisos obligaciones de hacer como forma de pago del valor del espectro, tales como conectividad de la red de telecomunicaciones para seguridad p\u00fablica, atenci\u00f3n de emergencias y mitigaci\u00f3n de desastres, conectividad a internet para escuelas p\u00fablicas y cubrimiento en zonas rurales. <\/font><\/p>\n<p style=\"margin-top: 0; margin-bottom: 0\" align=\"justify\">&nbsp;<\/p>\n<p style=\"margin-top: 0; margin-bottom: 0\" align=\"justify\">&nbsp;<\/p>\n<p style=\"margin-top: 0; margin-bottom: 0\" align=\"justify\"><font face=\"Verdana\" size=\"2\"><b>Art\u00edculo 85. <\/b>Para efectos de atenuar en el mercado interno el impacto de las fluctuaciones de los precios de los combustibles en los mercados internacionales, conforme lo disponen los art\u00edculos 69 de la Ley 1151 de 2007 y 101 de la Ley 1450 de 2011, el Ministerio de Minas y Energ\u00eda podr\u00e1 autorizar la importaci\u00f3n de combustibles con las calidades del pa\u00eds de origen para ser distribuidos de manera exclusiva en los municipios reconocidos por el Gobierno nacional como zonas de frontera.<\/font><\/p>\n<p style=\"margin-top: 0; margin-bottom: 0\" align=\"justify\">&nbsp;<\/p>\n<p style=\"margin-top: 0; margin-bottom: 0\" align=\"justify\"><font face=\"Verdana\" size=\"2\"><br \/><b>Art\u00edculo 86. <\/b>La Subcuenta denominada Departamento Archipi\u00e9lago de San Andr\u00e9s, Providencia y Santa Catalina, creada en el Fondo Nacional de Gesti\u00f3n de Riesgo de Desastres, continuar\u00e1 durante la vigencia de la presente ley apoyando el financiamiento de programas y proyectos de inversi\u00f3n para la atenci\u00f3n de las necesidades que surjan por la ocurrencia de un hecho o circunstancia que genere un efecto econ\u00f3mico y social negativo de car\u00e1cter prolongado, as\u00ed como para los recursos destinados al cumplimiento de programas estrat\u00e9gicos que para el efecto defina el Gobierno nacional para el Archipi\u00e9lago de San Andr\u00e9s, Providencia y Santa Catalina.<\/font><\/p>\n<p style=\"margin-top: 0; margin-bottom: 0\" align=\"justify\"><font face=\"Verdana\" size=\"2\"><br \/>Par\u00e1grafo. Lo dispuesto en este art\u00edculo no imposibilita para que, en caso de as\u00ed requerirse, se pueda atender gasto en ese Departamento, con cargo a los recursos de las dem\u00e1s subcuentas que integran el Fondo.<\/font><\/p>\n<p style=\"margin-top: 0; margin-bottom: 0\" align=\"justify\">&nbsp;<\/p>\n<p style=\"margin-top: 0; margin-bottom: 0\" align=\"justify\"><font face=\"Verdana\" size=\"2\"><br \/><b>Art\u00edculo 87.<\/b> Los recursos apropiados en la Unidad Nacional de Protecci\u00f3n son para cubrir la totalidad del gasto de protecci\u00f3n del 1\u00b0 de enero hasta el 31 de diciembre de 2017, en consecuencia, el Consejo de Estudio de Riesgos y Recomendaciones de Medidas (Cerrem) no podr\u00e1 ordenar la implementaci\u00f3n de medidas de protecci\u00f3n a cargo de la Unidad Nacional de Protecci\u00f3n sino hasta el monto de las apropiaciones contenidas en la Ley Anual de Presupuesto para dicha entidad.<\/font><\/p>\n<p style=\"margin-top: 0; margin-bottom: 0\" align=\"justify\">&nbsp;<\/p>\n<p style=\"margin-top: 0; margin-bottom: 0\" align=\"justify\"><font face=\"Verdana\" size=\"2\"><br \/><b>Art\u00edculo 88.<\/b> Como requisito para la aprobaci\u00f3n de nuevos registros calificados o para la renovaci\u00f3n de los existentes, el Ministerio de Educaci\u00f3n Nacional deber\u00e1 verificar que los recursos para el desarrollo de los mismos cuenten con apropiaci\u00f3n presupuestal disponible, de conformidad con lo dispuesto en el art\u00edculo 71 del Estatuto Org\u00e1nico del Presupuesto.<\/font><\/p>\n<p style=\"margin-top: 0; margin-bottom: 0\" align=\"justify\">&nbsp;<\/p>\n<p style=\"margin-top: 0; margin-bottom: 0\" align=\"justify\"><font face=\"Verdana\" size=\"2\"><br \/><b>Art\u00edculo 89. <\/b>El Ministerio de Educaci\u00f3n Nacional apoyar\u00e1 el Programa de Alimentaci\u00f3n Escolar (PAE) de que trata el art\u00edculo 76.17 de la Ley 715 de 2001 con los recursos que le sean apropiados en el Presupuesto General de la Naci\u00f3n. De manera excepcional, y de acuerdo con la reglamentaci\u00f3n que para el efecto se expida, el Ministerio de Educaci\u00f3n Nacional podr\u00e1 ejecutar directamente los recursos del PAE que le sean apropiados en su presupuesto de inversi\u00f3n.<\/font><\/p>\n<p style=\"margin-top: 0; margin-bottom: 0\" align=\"justify\"><font face=\"Verdana\" size=\"2\"><br \/>Los recursos que sean transferidos por el Ministerio de Educaci\u00f3n Nacional para la operaci\u00f3n del PAE, deber\u00e1n ser ejecutados por las Entidades Territoriales Certificadas en forma concurrente con las dem\u00e1s fuentes de financiaci\u00f3n para la alimentaci\u00f3n escolar que establezca la normatividad vigente. Para la distribuci\u00f3n de los recursos de que trata este art\u00edculo, se deber\u00e1n establecer criterios de priorizaci\u00f3n de las entidades destinatarias, basados en los principios de eficiencia y equidad. <\/p>\n<p style=\"margin-top: 0; margin-bottom: 0\" align=\"justify\"><font face=\"Verdana\" size=\"2\">Par\u00e1grafo. Las entidades territoriales certificadas podr\u00e1n celebrar convenios de asociaci\u00f3n para la administraci\u00f3n y ejecuci\u00f3n del PAE con los Municipios no certificados en educaci\u00f3n, de su jurisdicci\u00f3n, garantiz\u00e1ndose siempre el uso concurrente de todos los recursos de financiaci\u00f3n para la alimentaci\u00f3n escolar que establezca la normatividad vigente.<\/font><\/p>\n<p style=\"margin-top: 0; margin-bottom: 0\" align=\"justify\">&nbsp;<\/p>\n<p style=\"margin-top: 0; margin-bottom: 0\" align=\"justify\"><font face=\"Verdana\" size=\"2\"><br \/><b>Art\u00edculo 90.<\/b> Durante la vigencia fiscal 2017, el Gobierno nacional podr\u00e1 concurrir con Colpensiones en el pago de las costas judiciales y agencias en derecho de los procesos judiciales que por concepto de prestaciones pensionales condenaron al extinto Instituto de Seguros Sociales. Para este efecto, Colpensiones y el Patrimonio Aut\u00f3nomo de Remanentes del I.S.S., realizar\u00e1n las acciones necesarias para depurar la informaci\u00f3n correspondiente.<\/font><\/p>\n<p style=\"margin-top: 0; margin-bottom: 0\" align=\"justify\">&nbsp;<\/p>\n<p style=\"margin-top: 0; margin-bottom: 0\" align=\"justify\"><font face=\"Verdana\" size=\"2\"><br \/><b>Art\u00edculo 91. <\/b>El Ministerio de Minas y Energ\u00eda podr\u00e1 financiar proyectos consistentes en l\u00edneas de cr\u00e9dito con tasa compensada, o el otorgamiento de garant\u00edas financieras que faciliten el acceso al cr\u00e9dito a la peque\u00f1a miner\u00eda, dentro del programa de formalizaci\u00f3n minera.<\/font><\/p>\n<p style=\"margin-top: 0; margin-bottom: 0\" align=\"justify\">&nbsp;<\/p>\n<p style=\"margin-top: 0; margin-bottom: 0\" align=\"justify\"><font face=\"Verdana\" size=\"2\"><br \/><b>Art\u00edculo 92.<\/b> El Ministerio de Educaci\u00f3n Nacional (MEN) en el marco del Programa Ser Pilo Paga, reconocer\u00e1, a trav\u00e9s del Icetex, a las Universidades P\u00fablicas acreditadas en alta calidad que reciban estudiantes beneficiarios de dicho programa, el valor correspondiente al costo asociado a los nuevos cupos creados para la atenci\u00f3n de estos estudiantes. El MEN determinar\u00e1 la metodolog\u00eda para estimar los nuevos cupos y el costo asociado a cada nuevo cupo. Los recursos reconocidos por esta v\u00eda no har\u00e1n parte de la base presupuestal de las universidades que los reciban.<\/font><\/p>\n<p style=\"margin-top: 0; margin-bottom: 0\" align=\"justify\">&nbsp;<\/p>\n<p style=\"margin-top: 0; margin-bottom: 0\" align=\"justify\"><font face=\"Verdana\" size=\"2\"><br \/><b>Art\u00edculo 93. <\/b>La Direcci\u00f3n General de Cr\u00e9dito P\u00fablico y Tesoro Nacional trasladar\u00e1 directamente, sin operaci\u00f3n presupuestal, los recursos de la Cuenta Especial Fondes al Fondo Nacional para el Desarrollo de la Infraestructura (Fondes), administrado por la Financiera de Desarrollo Nacional (FDN). Para el caso de los t\u00edtulos, dicho traslado se realizar\u00e1 por su valor contable, valorado a su tasa de adquisici\u00f3n. Los costos y gastos de administraci\u00f3n del Fondes se atender\u00e1n con los rendimientos financieros generados por dicho fondo.<\/font><\/p>\n<p style=\"margin-top: 0; margin-bottom: 0\" align=\"justify\"><font face=\"Verdana\" size=\"2\"><br \/>Los recursos que reciba el Fondes desde la Cuenta Especial Fondes, podr\u00e1n ser invertidos conforme al r\u00e9gimen general autorizado para talfondo. Adicionalmente, este podr\u00e1 invertir en instrumentos emitidos por la FDN que computen en su capital regulatorio conforme al Decreto 2555 de 2010 o las normas que lo sustituyan, modifiquen o adicionen. Los t\u00edtulos que sean recibidos por el Fondes en virtud del traslado desde la Cuenta Especial Fondes, podr\u00e1n ser redimidos, pagados, recomprados o sustituidos por la FDN durante la vigencia de la presente ley, independiente del plazo transcurrido desde su emisi\u00f3n, siempre que los t\u00edtulos o recursos sean invertidos, reemplazados, intercambiados o sustituidos por instrumentos emitidos por la misma FDN, que computen en su capital regulatorio, conforme al Decreto 2555 de 2010 o las normas, que lo sustituyan, modifiquen o adicionen.<\/font><\/p>\n<p style=\"margin-top: 0; margin-bottom: 0\" align=\"justify\">&nbsp;<\/p>\n<p style=\"margin-top: 0; margin-bottom: 0\" align=\"justify\"><font face=\"Verdana\" size=\"2\"><br \/><b>Art\u00edculo 94. <\/b>Con el objeto de garantizar la ejecuci\u00f3n de los proyectos de inversi\u00f3n financiados con asignaciones del Fondo Nacional de Regal\u00edas vinculados a la Acci\u00f3n Popular para el saneamiento del r\u00edo Bogot\u00e1, y dar cumplimiento a la Sentencia proferida por el Consejo de Estado el 28 de marzo de 2014, Expediente AP-25000-23-27-000-2001-90479-01, el liquidador del FNR, previo informe administrativo y financiero del estado de los proyectos de inversi\u00f3n dirigido al Consejo Estrat\u00e9gico de la Cuenca Hidrogr\u00e1fica del R\u00edo Bogot\u00e1, y\/o a la Gerencia de la Cuenca Hidrogr\u00e1fica del R\u00edo Bogot\u00e1 (GHH), o quien haga sus veces, girar\u00e1 directamente a las entidades ejecutoras responsables, de acuerdo con las condiciones fiscales y la disponibilidad presupuestal de la Naci\u00f3n, as\u00ed como de las necesidades financieras del proyecto, a m\u00e1s tardar el 30 de diciembre de 2017, los saldos pendientes de giro para cada proyecto. En caso de existir giros pendientes se atender\u00e1n con cargo a los recursos de la Naci\u00f3n en las siguientes vigencias. El giro efectivo de los recursos ser\u00e1 comunicado a la autoridad judicial.<\/font><\/p>\n<p style=\"margin-top: 0; margin-bottom: 0\" align=\"justify\"><font face=\"Verdana\" size=\"2\"><br \/>Los citados proyectos no ser\u00e1n objeto de p\u00e9rdida de fuerza ejecutoria o cierre de proyectos de inversi\u00f3n por la liquidaci\u00f3n del FNR, debiendo las entidades ejecutoras reportar cada seis meses el avance de la ejecuci\u00f3n al Consejo Estrat\u00e9gico de la Cuenca Hidrogr\u00e1fica del R\u00edo Bogot\u00e1, y\/o a la Gerencia de la Cuenca Hidrogr\u00e1fica del R\u00edo Bogot\u00e1 (GCH), seg\u00fan corresponda.<\/font><\/p>\n<p style=\"margin-top: 0; margin-bottom: 0\" align=\"justify\"><font face=\"Verdana\" size=\"2\"><br \/>Par\u00e1grafo. En aquellos eventos en que la entidad ejecutora tenga impuesta medida de suspensi\u00f3n preventiva, los recursos ser\u00e1n dispuestos a \u00f3rdenes de la autoridad judicial correspondiente y girados al ejecutor una vez as\u00ed lo autorice e informe a la autoridad judicial el Consejo Estrat\u00e9gico de la Cuenca Hidrogr\u00e1fica del R\u00edo Bogot\u00e1, o con posterioridad, la Gerencia de la Cuenca Hidrogr\u00e1fica del R\u00edo Bogot\u00e1 (GHH), previa certificaci\u00f3n por el ejecutor de la normalizaci\u00f3n de las condiciones para la ejecuci\u00f3n de los proyectos.<\/font><\/p>\n<p style=\"margin-top: 0; margin-bottom: 0\" align=\"justify\">&nbsp;<\/p>\n<p style=\"margin-top: 0; margin-bottom: 0\" align=\"justify\"><font face=\"Verdana\" size=\"2\"><br \/><b>Art\u00edculo 95.<\/b> Conforme a lo previsto en el art\u00edculo 20 del Decreto 604 de 2013, el presupuesto para el funcionamiento del Servicio Social Complementario de Beneficios Econ\u00f3micos Peri\u00f3dicos (BEPS) de que trata la Ley 1328 de 2009, apropiado en el Presupuesto General de la Naci\u00f3n ser\u00e1 transferido directamente, sin que medie ning\u00fan convenio, por el Ministerio del Trabajo a Colpensiones como administradora del programa, entidad que le reportar\u00e1 la ejecuci\u00f3n presupuestal mediante informes mensuales.<\/font><\/p>\n<p style=\"margin-top: 0; margin-bottom: 0\" align=\"justify\">&nbsp;<\/p>\n<p style=\"margin-top: 0; margin-bottom: 0\" align=\"justify\"><font face=\"Verdana\" size=\"2\"><br \/><b>Art\u00edculo 96.<\/b> La Naci\u00f3n, a trav\u00e9s de la Oficina de Bonos Pensionales del Ministerio de Hacienda y Cr\u00e9dito P\u00fablico y la Administradora Colombiana de Pensiones (Colpensiones), en virtud del art\u00edculo 3\u00b0 del Decreto 3798 de 2003, podr\u00e1n compensar deudas rec\u00edprocas, por concepto de Bonos Pensionales Tipo A pagados por la Naci\u00f3n por cuenta de Colpensiones, y obligaciones exigibles a cargo de la Naci\u00f3n a favor de Colpensiones, por concepto de Bonos Pensionales Tipo B y T, sin afectaci\u00f3n presupuestal. Para tal efecto, ser\u00e1 suficiente que las entidades, lleven a cabo los registros contables a que haya lugar. En el evento, en el que, una vez efectuada la compensaci\u00f3n, subsistan obligaciones a cargo de la Naci\u00f3n y\/o Colpensiones, corresponder\u00e1 a la entidad deudora, estimar e incluir en el presupuesto de cada vigencia fiscal, la apropiaci\u00f3n presupuestal con los recursos necesarios, con el fin de efectuar los pagos de las obligaciones, a su cargo.<\/font><\/p>\n<p style=\"margin-top: 0; margin-bottom: 0\" align=\"justify\">&nbsp;<\/p>\n<p style=\"margin-top: 0; margin-bottom: 0\" align=\"justify\"><font face=\"Verdana\" size=\"2\"><b><br \/>Art\u00edculo 97.<\/b> Las entidades responsables del Sistema Penitenciario y Carcelario del pa\u00eds del orden nacional, dar\u00e1n prioridad en la ejecuci\u00f3n con sus respectivos presupuestos, a la atenci\u00f3n integral a la poblaci\u00f3n penitenciaria y carcelaria, en cumplimiento de las Sentencias de la Corte Constitucional T-388 de 2013 y T-762 de 2015.<\/font><\/p>\n<p style=\"margin-top: 0; margin-bottom: 0\" align=\"justify\">&nbsp;<\/p>\n<p style=\"margin-top: 0; margin-bottom: 0\" align=\"justify\"><font face=\"Verdana\" size=\"2\"><br \/><b>Art\u00edculo 98.<\/b> De acuerdo con lo establecido en el art\u00edculo 255 de la Ley 1753 de 2015, la progresividad en la compensaci\u00f3n del impuesto predial a los municipios donde existen territorios colectivos de comunidades negras, para el a\u00f1o 2017 ser\u00e1 del 25% del valor a compensar, teniendo en cuenta para su liquidaci\u00f3n el valor del aval\u00fao para la vigencia fiscal 2016, certificado por la autoridad competente, por la tarifa promedio ponderada determinada por el respectivo municipio. El porcentaje dejado de compensar no es acumulable para su pago en posteriores vigencias fiscales.<\/font><\/p>\n<p style=\"margin-top: 0; margin-bottom: 0\" align=\"justify\"><font face=\"Verdana\" size=\"2\"> <\/p>\n<p style=\"margin-top: 0; margin-bottom: 0\" align=\"justify\"><font face=\"Verdana\" size=\"2\"><b>Art\u00edculo 99.<\/b> Con el \u00e1nimo de garantizar el derecho al pago oportuno de las mesadas pensionales, Colpensiones podr\u00e1 recurrir a los recursos de liquidez que tenga disponibles, cualquiera que sea su origen, con el prop\u00f3sito de atender el pago de las obligaciones previstas en los art\u00edculos 137 y 138 de la Ley 100 de 1993. Estos recursos ser\u00e1n devueltos por la Naci\u00f3n a Colpensiones, bajo los t\u00e9rminos y condiciones acordados por las partes. <\/p>\n<p style=\"margin-top: 0; margin-bottom: 0\" align=\"justify\">&nbsp;<\/p>\n<p style=\"margin-top: 0; margin-bottom: 0\" align=\"justify\"><font face=\"Verdana\" size=\"2\"><b>Art\u00edculo 100.<\/b> En desarrollo de la Ley 1324 de 2009 el Instituto Colombiano para la Evaluaci\u00f3n de la Educaci\u00f3n (Icfes) durante la vigencia 2017, incorporar\u00e1 a su presupuesto los excedentes financieros de que disponga a 31 de diciembre de 2016, y los destinar\u00e1 al financiamiento o cofinanciamiento prioritario de las pruebas Saber 3\u00b0, 5\u00b0 y 9\u00b0, pruebas para ascenso y reubicaci\u00f3n en el Escalaf\u00f3n docente y pruebas para el concurso docente.<\/font><\/p>\n<p style=\"margin-top: 0; margin-bottom: 0\" align=\"justify\">&nbsp;<\/p>\n<p style=\"margin-top: 0; margin-bottom: 0\" align=\"justify\"><font face=\"Verdana\" size=\"2\"><br \/><b>Art\u00edculo 101. Saldos disponibles en fondos del Icetex.<\/b> Para la vigencia 2017, los saldos disponibles en fondos del Icetex aportados por el Ministerio de Educaci\u00f3n Nacional que formen parte de fondos en administraci\u00f3n, las utilidades de que trata el numeral 2 del art\u00edculo 2\u00b0 de la Ley 1002 de 2005, as\u00ed como hasta el 75% de los fondos de garant\u00edas que administre la entidad al cierre de la vigencia 2016, ser\u00e1n incorporados al presupuesto del Ministerio de Educaci\u00f3n Nacional sin situaci\u00f3n de fondos, para el otorgamiento de cr\u00e9ditos condonables o becas a trav\u00e9s del Icetex.<\/font><\/p>\n<p style=\"margin-top: 0; margin-bottom: 0\" align=\"justify\"><font face=\"Verdana\" size=\"2\"><br \/>En caso de requerirse, la Naci\u00f3n concurrir\u00e1 hasta por el monto de los recursos utilizados de los fondos de garant\u00edas del inciso anterior.<\/font><\/p>\n<p style=\"margin-top: 0; margin-bottom: 0\" align=\"justify\">&nbsp;<\/p>\n<p style=\"margin-top: 0; margin-bottom: 0\" align=\"justify\"><font face=\"Verdana\" size=\"2\"><br \/><b>Art\u00edculo 102. Fondo Inversiones para la Paz.<\/b> Todos los programas y proyectos en carreteras y aeropuertos, que no est\u00e9n a cargo de la Naci\u00f3n y que est\u00e9n financiados con recursos del Fondo de Inversiones para la Paz que est\u00e1 adscrito al Departamento Administrativo para la Prosperidad Social, podr\u00e1n ser ejecutados por el Instituto Nacional de V\u00edas, la Unidad Administrativa Especial de la Aeron\u00e1utica Civil o mediante convenios con las entidades territoriales seg\u00fan sea el caso.<\/font><\/p>\n<p style=\"margin-top: 0; margin-bottom: 0\" align=\"justify\"><font face=\"Verdana\" size=\"2\"> <\/p>\n<p style=\"margin-top: 0; margin-bottom: 0\" align=\"justify\"><font face=\"Verdana\" size=\"2\"><b>Art\u00edculo 103. Reprogramaci\u00f3n de vigencias futuras Fondo Adaptaci\u00f3n.<\/b> Con el fin de mantener la consistencia fiscal del Presupuesto General de la Naci\u00f3n para la vigencia fiscal 2017 y atender gastos prioritarios en sectores estrat\u00e9gicos, el Fondo Adaptaci\u00f3n reprogramar\u00e1 los compromisos realizados con cargo a vigencias futuras, autorizadas por el Confis para la vigencia fiscal 2017. Con este prop\u00f3sito, se ajustar\u00e1 la programaci\u00f3n de los diferentes proyectos para que sea consistente con el nuevo escenario fiscal, hasta por la suma de $1.200.000.000.000 del Fondo Adaptaci\u00f3n.<\/font><\/p>\n<p style=\"margin-top: 0; margin-bottom: 0\" align=\"justify\"><font face=\"Verdana\" size=\"2\"><br \/>El Ministerio de Transporte y sus entidades adscritas deber\u00e1n adelantar las gestiones conducentes para reprogramar las vigencias futuras autorizadas para 2017 en los diferentes proyectos de inversi\u00f3n con el prop\u00f3sito de destinar recursos para el mejoramiento y mantenimiento de la red terciaria hasta por la suma de $200 mil millones.<\/font><\/p>\n<p style=\"margin-top: 0; margin-bottom: 0\" align=\"justify\"><font face=\"Verdana\" size=\"2\"><br \/>Para dar cumplimiento a lo se\u00f1alado en presente art\u00edculo el Gobierno nacional en el decreto de liquidaci\u00f3n har\u00e1 los ajustes correspondientes.<\/font><\/p>\n<p style=\"margin-top: 0; margin-bottom: 0\" align=\"justify\">&nbsp;<\/p>\n<p style=\"margin-top: 0; margin-bottom: 0\" align=\"justify\"><font face=\"Verdana\" size=\"2\"><br \/><b>Art\u00edculo 104. Plan de Austeridad del Gasto.<\/b> Durante la vigencia fiscal de 2017, los \u00f3rganos que hacen parte del presupuesto general de la Naci\u00f3n, en cumplimiento del Plan de Austeridad y del Decreto 1068 de 2915, se abstendr\u00e1n de realizar las siguientes actividades:<\/font><\/p>\n<p style=\"margin-top: 0; margin-bottom: 0\" align=\"justify\"><font face=\"Verdana\" size=\"2\"><br \/>a) Celebrar contratos de prestaci\u00f3n de servicios con personas naturales o jur\u00eddicas. Solo proceder\u00e1 la contrataci\u00f3n cuando no exista personal de planta con capacidad para realizar las actividades que ser\u00e1n contratadas; <\/p>\n<p style=\"margin-top: 0; margin-bottom: 0\" align=\"justify\"><font face=\"Verdana\" size=\"2\">b) Celebrar contratos de publicidad y\/o propaganda personalizada (agendas, almanaques, libretas, pocillos, vasos, esferos, etc.), adquirir libros, revistas, o similares; imprimir informes, folletos o textos institucionales;<\/font><\/p>\n<p style=\"margin-top: 0; margin-bottom: 0\" align=\"justify\"><font face=\"Verdana\" size=\"2\"><br \/>c) Realizar publicaciones impresas cuando se cuente con espacio web para realizarlas; en caso de hacerlo no ser\u00e1n a color y papeles especiales, y dem\u00e1s caracter\u00edsticas que superen el costo m\u00ednimo de publicaci\u00f3n y presentaci\u00f3n;<\/font><\/p>\n<p style=\"margin-top: 0; margin-bottom: 0\" align=\"justify\"><font face=\"Verdana\" size=\"2\"><br \/>d) Iniciar, cualquier tipo de contrataci\u00f3n que implique mejoras suntuarias, tales como el embellecimiento, la ornamentaci\u00f3n o la instalaci\u00f3n o adecuaci\u00f3n de acabados est\u00e9ticos de bienes inmuebles. El mantenimiento a bienes inmuebles, solo proceder\u00e1 cuando de no hacerse se ponga en riesgo la seguridad de los funcionarios p\u00fablicos;<\/font><\/p>\n<p style=\"margin-top: 0; margin-bottom: 0\" align=\"justify\"><font face=\"Verdana\" size=\"2\"><br \/>e) Adquirir bienes muebles no necesarios para el normal funcionamiento de las instituciones tales como neveras, televisores, equipos audiovisuales, video bean, computadores port\u00e1tiles, tableros interactivos, calentadores, hornos, etc.; <\/p>\n<p style=\"margin-top: 0; margin-bottom: 0\" align=\"justify\"><font face=\"Verdana\" size=\"2\">f) Adquirir veh\u00edculos automotores;<\/font><\/p>\n<p style=\"margin-top: 0; margin-bottom: 0\" align=\"justify\"><font face=\"Verdana\" size=\"2\"><br \/>g) Cambiar de sedes. Solo proceder\u00e1 cuando no genere impacto presupuestal o su necesidad haga inaplazable su construcci\u00f3n;<\/font><\/p>\n<p style=\"margin-top: 0; margin-bottom: 0\" align=\"justify\"><font face=\"Verdana\" size=\"2\"><br \/>h) Realizar recepciones, fiestas, agasajos o conmemoraciones de las entidades con cargo a los recursos del Tesoro P\u00fablico. Otorgar condecoraciones de cualquier tipo; <\/p>\n<p style=\"margin-top: 0; margin-bottom: 0\" align=\"justify\"><font face=\"Verdana\" size=\"2\">i) Adquirir regalos corporativos, souvenir o recuerdos.<\/font><\/p>\n<p style=\"margin-top: 0; margin-bottom: 0\" align=\"justify\"><font face=\"Verdana\" size=\"2\"><br \/>Se deber\u00e1 justificar la necesidad de los gastos viaje y vi\u00e1ticos, los cuales solo ser\u00e1n en clase econ\u00f3mica, excepto los se\u00f1alados en el art\u00edculo 2.2.5.11.5 del Decreto 1083 de 2015. Las Oficinas de Control Interno verificar\u00e1n en forma mensual el cumplimiento de estas disposiciones.<\/font><\/p>\n<p style=\"margin-top: 0; margin-bottom: 0\" align=\"justify\">&nbsp;<\/p>\n<p style=\"margin-top: 0; margin-bottom: 0\" align=\"justify\"><font face=\"Verdana\" size=\"2\"><br \/><b>Art\u00edculo 105. Acci\u00f3n de repetici\u00f3n.<\/b> Las entidades p\u00fablicas obligadas a ejercer la acci\u00f3n de repetici\u00f3n, contenida en el art\u00edculo 4\u00b0 de la Ley 678 de 2001, semestralmente reportar\u00e1n para lo de su competencia a la Contralor\u00eda General de la Rep\u00fablica y a la Procuradur\u00eda General de la Naci\u00f3n, acerca de cada uno de los fallos judiciales pagados con dineros p\u00fablicos durante el per\u00edodo respectivo, anexando la correspondiente certificaci\u00f3n del Comit\u00e9 de Conciliaci\u00f3n, donde conste el fundamento de la decisi\u00f3n de iniciar o no, las respectivas acciones de repetici\u00f3n.<\/font><\/p>\n<p style=\"margin-top: 0; margin-bottom: 0\" align=\"justify\"><font face=\"Verdana\" size=\"2\"><br \/>As\u00ed mismo, dentro de los dos (2) meses siguientes a la decisi\u00f3n del Comit\u00e9 de Conciliaci\u00f3n, se remitir\u00e1n a los organismos de control mencionados en el ac\u00e1pite anterior, las constancias de radicaci\u00f3n de las respectivas acciones ante el funcionario judicial competente.<\/font><\/p>\n<p style=\"margin-top: 0; margin-bottom: 0\" align=\"justify\"><font face=\"Verdana\" size=\"2\"><br \/>Par\u00e1grafo 1. Lo dispuesto en el presente art\u00edculo tendr\u00e1 efecto para todos los fallos que se hayan pagado a la entrada en vigencia de la presente ley y que a\u00fan no hayan sido objeto de acci\u00f3n de repetici\u00f3n.<\/font><\/p>\n<p style=\"margin-top: 0; margin-bottom: 0\" align=\"justify\">&nbsp;<\/p>\n<p style=\"margin-top: 0; margin-bottom: 0\" align=\"justify\"><font face=\"Verdana\" size=\"2\"><br \/><b>Art\u00edculo 106. Demandas de inversi\u00f3n internacional.<\/b> El pago de honorarios y gastos judiciales o arbitrales que se generen en procesos originados en controversias Inversionista &#8211; Estado en los que Colombia sea parte o deba intervenir, y en los procesos que se adelanten en instancias internacionales relacionadas con obligaciones de Colombia en materia de inversi\u00f3n contenidas en tratados internacionales, se imputar\u00e1 a los presupuestos de las entidades relacionadas con el sector originador de la controversia. La agencia de Defensa Jur\u00eddica del Estado y el Ministerio de Comercio, Industria y Turismo, organismo este \u00faltimo facultado para coordinar la defensa del Estado colombiano en las controversias internacionales de inversi\u00f3n recibir\u00e1n estos recursos para la debida ejecuci\u00f3n de los pagos mencionados.<\/font><\/p>\n<p style=\"margin-top: 0; margin-bottom: 0\" align=\"justify\">&nbsp;<\/p>\n<p style=\"margin-top: 0; margin-bottom: 0\" align=\"justify\"><font face=\"Verdana\" size=\"2\"><br \/><b>Art\u00edculo 107. Contratos Plan. <\/b>Destinaci\u00f3n de recursos de Contratos Plan para la estructuraci\u00f3n de proyectos. Los recursos provenientes del Presupuesto General de la Naci\u00f3n que est\u00e9n destinados a financiar iniciativas o proyectos priorizados en los Contratos Plan, podr\u00e1n destinarse a reconocer los costos derivados de la estructuraci\u00f3n t\u00e9cnica, legal y financiera de proyectos que hayan estructurado entidades financieras del orden nacional con participaci\u00f3n estatal o instituciones educativas de educaci\u00f3n superior acreditadas institucionalmente.<\/font><\/p>\n<p style=\"margin-top: 0; margin-bottom: 0\" align=\"justify\"><font face=\"Verdana\" size=\"2\"><br \/>Para el efecto, las entidades territoriales a trav\u00e9s del departamento deber\u00e1n presentar ante los Consejos Directivos de cada Contrato Plan la correspondiente solicitud con los soportes que acrediten los costos de la estructuraci\u00f3n de los proyectos integrados a los costos de inversi\u00f3n del proyecto, diferenciando en todo caso, los costos de la estructuraci\u00f3n de la utilidad del estructurador. Una vez aprobado el proyecto se deber\u00e1 transferir los recursos, exceptuando el valor de la utilidad, en la estructuraci\u00f3n de otros nuevos proyectos o iniciativas priorizadas en el marco de los Contratos Plan.<\/font><\/p>\n<p style=\"margin-top: 0; margin-bottom: 0\" align=\"justify\">&nbsp;<\/p>\n<p style=\"margin-top: 0; margin-bottom: 0\" align=\"justify\"><font face=\"Verdana\" size=\"2\"><br \/><b>Art\u00edculo 108. CISA inmuebles revocados. <\/b>Las entidades que en virtud del art\u00edculo 26 de la Ley 1420 de 2010 y el art\u00edculo 238 de la Ley 1450 de 2011 hayan transferido inmuebles al colector de activos p\u00fablicos de la Naci\u00f3n, Central de Inversiones S. A. (CISA) y que posteriormente fueron revocados, deber\u00e1n apropiar el valor de los gastos en los cuales incurri\u00f3 CISA durante el tiempo anterior a dicha revocatoria, con el fin de proceder a cancelar estos gastos a dicho Colector.<\/font><\/p>\n<p style=\"margin-top: 0; margin-bottom: 0\" align=\"justify\">&nbsp;<\/p>\n<p style=\"margin-top: 0; margin-bottom: 0\" align=\"justify\"><font face=\"Verdana\" size=\"2\"><br \/><b>Art\u00edculo 109. Capitalizaci\u00f3n Satena.<\/b> Autor\u00edzase a la Naci\u00f3n &#8211; Ministerio de Hacienda y Cr\u00e9dito P\u00fablico para capitalizar al Servicio A\u00e9reo a Territorios Nacionales S. A. (Satena), en la vigencia 2017 a trav\u00e9s de asunci\u00f3n de la deuda con establecimientos financieros por el saldo en balance al corte del 31 de diciembre de 2016 debidamente certificado por el Representante Legal y Revisor Fiscal. A cambio, la Naci\u00f3n &#8211; Ministerio de Hacienda y Cr\u00e9dito P\u00fablico recibir\u00e1 acciones de dicha empresa por un valor equivalente al valor de la capitalizaci\u00f3n.<\/font><\/p>\n<p style=\"margin-top: 0; margin-bottom: 0\" align=\"justify\">&nbsp;<\/p>\n<p style=\"margin-top: 0; margin-bottom: 0\" align=\"justify\"><font face=\"Verdana\" size=\"2\"><br \/><b>Art\u00edculo 110. Cruce de cuentas Superintendencia del Subsidio Familiar vs. Fosfec<\/b>. La Superintendencia del Subsidio Familiar trasladar\u00e1 a las Cajas de Compensaci\u00f3n Familiar los recursos programados y no ejecutados en a\u00f1os anteriores y que fueron consignados en la Tesorer\u00eda General de la Naci\u00f3n. Para tal efecto conjuntamente con la Direcci\u00f3n General de Cr\u00e9dito P\u00fablico y Tesoro Nacional, esta entidad efectuar\u00e1 un cruce de cuentas entre los recursos apropiados y los ejecutados para que la DGCP-TN gire a las Cajas los recursos no ejecutados en vigencias anteriores, los cuales en cumplimiento de lo dispuesto en el literal b) del art\u00edculo 6\u00b0 de la Ley 789 de 2002 y el numeral 2 del art\u00edculo 6\u00b0 de la Ley 1636 de 2013 se deben trasladar para financiar el Fondo de Solidaridad de Fomento al Empleo y Protecci\u00f3n al Cesante (Fosfec).<\/font><\/p>\n<p style=\"margin-top: 0; margin-bottom: 0\" align=\"justify\">&nbsp;<\/p>\n<p style=\"margin-top: 0; margin-bottom: 0\" align=\"justify\"><font face=\"Verdana\" size=\"2\"><br \/><b>Art\u00edculo 111. Subsidios el\u00e9ctricos.<\/b> Los recursos provenientes de convenios suscritos entre la Agencia Nacional de Hidrocarburos (ANH) y la Financiera de Desarrollo Naci\u00f3n (FDN) ser\u00e1n dispuestos para el pago de subsidios el\u00e9ctricos de que trata la Ley 142 de 1994, a trav\u00e9s de la Direcci\u00f3n General de Cr\u00e9dito P\u00fablico o directamente a trav\u00e9s de Ministerio de Minas y Energ\u00eda. <\/p>\n<p style=\"margin-top: 0; margin-bottom: 0\" align=\"justify\">&nbsp;<\/p>\n<p style=\"margin-top: 0; margin-bottom: 0\" align=\"justify\"><b><font face=\"Verdana\" size=\"2\">Art\u00edculo 112. Asistencia y representaci\u00f3n judicial de entidades p\u00fablicas.<\/font><\/b><font face=\"Verdana\" size=\"2\"> Austeridad en los gastos. Dentro del marco de austeridad presupuestal y de colaboraci\u00f3n arm\u00f3nica que debe orientar las actuaciones administrativas de las distintas autoridades y entidades del Estado, y con el fin de reducir costos de desplazamientos y gastos judiciales:<\/font><\/p>\n<p style=\"margin-top: 0; margin-bottom: 0\" align=\"justify\"><font face=\"Verdana\" size=\"2\"><br \/>a) Cuando varias entidades de la administraci\u00f3n p\u00fablica tanto del orden nacional como territorial, act\u00faen como demandantes o demandadas dentro de un proceso judicial, podr\u00e1n de com\u00fan acuerdo con los apoderados judiciales que uno de ellos tome la representaci\u00f3n judicial de las restantes para la comparecencia de las audiencias que dentro del respectivo proceso hayan sido convocadas o por ley deban asistir. Para tal efecto la entidad encomendada a asumir la representaci\u00f3n judicial para la audiencia correspondiente, estar\u00e1 en capacidad y queda facultada para disponer uno de sus apoderados o funcionarios que reciba los poderes que se requieran;<\/font><\/p>\n<p style=\"margin-top: 0; margin-bottom: 0\" align=\"justify\"><font face=\"Verdana\" size=\"2\"><br \/>b) En materia de cobro de costas judiciales en que varias entidades de la Rama Ejecutiva, entre ellas el Ministerio de Hacienda y Cr\u00e9dito P\u00fablico, sean beneficiarias de los mismos, el recaudo de la totalidad de ellas estar\u00e1 a cargo del Ministerio de Hacienda y Cr\u00e9dito P\u00fablico quien queda facultado para iniciar los cobros judiciales o extrajudiciales respectivos.<\/font><\/p>\n<p style=\"margin-top: 0; margin-bottom: 0\" align=\"justify\"><font face=\"Verdana\" size=\"2\"><br \/>Cuando las costas incluyan agencias en derecho las mismas se entender\u00e1n a favor de la entidad p\u00fablica y no del apoderado que las representa.<\/font><\/p>\n<p style=\"margin-top: 0; margin-bottom: 0\" align=\"justify\"><font face=\"Verdana\" size=\"2\"><br \/>Sin perjuicio de lo dispuesto en el literal a) del presente art\u00edculo, las entidades podr\u00e1n a trav\u00e9s de la modalidad de teletrabajo, representar y vigilar los procesos en las diferentes zonas del pa\u00eds.<\/font><\/p>\n<p style=\"margin-top: 0; margin-bottom: 0\" align=\"justify\">&nbsp;<\/p>\n<p style=\"margin-top: 0; margin-bottom: 0\" align=\"justify\"><font face=\"Verdana\" size=\"2\"><br \/><b>Art\u00edculo 113. Transferencia a RTVC.<\/b> El Fondo de Tecnolog\u00edas de la Informaci\u00f3n y las Comunicaciones transferir\u00e1 a Radio Televisi\u00f3n Nacional de Colombia (RTVC), gestor de la radio y televisi\u00f3n p\u00fablica, los recursos suficientes para la prestaci\u00f3n del servicio y el fortalecimiento de la radio p\u00fablica nacional de Colombia, la administraci\u00f3n, operaci\u00f3n y mantenimiento de la red p\u00fablica nacional de radio, la migraci\u00f3n de los medios p\u00fablicos a las plataformas convergentes y la recuperaci\u00f3n de la memoria de la radio y la televisi\u00f3n p\u00fablica durante la vigencia 2017.<\/font><\/p>\n<p style=\"margin-top: 0; margin-bottom: 0\" align=\"justify\">&nbsp;<\/p>\n<p style=\"margin-top: 0; margin-bottom: 0\" align=\"justify\"><font face=\"Verdana\" size=\"2\"><br \/><b>Art\u00edculo 114. Dimar. <\/b>Con los recursos del portafolio de la Direcci\u00f3n General Mar\u00edtima (Dimar) se podr\u00e1n financiar inversiones hasta por la suma de $30 mil millones, en el sector de Defensa durante la vigencia fiscal 2017. La Dimar transferir\u00e1 estos recursos al Tesoro Nacional y har\u00e1 los ajustes contables a que haya lugar.<\/font><\/p>\n<p style=\"margin-top: 0; margin-bottom: 0\" align=\"justify\">&nbsp;<\/p>\n<p style=\"margin-top: 0; margin-bottom: 0\" align=\"justify\"><font face=\"Verdana\" size=\"2\"><br \/><b>Art\u00edculo 115. Superintendencia de Notariado y Registro.<\/b> Con los recursos provenientes de la Ley 55 de 1985, por concepto de tarifas del ejercicio de la funci\u00f3n registral en las oficinas de registro que recauda la Superintendencia de Notariado y Registro, se atender\u00e1n adicionalmente gastos de inversi\u00f3n por $72 mil millones en la Fiscal\u00eda, Rama Judicial, Uspec, Ministerio de Justicia y del Derecho e ICBF, seg\u00fan los valores presupuestados en cada una de ellas. La Superintendencia har\u00e1 los ajustes contables a que haya lugar.<\/font><\/p>\n<p style=\"margin-top: 0; margin-bottom: 0\" align=\"justify\">&nbsp;<\/p>\n<p style=\"margin-top: 0; margin-bottom: 0\" align=\"justify\"><font face=\"Verdana\" size=\"2\"><br \/><b>Art\u00edculo 116. Madres Comunitarias, Famis y Sustitutas.<\/b> Las Madres Comunitarias, Famis y Sustitutas que ostentaban esta condici\u00f3n entre el 29 de enero de 2003 y el 14 de abril de 2008 y no tuvieron acceso al Fondo de Solidaridad Pensional, durante este periodo podr\u00e1n beneficiarse del pago del valor actuarial de las cotizaciones para el citado periodo, conforme lo establece el art\u00edculo 166 de la Ley 1450 de 2011.<\/font><\/p>\n<p style=\"margin-top: 0; margin-bottom: 0\" align=\"justify\">&nbsp;<\/p>\n<p style=\"margin-top: 0; margin-bottom: 0\" align=\"justify\"><font face=\"Verdana\" size=\"2\"><br \/><b>Art\u00edculo 117. Afiliaci\u00f3n de madres sustitutas al R\u00e9gimen Contributivo del Sistema General de Seguridad Social en Salud.<\/b> Las madres sustitutas, que forman parte de la Modalidad Hogares Sustitutos del Instituto Colombiano de Bienestar Familiar, se afiliar\u00e1n, con su grupo familiar, al R\u00e9gimen Contributivo del Sistema General de Seguridad Social en Salud y se har\u00e1n acreedoras de todas las prestaciones asistenciales y econ\u00f3micas derivadas del sistema de salud.<\/font><\/p>\n<p style=\"margin-top: 0; margin-bottom: 0\" align=\"justify\"><font face=\"Verdana\" size=\"2\"><br \/>Las madres sustitutas cotizar\u00e1n mensualmente como aporte al Sistema General de Seguridad Social en Salud, en calidad de trabajadores independientes, un valor equivalente al cuatro por ciento (4%) de la suma que reciben mensualmente por concepto de beca del Instituto Colombiano de Bienestar Familiar. Dicho aporte se recaudar\u00e1 a trav\u00e9s de la Planilla Integrada de Liquidaci\u00f3n de Aportes (PILA).<\/font><\/p>\n<p style=\"margin-top: 0; margin-bottom: 0\" align=\"justify\"><font face=\"Verdana\" size=\"2\"><br \/>Par\u00e1grafo 1. La base de cotizaci\u00f3n para la liquidaci\u00f3n de aportes con destino a la seguridad social en salud por parte de las madres sustitutas as\u00ed como las prestaciones econ\u00f3micas, se har\u00e1 teniendo en cuenta la beca que efectivamente reciban por concepto de bonificaci\u00f3n de conformidad con lo dispuesto en la ley.<\/font><\/p>\n<p style=\"margin-top: 0; margin-bottom: 0\" align=\"justify\"><font face=\"Verdana\" size=\"2\"><br \/>Par\u00e1grafo 2. El Sistema General de Seguridad Social en Salud reconocer\u00e1 a las Empresas Administradoras de Planes de Beneficio (EAPB) escogidas por las beneficiarias, los valores correspondientes a las Unidades de Pago por Capitaci\u00f3n del R\u00e9gimen Contributivo, transfiriendo los recursos necesarios de la subcuenta de solidaridad a la subcuenta de compensaci\u00f3n en los valores correspondientes a las Unidades de Pago por Capitaci\u00f3n subsidiada.<\/font><\/p>\n<p style=\"margin-top: 0; margin-bottom: 0\" align=\"justify\"><font face=\"Verdana\" size=\"2\"><br \/>Par\u00e1grafo 3. La diferencia que resulte entre las Unidades de Pago por Capitaci\u00f3n (UPC), subsidiadas, no cubierta con los aportes de las Madres a que hace referencia el par\u00e1grafo 1\u00b0 del presente art\u00edculo, y con las transferencias previstas por el mismo, ser\u00e1 satisfecha con el porcentaje que sea necesario, de los rendimientos producidos por el Fondo de Solidaridad y Garant\u00eda (Fosyga).<\/font><\/p>\n<p style=\"margin-top: 0; margin-bottom: 0\" align=\"justify\">&nbsp;<\/p>\n<p style=\"margin-top: 0; margin-bottom: 0\" align=\"justify\"><font face=\"Verdana\" size=\"2\"><br \/><b>Art\u00edculo 118. Garant\u00eda de acceso de las madres comunitarias al Fondo de Solidaridad Pensional. <\/b>Garant\u00eda de Acceso de las Madres Comunitarias al Fondo de Solidaridad Pensional-Subcuenta de Solidaridad. Con el fin de garantizar el acceso de las madres comunitarias que al momento de la expedici\u00f3n de esta norma conserven tal calidad, al subsidio al aporte de la Subcuenta de Solidaridad de que trata la Ley 797 de 2003, por una \u00fanica vez y dentro de los 6 meses siguientes a la vigencia de la presente ley, las madres comunitarias que se encuentren afiliadas al R\u00e9gimen de Ahorro Individual podr\u00e1n trasladarse al R\u00e9gimen de Prima Media.<\/font><\/p>\n<p style=\"margin-top: 0; margin-bottom: 0\" align=\"justify\"><font face=\"Verdana\" size=\"2\"><br \/>Para estos efectos, no son aplicables los plazos de que trata el literal e) del art\u00edculo 13 de la Ley 100 de 1993, modificado por el art\u00edculo 2\u00b0 de la Ley 797 de 2003. El Instituto Colombiano de Bienestar Familiar (ICBF), o quien haga sus veces, deber\u00e1 acreditar la calidad de las Madres Comunitarias, con el fin de que puedan realizar el traslado de R\u00e9gimen de que trata este art\u00edculo.<\/font><\/p>\n<p style=\"margin-top: 0; margin-bottom: 0\" align=\"justify\"><font face=\"Verdana\" size=\"2\"><br \/>Par\u00e1grafo 1. Las Madres Comunitarias que se vinculen al programa de hogares comunitarios con posterioridad a la vigencia de esta ley y que se encuentren afiliadas en pensiones al R\u00e9gimen de Ahorro Individual podr\u00e1n trasladarse al R\u00e9gimen de Prima Media con Prestaci\u00f3n Definida sin que le sean aplicables los t\u00e9rminos m\u00ednimos de traslado de que trata el literal e) del art\u00edculo 13 de la Ley 100 de 1993, modificado por el art\u00edculo 2\u00b0 de la Ley 797 de 2003, con el fin de que sean beneficiarias del Programa de Subsidio al Aporte. Para los efectos de este art\u00edculo, el Instituto Colombiano de Bienestar Familiar (ICBF) deber\u00e1 acreditar la calidad de las Madres Comunitarias, con el fin de que puedan realizar el traslado de R\u00e9gimen.<\/font><\/p>\n<p style=\"margin-top: 0; margin-bottom: 0\" align=\"justify\"><font face=\"Verdana\" size=\"2\"><br \/>Par\u00e1grafo 2. Las Asociaciones de Padres o en su defecto las Direcciones Territoriales del ICBF deber\u00e1n adelantar una campa\u00f1a dirigida a las madres comunitarias, para informarles sobre la posibilidad de traslado de que trata el presente art\u00edculo.<\/font><\/p>\n<p style=\"margin-top: 0; margin-bottom: 0\" align=\"justify\">&nbsp;<\/p>\n<p style=\"margin-top: 0; margin-bottom: 0\" align=\"justify\"><font face=\"Verdana\" size=\"2\"><br \/><b>Art\u00edculo 119. <\/b>Subsidio subcuenta de subsistencia del Fondo de Solidaridad Pensional, para madres sustitutas. Tendr\u00e1n acceso al subsidio otorgado por la subcuenta de subsistencia del Fondo de Solidaridad Pensional, las personas que dejaron de ser madres sustitutas que no re\u00fanan los requisitos para tener una pensi\u00f3n y cumplan las siguientes condiciones:<\/font><\/p>\n<p style=\"margin-top: 0; margin-bottom: 0\" align=\"justify\"><font face=\"Verdana\" size=\"2\"><br \/>a) Ser colombiano;<br \/>b) Tener como m\u00ednimo 57 a\u00f1os de edad si es mujer o 62 a\u00f1os si es hombre;<br \/>c) Residir durante los \u00faltimos diez a\u00f1os en el territorio nacional;<br \/>d) Acreditar la condici\u00f3n de retiro como madres sustituta de la modalidad<br \/>de hogares sustitutos del Bienestar Familiar.<\/font><\/p>\n<p style=\"margin-top: 0; margin-bottom: 0\" align=\"justify\"><font face=\"Verdana\" size=\"2\"><br \/>Par\u00e1grafo 1. Criterios de priorizaci\u00f3n. En el proceso de selecci\u00f3n para el acceso al subsidio de la subcuenta de Subsistencia del Fondo de Solidaridad Pensional que adelante el Instituto Colombiano de Bienestar Familiar deber\u00e1 aplicar los siguientes criterios de priorizaci\u00f3n:<\/font><\/p>\n<p style=\"margin-top: 0; margin-bottom: 0\" align=\"justify\"><font face=\"Verdana\" size=\"2\"><br \/>a) La edad del aspirante;<br \/>b) El tiempo de permanencia como madre sustituta;<br \/>c) La minusval\u00eda o discapacidad f\u00edsica o mental del aspirante. <\/p>\n<p style=\"margin-top: 0; margin-bottom: 0\" align=\"justify\"><font face=\"Verdana\" size=\"2\">Los cupos ser\u00e1n asignados anualmente por el Comit\u00e9 Directivo del Fondo de Solidaridad Pensional y las bases de ponderaci\u00f3n de cada uno de los criterios se\u00f1alados, ser\u00e1n las que establezca el Ministerio del Trabajo.<\/font><\/p>\n<p style=\"margin-top: 0; margin-bottom: 0\" align=\"justify\"><font face=\"Verdana\" size=\"2\"><br \/>Par\u00e1grafo 2. P\u00e9rdida del subsidio. La persona beneficiaria perder\u00e1 el subsidio en los siguientes eventos:<\/font><\/p>\n<p style=\"margin-top: 0; margin-bottom: 0\" align=\"justify\"><font face=\"Verdana\" size=\"2\"><br \/>a) Muerte del beneficiario;<br \/>b) Comprobaci\u00f3n de falsedad en la informaci\u00f3n suministrada o intento de conservar fraudulentamente el subsidio;<br \/>c) Percibir una pensi\u00f3n u otra clase de renta;<br \/>d) No cobro consecutivo de subsidios programados en dos giros;<br \/>e) Ser propietario de m\u00e1s de un inmueble.<\/font><\/p>\n<p style=\"margin-top: 0; margin-bottom: 0\" align=\"justify\"><font face=\"Verdana\" size=\"2\"><br \/>Las novedades de las personas beneficiarias ser\u00e1n reportadas al administrador fiduciario de los recursos del Fondo de Solidaridad Pensional por el Instituto Colombiano de Bienestar Familiar (ICBF), conforme con el procedimiento que para tal fin establezca el Ministerio del Trabajo.<\/font><\/p>\n<p style=\"margin-top: 0; margin-bottom: 0\" align=\"justify\"><font face=\"Verdana\" size=\"2\"><br \/>Par\u00e1grafo 3. La identificaci\u00f3n de los posibles beneficiarios a este subsidio la realizar\u00e1 el ICBF.<\/font><\/p>\n<p style=\"margin-top: 0; margin-bottom: 0\" align=\"justify\">&nbsp;<\/p>\n<p style=\"margin-top: 0; margin-bottom: 0\" align=\"justify\"><font face=\"Verdana\" size=\"2\"><br \/><b>Art\u00edculo 120.<\/b> Ejecuci\u00f3n programas y proyectos de inversi\u00f3n por las FF. MM. En desarrollo de la Pol\u00edtica Integral de Seguridad y Defensa para la Prosperidad, contenida en el Plan Nacional de Desarrollo, las Fuerzas Militares podr\u00e1n ejecutar Programas y Proyectos de Inversi\u00f3n para fortalecer las estrategias tendientes a consolidar la presencia institucional tales como: obras de infraestructura, dotaci\u00f3n y mantenimiento, garantizando el bienestar de la poblaci\u00f3n afectada por la situaci\u00f3n de violencia generada por los grupos armados al margen de la ley.<\/font><\/p>\n<p style=\"margin-top: 0; margin-bottom: 0\" align=\"justify\">&nbsp;<\/p>\n<p style=\"margin-top: 0; margin-bottom: 0\" align=\"justify\"><font face=\"Verdana\" size=\"2\"><br \/><b>Art\u00edculo 121. Distritos de riego<\/b>. La Naci\u00f3n asignar\u00e1 un monto de recursos destinados a cubrir el valor correspondiente a un porcentaje del cincuenta por ciento (50%) del costo de la energ\u00eda el\u00e9ctrica y gas natural que consuman los distritos de riego que utilicen equipos electromec\u00e1nicos para su operaci\u00f3n, debidamente comprobado por las empresas prestadoras del servicio respectivo, de los recursos de los distritos de riego administrados por el Estado o por las asociaciones de usuarios debidamente reconocidos por el Ministerio de Agricultura y Desarrollo Rural.<\/font><\/p>\n<p style=\"margin-top: 0; margin-bottom: 0\" align=\"justify\">&nbsp;<\/p>\n<p style=\"margin-top: 0; margin-bottom: 0\" align=\"justify\"><font face=\"Verdana\" size=\"2\">Par\u00e1grafo 1. Para el caso de los usuarios de riego cuya facturaci\u00f3n sea individual, este beneficio se otorgar\u00e1 solo para aquellos que no posean m\u00e1s de cincuenta (50) hect\u00e1reas.<\/font><\/p>\n<p style=\"margin-top: 0; margin-bottom: 0\" align=\"justify\">&nbsp;<\/p>\n<p style=\"margin-top: 0; margin-bottom: 0\" align=\"justify\"><font face=\"Verdana\" size=\"2\">Par\u00e1grafo 2. Para efectos de la clasificaci\u00f3n de los usuarios del servicio de energ\u00eda el\u00e9ctrica y gas natural, seg\u00fan la Ley 142 de 1994, la utilizaci\u00f3n de estos servicios para el riego dirigido a la producci\u00f3n agropecuaria se clasificar\u00e1 dentro de la clase especial, la cual no pagar\u00e1 contribuci\u00f3n. Adem\u00e1s, con el objeto de comercializar la energ\u00eda el\u00e9ctrica y el gas natural, los usuarios de los distritos de riego, se clasificar\u00e1n como usuarios no regulados.<\/font><\/p>\n<p style=\"margin-top: 0; margin-bottom: 0\" align=\"justify\">&nbsp;<\/p>\n<p style=\"margin-top: 0; margin-bottom: 0\" align=\"justify\"><font face=\"Verdana\" size=\"2\"><br \/><b>Art\u00edculo 122. Cajas de Compensaci\u00f3n Familiar.<\/b> Los recursos de las Cajas de Compensaci\u00f3n Familiar a que hace referencia el art\u00edculo 46 de la Ley 1438 de 2011, que no hayan sido utilizados o transferidos para la financiaci\u00f3n del R\u00e9gimen Subsidiado, deber\u00e1n ser trasladados al Fosyga o quien haga sus veces a m\u00e1s tardar el 31 de enero de 2017.<\/font><\/p>\n<p style=\"margin-top: 0; margin-bottom: 0\" align=\"justify\">&nbsp;<\/p>\n<p style=\"margin-top: 0; margin-bottom: 0\" align=\"justify\"><font face=\"Verdana\" size=\"2\"><br \/><b>Art\u00edculo 123. Presencia del Estado en territorios especiales. <\/b>El Gobierno nacional deber\u00e1 dar prioridad a la ejecuci\u00f3n de los programas y subprogramas destinados a garantizar la presencia efectiva del Estado en el territorio, especialmente en las zonas rurales de los municipios que tengan o hayan tenido presencia de grupos armados o cultivos il\u00edcitos o miner\u00eda ilegal, debiendo realizar las reducciones o aplazamientos que considere necesarios en otras apropiaciones presupuestales.<\/font><\/p>\n<p style=\"margin-top: 0; margin-bottom: 0\" align=\"justify\">&nbsp;<\/p>\n<p style=\"margin-top: 0; margin-bottom: 0\" align=\"justify\"><font face=\"Verdana\" size=\"2\"><br \/><b>Art\u00edculo 124. Informe Congreso.<\/b> La Direcci\u00f3n General del Presupuesto del Ministerio de Hacienda presentar\u00e1 trimestralmente con car\u00e1cter obligatorio a las Comisiones Econ\u00f3micas del Congreso de la Rep\u00fablica el informe detallado de la ejecuci\u00f3n presupuestal de las diferentes entidades que componen el Presupuesto General de la Naci\u00f3n.<\/font><\/p>\n<p style=\"margin-top: 0; margin-bottom: 0\" align=\"justify\">&nbsp;<\/p>\n<p style=\"margin-top: 0; margin-bottom: 0\" align=\"justify\"><font face=\"Verdana\" size=\"2\"><br \/><b>Art\u00edculo 125. Saldo de los recursos de fondos especiales.<\/b> Formar\u00e1n parte de la unidad de caja del Tesoro Nacional como fuente de libre destinaci\u00f3n, el saldo de los recursos de los que tratan las Leyes 487 de 1998 y 633 de 2000, el Decreto n\u00famero 2331 de 1998 y los Decretos Legislativos n\u00fameros 1838 y 1885 de 2002, que se encuentran en fondos y cuentas administradas por el Tesoro Nacional, cuyo objeto o destinaci\u00f3n espec\u00edfica se haya cumplido, y que no hayan sido ejecutados ni presupuestados.<\/font><\/p>\n<p style=\"margin-top: 0; margin-bottom: 0\" align=\"justify\">&nbsp;<\/p>\n<p style=\"margin-top: 0; margin-bottom: 0\" align=\"justify\">&nbsp;<\/p>\n<p style=\"margin-top: 0; margin-bottom: 0\" align=\"justify\"><font face=\"Verdana\" size=\"2\"><b>Art\u00edculo 126<\/b>. Los patrimonios aut\u00f3nomos cuya administraci\u00f3n haya sido asignada por ley al Banco de Comercio de Colombia S. A. Banc\u00f3ldex, podr\u00e1n administrarse directamente por este o a trav\u00e9s de sus filiales.<\/font><\/p>\n<p style=\"margin-top: 0; margin-bottom: 0\" align=\"justify\">&nbsp;<\/p>\n<p style=\"margin-top: 0; margin-bottom: 0\" align=\"justify\"><font face=\"Verdana\" size=\"2\"><br \/><b>Art\u00edculo 127. <\/b>Autor\u00edcese a la Rama Judicial \u2013 Consejo Superior de la Judicatura \u2013 para que con cargo al presupuesto que se asigne a la Rama Judicial en la Ley de Presupuesto de Rentas y Recursos de Capital y Ley de Apropiaciones para la vigencia fiscal de 1\u00ba de enero a 31 de diciembre de 2017, se cubran los gastos generados por la creaci\u00f3n de los doce (12) cargos de magistrados de descongesti\u00f3n de la Sala de Casaci\u00f3n Laboral de la Corte Suprema de Justicia, contemplados en el art\u00edculo 2\u00ba de la Ley 1781 de 2016.<\/font><\/p>\n<p style=\"margin-top: 0; margin-bottom: 0\" align=\"justify\">&nbsp;<\/p>\n<p style=\"margin-top: 0; margin-bottom: 0\" align=\"justify\"><font face=\"Verdana\" size=\"2\"><br \/><b>Art\u00edculo 128. Fonsecon.<\/b> Con cargo al portafolio del Fondo de Seguridad y Convivencia Ciudadana (Fonsecon) a 31 de diciembre de 2016, y durante la vigencia de la presente ley, se financiar\u00e1n gastos del Sector Defensa y Polic\u00eda hasta por la suma de $250 mil millones.<\/font><\/p>\n<p style=\"margin-top: 0; margin-bottom: 0\" align=\"justify\"><font face=\"Verdana\" size=\"2\"><br \/>Para dar cumplimiento a lo anterior, el Ministerio de Hacienda y Cr\u00e9dito P\u00fablico, administrador del portafolio del Fondo Nacional de Seguridad y Convivencia Ciudadana (Fonsecon), situar\u00e1 estos recursos, sin perjuicio del recaudo anual del fondo, situados como recursos corrientes al Ministerio del Interior. Si, con posterioridad al cumplimiento de lo aqu\u00ed se\u00f1alado se requieren recursos para cumplir las obligaciones a cargo del Fonsecon que no cuenten con la liquidez necesaria, estas se atender\u00e1n con cargo a los recursos de la Naci\u00f3n en las siguientes vigencias fiscales, de ser necesario hasta por la cuant\u00eda se\u00f1alada anteriormente.<\/font><\/p>\n<p style=\"margin-top: 0; margin-bottom: 0\" align=\"justify\">&nbsp;<\/p>\n<p style=\"margin-top: 0; margin-bottom: 0\" align=\"justify\"><font face=\"Verdana\" size=\"2\"><br \/><b>Art\u00edculo 129. Fondo de Investigaci\u00f3n en Salud (FIS).<\/b> De los recursos del Fondo de Investigaci\u00f3n en Salud al que se refiere la Ley 643 de 2001 administrados por el Departamento Administrativo de Ciencia, Tecnolog\u00eda e Innovaci\u00f3n (Colciencias) y que pertenecen a la Naci\u00f3n, podr\u00e1n destinarse para financiar el programa de becas cr\u00e9dito establecido en el par\u00e1grafo 1\u00b0 del art\u00edculo 193 de la Ley 100 de 1993. El monto que se destine para financiar las becas no podr\u00e1 ser superior al 40% de los recursos apropiados al Fondo de Investigaci\u00f3n en Salud, y siempre que las apropiaciones presupuestales sean superiores a las del a\u00f1o inmediatamente anterior.<\/font><\/p>\n<p style=\"margin-top: 0; margin-bottom: 0\" align=\"justify\"><font face=\"Verdana\" size=\"2\"><br \/>El monto se definir\u00e1 conjuntamente entre Departamento Administrativo de Ciencia, Tecnolog\u00eda e Innovaci\u00f3n (Colciencias) y el Ministerio de Salud y Protecci\u00f3n Social, para la formaci\u00f3n de m\u00e9dicos especialistas en \u00e1reas cl\u00ednicas y quir\u00fargicas, y de esta forma contribuir a la generaci\u00f3n de conocimiento cient\u00edfico y tecnol\u00f3gico para el desarrollo econ\u00f3mico y social del pa\u00eds y apoyar a la consolidaci\u00f3n de capacidades en ciencia, tecnolog\u00eda e innovaci\u00f3n. Para el efecto, Colciencias entregar\u00e1 el monto definido al Icetex, con destino al Fondo Ministerio de Salud y Protecci\u00f3n Social \u2013 Icetex (Ley 100 de 1993).<\/font><\/p>\n<p style=\"margin-top: 0; margin-bottom: 0\" align=\"justify\">&nbsp;<\/p>\n<p style=\"margin-top: 0; margin-bottom: 0\" align=\"justify\"><font face=\"Verdana\" size=\"2\"><br \/><b>Art\u00edculo 130. Fondo para la Sostenibilidad Ambiental y Desarrollo Rural Sostenible en zonas afectadas por el conflicto.<\/b> El Fondo de que trata el art\u00edculo 116 de la Ley 1769 de 2015 creado como una cuenta sin personer\u00eda jur\u00eddica estar\u00e1 adscrito a la Presidencia de la Rep\u00fablica. Su funcionamiento, operaci\u00f3n y administraci\u00f3n ser\u00e1 reglamentado por el Gobierno nacional.<\/font><\/p>\n<p style=\"margin-top: 0; margin-bottom: 0\" align=\"justify\"><font face=\"Verdana\" size=\"2\"><br \/>El Fondo, adem\u00e1s de lo se\u00f1alado en el referido art\u00edculo, tendr\u00e1 como finalidad i) articular el financiamiento para el posconflicto y mejorar la operaci\u00f3n y financiaci\u00f3n de las iniciativas de construcci\u00f3n de paz en un marco de fortalecimiento del Estado de derecho; ii) mejorar la focalizaci\u00f3n geogr\u00e1fica y la priorizaci\u00f3n tem\u00e1tica de las intervenciones p\u00fablicas, privadas y de la cooperaci\u00f3n internacional (construcci\u00f3n de un portafolio de inversiones priorizadas siguiendo la estructura program\u00e1tica del posconflicto); y iii) fortalecer los sistemas de monitoreo, reporte y verificaci\u00f3n del impacto de las acciones e inversiones encaminadas a estos prop\u00f3sitos.<\/font><\/p>\n<p style=\"margin-top: 0; margin-bottom: 0\" align=\"justify\"><font face=\"Verdana\" size=\"2\"><br \/>La asignaci\u00f3n de recursos por parte del Ministerio de Hacienda y Cr\u00e9dito P\u00fablico al Fondo se har\u00e1 previa solicitud formulada por el Departamento Administrativo de la Presidencia de la Rep\u00fablica de acuerdo con los planes de acci\u00f3n correspondientes.<\/font><\/p>\n<p style=\"margin-top: 0; margin-bottom: 0\" align=\"justify\"><font face=\"Verdana\" size=\"2\"><br \/>Par\u00e1grafo 1. Las inversiones en v\u00edas terciarias se priorizar\u00e1n y en lo posible se ejecutar\u00e1n, con participaci\u00f3n decisoria de las respectivas comunidades beneficiarias. Otras inversiones tambi\u00e9n usar\u00e1n mecanismos de participaci\u00f3n decisoria de la comunidad.<\/font><\/p>\n<p style=\"margin-top: 0; margin-bottom: 0\" align=\"justify\"><font face=\"Verdana\" size=\"2\"><br \/>Par\u00e1grafo 2. En el decreto de liquidaci\u00f3n se se\u00f1alar\u00e1n las inversiones de los Ministerios y Organismos del Gobierno nacional que se ejecutar\u00e1n en \u00e1reas priorizadas por la Presidencia de la Rep\u00fablica en la pol\u00edtica del posconflicto. A ellas se les aplicar\u00e1n los criterios de participaci\u00f3n comunitaria establecidos en el par\u00e1grafo 1\u00b0 de este art\u00edculo. <\/p>\n<p style=\"margin-top: 0; margin-bottom: 0\" align=\"justify\">&nbsp;<\/p>\n<p style=\"margin-top: 0; margin-bottom: 0\" align=\"justify\"><font face=\"Verdana\" size=\"2\"><b>Art\u00edculo 131.<\/b> Con el fin de facilitar la ejecuci\u00f3n de los recursos destinados a la estructuraci\u00f3n y ejecuci\u00f3n de proyectos integrales de reducci\u00f3n del riesgo y adaptaci\u00f3n al cambio clim\u00e1tico y contribuir a la reducci\u00f3n de la vulnerabilidad fiscal del Estado, las apropiaciones presupuestales para desarrollar el objeto del Fondo Adaptaci\u00f3n, se contratar\u00e1n seg\u00fan lo previsto en el art\u00edculo 7\u00b0 del Decreto n\u00famero 4819 de 2010. Dichas apropiaciones presupuestales podr\u00e1n ser destinadas para ejecutar iniciativas que tengan por objeto la construcci\u00f3n, mejoramiento o reparaci\u00f3n de viviendas afectadas por desastres naturales o calamidades p\u00fablicas, o que se encuentren en zonas de riesgo cuya no oportuna intervenci\u00f3n por parte del Estado, pueda generar responsabilidad fiscal a futuro; la reubicaci\u00f3n o reasentamiento de hogares localizados en zonas de alto riesgo no mitigable; obra p\u00fablica que intervengan la Red Vial Nacional afectada en el pasado por fen\u00f3menos clim\u00e1ticos extremos; obras para el desarrollo de infraestructura vial, pavimentaci\u00f3n local, servicios p\u00fablicos domiciliarios, alumbrado p\u00fablico y el desarrollo de infraestructura social afecta a la prestaci\u00f3n de los servicios de salud, educaci\u00f3n, seguridad y justicia, tales como hospitales, centros m\u00e9dicos; centros de atenci\u00f3n de primera infancia y adultos mayores, escuelas de primaria, secundaria, universidades, institutos tecnol\u00f3gicos, instituciones de investigaci\u00f3n.<\/font><\/p>\n<p style=\"margin-top: 0; margin-bottom: 0\" align=\"justify\">&nbsp;<\/p>\n<p style=\"margin-top: 0; margin-bottom: 0\" align=\"justify\"><font face=\"Verdana\" size=\"2\"><br \/><b>Art\u00edculo 132. <\/b>En concordancia de lo previsto por el art\u00edculo 23 de la Ley 226 de 1995, el valor correspondiente al 10% del producto neto de la enajenaci\u00f3n de la participaci\u00f3n accionaria de la Naci\u00f3n en la Empresa Isag\u00e9n S. A. E. S. P., se invertir\u00e1 por parte del Gobierno nacional en proyectos de infraestructura con impacto regional en las entidades territoriales donde se encuentra ubicada la actividad principal de la empresa, de conformidad con sus planes de desarrollo.<\/font><\/p>\n<p style=\"margin-top: 0; margin-bottom: 0\" align=\"justify\"><font face=\"Verdana\" size=\"2\"><br \/>Para tal efecto, estos recursos por valor de $649.066.579.218 se trasladar\u00e1n del presupuesto de funcionamiento \u2013 transferencias al de inversi\u00f3n \u2013 programa y subprograma 1302-1000 en el presupuesto del Ministerio de Hacienda y Cr\u00e9dito P\u00fablico, se distribuir\u00e1n en las entidades territoriales de acuerdo a las siguientes participaciones que corresponden a la capacidad instalada certificada por la empresa en el momento de la enajenaci\u00f3n:&nbsp;&nbsp; <\/font><\/p>\n<p style=\"margin-top: 0; margin-bottom: 0\" align=\"justify\">&nbsp;<\/p>\n<div align=\"justify\">\n<table border=\"1\" cellpadding=\"6\" cellspacing=\"0\" width=\"100%\">\n<tr>\n<td align=\"center\"><b><font face=\"Verdana\" size=\"2\">DEPARTAMENTO<\/font><\/b><\/td>\n<td align=\"center\"><b><font face=\"Verdana\" size=\"2\">CENTRAL <\/font><\/b><\/td>\n<td align=\"center\"><b><font face=\"Verdana\" size=\"2\">Gwh Instalados<\/font><\/b><\/td>\n<td align=\"center\"><b><font face=\"Verdana\" size=\"2\">Total <\/font><\/b><\/td>\n<td align=\"center\"><b><font face=\"Verdana\" size=\"2\">Participaci\u00f3n<\/font><\/b><\/td>\n<\/tr>\n<tr>\n<td rowspan=\"3\"><font face=\"Verdana\" size=\"2\">ANTIOQUIA<\/font><\/td>\n<td><font face=\"Verdana\" size=\"2\">SAN CARLOS <\/font><\/td>\n<td><font face=\"Verdana\" size=\"2\">1240<\/font><\/td>\n<td rowspan=\"3\"><font face=\"Verdana\" size=\"2\">1436 <\/font><\/td>\n<td rowspan=\"3\"><font face=\"Verdana\" size=\"2\">47,36%<\/font><\/td>\n<\/tr>\n<tr>\n<td><font face=\"Verdana\" size=\"2\">JAGUAS <\/font><\/td>\n<td><font face=\"Verdana\" size=\"2\">170 <\/font><\/td>\n<\/tr>\n<tr>\n<td><font face=\"Verdana\" size=\"2\">CALDERAS <\/font><\/td>\n<td><font face=\"Verdana\" size=\"2\">26<\/font><\/td>\n<\/tr>\n<tr>\n<td rowspan=\"2\"><font face=\"Verdana\" size=\"2\">SANTANDER<\/font><\/td>\n<td><font face=\"Verdana\" size=\"2\">TERMOCENTRO <\/font><\/td>\n<td><font face=\"Verdana\" size=\"2\">300<\/font><\/td>\n<td rowspan=\"2\"><font face=\"Verdana\" size=\"2\">1120 <\/font><\/td>\n<td rowspan=\"2\"><font face=\"Verdana\" size=\"2\">36,94% <\/font><\/td>\n<\/tr>\n<tr>\n<td><font face=\"Verdana\" size=\"2\">SOGAMOSO <\/font><\/td>\n<td><font face=\"Verdana\" size=\"2\">820<\/font><\/td>\n<\/tr>\n<tr>\n<td><font face=\"Verdana\" size=\"2\">CALDAS&nbsp; <\/font><\/td>\n<td><font face=\"Verdana\" size=\"2\">MIEL <\/font><\/td>\n<td><font face=\"Verdana\" size=\"2\">396<\/font><\/td>\n<td><font face=\"Verdana\" size=\"2\">396 <\/font><\/td>\n<td><font face=\"Verdana\" size=\"2\">13,06%<\/font><\/td>\n<\/tr>\n<tr>\n<td><font face=\"Verdana\" size=\"2\">TOLIMA <\/font><\/td>\n<td><font face=\"Verdana\" size=\"2\">AMOY\u00c1 <\/font><\/td>\n<td><font face=\"Verdana\" size=\"2\">80<\/font><\/td>\n<td><font face=\"Verdana\" size=\"2\">80 <\/font><\/td>\n<td><font face=\"Verdana\" size=\"2\">2,64%<\/font><\/td>\n<\/tr>\n<tr>\n<td colspan=\"2\" align=\"center\"><b><font face=\"Verdana\" size=\"2\">TOTALES&nbsp; <\/font><\/b><\/td>\n<td><b><font face=\"Verdana\" size=\"2\">3032 <\/font><\/b><\/td>\n<td><b><font face=\"Verdana\" size=\"2\">3032<\/font><\/b><\/td>\n<td><b><font face=\"Verdana\" size=\"2\">100%<\/font><\/b><\/td>\n<\/tr>\n<\/table>\n<\/div>\n<p style=\"margin-top: 0; margin-bottom: 0\" align=\"justify\">&nbsp;<\/p>\n<p style=\"margin-top: 0; margin-bottom: 0\" align=\"justify\"><font face=\"Verdana\" size=\"2\">Al interior de cada departamento beneficiario de los recursos, se distribuir\u00e1 la participaci\u00f3n correspondiente en dos partes iguales, una para el departamento y la otra para los municipios del \u00e1rea de influencia de la empresa, municipios que ser\u00e1n definidos por el Gobierno nacional a trav\u00e9s del Ministerio de Minas y Energ\u00eda y el Ministerio de Ambiente y Desarrollo Sostenible en un t\u00e9rmino no superior a tres (3) meses. Las inversiones a las que hace referencia el presente art\u00edculo, podr\u00e1n realizarse mediante la suscripci\u00f3n de convenios y\/o contratos interadministrativos, previo cumplimiento de los requisitos legales, entre las entidades correspondientes del Gobierno nacional y los departamentos y\/o municipios.<\/font><\/p>\n<p style=\"margin-top: 0; margin-bottom: 0\" align=\"justify\">&nbsp;<\/p>\n<p style=\"margin-top: 0; margin-bottom: 0\" align=\"justify\"><font face=\"Verdana\" size=\"2\">En el evento en que se presente alguna contingencia jur\u00eddica, las entidades territoriales beneficiarias de lo dispuesto por el presente art\u00edculo, determinar\u00e1n con el Fonpet los mecanismos adecuados para subsanar cualquier situaci\u00f3n posterior.<\/font><\/p>\n<p style=\"margin-top: 0; margin-bottom: 0\" align=\"justify\">&nbsp;<\/p>\n<p style=\"margin-top: 0; margin-bottom: 0\" align=\"justify\"><font face=\"Verdana\" size=\"2\"><br \/><b>Art\u00edculo 133. <\/b>Fac\u00faltese al Gobierno nacional para que incluya en el Presupuesto General de la Naci\u00f3n 2017, una partida con el objeto de continuar con el proceso de nivelaci\u00f3n salarial de los empleados del Congreso de la Rep\u00fablica, recursos que ser\u00e1n utilizados \u00fanica y exclusivamente para el reajuste salarial de la n\u00f3mina de los funcionarios del Congreso que no est\u00e1n vinculados a las Unidades de Trabajo Legislativo. Dichos recursos ser\u00e1n apropiados mediante decreto expedido por el Gobierno nacional por intermedio del Departamento Administrativo de la Funci\u00f3n P\u00fablica.<\/font><\/p>\n<p style=\"margin-top: 0; margin-bottom: 0\" align=\"justify\">&nbsp;<\/p>\n<p style=\"margin-top: 0; margin-bottom: 0\" align=\"justify\"><font face=\"Verdana\" size=\"2\"><br \/><b>Art\u00edculo 134.<\/b> La presente ley rige a partir de la fecha de su publicaci\u00f3n, surte efectos fiscales a partir del 1\u00b0 de enero de 2017.<\/font><\/p>\n<p style=\"margin-top: 0; margin-bottom: 0\" align=\"justify\">&nbsp;<\/p>\n<p style=\"margin-top: 0; margin-bottom: 0\" align=\"center\"><font face=\"Verdana\" size=\"2\"><br \/>El Presidente del honorable Senado de la Rep\u00fablica,<br \/>\u00d3scar Mauricio Lizcano Arango.<\/font><\/p>\n<p style=\"margin-top: 0; margin-bottom: 0\" align=\"center\"><font face=\"Verdana\" size=\"2\"><br \/>El Secretario General del honorable Senado de la Rep\u00fablica,<br \/>Gregorio Eljach Pacheco.<\/font><\/p>\n<p style=\"margin-top: 0; margin-bottom: 0\" align=\"center\"><font face=\"Verdana\" size=\"2\"><br \/>El Presidente de la honorable C\u00e1mara de Representantes,<br \/>Miguel \u00c1ngel Pinto Hern\u00e1ndez.<\/font><\/p>\n<p style=\"margin-top: 0; margin-bottom: 0\" align=\"center\"><font face=\"Verdana\" size=\"2\"><br \/>El Secretario General de la honorable C\u00e1mara de Representantes,<br \/>Jorge Humberto Mantilla Serrano.<\/font><\/p>\n<p style=\"margin-top: 0; margin-bottom: 0\" align=\"center\"><font face=\"Verdana\" size=\"2\"><br \/>REP\u00daBLICA DE COLOMBIA \u2013 GOBIERNO NACIONAL<\/font><\/p>\n<p style=\"margin-top: 0; margin-bottom: 0\" align=\"center\"><font face=\"Verdana\" size=\"2\"><br \/>Publ\u00edquese y C\u00famplase.<br \/>Dada en Bogot\u00e1, D. C., a 7 de diciembre de 2016.<\/font><\/p>\n<p style=\"margin-top: 0; margin-bottom: 0\" align=\"center\"><font face=\"Verdana\" size=\"2\"><br \/>JUAN MANUEL SANTOS CALDER\u00d3N<\/font><\/p>\n<p style=\"margin-top: 0; margin-bottom: 0\" align=\"center\"><font face=\"Verdana\" size=\"2\"><br \/>El Ministro de Hacienda y Cr\u00e9dito P\u00fablico,<br \/>Mauricio C\u00e1rdenas Santamar\u00eda<\/font><\/p>\n","protected":false},"excerpt":{"rendered":"<p>LEY 1815 DE 2016 &nbsp; LEY 1815 DE 2016 (diciembre 7 de 2016) por la cual se decreta el presupuesto de rentas y recursos de capital y ley de apropiaciones para la vigencia fiscal del 1\u00b0 de enero al 31 de diciembre de 2017. &nbsp; El Congreso de Colombia &nbsp; DECRETA &nbsp; PRIMERA PARTE CAP\u00cdTULO [&hellip;]<\/p>\n","protected":false},"author":1,"featured_media":0,"comment_status":"open","ping_status":"open","sticky":false,"template":"","format":"standard","meta":{"footnotes":""},"categories":[31],"tags":[],"class_list":["post-1871","post","type-post","status-publish","format-standard","hentry","category-leyes-2016"],"_links":{"self":[{"href":"https:\/\/www.dmsjuridica.com\/buscador_20179478954\/legislacion\/leyes\/wp-json\/wp\/v2\/posts\/1871","targetHints":{"allow":["GET"]}}],"collection":[{"href":"https:\/\/www.dmsjuridica.com\/buscador_20179478954\/legislacion\/leyes\/wp-json\/wp\/v2\/posts"}],"about":[{"href":"https:\/\/www.dmsjuridica.com\/buscador_20179478954\/legislacion\/leyes\/wp-json\/wp\/v2\/types\/post"}],"author":[{"embeddable":true,"href":"https:\/\/www.dmsjuridica.com\/buscador_20179478954\/legislacion\/leyes\/wp-json\/wp\/v2\/users\/1"}],"replies":[{"embeddable":true,"href":"https:\/\/www.dmsjuridica.com\/buscador_20179478954\/legislacion\/leyes\/wp-json\/wp\/v2\/comments?post=1871"}],"version-history":[{"count":0,"href":"https:\/\/www.dmsjuridica.com\/buscador_20179478954\/legislacion\/leyes\/wp-json\/wp\/v2\/posts\/1871\/revisions"}],"wp:attachment":[{"href":"https:\/\/www.dmsjuridica.com\/buscador_20179478954\/legislacion\/leyes\/wp-json\/wp\/v2\/media?parent=1871"}],"wp:term":[{"taxonomy":"category","embeddable":true,"href":"https:\/\/www.dmsjuridica.com\/buscador_20179478954\/legislacion\/leyes\/wp-json\/wp\/v2\/categories?post=1871"},{"taxonomy":"post_tag","embeddable":true,"href":"https:\/\/www.dmsjuridica.com\/buscador_20179478954\/legislacion\/leyes\/wp-json\/wp\/v2\/tags?post=1871"}],"curies":[{"name":"wp","href":"https:\/\/api.w.org\/{rel}","templated":true}]}}