{"id":1885,"date":"2020-11-25T16:15:23","date_gmt":"2020-11-25T16:15:23","guid":{"rendered":"https:\/\/www.dmsjuridica.com\/buscador_20179478954\/legislacion\/leyes\/2020\/11\/25\/ley-1830-de-2017\/"},"modified":"2020-11-25T16:15:23","modified_gmt":"2020-11-25T16:15:23","slug":"ley-1830-de-2017","status":"publish","type":"post","link":"https:\/\/www.dmsjuridica.com\/buscador_20179478954\/legislacion\/leyes\/2020\/11\/25\/ley-1830-de-2017\/","title":{"rendered":"LEY 1830 DE 2017"},"content":{"rendered":"<p>LEY 1830 DE 2017<\/p>\n<p align=\"center\" style=\"margin-top: 0; margin-bottom: 0\"><font face=\"Verdana\" size=\"2\"><img loading=\"lazy\" decoding=\"async\" border=\"0\" src=\"http:\/\/dmsjuridica.com\/CODIGOS\/LEGISLACION\/LEYES\/2019\/dms.png\" width=\"138\" height=\"103\"><\/font><\/p>\n<p align=\"center\" style=\"margin-top: 0; margin-bottom: 0\">&nbsp;<\/p>\n<p align=\"center\" style=\"margin-top: 0; margin-bottom: 0\"><b><font face=\"Verdana\" size=\"6\">LEY 1830 DE 2017 <\/font><\/b><\/p>\n<p align=\"center\" style=\"margin-top: 0; margin-bottom: 0\">&nbsp;<\/p>\n<p align=\"center\" style=\"margin-top: 0; margin-bottom: 0\"><font face=\"Verdana\" size=\"2\">(marzo 6 DE 2017) <\/font><\/p>\n<p align=\"justify\" style=\"margin-top: 0; margin-bottom: 0\">&nbsp;<\/p>\n<p align=\"center\" style=\"margin-top: 0; margin-bottom: 0\"><i><font face=\"Verdana\" size=\"2\">Por medio de la cual se adiciona un art\u00edculo transitorio a la <b><a hrefx=\"..\/1992\/L0005_92.htm\">Ley 5\u00aa de 1992<\/a><\/b>.<\/font><\/i><\/p>\n<p align=\"justify\" style=\"margin-top: 0; margin-bottom: 0\">&nbsp;<\/p>\n<p align=\"justify\" style=\"margin-top: 0; margin-bottom: 0\">&nbsp;<\/p>\n<p align=\"justify\" style=\"margin-top: 0; margin-bottom: 0\">&nbsp;<\/p>\n<p style=\"margin-top: 0; margin-bottom: 0\" align=\"justify\"><font size=\"2\" face=\"Verdana\"><b>*Nota Jurisprudencial* <\/b> <\/p>\n<div align=\"center\">\n<table border=\"1\" cellpadding=\"6\" cellspacing=\"0\" width=\"100%\" id=\"table5326\">\n<tr>\n<td><b><font size=\"2\" face=\"Verdana\">Corte Constitucional <\/font><\/b><\/td>\n<\/tr>\n<tr>\n<td align=\"justify\">\n<p align=\"justify\"><font face=\"Verdana\" size=\"2\">La Corte Constitucional declarar EXEQUIBLE la Ley 1830 de 2017, mediante Sentencia C-408\/17 del 28 de Junio; Magistrado Ponente Dr.&nbsp; Gloria Stella Ortiz Delgado.<\/font><\/td>\n<\/tr>\n<\/table>\n<\/div>\n<p align=\"justify\" style=\"margin-top: 0; margin-bottom: 0\">&nbsp;<\/p>\n<p align=\"justify\" style=\"margin-top: 0; margin-bottom: 0\">&nbsp;<\/p>\n<p align=\"center\" style=\"margin-top: 0; margin-bottom: 0\"><font face=\"Verdana\" size=\"2\"><br \/><b>El Congreso de Colombia<\/b><\/font><\/p>\n<p align=\"justify\" style=\"margin-top: 0; margin-bottom: 0\">&nbsp;<\/p>\n<p align=\"justify\" style=\"margin-top: 0; margin-bottom: 0\">&nbsp;<\/p>\n<p align=\"justify\" style=\"margin-top: 0; margin-bottom: 0\"><font face=\"Verdana\" size=\"2\">En virtud del procedimiento legislativo especial para la paz, <\/font><\/p>\n<p align=\"justify\" style=\"margin-top: 0; margin-bottom: 0\">&nbsp;<\/p>\n<p align=\"justify\" style=\"margin-top: 0; margin-bottom: 0\">&nbsp;<\/p>\n<p align=\"justify\" style=\"margin-top: 0; margin-bottom: 0\">&nbsp;<\/p>\n<p align=\"center\" style=\"margin-top: 0; margin-bottom: 0\"><b><font face=\"Verdana\" size=\"2\">DECRETA<\/font><\/b><\/p>\n<p align=\"center\" style=\"margin-top: 0; margin-bottom: 0\">&nbsp;<\/p>\n<p align=\"justify\" style=\"margin-top: 0; margin-bottom: 0\">&nbsp;<\/p>\n<p align=\"justify\" style=\"margin-top: 0; margin-bottom: 0\"><font face=\"Verdana\" size=\"2\"><b>Art\u00edculo 1.<\/b> Adici\u00f3nese un nuevo art\u00edculo a la Parte Final de Disposiciones Transitorias de la <b><a hrefx=\"..\/1992\/L0005_92.htm\">Ley 5\u00aa de 1992<\/a><\/b>, el cual quedar\u00e1 as\u00ed: <\/font><\/p>\n<blockquote>\n<p align=\"justify\" style=\"margin-top: 0; margin-bottom: 0\"><font face=\"Verdana\" size=\"2\"><b>Art\u00edculo 7. <\/b>La Agrupaci\u00f3n Pol\u00edtica de ciudadanos en ejercicio que se constituya con el objeto de promover la creaci\u00f3n del futuro partido o movimiento pol\u00edtico que surja del tr\u00e1nsito de las FARC-EP a la vida pol\u00edtica legal, podr\u00e1 designar 3 voceros o voceras en cada una de las c\u00e1maras en que se divide el Congreso de la Rep\u00fablica (Senado y C\u00e1mara de Representantes) para que participen en el debate de los proyectos de reforma constitucional o legal que sean tramitados mediante el Procedimiento Legislativo Especial para la Paz de que trata el Acto Legislativo 01 de 2016. Estos voceros o voceras deber\u00e1n ser ciudadanos o ciudadanas en ejercicio, y se convocar\u00e1n a todas las sesiones en que se discutan tales proyectos. Podr\u00e1n intervenir con las mismas facultades que tienen los Congresistas durante el tr\u00e1mite legislativo, salvo el voto y cumplir\u00e1n a cabalidad con el reglamento del Congreso. El Gobierno nacional garantizar\u00e1 los recursos necesarios para su funcionamiento y trabajo. <\/font><\/p>\n<p align=\"justify\" style=\"margin-top: 0; margin-bottom: 0\">&nbsp;<\/p>\n<p align=\"justify\" style=\"margin-top: 0; margin-bottom: 0\"><font face=\"Verdana\" size=\"2\">Par\u00e1grafo. El Presidente de la Mesa Nacional de Participaci\u00f3n Efectiva de las V\u00edctimas, establecida en la <b><a hrefx=\"..\/2011\/1448.htm\">Ley 1448 de 2011<\/a><\/b>, ser\u00e1 invitado a todas las sesiones en las que se discutan proyectos relacionados con los derechos de las v\u00edctimas y que sean tramitados mediante el Procedimiento Legislativo Especial para la Paz establecido en el Acto Legislativo 01 de 2016, para que sea escuchado en el marco de la sesi\u00f3n informal de conformidad con el art\u00edculo 231 de la <b><a hrefx=\"..\/1992\/L0005_92.htm\">Ley 5\u00aa de 1992<\/a><\/b>. <\/font><\/p>\n<\/blockquote>\n<p align=\"justify\" style=\"margin-top: 0; margin-bottom: 0\">&nbsp;<\/p>\n<p align=\"justify\" style=\"margin-top: 0; margin-bottom: 0\"><font face=\"Verdana\" size=\"2\"><b>Art\u00edculo 2. Vigencia.<\/b> La presente ley rige a partir de su promulgaci\u00f3n. <\/font><\/p>\n<p align=\"justify\" style=\"margin-top: 0; margin-bottom: 0\">&nbsp;<\/p>\n<p align=\"justify\" style=\"margin-top: 0; margin-bottom: 0\">&nbsp;<\/p>\n<p align=\"justify\" style=\"margin-top: 0; margin-bottom: 0\">&nbsp;<\/p>\n<p align=\"center\" style=\"margin-top: 0; margin-bottom: 0\"><font face=\"Verdana\" size=\"2\">El Presidente del honorable Senado de la Rep\u00fablica, <\/font><\/p>\n<p align=\"center\" style=\"margin-top: 0; margin-bottom: 0\"><font face=\"Verdana\" size=\"2\">\u00d3scar Mauricio Lizcano Arango. <\/font><\/p>\n<p align=\"center\" style=\"margin-top: 0; margin-bottom: 0\">&nbsp;<\/p>\n<p align=\"center\" style=\"margin-top: 0; margin-bottom: 0\"><font face=\"Verdana\" size=\"2\">El Secretario General del honorable Senado de la Rep\u00fablica, <\/font><\/p>\n<p align=\"center\" style=\"margin-top: 0; margin-bottom: 0\"><font face=\"Verdana\" size=\"2\">Gregorio Eljach Pacheco.<\/font><\/p>\n<p align=\"center\" style=\"margin-top: 0; margin-bottom: 0\"><font face=\"Verdana\" size=\"2\">&nbsp;<\/font><\/p>\n<p align=\"center\" style=\"margin-top: 0; margin-bottom: 0\"><font face=\"Verdana\" size=\"2\">El Presidente de la honorable C\u00e1mara de Representantes, <\/font><\/p>\n<p align=\"center\" style=\"margin-top: 0; margin-bottom: 0\"><font face=\"Verdana\" size=\"2\">Miguel \u00c1ngel Pinto Hern\u00e1ndez.<\/font><\/p>\n<p align=\"center\" style=\"margin-top: 0; margin-bottom: 0\">&nbsp;<\/p>\n<p align=\"center\" style=\"margin-top: 0; margin-bottom: 0\"><font face=\"Verdana\" size=\"2\">&nbsp;El Secretario General de la honorable C\u00e1mara de Representantes,<\/font><\/p>\n<p align=\"center\" style=\"margin-top: 0; margin-bottom: 0\"><font face=\"Verdana\" size=\"2\">Jorge Humberto Mantilla Serrano. <\/font><\/p>\n<p align=\"center\" style=\"margin-top: 0; margin-bottom: 0\">&nbsp;<\/p>\n<p align=\"center\" style=\"margin-top: 0; margin-bottom: 0\"><font face=\"Verdana\" size=\"2\">REP\u00daBLICA DE COLOMBIA \u2013 GOBIERNO NACIONAL <\/font><\/p>\n<p align=\"justify\" style=\"margin-top: 0; margin-bottom: 0\">&nbsp;<\/p>\n<p align=\"center\" style=\"margin-top: 0; margin-bottom: 0\"><font face=\"Verdana\" size=\"2\">Publ\u00edquese y C\u00famplase. <\/font><\/p>\n<p align=\"center\" style=\"margin-top: 0; margin-bottom: 0\"><font face=\"Verdana\" size=\"2\">Dada en Bogot\u00e1, D. C., a 6 de Marzo de 2017.<\/font><\/p>\n<p align=\"center\" style=\"margin-top: 0; margin-bottom: 0\">&nbsp;<\/p>\n<p align=\"center\" style=\"margin-top: 0; margin-bottom: 0\"><font face=\"Verdana\" size=\"2\">JUAN MANUEL SANTOS CALDER\u00d3N <\/font><\/p>\n<p align=\"center\" style=\"margin-top: 0; margin-bottom: 0\">&nbsp;<\/p>\n<p align=\"center\" style=\"margin-top: 0; margin-bottom: 0\"><font face=\"Verdana\" size=\"2\">El Ministro del Interior, <\/font><\/p>\n<p align=\"center\" style=\"margin-top: 0; margin-bottom: 0\"><font face=\"Verdana\" size=\"2\">Juan Fernando Cristo Bustos. <\/font><\/p>\n<p align=\"center\" style=\"margin-top: 0; margin-bottom: 0\">&nbsp;<\/p>\n<p align=\"center\" style=\"margin-top: 0; margin-bottom: 0\"><font face=\"Verdana\" size=\"2\">El Ministro de Hacienda y Cr\u00e9dito P\u00fablico, <\/font><\/p>\n<p align=\"center\" style=\"margin-top: 0; margin-bottom: 0\"><font face=\"Verdana\" size=\"2\">Mauricio C\u00e1rdenas Santamar\u00eda. <\/font><\/p>\n","protected":false},"excerpt":{"rendered":"<p>LEY 1830 DE 2017 &nbsp; LEY 1830 DE 2017 &nbsp; (marzo 6 DE 2017) &nbsp; Por medio de la cual se adiciona un art\u00edculo transitorio a la Ley 5\u00aa de 1992. &nbsp; &nbsp; &nbsp; *Nota Jurisprudencial* Corte Constitucional La Corte Constitucional declarar EXEQUIBLE la Ley 1830 de 2017, mediante Sentencia C-408\/17 del 28 de Junio; [&hellip;]<\/p>\n","protected":false},"author":1,"featured_media":0,"comment_status":"open","ping_status":"open","sticky":false,"template":"","format":"standard","meta":{"footnotes":""},"categories":[32],"tags":[],"class_list":["post-1885","post","type-post","status-publish","format-standard","hentry","category-leyes-2017"],"_links":{"self":[{"href":"https:\/\/www.dmsjuridica.com\/buscador_20179478954\/legislacion\/leyes\/wp-json\/wp\/v2\/posts\/1885","targetHints":{"allow":["GET"]}}],"collection":[{"href":"https:\/\/www.dmsjuridica.com\/buscador_20179478954\/legislacion\/leyes\/wp-json\/wp\/v2\/posts"}],"about":[{"href":"https:\/\/www.dmsjuridica.com\/buscador_20179478954\/legislacion\/leyes\/wp-json\/wp\/v2\/types\/post"}],"author":[{"embeddable":true,"href":"https:\/\/www.dmsjuridica.com\/buscador_20179478954\/legislacion\/leyes\/wp-json\/wp\/v2\/users\/1"}],"replies":[{"embeddable":true,"href":"https:\/\/www.dmsjuridica.com\/buscador_20179478954\/legislacion\/leyes\/wp-json\/wp\/v2\/comments?post=1885"}],"version-history":[{"count":0,"href":"https:\/\/www.dmsjuridica.com\/buscador_20179478954\/legislacion\/leyes\/wp-json\/wp\/v2\/posts\/1885\/revisions"}],"wp:attachment":[{"href":"https:\/\/www.dmsjuridica.com\/buscador_20179478954\/legislacion\/leyes\/wp-json\/wp\/v2\/media?parent=1885"}],"wp:term":[{"taxonomy":"category","embeddable":true,"href":"https:\/\/www.dmsjuridica.com\/buscador_20179478954\/legislacion\/leyes\/wp-json\/wp\/v2\/categories?post=1885"},{"taxonomy":"post_tag","embeddable":true,"href":"https:\/\/www.dmsjuridica.com\/buscador_20179478954\/legislacion\/leyes\/wp-json\/wp\/v2\/tags?post=1885"}],"curies":[{"name":"wp","href":"https:\/\/api.w.org\/{rel}","templated":true}]}}