{"id":1894,"date":"2020-11-25T16:15:23","date_gmt":"2020-11-25T16:15:23","guid":{"rendered":"https:\/\/www.dmsjuridica.com\/buscador_20179478954\/legislacion\/leyes\/2020\/11\/25\/ley-1840-de-2017\/"},"modified":"2020-11-25T16:15:23","modified_gmt":"2020-11-25T16:15:23","slug":"ley-1840-de-2017","status":"publish","type":"post","link":"https:\/\/www.dmsjuridica.com\/buscador_20179478954\/legislacion\/leyes\/2020\/11\/25\/ley-1840-de-2017\/","title":{"rendered":"LEY 1840 DE 2017"},"content":{"rendered":"<p>LEY 1840 DE 2017<\/p>\n<p align=\"center\" style=\"margin-top: 0; margin-bottom: 0\"><font face=\"Verdana\" size=\"2\"><img loading=\"lazy\" decoding=\"async\" border=\"0\" src=\"http:\/\/dmsjuridica.com\/CODIGOS\/LEGISLACION\/LEYES\/2019\/dms.png\" width=\"138\" height=\"103\"><\/p>\n<p align=\"center\" style=\"margin-top: 0; margin-bottom: 0\">&nbsp;<\/p>\n<p align=\"center\" style=\"margin-top: 0; margin-bottom: 0\"><font face=\"Verdana\" size=\"6\"><b>LEY 1840 DE 2017<\/b><\/font><\/p>\n<p align=\"center\" style=\"margin-top: 0; margin-bottom: 0\"><font face=\"Verdana\" size=\"2\"><br \/>(julio 12 de 2017)<\/font><\/p>\n<p align=\"center\" style=\"margin-top: 0; margin-bottom: 0\"><font face=\"Verdana\" size=\"2\"><br \/><i>p<\/i><i>or medio de la cual se aprueba el \u201cAcuerdo entre el Gobierno de la Rep\u00fablica de Colombia y el Gobierno<br \/>de la Rep\u00fablica Francesa sobre el Fomento y Protecci\u00f3n Rec\u00edprocos de Inversiones\u201d, suscrito en la ciudad<br \/>de Bogot\u00e1, a los 10 d\u00edas del mes de julio de 2014.<\/i><\/font><\/p>\n<p align=\"center\" style=\"margin-top: 0; margin-bottom: 0\">&nbsp;<\/p>\n<p align=\"center\" style=\"margin-top: 0; margin-bottom: 0\"><b><font face=\"Verdana\" size=\"2\">El Congreso de la Rep\u00fablica<\/font><\/b><\/p>\n<p align=\"justify\" style=\"margin-top: 0; margin-bottom: 0\">&nbsp;<\/p>\n<p align=\"justify\" style=\"margin-top: 0; margin-bottom: 0\"><font face=\"Verdana\" size=\"2\"><i> Visto el texto del \u201cAcuerdo entre el Gobierno de la Rep\u00fablica de Colombia y el Gobierno de la Rep\u00fablica Francesa sobre el Fomento y Protecci\u00f3n Rec\u00edprocos de Inversiones\u201d, suscrito en la ciudad de Bogot\u00e1, a los 10 d\u00edas del mes de julio de 2014.<\/font><\/p>\n<p align=\"justify\" style=\"margin-top: 0; margin-bottom: 0\"><font face=\"Verdana\" size=\"2\"><br \/>(Para ser transcrito: Se fotocopia fiel y completa del texto en espa\u00f1ol del acuerdo, certificada por la Coordinadora del Grupo Interno de Trabajo de Tratados de la Direcci\u00f3n de Asuntos Jur\u00eddicos Internacionales del Ministerio de Relaciones Exteriores, documento que reposa en los archivos de ese Ministerio y consta de siete (7) folios).<\/font><\/p>\n<p align=\"justify\" style=\"margin-top: 0; margin-bottom: 0\"><font face=\"Verdana\" size=\"2\"><br \/>El presente proyecto de ley consta de diecisiete (17) folios.<\/font><\/p>\n<p align=\"justify\" style=\"margin-top: 0; margin-bottom: 0\">&nbsp;<\/p>\n<p align=\"justify\" style=\"margin-top: 0; margin-bottom: 0\"><b><font face=\"Verdana\" size=\"2\"><a hrefx=\"1840_Anexo.pdf\">Anexo<\/a><\/font><\/b><\/p>\n<p align=\"justify\" style=\"margin-top: 0; margin-bottom: 0\">&nbsp;<\/p>\n<p align=\"justify\" style=\"margin-top: 0; margin-bottom: 0\">&nbsp;<\/p>\n<p align=\"center\" style=\"margin-top: 0; margin-bottom: 0\"><font face=\"Verdana\" size=\"2\">RAMA EJECUTIVA DEL PODER P\u00daBLICO<br \/>PRESIDENCIA DE LA REP\u00daBLICA<\/font><\/p>\n<p align=\"center\" style=\"margin-top: 0; margin-bottom: 0\"><font face=\"Verdana\" size=\"2\"><br \/>Bogot\u00e1, D. C., 21 de noviembre de 2014<\/font><\/p>\n<p align=\"center\" style=\"margin-top: 0; margin-bottom: 0\"><font face=\"Verdana\" size=\"2\"><br \/>Autorizado. Som\u00e9tase a la consideraci\u00f3n del Honorable Congreso de la Rep\u00fablica para los efectos constitucionales.<\/font><\/p>\n<p align=\"center\" style=\"margin-top: 0; margin-bottom: 0\"><font face=\"Verdana\" size=\"2\"><br \/>(Fdo.) JUAN MANUEL SANTOS CALDER\u00d3N<\/font><\/p>\n<p align=\"center\" style=\"margin-top: 0; margin-bottom: 0\"><font face=\"Verdana\" size=\"2\"><br \/>La Ministra de Relaciones Exteriores,<br \/>(Fdo.) Mar\u00eda \u00c1ngela Holgu\u00edn Cu\u00e9llar.<\/font><\/p>\n<p align=\"justify\" style=\"margin-top: 0; margin-bottom: 0\">&nbsp;<\/p>\n<p align=\"justify\" style=\"margin-top: 0; margin-bottom: 0\">&nbsp;<\/p>\n<p align=\"center\" style=\"margin-top: 0; margin-bottom: 0\"><font face=\"Verdana\" size=\"2\"><br \/><b>DECRETA<\/b><\/font><\/p>\n<p align=\"justify\" style=\"margin-top: 0; margin-bottom: 0\">&nbsp;<\/p>\n<p align=\"justify\" style=\"margin-top: 0; margin-bottom: 0\"><font face=\"Verdana\" size=\"2\"><br \/><b>Art\u00edculo 1. <\/b>Apru\u00e9bese el \u201cAcuerdo entre el Gobierno de la Rep\u00fablica de Colombia y el Gobierno de la Rep\u00fablica Francesa sobre el Fomento y Protecci\u00f3n Rec\u00edprocos de Inversiones\u201d, suscrito en la ciudad de Bogot\u00e1, a los 10 d\u00edas del mes de julio de 2014.<\/font><\/p>\n<p align=\"justify\" style=\"margin-top: 0; margin-bottom: 0\">&nbsp;<\/p>\n<p align=\"justify\" style=\"margin-top: 0; margin-bottom: 0\"><font face=\"Verdana\" size=\"2\"><br \/><b>Art\u00edculo 2. <\/b>De conformidad con lo dispuesto en el art\u00edculo 1\u00b0 de la Ley 7\u00aa de 1944, el \u201cAcuerdo entre el Gobierno de la Rep\u00fablica de Colombia y el Gobierno de la Rep\u00fablica Francesa sobre el Fomento y Protecci\u00f3n Rec\u00edprocos de Inversiones\u201d, suscrito en la ciudad de Bogot\u00e1, a los 10 d\u00edas del mes de julio de 2014, que por el art\u00edculo 1\u00b0 de esta ley se aprueba, obligar\u00e1 al pa\u00eds a partir de la fecha en que se perfeccione el v\u00ednculo internacional respecto del mismo.<\/font><\/p>\n<p align=\"justify\" style=\"margin-top: 0; margin-bottom: 0\">&nbsp;<\/p>\n<p align=\"justify\" style=\"margin-top: 0; margin-bottom: 0\"><font face=\"Verdana\" size=\"2\"><br \/><b>Art\u00edculo 3.<\/b> La presente ley rige a partir de la fecha de su publicaci\u00f3n.<\/font><\/p>\n<p align=\"justify\" style=\"margin-top: 0; margin-bottom: 0\">&nbsp;<\/p>\n<p align=\"center\" style=\"margin-top: 0; margin-bottom: 0\"><font face=\"Verdana\" size=\"2\"><br \/>El Presidente del Honorable Senado de la Rep\u00fablica,<br \/>\u00d3scar Mauricio Lizcano Arango.<\/font><\/p>\n<p align=\"center\" style=\"margin-top: 0; margin-bottom: 0\"><font face=\"Verdana\" size=\"2\"><br \/>El Secretario General del Honorable Senado de la Rep\u00fablica,<br \/>Gregorio Eljach Pacheco.<\/font><\/p>\n<p align=\"center\" style=\"margin-top: 0; margin-bottom: 0\"><font face=\"Verdana\" size=\"2\"><br \/>El Presidente de la Honorable C\u00e1mara de Representantes,<br \/>Miguel \u00c1ngel Pinto Hern\u00e1ndez.<\/font><\/p>\n<p align=\"center\" style=\"margin-top: 0; margin-bottom: 0\">&nbsp;<\/p>\n<p align=\"center\" style=\"margin-top: 0; margin-bottom: 0\"><font face=\"Verdana\" size=\"2\">El Secretario General de la Honorable C\u00e1mara de Representantes,<br \/>Jorge Humberto Mantilla Serrano.<\/font><\/p>\n<p align=\"center\" style=\"margin-top: 0; margin-bottom: 0\"><font face=\"Verdana\" size=\"2\"><br \/>REP\u00daBLICA DE COLOMBIA<br \/>GOBIERNO NACIONAL<\/font><\/p>\n<p align=\"center\" style=\"margin-top: 0; margin-bottom: 0\"><font face=\"Verdana\" size=\"2\"><br \/>COMUNIQUESE Y C\u00daMPLASE<\/font><\/p>\n<p align=\"center\" style=\"margin-top: 0; margin-bottom: 0\"><font face=\"Verdana\" size=\"2\"><br \/>Ejec\u00fatese, previa revisi\u00f3n de la Corte Constitucional, conforme al<br \/>art\u00edculo 241-10 de la Constituci\u00f3n Pol\u00edtica.<\/font><\/p>\n<p align=\"center\" style=\"margin-top: 0; margin-bottom: 0\"><font face=\"Verdana\" size=\"2\"><br \/>Dada en Bogot\u00e1, D. C., a 12 de julio de 2017.<\/font><\/p>\n<p align=\"center\" style=\"margin-top: 0; margin-bottom: 0\"><font face=\"Verdana\" size=\"2\"><br \/>JUAN MANUEL SANTOS CALDER\u00d3N<\/font><\/p>\n<p align=\"center\" style=\"margin-top: 0; margin-bottom: 0\"><font face=\"Verdana\" size=\"2\"><br \/>La Ministra de Relaciones Exteriores,<br \/>Mar\u00eda \u00c1ngela Holgu\u00edn Cu\u00e9llar.<\/font><\/p>\n<p align=\"center\" style=\"margin-top: 0; margin-bottom: 0\"><font face=\"Verdana\" size=\"2\"><br \/>La Viceministra de Turismo del Ministerio de Comercio, Industria<br \/>y Turismo, encargada de las funciones del Despacho de la Ministra de<br \/>Comercio, Industria y Turismo,<br \/>Sandra Victoria Howard Taylor.<\/font><\/p>\n","protected":false},"excerpt":{"rendered":"<p>LEY 1840 DE 2017 &nbsp; LEY 1840 DE 2017 (julio 12 de 2017) por medio de la cual se aprueba el \u201cAcuerdo entre el Gobierno de la Rep\u00fablica de Colombia y el Gobiernode la Rep\u00fablica Francesa sobre el Fomento y Protecci\u00f3n Rec\u00edprocos de Inversiones\u201d, suscrito en la ciudadde Bogot\u00e1, a los 10 d\u00edas del mes [&hellip;]<\/p>\n","protected":false},"author":1,"featured_media":0,"comment_status":"open","ping_status":"open","sticky":false,"template":"","format":"standard","meta":{"footnotes":""},"categories":[32],"tags":[],"class_list":["post-1894","post","type-post","status-publish","format-standard","hentry","category-leyes-2017"],"_links":{"self":[{"href":"https:\/\/www.dmsjuridica.com\/buscador_20179478954\/legislacion\/leyes\/wp-json\/wp\/v2\/posts\/1894","targetHints":{"allow":["GET"]}}],"collection":[{"href":"https:\/\/www.dmsjuridica.com\/buscador_20179478954\/legislacion\/leyes\/wp-json\/wp\/v2\/posts"}],"about":[{"href":"https:\/\/www.dmsjuridica.com\/buscador_20179478954\/legislacion\/leyes\/wp-json\/wp\/v2\/types\/post"}],"author":[{"embeddable":true,"href":"https:\/\/www.dmsjuridica.com\/buscador_20179478954\/legislacion\/leyes\/wp-json\/wp\/v2\/users\/1"}],"replies":[{"embeddable":true,"href":"https:\/\/www.dmsjuridica.com\/buscador_20179478954\/legislacion\/leyes\/wp-json\/wp\/v2\/comments?post=1894"}],"version-history":[{"count":0,"href":"https:\/\/www.dmsjuridica.com\/buscador_20179478954\/legislacion\/leyes\/wp-json\/wp\/v2\/posts\/1894\/revisions"}],"wp:attachment":[{"href":"https:\/\/www.dmsjuridica.com\/buscador_20179478954\/legislacion\/leyes\/wp-json\/wp\/v2\/media?parent=1894"}],"wp:term":[{"taxonomy":"category","embeddable":true,"href":"https:\/\/www.dmsjuridica.com\/buscador_20179478954\/legislacion\/leyes\/wp-json\/wp\/v2\/categories?post=1894"},{"taxonomy":"post_tag","embeddable":true,"href":"https:\/\/www.dmsjuridica.com\/buscador_20179478954\/legislacion\/leyes\/wp-json\/wp\/v2\/tags?post=1894"}],"curies":[{"name":"wp","href":"https:\/\/api.w.org\/{rel}","templated":true}]}}