{"id":1921,"date":"2020-11-25T16:15:24","date_gmt":"2020-11-25T16:15:24","guid":{"rendered":"https:\/\/www.dmsjuridica.com\/buscador_20179478954\/legislacion\/leyes\/2020\/11\/25\/ley-1867-de-2017\/"},"modified":"2020-11-25T16:15:24","modified_gmt":"2020-11-25T16:15:24","slug":"ley-1867-de-2017","status":"publish","type":"post","link":"https:\/\/www.dmsjuridica.com\/buscador_20179478954\/legislacion\/leyes\/2020\/11\/25\/ley-1867-de-2017\/","title":{"rendered":"LEY 1867 DE 2017"},"content":{"rendered":"<p>LEY 1867 DE 2017<\/p>\n<p align=\"center\" style=\"margin-top: 0; margin-bottom: 0\"><font face=\"Verdana\" size=\"2\"><img loading=\"lazy\" decoding=\"async\" border=\"0\" src=\"http:\/\/dmsjuridica.com\/CODIGOS\/LEGISLACION\/LEYES\/2019\/dms.png\" width=\"138\" height=\"103\"><\/p>\n<p align=\"center\" style=\"margin-top: 0; margin-bottom: 0\"><font face=\"Verdana\" size=\"6\"><b>LEY 1867 DE 2017<\/b><\/font><\/p>\n<p align=\"center\" style=\"margin-top: 0; margin-bottom: 0\"><font face=\"Verdana\" size=\"2\"><br \/>(agosto 31 DE 2017)<\/font><\/p>\n<p align=\"center\" style=\"margin-top: 0; margin-bottom: 0\"><font face=\"Verdana\" size=\"2\"><br \/><i>p<\/i><i>or medio de la cual la Naci\u00f3n se asocia a la conmemoraci\u00f3n de los cincuenta (50) a\u00f1os de vida pol\u00edtico-administrativa del departamento del Cesar, rinde p\u00fablico homenaje a sus habitantes y se dictan otras disposiciones.<\/i><\/font><\/p>\n<p align=\"center\" style=\"margin-top: 0; margin-bottom: 0\">&nbsp;<\/p>\n<p align=\"center\" style=\"margin-top: 0; margin-bottom: 0\"><font face=\"Verdana\" size=\"2\">El Congreso de la Rep\u00fablica<\/font><\/p>\n<p align=\"center\" style=\"margin-top: 0; margin-bottom: 0\">&nbsp;<\/p>\n<p align=\"center\" style=\"margin-top: 0; margin-bottom: 0\"><font face=\"Verdana\" size=\"2\"><br \/><b>DECRETA<\/b><\/font><\/p>\n<p align=\"center\" style=\"margin-top: 0; margin-bottom: 0\">&nbsp;<\/p>\n<p align=\"justify\" style=\"margin-top: 0; margin-bottom: 0\"><font face=\"Verdana\" size=\"2\"><br \/><b>Art\u00edculo 1.<\/b> La Naci\u00f3n se asocia a la conmemoraci\u00f3n de los cincuenta (50) a\u00f1os de vida pol\u00edtico-administrativa del departamento del Cesar, que se celebrar\u00e1n el 21 de diciembre de 2017, el cual fue creado mediante la Ley 25 del veintiuno (21) de junio de mil novecientos sesenta y siete (1967) y rinde p\u00fablico homenaje a sus habitantes, enalteciendo la memoria de quienes intervinieron en su creaci\u00f3n.<\/font><\/p>\n<p align=\"justify\" style=\"margin-top: 0; margin-bottom: 0\">&nbsp;<\/p>\n<p align=\"justify\" style=\"margin-top: 0; margin-bottom: 0\"><font face=\"Verdana\" size=\"2\"><br \/><b>Art\u00edculo 2. <\/b>El Gobierno nacional y el Congreso de la Rep\u00fablica de Colombia rendir\u00e1n honores al departamento del Cesar, el 21 de diciembre del a\u00f1o 2017, y se presentar\u00e1n con sus respectivas comisiones a los actos conmemorativos que tengan lugar.<\/font><\/p>\n<p align=\"justify\" style=\"margin-top: 0; margin-bottom: 0\">&nbsp;<\/p>\n<p align=\"justify\" style=\"margin-top: 0; margin-bottom: 0\"><font face=\"Verdana\" size=\"2\"><br \/><b>Art\u00edculo 3. <\/b>Autor\u00edcese al Gobierno nacional para que de conformidad con los criterios de concurrencia, complementariedad y subsidiaridad, asigne en el Presupuesto General de la Naci\u00f3n, e impulse a trav\u00e9s del Sistema de Cofinanciaci\u00f3n, las partidas presupuestales necesarias a fin de adelantar obras y actividades de inter\u00e9s p\u00fablico y social, promotoras del desarrollo regional, que beneficiar\u00e1n a la comunidad del departamento del Cesar.<\/font><\/p>\n<p align=\"justify\" style=\"margin-top: 0; margin-bottom: 0\"><font face=\"Verdana\" size=\"2\"><br \/>Dichas obras deber\u00e1n guardar relaci\u00f3n con las necesidades espec\u00edficas del departamento y contribuir a su desarrollo y al bienestar de sus habitantes, promoviendo avances en cualquiera de los siguientes temas: la educaci\u00f3n; la formalizaci\u00f3n del empleo; el cubrimiento y la calidad de la salud; el recurso vital del agua; el desarrollo del sector agropecuario; la miner\u00eda, el sector energ\u00e9tico; la infraestructura vial; el turismo; la cultura; el deporte; el cubrimiento en los servicios b\u00e1sicos y de telecomunicaciones; el acceso a la justicia.<\/font><\/p>\n<p align=\"justify\" style=\"margin-top: 0; margin-bottom: 0\">&nbsp;<\/p>\n<p align=\"justify\" style=\"margin-top: 0; margin-bottom: 0\"><font face=\"Verdana\" size=\"2\"><br \/><b>Art\u00edculo 4.<\/b> Autor\u00edcese al Gobierno nacional para efectuar los traslados, cr\u00e9ditos, contracr\u00e9ditos, convenios interadministrativos y otros a que haya lugar, que garantice el cumplimiento de la presente ley.<\/font><\/p>\n<p align=\"justify\" style=\"margin-top: 0; margin-bottom: 0\">&nbsp;<\/p>\n<p align=\"justify\" style=\"margin-top: 0; margin-bottom: 0\"><font face=\"Verdana\" size=\"2\"><br \/><b>Art\u00edculo 5.<\/b> La presente ley rige a partir de la fecha de su promulgaci\u00f3n.<\/font><\/p>\n<p align=\"center\" style=\"margin-top: 0; margin-bottom: 0\">&nbsp;<\/p>\n<p align=\"center\" style=\"margin-top: 0; margin-bottom: 0\"><font face=\"Verdana\" size=\"2\"><br \/>El Presidente del Honorable Senado de la Rep\u00fablica,<br \/>Efra\u00edn Cepeda Sarabia.<\/font><\/p>\n<p align=\"center\" style=\"margin-top: 0; margin-bottom: 0\"><font face=\"Verdana\" size=\"2\"><br \/>El Secretario General del Honorable Senado de la Rep\u00fablica,<br \/>Gregorio Eljach Pacheco.<\/font><\/p>\n<p align=\"center\" style=\"margin-top: 0; margin-bottom: 0\">&nbsp;<\/p>\n<p align=\"center\" style=\"margin-top: 0; margin-bottom: 0\"><font face=\"Verdana\" size=\"2\">El Presidente de la Honorable C\u00e1mara de Representantes,<br \/>Rodrigo Lara Restrepo.<\/font><\/p>\n<p align=\"center\" style=\"margin-top: 0; margin-bottom: 0\"><font face=\"Verdana\" size=\"2\"><br \/>El Secretario General de la Honorable C\u00e1mara de Representantes,<br \/>Jorge Humberto Mantilla Serrano.<\/font><\/p>\n<p align=\"center\" style=\"margin-top: 0; margin-bottom: 0\"><font face=\"Verdana\" size=\"2\"><br \/>REP\u00daBLICA DE COLOMBIA &#8211; GOBIERNO NACIONAL<\/font><\/p>\n<p align=\"center\" style=\"margin-top: 0; margin-bottom: 0\"><font face=\"Verdana\" size=\"2\"><br \/>Publ\u00edquese y C\u00famplase.<br \/>Dada en Bogot\u00e1, D. C., a 31 de agosto de 2017.<\/font><\/p>\n<p align=\"center\" style=\"margin-top: 0; margin-bottom: 0\"><font face=\"Verdana\" size=\"2\"><br \/>JUAN MANUEL SANTOS CALDER\u00d3N<\/font><\/p>\n<p align=\"center\" style=\"margin-top: 0; margin-bottom: 0\"><font face=\"Verdana\" size=\"2\"><br \/>El Ministro del Interior,<br \/>Guillermo Abel Rivera Fl\u00f3rez.<\/font><\/p>\n<p align=\"center\" style=\"margin-top: 0; margin-bottom: 0\"><font face=\"Verdana\" size=\"2\"><br \/>El Ministro de Hacienda y Cr\u00e9dito P\u00fablico,<br \/>Mauricio C\u00e1rdenas Santamar\u00eda<\/font><\/p>\n","protected":false},"excerpt":{"rendered":"<p>LEY 1867 DE 2017 LEY 1867 DE 2017 (agosto 31 DE 2017) por medio de la cual la Naci\u00f3n se asocia a la conmemoraci\u00f3n de los cincuenta (50) a\u00f1os de vida pol\u00edtico-administrativa del departamento del Cesar, rinde p\u00fablico homenaje a sus habitantes y se dictan otras disposiciones. &nbsp; El Congreso de la Rep\u00fablica &nbsp; DECRETA [&hellip;]<\/p>\n","protected":false},"author":1,"featured_media":0,"comment_status":"open","ping_status":"open","sticky":false,"template":"","format":"standard","meta":{"footnotes":""},"categories":[32],"tags":[],"class_list":["post-1921","post","type-post","status-publish","format-standard","hentry","category-leyes-2017"],"_links":{"self":[{"href":"https:\/\/www.dmsjuridica.com\/buscador_20179478954\/legislacion\/leyes\/wp-json\/wp\/v2\/posts\/1921","targetHints":{"allow":["GET"]}}],"collection":[{"href":"https:\/\/www.dmsjuridica.com\/buscador_20179478954\/legislacion\/leyes\/wp-json\/wp\/v2\/posts"}],"about":[{"href":"https:\/\/www.dmsjuridica.com\/buscador_20179478954\/legislacion\/leyes\/wp-json\/wp\/v2\/types\/post"}],"author":[{"embeddable":true,"href":"https:\/\/www.dmsjuridica.com\/buscador_20179478954\/legislacion\/leyes\/wp-json\/wp\/v2\/users\/1"}],"replies":[{"embeddable":true,"href":"https:\/\/www.dmsjuridica.com\/buscador_20179478954\/legislacion\/leyes\/wp-json\/wp\/v2\/comments?post=1921"}],"version-history":[{"count":0,"href":"https:\/\/www.dmsjuridica.com\/buscador_20179478954\/legislacion\/leyes\/wp-json\/wp\/v2\/posts\/1921\/revisions"}],"wp:attachment":[{"href":"https:\/\/www.dmsjuridica.com\/buscador_20179478954\/legislacion\/leyes\/wp-json\/wp\/v2\/media?parent=1921"}],"wp:term":[{"taxonomy":"category","embeddable":true,"href":"https:\/\/www.dmsjuridica.com\/buscador_20179478954\/legislacion\/leyes\/wp-json\/wp\/v2\/categories?post=1921"},{"taxonomy":"post_tag","embeddable":true,"href":"https:\/\/www.dmsjuridica.com\/buscador_20179478954\/legislacion\/leyes\/wp-json\/wp\/v2\/tags?post=1921"}],"curies":[{"name":"wp","href":"https:\/\/api.w.org\/{rel}","templated":true}]}}