{"id":1926,"date":"2020-11-25T16:15:24","date_gmt":"2020-11-25T16:15:24","guid":{"rendered":"https:\/\/www.dmsjuridica.com\/buscador_20179478954\/legislacion\/leyes\/2020\/11\/25\/ley-1872-de-2017\/"},"modified":"2020-11-25T16:15:24","modified_gmt":"2020-11-25T16:15:24","slug":"ley-1872-de-2017","status":"publish","type":"post","link":"https:\/\/www.dmsjuridica.com\/buscador_20179478954\/legislacion\/leyes\/2020\/11\/25\/ley-1872-de-2017\/","title":{"rendered":"LEY 1872 DE 2017"},"content":{"rendered":"<p>LEY 1872 DE 2017<\/p>\n<p class=\"Default\" align=\"center\" style=\"font-size: medium; font-family: Times New Roman; color: rgb(0, 0, 0); font-style: normal; font-variant-ligatures: normal; font-variant-caps: normal; font-weight: 400; letter-spacing: normal; orphans: 2; text-indent: 0px; text-transform: none; white-space: normal; widows: 2; word-spacing: 0px; -webkit-text-stroke-width: 0px; text-decoration-style: initial; text-decoration-color: initial; text-align: center; margin-left: 0cm; margin-right: 0cm; margin-top: 0cm; margin-bottom: 0.0001pt\"><font face=\"Verdana\" size=\"2\"><img loading=\"lazy\" decoding=\"async\" border=\"0\" src=\"http:\/\/dmsjuridica.com\/CODIGOS\/LEGISLACION\/LEYES\/2019\/dms.png\" width=\"138\" height=\"103\"align=\"center\"><\/font><\/p>\n<p class=\"Default\" align=\"center\" style=\"font-size: medium; font-family: Times New Roman; color: rgb(0, 0, 0); font-style: normal; font-variant-ligatures: normal; font-variant-caps: normal; font-weight: 400; letter-spacing: normal; orphans: 2; text-indent: 0px; text-transform: none; white-space: normal; widows: 2; word-spacing: 0px; -webkit-text-stroke-width: 0px; text-decoration-style: initial; text-decoration-color: initial; text-align: center; margin-left: 0cm; margin-right: 0cm; margin-top: 0cm; margin-bottom: 0.0001pt\">&nbsp;<\/p>\n<p class=\"Default\" align=\"center\" style=\"font-family: Times New Roman; color: rgb(0, 0, 0); font-style: normal; font-variant-ligatures: normal; font-variant-caps: normal; font-weight: 400; letter-spacing: normal; orphans: 2; text-indent: 0px; text-transform: none; white-space: normal; widows: 2; word-spacing: 0px; -webkit-text-stroke-width: 0px; text-decoration-style: initial; text-decoration-color: initial; text-align: center; margin-left: 0cm; margin-right: 0cm; margin-top: 0cm; margin-bottom: 0.0001pt\"><b><font size=\"6\">LEY 1872 DE 2017<\/font><\/b><\/p>\n<p class=\"Default\" align=\"center\" style=\"font-size: medium; font-family: Times New Roman; color: rgb(0, 0, 0); font-style: normal; font-variant-ligatures: normal; font-variant-caps: normal; font-weight: 400; letter-spacing: normal; orphans: 2; text-indent: 0px; text-transform: none; white-space: normal; widows: 2; word-spacing: 0px; -webkit-text-stroke-width: 0px; text-decoration-style: initial; text-decoration-color: initial; text-align: center; margin-left: 0cm; margin-right: 0cm; margin-top: 0cm; margin-bottom: 0.0001pt\">&nbsp;<\/p>\n<p class=\"MsoNormal\" align=\"center\" style=\"font-family: Times New Roman; color: rgb(0, 0, 0); font-style: normal; font-variant-ligatures: normal; font-variant-caps: normal; font-weight: 400; letter-spacing: normal; orphans: 2; text-indent: 0px; text-transform: none; white-space: normal; widows: 2; word-spacing: 0px; -webkit-text-stroke-width: 0px; text-decoration-style: initial; text-decoration-color: initial; text-align: center; margin-left: 0cm; margin-right: 0cm; margin-top: 0cm; margin-bottom: 0.0001pt\"><font size=\"2\">Por medio de la cual se crea el \u201cFondo para el Desarrollo Integral del Distrito Especial de Buenaventura\u201d y se adoptan medidas para promover el desarrollo integral del distrito especial, industrial, portuario,&nbsp;biodiverso&nbsp;y&nbsp;ecotur\u00edstico&nbsp;de Buenaventura.<\/font><\/p>\n<p class=\"MsoNormal\" align=\"center\" style=\"font-family: Times New Roman; color: rgb(0, 0, 0); font-style: normal; font-variant-ligatures: normal; font-variant-caps: normal; font-weight: 400; letter-spacing: normal; orphans: 2; text-indent: 0px; text-transform: none; white-space: normal; widows: 2; word-spacing: 0px; -webkit-text-stroke-width: 0px; text-decoration-style: initial; text-decoration-color: initial; text-align: center; margin-left: 0cm; margin-right: 0cm; margin-top: 0cm; margin-bottom: 0.0001pt\"><font size=\"2\">&nbsp;<\/font><\/p>\n<p class=\"Pa5\" align=\"center\" style=\"font-family: Times New Roman; color: rgb(0, 0, 0); font-style: normal; font-variant-ligatures: normal; font-variant-caps: normal; font-weight: 700; letter-spacing: normal; orphans: 2; text-indent: 0px; text-transform: none; white-space: normal; widows: 2; word-spacing: 0px; -webkit-text-stroke-width: 0px; text-decoration-style: initial; text-decoration-color: initial; text-align: center; line-height: normal; margin-left: 0cm; margin-right: 0cm; margin-top: 0cm; margin-bottom: 0.0001pt\">&nbsp;<\/p>\n<p><font FACE=\"Verdana\" size=\"2\"><\/p>\n<p class=\"MsoNormal\" style=\"line-height: normal; margin-top: 0; margin-bottom: 0\"><b>*Nota de Vigencia*<\/b><\/p>\n<p class=\"MsoNormal\" style=\"line-height: normal; margin-top: 0; margin-bottom: 0\">&nbsp;<\/p>\n<table class=\"MsoNormalTable\" border=\"1\" cellspacing=\"0\" cellpadding=\"0\" width=\"100%\" style=\"width: 100.0%\">\n<tr>\n<td style=\"padding:4.5pt 4.5pt 4.5pt 4.5pt\">\n<p class=\"MsoNormal\" style=\"margin-bottom:0cm;margin-bottom:.0001pt;text-align:  justify;line-height:normal\"><font size=\"2\" face=\"Verdana\">Reglamentado por el<b><a hrefx=\"..\/..\/decretos\/2018\/0958.htm\">Decreto 958 de 2018<\/a><\/b> publicado en el Diario Oficial N\u00b0 50.615 Martes 05 de junio de 2018, <\/font><font size=\"2\">por el cual se reglamenta la&nbsp;<\/font><font face=\"Verdana\" size=\"2\">Ley 1872 de 2017<\/font><font size=\"2\">, en lo relacionado con el Fondo para el Desarrollo Integral del Distrito Especial de Buenaventura (<\/font><font size=\"2\">Fonbuenaventura<\/font><font size=\"2\">).<\/font><\/td>\n<\/tr>\n<\/table>\n<p><\/font><\/p>\n<p class=\"Pa5\" align=\"center\" style=\"font-family: Times New Roman; color: rgb(0, 0, 0); font-style: normal; font-variant-ligatures: normal; font-variant-caps: normal; font-weight: 700; letter-spacing: normal; orphans: 2; text-indent: 0px; text-transform: none; white-space: normal; widows: 2; word-spacing: 0px; -webkit-text-stroke-width: 0px; text-decoration-style: initial; text-decoration-color: initial; text-align: center; line-height: normal; margin-left: 0cm; margin-right: 0cm; margin-top: 0cm; margin-bottom: 0.0001pt\">&nbsp;<\/p>\n<p class=\"Pa5\" align=\"center\" style=\"font-family: Times New Roman; color: rgb(0, 0, 0); font-style: normal; font-variant-ligatures: normal; font-variant-caps: normal; font-weight: 700; letter-spacing: normal; orphans: 2; text-indent: 0px; text-transform: none; white-space: normal; widows: 2; word-spacing: 0px; -webkit-text-stroke-width: 0px; text-decoration-style: initial; text-decoration-color: initial; text-align: center; line-height: normal; margin-left: 0cm; margin-right: 0cm; margin-top: 0cm; margin-bottom: 0.0001pt\">&nbsp;<\/p>\n<p class=\"Pa5\" align=\"center\" style=\"font-family: Times New Roman; color: rgb(0, 0, 0); font-style: normal; font-variant-ligatures: normal; font-variant-caps: normal; font-weight: 700; letter-spacing: normal; orphans: 2; text-indent: 0px; text-transform: none; white-space: normal; widows: 2; word-spacing: 0px; -webkit-text-stroke-width: 0px; text-decoration-style: initial; text-decoration-color: initial; text-align: center; line-height: normal; margin-left: 0cm; margin-right: 0cm; margin-top: 0cm; margin-bottom: 0.0001pt\"><font size=\"2\">El Congreso de Colombia<\/font><\/p>\n<p class=\"Pa5\" align=\"center\" style=\"font-family: Times New Roman; color: rgb(0, 0, 0); font-style: normal; font-variant-ligatures: normal; font-variant-caps: normal; font-weight: 400; letter-spacing: normal; orphans: 2; text-indent: 0px; text-transform: none; white-space: normal; widows: 2; word-spacing: 0px; -webkit-text-stroke-width: 0px; text-decoration-style: initial; text-decoration-color: initial; text-align: center; line-height: normal; margin-left: 0cm; margin-right: 0cm; margin-top: 0cm; margin-bottom: 0.0001pt\"><font size=\"2\">&nbsp;<\/font><\/p>\n<p class=\"Pa5\" align=\"center\" style=\"font-family: Times New Roman; color: rgb(0, 0, 0); font-style: normal; font-variant-ligatures: normal; font-variant-caps: normal; font-weight: 700; letter-spacing: normal; orphans: 2; text-indent: 0px; text-transform: none; white-space: normal; widows: 2; word-spacing: 0px; -webkit-text-stroke-width: 0px; text-decoration-style: initial; text-decoration-color: initial; text-align: center; line-height: normal; margin-left: 0cm; margin-right: 0cm; margin-top: 0cm; margin-bottom: 0.0001pt\"><font size=\"2\">DECRETA:<\/font><\/p>\n<p class=\"Pa5\" align=\"center\" style=\"font-family: Times New Roman; color: rgb(0, 0, 0); font-style: normal; font-variant-ligatures: normal; font-variant-caps: normal; font-weight: 400; letter-spacing: normal; orphans: 2; text-indent: 0px; text-transform: none; white-space: normal; widows: 2; word-spacing: 0px; -webkit-text-stroke-width: 0px; text-decoration-style: initial; text-decoration-color: initial; text-align: center; line-height: normal; margin-left: 0cm; margin-right: 0cm; margin-top: 0cm; margin-bottom: 0.0001pt\"><font size=\"2\">&nbsp;<\/font><\/p>\n<p class=\"Pa6\" style=\"font-family: Times New Roman; color: rgb(0, 0, 0); font-style: normal; font-variant-ligatures: normal; font-variant-caps: normal; font-weight: 400; letter-spacing: normal; orphans: 2; text-indent: 0px; text-transform: none; white-space: normal; widows: 2; word-spacing: 0px; -webkit-text-stroke-width: 0px; text-decoration-style: initial; text-decoration-color: initial; text-align: justify; line-height: normal; margin-left: 0cm; margin-right: 0cm; margin-top: 0cm; margin-bottom: 0.0001pt\"><font size=\"2\"><b>Art\u00edculo 1\u00b0.<\/b>&nbsp;Objeto. La presente ley tiene por objeto establecer medidas tendientes a promover el desarrollo integral del Distrito Especial, Industrial, Portuario,&nbsp;Biodiverso&nbsp;y&nbsp;Ecotur\u00edstico&nbsp;de Buenaventura.<\/font><\/p>\n<p class=\"Pa6\" style=\"font-family: Times New Roman; color: rgb(0, 0, 0); font-style: normal; font-variant-ligatures: normal; font-variant-caps: normal; font-weight: 400; letter-spacing: normal; orphans: 2; text-indent: 0px; text-transform: none; white-space: normal; widows: 2; word-spacing: 0px; -webkit-text-stroke-width: 0px; text-decoration-style: initial; text-decoration-color: initial; text-align: justify; line-height: normal; margin-left: 0cm; margin-right: 0cm; margin-top: 0cm; margin-bottom: 0.0001pt\"><font size=\"2\">&nbsp;<\/font><\/p>\n<p class=\"Pa6\" style=\"font-family: Times New Roman; color: rgb(0, 0, 0); font-style: normal; font-variant-ligatures: normal; font-variant-caps: normal; font-weight: 400; letter-spacing: normal; orphans: 2; text-indent: 0px; text-transform: none; white-space: normal; widows: 2; word-spacing: 0px; -webkit-text-stroke-width: 0px; text-decoration-style: initial; text-decoration-color: initial; text-align: justify; line-height: normal; margin-left: 0cm; margin-right: 0cm; margin-top: 0cm; margin-bottom: 0.0001pt\"><font size=\"2\"><b>Art\u00edculo 2\u00b0.<\/b>&nbsp;Fondo para el Desarrollo Integral del Distrito Especial de Buenaventura.&nbsp;Cr\u00e9ase el Fondo para el Desarrollo Integral del Distrito Especial de Buenaventura (Fonbuenaventura), en adelante el \u201cFondo\u201d, como un patrimonio aut\u00f3nomo, sin estructura administrativa propia, con domicilio en Buenaventura y administrado por el Ministerio de Hacienda y Cr\u00e9dito P\u00fablico.<\/font><\/p>\n<p class=\"Pa6\" style=\"font-family: Times New Roman; color: rgb(0, 0, 0); font-style: normal; font-variant-ligatures: normal; font-variant-caps: normal; font-weight: 400; letter-spacing: normal; orphans: 2; text-indent: 0px; text-transform: none; white-space: normal; widows: 2; word-spacing: 0px; -webkit-text-stroke-width: 0px; text-decoration-style: initial; text-decoration-color: initial; text-align: justify; line-height: normal; margin-left: 0cm; margin-right: 0cm; margin-top: 0cm; margin-bottom: 0.0001pt\"><font size=\"2\">&nbsp;<\/font><\/p>\n<p class=\"Pa6\" style=\"font-family: Times New Roman; color: rgb(0, 0, 0); font-style: normal; font-variant-ligatures: normal; font-variant-caps: normal; font-weight: 400; letter-spacing: normal; orphans: 2; text-indent: 0px; text-transform: none; white-space: normal; widows: 2; word-spacing: 0px; -webkit-text-stroke-width: 0px; text-decoration-style: initial; text-decoration-color: initial; text-align: justify; line-height: normal; margin-left: 0cm; margin-right: 0cm; margin-top: 0cm; margin-bottom: 0.0001pt\"><font size=\"2\">Par\u00e1grafo. La Junta Administradora del Fondo para efectos de la operatividad y funcionamiento del mismo autorizar\u00e1 al Ministerio de Hacienda y Cr\u00e9dito P\u00fablico, como presidente de la Junta, para que a trav\u00e9s de resoluci\u00f3n establezca la administraci\u00f3n del mismo en: (i) una entidad encargada de la ejecuci\u00f3n (Entidad Ejecutora), y\/o (ii) en una entidad que conserve y transfiera los recursos, y que act\u00fae como&nbsp;vocera&nbsp;del patrimonio aut\u00f3nomo (Entidad Fiduciaria).<\/font><\/p>\n<p class=\"Pa6\" style=\"font-family: Times New Roman; color: rgb(0, 0, 0); font-style: normal; font-variant-ligatures: normal; font-variant-caps: normal; font-weight: 400; letter-spacing: normal; orphans: 2; text-indent: 0px; text-transform: none; white-space: normal; widows: 2; word-spacing: 0px; -webkit-text-stroke-width: 0px; text-decoration-style: initial; text-decoration-color: initial; text-align: justify; line-height: normal; margin-left: 0cm; margin-right: 0cm; margin-top: 0cm; margin-bottom: 0.0001pt\"><font size=\"2\">&nbsp;<\/font><\/p>\n<p class=\"Pa6\" style=\"font-family: Times New Roman; color: rgb(0, 0, 0); font-style: normal; font-variant-ligatures: normal; font-variant-caps: normal; font-weight: 400; letter-spacing: normal; orphans: 2; text-indent: 0px; text-transform: none; white-space: normal; widows: 2; word-spacing: 0px; -webkit-text-stroke-width: 0px; text-decoration-style: initial; text-decoration-color: initial; text-align: justify; line-height: normal; margin-left: 0cm; margin-right: 0cm; margin-top: 0cm; margin-bottom: 0.0001pt\"><font size=\"2\"><b>Art\u00edculo 3\u00b0.<\/b>&nbsp;Objeto del Fondo.&nbsp;El Fondo para el Desarrollo Integral del Distrito Especial de Buenaventura (Fonbuenaventura) tendr\u00e1 por objeto promover el desarrollo integral del Distrito de Buenaventura, a trav\u00e9s de la financiaci\u00f3n o la inversi\u00f3n en proyectos que atiendan las necesidades m\u00e1s urgentes del Distrito y, principalmente, la financiaci\u00f3n de un Plan Especial de Desarrollo Integral, con inversiones a 10 a\u00f1os, orientadas a convertir al Distrito Especial en un territorio en el que se garanticen plenamente condiciones de bienestar y progreso en materia social, econ\u00f3mica, institucional y ambiental para sus pobladores urbanos y rurales.<\/font><\/p>\n<p class=\"Pa6\" style=\"font-family: Times New Roman; color: rgb(0, 0, 0); font-style: normal; font-variant-ligatures: normal; font-variant-caps: normal; font-weight: 400; letter-spacing: normal; orphans: 2; text-indent: 0px; text-transform: none; white-space: normal; widows: 2; word-spacing: 0px; -webkit-text-stroke-width: 0px; text-decoration-style: initial; text-decoration-color: initial; text-align: justify; line-height: normal; margin-left: 0cm; margin-right: 0cm; margin-top: 0cm; margin-bottom: 0.0001pt\"><font size=\"2\">&nbsp;<\/font><\/p>\n<p class=\"Pa6\" style=\"font-family: Times New Roman; color: rgb(0, 0, 0); font-style: normal; font-variant-ligatures: normal; font-variant-caps: normal; font-weight: 400; letter-spacing: normal; orphans: 2; text-indent: 0px; text-transform: none; white-space: normal; widows: 2; word-spacing: 0px; -webkit-text-stroke-width: 0px; text-decoration-style: initial; text-decoration-color: initial; text-align: justify; line-height: normal; margin-left: 0cm; margin-right: 0cm; margin-top: 0cm; margin-bottom: 0.0001pt\"><font size=\"2\">En desarrollo de su objeto, el Fondo:<\/font><\/p>\n<p class=\"Pa6\" style=\"font-family: Times New Roman; color: rgb(0, 0, 0); font-style: normal; font-variant-ligatures: normal; font-variant-caps: normal; font-weight: 400; letter-spacing: normal; orphans: 2; text-indent: 0px; text-transform: none; white-space: normal; widows: 2; word-spacing: 0px; -webkit-text-stroke-width: 0px; text-decoration-style: initial; text-decoration-color: initial; text-align: justify; line-height: normal; margin-left: 0cm; margin-right: 0cm; margin-top: 0cm; margin-bottom: 0.0001pt\"><font size=\"2\">&nbsp;<\/font><\/p>\n<p class=\"Pa7\" style=\"font-family: Times New Roman; color: rgb(0, 0, 0); font-style: normal; font-variant-ligatures: normal; font-variant-caps: normal; font-weight: 400; letter-spacing: normal; orphans: 2; text-indent: 0px; text-transform: none; white-space: normal; widows: 2; word-spacing: 0px; -webkit-text-stroke-width: 0px; text-decoration-style: initial; text-decoration-color: initial; text-align: justify; line-height: normal; margin-left: 0cm; margin-right: 0cm; margin-top: 0cm; margin-bottom: 0.0001pt\"><font size=\"2\">1. Deber\u00e1 financiar o invertir en los planes y proyectos que deban desarrollarse con cargo a los recursos del Fondo, seg\u00fan la pol\u00edtica aprobada por la Junta Administradora del Fondo.<\/font><\/p>\n<p class=\"Pa7\" style=\"font-family: Times New Roman; color: rgb(0, 0, 0); font-style: normal; font-variant-ligatures: normal; font-variant-caps: normal; font-weight: 400; letter-spacing: normal; orphans: 2; text-indent: 0px; text-transform: none; white-space: normal; widows: 2; word-spacing: 0px; -webkit-text-stroke-width: 0px; text-decoration-style: initial; text-decoration-color: initial; text-align: justify; line-height: normal; margin-left: 0cm; margin-right: 0cm; margin-top: 0cm; margin-bottom: 0.0001pt\"><font size=\"2\">&nbsp;<\/font><\/p>\n<p class=\"MsoNormal\" style=\"font-family: Times New Roman; color: rgb(0, 0, 0); font-style: normal; font-variant-ligatures: normal; font-variant-caps: normal; font-weight: 400; letter-spacing: normal; orphans: 2; text-indent: 0px; text-transform: none; white-space: normal; widows: 2; word-spacing: 0px; -webkit-text-stroke-width: 0px; text-decoration-style: initial; text-decoration-color: initial; text-align: justify; margin-left: 0cm; margin-right: 0cm; margin-top: 0cm; margin-bottom: 0.0001pt\"><font size=\"2\">2. Podr\u00e1 celebrar contratos y\/o convenios con entidades del Estado, organismos multilaterales y particulares a trav\u00e9s de la entidad fiduciaria, de conformidad con las leyes y reglamentos de contrataci\u00f3n aplicables. La Junta Administradora del Fondo establecer\u00e1 los l\u00edmites a la contrataci\u00f3n, los montos m\u00e1ximos y dem\u00e1s requisitos que deban aplicarse en materia contractual, seg\u00fan sea el caso.<\/font><\/p>\n<p class=\"MsoNormal\" style=\"font-family: Times New Roman; color: rgb(0, 0, 0); font-style: normal; font-variant-ligatures: normal; font-variant-caps: normal; font-weight: 400; letter-spacing: normal; orphans: 2; text-indent: 0px; text-transform: none; white-space: normal; widows: 2; word-spacing: 0px; -webkit-text-stroke-width: 0px; text-decoration-style: initial; text-decoration-color: initial; text-align: justify; margin-left: 0cm; margin-right: 0cm; margin-top: 0cm; margin-bottom: 0.0001pt\"><font size=\"2\">&nbsp;<\/font><\/p>\n<p class=\"Pa7\" style=\"font-family: Times New Roman; color: rgb(0, 0, 0); font-style: normal; font-variant-ligatures: normal; font-variant-caps: normal; font-weight: 400; letter-spacing: normal; orphans: 2; text-indent: 0px; text-transform: none; white-space: normal; widows: 2; word-spacing: 0px; -webkit-text-stroke-width: 0px; text-decoration-style: initial; text-decoration-color: initial; text-align: justify; line-height: normal; margin-left: 0cm; margin-right: 0cm; margin-top: 0cm; margin-bottom: 0.0001pt\"><font size=\"2\">3. Podr\u00e1 gestionar recursos ante diferentes fuentes del orden nacional, regional, departamental o&nbsp;distrital, e internacional, en los sectores p\u00fablico y privado, para la financiaci\u00f3n y\/o inversi\u00f3n en programas, proyectos e iniciativas que promuevan el desarrollo integral del distrito.<\/font><\/p>\n<p class=\"Pa7\" style=\"font-family: Times New Roman; color: rgb(0, 0, 0); font-style: normal; font-variant-ligatures: normal; font-variant-caps: normal; font-weight: 400; letter-spacing: normal; orphans: 2; text-indent: 0px; text-transform: none; white-space: normal; widows: 2; word-spacing: 0px; -webkit-text-stroke-width: 0px; text-decoration-style: initial; text-decoration-color: initial; text-align: justify; line-height: normal; margin-left: 0cm; margin-right: 0cm; margin-top: 0cm; margin-bottom: 0.0001pt\"><font size=\"2\">&nbsp;<\/font><\/p>\n<p class=\"Pa7\" style=\"font-family: Times New Roman; color: rgb(0, 0, 0); font-style: normal; font-variant-ligatures: normal; font-variant-caps: normal; font-weight: 400; letter-spacing: normal; orphans: 2; text-indent: 0px; text-transform: none; white-space: normal; widows: 2; word-spacing: 0px; -webkit-text-stroke-width: 0px; text-decoration-style: initial; text-decoration-color: initial; text-align: justify; line-height: normal; margin-left: 0cm; margin-right: 0cm; margin-top: 0cm; margin-bottom: 0.0001pt\"><font size=\"2\">4. Deber\u00e1 administrar los recursos que hagan parte de su patrimonio.<\/font><\/p>\n<p class=\"Pa7\" style=\"font-family: Times New Roman; color: rgb(0, 0, 0); font-style: normal; font-variant-ligatures: normal; font-variant-caps: normal; font-weight: 400; letter-spacing: normal; orphans: 2; text-indent: 0px; text-transform: none; white-space: normal; widows: 2; word-spacing: 0px; -webkit-text-stroke-width: 0px; text-decoration-style: initial; text-decoration-color: initial; text-align: justify; line-height: normal; margin-left: 0cm; margin-right: 0cm; margin-top: 0cm; margin-bottom: 0.0001pt\"><font size=\"2\">&nbsp;<\/font><\/p>\n<p class=\"Pa7\" style=\"font-family: Times New Roman; color: rgb(0, 0, 0); font-style: normal; font-variant-ligatures: normal; font-variant-caps: normal; font-weight: 400; letter-spacing: normal; orphans: 2; text-indent: 0px; text-transform: none; white-space: normal; widows: 2; word-spacing: 0px; -webkit-text-stroke-width: 0px; text-decoration-style: initial; text-decoration-color: initial; text-align: justify; line-height: normal; margin-left: 0cm; margin-right: 0cm; margin-top: 0cm; margin-bottom: 0.0001pt\"><font size=\"2\">5. Deber\u00e1 establecer el reglamento operativo para la ejecuci\u00f3n de proyectos, teniendo en cuenta los principios de transparencia, celeridad, publicidad y participaci\u00f3n.<\/font><\/p>\n<p class=\"Pa7\" style=\"font-family: Times New Roman; color: rgb(0, 0, 0); font-style: normal; font-variant-ligatures: normal; font-variant-caps: normal; font-weight: 400; letter-spacing: normal; orphans: 2; text-indent: 0px; text-transform: none; white-space: normal; widows: 2; word-spacing: 0px; -webkit-text-stroke-width: 0px; text-decoration-style: initial; text-decoration-color: initial; text-align: justify; line-height: normal; margin-left: 0cm; margin-right: 0cm; margin-top: 0cm; margin-bottom: 0.0001pt\"><font size=\"2\">&nbsp;<\/font><\/p>\n<p class=\"Pa7\" style=\"font-family: Times New Roman; color: rgb(0, 0, 0); font-style: normal; font-variant-ligatures: normal; font-variant-caps: normal; font-weight: 400; letter-spacing: normal; orphans: 2; text-indent: 0px; text-transform: none; white-space: normal; widows: 2; word-spacing: 0px; -webkit-text-stroke-width: 0px; text-decoration-style: initial; text-decoration-color: initial; text-align: justify; line-height: normal; margin-left: 0cm; margin-right: 0cm; margin-top: 0cm; margin-bottom: 0.0001pt\"><font size=\"2\">6. Deber\u00e1 crear las&nbsp;subcuentas&nbsp;que se requieran para el desarrollo de su objeto.<\/font><\/p>\n<p class=\"Pa7\" style=\"font-family: Times New Roman; color: rgb(0, 0, 0); font-style: normal; font-variant-ligatures: normal; font-variant-caps: normal; font-weight: 400; letter-spacing: normal; orphans: 2; text-indent: 0px; text-transform: none; white-space: normal; widows: 2; word-spacing: 0px; -webkit-text-stroke-width: 0px; text-decoration-style: initial; text-decoration-color: initial; text-align: justify; line-height: normal; margin-left: 0cm; margin-right: 0cm; margin-top: 0cm; margin-bottom: 0.0001pt\"><font size=\"2\">&nbsp;<\/font><\/p>\n<p class=\"Pa7\" style=\"font-family: Times New Roman; color: rgb(0, 0, 0); font-style: normal; font-variant-ligatures: normal; font-variant-caps: normal; font-weight: 400; letter-spacing: normal; orphans: 2; text-indent: 0px; text-transform: none; white-space: normal; widows: 2; word-spacing: 0px; -webkit-text-stroke-width: 0px; text-decoration-style: initial; text-decoration-color: initial; text-align: justify; line-height: normal; margin-left: 0cm; margin-right: 0cm; margin-top: 0cm; margin-bottom: 0.0001pt\"><font size=\"2\">7. Las dem\u00e1s que le sean asignadas por la Junta Administradora o por el Gobierno nacional, enmarcadas dentro de su objeto legal.<\/font><\/p>\n<p class=\"Pa7\" style=\"font-family: Times New Roman; color: rgb(0, 0, 0); font-style: normal; font-variant-ligatures: normal; font-variant-caps: normal; font-weight: 400; letter-spacing: normal; orphans: 2; text-indent: 0px; text-transform: none; white-space: normal; widows: 2; word-spacing: 0px; -webkit-text-stroke-width: 0px; text-decoration-style: initial; text-decoration-color: initial; text-align: justify; line-height: normal; margin-left: 0cm; margin-right: 0cm; margin-top: 0cm; margin-bottom: 0.0001pt\"><font size=\"2\">&nbsp;<\/font><\/p>\n<p class=\"Pa6\" style=\"font-family: Times New Roman; color: rgb(0, 0, 0); font-style: normal; font-variant-ligatures: normal; font-variant-caps: normal; font-weight: 400; letter-spacing: normal; orphans: 2; text-indent: 0px; text-transform: none; white-space: normal; widows: 2; word-spacing: 0px; -webkit-text-stroke-width: 0px; text-decoration-style: initial; text-decoration-color: initial; text-align: justify; line-height: normal; margin-left: 0cm; margin-right: 0cm; margin-top: 0cm; margin-bottom: 0.0001pt\"><font size=\"2\"><b>Art\u00edculo 4\u00b0.<\/b>&nbsp;R\u00e9gimen y duraci\u00f3n del Fondo.&nbsp;El r\u00e9gimen de los actos, actuaciones, contratos y administraci\u00f3n de los recursos del Fondo para el Desarrollo Integral del Distrito Especial de Buenaventura (Fonbuenaventura) ser\u00e1 de derecho privado, con observancia de los principios de igualdad, moralidad, eficacia, econom\u00eda, celeridad, imparcialidad y publicidad de que trata el art\u00edculo&nbsp;209&nbsp;de la Constituci\u00f3n Pol\u00edtica.<\/font><\/p>\n<p class=\"Pa6\" style=\"font-family: Times New Roman; color: rgb(0, 0, 0); font-style: normal; font-variant-ligatures: normal; font-variant-caps: normal; font-weight: 400; letter-spacing: normal; orphans: 2; text-indent: 0px; text-transform: none; white-space: normal; widows: 2; word-spacing: 0px; -webkit-text-stroke-width: 0px; text-decoration-style: initial; text-decoration-color: initial; text-align: justify; line-height: normal; margin-left: 0cm; margin-right: 0cm; margin-top: 0cm; margin-bottom: 0.0001pt\"><font size=\"2\">&nbsp;<\/font><\/p>\n<p class=\"Pa6\" style=\"font-family: Times New Roman; color: rgb(0, 0, 0); font-style: normal; font-variant-ligatures: normal; font-variant-caps: normal; font-weight: 400; letter-spacing: normal; orphans: 2; text-indent: 0px; text-transform: none; white-space: normal; widows: 2; word-spacing: 0px; -webkit-text-stroke-width: 0px; text-decoration-style: initial; text-decoration-color: initial; text-align: justify; line-height: normal; margin-left: 0cm; margin-right: 0cm; margin-top: 0cm; margin-bottom: 0.0001pt\"><font size=\"2\">El Fondo tendr\u00e1 una duraci\u00f3n de diez (10) a\u00f1os contados a partir de la expedici\u00f3n de la presente ley. Cumplido este plazo, el Ministerio de Hacienda y Cr\u00e9dito P\u00fablico podr\u00e1 prorrogarlo por un plazo m\u00e1ximo igual al inicial de duraci\u00f3n o liquidarlo cuando lo determine la Junta Administradora.<\/font><\/p>\n<p class=\"Pa6\" style=\"font-family: Times New Roman; color: rgb(0, 0, 0); font-style: normal; font-variant-ligatures: normal; font-variant-caps: normal; font-weight: 400; letter-spacing: normal; orphans: 2; text-indent: 0px; text-transform: none; white-space: normal; widows: 2; word-spacing: 0px; -webkit-text-stroke-width: 0px; text-decoration-style: initial; text-decoration-color: initial; text-align: justify; line-height: normal; margin-left: 0cm; margin-right: 0cm; margin-top: 0cm; margin-bottom: 0.0001pt\"><font size=\"2\">&nbsp;<\/font><\/p>\n<p class=\"MsoNormal\" style=\"font-family: Times New Roman; color: rgb(0, 0, 0); font-style: normal; font-variant-ligatures: normal; font-variant-caps: normal; font-weight: 400; letter-spacing: normal; orphans: 2; text-indent: 0px; text-transform: none; white-space: normal; widows: 2; word-spacing: 0px; -webkit-text-stroke-width: 0px; text-decoration-style: initial; text-decoration-color: initial; text-align: justify; margin-left: 0cm; margin-right: 0cm; margin-top: 0cm; margin-bottom: 0.0001pt\"><font size=\"2\"><b>Art\u00edculo 5\u00b0.<\/b>&nbsp;Recursos del Fondo.&nbsp;El Fondo para el Desarrollo Integral del Distrito Especial de Buenaventura (Fonbuenaventura) se constituir\u00e1 con las siguientes fuentes de recursos:<\/font><\/p>\n<p class=\"MsoNormal\" style=\"font-family: Times New Roman; color: rgb(0, 0, 0); font-style: normal; font-variant-ligatures: normal; font-variant-caps: normal; font-weight: 400; letter-spacing: normal; orphans: 2; text-indent: 0px; text-transform: none; white-space: normal; widows: 2; word-spacing: 0px; -webkit-text-stroke-width: 0px; text-decoration-style: initial; text-decoration-color: initial; text-align: justify; margin-left: 0cm; margin-right: 0cm; margin-top: 0cm; margin-bottom: 0.0001pt\"><font size=\"2\">&nbsp;<\/font><\/p>\n<p class=\"MsoNormal\" style=\"font-family: Times New Roman; color: rgb(0, 0, 0); font-style: normal; font-variant-ligatures: normal; font-variant-caps: normal; font-weight: 400; letter-spacing: normal; orphans: 2; text-indent: 0px; text-transform: none; white-space: normal; widows: 2; word-spacing: 0px; -webkit-text-stroke-width: 0px; text-decoration-style: initial; text-decoration-color: initial; text-align: justify; margin-left: 0cm; margin-right: 0cm; margin-top: 0cm; margin-bottom: 0.0001pt\"><font size=\"2\">1. Las partidas que se le asignen e incorporen en el Presupuesto General de la Naci\u00f3n o recursos del cr\u00e9dito.<\/font><\/p>\n<p class=\"MsoNormal\" style=\"font-family: Times New Roman; color: rgb(0, 0, 0); font-style: normal; font-variant-ligatures: normal; font-variant-caps: normal; font-weight: 400; letter-spacing: normal; orphans: 2; text-indent: 0px; text-transform: none; white-space: normal; widows: 2; word-spacing: 0px; -webkit-text-stroke-width: 0px; text-decoration-style: initial; text-decoration-color: initial; text-align: justify; margin-left: 0cm; margin-right: 0cm; margin-top: 0cm; margin-bottom: 0.0001pt\"><font size=\"2\">&nbsp;<\/font><\/p>\n<p class=\"MsoNormal\" style=\"font-family: Times New Roman; color: rgb(0, 0, 0); font-style: normal; font-variant-ligatures: normal; font-variant-caps: normal; font-weight: 400; letter-spacing: normal; orphans: 2; text-indent: 0px; text-transform: none; white-space: normal; widows: 2; word-spacing: 0px; -webkit-text-stroke-width: 0px; text-decoration-style: initial; text-decoration-color: initial; text-align: justify; margin-left: 0cm; margin-right: 0cm; margin-top: 0cm; margin-bottom: 0.0001pt\"><font size=\"2\">2. El gobierno departamental del Valle del Cauca y el gobierno&nbsp;distrital&nbsp;de Buenaventura podr\u00e1n concurrir y aportar recursos propios y\/o de destinaci\u00f3n espec\u00edfica que cumplan con el objeto y la destinaci\u00f3n del gasto, para la&nbsp;cofinanciaci\u00f3n&nbsp;de proyectos estrat\u00e9gicos que se encuentren financiados con recursos del Fondo para el Desarrollo Integral del Distrito de Buenaventura (Fonbuenaventura).<\/font><\/p>\n<p class=\"MsoNormal\" style=\"font-family: Times New Roman; color: rgb(0, 0, 0); font-style: normal; font-variant-ligatures: normal; font-variant-caps: normal; font-weight: 400; letter-spacing: normal; orphans: 2; text-indent: 0px; text-transform: none; white-space: normal; widows: 2; word-spacing: 0px; -webkit-text-stroke-width: 0px; text-decoration-style: initial; text-decoration-color: initial; text-align: justify; margin-left: 0cm; margin-right: 0cm; margin-top: 0cm; margin-bottom: 0.0001pt\"><font size=\"2\">&nbsp;<\/font><\/p>\n<p class=\"MsoNormal\" style=\"font-family: Times New Roman; color: rgb(0, 0, 0); font-style: normal; font-variant-ligatures: normal; font-variant-caps: normal; font-weight: 400; letter-spacing: normal; orphans: 2; text-indent: 0px; text-transform: none; white-space: normal; widows: 2; word-spacing: 0px; -webkit-text-stroke-width: 0px; text-decoration-style: initial; text-decoration-color: initial; text-align: justify; margin-left: 0cm; margin-right: 0cm; margin-top: 0cm; margin-bottom: 0.0001pt\"><font size=\"2\">3. Los recursos derivados de las operaciones de financiamiento con entidades multilaterales de cr\u00e9dito, entidades de fomento y gobiernos, que celebre la naci\u00f3n con destino al Patrimonio Aut\u00f3nomo.<\/font><\/p>\n<p class=\"MsoNormal\" style=\"font-family: Times New Roman; color: rgb(0, 0, 0); font-style: normal; font-variant-ligatures: normal; font-variant-caps: normal; font-weight: 400; letter-spacing: normal; orphans: 2; text-indent: 0px; text-transform: none; white-space: normal; widows: 2; word-spacing: 0px; -webkit-text-stroke-width: 0px; text-decoration-style: initial; text-decoration-color: initial; text-align: justify; margin-left: 0cm; margin-right: 0cm; margin-top: 0cm; margin-bottom: 0.0001pt\"><font size=\"2\">&nbsp;<\/font><\/p>\n<p class=\"MsoNormal\" style=\"font-family: Times New Roman; color: rgb(0, 0, 0); font-style: normal; font-variant-ligatures: normal; font-variant-caps: normal; font-weight: 400; letter-spacing: normal; orphans: 2; text-indent: 0px; text-transform: none; white-space: normal; widows: 2; word-spacing: 0px; -webkit-text-stroke-width: 0px; text-decoration-style: initial; text-decoration-color: initial; text-align: justify; margin-left: 0cm; margin-right: 0cm; margin-top: 0cm; margin-bottom: 0.0001pt\"><font size=\"2\">4. Las donaciones que reciba, tanto de origen nacional como internacional, con el prop\u00f3sito de desarrollar su objeto.<\/font><\/p>\n<p class=\"MsoNormal\" style=\"font-family: Times New Roman; color: rgb(0, 0, 0); font-style: normal; font-variant-ligatures: normal; font-variant-caps: normal; font-weight: 400; letter-spacing: normal; orphans: 2; text-indent: 0px; text-transform: none; white-space: normal; widows: 2; word-spacing: 0px; -webkit-text-stroke-width: 0px; text-decoration-style: initial; text-decoration-color: initial; text-align: justify; margin-left: 0cm; margin-right: 0cm; margin-top: 0cm; margin-bottom: 0.0001pt\"><font size=\"2\">&nbsp;<\/font><\/p>\n<p class=\"MsoNormal\" style=\"font-family: Times New Roman; color: rgb(0, 0, 0); font-style: normal; font-variant-ligatures: normal; font-variant-caps: normal; font-weight: 400; letter-spacing: normal; orphans: 2; text-indent: 0px; text-transform: none; white-space: normal; widows: 2; word-spacing: 0px; -webkit-text-stroke-width: 0px; text-decoration-style: initial; text-decoration-color: initial; text-align: justify; margin-left: 0cm; margin-right: 0cm; margin-top: 0cm; margin-bottom: 0.0001pt\"><font size=\"2\">5. Los recursos de cooperaci\u00f3n nacional o internacional no reembolsables.<\/font><\/p>\n<p class=\"MsoNormal\" style=\"font-family: Times New Roman; color: rgb(0, 0, 0); font-style: normal; font-variant-ligatures: normal; font-variant-caps: normal; font-weight: 400; letter-spacing: normal; orphans: 2; text-indent: 0px; text-transform: none; white-space: normal; widows: 2; word-spacing: 0px; -webkit-text-stroke-width: 0px; text-decoration-style: initial; text-decoration-color: initial; text-align: justify; margin-left: 0cm; margin-right: 0cm; margin-top: 0cm; margin-bottom: 0.0001pt\"><font size=\"2\">&nbsp;<\/font><\/p>\n<p class=\"MsoNormal\" style=\"font-family: Times New Roman; color: rgb(0, 0, 0); font-style: normal; font-variant-ligatures: normal; font-variant-caps: normal; font-weight: 400; letter-spacing: normal; orphans: 2; text-indent: 0px; text-transform: none; white-space: normal; widows: 2; word-spacing: 0px; -webkit-text-stroke-width: 0px; text-decoration-style: initial; text-decoration-color: initial; text-align: justify; margin-left: 0cm; margin-right: 0cm; margin-top: 0cm; margin-bottom: 0.0001pt\"><font size=\"2\">6. Los dem\u00e1s recursos que obtenga o se le asignen a cualquier t\u00edtulo.<\/font><\/p>\n<p class=\"MsoNormal\" style=\"font-family: Times New Roman; color: rgb(0, 0, 0); font-style: normal; font-variant-ligatures: normal; font-variant-caps: normal; font-weight: 400; letter-spacing: normal; orphans: 2; text-indent: 0px; text-transform: none; white-space: normal; widows: 2; word-spacing: 0px; -webkit-text-stroke-width: 0px; text-decoration-style: initial; text-decoration-color: initial; text-align: justify; margin-left: 0cm; margin-right: 0cm; margin-top: 0cm; margin-bottom: 0.0001pt\"><font size=\"2\">&nbsp;<\/font><\/p>\n<p class=\"MsoNormal\" style=\"font-family: Times New Roman; color: rgb(0, 0, 0); font-style: normal; font-variant-ligatures: normal; font-variant-caps: normal; font-weight: 400; letter-spacing: normal; orphans: 2; text-indent: 0px; text-transform: none; white-space: normal; widows: 2; word-spacing: 0px; -webkit-text-stroke-width: 0px; text-decoration-style: initial; text-decoration-color: initial; text-align: justify; margin-left: 0cm; margin-right: 0cm; margin-top: 0cm; margin-bottom: 0.0001pt\"><font size=\"2\"><b>Par\u00e1grafo 1\u00b0.<\/b> Mientras se implementa el Fondo para el Desarrollo Integral del Distrito de Buenaventura (Fonbuenaventura), se abrir\u00e1 una&nbsp;subcuenta&nbsp;especial en el Patrimonio Aut\u00f3nomo del \u201cFondo Plan Todos Somos&nbsp;Pazc\u00edfico\u201d con manejo especial y exclusivo de la Junta Directiva del Fondo&nbsp;Fonbuenaventura, en donde se podr\u00e1n consignar exclusivamente los recursos priorizados en el marco de la negociaci\u00f3n, y los recursos de que trata este art\u00edculo.<\/font><\/p>\n<p class=\"MsoNormal\" style=\"font-family: Times New Roman; color: rgb(0, 0, 0); font-style: normal; font-variant-ligatures: normal; font-variant-caps: normal; font-weight: 400; letter-spacing: normal; orphans: 2; text-indent: 0px; text-transform: none; white-space: normal; widows: 2; word-spacing: 0px; -webkit-text-stroke-width: 0px; text-decoration-style: initial; text-decoration-color: initial; text-align: justify; margin-left: 0cm; margin-right: 0cm; margin-top: 0cm; margin-bottom: 0.0001pt\"><font size=\"2\">&nbsp;<\/font><\/p>\n<p class=\"MsoNormal\" style=\"font-family: Times New Roman; color: rgb(0, 0, 0); font-style: normal; font-variant-ligatures: normal; font-variant-caps: normal; font-weight: 400; letter-spacing: normal; orphans: 2; text-indent: 0px; text-transform: none; white-space: normal; widows: 2; word-spacing: 0px; -webkit-text-stroke-width: 0px; text-decoration-style: initial; text-decoration-color: initial; text-align: justify; margin-left: 0cm; margin-right: 0cm; margin-top: 0cm; margin-bottom: 0.0001pt\"><font size=\"2\"><b>Par\u00e1grafo 2\u00b0. <\/b>Los recursos que no hayan sido ejecutados de la&nbsp;subcuenta&nbsp;especial para Buenaventura del \u201cFondo Plan Todos Somos&nbsp;Pazc\u00edfico\u201d, al momento de la sanci\u00f3n de la presente ley, pasar\u00e1n al patrimonio aut\u00f3nomo que se llegare a constituir para la administraci\u00f3n de los recursos del Fondo para el Desarrollo Integral del Distrito de Buenaventura (Fonbuenaventura).<\/font><\/p>\n<p class=\"MsoNormal\" style=\"font-family: Times New Roman; color: rgb(0, 0, 0); font-style: normal; font-variant-ligatures: normal; font-variant-caps: normal; font-weight: 400; letter-spacing: normal; orphans: 2; text-indent: 0px; text-transform: none; white-space: normal; widows: 2; word-spacing: 0px; -webkit-text-stroke-width: 0px; text-decoration-style: initial; text-decoration-color: initial; text-align: justify; margin-left: 0cm; margin-right: 0cm; margin-top: 0cm; margin-bottom: 0.0001pt\"><font size=\"2\">&nbsp;<\/font><\/p>\n<p class=\"MsoNormal\" style=\"font-family: Times New Roman; color: rgb(0, 0, 0); font-style: normal; font-variant-ligatures: normal; font-variant-caps: normal; font-weight: 400; letter-spacing: normal; orphans: 2; text-indent: 0px; text-transform: none; white-space: normal; widows: 2; word-spacing: 0px; -webkit-text-stroke-width: 0px; text-decoration-style: initial; text-decoration-color: initial; text-align: justify; margin-left: 0cm; margin-right: 0cm; margin-top: 0cm; margin-bottom: 0.0001pt\"><font size=\"2\"><b>Par\u00e1grafo 3\u00b0.<\/b> El mecanismo de pago de obras por impuestos aplicar\u00e1 en el Distrito Especial, Industrial, Portuario,&nbsp;Biodiverso&nbsp;y&nbsp;Ecotur\u00edstico&nbsp;de Buenaventura cuando el Ministerio de Hacienda y Cr\u00e9dito P\u00fablico lo autorice.<\/font><\/p>\n<p class=\"MsoNormal\" style=\"font-family: Times New Roman; color: rgb(0, 0, 0); font-style: normal; font-variant-ligatures: normal; font-variant-caps: normal; font-weight: 400; letter-spacing: normal; orphans: 2; text-indent: 0px; text-transform: none; white-space: normal; widows: 2; word-spacing: 0px; -webkit-text-stroke-width: 0px; text-decoration-style: initial; text-decoration-color: initial; text-align: justify; margin-left: 0cm; margin-right: 0cm; margin-top: 0cm; margin-bottom: 0.0001pt\"><font size=\"2\">&nbsp;<\/font><\/p>\n<p class=\"MsoNormal\" style=\"font-family: Times New Roman; color: rgb(0, 0, 0); font-style: normal; font-variant-ligatures: normal; font-variant-caps: normal; font-weight: 400; letter-spacing: normal; orphans: 2; text-indent: 0px; text-transform: none; white-space: normal; widows: 2; word-spacing: 0px; -webkit-text-stroke-width: 0px; text-decoration-style: initial; text-decoration-color: initial; text-align: justify; margin-left: 0cm; margin-right: 0cm; margin-top: 0cm; margin-bottom: 0.0001pt\"><font size=\"2\">Para ello, tendr\u00e1 en cuenta que los recursos correspondientes al impuesto sobre la renta a cargo de las personas jur\u00eddicas de que trata el art\u00edculo 238 de la&nbsp;Ley 1819 de 2016domiciliadas en ese Distrito, superen el doble de lo asignado de acuerdo con el numeral 1 del presente art\u00edculo.<\/font><\/p>\n<p class=\"MsoNormal\" style=\"font-family: Times New Roman; color: rgb(0, 0, 0); font-style: normal; font-variant-ligatures: normal; font-variant-caps: normal; font-weight: 400; letter-spacing: normal; orphans: 2; text-indent: 0px; text-transform: none; white-space: normal; widows: 2; word-spacing: 0px; -webkit-text-stroke-width: 0px; text-decoration-style: initial; text-decoration-color: initial; text-align: justify; margin-left: 0cm; margin-right: 0cm; margin-top: 0cm; margin-bottom: 0.0001pt\"><font size=\"2\">&nbsp;<\/font><\/p>\n<p class=\"MsoNormal\" style=\"font-family: Times New Roman; color: rgb(0, 0, 0); font-style: normal; font-variant-ligatures: normal; font-variant-caps: normal; font-weight: 400; letter-spacing: normal; orphans: 2; text-indent: 0px; text-transform: none; white-space: normal; widows: 2; word-spacing: 0px; -webkit-text-stroke-width: 0px; text-decoration-style: initial; text-decoration-color: initial; text-align: justify; margin-left: 0cm; margin-right: 0cm; margin-top: 0cm; margin-bottom: 0.0001pt\"><font size=\"2\"><b>Par\u00e1grafo 4\u00b0.<\/b> En todo caso, las llamadas \u201cInversiones prioritarias\u201d del acuerdo firmado entre el Gobierno nacional y el Comit\u00e9 C\u00edvico \u201cpara vivir con dignidad y en paz en el territorio\u201d, suscrito el 6 de junio de 2017, tendr\u00e1n las asignaciones presupuestales en los t\u00e9rminos del art\u00edculo 39 del Estatuto Org\u00e1nico de Presupuesto.<\/font><\/p>\n<p class=\"MsoNormal\" style=\"font-family: Times New Roman; color: rgb(0, 0, 0); font-style: normal; font-variant-ligatures: normal; font-variant-caps: normal; font-weight: 400; letter-spacing: normal; orphans: 2; text-indent: 0px; text-transform: none; white-space: normal; widows: 2; word-spacing: 0px; -webkit-text-stroke-width: 0px; text-decoration-style: initial; text-decoration-color: initial; text-align: justify; margin-left: 0cm; margin-right: 0cm; margin-top: 0cm; margin-bottom: 0.0001pt\"><font size=\"2\">&nbsp;<\/font><\/p>\n<p class=\"MsoNormal\" style=\"font-family: Times New Roman; color: rgb(0, 0, 0); font-style: normal; font-variant-ligatures: normal; font-variant-caps: normal; font-weight: 400; letter-spacing: normal; orphans: 2; text-indent: 0px; text-transform: none; white-space: normal; widows: 2; word-spacing: 0px; -webkit-text-stroke-width: 0px; text-decoration-style: initial; text-decoration-color: initial; text-align: justify; margin-left: 0cm; margin-right: 0cm; margin-top: 0cm; margin-bottom: 0.0001pt\"><font size=\"2\"><b>Par\u00e1grafo 5\u00b0.<\/b> El contenido del Plan Especial para el Desarrollo Integral del Distrito de Buenaventura se articular\u00e1 a los planes, programas y proyectos de los Planes Nacionales y Territoriales de Desarrollo y deber\u00e1 ser elevado a pol\u00edtica p\u00fablica, a trav\u00e9s de las herramientas legales de planeaci\u00f3n y&nbsp;presupuestaci\u00f3n, de tal manera que en el mediano y largo plazo, se cuente con los recursos requeridos en cada vigencia para su materializaci\u00f3n.<\/font><\/p>\n<p class=\"MsoNormal\" style=\"font-family: Times New Roman; color: rgb(0, 0, 0); font-style: normal; font-variant-ligatures: normal; font-variant-caps: normal; font-weight: 400; letter-spacing: normal; orphans: 2; text-indent: 0px; text-transform: none; white-space: normal; widows: 2; word-spacing: 0px; -webkit-text-stroke-width: 0px; text-decoration-style: initial; text-decoration-color: initial; text-align: justify; margin-left: 0cm; margin-right: 0cm; margin-top: 0cm; margin-bottom: 0.0001pt\"><font size=\"2\">&nbsp;<\/font><\/p>\n<p class=\"MsoNormal\" style=\"font-family: Times New Roman; color: rgb(0, 0, 0); font-style: normal; font-variant-ligatures: normal; font-variant-caps: normal; font-weight: 400; letter-spacing: normal; orphans: 2; text-indent: 0px; text-transform: none; white-space: normal; widows: 2; word-spacing: 0px; -webkit-text-stroke-width: 0px; text-decoration-style: initial; text-decoration-color: initial; text-align: justify; margin-left: 0cm; margin-right: 0cm; margin-top: 0cm; margin-bottom: 0.0001pt\"><font size=\"2\"><b>Art\u00edculo 6\u00b0.<\/b> \u00d3rganos del Fondo. El Fondo para el Desarrollo Integral del Distrito Especial de Buenaventura (Fonbuenaventura), para la ejecuci\u00f3n de los planes, programas y proyectos, as\u00ed como para su funcionamiento, contar\u00e1 con los siguientes \u00f3rganos:<\/font><\/p>\n<p class=\"MsoNormal\" style=\"font-family: Times New Roman; color: rgb(0, 0, 0); font-style: normal; font-variant-ligatures: normal; font-variant-caps: normal; font-weight: 400; letter-spacing: normal; orphans: 2; text-indent: 0px; text-transform: none; white-space: normal; widows: 2; word-spacing: 0px; -webkit-text-stroke-width: 0px; text-decoration-style: initial; text-decoration-color: initial; text-align: justify; margin-left: 0cm; margin-right: 0cm; margin-top: 0cm; margin-bottom: 0.0001pt\"><font size=\"2\">&nbsp;<\/font><\/p>\n<p class=\"MsoNormal\" style=\"font-family: Times New Roman; color: rgb(0, 0, 0); font-style: normal; font-variant-ligatures: normal; font-variant-caps: normal; font-weight: 400; letter-spacing: normal; orphans: 2; text-indent: 0px; text-transform: none; white-space: normal; widows: 2; word-spacing: 0px; -webkit-text-stroke-width: 0px; text-decoration-style: initial; text-decoration-color: initial; text-align: justify; margin-left: 0cm; margin-right: 0cm; margin-top: 0cm; margin-bottom: 0.0001pt\"><font size=\"2\">1. Junta Administradora del Fondo (JAF), y<\/font><\/p>\n<p class=\"MsoNormal\" style=\"font-family: Times New Roman; color: rgb(0, 0, 0); font-style: normal; font-variant-ligatures: normal; font-variant-caps: normal; font-weight: 400; letter-spacing: normal; orphans: 2; text-indent: 0px; text-transform: none; white-space: normal; widows: 2; word-spacing: 0px; -webkit-text-stroke-width: 0px; text-decoration-style: initial; text-decoration-color: initial; text-align: justify; margin-left: 0cm; margin-right: 0cm; margin-top: 0cm; margin-bottom: 0.0001pt\"><font size=\"2\">&nbsp;<\/font><\/p>\n<p class=\"MsoNormal\" style=\"font-family: Times New Roman; color: rgb(0, 0, 0); font-style: normal; font-variant-ligatures: normal; font-variant-caps: normal; font-weight: 400; letter-spacing: normal; orphans: 2; text-indent: 0px; text-transform: none; white-space: normal; widows: 2; word-spacing: 0px; -webkit-text-stroke-width: 0px; text-decoration-style: initial; text-decoration-color: initial; text-align: justify; margin-left: 0cm; margin-right: 0cm; margin-top: 0cm; margin-bottom: 0.0001pt\"><font size=\"2\">2. Director Ejecutivo.<\/font><\/p>\n<p class=\"MsoNormal\" style=\"font-family: Times New Roman; color: rgb(0, 0, 0); font-style: normal; font-variant-ligatures: normal; font-variant-caps: normal; font-weight: 400; letter-spacing: normal; orphans: 2; text-indent: 0px; text-transform: none; white-space: normal; widows: 2; word-spacing: 0px; -webkit-text-stroke-width: 0px; text-decoration-style: initial; text-decoration-color: initial; text-align: justify; margin-left: 0cm; margin-right: 0cm; margin-top: 0cm; margin-bottom: 0.0001pt\"><font size=\"2\">&nbsp;<\/font><\/p>\n<p class=\"MsoNormal\" style=\"font-family: Times New Roman; color: rgb(0, 0, 0); font-style: normal; font-variant-ligatures: normal; font-variant-caps: normal; font-weight: 400; letter-spacing: normal; orphans: 2; text-indent: 0px; text-transform: none; white-space: normal; widows: 2; word-spacing: 0px; -webkit-text-stroke-width: 0px; text-decoration-style: initial; text-decoration-color: initial; text-align: justify; margin-left: 0cm; margin-right: 0cm; margin-top: 0cm; margin-bottom: 0.0001pt\"><font size=\"2\">La Junta Administradora del Fondo (JAF), define las pol\u00edticas generales de inversi\u00f3n de los recursos y velar\u00e1 por su adecuado manejo. La Junta contar\u00e1 con un grupo asesor para la planeaci\u00f3n y gesti\u00f3n, se dar\u00e1 su propio reglamento y estar\u00e1 integrada por:<\/font><\/p>\n<p class=\"MsoNormal\" style=\"font-family: Times New Roman; color: rgb(0, 0, 0); font-style: normal; font-variant-ligatures: normal; font-variant-caps: normal; font-weight: 400; letter-spacing: normal; orphans: 2; text-indent: 0px; text-transform: none; white-space: normal; widows: 2; word-spacing: 0px; -webkit-text-stroke-width: 0px; text-decoration-style: initial; text-decoration-color: initial; text-align: justify; margin-left: 0cm; margin-right: 0cm; margin-top: 0cm; margin-bottom: 0.0001pt\"><font size=\"2\">&nbsp;<\/font><\/p>\n<p class=\"MsoNormal\" style=\"font-family: Times New Roman; color: rgb(0, 0, 0); font-style: normal; font-variant-ligatures: normal; font-variant-caps: normal; font-weight: 400; letter-spacing: normal; orphans: 2; text-indent: 0px; text-transform: none; white-space: normal; widows: 2; word-spacing: 0px; -webkit-text-stroke-width: 0px; text-decoration-style: initial; text-decoration-color: initial; text-align: justify; margin-left: 0cm; margin-right: 0cm; margin-top: 0cm; margin-bottom: 0.0001pt\"><font size=\"2\">a) Siete (7) miembros del Gobierno nacional que se establecer\u00e1n en el decreto reglamentario.<\/font><\/p>\n<p class=\"MsoNormal\" style=\"font-family: Times New Roman; color: rgb(0, 0, 0); font-style: normal; font-variant-ligatures: normal; font-variant-caps: normal; font-weight: 400; letter-spacing: normal; orphans: 2; text-indent: 0px; text-transform: none; white-space: normal; widows: 2; word-spacing: 0px; -webkit-text-stroke-width: 0px; text-decoration-style: initial; text-decoration-color: initial; text-align: justify; margin-left: 0cm; margin-right: 0cm; margin-top: 0cm; margin-bottom: 0.0001pt\"><font size=\"2\">&nbsp;<\/font><\/p>\n<p class=\"MsoNormal\" style=\"font-family: Times New Roman; color: rgb(0, 0, 0); font-style: normal; font-variant-ligatures: normal; font-variant-caps: normal; font-weight: 400; letter-spacing: normal; orphans: 2; text-indent: 0px; text-transform: none; white-space: normal; widows: 2; word-spacing: 0px; -webkit-text-stroke-width: 0px; text-decoration-style: initial; text-decoration-color: initial; text-align: justify; margin-left: 0cm; margin-right: 0cm; margin-top: 0cm; margin-bottom: 0.0001pt\"><font size=\"2\">b) Cinco (5) miembros de la comunidad en la que el \u201cComit\u00e9 C\u00edvico para vivir con dignidad y en paz en el territorio\u201d, coordinar\u00e1, mediante mecanismos democr\u00e1ticos, la elecci\u00f3n de los miembros donde garantizar\u00e1 la participaci\u00f3n de las autoridades ind\u00edgenas, las autoridades de las comunidades negras y las Juntas de Acci\u00f3n Comunal en el territorio de Buenaventura.<\/font><\/p>\n<p class=\"MsoNormal\" style=\"font-family: Times New Roman; color: rgb(0, 0, 0); font-style: normal; font-variant-ligatures: normal; font-variant-caps: normal; font-weight: 400; letter-spacing: normal; orphans: 2; text-indent: 0px; text-transform: none; white-space: normal; widows: 2; word-spacing: 0px; -webkit-text-stroke-width: 0px; text-decoration-style: initial; text-decoration-color: initial; text-align: justify; margin-left: 0cm; margin-right: 0cm; margin-top: 0cm; margin-bottom: 0.0001pt\"><font size=\"2\">&nbsp;<\/font><\/p>\n<p class=\"MsoNormal\" style=\"font-family: Times New Roman; color: rgb(0, 0, 0); font-style: normal; font-variant-ligatures: normal; font-variant-caps: normal; font-weight: 400; letter-spacing: normal; orphans: 2; text-indent: 0px; text-transform: none; white-space: normal; widows: 2; word-spacing: 0px; -webkit-text-stroke-width: 0px; text-decoration-style: initial; text-decoration-color: initial; text-align: justify; margin-left: 0cm; margin-right: 0cm; margin-top: 0cm; margin-bottom: 0.0001pt\"><font size=\"2\">c) El Gobernador del Valle del Cauca, quien no podr\u00e1 delegar su participaci\u00f3n.<\/font><\/p>\n<p class=\"MsoNormal\" style=\"font-family: Times New Roman; color: rgb(0, 0, 0); font-style: normal; font-variant-ligatures: normal; font-variant-caps: normal; font-weight: 400; letter-spacing: normal; orphans: 2; text-indent: 0px; text-transform: none; white-space: normal; widows: 2; word-spacing: 0px; -webkit-text-stroke-width: 0px; text-decoration-style: initial; text-decoration-color: initial; text-align: justify; margin-left: 0cm; margin-right: 0cm; margin-top: 0cm; margin-bottom: 0.0001pt\"><font size=\"2\">&nbsp;<\/font><\/p>\n<p class=\"MsoNormal\" style=\"font-family: Times New Roman; color: rgb(0, 0, 0); font-style: normal; font-variant-ligatures: normal; font-variant-caps: normal; font-weight: 400; letter-spacing: normal; orphans: 2; text-indent: 0px; text-transform: none; white-space: normal; widows: 2; word-spacing: 0px; -webkit-text-stroke-width: 0px; text-decoration-style: initial; text-decoration-color: initial; text-align: justify; margin-left: 0cm; margin-right: 0cm; margin-top: 0cm; margin-bottom: 0.0001pt\"><font size=\"2\">d) El Alcalde del Distrito Especial, Industrial, Portuario,&nbsp;Biodiverso&nbsp;y&nbsp;Ecotur\u00edstico&nbsp;de Buenaventura, quien no podr\u00e1 delegar su participaci\u00f3n.<\/font><\/p>\n<p class=\"MsoNormal\" style=\"font-family: Times New Roman; color: rgb(0, 0, 0); font-style: normal; font-variant-ligatures: normal; font-variant-caps: normal; font-weight: 400; letter-spacing: normal; orphans: 2; text-indent: 0px; text-transform: none; white-space: normal; widows: 2; word-spacing: 0px; -webkit-text-stroke-width: 0px; text-decoration-style: initial; text-decoration-color: initial; text-align: justify; margin-left: 0cm; margin-right: 0cm; margin-top: 0cm; margin-bottom: 0.0001pt\"><font size=\"2\">&nbsp;<\/font><\/p>\n<p class=\"MsoNormal\" style=\"font-family: Times New Roman; color: rgb(0, 0, 0); font-style: normal; font-variant-ligatures: normal; font-variant-caps: normal; font-weight: 400; letter-spacing: normal; orphans: 2; text-indent: 0px; text-transform: none; white-space: normal; widows: 2; word-spacing: 0px; -webkit-text-stroke-width: 0px; text-decoration-style: initial; text-decoration-color: initial; text-align: justify; margin-left: 0cm; margin-right: 0cm; margin-top: 0cm; margin-bottom: 0.0001pt\"><font size=\"2\">Los \u00f3rganos de direcci\u00f3n y operaci\u00f3n del Fondo deber\u00e1n presentar en forma peri\u00f3dica, por lo menos trimestralmente, informes de gesti\u00f3n pormenorizados, los cuales se divulgar\u00e1n en forma masiva a trav\u00e9s de los diferentes medios de comunicaci\u00f3n y copia de estos deber\u00e1 ser remitida a quien ejerza las funciones de Procurador General de la Naci\u00f3n y Contralor General de la Rep\u00fablica para que efect\u00faen las actuaciones de su competencia.<\/font><\/p>\n<p class=\"MsoNormal\" style=\"font-family: Times New Roman; color: rgb(0, 0, 0); font-style: normal; font-variant-ligatures: normal; font-variant-caps: normal; font-weight: 400; letter-spacing: normal; orphans: 2; text-indent: 0px; text-transform: none; white-space: normal; widows: 2; word-spacing: 0px; -webkit-text-stroke-width: 0px; text-decoration-style: initial; text-decoration-color: initial; text-align: justify; margin-left: 0cm; margin-right: 0cm; margin-top: 0cm; margin-bottom: 0.0001pt\"><font size=\"2\">&nbsp;<\/font><\/p>\n<p class=\"MsoNormal\" style=\"font-family: Times New Roman; color: rgb(0, 0, 0); font-style: normal; font-variant-ligatures: normal; font-variant-caps: normal; font-weight: 400; letter-spacing: normal; orphans: 2; text-indent: 0px; text-transform: none; white-space: normal; widows: 2; word-spacing: 0px; -webkit-text-stroke-width: 0px; text-decoration-style: initial; text-decoration-color: initial; text-align: justify; margin-left: 0cm; margin-right: 0cm; margin-top: 0cm; margin-bottom: 0.0001pt\"><font size=\"2\"><b>Par\u00e1grafo 1\u00b0.<\/b> Para que operen los mecanismos previstos en la presente ley, el \u201cComit\u00e9 C\u00edvico de Buenaventura para vivir con dignidad y en paz en el territorio\u201d establecer\u00e1 su propio reglamento.<\/font><\/p>\n<p class=\"MsoNormal\" style=\"font-family: Times New Roman; color: rgb(0, 0, 0); font-style: normal; font-variant-ligatures: normal; font-variant-caps: normal; font-weight: 400; letter-spacing: normal; orphans: 2; text-indent: 0px; text-transform: none; white-space: normal; widows: 2; word-spacing: 0px; -webkit-text-stroke-width: 0px; text-decoration-style: initial; text-decoration-color: initial; text-align: justify; margin-left: 0cm; margin-right: 0cm; margin-top: 0cm; margin-bottom: 0.0001pt\"><font size=\"2\">&nbsp;<\/font><\/p>\n<p class=\"MsoNormal\" style=\"font-family: Times New Roman; color: rgb(0, 0, 0); font-style: normal; font-variant-ligatures: normal; font-variant-caps: normal; font-weight: 400; letter-spacing: normal; orphans: 2; text-indent: 0px; text-transform: none; white-space: normal; widows: 2; word-spacing: 0px; -webkit-text-stroke-width: 0px; text-decoration-style: initial; text-decoration-color: initial; text-align: justify; margin-left: 0cm; margin-right: 0cm; margin-top: 0cm; margin-bottom: 0.0001pt\"><font size=\"2\"><b>Par\u00e1grafo 2\u00b0.<\/b> El Director Ejecutivo del Fondo ser\u00e1 designado por la Junta Administradora, quien podr\u00e1 removerlo cuando lo considere pertinente, remoci\u00f3n que deber\u00e1 ser hecha con apego a la normatividad vigente aplicable en materia laboral y contractual. El Director actuar\u00e1 en cumplimiento de las pol\u00edticas generales definidas por la Junta Administradora, para el desarrollo de los planes, programas y proyectos del Fondo.<\/font><\/p>\n<p class=\"MsoNormal\" style=\"font-family: Times New Roman; color: rgb(0, 0, 0); font-style: normal; font-variant-ligatures: normal; font-variant-caps: normal; font-weight: 400; letter-spacing: normal; orphans: 2; text-indent: 0px; text-transform: none; white-space: normal; widows: 2; word-spacing: 0px; -webkit-text-stroke-width: 0px; text-decoration-style: initial; text-decoration-color: initial; text-align: justify; margin-left: 0cm; margin-right: 0cm; margin-top: 0cm; margin-bottom: 0.0001pt\"><font size=\"2\">&nbsp;<\/font><\/p>\n<p class=\"MsoNormal\" style=\"font-family: Times New Roman; color: rgb(0, 0, 0); font-style: normal; font-variant-ligatures: normal; font-variant-caps: normal; font-weight: 400; letter-spacing: normal; orphans: 2; text-indent: 0px; text-transform: none; white-space: normal; widows: 2; word-spacing: 0px; -webkit-text-stroke-width: 0px; text-decoration-style: initial; text-decoration-color: initial; text-align: justify; margin-left: 0cm; margin-right: 0cm; margin-top: 0cm; margin-bottom: 0.0001pt\"><font size=\"2\"><b>Par\u00e1grafo 3\u00b0.<\/b> En temas relacionados con el Presupuesto General de la Naci\u00f3n se requerir\u00e1 el voto positivo del Gobierno nacional.<\/font><\/p>\n<p class=\"MsoNormal\" style=\"font-family: Times New Roman; color: rgb(0, 0, 0); font-style: normal; font-variant-ligatures: normal; font-variant-caps: normal; font-weight: 400; letter-spacing: normal; orphans: 2; text-indent: 0px; text-transform: none; white-space: normal; widows: 2; word-spacing: 0px; -webkit-text-stroke-width: 0px; text-decoration-style: initial; text-decoration-color: initial; text-align: justify; margin-left: 0cm; margin-right: 0cm; margin-top: 0cm; margin-bottom: 0.0001pt\"><font size=\"2\">&nbsp;<\/font><\/p>\n<p class=\"MsoNormal\" style=\"font-family: Times New Roman; color: rgb(0, 0, 0); font-style: normal; font-variant-ligatures: normal; font-variant-caps: normal; font-weight: 400; letter-spacing: normal; orphans: 2; text-indent: 0px; text-transform: none; white-space: normal; widows: 2; word-spacing: 0px; -webkit-text-stroke-width: 0px; text-decoration-style: initial; text-decoration-color: initial; text-align: justify; margin-left: 0cm; margin-right: 0cm; margin-top: 0cm; margin-bottom: 0.0001pt\"><font size=\"2\"><b>Par\u00e1grafo 4\u00b0.<\/b> La aprobaci\u00f3n del Plan Especial de Desarrollo y su&nbsp;presupuestaci\u00f3n&nbsp;ser\u00e1 por consenso de las partes mayoritarias.<\/font><\/p>\n<p class=\"MsoNormal\" style=\"font-family: Times New Roman; color: rgb(0, 0, 0); font-style: normal; font-variant-ligatures: normal; font-variant-caps: normal; font-weight: 400; letter-spacing: normal; orphans: 2; text-indent: 0px; text-transform: none; white-space: normal; widows: 2; word-spacing: 0px; -webkit-text-stroke-width: 0px; text-decoration-style: initial; text-decoration-color: initial; text-align: justify; margin-left: 0cm; margin-right: 0cm; margin-top: 0cm; margin-bottom: 0.0001pt\"><font size=\"2\">&nbsp;<\/font><\/p>\n<p class=\"MsoNormal\" style=\"font-family: Times New Roman; color: rgb(0, 0, 0); font-style: normal; font-variant-ligatures: normal; font-variant-caps: normal; font-weight: 400; letter-spacing: normal; orphans: 2; text-indent: 0px; text-transform: none; white-space: normal; widows: 2; word-spacing: 0px; -webkit-text-stroke-width: 0px; text-decoration-style: initial; text-decoration-color: initial; text-align: justify; margin-left: 0cm; margin-right: 0cm; margin-top: 0cm; margin-bottom: 0.0001pt\"><font size=\"2\"><b>Par\u00e1grafo 5\u00b0.<\/b> La elecci\u00f3n del Director Ejecutivo se har\u00e1 por mayor\u00eda calificada.<\/font><\/p>\n<p class=\"MsoNormal\" style=\"font-family: Times New Roman; color: rgb(0, 0, 0); font-style: normal; font-variant-ligatures: normal; font-variant-caps: normal; font-weight: 400; letter-spacing: normal; orphans: 2; text-indent: 0px; text-transform: none; white-space: normal; widows: 2; word-spacing: 0px; -webkit-text-stroke-width: 0px; text-decoration-style: initial; text-decoration-color: initial; text-align: justify; margin-left: 0cm; margin-right: 0cm; margin-top: 0cm; margin-bottom: 0.0001pt\"><font size=\"2\">&nbsp;<\/font><\/p>\n<p class=\"MsoNormal\" style=\"font-family: Times New Roman; color: rgb(0, 0, 0); font-style: normal; font-variant-ligatures: normal; font-variant-caps: normal; font-weight: 400; letter-spacing: normal; orphans: 2; text-indent: 0px; text-transform: none; white-space: normal; widows: 2; word-spacing: 0px; -webkit-text-stroke-width: 0px; text-decoration-style: initial; text-decoration-color: initial; text-align: justify; margin-left: 0cm; margin-right: 0cm; margin-top: 0cm; margin-bottom: 0.0001pt\"><font size=\"2\"><b>Par\u00e1grafo 6\u00b0.<\/b> En caso de empate sobre decisiones que incidan sobre la ejecuci\u00f3n de los recursos del Presupuesto General de la Naci\u00f3n, el Ministerio de Hacienda y Cr\u00e9dito P\u00fablico dirimir\u00e1 la votaci\u00f3n.<\/font><\/p>\n<p class=\"MsoNormal\" style=\"font-family: Times New Roman; color: rgb(0, 0, 0); font-style: normal; font-variant-ligatures: normal; font-variant-caps: normal; font-weight: 400; letter-spacing: normal; orphans: 2; text-indent: 0px; text-transform: none; white-space: normal; widows: 2; word-spacing: 0px; -webkit-text-stroke-width: 0px; text-decoration-style: initial; text-decoration-color: initial; text-align: justify; margin-left: 0cm; margin-right: 0cm; margin-top: 0cm; margin-bottom: 0.0001pt\"><font size=\"2\">&nbsp;<\/font><\/p>\n<p class=\"MsoNormal\" style=\"font-family: Times New Roman; color: rgb(0, 0, 0); font-style: normal; font-variant-ligatures: normal; font-variant-caps: normal; font-weight: 400; letter-spacing: normal; orphans: 2; text-indent: 0px; text-transform: none; white-space: normal; widows: 2; word-spacing: 0px; -webkit-text-stroke-width: 0px; text-decoration-style: initial; text-decoration-color: initial; text-align: justify; margin-left: 0cm; margin-right: 0cm; margin-top: 0cm; margin-bottom: 0.0001pt\"><font size=\"2\"><b>Art\u00edculo 7\u00b0.<\/b>&nbsp;Plan Especial para el Desarrollo Integral del Distrito de Buenaventura.&nbsp;La Junta Administradora del Fondo aprobar\u00e1 el Plan y determinar\u00e1 los programas y proyectos contenidos en dicho Plan para ser financiados con los recursos del Fondo.<\/font><\/p>\n<p class=\"MsoNormal\" style=\"font-family: Times New Roman; color: rgb(0, 0, 0); font-style: normal; font-variant-ligatures: normal; font-variant-caps: normal; font-weight: 400; letter-spacing: normal; orphans: 2; text-indent: 0px; text-transform: none; white-space: normal; widows: 2; word-spacing: 0px; -webkit-text-stroke-width: 0px; text-decoration-style: initial; text-decoration-color: initial; text-align: justify; margin-left: 0cm; margin-right: 0cm; margin-top: 0cm; margin-bottom: 0.0001pt\"><font size=\"2\">&nbsp;<\/font><\/p>\n<p class=\"Pa6\" style=\"font-family: Times New Roman; color: rgb(0, 0, 0); font-style: normal; font-variant-ligatures: normal; font-variant-caps: normal; font-weight: 400; letter-spacing: normal; orphans: 2; text-indent: 0px; text-transform: none; white-space: normal; widows: 2; word-spacing: 0px; -webkit-text-stroke-width: 0px; text-decoration-style: initial; text-decoration-color: initial; text-align: justify; line-height: normal; margin-left: 0cm; margin-right: 0cm; margin-top: 0cm; margin-bottom: 0.0001pt\"><font size=\"2\">Para la elaboraci\u00f3n del Plan, el Gobierno nacional y la Junta Administradora del Fondo establecer\u00e1n comit\u00e9s t\u00e9cnicos sectoriales en donde participar\u00e1n los Ministerios correspondientes y el Departamento Nacional de Planeaci\u00f3n, y cuya funci\u00f3n ser\u00e1 presentar a la Junta para su aprobaci\u00f3n, previa validaci\u00f3n t\u00e9cnica del documento que contenga el marco del Plan y las propuestas de programas y proyectos susceptibles de ser financiados con los recursos del Fondo.<\/font><\/p>\n<p class=\"Pa6\" style=\"font-family: Times New Roman; color: rgb(0, 0, 0); font-style: normal; font-variant-ligatures: normal; font-variant-caps: normal; font-weight: 400; letter-spacing: normal; orphans: 2; text-indent: 0px; text-transform: none; white-space: normal; widows: 2; word-spacing: 0px; -webkit-text-stroke-width: 0px; text-decoration-style: initial; text-decoration-color: initial; text-align: justify; line-height: normal; margin-left: 0cm; margin-right: 0cm; margin-top: 0cm; margin-bottom: 0.0001pt\"><font size=\"2\">&nbsp;<\/font><\/p>\n<p class=\"MsoNormal\" style=\"font-family: Times New Roman; color: rgb(0, 0, 0); font-style: normal; font-variant-ligatures: normal; font-variant-caps: normal; font-weight: 400; letter-spacing: normal; orphans: 2; text-indent: 0px; text-transform: none; white-space: normal; widows: 2; word-spacing: 0px; -webkit-text-stroke-width: 0px; text-decoration-style: initial; text-decoration-color: initial; text-align: justify; margin-left: 0cm; margin-right: 0cm; margin-top: 0cm; margin-bottom: 0.0001pt\"><font size=\"2\">La Junta aprobar\u00e1 el Plan Especial para el Desarrollo Integral del Distrito de Buenaventura con sus correspondientes programas y proyectos. La junta garantizar\u00e1 la participaci\u00f3n efectiva de la comunidad y actores sociales, econ\u00f3micos e institucionales del territorio en su proceso de formulaci\u00f3n.<\/font><\/p>\n<p class=\"MsoNormal\" style=\"font-family: Times New Roman; color: rgb(0, 0, 0); font-style: normal; font-variant-ligatures: normal; font-variant-caps: normal; font-weight: 400; letter-spacing: normal; orphans: 2; text-indent: 0px; text-transform: none; white-space: normal; widows: 2; word-spacing: 0px; -webkit-text-stroke-width: 0px; text-decoration-style: initial; text-decoration-color: initial; text-align: justify; margin-left: 0cm; margin-right: 0cm; margin-top: 0cm; margin-bottom: 0.0001pt\"><font size=\"2\">&nbsp;<\/font><\/p>\n<p class=\"MsoNormal\" style=\"font-family: Times New Roman; color: rgb(0, 0, 0); font-style: normal; font-variant-ligatures: normal; font-variant-caps: normal; font-weight: 400; letter-spacing: normal; orphans: 2; text-indent: 0px; text-transform: none; white-space: normal; widows: 2; word-spacing: 0px; -webkit-text-stroke-width: 0px; text-decoration-style: initial; text-decoration-color: initial; text-align: justify; margin-left: 0cm; margin-right: 0cm; margin-top: 0cm; margin-bottom: 0.0001pt\"><font size=\"2\">Este plan tendr\u00e1 una duraci\u00f3n de diez (10) a\u00f1os y contendr\u00e1 metas con el objetivo de cerrar las brechas del Distrito de Buenaventura en los sectores de salud, vivienda, agua potable, saneamiento b\u00e1sico, servicios p\u00fablicos, educaci\u00f3n, medio ambiente, ordenaci\u00f3n, apropiaci\u00f3n, y conservaci\u00f3n territorial, cultura, recreaci\u00f3n y productividad, acceso a la justicia, Derechos Humanos, derechos laborales, protecci\u00f3n, atenci\u00f3n a v\u00edctimas del conflicto armado, con \u00e9nfasis en la reactivaci\u00f3n de las actividades econ\u00f3micas ancestrales, las cuales deber\u00e1n articularse con los prop\u00f3sitos, objetivos, metas y prioridades de la acci\u00f3n estatal, definidos en los respectivos planes nacionales y territoriales de desarrollo, as\u00ed como con otros instrumentos de planeaci\u00f3n en los t\u00e9rminos de la&nbsp;Ley 152 de 1994, teniendo en cuenta los enfoques diferencial: \u00e9tnico, generacional, de g\u00e9nero y personas con discapacidad.<\/font><\/p>\n<p class=\"MsoNormal\" style=\"font-family: Times New Roman; color: rgb(0, 0, 0); font-style: normal; font-variant-ligatures: normal; font-variant-caps: normal; font-weight: 400; letter-spacing: normal; orphans: 2; text-indent: 0px; text-transform: none; white-space: normal; widows: 2; word-spacing: 0px; -webkit-text-stroke-width: 0px; text-decoration-style: initial; text-decoration-color: initial; text-align: justify; margin-left: 0cm; margin-right: 0cm; margin-top: 0cm; margin-bottom: 0.0001pt\"><font size=\"2\">&nbsp;<\/font><\/p>\n<p class=\"MsoNormal\" style=\"font-family: Times New Roman; color: rgb(0, 0, 0); font-style: normal; font-variant-ligatures: normal; font-variant-caps: normal; font-weight: 400; letter-spacing: normal; orphans: 2; text-indent: 0px; text-transform: none; white-space: normal; widows: 2; word-spacing: 0px; -webkit-text-stroke-width: 0px; text-decoration-style: initial; text-decoration-color: initial; text-align: justify; margin-left: 0cm; margin-right: 0cm; margin-top: 0cm; margin-bottom: 0.0001pt\"><font size=\"2\">En todo caso, el Plan Especial para el Desarrollo Integral del Distrito de Buenaventura contendr\u00e1 pol\u00edticas, estrategias, programas y proyectos que materialicen la totalidad de los acuerdos logrados entre el Gobierno nacional y el Comit\u00e9 C\u00edvico para vivir con dignidad y en paz en el territorio.<\/font><\/p>\n<p class=\"MsoNormal\" style=\"font-family: Times New Roman; color: rgb(0, 0, 0); font-style: normal; font-variant-ligatures: normal; font-variant-caps: normal; font-weight: 400; letter-spacing: normal; orphans: 2; text-indent: 0px; text-transform: none; white-space: normal; widows: 2; word-spacing: 0px; -webkit-text-stroke-width: 0px; text-decoration-style: initial; text-decoration-color: initial; text-align: justify; margin-left: 0cm; margin-right: 0cm; margin-top: 0cm; margin-bottom: 0.0001pt\"><font size=\"2\">&nbsp;<\/font><\/p>\n<p class=\"MsoNormal\" style=\"font-family: Times New Roman; color: rgb(0, 0, 0); font-style: normal; font-variant-ligatures: normal; font-variant-caps: normal; font-weight: 400; letter-spacing: normal; orphans: 2; text-indent: 0px; text-transform: none; white-space: normal; widows: 2; word-spacing: 0px; -webkit-text-stroke-width: 0px; text-decoration-style: initial; text-decoration-color: initial; text-align: justify; margin-left: 0cm; margin-right: 0cm; margin-top: 0cm; margin-bottom: 0.0001pt\"><font size=\"2\"><b>Par\u00e1grafo 1\u00b0.<\/b> Los proyectos susceptibles de ser financiados con los recursos del Fondo deber\u00e1n cumplir la metodolog\u00eda definida por el Departamento Nacional de Planeaci\u00f3n (DNP) y estar inscritos en el Banco \u00danico de Proyectos del Sistema Unificado de Inversi\u00f3n P\u00fablica (SUIFP), al igual que registrar los avances f\u00edsicos y financieros en el mismo.<\/font><\/p>\n<p class=\"MsoNormal\" style=\"font-family: Times New Roman; color: rgb(0, 0, 0); font-style: normal; font-variant-ligatures: normal; font-variant-caps: normal; font-weight: 400; letter-spacing: normal; orphans: 2; text-indent: 0px; text-transform: none; white-space: normal; widows: 2; word-spacing: 0px; -webkit-text-stroke-width: 0px; text-decoration-style: initial; text-decoration-color: initial; text-align: justify; margin-left: 0cm; margin-right: 0cm; margin-top: 0cm; margin-bottom: 0.0001pt\"><font size=\"2\">&nbsp;<\/font><\/p>\n<p class=\"MsoNormal\" style=\"font-family: Times New Roman; color: rgb(0, 0, 0); font-style: normal; font-variant-ligatures: normal; font-variant-caps: normal; font-weight: 400; letter-spacing: normal; orphans: 2; text-indent: 0px; text-transform: none; white-space: normal; widows: 2; word-spacing: 0px; -webkit-text-stroke-width: 0px; text-decoration-style: initial; text-decoration-color: initial; text-align: justify; margin-left: 0cm; margin-right: 0cm; margin-top: 0cm; margin-bottom: 0.0001pt\"><font size=\"2\"><b>Par\u00e1grafo 2\u00b0.<\/b> La Junta Administradora del Fondo reglamentar\u00e1 los mecanismos especiales de evaluaci\u00f3n, control social y seguimiento peri\u00f3dico del estado de avance de los proyectos y programas del Plan Especial para el Desarrollo Integral del Distrito de Buenaventura.<\/font><\/p>\n<p class=\"MsoNormal\" style=\"font-family: Times New Roman; color: rgb(0, 0, 0); font-style: normal; font-variant-ligatures: normal; font-variant-caps: normal; font-weight: 400; letter-spacing: normal; orphans: 2; text-indent: 0px; text-transform: none; white-space: normal; widows: 2; word-spacing: 0px; -webkit-text-stroke-width: 0px; text-decoration-style: initial; text-decoration-color: initial; text-align: justify; margin-left: 0cm; margin-right: 0cm; margin-top: 0cm; margin-bottom: 0.0001pt\"><font size=\"2\">&nbsp;<\/font><\/p>\n<p class=\"MsoNormal\" style=\"font-family: Times New Roman; color: rgb(0, 0, 0); font-style: normal; font-variant-ligatures: normal; font-variant-caps: normal; font-weight: 400; letter-spacing: normal; orphans: 2; text-indent: 0px; text-transform: none; white-space: normal; widows: 2; word-spacing: 0px; -webkit-text-stroke-width: 0px; text-decoration-style: initial; text-decoration-color: initial; text-align: justify; margin-left: 0cm; margin-right: 0cm; margin-top: 0cm; margin-bottom: 0.0001pt\"><font size=\"2\"><b>Par\u00e1grafo 3\u00b0.<\/b> Considerando la creaci\u00f3n de la Regi\u00f3n Administraci\u00f3n de Planeaci\u00f3n Pac\u00edfico en el marco de los mecanismos de&nbsp;asociatividad&nbsp;entre entidades dispuestos por la&nbsp;Ley 1454 de 2011&nbsp;(Ley Org\u00e1nica de Ordenamiento Territorial \u2013LOOT\u2013) y sus respectivas competencias en relaci\u00f3n a la gesti\u00f3n del desarrollo de los departamentos que la componen, el Plan Integral Especial para el Desarrollo del Distrito de Buenaventura estimar\u00e1 instancias y mecanismos de articulaci\u00f3n con los objetivos, metas y prioridades de dicha entidad.<\/font><\/p>\n<p class=\"MsoNormal\" style=\"font-family: Times New Roman; color: rgb(0, 0, 0); font-style: normal; font-variant-ligatures: normal; font-variant-caps: normal; font-weight: 400; letter-spacing: normal; orphans: 2; text-indent: 0px; text-transform: none; white-space: normal; widows: 2; word-spacing: 0px; -webkit-text-stroke-width: 0px; text-decoration-style: initial; text-decoration-color: initial; text-align: justify; margin-left: 0cm; margin-right: 0cm; margin-top: 0cm; margin-bottom: 0.0001pt\"><font size=\"2\">&nbsp;<\/font><\/p>\n<p class=\"MsoNormal\" style=\"font-family: Times New Roman; color: rgb(0, 0, 0); font-style: normal; font-variant-ligatures: normal; font-variant-caps: normal; font-weight: 400; letter-spacing: normal; orphans: 2; text-indent: 0px; text-transform: none; white-space: normal; widows: 2; word-spacing: 0px; -webkit-text-stroke-width: 0px; text-decoration-style: initial; text-decoration-color: initial; text-align: justify; margin-left: 0cm; margin-right: 0cm; margin-top: 0cm; margin-bottom: 0.0001pt\"><font size=\"2\"><b>Par\u00e1grafo 4\u00b0.<\/b> El Plan Integral Especial para el Desarrollo del Distrito de Buenaventura se articular\u00e1 con concepciones, l\u00edneas de acci\u00f3n, l\u00edneas estrat\u00e9gicas, programas y proyectos dispuestos en los instrumentos de planeaci\u00f3n y de ordenamiento territorial, en aras de fortalecer los ejercicios de planificaci\u00f3n y ordenamiento en el Distrito.<\/font><\/p>\n<p class=\"MsoNormal\" style=\"font-family: Times New Roman; color: rgb(0, 0, 0); font-style: normal; font-variant-ligatures: normal; font-variant-caps: normal; font-weight: 400; letter-spacing: normal; orphans: 2; text-indent: 0px; text-transform: none; white-space: normal; widows: 2; word-spacing: 0px; -webkit-text-stroke-width: 0px; text-decoration-style: initial; text-decoration-color: initial; text-align: justify; margin-left: 0cm; margin-right: 0cm; margin-top: 0cm; margin-bottom: 0.0001pt\"><font size=\"2\">&nbsp;<\/font><\/p>\n<p class=\"MsoNormal\" style=\"font-family: Times New Roman; color: rgb(0, 0, 0); font-style: normal; font-variant-ligatures: normal; font-variant-caps: normal; font-weight: 400; letter-spacing: normal; orphans: 2; text-indent: 0px; text-transform: none; white-space: normal; widows: 2; word-spacing: 0px; -webkit-text-stroke-width: 0px; text-decoration-style: initial; text-decoration-color: initial; text-align: justify; margin-left: 0cm; margin-right: 0cm; margin-top: 0cm; margin-bottom: 0.0001pt\"><font size=\"2\"><b>Art\u00edculo 8\u00b0.<\/b>&nbsp;Remuneraci\u00f3n y operaci\u00f3n.&nbsp;El pago de la remuneraci\u00f3n del Director Ejecutivo y del administrador fiduciario, se atender\u00e1 con cargo a los recursos del Fondo para el Desarrollo Integral del Distrito Especial de Buenaventura (Fonbuenaventura).<\/font><\/p>\n<p class=\"MsoNormal\" style=\"font-family: Times New Roman; color: rgb(0, 0, 0); font-style: normal; font-variant-ligatures: normal; font-variant-caps: normal; font-weight: 400; letter-spacing: normal; orphans: 2; text-indent: 0px; text-transform: none; white-space: normal; widows: 2; word-spacing: 0px; -webkit-text-stroke-width: 0px; text-decoration-style: initial; text-decoration-color: initial; text-align: justify; margin-left: 0cm; margin-right: 0cm; margin-top: 0cm; margin-bottom: 0.0001pt\"><font size=\"2\">&nbsp;<\/font><\/p>\n<p class=\"MsoNormal\" style=\"font-family: Times New Roman; color: rgb(0, 0, 0); font-style: normal; font-variant-ligatures: normal; font-variant-caps: normal; font-weight: 400; letter-spacing: normal; orphans: 2; text-indent: 0px; text-transform: none; white-space: normal; widows: 2; word-spacing: 0px; -webkit-text-stroke-width: 0px; text-decoration-style: initial; text-decoration-color: initial; text-align: justify; margin-left: 0cm; margin-right: 0cm; margin-top: 0cm; margin-bottom: 0.0001pt\"><font size=\"2\">Para su operaci\u00f3n la Junta Administradora del Fondo determinar\u00e1 lo pertinente en su reglamento, de conformidad con los principios establecidos en el art\u00edculo&nbsp;<a title=\"Haga clic para abrir el Art. 209\" style=\"color: purple; text-decoration: underline\" hrefx=\"..\/..\/..\/..\/lexbase\/normas\/constitucion%20politica\/CP%20Art%20209.htm\">209<\/a>&nbsp;de la Constituci\u00f3n Pol\u00edtica.<\/font><\/p>\n<p class=\"MsoNormal\" style=\"font-family: Times New Roman; color: rgb(0, 0, 0); font-style: normal; font-variant-ligatures: normal; font-variant-caps: normal; font-weight: 400; letter-spacing: normal; orphans: 2; text-indent: 0px; text-transform: none; white-space: normal; widows: 2; word-spacing: 0px; -webkit-text-stroke-width: 0px; text-decoration-style: initial; text-decoration-color: initial; text-align: justify; margin-left: 0cm; margin-right: 0cm; margin-top: 0cm; margin-bottom: 0.0001pt\"><font size=\"2\">&nbsp;<\/font><\/p>\n<p class=\"MsoNormal\" style=\"font-family: Times New Roman; color: rgb(0, 0, 0); font-style: normal; font-variant-ligatures: normal; font-variant-caps: normal; font-weight: 400; letter-spacing: normal; orphans: 2; text-indent: 0px; text-transform: none; white-space: normal; widows: 2; word-spacing: 0px; -webkit-text-stroke-width: 0px; text-decoration-style: initial; text-decoration-color: initial; text-align: justify; margin-left: 0cm; margin-right: 0cm; margin-top: 0cm; margin-bottom: 0.0001pt\"><font size=\"2\"><b>Art\u00edculo 9\u00b0.<\/b>&nbsp;Veedur\u00edas ciudadanas.&nbsp;Mediante las veedur\u00edas ciudadanas de que trata la&nbsp;Ley 850 de 2003&nbsp;y en el marco de lo dispuesto en la misma, los ciudadanos y organizaciones har\u00e1n vigilancia sobre el desarrollo de las actividades, inversiones y metas a cargo del Fondo.<\/font><\/p>\n<p class=\"MsoNormal\" style=\"font-family: Times New Roman; color: rgb(0, 0, 0); font-style: normal; font-variant-ligatures: normal; font-variant-caps: normal; font-weight: 400; letter-spacing: normal; orphans: 2; text-indent: 0px; text-transform: none; white-space: normal; widows: 2; word-spacing: 0px; -webkit-text-stroke-width: 0px; text-decoration-style: initial; text-decoration-color: initial; text-align: justify; margin-left: 0cm; margin-right: 0cm; margin-top: 0cm; margin-bottom: 0.0001pt\"><font size=\"2\">&nbsp;<\/font><\/p>\n<p class=\"MsoNormal\" style=\"font-family: Times New Roman; color: rgb(0, 0, 0); font-style: normal; font-variant-ligatures: normal; font-variant-caps: normal; font-weight: 400; letter-spacing: normal; orphans: 2; text-indent: 0px; text-transform: none; white-space: normal; widows: 2; word-spacing: 0px; -webkit-text-stroke-width: 0px; text-decoration-style: initial; text-decoration-color: initial; text-align: justify; margin-left: 0cm; margin-right: 0cm; margin-top: 0cm; margin-bottom: 0.0001pt\"><font size=\"2\"><b>Art\u00edculo 10.<\/b>&nbsp;Parte integral y garant\u00edas. El acuerdo entre el Gobierno nacional y el Comit\u00e9 C\u00edvico \u201cpara vivir con dignidad y en paz en el territorio\u201d, del Distrito Especial de Buenaventura, suscrito el 6 de junio de 2017, es parte integral de esta ley y se incorpora como anexo.<\/font><\/p>\n<p class=\"MsoNormal\" style=\"font-family: Times New Roman; color: rgb(0, 0, 0); font-style: normal; font-variant-ligatures: normal; font-variant-caps: normal; font-weight: 400; letter-spacing: normal; orphans: 2; text-indent: 0px; text-transform: none; white-space: normal; widows: 2; word-spacing: 0px; -webkit-text-stroke-width: 0px; text-decoration-style: initial; text-decoration-color: initial; text-align: justify; margin-left: 0cm; margin-right: 0cm; margin-top: 0cm; margin-bottom: 0.0001pt\"><font size=\"2\">&nbsp;<\/font><\/p>\n<p class=\"MsoNormal\" style=\"font-family: Times New Roman; color: rgb(0, 0, 0); font-style: normal; font-variant-ligatures: normal; font-variant-caps: normal; font-weight: 400; letter-spacing: normal; orphans: 2; text-indent: 0px; text-transform: none; white-space: normal; widows: 2; word-spacing: 0px; -webkit-text-stroke-width: 0px; text-decoration-style: initial; text-decoration-color: initial; text-align: justify; margin-left: 0cm; margin-right: 0cm; margin-top: 0cm; margin-bottom: 0.0001pt\"><font size=\"2\">Las fases de reglamentaci\u00f3n e implementaci\u00f3n de la presente ley se deben hacer garantizando el cumplimiento del acuerdo.<\/font><\/p>\n<p class=\"MsoNormal\" style=\"font-family: Times New Roman; color: rgb(0, 0, 0); font-style: normal; font-variant-ligatures: normal; font-variant-caps: normal; font-weight: 400; letter-spacing: normal; orphans: 2; text-indent: 0px; text-transform: none; white-space: normal; widows: 2; word-spacing: 0px; -webkit-text-stroke-width: 0px; text-decoration-style: initial; text-decoration-color: initial; text-align: justify; margin-left: 0cm; margin-right: 0cm; margin-top: 0cm; margin-bottom: 0.0001pt\"><font size=\"2\">&nbsp;<\/font><\/p>\n<p class=\"MsoNormal\" style=\"font-family: Times New Roman; color: rgb(0, 0, 0); font-style: normal; font-variant-ligatures: normal; font-variant-caps: normal; font-weight: 400; letter-spacing: normal; orphans: 2; text-indent: 0px; text-transform: none; white-space: normal; widows: 2; word-spacing: 0px; -webkit-text-stroke-width: 0px; text-decoration-style: initial; text-decoration-color: initial; text-align: justify; margin-left: 0cm; margin-right: 0cm; margin-top: 0cm; margin-bottom: 0.0001pt\"><font size=\"2\"><b>Art\u00edculo 11.<\/b>&nbsp;Vigencia y derogatorias. La presente ley rige a partir de su promulgaci\u00f3n y deroga todas las disposiciones que le sean contrarias.<\/font><\/p>\n<p class=\"MsoNormal\" style=\"font-family: Times New Roman; color: rgb(0, 0, 0); font-style: normal; font-variant-ligatures: normal; font-variant-caps: normal; font-weight: 400; letter-spacing: normal; orphans: 2; text-indent: 0px; text-transform: none; white-space: normal; widows: 2; word-spacing: 0px; -webkit-text-stroke-width: 0px; text-decoration-style: initial; text-decoration-color: initial; text-align: justify; margin-left: 0cm; margin-right: 0cm; margin-top: 0cm; margin-bottom: 0.0001pt\"><font size=\"2\">&nbsp;<\/font><\/p>\n<p class=\"MsoNormal\" style=\"font-family: Times New Roman; color: rgb(0, 0, 0); font-style: normal; font-variant-ligatures: normal; font-variant-caps: normal; font-weight: 400; letter-spacing: normal; orphans: 2; text-align: start; text-indent: 0px; text-transform: none; white-space: normal; widows: 2; word-spacing: 0px; -webkit-text-stroke-width: 0px; text-decoration-style: initial; text-decoration-color: initial; margin-left: 0cm; margin-right: 0cm; margin-top: 0cm; margin-bottom: 0.0001pt\" align=\"center\"><font size=\"2\">El Presidente del Honorable Senado de la Rep\u00fablica,<\/font><\/p>\n<p class=\"MsoNormal\" style=\"font-family: Times New Roman; color: rgb(0, 0, 0); font-style: normal; font-variant-ligatures: normal; font-variant-caps: normal; font-weight: 400; letter-spacing: normal; orphans: 2; text-align: start; text-indent: 0px; text-transform: none; white-space: normal; widows: 2; word-spacing: 0px; -webkit-text-stroke-width: 0px; text-decoration-style: initial; text-decoration-color: initial; margin-left: 0cm; margin-right: 0cm; margin-top: 0cm; margin-bottom: 0.0001pt\" align=\"center\"><font size=\"2\">&nbsp;<\/font><\/p>\n<p class=\"MsoNormal\" align=\"right\" style=\"font-family: Times New Roman; color: rgb(0, 0, 0); font-style: normal; font-variant-ligatures: normal; font-variant-caps: normal; font-weight: 400; letter-spacing: normal; orphans: 2; text-indent: 0px; text-transform: none; white-space: normal; widows: 2; word-spacing: 0px; -webkit-text-stroke-width: 0px; text-decoration-style: initial; text-decoration-color: initial; text-align: center; margin-left: 0cm; margin-right: 0cm; margin-top: 0cm; margin-bottom: 0.0001pt\"><font size=\"2\">Efra\u00edn Jos\u00e9 Cepeda&nbsp;Sarabia.<\/font><\/p>\n<p class=\"MsoNormal\" align=\"right\" style=\"font-family: Times New Roman; color: rgb(0, 0, 0); font-style: normal; font-variant-ligatures: normal; font-variant-caps: normal; font-weight: 400; letter-spacing: normal; orphans: 2; text-indent: 0px; text-transform: none; white-space: normal; widows: 2; word-spacing: 0px; -webkit-text-stroke-width: 0px; text-decoration-style: initial; text-decoration-color: initial; text-align: center; margin-left: 0cm; margin-right: 0cm; margin-top: 0cm; margin-bottom: 0.0001pt\"><font size=\"2\">&nbsp;<\/font><\/p>\n<p class=\"MsoNormal\" style=\"font-family: Times New Roman; color: rgb(0, 0, 0); font-style: normal; font-variant-ligatures: normal; font-variant-caps: normal; font-weight: 400; letter-spacing: normal; orphans: 2; text-align: start; text-indent: 0px; text-transform: none; white-space: normal; widows: 2; word-spacing: 0px; -webkit-text-stroke-width: 0px; text-decoration-style: initial; text-decoration-color: initial; margin-left: 0cm; margin-right: 0cm; margin-top: 0cm; margin-bottom: 0.0001pt\" align=\"center\"><font size=\"2\">El Secretario General del Honorable Senado de la Rep\u00fablica,<\/font><\/p>\n<p class=\"MsoNormal\" style=\"font-family: Times New Roman; color: rgb(0, 0, 0); font-style: normal; font-variant-ligatures: normal; font-variant-caps: normal; font-weight: 400; letter-spacing: normal; orphans: 2; text-align: start; text-indent: 0px; text-transform: none; white-space: normal; widows: 2; word-spacing: 0px; -webkit-text-stroke-width: 0px; text-decoration-style: initial; text-decoration-color: initial; margin-left: 0cm; margin-right: 0cm; margin-top: 0cm; margin-bottom: 0.0001pt\" align=\"center\"><font size=\"2\">&nbsp;<\/font><\/p>\n<p class=\"MsoNormal\" align=\"right\" style=\"font-family: Times New Roman; color: rgb(0, 0, 0); font-style: normal; font-variant-ligatures: normal; font-variant-caps: normal; font-weight: 400; letter-spacing: normal; orphans: 2; text-indent: 0px; text-transform: none; white-space: normal; widows: 2; word-spacing: 0px; -webkit-text-stroke-width: 0px; text-decoration-style: initial; text-decoration-color: initial; text-align: center; margin-left: 0cm; margin-right: 0cm; margin-top: 0cm; margin-bottom: 0.0001pt\"><font size=\"2\">Gregorio&nbsp;Eljach&nbsp;Pacheco.<\/font><\/p>\n<p class=\"MsoNormal\" align=\"right\" style=\"font-family: Times New Roman; color: rgb(0, 0, 0); font-style: normal; font-variant-ligatures: normal; font-variant-caps: normal; font-weight: 400; letter-spacing: normal; orphans: 2; text-indent: 0px; text-transform: none; white-space: normal; widows: 2; word-spacing: 0px; -webkit-text-stroke-width: 0px; text-decoration-style: initial; text-decoration-color: initial; text-align: center; margin-left: 0cm; margin-right: 0cm; margin-top: 0cm; margin-bottom: 0.0001pt\"><font size=\"2\">&nbsp;<\/font><\/p>\n<p class=\"MsoNormal\" style=\"font-family: Times New Roman; color: rgb(0, 0, 0); font-style: normal; font-variant-ligatures: normal; font-variant-caps: normal; font-weight: 400; letter-spacing: normal; orphans: 2; text-align: start; text-indent: 0px; text-transform: none; white-space: normal; widows: 2; word-spacing: 0px; -webkit-text-stroke-width: 0px; text-decoration-style: initial; text-decoration-color: initial; margin-left: 0cm; margin-right: 0cm; margin-top: 0cm; margin-bottom: 0.0001pt\" align=\"center\"><font size=\"2\">El Presidente de la Honorable C\u00e1mara de Representantes,<\/font><\/p>\n<p class=\"MsoNormal\" style=\"font-family: Times New Roman; color: rgb(0, 0, 0); font-style: normal; font-variant-ligatures: normal; font-variant-caps: normal; font-weight: 400; letter-spacing: normal; orphans: 2; text-align: start; text-indent: 0px; text-transform: none; white-space: normal; widows: 2; word-spacing: 0px; -webkit-text-stroke-width: 0px; text-decoration-style: initial; text-decoration-color: initial; margin-left: 0cm; margin-right: 0cm; margin-top: 0cm; margin-bottom: 0.0001pt\" align=\"center\"><font size=\"2\">&nbsp;<\/font><\/p>\n<p class=\"MsoNormal\" align=\"right\" style=\"font-family: Times New Roman; color: rgb(0, 0, 0); font-style: normal; font-variant-ligatures: normal; font-variant-caps: normal; font-weight: 400; letter-spacing: normal; orphans: 2; text-indent: 0px; text-transform: none; white-space: normal; widows: 2; word-spacing: 0px; -webkit-text-stroke-width: 0px; text-decoration-style: initial; text-decoration-color: initial; text-align: center; margin-left: 0cm; margin-right: 0cm; margin-top: 0cm; margin-bottom: 0.0001pt\"><font size=\"2\">Rodrigo Lara Restrepo.<\/font><\/p>\n<p class=\"MsoNormal\" align=\"right\" style=\"font-family: Times New Roman; color: rgb(0, 0, 0); font-style: normal; font-variant-ligatures: normal; font-variant-caps: normal; font-weight: 400; letter-spacing: normal; orphans: 2; text-indent: 0px; text-transform: none; white-space: normal; widows: 2; word-spacing: 0px; -webkit-text-stroke-width: 0px; text-decoration-style: initial; text-decoration-color: initial; text-align: center; margin-left: 0cm; margin-right: 0cm; margin-top: 0cm; margin-bottom: 0.0001pt\"><font size=\"2\">&nbsp;<\/font><\/p>\n<p class=\"MsoNormal\" style=\"font-family: Times New Roman; color: rgb(0, 0, 0); font-style: normal; font-variant-ligatures: normal; font-variant-caps: normal; font-weight: 400; letter-spacing: normal; orphans: 2; text-align: start; text-indent: 0px; text-transform: none; white-space: normal; widows: 2; word-spacing: 0px; -webkit-text-stroke-width: 0px; text-decoration-style: initial; text-decoration-color: initial; margin-left: 0cm; margin-right: 0cm; margin-top: 0cm; margin-bottom: 0.0001pt\" align=\"center\"><font size=\"2\">El Secretario General de la Honorable C\u00e1mara de Representantes,<\/font><\/p>\n<p class=\"MsoNormal\" style=\"font-family: Times New Roman; color: rgb(0, 0, 0); font-style: normal; font-variant-ligatures: normal; font-variant-caps: normal; font-weight: 400; letter-spacing: normal; orphans: 2; text-align: start; text-indent: 0px; text-transform: none; white-space: normal; widows: 2; word-spacing: 0px; -webkit-text-stroke-width: 0px; text-decoration-style: initial; text-decoration-color: initial; margin-left: 0cm; margin-right: 0cm; margin-top: 0cm; margin-bottom: 0.0001pt\" align=\"center\"><font size=\"2\">&nbsp;<\/font><\/p>\n<p class=\"MsoNormal\" align=\"right\" style=\"font-family: Times New Roman; color: rgb(0, 0, 0); font-style: normal; font-variant-ligatures: normal; font-variant-caps: normal; font-weight: 400; letter-spacing: normal; orphans: 2; text-indent: 0px; text-transform: none; white-space: normal; widows: 2; word-spacing: 0px; -webkit-text-stroke-width: 0px; text-decoration-style: initial; text-decoration-color: initial; text-align: center; margin-left: 0cm; margin-right: 0cm; margin-top: 0cm; margin-bottom: 0.0001pt\"><font size=\"2\">Jorge Humberto Mantilla Serrano.<\/font><\/p>\n<p class=\"MsoNormal\" align=\"right\" style=\"font-family: Times New Roman; color: rgb(0, 0, 0); font-style: normal; font-variant-ligatures: normal; font-variant-caps: normal; font-weight: 400; letter-spacing: normal; orphans: 2; text-indent: 0px; text-transform: none; white-space: normal; widows: 2; word-spacing: 0px; -webkit-text-stroke-width: 0px; text-decoration-style: initial; text-decoration-color: initial; text-align: center; margin-left: 0cm; margin-right: 0cm; margin-top: 0cm; margin-bottom: 0.0001pt\"><font size=\"2\">&nbsp;<\/font><\/p>\n<p class=\"MsoNormal\" align=\"center\" style=\"font-family: Times New Roman; color: rgb(0, 0, 0); font-style: normal; font-variant-ligatures: normal; font-variant-caps: normal; font-weight: 400; letter-spacing: normal; orphans: 2; text-indent: 0px; text-transform: none; white-space: normal; widows: 2; word-spacing: 0px; -webkit-text-stroke-width: 0px; text-decoration-style: initial; text-decoration-color: initial; text-align: center; margin-left: 0cm; margin-right: 0cm; margin-top: 0cm; margin-bottom: 0.0001pt\"><font size=\"2\">REP\u00daBLICA DE COLOMBIA &#8211; GOBIERNO NACIONAL<\/font><\/p>\n<p class=\"MsoNormal\" align=\"center\" style=\"font-family: Times New Roman; color: rgb(0, 0, 0); font-style: normal; font-variant-ligatures: normal; font-variant-caps: normal; font-weight: 400; letter-spacing: normal; orphans: 2; text-indent: 0px; text-transform: none; white-space: normal; widows: 2; word-spacing: 0px; -webkit-text-stroke-width: 0px; text-decoration-style: initial; text-decoration-color: initial; text-align: center; margin-left: 0cm; margin-right: 0cm; margin-top: 0cm; margin-bottom: 0.0001pt\"><font size=\"2\">&nbsp;<\/font><\/p>\n<p class=\"MsoNormal\" style=\"font-family: Times New Roman; color: rgb(0, 0, 0); font-style: normal; font-variant-ligatures: normal; font-variant-caps: normal; font-weight: 400; letter-spacing: normal; orphans: 2; text-align: start; text-indent: 0px; text-transform: none; white-space: normal; widows: 2; word-spacing: 0px; -webkit-text-stroke-width: 0px; text-decoration-style: initial; text-decoration-color: initial; margin-left: 0cm; margin-right: 0cm; margin-top: 0cm; margin-bottom: 0.0001pt\" align=\"center\"><font size=\"2\">Publ\u00edquese y c\u00famplase.<\/font><\/p>\n<p class=\"MsoNormal\" style=\"font-family: Times New Roman; color: rgb(0, 0, 0); font-style: normal; font-variant-ligatures: normal; font-variant-caps: normal; font-weight: 400; letter-spacing: normal; orphans: 2; text-align: start; text-indent: 0px; text-transform: none; white-space: normal; widows: 2; word-spacing: 0px; -webkit-text-stroke-width: 0px; text-decoration-style: initial; text-decoration-color: initial; margin-left: 0cm; margin-right: 0cm; margin-top: 0cm; margin-bottom: 0.0001pt\" align=\"center\"><font size=\"2\">&nbsp;<\/font><\/p>\n<p class=\"MsoNormal\" style=\"font-family: Times New Roman; color: rgb(0, 0, 0); font-style: normal; font-variant-ligatures: normal; font-variant-caps: normal; font-weight: 400; letter-spacing: normal; orphans: 2; text-align: start; text-indent: 0px; text-transform: none; white-space: normal; widows: 2; word-spacing: 0px; -webkit-text-stroke-width: 0px; text-decoration-style: initial; text-decoration-color: initial; margin-left: 0cm; margin-right: 0cm; margin-top: 0cm; margin-bottom: 0.0001pt\" align=\"center\"><font size=\"2\">Dada en Bogot\u00e1, D. C., a 18 de diciembre de 2017.<\/font><\/p>\n<p class=\"MsoNormal\" style=\"font-family: Times New Roman; color: rgb(0, 0, 0); font-style: normal; font-variant-ligatures: normal; font-variant-caps: normal; font-weight: 400; letter-spacing: normal; orphans: 2; text-align: start; text-indent: 0px; text-transform: none; white-space: normal; widows: 2; word-spacing: 0px; -webkit-text-stroke-width: 0px; text-decoration-style: initial; text-decoration-color: initial; margin-left: 0cm; margin-right: 0cm; margin-top: 0cm; margin-bottom: 0.0001pt\" align=\"center\"><font size=\"2\">&nbsp;<\/font><\/p>\n<p class=\"MsoNormal\" align=\"right\" style=\"font-family: Times New Roman; color: rgb(0, 0, 0); font-style: normal; font-variant-ligatures: normal; font-variant-caps: normal; font-weight: 400; letter-spacing: normal; orphans: 2; text-indent: 0px; text-transform: none; white-space: normal; widows: 2; word-spacing: 0px; -webkit-text-stroke-width: 0px; text-decoration-style: initial; text-decoration-color: initial; text-align: center; margin-left: 0cm; margin-right: 0cm; margin-top: 0cm; margin-bottom: 0.0001pt\"><font size=\"2\">JUAN MANUEL SANTOS CALDER\u00d3N<\/font><\/p>\n<p class=\"MsoNormal\" align=\"right\" style=\"font-family: Times New Roman; color: rgb(0, 0, 0); font-style: normal; font-variant-ligatures: normal; font-variant-caps: normal; font-weight: 400; letter-spacing: normal; orphans: 2; text-indent: 0px; text-transform: none; white-space: normal; widows: 2; word-spacing: 0px; -webkit-text-stroke-width: 0px; text-decoration-style: initial; text-decoration-color: initial; text-align: center; margin-left: 0cm; margin-right: 0cm; margin-top: 0cm; margin-bottom: 0.0001pt\"><font size=\"2\">&nbsp;<\/font><\/p>\n<p class=\"MsoNormal\" style=\"font-family: Times New Roman; color: rgb(0, 0, 0); font-style: normal; font-variant-ligatures: normal; font-variant-caps: normal; font-weight: 400; letter-spacing: normal; orphans: 2; text-align: start; text-indent: 0px; text-transform: none; white-space: normal; widows: 2; word-spacing: 0px; -webkit-text-stroke-width: 0px; text-decoration-style: initial; text-decoration-color: initial; margin-left: 0cm; margin-right: 0cm; margin-top: 0cm; margin-bottom: 0.0001pt\" align=\"center\"><font size=\"2\">El Ministro del Interior,<\/font><\/p>\n<p class=\"MsoNormal\" style=\"font-family: Times New Roman; color: rgb(0, 0, 0); font-style: normal; font-variant-ligatures: normal; font-variant-caps: normal; font-weight: 400; letter-spacing: normal; orphans: 2; text-align: start; text-indent: 0px; text-transform: none; white-space: normal; widows: 2; word-spacing: 0px; -webkit-text-stroke-width: 0px; text-decoration-style: initial; text-decoration-color: initial; margin-left: 0cm; margin-right: 0cm; margin-top: 0cm; margin-bottom: 0.0001pt\" align=\"center\"><font size=\"2\">&nbsp;<\/font><\/p>\n<p class=\"MsoNormal\" align=\"right\" style=\"font-family: Times New Roman; color: rgb(0, 0, 0); font-style: normal; font-variant-ligatures: normal; font-variant-caps: normal; font-weight: 400; letter-spacing: normal; orphans: 2; text-indent: 0px; text-transform: none; white-space: normal; widows: 2; word-spacing: 0px; -webkit-text-stroke-width: 0px; text-decoration-style: initial; text-decoration-color: initial; text-align: center; margin-left: 0cm; margin-right: 0cm; margin-top: 0cm; margin-bottom: 0.0001pt\"><font size=\"2\">Guillermo Abel Rivera&nbsp;Fl\u00f3rez.<\/font><\/p>\n<p class=\"MsoNormal\" align=\"right\" style=\"font-family: Times New Roman; color: rgb(0, 0, 0); font-style: normal; font-variant-ligatures: normal; font-variant-caps: normal; font-weight: 400; letter-spacing: normal; orphans: 2; text-indent: 0px; text-transform: none; white-space: normal; widows: 2; word-spacing: 0px; -webkit-text-stroke-width: 0px; text-decoration-style: initial; text-decoration-color: initial; text-align: center; margin-left: 0cm; margin-right: 0cm; margin-top: 0cm; margin-bottom: 0.0001pt\"><font size=\"2\">&nbsp;<\/font><\/p>\n<p class=\"MsoNormal\" style=\"font-family: Times New Roman; color: rgb(0, 0, 0); font-style: normal; font-variant-ligatures: normal; font-variant-caps: normal; font-weight: 400; letter-spacing: normal; orphans: 2; text-align: start; text-indent: 0px; text-transform: none; white-space: normal; widows: 2; word-spacing: 0px; -webkit-text-stroke-width: 0px; text-decoration-style: initial; text-decoration-color: initial; margin-left: 0cm; margin-right: 0cm; margin-top: 0cm; margin-bottom: 0.0001pt\" align=\"center\"><font size=\"2\">El Ministro de Hacienda y Cr\u00e9dito P\u00fablico,<\/font><\/p>\n<p class=\"MsoNormal\" style=\"font-family: Times New Roman; color: rgb(0, 0, 0); font-style: normal; font-variant-ligatures: normal; font-variant-caps: normal; font-weight: 400; letter-spacing: normal; orphans: 2; text-align: start; text-indent: 0px; text-transform: none; white-space: normal; widows: 2; word-spacing: 0px; -webkit-text-stroke-width: 0px; text-decoration-style: initial; text-decoration-color: initial; margin-left: 0cm; margin-right: 0cm; margin-top: 0cm; margin-bottom: 0.0001pt\" align=\"center\"><font size=\"2\">&nbsp;<\/font><\/p>\n<p class=\"MsoNormal\" align=\"right\" style=\"font-family: Times New Roman; color: rgb(0, 0, 0); font-style: normal; font-variant-ligatures: normal; font-variant-caps: normal; font-weight: 400; letter-spacing: normal; orphans: 2; text-indent: 0px; text-transform: none; white-space: normal; widows: 2; word-spacing: 0px; -webkit-text-stroke-width: 0px; text-decoration-style: initial; text-decoration-color: initial; text-align: center; margin-left: 0cm; margin-right: 0cm; margin-top: 0cm; margin-bottom: 0.0001pt\"><font size=\"2\">Mauricio C\u00e1rdenas Santamar\u00eda.<\/font><\/p>\n<p class=\"MsoNormal\" align=\"right\" style=\"font-family: Times New Roman; color: rgb(0, 0, 0); font-style: normal; font-variant-ligatures: normal; font-variant-caps: normal; font-weight: 400; letter-spacing: normal; orphans: 2; text-indent: 0px; text-transform: none; white-space: normal; widows: 2; word-spacing: 0px; -webkit-text-stroke-width: 0px; text-decoration-style: initial; text-decoration-color: initial; text-align: center; margin-left: 0cm; margin-right: 0cm; margin-top: 0cm; margin-bottom: 0.0001pt\"><font size=\"2\">&nbsp;<\/font><\/p>\n<p class=\"MsoNormal\" style=\"font-family: Times New Roman; color: rgb(0, 0, 0); font-style: normal; font-variant-ligatures: normal; font-variant-caps: normal; font-weight: 400; letter-spacing: normal; orphans: 2; text-align: start; text-indent: 0px; text-transform: none; white-space: normal; widows: 2; word-spacing: 0px; -webkit-text-stroke-width: 0px; text-decoration-style: initial; text-decoration-color: initial; margin-left: 0cm; margin-right: 0cm; margin-top: 0cm; margin-bottom: 0.0001pt\" align=\"center\"><font size=\"2\">El Ministro de Ambiente y Desarrollo Sostenible,<\/font><\/p>\n<p class=\"MsoNormal\" style=\"font-family: Times New Roman; color: rgb(0, 0, 0); font-style: normal; font-variant-ligatures: normal; font-variant-caps: normal; font-weight: 400; letter-spacing: normal; orphans: 2; text-align: start; text-indent: 0px; text-transform: none; white-space: normal; widows: 2; word-spacing: 0px; -webkit-text-stroke-width: 0px; text-decoration-style: initial; text-decoration-color: initial; margin-left: 0cm; margin-right: 0cm; margin-top: 0cm; margin-bottom: 0.0001pt\" align=\"center\"><font size=\"2\">&nbsp;<\/font><\/p>\n<p class=\"MsoNormal\" align=\"right\" style=\"font-size: medium; font-family: Times New Roman; color: rgb(0, 0, 0); font-style: normal; font-variant-ligatures: normal; font-variant-caps: normal; font-weight: 400; letter-spacing: normal; orphans: 2; text-indent: 0px; text-transform: none; white-space: normal; widows: 2; word-spacing: 0px; -webkit-text-stroke-width: 0px; text-decoration-style: initial; text-decoration-color: initial; text-align: center; margin-left: 0cm; margin-right: 0cm; margin-top: 0cm; margin-bottom: 0.0001pt\"><font size=\"2\">Luis<\/font><font size=\"2\">&nbsp;Gilberto Murillo Urrutia.<\/font><\/p>\n<p class=\"MsoNormal\" align=\"right\" style=\"font-family: Times New Roman; color: rgb(0, 0, 0); font-style: normal; font-variant-ligatures: normal; font-variant-caps: normal; font-weight: 400; letter-spacing: normal; orphans: 2; text-indent: 0px; text-transform: none; white-space: normal; widows: 2; word-spacing: 0px; -webkit-text-stroke-width: 0px; text-decoration-style: initial; text-decoration-color: initial; text-align: center; margin-left: 0cm; margin-right: 0cm; margin-top: 0cm; margin-bottom: 0.0001pt\"><font size=\"2\">&nbsp;<\/font><\/p>\n<p class=\"MsoNormal\" style=\"font-family: Times New Roman; color: rgb(0, 0, 0); font-style: normal; font-variant-ligatures: normal; font-variant-caps: normal; font-weight: 400; letter-spacing: normal; orphans: 2; text-indent: 0px; text-transform: none; white-space: normal; widows: 2; word-spacing: 0px; -webkit-text-stroke-width: 0px; text-decoration-style: initial; text-decoration-color: initial; text-align: center; margin-left: 0cm; margin-right: 0cm; margin-top: 0cm; margin-bottom: 0.0001pt\"><font size=\"2\">&nbsp;<\/font><\/p>\n<p class=\"MsoNormal\" style=\"font-family: Times New Roman; color: rgb(0, 0, 0); font-style: normal; font-variant-ligatures: normal; font-variant-caps: normal; font-weight: 400; letter-spacing: normal; orphans: 2; text-indent: 0px; text-transform: none; white-space: normal; widows: 2; word-spacing: 0px; -webkit-text-stroke-width: 0px; text-decoration-style: initial; text-decoration-color: initial; text-align: center; margin-left: 0cm; margin-right: 0cm; margin-top: 0cm; margin-bottom: 0.0001pt\"><font size=\"2\">&nbsp;<\/font><\/p>\n","protected":false},"excerpt":{"rendered":"<p>LEY 1872 DE 2017 &nbsp; LEY 1872 DE 2017 &nbsp; Por medio de la cual se crea el \u201cFondo para el Desarrollo Integral del Distrito Especial de Buenaventura\u201d y se adoptan medidas para promover el desarrollo integral del distrito especial, industrial, portuario,&nbsp;biodiverso&nbsp;y&nbsp;ecotur\u00edstico&nbsp;de Buenaventura. &nbsp; &nbsp; *Nota de Vigencia* &nbsp; Reglamentado por elDecreto 958 de 2018 [&hellip;]<\/p>\n","protected":false},"author":1,"featured_media":0,"comment_status":"open","ping_status":"open","sticky":false,"template":"","format":"standard","meta":{"footnotes":""},"categories":[32],"tags":[],"class_list":["post-1926","post","type-post","status-publish","format-standard","hentry","category-leyes-2017"],"_links":{"self":[{"href":"https:\/\/www.dmsjuridica.com\/buscador_20179478954\/legislacion\/leyes\/wp-json\/wp\/v2\/posts\/1926","targetHints":{"allow":["GET"]}}],"collection":[{"href":"https:\/\/www.dmsjuridica.com\/buscador_20179478954\/legislacion\/leyes\/wp-json\/wp\/v2\/posts"}],"about":[{"href":"https:\/\/www.dmsjuridica.com\/buscador_20179478954\/legislacion\/leyes\/wp-json\/wp\/v2\/types\/post"}],"author":[{"embeddable":true,"href":"https:\/\/www.dmsjuridica.com\/buscador_20179478954\/legislacion\/leyes\/wp-json\/wp\/v2\/users\/1"}],"replies":[{"embeddable":true,"href":"https:\/\/www.dmsjuridica.com\/buscador_20179478954\/legislacion\/leyes\/wp-json\/wp\/v2\/comments?post=1926"}],"version-history":[{"count":0,"href":"https:\/\/www.dmsjuridica.com\/buscador_20179478954\/legislacion\/leyes\/wp-json\/wp\/v2\/posts\/1926\/revisions"}],"wp:attachment":[{"href":"https:\/\/www.dmsjuridica.com\/buscador_20179478954\/legislacion\/leyes\/wp-json\/wp\/v2\/media?parent=1926"}],"wp:term":[{"taxonomy":"category","embeddable":true,"href":"https:\/\/www.dmsjuridica.com\/buscador_20179478954\/legislacion\/leyes\/wp-json\/wp\/v2\/categories?post=1926"},{"taxonomy":"post_tag","embeddable":true,"href":"https:\/\/www.dmsjuridica.com\/buscador_20179478954\/legislacion\/leyes\/wp-json\/wp\/v2\/tags?post=1926"}],"curies":[{"name":"wp","href":"https:\/\/api.w.org\/{rel}","templated":true}]}}