{"id":2055,"date":"2020-11-25T20:45:28","date_gmt":"2020-11-25T20:45:28","guid":{"rendered":"https:\/\/www.dmsjuridica.com\/buscador_20179478954\/legislacion\/leyes\/2020\/11\/25\/ley-2007-de-2019\/"},"modified":"2020-11-25T20:45:28","modified_gmt":"2020-11-25T20:45:28","slug":"ley-2007-de-2019","status":"publish","type":"post","link":"https:\/\/www.dmsjuridica.com\/buscador_20179478954\/legislacion\/leyes\/2020\/11\/25\/ley-2007-de-2019\/","title":{"rendered":"LEY 2007 DE 2019"},"content":{"rendered":"<p>LEY 2007 DE 2019<\/p>\n<p class=\"MsoNormal\" align=\"center\" style=\"text-align: center; line-height: normal; margin-bottom: 10.0pt\"><img loading=\"lazy\" decoding=\"async\" border=\"0\" src=\"http:\/\/dmsjuridica.com\/CODIGOS\/LEGISLACION\/LEYES\/2019\/dms.png\" width=\"138\" height=\"103\"align=\"center\"><\/p>\n<p class=\"MsoNormal\" align=\"center\" style=\"text-align: center; line-height: normal; margin-bottom: 10.0pt\"><b><font size=\"6\">LEY 2007 DE 2019<\/font><\/b><\/p>\n<p class=\"MsoNormal\" align=\"center\" style=\"text-align: center; line-height: normal; margin-bottom: 10.0pt\">Diario Oficial 51.172, diciembre 19 de 2019<\/p>\n<p class=\"MsoNormal\" align=\"center\" style=\"text-align: center; line-height: normal; margin-bottom: 10.0pt\">&nbsp;<\/p>\n<p class=\"MsoNormal\" align=\"center\" style=\"text-align: center; line-height: normal; margin-left: 0cm; margin-right: 11.2pt; margin-top: 0cm; margin-bottom: 10.0pt\">por&nbsp;medio de la cual la naci\u00f3n conmemora la vida y Obra del Ilustre Juan Mario&nbsp;Laserna&nbsp;Jaramillo<\/p>\n<p class=\"MsoNormal\" align=\"center\" style=\"text-align: center; line-height: normal; margin-left: 0cm; margin-right: 11.2pt; margin-top: 0cm; margin-bottom: 10.0pt\">&nbsp;<\/p>\n<p class=\"MsoNormal\" align=\"center\" style=\"text-align: center; line-height: normal; margin-bottom: .0001pt\">&nbsp;El Congreso de Colombia<\/p>\n<p class=\"MsoNormal\" align=\"center\" style=\"text-align: center; line-height: normal; margin-bottom: .0001pt\">&nbsp;<\/p>\n<p class=\"MsoNormal\" align=\"center\" style=\"text-align: center; line-height: normal; margin-bottom: .0001pt\">DECRETA:<\/p>\n<p class=\"MsoNormal\" align=\"center\" style=\"text-align: center; line-height: normal; margin-bottom: .0001pt\">&nbsp;<\/p>\n<p class=\"MsoNormal\" style=\"text-align: justify; line-height: normal; margin-bottom: .0001pt\">Art\u00edculo 1\u00b0. La Rep\u00fablica de Colombia conmemora la vida y obra del ilustre economista y pol\u00edtico Juan Mario&nbsp;Laserna&nbsp;Jaramillo por su valioso y significativo aporte al desarrollo social, pol\u00edtico y econ\u00f3mico de la Naci\u00f3n, especialmente al departamento del Tolima.<\/p>\n<p class=\"MsoNormal\" style=\"text-align: justify; line-height: normal; margin-bottom: .0001pt\">&nbsp;<\/p>\n<p class=\"MsoNormal\" style=\"text-align: justify; line-height: normal; margin-bottom: .0001pt\">Art\u00edculo 2\u00b0. R\u00edndase honores p\u00fablicos al economista y pol\u00edtico Juan Mario&nbsp;Laserna&nbsp;Jaramillo, en una ceremonia especial que se realizar\u00e1 en el municipio de Ibagu\u00e9 del departamento del Tolima, y cuya fecha y hora ser\u00e1n programados por las Mesas Directivas del Congreso de la Rep\u00fablica, con la presencia del se\u00f1or Presidente de la Rep\u00fablica y el Ministro de Cultura.<\/p>\n<p class=\"MsoNormal\" style=\"text-align: justify; line-height: normal; margin-bottom: .0001pt\">&nbsp;<\/p>\n<p class=\"MsoNormal\" style=\"text-align: justify; line-height: normal; margin-bottom: .0001pt\">Art\u00edculo 3\u00b0. La copia de la presente ley ser\u00e1 entregada al municipio de Ibagu\u00e9, Tolima en letra de estilo, en acto especial y protocolario, cuya fecha, lugar y hora ser\u00e1n programados por las mesas directivas del Congreso de la Rep\u00fablica.<\/p>\n<p class=\"MsoNormal\" style=\"text-align: justify; line-height: normal; margin-bottom: .0001pt\">&nbsp;<\/p>\n<p class=\"MsoNormal\" style=\"text-align: justify; line-height: normal; margin-bottom: .0001pt\">Art\u00edculo 4\u00b0. Autor\u00edzase al Gobierno nacional, a trav\u00e9s del Ministerio de Cultura, para que incluya las partidas necesarias para dotar de los equipos e instrumentos necesarios para el funcionamiento misional de cada una de las salas del Pan\u00f3ptico de la ciudad de Ibagu\u00e9 del departamento del Tolima y la construcci\u00f3n de una placa conmemorativa que llevar\u00e1 el nombre de Juan Mario&nbsp;Laserna&nbsp;Jaramillo.<\/p>\n<p class=\"MsoNormal\" style=\"text-align: justify; line-height: normal; margin-bottom: .0001pt\">&nbsp;<\/p>\n<p class=\"MsoNormal\" style=\"text-align: justify; line-height: normal; margin-bottom: .0001pt\">Art\u00edculo 5\u00b0. Autor\u00edcese al Gobierno nacional para realizar las apropiaciones presupuestales para la ejecuci\u00f3n plena de lo dispuesto en la presente ley.<\/p>\n<p class=\"MsoNormal\" style=\"text-align: justify; line-height: normal; margin-bottom: .0001pt\">&nbsp;<\/p>\n<p class=\"MsoNormal\" style=\"text-align: justify; line-height: normal; margin-bottom: .0001pt\">Art\u00edculo 6\u00b0. La presente ley rige a partir de la fecha de su promulgaci\u00f3n, y deroga todas las que le sean contrarias.<\/p>\n<p class=\"MsoNormal\" style=\"text-align: justify; line-height: normal; margin-bottom: .0001pt\">&nbsp;<\/p>\n<p class=\"MsoNormal\" style=\"text-align: center; line-height: normal; margin-bottom: .0001pt\">El Presidente del honorable Senado de la Rep\u00fablica,<\/p>\n<p class=\"MsoNormal\" style=\"text-align: center; line-height: normal; margin-bottom: .0001pt\">&nbsp;<\/p>\n<p class=\"MsoNormal\" align=\"right\" style=\"text-align: center; line-height: normal; margin-bottom: .0001pt\"><i>Lidio Arturo Garc\u00eda&nbsp;Turbay.<\/i><\/p>\n<p class=\"MsoNormal\" align=\"right\" style=\"text-align: center; line-height: normal; margin-bottom: .0001pt\">&nbsp;<\/p>\n<p class=\"MsoNormal\" style=\"text-align: center; line-height: normal; margin-bottom: .0001pt\">El Secretario General del honorable Senado de la Rep\u00fablica,<\/p>\n<p class=\"MsoNormal\" style=\"text-align: center; line-height: normal; margin-bottom: .0001pt\">&nbsp;<\/p>\n<p class=\"MsoNormal\" align=\"right\" style=\"text-align: center; line-height: normal; margin-bottom: .0001pt\"><i>Gregorio&nbsp;Eljach&nbsp;Pacheco.<\/i><\/p>\n<p class=\"MsoNormal\" align=\"right\" style=\"text-align: center; line-height: normal; margin-bottom: .0001pt\">&nbsp;<\/p>\n<p class=\"MsoNormal\" style=\"text-align: center; line-height: normal; margin-bottom: .0001pt\">El Presidente de la honorable C\u00e1mara de Representantes,<\/p>\n<p class=\"MsoNormal\" style=\"text-align: center; line-height: normal; margin-bottom: .0001pt\">&nbsp;<\/p>\n<p class=\"MsoNormal\" align=\"right\" style=\"text-align: center; line-height: normal; margin-bottom: .0001pt\"><i>Carlos Alberto Cuenca Chaux.<\/i><\/p>\n<p class=\"MsoNormal\" align=\"right\" style=\"text-align: center; line-height: normal; margin-bottom: .0001pt\">&nbsp;<\/p>\n<p class=\"MsoNormal\" style=\"text-align: center; line-height: normal; margin-bottom: .0001pt\">El Secretario General de la honorable C\u00e1mara de Representantes,<\/p>\n<p class=\"MsoNormal\" style=\"text-align: center; line-height: normal; margin-bottom: .0001pt\">&nbsp;<\/p>\n<p class=\"MsoNormal\" align=\"right\" style=\"text-align: center; line-height: normal; margin-left: 0cm; margin-right: 11.2pt; margin-top: 0cm; margin-bottom: 10.0pt\"><i>Jorge Humberto Mantilla Serrano<\/i><\/p>\n<p class=\"MsoNormal\" align=\"right\" style=\"text-align: center; line-height: normal; margin-left: 0cm; margin-right: 11.2pt; margin-top: 0cm; margin-bottom: 10.0pt\">&nbsp;<\/p>\n<p class=\"MsoNormal\" style=\"line-height: normal; margin-bottom: .0001pt\" align=\"center\">&nbsp;<\/p>\n<p class=\"MsoNormal\" style=\"line-height: normal; margin-bottom: .0001pt\" align=\"center\">&nbsp;<\/p>\n<p class=\"MsoNormal\" align=\"center\" style=\"text-align: center; line-height: normal; margin-bottom: .0001pt\">&nbsp;REP\u00daBLICA DE COLOMBIA- GOBIERNO NACIONAL<\/p>\n<p class=\"MsoNormal\" align=\"center\" style=\"text-align: center; line-height: normal; margin-bottom: .0001pt\">&nbsp;<\/p>\n<p class=\"MsoNormal\" style=\"text-align: center; line-height: normal; margin-bottom: .0001pt\">Publ\u00edquese y c\u00famplase.<\/p>\n<p class=\"MsoNormal\" style=\"text-align: center; line-height: normal; margin-bottom: .0001pt\">&nbsp;<\/p>\n<p class=\"MsoNormal\" style=\"text-align: center; line-height: normal; margin-bottom: .0001pt\">Dada en Bogot\u00e1, D. C., a 19 de diciembre de 2019.<\/p>\n<p class=\"MsoNormal\" style=\"text-align: center; line-height: normal; margin-bottom: .0001pt\">&nbsp;<\/p>\n<p class=\"MsoNormal\" align=\"right\" style=\"text-align: center; line-height: normal; margin-bottom: .0001pt\">IV\u00c1N DUQUE M\u00c1RQUEZ<\/p>\n<p class=\"MsoNormal\" align=\"right\" style=\"text-align: center; line-height: normal; margin-bottom: .0001pt\">&nbsp;<\/p>\n<p class=\"MsoNormal\" style=\"line-height: normal; margin-bottom: .0001pt\" align=\"center\">La Ministra del Interior,<\/p>\n<p class=\"MsoNormal\" style=\"line-height: normal; margin-bottom: .0001pt\" align=\"center\">&nbsp;<\/p>\n<p class=\"MsoNormal\" align=\"right\" style=\"text-align: center; line-height: normal; margin-bottom: .0001pt\"><i>Nancy Patricia Guti\u00e9rrez Casta\u00f1eda.<\/i><\/p>\n<p class=\"MsoNormal\" align=\"right\" style=\"text-align: center; line-height: normal; margin-bottom: .0001pt\">&nbsp;<\/p>\n<p class=\"MsoNormal\" style=\"text-align: center; line-height: normal; margin-bottom: .0001pt\">El Ministro de Hacienda y Cr\u00e9dito P\u00fablico,<\/p>\n<p class=\"MsoNormal\" style=\"text-align: center; line-height: normal; margin-bottom: .0001pt\">&nbsp;<\/p>\n<p class=\"MsoNormal\" align=\"right\" style=\"text-align: center; line-height: normal; margin-bottom: .0001pt\"><i>Alberto Carrasquilla Barrera.<\/i><\/p>\n<p class=\"MsoNormal\" align=\"right\" style=\"text-align: center; line-height: normal; margin-bottom: .0001pt\">&nbsp;<\/p>\n<p class=\"MsoNormal\" style=\"text-align: center; line-height: normal; margin-bottom: .0001pt\">La Ministra de Justicia y del Derecho,<\/p>\n<p class=\"MsoNormal\" style=\"text-align: center; line-height: normal; margin-bottom: .0001pt\">&nbsp;<\/p>\n<p class=\"MsoNormal\" align=\"right\" style=\"text-align: center; line-height: normal; margin-bottom: .0001pt\"><i>Margarita Leonor Cabello Blanco.<\/i><\/p>\n<p class=\"MsoNormal\" align=\"right\" style=\"text-align: center; line-height: normal; margin-bottom: .0001pt\">&nbsp;<\/p>\n<p class=\"MsoNormal\" style=\"text-align: center; line-height: normal; margin-bottom: .0001pt\">La Ministra de Cultura,<\/p>\n<p class=\"MsoNormal\" style=\"text-align: center; line-height: normal; margin-bottom: .0001pt\">&nbsp;<\/p>\n<p class=\"MsoNormal\" align=\"right\" style=\"text-align: center; line-height: normal; margin-bottom: 10.0pt\"><i>Carmen In\u00e9s V\u00e1squez Camacho<\/i><\/p>\n<p class=\"MsoNormal\" align=\"right\" style=\"text-align: center; line-height: normal; margin-bottom: 10.0pt\">&nbsp;<\/p>\n<p class=\"MsoNormal\" align=\"center\">&nbsp;<\/p>\n","protected":false},"excerpt":{"rendered":"<p>LEY 2007 DE 2019 LEY 2007 DE 2019 Diario Oficial 51.172, diciembre 19 de 2019 &nbsp; por&nbsp;medio de la cual la naci\u00f3n conmemora la vida y Obra del Ilustre Juan Mario&nbsp;Laserna&nbsp;Jaramillo &nbsp; &nbsp;El Congreso de Colombia &nbsp; DECRETA: &nbsp; Art\u00edculo 1\u00b0. La Rep\u00fablica de Colombia conmemora la vida y obra del ilustre economista y pol\u00edtico [&hellip;]<\/p>\n","protected":false},"author":1,"featured_media":0,"comment_status":"open","ping_status":"open","sticky":false,"template":"","format":"standard","meta":{"footnotes":""},"categories":[34],"tags":[],"class_list":["post-2055","post","type-post","status-publish","format-standard","hentry","category-leyes-2019"],"_links":{"self":[{"href":"https:\/\/www.dmsjuridica.com\/buscador_20179478954\/legislacion\/leyes\/wp-json\/wp\/v2\/posts\/2055","targetHints":{"allow":["GET"]}}],"collection":[{"href":"https:\/\/www.dmsjuridica.com\/buscador_20179478954\/legislacion\/leyes\/wp-json\/wp\/v2\/posts"}],"about":[{"href":"https:\/\/www.dmsjuridica.com\/buscador_20179478954\/legislacion\/leyes\/wp-json\/wp\/v2\/types\/post"}],"author":[{"embeddable":true,"href":"https:\/\/www.dmsjuridica.com\/buscador_20179478954\/legislacion\/leyes\/wp-json\/wp\/v2\/users\/1"}],"replies":[{"embeddable":true,"href":"https:\/\/www.dmsjuridica.com\/buscador_20179478954\/legislacion\/leyes\/wp-json\/wp\/v2\/comments?post=2055"}],"version-history":[{"count":0,"href":"https:\/\/www.dmsjuridica.com\/buscador_20179478954\/legislacion\/leyes\/wp-json\/wp\/v2\/posts\/2055\/revisions"}],"wp:attachment":[{"href":"https:\/\/www.dmsjuridica.com\/buscador_20179478954\/legislacion\/leyes\/wp-json\/wp\/v2\/media?parent=2055"}],"wp:term":[{"taxonomy":"category","embeddable":true,"href":"https:\/\/www.dmsjuridica.com\/buscador_20179478954\/legislacion\/leyes\/wp-json\/wp\/v2\/categories?post=2055"},{"taxonomy":"post_tag","embeddable":true,"href":"https:\/\/www.dmsjuridica.com\/buscador_20179478954\/legislacion\/leyes\/wp-json\/wp\/v2\/tags?post=2055"}],"curies":[{"name":"wp","href":"https:\/\/api.w.org\/{rel}","templated":true}]}}