{"id":3125,"date":"2023-11-09T12:11:20","date_gmt":"2023-11-09T17:11:20","guid":{"rendered":"https:\/\/www.dmsjuridica.com\/buscador_20179478954\/legislacion\/leyes\/?p=3125"},"modified":"2023-11-09T12:11:20","modified_gmt":"2023-11-09T17:11:20","slug":"ley-90-de-1946","status":"publish","type":"post","link":"https:\/\/www.dmsjuridica.com\/buscador_20179478954\/legislacion\/leyes\/2023\/11\/09\/ley-90-de-1946\/","title":{"rendered":"\u00a0LEY 90 DE 1946"},"content":{"rendered":"<p style=\"font-weight: 400;\">\u00a0<strong>LEY 90 DE 1946<\/strong><\/p>\n<p style=\"font-weight: 400;\">\n<p style=\"font-weight: 400;\">(DICIEMBRE 26 DE 1946)<\/p>\n<p style=\"font-weight: 400;\">\n<p style=\"font-weight: 400;\"><i>Por la cual se establece el seguro social obligatorio y se crea el Instituto Colombiano de Seguros Sociales.<\/i><\/p>\n<p style=\"font-weight: 400;\">\n<p style=\"font-weight: 400;\">\n<p style=\"font-weight: 400;\">EL CONGRESO DE COLOMBIA<\/p>\n<p style=\"font-weight: 400;\">\n<p style=\"font-weight: 400;\">\n<p style=\"font-weight: 400;\"><strong>DECRETA:<\/strong><\/p>\n<p style=\"font-weight: 400;\">\n<p style=\"font-weight: 400;\">\n<p style=\"font-weight: 400;\"><b>CAPITULO I<\/b><\/p>\n<p style=\"font-weight: 400;\">Campo de Aplicaci\u00f3n<\/p>\n<p style=\"font-weight: 400;\">\n<p style=\"font-weight: 400;\">\n<p style=\"font-weight: 400;\"><strong>Articulo 1.\u00a0*Derogado por el\u00a0<\/strong><strong>Decreto 433 de 1971<\/strong><strong>*<\/strong><\/p>\n<p style=\"font-weight: 400;\">\n<p style=\"font-weight: 400;\"><strong>*Nota de Vigencia*<\/strong><\/p>\n<p style=\"font-weight: 400;\">\n<table width=\"100%\">\n<tbody>\n<tr>\n<td>Art\u00edculo derogado por el art\u00edculo 67 del\u00a0<strong>Decreto 433 de 1971<\/strong>, publicado por el Diario Oficial No.33302 de 1 de mayo de 1971<\/td>\n<\/tr>\n<\/tbody>\n<\/table>\n<p style=\"font-weight: 400;\">\n<p style=\"font-weight: 400;\"><strong>*CONCORDANCIAS*<\/strong><\/p>\n<p style=\"font-weight: 400;\">\n<table width=\"100%\">\n<tbody>\n<tr>\n<td>CORTE SUPREMA DE JUSTICIA, SALA DE CASACI\u00d3N LABORAL, SENTENCIA NO. 26590 DE 25 DE JULIO DE 2006, M.P. DRA. ISAURA VARGAS D\u00cdAZ.<\/td>\n<\/tr>\n<\/tbody>\n<\/table>\n<p style=\"font-weight: 400;\">\n<p style=\"font-weight: 400;\"><strong>*Texto original de la Ley 90 de 1946*<\/strong><\/p>\n<p style=\"font-weight: 400;\">\n<table width=\"100%\">\n<tbody>\n<tr>\n<td>Establece el seguro social obligatorio de los trabajadores contra los siguientes riesgos:<\/td>\n<\/tr>\n<tr>\n<td>a. Enfermedades no profesionales y maternidad;<\/td>\n<\/tr>\n<tr>\n<td>b. Invalidez y vejez.<\/td>\n<\/tr>\n<tr>\n<td>c. Accidentes de trabajo y enfermedades profesionales, y<\/td>\n<\/tr>\n<tr>\n<td>d. Muerte.<\/td>\n<\/tr>\n<\/tbody>\n<\/table>\n<p style=\"font-weight: 400;\">\n<p style=\"font-weight: 400;\">\n<p style=\"font-weight: 400;\"><strong>Articulo 2.\u00a0*Derogado por el\u00a0<\/strong><strong>Decreto 433 de 1971<\/strong><strong>*<\/strong><\/p>\n<p style=\"font-weight: 400;\">\n<p style=\"font-weight: 400;\"><strong>*Nota de Vigencia*<\/strong><\/p>\n<p style=\"font-weight: 400;\">\n<table width=\"100%\">\n<tbody>\n<tr>\n<td>Art\u00edculo derogado por el art\u00edculo 67 del\u00a0<strong>Decreto 433 de 1971<\/strong>, publicado por el Diario Oficial No.33302 de 1 de mayo de 1971<\/td>\n<\/tr>\n<\/tbody>\n<\/table>\n<p style=\"font-weight: 400;\">\n<p style=\"font-weight: 400;\"><strong>*Texto original de la Ley 90 de 1946*<\/strong><\/p>\n<p style=\"font-weight: 400;\">\n<table width=\"100%\">\n<tbody>\n<tr>\n<td>Ser\u00e1n asegurados por el r\u00e9gimen del seguro social obligatorio, todos los individuos, nacionales y extranjeros, que presten sus servicios a otra persona en virtud de un contrato expreso o presunto, de trabajo o aprendizaje, inclusive los trabajadores a domicilio y los del servicio dom\u00e9stico.<\/td>\n<\/tr>\n<tr>\n<td>Sin embargo, los asegurados que tengan sesenta (60) a\u00f1os o m\u00e1s al inscribirse por primera vez en el seguro, no quedar\u00e1n protegidos contra los riesgos de invalidez, vejez y muerte, ni habr\u00e1 lugar alas respectivas cotizaciones.<\/td>\n<\/tr>\n<\/tbody>\n<\/table>\n<p style=\"font-weight: 400;\">\n<p style=\"font-weight: 400;\">\n<p style=\"font-weight: 400;\"><strong>Articulo 3.\u00a0*Derogado por el\u00a0<\/strong><strong>Decreto 433 de 1971<\/strong><strong>*<\/strong><\/p>\n<p style=\"font-weight: 400;\">\n<p style=\"font-weight: 400;\"><strong>*Nota de Vigencia*<\/strong><\/p>\n<p style=\"font-weight: 400;\">\n<table width=\"100%\">\n<tbody>\n<tr>\n<td>Art\u00edculo derogado por el art\u00edculo 67 del\u00a0<strong>Decreto 433 de 1971<\/strong>, publicado por el Diario Oficial No.33302 de 1 de mayo de 1971<\/td>\n<\/tr>\n<\/tbody>\n<\/table>\n<p style=\"font-weight: 400;\">\n<p style=\"font-weight: 400;\"><strong>*Texto original de la Ley 90 de 1946*<\/strong><\/p>\n<p style=\"font-weight: 400;\">\n<table width=\"100%\">\n<tbody>\n<tr>\n<td>Para los efectos de la presente ley, estar\u00e1n asimilados a trabajadores particulares los empleados y obreros que presten sus servicios a la Naci\u00f3n, los Departamentos y los Municipios en la construcci\u00f3n y conservaci\u00f3n de las obras p\u00fablicas y en las empresas o institutos comerciales, industriales, agr\u00edcolas, ganaderos y forestales que aquellas entidades exploten directa o indirectamente o de las cuales sean accionistas o copart\u00edcipes.<\/td>\n<\/tr>\n<\/tbody>\n<\/table>\n<p style=\"font-weight: 400;\">\n<p style=\"font-weight: 400;\">\n<p style=\"font-weight: 400;\"><strong>Articulo 4.\u00a0*Derogado por el\u00a0<\/strong><strong>Decreto 433 de 1971<\/strong><strong>*<\/strong><\/p>\n<p style=\"font-weight: 400;\">\n<p style=\"font-weight: 400;\"><strong>*Nota de Vigencia*<\/strong><\/p>\n<p style=\"font-weight: 400;\">\n<table width=\"100%\">\n<tbody>\n<tr>\n<td>Art\u00edculo derogado por el art\u00edculo 67 del\u00a0<strong>Decreto 433 de 1971<\/strong>, publicado por el Diario Oficial No.33302 de 1 de mayo de 1971<\/td>\n<\/tr>\n<\/tbody>\n<\/table>\n<p style=\"font-weight: 400;\">\n<p style=\"font-weight: 400;\"><strong>*Texto original de la Ley 90 de 1946*<\/strong><\/p>\n<p style=\"font-weight: 400;\">\n<table width=\"100%\">\n<tbody>\n<tr>\n<td>Los m\u00e9dicos y dem\u00e1s personal cient\u00edfico que de manera continua presten sus servicios al Instituto, ser\u00e1n asegurados obligatorios y gozar\u00e1n de las prestaciones que consagra la presente ley, pero deber\u00e1n cumplir las obligaciones que ella impone.<\/td>\n<\/tr>\n<tr>\n<td>No quedan comprendidos en esta disposici\u00f3n los que estuvieren afiliados a la Caja de Previsi\u00f3n Social de Empleados y Obreros nacionales o a otras instituciones similares de previsi\u00f3n social.<\/td>\n<\/tr>\n<\/tbody>\n<\/table>\n<p style=\"font-weight: 400;\">\n<p style=\"font-weight: 400;\">\n<p style=\"font-weight: 400;\"><strong>Articulo 5.\u00a0*Derogado por el\u00a0<\/strong><strong>Decreto 433 de 1971<\/strong><strong>*<\/strong><\/p>\n<p style=\"font-weight: 400;\">\n<p style=\"font-weight: 400;\"><strong>*Nota de Vigencia*<\/strong><\/p>\n<p style=\"font-weight: 400;\">\n<table width=\"100%\">\n<tbody>\n<tr>\n<td>Art\u00edculo derogado por el art\u00edculo 67 del\u00a0<strong>Decreto 433 de 1971<\/strong>, publicado por el Diario Oficial No.33302 de 1 de mayo de 1971<\/td>\n<\/tr>\n<\/tbody>\n<\/table>\n<p style=\"font-weight: 400;\">\n<p style=\"font-weight: 400;\"><strong>*Texto original de la Ley 90 de 1946*<\/strong><\/p>\n<p style=\"font-weight: 400;\">\n<table width=\"100%\">\n<tbody>\n<tr>\n<td>Estar\u00e1n tambi\u00e9n sujetos al r\u00e9gimen de seguro social obligatorios los trabajadores independientes (peque\u00f1os industriales, agricultores y comerciantes, maestros de taller, artesanos, voceadores de peri\u00f3dicos, lustrabotas, loteros, vendedores ambulantes, etc.), cuyos ingresos normales no excedan de mil ochocientos pesos ($ 1.800) por a\u00f1o.<\/td>\n<\/tr>\n<tr>\n<td>Sin embargo, mientras el Instituto asume el seguro de estos trabajadores con el car\u00e1cter de obligatorio, podr\u00e1 admitirlos como asegurados facultativos.<\/td>\n<\/tr>\n<\/tbody>\n<\/table>\n<p style=\"font-weight: 400;\">\n<p style=\"font-weight: 400;\">\n<p style=\"font-weight: 400;\"><strong>Articulo 6.\u00a0*Derogado por el\u00a0<\/strong><strong>Decreto 433 de 1971<\/strong><strong>*<\/strong><\/p>\n<p style=\"font-weight: 400;\">\n<p style=\"font-weight: 400;\"><strong>*Nota de Vigencia*<\/strong><\/p>\n<p style=\"font-weight: 400;\">\n<table width=\"100%\">\n<tbody>\n<tr>\n<td>Art\u00edculo derogado por el art\u00edculo 67 del\u00a0<strong>Decreto 433 de 1971<\/strong>, publicado por el Diario Oficial No.33302 de 1 de mayo de 1971<\/td>\n<\/tr>\n<\/tbody>\n<\/table>\n<p style=\"font-weight: 400;\">\n<p style=\"font-weight: 400;\"><strong>*Texto original de la Ley 90 de 1946*<\/strong><\/p>\n<p style=\"font-weight: 400;\">\n<table width=\"100%\">\n<tbody>\n<tr>\n<td>No quedan sometidos al r\u00e9gimen del seguro social obligatorio:<\/td>\n<\/tr>\n<tr>\n<td>1. El c\u00f3nyuge, los padres y los hijos menores de catorce (14) a\u00f1os del patrono, aunque figuren como asalariados de \u00e9ste;<\/td>\n<\/tr>\n<tr>\n<td>2. Los dem\u00e1s miembros de la familia del patrono, dentro del cuarto grado de consanguinidad y segundo de afinidad, que presten sus servicios exclusivamente por cuenta del patrono y vivan bajo su mismo techo;<\/td>\n<\/tr>\n<tr>\n<td>3. Las personas que ejecuten trabajos ocasionales extra\u00f1os a la empresa del patrono;<\/td>\n<\/tr>\n<tr>\n<td>4. Los trabajadores cuyo n\u00famero de jornadas anuales sea inferior a noventa (90) d\u00edas, y los que se ocupen en labores agr\u00edcolas temporales, como las de siembra, cosecha y dem\u00e1s similares, siempre que por otro concepto distinto no est\u00e9n sujetos al seguro obligatorio.<\/td>\n<\/tr>\n<tr>\n<td>5. Los empleados y obreros que, por estar afiliados a otra instituci\u00f3n de previsi\u00f3n social, gocen de mayores beneficios que los reconocidos por esta ley, de conformidad con el art\u00edculo\u00a078.<\/td>\n<\/tr>\n<tr>\n<td>6. Los trabajadores que sean excluidos expresamente de este r\u00e9gimen por los reglamentos generales d ella instituci\u00f3n:<\/td>\n<\/tr>\n<tr>\n<td>a. Por su car\u00e1cter de representantes del patrono; y<\/td>\n<\/tr>\n<tr>\n<td>b. Por otras circunstancias especiales que en esos mismos reglamentos se determinen; y<\/td>\n<\/tr>\n<tr>\n<td>7. \u00danicamente en relaci\u00f3n con los seguros de invalidez, vejez y muerte, los extranjeros que vengan o hayan venido al pa\u00eds en virtud de contratos de duraci\u00f3n fija no mayor de un (1) a\u00f1o, mientras est\u00e9 vigente el contrato original, y los que, por depender de empresas subsidiarias o filiales de organizaciones extranjeras que cubran varios pa\u00edses, est\u00e9n sujetos a ser trasladados al Exterior en cualquier tiempo, siempre que, adem\u00e1s, la respectiva organizaci\u00f3n extranjera tenga previsto para ellos alg\u00fan r\u00e9gimen de seguro contra los mismos riesgos.<\/td>\n<\/tr>\n<\/tbody>\n<\/table>\n<p style=\"font-weight: 400;\">\n<p style=\"font-weight: 400;\">\n<p style=\"font-weight: 400;\"><strong>Articulo 7.\u00a0*Derogado por el\u00a0<\/strong><strong>Decreto 433 de 1971<\/strong><strong>*<\/strong><\/p>\n<p style=\"font-weight: 400;\">\n<p style=\"font-weight: 400;\"><strong>*Nota de Vigencia*<\/strong><\/p>\n<p style=\"font-weight: 400;\">\n<table width=\"100%\">\n<tbody>\n<tr>\n<td>Art\u00edculo derogado por el art\u00edculo 67 del\u00a0<strong>Decreto 433 de 1971<\/strong>, publicado por el Diario Oficial No.33302 de 1 de mayo de 1971<\/td>\n<\/tr>\n<\/tbody>\n<\/table>\n<p style=\"font-weight: 400;\">\n<p style=\"font-weight: 400;\"><strong>*Texto original de la Ley 90 de 1946*<\/strong><\/p>\n<p style=\"font-weight: 400;\">\n<table width=\"100%\">\n<tbody>\n<tr>\n<td>El seguro social ser\u00e1 facultativo solamente para los trabajadores a que se refiere el art\u00edculo\u00a0<strong>6<\/strong>o, para los que habiendo estado sujetos al seguro obligatorio, dejen de estarlo por cualquier circunstancia y para los miembros de al familia del asegurado que dependan exclusivamente de \u00e9l para su subsistencia y vivan bajo su mismo techo.<\/td>\n<\/tr>\n<tr>\n<td>Tambi\u00e9n ser\u00e1 facultativo el seguro social para los trabajadores independientes, en los siguientes casos:<\/td>\n<\/tr>\n<tr>\n<td>a. Para aquellos de que trata el art\u00edculo\u00a0<strong>5<\/strong>o;<\/td>\n<\/tr>\n<tr>\n<td>b. Para aquellos cuyo ingreso normal no exceda de dos mil cuatrocientos pesos ($ 2.400) al a\u00f1o, y que no tengan patrimonio mayor de quince mil pesos ($ 15.000). y<\/td>\n<\/tr>\n<tr>\n<td>c. Para los que tengan dos o m\u00e1s personas que dependan de ellos para su subsistencia y vivan bajo su mismo techo, siempre que sus ingresos normales no excedan de cuatro mil ochocientos pesos ($ 4.800) al a\u00f1o y que su patrimonio no pase de treinta mil pesos ($ 30.000.)<\/td>\n<\/tr>\n<tr>\n<td>PAR\u00c1GRAFO.\u00a0Los trabajadores independientes a que se refiere este art\u00edculo, que parezcan enfermedades cr\u00f3nicas o de dif\u00edcil curaci\u00f3n, solamente podr\u00e1n afiliarse al seguro social mediante las condiciones especiales que, en cada caso, se\u00f1alar\u00e1 el Instituto.<\/td>\n<\/tr>\n<\/tbody>\n<\/table>\n<p style=\"font-weight: 400;\">\n<p style=\"font-weight: 400;\">\n<p style=\"font-weight: 400;\">\n<p style=\"font-weight: 400;\"><b>CAPITULO II<\/b><\/p>\n<p style=\"font-weight: 400;\">Organizaci\u00f3n y Administraci\u00f3n<\/p>\n<p style=\"font-weight: 400;\">\n<p style=\"font-weight: 400;\">\n<p style=\"font-weight: 400;\"><strong>Articulo 8.\u00a0*Derogado por el\u00a0<\/strong><strong>Decreto 433 de 1971<\/strong><strong>*<\/strong><\/p>\n<p style=\"font-weight: 400;\">\n<p style=\"font-weight: 400;\"><strong>*Nota de Vigencia*<\/strong><\/p>\n<p style=\"font-weight: 400;\">\n<table width=\"100%\">\n<tbody>\n<tr>\n<td>Art\u00edculo derogado por el art\u00edculo 67 del\u00a0<strong>Decreto 433 de 1971<\/strong>, publicado por el Diario Oficial No.33302 de 1 de mayo de 1971<\/td>\n<\/tr>\n<\/tbody>\n<\/table>\n<p style=\"font-weight: 400;\">\n<p style=\"font-weight: 400;\"><strong>*Texto original de la Ley 90 de 1946*<\/strong><\/p>\n<p style=\"font-weight: 400;\">\n<table width=\"100%\">\n<tbody>\n<tr>\n<td>Para la direcci\u00f3n y vigilancia de los seguros sociales, cr\u00e9ase como entidad aut\u00f3noma con personer\u00eda jur\u00eddica y patrimonio propio, un organismo que se denominar\u00e1 Instituto Colombiano de Seguros Sociales, cuya sede ser\u00e1 Bogot\u00e1.<\/td>\n<\/tr>\n<\/tbody>\n<\/table>\n<p style=\"font-weight: 400;\">\n<p style=\"font-weight: 400;\">\n<p style=\"font-weight: 400;\"><strong>Articulo 9.\u00a0*Derogado por el\u00a0<\/strong><strong>Decreto 433 de 1971<\/strong><strong>*<\/strong><\/p>\n<p style=\"font-weight: 400;\">\n<p style=\"font-weight: 400;\"><strong>*Nota de Vigencia*<\/strong><\/p>\n<p style=\"font-weight: 400;\">\n<table width=\"100%\">\n<tbody>\n<tr>\n<td>Art\u00edculo derogado por el art\u00edculo 67 del\u00a0<strong>Decreto 433 de 1971<\/strong>, publicado por el Diario Oficial No.33302 de 1 de mayo de 1971<\/td>\n<\/tr>\n<\/tbody>\n<\/table>\n<p style=\"font-weight: 400;\">\n<p style=\"font-weight: 400;\"><strong>*CONCORDANCIAS*<\/strong><\/p>\n<p style=\"font-weight: 400;\">\n<table width=\"100%\">\n<tbody>\n<tr>\n<td>CORTE CONSTITUCIONAL, SENTENCIA C-858-06 DE 18 DE OCTUBRE DE 2006, M. P. DR. JAIME C\u00d3RDOBA TRIVI\u00d1O.<\/td>\n<\/tr>\n<\/tbody>\n<\/table>\n<p style=\"font-weight: 400;\">\n<p style=\"font-weight: 400;\"><strong>*Nota Jurisprudencial*<\/strong><\/p>\n<p style=\"font-weight: 400;\">\n<table width=\"100%\">\n<tbody>\n<tr>\n<td><b>CORTE SUPREMA DE JUSTICIA<\/b><\/td>\n<\/tr>\n<tr>\n<td>La Corte Suprema de Justicia se inhibi\u00f3 por carencia actual de objeto, mediante Sentencia No. 113 del 19 de septiembre de 1991, Magistrado Ponente Dr. Pedro Escobar Trujillo.<\/td>\n<\/tr>\n<\/tbody>\n<\/table>\n<p style=\"font-weight: 400;\">\n<p style=\"font-weight: 400;\"><strong>*Texto original de la Ley 90 de 1946*<\/strong><\/p>\n<p style=\"font-weight: 400;\">\n<table width=\"100%\">\n<tbody>\n<tr>\n<td>El Instituto Colombiano de Seguros Sociales tendr\u00e1 como funciones principales:<\/td>\n<\/tr>\n<tr>\n<td>1. Dirigir en el orden t\u00e9cnico, vigilar y controlar el conjunto de los ramos de seguros sociales;<\/td>\n<\/tr>\n<tr>\n<td>2. Elaborar y modificar sus propios estatutos y los reglamentos generales de los seguros sociales, sobre las bases de la presente ley, y someter unos y otros a la aprobaci\u00f3n del Presidente de la Rep\u00fablica, sin la cual no tendr\u00e1n validez.<\/td>\n<\/tr>\n<tr>\n<td>3. Prescribir los requisitos, plazos, modalidades y sanciones referentes a la obligaci\u00f3n que tienen los patronos de inscribirse e inscribir a sus trabajadores en la respectiva Caja Seccional ay de avisar todo cambio de personal, toda modificaci\u00f3n de salarios, todo accidente de trabajo y las dem\u00e1s circunstancias que los reglamentos del seguro determinen;.<\/td>\n<\/tr>\n<tr>\n<td>4. Organizar el Departamento Matem\u00e1tico &#8211; Actuarial;<\/td>\n<\/tr>\n<tr>\n<td>5. Determinar, con aprobaci\u00f3n del Presidente de la Rep\u00fablica, las actividades y regiones y las categor\u00edas de empresas situadas fuera de dichas regiones, a las cuales se aplicar\u00e1 la obligaci\u00f3n del seguro social desde su iniciaci\u00f3n; el orden de prelaci\u00f3n de los riesgos que hayan de asumirse, empezando por el de enfermedad maternidad, y las etapas para la organizaci\u00f3n d ellos servicios restantes y para su extensi\u00f3n progresiva a otras regiones y actividades, y a otras categor\u00edas de empresas, a medida que \u00e9stas vayan ofreciendo la requerida base;<\/td>\n<\/tr>\n<tr>\n<td>6. Fijar y modificar de conformidad con los c\u00e1lculos del Departamento Matem\u00e1tico Actuarial y mediante aprobaci\u00f3n del Presidente de la Rep\u00fablica, el monto de cada uno de los aportes o cotizaciones correspondientes a cada clase de riesgo asegurado; el lapso m\u00ednimo durante el cual no podr\u00e1 ser alterado dicho monto, que no ser\u00e1 inferior a un a\u00f1o, y el n\u00famero de las cotizaciones previas que den derecho a la respectiva prestaci\u00f3n en cada modalidad de seguro;<\/td>\n<\/tr>\n<tr>\n<td>7. Organizar los seguros facultativos; los adicionales para el reconocimiento a los asegurados obligatorios y a los miembros de sus familias que dependan exclusivamente de ellos, de prestaciones m\u00e1s favorables que las determinadas en la presente ley, y las Cajas de Compensaci\u00f3n destinadas a atender a los subsidios familiares que algunos patronos decidan asumir en beneficio de los asegurados obligatorios o que lleguen a establecerse por ley especial o en las convenciones colectivas de trabajo;<\/td>\n<\/tr>\n<tr>\n<td>8. Se\u00f1alar, para los seguros sociales, la pol\u00edtica de las inversiones, a fin de que \u00e9stas queden suficientemente garantizadas, tengan adecuada rentabilidad y sirvan los objetivos peculiares de la instituci\u00f3n, y<\/td>\n<\/tr>\n<tr>\n<td>9. Administrar directamente aquellos ramos del seguro cuya unificaci\u00f3n o centralizaci\u00f3n sea indispensable.<\/td>\n<\/tr>\n<tr>\n<td>Par\u00e1grafo.\u00a0Para los efectos de este art\u00edculo se inviste de facultades extraordinarias al Presidente de la Rep\u00fablica por el t\u00e9rmino de cuatro (4) a\u00f1os, contados desde la vigencia de esta Ley.<\/td>\n<\/tr>\n<\/tbody>\n<\/table>\n<p style=\"font-weight: 400;\">\n<p style=\"font-weight: 400;\">\n<p style=\"font-weight: 400;\"><strong>Articulo 10.\u00a0*Derogado por el\u00a0<\/strong><strong>Decreto 433 de 1971<\/strong><strong>*<\/strong><\/p>\n<p style=\"font-weight: 400;\">\n<p style=\"font-weight: 400;\"><strong>*Notas de Vigencia*<\/strong><\/p>\n<p style=\"font-weight: 400;\">\n<table width=\"100%\">\n<tbody>\n<tr>\n<td>Art\u00edculo derogado por el art\u00edculo 67 del\u00a0<strong>Decreto 433 de 1971<\/strong>, publicado por el Diario Oficial No.33302 de 1 de mayo de 1971<\/td>\n<\/tr>\n<tr>\n<td>Art\u00edculo derogado por el articulo 15 del Decreto 1695 de 1960, publicado en el Diario Oficial No 30.303, de 12 de agosto de 1960.<\/td>\n<\/tr>\n<tr>\n<td>Art\u00edculo modificado por el art\u00edculo 1 del Decreto 3850 de 1949, publicado en el Diario oficial No 27.191, de 16 de diciembre de 1949<\/td>\n<\/tr>\n<tr>\n<td>Art\u00edculo modificado por el art\u00edculo 4 del Decreto 320 de 1949, publicado en el Diario Oficial No. 26.944, del 15 de febrero de 1949.<\/td>\n<\/tr>\n<\/tbody>\n<\/table>\n<p style=\"font-weight: 400;\">\n<p style=\"font-weight: 400;\"><strong>*Texto anterior modificado por el Decreto 3850 de 1949*<\/strong><\/p>\n<p style=\"font-weight: 400;\">\n<table width=\"100%\">\n<tbody>\n<tr>\n<td><strong>Art\u00edculo 10.\u00a0<\/strong>La direcci\u00f3n administrativa, financiera y t\u00e9cnica del Instituto quedar\u00e1 a cargo de un Consejo Directivo y de un Gerente General.<\/td>\n<\/tr>\n<tr>\n<td>Forman el Consejo Directivo:<\/td>\n<\/tr>\n<tr>\n<td>1). Un delegado del presidente de la Rep\u00fablica;<\/td>\n<\/tr>\n<tr>\n<td>2). El Ministro de Hacienda o un delegado suyo;<\/td>\n<\/tr>\n<tr>\n<td>3). El Ministro del Trabajo o un delegado suyo;<\/td>\n<\/tr>\n<tr>\n<td>4). El Ministro de Higiene o un delegado suyo;<\/td>\n<\/tr>\n<tr>\n<td>5). Un representante de los patronos;<\/td>\n<\/tr>\n<tr>\n<td>6). Un representante de los empleados;<\/td>\n<\/tr>\n<tr>\n<td>7). Un representante de los obreros;<\/td>\n<\/tr>\n<tr>\n<td>8). Un representante del cuerpo medico.<\/td>\n<\/tr>\n<tr>\n<td>Los representantes de los patronos, de los trabajadores y del cuerpo medico sern escogidos, en cada caso, por el Presidente de la Rep\u00fablica, de listas de seis (6) candidatos, de principales y de igual nmero de suplentes, que de com\u00fan acuerdo, integrarn las entidades postulantes correspondientes.<\/td>\n<\/tr>\n<tr>\n<td>Las entidades con derecho a participar en la postulaci\u00f3n de candidatos son: en el caso de los patronos:<\/td>\n<\/tr>\n<tr>\n<td>a). La Sociedad de Agricultores de Colombia;<\/td>\n<\/tr>\n<tr>\n<td>b). La asociaci\u00f3n Nacional de Industriales (ANDI), y<\/td>\n<\/tr>\n<tr>\n<td>c). La federaci\u00f3n Nacional de Comerciantes (FENALCO)<\/td>\n<\/tr>\n<tr>\n<td>En el caso de los obreros:<\/td>\n<\/tr>\n<tr>\n<td>a). La confederaci\u00f3n de Trabajadores de Colombia (CTC);<\/td>\n<\/tr>\n<tr>\n<td>b). La Uni\u00f3n de Trabajadores de Colombia (UTC);<\/td>\n<\/tr>\n<tr>\n<td>En el caso de los empleados:<\/td>\n<\/tr>\n<tr>\n<td>a). La federaci\u00f3n de Empleados de Bogot\u00e1;<\/td>\n<\/tr>\n<tr>\n<td>En el caso del cuerpo medico:<\/td>\n<\/tr>\n<tr>\n<td>a). La federaci\u00f3n M\u00e9dica Colombiana, y<\/td>\n<\/tr>\n<tr>\n<td>b). La Academia Nacional de Medicina.<\/td>\n<\/tr>\n<tr>\n<td>El representante de los obreros deber\u00e1 ser un obrero activo en sus funciones como tal y el de los empleados un empleado particular en ejercicio de un cargo, en tal car\u00e1cter.<\/td>\n<\/tr>\n<tr>\n<td>En el caso de que las entidades postulantes para elegir un mismo representante no se pongan de acuerdo para la integraci\u00f3n de la lista, o alguna de ellas deje de participar en la postulaci\u00f3n en el plazo de diez (10) das, a contar de la fecha en que el Gerente del Instituto les notifique el Decreto, el presidente de la Rep\u00fablica queda facultado para elegir como representante del respectivo gremio a una persona que re\u00f1\u00eda el requisito de estar afiliado a una cualquiera de las entidades con derecho a postular.<\/td>\n<\/tr>\n<tr>\n<td>Par\u00e1grafo 1. El per\u00edodo de las sesiones del Consejo Directivo de que tratan los ordinales e), f), g) y h) de este art\u00edculo ser\u00e1 de dos (2) a\u00f1os a partir del primero (1o.) de enero de mil novecientos cincuenta (1950), y podr\u00e1n ser reelegidos indefinidamente.<\/td>\n<\/tr>\n<tr>\n<td>El Consejo Directivo del Instituto no podr\u00e1 tener m\u00e1s de seis (6) sesiones remuneradas en cada mes.<\/td>\n<\/tr>\n<tr>\n<td>Par\u00e1grafo 2. El Gerente del Instituto tendr\u00e1 voz pero no voto en las deliberaciones del Consejo Directivo. Sin embargo, el Gerente podr\u00e1 votar, cuando se trate de decidir casos de empate en las votaciones del Consejo Directivo.<\/td>\n<\/tr>\n<tr>\n<td>Par\u00e1grafo 3. Mientras se instala el Consejo Directivo, en la forma aqu\u00ed prevista, el Gerente del Instituto de Seguros Sociales desempe\u00f1ar\u00e1 las funciones propias de dicho Consejo, con la obligaci\u00f3n de dar cuenta de su gesti\u00f3n a la nueva directiva.<\/td>\n<\/tr>\n<\/tbody>\n<\/table>\n<p style=\"font-weight: 400;\">\n<p style=\"font-weight: 400;\"><strong>*Texto original de la Ley 90 de 1946*<\/strong><\/p>\n<p style=\"font-weight: 400;\">\n<table width=\"100%\">\n<tbody>\n<tr>\n<td>La direcci\u00f3n administrativa, financiera y t\u00e9cnica del Instituto estar\u00e1 a cargo de un consejo Directivo y de un Gerente General.<\/td>\n<\/tr>\n<tr>\n<td>Forman el Consejo Directivo:<\/td>\n<\/tr>\n<tr>\n<td>a. Un delegado del Presidente de la Rep\u00fablica;<\/td>\n<\/tr>\n<tr>\n<td>b. El Ministro de Trabajo o un Delegado Suyo;<\/td>\n<\/tr>\n<tr>\n<td>c. el Director Nacional de salubridad o un Delegado suyo.<\/td>\n<\/tr>\n<tr>\n<td>d. Un representante de la Academia Nacional de Medicina;<\/td>\n<\/tr>\n<tr>\n<td>e. Un representante de los pensionados;<\/td>\n<\/tr>\n<tr>\n<td>f. Dos representantes de los asegurados;<\/td>\n<\/tr>\n<tr>\n<td>g. Dos representantes de los patronos, y<\/td>\n<\/tr>\n<tr>\n<td>h. Un representante de la Federaci\u00f3n M\u00e9dica Colombiana.<\/td>\n<\/tr>\n<tr>\n<td>Par\u00e1grafo.\u00a0Los miembros del Consejo a que se refieren los apartes e), f) y g) de este art\u00edculo, ser\u00e1n elegidos por las entidades representativas de los respectivos gremios, para per\u00edodos de tres (3) a\u00f1os, en la forma que los reglamentos determinen.<\/td>\n<\/tr>\n<\/tbody>\n<\/table>\n<p style=\"font-weight: 400;\">\n<p style=\"font-weight: 400;\">\n<p style=\"font-weight: 400;\">\n<p style=\"font-weight: 400;\"><strong>Articulo 11.\u00a0*Derogado por el Decreto 1695 de 1960*<\/strong><\/p>\n<p style=\"font-weight: 400;\">\n<p style=\"font-weight: 400;\"><strong>*Nota de Vigencia*<\/strong><\/p>\n<p style=\"font-weight: 400;\">\n<table width=\"100%\">\n<tbody>\n<tr>\n<td>Art\u00edculo derogado por el art\u00edculo 15 del Decreto 1695 de 1960, publicado en el Diario Oficial No 30.303, de 12 de agosto de 1960.<\/td>\n<\/tr>\n<\/tbody>\n<\/table>\n<p style=\"font-weight: 400;\">\n<p style=\"font-weight: 400;\"><strong>*Texto original de la Ley 90 de 1946*<\/strong><\/p>\n<p style=\"font-weight: 400;\">\n<table width=\"100%\">\n<tbody>\n<tr>\n<td>El Gerente General ser\u00e1 nombrado por el Presidente de la Rep\u00fablica para un per\u00edodo de cinco (5) a\u00f1os, de terna presentada por el Consejo Directivo y elegida por \u00e9ste con el voto de las dos terceras partes, por lo menos, de los diez (10) miembros que lo integran.<\/td>\n<\/tr>\n<\/tbody>\n<\/table>\n<p style=\"font-weight: 400;\">\n<p style=\"font-weight: 400;\">\n<p style=\"font-weight: 400;\"><strong>Articulo 12.\u00a0*Derogado por el\u00a0<\/strong><strong>Decreto 433 de 1971<\/strong><strong>*<\/strong><\/p>\n<p style=\"font-weight: 400;\">\n<p style=\"font-weight: 400;\"><strong>*Nota de Vigencia*<\/strong><\/p>\n<p style=\"font-weight: 400;\">\n<table width=\"100%\">\n<tbody>\n<tr>\n<td>Art\u00edculo derogado por el art\u00edculo 67 del\u00a0<strong>Decreto 433 de 1971<\/strong>, publicado por el Diario Oficial No.33302 de 1 de mayo de 1971<\/td>\n<\/tr>\n<\/tbody>\n<\/table>\n<p style=\"font-weight: 400;\">\n<p style=\"font-weight: 400;\"><strong>*Texto original de la Ley 90 de 1946*<\/strong><\/p>\n<p style=\"font-weight: 400;\">\n<table width=\"100%\">\n<tbody>\n<tr>\n<td>Sin perjuicio de la intervenci\u00f3n prevista en el art\u00edculo\u00a09. el seguro de enfermedad maternidad; las prestaciones inmediatas a que se refiere el art\u00edculo\u00a051, por raz\u00f3n de accidentes de trabajo y enfermedades profesionales, en todo caso, y los dem\u00e1s que el instituto acuerde, ser\u00e1n administrados en cada regi\u00f3n por una &#8220;Caja Seccional de Seguros Sociales&#8221;, dotada de personer\u00eda jur\u00eddica y autonom\u00eda financiera, la cual velar\u00e1 por la aplicaci\u00f3n de las disposiciones legales y reglamentarias de tales seguros en su respectiva zona, controlar\u00e1 y har\u00e1 efectivo el pago de las cotizaciones, liquidar\u00e1 y pagar\u00e1 las prestaciones y ejercer\u00e1 las dem\u00e1s funciones inherentes a su competencia. Respecto de los seguros cuya administraci\u00f3n directa corresponda al Instituto, las Cajas Seccionales ser\u00e1n los organismos de ejecuci\u00f3n, velar\u00e1n por la recaudaci\u00f3n de los recursos, previstos para atenderlos, y, en el l\u00edmite de los poderes que el Instituto conceda espont\u00e1neamente o a solicitud de las Cajas Seccionales, liquidar\u00e1n y pagar\u00e1n las prestaciones del caso.<\/td>\n<\/tr>\n<tr>\n<td>PAR\u00c1GRAFO.\u00a0No obstante la autonom\u00eda financiera de las Cajas Seccionales, cada una de \u00e9stas podr\u00e1 ser obligada a contribuir a un fondo de solidaridad destinado a remediar una insuficiencia eventual de los ingreso de otras Cajas. Cada Seccional dispondr\u00e1 de cuantas agencias locales sean necesarias, las cuales tendr\u00e1n poderes limitados de administraci\u00f3n y decisi\u00f3n.<\/td>\n<\/tr>\n<\/tbody>\n<\/table>\n<p style=\"font-weight: 400;\">\n<p style=\"font-weight: 400;\">\n<p style=\"font-weight: 400;\"><strong>Articulo 13.\u00a0*Derogado por el Decreto 1695 de 1960*<\/strong><\/p>\n<p style=\"font-weight: 400;\">\n<p style=\"font-weight: 400;\"><strong>*Nota de Vigencia*<\/strong><\/p>\n<p style=\"font-weight: 400;\">\n<table width=\"100%\">\n<tbody>\n<tr>\n<td>Art\u00edculo derogado por el art\u00edculo 15 del Decreto 1695 de 1960, publicado en el Diario Oficial No 30.303, de 12 de agosto de 1960.<\/td>\n<\/tr>\n<\/tbody>\n<\/table>\n<p style=\"font-weight: 400;\">\n<p style=\"font-weight: 400;\"><strong>*Texto original de la Ley 90 de 1946*<\/strong><\/p>\n<p style=\"font-weight: 400;\">\n<table width=\"100%\">\n<tbody>\n<tr>\n<td>Las Cajas Seccionales ser\u00e1n dirigidas y administradas por sendas Juntas Directivas, integradas por el respectivo Gobernador, Intendente o Comisario, o un Delegado suyo, por un Inspector Nacional de Trabajo, por dos representantes de los asegurados, por dos representantes de los patronos y por un m\u00e9dico designado por el cuerpo m\u00e9dico del Municipio, elegidos tanto \u00e9ste como aquellos, con sus suplentes personales, para per\u00edodos de dos (2) a\u00f1os. El Gerente de cada una de las Cajas Seccionales ser\u00e1 elegido por el Gerente General del Instituto, para per\u00edodos de tres (3) a\u00f1os, de terna presentada por la correspondiente Junta Directiva, formada dicha terna por el voto de las dos terceras partes de los miembros que integran la Junta Directiva.<\/td>\n<\/tr>\n<\/tbody>\n<\/table>\n<p style=\"font-weight: 400;\">\n<p style=\"font-weight: 400;\">\n<p style=\"font-weight: 400;\"><strong>Articulo 14.\u00a0*Derogado por el Decreto 1695 de 1960*<\/strong><\/p>\n<p style=\"font-weight: 400;\">\n<p style=\"font-weight: 400;\"><strong>*Nota de Vigencia*<\/strong><\/p>\n<p style=\"font-weight: 400;\">\n<table width=\"100%\">\n<tbody>\n<tr>\n<td>Art\u00edculo derogado por el art\u00edculo 15 del Decreto 1695 de 1960, publicado en el Diario Oficial No 30.303, de 12 de agosto de 1960.<\/td>\n<\/tr>\n<\/tbody>\n<\/table>\n<p style=\"font-weight: 400;\">\n<p style=\"font-weight: 400;\"><strong>*Texto original de la Ley 90 de 1946*<\/strong><\/p>\n<p style=\"font-weight: 400;\">\n<table width=\"100%\">\n<tbody>\n<tr>\n<td>Los representantes de los asegurados y de los patronos en el consejo Directivo del Instituto y en las Juntas Directivas de las Cajas, as\u00ed como el Gerente General de aquel y los Gerentes de \u00e9stas, podr\u00e1n ser reelegidos indefinidamente, y s\u00f3lo ser\u00e1n destituidos durante su mandato por las causas taxativas y mediante el procedimiento que los estatutos determinen.<\/td>\n<\/tr>\n<\/tbody>\n<\/table>\n<p style=\"font-weight: 400;\">\n<p style=\"font-weight: 400;\">\n<p style=\"font-weight: 400;\"><strong>Articulo 15.\u00a0<\/strong>Adscr\u00edbase a la Superintendencia Bancaria la supervigilancia del Instituto y de las Cajas Seccionales, por los aspectos contable y financiero, con la obligaci\u00f3n rendir al Gobierno los informes del caso.<\/p>\n<p style=\"font-weight: 400;\">\n<p style=\"font-weight: 400;\">\n<p style=\"font-weight: 400;\">\n<p style=\"font-weight: 400;\"><b>CAPITULO III<\/b><\/p>\n<p style=\"font-weight: 400;\">Recursos<\/p>\n<p style=\"font-weight: 400;\">\n<p style=\"font-weight: 400;\">\n<p style=\"font-weight: 400;\"><strong>Articulo 16.\u00a0*Modificado por el Decreto 3850 de 1949, nuevo texto:*\u00a0<\/strong>Los recursos necesarios para cubrir las prestaciones en especie y en dinero, correspondientes a los seguros obligatorios y los gastos generales de los mismos ser\u00e1n obtenidos, salvo en los casos expresamente exceptuados, por el sistema de triple contribuci\u00f3n forzosa de los asegurados, de los patronos y del Estado. Cuando a este \u00faltimo le corresponda contribuir, su cuota no ser\u00e1 inferior a la mitad de la cuota del patrono. Adem\u00e1s, para las empresas cuyo capital no exceda de treinta mil pesos ($ 30.000) o de ciento veinticinco mil pesos ($ 125.000), trat\u00e1ndose de empresas agr\u00edcolas o mineras explotadoras de metales preciosos, el Estado podr\u00e1 contribuir con una parte de la respectiva cuota patronal, cuando sus circunstancias financieras lo permitan y el gobierno as\u00ed lo determine mediante decreto ejecutivo, previa consulta al Instituto Colombiano de seguros Sociales. En tal caso la contribuci\u00f3n del Estado ser\u00e1 fijada entre un diez por ciento (10%) y un cuarenta por ciento (40%) de la cuota patronal. Los aportes del Estado se financiar\u00e1n en primer t\u00e9rmino, con los productos de las rentas especiales de que trata el art\u00edculo 29, pero si no fueren suficientes, el Gobierno arbitrar\u00e1 los recursos ordinarios y extraordinarios que sean indispensables.<\/p>\n<p>Par\u00e1grafo. Cuando se trate de asegurados obligatorios, que tengan efectivamente m\u00e1s de cuatro personas a su cargo, de aquellas a las que est\u00e1 obligado a alimentar de acuerdo con las prescripciones del C\u00f3digo Civil, el Estado podr\u00e1 contribuir hasta con la mitad del aporte que le corresponda al Asegurado, lo que regular\u00e1 el Departamento Matem\u00e1tico-Actuarial, teniendo en cuenta el excedente de personas que vivan a cargo de \u00e9ste.<\/p>\n<p style=\"font-weight: 400;\">\n<p style=\"font-weight: 400;\"><strong>*Notas de Vigencia*<\/strong><\/p>\n<p style=\"font-weight: 400;\">\n<table width=\"100%\">\n<tbody>\n<tr>\n<td>Art\u00edculo modificado por el art\u00edculo 2 del Decreto 3850 de 1949, publicado en el Diario oficial No 27.191, de 16 de diciembre de 1949.<\/td>\n<\/tr>\n<tr>\n<td>Art\u00edculo modificado por el art\u00edculo 1 del Decreto 593 de 1949, publicado en el Diario Oficial No 26.975, del 24 de marzo de 1949<\/td>\n<\/tr>\n<\/tbody>\n<\/table>\n<p style=\"font-weight: 400;\">\n<p style=\"font-weight: 400;\"><strong>*CONCORDANCIAS*<\/strong><\/p>\n<p style=\"font-weight: 400;\">\n<table width=\"100%\">\n<tbody>\n<tr>\n<td>CORTE CONSTITUCIONAL, SENTENCIA C-858-06 DE 18 DE OCTUBRE DE 2006, M. P. DR. JAIME C\u00d3RDOBA TRIVI\u00d1O.<\/td>\n<\/tr>\n<\/tbody>\n<\/table>\n<p style=\"font-weight: 400;\">\n<p style=\"font-weight: 400;\"><strong>*Texto original de la Ley 90 de 1946*<\/strong><\/p>\n<p style=\"font-weight: 400;\">\n<table width=\"100%\">\n<tbody>\n<tr>\n<td>Los recursos necesarios para cubrir las prestaciones en especie y en dinero correspondientes a los seguros obligatorios y los gastos generales de los mismos, ser\u00e1n obtenidos, salvo en los casos expresamente exceptuados, por el sistema de triple contribuci\u00f3n forzosa de los asegurados, de los patronos y del Estado. Cuando a este \u00faltimo le corresponda contribuir, su cuota no ser\u00e1 inferior a la mitad de la cuota del patrono. Adem\u00e1s, para las empresas cuyo capital no exceda de treinta mil pesos ($ 30.000), o de ciento veinticinco mil ($ 125.000) trat\u00e1ndose de empresas agr\u00edcolas o mineras explotadoras de metales preciosos, el Estado contribuir\u00e1 con una parte de la respectiva cuota patronal, que el decreto reglamentario fijar\u00e1 entre un diez por ciento (10%) y un cuarenta por ciento (40%) de la misma. Los aportes del Estado se financiar\u00e1n, en primer t\u00e9rmino, con los productos de las rentas especiales de que trata el art\u00edculo\u00a029, pero si no fueren suficientes, el Gobierno arbitrar\u00e1 los recursos ordinarios y extraordinarios que sean indispensables.<\/td>\n<\/tr>\n<tr>\n<td>PAR\u00c1GRAFO.\u00a0Cuando se trate de asegurados obligatorios que tengan efectivamente m\u00e1s de cuatro personas a su cargo, de aquellas a las que est\u00e1 obligado a alimentar de acuerdo con las prescripciones del C\u00f3digo Civil, el Estado podr\u00e1 contribuir hasta con la mitad del aporte que le corresponda al asegurado, lo que regular\u00e1 el Departamento Matem\u00e1tico &#8211; Actuarial, teniendo en cuenta el excedente de personas que vivan a cargo de \u00e9ste.<\/td>\n<\/tr>\n<\/tbody>\n<\/table>\n<p style=\"font-weight: 400;\">\n<p style=\"font-weight: 400;\">\n<p style=\"font-weight: 400;\"><strong>Articulo 17.\u00a0*Derogado por el\u00a0<\/strong><strong>Decreto 433 de 1971<\/strong><strong>*<\/strong><\/p>\n<p style=\"font-weight: 400;\">\n<p style=\"font-weight: 400;\"><strong>*Nota de Vigencia*<\/strong><\/p>\n<p style=\"font-weight: 400;\">\n<table width=\"100%\">\n<tbody>\n<tr>\n<td>Art\u00edculo derogado por el art\u00edculo 67 del\u00a0<strong>Decreto 433 de 1971<\/strong>, publicado por el Diario Oficial No.33302 de 1 de mayo de 1971<\/td>\n<\/tr>\n<\/tbody>\n<\/table>\n<p style=\"font-weight: 400;\">\n<p style=\"font-weight: 400;\"><strong>*Texto original de la Ley 90 de 1946*<\/strong><\/p>\n<p style=\"font-weight: 400;\">\n<table width=\"100%\">\n<tbody>\n<tr>\n<td>La Naci\u00f3n, los Departamentos, los Municipios y los Institutos o empresas oficiales, en su caso, contribuir\u00e1n con las cotizaciones patronales a que haya lugar, cuando act\u00faen anal\u00f3gicamente como patronos, en los eventos contemplados en el art\u00edculo\u00a0<strong>3<\/strong>o.<\/td>\n<\/tr>\n<\/tbody>\n<\/table>\n<p style=\"font-weight: 400;\">\n<p style=\"font-weight: 400;\">\n<p style=\"font-weight: 400;\"><strong>Articulo 18.\u00a0*Derogado por el\u00a0<\/strong><strong>Decreto 433 de 1971<\/strong><strong>*<\/strong><\/p>\n<p style=\"font-weight: 400;\">\n<p style=\"font-weight: 400;\"><strong>*Nota de Vigencia*<\/strong><\/p>\n<p style=\"font-weight: 400;\">\n<table width=\"100%\">\n<tbody>\n<tr>\n<td>Art\u00edculo derogado por el art\u00edculo 67 del\u00a0<strong>Decreto 433 de 1971<\/strong>, publicado por el Diario Oficial No.33302 de 1 de mayo de 1971<\/td>\n<\/tr>\n<\/tbody>\n<\/table>\n<p style=\"font-weight: 400;\">\n<p style=\"font-weight: 400;\"><strong>*Texto original de la Ley 90 de 1946*<\/strong><\/p>\n<p style=\"font-weight: 400;\">\n<table width=\"100%\">\n<tbody>\n<tr>\n<td>El contratista, subcontratista o intermediario que no ejecute por s\u00ed mismo la labor contratada, ser\u00e1 responsable solidariamente con la persona en cuyo beneficio o por cuenta de la cual se desarrolle la labor, del pago de las cotizaciones patronales correspondientes a los trabajadores que le sirvan para ejecutar dicha labor, sin perjuicio del derecho que una de tales personas tenga para repetir contra la otra.<\/td>\n<\/tr>\n<\/tbody>\n<\/table>\n<p style=\"font-weight: 400;\">\n<p style=\"font-weight: 400;\">\n<p style=\"font-weight: 400;\"><strong>Articulo 19.\u00a0<\/strong>Cuanto el trabajo se realice a domicilio y no sea ocasional ni extra\u00f1o a la empresa, estar\u00e1 a cargo del patrono el pago de las correspondientes cotizaciones del seguro del trabajador y de los obreros o ayudantes que \u00e9ste contrate para la ejecuci\u00f3n de dicho trabajo y cuyos nombres y salarios deber\u00e1 declarar previamente el patrono. Si el trabajador omitiere esa declaraci\u00f3n, a \u00e9l tocar\u00e1 exclusivamente el pago de las cotizaciones patronales que correspondan al seguro de los obreros o ayudantes que contrate.<\/p>\n<p style=\"font-weight: 400;\">\n<p style=\"font-weight: 400;\">\n<p style=\"font-weight: 400;\"><strong>Articulo 20.\u00a0*Derogado por el\u00a0<\/strong><strong>Decreto 433 de 1971<\/strong><strong>*<\/strong><\/p>\n<p style=\"font-weight: 400;\">\n<p style=\"font-weight: 400;\"><strong>*Nota de Vigencia*<\/strong><\/p>\n<p style=\"font-weight: 400;\">\n<table width=\"100%\">\n<tbody>\n<tr>\n<td>Art\u00edculo derogado por el art\u00edculo 67 del\u00a0<strong>Decreto 433 de 1971<\/strong>, publicado por el Diario Oficial No.33302 de 1 de mayo de 1971<\/td>\n<\/tr>\n<\/tbody>\n<\/table>\n<p style=\"font-weight: 400;\">\n<p style=\"font-weight: 400;\"><strong>*Texto original de la Ley 90 de 1946*<\/strong><\/p>\n<p style=\"font-weight: 400;\">\n<table width=\"100%\">\n<tbody>\n<tr>\n<td>Los asegurados ser\u00e1n agrupados seg\u00fan su remuneraci\u00f3n por categor\u00edas de salarios; a cada una de \u00e9stas se le asignar\u00e1 un salario de base, que servir\u00e1 tanto para el c\u00f3mputo de las cotizaciones como para el de las prestaciones en dinero. Si la remuneraci\u00f3n excede de la cuant\u00eda que se fije como l\u00edmite para asignar el salario de base m\u00e1s alto, no se considerar\u00e1 el excedente para los efectos de las contribuciones ni de los beneficios del seguro social obligatorio.<\/td>\n<\/tr>\n<tr>\n<td>El salario de base d ellos trabajadores a destajo, a porcentaje, intermitentes o de otras modalidades especiales, as\u00ed como el que corresponde a las diversas formas de remuneraci\u00f3n en especie, ser\u00e1n objeto de estimaci\u00f3n por el Instituto.<\/td>\n<\/tr>\n<\/tbody>\n<\/table>\n<p style=\"font-weight: 400;\">\n<p style=\"font-weight: 400;\">\n<p style=\"font-weight: 400;\"><strong>Articulo 21.\u00a0*Derogado por el\u00a0<\/strong><strong>Decreto 433 de 1971<\/strong><strong>*<\/strong><\/p>\n<p style=\"font-weight: 400;\">\n<p style=\"font-weight: 400;\"><strong>*Nota de Vigencia*<\/strong><\/p>\n<p style=\"font-weight: 400;\">\n<table width=\"100%\">\n<tbody>\n<tr>\n<td>Art\u00edculo derogado por el art\u00edculo 67 del\u00a0<strong>Decreto 433 de 1971<\/strong>, publicado por el Diario Oficial No.33302 de 1 de mayo de 1971<\/td>\n<\/tr>\n<\/tbody>\n<\/table>\n<p style=\"font-weight: 400;\">\n<p style=\"font-weight: 400;\"><strong>*Texto original de la Ley 90 de 1946*<\/strong><\/p>\n<p style=\"font-weight: 400;\">\n<table width=\"100%\">\n<tbody>\n<tr>\n<td>El patrono estar\u00e1 obligado a entregar la totalidad de la cotizaci\u00f3n, es decir, tanto su propio aporte como el de sus asalariados, en su caso, a la correspondiente Caja Seccional, en el tiempo y forma que establezca el Instituto. Este determinar\u00e1 si se aplica para los recaudos el sistema de estampillas y libretas o el de planillas, o cualquiera otro.<\/td>\n<\/tr>\n<tr>\n<td>El patrono, al efectuar el pago del salario de cada asegurado, retendr\u00e1 la parte de cotizaci\u00f3n que \u00e9ste debe aportar en raz\u00f3n del per\u00edodo de trabajo cubierto por el salario y de la clase de riesgo de que se trate, y eventualmente, cualquier tasa, multa o reembolso exigibles del asegurado, de acuerdo con los reglamentos del Instituto.<\/td>\n<\/tr>\n<\/tbody>\n<\/table>\n<p style=\"font-weight: 400;\">\n<p style=\"font-weight: 400;\">\n<p style=\"font-weight: 400;\">\n<p style=\"font-weight: 400;\"><strong>Articulo 22.\u00a0<\/strong>Las cuotas de los aprendices solo ser\u00e1n de cargo exclusivo de los patronos cuando la remuneraci\u00f3n de aquellos corresponda a la primera categor\u00eda de salarios. Ser\u00e1n tambi\u00e9n de cargo exclusivo de los patronos las cuotas de los asegurados obligatorios que \u00fanicamente reciban remuneraci\u00f3n en especie.<\/p>\n<p style=\"font-weight: 400;\">\n<p style=\"font-weight: 400;\">\n<p style=\"font-weight: 400;\"><strong>Articulo 23. *Derogado por el\u00a0<\/strong><strong>Decreto 433 de 1971<\/strong><strong>*<\/strong><\/p>\n<p style=\"font-weight: 400;\">\n<p style=\"font-weight: 400;\"><strong>*Nota de Vigencia*<\/strong><\/p>\n<p style=\"font-weight: 400;\">\n<table width=\"100%\">\n<tbody>\n<tr>\n<td>Art\u00edculo derogado por el art\u00edculo 67 del\u00a0<strong>Decreto 433 de 1971<\/strong>, publicado por el Diario Oficial No.33302 de 1 de mayo de 1971<\/td>\n<\/tr>\n<\/tbody>\n<\/table>\n<p style=\"font-weight: 400;\">\n<p style=\"font-weight: 400;\"><strong>*Texto original de la Ley 90 de 1946*<\/strong><\/p>\n<p style=\"font-weight: 400;\">\n<table width=\"100%\">\n<tbody>\n<tr>\n<td>El Estado asumir\u00e1 el pago del equivalente de las cuotas patronales que habr\u00edan de corresponder al seguro obligatorio de los trabajadores independientes y la cotizaci\u00f3n \u00edntegra de los asegurados obligatorios mientras presten el servicio militar en filas. A estos fines se aplicar\u00e1, en primer t\u00e9rmino, el producto de las rentas especiales de que trata el art\u00edculo\u00a029.<\/td>\n<\/tr>\n<\/tbody>\n<\/table>\n<p style=\"font-weight: 400;\">\n<p style=\"font-weight: 400;\">\n<p style=\"font-weight: 400;\"><strong>Articulo 24.\u00a0*Derogado por el\u00a0<\/strong><strong>Decreto 433 de 1971<\/strong><strong>*<\/strong><\/p>\n<p style=\"font-weight: 400;\">\n<p style=\"font-weight: 400;\"><strong>*Nota de Vigencia*<\/strong><\/p>\n<p style=\"font-weight: 400;\">\n<table width=\"100%\">\n<tbody>\n<tr>\n<td>Art\u00edculo derogado por el art\u00edculo 67 del\u00a0<strong>Decreto 433 de 1971<\/strong>, publicado por el Diario Oficial No.33302 de 1 de mayo de 1971<\/td>\n<\/tr>\n<\/tbody>\n<\/table>\n<p style=\"font-weight: 400;\">\n<p style=\"font-weight: 400;\"><strong>*Texto original de la Ley 90 de 1946*<\/strong><\/p>\n<p style=\"font-weight: 400;\">\n<table width=\"100%\">\n<tbody>\n<tr>\n<td><strong>A los asegurados obligatorios que dejen de serlo sin tener derecho a pensi\u00f3n alguna y que no ase afilien al seguro facultativo, se les reconocer\u00e1 un plazo de validez de sus cotizaciones, no inferior a la quinta parte del per\u00edodo de su permanencia activa en el seguro obligatorio.<\/strong><\/td>\n<\/tr>\n<\/tbody>\n<\/table>\n<p style=\"font-weight: 400;\"><strong>\u00a0<\/strong><\/p>\n<p style=\"font-weight: 400;\">\n<p style=\"font-weight: 400;\"><strong>Articulo 25.\u00a0<\/strong>Los asegurados obligatorios que gocen de pensi\u00f3n de invalidez o vejez, o de pensi\u00f3n vitalicia resultante de un accidente de trabajo o de una enfermedad profesional, continuar\u00e1n sujetos al seguro obligatorio de enfermedad &#8211; maternidad, mediante el pago de cuotas calculadas sobre el monto de sus pensiones.<\/p>\n<p style=\"font-weight: 400;\">\n<p style=\"font-weight: 400;\">\n<p style=\"font-weight: 400;\"><strong>Articulo 26.\u00a0*Derogado por el\u00a0<\/strong><strong>Decreto 433 de 1971<\/strong><strong>*<\/strong><\/p>\n<p style=\"font-weight: 400;\">\n<p style=\"font-weight: 400;\"><strong>*Nota de Vigencia*<\/strong><\/p>\n<p style=\"font-weight: 400;\">\n<table width=\"100%\">\n<tbody>\n<tr>\n<td>Art\u00edculo derogado por el art\u00edculo 67 del\u00a0<strong>Decreto 433 de 1971<\/strong>, publicado por el Diario Oficial No.33302 de 1 de mayo de 1971<\/td>\n<\/tr>\n<\/tbody>\n<\/table>\n<p style=\"font-weight: 400;\">\n<p style=\"font-weight: 400;\"><strong>*Texto original de la Ley 90 de 1946*<\/strong><\/p>\n<p style=\"font-weight: 400;\">\n<table width=\"100%\">\n<tbody>\n<tr>\n<td>Las cuotas de los asegurados facultativos ser\u00e1n de cargo de \u00e9stos, exclusivamente; si dejaren de pagarlas por m\u00e1s de un (1) a\u00f1o, perder\u00e1n la calidad de asegurados. Las correspondientes a seguros adicionales se har\u00e1n efectivas en la forma dispuesta por los reglamentos que los organicen.<\/td>\n<\/tr>\n<\/tbody>\n<\/table>\n<p style=\"font-weight: 400;\">\n<p style=\"font-weight: 400;\">\n<p style=\"font-weight: 400;\"><strong>Articulo 27.\u00a0*Derogado por el\u00a0<\/strong><strong>Decreto 433 de 1971<\/strong><strong>*<\/strong><\/p>\n<p style=\"font-weight: 400;\">\n<p style=\"font-weight: 400;\"><strong>*Nota de Vigencia*<\/strong><\/p>\n<p style=\"font-weight: 400;\">\n<table width=\"100%\">\n<tbody>\n<tr>\n<td>Art\u00edculo derogado por el art\u00edculo 67 del\u00a0<strong>Decreto 433 de 1971<\/strong>, publicado por el Diario Oficial No.33302 de 1 de mayo de 1971<\/td>\n<\/tr>\n<\/tbody>\n<\/table>\n<p style=\"font-weight: 400;\">\n<p style=\"font-weight: 400;\"><strong>*Texto original de la Ley 90 de 1946*<\/strong><\/p>\n<p style=\"font-weight: 400;\">\n<table width=\"100%\">\n<tbody>\n<tr>\n<td>Quien hubiere perdido la calidad de asegurado y reingresare al seguro obligatorio, tendr\u00e1 derecho a que se le reconozcan las cotizaciones anteriores, siempre que la interrupci\u00f3n no hubiere durado m\u00e1s de tres (3) a\u00f1os ; y si hubiere durado mayor tiempo, s\u00f3lo se le reconocer\u00e1n sus derechos cuando tenga cubiertas veintis\u00e9is (26) semanas de cotizaciones posteriores al reingreso.<\/td>\n<\/tr>\n<\/tbody>\n<\/table>\n<p style=\"font-weight: 400;\">\n<p style=\"font-weight: 400;\">\n<p style=\"font-weight: 400;\"><strong>Articulo 28.\u00a0<\/strong>Los aportes, subvenciones y cotizaciones al seguro social obligatorio son inembargables y tendr\u00e1n car\u00e1cter privilegiado de primera clase.<\/p>\n<p style=\"font-weight: 400;\">\n<p style=\"font-weight: 400;\">\n<p style=\"font-weight: 400;\"><strong>Articulo 29.\u00a0*Derogado por el\u00a0<\/strong><strong>Decreto 433 de 1971<\/strong><strong>*<\/strong><\/p>\n<p style=\"font-weight: 400;\">\n<p style=\"font-weight: 400;\"><strong>*Nota de Vigencia*<\/strong><\/p>\n<p style=\"font-weight: 400;\">\n<table width=\"100%\">\n<tbody>\n<tr>\n<td>Art\u00edculo derogado por el art\u00edculo 67 del\u00a0<strong>Decreto 433 de 1971<\/strong>, publicado por el Diario Oficial No.33302 de 1 de mayo de 1971<\/td>\n<\/tr>\n<\/tbody>\n<\/table>\n<p style=\"font-weight: 400;\">\n<p style=\"font-weight: 400;\"><strong>*Texto original de la Ley 90 de 1946*<\/strong><\/p>\n<p style=\"font-weight: 400;\">\n<table width=\"100%\">\n<tbody>\n<tr>\n<td>El Estado aportar\u00e1 tambi\u00e9n a los fondos del seguro social obligatorio el producto de las siguientes rentas especiales, adem\u00e1s d ellas cotizaciones que puedan corresponderle, cuando act\u00fae anal\u00f3gicamente como patrono:<\/td>\n<\/tr>\n<tr>\n<td>a. Un auxilio inicial, no inferior a quinientos mil pesos ($ 500.000), para los gastos preliminares de organizaci\u00f3n y administraci\u00f3n, de equipos sanitarios y de primer establecimiento, as\u00ed como los auxilios especiales que lleguen a ser incluidos en las Leyes de Apropiaciones con destino al instituto, a las Cajas Seccionales o a ciertas modalidades de los seguros sociales.<\/td>\n<\/tr>\n<tr>\n<td>b. Toda partida liquidada en los presupuestos nacionales para sueldos o salarios de los asegurados que no fuere aplicada a su destinaci\u00f3n original, por cualquier motivo. Quedan prohibidos los traslados de tales partidas;<\/td>\n<\/tr>\n<tr>\n<td>c. Las sumas procedentes de las multas que se impongan con arreglo a la presente ley, as\u00ed como las que provengan de cualquiera infracci\u00f3n a la legislaci\u00f3n del trabajo.<\/td>\n<\/tr>\n<tr>\n<td>d. El producto de la venta de los bienes muebles nacionales que se liciten por deterioro, antig\u00fcedad o inutilidad para el servicio;<\/td>\n<\/tr>\n<tr>\n<td>e. El valor que corresponda al Fisco Nacional por concepto de bienes ocultos, vacantes o mostrencos, de herencias yacentes y de tesoros;<\/td>\n<\/tr>\n<tr>\n<td>f. El veinte por ciento (20%) del impuesto de sucesiones y donaciones.<\/td>\n<\/tr>\n<tr>\n<td>g. El veinte por ciento (20%) de los nuevos impuestos que se decreten en la presente Legislatura, y<\/td>\n<\/tr>\n<tr>\n<td>h. El valor de todas las multas impuestas por las Juntas de Control de Precios.<\/td>\n<\/tr>\n<\/tbody>\n<\/table>\n<p style=\"font-weight: 400;\">\n<p style=\"font-weight: 400;\">\n<p style=\"font-weight: 400;\"><strong>Articulo 30.\u00a0*Derogado por el\u00a0<\/strong><strong>Decreto 433 de 1971<\/strong><strong>*<\/strong><\/p>\n<p style=\"font-weight: 400;\">\n<p style=\"font-weight: 400;\"><strong>*Nota de Vigencia*<\/strong><\/p>\n<p style=\"font-weight: 400;\">\n<table width=\"100%\">\n<tbody>\n<tr>\n<td>Art\u00edculo derogado por el art\u00edculo 67 del\u00a0<strong>Decreto 433 de 1971<\/strong>, publicado por el Diario Oficial No.33302 de 1 de mayo de 1971<\/td>\n<\/tr>\n<\/tbody>\n<\/table>\n<p style=\"font-weight: 400;\">\n<p style=\"font-weight: 400;\"><strong>*Nota Jurisprudencial*<\/strong><\/p>\n<p style=\"font-weight: 400;\">\n<table width=\"100%\">\n<tbody>\n<tr>\n<td><b>CORTE SUPREMA DE JUSTICIA<\/b><\/td>\n<\/tr>\n<tr>\n<td>La Corte Suprema de Justicia se inhibi\u00f3 por carencia actual de objeto, mediante Sentencia No. 113 del 19 de septiembre de 1991, Magistrado Ponente Dr. Pedro Escobar Trujillo.<\/td>\n<\/tr>\n<\/tbody>\n<\/table>\n<p style=\"font-weight: 400;\">\n<p style=\"font-weight: 400;\"><strong>*Texto original de la Ley 90 de 1946*<\/strong><\/p>\n<p style=\"font-weight: 400;\">\n<table width=\"100%\">\n<tbody>\n<tr>\n<td>Son tambi\u00e9n recursos del Instituto y de las Cajas, en la proporci\u00f3n y por los medios de recaudos que se\u00f1ale el Reglamento:<\/td>\n<\/tr>\n<tr>\n<td>a. Las donaciones, herencias, legados y subvenciones que favorezcan al Instituto o a las Cajas;<\/td>\n<\/tr>\n<tr>\n<td>b. Todas las sumas que se encuentren depositadas ante las autoridades de la Rama Jurisdiccional, por concepto de las cauciones de que trata el ordinal 3o. del art\u00edculo 274 del C\u00f3digo Judicial, y que no hayan sido reclamadas por la persona a quien pertenezcan, dentro del t\u00e9rmino de un (1) a\u00f1o, contado a partir de la fecha en que pueda ser reclamada su devoluci\u00f3n;<\/td>\n<\/tr>\n<tr>\n<td>c. El valor de todos los dep\u00f3sitos bancarios, a la orden o en cuenta corriente, menores de diez pesos ($ 10), que no sean retirados despu\u00e9s de un a\u00f1o.<\/td>\n<\/tr>\n<tr>\n<td>d. El valor de todas las multas y descuentos disciplinarios que los patronos impongan o hagan efectivos a sus trabajadores asegurados, y<\/td>\n<\/tr>\n<tr>\n<td>e. El valor de las prestaciones en dinero que no hayan sido reclamadas o cobradas dentro de los t\u00e9rminos se\u00f1alados en el art\u00edculo\u00a038.<\/td>\n<\/tr>\n<\/tbody>\n<\/table>\n<p style=\"font-weight: 400;\">\n<p style=\"font-weight: 400;\">\n<p style=\"font-weight: 400;\"><strong>Articulo 31.\u00a0<\/strong>El Instituto y las Cajas gozan de las siguientes franquicias y exenciones:<\/p>\n<p style=\"font-weight: 400;\">\n<ol>\n<li style=\"font-weight: 400;\">Franquicia postal y telegr\u00e1fica en el territorio de la Rep\u00fablica;<\/li>\n<\/ol>\n<p style=\"font-weight: 400;\">\n<ol>\n<li style=\"font-weight: 400;\">Exenci\u00f3n de todo impuesto o contribuci\u00f3n de car\u00e1cter nacional, departamental o municipal, en todas las operaciones y contratos relacionados con el seguro social;<\/li>\n<\/ol>\n<p style=\"font-weight: 400;\">\n<ol>\n<li style=\"font-weight: 400;\">Exenci\u00f3n de derechos aduaneros y dem\u00e1s grav\u00e1menes fiscales para la importaci\u00f3n de mobiliarios, materiales de construcci\u00f3n, maquinarias, instrumentos de cirug\u00eda, implementos hospitalarios, drogas, papeler\u00eda, \u00fatiles de escritorio y dem\u00e1s elementos necesarios para su servicio, y<\/li>\n<\/ol>\n<p style=\"font-weight: 400;\">\n<ol>\n<li style=\"font-weight: 400;\">Exenci\u00f3n del pago de fletes en las empresas de transportes del Estado para los elementos necesarios al Instituto.<\/li>\n<\/ol>\n<p style=\"font-weight: 400;\">\n<p style=\"font-weight: 400;\">\n<p style=\"font-weight: 400;\">\n<p style=\"font-weight: 400;\"><strong>Articulo 32.\u00a0*Derogado por el\u00a0<\/strong><strong>Decreto 433 de 1971<\/strong><strong>*<\/strong><\/p>\n<p style=\"font-weight: 400;\">\n<p style=\"font-weight: 400;\"><strong>*Nota de Vigencia*<\/strong><\/p>\n<p style=\"font-weight: 400;\">\n<table width=\"100%\">\n<tbody>\n<tr>\n<td>Art\u00edculo derogado por el art\u00edculo 67 del\u00a0<strong>Decreto 433 de 1971<\/strong>, publicado por el Diario Oficial No.33302 de 1 de mayo de 1971<\/td>\n<\/tr>\n<\/tbody>\n<\/table>\n<p style=\"font-weight: 400;\">\n<p style=\"font-weight: 400;\"><strong>*Texto original de la Ley 90 de 1946*<\/strong><\/p>\n<p style=\"font-weight: 400;\">\n<table width=\"100%\">\n<tbody>\n<tr>\n<td>Corresponde al Instituto y a las Cajas la percepci\u00f3n de las cuotas que se le adeuden y la imposici\u00f3n de las multas de que tratan los art\u00edculos\u00a064,\u00a065\u00a0y siguientes de esta ley; las resoluciones correspondientes, una vez agotado el procedimiento de reclamos previsto en el art\u00edculo\u00a068, tendr\u00e1n m\u00e9rito ejecutivo ante la justicia del Trabajo.<\/td>\n<\/tr>\n<\/tbody>\n<\/table>\n<p style=\"font-weight: 400;\">\n<p style=\"font-weight: 400;\">\n<p style=\"font-weight: 400;\">\n<p style=\"font-weight: 400;\"><b>CAPITULO IV<\/b><\/p>\n<p style=\"font-weight: 400;\">Riesgos y prestaciones<\/p>\n<p style=\"font-weight: 400;\">\n<p style=\"font-weight: 400;\">\n<p style=\"font-weight: 400;\"><b>SECCI\u00d3N I<\/b><\/p>\n<p style=\"font-weight: 400;\">Prestaciones en general<\/p>\n<p style=\"font-weight: 400;\">\n<p style=\"font-weight: 400;\">\n<p style=\"font-weight: 400;\">\n<p style=\"font-weight: 400;\"><strong>Articulo 33.\u00a0*Derogado por el\u00a0<\/strong><strong>Decreto 433 de 1971<\/strong><strong>*<\/strong><\/p>\n<p style=\"font-weight: 400;\">\n<p style=\"font-weight: 400;\"><strong>*Nota de Vigencia*<\/strong><\/p>\n<p style=\"font-weight: 400;\">\n<table width=\"100%\">\n<tbody>\n<tr>\n<td>Art\u00edculo derogado por el art\u00edculo 67 del\u00a0<strong>Decreto 433 de 1971<\/strong>, publicado por el Diario Oficial No.33302 de 1 de mayo de 1971<\/td>\n<\/tr>\n<\/tbody>\n<\/table>\n<p style=\"font-weight: 400;\">\n<p style=\"font-weight: 400;\"><strong>*Texto original de la Ley 90 de 1946*<\/strong><\/p>\n<p style=\"font-weight: 400;\">\n<table width=\"100%\">\n<tbody>\n<tr>\n<td>Las prestaciones del seguro social obligatorio ser\u00e1n en especie, en dinero, o en especie y en dinero, seg\u00fan los casos. Las prestaciones en dinero tendr\u00e1n por objeto exclusivo suplir las deficiencias del salario de base del asegurado; en consecuencia, se liquidar\u00e1n en relaci\u00f3n con \u00e9ste, en la proporci\u00f3n que los reglamentos generales del Instituto indiquen para cada modalidad de seguro, y ser\u00e1n compatibles con cualesquiera otras remuneraciones, ganancias ordinarias o pensiones derivadas del trabajo, pero s\u00f3lo hasta por el monto del salario de base correspondiente.<\/td>\n<\/tr>\n<\/tbody>\n<\/table>\n<p style=\"font-weight: 400;\">\n<p style=\"font-weight: 400;\">\n<p style=\"font-weight: 400;\"><strong>Articulo 34.\u00a0<\/strong>Las pensiones y subsidios que correspondan a los asegurados y a sus beneficiarios no son embargables, sin perjuicio de las acciones que se adelanten por las personas a quienes se deban alimentos, de conformidad con el art\u00edculo 411 y concordantes del C\u00f3digo Civil.<\/p>\n<p style=\"font-weight: 400;\">\n<p style=\"font-weight: 400;\">\n<p style=\"font-weight: 400;\"><strong>Articulo 35.\u00a0<\/strong>Toda persona que goce de una prestaci\u00f3n por raz\u00f3n de enfermedad &#8211; maternidad, accidente de trabajo, invalidez o vejez, estar\u00e1 obligada a someterse a las revisiones que el Instituto juzgue necesarias y a los ex\u00e1menes y prescripciones m\u00e9dicas que le imponga, so pena de suspensi\u00f3n de sus derechos.<\/p>\n<p style=\"font-weight: 400;\">\n<p style=\"font-weight: 400;\">\n<p style=\"font-weight: 400;\"><strong>Articulo 36.\u00a0<\/strong>La acci\u00f3n para el reconocimiento de una pensi\u00f3n prescribe en cuatro (4) a\u00f1os; la acci\u00f3n para el reconocimiento de las dem\u00e1s prestaciones y el derecho a cobrar cualquier subsidio o pensi\u00f3n ya reconocidos, prescribe en un (1) a\u00f1o.<\/p>\n<p style=\"font-weight: 400;\">\n<p style=\"font-weight: 400;\">\n<p style=\"font-weight: 400;\"><strong>Articulo 37.\u00a0*Derogado por el\u00a0<\/strong><strong>Decreto 433 de 1971<\/strong><strong>*<\/strong><\/p>\n<p style=\"font-weight: 400;\">\n<p style=\"font-weight: 400;\"><strong>*Nota de Vigencia*<\/strong><\/p>\n<p style=\"font-weight: 400;\">\n<table width=\"100%\">\n<tbody>\n<tr>\n<td>Art\u00edculo derogado por el art\u00edculo 67 del\u00a0<strong>Decreto 433 de 1971<\/strong>, publicado por el Diario Oficial No.33302 de 1 de mayo de 1971<\/td>\n<\/tr>\n<\/tbody>\n<\/table>\n<p style=\"font-weight: 400;\">\n<p style=\"font-weight: 400;\"><strong>*Texto original de la Ley 90 de 1946*<\/strong><\/p>\n<p style=\"font-weight: 400;\">\n<table width=\"100%\">\n<tbody>\n<tr>\n<td>Cuando un asegurado o sus beneficiarios, adem\u00e1s de las prestaciones que esta ley concede, tengan derecho a indemnizaciones derivadas de responsabilidad civil por el mismo siniestro, el Instituto se subrogar\u00e1 en los derechos de aquel o aquellos hasta por el monto de las prestaciones que esta ley otorga.<\/td>\n<\/tr>\n<\/tbody>\n<\/table>\n<p style=\"font-weight: 400;\">\n<p style=\"font-weight: 400;\">\n<p style=\"font-weight: 400;\">\n<p style=\"font-weight: 400;\"><b>SECCI\u00d3N II<\/b><\/p>\n<p style=\"font-weight: 400;\">Enfermedad &#8211; Maternidad<\/p>\n<p style=\"font-weight: 400;\">\n<p style=\"font-weight: 400;\">\n<p style=\"font-weight: 400;\"><strong>Articulo 38.\u00a0*Derogado por el\u00a0<\/strong><strong>Decreto 433 de 1971<\/strong><strong>*<\/strong><\/p>\n<p style=\"font-weight: 400;\">\n<p style=\"font-weight: 400;\"><strong>*Nota de Vigencia*<\/strong><\/p>\n<p style=\"font-weight: 400;\">\n<table width=\"100%\">\n<tbody>\n<tr>\n<td>Art\u00edculo derogado por el art\u00edculo 67 del\u00a0<strong>Decreto 433 de 1971<\/strong>, publicado por el Diario Oficial No.33302 de 1 de mayo de 1971<\/td>\n<\/tr>\n<\/tbody>\n<\/table>\n<p style=\"font-weight: 400;\">\n<p style=\"font-weight: 400;\"><strong>*Texto original de la Ley 90 de 1946*<\/strong><\/p>\n<p style=\"font-weight: 400;\">\n<table width=\"100%\">\n<tbody>\n<tr>\n<td>En caso de enfermedad no profesional, se otorgar\u00e1n las siguientes prestaciones:<\/td>\n<\/tr>\n<tr>\n<td>a. El asegurado tendr\u00e1 derecho a la necesaria asistencia m\u00e9dica, quir\u00fargica y farmac\u00e9utica hasta por veintis\u00e9is (26) semanas y desde el primer d\u00eda de enfermedad.<\/td>\n<\/tr>\n<tr>\n<td>b. A un subsidio diario, cuando la enfermedad produzca incapacidad para el trabajo y consecuencial suspensi\u00f3n del salario, hasta por ciento ochenta (180) d\u00edas de incapacidad comprobada, as\u00ed: las dos terceras partes del salario durante los primeros noventa (90) d\u00edas, y la mitad del salario por el tiempo restante, a partir del cuarto d\u00eda de enfermedad. Si \u00e9sta se prolongare por m\u00e1s de seis (6) d\u00edas, tendr\u00e1 el asegurado derecho a percibir los subsidios correspondientes desde el primer d\u00eda de la enfermedad;<\/td>\n<\/tr>\n<tr>\n<td>c. Si se ordenare la hospitalizaci\u00f3n del asegurado, se suspender\u00e1 el pago del respectivo subsidio, a menos que tuviere miembros de familia que dependan exclusivamente de \u00e9l para su subsistencia, los cuales tendr\u00e1n derecho, entre todos, a percibir una cuota del subsidio a que se refiere el aparte anterior, no inferior a la mitad del mismo;<\/td>\n<\/tr>\n<tr>\n<td>d. El asegurado estar\u00e1 sujeto a examen m\u00e9dico, para la investigaci\u00f3n y prevenci\u00f3n de las enfermedades, y<\/td>\n<\/tr>\n<tr>\n<td>e. si los m\u00e9dicos del Instituto prescribieren un per\u00edodo de reposo preventivo, parcial o total o de convalecencia , el Instituto podr\u00e1 concederlo al asegurado, cuando lo estimare conveniente, en los t\u00e9rminos acordados para los casos de incapacidad declarada para el trabajo. Igualmente, podr\u00e1 el Instituto otorgar al asegurado tratamiento odontol\u00f3gico.<\/td>\n<\/tr>\n<\/tbody>\n<\/table>\n<p style=\"font-weight: 400;\">\n<p style=\"font-weight: 400;\">\n<p style=\"font-weight: 400;\"><strong>Articulo 39.\u00a0<\/strong>En caso de maternidad, el seguro de enfermedad &#8211; maternidad otorgar\u00e1 las siguientes prestaciones:<\/p>\n<p style=\"font-weight: 400;\">\n<ol>\n<li style=\"font-weight: 400;\">La asegurada tendr\u00e1 derecho a la indispensable asistencia obst\u00e9trica y a un subsidio diario equivalente a su salario de base, durante las cuatro (4) semanas que preceden al parto y las cuatro (4) que le sigan a condici\u00f3n de que no efect\u00fae ning\u00fan trabajo remunerado durante este per\u00edodo.<\/li>\n<\/ol>\n<p style=\"font-weight: 400;\">\n<ol>\n<li style=\"font-weight: 400;\">Si en el curso del embarazo de la asegurada se presentare un aborto, o un parto prematuro no viable, el subsidio de que habla el aparte a) se reducir\u00e1 al necesario periodo de quietud posterior al aborto o parto prematuro, sin pasar de cuatro (4) semanas,<\/li>\n<\/ol>\n<p style=\"font-weight: 400;\">\n<ol>\n<li style=\"font-weight: 400;\">El var\u00f3n asegurado tendr\u00e1 derecho a que se preste a su mujer la indispensable asistencia obst\u00e9trica, y<\/li>\n<\/ol>\n<p style=\"font-weight: 400;\">\n<ol>\n<li style=\"font-weight: 400;\"><strong>*Derogado por el<\/strong><strong>Decreto 433 de 1971<\/strong><strong>*<\/strong><\/li>\n<\/ol>\n<p style=\"font-weight: 400;\">\n<p style=\"font-weight: 400;\"><strong>*Nota de Vigencia*<\/strong><\/p>\n<p style=\"font-weight: 400;\">\n<table width=\"100%\">\n<tbody>\n<tr>\n<td>Literal derogado por el art\u00edculo 67 del\u00a0<strong>Decreto 433 de 1971<\/strong>, publicado por el Diario Oficial No.33302 de 1 de mayo de 1971<\/td>\n<\/tr>\n<\/tbody>\n<\/table>\n<p style=\"font-weight: 400;\">\n<p style=\"font-weight: 400;\"><strong>*Texto original de la Ley 90 de 1946*<\/strong><\/p>\n<p style=\"font-weight: 400;\">\n<table width=\"100%\">\n<tbody>\n<tr>\n<td>El hijo del asegurado tendr\u00e1 derecho a un auxilio de lactancia, en especie o en dinero, hasta por seis (6) meses, en caso de que la madre est\u00e9 imposibilitada para alimentarlo debidamente.<\/td>\n<\/tr>\n<\/tbody>\n<\/table>\n<p style=\"font-weight: 400;\">\n<p style=\"font-weight: 400;\">Par\u00e1grafo.\u00a0Para los efectos de este seguro, la mujer y el hijo leg\u00edtimos excluyen a los dem\u00e1s.<\/p>\n<p style=\"font-weight: 400;\">\n<p style=\"font-weight: 400;\">\n<p style=\"font-weight: 400;\"><strong>Articulo 40.\u00a0*Derogado por el\u00a0<\/strong><strong>Decreto 433 de 1971<\/strong><strong>*<\/strong><\/p>\n<p style=\"font-weight: 400;\">\n<p style=\"font-weight: 400;\"><strong>*Nota de Vigencia*<\/strong><\/p>\n<p style=\"font-weight: 400;\">\n<table width=\"100%\">\n<tbody>\n<tr>\n<td>Art\u00edculo derogado por el art\u00edculo 67 del\u00a0<strong>Decreto 433 de 1971<\/strong>, publicado por el Diario Oficial No.33302 de 1 de mayo de 1971<\/td>\n<\/tr>\n<\/tbody>\n<\/table>\n<p style=\"font-weight: 400;\">\n<p style=\"font-weight: 400;\"><strong>*Texto original de la Ley 90 de 1946*<\/strong><\/p>\n<p style=\"font-weight: 400;\">\n<table width=\"100%\">\n<tbody>\n<tr>\n<td>El Instituto de Seguros Sociales tendr\u00e1 una Secci\u00f3n de Medicina Preventiva, destinada a desarrollar todo lo pertinente a la educaci\u00f3n sanitaria, profilaxis de las enfermedades y examen m\u00e9dico &#8211; peri\u00f3dico entre los asegurados.<\/td>\n<\/tr>\n<\/tbody>\n<\/table>\n<p style=\"font-weight: 400;\">\n<p style=\"font-weight: 400;\">\n<p style=\"font-weight: 400;\"><strong>Articulo 41.\u00a0*Derogado por el\u00a0<\/strong><strong>Decreto 433 de 1971<\/strong><strong>*<\/strong><\/p>\n<p style=\"font-weight: 400;\">\n<p style=\"font-weight: 400;\"><strong>*Nota de Vigencia*<\/strong><\/p>\n<p style=\"font-weight: 400;\">\n<table width=\"100%\">\n<tbody>\n<tr>\n<td>Art\u00edculo derogado por el art\u00edculo 67 del\u00a0<strong>Decreto 433 de 1971<\/strong>, publicado por el Diario Oficial No.33302 de 1 de mayo de 1971<\/td>\n<\/tr>\n<\/tbody>\n<\/table>\n<p style=\"font-weight: 400;\">\n<p style=\"font-weight: 400;\"><strong>*Texto original de la Ley 90 de 1946*<\/strong><\/p>\n<p style=\"font-weight: 400;\">\n<table width=\"100%\">\n<tbody>\n<tr>\n<td>La cuota del patrono y la del asegurado, en las cotizaciones del seguro de enfermedad &#8211; maternidad, ser\u00e1n iguales. La del Estado se regular\u00e1 de acuerdo con la norma del art\u00edculo\u00a016.<\/td>\n<\/tr>\n<\/tbody>\n<\/table>\n<p style=\"font-weight: 400;\">\n<p style=\"font-weight: 400;\">\n<p style=\"font-weight: 400;\"><strong>Articulo 42.\u00a0*Derogado por el\u00a0<\/strong><strong>Decreto 433 de 1971<\/strong><strong>*<\/strong><\/p>\n<p style=\"font-weight: 400;\">\n<p style=\"font-weight: 400;\"><strong>*Nota de Vigencia*<\/strong><\/p>\n<p style=\"font-weight: 400;\">\n<table width=\"100%\">\n<tbody>\n<tr>\n<td>Art\u00edculo derogado por el art\u00edculo 67 del\u00a0<strong>Decreto 433 de 1971<\/strong>, publicado por el Diario Oficial No.33302 de 1 de mayo de 1971<\/td>\n<\/tr>\n<\/tbody>\n<\/table>\n<p style=\"font-weight: 400;\">\n<p style=\"font-weight: 400;\"><strong>*Texto original de la Ley 90 de 1946*<\/strong><\/p>\n<p style=\"font-weight: 400;\">\n<table width=\"100%\">\n<tbody>\n<tr>\n<td>El Instituto podr\u00e1 crear servicios adicionales tendientes a que los asegurados puedan escoger para el tratamiento de sus enfermedades a uno cualquiera de los m\u00e9dicos o cirujanos inscritos en las Cajas. El pago de las cuotas que motiven dichos servicios correr\u00e1 a cargo de los asegurados en la forma y cuant\u00eda que determinen los c\u00e1lculos actuariales.<\/td>\n<\/tr>\n<tr>\n<td>Es entendido que los m\u00e9dicos estar\u00e1n sujetos a las tarifas que establezcan las Cajas y que la prestaci\u00f3n especial s\u00f3lo tendr\u00e1 lugar cuando el asegurado haya pagado las cotizaciones previas.<\/td>\n<\/tr>\n<\/tbody>\n<\/table>\n<p style=\"font-weight: 400;\">\n<p style=\"font-weight: 400;\">\n<p style=\"font-weight: 400;\"><strong>Articulo 43.\u00a0*Derogado por el\u00a0<\/strong><strong>Decreto 433 de 1971<\/strong><strong>*<\/strong><\/p>\n<p style=\"font-weight: 400;\">\n<p style=\"font-weight: 400;\"><strong>*Nota de Vigencia*<\/strong><\/p>\n<p style=\"font-weight: 400;\">\n<table width=\"100%\">\n<tbody>\n<tr>\n<td>Art\u00edculo derogado por el art\u00edculo 67 del\u00a0<strong>Decreto 433 de 1971<\/strong>, publicado por el Diario Oficial No.33302 de 1 de mayo de 1971<\/td>\n<\/tr>\n<\/tbody>\n<\/table>\n<p style=\"font-weight: 400;\">\n<p style=\"font-weight: 400;\"><strong>*Texto original de la Ley 90 de 1946*<\/strong><\/p>\n<p style=\"font-weight: 400;\">\n<table width=\"100%\">\n<tbody>\n<tr>\n<td>Mientras dure la incapacidad por enfermedad o maternidad, siempre que no exceda de seis (6) meses, no se causar\u00e1n las cotizaciones del asegurado, del patrono y del Estado; pero tal tiempo se computar\u00e1 como per\u00edodo de cotizaci\u00f3n, por una sola vez, para los riesgos de invalidez, vejez y muerte.<\/td>\n<\/tr>\n<\/tbody>\n<\/table>\n<p style=\"font-weight: 400;\">\n<p style=\"font-weight: 400;\">\n<p style=\"font-weight: 400;\"><strong>Articulo 44.\u00a0*Derogado por el\u00a0<\/strong><strong>Decreto 433 de 1971<\/strong><strong>*<\/strong><\/p>\n<p style=\"font-weight: 400;\">\n<p style=\"font-weight: 400;\"><strong>*Nota de Vigencia*<\/strong><\/p>\n<p style=\"font-weight: 400;\">\n<table width=\"100%\">\n<tbody>\n<tr>\n<td>Art\u00edculo derogado por el art\u00edculo 67 del\u00a0<strong>Decreto 433 de 1971<\/strong>, publicado por el Diario Oficial No.33302 de 1 de mayo de 1971<\/td>\n<\/tr>\n<\/tbody>\n<\/table>\n<p style=\"font-weight: 400;\">\n<p style=\"font-weight: 400;\"><strong>*Texto original de la Ley 90 de 1946*<\/strong><\/p>\n<p style=\"font-weight: 400;\">\n<table width=\"100%\">\n<tbody>\n<tr>\n<td>En caso de enfermedad que requiera la intervenci\u00f3n de especialistas o tratamientos que no pueda suministrar el Instituto, podr\u00e1 el asegurado solicitar los servicios del m\u00e9dico o cirujano que escoja entre los inscritos para el efecto en las Cajas y dentro de las tarifas que \u00e9stas determinen. De esta facultad solamente podr\u00e1 hacer uso el asegurado que tenga pagado el correspondiente n\u00famero de cotizaciones previas.<\/td>\n<\/tr>\n<tr>\n<td>PAR\u00c1GRAFO.\u00a0En la fijaci\u00f3n de las tarifas de que trata este art\u00edculo, necesariamente ser\u00e1 o\u00eddo el m\u00e9dico que haga parte de la Junta Directiva de la respectiva Caja.<\/td>\n<\/tr>\n<\/tbody>\n<\/table>\n<p style=\"font-weight: 400;\">\n<p style=\"font-weight: 400;\">\n<p style=\"font-weight: 400;\">\n<p style=\"font-weight: 400;\"><b>SECCI\u00d3N III<\/b><\/p>\n<p style=\"font-weight: 400;\">Invalidez y vejez<\/p>\n<p style=\"font-weight: 400;\">\n<p style=\"font-weight: 400;\">\n<p style=\"font-weight: 400;\"><strong>Aart\u00edculo 45.\u00a0*Derogado por el\u00a0<\/strong><strong>Decreto 433 de 1971<\/strong><strong>*<\/strong><\/p>\n<p style=\"font-weight: 400;\">\n<p style=\"font-weight: 400;\"><strong>*Nota de Vigencia*<\/strong><\/p>\n<p style=\"font-weight: 400;\">\n<table width=\"100%\">\n<tbody>\n<tr>\n<td>Art\u00edculo derogado por el art\u00edculo 67 del\u00a0<strong>Decreto 433 de 1971<\/strong>, publicado por el Diario Oficial No.33302 de 1 de mayo de 1971<\/td>\n<\/tr>\n<\/tbody>\n<\/table>\n<p style=\"font-weight: 400;\">\n<p style=\"font-weight: 400;\"><strong>*Texto original de la Ley 90 de 1946*<\/strong><\/p>\n<p style=\"font-weight: 400;\">\n<table width=\"100%\">\n<tbody>\n<tr>\n<td>En caso de invalidez, el asegurado que haya pagado las cotizaciones previas que el Instituto determine, tendr\u00e1 derecho, mientras dure aquella, a una pensi\u00f3n mensual no inferior a quince pesos ($ 15). Para los efectos del seguro de invalidez, se reputar\u00e1 inv\u00e1lido al asegurado que por enfermedad no profesional o por lesi\u00f3n distinta de accidente de trabajo y no provocada intencionalmente, haya perdido la capacidad para procurarse, mediante un trabajo proporcionado a sus fuerzas, a su formaci\u00f3n profesional y a su ocupaci\u00f3n anterior, una remuneraci\u00f3n equivalente a un tercio, por lo menos, de la remuneraci\u00f3n habitual que en la misma regi\u00f3n recibe un trabajador sano, de fuerzas, formaci\u00f3n y ocupaci\u00f3n an\u00e1logas.<\/td>\n<\/tr>\n<\/tbody>\n<\/table>\n<p style=\"font-weight: 400;\">\n<p style=\"font-weight: 400;\">\n<p style=\"font-weight: 400;\"><strong>Art\u00edculo 46.\u00a0<\/strong>La pensi\u00f3n de invalidez se cancelar\u00e1 en cualquier tiempo en que se demuestre haber desaparecido la causa que la produjo.<\/p>\n<p style=\"font-weight: 400;\">\n<p style=\"font-weight: 400;\">\n<p style=\"font-weight: 400;\"><strong>Art\u00edculo 47.\u00a0*Derogado por el\u00a0<\/strong><strong>Decreto 433 de 1971<\/strong><strong>*<\/strong><\/p>\n<p style=\"font-weight: 400;\">\n<p style=\"font-weight: 400;\"><strong>*Nota de Vigencia*<\/strong><\/p>\n<p style=\"font-weight: 400;\">\n<table width=\"100%\">\n<tbody>\n<tr>\n<td>Art\u00edculo derogado por el art\u00edculo 67 del\u00a0<strong>Decreto 433 de 1971<\/strong>, publicado por el Diario Oficial No.33302 de 1 de mayo de 1971<\/td>\n<\/tr>\n<\/tbody>\n<\/table>\n<p style=\"font-weight: 400;\">\n<p style=\"font-weight: 400;\"><strong>*Texto original de la Ley 90 de 1946*<\/strong><\/p>\n<p style=\"font-weight: 400;\">\n<table width=\"100%\">\n<tbody>\n<tr>\n<td>El asegurado tendr\u00e1 derecho a una pensi\u00f3n mensual vitalicia de vejez, no inferior a quince pesos ($ 15), sin necesidad de demostrar invalidez, cuando re\u00fana los requisitos de edad y cotizaciones previas que el Instituto determine.<\/td>\n<\/tr>\n<\/tbody>\n<\/table>\n<p style=\"font-weight: 400;\">\n<p style=\"font-weight: 400;\">\n<p style=\"font-weight: 400;\"><strong>Art\u00edculo 48.\u00a0<\/strong>Las pensiones de invalidez y de vejez se compondr\u00e1n de una cuant\u00eda b\u00e1sica y de aumentos proporcionales al n\u00famero y al monto de las cotizaciones aportadas por encima del l\u00edmite fijado como requisito para que el derecho se cause.<\/p>\n<p style=\"font-weight: 400;\">\n<p style=\"font-weight: 400;\">Cuando la invalidez o la vejez sobrevinieren antes que el asegurado llegue a este l\u00edmite, el Instituto podr\u00e1 acordar pensiones reducidas cuyo monto determinar\u00e1 libremente.<\/p>\n<p style=\"font-weight: 400;\">\n<p style=\"font-weight: 400;\">\n<p style=\"font-weight: 400;\"><strong>Art\u00edculo 49.\u00a0*Derogado por el\u00a0<\/strong><strong>Decreto 433 de 1971<\/strong><strong>*<\/strong><\/p>\n<p style=\"font-weight: 400;\">\n<p style=\"font-weight: 400;\"><strong>*Nota de Vigencia*<\/strong><\/p>\n<p style=\"font-weight: 400;\">\n<table width=\"100%\">\n<tbody>\n<tr>\n<td>Art\u00edculo derogado por el art\u00edculo 67 del\u00a0<strong>Decreto 433 de 1971<\/strong>, publicado por el Diario Oficial No.33302 de 1 de mayo de 1971<\/td>\n<\/tr>\n<\/tbody>\n<\/table>\n<p style=\"font-weight: 400;\">\n<p style=\"font-weight: 400;\"><strong>*Texto original de la Ley 90 de 1946*<\/strong><\/p>\n<p style=\"font-weight: 400;\">\n<table width=\"100%\">\n<tbody>\n<tr>\n<td>Las pensiones de invalidez y vejez no son acumulables. Su monto se incrementar\u00e1 si el asegurado tiene c\u00f3nyuge no pensionado, mayor de sesenta (60) a\u00f1os o inv\u00e1lido, o hijos menores de catorce (14) o inv\u00e1lidos. El pensionado que contin\u00fae trabajando quedar\u00e1 exonerado de toda contribuci\u00f3n al seguro obligatorio, sin perjuicio de lo dispuesto en el art\u00edculo\u00a025, y seguir\u00e1 amparado en todo caso contra riesgo de muerte, sin necesidad de cotizaci\u00f3n alguna del trabajador, el Estado y el patrono.<\/td>\n<\/tr>\n<\/tbody>\n<\/table>\n<p style=\"font-weight: 400;\">\n<p style=\"font-weight: 400;\">\n<p style=\"font-weight: 400;\"><strong>Art\u00edculo 50.\u00a0*Derogado por el\u00a0<\/strong><strong>Decreto 433 de 1971<\/strong><strong>*<\/strong><\/p>\n<p style=\"font-weight: 400;\">\n<p style=\"font-weight: 400;\"><strong>*Nota de Vigencia*<\/strong><\/p>\n<p style=\"font-weight: 400;\">\n<table width=\"100%\">\n<tbody>\n<tr>\n<td>Art\u00edculo derogado por el art\u00edculo 67 del\u00a0<strong>Decreto 433 de 1971<\/strong>, publicado por el Diario Oficial No.33302 de 1 de mayo de 1971<\/td>\n<\/tr>\n<\/tbody>\n<\/table>\n<p style=\"font-weight: 400;\">\n<p style=\"font-weight: 400;\"><strong>*Texto original de la Ley 90 de 1946*<\/strong><\/p>\n<p style=\"font-weight: 400;\">\n<table width=\"100%\">\n<tbody>\n<tr>\n<td>La cuota del patrono y la del asegurado en las cotizaciones del seguro de invalidez &#8211; vejez, ser\u00e1n iguales. La del Estado se regir\u00e1 por la norma del art\u00edculo\u00a016\u00a0El Instituto proporcionar\u00e1 servicios preventivos y curativos a los asegurados con el fin de evitar o corregir un estado de invalidez y procurar\u00e1 la recuperaci\u00f3n o reeducaci\u00f3n de los inv\u00e1lidos pensionados.<\/td>\n<\/tr>\n<\/tbody>\n<\/table>\n<p style=\"font-weight: 400;\">\n<p style=\"font-weight: 400;\">\n<p style=\"font-weight: 400;\"><b>SECCI\u00d3N IV<\/b><\/p>\n<p style=\"font-weight: 400;\">Accidentes y enfermedades profesionales<\/p>\n<p style=\"font-weight: 400;\">\n<p style=\"font-weight: 400;\">\n<p style=\"font-weight: 400;\"><strong>Articulo 51.\u00a0*Derogado por el\u00a0<\/strong><strong>Decreto 433 de 1971<\/strong><strong>*<\/strong><\/p>\n<p style=\"font-weight: 400;\">\n<p style=\"font-weight: 400;\"><strong>*Nota de Vigencia*<\/strong><\/p>\n<p style=\"font-weight: 400;\">\n<table width=\"100%\">\n<tbody>\n<tr>\n<td>Art\u00edculo derogado por el art\u00edculo 67 del\u00a0<strong>Decreto 433 de 1971<\/strong>, publicado por el Diario Oficial No.33302 de 1 de mayo de 1971<\/td>\n<\/tr>\n<\/tbody>\n<\/table>\n<p style=\"font-weight: 400;\">\n<p style=\"font-weight: 400;\"><strong>*Texto original de la Ley 90 de 1946*<\/strong><\/p>\n<p style=\"font-weight: 400;\">\n<table width=\"100%\">\n<tbody>\n<tr>\n<td>El asegurado que sufra un accidente de trabajo o adquiera una enfermedad profesional, tendr\u00e1 derecho:<\/td>\n<\/tr>\n<tr>\n<td>a. En todos los casos, a la necesaria asistencia m\u00e9dica y quir\u00fargica, as\u00ed como tambi\u00e9n al suministro de los medicamentos, aparatos de pr\u00f3tesis y ortopedia y otros medios terap\u00e9uticos que requiera su estado; y<\/td>\n<\/tr>\n<tr>\n<td>b. En caso de incapacidad temporal para el trabajo, a un subsidio diario equivalente a los dos tercios del salario, hasta por ciento ochenta (180) d\u00edas.<\/td>\n<\/tr>\n<tr>\n<td>Tales prestaciones ser\u00e1n atendidas por el seguro de enfermedad &#8211; maternidad, por cuenta del seguro de accidentes y a reserva del reembolso de este \u00faltimo.<\/td>\n<\/tr>\n<\/tbody>\n<\/table>\n<p style=\"font-weight: 400;\">\n<p style=\"font-weight: 400;\">\n<p style=\"font-weight: 400;\"><strong>Articulo 52.\u00a0<\/strong>Si a la expiraci\u00f3n del per\u00edodo determinado conforme al art\u00edculo anterior, el asegurado permanece con una incapacidad inferior al l\u00edmite que los reglamentos del Instituto se\u00f1alen, l\u00edmite que no podr\u00e1 ser menor de cinco por ciento (5%), tendr\u00e1 derecho a una indemnizaci\u00f3n variable seg\u00fan el grado de su incapacidad y fijada de acuerdo con el salario de base y la tabla de valuaciones respectiva. Si antes de la expiraci\u00f3n de ese periodo se comprueba que la incapacidad es de car\u00e1cter permanente, la indemnizaci\u00f3n diaria dejar\u00e1 de pagarse, y el asegurado que permanezca con una incapacidad superior al referido l\u00edmite, tendr\u00e1 derecho a la indemnizaci\u00f3n prevista en esta Secci\u00f3n.<\/p>\n<p style=\"font-weight: 400;\">\n<p style=\"font-weight: 400;\">\n<p style=\"font-weight: 400;\"><strong>Articulo 53.\u00a0<\/strong>Si la incapacidad permanente es total, el asegurado tendr\u00e1 derecho a una renta vitalicia, mensual, en proporci\u00f3n a su salario de base y que no ser\u00e1 inferior, en ning\u00fan caso, a la correspondiente renta del seguro de invalidez.<\/p>\n<p style=\"font-weight: 400;\">\n<p style=\"font-weight: 400;\">Es inv\u00e1lido que no pueda moverse, conducirse o efectuar los actos principales de la existencia sin la ayuda constante de otra persona, tendr\u00e1 derecho a una indemnizaci\u00f3n adicional.<\/p>\n<p style=\"font-weight: 400;\">\n<p style=\"font-weight: 400;\">En caso de incapacidad parcial que exceda del porcentaje fijado por los reglamentos, la renta ser\u00e1 equivalente a las dos terceras partes de la cantidad en que haya quedado reducido el salario de base, a causa de la incapacidad de ganancia provocada por el riesgo sufrido.<\/p>\n<p style=\"font-weight: 400;\">\n<p style=\"font-weight: 400;\">Si la incapacidad parcial est\u00e1 comprendida entre el m\u00ednimo de incapacidad que los reglamentos se\u00f1alen y el porcentaje a que se refiere el inciso anterior, la indemnizaci\u00f3n consistir\u00e1 en el pago de un capital equivalente a tres veces la anualidad de la renta eventual.<\/p>\n<p style=\"font-weight: 400;\">\n<p style=\"font-weight: 400;\">\n<p style=\"font-weight: 400;\"><strong>Articulo 54.\u00a0*Derogado por el\u00a0<\/strong><strong>Decreto 433 de 1971<\/strong><strong>*<\/strong><\/p>\n<p style=\"font-weight: 400;\">\n<p style=\"font-weight: 400;\"><strong>*Nota de Vigencia*<\/strong><\/p>\n<p style=\"font-weight: 400;\">\n<table width=\"100%\">\n<tbody>\n<tr>\n<td>Art\u00edculo derogado por el art\u00edculo 67 del\u00a0<strong>Decreto 433 de 1971<\/strong>, publicado por el Diario Oficial No.33302 de 1 de mayo de 1971<\/td>\n<\/tr>\n<\/tbody>\n<\/table>\n<p style=\"font-weight: 400;\">\n<p style=\"font-weight: 400;\"><strong>*Texto original de la Ley 90 de 1946*<\/strong><\/p>\n<p style=\"font-weight: 400;\">\n<table width=\"100%\">\n<tbody>\n<tr>\n<td>En caso de muerte producida por accidente o enfermedad profesional, la viuda siempre, y el viudo s\u00f3lo cuando est\u00e9 inv\u00e1lido, y los hijos menores de catorce (14) a\u00f1os o inv\u00e1lidos a cargo del asegurado, tendr\u00e1n derecho a una pensi\u00f3n fijada as\u00ed:<\/td>\n<\/tr>\n<tr>\n<td>Viuda no inv\u00e1lida, 25% del salario de base.<\/td>\n<\/tr>\n<tr>\n<td>Viudo o viuda inv\u00e1lidos, 30% del salario de base.<\/td>\n<\/tr>\n<tr>\n<td>Hu\u00e9rfanos de padre o madre, 15% del salario de base.<\/td>\n<\/tr>\n<tr>\n<td>Hu\u00e9rfanos de padre y madre, 25% del salario de base.<\/td>\n<\/tr>\n<tr>\n<td>El fallecimiento del asegurado dar\u00e1 derecho, en todo caso, a un auxilio que recibir\u00e1 quien haya costeado los gastos del entierro.<\/td>\n<\/tr>\n<tr>\n<td>Par\u00e1grafo 1.\u00a0El total de las pensiones de los beneficiarios indicados no podr\u00e1 exceder de la que habr\u00eda correspondido al asegurado en caso de incapacidad permanente total; si excediere, se reducir\u00e1n proporcionalmente todas las pensiones.<\/td>\n<\/tr>\n<tr>\n<td>Par\u00e1grafo 2.\u00a0En caso de que el m\u00e1ximo de la pensi\u00f3n de incapacidad permanente total atribuible al difunto no hubiere sido otorgado a los beneficiarios indicados en este art\u00edculo, los ascendientes que depend\u00edan exclusivamente del asegurado tendr\u00e1n derecho, por partes iguales y por cabeza a la fracci\u00f3n disponible de dicha pensi\u00f3n, sin que ninguno de ellos pueda recibir una renta superior al veinte por ciento (20%) del salario de base del difunto.<\/td>\n<\/tr>\n<\/tbody>\n<\/table>\n<p style=\"font-weight: 400;\">\n<p style=\"font-weight: 400;\">\n<p style=\"font-weight: 400;\"><strong>Articulo 55.\u00a0<\/strong>Para los efectos del art\u00edculo anterior, los ascendientes leg\u00edtimos y naturales del asegurado tendr\u00e1n unos mismos derechos, siempre que, por otra parte, llenen los requisitos exigidos en su caso; ya a falta de viuda, ser\u00e1 tenida como tal la mujer con quien el asegurado haya hecho vida marital durante los tres a\u00f1os inmediatamente anteriores a su muerte, o con la que haya tenido hijos,\u00a0<span style=\"text-decoration: line-through;\">siempre que ambos hubieran permanecido solteros durante el concubinato<\/span>; si en varias mujeres concurren estas circunstancias, s\u00f3lo tendr\u00e1n un derecho proporcional las que tuvieren hijos del difunto.<\/p>\n<p style=\"font-weight: 400;\">\n<p style=\"font-weight: 400;\"><strong>*Nota Jurisprudencial*<\/strong><\/p>\n<p style=\"font-weight: 400;\">\n<table width=\"100%\">\n<tbody>\n<tr>\n<td><strong>CORTE CONSTITUCIONAL<\/strong><\/td>\n<\/tr>\n<tr>\n<td>Aparte tachado declarado INEXEQUIBLE por la Corte Constitucional mediante Sentencia C-482-98 de 9 de septiembre de 1998, Magistrado Ponente Dr. Eduardo Cifuentes Mu\u00f1oz. Adiciona el fallo: &#8216;Las personas que, con posterioridad al siete de julio de 1991 no hubieren podido sustituirse en la pensi\u00f3n del fallecido, por causa de la aplicaci\u00f3n del texto legal que ha sido declarado inconstitucional, podr\u00e1n, a fin de que se vean restablecidos sus derechos constitucionales conculcados, reclamar de las autoridades competentes el reconocimiento de su derecho a la sustituci\u00f3n pensional.&#8217;<\/td>\n<\/tr>\n<\/tbody>\n<\/table>\n<p style=\"font-weight: 400;\">\n<p style=\"font-weight: 400;\">\n<p style=\"font-weight: 400;\"><strong>Articulo 56.\u00a0<\/strong>Las cotizaciones del seguro de accidentes de trabajo y enfermedades profesionales, corresponder\u00e1n exclusivamente al patrono. Para la fijaci\u00f3n del monto de la cuota que se asigne a cada categor\u00eda de empresas, los reglamentos generales determinar\u00e1n las clases de riesgos, los grados de riesgos que implique cada clase y la distribuci\u00f3n de las empresas entre las diferentes clases de riesgos, de acuerdo con las siguientes reglas:<\/p>\n<p style=\"font-weight: 400;\">\n<ol>\n<li style=\"font-weight: 400;\">La asignaci\u00f3n de un grado de riesgo a las empresas se har\u00e1 seg\u00fan el peligro relativo que presenten, debi\u00e9ndose asignar el grado de riesgo m\u00e1s elevado a la empresa m\u00e1s peligrosa. Las categor\u00edas de empresas se dividir\u00e1n en clases de riesgo, y cada una de \u00e9stas se subdividir\u00e1 en varios grados de riesgo;<\/li>\n<\/ol>\n<p style=\"font-weight: 400;\">\n<ol>\n<li style=\"font-weight: 400;\">La distribuci\u00f3n de las categor\u00edas de empresa en las clases de riesgo y la fijaci\u00f3n de los grados de riesgo de cada clase, se establecer\u00e1n seg\u00fan los resultados de las estad\u00edsticas de riesgos profesionales,<\/li>\n<\/ol>\n<p style=\"font-weight: 400;\">\n<ol>\n<li style=\"font-weight: 400;\">La asignaci\u00f3n a cada empresa de un grado de riesgo, dentro de la clase a que pertenezca, ser\u00e1 hecha por el Instituto teniendo en cuenta especialmente las medidas tomadas por la empresa de que se trate para prevenir los riesgos profesionales;<\/li>\n<\/ol>\n<p style=\"font-weight: 400;\">\n<ol>\n<li style=\"font-weight: 400;\">La distribuci\u00f3n de las categor\u00edas de empresas de las clases de riesgo y la fijaci\u00f3n de los grados de riesgo que implica cada clase, se revisar\u00e1n cada cinco (5) a\u00f1os. Sin embargo, dicha revisi\u00f3n podr\u00e1 verificarse antes, si el Instituto considera que la experiencia adquirida, as\u00ed lo aconseja.<\/li>\n<\/ol>\n<p style=\"font-weight: 400;\">\n<p style=\"font-weight: 400;\">\n<p style=\"font-weight: 400;\"><strong>Articulo 57.\u00a0<\/strong>El patrono que no hubiese asegurado a sus asalariados contra accidentes de trabajo o enfermedades profesionales, estando obligado a hacerlo, deber\u00e1 pagar al Instituto, en caso de siniestro, el capital constitutivo de las rentas y prestaciones que hayan de otorgarse de conformidad con la presente ley, sin perjuicio de las sanciones a que haya lugar por la infracci\u00f3n.<\/p>\n<p style=\"font-weight: 400;\">\n<p style=\"font-weight: 400;\">\n<p style=\"font-weight: 400;\">\n<p style=\"font-weight: 400;\"><b>SECCI\u00d3N V<\/b><\/p>\n<p style=\"font-weight: 400;\">\u00a0Muerte<\/p>\n<p style=\"font-weight: 400;\">\n<p style=\"font-weight: 400;\">\n<p style=\"font-weight: 400;\"><strong>Articulo 58.\u00a0<\/strong>Cuando la muerte del asegurado no origine las prestaciones de que trata el art\u00edculo\u00a054, dar\u00e1 derecho, en todo caso, a un auxilio funerario que se pagar\u00e1 a quien haya costeado los gastos de entierro, sin exceder del valor del \u00faltimo salario de base del difunto en un mes; adem\u00e1s, si el asegurado hubiere completado el n\u00famero m\u00ednimo de cotizaciones previsto por los reglamentos generales del Instituto, o muriere en el goce de una pensi\u00f3n no reducida de invalidez o vejez, su fallecimiento dar\u00e1 tambi\u00e9n derecho a las pensiones de viudedad u orfandad de que se habla en seguida, cualesquiera que sean las circunstancias en que ocurra.<\/p>\n<p style=\"font-weight: 400;\">\n<p style=\"font-weight: 400;\">\n<p style=\"font-weight: 400;\"><strong>Articulo 59.\u00a0*Derogado por el\u00a0<\/strong><strong>Decreto 433 de 1971<\/strong><strong>*<\/strong><\/p>\n<p style=\"font-weight: 400;\">\n<p style=\"font-weight: 400;\"><strong>*Nota de Vigencia*<\/strong><\/p>\n<p style=\"font-weight: 400;\">\n<table width=\"100%\">\n<tbody>\n<tr>\n<td>Art\u00edculo derogado por el art\u00edculo 67 del\u00a0<strong>Decreto 433 de 1971<\/strong>, publicado por el Diario Oficial No.33302 de 1 de mayo de 1971<\/td>\n<\/tr>\n<\/tbody>\n<\/table>\n<p style=\"font-weight: 400;\">\n<p style=\"font-weight: 400;\"><strong>*Texto original de la Ley 90 de 1946*<\/strong><\/p>\n<p style=\"font-weight: 400;\">\n<table width=\"100%\">\n<tbody>\n<tr>\n<td>La viuda, sea o no inv\u00e1lida, o el viudo inv\u00e1lido, gozar\u00e1 de una pensi\u00f3n vitalicia mensual, proporcional a la de invalidez o vejez de que estuviera disfrutando el asegurado o a la que le hubiera correspondido al realizarse el estado de invalidez en la \u00e9poca de su defunci\u00f3n, excepto en los casos siguientes:<\/td>\n<\/tr>\n<tr>\n<td>a. Cuando la muerte del asegurado acaeciere dentro del primer a\u00f1o de su matrimonio, salvo que haya habido hijos comunes o que la mujer hubiere quedado encinta.<\/td>\n<\/tr>\n<tr>\n<td>b. Cuando el asegurado hubiere contra\u00eddo matrimonio despu\u00e9s de cumplir sesenta (60) a\u00f1os de edad o mientras percib\u00eda una pensi\u00f3n de invalidez o vejez, a menos que a la fecha de la muerte hubieran transcurrido tres a\u00f1os de matrimonio o que haya habido hijos comunes o que la mujer quedara encinta.<\/td>\n<\/tr>\n<\/tbody>\n<\/table>\n<p style=\"font-weight: 400;\">\n<p style=\"font-weight: 400;\">\n<p style=\"font-weight: 400;\"><strong>Articulo 60.\u00a0<\/strong>Cada uno de los hijos del asegurado, menores de catorce (14) a\u00f1os o inv\u00e1lidos no pensionados como tales, gozar\u00e1 de una pensi\u00f3n mensual de orfandad proporcional a la de invalidez de que estuviera disfrutando el asegurado o a la que le hubiere correspondido al realizarse el estado de invalidez en la \u00e9poca de su defunci\u00f3n.<\/p>\n<p style=\"font-weight: 400;\">\n<p style=\"font-weight: 400;\">\n<p style=\"font-weight: 400;\"><strong>Articulo 61.\u00a0*Derogado por el\u00a0<\/strong><strong>Decreto 433 de 1971<\/strong><strong>*<\/strong><\/p>\n<p style=\"font-weight: 400;\">\n<p style=\"font-weight: 400;\"><strong>*Nota de Vigencia*<\/strong><\/p>\n<p style=\"font-weight: 400;\">\n<table width=\"100%\">\n<tbody>\n<tr>\n<td>Art\u00edculo derogado por el art\u00edculo 67 del\u00a0<strong>Decreto 433 de 1971<\/strong>, publicado por el Diario Oficial No.33302 de 1 de mayo de 1971<\/td>\n<\/tr>\n<\/tbody>\n<\/table>\n<p style=\"font-weight: 400;\">\n<p style=\"font-weight: 400;\"><strong>*Texto original de la Ley 90 de 1946*<\/strong><\/p>\n<p style=\"font-weight: 400;\">\n<table width=\"100%\">\n<tbody>\n<tr>\n<td>El total de las pensiones de viudedad y orfandad no podr\u00e1 exceder el monto de la pensi\u00f3n de invalidez o vejez de que estuviera disfrutando el asegurado, o de la de invalidez que le hubiera correspondido eventualmente; si excediere, se reducir\u00e1n proporcionalmente todas las pensiones; si no alcanzare dicho monto, los ascendientes que depend\u00edan exclusivamente del asegurado tendr\u00e1n derecho, por iguales partes y por cabezas, a la fracci\u00f3n disponible, sin que ninguno de ellos pueda recibir una renta superior al veinte por ciento (20%) de la pensi\u00f3n eventual del difunto.<\/td>\n<\/tr>\n<\/tbody>\n<\/table>\n<p style=\"font-weight: 400;\">\n<p style=\"font-weight: 400;\">\n<p style=\"font-weight: 400;\"><strong>Articulo 62.\u00a0A las pensiones de viudedad y orfandad les ser\u00e1 aplicable la disposici\u00f3n del art\u00edculo\u00a0<\/strong>55. El derecho a estas pensiones empezar\u00e1 desde el d\u00eda del fallecimiento del asegurado y cesar\u00e1 con la muerte del beneficiario, sin acrecer las cuotas de los dem\u00e1s,\u00a0<span style=\"text-decoration: line-through;\">o cuando la viuda contraiga nuevas nupcias<\/span>, reciba de otra persona lo necesario para su subsistencia, o cuando el hu\u00e9rfano cumpla catorce (14) a\u00f1os de edad o deje de ser inv\u00e1lido.\u00a0<span style=\"text-decoration: line-through;\">Pero la viuda que contraiga matrimonio recibir\u00e1, en sustituci\u00f3n de las pensiones eventuales, una suma global equivalente a tres (3) anualidades de la pensi\u00f3n reconocida<\/span>.<\/p>\n<p style=\"font-weight: 400;\">\n<p style=\"font-weight: 400;\"><strong>*Nota Jurisprudencial*<\/strong><\/p>\n<p style=\"font-weight: 400;\">\n<table width=\"100%\">\n<tbody>\n<tr>\n<td><strong>Corte Constitucional<\/strong><\/td>\n<\/tr>\n<tr>\n<td>Apartes tachados declarados INEXEQUIBLES por la Corte Constitucional mediantes\u00a0<strong>Sentencia C-568-16<\/strong>, publicada el 19 de Octubre de 2016; Magistrado Ponente Dr. Alejandro Linares Cantillo.<\/td>\n<\/tr>\n<\/tbody>\n<\/table>\n<p style=\"font-weight: 400;\">\n<p style=\"font-weight: 400;\">\n<p style=\"font-weight: 400;\"><strong>Articulo 63.\u00a0*Derogado por el\u00a0<\/strong><strong>Decreto 433 de 1971<\/strong><strong>*<\/strong><\/p>\n<p style=\"font-weight: 400;\">\n<p style=\"font-weight: 400;\"><strong>*Nota de Vigencia*<\/strong><\/p>\n<p style=\"font-weight: 400;\">\n<table width=\"100%\">\n<tbody>\n<tr>\n<td>Art\u00edculo derogado por el art\u00edculo 67 del\u00a0<strong>Decreto 433 de 1971<\/strong>, publicado por el Diario Oficial No.33302 de 1 de mayo de 1971<\/td>\n<\/tr>\n<\/tbody>\n<\/table>\n<p style=\"font-weight: 400;\">\n<p style=\"font-weight: 400;\"><strong>*Texto original de la Ley 90 de 1946*<\/strong><\/p>\n<p style=\"font-weight: 400;\">\n<table width=\"100%\">\n<tbody>\n<tr>\n<td>La cuota del patrono y la del asegurado en las las cotizaciones del seguro de muerte ser\u00e1n iguales. La del Estado se regular\u00e1 de acuerdo con la norma del art\u00edculo 16.<\/td>\n<\/tr>\n<\/tbody>\n<\/table>\n<p style=\"font-weight: 400;\">\n<p>&nbsp;<\/p>\n<p>&nbsp;<\/p>\n<p><b>CAPITULO V<\/b><\/p>\n<p>Sanciones y controversias<\/p>\n<p>&nbsp;<\/p>\n<p>&nbsp;<\/p>\n<p><strong>Articulo 64.\u00a0*Derogado por el\u00a0<\/strong><strong>Decreto 433 de 1971<\/strong><strong>*<\/strong><\/p>\n<p>&nbsp;<\/p>\n<p><strong>*Nota de Vigencia*<\/strong><\/p>\n<p>&nbsp;<\/p>\n<table width=\"100%\">\n<tbody>\n<tr>\n<td>Art\u00edculo derogado por el art\u00edculo 67 del\u00a0<strong>Decreto 433 de 1971<\/strong>, publicado por el Diario Oficial No.33302 de 1 de mayo de 1971<\/td>\n<\/tr>\n<\/tbody>\n<\/table>\n<p>&nbsp;<\/p>\n<p><strong>*Texto original de la Ley 90 de 1946*<\/strong><\/p>\n<p>&nbsp;<\/p>\n<table width=\"100%\">\n<tbody>\n<tr>\n<td>Los actos u omisiones de los patronos en perjuicio de los asegurados como tales, as\u00ed como los de cualesquiera otras personas que obstaculicen la acci\u00f3n de los funcionarios o empleados del seguro social, se castigar\u00e1n con multas de veinte pesos ($20) a dos mil pesos ($ 2.000) a favor del Instituto.<\/td>\n<\/tr>\n<\/tbody>\n<\/table>\n<p>&nbsp;<\/p>\n<p>&nbsp;<\/p>\n<p><strong>Articulo 65.\u00a0*Derogado por el\u00a0<\/strong><strong>Decreto 433 de 1971<\/strong><strong>*<\/strong><\/p>\n<p>&nbsp;<\/p>\n<p><strong>*Nota de Vigencia*<\/strong><\/p>\n<p>&nbsp;<\/p>\n<table width=\"100%\">\n<tbody>\n<tr>\n<td>Art\u00edculo derogado por el art\u00edculo 67 del\u00a0<strong>Decreto 433 de 1971<\/strong>, publicado por el Diario Oficial No.33302 de 1 de mayo de 1971<\/td>\n<\/tr>\n<\/tbody>\n<\/table>\n<p>&nbsp;<\/p>\n<p><strong>*Texto original de la Ley 90 de 1946*<\/strong><\/p>\n<p>&nbsp;<\/p>\n<table width=\"100%\">\n<tbody>\n<tr>\n<td>Los actos u omisiones de los asegurados que obstaculicen la acci\u00f3n de los funcionarios o empleados del seguro social, ser\u00e1n sancionados con multas de diez pesos ($ 10) a doscientos pesos ($ 200) a favor del Instituto, sin perjuicio de la sanci\u00f3n penal y la indemnizaci\u00f3n civil por el fraude intentado o consumado.<\/td>\n<\/tr>\n<\/tbody>\n<\/table>\n<p>&nbsp;<\/p>\n<p>&nbsp;<\/p>\n<p><strong>Articulo 66.\u00a0*Derogado por el\u00a0<\/strong><strong>Decreto 433 de 1971<\/strong><strong>*<\/strong><\/p>\n<p>&nbsp;<\/p>\n<p><strong>*Nota de Vigencia*<\/strong><\/p>\n<p>&nbsp;<\/p>\n<table width=\"100%\">\n<tbody>\n<tr>\n<td>Art\u00edculo derogado por el art\u00edculo 67 del\u00a0<strong>Decreto 433 de 1971<\/strong>, publicado por el Diario Oficial No.33302 de 1 de mayo de 1971<\/td>\n<\/tr>\n<\/tbody>\n<\/table>\n<p>&nbsp;<\/p>\n<p><strong>*Texto original de la Ley 90 de 1946*<\/strong><\/p>\n<p>&nbsp;<\/p>\n<table width=\"100%\">\n<tbody>\n<tr>\n<td>Toda omisi\u00f3n de inscripci\u00f3n o declaraci\u00f3n, inscripci\u00f3n o declaraci\u00f3n tard\u00eda, o declaraci\u00f3n inexacta, adem\u00e1s de las sanciones disciplinarias o penales, dar\u00e1 lugar a acci\u00f3n de responsabilidad civil contra el patrono o trabajador respectivo.<\/td>\n<\/tr>\n<tr>\n<td>La Caja Seccional tendr\u00e1 derecho a exigir no s\u00f3lo el pago de las cotizaciones atrasadas, sino tambi\u00e9n el reembolso, ya sea de la totalidad de las prestaciones suministradas, o bien de la diferencia entre esas prestaciones y las que se habr\u00edan causado si las inscripciones o declaraciones hubieran sido oportunas o exactas.<\/td>\n<\/tr>\n<\/tbody>\n<\/table>\n<p>&nbsp;<\/p>\n<p>&nbsp;<\/p>\n<p><strong>Articulo 67.\u00a0*Derogado por el\u00a0<\/strong><strong>Decreto 433 de 1971<\/strong><strong>*<\/strong><\/p>\n<p>&nbsp;<\/p>\n<p><strong>*Nota de Vigencia*<\/strong><\/p>\n<p>&nbsp;<\/p>\n<table width=\"100%\">\n<tbody>\n<tr>\n<td>Art\u00edculo derogado por el art\u00edculo 67 del\u00a0<strong>Decreto 433 de 1971<\/strong>, publicado por el Diario Oficial No.33302 de 1 de mayo de 1971<\/td>\n<\/tr>\n<\/tbody>\n<\/table>\n<p>&nbsp;<\/p>\n<p><strong>*Texto original de la Ley 90 de 1946*<\/strong><\/p>\n<p>&nbsp;<\/p>\n<table width=\"100%\">\n<tbody>\n<tr>\n<td>Al patrono que descuente a sus asalariados el monto de sus cuotas y no las consigne con las que le correspondan sin justa causa, dentro de un t\u00e9rmino que no pasar\u00e1 de los quince (15) d\u00edas subsiguientes, o no adquiera dentro del mismo t\u00e9rmino las estampillas del caso, se le impondr\u00e1 por ese solo hecho una multa de veinte pesos ($ 20) a dos mil pesos ($2.000), sin perjuicio de pagar las sumas retenidas, con intereses de recargo del medio por ciento (1\/2) mensual. El atraso mayor de quince (15) d\u00edas en el pago de las cuotas que correspondan al patrono o al trabajador independiente har\u00e1 incurrir a estos en una multa del dos por ciento (2%) mensual sobre el monto de las retardadas.<\/td>\n<\/tr>\n<\/tbody>\n<\/table>\n<p>&nbsp;<\/p>\n<p>&nbsp;<\/p>\n<p><strong>Articulo 68.\u00a0<\/strong>Las controversias que suscite la aplicaci\u00f3n de la presente ley entre patronos y trabajadores o entre el Instituto o las Cajas y los patronos, asegurados o beneficiarios, por raz\u00f3n del seguro, ser\u00e1n de competencia de la justicia del Trabajo. La imposici\u00f3n de las multas corresponder\u00e1 al Instituto y a las Cajas, en la forma y por los tr\u00e1mites que los reglamentos generales indiquen; contra las que excedieren de cien pesos ($ 100) podr\u00e1 recurrirse en todo caso ante el Consejo Directivo del Instituto, y las decisiones de \u00e9ste por sanciones cuya cuant\u00eda pasare de quinientos pesos ($ 500) podr\u00e1n ser apeladas ante la Justicia del Trabajo.<\/p>\n<p>&nbsp;<\/p>\n<p><strong>*Nota de Vigencia*<\/strong><\/p>\n<p>&nbsp;<\/p>\n<table width=\"100%\">\n<tbody>\n<tr>\n<td>Inciso 2o. modificado por el art\u00edculo 1 del Reglamento General De Reclamaciones, Sanciones y Procedimiento, aprobado por el Decreto 1343 de 1949, publicado en el Diario Oficial No 27.022, del 21 de mayo de 1949.<\/td>\n<\/tr>\n<tr>\n<td>Inciso 2o. modificado por el art\u00edculo 5 del Decreto 320 de 1949, publicado en el Diario Oficial No. 26.944, del 15 de febrero de 1949<\/td>\n<\/tr>\n<\/tbody>\n<\/table>\n<p>&nbsp;<\/p>\n<p>&nbsp;<\/p>\n<p>&nbsp;<\/p>\n<p><b>CAPITULO VI<\/b><\/p>\n<p>Disposiciones generales<\/p>\n<p>&nbsp;<\/p>\n<p>&nbsp;<\/p>\n<p>&nbsp;<\/p>\n<p><strong>Articulo 69.\u00a0*Derogado por el\u00a0<\/strong><strong>Decreto 433 de 1971<\/strong><strong>*<\/strong><\/p>\n<p>&nbsp;<\/p>\n<p><strong>*Nota de Vigencia*<\/strong><\/p>\n<p>&nbsp;<\/p>\n<table width=\"100%\">\n<tbody>\n<tr>\n<td>Art\u00edculo derogado por el art\u00edculo 67 del\u00a0<strong>Decreto 433 de 1971<\/strong>, publicado por el Diario Oficial No.33302 de 1 de mayo de 1971<\/td>\n<\/tr>\n<\/tbody>\n<\/table>\n<p>&nbsp;<\/p>\n<p><strong>*Texto original de la Ley 90 de 1946*<\/strong><\/p>\n<p>&nbsp;<\/p>\n<table width=\"100%\">\n<tbody>\n<tr>\n<td>Decl\u00e1rase de utilidad p\u00fablica el seguro social obligatorio.<\/td>\n<\/tr>\n<tr>\n<td>En caso de necesidad y para los fines de que trata el art\u00edculo siguiente, en sus ordinales a), b) y c), las autoridades correspondientes decretar\u00e1n la expropiaci\u00f3n de bienes ra\u00edces.<\/td>\n<\/tr>\n<\/tbody>\n<\/table>\n<p>&nbsp;<\/p>\n<p>&nbsp;<\/p>\n<p><strong>Articulo 70.\u00a0*Derogado por el\u00a0<\/strong><strong>Decreto 433 de 1971<\/strong><strong>*<\/strong><\/p>\n<p>&nbsp;<\/p>\n<p><strong>*Nota de Vigencia*<\/strong><\/p>\n<p>&nbsp;<\/p>\n<table width=\"100%\">\n<tbody>\n<tr>\n<td>Art\u00edculo derogado por el art\u00edculo 67 del\u00a0<strong>Decreto 433 de 1971<\/strong>, publicado por el Diario Oficial No.33302 de 1 de mayo de 1971<\/td>\n<\/tr>\n<\/tbody>\n<\/table>\n<p>&nbsp;<\/p>\n<p><strong>*Texto original de la Ley 90 de 1946*<\/strong><\/p>\n<p>&nbsp;<\/p>\n<table width=\"100%\">\n<tbody>\n<tr>\n<td>Sin perjuicio de lo dispuesto en el numeral 8o del art\u00edculo\u00a0<strong>9<\/strong>o, el Instituto queda facultado para hacer inversiones en:<\/td>\n<\/tr>\n<tr>\n<td>a. La adquisici\u00f3n, construcci\u00f3n o financiaci\u00f3n de cl\u00ednicas quir\u00fargicas, de maternidad, salas-cunas, sanatorios, hospitales, puestos de socorro, dispensarios, laboratorios y dem\u00e1s edificios necesarios para los fines del Instituto.<\/td>\n<\/tr>\n<tr>\n<td>b. La adquisici\u00f3n, construcci\u00f3n y sostenimiento de colonias obreras, campos de reposo e institutos de reeducaci\u00f3n profesional para inv\u00e1lidos y lesionados.<\/td>\n<\/tr>\n<tr>\n<td>c. La financiaci\u00f3n de urbanizaciones populares, destinadas a crearle al asegurado un patrimonio familiar o a proporcionarle en arriendo habitaci\u00f3n higi\u00e9nica barata, para lo cual podr\u00e1 el Instituto celebrar las operaciones que sean necesarias y hacer uso de las dem\u00e1s facultades concedidas por las Leyes 91 de 1936 y 166 de 1941;<\/td>\n<\/tr>\n<tr>\n<td>d. La creaci\u00f3n de Cajas de Pr\u00e9stamos en las Cajas Seccionales, a partir de la fecha que se determine en los respectivos estatutos y con arreglo a las condiciones que en ellos se se\u00f1alen, y<\/td>\n<\/tr>\n<tr>\n<td>e. La fundaci\u00f3n de Institutos de orientaci\u00f3n profesional, destinados al estudio del personal de los afiliados o de las empresas aseguradoras que lo soliciten.<\/td>\n<\/tr>\n<\/tbody>\n<\/table>\n<p>&nbsp;<\/p>\n<p>&nbsp;<\/p>\n<p><strong>Articulo 71.\u00a0*Derogado por el\u00a0<\/strong><strong>Decreto 433 de 1971<\/strong><strong>*<\/strong><\/p>\n<p>&nbsp;<\/p>\n<p><strong>*Nota de Vigencia*<\/strong><\/p>\n<p>&nbsp;<\/p>\n<table width=\"100%\">\n<tbody>\n<tr>\n<td>Art\u00edculo derogado por el art\u00edculo 67 del\u00a0<strong>Decreto 433 de 1971<\/strong>, publicado por el Diario Oficial No.33302 de 1 de mayo de 1971<\/td>\n<\/tr>\n<\/tbody>\n<\/table>\n<p>&nbsp;<\/p>\n<p><strong>*Texto original de la Ley 90 de 1946*<\/strong><\/p>\n<p>&nbsp;<\/p>\n<table width=\"100%\">\n<tbody>\n<tr>\n<td>El Instituto de Seguros creado por esta ley tiene fines de servicio social y no de lucro para el Estado o para la misma instituci\u00f3n; su pol\u00edtica de inversiones se someter\u00e1 estrictamente a tales finalidades.<\/td>\n<\/tr>\n<tr>\n<td>PAR\u00c1GRAFO.\u00a0El Instituto no podr\u00e1 destinar para gastos de administraci\u00f3n m\u00e1s de un diez por ciento (10%) del acervo total de sus rentas y apropiaciones presupuestales.<\/td>\n<\/tr>\n<\/tbody>\n<\/table>\n<p>&nbsp;<\/p>\n<p>&nbsp;<\/p>\n<p>&nbsp;<\/p>\n<p><b>CAPITULO VII<\/b><\/p>\n<p>Disposiciones finales<\/p>\n<p>&nbsp;<\/p>\n<p>&nbsp;<\/p>\n<p><strong>Articulo 72.\u00a0<\/strong>Las prestaciones reglamentadas en esta ley, que ven\u00edan caus\u00e1ndose en virtud de disposiciones anteriores a cargo de los patronos, se seguir\u00e1n rigiendo por tales disposiciones\u00a0<u>hasta la fecha en que el seguro social las vaya asumiendo por haberse cumplido el aporte previo se\u00f1alado para cada caso. Desde esa fecha empezar\u00e1n a hacerse efectivos los servicios aqu\u00ed establecidos, y dejar\u00e1n de aplicarse aquellas disposiciones anteriores<\/u>.<\/p>\n<p>&nbsp;<\/p>\n<p><strong>*Nota Jurisprudencial*<\/strong><\/p>\n<p>&nbsp;<\/p>\n<table width=\"100%\">\n<tbody>\n<tr>\n<td><strong>CORTE SUPREMA DE JUSTICIA<\/strong><\/td>\n<\/tr>\n<tr>\n<td>Aparte subrayado declarado EXEQUIBLE por la Corte Suprema de Justicia, mediante Sentencia No. 70 del 9 de septiembre de 1982, Magistrado Ponente Dr. Ricardo Medina Moyan.<\/td>\n<\/tr>\n<\/tbody>\n<\/table>\n<p>&nbsp;<\/p>\n<p>&nbsp;<\/p>\n<p><strong>Articulo 73.\u00a0<\/strong>Mientras est\u00e9n vigentes los contratos, convenciones colectivas o fallos arbitrales que concedan prestaciones inferiores a las otorgadas en la presente ley, ser\u00e1n de cargo exclusivo del patrono las cuotas necesarias para atender a dichas obligaciones contractuales. Para satisfacer las diferencias entre estas \u00faltimas y las establecidas por la ley, se estar\u00e1 a lo dispuesto en el art\u00edculo\u00a016, sobre contribuci\u00f3n tripartita.<\/p>\n<p>&nbsp;<\/p>\n<p>Si concede prestaciones iguales a las otorgadas por la presente ley, el patrono pagar\u00e1 la totalidad de la cuota correspondiente. Y si fueren superiores a tales prestaciones, se estar\u00e1 a lo dispuesto en este art\u00edculo hasta la equivalencia de prestaciones, y respecto de las adicionales o excedentes, el patrono quedar\u00e1 obligado a cumplirlas, contratando con el Instituto los seguros adicionales que \u00e9ste haya organizado o ejecut\u00e1ndolas directamente, en caso contrario.<\/p>\n<p>&nbsp;<\/p>\n<p>Se except\u00faan las empresas se\u00f1aladas en la parte final del art\u00edculo\u00a016\u00a0de esta Ley.<\/p>\n<p>&nbsp;<\/p>\n<p>&nbsp;<\/p>\n<p><strong>Articulo 74.\u00a0*Derogado por el\u00a0<\/strong><strong>Decreto 433 de 1971<\/strong><strong>*<\/strong><\/p>\n<p>&nbsp;<\/p>\n<p><strong>*Nota de Vigencia*<\/strong><\/p>\n<p>&nbsp;<\/p>\n<table width=\"100%\">\n<tbody>\n<tr>\n<td>Art\u00edculo derogado por el art\u00edculo 67 del\u00a0<strong>Decreto 433 de 1971<\/strong>, publicado por el Diario Oficial No.33302 de 1 de mayo de 1971<\/td>\n<\/tr>\n<\/tbody>\n<\/table>\n<p>&nbsp;<\/p>\n<p><strong>*Texto original de la Ley 90 de 1946*<\/strong><\/p>\n<p>&nbsp;<\/p>\n<table width=\"100%\">\n<tbody>\n<tr>\n<td>Los patronos podr\u00e1n optar, para los efectos del seguro obligatorio contra accidentes de trabajo, enfermedades profesionales y muerte, o alguno de \u00e9stos, entre las prescripciones de la legislaci\u00f3n anterior, sin reducci\u00f3n de prestaciones por raz\u00f3n del capital, el monto de los salarios o el n\u00famero de trabajadores, y el r\u00e9gimen de la presente ley. En el primer caso, deber\u00e1n otorgar las garant\u00edas que exija el Gobierno para responder de las posibles prestaciones, pero sin que los patronos puedan hacer ning\u00fan descuento a sus asalariados por raz\u00f3n de primas.<\/td>\n<\/tr>\n<tr>\n<td>La opci\u00f3n ser\u00e1 irrevocable cuando los patronos se acojan a las prescripciones de la presente ley.<\/td>\n<\/tr>\n<\/tbody>\n<\/table>\n<p>&nbsp;<\/p>\n<p>&nbsp;<\/p>\n<p><strong>Articulo 75.\u00a0 *Derogado por el\u00a0<\/strong><strong>Decreto 433 de 1971<\/strong><strong>*<\/strong><\/p>\n<p>&nbsp;<\/p>\n<p><strong>*Nota de Vigencia*<\/strong><\/p>\n<p>&nbsp;<\/p>\n<table width=\"100%\">\n<tbody>\n<tr>\n<td>Art\u00edculo derogado por el art\u00edculo 67 del\u00a0<strong>Decreto 433 de 1971<\/strong>, publicado por el Diario Oficial No.33302 de 1 de mayo de 1971<\/td>\n<\/tr>\n<\/tbody>\n<\/table>\n<p>&nbsp;<\/p>\n<p><strong>*Texto original de la Ley 90 de 1946*<\/strong><\/p>\n<p>&nbsp;<\/p>\n<table width=\"100%\">\n<tbody>\n<tr>\n<td>Los patronos que deseen asumir directamente todos o algunos de los riesgos de que trata la presente ley, en relaci\u00f3n con sus trabajadores, reconoci\u00e9ndose a \u00e9stos los mismos beneficios en ella previstos, podr\u00e1n hacerlo. En este caso, deber\u00e1n garantizar, a satisfacci\u00f3n del Gobierno, el pago de las posibles prestaciones, y no podr\u00e1n descontar ninguna parte de los salarios por concepto de primas.<\/td>\n<\/tr>\n<tr>\n<td>Cuando se trata de prestaciones a largo t\u00e9rmino, como pensiones de invalidez y vejez, el decreto reglamentario determinar\u00e1 &#8211; de acuerdo con los c\u00e1lculos actuariales del Instituto &#8211; la parte proporcional de los beneficios eventuales que ha de corresponder a los trabajadores que dejen de servir a una empresa determinada.<\/td>\n<\/tr>\n<\/tbody>\n<\/table>\n<p>&nbsp;<\/p>\n<p>&nbsp;<\/p>\n<p><strong>Articulo 76.\u00a0<\/strong>El seguro de vejez a que se refiere la Secci\u00f3n Tercera de esta ley, reemplaza la pensi\u00f3n de jubilaci\u00f3n que ha venido figurando en la legislaci\u00f3n anterior. Para que el Instituto pueda asumir el riesgo de vejez en relaci\u00f3n con servicios prestados con anterioridad a la presente ley, el patrono deber\u00e1 aportar las cuotas proporcionales correspondientes. Las personas, entidades o empresas que de conformidad con la legislaci\u00f3n anterior est\u00e1n obligadas a reconocer pensiones de jubilaci\u00f3n a sus trabajadores, seguir\u00e1n afectadas por esa obligaci\u00f3n en los t\u00e9rminos de tales normas, respecto de los empleados y obreros que hayan venido sirvi\u00e9ndoles,\u00a0<u>hasta que el Instituto convenga en subrogarlas en el pago de esas pensiones eventuales.<\/u><\/p>\n<p>&nbsp;<\/p>\n<p><u>En ning\u00fan caso las condiciones del seguro de vejez para aquellos empleados y obreros que en el momento de la subrogaci\u00f3n lleven a lo menos diez (10) a\u00f1os de trabajo al servicio de las personas, entidades o empresas que se trate de subrogar en dicho riesgo, ser\u00e1n menos favorables que las establecidas para ellos por la legislaci\u00f3n sobre jubilaci\u00f3n, anterior a la presente ley.<\/u><\/p>\n<p>&nbsp;<\/p>\n<p><strong>*Nota Jurisprudencial*<\/strong><\/p>\n<p>&nbsp;<\/p>\n<table width=\"100%\">\n<tbody>\n<tr>\n<td><strong>CORTE SUPREMA DE JUSTICIA<\/strong><\/td>\n<\/tr>\n<tr>\n<td>Aparte subrayado declarado EXEQUIBLE por la Corte Suprema de Justicia, mediante Sentencia No. 70 del 9 de septiembre de 1982, Magistrado Ponente Dr. Ricardo Medina Moyano.<\/td>\n<\/tr>\n<\/tbody>\n<\/table>\n<p>&nbsp;<\/p>\n<p>&nbsp;<\/p>\n<p><strong>Articulo 77.\u00a0<\/strong>Mientras el seguro social obligatorio no est\u00e9 en condiciones de tomar a su cargo el riesgo de cesant\u00eda, continuar\u00e1n rigiendo las disposiciones vigentes sobre la materia.<\/p>\n<p>&nbsp;<\/p>\n<p>&nbsp;<\/p>\n<p><strong>Articulo 78.\u00a0<\/strong>Durante el per\u00edodo de cotizaciones previas que se se\u00f1alen para el seguro de muerte, las cuotas correspondientes a la contribuci\u00f3n del personal, que de conformidad con la ley 44 de 1929 y sus complementarias, ser\u00e1n exclusivamente de cargo de \u00e9ste.<\/p>\n<p>&nbsp;<\/p>\n<p>&nbsp;<\/p>\n<p><strong>Articulo 79.\u00a0<\/strong>Mientras el seguro organiza y asume los servicios m\u00e9dicos y asistenciales de los asegurados, los patronos no podr\u00e1n suspender las prestaciones m\u00e9dicas, hospitalarias, de farmacia y de maternidad que en la actualidad reconozcan a sus trabajadores, sino cuando hayan cumplido el respectivo per\u00edodo de cotizaciones previas.<\/p>\n<p>&nbsp;<\/p>\n<p>&nbsp;<\/p>\n<p><strong>Articulo 80.\u00a0 *Derogado por el\u00a0<\/strong><strong>Decreto 433 de 1971<\/strong><strong>*<\/strong><\/p>\n<p>&nbsp;<\/p>\n<p><strong>*Nota de Vigencia*<\/strong><\/p>\n<p>&nbsp;<\/p>\n<table width=\"100%\">\n<tbody>\n<tr>\n<td>Art\u00edculo derogado por el art\u00edculo 67 del\u00a0<strong>Decreto 433 de 1971<\/strong>, publicado por el Diario Oficial No.33302 de 1 de mayo de 1971<\/td>\n<\/tr>\n<\/tbody>\n<\/table>\n<p>&nbsp;<\/p>\n<p><strong>*Texto original de la Ley 90 de 1946*<\/strong><\/p>\n<p>&nbsp;<\/p>\n<table width=\"100%\">\n<tbody>\n<tr>\n<td>Los seguros adicionales de que trata el numeral 7o del art\u00edculo\u00a09o podr\u00e1n tambi\u00e9n contratarse por el patrono, mediante tarifas y condiciones especiales, para atender a prestaciones m\u00e1s favorables consignadas en pactos, convenciones colectivas o fallos arbitrales.<\/td>\n<\/tr>\n<\/tbody>\n<\/table>\n<p>&nbsp;<\/p>\n<p>&nbsp;<\/p>\n<p><strong>Articulo 81.\u00a0 *Derogado por el\u00a0<\/strong><strong>Decreto 433 de 1971<\/strong><strong>*<\/strong><\/p>\n<p>&nbsp;<\/p>\n<p><strong>*Nota de Vigencia*<\/strong><\/p>\n<p>&nbsp;<\/p>\n<table width=\"100%\">\n<tbody>\n<tr>\n<td>Art\u00edculo derogado por el art\u00edculo 67 del\u00a0<strong>Decreto 433 de 1971<\/strong>, publicado por el Diario Oficial No.33302 de 1 de mayo de 1971<\/td>\n<\/tr>\n<\/tbody>\n<\/table>\n<p>&nbsp;<\/p>\n<p><strong>*Texto original de la Ley 90 de 1946*<\/strong><\/p>\n<p>&nbsp;<\/p>\n<table width=\"100%\">\n<tbody>\n<tr>\n<td>Promulgada que sea la presente ley, entrar\u00e1n en vigencia las disposiciones referentes a la organizaci\u00f3n y administraci\u00f3n del seguro social.<\/td>\n<\/tr>\n<tr>\n<td>El Presidente de la Rep\u00fablica proceder\u00e1 a designar libremente el primer Gerente. Tambi\u00e9n designar\u00e1 los representantes de los patronos, de los asegurados y de los pensionados en el Instituto, de ternas que le presenten las principales asociaciones patronales y de trabajadores. Tanto el primero como los segundos durar\u00e1n en sus cargos hasta por dos (2) a\u00f1os.<\/td>\n<\/tr>\n<\/tbody>\n<\/table>\n<p>&nbsp;<\/p>\n<p>&nbsp;<\/p>\n<p><strong>Articulo 82.\u00a0<\/strong>Las instituciones de previsi\u00f3n social actualmente existentes podr\u00e1n seguir funcionando independientemente, en el caso de que reconozcan prestaciones mayores que las determinadas en la presente ley. Si en tales instituciones existieren algunas prestaciones superiores a las que reconoce la presente ley, y otras por lo menos iguales, podr\u00e1 el Instituto permitir su funcionamiento, si al calificarlas en conjunto, las ventajas para los asegurados son mayores.<\/p>\n<p>&nbsp;<\/p>\n<p>En todo caso el Gobierno tiene facultad para revisar peri\u00f3dicamente aquellas instituciones, con el fin de cerciorarse de su capacidad econ\u00f3mica y exigir las garant\u00edas que estime convenientes en defensa de los intereses de los asegurados, y aun decretar su liquidaci\u00f3n e incorporaci\u00f3n al Instituto, si surgieren fundados motivos de insolvencia o quiebra.<\/p>\n<p>&nbsp;<\/p>\n<p>PAR\u00c1GRAFO.\u00a0Los Gerentes de las instituciones o cajas que se incorporen al Instituto quedar\u00e1n sujetos a las responsabilidades consiguientes al ejercicio de su administraci\u00f3n hasta tanto la Junta Directiva del Instituto los libre de toda responsabilidad mediante resoluci\u00f3n especial.<\/p>\n<p>&nbsp;<\/p>\n<p>&nbsp;<\/p>\n<p><strong>Articulo 83.\u00a0*Derogado por el\u00a0<\/strong><strong>Decreto 433 de 1971<\/strong><strong>*<\/strong><\/p>\n<p>&nbsp;<\/p>\n<p><strong>*Nota de Vigencia*<\/strong><\/p>\n<p>&nbsp;<\/p>\n<table width=\"100%\">\n<tbody>\n<tr>\n<td>Art\u00edculo derogado por el art\u00edculo 67 del\u00a0<strong>Decreto 433 de 1971<\/strong>, publicado por el Diario Oficial No.33302 de 1 de mayo de 1971<\/td>\n<\/tr>\n<\/tbody>\n<\/table>\n<p>&nbsp;<\/p>\n<p><strong>*Texto original de la Ley 90 de 1946*<\/strong><\/p>\n<p>&nbsp;<\/p>\n<table width=\"100%\">\n<tbody>\n<tr>\n<td>El Presidente de la Rep\u00fablica queda ampliamente facultado hasta el 31 de diciembre de 1947, para hacer los traslados presupuestales que se requieran, para celebrar contratos y, en general, para dictar todas las medidas conducentes a la preparaci\u00f3n y organizaci\u00f3n del r\u00e9gimen del seguro social que se establece en la presente ley.<\/td>\n<\/tr>\n<\/tbody>\n<\/table>\n<p>&nbsp;<\/p>\n<p>&nbsp;<\/p>\n<p><strong>Articulo 84.\u00a0<\/strong>Esta ley regir\u00e1 desde su sanci\u00f3n.<\/p>\n<p>&nbsp;<\/p>\n<p>&nbsp;<\/p>\n<p>&nbsp;<\/p>\n<p>Dada en Bogot\u00e1 a once de diciembre de mil novecientos cuarenta y seis.<\/p>\n<p>&nbsp;<\/p>\n<p>RICARDO BONILLA GUTI\u00c9RREZ<\/p>\n<p>El Presidente del Senado<\/p>\n<p>&nbsp;<\/p>\n<p>JULIO CESAR TURBAY AYALA<\/p>\n<p>El Presidente de la C\u00e1mara de Representantes<\/p>\n<p>&nbsp;<\/p>\n<p>ARTURO SALAZAR GRILLO<\/p>\n<p>El Secretario del Senado<\/p>\n<p>&nbsp;<\/p>\n<p>ANDR\u00c9S CHAUSTRE B.<\/p>\n<p>El Secretario de la C\u00e1mara de Representantes<\/p>\n<p>&nbsp;<\/p>\n<p>REPUBLICA DE COLOMBIA &#8211; GOBIERNO NACIONAL<\/p>\n<p>&nbsp;<\/p>\n<p>PUBL\u00cdQUESE Y EJEC\u00daTESE<\/p>\n<p>Bogot\u00e1, 26 de diciembre de 1946<\/p>\n<p>&nbsp;<\/p>\n<p>MARIANO OSPINA P\u00c9REZ<\/p>\n<p>&nbsp;<\/p>\n<p>FRANCISCO DE P. P\u00c9REZ<\/p>\n<p>El Ministro de Hacienda y Cr\u00e9dito P\u00fablico<\/p>\n<p>&nbsp;<\/p>\n<p>BLAS HERRERA ANZO\u00c1TEGUI<\/p>\n<p>El Ministro de Trabajo, Higiene y Previsi\u00f3n Social<\/p>\n<p>&nbsp;<\/p>\n<p>JOS\u00c9 VICENTE D\u00c1VILA<\/p>\n<p>El Ministro de Correos y Tel\u00e9grafos<\/p>\n<p>&nbsp;<\/p>\n<p>DAR\u00cdO BOTERO ISAZA<\/p>\n<p>El Ministro de Obras P\u00fablicas<\/p>\n","protected":false},"excerpt":{"rendered":"<p>\u00a0LEY 90 DE 1946 (DICIEMBRE 26 DE 1946) Por la cual se establece el seguro social obligatorio y se crea el Instituto Colombiano de Seguros Sociales. EL CONGRESO DE COLOMBIA DECRETA: CAPITULO I Campo de Aplicaci\u00f3n Articulo 1.\u00a0*Derogado por el\u00a0Decreto 433 de 1971* *Nota de Vigencia* Art\u00edculo derogado por el art\u00edculo 67 del\u00a0Decreto 433 de [&hellip;]<\/p>\n","protected":false},"author":1,"featured_media":0,"comment_status":"open","ping_status":"open","sticky":false,"template":"","format":"standard","meta":{"footnotes":""},"categories":[94],"tags":[],"class_list":["post-3125","post","type-post","status-publish","format-standard","hentry","category-leyes-1946"],"_links":{"self":[{"href":"https:\/\/www.dmsjuridica.com\/buscador_20179478954\/legislacion\/leyes\/wp-json\/wp\/v2\/posts\/3125","targetHints":{"allow":["GET"]}}],"collection":[{"href":"https:\/\/www.dmsjuridica.com\/buscador_20179478954\/legislacion\/leyes\/wp-json\/wp\/v2\/posts"}],"about":[{"href":"https:\/\/www.dmsjuridica.com\/buscador_20179478954\/legislacion\/leyes\/wp-json\/wp\/v2\/types\/post"}],"author":[{"embeddable":true,"href":"https:\/\/www.dmsjuridica.com\/buscador_20179478954\/legislacion\/leyes\/wp-json\/wp\/v2\/users\/1"}],"replies":[{"embeddable":true,"href":"https:\/\/www.dmsjuridica.com\/buscador_20179478954\/legislacion\/leyes\/wp-json\/wp\/v2\/comments?post=3125"}],"version-history":[{"count":1,"href":"https:\/\/www.dmsjuridica.com\/buscador_20179478954\/legislacion\/leyes\/wp-json\/wp\/v2\/posts\/3125\/revisions"}],"predecessor-version":[{"id":3126,"href":"https:\/\/www.dmsjuridica.com\/buscador_20179478954\/legislacion\/leyes\/wp-json\/wp\/v2\/posts\/3125\/revisions\/3126"}],"wp:attachment":[{"href":"https:\/\/www.dmsjuridica.com\/buscador_20179478954\/legislacion\/leyes\/wp-json\/wp\/v2\/media?parent=3125"}],"wp:term":[{"taxonomy":"category","embeddable":true,"href":"https:\/\/www.dmsjuridica.com\/buscador_20179478954\/legislacion\/leyes\/wp-json\/wp\/v2\/categories?post=3125"},{"taxonomy":"post_tag","embeddable":true,"href":"https:\/\/www.dmsjuridica.com\/buscador_20179478954\/legislacion\/leyes\/wp-json\/wp\/v2\/tags?post=3125"}],"curies":[{"name":"wp","href":"https:\/\/api.w.org\/{rel}","templated":true}]}}