{"id":3389,"date":"2023-11-10T16:41:27","date_gmt":"2023-11-10T16:41:27","guid":{"rendered":"https:\/\/www.dmsjuridica.com\/buscador_20179478954\/legislacion\/leyes\/2023\/11\/10\/ley-11-de-1966\/"},"modified":"2023-11-10T16:41:27","modified_gmt":"2023-11-10T16:41:27","slug":"ley-11-de-1966","status":"publish","type":"post","link":"https:\/\/www.dmsjuridica.com\/buscador_20179478954\/legislacion\/leyes\/2023\/11\/10\/ley-11-de-1966\/","title":{"rendered":"LEY 11 DE 1966"},"content":{"rendered":"\n<p>\u00a0 \u00a0 \u00a0 \u00a0 \u00a0 \u00a0 \u00a0 \u00a0 \u00a0 \u00a0 \u00a0 \u00a0 \u00a0 \u00a0 \u00a0 \u00a0 \u00a0 \u00a0 \u00a0 \u00a0 \u00a0 \u00a0 \u00a0 \u00a0 \u00a0 \u00a0 \u00a0 \u00a0 \u00a0 \u00a0 \u00a0 \u00a0 \u00a0 \u00a0\u00a0<\/p>\n<p>LEY 11 DE 1966 \u00a0<\/p>\n<p>(julio 8 \u00a0 DE 1966) \u00a0 \u00a0<\/p>\n<p>por la cual \u00a0 \u00a0 se decreta la cesi\u00f3n de unos terrenos de propiedad de la Naci\u00f3n al Municipio de \u00a0 \u00a0 Cali, Departamento del Valle del Cauca, y se dictan otras disposiciones. \u00a0 \u00a0<\/p>\n<p>El Congreso \u00a0 \u00a0 de Colombia, \u00a0 \u00a0<\/p>\n<p>Produced by the free evaluation copy of TotalHTMLConverter<\/p>\n<p>Art\u00edculo 1. \u00a0 \u00a0 La Naci\u00f3n cede a favor del Municipio de Cali, Departamento del Valle del Cauca \u00a0 \u00a0 los derechos de propiedad y dominio de que actualmente disfruta, sobre un globo \u00a0 \u00a0 de terreno ubicado en el per\u00edmetro urbano de dicho Municipio, entre los barrios \u00a0 \u00a0 &#8220;Alfonso L\u00f3pez Pumarejo&#8221;, &#8220;Puerto Mallarino&#8221; y otros. Terrenos ocupados antes \u00a0 \u00a0 por la Empresa Nacional de Telecomunicaciones, cuyos linderos generales son: \u00a0 \u00a0 Norte, con zona verde de &#8220;Central Pro\u2011Vivienda de Colombia&#8221;, Barrio &#8220;Alfonso \u00a0 \u00a0 L\u00f3pez Pumarejo&#8221;, en extensi\u00f3n de 123.50 metros; Oriente, Calle del medio con \u00a0 \u00a0 &#8220;Central Pro\u2011Vivienda&#8221;, Barrio &#8220;Alfonso L\u00f3pez Pumarejo&#8221;, Calle al medio, en \u00a0 \u00a0 extensi\u00f3n de 117 metros; Sur, con la carrera 8\u00aa. de la ciudad de Cali, en \u00a0 \u00a0 extensi\u00f3n de 145 metros, y Occidente, con &#8220;Central Pro\u2011Vivienda de Colombia&#8221;, \u00a0 \u00a0 barrio &#8220;Alfonso L\u00f3pez Pumarejo&#8221;, Calle al medio en extensi\u00f3n de 148 metros. \u00a0 \u00a0<\/p>\n<p>Art\u00edculo 2. \u00a0 \u00a0 La cesi\u00f3n de que trata el art\u00edculo anterior, ser\u00e1 elevada a escritura p\u00fablica \u00a0 \u00a0 por el Ministro de Comunicaciones, instrumento que se extender\u00e1 a favor de las \u00a0 \u00a0 Empresas Municipales de Cali, las cuales destinar\u00e1n el terreno materia de la \u00a0 \u00a0 cesi\u00f3n a &#8220;zona verde&#8221;, conforme a lo dispuesto por la Oficina de Planeaci\u00f3n del \u00a0 \u00a0 Municipio en el mes de Agosto de 1961, al aprobar el plan urban\u00edstico de la \u00a0 \u00a0 ciudad de Cali. \u00a0 \u00a0<\/p>\n<p>Art\u00edculo 3. \u00a0 \u00a0 Las edificaciones existentes actualmente dentro del globo de terreno a que hace \u00a0 \u00a0 menci\u00f3n el art\u00edculo 1\u00ba. de \u00e9sta Ley, podr\u00e1n ser utilizadas por el Municipio de \u00a0 \u00a0 Cali, o por el Departamento del Valle del Cauca para los fines de que trata la \u00a0 \u00a0 Ordenanza n\u00famero 159 de 1961, expedida por la honorable Asamblea Departamental \u00a0 \u00a0 de aquella secci\u00f3n. \u00a0 \u00a0<\/p>\n<p>Art\u00edculo 4. Aux\u00edliase con la suma de $ 200.000.00 a la Cooperativa de Habitaciones de los \u00a0 \u00a0 Empleados Municipales de Cali Ltda., con destino a la construcci\u00f3n de vivienda. \u00a0 \u00a0<\/p>\n<p>Autor\u00edzase al \u00a0 \u00a0 Gobierno para abrir los cr\u00e9ditos y hacer las traslaciones necesarias en el \u00a0 \u00a0 Presupuesto de la actual vigencia, para el cumplimiento de lo dispuesto en el \u00a0 \u00a0 presente art\u00edculo. \u00a0 \u00a0<\/p>\n<p>Art\u00edculo 5. \u00a0 \u00a0 Esta Ley regir\u00e1 desde su sanci\u00f3n. \u00a0<\/p>\n<p>Rep\u00fablica de \u00a0 \u00a0 Colombia. Gobierno Nacional. \u00a0 \u00a0<\/p>\n<p>Dada en \u00a0 \u00a0 Bogot\u00e1, D.E., a 15 de junio 1966. \u00a0 \u00a0<\/p>\n<p>El Presidente \u00a0 \u00a0 del Senado, \u00a0 \u00a0<\/p>\n<p>EUGENIO GOMEZ \u00a0 \u00a0 GOMEZ \u00a0 \u00a0<\/p>\n<p>El Presidente \u00a0 \u00a0 de la C\u00e1mara de Representantes, \u00a0 \u00a0<\/p>\n<p>\u00a0JAIME UCROS \u00a0 \u00a0 GARCIA \u00a0 \u00a0<\/p>\n<p>El Secretario \u00a0 \u00a0 del Senado, \u00a0 \u00a0<\/p>\n<p>\u00a0Amaury \u00a0 \u00a0 Guerrero. \u00a0 \u00a0<\/p>\n<p>El Secretario \u00a0 \u00a0 de la C\u00e1mara de Representantes, \u00a0 \u00a0<\/p>\n<p>\u00a0Luis \u00a0 \u00a0 Esparragoza G\u00e1lvez. \u00a0 \u00a0<\/p>\n<p>Produced by the free evaluation copy of TotalHTMLConverter<\/p>\n<p>Bogot\u00e1, D.E., \u00a0 \u00a0 julio 8 de 1966. \u00a0 \u00a0<\/p>\n<p>Publ\u00edquese y \u00a0 \u00a0 ejec\u00fatese. \u00a0 \u00a0<\/p>\n<p>GUILLERMO \u00a0 \u00a0 LEON VALENCIA \u00a0 \u00a0<\/p>\n<p>El Ministro \u00a0 \u00a0 de Hacienda y Cr\u00e9dito P\u00fablico, \u00a0<\/p>\n<p>Joaqu\u00edn Vallejo Arbel\u00e1ez. \u00a0<\/p>\n<p>El Ministro de \u00a0 \u00a0 Comunicaciones, \u00a0<\/p>\n<p>Alfredo Riascos Labarc\u00e9s. \u00a0 \u00a0 \u00a0 \u00a0 \u00a0 \u00a0 \u00a0 \u00a0 \u00a0 \u00a0<\/p>\n<p><\/p>\n","protected":false},"excerpt":{"rendered":"<p>\u00a0 \u00a0 \u00a0 \u00a0 \u00a0 \u00a0 \u00a0 \u00a0 \u00a0 \u00a0 \u00a0 \u00a0 \u00a0 \u00a0 \u00a0 \u00a0 \u00a0 \u00a0 \u00a0 \u00a0 \u00a0 \u00a0 \u00a0 \u00a0 \u00a0 \u00a0 \u00a0 \u00a0 \u00a0 \u00a0 \u00a0 \u00a0 \u00a0 \u00a0\u00a0 LEY 11 DE 1966 \u00a0 (julio 8 \u00a0 DE 1966) \u00a0 \u00a0 por la cual \u00a0 \u00a0 se decreta la cesi\u00f3n [&hellip;]<\/p>\n","protected":false},"author":1,"featured_media":0,"comment_status":"open","ping_status":"open","sticky":false,"template":"","format":"standard","meta":{"footnotes":""},"categories":[107],"tags":[],"class_list":["post-3389","post","type-post","status-publish","format-standard","hentry","category-leyes-1966"],"_links":{"self":[{"href":"https:\/\/www.dmsjuridica.com\/buscador_20179478954\/legislacion\/leyes\/wp-json\/wp\/v2\/posts\/3389","targetHints":{"allow":["GET"]}}],"collection":[{"href":"https:\/\/www.dmsjuridica.com\/buscador_20179478954\/legislacion\/leyes\/wp-json\/wp\/v2\/posts"}],"about":[{"href":"https:\/\/www.dmsjuridica.com\/buscador_20179478954\/legislacion\/leyes\/wp-json\/wp\/v2\/types\/post"}],"author":[{"embeddable":true,"href":"https:\/\/www.dmsjuridica.com\/buscador_20179478954\/legislacion\/leyes\/wp-json\/wp\/v2\/users\/1"}],"replies":[{"embeddable":true,"href":"https:\/\/www.dmsjuridica.com\/buscador_20179478954\/legislacion\/leyes\/wp-json\/wp\/v2\/comments?post=3389"}],"version-history":[{"count":0,"href":"https:\/\/www.dmsjuridica.com\/buscador_20179478954\/legislacion\/leyes\/wp-json\/wp\/v2\/posts\/3389\/revisions"}],"wp:attachment":[{"href":"https:\/\/www.dmsjuridica.com\/buscador_20179478954\/legislacion\/leyes\/wp-json\/wp\/v2\/media?parent=3389"}],"wp:term":[{"taxonomy":"category","embeddable":true,"href":"https:\/\/www.dmsjuridica.com\/buscador_20179478954\/legislacion\/leyes\/wp-json\/wp\/v2\/categories?post=3389"},{"taxonomy":"post_tag","embeddable":true,"href":"https:\/\/www.dmsjuridica.com\/buscador_20179478954\/legislacion\/leyes\/wp-json\/wp\/v2\/tags?post=3389"}],"curies":[{"name":"wp","href":"https:\/\/api.w.org\/{rel}","templated":true}]}}