{"id":3411,"date":"2023-11-10T16:41:28","date_gmt":"2023-11-10T16:41:28","guid":{"rendered":"https:\/\/www.dmsjuridica.com\/buscador_20179478954\/legislacion\/leyes\/2023\/11\/10\/ley-31-de-1966\/"},"modified":"2023-11-10T16:41:28","modified_gmt":"2023-11-10T16:41:28","slug":"ley-31-de-1966","status":"publish","type":"post","link":"https:\/\/www.dmsjuridica.com\/buscador_20179478954\/legislacion\/leyes\/2023\/11\/10\/ley-31-de-1966\/","title":{"rendered":"LEY 31 DE 1966"},"content":{"rendered":"\n<p>\u00a0 \u00a0 \u00a0 \u00a0 \u00a0 \u00a0 \u00a0 \u00a0 \u00a0 \u00a0 \u00a0 \u00a0 \u00a0 \u00a0\u00a0<\/p>\n<p>LEY 31 DE 1966 \u00a0<\/p>\n<p>(julio 25 \u00a0 de 1966) \u00a0 \u00a0<\/p>\n<p>por la cual \u00a0 \u00a0 la Naci\u00f3n honra la memoria de un colombiano eminente y se dictan otras \u00a0 \u00a0 disposiciones. \u00a0 \u00a0<\/p>\n<p>El Congreso \u00a0 \u00a0 de Colombia, \u00a0 \u00a0<\/p>\n<p>DECRETA \u00a0<\/p>\n<p>Produced by the free evaluation copy of TotalHTMLConverter<\/p>\n<p>Art\u00edculo 1. \u00a0 \u00a0 La Rep\u00fablica de Colombia honra la memoria del eminente hombre p\u00fablico, doctor \u00a0 \u00a0 An\u00edbal Badel, quien en su larga y meritoria vida ocupara altas dignidades \u00a0 \u00a0 oficiales y pol\u00edticas, como las de Diputado a la Asamblea de Bol\u00edvar y \u00a0 \u00a0 Gobernador del mismo Departamento, Representante a la C\u00e1mara, Senador de la \u00a0 \u00a0 Rep\u00fablica, Ministro del Despacho, Presidente del honorable Consejo de Estado, \u00a0 \u00a0 Designado a la Presidencia, y Presidente de la Direcci\u00f3n Nacional del \u00a0 \u00a0 Liberalismo. \u00a0 \u00a0<\/p>\n<p>Art\u00edculo 2. \u00a0 \u00a0 En homenaje a la memoria del distinguido colombiano, la Naci\u00f3n pavimentar\u00e1 el \u00a0 \u00a0 sector de la Troncal Occidental, comprendido entre las ciudades de Sincelejo y \u00a0 \u00a0 Corozal, tierra natal esta \u00faltima del extinto. Las especificaciones de esta v\u00eda, \u00a0 \u00a0 de dos calzadas, las determinar\u00e1 el Ministerio de Obras P\u00fablicas, y llevar\u00e1 por \u00a0 \u00a0 nombre &#8220;Autopista An\u00edbal Badel&#8221;. \u00a0 \u00a0<\/p>\n<p>Art\u00edculo 3. \u00a0 \u00a0 Un retrato al \u00f3leo del destacado hombre p\u00fablico ser\u00e1 colocado en el sitio de \u00a0 \u00a0 honor que se\u00f1ale la Mesa Directiva del honorable Senado de la Rep\u00fablica, en una \u00a0 \u00a0 de las dependencias de dicha Corporaci\u00f3n. \u00a0 \u00a0<\/p>\n<p>Art\u00edculo 4. \u00a0 \u00a0 De la misma manera, y con fondos del Tesoro Nacional, er\u00edjase un busto de bronce \u00a0 \u00a0 al doctor An\u00edbal Badel, en la ciudad de Corozal (Bol\u00edvar), en el lugar que as\u00ed \u00a0 \u00a0 lo determine su Concejo Municipal, y cuyo pedestal llevar\u00e1 la siguiente leyenda: \u00a0 \u00a0 &#8220;El Congreso de Colombia a An\u00edbal Badel&#8221;. \u00a0 \u00a0<\/p>\n<p>Art\u00edculo 5. \u00a0 \u00a0 Autor\u00edzase al Gobierno Nacional para ejecutar la &#8220;Autopista An\u00edbal Badel&#8221;, \u00a0 \u00a0 directamente con los fondos presupuestales ordinarios o extraordinarios, o por \u00a0 \u00a0 los sistemas de valorizaci\u00f3n, concesi\u00f3n o cualquier otro similar autorizado por \u00a0 \u00a0 la Ley. \u00a0 \u00a0<\/p>\n<p>Par\u00e1grafo. \u00a0 \u00a0 Las partidas destinadas en el Presupuesto Nacional para la Construcci\u00f3n, \u00a0 \u00a0 reconstrucci\u00f3n y pavimentaci\u00f3n de la Carretera Troncal Occidental, en el \u00a0 \u00a0 trayecto comprendido entre las ciudades de Sincelejo y Corozal, ser\u00e1n dedicadas \u00a0 \u00a0 a la ejecuci\u00f3n de la &#8220;Autopista An\u00edbal Badel&#8221;. \u00a0 \u00a0<\/p>\n<p>Art\u00edculo 6. \u00a0 \u00a0 El Gobierno Nacional, har\u00e1 las apropiaciones necesarias a partir de la vigencia \u00a0 \u00a0 presupuestal de 1966, y si as\u00ed no lo hiciere, autor\u00edzase para efectuar los \u00a0 \u00a0 traslados, cr\u00e9ditos y contracr\u00e9ditos conducentes al cumplimiento de la presente \u00a0 \u00a0 Ley. \u00a0 \u00a0<\/p>\n<p>Art\u00edculo 7. \u00a0 \u00a0 Esta Ley regir\u00e1 a partir de la fecha de su sanci\u00f3n. \u00a0 \u00a0<\/p>\n<p>Dada en \u00a0 \u00a0 Bogot\u00e1, D.E., a 22 de junio de 1966. \u00a0 \u00a0<\/p>\n<p>El Presidente \u00a0 \u00a0 del Senado, \u00a0 \u00a0<\/p>\n<p>\u00a0GUILLERMO \u00a0 \u00a0 NI\u00d1O MEDINA \u00a0 \u00a0<\/p>\n<p>El Presidente \u00a0 \u00a0 de la C\u00e1mara de Representantes, \u00a0 \u00a0<\/p>\n<p>\u00a0CARLOS \u00a0 \u00a0 ALBORNOZ R. \u00a0 \u00a0<\/p>\n<p>El Secretario \u00a0 \u00a0 del Senado, \u00a0 \u00a0<\/p>\n<p>\u00a0Amaury \u00a0 \u00a0 Guerrero \u00a0<\/p>\n<p>Produced by the free evaluation copy of TotalHTMLConverter<\/p>\n<p>El Secretario \u00a0 \u00a0 de la C\u00e1mara de Representantes, \u00a0 \u00a0<\/p>\n<p>\u00a0Luis \u00a0 \u00a0 Esparragoza G\u00e1lvez \u00a0 \u00a0<\/p>\n<p>Rep\u00fablica de \u00a0 \u00a0 Colombia. Gobierno Nacional. \u00a0 \u00a0<\/p>\n<p>Bogot\u00e1, D.E., \u00a0 \u00a0 julio 25 de 1966. \u00a0 \u00a0<\/p>\n<p>Publ\u00edquese y \u00a0 \u00a0 ejec\u00fatese. \u00a0 \u00a0<\/p>\n<p>GUILLERMO \u00a0 \u00a0 LE\u00d3N VALENCIA \u00a0 \u00a0<\/p>\n<p>El Ministro \u00a0 \u00a0 de Hacienda y Cr\u00e9dito P\u00fablico, \u00a0<\/p>\n<p>Joaqu\u00edn Vallejo Arbel\u00e1ez. \u00a0<\/p>\n<p>EL Ministro de \u00a0 \u00a0 Obras P\u00fablicas, \u00a0<\/p>\n<p>Tom\u00e1s Castrill\u00f3n Mu\u00f1oz. \u00a0 \u00a0 \u00a0 \u00a0 \u00a0 \u00a0 \u00a0 \u00a0 \u00a0 \u00a0<\/p>\n<p><\/p>\n","protected":false},"excerpt":{"rendered":"<p>\u00a0 \u00a0 \u00a0 \u00a0 \u00a0 \u00a0 \u00a0 \u00a0 \u00a0 \u00a0 \u00a0 \u00a0 \u00a0 \u00a0\u00a0 LEY 31 DE 1966 \u00a0 (julio 25 \u00a0 de 1966) \u00a0 \u00a0 por la cual \u00a0 \u00a0 la Naci\u00f3n honra la memoria de un colombiano eminente y se dictan otras \u00a0 \u00a0 disposiciones. \u00a0 \u00a0 El Congreso \u00a0 \u00a0 de Colombia, [&hellip;]<\/p>\n","protected":false},"author":1,"featured_media":0,"comment_status":"open","ping_status":"open","sticky":false,"template":"","format":"standard","meta":{"footnotes":""},"categories":[107],"tags":[],"class_list":["post-3411","post","type-post","status-publish","format-standard","hentry","category-leyes-1966"],"_links":{"self":[{"href":"https:\/\/www.dmsjuridica.com\/buscador_20179478954\/legislacion\/leyes\/wp-json\/wp\/v2\/posts\/3411","targetHints":{"allow":["GET"]}}],"collection":[{"href":"https:\/\/www.dmsjuridica.com\/buscador_20179478954\/legislacion\/leyes\/wp-json\/wp\/v2\/posts"}],"about":[{"href":"https:\/\/www.dmsjuridica.com\/buscador_20179478954\/legislacion\/leyes\/wp-json\/wp\/v2\/types\/post"}],"author":[{"embeddable":true,"href":"https:\/\/www.dmsjuridica.com\/buscador_20179478954\/legislacion\/leyes\/wp-json\/wp\/v2\/users\/1"}],"replies":[{"embeddable":true,"href":"https:\/\/www.dmsjuridica.com\/buscador_20179478954\/legislacion\/leyes\/wp-json\/wp\/v2\/comments?post=3411"}],"version-history":[{"count":0,"href":"https:\/\/www.dmsjuridica.com\/buscador_20179478954\/legislacion\/leyes\/wp-json\/wp\/v2\/posts\/3411\/revisions"}],"wp:attachment":[{"href":"https:\/\/www.dmsjuridica.com\/buscador_20179478954\/legislacion\/leyes\/wp-json\/wp\/v2\/media?parent=3411"}],"wp:term":[{"taxonomy":"category","embeddable":true,"href":"https:\/\/www.dmsjuridica.com\/buscador_20179478954\/legislacion\/leyes\/wp-json\/wp\/v2\/categories?post=3411"},{"taxonomy":"post_tag","embeddable":true,"href":"https:\/\/www.dmsjuridica.com\/buscador_20179478954\/legislacion\/leyes\/wp-json\/wp\/v2\/tags?post=3411"}],"curies":[{"name":"wp","href":"https:\/\/api.w.org\/{rel}","templated":true}]}}