{"id":3412,"date":"2023-11-10T16:41:28","date_gmt":"2023-11-10T16:41:28","guid":{"rendered":"https:\/\/www.dmsjuridica.com\/buscador_20179478954\/legislacion\/leyes\/2023\/11\/10\/ley-32-de-1966\/"},"modified":"2023-11-10T16:41:28","modified_gmt":"2023-11-10T16:41:28","slug":"ley-32-de-1966","status":"publish","type":"post","link":"https:\/\/www.dmsjuridica.com\/buscador_20179478954\/legislacion\/leyes\/2023\/11\/10\/ley-32-de-1966\/","title":{"rendered":"LEY 32 DE 1966"},"content":{"rendered":"\n<p>LEY 32 DE 1966 \u00a0<\/p>\n<p>Produced by the free evaluation copy of TotalHTMLConverter<\/p>\n<p>(julio 25 \u00a0 de 1966) \u00a0 \u00a0<\/p>\n<p>por la cual \u00a0 \u00a0 la Naci\u00f3n se asocia al primer cincuentenario del Municipio de San Jos\u00e9 de \u00a0 \u00a0 Miranda, en el Departamento de Santander, que se celebra el 8 de septiembre de \u00a0 \u00a0 1965. \u00a0 \u00a0<\/p>\n<p>El Congreso \u00a0 \u00a0 de Colombia, \u00a0 \u00a0<\/p>\n<p>DECRETA \u00a0<\/p>\n<p>Art\u00edculo 1. \u00a0 \u00a0 La Naci\u00f3n se asocia a la celebraci\u00f3n del primer cincuentenario de la fundaci\u00f3n \u00a0 \u00a0 del Municipio de San Jos\u00e9 de Miranda, en el Departamento de Santander, hecho que \u00a0 \u00a0 se realizar\u00e1 gracias al esp\u00edritu progresista del Sacerdote Isidoro Miranda Morantes, exalta la memoria de tan ilustre levita, y reconoce el esp\u00edritu de \u00a0 \u00a0 laboriosidad y convivencia ciudadana de los hijos de esa poblaci\u00f3n. \u00a0 \u00a0<\/p>\n<p>Art\u00edculo 2. Aux\u00edliase al Municipio de San Jos\u00e9 de Miranda con la suma de doscientos \u00a0 \u00a0 cincuenta mil pesos ($ 250.000.00) moneda corriente, para atender a las obras \u00a0 \u00a0 m\u00e1s urgentes, as\u00ed: \u00a0 \u00a0<\/p>\n<p>a) $ \u00a0 \u00a0 170.000.00, para la pavimentaci\u00f3n de las principales calles de la localidad; \u00a0 \u00a0<\/p>\n<p>b) $ \u00a0 \u00a0 50.000.00, para la construcci\u00f3n y ampliaci\u00f3n de un Centro Nutricional de ese \u00a0 \u00a0 Municipio, y \u00a0 \u00a0<\/p>\n<p>c) $ \u00a0 \u00a0 30.000.00, como aporte del Municipio para la iluminaci\u00f3n del Parque de San Jos\u00e9 \u00a0 \u00a0 de Miranda. \u00a0 \u00a0<\/p>\n<p>Art\u00edculo 3. \u00a0 \u00a0 El manejo de las sumas decretadas estar\u00e1 a cargo de una Junta, integrada por un \u00a0 \u00a0 representante del Ministerio de Obras P\u00fablicas, otro de la Contralor\u00eda General \u00a0 \u00a0 de la Rep\u00fablica, y por el Alcalde y Personero del Municipio de San Jos\u00e9 de \u00a0 \u00a0 Miranda. \u00a0 \u00a0<\/p>\n<p>Art\u00edculo 4. \u00a0 \u00a0 Se autoriza expresamente al Gobierno Nacional para que, en caso de no ser inclu\u00eddas dichas partidas en el Presupuesto, haga las traslaciones necesarias \u00a0 \u00a0 para dar estricto cumplimiento a la presente Ley. \u00a0 \u00a0<\/p>\n<p>Art\u00edculo 5. \u00a0 \u00a0 Esta Ley rige desde su sanci\u00f3n. \u00a0 \u00a0<\/p>\n<p>Dada en \u00a0 \u00a0 Bogot\u00e1, D.E., a 22 de junio de 1966. \u00a0 \u00a0<\/p>\n<p>El Presidente \u00a0 \u00a0 del Senado, \u00a0 \u00a0<\/p>\n<p>\u00a0EUGENIO \u00a0 G\u00d3MEZ G\u00d3MEZ \u00a0 \u00a0<\/p>\n<p>El Presidente \u00a0 \u00a0 de la C\u00e1mara de Representantes, \u00a0 \u00a0<\/p>\n<p>\u00a0CARLOS \u00a0 \u00a0 ALBORNOZ R. \u00a0 \u00a0<\/p>\n<p>El Secretario \u00a0 \u00a0 del Senado, \u00a0 \u00a0<\/p>\n<p>\u00a0Amaury \u00a0 \u00a0 Guerrero \u00a0 \u00a0<\/p>\n<p>Produced by the free evaluation copy of TotalHTMLConverter<\/p>\n<p>\u00a0Luis \u00a0 \u00a0 Esparragoza G\u00e1lvez \u00a0 \u00a0<\/p>\n<p>Rep\u00fablica de \u00a0 \u00a0 Colombia. Gobierno Nacional. \u00a0 \u00a0<\/p>\n<p>Bogot\u00e1 D.E., \u00a0 \u00a0 julio 25 de 1966. \u00a0 \u00a0<\/p>\n<p>Publ\u00edquese y \u00a0 \u00a0 ejec\u00fatese. \u00a0<\/p>\n<p>GUILLERMO \u00a0 \u00a0 LE\u00d3N VALENCIA \u00a0 \u00a0<\/p>\n<p>El Ministro \u00a0 \u00a0 de Hacienda y Cr\u00e9dito P\u00fablico, \u00a0<\/p>\n<p>\u00a0Joaqu\u00edn Vallejo Arbel\u00e1ez. \u00a0<\/p>\n<p>El Ministro de Salud \u00a0 \u00a0 P\u00fablica, \u00a0<\/p>\n<p>Juan Jacobo Mu\u00f1oz.\u00a0 \u00a0<\/p>\n<p>\u00a0El Ministro de Obras P\u00fablicas, \u00a0<\/p>\n<p>Tom\u00e1s Castrill\u00f3n \u00a0 \u00a0 Mu\u00f1oz. \u00a0 \u00a0 \u00a0 \u00a0 \u00a0 \u00a0 \u00a0 \u00a0 \u00a0 \u00a0<\/p>\n<p><\/p>\n","protected":false},"excerpt":{"rendered":"<p>LEY 32 DE 1966 \u00a0 Produced by the free evaluation copy of TotalHTMLConverter (julio 25 \u00a0 de 1966) \u00a0 \u00a0 por la cual \u00a0 \u00a0 la Naci\u00f3n se asocia al primer cincuentenario del Municipio de San Jos\u00e9 de \u00a0 \u00a0 Miranda, en el Departamento de Santander, que se celebra el 8 de septiembre de \u00a0 [&hellip;]<\/p>\n","protected":false},"author":1,"featured_media":0,"comment_status":"open","ping_status":"open","sticky":false,"template":"","format":"standard","meta":{"footnotes":""},"categories":[107],"tags":[],"class_list":["post-3412","post","type-post","status-publish","format-standard","hentry","category-leyes-1966"],"_links":{"self":[{"href":"https:\/\/www.dmsjuridica.com\/buscador_20179478954\/legislacion\/leyes\/wp-json\/wp\/v2\/posts\/3412","targetHints":{"allow":["GET"]}}],"collection":[{"href":"https:\/\/www.dmsjuridica.com\/buscador_20179478954\/legislacion\/leyes\/wp-json\/wp\/v2\/posts"}],"about":[{"href":"https:\/\/www.dmsjuridica.com\/buscador_20179478954\/legislacion\/leyes\/wp-json\/wp\/v2\/types\/post"}],"author":[{"embeddable":true,"href":"https:\/\/www.dmsjuridica.com\/buscador_20179478954\/legislacion\/leyes\/wp-json\/wp\/v2\/users\/1"}],"replies":[{"embeddable":true,"href":"https:\/\/www.dmsjuridica.com\/buscador_20179478954\/legislacion\/leyes\/wp-json\/wp\/v2\/comments?post=3412"}],"version-history":[{"count":0,"href":"https:\/\/www.dmsjuridica.com\/buscador_20179478954\/legislacion\/leyes\/wp-json\/wp\/v2\/posts\/3412\/revisions"}],"wp:attachment":[{"href":"https:\/\/www.dmsjuridica.com\/buscador_20179478954\/legislacion\/leyes\/wp-json\/wp\/v2\/media?parent=3412"}],"wp:term":[{"taxonomy":"category","embeddable":true,"href":"https:\/\/www.dmsjuridica.com\/buscador_20179478954\/legislacion\/leyes\/wp-json\/wp\/v2\/categories?post=3412"},{"taxonomy":"post_tag","embeddable":true,"href":"https:\/\/www.dmsjuridica.com\/buscador_20179478954\/legislacion\/leyes\/wp-json\/wp\/v2\/tags?post=3412"}],"curies":[{"name":"wp","href":"https:\/\/api.w.org\/{rel}","templated":true}]}}