{"id":3418,"date":"2023-11-10T16:41:28","date_gmt":"2023-11-10T16:41:28","guid":{"rendered":"https:\/\/www.dmsjuridica.com\/buscador_20179478954\/legislacion\/leyes\/2023\/11\/10\/ley-38-de-1966\/"},"modified":"2023-11-10T16:41:28","modified_gmt":"2023-11-10T16:41:28","slug":"ley-38-de-1966","status":"publish","type":"post","link":"https:\/\/www.dmsjuridica.com\/buscador_20179478954\/legislacion\/leyes\/2023\/11\/10\/ley-38-de-1966\/","title":{"rendered":"LEY 38 DE 1966"},"content":{"rendered":"\n<p>LEY 38 DE 1966 \u00a0<\/p>\n<p>(agosto 3 \u00a0 DE 1966) \u00a0 \u00a0<\/p>\n<p>por la cual se incorporan al Plan \u00a0 Vial Nacional unas carreteras en el Departamento del Meta, y se dictan otras \u00a0 disposiciones. \u00a0<\/p>\n<p>El Congreso \u00a0 \u00a0 de Colombia, \u00a0 \u00a0<\/p>\n<p>DECRETA \u00a0<\/p>\n<p>Art\u00edculo 1. Nacionalizadse e incorpor\u00e1nse en el Plan Vial Nacional, los siguientes tramos de \u00a0 \u00a0 carreteras en el Departamento del Meta: \u00a0 \u00a0<\/p>\n<p>1o. \u00a0 \u00a0 Carretera San Mart\u00edn\u2011Granada\u2011Fuente de Oro. \u00a0 \u00a0<\/p>\n<p>2o. \u00a0 \u00a0 Acac\u00edas\u2011San Carlos de Guaroa. \u00a0 \u00a0<\/p>\n<p>3o. \u00a0 \u00a0 Mata Azul\u2011Remolino. \u00a0 \u00a0<\/p>\n<p>4o. \u00a0 \u00a0 Chepero\u2011Veracruz. \u00a0 \u00a0<\/p>\n<p>5o. \u00a0 \u00a0 Acac\u00edas\u2011Dinamarca\u2011Surimena. \u00a0 \u00a0<\/p>\n<p>Art\u00edculo 2. Ampliase la autorizaci\u00f3n a que se refiere el art\u00edculo 1o. de la Ley \u00a0 \u00a0 35 de 1963, dada al Gobierno Nacional, hasta la ocurrencia del monto total de \u00a0 \u00a0 las tres (3) obras mencionadas en dicha Ley, pudiendo el Gobierno establecer \u00a0 \u00a0 peaje para respaldar la operaci\u00f3n financiera correspondiente. \u00a0 \u00a0<\/p>\n<p>Art\u00edculo 3. \u00a0 \u00a0 Para dar cumplimiento al art\u00edculo anterior, el Gobierno incluir\u00e1 en los \u00a0 \u00a0 presupuestos anuales las partidas necesarias para atender el servicio de los \u00a0 \u00a0 documentos de cr\u00e9dito correspondientes. \u00a0 \u00a0<\/p>\n<p>Produced by the free evaluation copy of TotalHTMLConverter<\/p>\n<p>Art\u00edculo 4. \u00a0 \u00a0 De los fondos que el Ministerio de Obras P\u00fablicas destine para atender la \u00a0 \u00a0 construcci\u00f3n de la carretera Jes\u00fas Mar\u00eda\u2011La Belleza\u2011R\u00edo Minero, se tomar\u00e1n las \u00a0 \u00a0 partidas necesarias para rectificaci\u00f3n, ampliaci\u00f3n y terminaci\u00f3n de la carretera \u00a0 \u00a0 Jes\u00fas Mar\u00eda\u2011El Casino\u2011Pe\u00f1abonita\u2011La Belleza. \u00a0 \u00a0<\/p>\n<p>Art\u00edculo 5. \u00a0 \u00a0 Esta Ley regir\u00e1 desde su sanci\u00f3n. \u00a0<\/p>\n<p>Dada en \u00a0 \u00a0 Bogot\u00e1, D.E., a los doce d\u00edas del mes de julio de mil novecientos sesenta y \u00a0 \u00a0 seis. \u00a0 \u00a0<\/p>\n<p>El Presidente \u00a0 \u00a0 del honorable Senado de la Rep\u00fablica, \u00a0 \u00a0<\/p>\n<p>\u00a0EUGENIO \u00a0 G\u00d3MEZ G\u00d3MEZ \u00a0 \u00a0<\/p>\n<p>El \u00a0 Presidente de la honorable C\u00e1mara, \u00a0 \u00a0<\/p>\n<p>\u00a0CARLOS \u00a0 \u00a0 ALBORNOZ R \u00a0 \u00a0<\/p>\n<p>El Secretario \u00a0 \u00a0 del honorable Senado, \u00a0 \u00a0<\/p>\n<p>\u00a0Amaury \u00a0 \u00a0 Guerrero \u00a0 \u00a0<\/p>\n<p>El Secretario \u00a0 \u00a0 de la honorable C\u00e1mara, \u00a0 \u00a0<\/p>\n<p>\u00a0Luis \u00a0 \u00a0 Esparragoza G\u00e1lvez \u00a0 \u00a0<\/p>\n<p>Rep\u00fablica de \u00a0 \u00a0 Colombia. Gobierno Nacional. \u00a0 \u00a0<\/p>\n<p>Bogot\u00e1, D.E., \u00a0 \u00a0 agosto 3 de 1966. \u00a0 \u00a0<\/p>\n<p>Publ\u00edquese y \u00a0 \u00a0 ejec\u00fatese. \u00a0 \u00a0<\/p>\n<p>GUILLERMO \u00a0 \u00a0 LE\u00d3N VALENCIA \u00a0 \u00a0<\/p>\n<p>El Ministro \u00a0 \u00a0 de Hacienda y Cr\u00e9dito P\u00fablico, \u00a0<\/p>\n<p>Joaqu\u00edn Vallejo Arbel\u00e1ez. \u00a0<\/p>\n<p>El Ministro de \u00a0 \u00a0 Obras P\u00fablicas, \u00a0<\/p>\n<p>Tom\u00e1s Castrill\u00f3n Mu\u00f1oz. \u00a0 \u00a0 \u00a0 \u00a0 \u00a0 \u00a0 \u00a0 \u00a0 \u00a0 \u00a0<\/p>\n<p><\/p>\n","protected":false},"excerpt":{"rendered":"<p>LEY 38 DE 1966 \u00a0 (agosto 3 \u00a0 DE 1966) \u00a0 \u00a0 por la cual se incorporan al Plan \u00a0 Vial Nacional unas carreteras en el Departamento del Meta, y se dictan otras \u00a0 disposiciones. \u00a0 El Congreso \u00a0 \u00a0 de Colombia, \u00a0 \u00a0 DECRETA \u00a0 Art\u00edculo 1. Nacionalizadse e incorpor\u00e1nse en el Plan Vial [&hellip;]<\/p>\n","protected":false},"author":1,"featured_media":0,"comment_status":"open","ping_status":"open","sticky":false,"template":"","format":"standard","meta":{"footnotes":""},"categories":[107],"tags":[],"class_list":["post-3418","post","type-post","status-publish","format-standard","hentry","category-leyes-1966"],"_links":{"self":[{"href":"https:\/\/www.dmsjuridica.com\/buscador_20179478954\/legislacion\/leyes\/wp-json\/wp\/v2\/posts\/3418","targetHints":{"allow":["GET"]}}],"collection":[{"href":"https:\/\/www.dmsjuridica.com\/buscador_20179478954\/legislacion\/leyes\/wp-json\/wp\/v2\/posts"}],"about":[{"href":"https:\/\/www.dmsjuridica.com\/buscador_20179478954\/legislacion\/leyes\/wp-json\/wp\/v2\/types\/post"}],"author":[{"embeddable":true,"href":"https:\/\/www.dmsjuridica.com\/buscador_20179478954\/legislacion\/leyes\/wp-json\/wp\/v2\/users\/1"}],"replies":[{"embeddable":true,"href":"https:\/\/www.dmsjuridica.com\/buscador_20179478954\/legislacion\/leyes\/wp-json\/wp\/v2\/comments?post=3418"}],"version-history":[{"count":0,"href":"https:\/\/www.dmsjuridica.com\/buscador_20179478954\/legislacion\/leyes\/wp-json\/wp\/v2\/posts\/3418\/revisions"}],"wp:attachment":[{"href":"https:\/\/www.dmsjuridica.com\/buscador_20179478954\/legislacion\/leyes\/wp-json\/wp\/v2\/media?parent=3418"}],"wp:term":[{"taxonomy":"category","embeddable":true,"href":"https:\/\/www.dmsjuridica.com\/buscador_20179478954\/legislacion\/leyes\/wp-json\/wp\/v2\/categories?post=3418"},{"taxonomy":"post_tag","embeddable":true,"href":"https:\/\/www.dmsjuridica.com\/buscador_20179478954\/legislacion\/leyes\/wp-json\/wp\/v2\/tags?post=3418"}],"curies":[{"name":"wp","href":"https:\/\/api.w.org\/{rel}","templated":true}]}}