{"id":3423,"date":"2023-11-10T16:41:29","date_gmt":"2023-11-10T16:41:29","guid":{"rendered":"https:\/\/www.dmsjuridica.com\/buscador_20179478954\/legislacion\/leyes\/2023\/11\/10\/ley-42-de-1966\/"},"modified":"2023-11-10T16:41:29","modified_gmt":"2023-11-10T16:41:29","slug":"ley-42-de-1966","status":"publish","type":"post","link":"https:\/\/www.dmsjuridica.com\/buscador_20179478954\/legislacion\/leyes\/2023\/11\/10\/ley-42-de-1966\/","title":{"rendered":"LEY 42 DE 1966"},"content":{"rendered":"\n<p>LEY 42 DE 1966 \u00a0<\/p>\n<p>(agosto 12 \u00a0 DE 1966) \u00a0 \u00a0<\/p>\n<p>por la cual \u00a0 \u00a0 el Congreso se asocia a la celebraci\u00f3n de las bodas de plata de la Congregaci\u00f3n \u00a0 \u00a0 Mariana de J\u00f3venes y Caballeros de Medell\u00edn, y decreta un auxilio para las obras \u00a0 \u00a0 de asistencia social de la instituci\u00f3n. \u00a0<\/p>\n<p>El Congreso \u00a0 \u00a0 de Colombia, \u00a0 \u00a0<\/p>\n<p>DECRETA \u00a0<\/p>\n<p>Art\u00edculo 1. \u00a0 \u00a0 El Congreso de Colombia se asocia a la celebraci\u00f3n de las bodas de plata de la \u00a0 \u00a0 Congregaci\u00f3n Mariana, entidad que desde hace veinticinco a\u00f1os ha dedicado todos \u00a0 \u00a0 sus esfuerzos al servicio de la comunidad, con el establecimiento de centros \u00a0 \u00a0 asistenciales, de consulta m\u00e9dica, odontol\u00f3gica, laboratorios, tratamiento y \u00a0 \u00a0 cirug\u00eda cardiovascular, servicio social, y ayuda de todo g\u00e9nero a las clases \u00a0 \u00a0 necesitadas. \u00a0 \u00a0<\/p>\n<p>Art\u00edculo 2. Auxiliase a la Congregaci\u00f3n Mariana de J\u00f3venes y Caballeros de Medell\u00edn, con la \u00a0 \u00a0 cantidad de quinientos mil pesos ($ 500.000.00) moneda corriente, que ser\u00e1n \u00a0 \u00a0 destinados en su totalidad a la dotaci\u00f3n de la Cl\u00ednica Cardiovascular que \u00a0 \u00a0 actualmente construye en la ciudad de Medell\u00edn. \u00a0 \u00a0<\/p>\n<p>Art\u00edculo 3. \u00a0 \u00a0 La partida indispensable para el cumplimiento de esta Ley, ser\u00e1 inclu\u00edda en el \u00a0 \u00a0 Presupuesto de la pr\u00f3xima vigencia, y en caso de no lograrse se faculta al \u00a0 \u00a0 Gobierno para efectuar las apropiaciones, traslados, cr\u00e9ditos y dem\u00e1s \u00a0 \u00a0 operaciones de orden fiscal, presupuestal y contable a que haya lugar, para dar \u00a0 \u00a0 cumplimiento a lo que por esta Ley se ordena, y ser\u00e1 pagada al representante \u00a0 \u00a0 legal de la instituci\u00f3n. \u00a0 \u00a0<\/p>\n<p>Art\u00edculo 4. \u00a0 \u00a0 Esta Ley regir\u00e1 desde su sanci\u00f3n. \u00a0<\/p>\n<p>Produced by the free evaluation copy of TotalHTMLConverter<\/p>\n<p>El Presidente \u00a0 \u00a0 del Senado, \u00a0 \u00a0<\/p>\n<p>\u00a0EDUARDO \u00a0 \u00a0 ABUCHAIBE OCHOA \u00a0 \u00a0<\/p>\n<p>El Presidente \u00a0 \u00a0 de la C\u00e1mara de Representantes, \u00a0 \u00a0<\/p>\n<p>\u00a0CARLOS DANIEL \u00a0 \u00a0 ABELL\u00d3 ROCA \u00a0 \u00a0<\/p>\n<p>El Secretario \u00a0 \u00a0 del Senado, \u00a0 \u00a0<\/p>\n<p>\u00a0Ignacio Vives \u00a0 \u00a0 Echeverr\u00eda \u00a0 \u00a0<\/p>\n<p>El Secretario \u00a0 \u00a0 de la C\u00e1mara de Representantes, \u00a0 \u00a0<\/p>\n<p>\u00a0Luis \u00a0 \u00a0 Esparragoza G\u00e1lvez \u00a0 \u00a0<\/p>\n<p>Rep\u00fablica de \u00a0 \u00a0 Colombia. Gobierno Nacional. \u00a0 \u00a0<\/p>\n<p>\u00a0Bogot\u00e1, D.E., \u00a0 \u00a0 agosto 12 de 1966. \u00a0 \u00a0<\/p>\n<p>Publ\u00edquese y \u00a0 \u00a0 ejec\u00fatese. \u00a0 \u00a0<\/p>\n<p>CARLOS LLERAS \u00a0 \u00a0 RESTREPO \u00a0 \u00a0<\/p>\n<p>El Ministro \u00a0 \u00a0 de Hacienda y Cr\u00e9dito P\u00fablico, \u00a0<\/p>\n<p>Abd\u00f3n Espinosa Valderrama. \u00a0<\/p>\n<p>Produced by the free evaluation copy of TotalHTMLConverter<\/p>\n<p>Antonio Ord\u00f3\u00f1ez Plaja. \u00a0 \u00a0 \u00a0 \u00a0 \u00a0 \u00a0 \u00a0 \u00a0 \u00a0 \u00a0<\/p>\n<p><\/p>\n","protected":false},"excerpt":{"rendered":"<p>LEY 42 DE 1966 \u00a0 (agosto 12 \u00a0 DE 1966) \u00a0 \u00a0 por la cual \u00a0 \u00a0 el Congreso se asocia a la celebraci\u00f3n de las bodas de plata de la Congregaci\u00f3n \u00a0 \u00a0 Mariana de J\u00f3venes y Caballeros de Medell\u00edn, y decreta un auxilio para las obras \u00a0 \u00a0 de asistencia social de la [&hellip;]<\/p>\n","protected":false},"author":1,"featured_media":0,"comment_status":"open","ping_status":"open","sticky":false,"template":"","format":"standard","meta":{"footnotes":""},"categories":[107],"tags":[],"class_list":["post-3423","post","type-post","status-publish","format-standard","hentry","category-leyes-1966"],"_links":{"self":[{"href":"https:\/\/www.dmsjuridica.com\/buscador_20179478954\/legislacion\/leyes\/wp-json\/wp\/v2\/posts\/3423","targetHints":{"allow":["GET"]}}],"collection":[{"href":"https:\/\/www.dmsjuridica.com\/buscador_20179478954\/legislacion\/leyes\/wp-json\/wp\/v2\/posts"}],"about":[{"href":"https:\/\/www.dmsjuridica.com\/buscador_20179478954\/legislacion\/leyes\/wp-json\/wp\/v2\/types\/post"}],"author":[{"embeddable":true,"href":"https:\/\/www.dmsjuridica.com\/buscador_20179478954\/legislacion\/leyes\/wp-json\/wp\/v2\/users\/1"}],"replies":[{"embeddable":true,"href":"https:\/\/www.dmsjuridica.com\/buscador_20179478954\/legislacion\/leyes\/wp-json\/wp\/v2\/comments?post=3423"}],"version-history":[{"count":0,"href":"https:\/\/www.dmsjuridica.com\/buscador_20179478954\/legislacion\/leyes\/wp-json\/wp\/v2\/posts\/3423\/revisions"}],"wp:attachment":[{"href":"https:\/\/www.dmsjuridica.com\/buscador_20179478954\/legislacion\/leyes\/wp-json\/wp\/v2\/media?parent=3423"}],"wp:term":[{"taxonomy":"category","embeddable":true,"href":"https:\/\/www.dmsjuridica.com\/buscador_20179478954\/legislacion\/leyes\/wp-json\/wp\/v2\/categories?post=3423"},{"taxonomy":"post_tag","embeddable":true,"href":"https:\/\/www.dmsjuridica.com\/buscador_20179478954\/legislacion\/leyes\/wp-json\/wp\/v2\/tags?post=3423"}],"curies":[{"name":"wp","href":"https:\/\/api.w.org\/{rel}","templated":true}]}}