{"id":3424,"date":"2023-11-10T16:41:29","date_gmt":"2023-11-10T16:41:29","guid":{"rendered":"https:\/\/www.dmsjuridica.com\/buscador_20179478954\/legislacion\/leyes\/2023\/11\/10\/ley-43-de-1966\/"},"modified":"2023-11-10T16:41:29","modified_gmt":"2023-11-10T16:41:29","slug":"ley-43-de-1966","status":"publish","type":"post","link":"https:\/\/www.dmsjuridica.com\/buscador_20179478954\/legislacion\/leyes\/2023\/11\/10\/ley-43-de-1966\/","title":{"rendered":"LEY 43 DE 1966"},"content":{"rendered":"\n<p>LEY 43 DE 1966 \u00a0<\/p>\n<p>(agosto 12 \u00a0 DE 1966) \u00a0 \u00a0<\/p>\n<p>por la cual \u00a0 \u00a0 se nacionaliza e incorpora al Plan Vial del Magdalena, un carreteable, y se \u00a0 \u00a0 dictan otras disposiciones. \u00a0 \u00a0<\/p>\n<p>El Congreso \u00a0 \u00a0 de Colombia, \u00a0 \u00a0<\/p>\n<p>DECRETA \u00a0<\/p>\n<p>Produced by the free evaluation copy of TotalHTMLConverter<\/p>\n<p>Art\u00edculo 1. \u00a0 \u00a0 Nacionalizase e incorporase al Plan Vial Nacional para el Departamento del \u00a0 \u00a0 Magdalena el carreteable que partiendo de la Gran V\u00eda, kil\u00f3metro 53 de la \u00a0 \u00a0 Carretera Troncal Oriental, sector Santa Marta a Fundaci\u00f3n, va a San Pedro de la \u00a0 \u00a0 Sierra y San Javier, en el Corregimiento de Orihueca, Jurisdicci\u00f3n del Municipio \u00a0 \u00a0 de Ci\u00e9naga, en el Departamento del Magdalena. \u00a0<\/p>\n<p>Art\u00edculo 2. \u00a0 \u00a0 En consecuencia, la Naci\u00f3n, por conducto del Ministerio de Obras P\u00fablicas \u00a0 \u00a0 proceder\u00e1 a la ampliaci\u00f3n y terminaci\u00f3n del actual carreteable La Gran V\u00eda &#8211; San \u00a0 \u00a0 Pedro- de la Sierra &#8211; San Javier, trabajos que se realizar\u00e1n por conducto de la \u00a0 \u00a0 Zona de Carreteras Nacionales, que tiene su sede en Fundaci\u00f3n, o como lo \u00a0 \u00a0 disponga el Ministerio de Obras P\u00fablicas. \u00a0<\/p>\n<p>Art\u00edculo 3. \u00a0 \u00a0 Para los gastos que demande esta Ley se destina la suma de cien mil pesos ($ \u00a0 \u00a0 100.000.00), que se incluir\u00e1n en el Presupuesto Nacional de Gastos, en el \u00a0 \u00a0 Cap\u00edtulo correspondiente a las carreteras nacionales, Ministerio de Obras \u00a0 \u00a0 P\u00fablicas. \u00a0 \u00a0<\/p>\n<p>En caso de \u00a0 \u00a0 que se omita la inclusi\u00f3n de esta partida, se autoriza al Gobierno Nacional, \u00a0 \u00a0 para hacer las traslaciones necesarias, o los contracr\u00e9ditos indispensables para \u00a0 \u00a0 darle estricto cumplimiento a la presente Ley. \u00a0 \u00a0<\/p>\n<p>Art\u00edculo 4. Incorp\u00f3rase al Plan Vial Nacional de Cundinamarca, la carretera que de \u00a0 \u00a0 Fusagasug\u00e1, en el Departamento de Cundinamraca, va hasta Pasca, y se continuar\u00e1 \u00a0 \u00a0 su construcci\u00f3n del trayecto que atraviesa las regiones de Juan Viejo &#8211; Silencio \u00a0 \u00a0 &#8211; Paquil\u00e9, en los mismos Municipios de Pasca y Cabeceras del Municipio de San \u00a0 \u00a0 Bernardo. \u00a0 \u00a0<\/p>\n<p>Par\u00e1grafo. \u00a0 \u00a0 Para la construcci\u00f3n de la carretera de que trata este art\u00edculo, dest\u00ednase la \u00a0 \u00a0 suma de doscientos mil pesos en el Presupuesto de la pr\u00f3xima vigencia, y en caso \u00a0 \u00a0 de que no suceda as\u00ed, queda facultado el Gobierno Nacional, para hacer las \u00a0 \u00a0 traslaciones o abrir los cr\u00e9ditos que resulten necesarios en el Presupuesto \u00a0 \u00a0 Nacional para darle estricto cumplimiento a la presente disposici\u00f3n. \u00a0 \u00a0<\/p>\n<p>Art\u00edculo 5. \u00a0 \u00a0 Incl\u00fayase en el Plan Vial Nacional la v\u00eda Apure &#8211; Chivolo &#8211; Pivijay, en el \u00a0 \u00a0 Departamento del Magdalena. \u00a0<\/p>\n<p>Art\u00edculo 6. \u00a0 \u00a0 Esta Ley rige desde su sanci\u00f3n. \u00a0<\/p>\n<p>Dada en \u00a0 \u00a0 Bogot\u00e1, D.E., a 4 de agosto de 1966. \u00a0 \u00a0<\/p>\n<p>El Presidente \u00a0 \u00a0 del Senado, \u00a0 \u00a0<\/p>\n<p>\u00a0EDUARDO \u00a0 \u00a0 ABUCHAIBE OCHOA \u00a0 \u00a0<\/p>\n<p>El Presidente \u00a0 \u00a0 de la C\u00e1mara de Representantes, \u00a0 \u00a0<\/p>\n<p>\u00a0CARLOS DANIEL \u00a0 \u00a0 ABELL\u00d3 ROCA \u00a0 \u00a0<\/p>\n<p>El Secretario \u00a0 \u00a0 del Senado, \u00a0 \u00a0<\/p>\n<p>\u00a0Ignacio Vives \u00a0 \u00a0 Echeverr\u00eda \u00a0 \u00a0<\/p>\n<p>El Secretario \u00a0 \u00a0 de la C\u00e1mara de Representantes, \u00a0 \u00a0<\/p>\n<p>\u00a0Luis \u00a0 \u00a0 Esparragoza G\u00e1lvez \u00a0 \u00a0<\/p>\n<p>Rep\u00fablica de \u00a0 \u00a0 Colombia. Gobierno Nacional. \u00a0 \u00a0<\/p>\n<p>\u00a0Bogot\u00e1, D.E., \u00a0 \u00a0 agosto 12 de 1966. \u00a0 \u00a0<\/p>\n<p>Publ\u00edquese y \u00a0 \u00a0 ejec\u00fatese. \u00a0 \u00a0<\/p>\n<p>Produced by the free evaluation copy of TotalHTMLConverter<\/p>\n<p>El Ministro \u00a0 \u00a0 de Hacienda y Cr\u00e9dito P\u00fablico, \u00a0<\/p>\n<p>Abd\u00f3n Espinosa Valderrama. \u00a0<\/p>\n<p>El Ministro de \u00a0 \u00a0 obras p\u00fablicas, \u00a0<\/p>\n<p>Bernardo Garc\u00e9s C\u00f3rdoba. \u00a0 \u00a0 \u00a0 \u00a0 \u00a0 \u00a0 \u00a0 \u00a0 \u00a0 \u00a0<\/p>\n<p><\/p>\n","protected":false},"excerpt":{"rendered":"<p>LEY 43 DE 1966 \u00a0 (agosto 12 \u00a0 DE 1966) \u00a0 \u00a0 por la cual \u00a0 \u00a0 se nacionaliza e incorpora al Plan Vial del Magdalena, un carreteable, y se \u00a0 \u00a0 dictan otras disposiciones. \u00a0 \u00a0 El Congreso \u00a0 \u00a0 de Colombia, \u00a0 \u00a0 DECRETA \u00a0 Produced by the free evaluation copy of TotalHTMLConverter [&hellip;]<\/p>\n","protected":false},"author":1,"featured_media":0,"comment_status":"open","ping_status":"open","sticky":false,"template":"","format":"standard","meta":{"footnotes":""},"categories":[107],"tags":[],"class_list":["post-3424","post","type-post","status-publish","format-standard","hentry","category-leyes-1966"],"_links":{"self":[{"href":"https:\/\/www.dmsjuridica.com\/buscador_20179478954\/legislacion\/leyes\/wp-json\/wp\/v2\/posts\/3424","targetHints":{"allow":["GET"]}}],"collection":[{"href":"https:\/\/www.dmsjuridica.com\/buscador_20179478954\/legislacion\/leyes\/wp-json\/wp\/v2\/posts"}],"about":[{"href":"https:\/\/www.dmsjuridica.com\/buscador_20179478954\/legislacion\/leyes\/wp-json\/wp\/v2\/types\/post"}],"author":[{"embeddable":true,"href":"https:\/\/www.dmsjuridica.com\/buscador_20179478954\/legislacion\/leyes\/wp-json\/wp\/v2\/users\/1"}],"replies":[{"embeddable":true,"href":"https:\/\/www.dmsjuridica.com\/buscador_20179478954\/legislacion\/leyes\/wp-json\/wp\/v2\/comments?post=3424"}],"version-history":[{"count":0,"href":"https:\/\/www.dmsjuridica.com\/buscador_20179478954\/legislacion\/leyes\/wp-json\/wp\/v2\/posts\/3424\/revisions"}],"wp:attachment":[{"href":"https:\/\/www.dmsjuridica.com\/buscador_20179478954\/legislacion\/leyes\/wp-json\/wp\/v2\/media?parent=3424"}],"wp:term":[{"taxonomy":"category","embeddable":true,"href":"https:\/\/www.dmsjuridica.com\/buscador_20179478954\/legislacion\/leyes\/wp-json\/wp\/v2\/categories?post=3424"},{"taxonomy":"post_tag","embeddable":true,"href":"https:\/\/www.dmsjuridica.com\/buscador_20179478954\/legislacion\/leyes\/wp-json\/wp\/v2\/tags?post=3424"}],"curies":[{"name":"wp","href":"https:\/\/api.w.org\/{rel}","templated":true}]}}