{"id":3426,"date":"2023-11-10T16:41:29","date_gmt":"2023-11-10T16:41:29","guid":{"rendered":"https:\/\/www.dmsjuridica.com\/buscador_20179478954\/legislacion\/leyes\/2023\/11\/10\/ley-45-de-1966\/"},"modified":"2023-11-10T16:41:29","modified_gmt":"2023-11-10T16:41:29","slug":"ley-45-de-1966","status":"publish","type":"post","link":"https:\/\/www.dmsjuridica.com\/buscador_20179478954\/legislacion\/leyes\/2023\/11\/10\/ley-45-de-1966\/","title":{"rendered":"LEY 45 DE 1966"},"content":{"rendered":"\n<p>\u00a0 \u00a0 \u00a0 \u00a0 \u00a0 \u00a0 \u00a0 \u00a0 \u00a0 \u00a0 \u00a0 \u00a0 \u00a0 \u00a0 \u00a0 \u00a0 \u00a0 \u00a0 \u00a0 \u00a0 \u00a0 \u00a0 \u00a0 \u00a0 \u00a0 \u00a0 \u00a0\u00a0<\/p>\n<p>LEY 45 DE 1966 \u00a0<\/p>\n<p>(agosto 22 \u00a0 DE 1966) \u00a0 \u00a0<\/p>\n<p>por la cual \u00a0 \u00a0 se nacionalizan dos Colegios de Segunda Ense\u00f1anza que funcionan en el \u00a0 \u00a0 Departamento del Magdalena. \u00a0 \u00a0<\/p>\n<p>El Congreso \u00a0 \u00a0 de Colombia, \u00a0 \u00a0<\/p>\n<p>DECRETA \u00a0<\/p>\n<p>Art\u00edculo 1. Nacionalizase el Colegio Departamental de Se\u00f1oritas que funciona en la ciudad de \u00a0 \u00a0 El Banco, Departamento del Magdalena, el cual desde la vigencia de la presente \u00a0 \u00a0 Ley llevar\u00e1 el nombre de Colegio Femenino de Segunda Ense\u00f1anza, &#8220;Lorencita \u00a0 \u00a0 Villegas de Santos&#8221;, en homenaje a la extinta Primera Dama de la Naci\u00f3n. \u00a0<\/p>\n<p>Produced by the free evaluation copy of TotalHTMLConverter<\/p>\n<p>Art\u00edculo 3. \u00a0 \u00a0 Desde la vigencia de la presente Ley quedar\u00e1 a cargo de la Naci\u00f3n la \u00a0 \u00a0 orientaci\u00f3n, sostenimiento y dotaci\u00f3n de los Colegios a que se refieren los \u00a0 \u00a0 art\u00edculos anteriores. \u00a0 \u00a0<\/p>\n<p>Art\u00edculo 4. Destinase la suma de un mill\u00f3n doscientos mil pesos para la construcci\u00f3n de \u00a0 \u00a0 edificaciones modernas, donde habr\u00e1n de funcionar en el futuro los Colegios que \u00a0 \u00a0 se nacionalizan por la presente Ley, edificaciones que se levantar\u00e1n sobre \u00a0 \u00a0 terrenos que est\u00e1n obligados a suministrar los respectivos Municipios de El \u00a0 \u00a0 Banco y Plato (Magdalena). \u00a0 \u00a0<\/p>\n<p>Art\u00edculo 5. \u00a0 \u00a0 El Ministerio de Educaci\u00f3n proceder\u00e1 a incluir en el Presupuesto Nacional de la \u00a0 \u00a0 pr\u00f3xima vigencia, las partidas necesarias y suficientes para el cumplimiento de \u00a0 \u00a0 esta Ley, y en caso de no hacerlo, autor\u00edzase al Gobierno nacional para que en \u00a0 \u00a0 cualquier \u00e9poca abra los cr\u00e9ditos y contracr\u00e9ditos, y verifique los traslados \u00a0 \u00a0 que sean necesarios para los fines consiguientes. \u00a0 \u00a0<\/p>\n<p>Art\u00edculo 6. \u00a0 \u00a0 Esta Ley regir\u00e1 desde su sanci\u00f3n. \u00a0 \u00a0<\/p>\n<p>Dada en \u00a0 \u00a0 Bogot\u00e1, D.C., a 4 de agosto de 1966. \u00a0 \u00a0<\/p>\n<p>El Presidente \u00a0 \u00a0 del Senado, \u00a0 \u00a0<\/p>\n<p>\u00a0EDUARDO \u00a0 \u00a0 ABUCHAIBE OCHOA \u00a0 \u00a0<\/p>\n<p>El Presidente \u00a0 \u00a0 de la C\u00e1mara de Representantes, \u00a0 \u00a0<\/p>\n<p>\u00a0CARLOS DANIEL \u00a0 \u00a0 ABELL\u00d3 ROCA \u00a0 \u00a0<\/p>\n<p>El Secretario \u00a0 \u00a0 del Senado, \u00a0 \u00a0<\/p>\n<p>\u00a0Jos\u00e9 Ignacio \u00a0 \u00a0 Vives Echeverr\u00eda \u00a0 \u00a0<\/p>\n<p>El Secretario \u00a0 \u00a0 de la C\u00e1mara de Representantes, \u00a0 \u00a0<\/p>\n<p>\u00a0Luis \u00a0 \u00a0 Esparragoza G\u00e1lvez \u00a0 \u00a0<\/p>\n<p>Produced by the free evaluation copy of TotalHTMLConverter<\/p>\n<p>\u00a0Bogot\u00e1, D.E., \u00a0 \u00a0 agosto 22 de 1966. \u00a0 \u00a0<\/p>\n<p>Publ\u00edquese y \u00a0 \u00a0 ejec\u00fatese. \u00a0 \u00a0<\/p>\n<p>CARLOS LLERAS \u00a0 \u00a0 RESTREPO \u00a0 \u00a0<\/p>\n<p>El Ministro \u00a0 \u00a0 de Hacienda y Cr\u00e9dito P\u00fablico, \u00a0<\/p>\n<p>Abd\u00f3n Espinosa Valderrama. \u00a0<\/p>\n<p>El Ministro de \u00a0 \u00a0 Educaci\u00f3n Nacional, \u00a0<\/p>\n<p>Gabriel Betancur Mej\u00eda. \u00a0 \u00a0 \u00a0 \u00a0 \u00a0 \u00a0 \u00a0 \u00a0 \u00a0 \u00a0<\/p>\n<p><\/p>\n","protected":false},"excerpt":{"rendered":"<p>\u00a0 \u00a0 \u00a0 \u00a0 \u00a0 \u00a0 \u00a0 \u00a0 \u00a0 \u00a0 \u00a0 \u00a0 \u00a0 \u00a0 \u00a0 \u00a0 \u00a0 \u00a0 \u00a0 \u00a0 \u00a0 \u00a0 \u00a0 \u00a0 \u00a0 \u00a0 \u00a0\u00a0 LEY 45 DE 1966 \u00a0 (agosto 22 \u00a0 DE 1966) \u00a0 \u00a0 por la cual \u00a0 \u00a0 se nacionalizan dos Colegios de Segunda Ense\u00f1anza que funcionan en el [&hellip;]<\/p>\n","protected":false},"author":1,"featured_media":0,"comment_status":"open","ping_status":"open","sticky":false,"template":"","format":"standard","meta":{"footnotes":""},"categories":[107],"tags":[],"class_list":["post-3426","post","type-post","status-publish","format-standard","hentry","category-leyes-1966"],"_links":{"self":[{"href":"https:\/\/www.dmsjuridica.com\/buscador_20179478954\/legislacion\/leyes\/wp-json\/wp\/v2\/posts\/3426","targetHints":{"allow":["GET"]}}],"collection":[{"href":"https:\/\/www.dmsjuridica.com\/buscador_20179478954\/legislacion\/leyes\/wp-json\/wp\/v2\/posts"}],"about":[{"href":"https:\/\/www.dmsjuridica.com\/buscador_20179478954\/legislacion\/leyes\/wp-json\/wp\/v2\/types\/post"}],"author":[{"embeddable":true,"href":"https:\/\/www.dmsjuridica.com\/buscador_20179478954\/legislacion\/leyes\/wp-json\/wp\/v2\/users\/1"}],"replies":[{"embeddable":true,"href":"https:\/\/www.dmsjuridica.com\/buscador_20179478954\/legislacion\/leyes\/wp-json\/wp\/v2\/comments?post=3426"}],"version-history":[{"count":0,"href":"https:\/\/www.dmsjuridica.com\/buscador_20179478954\/legislacion\/leyes\/wp-json\/wp\/v2\/posts\/3426\/revisions"}],"wp:attachment":[{"href":"https:\/\/www.dmsjuridica.com\/buscador_20179478954\/legislacion\/leyes\/wp-json\/wp\/v2\/media?parent=3426"}],"wp:term":[{"taxonomy":"category","embeddable":true,"href":"https:\/\/www.dmsjuridica.com\/buscador_20179478954\/legislacion\/leyes\/wp-json\/wp\/v2\/categories?post=3426"},{"taxonomy":"post_tag","embeddable":true,"href":"https:\/\/www.dmsjuridica.com\/buscador_20179478954\/legislacion\/leyes\/wp-json\/wp\/v2\/tags?post=3426"}],"curies":[{"name":"wp","href":"https:\/\/api.w.org\/{rel}","templated":true}]}}