{"id":3455,"date":"2023-11-10T16:41:31","date_gmt":"2023-11-10T16:41:31","guid":{"rendered":"https:\/\/www.dmsjuridica.com\/buscador_20179478954\/legislacion\/leyes\/2023\/11\/10\/ley-71-de-1966\/"},"modified":"2023-11-10T16:41:31","modified_gmt":"2023-11-10T16:41:31","slug":"ley-71-de-1966","status":"publish","type":"post","link":"https:\/\/www.dmsjuridica.com\/buscador_20179478954\/legislacion\/leyes\/2023\/11\/10\/ley-71-de-1966\/","title":{"rendered":"LEY 71 DE 1966"},"content":{"rendered":"\n<p>Produced by the free evaluation copy of TotalHTMLConverter<\/p>\n<p>(diciembre \u00a0 \u00a0 13 \u00a0 de 1966) \u00a0 \u00a0<\/p>\n<p>por la cual \u00a0 \u00a0 la Naci\u00f3n honra la memoria de un eminente colombiano. \u00a0 \u00a0<\/p>\n<p>El Congreso \u00a0 \u00a0 de Colombia, \u00a0 \u00a0<\/p>\n<p>DECRETA \u00a0<\/p>\n<p>Art\u00edculo 1. \u00a0 \u00a0 El Congreso de Colombia, honra y exalta la memoria del doctor Antonio Jos\u00e9 de \u00a0 \u00a0 Jes\u00fas Cadavid Angel, eminente colombiano, destacado hombre p\u00fablico y connotado \u00a0 \u00a0 jurista, y quien con su vida merit\u00edsima enalteci\u00f3 diversas posiciones ejercidas \u00a0 \u00a0 con dignidad, austeridad e idoneidad. Cuando va a cumplirse el primer centenario \u00a0 \u00a0 de su nacimiento, encuentra propicio relievar su existencia fecunda y \u00fatil al \u00a0 \u00a0 servicio del pa\u00eds. \u00a0 \u00a0<\/p>\n<p>Art\u00edculo 2. Dest\u00ednase la cantidad de doscientos cincuenta mil pesos ($ 250.000) moneda \u00a0 \u00a0 legal, para la construcci\u00f3n de la Escuela Urbana de Ni\u00f1as en el Municipio de \u00a0 \u00a0 Titirib\u00ed, Departamento de Antioquia, cuna del ilustre rep\u00fablico, y la cual \u00a0 \u00a0 llevar\u00e1 su nombre. La construcci\u00f3n se realizar\u00e1 en el terreno en donde \u00a0 \u00a0 actualmente funciona la Escuela Urbana de Ni\u00f1as de dicho Municipio, y que \u00a0 \u00a0 corresponde a la casa donde naci\u00f3 el doctor Cadavid Angel. \u00a0 \u00a0<\/p>\n<p>Art\u00edculo 3. \u00a0 \u00a0 El Gobierno Nacional, por conducto del Ministerio de Educaci\u00f3n, colocar\u00e1 en \u00a0 \u00a0 dicha Escuela una placa con esta inscripci\u00f3n &#8220;El Congreso de Colombia al \u00a0 \u00a0 preclaro ciudadano Antonio Jos\u00e9 de Jes\u00fas Cadavid Angel, en el primer Centenario \u00a0 \u00a0 de su nacimiento &#8211; Ley 71 de 1966&#8221;. As\u00ed \u00a0 \u00a0 mismo, sostendr\u00e1 cincuenta becas, que \u00a0 \u00a0 llevar\u00e1n su nombre, para alumnas en dicho plantel y que se adjudicar\u00e1n de \u00a0 \u00a0 acuerdo con las disposiciones que sobre estas materias tiene o establezca el \u00a0 \u00a0 Ministerio de Educaci\u00f3n. \u00a0 \u00a0<\/p>\n<p>Art\u00edculo 4. \u00a0 \u00a0 Un ejemplar aut\u00f3grafo de esta Ley ser\u00e1 entregado por una Comisi\u00f3n del Congreso a \u00a0 \u00a0 la Municipalidad de Titirib\u00ed (Antioquia). \u00a0<\/p>\n<p>Art\u00edculo 5. \u00a0 \u00a0 Para atender a los gastos que se ordenan en los art\u00edculos anteriores, se dispone inclu\u00edr las partidas necesarias en el Presupuesto Nacional de la pr\u00f3xima \u00a0 \u00a0 vigencia. \u00a0 \u00a0<\/p>\n<p>Art\u00edculo 6. \u00a0 \u00a0 Autor\u00edzase al Gobierno Nacional para hacer las apropiaciones necesarias, los \u00a0 \u00a0 traslados presupuestales que se requieran y abrir los cr\u00e9ditos adicionales si \u00a0 \u00a0 fuere indispensable, para dar inmediato cumplimiento a la presente Ley. \u00a0 \u00a0<\/p>\n<p>Art\u00edculo 7. \u00a0 \u00a0 Esta Ley regir\u00e1 desde su sanci\u00f3n. \u00a0<\/p>\n<p>Dada en \u00a0 \u00a0 Bogot\u00e1, D. E., a 16 de noviembre de 1966. \u00a0 \u00a0<\/p>\n<p>El Presidente \u00a0 \u00a0 del Senado, \u00a0 \u00a0<\/p>\n<p>\u00a0MANUEL \u00a0 \u00a0 MOSQUERA GARCES \u00a0 \u00a0<\/p>\n<p>El Presidente \u00a0 \u00a0 de la C\u00e1mara de Representantes, \u00a0 \u00a0<\/p>\n<p>\u00a0CARLOS DANIEL \u00a0 \u00a0 ABELLO ROCA \u00a0 \u00a0<\/p>\n<p>El Secretario \u00a0 \u00a0 del Senado, \u00a0 \u00a0<\/p>\n<p>\u00a0L\u00e1zaro \u00a0 \u00a0 Restrepo Restrepo. \u00a0 \u00a0<\/p>\n<p>El Secretario \u00a0 \u00a0 de la C\u00e1mara de Representantes, \u00a0 \u00a0<\/p>\n<p>Luis \u00a0 \u00a0 Esparragoza G\u00e1lvez. \u00a0 \u00a0<\/p>\n<p>Rep\u00fablica de \u00a0 \u00a0 Colombia. Gobierno Nacional. \u00a0 \u00a0<\/p>\n<p>\u00a0Bogot\u00e1, D. \u00a0 \u00a0 E., diciembre 13 de 1966. \u00a0 \u00a0<\/p>\n<p>Publ\u00edquese y \u00a0 \u00a0 ejec\u00fatese. \u00a0 \u00a0<\/p>\n<p>CARLOS LLERAS \u00a0 \u00a0 RESTREPO \u00a0 \u00a0<\/p>\n<p>Produced by the free evaluation copy of TotalHTMLConverter<\/p>\n<p>El Ministro \u00a0 \u00a0 de Hacienda y Cr\u00e9dito P\u00fablico, \u00a0<\/p>\n<p>Abd\u00f3n Espinosa Valderrama. \u00a0<\/p>\n<p>El Ministro de \u00a0 \u00a0 Educaci\u00f3n Nacional, \u00a0<\/p>\n<p>Gabriel Betancur Mej\u00eda. \u00a0 \u00a0 \u00a0 \u00a0 \u00a0 \u00a0 \u00a0 \u00a0 \u00a0 \u00a0<\/p>\n<p><\/p>\n","protected":false},"excerpt":{"rendered":"<p>Produced by the free evaluation copy of TotalHTMLConverter (diciembre \u00a0 \u00a0 13 \u00a0 de 1966) \u00a0 \u00a0 por la cual \u00a0 \u00a0 la Naci\u00f3n honra la memoria de un eminente colombiano. \u00a0 \u00a0 El Congreso \u00a0 \u00a0 de Colombia, \u00a0 \u00a0 DECRETA \u00a0 Art\u00edculo 1. \u00a0 \u00a0 El Congreso de Colombia, honra y exalta la [&hellip;]<\/p>\n","protected":false},"author":1,"featured_media":0,"comment_status":"open","ping_status":"open","sticky":false,"template":"","format":"standard","meta":{"footnotes":""},"categories":[107],"tags":[],"class_list":["post-3455","post","type-post","status-publish","format-standard","hentry","category-leyes-1966"],"_links":{"self":[{"href":"https:\/\/www.dmsjuridica.com\/buscador_20179478954\/legislacion\/leyes\/wp-json\/wp\/v2\/posts\/3455","targetHints":{"allow":["GET"]}}],"collection":[{"href":"https:\/\/www.dmsjuridica.com\/buscador_20179478954\/legislacion\/leyes\/wp-json\/wp\/v2\/posts"}],"about":[{"href":"https:\/\/www.dmsjuridica.com\/buscador_20179478954\/legislacion\/leyes\/wp-json\/wp\/v2\/types\/post"}],"author":[{"embeddable":true,"href":"https:\/\/www.dmsjuridica.com\/buscador_20179478954\/legislacion\/leyes\/wp-json\/wp\/v2\/users\/1"}],"replies":[{"embeddable":true,"href":"https:\/\/www.dmsjuridica.com\/buscador_20179478954\/legislacion\/leyes\/wp-json\/wp\/v2\/comments?post=3455"}],"version-history":[{"count":0,"href":"https:\/\/www.dmsjuridica.com\/buscador_20179478954\/legislacion\/leyes\/wp-json\/wp\/v2\/posts\/3455\/revisions"}],"wp:attachment":[{"href":"https:\/\/www.dmsjuridica.com\/buscador_20179478954\/legislacion\/leyes\/wp-json\/wp\/v2\/media?parent=3455"}],"wp:term":[{"taxonomy":"category","embeddable":true,"href":"https:\/\/www.dmsjuridica.com\/buscador_20179478954\/legislacion\/leyes\/wp-json\/wp\/v2\/categories?post=3455"},{"taxonomy":"post_tag","embeddable":true,"href":"https:\/\/www.dmsjuridica.com\/buscador_20179478954\/legislacion\/leyes\/wp-json\/wp\/v2\/tags?post=3455"}],"curies":[{"name":"wp","href":"https:\/\/api.w.org\/{rel}","templated":true}]}}