{"id":3463,"date":"2023-11-10T16:41:31","date_gmt":"2023-11-10T16:41:31","guid":{"rendered":"https:\/\/www.dmsjuridica.com\/buscador_20179478954\/legislacion\/leyes\/2023\/11\/10\/ley-79-de-1966\/"},"modified":"2023-11-10T16:41:31","modified_gmt":"2023-11-10T16:41:31","slug":"ley-79-de-1966","status":"publish","type":"post","link":"https:\/\/www.dmsjuridica.com\/buscador_20179478954\/legislacion\/leyes\/2023\/11\/10\/ley-79-de-1966\/","title":{"rendered":"LEY 79 DE 1966"},"content":{"rendered":"\n<p>\u00a0 \u00a0 \u00a0 \u00a0 \u00a0 \u00a0 \u00a0 \u00a0 \u00a0 \u00a0 \u00a0 \u00a0 \u00a0 \u00a0 \u00a0 \u00a0 \u00a0 \u00a0 \u00a0 \u00a0 \u00a0 \u00a0 \u00a0 \u00a0 \u00a0<\/p>\n<p>LEY 79 DE 1966 \u00a0<\/p>\n<p>(diciembre \u00a0 \u00a0 31 de 1966) \u00a0 \u00a0<\/p>\n<p>por la cual \u00a0 \u00a0 la Naci\u00f3n se asocia al centenario del nacimiento de Jos\u00e9 Asunci\u00f3n Silva. \u00a0 \u00a0<\/p>\n<p>El Congreso \u00a0 \u00a0 de Colombia, \u00a0 \u00a0<\/p>\n<p>DECRETA \u00a0<\/p>\n<p>Produced by the free evaluation copy of TotalHTMLConverter<\/p>\n<p>Art\u00edculo 1. \u00a0 \u00a0 La Naci\u00f3n se asocia a la celebraci\u00f3n del primer centenario del nacimiento del \u00a0 \u00a0 poeta bogotano Jos\u00e9 Asunci\u00f3n Silva. Al mismo tiempo el Congreso de Colombia \u00a0 \u00a0 exalta la memoria del eximio escritor, quien, por la riqueza y variedad de la \u00a0 \u00a0 rima, por haber renovado las formas del verso castellano, quebrantando los \u00a0 \u00a0 viejos moldes de nuestra poes\u00eda, con el aporte de una nueva m\u00e9trica, ha sido \u00a0 \u00a0 considerado, a justo t\u00edtulo, en nuestro Continente y en la Pen\u00ednsula Ib\u00e9rica, \u00a0 \u00a0 como uno de los precursores e inspiradores de la poes\u00eda moderna en lengua \u00a0 \u00a0 espa\u00f1ola, sin que tan pura gloria colombiana hubiera alcanzado el reconocimiento \u00a0 \u00a0 de sus m\u00e9ritos literarios por parte de sus compatriotas sino despu\u00e9s de su \u00a0 \u00a0 voluntaria y prematura muerte. \u00a0 \u00a0<\/p>\n<p>Art\u00edculo 2. \u00a0 \u00a0 Cr\u00e9ase un premio de veinticinco mil pesos ($ 25.000.00), para el mejor ensayo \u00a0 \u00a0 cr\u00edtico sobre la obra de Jos\u00e9 Asunci\u00f3n Silva que, a juicio de un Jurado, \u00a0 \u00a0 designado por la Academia de la Lengua, se presente al concurso que para \u00a0 \u00a0 celebrar el centenario del nacimiento del poeta ser\u00e1 organizado y reglamentada \u00a0 \u00a0 por el Gobierno Nacional. \u00a0<\/p>\n<p>Art\u00edculo 3. \u00a0 \u00a0 En la \u00faltima sesi\u00f3n solemne de todos los colegios de educaci\u00f3n secundaria del \u00a0 \u00a0 pa\u00eds, correspondiente al a\u00f1o lectivo de 1965, se har\u00e1 una disertaci\u00f3n, con una \u00a0 \u00a0 breve rese\u00f1a sobre la vida y la obra del poeta Jos\u00e9 Asunci\u00f3n Silva, dentro de la \u00a0 \u00a0 cual se dar\u00e1n a conocer del estudiantado aquellas entre sus composiciones que \u00a0 \u00a0 se\u00f1alaron en su tiempo nuevos rumbos a la poes\u00eda espa\u00f1ola, y que constituyen el \u00a0 \u00a0 aporte de nuestra Patria al enriquecimiento del lenguaje po\u00e9tico castellano. \u00a0 \u00a0<\/p>\n<p>Art\u00edculo 4. \u00a0 \u00a0 El d\u00eda 27 de noviembre, bajo los auspicios del Ministerio de Educaci\u00f3n Nacional \u00a0 \u00a0 y de la Universidad Nacional de Colombia, y de la Academia de la Lengua, se \u00a0 \u00a0 organizar\u00e1 en el Teatro Col\u00f3n de Bogot\u00e1, una velada literaria como homenaje a la \u00a0 \u00a0 memoria de Jos\u00e9 Asunci\u00f3n Silva con la participaci\u00f3n de los m\u00e1s destacados \u00a0 \u00a0 representantes de la poes\u00eda colombiana contempor\u00e1nea. \u00a0 \u00a0<\/p>\n<p>Art\u00edculo 5. \u00a0 \u00a0 El Gobierno Nacional har\u00e1 una emisi\u00f3n de sellos de correo con la efigie del \u00a0 \u00a0 poeta, destinada a conmemorar el centenario de su nacimiento. \u00a0 \u00a0<\/p>\n<p>Art\u00edculo 6. \u00a0 \u00a0 Por cuenta de la Naci\u00f3n, el Instituto Caro y Cuervo har\u00e1 una edici\u00f3n cr\u00edtica de \u00a0 \u00a0 las obras de Silva, y un retrato suyo al \u00f3leo ser\u00e1 colocado en uno de los \u00a0 \u00a0 salones del mismo alto centro de la cultura. \u00a0 \u00a0<\/p>\n<p>Art\u00edculo 7. \u00a0 \u00a0 Cr\u00e9ase una medalla en bronce con la efigie del poeta, conmemorativa del primer \u00a0 \u00a0 centenario de su nacimiento, con una leyenda alusiva que redactar\u00e1 el Instituto \u00a0 \u00a0 Caro y Cuervo. \u00a0 \u00a0<\/p>\n<p>Art\u00edculo 8. \u00a0 \u00a0 Para dar cumplimiento a la presente Ley, destinase la suma de doscientos \u00a0 \u00a0 cincuenta mil pesos ($ 250.000.00), partida que ser\u00e1 incluida en el Presupuesto \u00a0 \u00a0 de esta vigencia, y en caso de no hacerse as\u00ed queda autorizado el Gobierno \u00a0 \u00a0 Nacional para efectuar los traslados, cr\u00e9ditos y contracr\u00e9ditos a que haya lugar \u00a0 \u00a0 para su cumplimiento. \u00a0 \u00a0<\/p>\n<p>Art\u00edculo 9. \u00a0 \u00a0 La presente Ley regir\u00e1 desde su sanci\u00f3n. \u00a0<\/p>\n<p>Dada en \u00a0 \u00a0 Bogot\u00e1, D.E., a los dos d\u00edas del mes de noviembre de mil novecientos sesenta y \u00a0 \u00a0 seis. \u00a0 \u00a0<\/p>\n<p>El Presidente \u00a0 \u00a0 del honorable Senado, \u00a0 \u00a0<\/p>\n<p>\u00a0MANUEL \u00a0 \u00a0 MOSQUERA GARCES \u00a0<\/p>\n<p>El Presidente \u00a0 \u00a0 de la honorable C\u00e1mara, \u00a0 \u00a0<\/p>\n<p>\u00a0CARLOS DANIEL \u00a0 \u00a0 ABELLO ROCA \u00a0 \u00a0<\/p>\n<p>El Secretario \u00a0 \u00a0 del honorable Senado, \u00a0 \u00a0<\/p>\n<p>\u00a0L\u00e1zaro \u00a0 \u00a0 Restrepo Restrepo \u00a0 \u00a0<\/p>\n<p>El Secretario \u00a0 \u00a0 de la honorable C\u00e1mara, \u00a0 \u00a0<\/p>\n<p>\u00a0Luis \u00a0 \u00a0 Esparragoza G\u00e1lvez \u00a0 \u00a0<\/p>\n<p>Rep\u00fablica de \u00a0 \u00a0 Colombia. Gobierno Nacional. \u00a0 \u00a0<\/p>\n<p>\u00a0Bogot\u00e1, D.E., \u00a0 \u00a0 diciembre 31 de 1966. \u00a0<\/p>\n<p>Publ\u00edquese y \u00a0 \u00a0 ejec\u00fatese. \u00a0 \u00a0<\/p>\n<p>CARLOS LLERAS \u00a0 \u00a0 RESTREPO \u00a0 \u00a0<\/p>\n<p>El Ministro \u00a0 \u00a0 de Hacienda y Cr\u00e9dito P\u00fablico, \u00a0<\/p>\n<p>Abd\u00f3n Espinosa Valderrama. \u00a0<\/p>\n<p>Produced by the free evaluation copy of TotalHTMLConverter<\/p>\n<p>Gabriel Betancur Mej\u00eda. \u00a0 \u00a0 \u00a0 \u00a0 \u00a0 \u00a0 \u00a0 \u00a0 \u00a0 \u00a0<\/p>\n<p><\/p>\n","protected":false},"excerpt":{"rendered":"<p>\u00a0 \u00a0 \u00a0 \u00a0 \u00a0 \u00a0 \u00a0 \u00a0 \u00a0 \u00a0 \u00a0 \u00a0 \u00a0 \u00a0 \u00a0 \u00a0 \u00a0 \u00a0 \u00a0 \u00a0 \u00a0 \u00a0 \u00a0 \u00a0 \u00a0 LEY 79 DE 1966 \u00a0 (diciembre \u00a0 \u00a0 31 de 1966) \u00a0 \u00a0 por la cual \u00a0 \u00a0 la Naci\u00f3n se asocia al centenario del nacimiento de Jos\u00e9 Asunci\u00f3n Silva. [&hellip;]<\/p>\n","protected":false},"author":1,"featured_media":0,"comment_status":"open","ping_status":"open","sticky":false,"template":"","format":"standard","meta":{"footnotes":""},"categories":[107],"tags":[],"class_list":["post-3463","post","type-post","status-publish","format-standard","hentry","category-leyes-1966"],"_links":{"self":[{"href":"https:\/\/www.dmsjuridica.com\/buscador_20179478954\/legislacion\/leyes\/wp-json\/wp\/v2\/posts\/3463","targetHints":{"allow":["GET"]}}],"collection":[{"href":"https:\/\/www.dmsjuridica.com\/buscador_20179478954\/legislacion\/leyes\/wp-json\/wp\/v2\/posts"}],"about":[{"href":"https:\/\/www.dmsjuridica.com\/buscador_20179478954\/legislacion\/leyes\/wp-json\/wp\/v2\/types\/post"}],"author":[{"embeddable":true,"href":"https:\/\/www.dmsjuridica.com\/buscador_20179478954\/legislacion\/leyes\/wp-json\/wp\/v2\/users\/1"}],"replies":[{"embeddable":true,"href":"https:\/\/www.dmsjuridica.com\/buscador_20179478954\/legislacion\/leyes\/wp-json\/wp\/v2\/comments?post=3463"}],"version-history":[{"count":0,"href":"https:\/\/www.dmsjuridica.com\/buscador_20179478954\/legislacion\/leyes\/wp-json\/wp\/v2\/posts\/3463\/revisions"}],"wp:attachment":[{"href":"https:\/\/www.dmsjuridica.com\/buscador_20179478954\/legislacion\/leyes\/wp-json\/wp\/v2\/media?parent=3463"}],"wp:term":[{"taxonomy":"category","embeddable":true,"href":"https:\/\/www.dmsjuridica.com\/buscador_20179478954\/legislacion\/leyes\/wp-json\/wp\/v2\/categories?post=3463"},{"taxonomy":"post_tag","embeddable":true,"href":"https:\/\/www.dmsjuridica.com\/buscador_20179478954\/legislacion\/leyes\/wp-json\/wp\/v2\/tags?post=3463"}],"curies":[{"name":"wp","href":"https:\/\/api.w.org\/{rel}","templated":true}]}}