{"id":445,"date":"2020-11-24T15:16:58","date_gmt":"2020-11-24T15:16:58","guid":{"rendered":"https:\/\/www.dmsjuridica.com\/buscador_20179478954\/legislacion\/leyes\/2020\/11\/24\/ley-328-de-1996\/"},"modified":"2020-11-24T15:16:58","modified_gmt":"2020-11-24T15:16:58","slug":"ley-328-de-1996","status":"publish","type":"post","link":"https:\/\/www.dmsjuridica.com\/buscador_20179478954\/legislacion\/leyes\/2020\/11\/24\/ley-328-de-1996\/","title":{"rendered":"LEY 328 DE 1996"},"content":{"rendered":"<p>LEY 328 DE 1996            <\/a><\/p>\n<p>&nbsp;<\/p>\n<p align=\"center\"><b><font size=\"2\"><img loading=\"lazy\" decoding=\"async\" border=\"0\" src=\"http:\/\/dmsjuridica.com\/CODIGOS\/LEGISLACION\/LEYES\/2019\/dms.png\" width=\"138\" height=\"103\"align=\"center\"><\/p>\n<\/p>\n<p align=\"center\"><b><font size=\"6\">LEY 328 DE 1996 <\/font> <\/b><\/p>\n<p align=\"center\"><b><font size=\"2\">(diciembre 5) <\/font> <\/b><\/p>\n<p align=\"center\"><b><font size=\"2\">Diario Oficial No. 42.936,&nbsp; de 10 de diciembre de 1996 <\/font> <\/b><\/p>\n<p align=\"center\"><font size=\"2\">Por medio de la cual la Naci\u00f3n se asocia a la celebraci\u00f3n del bicentenario de la fundaci\u00f3n del Municipio de Bol\u00edvar en el departamento del Cauca y se dictan otras disposiciones. <\/font><\/p>\n<p align=\"center\"><b><font size=\"2\">EL CONGRESO DE COLOMBIA<\/font><\/b><font size=\"2\">, <\/font> <\/p>\n<p align=\"center\"><b><font size=\"2\">DECRETA<\/font><\/b><font size=\"2\">: <\/font> <\/p>\n<p>  <font face=\"Arial\"><A name=1><b><font size=\"2\">ART\u00cdCULO 1o.<\/font><\/b><\/A><font size=\"2\"> La Naci\u00f3n colombiana se asocia a la celebraci\u00f3n del Bicentenario de la fundaci\u00f3n del Municipio de Bol\u00edvar en el departamento del Cauca, la cual acaeci\u00f3 el d\u00eda 10 de junio de 1794, y se rinde homenaje a la memoria de su fundador el padre Domingo Belisario G\u00f3mez, y se exalta la capacidad creadora y el esp\u00edritu de superaci\u00f3n de sus pobladores. <\/font> <\/font> <DIV>&nbsp;<\/DIV> <font face=\"Arial\"><A name=2><b><font size=\"2\">ART\u00cdCULO 2o.<\/font><\/b><\/A><font size=\"2\"> A partir de la vigencia de la presente Ley y conforme a lo dispuesto en los art\u00edculos 365, 366 de la Constituci\u00f3n Nacional, en armon\u00eda con el art\u00edculo 200, numeral 3o. y el art\u00edculo 150 numeral 3o. y 9o. de la misma Carta, autor\u00edzase al Gobierno Nacional para asignar, dentro del Presupuesto Nacional de las vigencias 1997 y 1998 las sumas necesarias para ejecutar las siguientes obras de inter\u00e9s social para el Municipio de Bol\u00edvar, en el departamento del Cauca. <\/font><\/font><DIV>&nbsp;<\/DIV> <b><font size=\"2\" face=\"Arial\">1o. Educaci\u00f3n.<\/font><\/b><\/p>\n<p><font size=\"2\" face=\"Arial\">&#8211; Cofinanciaci\u00f3n para la construcci\u00f3n del Colegio Agr\u00edcola de Guachicono $51.000.000. <\/font> <\/p>\n<p> <font size=\"2\" face=\"Arial\">&#8211; Cofinanciaci\u00f3n para la construcci\u00f3n del Colegio Agr\u00edcola Jos\u00e9 Dolores Daza $51.000.000, Corregimiento los Milagros. <\/font>  <font size=\"2\" face=\"Arial\">&#8211; Cofinanciaci\u00f3n para la reconstrucci\u00f3n de la Normal Santa Catalina Labour\u00e9, $20.000.000. <\/font>  <font size=\"2\" face=\"Arial\">&#8211; Cofinanciaci\u00f3n para la construcci\u00f3n de la Planta F\u00edsica del Colegio Nacional Marco Fidel Su\u00e1rez, en la cabecera municipal, $50.000.000. <\/font>  <b><font size=\"2\" face=\"Arial\">2. Electrificaci\u00f3n.<\/font><\/b><\/p>\n<p><font size=\"2\" face=\"Arial\">&#8211; Cofinanciaci\u00f3n obras de electrificaci\u00f3n en el \u00e1rea rural del municipio $200.000.000. <\/font> <\/p>\n<p> <b><font size=\"2\" face=\"Arial\">3. Red vial.<\/font><\/b><\/p>\n<p><font size=\"2\" face=\"Arial\">&#8211; Cofinanciaci\u00f3n proyecto de construcci\u00f3n v\u00eda Para\u00edso-La Guayana, $80.000.000. <\/font> <\/p>\n<p><DIV>&nbsp;<\/DIV> <font size=\"2\" face=\"Arial\">&#8211; Cofinanciaci\u00f3n construcci\u00f3n v\u00eda Carbonera-La Monja-Butuyaco, $80.000.000. <\/font> <DIV>&nbsp;<\/DIV> <font size=\"2\" face=\"Arial\">&#8211; Cofinanciaci\u00f3n construcci\u00f3n v\u00eda San Lorenzo-Puente-La Victoria $70.000.000. <\/font> <DIV>&nbsp;<\/DIV> <font size=\"2\" face=\"Arial\">&#8211; Cofinanciaci\u00f3n construcci\u00f3n v\u00eda Guadual-Melchor, $100.000.000. <\/font> <DIV>&nbsp;<\/DIV> <font size=\"2\" face=\"Arial\">&#8211; Cofinanciaci\u00f3n mejoramiento y ampliaci\u00f3n v\u00eda La Parada -La Juntas, $40.000.000. <\/font> <DIV>&nbsp;<\/DIV> <font size=\"2\" face=\"Arial\">&#8211; Cofinanciaci\u00f3n construcci\u00f3n v\u00eda Rosal -Cimarrones-San Juan-Los Milagros-Las Cruces, $120.000.000. <\/font> <DIV>&nbsp;<\/DIV> <b><font size=\"2\" face=\"Arial\">4. Alcantarillados.<\/font><\/b><\/p>\n<p><font size=\"2\" face=\"Arial\">&#8211; Cofinanciaci\u00f3n del proyecto de reposici\u00f3n y ampliaci\u00f3n del alcantarillado de la cabecera municipal $600.000.000. <\/font> <\/p>\n<p> <b><font size=\"2\" face=\"Arial\">5. Acueductos.<\/font><\/b><\/p>\n<p><font size=\"2\" face=\"Arial\">&#8211; Cofinanciaci\u00f3n proyecto de construcci\u00f3n del Acueducto interveredal La Carbonera $150.000.000. <\/font> <\/p>\n<p> <font size=\"2\" face=\"Arial\">&#8211; Cofinanciaci\u00f3n proyecto de construcci\u00f3n acueducto interveredal Vereda Melchor $50.000.000. <\/font> <DIV>&nbsp;<\/DIV> <font size=\"2\" face=\"Arial\">&#8211; Cofinanciaci\u00f3n proyecto construcci\u00f3n acueducto los Potreros, $90.000.000. <\/font> <DIV>&nbsp;<\/DIV> <font size=\"2\" face=\"Arial\">&#8211; Cofinanciaci\u00f3n proyecto construcci\u00f3n acueducto Buenavista-Guachicono, $81.000.000. <\/font> <DIV>&nbsp;<\/DIV> <font size=\"2\" face=\"Arial\">&#8211; Cofinanciaci\u00f3n proyecto construcci\u00f3n acueducto Cerro Alto-Cerrojo Chupadero, $300.000.000. <\/font> <DIV>&nbsp;<\/DIV> <font size=\"2\" face=\"Arial\">&#8211; Cofinanciaci\u00f3n proyecto construcci\u00f3n acueducto Villanueva-Carbonero-Ortijo-Tambores, $190.000.000. <\/font> <DIV>&nbsp;<\/DIV> <font face=\"Arial\"><A name=3><b><font size=\"2\">ART\u00cdCULO 3o.<\/font><\/b><\/A><font size=\"2\"><b> <\/b>Autorizar al Gobierno Nacional para realizar las operaciones presupuestales y celebrar los contratos necesarios para el cumplimiento de la presente ley. <\/font> <\/font> <DIV>&nbsp;<\/DIV> <font face=\"Arial\"><A name=4><b><font size=\"2\">ART\u00cdCULO 4o.<\/font><\/b><\/A><font size=\"2\"><b> <\/b>La presente ley rige a partir de la fecha de su sanci\u00f3n y promulgaci\u00f3n. <\/font> <\/font> <DIV>&nbsp;<\/DIV> <\/p>\n<p align=\"center\"><font size=\"2\" face=\"Arial\">El Presidente honorable Senado de la Rep\u00fablica, <\/font> <\/p>\n<p align=\"center\"><font size=\"2\" face=\"Arial\">LUIS FERNANDO LONDO\u00d1O CAPURRO. <\/font> <\/p>\n<p align=\"center\"><font size=\"2\" face=\"Arial\">El Secretario General del honorable Senado de la Rep\u00fablica, <\/font> <\/p>\n<p align=\"center\"><font size=\"2\" face=\"Arial\">PEDRO PUMAREJO VEGA. <\/font> <\/p>\n<p align=\"center\"><font size=\"2\" face=\"Arial\">El Presidente de la honorable C\u00e1mara de Representantes, <\/font> <\/p>\n<p align=\"center\"><font size=\"2\" face=\"Arial\">GIOVANNI LAMBOGLIA MAZZILLI. <\/font> <\/p>\n<p align=\"center\"><font size=\"2\" face=\"Arial\">El Secretario General de la honorable C\u00e1mara de Representantes, <\/font> <\/p>\n<p align=\"center\"><font size=\"2\" face=\"Arial\">DIEGO VIVAS TAFUR. <\/font> <\/p>\n<p align=\"center\"><font size=\"2\" face=\"Arial\">REP\u00daBLICA DE COLOMBIA &#8211; GOBIERNO NACIONAL <\/font> <\/p>\n<p align=\"center\"><font size=\"2\" face=\"Arial\">Publ\u00edquese y ejec\u00fatese. <\/font> <\/p>\n<p align=\"center\"><font size=\"2\" face=\"Arial\">Dado en Santa Fe de Bogot\u00e1, D.C., a 5 de diciembre de 1996. <\/font> <\/p>\n<p align=\"center\"><font size=\"2\" face=\"Arial\">ERNESTO SAMPER PIZANO. <\/font> <\/p>\n<p align=\"center\"><font size=\"2\" face=\"Arial\">El Ministro de Hacienda y Cr\u00e9dito P\u00fablico, <\/font> <\/p>\n<p align=\"center\"><font size=\"2\" face=\"Arial\">JOS\u00c9 ANTONIO OCAMPO GAVIRIA.<\/font><\/p>\n<p align=\"center\"><font size=\"2\" face=\"Arial\">&nbsp;&nbsp; <\/font> <\/p>\n<p>   <\/TABLE><\/font><P align=\"center\">&nbsp;<\/P><\/p>\n","protected":false},"excerpt":{"rendered":"<p>LEY 328 DE 1996 &nbsp; LEY 328 DE 1996 (diciembre 5) Diario Oficial No. 42.936,&nbsp; de 10 de diciembre de 1996 Por medio de la cual la Naci\u00f3n se asocia a la celebraci\u00f3n del bicentenario de la fundaci\u00f3n del Municipio de Bol\u00edvar en el departamento del Cauca y se dictan otras disposiciones. EL CONGRESO DE [&hellip;]<\/p>\n","protected":false},"author":1,"featured_media":0,"comment_status":"open","ping_status":"open","sticky":false,"template":"","format":"standard","meta":{"footnotes":""},"categories":[11],"tags":[],"class_list":["post-445","post","type-post","status-publish","format-standard","hentry","category-leyes-1996"],"_links":{"self":[{"href":"https:\/\/www.dmsjuridica.com\/buscador_20179478954\/legislacion\/leyes\/wp-json\/wp\/v2\/posts\/445","targetHints":{"allow":["GET"]}}],"collection":[{"href":"https:\/\/www.dmsjuridica.com\/buscador_20179478954\/legislacion\/leyes\/wp-json\/wp\/v2\/posts"}],"about":[{"href":"https:\/\/www.dmsjuridica.com\/buscador_20179478954\/legislacion\/leyes\/wp-json\/wp\/v2\/types\/post"}],"author":[{"embeddable":true,"href":"https:\/\/www.dmsjuridica.com\/buscador_20179478954\/legislacion\/leyes\/wp-json\/wp\/v2\/users\/1"}],"replies":[{"embeddable":true,"href":"https:\/\/www.dmsjuridica.com\/buscador_20179478954\/legislacion\/leyes\/wp-json\/wp\/v2\/comments?post=445"}],"version-history":[{"count":0,"href":"https:\/\/www.dmsjuridica.com\/buscador_20179478954\/legislacion\/leyes\/wp-json\/wp\/v2\/posts\/445\/revisions"}],"wp:attachment":[{"href":"https:\/\/www.dmsjuridica.com\/buscador_20179478954\/legislacion\/leyes\/wp-json\/wp\/v2\/media?parent=445"}],"wp:term":[{"taxonomy":"category","embeddable":true,"href":"https:\/\/www.dmsjuridica.com\/buscador_20179478954\/legislacion\/leyes\/wp-json\/wp\/v2\/categories?post=445"},{"taxonomy":"post_tag","embeddable":true,"href":"https:\/\/www.dmsjuridica.com\/buscador_20179478954\/legislacion\/leyes\/wp-json\/wp\/v2\/tags?post=445"}],"curies":[{"name":"wp","href":"https:\/\/api.w.org\/{rel}","templated":true}]}}