{"id":4536,"date":"2024-02-06T22:26:14","date_gmt":"2024-02-06T22:26:14","guid":{"rendered":"https:\/\/www.dmsjuridica.com\/buscador_20179478954\/legislacion\/leyes\/2024\/02\/06\/ley-067-de-1985\/"},"modified":"2024-02-06T22:26:14","modified_gmt":"2024-02-06T22:26:14","slug":"ley-067-de-1985","status":"publish","type":"post","link":"https:\/\/www.dmsjuridica.com\/buscador_20179478954\/legislacion\/leyes\/2024\/02\/06\/ley-067-de-1985\/","title":{"rendered":"LEY 067 DE 1985"},"content":{"rendered":"\n<p>\u00a0 \u00a0 \u00a0 \u00a0 \u00a0 \u00a0\u00a0<\/p>\n<p>\u00a0 \u00a0\u00a0<\/p>\n<p>(SEPTIEMBRE 24) \u00a0 \u00a0 \u00a0 \u00a0 \u00a0 \u00a0 \u00a0 \u00a0<\/p>\n<p>Por la cual la Naci\u00f3n se asocia al tricentenario de la \u00a0 fundaci\u00f3n del Municipio -Pueblo de Nuestra Se\u00f1ora de la Estrella en el \u00a0 Departamento de Antioqu\u00eda y se dictan otras disposiciones. \u00a0 \u00a0 \u00a0 \u00a0 \u00a0 \u00a0<\/p>\n<p>El Congreso de Colombia \u00a0 \u00a0 \u00a0 \u00a0 \u00a0<\/p>\n<p>DECRETA: \u00a0 \u00a0 \u00a0 \u00a0 \u00a0<\/p>\n<p>ARTICULO 1\u00ba.- La Naci\u00f3n se asocia al tricentenario de la \u00a0 fundaci\u00f3n del Municipio de &#8220;Pueblo de Nuestra Se\u00f1ora de la Estrella&#8221; en el \u00a0 Departamento de Antioquia, efem\u00e9rides que se cumple el 4 de septiembre de 1985. \u00a0 Con tal motivo se honra la memoria de su ilustre fundador don Francisco Carrillo \u00a0 de Albornoz. \u00a0 \u00a0 \u00a0 \u00a0 \u00a0<\/p>\n<p>ARTICULO 2\u00ba.- Por el t\u00e9rmino de tres a\u00f1os contados a partir \u00a0 de la vigencia de la presente Ley, el Gobierno Nacional podr\u00e1 llevar a cabo la \u00a0 construcci\u00f3n y terminaci\u00f3n de las siguientes obras: \u00a0 \u00a0 \u00a0 \u00a0 \u00a0<\/p>\n<p>a) En la cabecera municipal del &#8220;Pueblo de Nuestra Se\u00f1ora de \u00a0 la Estrella&#8221;: la construcci\u00f3n de la Casa Municipal; la construcci\u00f3n de un Liceo \u00a0 para la Ense\u00f1anza Secundaria; construir una Unidad de Salud y la terminaci\u00f3n del \u00a0 Barrio Escobar. \u00a0 \u00a0 \u00a0 \u00a0 \u00a0<\/p>\n<p>b) En el Corregimiento Pueblo Viejo: construcci\u00f3n de un local \u00a0 para la Inspecci\u00f3n de Polic\u00eda y una Escuela para la Educaci\u00f3n Primaria. \u00a0 \u00a0 \u00a0 \u00a0 \u00a0<\/p>\n<p>c) En el Corregimiento de La Tablaza: la construcci\u00f3n del \u00a0 Acueducto; sala M\u00faltiple para la atenci\u00f3n de las necesidades educativas. \u00a0 \u00a0 \u00a0 \u00a0 \u00a0<\/p>\n<p>ARTICULO 3\u00ba.- Autorizase al Gobierno Nacional para obtener \u00a0 los empr\u00e9stitos y celebrar los contratos que sean necesarios para dar \u00a0 cumplimiento a la presente Ley. \u00a0 \u00a0 \u00a0 \u00a0 \u00a0<\/p>\n<p>ARTICULO 4\u00ba.- Esta Ley regir\u00e1 desde su sanci\u00f3n. \u00a0 \u00a0 \u00a0 \u00a0 \u00a0<\/p>\n<p>Dada en Bogot\u00e1, D. E., a los &#8230; d\u00edas del mes de &#8230; de mil \u00a0 novecientos ochenta y cinco (1985). \u00a0 \u00a0 \u00a0 \u00a0 \u00a0<\/p>\n<p>El Presidente del honorable Senado de la Rep\u00fablica, ALVARO \u00a0 VILLEGAS MORENO, el Secretario General del honorable Senado de la Rep\u00fablica, \u00a0 Crisp\u00edn Villaz\u00f3n de Armas, el Presidente de la honorable C\u00e1mara de \u00a0 Representantes, MIGUEL PINEDO VIDAL, el Secretario General de la honorable \u00a0 C\u00e1mara de Representantes, Julio Enrique Olaya Rinc\u00f3n. \u00a0 \u00a0 \u00a0 \u00a0 \u00a0<\/p>\n<p>Rep\u00fablica de Colombia &#8211; Gobierno Nacional \u00a0<\/p>\n<p>Bogot\u00e1, D. E., 24 de septiembre de 1985. \u00a0 \u00a0 \u00a0<\/p>\n<p>\u00a0 \u00a0 \u00a0 \u00a0<\/p>\n<p>Publ\u00edquese y ejec\u00fatese. \u00a0 \u00a0 \u00a0 \u00a0 \u00a0<\/p>\n<p>BELISARIO BETANCUR \u00a0 \u00a0 \u00a0 \u00a0 \u00a0<\/p>\n<p>El Ministro de Hacienda y Cr\u00e9dito P\u00fablico, Roberto Junguito \u00a0 Bonnet, la Ministra de Educaci\u00f3n Nacional, Liliam Suarez Melo, la Ministra de \u00a0 Salud (E), Beatriz de la Vega, el Ministro de Obras P\u00fablicas y Transporte, \u00a0 Rodolfo Segovia Salas. \u00a0 \u00a0<\/p>\n<p><\/p>\n","protected":false},"excerpt":{"rendered":"<p>\u00a0 \u00a0 \u00a0 \u00a0 \u00a0 \u00a0\u00a0 \u00a0 \u00a0\u00a0 (SEPTIEMBRE 24) \u00a0 \u00a0 \u00a0 \u00a0 \u00a0 \u00a0 \u00a0 \u00a0 Por la cual la Naci\u00f3n se asocia al tricentenario de la \u00a0 fundaci\u00f3n del Municipio -Pueblo de Nuestra Se\u00f1ora de la Estrella en el \u00a0 Departamento de Antioqu\u00eda y se dictan otras disposiciones. \u00a0 \u00a0 \u00a0 \u00a0 [&hellip;]<\/p>\n","protected":false},"author":1,"featured_media":0,"comment_status":"open","ping_status":"open","sticky":false,"template":"","format":"standard","meta":{"footnotes":""},"categories":[128],"tags":[],"class_list":["post-4536","post","type-post","status-publish","format-standard","hentry","category-leyes-1985"],"_links":{"self":[{"href":"https:\/\/www.dmsjuridica.com\/buscador_20179478954\/legislacion\/leyes\/wp-json\/wp\/v2\/posts\/4536","targetHints":{"allow":["GET"]}}],"collection":[{"href":"https:\/\/www.dmsjuridica.com\/buscador_20179478954\/legislacion\/leyes\/wp-json\/wp\/v2\/posts"}],"about":[{"href":"https:\/\/www.dmsjuridica.com\/buscador_20179478954\/legislacion\/leyes\/wp-json\/wp\/v2\/types\/post"}],"author":[{"embeddable":true,"href":"https:\/\/www.dmsjuridica.com\/buscador_20179478954\/legislacion\/leyes\/wp-json\/wp\/v2\/users\/1"}],"replies":[{"embeddable":true,"href":"https:\/\/www.dmsjuridica.com\/buscador_20179478954\/legislacion\/leyes\/wp-json\/wp\/v2\/comments?post=4536"}],"version-history":[{"count":0,"href":"https:\/\/www.dmsjuridica.com\/buscador_20179478954\/legislacion\/leyes\/wp-json\/wp\/v2\/posts\/4536\/revisions"}],"wp:attachment":[{"href":"https:\/\/www.dmsjuridica.com\/buscador_20179478954\/legislacion\/leyes\/wp-json\/wp\/v2\/media?parent=4536"}],"wp:term":[{"taxonomy":"category","embeddable":true,"href":"https:\/\/www.dmsjuridica.com\/buscador_20179478954\/legislacion\/leyes\/wp-json\/wp\/v2\/categories?post=4536"},{"taxonomy":"post_tag","embeddable":true,"href":"https:\/\/www.dmsjuridica.com\/buscador_20179478954\/legislacion\/leyes\/wp-json\/wp\/v2\/tags?post=4536"}],"curies":[{"name":"wp","href":"https:\/\/api.w.org\/{rel}","templated":true}]}}