{"id":641,"date":"2020-11-24T18:19:10","date_gmt":"2020-11-24T18:19:10","guid":{"rendered":"https:\/\/www.dmsjuridica.com\/buscador_20179478954\/legislacion\/leyes\/2020\/11\/24\/ley-571-de-2000\/"},"modified":"2020-11-24T18:19:10","modified_gmt":"2020-11-24T18:19:10","slug":"ley-571-de-2000","status":"publish","type":"post","link":"https:\/\/www.dmsjuridica.com\/buscador_20179478954\/legislacion\/leyes\/2020\/11\/24\/ley-571-de-2000\/","title":{"rendered":"LEY 571 DE 2000"},"content":{"rendered":"<p>LEY 571 DE 2000            <\/a><\/p>\n<p>&nbsp;<\/p>\n<p align=\"center\"><b><font size=\"2\"><img loading=\"lazy\" decoding=\"async\" border=\"0\" src=\"http:\/\/dmsjuridica.com\/CODIGOS\/LEGISLACION\/LEYES\/2019\/dms.png\" width=\"138\" height=\"103\"align=\"center\"><\/font><\/b><\/p>\n<p align=\"center\"><b><font size=\"6\">LEY 571 DE 2000<\/font><\/p>\n<p align=\"center\"><b><font size=\"2\">(febrero 3)<\/font><\/b><\/p>\n<p align=\"center\"><b><font size=\"2\">Diario Oficial No 43.877, de 3 de febrero de 2000<\/font><\/b><\/p>\n<p align=\"center\"><font size=\"2\">Por medio de la cual se declara Monumento Nacional la &quot;Bas\u00edlica Menor del Se\u00f1or de los Milagros&quot;, del municipio de San Benito Abad, departamento de Sucre.<\/font><\/p>\n<p><DIV>&nbsp;<\/DIV> <\/p>\n<p align=\"center\"><b><font size=\"2\">EL CONGRESO DE COLOMBIA<\/font><\/b><\/p>\n<p align=\"center\"><b><font size=\"2\">DECRETA:<\/font><\/b><\/p>\n<p><DIV>&nbsp;<\/DIV> <\/p>\n<p align=\"justify\"><A name=1><b><font size=\"2\">ART\u00cdCULO 1o.<\/font><\/b><\/A><font size=\"2\"> Decl\u00e1rase Monumento Nacional la &quot;Bas\u00edlica Menor del Se\u00f1or de los Milagros&quot;, ubicada en el municipio de San Benito Abad, en el departamento de Sucre.<\/font><\/p>\n<p><DIV>&nbsp;<\/DIV> <\/p>\n<p align=\"justify\"><A name=2><b><font size=\"2\">ART\u00cdCULO 2o.<\/font><\/b><\/A><font size=\"2\"> Este templo como Monumento Nacional ser\u00e1 objeto de especial cuidado y conservaci\u00f3n por parte de la administraci\u00f3n local, departamental y nacional; para lo cual en sus respectivos presupuestos anuales, el Gobierno est\u00e1 facultado para asignar partidas presupuestales para su mantenimiento y conservaci\u00f3n.<\/font><\/p>\n<p><DIV>&nbsp;<\/DIV> <\/p>\n<p align=\"justify\"><A name=3><b><font size=\"2\">ART\u00cdCULO 3o.<\/font><\/b><\/A><font size=\"2\"> Las partidas asignadas por el departamento de Sucre y por la Naci\u00f3n con el prop\u00f3sito de mantener y conservar la referida Bas\u00edlica ser\u00e1n remitidas al municipio de San Benito Abad, que es la entidad encargada de los cuidados de dicho Monumento Nacional.<\/font><\/p>\n<p><DIV>&nbsp;<\/DIV> <\/p>\n<p align=\"justify\"><A name=4><b><font size=\"2\">ART\u00cdCULO 4o.<\/font><\/b><\/A><font size=\"2\"> Ordena la colocaci\u00f3n de una placa de m\u00e1rmol en el frente de dicho templo en la que se indique el n\u00famero y fecha de la ley, que declara Monumento Nacional esta Bas\u00edlica y los nombres del autor de la presente ley, as\u00ed como los de los fundadores y gestores del mencionado templo.<\/font><\/p>\n<p><DIV>&nbsp;<\/DIV> <\/p>\n<p align=\"justify\"><A name=5><b><font size=\"2\">ART\u00cdCULO 5o.<\/font><\/b><\/A><font size=\"2\"> En los eventos en los que fuere necesaria la realizaci\u00f3n de obras civiles de reconstrucci\u00f3n que impliquen cambios o modificaciones en la estructura interna o externa de la Bas\u00edlica del Se\u00f1or de los Milagros de San Benito Abad, estas s\u00f3lo podr\u00e1n realizarse previa obtenci\u00f3n de autorizaci\u00f3n expresa ante la Di\u00f3cesis de Sincelejo.<\/font><\/p>\n<p><DIV>&nbsp;<\/DIV> <\/p>\n<p align=\"justify\"><A name=6><b><font size=\"2\">ART\u00cdCULO 6o.<\/font><\/b><\/A><font size=\"2\"> La presente ley rige a partir de su promulgaci\u00f3n.<\/font><\/p>\n<p><DIV>&nbsp;<\/DIV> <\/p>\n<p align=\"center\" style=\"margin-top: 0; margin-bottom: 0\"><font size=\"2\">El Presidente del honorable Senado de la Rep\u00fablica,<\/font><\/p>\n<p align=\"center\" style=\"margin-top: 0; margin-bottom: 0\"><font size=\"2\">MIGUEL PINEDO VIDAL.<\/font><\/p>\n<p><DIV>&nbsp;<\/DIV> <\/p>\n<p align=\"center\" style=\"margin-top: 0; margin-bottom: 0\"><font size=\"2\">El Secretario General del honorable Senado de la Rep\u00fablica,<\/font><\/p>\n<p align=\"center\" style=\"margin-top: 0; margin-bottom: 0\"><font size=\"2\">MANUEL ENR\u00cdQUEZ ROSERO.<\/font><\/p>\n<p><DIV>&nbsp;<\/DIV> <\/p>\n<p align=\"center\" style=\"margin-top: 0; margin-bottom: 0\"><font size=\"2\">El Presidente de la honorable C\u00e1mara de Representantes,<\/font><\/p>\n<p align=\"center\" style=\"margin-top: 0; margin-bottom: 0\"><font size=\"2\">ARMANDO POM\u00c1RICO RAMOS.<\/font><\/p>\n<p><DIV>&nbsp;<\/DIV> <\/p>\n<p align=\"center\" style=\"margin-top: 0; margin-bottom: 0\"><font size=\"2\">El Secretario General de la honorable C\u00e1mara de Representantes,<\/font><\/p>\n<p align=\"center\" style=\"margin-top: 0; margin-bottom: 0\"><font size=\"2\">GUSTAVO BUSTAMANTE MORATTO.<\/font><\/p>\n<p><DIV>&nbsp;<\/DIV> <\/p>\n<p align=\"center\" style=\"margin-top: 0; margin-bottom: 0\"><font size=\"2\">REPUBLICA DE COLOMBIA \u2013 GOBIERNO NACIONAL<\/font><\/p>\n<p> <DIV>&nbsp;<\/DIV> <\/p>\n<p align=\"center\" style=\"margin-top: 0; margin-bottom: 0\"><font size=\"2\">PUBL\u00cdQUESE Y EJEC\u00daTESE.<\/font><\/p>\n<p align=\"center\" style=\"margin-top: 0; margin-bottom: 0\"><font size=\"2\">Dada en Santa Fe de Bogot\u00e1, D. C., a 3 de febrero de 2000.<\/font><\/p>\n<p><DIV>&nbsp;<\/DIV>  <\/p>\n<p align=\"center\" style=\"margin-top: 0; margin-bottom: 0\"><b><font size=\"2\">ANDR\u00c9S PASTRANA ARANGO<\/font><\/b><\/p>\n<p><DIV>&nbsp;<\/DIV>  <\/p>\n<p align=\"center\" style=\"margin-top: 0; margin-bottom: 0\"><font size=\"2\">El Ministro de Cultura,<\/font><\/p>\n<p align=\"center\" style=\"margin-top: 0; margin-bottom: 0\"><font size=\"2\">JUAN LU\u00cdS MEJ\u00cdA ARANGO.<\/font><\/p>\n","protected":false},"excerpt":{"rendered":"<p>LEY 571 DE 2000 &nbsp; LEY 571 DE 2000 (febrero 3) Diario Oficial No 43.877, de 3 de febrero de 2000 Por medio de la cual se declara Monumento Nacional la &quot;Bas\u00edlica Menor del Se\u00f1or de los Milagros&quot;, del municipio de San Benito Abad, departamento de Sucre. &nbsp; EL CONGRESO DE COLOMBIA DECRETA: &nbsp; ART\u00cdCULO [&hellip;]<\/p>\n","protected":false},"author":1,"featured_media":0,"comment_status":"open","ping_status":"open","sticky":false,"template":"","format":"standard","meta":{"footnotes":""},"categories":[15],"tags":[],"class_list":["post-641","post","type-post","status-publish","format-standard","hentry","category-leyes-2000"],"_links":{"self":[{"href":"https:\/\/www.dmsjuridica.com\/buscador_20179478954\/legislacion\/leyes\/wp-json\/wp\/v2\/posts\/641","targetHints":{"allow":["GET"]}}],"collection":[{"href":"https:\/\/www.dmsjuridica.com\/buscador_20179478954\/legislacion\/leyes\/wp-json\/wp\/v2\/posts"}],"about":[{"href":"https:\/\/www.dmsjuridica.com\/buscador_20179478954\/legislacion\/leyes\/wp-json\/wp\/v2\/types\/post"}],"author":[{"embeddable":true,"href":"https:\/\/www.dmsjuridica.com\/buscador_20179478954\/legislacion\/leyes\/wp-json\/wp\/v2\/users\/1"}],"replies":[{"embeddable":true,"href":"https:\/\/www.dmsjuridica.com\/buscador_20179478954\/legislacion\/leyes\/wp-json\/wp\/v2\/comments?post=641"}],"version-history":[{"count":0,"href":"https:\/\/www.dmsjuridica.com\/buscador_20179478954\/legislacion\/leyes\/wp-json\/wp\/v2\/posts\/641\/revisions"}],"wp:attachment":[{"href":"https:\/\/www.dmsjuridica.com\/buscador_20179478954\/legislacion\/leyes\/wp-json\/wp\/v2\/media?parent=641"}],"wp:term":[{"taxonomy":"category","embeddable":true,"href":"https:\/\/www.dmsjuridica.com\/buscador_20179478954\/legislacion\/leyes\/wp-json\/wp\/v2\/categories?post=641"},{"taxonomy":"post_tag","embeddable":true,"href":"https:\/\/www.dmsjuridica.com\/buscador_20179478954\/legislacion\/leyes\/wp-json\/wp\/v2\/tags?post=641"}],"curies":[{"name":"wp","href":"https:\/\/api.w.org\/{rel}","templated":true}]}}