{"id":644,"date":"2020-11-24T18:19:10","date_gmt":"2020-11-24T18:19:10","guid":{"rendered":"https:\/\/www.dmsjuridica.com\/buscador_20179478954\/legislacion\/leyes\/2020\/11\/24\/ley-574-de-2000\/"},"modified":"2020-11-24T18:19:10","modified_gmt":"2020-11-24T18:19:10","slug":"ley-574-de-2000","status":"publish","type":"post","link":"https:\/\/www.dmsjuridica.com\/buscador_20179478954\/legislacion\/leyes\/2020\/11\/24\/ley-574-de-2000\/","title":{"rendered":"LEY 574 DE 2000"},"content":{"rendered":"<p>LEY 574 DE 2000            <\/a><\/p>\n<p>&nbsp;<\/p>\n<p align=\"center\"><b><font size=\"2\"><img loading=\"lazy\" decoding=\"async\" border=\"0\" src=\"http:\/\/dmsjuridica.com\/CODIGOS\/LEGISLACION\/LEYES\/2019\/dms.png\" width=\"138\" height=\"103\"align=\"center\"><\/font><\/b><\/p>\n<p align=\"center\"><b><font size=\"6\">LEY 574 DE 2000<\/font><\/b><\/p>\n<p align=\"center\"><b><font size=\"2\">(febrero 7)<\/font><\/b><\/p>\n<p align=\"center\"><b><font size=\"2\">Diario Oficial No 43.887, de 9 de febrero de 2000<\/font><\/b><\/p>\n<p align=\"center\" style=\"margin-top: 0; margin-bottom: 0\"><font size=\"2\">Por medio de la cual se aprueba el &quot;Convenio de Reconocimiento Mutuo de certificados, t\u00edtulos y grados acad\u00e9micos de educaci\u00f3n superior entre el Gobierno de la Rep\u00fablica de Colombia y el Gobierno de la Rep\u00fablica del Per\u00fa&quot;, suscrito en Lima, el veintis\u00e9is (26) de abril de mil novecientos noventa y cuatro (1994).<\/font><\/p>\n<p align=\"center\" style=\"margin-top: 0; margin-bottom: 0\">&nbsp;<\/p>\n<p align=\"center\" style=\"margin-top: 0; margin-bottom: 0\">&nbsp;<\/p>\n<p><font face=\"Arial\" size=\"2\">*<b>Resumen de Notas de Vigencia<\/b>*<\/font><TABLE cellSpacing=0 cellPadding=6 rules=none width=\"100%\"  border=1 frame=border>    <TR>    <TD><b><font size=\"2\" face=\"Arial\">NOTAS DE VIGENCIA:<\/font><\/b><\/TD><\/TR>  <TR>    <TD><font size=\"2\" face=\"Arial\">1. Ley declarada EXEQUIBLE por la Corte Constitucional mediante Sentencia <b> <a hrefx=\"..\/..\/Sentencias\/C-1260-00.rtf\">C-1260-00<\/a><\/b> de 20 de septiembre de 2000, Magistrado Ponente Dr. Fabio Mor\u00f3n D\u00edaz.<\/font><\/TD><\/TR><\/TABLE><DIV>&nbsp;<\/DIV> <b><font size=\"2\" face=\"Arial\">EL CONGRESO DE COLOMBIA<\/font><\/b> <\/p>\n<p align=\"justify\"><font size=\"2\" face=\"Arial\">Visto el texto del &quot;Convenio de reconocimiento mutuo de certificados, t\u00edtulos y grados acad\u00e9micos de educaci\u00f3n superior entre el Gobierno de la Rep\u00fablica de Colombia y el Gobierno de la Rep\u00fablica del Per\u00fa&quot;, suscrito en Lima, el veintis\u00e9is (26) de abril de mil novecientos noventa y cuatro (1994), que a la letra dice:<\/font><\/p>\n<p align=\"justify\"><font size=\"2\" face=\"Arial\">(Para ser transcrito: Se adjunta fotocopia del texto \u00edntegro del instrumento internacional mencionado, debidamente autenticado por el Jefe de la Oficina Jur\u00eddica del Ministerio de Relaciones Exteriores).<\/font><\/p>\n<p><DIV>&nbsp;<\/DIV> <\/p>\n<p align=\"center\"><b><font size=\"2\" face=\"Arial\">CONVENIO DE RECONOCIMIENTO MUTUO DE CERTIFICADOS, T\u00cdTULOS Y GRADOS ACAD\u00c9MICOS DE EDUCACI\u00d3N SUPERIOR ENTRE EL GOBIERNO DE LA REP\u00daBLICA DE COLOMBIA Y EL GOBIERNO DE LA REP\u00daBLICA DEL PER\u00da.<\/font><\/b><\/p>\n<p align=\"justify\"><font size=\"2\" face=\"Arial\">El Gobierno de la Rep\u00fablica de Colombia y el Gobierno de la Rep\u00fablica del Per\u00fa, en adelante las partes, motivadas por el deseo de desarrollar las relaciones entre los pueblos de ambos pa\u00edses y colaborar ampliamente en las \u00e1reas de la educaci\u00f3n, la cultura y la ciencia,<\/font><\/p>\n<p><DIV>&nbsp;<\/DIV> <\/p>\n<p align=\"center\"><b><font size=\"2\" face=\"Arial\">ACUERDAN:<\/font><\/b><\/p>\n<p align=\"justify\"><font face=\"Arial\"><A name=1><b><font size=\"2\">ART\u00cdCULO 1o.<\/font><\/b><\/A><font size=\"2\"> Las partes reconocer\u00e1n y conceder\u00e1n validez a los t\u00edtulos y grados acad\u00e9micos de educaci\u00f3n superior otorgados por las universidades e instituciones de educaci\u00f3n superior reconocidas oficialmente por los sistemas educativos de ambos Estados, por intermedio de los respectivos Ministerios de Educaci\u00f3n.<\/font><\/font><\/p>\n<p><DIV>&nbsp;<\/DIV> <\/p>\n<p align=\"justify\"><font face=\"Arial\"><A name=2><b><font size=\"2\">ART\u00cdCULO 2o.<\/font><\/b><\/A><font size=\"2\"> Para los efectos de este convenio se entender\u00e1 por reconocimiento la validez oficial otorgada en cada uno de los Estados contratantes a los estudios realizados en las instituciones de educaci\u00f3n superior del Sistema Educativo del otro Estado, acreditados por t\u00edtulos o grados acad\u00e9micos.<\/font><\/font><\/p>\n<p><DIV>&nbsp;<\/DIV> <\/p>\n<p align=\"justify\"><font face=\"Arial\"><A name=3><b><font size=\"2\">ART\u00cdCULO 3o.<\/font><\/b><\/A><font size=\"2\"> Las partes proveer\u00e1n por intermedio de los organismos competentes de cada pa\u00eds, el otorgamiento del derecho al ejercicio de la profesi\u00f3n a quienes acrediten poseer un t\u00edtulo reconocido, de acuerdo con las normas legales internas vigentes para cada profesi\u00f3n.<\/font><\/font><\/p>\n<p><DIV>&nbsp;<\/DIV> <\/p>\n<p align=\"justify\"><font face=\"Arial\"><A name=4><b><font size=\"2\">ART\u00cdCULO 4o.<\/font><\/b><\/A><font size=\"2\"> Los estudios parciales de cualquier nivel de educaci\u00f3n superior realizados en uno de los pa\u00edses signatarios, ser\u00e1n reconocidos en el otro, con el fin de poder continuar con los mismos, sobre la base de las asignaturas aprobadas en un programa de educaci\u00f3n superior reconocido oficialmente en los sistemas educativos de cada pa\u00eds.<\/font><\/font><\/p>\n<p><DIV>&nbsp;<\/DIV> <\/p>\n<p align=\"justify\"><font face=\"Arial\"><A name=5><b><font size=\"2\">ART\u00cdCULO 5o.<\/font><\/b><\/A><font size=\"2\"> Para dar cumplimiento a lo estipulado en este convenio, las partes deber\u00e1n informarse mutuamente sobre cualquier clase de cambio en sus sistemas educativos en especial sobre el otorgamiento de t\u00edtulos y grados acad\u00e9micos en educaci\u00f3n superior.<\/font><\/font><\/p>\n<p align=\"justify\"><font face=\"Arial\"><b><font size=\"2\">PAR\u00c1GRAFO.<\/font><\/b><font size=\"2\"> En el caso de que las partes consideren necesario, podr\u00e1n conformar una comisi\u00f3n bilateral t\u00e9cnica que estar\u00e1 destinada a elaborar una tabla de equivalencias y acreditaciones, la cual se reunir\u00e1 cuantas veces lo estime necesario para cumplir el objetivo previsto.<\/font><\/font><\/p>\n<p align=\"justify\"><font size=\"2\" face=\"Arial\">Dicha Comisi\u00f3n se reunir\u00e1 dentro de los noventa (90) d\u00edas siguientes a la fecha correspondiente al canje de instrumentos de ratificaci\u00f3n.<\/font><\/p>\n<p><DIV>&nbsp;<\/DIV> <\/p>\n<p align=\"justify\"><font face=\"Arial\"><A name=6><b><font size=\"2\">ART\u00cdCULO 6o.<\/font><\/b><\/A><font size=\"2\"> En caso de modificaci\u00f3n en las leyes que reglamentan los sistemas de educaci\u00f3n superior, tanto en la Rep\u00fablica de Colombia como en la Rep\u00fablica del Per\u00fa en relaci\u00f3n con los t\u00edtulos o grados acad\u00e9micos de educaci\u00f3n superior reconocidos por cada Estado, se deber\u00e1 informar al respecto por la v\u00eda diplom\u00e1tica.<\/font><\/font><\/p>\n<p><DIV>&nbsp;<\/DIV> <\/p>\n<p align=\"justify\"><font face=\"Arial\"><A name=7><b><font size=\"2\">ART\u00cdCULO 7o.<\/font><\/b><\/A><font size=\"2\"> Las partes tomar\u00e1n las medidas correspondientes en sus sistemas educativos, con el fin de garantizar el cumplimiento del presente convenio por todas las instituciones de Educaci\u00f3n Superior de los respectivos pa\u00edses.<\/font><\/font><\/p>\n<p><DIV>&nbsp;<\/DIV> <\/p>\n<p align=\"justify\"><font face=\"Arial\"><A name=8><b><font size=\"2\">ART\u00cdCULO 8o.<\/font><\/b><\/A><font size=\"2\"> La parte colombiana, estar\u00e1 representada por el Instituto Colombiano para el Fomento de la Educaci\u00f3n Superior, ICFES y la parte peruana por el Ministerio de Educaci\u00f3n.<\/font><\/font><\/p>\n<p><DIV>&nbsp;<\/DIV> <\/p>\n<p align=\"justify\"><font face=\"Arial\"><A name=9><b><font size=\"2\">ART\u00cdCULO 9o.<\/font><\/b><\/A><font size=\"2\"> El presente convenio deber\u00e1 ser sometido a la aprobaci\u00f3n que establezca el r\u00e9gimen legal interno de cada pa\u00eds y entrar\u00e1 en vigor en la fecha del correspondiente canje de instrumentos de ratificaci\u00f3n.<\/font><\/font><\/p>\n<p><DIV>&nbsp;<\/DIV> <\/p>\n<p align=\"justify\"><font face=\"Arial\"><A name=10><b><font size=\"2\">ART\u00cdCULO 10.<\/font><\/b><\/A><font size=\"2\"> Las controversias que surjan de la aplicaci\u00f3n del presente convenio se dirimir\u00e1n de com\u00fan acuerdo de las partes.<\/font><\/font><\/p>\n<p><DIV>&nbsp;<\/DIV> <\/p>\n<p align=\"justify\"><font face=\"Arial\"><A name=11><b><font size=\"2\">ART\u00cdCULO 11.<\/font><\/b><\/A><font size=\"2\"> El presente convenio tendr\u00e1 una vigencia de cinco a\u00f1os y se prorrogar\u00e1 autom\u00e1ticamente por per\u00edodos de tiempos iguales.<\/font><\/font><\/p>\n<p align=\"justify\"><font size=\"2\" face=\"Arial\">Podr\u00e1 ser denunciado por las partes, mediante notificaci\u00f3n escrita por v\u00eda diplom\u00e1tica, caso en el cual la denuncia surtir\u00e1 efecto un a\u00f1o despu\u00e9s de la notificaci\u00f3n respectiva.<\/font><\/p>\n<p align=\"justify\"><font size=\"2\" face=\"Arial\">Suscrito en Lima a los veintis\u00e9is d\u00edas del mes de abril de 1994, en dos textos originales, siendo ambos igualmente aut\u00e9nticos.<\/font><\/p>\n<p><DIV>&nbsp;<\/DIV> <\/p>\n<p align=\"center\" style=\"margin-top: 0; margin-bottom: 0\"><font size=\"2\" face=\"Arial\">Por el Gobierno de la Rep\u00fablica de Colombia,<\/font><\/p>\n<p><DIV>&nbsp;<\/DIV> <\/p>\n<p align=\"center\" style=\"margin-top: 0; margin-bottom: 0\"><font size=\"2\" face=\"Arial\">NOEM\u00cd SAN\u00cdN DE RUBIO,<\/font><\/p>\n<p align=\"center\" style=\"margin-top: 0; margin-bottom: 0\"><font size=\"2\" face=\"Arial\">Ministra de Relaciones Exteriores.<\/font><\/p>\n<p><DIV>&nbsp;<\/DIV> <\/p>\n<p align=\"center\" style=\"margin-top: 0; margin-bottom: 0\"><font size=\"2\" face=\"Arial\">Por el Gobierno de la Rep\u00fablica del Per\u00fa,<\/font><\/p>\n<p><DIV>&nbsp;<\/DIV> <\/p>\n<p align=\"center\" style=\"margin-top: 0; margin-bottom: 0\"><font size=\"2\" face=\"Arial\">EFRA\u00cdN GOLDENBERG SCHREIBER,<\/font><\/p>\n<p align=\"center\" style=\"margin-top: 0; margin-bottom: 0\"><font size=\"2\" face=\"Arial\">Presidente del Consejo de Ministros y Ministro de Relaciones Exteriores.<\/font><\/p>\n<p><DIV>&nbsp;<\/DIV> <\/p>\n<p align=\"center\" style=\"margin-top: 0; margin-bottom: 0\"><font size=\"2\" face=\"Arial\">El suscrito Jefe de la Oficina Jur\u00eddica del Ministerio de Relaciones Exteriores,<\/font><\/p>\n<p align=\"center\" style=\"margin-top: 0; margin-bottom: 0\">&nbsp;<\/p>\n<p><DIV>&nbsp;<\/p>\n<p align=\"center\" style=\"margin-top: 0; margin-bottom: 0\">&nbsp;<\/DIV> <\/p>\n<p align=\"center\" style=\"margin-top: 0; margin-bottom: 0\"><b><font size=\"2\" face=\"Arial\">HACE CONSTAR:<\/font><\/b><\/p>\n<p> <font size=\"2\" face=\"Arial\">Que la presente reproducci\u00f3n es fiel fotocopia tomada del texto original del &quot;Convenio de reconocimiento mutuo de certificados, t\u00edtulos y grados acad\u00e9micos de educaci\u00f3n superior entre el Gobierno de la Rep\u00fablica de Colombia y el Gobierno de la Rep\u00fablica del Per\u00fa&quot;, suscrito en Lima el veintis\u00e9is (26) de abril de mil novecientos noventa y cuatro (1994), documento que reposa en los archivos de la Oficina Jur\u00eddica de este Ministerio.<\/font> <font size=\"2\" face=\"Arial\">Dada en Santa Fe de Bogot\u00e1, D. C., a los diecis\u00e9is (16) d\u00edas del mes de marzo de mil novecientos noventa y ocho (1998).<\/font><DIV>&nbsp;<\/DIV> <\/p>\n<p align=\"center\" style=\"margin-top: 0; margin-bottom: 0\"><font size=\"2\" face=\"Arial\">El Jefe de la Oficina Jur\u00eddica,<\/font><\/p>\n<p align=\"center\" style=\"margin-top: 0; margin-bottom: 0\"><font size=\"2\" face=\"Arial\">H\u00c9CTOR ADOLFO SINTURA VARELA.<\/font><\/p>\n<p><DIV>&nbsp;<\/DIV> <\/p>\n<p align=\"center\" style=\"margin-top: 0; margin-bottom: 0\"><font size=\"2\" face=\"Arial\">RAMA EJECUTIVA DEL PODER PUBLICO PRESIDENCIA DE LA REPUBLICA<\/font><\/p>\n<p align=\"center\" style=\"margin-top: 0; margin-bottom: 0\">&nbsp;<\/p>\n<p align=\"center\" style=\"margin-top: 0; margin-bottom: 0\"><font size=\"2\" face=\"Arial\">Santa Fe de Bogot\u00e1, D. C., a 13 de mayo de 1998.<\/font><\/p>\n<p align=\"center\" style=\"margin-top: 0; margin-bottom: 0\"><font size=\"2\" face=\"Arial\">Aprobado. Som\u00e9tase a la consideraci\u00f3n del honorable Congreso Nacional para los efectos constitucionales.<\/font><\/p>\n<p><DIV>&nbsp;<\/DIV> <\/p>\n<p align=\"center\" style=\"margin-top: 0; margin-bottom: 0\"><font size=\"2\" face=\"Arial\">(Fdo.) ERNESTO SAMPER PIZANO<\/font><\/p>\n<p><DIV>&nbsp;<\/DIV> <\/p>\n<p align=\"center\" style=\"margin-top: 0; margin-bottom: 0\"><font size=\"2\" face=\"Arial\">El Ministro de Relaciones Exteriores,<\/font><\/p>\n<p align=\"center\" style=\"margin-top: 0; margin-bottom: 0\"><font size=\"2\" face=\"Arial\">(Fdo.) CAMILO REYES RODR\u00cdGUEZ.<\/font><\/p>\n<p><DIV>&nbsp;<\/p>\n<p>&nbsp;<\/DIV> <\/p>\n<p align=\"center\"><b><font size=\"2\" face=\"Arial\">DECRETA:<\/font><\/b><\/p>\n<p align=\"justify\"><font face=\"Arial\"><A name=1A><b><font size=\"2\">ART\u00cdCULO 1o.<\/font><\/b><\/A><font size=\"2\"> Apru\u00e9base el &quot;Convenio de reconocimiento mutuo y certificados, t\u00edtulos y grados acad\u00e9micos de educaci\u00f3n superior entre el Gobierno de la Rep\u00fablica de Colombia y el Gobierno de la Rep\u00fablica del Per\u00fa&quot;, suscrito en Lima, el veintis\u00e9is (26) de abril de mil novecientos noventa y cuatro (1994).<\/font><\/font><\/p>\n<p><DIV>&nbsp;<\/DIV> <\/p>\n<p align=\"justify\"><font face=\"Arial\"><A name=2A><b><font size=\"2\">ART\u00cdCULO 2o.<\/font><\/b><\/A><font size=\"2\"> De conformidad con lo dispuesto en el art\u00edculo 1o. de la Ley 7a. de 1944, el &quot;Convenio de reconocimiento mutuo y certificados, t\u00edtulos y grados acad\u00e9micos de educaci\u00f3n superior entre el Gobierno de la Rep\u00fablica de Colombia y el Gobierno de la Rep\u00fablica del Per\u00fa&quot;, suscrito en Lima, el veintis\u00e9is (26) de abril de mil novecientos noventa y cuatro (1994), que por el art\u00edculo primero de esta ley se aprueba, obligar\u00e1 al pa\u00eds a partir de la fecha en que se perfeccione el v\u00ednculo internacional respecto del mismo.<\/font><\/font><\/p>\n<p><DIV>&nbsp;<\/DIV> <\/p>\n<p align=\"justify\"><font face=\"Arial\"><A name=3A><b><font size=\"2\">ART\u00cdCULO 3o.<\/font><\/b><\/A><font size=\"2\"> La presente ley rige a partir de la fecha de su publicaci\u00f3n.<\/font><\/font><\/p>\n<p><DIV>&nbsp;<\/DIV> <\/p>\n<p align=\"center\" style=\"margin-top: 0; margin-bottom: 0\"><font size=\"2\" face=\"Arial\">El Presidente del honorable Senado de la Rep\u00fablica,<\/font><\/p>\n<p align=\"center\" style=\"margin-top: 0; margin-bottom: 0\"><font size=\"2\" face=\"Arial\">MIGUEL PINEDO VIDAL.<\/font><\/p>\n<p><DIV>&nbsp;<\/DIV> <\/p>\n<p align=\"center\" style=\"margin-top: 0; margin-bottom: 0\"><font size=\"2\" face=\"Arial\">El Secretario General del honorable Senado de la Rep\u00fablica,<\/font><\/p>\n<p align=\"center\" style=\"margin-top: 0; margin-bottom: 0\"><font size=\"2\" face=\"Arial\">MANUEL ENR\u00cdQUEZ ROSERO.<\/font><\/p>\n<p><DIV>&nbsp;<\/DIV> <\/p>\n<p align=\"center\" style=\"margin-top: 0; margin-bottom: 0\"><font size=\"2\" face=\"Arial\">El Presidente de la honorable C\u00e1mara de Representantes,<\/font><\/p>\n<p align=\"center\" style=\"margin-top: 0; margin-bottom: 0\"><font size=\"2\" face=\"Arial\">ARMANDO POM\u00c1RICO RAMOS.<\/font><\/p>\n<p><DIV>&nbsp;<\/DIV> <\/p>\n<p align=\"center\" style=\"margin-top: 0; margin-bottom: 0\"><font size=\"2\" face=\"Arial\">El Secretario General de la honorable C\u00e1mara de Representantes,<\/font><\/p>\n<p align=\"center\" style=\"margin-top: 0; margin-bottom: 0\"><font size=\"2\" face=\"Arial\">GUSTAVO BUSTAMANTE MORATTO.<\/font><\/p>\n<p><DIV>&nbsp;<\/DIV> <\/p>\n<p align=\"center\" style=\"margin-top: 0; margin-bottom: 0\"><font size=\"2\" face=\"Arial\">REPUBLICA DE COLOMBIA \u2013 GOBIERNO NACIONAL<\/font><\/p>\n<p><DIV>&nbsp;<\/DIV> <\/p>\n<p align=\"center\" style=\"margin-top: 0; margin-bottom: 0\"><font size=\"2\" face=\"Arial\">COMUN\u00cdQUESE Y PUBL\u00cdQUESE.<\/font><\/p>\n<p><DIV>&nbsp;<\/DIV> <\/p>\n<p align=\"center\" style=\"margin-top: 0; margin-bottom: 0\"><font size=\"2\" face=\"Arial\">Ejec\u00fatese previa revisi\u00f3n de la corte Constitucional, conforme al art\u00edculo <b> <a hrefx=\"..\/..\/..\/contitucion_politica\/contitucion_politica.htm#241\">241-10<\/A><\/b> de la Constituci\u00f3n Pol\u00edtica.<\/font><\/p>\n<p><DIV>&nbsp;<\/DIV> <\/p>\n<p align=\"center\" style=\"margin-top: 0; margin-bottom: 0\"><font size=\"2\" face=\"Arial\">Dada en Santa Fe de Bogot\u00e1, D. C., a 7 de febrero de 2000.<\/font><\/p>\n<p> <DIV>&nbsp;<\/DIV> <\/p>\n<p align=\"center\" style=\"margin-top: 0; margin-bottom: 0\"><b><font size=\"2\" face=\"Arial\">ANDR\u00c9S PASTRANA ARANGO<\/font><\/b><\/p>\n<p> <DIV>&nbsp;<\/DIV> <\/p>\n<p align=\"center\" style=\"margin-top: 0; margin-bottom: 0\"><font size=\"2\" face=\"Arial\">El Ministro de Relaciones Exteriores,<\/font><\/p>\n<p align=\"center\" style=\"margin-top: 0; margin-bottom: 0\"><font size=\"2\" face=\"Arial\">GUILLERMO FERN\u00c1NDEZ DE SOTO.<\/font><\/p>\n<p><DIV>&nbsp;<\/DIV> <\/p>\n<p align=\"center\" style=\"margin-top: 0; margin-bottom: 0\"><font size=\"2\" face=\"Arial\">El Ministro de Educaci\u00f3n Nacional,<\/font><\/p>\n<p align=\"center\" style=\"margin-top: 0; margin-bottom: 0\"><font size=\"2\" face=\"Arial\">GERM\u00c1N ALBERTO BULA ESCOBAR.<\/font><\/p>\n","protected":false},"excerpt":{"rendered":"<p>LEY 574 DE 2000 &nbsp; LEY 574 DE 2000 (febrero 7) Diario Oficial No 43.887, de 9 de febrero de 2000 Por medio de la cual se aprueba el &quot;Convenio de Reconocimiento Mutuo de certificados, t\u00edtulos y grados acad\u00e9micos de educaci\u00f3n superior entre el Gobierno de la Rep\u00fablica de Colombia y el Gobierno de la [&hellip;]<\/p>\n","protected":false},"author":1,"featured_media":0,"comment_status":"open","ping_status":"open","sticky":false,"template":"","format":"standard","meta":{"footnotes":""},"categories":[15],"tags":[],"class_list":["post-644","post","type-post","status-publish","format-standard","hentry","category-leyes-2000"],"_links":{"self":[{"href":"https:\/\/www.dmsjuridica.com\/buscador_20179478954\/legislacion\/leyes\/wp-json\/wp\/v2\/posts\/644","targetHints":{"allow":["GET"]}}],"collection":[{"href":"https:\/\/www.dmsjuridica.com\/buscador_20179478954\/legislacion\/leyes\/wp-json\/wp\/v2\/posts"}],"about":[{"href":"https:\/\/www.dmsjuridica.com\/buscador_20179478954\/legislacion\/leyes\/wp-json\/wp\/v2\/types\/post"}],"author":[{"embeddable":true,"href":"https:\/\/www.dmsjuridica.com\/buscador_20179478954\/legislacion\/leyes\/wp-json\/wp\/v2\/users\/1"}],"replies":[{"embeddable":true,"href":"https:\/\/www.dmsjuridica.com\/buscador_20179478954\/legislacion\/leyes\/wp-json\/wp\/v2\/comments?post=644"}],"version-history":[{"count":0,"href":"https:\/\/www.dmsjuridica.com\/buscador_20179478954\/legislacion\/leyes\/wp-json\/wp\/v2\/posts\/644\/revisions"}],"wp:attachment":[{"href":"https:\/\/www.dmsjuridica.com\/buscador_20179478954\/legislacion\/leyes\/wp-json\/wp\/v2\/media?parent=644"}],"wp:term":[{"taxonomy":"category","embeddable":true,"href":"https:\/\/www.dmsjuridica.com\/buscador_20179478954\/legislacion\/leyes\/wp-json\/wp\/v2\/categories?post=644"},{"taxonomy":"post_tag","embeddable":true,"href":"https:\/\/www.dmsjuridica.com\/buscador_20179478954\/legislacion\/leyes\/wp-json\/wp\/v2\/tags?post=644"}],"curies":[{"name":"wp","href":"https:\/\/api.w.org\/{rel}","templated":true}]}}