{"id":655,"date":"2020-11-24T18:19:11","date_gmt":"2020-11-24T18:19:11","guid":{"rendered":"https:\/\/www.dmsjuridica.com\/buscador_20179478954\/legislacion\/leyes\/2020\/11\/24\/ley-585-de-2000\/"},"modified":"2020-11-24T18:19:11","modified_gmt":"2020-11-24T18:19:11","slug":"ley-585-de-2000","status":"publish","type":"post","link":"https:\/\/www.dmsjuridica.com\/buscador_20179478954\/legislacion\/leyes\/2020\/11\/24\/ley-585-de-2000\/","title":{"rendered":"LEY 585 DE 2000"},"content":{"rendered":"<p>LEY 585 DE 2000            <\/a><\/p>\n<p>&nbsp;<\/p>\n<p align=\"center\"><b><font size=\"2\"><img loading=\"lazy\" decoding=\"async\" border=\"0\" src=\"http:\/\/dmsjuridica.com\/CODIGOS\/LEGISLACION\/LEYES\/2019\/dms.png\" width=\"138\" height=\"103\"align=\"center\"><\/font><\/b><\/p>\n<p align=\"center\"><b><font size=\"6\">LEY 585 DE 2000 <\/font> <\/b><\/p>\n<p align=\"center\"><b><font size=\"2\">(junio 28) <\/font> <\/b> <\/p>\n<p align=\"center\"><b><font size=\"2\">Diario Oficial No. 44.063, de 30 de junio de 2000 <\/font> <\/b><\/p>\n<p align=\"center\"><font size=\"2\">Por medio de la cual se derogan, modifican y suprimen algunas disposiciones de la <b><a hrefx=\"..\/1996\/L0270_96.htm\">Ley 270 de 1996<\/a><\/b> y<b> <a hrefx=\"..\/..\/decretos\/1991\/D2699de1991.htm\">Decreto 2699 de 1991<\/a><\/b>. <\/font><\/p>\n<p><font size=\"2\"><b>*Resumen de Notas de Vigencia*<\/b><\/font><\/p>\n<p><TABLE cellSpacing=0 cellPadding=6 rules=none width=\"100%\"  border=1 frame=border>    <TR>    <TD><b><font size=\"2\">NOTAS DE VIGENCIA:<\/font><\/b><\/TD><\/TR>  <TR>    <TD><\/p>\n<p align=\"justify\"><font size=\"2\">1. Mediante Sentencia <b> <A hrefx=\"..\/Sentencias\/C-393-00.rtf\">C-393-00<\/A><\/b> de 6 de abril de 2000, Magistrado Ponente Dr. Jos\u00e9 Gregorio Hern\u00e1ndez Galindo, la Corte Constitucional revis\u00f3 la exequibilidad del Proyecto de Ley 138\/98 Senado y 144\/98 C\u00e1mara, en cumplimiento de lo dispuesto en el art\u00edculo <b> <A hrefx=\"..\/..\/..\/contitucion_politica\/contitucion_politica.htm#153\">153<\/A><\/b> de la Constituci\u00f3n Pol\u00edtica.     <\/font>     <\/TD><\/TR>  <\/TABLE><DIV>&nbsp;<\/DIV> <\/p>\n<p align=\"center\"><b><font size=\"2\">EL CONGRESO DE COLOMBIA, <\/font> <\/b><\/p>\n<p align=\"center\"><b><font size=\"2\">DECRETA: <\/font><\/b><\/p>\n<p align=\"justify\"><A name=1><b><font size=\"2\">ARTICULO 1o.<\/font><\/b><\/A><font size=\"2\"> El art\u00edculo <b> <A hrefx=\"L0270_96.htm#11\">11<\/A><\/b> de la <b><a hrefx=\"..\/1996\/L0270_96.htm\">Ley 270 de 1996<\/a><\/b>, quedar\u00e1 as\u00ed: <\/font> <\/p>\n<p align=\"justify\"><font size=\"2\">Art\u00edculo 11. La Rama Judicial del Poder P\u00fablico est\u00e1 constituida por: <\/font> <\/p>\n<p align=\"justify\"><font size=\"2\">1. Los \u00f3rganos que integran las distintas jurisdicciones: <\/font> <\/p>\n<p align=\"justify\"><font size=\"2\">a) De la Jurisdicci\u00f3n Ordinaria: <\/font><\/p>\n<p align=\"justify\"><font size=\"2\">1. Corte Suprema de Justicia. <\/font> <\/p>\n<p align=\"justify\"><font size=\"2\">2. Tribunales Superiores de Distrito Judicial. <\/font> <\/p>\n<p align=\"justify\"><font size=\"2\">3. Juzgados civiles, laborales, penales, agrarios, de familia, de ejecuci\u00f3n de penas, y los dem\u00e1s especializados y promiscuos que se creen conforme a la ley; <\/font> <\/p>\n<p align=\"justify\"><font size=\"2\">b) De la jurisdicci\u00f3n de lo contencioso administrativo: <\/font> <\/p>\n<p align=\"justify\"><font size=\"2\">1. Consejo de Estado. <\/font> <\/p>\n<p align=\"justify\"><font size=\"2\">2. Tribunales Administrativos. <\/font> <\/p>\n<p align=\"justify\"><font size=\"2\">3. Juzgados Administrativos: <\/font><\/p>\n<p align=\"justify\"><font size=\"2\">c) De la Jurisdicci\u00f3n Constitucional: Corte Constitucional; <\/font> <\/p>\n<p align=\"justify\"><font size=\"2\">d) De la Jurisdicci\u00f3n de la Paz: Jueces de Paz; <\/font> <\/p>\n<p align=\"justify\"><font size=\"2\">e) De la Jurisdicci\u00f3n de las Comunidades Ind\u00edgenas: Autoridades de los Territorios Ind\u00edgenas. <\/font> <\/p>\n<p align=\"justify\"><font size=\"2\">2. La Fiscal\u00eda General de la Naci\u00f3n. <\/font> <\/p>\n<p align=\"justify\"><font size=\"2\">3. El Consejo Superior de la Judicatura. <\/font> <\/p>\n<p align=\"justify\"><b><font size=\"2\">PAR\u00c1GRAFO<\/font><\/b><font size=\"2\"> 1o. La Corte Suprema de Justicia, la Corte Constitucional, el Consejo de Estado y el Consejo Superior de la Judicatura tienen competencia en todo el territorio nacional. Los Tribunales Superiores, los Tribunales Administrativos, los Consejos Seccionales de la Judicatura tienen competencia en el Distrito. Los jueces de circuito tienen competencia en el respectivo circuito. Los jueces municipales tienen competencia en el respectivo municipio. <\/font> <\/p>\n<p align=\"justify\"><b><font size=\"2\">PAR\u00c1GRAFO<\/font><\/b><font size=\"2\"> 2o. El Fiscal General de la Naci\u00f3n y sus delegados tienen competencia en todo el territorio nacional. <\/font> <\/p>\n<p><DIV>&nbsp;<\/DIV> <\/p>\n<p align=\"justify\"><A name=2><b><font size=\"2\">ARTICULO 2o.<\/font><\/b><\/A><font size=\"2\"> Los numerales 1o. y 5o. del art\u00edculo <b> <A hrefx=\"L0270_96.htm#17\">17<\/A><\/b> de la <b><a hrefx=\"..\/1996\/L0270_96.htm\">Ley 270 de 1996<\/a><\/b> quedar\u00e1n as\u00ed: <\/font><\/p>\n<p align=\"justify\"><font size=\"2\">Art\u00edculo 17. De la Sala Plena. (..) <\/font> <\/p>\n<p align=\"justify\"><font size=\"2\">1. Elegir a los Magistrados, de los Tribunales Superiores de Distrito Judicial de conformidad con las normas sobre carrera judicial. <\/font><\/p>\n<p align=\"justify\"><font size=\"2\">As\u00ed mismo, elegir al Secretario General y designar a los dem\u00e1s empleados de la Corporaci\u00f3n, con excepci\u00f3n de las Salas y Despachos, los cuales ser\u00e1n designados por cada una de aquellas o por los respectivos Magistrados. <\/font> <\/p>\n<p align=\"justify\"><font size=\"2\">5. Hacer, previo el estudio en cada Sala de Casaci\u00f3n, la evaluaci\u00f3n del factor cualitativo de la calificaci\u00f3n de servicios de los Magistrados de los Tribunales Superiores de Distrito Judicial, que servir\u00e1 de base para la calificaci\u00f3n integral. <\/font> <\/p>\n<p><DIV>&nbsp;<\/DIV> <\/p>\n<p align=\"justify\"><A name=3><b><font size=\"2\">ARTICULO 3o.<\/font><\/b><\/A><font size=\"2\"> Los numerales 1o. y 4o. del art\u00edculo <b> <A hrefx=\"L0270_96.htm#20\">20<\/A><\/b> de la <b><a hrefx=\"..\/1996\/L0270_96.htm\">Ley 270 de 1996<\/a><\/b> quedar\u00e1n as\u00ed: <\/font><\/p>\n<p align=\"justify\"><font size=\"2\">Art\u00edculo 20. De la Sala Plena: <\/font> <\/p>\n<p align=\"justify\"><font size=\"2\">1. Elegir a los Jueces del correspondiente Distrito Judicial, de listas elaboradas por la Sala Administrativa del respectivo Consejo Seccional de la Judicatura, en la calidad que corresponda, seg\u00fan el r\u00e9gimen de la carrera judicial. <\/font> <\/p>\n<p align=\"justify\"><font size=\"2\">4. Hacer la evaluaci\u00f3n del factor cualitativo de la calificaci\u00f3n de servicios de los jueces del respectivo Distrito Judicial, que servir\u00e1 de base para la calificaci\u00f3n integral. <\/font> <\/p>\n<p><DIV>&nbsp;<\/DIV> <\/p>\n<p align=\"justify\"><A name=4><b><font size=\"2\">ARTICULO 4o.<\/font><\/b><\/A><font size=\"2\"> El art\u00edculo 15 del <b> <a hrefx=\"..\/..\/decretos\/1991\/D2699de1991.htm\">Decreto-ley 2699 de 1991<\/a><\/b>, quedar\u00e1 as\u00ed: <\/font> <\/p>\n<p align=\"justify\"><font size=\"2\">Las funciones de la Fiscal\u00eda General de la Naci\u00f3n se realizar\u00e1n a trav\u00e9s de Unidades de Fiscal\u00eda, a nivel nacional, seccional y local salvo en los casos en que el Fiscal General o los Directores designen un fiscal especial para casos particulares. <\/font> <\/p>\n<p align=\"justify\"><font size=\"2\">Son delegados del Fiscal General de la Naci\u00f3n: <\/font> <\/p>\n<p align=\"justify\"><font size=\"2\">1. El Vicefiscal General de la Naci\u00f3n. <\/font> <\/p>\n<p align=\"justify\"><font size=\"2\">2. El Director Nacional de las Fiscal\u00edas. <\/font> <\/p>\n<p align=\"justify\"><font size=\"2\">3. Los Directores Seccionales de Fiscal\u00edas. <\/font> <\/p>\n<p align=\"justify\"><font size=\"2\">4. Los Fiscales Jefes de Unidades de Fiscal\u00edas. <\/font> <\/p>\n<p align=\"justify\"><font size=\"2\">5. Los Fiscales miembros de las Unidades de Fiscal\u00eda. <\/font> <\/p>\n<p align=\"justify\"><font size=\"2\">6. Los Fiscales Delegados especiales. <\/font> <\/p>\n<p><DIV>&nbsp;<\/DIV> <\/p>\n<p align=\"justify\"><A name=5><b><font size=\"2\">ARTICULO 5o.<\/font><\/b><\/A><font size=\"2\"> Supr\u00edmanse los numerales 4.2, 5.2 y 6.2. del art\u00edculo 16, del inciso segundo del art\u00edculo 18 la expresi\u00f3n &quot;Las Unidades de Fiscal\u00edas del nivel regional est\u00e1n adscritas a la Direcci\u00f3n Regional de Fiscal\u00edas&quot; y el art\u00edculo 164 del<b><a hrefx=\"..\/..\/decretos\/1991\/D2699de1991.htm\">Decreto-ley 2699 de 1991<\/a><\/b>&nbsp;&nbsp;&nbsp; . <\/font> <\/p>\n<p><DIV>&nbsp;<\/DIV> <\/p>\n<p align=\"justify\"><A name=6><b><font size=\"2\">ARTICULO<\/font><\/b><font size=\"2\"><b> 6o.<\/b> DEROGATORIA.<\/font><\/A><font size=\"2\"> La presente ley deroga las disposiciones que le sean contrarias, en especial el inciso primero del art\u00edculo 14 y los art\u00edculos 36, 37, 45 y 52 del <b> <a hrefx=\"..\/..\/decretos\/1991\/D2699de1991.htm\">Decreto-ley 2699 de 1991<\/a><\/b>&nbsp;&nbsp;&nbsp; . <\/font> <\/p>\n<p><DIV>&nbsp;<\/DIV> <\/p>\n<p align=\"justify\"><A name=7><font size=\"2\"><b>ARTICULO 7o.<\/b> VIGENCIA.<\/font><\/A><font size=\"2\"> La presente ley rige a partir de su sanci\u00f3n. <\/font> <\/p>\n<p><DIV>&nbsp;<\/DIV>   <\/p>\n<p align=\"center\" style=\"margin-top: 0; margin-bottom: 0\"><font size=\"2\">El Presidente del honorable Senado de la Rep\u00fablica, <\/font> <\/p>\n<p align=\"center\" style=\"margin-top: 0; margin-bottom: 0\"><font size=\"2\">MIGUEL PINEDO VIDAL. <\/font> <\/p>\n<p align=\"center\" style=\"margin-top: 0; margin-bottom: 0\">&nbsp;<\/p>\n<p align=\"center\" style=\"margin-top: 0; margin-bottom: 0\"><font size=\"2\">El Secretario General del honorable Senado de la Rep\u00fablica, <\/font> <\/p>\n<p align=\"center\" style=\"margin-top: 0; margin-bottom: 0\"><font size=\"2\">MANUEL ENR\u00cdQUEZ ROSERO. <\/font> <\/p>\n<p align=\"center\" style=\"margin-top: 0; margin-bottom: 0\">&nbsp;<\/p>\n<p align=\"center\" style=\"margin-top: 0; margin-bottom: 0\"><font size=\"2\">La Presidenta de la honorable C\u00e1mara de Representantes, <\/font> <\/p>\n<p align=\"center\" style=\"margin-top: 0; margin-bottom: 0\"><font size=\"2\">NANCY PATRICIA GUTI\u00c9RREZ CASTA\u00d1EDA. <\/font> <\/p>\n<p align=\"center\" style=\"margin-top: 0; margin-bottom: 0\">&nbsp;<\/p>\n<p align=\"center\" style=\"margin-top: 0; margin-bottom: 0\"><font size=\"2\">El Secretario General de la honorable C\u00e1mara de Representantes, <\/font> <\/p>\n<p align=\"center\" style=\"margin-top: 0; margin-bottom: 0\"><font size=\"2\">GUSTAVO BUSTAMANTE MORATTO. <\/font> <\/p>\n<p align=\"center\" style=\"margin-top: 0; margin-bottom: 0\">&nbsp;<\/p>\n<p align=\"center\" style=\"margin-top: 0; margin-bottom: 0\"><font size=\"2\">REPUBLICA DE COLOMBIA &#8211; GOBIERNO NACIONAL <\/font><\/p>\n<p align=\"center\" style=\"margin-top: 0; margin-bottom: 0\">&nbsp;<\/p>\n<p align=\"center\" style=\"margin-top: 0; margin-bottom: 0\"><font size=\"2\">PUBL\u00cdQUESE Y EJEC\u00daTESE. <\/font> <\/p>\n<p align=\"center\" style=\"margin-top: 0; margin-bottom: 0\"><font size=\"2\">Dada en Santa Fe de Bogot\u00e1, D. C., a 28 de junio de 2000. <\/font> <\/p>\n<p align=\"center\" style=\"margin-top: 0; margin-bottom: 0\">&nbsp;<\/p>\n<p align=\"center\" style=\"margin-top: 0; margin-bottom: 0\"><b><font size=\"2\">ANDR\u00c9S PASTRANA ARANGO <\/font><\/b><\/p>\n<p align=\"center\" style=\"margin-top: 0; margin-bottom: 0\">&nbsp;<\/p>\n<p align=\"center\" style=\"margin-top: 0; margin-bottom: 0\"><font size=\"2\">El Ministro de Justicia y del Derecho, <\/font> <\/p>\n<p align=\"center\" style=\"margin-top: 0; margin-bottom: 0\"><font size=\"2\">R\u00d3MULO GONZ\u00c1LEZ TRUJILLO. <\/font> <\/p>\n<p align=\"center\"><font size=\"2\">&nbsp;&nbsp;&nbsp;&nbsp;&nbsp; <\/font> <\/p>\n","protected":false},"excerpt":{"rendered":"<p>LEY 585 DE 2000 &nbsp; LEY 585 DE 2000 (junio 28) Diario Oficial No. 44.063, de 30 de junio de 2000 Por medio de la cual se derogan, modifican y suprimen algunas disposiciones de la Ley 270 de 1996 y Decreto 2699 de 1991. *Resumen de Notas de Vigencia* NOTAS DE VIGENCIA: 1. Mediante Sentencia [&hellip;]<\/p>\n","protected":false},"author":1,"featured_media":0,"comment_status":"open","ping_status":"open","sticky":false,"template":"","format":"standard","meta":{"footnotes":""},"categories":[15],"tags":[],"class_list":["post-655","post","type-post","status-publish","format-standard","hentry","category-leyes-2000"],"_links":{"self":[{"href":"https:\/\/www.dmsjuridica.com\/buscador_20179478954\/legislacion\/leyes\/wp-json\/wp\/v2\/posts\/655","targetHints":{"allow":["GET"]}}],"collection":[{"href":"https:\/\/www.dmsjuridica.com\/buscador_20179478954\/legislacion\/leyes\/wp-json\/wp\/v2\/posts"}],"about":[{"href":"https:\/\/www.dmsjuridica.com\/buscador_20179478954\/legislacion\/leyes\/wp-json\/wp\/v2\/types\/post"}],"author":[{"embeddable":true,"href":"https:\/\/www.dmsjuridica.com\/buscador_20179478954\/legislacion\/leyes\/wp-json\/wp\/v2\/users\/1"}],"replies":[{"embeddable":true,"href":"https:\/\/www.dmsjuridica.com\/buscador_20179478954\/legislacion\/leyes\/wp-json\/wp\/v2\/comments?post=655"}],"version-history":[{"count":0,"href":"https:\/\/www.dmsjuridica.com\/buscador_20179478954\/legislacion\/leyes\/wp-json\/wp\/v2\/posts\/655\/revisions"}],"wp:attachment":[{"href":"https:\/\/www.dmsjuridica.com\/buscador_20179478954\/legislacion\/leyes\/wp-json\/wp\/v2\/media?parent=655"}],"wp:term":[{"taxonomy":"category","embeddable":true,"href":"https:\/\/www.dmsjuridica.com\/buscador_20179478954\/legislacion\/leyes\/wp-json\/wp\/v2\/categories?post=655"},{"taxonomy":"post_tag","embeddable":true,"href":"https:\/\/www.dmsjuridica.com\/buscador_20179478954\/legislacion\/leyes\/wp-json\/wp\/v2\/tags?post=655"}],"curies":[{"name":"wp","href":"https:\/\/api.w.org\/{rel}","templated":true}]}}