{"id":54655,"date":"2024-05-17T20:41:26","date_gmt":"2024-05-17T20:41:26","guid":{"rendered":"https:\/\/www.dmsjuridica.com\/buscador_20179478954\/salacivil\/2024\/05\/17\/stc6243-2021\/"},"modified":"2024-05-17T20:41:26","modified_gmt":"2024-05-17T20:41:26","slug":"stc6243-2021","status":"publish","type":"post","link":"https:\/\/www.dmsjuridica.com\/buscador_20179478954\/salacivil\/2024\/05\/17\/stc6243-2021\/","title":{"rendered":"STC6243 2021"},"content":{"rendered":"<p>STC6243-2021<\/p>\n<p>&nbsp; &nbsp; &nbsp; &nbsp;&nbsp;<\/p>\n<p>LUIS &nbsp;ARMANDO TOLOSA VILLABONA &nbsp;<\/p>\n<p>Magistrado &nbsp;ponente &nbsp;<\/p>\n<p>STC6243-2021 &nbsp;<\/p>\n<p>Radicaci\u00f3n &nbsp;n.\u00b0 &nbsp;11001-02-03-000-2021-01570-00 &nbsp;<\/p>\n<p>(Aprobado &nbsp;en sesi\u00f3n virtual de dos &nbsp;de junio de dos mil veintiuno) &nbsp;<\/p>\n<p>Bogot\u00e1, &nbsp;D. C., &nbsp;dos (2) de junio de &nbsp;dos mil veintiuno (2021) &nbsp;<\/p>\n<p>Se &nbsp;decide la salvaguarda impetrada por Antonio Roberto Rosales Jim\u00e9nez &nbsp;a la Sala de Casaci\u00f3n Penal y la secretar\u00eda de esa &nbsp;corporaci\u00f3n, con ocasi\u00f3n de otro amparo con radicado &nbsp;n\u00b02020-01516-00, adelantado por el gestor contra la Sala de &nbsp;Descongesti\u00f3n n\u00b03 de la hom\u00f3loga Laboral y, otros. &nbsp;<\/p>\n<p>1. &nbsp;ANTECEDENTES &nbsp;<\/p>\n<p>&nbsp; &nbsp;&nbsp; &nbsp; &nbsp; &nbsp; &nbsp;<\/p>\n<p>1. El &nbsp; &nbsp; &nbsp; &nbsp; &nbsp;reclamante implora &nbsp; &nbsp; &nbsp; &nbsp; &nbsp;la protecci\u00f3n de &nbsp; &nbsp; &nbsp; &nbsp; &nbsp;sus &nbsp; &nbsp; &nbsp; &nbsp; &nbsp;prerrogativas al &nbsp; &nbsp; &nbsp; &nbsp; &nbsp;debido &nbsp; &nbsp; &nbsp; &nbsp; &nbsp;proceso &nbsp; &nbsp; &nbsp; &nbsp; &nbsp;y acceso a la administraci\u00f3n de justicia, &nbsp; &nbsp; &nbsp; &nbsp; &nbsp;presuntamente violentadas por la &nbsp; &nbsp; &nbsp; &nbsp; &nbsp;autoridad &nbsp; &nbsp; &nbsp; &nbsp; &nbsp;accionada. &nbsp;<\/p>\n<p>2. &nbsp;Del &nbsp;escrito inaugural y la revisi\u00f3n de las pruebas, la causa &nbsp;petendi &nbsp;permite la siguiente s\u00edntesis: &nbsp;<\/p>\n<p>El &nbsp;promotor aduce haber demandado a la Sala de Descongesti\u00f3n n\u00b03 &nbsp;de la Sala de Casaci\u00f3n Laboral ante la corporaci\u00f3n &nbsp;confutada, para exigir protecci\u00f3n constitucional en relaci\u00f3n &nbsp;con un tr\u00e1mite de naturaleza pensional. &nbsp;<\/p>\n<p>El &nbsp;13 de octubre de 2020, se desestim\u00f3 el resguardo deprecado y, &nbsp;conforme alega el impulsor, la \u201cRelator\u00eda &nbsp;de Tutelas de la Sala Plena\u201d &nbsp;le enter\u00f3 de su contenido el 16 de diciembre postrero, en &nbsp;virtud de la solicitud que elev\u00f3 en tal sentido a esa &nbsp;dependencia. &nbsp;<\/p>\n<p>Afirma &nbsp;que el 18 de diciembre ulterior, remiti\u00f3 al correo electr\u00f3nico &nbsp;de la secretar\u00eda de la colegiatura fustigada, el escrito de &nbsp;impugnaci\u00f3n frente a la mencionada sentencia. &nbsp;<\/p>\n<p>Predica &nbsp;el censor que, al no obtener constancia del recibido de dicha &nbsp;defensa, deprec\u00f3 el respectivo acuse y, debido a la tardanza &nbsp;en prove\u00e9rselo, lo reiter\u00f3 el 23 de febrero y 4 de mayo &nbsp;pasado. &nbsp;<\/p>\n<p>Para &nbsp;el suplicante se lesionaron sus garant\u00edas, por cuanto el &nbsp;mecanismo de defensa vertical entablado no ha sido tramitado. &nbsp;<\/p>\n<p>3. &nbsp;Solicita, por tanto, ordenar otorgar la impugnaci\u00f3n formulada &nbsp;y, remitir el expediente al ad &nbsp;quem. &nbsp;<\/p>\n<p>&nbsp; &nbsp;&nbsp; &nbsp; &nbsp; &nbsp; &nbsp; &nbsp; &nbsp; &nbsp; &nbsp; &nbsp; &nbsp; &nbsp; &nbsp; &nbsp;<\/p>\n<p>1. Respuesta &nbsp; &nbsp; &nbsp; &nbsp; &nbsp; &nbsp; &nbsp; &nbsp; &nbsp;del accionado &nbsp; &nbsp; &nbsp; &nbsp; &nbsp; &nbsp; &nbsp; &nbsp; &nbsp;y vinculados &nbsp; &nbsp;<\/p>\n<p>&nbsp; &nbsp;&nbsp; &nbsp; &nbsp; &nbsp; &nbsp;<\/p>\n<p>1. La &nbsp; &nbsp; &nbsp; &nbsp; &nbsp;secretar\u00eda de la corporaci\u00f3n &nbsp; &nbsp; &nbsp; &nbsp; &nbsp;fustigada manifest\u00f3 que, en determinaci\u00f3n de 21 de &nbsp; &nbsp; &nbsp; &nbsp; &nbsp;mayo del presente a\u00f1o, se concedi\u00f3 el instrumento &nbsp; &nbsp; &nbsp; &nbsp; &nbsp;procesal rogado por el tutelante y, en la misma data, a trav\u00e9s &nbsp; &nbsp; &nbsp; &nbsp; &nbsp;del correo electr\u00f3nico de \u00e9ste, le enter\u00f3 de la &nbsp; &nbsp; &nbsp; &nbsp; &nbsp;rese\u00f1ada decisi\u00f3n, tal como se registra en el &nbsp; &nbsp; &nbsp; &nbsp; &nbsp;pantallazo de la notificaci\u00f3n en comento e, igualmente, v\u00eda &nbsp; &nbsp; &nbsp; &nbsp; &nbsp;electr\u00f3nica, envi\u00f3 el expediente a esta Sala, seg\u00fan &nbsp; &nbsp; &nbsp; &nbsp; &nbsp;oficio 18154 de similar calenda. &nbsp;<\/p>\n<p>&nbsp; &nbsp;&nbsp; &nbsp; &nbsp; &nbsp; &nbsp;<\/p>\n<p>2. Los &nbsp; &nbsp; &nbsp; &nbsp; &nbsp;dem\u00e1s convocados guardaron silencio. &nbsp;<\/p>\n<p>2. &nbsp;CONSIDERACIONES &nbsp;<\/p>\n<p>1. &nbsp;Desde &nbsp;la g\u00e9nesis de la acci\u00f3n de tutela, certera y &nbsp;uniformemente en pro de la seguridad jur\u00eddica y de la vigencia &nbsp;del Estado democr\u00e1tico, esta Sala ha advertido la &nbsp;improcedencia de los auxilios formulados frente a actuaciones del &nbsp;mismo linaje por contarse con herramientas id\u00f3neas para su &nbsp;ejecuci\u00f3n o su control constitucional. &nbsp;<\/p>\n<p>Las &nbsp;equivocaciones o desafueros de los jueces &nbsp;de esta jurisdicci\u00f3n al ocuparse de la sustanciaci\u00f3n de &nbsp;sus decisiones no se resuelven con un nuevo ruego de naturaleza &nbsp;id\u00e9ntica para contrarrestar el supuesto quebranto. Para ese &nbsp;aspecto, el ordenamiento jur\u00eddico dise\u00f1\u00f3 la &nbsp;impugnaci\u00f3n de cara al fallo de primer grado, la revisi\u00f3n &nbsp;y, a\u00fan la insistencia en caso de negarse este \u00faltimo, &nbsp;instrumentos procedentes ante los funcionarios habilitados para el &nbsp;efecto. &nbsp;<\/p>\n<p>En &nbsp;lo atinente a &nbsp;este espec\u00edfico tema, la Sala ha se\u00f1alado: &nbsp;<\/p>\n<p>\u201c(\u2026) &nbsp;el &nbsp;legislador evita la cadena ilimitada de litigios que se generar\u00edan &nbsp;en caso de admitirse acciones de tutela contra sentencias que decidan &nbsp;el amparo constitucional, de modo que instituy\u00f3 a la Corte &nbsp;Constitucional como el \u00f3rgano que pone fin al debate en punto &nbsp;de protecci\u00f3n de los derechos fundamentales, mediante ese &nbsp;mecanismo (\u2026)\u201d1. &nbsp;<\/p>\n<p>2. &nbsp; &nbsp;Con &nbsp;todo, se resalta que la jurisprudencia ha aceptado la viabilidad de &nbsp;auxilios como el presente, cuando la determinaci\u00f3n adoptada en &nbsp;la sentencia de tutela es producto de un fraude o si se reprochan &nbsp;actos anteriores o posteriores a esa providencia, lesivos del debido &nbsp;proceso. &nbsp;<\/p>\n<p>As\u00ed, &nbsp;en el pronunciamiento SU-627 de 2015, el Alto Tribunal Constitucional &nbsp;acot\u00f3: &nbsp;<\/p>\n<p>\u201c(\u2026) &nbsp;4.6.1. &nbsp;Para establecer la procedencia de la acci\u00f3n de tutela, cuando &nbsp;se trata de un proceso de tutela, se debe comenzar por distinguir si &nbsp;\u00e9sta se dirige contra la sentencia proferida dentro de \u00e9l &nbsp;o contra una actuaci\u00f3n previa o posterior a ella (\u2026)\u201d. &nbsp;<\/p>\n<p>\u201c(\u2026) &nbsp;4.6.2.1. &nbsp;Esta regla no admite ninguna excepci\u00f3n cuando la sentencia ha &nbsp;sido proferida por la Corte Constitucional, sea por su Sala Plena o &nbsp;sea por sus Salas de Revisi\u00f3n de Tutela. En este evento solo &nbsp;procede el incidente de nulidad de dichas sentencias, que debe &nbsp;promoverse ante la Corte Constitucional (\u2026)\u201d. &nbsp;<\/p>\n<p>\u201c(\u2026) &nbsp;4.6.2.2. &nbsp;Si la sentencia de tutela ha sido proferida por otro juez o tribunal &nbsp;de la Rep\u00fablica, la acci\u00f3n de tutela puede proceder de &nbsp;manera excepcional, cuando exista fraude y por tanto, se est\u00e9 &nbsp;ante el fen\u00f3meno de la cosa juzgada fraudulenta, siempre y &nbsp;cuando, adem\u00e1s de cumplir con los requisitos gen\u00e9ricos &nbsp;de procedibilidad de la tutela contra providencias judiciales, (i) la &nbsp;acci\u00f3n de tutela presentada no comparta identidad procesal con &nbsp;la solicitud de amparo cuestionada; (ii) se demuestre de manera clara &nbsp;y suficiente, que la decisi\u00f3n adoptada en la sentencia de &nbsp;tutela fue producto de una situaci\u00f3n de fraude (Fraus omnia &nbsp;corrumpit); y (iii) no exista otro medio, ordinario o extraordinario, &nbsp;eficaz para resolver la situaci\u00f3n (\u2026)\u201d. &nbsp;<\/p>\n<p>\u201c(\u2026) &nbsp;4.6.3. &nbsp;Si la acci\u00f3n de tutela se dirige contra actuaciones del &nbsp;proceso de tutela diferentes a la sentencia, se debe distinguir si &nbsp;\u00e9stas acaecieron con anterioridad o con posterioridad a la &nbsp;sentencia. &nbsp;<\/p>\n<p>\u201c(\u2026) &nbsp;4.6.3.1. &nbsp;Si la actuaci\u00f3n acaece con anterioridad a la sentencia y &nbsp;consiste en la omisi\u00f3n del juez de cumplir con su deber de &nbsp;informar, notificar o vincular a los terceros que ser\u00edan &nbsp;afectados por la demanda de tutela, y se cumplen los requisitos &nbsp;generales de procedibilidad de la acci\u00f3n de tutela, la acci\u00f3n &nbsp;de tutela s\u00ed procede, incluso si la Corte Constitucional no ha &nbsp;seleccionado el asunto para su revisi\u00f3n (\u2026)\u201d. &nbsp;<\/p>\n<p>\u201c(\u2026) &nbsp;4.6.3.2. &nbsp;Si la actuaci\u00f3n acaece con posterioridad a la sentencia y se &nbsp;trata de lograr el cumplimiento de las \u00f3rdenes impartidas en &nbsp;dicha sentencia, la acci\u00f3n de tutela no procede. Pero si se &nbsp;trata de obtener la protecci\u00f3n de un derecho fundamental que &nbsp;habr\u00eda sido vulnerado en el tr\u00e1mite del incidente de &nbsp;desacato, y se cumplen los requisitos generales de procedibilidad de &nbsp;la acci\u00f3n de tutela contra providencias judiciales, la acci\u00f3n &nbsp;de tutela puede proceder de manera excepcional (\u2026)\u201d. &nbsp;<\/p>\n<p>&nbsp; &nbsp;&nbsp; &nbsp; &nbsp; &nbsp; &nbsp;<\/p>\n<p>3. Se &nbsp; &nbsp; &nbsp; &nbsp; &nbsp;pone al descubierto el naufragio &nbsp; &nbsp; &nbsp; &nbsp; &nbsp;del auxilio al presentarse un hecho superado. &nbsp;<\/p>\n<p>En &nbsp;efecto, &nbsp;como el amparo &nbsp;se fund\u00f3 en la falta de gesti\u00f3n en torno a la concesi\u00f3n &nbsp;de la impugnaci\u00f3n entablada por el censor contra la sentencia &nbsp;de 13 de octubre de 2020 y, la colegiatura demandada, en auto de 21 &nbsp;de mayo de 2021, (i) otorg\u00f3 esa defensa; (ii) en la misma data &nbsp;lo notific\u00f3 de tal determinaci\u00f3n; y (iii) env\u00edo &nbsp;el expediente a esta Sala, a trav\u00e9s de correo electr\u00f3nico, &nbsp;para zanjar dicha alzada, se &nbsp;disipan los supuestos f\u00e1cticos frente a los cuales el &nbsp;precursor encauz\u00f3 la presunta vulneraci\u00f3n de sus &nbsp;prerrogativas superlativas, de manera que administrar justicia &nbsp;constitucional en tal aspecto, se torna inane. &nbsp;<\/p>\n<p>Sobre &nbsp;la figura comentada, &nbsp;esta Sala ha indicado: &nbsp;<\/p>\n<p>\u201c(\u2026) &nbsp;[L]a &nbsp;decisi\u00f3n del Juez de tutela carece de objeto cuando, en el &nbsp;momento de proferirla, encuentra que la situaci\u00f3n expuesta en &nbsp;la demanda, que hab\u00eda dado lugar a que el supuesto afectado &nbsp;intentara la acci\u00f3n, se ha modificado sustancialmente, de tal &nbsp;manera que ha desaparecido toda posibilidad de amenaza o da\u00f1o &nbsp;a los derechos fundamentales. Siendo la defensa de \u00e9stos la &nbsp;justificaci\u00f3n y el prop\u00f3sito de esta forma expedita de &nbsp;administrar justicia constitucional en el caso concreto, ning\u00fan &nbsp;sentido tiene que el fallador imparta \u00f3rdenes de inmediato &nbsp;cumplimiento en relaci\u00f3n con unas circunstancias que pudieran &nbsp;configurarse en el pasado pero que, al momento de cumplirse la &nbsp;sentencia, no existe o, cuando menos, presentan caracter\u00edsticas &nbsp;totalmente diferentes a las iniciales (\u2026)\u201d. &nbsp;<\/p>\n<p>\u201c(\u2026) &nbsp;El &nbsp;hecho superado o la carencia de objeto (\u2026), &nbsp;se presenta: \u2018si la omisi\u00f3n por la cual la persona se &nbsp;queja no existe, o ya ha sido superada, en el sentido que la &nbsp;pretensi\u00f3n erigida en defensa del derecho conculcado est\u00e1 &nbsp;siendo satisfecha o lo ha sido totalmente, pues la tutela pierde su &nbsp;eficacia y raz\u00f3n de ser, por lo que la posible orden que &nbsp;llegase a impartir el juez del amparo carecer\u00eda de sentido &nbsp;(\u2026)\u201d2. &nbsp;<\/p>\n<p>4. &nbsp;Adem\u00e1s, &nbsp;se resalta, de estar en desacuerdo el quejoso con la providencia que &nbsp;se emita en segunda instancia, cuenta con la revisi\u00f3n de dicho &nbsp;fallo ante la Corte Constitucional e, incluso, con la insistencia. &nbsp;<\/p>\n<p>Se &nbsp;destaca, dicha colegiatura, seg\u00fan el Bolet\u00edn N\u00b0144, &nbsp;inici\u00f3 la recepci\u00f3n de las diligencias, por v\u00eda &nbsp;electr\u00f3nica, &nbsp;desde el 31 de julio de 2020 y, en esa medida, el accionante tiene a &nbsp;su alcance los se\u00f1alados instrumentos defensivos. &nbsp;<\/p>\n<p>Esta &nbsp;Corte, en un asunto &nbsp;similar sostuvo: &nbsp;<\/p>\n<p>\u201c(\u2026) &nbsp;[H]a &nbsp;de reiterarse la posici\u00f3n de la Sala acerca de la &nbsp;improcedencia de la tutela para cuestionar las actuaciones y &nbsp;decisiones originadas en el marco de otro proceso de id\u00e9ntico &nbsp;linaje constitucional, ya que de lo contrario se abrir\u00eda la &nbsp;puerta a una espiral infinita de acciones de la misma naturaleza, en &nbsp;la que se controvertir\u00eda ad aeternum lo expresado en el primer &nbsp;fallo (\u2026)\u201d. &nbsp;<\/p>\n<p>\u2018(\u2026) &nbsp;Se agrega que, tras revisarse la p\u00e1gina web de la Corte &nbsp;Constitucional, se encontr\u00f3 que (\u2026) &nbsp;el expediente fue enviado a la Sala de Selecci\u00f3n de la Corte &nbsp;Constitucional, estando pendiente de que se decida si va a ser &nbsp;revisado o no. (\u2026) &nbsp;De &nbsp;modo que como el tr\u00e1mite censurado se encuentra a la espera de &nbsp;la eventual revisi\u00f3n, el hoy accionante puede manifestar all\u00e1 &nbsp;su inconformidad o acudir ante dicha Corporaci\u00f3n \u201ce &nbsp;insistir en su selecci\u00f3n, para que, de ser el caso, en ese &nbsp;escenario se analicen cada uno de los aspectos en los que funda la &nbsp;presente queja\u201d (sentencia de 6 de marzo de 2009, exp. &nbsp;08001-22-13-000-2008-00489-01) (\u2026)\u201d3. &nbsp;<\/p>\n<p>5. &nbsp;Siguiendo &nbsp;los derroteros de la Convenci\u00f3n Americana de Derechos Humanos4 &nbsp;y su jurisprudencia, no se otea vulneraci\u00f3n alguna a la &nbsp;preceptiva de la misma ni tampoco del bloque de constitucionalidad, &nbsp;que ameriten la injerencia de esta Corte para declarar inconvencional &nbsp;la actuaci\u00f3n refutada. &nbsp;<\/p>\n<p>El &nbsp;convenio citado es aplicable por &nbsp;virtud del canon 9 de la Constituci\u00f3n Nacional, cuando dice: &nbsp;<\/p>\n<p>\u201c(\u2026) &nbsp;Las relaciones exteriores del Estado se fundamentan en la soberan\u00eda &nbsp;nacional, en el respeto a la autodeterminaci\u00f3n de los pueblos &nbsp;y en el reconocimiento de los principios del derecho internacional &nbsp;aceptados por Colombia (\u2026)\u201d. &nbsp;<\/p>\n<p>Complementariamente, &nbsp;el art\u00edculo 93 ej\u00fasdem, &nbsp;contempla: &nbsp;<\/p>\n<p>\u201c(\u2026) &nbsp;Los &nbsp;tratados y convenios internacionales ratificados por el Congreso, que &nbsp;reconocen los derechos humanos y que proh\u00edben su limitaci\u00f3n &nbsp;en los estados de excepci\u00f3n, prevalecen en el orden interno &nbsp;(\u2026)\u201d. &nbsp;<\/p>\n<p>El &nbsp;mandato 27 de la Convenci\u00f3n de &nbsp;Viena, sobre el derecho de los tratados de 19695, &nbsp;debidamente ratificada por Colombia, seg\u00fan el cual: \u201c(\u2026) &nbsp;Una &nbsp;parte no podr\u00e1 invocar las disposiciones de su derecho interno &nbsp;como justificaci\u00f3n del incumplimiento de un tratado (\u2026)\u201d6, &nbsp;impone su observancia en forma irrestricta, cuando un Estado parte lo &nbsp;ha suscrito o se ha adherido al mismo. &nbsp;<\/p>\n<p>5.1 &nbsp;Aunque podr\u00eda argumentarse la viabilidad del control de &nbsp;convencionalidad s\u00f3lo en decursos donde se halla el quebranto &nbsp;de garant\u00edas sustanciales o cuando la normatividad interna es &nbsp;contraria a la internacional sobre los derechos humanos, se estima &nbsp;trascendente efectuar dicho seguimiento en todos los asuntos donde se &nbsp;debata la conculcaci\u00f3n de prerrogativas iusfundamentales, &nbsp;as\u00ed su protecci\u00f3n resulte procedente o no. &nbsp;<\/p>\n<p>Lo &nbsp;aducido porque &nbsp;la enunciada herramienta le permite a los Estados materializar el &nbsp;deber de garantizar los derechos humanos en el \u00e1mbito &nbsp;dom\u00e9stico, a trav\u00e9s de la verificaci\u00f3n de la &nbsp;conformidad de las normas y pr\u00e1cticas nacionales, con la &nbsp;Convenci\u00f3n Americana de Derechos Humanos y su jurisprudencia, &nbsp;ejercicio que seg\u00fan la Corte Interamericana se surte no s\u00f3lo &nbsp;a petici\u00f3n de parte sino ex &nbsp;officio7. &nbsp;<\/p>\n<p>No &nbsp;sobra advertir &nbsp;que el r\u00e9gimen convencional en el derecho local de los pa\u00edses &nbsp;que la han suscrito y aprobado, no constituye un sistema opcional o &nbsp;de libre aplicaci\u00f3n en los ordenamientos patrios; sino que en &nbsp;estos casos cobra vigencia plena y obligatoriedad con car\u00e1cter &nbsp;impositivo para todos los servidores estatales, debiendo realizar no &nbsp;solamente un control legal y constitucional, sino tambi\u00e9n el &nbsp;convencional; con mayor raz\u00f3n cuando forma parte del bloque de &nbsp;constitucionalidad sin quedar al arbitrio de las autoridades su &nbsp;gobierno. &nbsp;<\/p>\n<p>5.2. &nbsp;El &nbsp;aludido control en estos asuntos procura, adem\u00e1s, contribuir &nbsp;judicial y pedag\u00f3gicamente, tal cual se le ha ordenado a los &nbsp;Estados denunciados \u2013incluido Colombia-8, &nbsp;a impartir una formaci\u00f3n permanente de Derechos Humanos y DIH &nbsp;en todos los niveles jer\u00e1rquicos de las Fuerzas Armadas, &nbsp;jueces y fiscales9; &nbsp;as\u00ed como realizar cursos de capacitaci\u00f3n a funcionarios &nbsp;de la rama ejecutiva y judicial y campa\u00f1as informativas &nbsp;p\u00fablicas en materia de protecci\u00f3n de derechos y &nbsp;garant\u00edas10. &nbsp;<\/p>\n<p>Insistir &nbsp;en &nbsp;la aplicaci\u00f3n del citado control y esbozar el contenido de la &nbsp;Convenci\u00f3n Interamericana de Derechos Humanos en providencias &nbsp;como la presente, le permite no s\u00f3lo a las autoridades conocer &nbsp;e interiorizar las obligaciones contra\u00eddas internacionalmente, &nbsp;en relaci\u00f3n con el respeto a los derechos humanos, sino a la &nbsp;ciudadan\u00eda informarse en torno al m\u00e1ximo grado de &nbsp;salvaguarda de sus garant\u00edas. &nbsp;<\/p>\n<p>Adem\u00e1s, &nbsp;pretende contribuir en la formaci\u00f3n de una comunidad global, &nbsp;incluyente, &nbsp;respetuosa de los instrumentos internacionales y de la protecci\u00f3n &nbsp;de las prerrogativas fundamentales en el marco del sistema americano &nbsp;de derechos humanos. &nbsp;<\/p>\n<p>6. &nbsp; &nbsp; &nbsp; &nbsp;De &nbsp;acuerdo a lo discurrido, no &nbsp;se otorgar\u00e1 &nbsp;el auxilio rogado. &nbsp;<\/p>\n<p>3. &nbsp;DECISI\u00d3N &nbsp;<\/p>\n<p>En &nbsp;m\u00e9rito &nbsp;de lo expuesto, la Corte Suprema de Justicia, en Sala de Casaci\u00f3n &nbsp;Civil, administrando justicia en nombre de la Rep\u00fablica &nbsp;y &nbsp;por autoridad de la ley, &nbsp;<\/p>\n<p>RESUELVE: &nbsp;<\/p>\n<p>PRIMERO: &nbsp;NEGAR &nbsp;la tutela &nbsp;solicitada por Antonio Roberto Rosales Jim\u00e9nez a la Sala de &nbsp;Casaci\u00f3n Penal y la secretar\u00eda de esa corporaci\u00f3n, &nbsp;con ocasi\u00f3n de otro amparo con radicado n\u00b02020-01516-00, &nbsp;adelantado por el gestor contra la Sala de Descongesti\u00f3n n\u00b03 &nbsp;de la hom\u00f3loga Laboral y, otros. &nbsp;<\/p>\n<p>SEGUNDO: &nbsp;Notificar &nbsp;lo resuelto mediante comunicaci\u00f3n electr\u00f3nica o por &nbsp;mensaje de datos, a todos los interesados. &nbsp;<\/p>\n<p>TERCERO: &nbsp;Si &nbsp;este fallo no fuere impugnado, rem\u00edtase el expediente a la &nbsp;Corte Constitucional para su eventual revisi\u00f3n. &nbsp;<\/p>\n<p>NOTIF\u00cdQUESE &nbsp;Y C\u00daMPLASE &nbsp;<\/p>\n<p>FRANCISCO &nbsp;TERNERA BARRIOS &nbsp;<\/p>\n<p>Presidente &nbsp;de Sala &nbsp;<\/p>\n<p>\u00c1LVARO &nbsp;FERNANDO GARC\u00cdA RESTREPO &nbsp;<\/p>\n<p>HILDA &nbsp;GONZ\u00c1LEZ NEIRA &nbsp;<\/p>\n<p>AROLDO &nbsp;WILSON QUIROZ MONSALVO &nbsp;<\/p>\n<p>LUIS &nbsp;ALONSO RICO PUERTA &nbsp;<\/p>\n<p>OCTAVIO &nbsp;AUGUSTO TEJEIRO DUQUE &nbsp;<\/p>\n<p>LUIS &nbsp;ARMANDO TOLOSA VILLABONA &nbsp;<\/p>\n<p>1 &nbsp; &nbsp; &nbsp; &nbsp; &nbsp;CSJ. STC de &nbsp; &nbsp; &nbsp; &nbsp; &nbsp;22 de agosto de 2008, exp. 01317-00. &nbsp;<\/p>\n<p>2 &nbsp; &nbsp; &nbsp; &nbsp; &nbsp;CSJ STC de &nbsp; &nbsp; &nbsp; &nbsp; &nbsp;13 de marzo de 2009, exp. T-00147-01, reiterada entre muchos otros &nbsp; &nbsp; &nbsp; &nbsp; &nbsp;en fallo de 12 de septiembre de 2011, exp. 00081-01. &nbsp;<\/p>\n<p>3 &nbsp; &nbsp; &nbsp; &nbsp; &nbsp;CSJ. STC de 25 de junio de 2012, exp. 5400122130002012-00069-01; &nbsp; &nbsp; &nbsp; &nbsp; &nbsp;reiterada el 16 de agosto de 2013, exp. &nbsp; &nbsp; &nbsp; &nbsp; &nbsp;11001-02-03-000-2013-01773-00. &nbsp;<\/p>\n<p>4 &nbsp; &nbsp; &nbsp; &nbsp; &nbsp;Pacto de San Jos\u00e9 de Costa Rica, firmado el 22 de noviembre &nbsp; &nbsp; &nbsp; &nbsp; &nbsp;de 1969 y aprobado en Colombia por la Ley 16 de 1972. &nbsp;<\/p>\n<p>5 &nbsp; &nbsp; &nbsp; &nbsp; &nbsp;Suscrita en Viena el 23 de mayo de 1969. &nbsp;<\/p>\n<p>6 &nbsp; &nbsp; &nbsp; &nbsp; &nbsp;Aprobada por Colombia mediante la Ley 32 de 1985. &nbsp;<\/p>\n<p>7 &nbsp; &nbsp; &nbsp; &nbsp; &nbsp;Corte IDH. Caso Gudi\u00e9l \u00c1lvarez y otros (\u201cDiario &nbsp; &nbsp; &nbsp; &nbsp; &nbsp;Militar\u201d) contra Guatemala. Sentencia de noviembre 20 de 2012. &nbsp; &nbsp; &nbsp; &nbsp; &nbsp;Serie C No. 253, p\u00e1rrafo 330. &nbsp;<\/p>\n<p>8 &nbsp; &nbsp; &nbsp; &nbsp; &nbsp;Corte IDH, Caso &nbsp; &nbsp; &nbsp; &nbsp; &nbsp;V\u00e9lez Restrepo y familiares Vs. Colombia, Excepci\u00f3n &nbsp; &nbsp; &nbsp; &nbsp; &nbsp;preliminar, Fondo, &nbsp; &nbsp; &nbsp; &nbsp; &nbsp;Reparaciones y Costas. Sentencia de 3 de septiembre de 2012. Serie C &nbsp; &nbsp; &nbsp; &nbsp; &nbsp;No. 248, p\u00e1rrs. 259 a 290, criterio reiterado Caso &nbsp; &nbsp; &nbsp; &nbsp; &nbsp;Masacre de Santo Domingo Vs. Colombia, Excepciones preliminares, &nbsp; &nbsp; &nbsp; &nbsp; &nbsp;Fondo, &nbsp; &nbsp; &nbsp; &nbsp; &nbsp;Reparaciones y Costas. Sentencia de 30 de noviembre de 2012. Serie C &nbsp; &nbsp; &nbsp; &nbsp; &nbsp;No. 259, p\u00e1rrs. 295 a 323. &nbsp;<\/p>\n<p>9 &nbsp; &nbsp; &nbsp; &nbsp; &nbsp;Corte IDH, Caso &nbsp; &nbsp; &nbsp; &nbsp; &nbsp;de la Masacre de Las Dos Erres Vs. Guatemala, Excepci\u00f3n &nbsp; &nbsp; &nbsp; &nbsp; &nbsp;Preliminar, Fondo, Reparaciones y Costas. Sentencia de 24 de &nbsp; &nbsp; &nbsp; &nbsp; &nbsp;noviembre de 2009. Serie C No. 211, p\u00e1rrs. 229 a 274. &nbsp;<\/p>\n<p>10 &nbsp; &nbsp; &nbsp; &nbsp; &nbsp;Corte IDH, Caso &nbsp; &nbsp; &nbsp; &nbsp; &nbsp;Furlan y familiares Vs. Argentina, Excepciones preliminares, Fondo, &nbsp; &nbsp; &nbsp; &nbsp; &nbsp;Reparaciones y Costas. Sentencia de 31 de agosto de 2012. Serie C &nbsp; &nbsp; &nbsp; &nbsp; &nbsp;No. 246, p\u00e1rrs. 278 a 308. &nbsp;<\/p>\n<p>&nbsp; &nbsp; &nbsp;&nbsp;<\/p>\n<p>\n","protected":false},"excerpt":{"rendered":"<p>STC6243-2021 &nbsp; &nbsp; &nbsp; &nbsp;&nbsp; LUIS &nbsp;ARMANDO TOLOSA VILLABONA &nbsp; Magistrado &nbsp;ponente &nbsp; STC6243-2021 &nbsp; Radicaci\u00f3n &nbsp;n.\u00b0 &nbsp;11001-02-03-000-2021-01570-00 &nbsp; (Aprobado &nbsp;en sesi\u00f3n virtual de dos &nbsp;de junio de dos mil veintiuno) &nbsp; Bogot\u00e1, &nbsp;D. C., &nbsp;dos (2) de junio de &nbsp;dos mil veintiuno (2021) &nbsp; Se &nbsp;decide la salvaguarda impetrada por Antonio Roberto Rosales Jim\u00e9nez [&hellip;]<\/p>\n","protected":false},"author":1,"featured_media":0,"comment_status":"open","ping_status":"open","sticky":false,"template":"","format":"standard","meta":{"footnotes":""},"categories":[37],"tags":[],"class_list":["post-54655","post","type-post","status-publish","format-standard","hentry","category-junio"],"_links":{"self":[{"href":"https:\/\/www.dmsjuridica.com\/buscador_20179478954\/salacivil\/wp-json\/wp\/v2\/posts\/54655","targetHints":{"allow":["GET"]}}],"collection":[{"href":"https:\/\/www.dmsjuridica.com\/buscador_20179478954\/salacivil\/wp-json\/wp\/v2\/posts"}],"about":[{"href":"https:\/\/www.dmsjuridica.com\/buscador_20179478954\/salacivil\/wp-json\/wp\/v2\/types\/post"}],"author":[{"embeddable":true,"href":"https:\/\/www.dmsjuridica.com\/buscador_20179478954\/salacivil\/wp-json\/wp\/v2\/users\/1"}],"replies":[{"embeddable":true,"href":"https:\/\/www.dmsjuridica.com\/buscador_20179478954\/salacivil\/wp-json\/wp\/v2\/comments?post=54655"}],"version-history":[{"count":0,"href":"https:\/\/www.dmsjuridica.com\/buscador_20179478954\/salacivil\/wp-json\/wp\/v2\/posts\/54655\/revisions"}],"wp:attachment":[{"href":"https:\/\/www.dmsjuridica.com\/buscador_20179478954\/salacivil\/wp-json\/wp\/v2\/media?parent=54655"}],"wp:term":[{"taxonomy":"category","embeddable":true,"href":"https:\/\/www.dmsjuridica.com\/buscador_20179478954\/salacivil\/wp-json\/wp\/v2\/categories?post=54655"},{"taxonomy":"post_tag","embeddable":true,"href":"https:\/\/www.dmsjuridica.com\/buscador_20179478954\/salacivil\/wp-json\/wp\/v2\/tags?post=54655"}],"curies":[{"name":"wp","href":"https:\/\/api.w.org\/{rel}","templated":true}]}}