{"id":61904,"date":"2024-05-20T20:59:26","date_gmt":"2024-05-20T20:59:26","guid":{"rendered":"https:\/\/www.dmsjuridica.com\/buscador_20179478954\/salacivil\/2024\/05\/20\/stc2098-2022-4\/"},"modified":"2024-05-20T20:59:26","modified_gmt":"2024-05-20T20:59:26","slug":"stc2098-2022-4","status":"publish","type":"post","link":"https:\/\/www.dmsjuridica.com\/buscador_20179478954\/salacivil\/2024\/05\/20\/stc2098-2022-4\/","title":{"rendered":"STC2098. 2022  4"},"content":{"rendered":"<p>STC2098.-2022 _4<\/p>\n<p>&nbsp; &nbsp; &nbsp; &nbsp;&nbsp;<\/p>\n<p>OCTAVIO &nbsp;AUGUSTO TEJEIRO DUQUE &nbsp;<\/p>\n<p>Magistrado &nbsp;ponente &nbsp;<\/p>\n<p>STC2098-2022 &nbsp;<\/p>\n<p>Radicaciones &nbsp;acumuladas n\u00ba 156932-20-80-00-2021-00212-01 &nbsp;y 15693-22-08-000-2022-00006-01 &nbsp;<\/p>\n<p>(Aprobado &nbsp;en sesi\u00f3n de veintitr\u00e9s &nbsp;de febrero de &nbsp;dos mil veintid\u00f3s) &nbsp;<\/p>\n<p>Bogot\u00e1 &nbsp;D.C., primero (1) de marzo de dos mil veintid\u00f3s (2022). &nbsp;<\/p>\n<p>La &nbsp;Corte resuelve la &nbsp;impugnaci\u00f3n de Angedaycol-Anaicol frente a la sentencia &nbsp;proferida el 20 de &nbsp;enero de 2022 por &nbsp;la Sala \u00danica del Tribunal Superior del Distrito Judicial de &nbsp;Santa Rosa de Viterbo, en la tutela 156932-20-80-00-2021-00212-01 que &nbsp;instaur\u00f3 contra el &nbsp;Juzgado &nbsp;Primero Civil del Circuito de Sogamoso, extensiva a los &nbsp;intervinientes en los declarativos de derechos de autor con radicados &nbsp;n\u00b0 &nbsp;2017-00096-00 &nbsp;y 2017-00097-00. &nbsp;<\/p>\n<p>Se &nbsp;resuelve tambi\u00e9n la impugnaci\u00f3n del municipio de &nbsp;Cu\u00edtiva Boyac\u00e1 frente el veredicto proferido el 26 &nbsp;de enero de 2022 por &nbsp;la Sala \u00danica ya mencionada, en la tutela &nbsp;15693-22-08-000-2022-00006-01 que instaur\u00f3 contra el &nbsp;Juzgado &nbsp;en comento, extensiva a los intervinientes en el declarativo de &nbsp;derechos de autor con radicado n\u00b0 &nbsp;2017-00097-00. &nbsp;<\/p>\n<p>ANTECEDENTES &nbsp;<\/p>\n<p>1. &nbsp;A pesar de la confusa redacci\u00f3n del escrito de tutela &nbsp;impetrado por Angedaycol-Anaicol en la Salvaguarda de radicado &nbsp;156932-20-80-00-2021-00212-01, se colige que la queja radica en que &nbsp;el juzgado accionado no lo vinculara a los litigios verbales con &nbsp;radicados n\u00b0 &nbsp;2017-00096-00 &nbsp;de Sayco contra Gameza y 2017-00097-00 de Sayco contra Cu\u00edtiva. &nbsp;Tambi\u00e9n acus\u00f3 la condena que en este \u00faltimo &nbsp;expediente se profiri\u00f3 contra la pasiva. &nbsp;<\/p>\n<p>En &nbsp;lo que respecta a la salvaguarda 15693-22-08-000-2022-00006-01 &nbsp;presentada por el municipio de Cu\u00edtiva Boyac\u00e1, el &nbsp;accionante pidi\u00f3, en esencia, dejar sin efectos la sentencia &nbsp;que puso fin al pleito 2017-00097-00 (24 nov. 2021) porque, a su &nbsp;juicio, el juzgado no apreci\u00f3 adecuadamente las circunstancias &nbsp;del caso concreto en relaci\u00f3n a las disposiciones que rigen la &nbsp;materia relativa a derechos de autor. &nbsp;<\/p>\n<p>2. &nbsp;Los &nbsp;Juzgados acusados remitieron los expedientes criticados y defendieron &nbsp;la legalidad de sus actos. &nbsp;<\/p>\n<p>3. &nbsp;En la tutela 156932-20-80-00-2021-00212-01 &nbsp;la &nbsp;primera instancia deneg\u00f3 el amparo por falta de legitimaci\u00f3n &nbsp;y subsidiariedad. En el auxilio 15693-22-08-000-2022-00006-01 &nbsp;el a &nbsp;quo &nbsp;constitucional tambi\u00e9n desestim\u00f3 el resguardo &nbsp;tras considerar razonable la sentencia cuestionada. &nbsp;<\/p>\n<p>4. &nbsp;Ambos recurrentes reiteraron sus argumentos iniciales relativos a la &nbsp;falta de vinculaci\u00f3n y a la indebida apreciaci\u00f3n &nbsp;probatoria ejercida por la agencia acusada. &nbsp;<\/p>\n<p>CONSIDERACIONES &nbsp;<\/p>\n<p>1. &nbsp;Referente &nbsp;a la acci\u00f3n con radicado n\u00b0 156932-20-80-00-2021-00212-01 &nbsp;radicada por Angedaycol-Anaicol, &nbsp;apoyada en su falta de vinculaci\u00f3n a los pleitos objeto de &nbsp;revisi\u00f3n y las decisiones all\u00ed proferidas, &nbsp;se ratificar\u00e1 la denegaci\u00f3n del resguardo dado &nbsp;que la entidad promotora no ostent\u00f3 la calidad de parte dentro &nbsp;de los respectivos litigios y por tal raz\u00f3n carece de &nbsp;legitimaci\u00f3n en la causa para cuestionar, por esta senda, las &nbsp;actuaciones u omisiones que all\u00ed pudieron acaecer. &nbsp;<\/p>\n<p>Con &nbsp;todo, tambi\u00e9n es palpable la ausencia de subsidiariedad como &nbsp;quiera que, en lugar de acudir a este mecanismo residual, la gestora &nbsp;pudo hacer uso primigenio de los mecanismos de defensa judicial que &nbsp;le ofrece la legislaci\u00f3n adjetiva para ventilar su censura, en &nbsp;concreto, del recurso extraordinario de revisi\u00f3n consagrado en &nbsp;el art\u00edculo 354 y siguientes del C\u00f3digo General del &nbsp;Proceso. As\u00ed, es evidente el desconocimiento del car\u00e1cter &nbsp;supletorio de este mecanismo constitucional. &nbsp;<\/p>\n<p>2. &nbsp;En &nbsp;lo relativo a la tutela con radicado &nbsp;n\u00b0 15693-22-08-000-2022-00006-01, &nbsp;en la cual se critic\u00f3 la condena impuesta a la municipalidad &nbsp;de Cu\u00edtiva, el &nbsp;amparo est\u00e1 llamado al fracaso porque &nbsp;la decisi\u00f3n cuestionada, al margen de que se comparta, no luce &nbsp;antojadiza e irracional. Ciertamente, &nbsp;el municipio accionante fue demandado por SAYCO para que se declarara &nbsp;la ausencia de pago de los derechos econ\u00f3micos de autor que &nbsp;esta organizaci\u00f3n administra. Lo anterior en raz\u00f3n a la &nbsp;publicaci\u00f3n de obras protegidas en las \u00abferias &nbsp;y festividades\u00bb &nbsp;de esa &nbsp;urbe. &nbsp;<\/p>\n<p>As\u00ed, &nbsp;del expediente reprochado se observa que luego de establecer el &nbsp;problema jur\u00eddico a resolver, para descartar la excepci\u00f3n &nbsp;de \u00abindebida &nbsp;escogencia de la acci\u00f3n\u00bb, &nbsp;la autoridad encartada resalt\u00f3 la desestimaci\u00f3n que al &nbsp;respecto expuso el mismo municipio demandado en su escrito de &nbsp;contestaci\u00f3n. Agreg\u00f3 que, con todo, el conocimiento del &nbsp;litigio le hab\u00eda sido asignado como consecuencia del conflicto &nbsp;de competencia que en el pleito se adelant\u00f3. &nbsp;<\/p>\n<p>En lo &nbsp;referente a la exceptiva de \u00abprescripci\u00f3n\u00bb, &nbsp;se\u00f1al\u00f3 que el t\u00e9rmino invocado por la pasiva &nbsp;distaba de aquel que cobijaba el tipo de obras por las cuales se &nbsp;hab\u00eda presentado la demanda, a\u00f1adi\u00f3 que dicho &nbsp;fen\u00f3meno no ten\u00eda lugar dado que la \u00faltima &nbsp;publicaci\u00f3n de las obras administradas por la demandante tuvo &nbsp;lugar durante el a\u00f1o inmediatamente anterior a la presentaci\u00f3n &nbsp;del libelo. &nbsp;<\/p>\n<p>Finalmente, &nbsp;frente a la defensa denominada \u00abpago &nbsp;de lo no debido\u00bb &nbsp;escrut\u00f3 el marco normativo relativo a los derechos reclamados, &nbsp;relacion\u00f3 las \u00abferias &nbsp;y festividades\u00bb &nbsp;que se realizaron en la \u00abplaza &nbsp;p\u00fablica\u00bb &nbsp;y la \u00abplaza &nbsp;de toros\u00bb &nbsp;del municipio demandado, donde se publicaron las obras relacionadas &nbsp;con el \u00e1mbito de administraci\u00f3n de la demandante &nbsp;(SAYCO) y destac\u00f3 la falta de prueba relativa al pago &nbsp;correspondiente. De esa forma, a pesar del juramento estimatorio y la &nbsp;ausencia de desvirtuaci\u00f3n por parte del demandado, &nbsp;oficiosamente neg\u00f3 los intereses moratorios pedidos por la &nbsp;demandante y dispuso el pago de las tarifas respectivas. &nbsp;<\/p>\n<p>Lo &nbsp;expuesto, pone en evidencia que lo que en realidad existe en el &nbsp;presente asunto es una disparidad de criterios en torno a la &nbsp;apreciaci\u00f3n de las circunstancias que rodearon el caso &nbsp;concreto y la hermen\u00e9utica judicial desplegada, lo que torna &nbsp;inviable el ruego en tanto no se puede \u00abimponer &nbsp;al fallador una determinada interpretaci\u00f3n de las normas &nbsp;procesales aplicables al asunto sometido a su estudio o una &nbsp;espec\u00edfica valoraci\u00f3n probatoria, a efectos de que su &nbsp;raciocinio coincida con el de las partes\u00bb &nbsp;(STC10939-2021). &nbsp;<\/p>\n<p>En &nbsp;definitiva, &nbsp;dado que la providencia cuestionada en esta queja descansa en un &nbsp;discernimiento razonable, no &nbsp;queda alternativa diferente a confirmar el fallo objetado. &nbsp;<\/p>\n<p>DECISI\u00d3N &nbsp;<\/p>\n<p>En &nbsp;m\u00e9rito &nbsp;de lo expuesto, la Corte Suprema de Justicia, en Sala de Casaci\u00f3n &nbsp;Civil, administrando justicia en nombre de la Rep\u00fablica y por &nbsp;autoridad de la Constituci\u00f3n y la Ley CONFIRMA &nbsp;la &nbsp;sentencia de fecha, naturaleza y procedencia conocida. &nbsp;<\/p>\n<p>Inf\u00f3rmese &nbsp;a las partes e intervinientes por el medio m\u00e1s expedito y &nbsp;rem\u00edtase el expediente a la Corte Constitucional para su &nbsp;eventual revisi\u00f3n. &nbsp;<\/p>\n<p>NOTIF\u00cdQUESE &nbsp;Y C\u00daMPLASE &nbsp;<\/p>\n<p>HILDA &nbsp;GONZ\u00c1LEZ NEIRA &nbsp;<\/p>\n<p>Presidente &nbsp;de Sala &nbsp;<\/p>\n<p>\u00c1LVARO &nbsp;FERNANDO GARC\u00cdA RESTREPO &nbsp;<\/p>\n<p>MARTHA &nbsp;PATRICIA GUZM\u00c1N \u00c1LVAREZ &nbsp;<\/p>\n<p>AROLDO &nbsp;WILSON QUIROZ MONSALVO &nbsp;<\/p>\n<p>LUIS &nbsp;ALONSO RICO PUERTA &nbsp;<\/p>\n<p>(Ausencia &nbsp;Jsutificada) &nbsp;<\/p>\n<p>OCTAVIO &nbsp;AUGUSTO TEJEIRO DUQUE &nbsp;<\/p>\n<p>FRANCISCO &nbsp;TERNERA BARRIOS &nbsp;<\/p>\n<p>\n","protected":false},"excerpt":{"rendered":"<p>STC2098.-2022 _4 &nbsp; &nbsp; &nbsp; &nbsp;&nbsp; OCTAVIO &nbsp;AUGUSTO TEJEIRO DUQUE &nbsp; Magistrado &nbsp;ponente &nbsp; STC2098-2022 &nbsp; Radicaciones &nbsp;acumuladas n\u00ba 156932-20-80-00-2021-00212-01 &nbsp;y 15693-22-08-000-2022-00006-01 &nbsp; (Aprobado &nbsp;en sesi\u00f3n de veintitr\u00e9s &nbsp;de febrero de &nbsp;dos mil veintid\u00f3s) &nbsp; Bogot\u00e1 &nbsp;D.C., primero (1) de marzo de dos mil veintid\u00f3s (2022). &nbsp; La &nbsp;Corte resuelve la &nbsp;impugnaci\u00f3n de Angedaycol-Anaicol frente [&hellip;]<\/p>\n","protected":false},"author":1,"featured_media":0,"comment_status":"open","ping_status":"open","sticky":false,"template":"","format":"standard","meta":{"footnotes":""},"categories":[47],"tags":[],"class_list":["post-61904","post","type-post","status-publish","format-standard","hentry","category-marzo-2022"],"_links":{"self":[{"href":"https:\/\/www.dmsjuridica.com\/buscador_20179478954\/salacivil\/wp-json\/wp\/v2\/posts\/61904","targetHints":{"allow":["GET"]}}],"collection":[{"href":"https:\/\/www.dmsjuridica.com\/buscador_20179478954\/salacivil\/wp-json\/wp\/v2\/posts"}],"about":[{"href":"https:\/\/www.dmsjuridica.com\/buscador_20179478954\/salacivil\/wp-json\/wp\/v2\/types\/post"}],"author":[{"embeddable":true,"href":"https:\/\/www.dmsjuridica.com\/buscador_20179478954\/salacivil\/wp-json\/wp\/v2\/users\/1"}],"replies":[{"embeddable":true,"href":"https:\/\/www.dmsjuridica.com\/buscador_20179478954\/salacivil\/wp-json\/wp\/v2\/comments?post=61904"}],"version-history":[{"count":0,"href":"https:\/\/www.dmsjuridica.com\/buscador_20179478954\/salacivil\/wp-json\/wp\/v2\/posts\/61904\/revisions"}],"wp:attachment":[{"href":"https:\/\/www.dmsjuridica.com\/buscador_20179478954\/salacivil\/wp-json\/wp\/v2\/media?parent=61904"}],"wp:term":[{"taxonomy":"category","embeddable":true,"href":"https:\/\/www.dmsjuridica.com\/buscador_20179478954\/salacivil\/wp-json\/wp\/v2\/categories?post=61904"},{"taxonomy":"post_tag","embeddable":true,"href":"https:\/\/www.dmsjuridica.com\/buscador_20179478954\/salacivil\/wp-json\/wp\/v2\/tags?post=61904"}],"curies":[{"name":"wp","href":"https:\/\/api.w.org\/{rel}","templated":true}]}}